{"id":55358,"date":"2021-03-02T12:08:45","date_gmt":"2021-03-02T10:08:45","guid":{"rendered":"https:\/\/ppdegalicia.com\/balseiro-salienta-que-a-xunta-xa-mobilizou-mais-de-77-millons-de-euros-en-axudas-directas-ao-sector-maritimo-pesqueiro-para-compensar-os-efectos-da-pandemia\/"},"modified":"2021-03-02T12:08:45","modified_gmt":"2021-03-02T10:08:45","slug":"balseiro-salienta-que-a-xunta-xa-mobilizou-mais-de-77-millons-de-euros-en-axudas-directas-ao-sector-maritimo-pesqueiro-para-compensar-os-efectos-da-pandemia","status":"publish","type":"post","link":"https:\/\/ppdegalicia.com\/es\/balseiro-salienta-que-a-xunta-xa-mobilizou-mais-de-77-millons-de-euros-en-axudas-directas-ao-sector-maritimo-pesqueiro-para-compensar-os-efectos-da-pandemia\/","title":{"rendered":"Balseiro salienta que a Xunta xa mobilizou m\u00e1is de 77 mill\u00f3ns de euros en axudas directas ao sector mar\u00edtimo-pesqueiro para compensar os efectos da pandemia"},"content":{"rendered":"<p><img fetchpriority=\"high\" decoding=\"async\" class=\" size-full wp-image-55357\" src=\"https:\/\/ppdegalicia.com\/wp-content\/uploads\/2021\/03\/fe91275fa831a334e4b45722e1b22342.jpg\" alt=\"\" width=\"1900\" height=\"1267\" srcset=\"https:\/\/ppdegalicia.com\/wp-content\/uploads\/2021\/03\/fe91275fa831a334e4b45722e1b22342.jpg 1900w, https:\/\/ppdegalicia.com\/wp-content\/uploads\/2021\/03\/fe91275fa831a334e4b45722e1b22342-300x200.jpg 300w, https:\/\/ppdegalicia.com\/wp-content\/uploads\/2021\/03\/fe91275fa831a334e4b45722e1b22342-1024x683.jpg 1024w, https:\/\/ppdegalicia.com\/wp-content\/uploads\/2021\/03\/fe91275fa831a334e4b45722e1b22342-768x512.jpg 768w, https:\/\/ppdegalicia.com\/wp-content\/uploads\/2021\/03\/fe91275fa831a334e4b45722e1b22342-1536x1024.jpg 1536w\" sizes=\"(max-width: 1900px) 100vw, 1900px\" \/><\/p>\n<p>Santiago, 2 de marzo de 2021.- O deputado do Grupo Popular Jos\u00e9 Manuel Balseiro asegurou hoxe no Parlamento que a Xunta \u201cxa puxo a disposici\u00f3n dos profesionais do sector mar\u00edtimo-pesqueiro unha inxecci\u00f3n de m\u00e1is de 77 mill\u00f3ns de euros en apoios exclusivos e directos para compensar os efectos da pandemia\u201d.<\/p>\n<p><!--more--><\/p>\n<p>En concreto, explicou que a Conseller\u00eda do Mar articulou estes apoios a trav\u00e9s do Plan Avantemar, xa en marcha desde o pasado mes de xu\u00f1o. En concreto, materializouse en distintas ordes de axudas que beneficiaron \u00e1s entidades xestoras das lonxas e a profesionais como as redeiras, as mariscadoras a p\u00e9 e tam\u00e9n para os buques de pesca que, a pesar de seguir traballando por ser considerados unha actividade esencial, sufriron perdas.<\/p>\n<p>\u00a0<\/p>\n<p><strong>CLAMOROSA AUSENCIA DE AXUDAS DO GOBERNO CENTRAL<\/strong><\/p>\n<p>\u00a0<\/p>\n<p>Balseiro contrastou o esforzo en mobilizaci\u00f3n de recursos feito polo Goberno galego coa \u201cclamorosa ausencia de axudas\u201d do Goberno central para estes mesmos sectores. As\u00ed, acusou ao Goberno de Pedro S\u00e1nchez de \u201cdeixar tirado e \u00e1 s\u00faa sorte ao sector pesqueiro galego en plena crise sanitaria\u201d e lamentou que, ante esta realidade, o PSOE galego \u201cestea mudo e sexa incapaz de esixir apoios estatais equivalentes aos mobilizados pola Xunta\u201d<\/p>\n<p>\u00a0<\/p>\n<p>No caso espec\u00edfico das lonxas e establecementos autorizados pola Conseller\u00eda do Mar para a primeira venda dos produtos da pesca, marisqueo e acuicultura, Balseiro explicou que dispuxeron de axudas por valor de 600.000 euros, financiadas na s\u00faa totalidade con cargo ao orzamento da Xunta. \u201cDe feito, esta orde resolveuse o 28 de agosto de 2020, beneficiando a 44 entidades xestoras de lonxa galegas e realizando o pago no mes de outubro\u201d, engadiu.<\/p>\n<p>\u00a0<\/p>\n<p><strong>CAMPA\u00d1AS DE FOMENTO DE CONSUMO<\/strong><\/p>\n<p>\u00a0<\/p>\n<p>Por outra banda, a Xunta foi a \u00fanica administraci\u00f3n que promoveu unha campa\u00f1a espec\u00edfica dirixida a animar \u00e1 cidadan\u00eda a consumir produtos do mar e, ademais, agradeceu o esforzo e a entrega dos mari\u00f1eiros galegos durante estes meses de pandemia nos que non existiu desabastecemento nos mercados.<\/p>\n<p>\u00a0<\/p>\n<p>Jos\u00e9 Manuel Balseiro referiuse \u00e1s campa\u00f1as Estamos todos no mesmo barco e Vai de peixe, a trav\u00e9s das que a Xunta difundiu e promocinou o consumo de produtos do mar, adaptando o seu formato \u00e1s circunstancias derivadas da alerta sanitaria polo coronavirus e empregando na s\u00faa difusi\u00f3n a personaxes famosos de referencia para este colectivo de idade m\u00e1is nova.<\/p>\n","protected":false},"excerpt":{"rendered":"<p>Santiago, 2 de marzo de 2021.- O deputado do Grupo Popular Jos\u00e9 Manuel Balseiro asegurou hoxe no Parlamento que a Xunta \u201cxa puxo a disposici\u00f3n dos profesionais do sector mar\u00edtimo-pesqueiro unha inxecci\u00f3n de m\u00e1is de 77 mill\u00f3ns de euros en apoios exclusivos e directos para compensar os efectos da pandemia\u201d.<\/p>\n","protected":false},"author":38,"featured_media":55357,"comment_status":"open","ping_status":"open","sticky":false,"template":"","format":"standard","meta":{"_acf_changed":false,"footnotes":""},"categories":[1],"tags":[],"class_list":["post-55358","post","type-post","status-publish","format-standard","has-post-thumbnail","hentry","category-pp-de-galicia"],"acf":[],"yoast_head":"<!-- This site is optimized with the Yoast SEO plugin v27.3 - https:\/\/yoast.com\/product\/yoast-seo-wordpress\/ -->\n<title>Balseiro salienta que a Xunta xa mobilizou m\u00e1is de 77 mill\u00f3ns de euros en axudas directas ao sector mar\u00edtimo-pesqueiro para compensar os efectos da pandemia - PP de Galicia<\/title>\n<meta name=\"robots\" content=\"index, follow, max-snippet:-1, max-image-preview:large, max-video-preview:-1\" \/>\n<link rel=\"canonical\" href=\"https:\/\/ppdegalicia.com\/es\/balseiro-salienta-que-a-xunta-xa-mobilizou-mais-de-77-millons-de-euros-en-axudas-directas-ao-sector-maritimo-pesqueiro-para-compensar-os-efectos-da-pandemia\/\" \/>\n<meta property=\"og:locale\" content=\"es_ES\" \/>\n<meta property=\"og:type\" content=\"article\" \/>\n<meta property=\"og:title\" content=\"Balseiro salienta que a Xunta xa mobilizou m\u00e1is de 77 mill\u00f3ns de euros en axudas directas ao sector mar\u00edtimo-pesqueiro para compensar os efectos da pandemia - PP de Galicia\" \/>\n<meta property=\"og:description\" content=\"Santiago, 2 de marzo de 2021.- O deputado do Grupo Popular Jos\u00e9 Manuel Balseiro asegurou hoxe no Parlamento que a Xunta \u201cxa puxo a disposici\u00f3n dos profesionais do sector mar\u00edtimo-pesqueiro unha inxecci\u00f3n de m\u00e1is de 77 mill\u00f3ns de euros en apoios exclusivos e directos para compensar os efectos da pandemia\u201d.\" \/>\n<meta property=\"og:url\" content=\"https:\/\/ppdegalicia.com\/es\/balseiro-salienta-que-a-xunta-xa-mobilizou-mais-de-77-millons-de-euros-en-axudas-directas-ao-sector-maritimo-pesqueiro-para-compensar-os-efectos-da-pandemia\/\" \/>\n<meta property=\"og:site_name\" content=\"PP de Galicia\" \/>\n<meta property=\"article:publisher\" content=\"https:\/\/www.instagram.com\/ppdegalicia\/\" \/>\n<meta property=\"article:published_time\" content=\"2021-03-02T10:08:45+00:00\" \/>\n<meta property=\"og:image\" content=\"https:\/\/ppdegalicia.com\/wp-content\/uploads\/2021\/03\/fe91275fa831a334e4b45722e1b22342.jpg\" \/>\n\t<meta property=\"og:image:width\" content=\"1900\" \/>\n\t<meta property=\"og:image:height\" content=\"1267\" \/>\n\t<meta property=\"og:image:type\" content=\"image\/jpeg\" \/>\n<meta name=\"author\" content=\"ppdegaliciaredes\" \/>\n<meta name=\"twitter:card\" content=\"summary_large_image\" \/>\n<meta name=\"twitter:creator\" content=\"@ppdegalicia\" \/>\n<meta name=\"twitter:site\" content=\"@ppdegalicia\" \/>\n<meta name=\"twitter:label1\" content=\"Escrito por\" \/>\n\t<meta name=\"twitter:data1\" content=\"ppdegaliciaredes\" \/>\n\t<meta name=\"twitter:label2\" content=\"Tiempo de lectura\" \/>\n\t<meta name=\"twitter:data2\" content=\"2 minutos\" \/>\n<script type=\"application\/ld+json\" class=\"yoast-schema-graph\">{\"@context\":\"https:\\\/\\\/schema.org\",\"@graph\":[{\"@type\":\"Article\",\"@id\":\"https:\\\/\\\/ppdegalicia.com\\\/es\\\/balseiro-salienta-que-a-xunta-xa-mobilizou-mais-de-77-millons-de-euros-en-axudas-directas-ao-sector-maritimo-pesqueiro-para-compensar-os-efectos-da-pandemia\\\/#article\",\"isPartOf\":{\"@id\":\"https:\\\/\\\/ppdegalicia.com\\\/es\\\/balseiro-salienta-que-a-xunta-xa-mobilizou-mais-de-77-millons-de-euros-en-axudas-directas-ao-sector-maritimo-pesqueiro-para-compensar-os-efectos-da-pandemia\\\/\"},\"author\":{\"name\":\"ppdegaliciaredes\",\"@id\":\"https:\\\/\\\/ppdegalicia.com\\\/es\\\/#\\\/schema\\\/person\\\/5b822c6f59e872ebdd1142f307dbcb59\"},\"headline\":\"Balseiro salienta que a Xunta xa mobilizou m\u00e1is de 77 mill\u00f3ns de euros en axudas directas ao sector mar\u00edtimo-pesqueiro para compensar os efectos da pandemia\",\"datePublished\":\"2021-03-02T10:08:45+00:00\",\"mainEntityOfPage\":{\"@id\":\"https:\\\/\\\/ppdegalicia.com\\\/es\\\/balseiro-salienta-que-a-xunta-xa-mobilizou-mais-de-77-millons-de-euros-en-axudas-directas-ao-sector-maritimo-pesqueiro-para-compensar-os-efectos-da-pandemia\\\/\"},\"wordCount\":425,\"commentCount\":0,\"publisher\":{\"@id\":\"https:\\\/\\\/ppdegalicia.com\\\/es\\\/#organization\"},\"image\":{\"@id\":\"https:\\\/\\\/ppdegalicia.com\\\/es\\\/balseiro-salienta-que-a-xunta-xa-mobilizou-mais-de-77-millons-de-euros-en-axudas-directas-ao-sector-maritimo-pesqueiro-para-compensar-os-efectos-da-pandemia\\\/#primaryimage\"},\"thumbnailUrl\":\"https:\\\/\\\/ppdegalicia.com\\\/wp-content\\\/uploads\\\/2021\\\/03\\\/fe91275fa831a334e4b45722e1b22342.jpg\",\"articleSection\":[\"PP de Galicia\"],\"inLanguage\":\"es\",\"potentialAction\":[{\"@type\":\"CommentAction\",\"name\":\"Comment\",\"target\":[\"https:\\\/\\\/ppdegalicia.com\\\/es\\\/balseiro-salienta-que-a-xunta-xa-mobilizou-mais-de-77-millons-de-euros-en-axudas-directas-ao-sector-maritimo-pesqueiro-para-compensar-os-efectos-da-pandemia\\\/#respond\"]}]},{\"@type\":\"WebPage\",\"@id\":\"https:\\\/\\\/ppdegalicia.com\\\/es\\\/balseiro-salienta-que-a-xunta-xa-mobilizou-mais-de-77-millons-de-euros-en-axudas-directas-ao-sector-maritimo-pesqueiro-para-compensar-os-efectos-da-pandemia\\\/\",\"url\":\"https:\\\/\\\/ppdegalicia.com\\\/es\\\/balseiro-salienta-que-a-xunta-xa-mobilizou-mais-de-77-millons-de-euros-en-axudas-directas-ao-sector-maritimo-pesqueiro-para-compensar-os-efectos-da-pandemia\\\/\",\"name\":\"Balseiro salienta que a Xunta xa mobilizou m\u00e1is de 77 mill\u00f3ns de euros en axudas directas ao sector mar\u00edtimo-pesqueiro para compensar os efectos da pandemia - PP de Galicia\",\"isPartOf\":{\"@id\":\"https:\\\/\\\/ppdegalicia.com\\\/es\\\/#website\"},\"primaryImageOfPage\":{\"@id\":\"https:\\\/\\\/ppdegalicia.com\\\/es\\\/balseiro-salienta-que-a-xunta-xa-mobilizou-mais-de-77-millons-de-euros-en-axudas-directas-ao-sector-maritimo-pesqueiro-para-compensar-os-efectos-da-pandemia\\\/#primaryimage\"},\"image\":{\"@id\":\"https:\\\/\\\/ppdegalicia.com\\\/es\\\/balseiro-salienta-que-a-xunta-xa-mobilizou-mais-de-77-millons-de-euros-en-axudas-directas-ao-sector-maritimo-pesqueiro-para-compensar-os-efectos-da-pandemia\\\/#primaryimage\"},\"thumbnailUrl\":\"https:\\\/\\\/ppdegalicia.com\\\/wp-content\\\/uploads\\\/2021\\\/03\\\/fe91275fa831a334e4b45722e1b22342.jpg\",\"datePublished\":\"2021-03-02T10:08:45+00:00\",\"breadcrumb\":{\"@id\":\"https:\\\/\\\/ppdegalicia.com\\\/es\\\/balseiro-salienta-que-a-xunta-xa-mobilizou-mais-de-77-millons-de-euros-en-axudas-directas-ao-sector-maritimo-pesqueiro-para-compensar-os-efectos-da-pandemia\\\/#breadcrumb\"},\"inLanguage\":\"es\",\"potentialAction\":[{\"@type\":\"ReadAction\",\"target\":[\"https:\\\/\\\/ppdegalicia.com\\\/es\\\/balseiro-salienta-que-a-xunta-xa-mobilizou-mais-de-77-millons-de-euros-en-axudas-directas-ao-sector-maritimo-pesqueiro-para-compensar-os-efectos-da-pandemia\\\/\"]}]},{\"@type\":\"ImageObject\",\"inLanguage\":\"es\",\"@id\":\"https:\\\/\\\/ppdegalicia.com\\\/es\\\/balseiro-salienta-que-a-xunta-xa-mobilizou-mais-de-77-millons-de-euros-en-axudas-directas-ao-sector-maritimo-pesqueiro-para-compensar-os-efectos-da-pandemia\\\/#primaryimage\",\"url\":\"https:\\\/\\\/ppdegalicia.com\\\/wp-content\\\/uploads\\\/2021\\\/03\\\/fe91275fa831a334e4b45722e1b22342.jpg\",\"contentUrl\":\"https:\\\/\\\/ppdegalicia.com\\\/wp-content\\\/uploads\\\/2021\\\/03\\\/fe91275fa831a334e4b45722e1b22342.jpg\",\"width\":1900,\"height\":1267},{\"@type\":\"BreadcrumbList\",\"@id\":\"https:\\\/\\\/ppdegalicia.com\\\/es\\\/balseiro-salienta-que-a-xunta-xa-mobilizou-mais-de-77-millons-de-euros-en-axudas-directas-ao-sector-maritimo-pesqueiro-para-compensar-os-efectos-da-pandemia\\\/#breadcrumb\",\"itemListElement\":[{\"@type\":\"ListItem\",\"position\":1,\"name\":\"Portada\",\"item\":\"https:\\\/\\\/ppdegalicia.com\\\/es\\\/\"},{\"@type\":\"ListItem\",\"position\":2,\"name\":\"Balseiro salienta que a Xunta xa mobilizou m\u00e1is de 77 mill\u00f3ns de euros en axudas directas ao sector mar\u00edtimo-pesqueiro para compensar os efectos da pandemia\"}]},{\"@type\":\"WebSite\",\"@id\":\"https:\\\/\\\/ppdegalicia.com\\\/es\\\/#website\",\"url\":\"https:\\\/\\\/ppdegalicia.com\\\/es\\\/\",\"name\":\"Partido Popular de Galicia\",\"description\":\"Partido Popular de Galicia\",\"publisher\":{\"@id\":\"https:\\\/\\\/ppdegalicia.com\\\/es\\\/#organization\"},\"alternateName\":\"PP de Galicia\",\"potentialAction\":[{\"@type\":\"SearchAction\",\"target\":{\"@type\":\"EntryPoint\",\"urlTemplate\":\"https:\\\/\\\/ppdegalicia.com\\\/es\\\/?s={search_term_string}\"},\"query-input\":{\"@type\":\"PropertyValueSpecification\",\"valueRequired\":true,\"valueName\":\"search_term_string\"}}],\"inLanguage\":\"es\"},{\"@type\":\"Organization\",\"@id\":\"https:\\\/\\\/ppdegalicia.com\\\/es\\\/#organization\",\"name\":\"Partido Popular de Galicia\",\"alternateName\":\"PP de Galicia\",\"url\":\"https:\\\/\\\/ppdegalicia.com\\\/es\\\/\",\"logo\":{\"@type\":\"ImageObject\",\"inLanguage\":\"es\",\"@id\":\"https:\\\/\\\/ppdegalicia.com\\\/es\\\/#\\\/schema\\\/logo\\\/image\\\/\",\"url\":\"https:\\\/\\\/ppdegalicia.com\\\/wp-content\\\/uploads\\\/2023\\\/04\\\/logoPP512.png\",\"contentUrl\":\"https:\\\/\\\/ppdegalicia.com\\\/wp-content\\\/uploads\\\/2023\\\/04\\\/logoPP512.png\",\"width\":512,\"height\":512,\"caption\":\"Partido Popular de Galicia\"},\"image\":{\"@id\":\"https:\\\/\\\/ppdegalicia.com\\\/es\\\/#\\\/schema\\\/logo\\\/image\\\/\"},\"sameAs\":[\"https:\\\/\\\/www.instagram.com\\\/ppdegalicia\\\/\",\"https:\\\/\\\/x.com\\\/ppdegalicia\",\"https:\\\/\\\/www.tiktok.com\\\/@ppdegalicia\",\"https:\\\/\\\/www.youtube.com\\\/user\\\/ppdegalicia\"]},{\"@type\":\"Person\",\"@id\":\"https:\\\/\\\/ppdegalicia.com\\\/es\\\/#\\\/schema\\\/person\\\/5b822c6f59e872ebdd1142f307dbcb59\",\"name\":\"ppdegaliciaredes\",\"image\":{\"@type\":\"ImageObject\",\"inLanguage\":\"es\",\"@id\":\"https:\\\/\\\/secure.gravatar.com\\\/avatar\\\/3c9179cf0256d00c72a48d1f25783c58b6842cd56e85ef3a572881c8e28ccd59?s=96&d=mm&r=g\",\"url\":\"https:\\\/\\\/secure.gravatar.com\\\/avatar\\\/3c9179cf0256d00c72a48d1f25783c58b6842cd56e85ef3a572881c8e28ccd59?s=96&d=mm&r=g\",\"contentUrl\":\"https:\\\/\\\/secure.gravatar.com\\\/avatar\\\/3c9179cf0256d00c72a48d1f25783c58b6842cd56e85ef3a572881c8e28ccd59?s=96&d=mm&r=g\",\"caption\":\"ppdegaliciaredes\"},\"url\":\"https:\\\/\\\/ppdegalicia.com\\\/es\\\/author\\\/ppdegaliciaredes\\\/\"}]}<\/script>\n<!-- \/ Yoast SEO plugin. -->","yoast_head_json":{"title":"Balseiro salienta que a Xunta xa mobilizou m\u00e1is de 77 mill\u00f3ns de euros en axudas directas ao sector mar\u00edtimo-pesqueiro para compensar os efectos da pandemia - PP de Galicia","robots":{"index":"index","follow":"follow","max-snippet":"max-snippet:-1","max-image-preview":"max-image-preview:large","max-video-preview":"max-video-preview:-1"},"canonical":"https:\/\/ppdegalicia.com\/es\/balseiro-salienta-que-a-xunta-xa-mobilizou-mais-de-77-millons-de-euros-en-axudas-directas-ao-sector-maritimo-pesqueiro-para-compensar-os-efectos-da-pandemia\/","og_locale":"es_ES","og_type":"article","og_title":"Balseiro salienta que a Xunta xa mobilizou m\u00e1is de 77 mill\u00f3ns de euros en axudas directas ao sector mar\u00edtimo-pesqueiro para compensar os efectos da pandemia - PP de Galicia","og_description":"Santiago, 2 de marzo de 2021.- O deputado do Grupo Popular Jos\u00e9 Manuel Balseiro asegurou hoxe no Parlamento que a Xunta \u201cxa puxo a disposici\u00f3n dos profesionais do sector mar\u00edtimo-pesqueiro unha inxecci\u00f3n de m\u00e1is de 77 mill\u00f3ns de euros en apoios exclusivos e directos para compensar os efectos da pandemia\u201d.","og_url":"https:\/\/ppdegalicia.com\/es\/balseiro-salienta-que-a-xunta-xa-mobilizou-mais-de-77-millons-de-euros-en-axudas-directas-ao-sector-maritimo-pesqueiro-para-compensar-os-efectos-da-pandemia\/","og_site_name":"PP de Galicia","article_publisher":"https:\/\/www.instagram.com\/ppdegalicia\/","article_published_time":"2021-03-02T10:08:45+00:00","og_image":[{"width":1900,"height":1267,"url":"https:\/\/ppdegalicia.com\/wp-content\/uploads\/2021\/03\/fe91275fa831a334e4b45722e1b22342.jpg","type":"image\/jpeg"}],"author":"ppdegaliciaredes","twitter_card":"summary_large_image","twitter_creator":"@ppdegalicia","twitter_site":"@ppdegalicia","twitter_misc":{"Escrito por":"ppdegaliciaredes","Tiempo de lectura":"2 minutos"},"schema":{"@context":"https:\/\/schema.org","@graph":[{"@type":"Article","@id":"https:\/\/ppdegalicia.com\/es\/balseiro-salienta-que-a-xunta-xa-mobilizou-mais-de-77-millons-de-euros-en-axudas-directas-ao-sector-maritimo-pesqueiro-para-compensar-os-efectos-da-pandemia\/#article","isPartOf":{"@id":"https:\/\/ppdegalicia.com\/es\/balseiro-salienta-que-a-xunta-xa-mobilizou-mais-de-77-millons-de-euros-en-axudas-directas-ao-sector-maritimo-pesqueiro-para-compensar-os-efectos-da-pandemia\/"},"author":{"name":"ppdegaliciaredes","@id":"https:\/\/ppdegalicia.com\/es\/#\/schema\/person\/5b822c6f59e872ebdd1142f307dbcb59"},"headline":"Balseiro salienta que a Xunta xa mobilizou m\u00e1is de 77 mill\u00f3ns de euros en axudas directas ao sector mar\u00edtimo-pesqueiro para compensar os efectos da pandemia","datePublished":"2021-03-02T10:08:45+00:00","mainEntityOfPage":{"@id":"https:\/\/ppdegalicia.com\/es\/balseiro-salienta-que-a-xunta-xa-mobilizou-mais-de-77-millons-de-euros-en-axudas-directas-ao-sector-maritimo-pesqueiro-para-compensar-os-efectos-da-pandemia\/"},"wordCount":425,"commentCount":0,"publisher":{"@id":"https:\/\/ppdegalicia.com\/es\/#organization"},"image":{"@id":"https:\/\/ppdegalicia.com\/es\/balseiro-salienta-que-a-xunta-xa-mobilizou-mais-de-77-millons-de-euros-en-axudas-directas-ao-sector-maritimo-pesqueiro-para-compensar-os-efectos-da-pandemia\/#primaryimage"},"thumbnailUrl":"https:\/\/ppdegalicia.com\/wp-content\/uploads\/2021\/03\/fe91275fa831a334e4b45722e1b22342.jpg","articleSection":["PP de Galicia"],"inLanguage":"es","potentialAction":[{"@type":"CommentAction","name":"Comment","target":["https:\/\/ppdegalicia.com\/es\/balseiro-salienta-que-a-xunta-xa-mobilizou-mais-de-77-millons-de-euros-en-axudas-directas-ao-sector-maritimo-pesqueiro-para-compensar-os-efectos-da-pandemia\/#respond"]}]},{"@type":"WebPage","@id":"https:\/\/ppdegalicia.com\/es\/balseiro-salienta-que-a-xunta-xa-mobilizou-mais-de-77-millons-de-euros-en-axudas-directas-ao-sector-maritimo-pesqueiro-para-compensar-os-efectos-da-pandemia\/","url":"https:\/\/ppdegalicia.com\/es\/balseiro-salienta-que-a-xunta-xa-mobilizou-mais-de-77-millons-de-euros-en-axudas-directas-ao-sector-maritimo-pesqueiro-para-compensar-os-efectos-da-pandemia\/","name":"Balseiro salienta que a Xunta xa mobilizou m\u00e1is de 77 mill\u00f3ns de euros en axudas directas ao sector mar\u00edtimo-pesqueiro para compensar os efectos da pandemia - PP de Galicia","isPartOf":{"@id":"https:\/\/ppdegalicia.com\/es\/#website"},"primaryImageOfPage":{"@id":"https:\/\/ppdegalicia.com\/es\/balseiro-salienta-que-a-xunta-xa-mobilizou-mais-de-77-millons-de-euros-en-axudas-directas-ao-sector-maritimo-pesqueiro-para-compensar-os-efectos-da-pandemia\/#primaryimage"},"image":{"@id":"https:\/\/ppdegalicia.com\/es\/balseiro-salienta-que-a-xunta-xa-mobilizou-mais-de-77-millons-de-euros-en-axudas-directas-ao-sector-maritimo-pesqueiro-para-compensar-os-efectos-da-pandemia\/#primaryimage"},"thumbnailUrl":"https:\/\/ppdegalicia.com\/wp-content\/uploads\/2021\/03\/fe91275fa831a334e4b45722e1b22342.jpg","datePublished":"2021-03-02T10:08:45+00:00","breadcrumb":{"@id":"https:\/\/ppdegalicia.com\/es\/balseiro-salienta-que-a-xunta-xa-mobilizou-mais-de-77-millons-de-euros-en-axudas-directas-ao-sector-maritimo-pesqueiro-para-compensar-os-efectos-da-pandemia\/#breadcrumb"},"inLanguage":"es","potentialAction":[{"@type":"ReadAction","target":["https:\/\/ppdegalicia.com\/es\/balseiro-salienta-que-a-xunta-xa-mobilizou-mais-de-77-millons-de-euros-en-axudas-directas-ao-sector-maritimo-pesqueiro-para-compensar-os-efectos-da-pandemia\/"]}]},{"@type":"ImageObject","inLanguage":"es","@id":"https:\/\/ppdegalicia.com\/es\/balseiro-salienta-que-a-xunta-xa-mobilizou-mais-de-77-millons-de-euros-en-axudas-directas-ao-sector-maritimo-pesqueiro-para-compensar-os-efectos-da-pandemia\/#primaryimage","url":"https:\/\/ppdegalicia.com\/wp-content\/uploads\/2021\/03\/fe91275fa831a334e4b45722e1b22342.jpg","contentUrl":"https:\/\/ppdegalicia.com\/wp-content\/uploads\/2021\/03\/fe91275fa831a334e4b45722e1b22342.jpg","width":1900,"height":1267},{"@type":"BreadcrumbList","@id":"https:\/\/ppdegalicia.com\/es\/balseiro-salienta-que-a-xunta-xa-mobilizou-mais-de-77-millons-de-euros-en-axudas-directas-ao-sector-maritimo-pesqueiro-para-compensar-os-efectos-da-pandemia\/#breadcrumb","itemListElement":[{"@type":"ListItem","position":1,"name":"Portada","item":"https:\/\/ppdegalicia.com\/es\/"},{"@type":"ListItem","position":2,"name":"Balseiro salienta que a Xunta xa mobilizou m\u00e1is de 77 mill\u00f3ns de euros en axudas directas ao sector mar\u00edtimo-pesqueiro para compensar os efectos da pandemia"}]},{"@type":"WebSite","@id":"https:\/\/ppdegalicia.com\/es\/#website","url":"https:\/\/ppdegalicia.com\/es\/","name":"Partido Popular de Galicia","description":"Partido Popular de Galicia","publisher":{"@id":"https:\/\/ppdegalicia.com\/es\/#organization"},"alternateName":"PP de Galicia","potentialAction":[{"@type":"SearchAction","target":{"@type":"EntryPoint","urlTemplate":"https:\/\/ppdegalicia.com\/es\/?s={search_term_string}"},"query-input":{"@type":"PropertyValueSpecification","valueRequired":true,"valueName":"search_term_string"}}],"inLanguage":"es"},{"@type":"Organization","@id":"https:\/\/ppdegalicia.com\/es\/#organization","name":"Partido Popular de Galicia","alternateName":"PP de Galicia","url":"https:\/\/ppdegalicia.com\/es\/","logo":{"@type":"ImageObject","inLanguage":"es","@id":"https:\/\/ppdegalicia.com\/es\/#\/schema\/logo\/image\/","url":"https:\/\/ppdegalicia.com\/wp-content\/uploads\/2023\/04\/logoPP512.png","contentUrl":"https:\/\/ppdegalicia.com\/wp-content\/uploads\/2023\/04\/logoPP512.png","width":512,"height":512,"caption":"Partido Popular de Galicia"},"image":{"@id":"https:\/\/ppdegalicia.com\/es\/#\/schema\/logo\/image\/"},"sameAs":["https:\/\/www.instagram.com\/ppdegalicia\/","https:\/\/x.com\/ppdegalicia","https:\/\/www.tiktok.com\/@ppdegalicia","https:\/\/www.youtube.com\/user\/ppdegalicia"]},{"@type":"Person","@id":"https:\/\/ppdegalicia.com\/es\/#\/schema\/person\/5b822c6f59e872ebdd1142f307dbcb59","name":"ppdegaliciaredes","image":{"@type":"ImageObject","inLanguage":"es","@id":"https:\/\/secure.gravatar.com\/avatar\/3c9179cf0256d00c72a48d1f25783c58b6842cd56e85ef3a572881c8e28ccd59?s=96&d=mm&r=g","url":"https:\/\/secure.gravatar.com\/avatar\/3c9179cf0256d00c72a48d1f25783c58b6842cd56e85ef3a572881c8e28ccd59?s=96&d=mm&r=g","contentUrl":"https:\/\/secure.gravatar.com\/avatar\/3c9179cf0256d00c72a48d1f25783c58b6842cd56e85ef3a572881c8e28ccd59?s=96&d=mm&r=g","caption":"ppdegaliciaredes"},"url":"https:\/\/ppdegalicia.com\/es\/author\/ppdegaliciaredes\/"}]}},"_links":{"self":[{"href":"https:\/\/ppdegalicia.com\/es\/wp-json\/wp\/v2\/posts\/55358","targetHints":{"allow":["GET"]}}],"collection":[{"href":"https:\/\/ppdegalicia.com\/es\/wp-json\/wp\/v2\/posts"}],"about":[{"href":"https:\/\/ppdegalicia.com\/es\/wp-json\/wp\/v2\/types\/post"}],"author":[{"embeddable":true,"href":"https:\/\/ppdegalicia.com\/es\/wp-json\/wp\/v2\/users\/38"}],"replies":[{"embeddable":true,"href":"https:\/\/ppdegalicia.com\/es\/wp-json\/wp\/v2\/comments?post=55358"}],"version-history":[{"count":0,"href":"https:\/\/ppdegalicia.com\/es\/wp-json\/wp\/v2\/posts\/55358\/revisions"}],"wp:featuredmedia":[{"embeddable":true,"href":"https:\/\/ppdegalicia.com\/es\/wp-json\/wp\/v2\/media\/55357"}],"wp:attachment":[{"href":"https:\/\/ppdegalicia.com\/es\/wp-json\/wp\/v2\/media?parent=55358"}],"wp:term":[{"taxonomy":"category","embeddable":true,"href":"https:\/\/ppdegalicia.com\/es\/wp-json\/wp\/v2\/categories?post=55358"},{"taxonomy":"post_tag","embeddable":true,"href":"https:\/\/ppdegalicia.com\/es\/wp-json\/wp\/v2\/tags?post=55358"}],"curies":[{"name":"wp","href":"https:\/\/api.w.org\/{rel}","templated":true}]}}