{"id":55364,"date":"2021-03-02T13:48:59","date_gmt":"2021-03-02T11:48:59","guid":{"rendered":"https:\/\/ppdegalicia.com\/o-parlamento-galego-demanda-ao-goberno-central-que-cubra-todas-as-prazas-de-sanitarios-no-instituto-social-da-marina\/"},"modified":"2021-03-02T13:48:59","modified_gmt":"2021-03-02T11:48:59","slug":"o-parlamento-galego-demanda-ao-goberno-central-que-cubra-todas-as-prazas-de-sanitarios-no-instituto-social-da-marina","status":"publish","type":"post","link":"https:\/\/ppdegalicia.com\/es\/o-parlamento-galego-demanda-ao-goberno-central-que-cubra-todas-as-prazas-de-sanitarios-no-instituto-social-da-marina\/","title":{"rendered":"O Parlamento galego demanda ao Goberno central que cubra todas as prazas de sanitarios no Instituto Social da Mari\u00f1a"},"content":{"rendered":"<p><img fetchpriority=\"high\" decoding=\"async\" class=\" size-full wp-image-55363\" src=\"https:\/\/ppdegalicia.com\/wp-content\/uploads\/2021\/03\/389bbdd6d6856af779e62f03f8fed572.jpg\" alt=\"\" width=\"1900\" height=\"1441\" srcset=\"https:\/\/ppdegalicia.com\/wp-content\/uploads\/2021\/03\/389bbdd6d6856af779e62f03f8fed572.jpg 1900w, https:\/\/ppdegalicia.com\/wp-content\/uploads\/2021\/03\/389bbdd6d6856af779e62f03f8fed572-300x228.jpg 300w, https:\/\/ppdegalicia.com\/wp-content\/uploads\/2021\/03\/389bbdd6d6856af779e62f03f8fed572-1024x777.jpg 1024w, https:\/\/ppdegalicia.com\/wp-content\/uploads\/2021\/03\/389bbdd6d6856af779e62f03f8fed572-768x582.jpg 768w, https:\/\/ppdegalicia.com\/wp-content\/uploads\/2021\/03\/389bbdd6d6856af779e62f03f8fed572-1536x1165.jpg 1536w\" sizes=\"(max-width: 1900px) 100vw, 1900px\" \/><\/p>\n<p>Santiago, 2 de marzo de 2021.- O Parlamento de Galicia aprobou hoxe por unanimidade a proposici\u00f3n non de lei do Grupo Popular a trav\u00e9s da que se solicita ao Goberno de Espa\u00f1a que cubra o a totalidade das prazas de profesionais sanitarios do Instituto Social da Mari\u00f1a (ISM), dependente do Ministerio de Inclusi\u00f3n, Seguridade Social e Migraci\u00f3ns.<\/p>\n<p><!--more--><\/p>\n<p>A portavoz popular do Mar, Teresa Egerique, sinalou que \u201cna actualidade o ISM ten sen cubrir en Galicia 10 prazas entre m\u00e9dicos de sanidade mar\u00edtima, enfermeiros e oficiais sanitarios, o que sup\u00f3n un 30 por cento do persoal da sanidade mar\u00edtima co que est\u00e1 dotado\u201d.<\/p>\n<p>\u00a0<\/p>\n<p><strong>DEMANDA TRASLADADA DO DIRECTOR DO ISM<\/strong><\/p>\n<p>\u00a0<\/p>\n<p>\u201cNunha situaci\u00f3n de normalidade xa \u00e9 complicado entender que non estean cubertas as prazas do 30 por cento do persoal m\u00e9dico de sanidade mar\u00edtima, pero nesta situaci\u00f3n de pandemia provocada pola Covid-19 este feito \u00e9 a\u00ednda constitu\u00ednte dunha maior gravidade\u201d, sinalou a portavoz popular.<\/p>\n<p>\u00a0<\/p>\n<p>Teresa Egerique incidiu que \u201cGalicia defende a necesidade de dotar aos centros do Instituto Social da Mari\u00f1a do persoal necesario para realizar as s\u00faas funci\u00f3ns con total normalidade, e as\u00ed llo trasladou no mes de setembro \u00e1 conselleira do Mar ao director deste centro\u201d. Neste sentido, a deputada popular trasladou o p\u00e9same \u00e1 familia e achegados do director do ISM, recentemente falecido a consecuencia da Covid-19.<\/p>\n<p>\u00a0<\/p>\n<p><strong>OPTIMIZAR A PRESTACI\u00d3N<\/strong><\/p>\n<p>\u00a0<\/p>\n<p>Por \u00faltimo, referiuse a unha resposta dada polo Goberno central a unha pregunta formulada polo Grupo Popular no Congreso no mes de xu\u00f1o, na que se afirmaba que o ISM \u201cest\u00e1 valorando a situaci\u00f3n a efectos de optimizar a prestaci\u00f3n do servizo que se da nos distintos centros de sanidade mar\u00edtima de A Coru\u00f1a, ao obxecto de incrementar a s\u00faa eficacia e capacidade de resposta aos traballadores do mar\u201d.<\/p>\n<p>\u00a0<\/p>\n<p>\u201cChaman a optimizar a prestaci\u00f3n do servizo a pechar o ISM de Corcubi\u00f3n, como xa fixeron con anterioridade a pechar os centros do ISM de Mux\u00eda\u201d, sinalou a portavoz popular, quen lamentou que \u201cchaman incrementar a s\u00faa capacidade de resposta a non cubrir as prazas de m\u00e9dicos da sanidade mar\u00edtima tan necesarias sempre, pero m\u00e1is se cabe nestes momentos\u201d.<\/p>\n","protected":false},"excerpt":{"rendered":"<p>Santiago, 2 de marzo de 2021.- O Parlamento de Galicia aprobou hoxe por unanimidade a proposici\u00f3n non de lei do Grupo Popular a trav\u00e9s da que se solicita ao Goberno de Espa\u00f1a que cubra o a totalidade das prazas de profesionais sanitarios do Instituto Social da Mari\u00f1a (ISM), dependente do Ministerio de Inclusi\u00f3n, Seguridade Social [&hellip;]<\/p>\n","protected":false},"author":38,"featured_media":55363,"comment_status":"open","ping_status":"open","sticky":false,"template":"","format":"standard","meta":{"_acf_changed":false,"footnotes":""},"categories":[1],"tags":[],"class_list":["post-55364","post","type-post","status-publish","format-standard","has-post-thumbnail","hentry","category-pp-de-galicia"],"acf":[],"yoast_head":"<!-- This site is optimized with the Yoast SEO plugin v27.3 - https:\/\/yoast.com\/product\/yoast-seo-wordpress\/ -->\n<title>O Parlamento galego demanda ao Goberno central que cubra todas as prazas de sanitarios no Instituto Social da Mari\u00f1a - PP de Galicia<\/title>\n<meta name=\"robots\" content=\"index, follow, max-snippet:-1, max-image-preview:large, max-video-preview:-1\" \/>\n<link rel=\"canonical\" href=\"https:\/\/ppdegalicia.com\/es\/o-parlamento-galego-demanda-ao-goberno-central-que-cubra-todas-as-prazas-de-sanitarios-no-instituto-social-da-marina\/\" \/>\n<meta property=\"og:locale\" content=\"es_ES\" \/>\n<meta property=\"og:type\" content=\"article\" \/>\n<meta property=\"og:title\" content=\"O Parlamento galego demanda ao Goberno central que cubra todas as prazas de sanitarios no Instituto Social da Mari\u00f1a - PP de Galicia\" \/>\n<meta property=\"og:description\" content=\"Santiago, 2 de marzo de 2021.- O Parlamento de Galicia aprobou hoxe por unanimidade a proposici\u00f3n non de lei do Grupo Popular a trav\u00e9s da que se solicita ao Goberno de Espa\u00f1a que cubra o a totalidade das prazas de profesionais sanitarios do Instituto Social da Mari\u00f1a (ISM), dependente do Ministerio de Inclusi\u00f3n, Seguridade Social [&hellip;]\" \/>\n<meta property=\"og:url\" content=\"https:\/\/ppdegalicia.com\/es\/o-parlamento-galego-demanda-ao-goberno-central-que-cubra-todas-as-prazas-de-sanitarios-no-instituto-social-da-marina\/\" \/>\n<meta property=\"og:site_name\" content=\"PP de Galicia\" \/>\n<meta property=\"article:publisher\" content=\"https:\/\/www.instagram.com\/ppdegalicia\/\" \/>\n<meta property=\"article:published_time\" content=\"2021-03-02T11:48:59+00:00\" \/>\n<meta property=\"og:image\" content=\"https:\/\/ppdegalicia.com\/wp-content\/uploads\/2021\/03\/389bbdd6d6856af779e62f03f8fed572.jpg\" \/>\n\t<meta property=\"og:image:width\" content=\"1900\" \/>\n\t<meta property=\"og:image:height\" content=\"1441\" \/>\n\t<meta property=\"og:image:type\" content=\"image\/jpeg\" \/>\n<meta name=\"author\" content=\"ppdegaliciaredes\" \/>\n<meta name=\"twitter:card\" content=\"summary_large_image\" \/>\n<meta name=\"twitter:creator\" content=\"@ppdegalicia\" \/>\n<meta name=\"twitter:site\" content=\"@ppdegalicia\" \/>\n<meta name=\"twitter:label1\" content=\"Escrito por\" \/>\n\t<meta name=\"twitter:data1\" content=\"ppdegaliciaredes\" \/>\n\t<meta name=\"twitter:label2\" content=\"Tiempo de lectura\" \/>\n\t<meta name=\"twitter:data2\" content=\"2 minutos\" \/>\n<script type=\"application\/ld+json\" class=\"yoast-schema-graph\">{\"@context\":\"https:\\\/\\\/schema.org\",\"@graph\":[{\"@type\":\"Article\",\"@id\":\"https:\\\/\\\/ppdegalicia.com\\\/es\\\/o-parlamento-galego-demanda-ao-goberno-central-que-cubra-todas-as-prazas-de-sanitarios-no-instituto-social-da-marina\\\/#article\",\"isPartOf\":{\"@id\":\"https:\\\/\\\/ppdegalicia.com\\\/es\\\/o-parlamento-galego-demanda-ao-goberno-central-que-cubra-todas-as-prazas-de-sanitarios-no-instituto-social-da-marina\\\/\"},\"author\":{\"name\":\"ppdegaliciaredes\",\"@id\":\"https:\\\/\\\/ppdegalicia.com\\\/es\\\/#\\\/schema\\\/person\\\/5b822c6f59e872ebdd1142f307dbcb59\"},\"headline\":\"O Parlamento galego demanda ao Goberno central que cubra todas as prazas de sanitarios no Instituto Social da Mari\u00f1a\",\"datePublished\":\"2021-03-02T11:48:59+00:00\",\"mainEntityOfPage\":{\"@id\":\"https:\\\/\\\/ppdegalicia.com\\\/es\\\/o-parlamento-galego-demanda-ao-goberno-central-que-cubra-todas-as-prazas-de-sanitarios-no-instituto-social-da-marina\\\/\"},\"wordCount\":395,\"commentCount\":0,\"publisher\":{\"@id\":\"https:\\\/\\\/ppdegalicia.com\\\/es\\\/#organization\"},\"image\":{\"@id\":\"https:\\\/\\\/ppdegalicia.com\\\/es\\\/o-parlamento-galego-demanda-ao-goberno-central-que-cubra-todas-as-prazas-de-sanitarios-no-instituto-social-da-marina\\\/#primaryimage\"},\"thumbnailUrl\":\"https:\\\/\\\/ppdegalicia.com\\\/wp-content\\\/uploads\\\/2021\\\/03\\\/389bbdd6d6856af779e62f03f8fed572.jpg\",\"articleSection\":[\"PP de Galicia\"],\"inLanguage\":\"es\",\"potentialAction\":[{\"@type\":\"CommentAction\",\"name\":\"Comment\",\"target\":[\"https:\\\/\\\/ppdegalicia.com\\\/es\\\/o-parlamento-galego-demanda-ao-goberno-central-que-cubra-todas-as-prazas-de-sanitarios-no-instituto-social-da-marina\\\/#respond\"]}]},{\"@type\":\"WebPage\",\"@id\":\"https:\\\/\\\/ppdegalicia.com\\\/es\\\/o-parlamento-galego-demanda-ao-goberno-central-que-cubra-todas-as-prazas-de-sanitarios-no-instituto-social-da-marina\\\/\",\"url\":\"https:\\\/\\\/ppdegalicia.com\\\/es\\\/o-parlamento-galego-demanda-ao-goberno-central-que-cubra-todas-as-prazas-de-sanitarios-no-instituto-social-da-marina\\\/\",\"name\":\"O Parlamento galego demanda ao Goberno central que cubra todas as prazas de sanitarios no Instituto Social da Mari\u00f1a - PP de Galicia\",\"isPartOf\":{\"@id\":\"https:\\\/\\\/ppdegalicia.com\\\/es\\\/#website\"},\"primaryImageOfPage\":{\"@id\":\"https:\\\/\\\/ppdegalicia.com\\\/es\\\/o-parlamento-galego-demanda-ao-goberno-central-que-cubra-todas-as-prazas-de-sanitarios-no-instituto-social-da-marina\\\/#primaryimage\"},\"image\":{\"@id\":\"https:\\\/\\\/ppdegalicia.com\\\/es\\\/o-parlamento-galego-demanda-ao-goberno-central-que-cubra-todas-as-prazas-de-sanitarios-no-instituto-social-da-marina\\\/#primaryimage\"},\"thumbnailUrl\":\"https:\\\/\\\/ppdegalicia.com\\\/wp-content\\\/uploads\\\/2021\\\/03\\\/389bbdd6d6856af779e62f03f8fed572.jpg\",\"datePublished\":\"2021-03-02T11:48:59+00:00\",\"breadcrumb\":{\"@id\":\"https:\\\/\\\/ppdegalicia.com\\\/es\\\/o-parlamento-galego-demanda-ao-goberno-central-que-cubra-todas-as-prazas-de-sanitarios-no-instituto-social-da-marina\\\/#breadcrumb\"},\"inLanguage\":\"es\",\"potentialAction\":[{\"@type\":\"ReadAction\",\"target\":[\"https:\\\/\\\/ppdegalicia.com\\\/es\\\/o-parlamento-galego-demanda-ao-goberno-central-que-cubra-todas-as-prazas-de-sanitarios-no-instituto-social-da-marina\\\/\"]}]},{\"@type\":\"ImageObject\",\"inLanguage\":\"es\",\"@id\":\"https:\\\/\\\/ppdegalicia.com\\\/es\\\/o-parlamento-galego-demanda-ao-goberno-central-que-cubra-todas-as-prazas-de-sanitarios-no-instituto-social-da-marina\\\/#primaryimage\",\"url\":\"https:\\\/\\\/ppdegalicia.com\\\/wp-content\\\/uploads\\\/2021\\\/03\\\/389bbdd6d6856af779e62f03f8fed572.jpg\",\"contentUrl\":\"https:\\\/\\\/ppdegalicia.com\\\/wp-content\\\/uploads\\\/2021\\\/03\\\/389bbdd6d6856af779e62f03f8fed572.jpg\",\"width\":1900,\"height\":1441},{\"@type\":\"BreadcrumbList\",\"@id\":\"https:\\\/\\\/ppdegalicia.com\\\/es\\\/o-parlamento-galego-demanda-ao-goberno-central-que-cubra-todas-as-prazas-de-sanitarios-no-instituto-social-da-marina\\\/#breadcrumb\",\"itemListElement\":[{\"@type\":\"ListItem\",\"position\":1,\"name\":\"Portada\",\"item\":\"https:\\\/\\\/ppdegalicia.com\\\/es\\\/\"},{\"@type\":\"ListItem\",\"position\":2,\"name\":\"O Parlamento galego demanda ao Goberno central que cubra todas as prazas de sanitarios no Instituto Social da Mari\u00f1a\"}]},{\"@type\":\"WebSite\",\"@id\":\"https:\\\/\\\/ppdegalicia.com\\\/es\\\/#website\",\"url\":\"https:\\\/\\\/ppdegalicia.com\\\/es\\\/\",\"name\":\"Partido Popular de Galicia\",\"description\":\"Partido Popular de Galicia\",\"publisher\":{\"@id\":\"https:\\\/\\\/ppdegalicia.com\\\/es\\\/#organization\"},\"alternateName\":\"PP de Galicia\",\"potentialAction\":[{\"@type\":\"SearchAction\",\"target\":{\"@type\":\"EntryPoint\",\"urlTemplate\":\"https:\\\/\\\/ppdegalicia.com\\\/es\\\/?s={search_term_string}\"},\"query-input\":{\"@type\":\"PropertyValueSpecification\",\"valueRequired\":true,\"valueName\":\"search_term_string\"}}],\"inLanguage\":\"es\"},{\"@type\":\"Organization\",\"@id\":\"https:\\\/\\\/ppdegalicia.com\\\/es\\\/#organization\",\"name\":\"Partido Popular de Galicia\",\"alternateName\":\"PP de Galicia\",\"url\":\"https:\\\/\\\/ppdegalicia.com\\\/es\\\/\",\"logo\":{\"@type\":\"ImageObject\",\"inLanguage\":\"es\",\"@id\":\"https:\\\/\\\/ppdegalicia.com\\\/es\\\/#\\\/schema\\\/logo\\\/image\\\/\",\"url\":\"https:\\\/\\\/ppdegalicia.com\\\/wp-content\\\/uploads\\\/2023\\\/04\\\/logoPP512.png\",\"contentUrl\":\"https:\\\/\\\/ppdegalicia.com\\\/wp-content\\\/uploads\\\/2023\\\/04\\\/logoPP512.png\",\"width\":512,\"height\":512,\"caption\":\"Partido Popular de Galicia\"},\"image\":{\"@id\":\"https:\\\/\\\/ppdegalicia.com\\\/es\\\/#\\\/schema\\\/logo\\\/image\\\/\"},\"sameAs\":[\"https:\\\/\\\/www.instagram.com\\\/ppdegalicia\\\/\",\"https:\\\/\\\/x.com\\\/ppdegalicia\",\"https:\\\/\\\/www.tiktok.com\\\/@ppdegalicia\",\"https:\\\/\\\/www.youtube.com\\\/user\\\/ppdegalicia\"]},{\"@type\":\"Person\",\"@id\":\"https:\\\/\\\/ppdegalicia.com\\\/es\\\/#\\\/schema\\\/person\\\/5b822c6f59e872ebdd1142f307dbcb59\",\"name\":\"ppdegaliciaredes\",\"image\":{\"@type\":\"ImageObject\",\"inLanguage\":\"es\",\"@id\":\"https:\\\/\\\/secure.gravatar.com\\\/avatar\\\/3c9179cf0256d00c72a48d1f25783c58b6842cd56e85ef3a572881c8e28ccd59?s=96&d=mm&r=g\",\"url\":\"https:\\\/\\\/secure.gravatar.com\\\/avatar\\\/3c9179cf0256d00c72a48d1f25783c58b6842cd56e85ef3a572881c8e28ccd59?s=96&d=mm&r=g\",\"contentUrl\":\"https:\\\/\\\/secure.gravatar.com\\\/avatar\\\/3c9179cf0256d00c72a48d1f25783c58b6842cd56e85ef3a572881c8e28ccd59?s=96&d=mm&r=g\",\"caption\":\"ppdegaliciaredes\"},\"url\":\"https:\\\/\\\/ppdegalicia.com\\\/es\\\/author\\\/ppdegaliciaredes\\\/\"}]}<\/script>\n<!-- \/ Yoast SEO plugin. -->","yoast_head_json":{"title":"O Parlamento galego demanda ao Goberno central que cubra todas as prazas de sanitarios no Instituto Social da Mari\u00f1a - PP de Galicia","robots":{"index":"index","follow":"follow","max-snippet":"max-snippet:-1","max-image-preview":"max-image-preview:large","max-video-preview":"max-video-preview:-1"},"canonical":"https:\/\/ppdegalicia.com\/es\/o-parlamento-galego-demanda-ao-goberno-central-que-cubra-todas-as-prazas-de-sanitarios-no-instituto-social-da-marina\/","og_locale":"es_ES","og_type":"article","og_title":"O Parlamento galego demanda ao Goberno central que cubra todas as prazas de sanitarios no Instituto Social da Mari\u00f1a - PP de Galicia","og_description":"Santiago, 2 de marzo de 2021.- O Parlamento de Galicia aprobou hoxe por unanimidade a proposici\u00f3n non de lei do Grupo Popular a trav\u00e9s da que se solicita ao Goberno de Espa\u00f1a que cubra o a totalidade das prazas de profesionais sanitarios do Instituto Social da Mari\u00f1a (ISM), dependente do Ministerio de Inclusi\u00f3n, Seguridade Social [&hellip;]","og_url":"https:\/\/ppdegalicia.com\/es\/o-parlamento-galego-demanda-ao-goberno-central-que-cubra-todas-as-prazas-de-sanitarios-no-instituto-social-da-marina\/","og_site_name":"PP de Galicia","article_publisher":"https:\/\/www.instagram.com\/ppdegalicia\/","article_published_time":"2021-03-02T11:48:59+00:00","og_image":[{"width":1900,"height":1441,"url":"https:\/\/ppdegalicia.com\/wp-content\/uploads\/2021\/03\/389bbdd6d6856af779e62f03f8fed572.jpg","type":"image\/jpeg"}],"author":"ppdegaliciaredes","twitter_card":"summary_large_image","twitter_creator":"@ppdegalicia","twitter_site":"@ppdegalicia","twitter_misc":{"Escrito por":"ppdegaliciaredes","Tiempo de lectura":"2 minutos"},"schema":{"@context":"https:\/\/schema.org","@graph":[{"@type":"Article","@id":"https:\/\/ppdegalicia.com\/es\/o-parlamento-galego-demanda-ao-goberno-central-que-cubra-todas-as-prazas-de-sanitarios-no-instituto-social-da-marina\/#article","isPartOf":{"@id":"https:\/\/ppdegalicia.com\/es\/o-parlamento-galego-demanda-ao-goberno-central-que-cubra-todas-as-prazas-de-sanitarios-no-instituto-social-da-marina\/"},"author":{"name":"ppdegaliciaredes","@id":"https:\/\/ppdegalicia.com\/es\/#\/schema\/person\/5b822c6f59e872ebdd1142f307dbcb59"},"headline":"O Parlamento galego demanda ao Goberno central que cubra todas as prazas de sanitarios no Instituto Social da Mari\u00f1a","datePublished":"2021-03-02T11:48:59+00:00","mainEntityOfPage":{"@id":"https:\/\/ppdegalicia.com\/es\/o-parlamento-galego-demanda-ao-goberno-central-que-cubra-todas-as-prazas-de-sanitarios-no-instituto-social-da-marina\/"},"wordCount":395,"commentCount":0,"publisher":{"@id":"https:\/\/ppdegalicia.com\/es\/#organization"},"image":{"@id":"https:\/\/ppdegalicia.com\/es\/o-parlamento-galego-demanda-ao-goberno-central-que-cubra-todas-as-prazas-de-sanitarios-no-instituto-social-da-marina\/#primaryimage"},"thumbnailUrl":"https:\/\/ppdegalicia.com\/wp-content\/uploads\/2021\/03\/389bbdd6d6856af779e62f03f8fed572.jpg","articleSection":["PP de Galicia"],"inLanguage":"es","potentialAction":[{"@type":"CommentAction","name":"Comment","target":["https:\/\/ppdegalicia.com\/es\/o-parlamento-galego-demanda-ao-goberno-central-que-cubra-todas-as-prazas-de-sanitarios-no-instituto-social-da-marina\/#respond"]}]},{"@type":"WebPage","@id":"https:\/\/ppdegalicia.com\/es\/o-parlamento-galego-demanda-ao-goberno-central-que-cubra-todas-as-prazas-de-sanitarios-no-instituto-social-da-marina\/","url":"https:\/\/ppdegalicia.com\/es\/o-parlamento-galego-demanda-ao-goberno-central-que-cubra-todas-as-prazas-de-sanitarios-no-instituto-social-da-marina\/","name":"O Parlamento galego demanda ao Goberno central que cubra todas as prazas de sanitarios no Instituto Social da Mari\u00f1a - PP de Galicia","isPartOf":{"@id":"https:\/\/ppdegalicia.com\/es\/#website"},"primaryImageOfPage":{"@id":"https:\/\/ppdegalicia.com\/es\/o-parlamento-galego-demanda-ao-goberno-central-que-cubra-todas-as-prazas-de-sanitarios-no-instituto-social-da-marina\/#primaryimage"},"image":{"@id":"https:\/\/ppdegalicia.com\/es\/o-parlamento-galego-demanda-ao-goberno-central-que-cubra-todas-as-prazas-de-sanitarios-no-instituto-social-da-marina\/#primaryimage"},"thumbnailUrl":"https:\/\/ppdegalicia.com\/wp-content\/uploads\/2021\/03\/389bbdd6d6856af779e62f03f8fed572.jpg","datePublished":"2021-03-02T11:48:59+00:00","breadcrumb":{"@id":"https:\/\/ppdegalicia.com\/es\/o-parlamento-galego-demanda-ao-goberno-central-que-cubra-todas-as-prazas-de-sanitarios-no-instituto-social-da-marina\/#breadcrumb"},"inLanguage":"es","potentialAction":[{"@type":"ReadAction","target":["https:\/\/ppdegalicia.com\/es\/o-parlamento-galego-demanda-ao-goberno-central-que-cubra-todas-as-prazas-de-sanitarios-no-instituto-social-da-marina\/"]}]},{"@type":"ImageObject","inLanguage":"es","@id":"https:\/\/ppdegalicia.com\/es\/o-parlamento-galego-demanda-ao-goberno-central-que-cubra-todas-as-prazas-de-sanitarios-no-instituto-social-da-marina\/#primaryimage","url":"https:\/\/ppdegalicia.com\/wp-content\/uploads\/2021\/03\/389bbdd6d6856af779e62f03f8fed572.jpg","contentUrl":"https:\/\/ppdegalicia.com\/wp-content\/uploads\/2021\/03\/389bbdd6d6856af779e62f03f8fed572.jpg","width":1900,"height":1441},{"@type":"BreadcrumbList","@id":"https:\/\/ppdegalicia.com\/es\/o-parlamento-galego-demanda-ao-goberno-central-que-cubra-todas-as-prazas-de-sanitarios-no-instituto-social-da-marina\/#breadcrumb","itemListElement":[{"@type":"ListItem","position":1,"name":"Portada","item":"https:\/\/ppdegalicia.com\/es\/"},{"@type":"ListItem","position":2,"name":"O Parlamento galego demanda ao Goberno central que cubra todas as prazas de sanitarios no Instituto Social da Mari\u00f1a"}]},{"@type":"WebSite","@id":"https:\/\/ppdegalicia.com\/es\/#website","url":"https:\/\/ppdegalicia.com\/es\/","name":"Partido Popular de Galicia","description":"Partido Popular de Galicia","publisher":{"@id":"https:\/\/ppdegalicia.com\/es\/#organization"},"alternateName":"PP de Galicia","potentialAction":[{"@type":"SearchAction","target":{"@type":"EntryPoint","urlTemplate":"https:\/\/ppdegalicia.com\/es\/?s={search_term_string}"},"query-input":{"@type":"PropertyValueSpecification","valueRequired":true,"valueName":"search_term_string"}}],"inLanguage":"es"},{"@type":"Organization","@id":"https:\/\/ppdegalicia.com\/es\/#organization","name":"Partido Popular de Galicia","alternateName":"PP de Galicia","url":"https:\/\/ppdegalicia.com\/es\/","logo":{"@type":"ImageObject","inLanguage":"es","@id":"https:\/\/ppdegalicia.com\/es\/#\/schema\/logo\/image\/","url":"https:\/\/ppdegalicia.com\/wp-content\/uploads\/2023\/04\/logoPP512.png","contentUrl":"https:\/\/ppdegalicia.com\/wp-content\/uploads\/2023\/04\/logoPP512.png","width":512,"height":512,"caption":"Partido Popular de Galicia"},"image":{"@id":"https:\/\/ppdegalicia.com\/es\/#\/schema\/logo\/image\/"},"sameAs":["https:\/\/www.instagram.com\/ppdegalicia\/","https:\/\/x.com\/ppdegalicia","https:\/\/www.tiktok.com\/@ppdegalicia","https:\/\/www.youtube.com\/user\/ppdegalicia"]},{"@type":"Person","@id":"https:\/\/ppdegalicia.com\/es\/#\/schema\/person\/5b822c6f59e872ebdd1142f307dbcb59","name":"ppdegaliciaredes","image":{"@type":"ImageObject","inLanguage":"es","@id":"https:\/\/secure.gravatar.com\/avatar\/3c9179cf0256d00c72a48d1f25783c58b6842cd56e85ef3a572881c8e28ccd59?s=96&d=mm&r=g","url":"https:\/\/secure.gravatar.com\/avatar\/3c9179cf0256d00c72a48d1f25783c58b6842cd56e85ef3a572881c8e28ccd59?s=96&d=mm&r=g","contentUrl":"https:\/\/secure.gravatar.com\/avatar\/3c9179cf0256d00c72a48d1f25783c58b6842cd56e85ef3a572881c8e28ccd59?s=96&d=mm&r=g","caption":"ppdegaliciaredes"},"url":"https:\/\/ppdegalicia.com\/es\/author\/ppdegaliciaredes\/"}]}},"_links":{"self":[{"href":"https:\/\/ppdegalicia.com\/es\/wp-json\/wp\/v2\/posts\/55364","targetHints":{"allow":["GET"]}}],"collection":[{"href":"https:\/\/ppdegalicia.com\/es\/wp-json\/wp\/v2\/posts"}],"about":[{"href":"https:\/\/ppdegalicia.com\/es\/wp-json\/wp\/v2\/types\/post"}],"author":[{"embeddable":true,"href":"https:\/\/ppdegalicia.com\/es\/wp-json\/wp\/v2\/users\/38"}],"replies":[{"embeddable":true,"href":"https:\/\/ppdegalicia.com\/es\/wp-json\/wp\/v2\/comments?post=55364"}],"version-history":[{"count":0,"href":"https:\/\/ppdegalicia.com\/es\/wp-json\/wp\/v2\/posts\/55364\/revisions"}],"wp:featuredmedia":[{"embeddable":true,"href":"https:\/\/ppdegalicia.com\/es\/wp-json\/wp\/v2\/media\/55363"}],"wp:attachment":[{"href":"https:\/\/ppdegalicia.com\/es\/wp-json\/wp\/v2\/media?parent=55364"}],"wp:term":[{"taxonomy":"category","embeddable":true,"href":"https:\/\/ppdegalicia.com\/es\/wp-json\/wp\/v2\/categories?post=55364"},{"taxonomy":"post_tag","embeddable":true,"href":"https:\/\/ppdegalicia.com\/es\/wp-json\/wp\/v2\/tags?post=55364"}],"curies":[{"name":"wp","href":"https:\/\/api.w.org\/{rel}","templated":true}]}}