{"id":55366,"date":"2021-03-03T13:34:51","date_gmt":"2021-03-03T11:34:51","guid":{"rendered":"https:\/\/ppdegalicia.com\/o-grupo-popular-reitera-a-vontade-total-de-apoio-da-xunta-e-o-ppdeg-aos-traballadores-de-galicia-textil\/"},"modified":"2021-03-03T13:34:51","modified_gmt":"2021-03-03T11:34:51","slug":"o-grupo-popular-reitera-a-vontade-total-de-apoio-da-xunta-e-o-ppdeg-aos-traballadores-de-galicia-textil","status":"publish","type":"post","link":"https:\/\/ppdegalicia.com\/es\/o-grupo-popular-reitera-a-vontade-total-de-apoio-da-xunta-e-o-ppdeg-aos-traballadores-de-galicia-textil\/","title":{"rendered":"O Grupo Popular reitera a \u201cvontade total de apoio\u201d da Xunta e o PPdeG aos traballadores de Galicia Textil"},"content":{"rendered":"<p><img fetchpriority=\"high\" decoding=\"async\" class=\" size-full wp-image-55365\" src=\"https:\/\/ppdegalicia.com\/wp-content\/uploads\/2021\/03\/54da80b3ee183019a4781301439616e2.jpg\" alt=\"\" width=\"1900\" height=\"1113\" srcset=\"https:\/\/ppdegalicia.com\/wp-content\/uploads\/2021\/03\/54da80b3ee183019a4781301439616e2.jpg 1900w, https:\/\/ppdegalicia.com\/wp-content\/uploads\/2021\/03\/54da80b3ee183019a4781301439616e2-300x176.jpg 300w, https:\/\/ppdegalicia.com\/wp-content\/uploads\/2021\/03\/54da80b3ee183019a4781301439616e2-1024x600.jpg 1024w, https:\/\/ppdegalicia.com\/wp-content\/uploads\/2021\/03\/54da80b3ee183019a4781301439616e2-768x450.jpg 768w, https:\/\/ppdegalicia.com\/wp-content\/uploads\/2021\/03\/54da80b3ee183019a4781301439616e2-1536x900.jpg 1536w\" sizes=\"(max-width: 1900px) 100vw, 1900px\" \/><\/p>\n<p>Santiago, 3 de marzo de 2021.- A deputada do Grupo Popular Cristina Sanz insistiu hoxe no Parlamento na \u201cvontade total de apoio\u201d por parte da Xunta e do PPdeG aos traballadores da empresa Galicia Textil en Neda e lembrou que \u201cestamos ante un conflito laboral cuxa resoluci\u00f3n est\u00e1 agora en mans da xurisdici\u00f3n social\u201d.<\/p>\n<p><!--more--><\/p>\n<p>As\u00ed mesmo, afirmou que o Goberno galego puxo a disposici\u00f3n de empresa e traballadores \u201co seu labor de mediaci\u00f3n para chegar a acordos que dean cabida a proxectos de futuro que sexan viables, e o seu apoio e axudas para a posta en marcha de proxectos que permitan manter ou incrementar o emprego\u201d.<\/p>\n<p>\u00a0<\/p>\n<p>Cristina Sanz recordou que a autoridade laboral da Xunta \u201cxa non pode intervir neste conflito porque os responsables dos traballadores non o solicitaron cando proced\u00eda, isto \u00e9, durante o per\u00edodo de consultas, e agora a s\u00faa resoluci\u00f3n xa est\u00e1 en mans da xurisdici\u00f3n social\u201d. Por\u00e9n, salientou que o Goberno galego \u201cest\u00e1 a cumprir os compromisos que asumiu cos traballadores: analizando o informe da Inspecci\u00f3n de Traballo respecto do ERE e falando coa empresa\u201d.<\/p>\n<p>\u00a0<\/p>\n<p>Respecto das demandas realizadas polo BNG, a deputada popular explicou que \u201cest\u00e1 a pedir cuesti\u00f3ns de imposible cumprimento dentro do marco legal\u201d. En concreto, sinalou que \u201ca autoridade laboral non pode persoarse no proceso xudicial de impugnaci\u00f3n do despido colectivo aplicado de xeito unilateral pola empresa, xa que non se dan os supostos que esixe a normativa para aplicar esa v\u00eda\u201d.<\/p>\n<p>\u00a0<\/p>\n<p>Ademais, manifestou que \u201ccoa legalidade na man \u00e9 imposible de condicionar a concesi\u00f3n do aproveitamento hidr\u00e1ulico Presa do Rei ao mantemento do emprego\u201d. \u201cNin o t\u00edtulo habilitante que ampara a utilizaci\u00f3n do recurso h\u00eddrico por parte de Galicia Textil nin os restantes actos administrativos que conforman o expediente amparan o feito de condicionar a vixencia do dereito ao mantemento do emprego, polo que non \u00e9 factible tal esixencia\u201d, engadiu.<\/p>\n<p>\u00a0<\/p>\n<p><strong>MALTRATO DO GOBERNO CENTRAL A FERROLTERRA<\/strong><\/p>\n<p>\u00a0<\/p>\n<p>\u201cPor desgraza esta mala nova do ERE de Galicia Textil se suma ao maltrato que, no eido laboral e industrial, est\u00e1 a sufrir o conxunto da comarca de Ferrolterra\u201d, lamentou Cristina Sanz, que apuntou que \u201cas decisi\u00f3ns pol\u00edticas do Goberno central est\u00e1n levando a un desmantelamento continuo e silencioso da actividade industrial e \u00e1 destruci\u00f3n de milleiros de postos de traballo nas comarcas de Ferrolterra, Eume e Ortegal, que se atopan nunha situaci\u00f3n cr\u00edtica e dram\u00e1tica\u201d.<\/p>\n<p>\u00a0<\/p>\n<p>A deputada popular recordou que o PPdeG apoia a folga xeral da comarca de Ferrolterra convocada para o vindeiro 10 de marzo e \u201cseguiremos apoiando e loitando pola supervivencia destas empresas, buscando visibilidade, dando voz aos problemas e propo\u00f1endo alternativas e carga de traballo, para o que tam\u00e9n se precisa o compromiso do Goberno de Espa\u00f1a\u201d. <\/p>\n","protected":false},"excerpt":{"rendered":"<p>Santiago, 3 de marzo de 2021.- A deputada do Grupo Popular Cristina Sanz insistiu hoxe no Parlamento na \u201cvontade total de apoio\u201d por parte da Xunta e do PPdeG aos traballadores da empresa Galicia Textil en Neda e lembrou que \u201cestamos ante un conflito laboral cuxa resoluci\u00f3n est\u00e1 agora en mans da xurisdici\u00f3n social\u201d.<\/p>\n","protected":false},"author":38,"featured_media":55365,"comment_status":"open","ping_status":"open","sticky":false,"template":"","format":"standard","meta":{"_acf_changed":false,"footnotes":""},"categories":[1],"tags":[],"class_list":["post-55366","post","type-post","status-publish","format-standard","has-post-thumbnail","hentry","category-pp-de-galicia"],"acf":[],"yoast_head":"<!-- This site is optimized with the Yoast SEO plugin v27.3 - https:\/\/yoast.com\/product\/yoast-seo-wordpress\/ -->\n<title>O Grupo Popular reitera a \u201cvontade total de apoio\u201d da Xunta e o PPdeG aos traballadores de Galicia Textil - PP de Galicia<\/title>\n<meta name=\"robots\" content=\"index, follow, max-snippet:-1, max-image-preview:large, max-video-preview:-1\" \/>\n<link rel=\"canonical\" href=\"https:\/\/ppdegalicia.com\/es\/o-grupo-popular-reitera-a-vontade-total-de-apoio-da-xunta-e-o-ppdeg-aos-traballadores-de-galicia-textil\/\" \/>\n<meta property=\"og:locale\" content=\"es_ES\" \/>\n<meta property=\"og:type\" content=\"article\" \/>\n<meta property=\"og:title\" content=\"O Grupo Popular reitera a \u201cvontade total de apoio\u201d da Xunta e o PPdeG aos traballadores de Galicia Textil - PP de Galicia\" \/>\n<meta property=\"og:description\" content=\"Santiago, 3 de marzo de 2021.- A deputada do Grupo Popular Cristina Sanz insistiu hoxe no Parlamento na \u201cvontade total de apoio\u201d por parte da Xunta e do PPdeG aos traballadores da empresa Galicia Textil en Neda e lembrou que \u201cestamos ante un conflito laboral cuxa resoluci\u00f3n est\u00e1 agora en mans da xurisdici\u00f3n social\u201d.\" \/>\n<meta property=\"og:url\" content=\"https:\/\/ppdegalicia.com\/es\/o-grupo-popular-reitera-a-vontade-total-de-apoio-da-xunta-e-o-ppdeg-aos-traballadores-de-galicia-textil\/\" \/>\n<meta property=\"og:site_name\" content=\"PP de Galicia\" \/>\n<meta property=\"article:publisher\" content=\"https:\/\/www.instagram.com\/ppdegalicia\/\" \/>\n<meta property=\"article:published_time\" content=\"2021-03-03T11:34:51+00:00\" \/>\n<meta property=\"og:image\" content=\"https:\/\/ppdegalicia.com\/wp-content\/uploads\/2021\/03\/54da80b3ee183019a4781301439616e2.jpg\" \/>\n\t<meta property=\"og:image:width\" content=\"1900\" \/>\n\t<meta property=\"og:image:height\" content=\"1113\" \/>\n\t<meta property=\"og:image:type\" content=\"image\/jpeg\" \/>\n<meta name=\"author\" content=\"ppdegaliciaredes\" \/>\n<meta name=\"twitter:card\" content=\"summary_large_image\" \/>\n<meta name=\"twitter:creator\" content=\"@ppdegalicia\" \/>\n<meta name=\"twitter:site\" content=\"@ppdegalicia\" \/>\n<meta name=\"twitter:label1\" content=\"Escrito por\" \/>\n\t<meta name=\"twitter:data1\" content=\"ppdegaliciaredes\" \/>\n\t<meta name=\"twitter:label2\" content=\"Tiempo de lectura\" \/>\n\t<meta name=\"twitter:data2\" content=\"2 minutos\" \/>\n<script type=\"application\/ld+json\" class=\"yoast-schema-graph\">{\"@context\":\"https:\\\/\\\/schema.org\",\"@graph\":[{\"@type\":\"Article\",\"@id\":\"https:\\\/\\\/ppdegalicia.com\\\/es\\\/o-grupo-popular-reitera-a-vontade-total-de-apoio-da-xunta-e-o-ppdeg-aos-traballadores-de-galicia-textil\\\/#article\",\"isPartOf\":{\"@id\":\"https:\\\/\\\/ppdegalicia.com\\\/es\\\/o-grupo-popular-reitera-a-vontade-total-de-apoio-da-xunta-e-o-ppdeg-aos-traballadores-de-galicia-textil\\\/\"},\"author\":{\"name\":\"ppdegaliciaredes\",\"@id\":\"https:\\\/\\\/ppdegalicia.com\\\/es\\\/#\\\/schema\\\/person\\\/5b822c6f59e872ebdd1142f307dbcb59\"},\"headline\":\"O Grupo Popular reitera a \u201cvontade total de apoio\u201d da Xunta e o PPdeG aos traballadores de Galicia Textil\",\"datePublished\":\"2021-03-03T11:34:51+00:00\",\"mainEntityOfPage\":{\"@id\":\"https:\\\/\\\/ppdegalicia.com\\\/es\\\/o-grupo-popular-reitera-a-vontade-total-de-apoio-da-xunta-e-o-ppdeg-aos-traballadores-de-galicia-textil\\\/\"},\"wordCount\":490,\"commentCount\":0,\"publisher\":{\"@id\":\"https:\\\/\\\/ppdegalicia.com\\\/es\\\/#organization\"},\"image\":{\"@id\":\"https:\\\/\\\/ppdegalicia.com\\\/es\\\/o-grupo-popular-reitera-a-vontade-total-de-apoio-da-xunta-e-o-ppdeg-aos-traballadores-de-galicia-textil\\\/#primaryimage\"},\"thumbnailUrl\":\"https:\\\/\\\/ppdegalicia.com\\\/wp-content\\\/uploads\\\/2021\\\/03\\\/54da80b3ee183019a4781301439616e2.jpg\",\"articleSection\":[\"PP de Galicia\"],\"inLanguage\":\"es\",\"potentialAction\":[{\"@type\":\"CommentAction\",\"name\":\"Comment\",\"target\":[\"https:\\\/\\\/ppdegalicia.com\\\/es\\\/o-grupo-popular-reitera-a-vontade-total-de-apoio-da-xunta-e-o-ppdeg-aos-traballadores-de-galicia-textil\\\/#respond\"]}]},{\"@type\":\"WebPage\",\"@id\":\"https:\\\/\\\/ppdegalicia.com\\\/es\\\/o-grupo-popular-reitera-a-vontade-total-de-apoio-da-xunta-e-o-ppdeg-aos-traballadores-de-galicia-textil\\\/\",\"url\":\"https:\\\/\\\/ppdegalicia.com\\\/es\\\/o-grupo-popular-reitera-a-vontade-total-de-apoio-da-xunta-e-o-ppdeg-aos-traballadores-de-galicia-textil\\\/\",\"name\":\"O Grupo Popular reitera a \u201cvontade total de apoio\u201d da Xunta e o PPdeG aos traballadores de Galicia Textil - PP de Galicia\",\"isPartOf\":{\"@id\":\"https:\\\/\\\/ppdegalicia.com\\\/es\\\/#website\"},\"primaryImageOfPage\":{\"@id\":\"https:\\\/\\\/ppdegalicia.com\\\/es\\\/o-grupo-popular-reitera-a-vontade-total-de-apoio-da-xunta-e-o-ppdeg-aos-traballadores-de-galicia-textil\\\/#primaryimage\"},\"image\":{\"@id\":\"https:\\\/\\\/ppdegalicia.com\\\/es\\\/o-grupo-popular-reitera-a-vontade-total-de-apoio-da-xunta-e-o-ppdeg-aos-traballadores-de-galicia-textil\\\/#primaryimage\"},\"thumbnailUrl\":\"https:\\\/\\\/ppdegalicia.com\\\/wp-content\\\/uploads\\\/2021\\\/03\\\/54da80b3ee183019a4781301439616e2.jpg\",\"datePublished\":\"2021-03-03T11:34:51+00:00\",\"breadcrumb\":{\"@id\":\"https:\\\/\\\/ppdegalicia.com\\\/es\\\/o-grupo-popular-reitera-a-vontade-total-de-apoio-da-xunta-e-o-ppdeg-aos-traballadores-de-galicia-textil\\\/#breadcrumb\"},\"inLanguage\":\"es\",\"potentialAction\":[{\"@type\":\"ReadAction\",\"target\":[\"https:\\\/\\\/ppdegalicia.com\\\/es\\\/o-grupo-popular-reitera-a-vontade-total-de-apoio-da-xunta-e-o-ppdeg-aos-traballadores-de-galicia-textil\\\/\"]}]},{\"@type\":\"ImageObject\",\"inLanguage\":\"es\",\"@id\":\"https:\\\/\\\/ppdegalicia.com\\\/es\\\/o-grupo-popular-reitera-a-vontade-total-de-apoio-da-xunta-e-o-ppdeg-aos-traballadores-de-galicia-textil\\\/#primaryimage\",\"url\":\"https:\\\/\\\/ppdegalicia.com\\\/wp-content\\\/uploads\\\/2021\\\/03\\\/54da80b3ee183019a4781301439616e2.jpg\",\"contentUrl\":\"https:\\\/\\\/ppdegalicia.com\\\/wp-content\\\/uploads\\\/2021\\\/03\\\/54da80b3ee183019a4781301439616e2.jpg\",\"width\":1900,\"height\":1113},{\"@type\":\"BreadcrumbList\",\"@id\":\"https:\\\/\\\/ppdegalicia.com\\\/es\\\/o-grupo-popular-reitera-a-vontade-total-de-apoio-da-xunta-e-o-ppdeg-aos-traballadores-de-galicia-textil\\\/#breadcrumb\",\"itemListElement\":[{\"@type\":\"ListItem\",\"position\":1,\"name\":\"Portada\",\"item\":\"https:\\\/\\\/ppdegalicia.com\\\/es\\\/\"},{\"@type\":\"ListItem\",\"position\":2,\"name\":\"O Grupo Popular reitera a \u201cvontade total de apoio\u201d da Xunta e o PPdeG aos traballadores de Galicia Textil\"}]},{\"@type\":\"WebSite\",\"@id\":\"https:\\\/\\\/ppdegalicia.com\\\/es\\\/#website\",\"url\":\"https:\\\/\\\/ppdegalicia.com\\\/es\\\/\",\"name\":\"Partido Popular de Galicia\",\"description\":\"Partido Popular de Galicia\",\"publisher\":{\"@id\":\"https:\\\/\\\/ppdegalicia.com\\\/es\\\/#organization\"},\"alternateName\":\"PP de Galicia\",\"potentialAction\":[{\"@type\":\"SearchAction\",\"target\":{\"@type\":\"EntryPoint\",\"urlTemplate\":\"https:\\\/\\\/ppdegalicia.com\\\/es\\\/?s={search_term_string}\"},\"query-input\":{\"@type\":\"PropertyValueSpecification\",\"valueRequired\":true,\"valueName\":\"search_term_string\"}}],\"inLanguage\":\"es\"},{\"@type\":\"Organization\",\"@id\":\"https:\\\/\\\/ppdegalicia.com\\\/es\\\/#organization\",\"name\":\"Partido Popular de Galicia\",\"alternateName\":\"PP de Galicia\",\"url\":\"https:\\\/\\\/ppdegalicia.com\\\/es\\\/\",\"logo\":{\"@type\":\"ImageObject\",\"inLanguage\":\"es\",\"@id\":\"https:\\\/\\\/ppdegalicia.com\\\/es\\\/#\\\/schema\\\/logo\\\/image\\\/\",\"url\":\"https:\\\/\\\/ppdegalicia.com\\\/wp-content\\\/uploads\\\/2023\\\/04\\\/logoPP512.png\",\"contentUrl\":\"https:\\\/\\\/ppdegalicia.com\\\/wp-content\\\/uploads\\\/2023\\\/04\\\/logoPP512.png\",\"width\":512,\"height\":512,\"caption\":\"Partido Popular de Galicia\"},\"image\":{\"@id\":\"https:\\\/\\\/ppdegalicia.com\\\/es\\\/#\\\/schema\\\/logo\\\/image\\\/\"},\"sameAs\":[\"https:\\\/\\\/www.instagram.com\\\/ppdegalicia\\\/\",\"https:\\\/\\\/x.com\\\/ppdegalicia\",\"https:\\\/\\\/www.tiktok.com\\\/@ppdegalicia\",\"https:\\\/\\\/www.youtube.com\\\/user\\\/ppdegalicia\"]},{\"@type\":\"Person\",\"@id\":\"https:\\\/\\\/ppdegalicia.com\\\/es\\\/#\\\/schema\\\/person\\\/5b822c6f59e872ebdd1142f307dbcb59\",\"name\":\"ppdegaliciaredes\",\"image\":{\"@type\":\"ImageObject\",\"inLanguage\":\"es\",\"@id\":\"https:\\\/\\\/secure.gravatar.com\\\/avatar\\\/3c9179cf0256d00c72a48d1f25783c58b6842cd56e85ef3a572881c8e28ccd59?s=96&d=mm&r=g\",\"url\":\"https:\\\/\\\/secure.gravatar.com\\\/avatar\\\/3c9179cf0256d00c72a48d1f25783c58b6842cd56e85ef3a572881c8e28ccd59?s=96&d=mm&r=g\",\"contentUrl\":\"https:\\\/\\\/secure.gravatar.com\\\/avatar\\\/3c9179cf0256d00c72a48d1f25783c58b6842cd56e85ef3a572881c8e28ccd59?s=96&d=mm&r=g\",\"caption\":\"ppdegaliciaredes\"},\"url\":\"https:\\\/\\\/ppdegalicia.com\\\/es\\\/author\\\/ppdegaliciaredes\\\/\"}]}<\/script>\n<!-- \/ Yoast SEO plugin. -->","yoast_head_json":{"title":"O Grupo Popular reitera a \u201cvontade total de apoio\u201d da Xunta e o PPdeG aos traballadores de Galicia Textil - PP de Galicia","robots":{"index":"index","follow":"follow","max-snippet":"max-snippet:-1","max-image-preview":"max-image-preview:large","max-video-preview":"max-video-preview:-1"},"canonical":"https:\/\/ppdegalicia.com\/es\/o-grupo-popular-reitera-a-vontade-total-de-apoio-da-xunta-e-o-ppdeg-aos-traballadores-de-galicia-textil\/","og_locale":"es_ES","og_type":"article","og_title":"O Grupo Popular reitera a \u201cvontade total de apoio\u201d da Xunta e o PPdeG aos traballadores de Galicia Textil - PP de Galicia","og_description":"Santiago, 3 de marzo de 2021.- A deputada do Grupo Popular Cristina Sanz insistiu hoxe no Parlamento na \u201cvontade total de apoio\u201d por parte da Xunta e do PPdeG aos traballadores da empresa Galicia Textil en Neda e lembrou que \u201cestamos ante un conflito laboral cuxa resoluci\u00f3n est\u00e1 agora en mans da xurisdici\u00f3n social\u201d.","og_url":"https:\/\/ppdegalicia.com\/es\/o-grupo-popular-reitera-a-vontade-total-de-apoio-da-xunta-e-o-ppdeg-aos-traballadores-de-galicia-textil\/","og_site_name":"PP de Galicia","article_publisher":"https:\/\/www.instagram.com\/ppdegalicia\/","article_published_time":"2021-03-03T11:34:51+00:00","og_image":[{"width":1900,"height":1113,"url":"https:\/\/ppdegalicia.com\/wp-content\/uploads\/2021\/03\/54da80b3ee183019a4781301439616e2.jpg","type":"image\/jpeg"}],"author":"ppdegaliciaredes","twitter_card":"summary_large_image","twitter_creator":"@ppdegalicia","twitter_site":"@ppdegalicia","twitter_misc":{"Escrito por":"ppdegaliciaredes","Tiempo de lectura":"2 minutos"},"schema":{"@context":"https:\/\/schema.org","@graph":[{"@type":"Article","@id":"https:\/\/ppdegalicia.com\/es\/o-grupo-popular-reitera-a-vontade-total-de-apoio-da-xunta-e-o-ppdeg-aos-traballadores-de-galicia-textil\/#article","isPartOf":{"@id":"https:\/\/ppdegalicia.com\/es\/o-grupo-popular-reitera-a-vontade-total-de-apoio-da-xunta-e-o-ppdeg-aos-traballadores-de-galicia-textil\/"},"author":{"name":"ppdegaliciaredes","@id":"https:\/\/ppdegalicia.com\/es\/#\/schema\/person\/5b822c6f59e872ebdd1142f307dbcb59"},"headline":"O Grupo Popular reitera a \u201cvontade total de apoio\u201d da Xunta e o PPdeG aos traballadores de Galicia Textil","datePublished":"2021-03-03T11:34:51+00:00","mainEntityOfPage":{"@id":"https:\/\/ppdegalicia.com\/es\/o-grupo-popular-reitera-a-vontade-total-de-apoio-da-xunta-e-o-ppdeg-aos-traballadores-de-galicia-textil\/"},"wordCount":490,"commentCount":0,"publisher":{"@id":"https:\/\/ppdegalicia.com\/es\/#organization"},"image":{"@id":"https:\/\/ppdegalicia.com\/es\/o-grupo-popular-reitera-a-vontade-total-de-apoio-da-xunta-e-o-ppdeg-aos-traballadores-de-galicia-textil\/#primaryimage"},"thumbnailUrl":"https:\/\/ppdegalicia.com\/wp-content\/uploads\/2021\/03\/54da80b3ee183019a4781301439616e2.jpg","articleSection":["PP de Galicia"],"inLanguage":"es","potentialAction":[{"@type":"CommentAction","name":"Comment","target":["https:\/\/ppdegalicia.com\/es\/o-grupo-popular-reitera-a-vontade-total-de-apoio-da-xunta-e-o-ppdeg-aos-traballadores-de-galicia-textil\/#respond"]}]},{"@type":"WebPage","@id":"https:\/\/ppdegalicia.com\/es\/o-grupo-popular-reitera-a-vontade-total-de-apoio-da-xunta-e-o-ppdeg-aos-traballadores-de-galicia-textil\/","url":"https:\/\/ppdegalicia.com\/es\/o-grupo-popular-reitera-a-vontade-total-de-apoio-da-xunta-e-o-ppdeg-aos-traballadores-de-galicia-textil\/","name":"O Grupo Popular reitera a \u201cvontade total de apoio\u201d da Xunta e o PPdeG aos traballadores de Galicia Textil - PP de Galicia","isPartOf":{"@id":"https:\/\/ppdegalicia.com\/es\/#website"},"primaryImageOfPage":{"@id":"https:\/\/ppdegalicia.com\/es\/o-grupo-popular-reitera-a-vontade-total-de-apoio-da-xunta-e-o-ppdeg-aos-traballadores-de-galicia-textil\/#primaryimage"},"image":{"@id":"https:\/\/ppdegalicia.com\/es\/o-grupo-popular-reitera-a-vontade-total-de-apoio-da-xunta-e-o-ppdeg-aos-traballadores-de-galicia-textil\/#primaryimage"},"thumbnailUrl":"https:\/\/ppdegalicia.com\/wp-content\/uploads\/2021\/03\/54da80b3ee183019a4781301439616e2.jpg","datePublished":"2021-03-03T11:34:51+00:00","breadcrumb":{"@id":"https:\/\/ppdegalicia.com\/es\/o-grupo-popular-reitera-a-vontade-total-de-apoio-da-xunta-e-o-ppdeg-aos-traballadores-de-galicia-textil\/#breadcrumb"},"inLanguage":"es","potentialAction":[{"@type":"ReadAction","target":["https:\/\/ppdegalicia.com\/es\/o-grupo-popular-reitera-a-vontade-total-de-apoio-da-xunta-e-o-ppdeg-aos-traballadores-de-galicia-textil\/"]}]},{"@type":"ImageObject","inLanguage":"es","@id":"https:\/\/ppdegalicia.com\/es\/o-grupo-popular-reitera-a-vontade-total-de-apoio-da-xunta-e-o-ppdeg-aos-traballadores-de-galicia-textil\/#primaryimage","url":"https:\/\/ppdegalicia.com\/wp-content\/uploads\/2021\/03\/54da80b3ee183019a4781301439616e2.jpg","contentUrl":"https:\/\/ppdegalicia.com\/wp-content\/uploads\/2021\/03\/54da80b3ee183019a4781301439616e2.jpg","width":1900,"height":1113},{"@type":"BreadcrumbList","@id":"https:\/\/ppdegalicia.com\/es\/o-grupo-popular-reitera-a-vontade-total-de-apoio-da-xunta-e-o-ppdeg-aos-traballadores-de-galicia-textil\/#breadcrumb","itemListElement":[{"@type":"ListItem","position":1,"name":"Portada","item":"https:\/\/ppdegalicia.com\/es\/"},{"@type":"ListItem","position":2,"name":"O Grupo Popular reitera a \u201cvontade total de apoio\u201d da Xunta e o PPdeG aos traballadores de Galicia Textil"}]},{"@type":"WebSite","@id":"https:\/\/ppdegalicia.com\/es\/#website","url":"https:\/\/ppdegalicia.com\/es\/","name":"Partido Popular de Galicia","description":"Partido Popular de Galicia","publisher":{"@id":"https:\/\/ppdegalicia.com\/es\/#organization"},"alternateName":"PP de Galicia","potentialAction":[{"@type":"SearchAction","target":{"@type":"EntryPoint","urlTemplate":"https:\/\/ppdegalicia.com\/es\/?s={search_term_string}"},"query-input":{"@type":"PropertyValueSpecification","valueRequired":true,"valueName":"search_term_string"}}],"inLanguage":"es"},{"@type":"Organization","@id":"https:\/\/ppdegalicia.com\/es\/#organization","name":"Partido Popular de Galicia","alternateName":"PP de Galicia","url":"https:\/\/ppdegalicia.com\/es\/","logo":{"@type":"ImageObject","inLanguage":"es","@id":"https:\/\/ppdegalicia.com\/es\/#\/schema\/logo\/image\/","url":"https:\/\/ppdegalicia.com\/wp-content\/uploads\/2023\/04\/logoPP512.png","contentUrl":"https:\/\/ppdegalicia.com\/wp-content\/uploads\/2023\/04\/logoPP512.png","width":512,"height":512,"caption":"Partido Popular de Galicia"},"image":{"@id":"https:\/\/ppdegalicia.com\/es\/#\/schema\/logo\/image\/"},"sameAs":["https:\/\/www.instagram.com\/ppdegalicia\/","https:\/\/x.com\/ppdegalicia","https:\/\/www.tiktok.com\/@ppdegalicia","https:\/\/www.youtube.com\/user\/ppdegalicia"]},{"@type":"Person","@id":"https:\/\/ppdegalicia.com\/es\/#\/schema\/person\/5b822c6f59e872ebdd1142f307dbcb59","name":"ppdegaliciaredes","image":{"@type":"ImageObject","inLanguage":"es","@id":"https:\/\/secure.gravatar.com\/avatar\/3c9179cf0256d00c72a48d1f25783c58b6842cd56e85ef3a572881c8e28ccd59?s=96&d=mm&r=g","url":"https:\/\/secure.gravatar.com\/avatar\/3c9179cf0256d00c72a48d1f25783c58b6842cd56e85ef3a572881c8e28ccd59?s=96&d=mm&r=g","contentUrl":"https:\/\/secure.gravatar.com\/avatar\/3c9179cf0256d00c72a48d1f25783c58b6842cd56e85ef3a572881c8e28ccd59?s=96&d=mm&r=g","caption":"ppdegaliciaredes"},"url":"https:\/\/ppdegalicia.com\/es\/author\/ppdegaliciaredes\/"}]}},"_links":{"self":[{"href":"https:\/\/ppdegalicia.com\/es\/wp-json\/wp\/v2\/posts\/55366","targetHints":{"allow":["GET"]}}],"collection":[{"href":"https:\/\/ppdegalicia.com\/es\/wp-json\/wp\/v2\/posts"}],"about":[{"href":"https:\/\/ppdegalicia.com\/es\/wp-json\/wp\/v2\/types\/post"}],"author":[{"embeddable":true,"href":"https:\/\/ppdegalicia.com\/es\/wp-json\/wp\/v2\/users\/38"}],"replies":[{"embeddable":true,"href":"https:\/\/ppdegalicia.com\/es\/wp-json\/wp\/v2\/comments?post=55366"}],"version-history":[{"count":0,"href":"https:\/\/ppdegalicia.com\/es\/wp-json\/wp\/v2\/posts\/55366\/revisions"}],"wp:featuredmedia":[{"embeddable":true,"href":"https:\/\/ppdegalicia.com\/es\/wp-json\/wp\/v2\/media\/55365"}],"wp:attachment":[{"href":"https:\/\/ppdegalicia.com\/es\/wp-json\/wp\/v2\/media?parent=55366"}],"wp:term":[{"taxonomy":"category","embeddable":true,"href":"https:\/\/ppdegalicia.com\/es\/wp-json\/wp\/v2\/categories?post=55366"},{"taxonomy":"post_tag","embeddable":true,"href":"https:\/\/ppdegalicia.com\/es\/wp-json\/wp\/v2\/tags?post=55366"}],"curies":[{"name":"wp","href":"https:\/\/api.w.org\/{rel}","templated":true}]}}