{"id":55372,"date":"2021-03-03T13:40:17","date_gmt":"2021-03-03T11:40:17","guid":{"rendered":"https:\/\/ppdegalicia.com\/o-parlamento-galego-demanda-ao-goberno-central-que-rectifique-e-atenda-a-demanda-dunha-nova-subestacion-electrica-para-balaidos\/"},"modified":"2021-03-03T13:40:17","modified_gmt":"2021-03-03T11:40:17","slug":"o-parlamento-galego-demanda-ao-goberno-central-que-rectifique-e-atenda-a-demanda-dunha-nova-subestacion-electrica-para-balaidos","status":"publish","type":"post","link":"https:\/\/ppdegalicia.com\/es\/o-parlamento-galego-demanda-ao-goberno-central-que-rectifique-e-atenda-a-demanda-dunha-nova-subestacion-electrica-para-balaidos\/","title":{"rendered":"O Parlamento galego demanda ao Goberno central que rectifique e atenda a demanda dunha nova subestaci\u00f3n el\u00e9ctrica para Bala\u00eddos"},"content":{"rendered":"<p><img fetchpriority=\"high\" decoding=\"async\" class=\" size-full wp-image-55371\" src=\"https:\/\/ppdegalicia.com\/wp-content\/uploads\/2021\/03\/1f8cbe1b27f957df422e47f45f6e2924.jpg\" alt=\"\" width=\"1900\" height=\"1143\" srcset=\"https:\/\/ppdegalicia.com\/wp-content\/uploads\/2021\/03\/1f8cbe1b27f957df422e47f45f6e2924.jpg 1900w, https:\/\/ppdegalicia.com\/wp-content\/uploads\/2021\/03\/1f8cbe1b27f957df422e47f45f6e2924-300x180.jpg 300w, https:\/\/ppdegalicia.com\/wp-content\/uploads\/2021\/03\/1f8cbe1b27f957df422e47f45f6e2924-1024x616.jpg 1024w, https:\/\/ppdegalicia.com\/wp-content\/uploads\/2021\/03\/1f8cbe1b27f957df422e47f45f6e2924-768x462.jpg 768w, https:\/\/ppdegalicia.com\/wp-content\/uploads\/2021\/03\/1f8cbe1b27f957df422e47f45f6e2924-1536x924.jpg 1536w\" sizes=\"(max-width: 1900px) 100vw, 1900px\" \/><\/p>\n<p>Santiago, 3 de marzo de 2021.- O Parlamento de Galicia aprobou hoxe por unanimidade a proposici\u00f3n non de lei do Grupo Popular a trav\u00e9s da que se demanda do Goberno de Espa\u00f1a rectifique e incl\u00faa na Planificaci\u00f3n de Rede El\u00e9ctrica de Espa\u00f1a para 2021-2026 a construci\u00f3n dunha nova subestaci\u00f3n para atender a demanda industrial de Bala\u00eddos e conectar a Vigo \u00e1 rede de transporte de 220 kilovoltios, facilitando unha subministraci\u00f3n el\u00e9ctrica moderna con capacidade de ofrecer estabilidade ao servizo.<\/p>\n<p><!--more--><\/p>\n<p>A deputada do Grupo Popular Teresa Egerique sinalou que \u201cpara que a factor\u00eda de PSA mante\u00f1a ao m\u00e1ximo o seu potencial no futuro, e con iso asegurar a s\u00faa permanencia, \u00e9 primordial e inescusable reducir custos e mellorar a calidade do subministro el\u00e9ctrico\u201d.<\/p>\n<p>\u00a0<\/p>\n<p>\u201cPor\u00e9n, para sorpresa e estupefacci\u00f3n de todos, o actual Goberno de Espa\u00f1a non s\u00f3 ven de renunciar a dar prioridade ao enganche que urxe a f\u00e1brica, se non que retirouno incluso da planificaci\u00f3n de Rede El\u00e9ctrica para o per\u00edodo 2021-26, pese a quedar pendente do anterior sexenio e comprometido polo Goberno do Partido Popular\u201d, lamentou. Neste sentido, apuntou que \u201cagora mesmo, ademais de non estar, xa nin tan sequera se lle agarda\u201d.<\/p>\n<p>\u00a0<\/p>\n<p><strong>INADMISIBLE PORTAZO DO GOBERNO CENTRAL<\/strong><\/p>\n<p>\u00a0<\/p>\n<p>Teresa Egerique manifestou que \u201cesta tropel\u00eda atenta contra a competitividade da automoci\u00f3n galega, xa que Bala\u00eddos \u00e9 a \u00fanica planta de autom\u00f3biles do Espa\u00f1a sen este servizo\u201d. Ademais, considerou \u201cinadmisible este portazo do Goberno de Espa\u00f1a cando a econom\u00eda atravesa un momento complicado, as\u00ed como un agravio intolerable porque Vigo \u00e9 a \u00fanica cidade do seu tama\u00f1o sen este servizo, as\u00ed como a mais industrializada\u201d.<\/p>\n<p>\u00a0<\/p>\n<p>A deputada popular salientou que a factor\u00eda de Bala\u00eddos \u00e9 a planta l\u00edder na produci\u00f3n de coches en Espa\u00f1a e en xeral de todo o grupo Stellantis, \u201cpero tam\u00e9n o \u00e9 en incidencias ocasionadas pola mala calidade da conexi\u00f3n el\u00e9ctrica que chega a Vigo\u201d.<\/p>\n<p>\u00a0<\/p>\n<p>\u201cA soluci\u00f3n est\u00e1 a apenas uns quil\u00f3metros: enganchar Bala\u00eddos coa rede de moi alta tensi\u00f3n de 220 KV que atravesa Porri\u00f1o, unha conexi\u00f3n que pola s\u00faa maior potencia e configuraci\u00f3n evitar\u00eda os ocos de tensi\u00f3ns\u201d. Con esta obra, \u201cademais dunha maior estabilidade enerx\u00e9tica \u00e1 planta e ao resto de empresas da cidade, abaratar\u00eda o prezo do subministro, que Stellantis hab\u00eda calculado nun mill\u00f3n de euros ao ano\u201d.<\/p>\n<p>Teresa Egerique manifestou que \u201ca demanda da automoci\u00f3n galega o \u00e9 de todos os galegos, porque Vigo \u00e9 a \u00fanica gran cidade espa\u00f1ola do seu tama\u00f1o que segue recibindo a electricidade cunha tensi\u00f3n de 132 KV, suficiente por agora para o consumo dom\u00e9stico pero insuficiente para o seu uso industrial e para o Vigo do futuro\u201d.<\/p>\n<p>As\u00ed mesmo, a deputada popular indicou que esta acometida supor\u00e1 un investimento aproximado de 70 mill\u00f3ns, \u201cnecesario para o crecemento da maior \u00e1rea poboacional e industrial de Galicia\u201d. Por este motivo, lembrou que a propia factor\u00eda de Bala\u00eddos e a Xunta xa avanzaron que presentar\u00e1n alegaci\u00f3ns \u00e1 nova planificaci\u00f3n de Rede Electrica Espa\u00f1ola.<\/p>\n","protected":false},"excerpt":{"rendered":"<p>Santiago, 3 de marzo de 2021.- O Parlamento de Galicia aprobou hoxe por unanimidade a proposici\u00f3n non de lei do Grupo Popular a trav\u00e9s da que se demanda do Goberno de Espa\u00f1a rectifique e incl\u00faa na Planificaci\u00f3n de Rede El\u00e9ctrica de Espa\u00f1a para 2021-2026 a construci\u00f3n dunha nova subestaci\u00f3n para atender a demanda industrial de [&hellip;]<\/p>\n","protected":false},"author":38,"featured_media":55371,"comment_status":"open","ping_status":"open","sticky":false,"template":"","format":"standard","meta":{"_acf_changed":false,"footnotes":""},"categories":[1],"tags":[],"class_list":["post-55372","post","type-post","status-publish","format-standard","has-post-thumbnail","hentry","category-pp-de-galicia"],"acf":[],"yoast_head":"<!-- This site is optimized with the Yoast SEO plugin v27.3 - https:\/\/yoast.com\/product\/yoast-seo-wordpress\/ -->\n<title>O Parlamento galego demanda ao Goberno central que rectifique e atenda a demanda dunha nova subestaci\u00f3n el\u00e9ctrica para Bala\u00eddos - PP de Galicia<\/title>\n<meta name=\"robots\" content=\"index, follow, max-snippet:-1, max-image-preview:large, max-video-preview:-1\" \/>\n<link rel=\"canonical\" href=\"https:\/\/ppdegalicia.com\/es\/o-parlamento-galego-demanda-ao-goberno-central-que-rectifique-e-atenda-a-demanda-dunha-nova-subestacion-electrica-para-balaidos\/\" \/>\n<meta property=\"og:locale\" content=\"es_ES\" \/>\n<meta property=\"og:type\" content=\"article\" \/>\n<meta property=\"og:title\" content=\"O Parlamento galego demanda ao Goberno central que rectifique e atenda a demanda dunha nova subestaci\u00f3n el\u00e9ctrica para Bala\u00eddos - PP de Galicia\" \/>\n<meta property=\"og:description\" content=\"Santiago, 3 de marzo de 2021.- O Parlamento de Galicia aprobou hoxe por unanimidade a proposici\u00f3n non de lei do Grupo Popular a trav\u00e9s da que se demanda do Goberno de Espa\u00f1a rectifique e incl\u00faa na Planificaci\u00f3n de Rede El\u00e9ctrica de Espa\u00f1a para 2021-2026 a construci\u00f3n dunha nova subestaci\u00f3n para atender a demanda industrial de [&hellip;]\" \/>\n<meta property=\"og:url\" content=\"https:\/\/ppdegalicia.com\/es\/o-parlamento-galego-demanda-ao-goberno-central-que-rectifique-e-atenda-a-demanda-dunha-nova-subestacion-electrica-para-balaidos\/\" \/>\n<meta property=\"og:site_name\" content=\"PP de Galicia\" \/>\n<meta property=\"article:publisher\" content=\"https:\/\/www.instagram.com\/ppdegalicia\/\" \/>\n<meta property=\"article:published_time\" content=\"2021-03-03T11:40:17+00:00\" \/>\n<meta property=\"og:image\" content=\"https:\/\/ppdegalicia.com\/wp-content\/uploads\/2021\/03\/1f8cbe1b27f957df422e47f45f6e2924.jpg\" \/>\n\t<meta property=\"og:image:width\" content=\"1900\" \/>\n\t<meta property=\"og:image:height\" content=\"1143\" \/>\n\t<meta property=\"og:image:type\" content=\"image\/jpeg\" \/>\n<meta name=\"author\" content=\"ppdegaliciaredes\" \/>\n<meta name=\"twitter:card\" content=\"summary_large_image\" \/>\n<meta name=\"twitter:creator\" content=\"@ppdegalicia\" \/>\n<meta name=\"twitter:site\" content=\"@ppdegalicia\" \/>\n<meta name=\"twitter:label1\" content=\"Escrito por\" \/>\n\t<meta name=\"twitter:data1\" content=\"ppdegaliciaredes\" \/>\n\t<meta name=\"twitter:label2\" content=\"Tiempo de lectura\" \/>\n\t<meta name=\"twitter:data2\" content=\"3 minutos\" \/>\n<script type=\"application\/ld+json\" class=\"yoast-schema-graph\">{\"@context\":\"https:\\\/\\\/schema.org\",\"@graph\":[{\"@type\":\"Article\",\"@id\":\"https:\\\/\\\/ppdegalicia.com\\\/es\\\/o-parlamento-galego-demanda-ao-goberno-central-que-rectifique-e-atenda-a-demanda-dunha-nova-subestacion-electrica-para-balaidos\\\/#article\",\"isPartOf\":{\"@id\":\"https:\\\/\\\/ppdegalicia.com\\\/es\\\/o-parlamento-galego-demanda-ao-goberno-central-que-rectifique-e-atenda-a-demanda-dunha-nova-subestacion-electrica-para-balaidos\\\/\"},\"author\":{\"name\":\"ppdegaliciaredes\",\"@id\":\"https:\\\/\\\/ppdegalicia.com\\\/es\\\/#\\\/schema\\\/person\\\/5b822c6f59e872ebdd1142f307dbcb59\"},\"headline\":\"O Parlamento galego demanda ao Goberno central que rectifique e atenda a demanda dunha nova subestaci\u00f3n el\u00e9ctrica para Bala\u00eddos\",\"datePublished\":\"2021-03-03T11:40:17+00:00\",\"mainEntityOfPage\":{\"@id\":\"https:\\\/\\\/ppdegalicia.com\\\/es\\\/o-parlamento-galego-demanda-ao-goberno-central-que-rectifique-e-atenda-a-demanda-dunha-nova-subestacion-electrica-para-balaidos\\\/\"},\"wordCount\":557,\"commentCount\":0,\"publisher\":{\"@id\":\"https:\\\/\\\/ppdegalicia.com\\\/es\\\/#organization\"},\"image\":{\"@id\":\"https:\\\/\\\/ppdegalicia.com\\\/es\\\/o-parlamento-galego-demanda-ao-goberno-central-que-rectifique-e-atenda-a-demanda-dunha-nova-subestacion-electrica-para-balaidos\\\/#primaryimage\"},\"thumbnailUrl\":\"https:\\\/\\\/ppdegalicia.com\\\/wp-content\\\/uploads\\\/2021\\\/03\\\/1f8cbe1b27f957df422e47f45f6e2924.jpg\",\"articleSection\":[\"PP de Galicia\"],\"inLanguage\":\"es\",\"potentialAction\":[{\"@type\":\"CommentAction\",\"name\":\"Comment\",\"target\":[\"https:\\\/\\\/ppdegalicia.com\\\/es\\\/o-parlamento-galego-demanda-ao-goberno-central-que-rectifique-e-atenda-a-demanda-dunha-nova-subestacion-electrica-para-balaidos\\\/#respond\"]}]},{\"@type\":\"WebPage\",\"@id\":\"https:\\\/\\\/ppdegalicia.com\\\/es\\\/o-parlamento-galego-demanda-ao-goberno-central-que-rectifique-e-atenda-a-demanda-dunha-nova-subestacion-electrica-para-balaidos\\\/\",\"url\":\"https:\\\/\\\/ppdegalicia.com\\\/es\\\/o-parlamento-galego-demanda-ao-goberno-central-que-rectifique-e-atenda-a-demanda-dunha-nova-subestacion-electrica-para-balaidos\\\/\",\"name\":\"O Parlamento galego demanda ao Goberno central que rectifique e atenda a demanda dunha nova subestaci\u00f3n el\u00e9ctrica para Bala\u00eddos - PP de Galicia\",\"isPartOf\":{\"@id\":\"https:\\\/\\\/ppdegalicia.com\\\/es\\\/#website\"},\"primaryImageOfPage\":{\"@id\":\"https:\\\/\\\/ppdegalicia.com\\\/es\\\/o-parlamento-galego-demanda-ao-goberno-central-que-rectifique-e-atenda-a-demanda-dunha-nova-subestacion-electrica-para-balaidos\\\/#primaryimage\"},\"image\":{\"@id\":\"https:\\\/\\\/ppdegalicia.com\\\/es\\\/o-parlamento-galego-demanda-ao-goberno-central-que-rectifique-e-atenda-a-demanda-dunha-nova-subestacion-electrica-para-balaidos\\\/#primaryimage\"},\"thumbnailUrl\":\"https:\\\/\\\/ppdegalicia.com\\\/wp-content\\\/uploads\\\/2021\\\/03\\\/1f8cbe1b27f957df422e47f45f6e2924.jpg\",\"datePublished\":\"2021-03-03T11:40:17+00:00\",\"breadcrumb\":{\"@id\":\"https:\\\/\\\/ppdegalicia.com\\\/es\\\/o-parlamento-galego-demanda-ao-goberno-central-que-rectifique-e-atenda-a-demanda-dunha-nova-subestacion-electrica-para-balaidos\\\/#breadcrumb\"},\"inLanguage\":\"es\",\"potentialAction\":[{\"@type\":\"ReadAction\",\"target\":[\"https:\\\/\\\/ppdegalicia.com\\\/es\\\/o-parlamento-galego-demanda-ao-goberno-central-que-rectifique-e-atenda-a-demanda-dunha-nova-subestacion-electrica-para-balaidos\\\/\"]}]},{\"@type\":\"ImageObject\",\"inLanguage\":\"es\",\"@id\":\"https:\\\/\\\/ppdegalicia.com\\\/es\\\/o-parlamento-galego-demanda-ao-goberno-central-que-rectifique-e-atenda-a-demanda-dunha-nova-subestacion-electrica-para-balaidos\\\/#primaryimage\",\"url\":\"https:\\\/\\\/ppdegalicia.com\\\/wp-content\\\/uploads\\\/2021\\\/03\\\/1f8cbe1b27f957df422e47f45f6e2924.jpg\",\"contentUrl\":\"https:\\\/\\\/ppdegalicia.com\\\/wp-content\\\/uploads\\\/2021\\\/03\\\/1f8cbe1b27f957df422e47f45f6e2924.jpg\",\"width\":1900,\"height\":1143},{\"@type\":\"BreadcrumbList\",\"@id\":\"https:\\\/\\\/ppdegalicia.com\\\/es\\\/o-parlamento-galego-demanda-ao-goberno-central-que-rectifique-e-atenda-a-demanda-dunha-nova-subestacion-electrica-para-balaidos\\\/#breadcrumb\",\"itemListElement\":[{\"@type\":\"ListItem\",\"position\":1,\"name\":\"Portada\",\"item\":\"https:\\\/\\\/ppdegalicia.com\\\/es\\\/\"},{\"@type\":\"ListItem\",\"position\":2,\"name\":\"O Parlamento galego demanda ao Goberno central que rectifique e atenda a demanda dunha nova subestaci\u00f3n el\u00e9ctrica para Bala\u00eddos\"}]},{\"@type\":\"WebSite\",\"@id\":\"https:\\\/\\\/ppdegalicia.com\\\/es\\\/#website\",\"url\":\"https:\\\/\\\/ppdegalicia.com\\\/es\\\/\",\"name\":\"Partido Popular de Galicia\",\"description\":\"Partido Popular de Galicia\",\"publisher\":{\"@id\":\"https:\\\/\\\/ppdegalicia.com\\\/es\\\/#organization\"},\"alternateName\":\"PP de Galicia\",\"potentialAction\":[{\"@type\":\"SearchAction\",\"target\":{\"@type\":\"EntryPoint\",\"urlTemplate\":\"https:\\\/\\\/ppdegalicia.com\\\/es\\\/?s={search_term_string}\"},\"query-input\":{\"@type\":\"PropertyValueSpecification\",\"valueRequired\":true,\"valueName\":\"search_term_string\"}}],\"inLanguage\":\"es\"},{\"@type\":\"Organization\",\"@id\":\"https:\\\/\\\/ppdegalicia.com\\\/es\\\/#organization\",\"name\":\"Partido Popular de Galicia\",\"alternateName\":\"PP de Galicia\",\"url\":\"https:\\\/\\\/ppdegalicia.com\\\/es\\\/\",\"logo\":{\"@type\":\"ImageObject\",\"inLanguage\":\"es\",\"@id\":\"https:\\\/\\\/ppdegalicia.com\\\/es\\\/#\\\/schema\\\/logo\\\/image\\\/\",\"url\":\"https:\\\/\\\/ppdegalicia.com\\\/wp-content\\\/uploads\\\/2023\\\/04\\\/logoPP512.png\",\"contentUrl\":\"https:\\\/\\\/ppdegalicia.com\\\/wp-content\\\/uploads\\\/2023\\\/04\\\/logoPP512.png\",\"width\":512,\"height\":512,\"caption\":\"Partido Popular de Galicia\"},\"image\":{\"@id\":\"https:\\\/\\\/ppdegalicia.com\\\/es\\\/#\\\/schema\\\/logo\\\/image\\\/\"},\"sameAs\":[\"https:\\\/\\\/www.instagram.com\\\/ppdegalicia\\\/\",\"https:\\\/\\\/x.com\\\/ppdegalicia\",\"https:\\\/\\\/www.tiktok.com\\\/@ppdegalicia\",\"https:\\\/\\\/www.youtube.com\\\/user\\\/ppdegalicia\"]},{\"@type\":\"Person\",\"@id\":\"https:\\\/\\\/ppdegalicia.com\\\/es\\\/#\\\/schema\\\/person\\\/5b822c6f59e872ebdd1142f307dbcb59\",\"name\":\"ppdegaliciaredes\",\"image\":{\"@type\":\"ImageObject\",\"inLanguage\":\"es\",\"@id\":\"https:\\\/\\\/secure.gravatar.com\\\/avatar\\\/3c9179cf0256d00c72a48d1f25783c58b6842cd56e85ef3a572881c8e28ccd59?s=96&d=mm&r=g\",\"url\":\"https:\\\/\\\/secure.gravatar.com\\\/avatar\\\/3c9179cf0256d00c72a48d1f25783c58b6842cd56e85ef3a572881c8e28ccd59?s=96&d=mm&r=g\",\"contentUrl\":\"https:\\\/\\\/secure.gravatar.com\\\/avatar\\\/3c9179cf0256d00c72a48d1f25783c58b6842cd56e85ef3a572881c8e28ccd59?s=96&d=mm&r=g\",\"caption\":\"ppdegaliciaredes\"},\"url\":\"https:\\\/\\\/ppdegalicia.com\\\/es\\\/author\\\/ppdegaliciaredes\\\/\"}]}<\/script>\n<!-- \/ Yoast SEO plugin. -->","yoast_head_json":{"title":"O Parlamento galego demanda ao Goberno central que rectifique e atenda a demanda dunha nova subestaci\u00f3n el\u00e9ctrica para Bala\u00eddos - PP de Galicia","robots":{"index":"index","follow":"follow","max-snippet":"max-snippet:-1","max-image-preview":"max-image-preview:large","max-video-preview":"max-video-preview:-1"},"canonical":"https:\/\/ppdegalicia.com\/es\/o-parlamento-galego-demanda-ao-goberno-central-que-rectifique-e-atenda-a-demanda-dunha-nova-subestacion-electrica-para-balaidos\/","og_locale":"es_ES","og_type":"article","og_title":"O Parlamento galego demanda ao Goberno central que rectifique e atenda a demanda dunha nova subestaci\u00f3n el\u00e9ctrica para Bala\u00eddos - PP de Galicia","og_description":"Santiago, 3 de marzo de 2021.- O Parlamento de Galicia aprobou hoxe por unanimidade a proposici\u00f3n non de lei do Grupo Popular a trav\u00e9s da que se demanda do Goberno de Espa\u00f1a rectifique e incl\u00faa na Planificaci\u00f3n de Rede El\u00e9ctrica de Espa\u00f1a para 2021-2026 a construci\u00f3n dunha nova subestaci\u00f3n para atender a demanda industrial de [&hellip;]","og_url":"https:\/\/ppdegalicia.com\/es\/o-parlamento-galego-demanda-ao-goberno-central-que-rectifique-e-atenda-a-demanda-dunha-nova-subestacion-electrica-para-balaidos\/","og_site_name":"PP de Galicia","article_publisher":"https:\/\/www.instagram.com\/ppdegalicia\/","article_published_time":"2021-03-03T11:40:17+00:00","og_image":[{"width":1900,"height":1143,"url":"https:\/\/ppdegalicia.com\/wp-content\/uploads\/2021\/03\/1f8cbe1b27f957df422e47f45f6e2924.jpg","type":"image\/jpeg"}],"author":"ppdegaliciaredes","twitter_card":"summary_large_image","twitter_creator":"@ppdegalicia","twitter_site":"@ppdegalicia","twitter_misc":{"Escrito por":"ppdegaliciaredes","Tiempo de lectura":"3 minutos"},"schema":{"@context":"https:\/\/schema.org","@graph":[{"@type":"Article","@id":"https:\/\/ppdegalicia.com\/es\/o-parlamento-galego-demanda-ao-goberno-central-que-rectifique-e-atenda-a-demanda-dunha-nova-subestacion-electrica-para-balaidos\/#article","isPartOf":{"@id":"https:\/\/ppdegalicia.com\/es\/o-parlamento-galego-demanda-ao-goberno-central-que-rectifique-e-atenda-a-demanda-dunha-nova-subestacion-electrica-para-balaidos\/"},"author":{"name":"ppdegaliciaredes","@id":"https:\/\/ppdegalicia.com\/es\/#\/schema\/person\/5b822c6f59e872ebdd1142f307dbcb59"},"headline":"O Parlamento galego demanda ao Goberno central que rectifique e atenda a demanda dunha nova subestaci\u00f3n el\u00e9ctrica para Bala\u00eddos","datePublished":"2021-03-03T11:40:17+00:00","mainEntityOfPage":{"@id":"https:\/\/ppdegalicia.com\/es\/o-parlamento-galego-demanda-ao-goberno-central-que-rectifique-e-atenda-a-demanda-dunha-nova-subestacion-electrica-para-balaidos\/"},"wordCount":557,"commentCount":0,"publisher":{"@id":"https:\/\/ppdegalicia.com\/es\/#organization"},"image":{"@id":"https:\/\/ppdegalicia.com\/es\/o-parlamento-galego-demanda-ao-goberno-central-que-rectifique-e-atenda-a-demanda-dunha-nova-subestacion-electrica-para-balaidos\/#primaryimage"},"thumbnailUrl":"https:\/\/ppdegalicia.com\/wp-content\/uploads\/2021\/03\/1f8cbe1b27f957df422e47f45f6e2924.jpg","articleSection":["PP de Galicia"],"inLanguage":"es","potentialAction":[{"@type":"CommentAction","name":"Comment","target":["https:\/\/ppdegalicia.com\/es\/o-parlamento-galego-demanda-ao-goberno-central-que-rectifique-e-atenda-a-demanda-dunha-nova-subestacion-electrica-para-balaidos\/#respond"]}]},{"@type":"WebPage","@id":"https:\/\/ppdegalicia.com\/es\/o-parlamento-galego-demanda-ao-goberno-central-que-rectifique-e-atenda-a-demanda-dunha-nova-subestacion-electrica-para-balaidos\/","url":"https:\/\/ppdegalicia.com\/es\/o-parlamento-galego-demanda-ao-goberno-central-que-rectifique-e-atenda-a-demanda-dunha-nova-subestacion-electrica-para-balaidos\/","name":"O Parlamento galego demanda ao Goberno central que rectifique e atenda a demanda dunha nova subestaci\u00f3n el\u00e9ctrica para Bala\u00eddos - PP de Galicia","isPartOf":{"@id":"https:\/\/ppdegalicia.com\/es\/#website"},"primaryImageOfPage":{"@id":"https:\/\/ppdegalicia.com\/es\/o-parlamento-galego-demanda-ao-goberno-central-que-rectifique-e-atenda-a-demanda-dunha-nova-subestacion-electrica-para-balaidos\/#primaryimage"},"image":{"@id":"https:\/\/ppdegalicia.com\/es\/o-parlamento-galego-demanda-ao-goberno-central-que-rectifique-e-atenda-a-demanda-dunha-nova-subestacion-electrica-para-balaidos\/#primaryimage"},"thumbnailUrl":"https:\/\/ppdegalicia.com\/wp-content\/uploads\/2021\/03\/1f8cbe1b27f957df422e47f45f6e2924.jpg","datePublished":"2021-03-03T11:40:17+00:00","breadcrumb":{"@id":"https:\/\/ppdegalicia.com\/es\/o-parlamento-galego-demanda-ao-goberno-central-que-rectifique-e-atenda-a-demanda-dunha-nova-subestacion-electrica-para-balaidos\/#breadcrumb"},"inLanguage":"es","potentialAction":[{"@type":"ReadAction","target":["https:\/\/ppdegalicia.com\/es\/o-parlamento-galego-demanda-ao-goberno-central-que-rectifique-e-atenda-a-demanda-dunha-nova-subestacion-electrica-para-balaidos\/"]}]},{"@type":"ImageObject","inLanguage":"es","@id":"https:\/\/ppdegalicia.com\/es\/o-parlamento-galego-demanda-ao-goberno-central-que-rectifique-e-atenda-a-demanda-dunha-nova-subestacion-electrica-para-balaidos\/#primaryimage","url":"https:\/\/ppdegalicia.com\/wp-content\/uploads\/2021\/03\/1f8cbe1b27f957df422e47f45f6e2924.jpg","contentUrl":"https:\/\/ppdegalicia.com\/wp-content\/uploads\/2021\/03\/1f8cbe1b27f957df422e47f45f6e2924.jpg","width":1900,"height":1143},{"@type":"BreadcrumbList","@id":"https:\/\/ppdegalicia.com\/es\/o-parlamento-galego-demanda-ao-goberno-central-que-rectifique-e-atenda-a-demanda-dunha-nova-subestacion-electrica-para-balaidos\/#breadcrumb","itemListElement":[{"@type":"ListItem","position":1,"name":"Portada","item":"https:\/\/ppdegalicia.com\/es\/"},{"@type":"ListItem","position":2,"name":"O Parlamento galego demanda ao Goberno central que rectifique e atenda a demanda dunha nova subestaci\u00f3n el\u00e9ctrica para Bala\u00eddos"}]},{"@type":"WebSite","@id":"https:\/\/ppdegalicia.com\/es\/#website","url":"https:\/\/ppdegalicia.com\/es\/","name":"Partido Popular de Galicia","description":"Partido Popular de Galicia","publisher":{"@id":"https:\/\/ppdegalicia.com\/es\/#organization"},"alternateName":"PP de Galicia","potentialAction":[{"@type":"SearchAction","target":{"@type":"EntryPoint","urlTemplate":"https:\/\/ppdegalicia.com\/es\/?s={search_term_string}"},"query-input":{"@type":"PropertyValueSpecification","valueRequired":true,"valueName":"search_term_string"}}],"inLanguage":"es"},{"@type":"Organization","@id":"https:\/\/ppdegalicia.com\/es\/#organization","name":"Partido Popular de Galicia","alternateName":"PP de Galicia","url":"https:\/\/ppdegalicia.com\/es\/","logo":{"@type":"ImageObject","inLanguage":"es","@id":"https:\/\/ppdegalicia.com\/es\/#\/schema\/logo\/image\/","url":"https:\/\/ppdegalicia.com\/wp-content\/uploads\/2023\/04\/logoPP512.png","contentUrl":"https:\/\/ppdegalicia.com\/wp-content\/uploads\/2023\/04\/logoPP512.png","width":512,"height":512,"caption":"Partido Popular de Galicia"},"image":{"@id":"https:\/\/ppdegalicia.com\/es\/#\/schema\/logo\/image\/"},"sameAs":["https:\/\/www.instagram.com\/ppdegalicia\/","https:\/\/x.com\/ppdegalicia","https:\/\/www.tiktok.com\/@ppdegalicia","https:\/\/www.youtube.com\/user\/ppdegalicia"]},{"@type":"Person","@id":"https:\/\/ppdegalicia.com\/es\/#\/schema\/person\/5b822c6f59e872ebdd1142f307dbcb59","name":"ppdegaliciaredes","image":{"@type":"ImageObject","inLanguage":"es","@id":"https:\/\/secure.gravatar.com\/avatar\/3c9179cf0256d00c72a48d1f25783c58b6842cd56e85ef3a572881c8e28ccd59?s=96&d=mm&r=g","url":"https:\/\/secure.gravatar.com\/avatar\/3c9179cf0256d00c72a48d1f25783c58b6842cd56e85ef3a572881c8e28ccd59?s=96&d=mm&r=g","contentUrl":"https:\/\/secure.gravatar.com\/avatar\/3c9179cf0256d00c72a48d1f25783c58b6842cd56e85ef3a572881c8e28ccd59?s=96&d=mm&r=g","caption":"ppdegaliciaredes"},"url":"https:\/\/ppdegalicia.com\/es\/author\/ppdegaliciaredes\/"}]}},"_links":{"self":[{"href":"https:\/\/ppdegalicia.com\/es\/wp-json\/wp\/v2\/posts\/55372","targetHints":{"allow":["GET"]}}],"collection":[{"href":"https:\/\/ppdegalicia.com\/es\/wp-json\/wp\/v2\/posts"}],"about":[{"href":"https:\/\/ppdegalicia.com\/es\/wp-json\/wp\/v2\/types\/post"}],"author":[{"embeddable":true,"href":"https:\/\/ppdegalicia.com\/es\/wp-json\/wp\/v2\/users\/38"}],"replies":[{"embeddable":true,"href":"https:\/\/ppdegalicia.com\/es\/wp-json\/wp\/v2\/comments?post=55372"}],"version-history":[{"count":0,"href":"https:\/\/ppdegalicia.com\/es\/wp-json\/wp\/v2\/posts\/55372\/revisions"}],"wp:featuredmedia":[{"embeddable":true,"href":"https:\/\/ppdegalicia.com\/es\/wp-json\/wp\/v2\/media\/55371"}],"wp:attachment":[{"href":"https:\/\/ppdegalicia.com\/es\/wp-json\/wp\/v2\/media?parent=55372"}],"wp:term":[{"taxonomy":"category","embeddable":true,"href":"https:\/\/ppdegalicia.com\/es\/wp-json\/wp\/v2\/categories?post=55372"},{"taxonomy":"post_tag","embeddable":true,"href":"https:\/\/ppdegalicia.com\/es\/wp-json\/wp\/v2\/tags?post=55372"}],"curies":[{"name":"wp","href":"https:\/\/api.w.org\/{rel}","templated":true}]}}