{"id":55384,"date":"2021-03-06T13:03:23","date_gmt":"2021-03-06T11:03:23","guid":{"rendered":"https:\/\/ppdegalicia.com\/feijoo-salienta-que-o-ppdeg-leva-decadas-liderando-a-loita-pola-igualdade-real-e-efectiva-desde-as-institucions\/"},"modified":"2021-03-06T13:03:23","modified_gmt":"2021-03-06T11:03:23","slug":"feijoo-salienta-que-o-ppdeg-leva-decadas-liderando-a-loita-pola-igualdade-real-e-efectiva-desde-as-institucions","status":"publish","type":"post","link":"https:\/\/ppdegalicia.com\/es\/feijoo-salienta-que-o-ppdeg-leva-decadas-liderando-a-loita-pola-igualdade-real-e-efectiva-desde-as-institucions\/","title":{"rendered":"Feij\u00f3o salienta que o PPdeG leva d\u00e9cadas liderando a loita pola igualdade real e efectiva desde as instituci\u00f3ns"},"content":{"rendered":"<p><img fetchpriority=\"high\" decoding=\"async\" class=\" size-full wp-image-55383\" src=\"https:\/\/ppdegalicia.com\/wp-content\/uploads\/2021\/03\/f9ed36389057c757d825df002515e553-scaled.jpg\" alt=\"\" width=\"2560\" height=\"1611\" srcset=\"https:\/\/ppdegalicia.com\/wp-content\/uploads\/2021\/03\/f9ed36389057c757d825df002515e553-scaled.jpg 2560w, https:\/\/ppdegalicia.com\/wp-content\/uploads\/2021\/03\/f9ed36389057c757d825df002515e553-300x189.jpg 300w, https:\/\/ppdegalicia.com\/wp-content\/uploads\/2021\/03\/f9ed36389057c757d825df002515e553-1024x645.jpg 1024w, https:\/\/ppdegalicia.com\/wp-content\/uploads\/2021\/03\/f9ed36389057c757d825df002515e553-768x483.jpg 768w, https:\/\/ppdegalicia.com\/wp-content\/uploads\/2021\/03\/f9ed36389057c757d825df002515e553-1536x967.jpg 1536w, https:\/\/ppdegalicia.com\/wp-content\/uploads\/2021\/03\/f9ed36389057c757d825df002515e553-2048x1289.jpg 2048w\" sizes=\"(max-width: 2560px) 100vw, 2560px\" \/><\/p>\n<p style=\"text-align: justify;\">O presidente afirma que a igualdade \u00e9 un desaf\u00edo de todos e manifesta que seguir\u00e1n traballando por todas as mulleres da nosa Comunidade<\/p>\n<p><!--more--><\/p>\n<p style=\"text-align: justify;\">O presidente do PPdeG, Alberto N\u00fa\u00f1ez Feij\u00f3o, salientou no acto que os populares celebraron polo D\u00eda da Muller que o seu partido leva d\u00e9cadas liderando a loita pola igualdade real e efectiva desde as instituci\u00f3ns.<\/p>\n<p style=\"text-align: justify;\">\u00a0<\/p>\n<p style=\"text-align: justify;\">Segundo recordou, os populares puxeron en marcha hai case 30 anos o primeiro Plan de Igualdade da historia da Autonom\u00eda, aprobaron en 2004 a primeira Lei de Igualdade, impulsaron a igualdade como un feito transversal \u00e1 s\u00faa acci\u00f3n de Goberno. Ademais, resaltou a posta en marcha do Consello Galego das Mulleres, a Comisi\u00f3n Asesora para a Publicidade non sexista, os programas de Muller e Ciencia, as axudas para o asociacionismo feminino e as emprendedoras, os Plans de Igualdade no \u00e1mbito da Educaci\u00f3n e a Administraci\u00f3n ou o Plan Galego de Conciliaci\u00f3n e Corresponsabilidade 2018-2021, co que se executaron\u00a0 en catro anos m\u00e1is de 800 mill\u00f3ns de euros.<\/p>\n<p style=\"text-align: justify;\">\u00a0<\/p>\n<p style=\"text-align: justify;\">O l\u00edder do PPdeG tam\u00e9n puxo en valor a creaci\u00f3n da Conseller\u00eda de Emprego e Igualdade, conscientes de que ambas \u00e1reas deb\u00edan ir da man. Nese senso, incidiu en que non pode haber igualdade se non hai independencia econ\u00f3mica, e non pode haber independencia econ\u00f3mica se non hai emprego.<\/p>\n<p style=\"text-align: justify;\">\u00a0<\/p>\n<p style=\"text-align: justify;\"><strong><u>UNHAS MANIFESTACI\u00d3NS PRUDENTES<\/u><\/strong><\/p>\n<p style=\"text-align: justify;\">Como sinalou, a pandemia mudouno todo salvo que son as mulleres as que sofren m\u00e1is os efectos das crises. Por iso, apuntou que hoxe as reivindicaci\u00f3ns dunha igualdade real entre homes e mulleres son m\u00e1is necesarias que nunca pero deben ser prudentes, cumprindo as medidas sanitarias e cun comportamento c\u00edvico, todo o contrario do que se viu noutras concentraci\u00f3ns que alentan alg\u00fans partidos pol\u00edticos.<\/p>\n<p style=\"text-align: justify;\">As\u00ed mesmo, indicou que as persoas que queiran sa\u00edr \u00e1 r\u00faa este ano si estar\u00e1n informadas, a diferenza do que ocorreu en 2020, cando o Goberno de Espa\u00f1a pediu participaci\u00f3ns masivas atendendo a criterios puramente pol\u00edticos mentres outros pa\u00edses da nosa contorna xa ti\u00f1an zonas confinadas.\u00a0<\/p>\n<p style=\"text-align: justify;\">\u00a0<\/p>\n<p style=\"text-align: justify;\"><strong><u>SEGUIR APOSTANDO POLA IGUALDADE<\/u><\/strong><\/p>\n<p style=\"text-align: justify;\">Durante a s\u00faa intervenci\u00f3n, o presidente lamentou o fraco favor que lle fixeron os partidos que conforman o Executivo central e os seus socios no \u00faltimo ano \u00e1 igualdade, empregando o feminismo para darse codazos e ver quen pod\u00eda sacar m\u00e1is r\u00e9dito pol\u00edtico; querendo dar lecci\u00f3ns e dicindo que, se non es de esquerdas, non podes ser feminista; e facendo que o Ministerio de Igualdade fose noticia polos esc\u00e1ndalos e polas liortas internas. Por iso, manifestou que, fronte aos que apostan por enfrontar \u00e1s mulleres e fronte aos que pensan que estas reivindicaci\u00f3ns non son cousa deles, os populares sempre defender\u00e1n sumar e integrar xa que a igualdade \u00e9 un desaf\u00edo de todos.<\/p>\n<p style=\"text-align: justify;\">\u00a0<\/p>\n<p style=\"text-align: justify;\">Do mesmo xeito, subli\u00f1ou que o PPdeG seguir\u00e1 traballando por unha igualdade que sexa encontro e non trincheira, por unha Galicia na que a expresi\u00f3n \u201cteitos de cristal\u201d sexa parte do pasado, por achegar a igualdade a todos os eidos da vida, para que a conciliaci\u00f3n e a corresponsabilidade avancen e sigan indo da man, por un emprego de calidade, e para que as mulleres non te\u00f1an que escoller entre as s\u00faas carreiras profesionais e o seus proxectos vitais. \u201cSeguiremos traballando por todas as mulleres de Galicia\u201d, engadiu.<\/p>\n<p style=\"text-align: justify;\">\u00a0<\/p>\n<p style=\"text-align: justify;\"><strong><u>UN 8-M PARA EMILIA PARDO BAZ\u00c1N<\/u><\/strong><\/p>\n<p style=\"text-align: justify;\">\u00a0<\/p>\n<p style=\"text-align: justify;\">Feij\u00f3o non quixo rematar o seu discurso sen reivindicar a figura de Emilia Pardo Baz\u00e1n. Neste sentido, amosouse moi orgulloso de querer converter o Pazo de Meir\u00e1s nun lugar de encontro e punto de referencia do feminismo en Galicia, en Espa\u00f1a e Europa.<\/p>\n<p style=\"text-align: justify;\">Sobre isto, asegurou que se equivocan os que pretenden obstaculizalo, os que queren impo\u00f1er visi\u00f3ns partidistas e ideol\u00f3xicas ao seu uso e os que menosprezan o papel das figuras que marcaron o cami\u00f1o da igualdade e do feminismo.<\/p>\n<p style=\"text-align: justify;\">\u00a0<\/p>\n","protected":false},"excerpt":{"rendered":"<p>O presidente afirma que a igualdade \u00e9 un desaf\u00edo de todos e manifesta que seguir\u00e1n traballando por todas as mulleres da nosa Comunidade<\/p>\n","protected":false},"author":38,"featured_media":55383,"comment_status":"open","ping_status":"open","sticky":false,"template":"","format":"standard","meta":{"_acf_changed":false,"footnotes":""},"categories":[1],"tags":[],"class_list":["post-55384","post","type-post","status-publish","format-standard","has-post-thumbnail","hentry","category-pp-de-galicia"],"acf":[],"yoast_head":"<!-- This site is optimized with the Yoast SEO plugin v27.3 - https:\/\/yoast.com\/product\/yoast-seo-wordpress\/ -->\n<title>Feij\u00f3o salienta que o PPdeG leva d\u00e9cadas liderando a loita pola igualdade real e efectiva desde as instituci\u00f3ns - PP de Galicia<\/title>\n<meta name=\"robots\" content=\"index, follow, max-snippet:-1, max-image-preview:large, max-video-preview:-1\" \/>\n<link rel=\"canonical\" href=\"https:\/\/ppdegalicia.com\/es\/feijoo-salienta-que-o-ppdeg-leva-decadas-liderando-a-loita-pola-igualdade-real-e-efectiva-desde-as-institucions\/\" \/>\n<meta property=\"og:locale\" content=\"es_ES\" \/>\n<meta property=\"og:type\" content=\"article\" \/>\n<meta property=\"og:title\" content=\"Feij\u00f3o salienta que o PPdeG leva d\u00e9cadas liderando a loita pola igualdade real e efectiva desde as instituci\u00f3ns - PP de Galicia\" \/>\n<meta property=\"og:description\" content=\"O presidente afirma que a igualdade \u00e9 un desaf\u00edo de todos e manifesta que seguir\u00e1n traballando por todas as mulleres da nosa Comunidade\" \/>\n<meta property=\"og:url\" content=\"https:\/\/ppdegalicia.com\/es\/feijoo-salienta-que-o-ppdeg-leva-decadas-liderando-a-loita-pola-igualdade-real-e-efectiva-desde-as-institucions\/\" \/>\n<meta property=\"og:site_name\" content=\"PP de Galicia\" \/>\n<meta property=\"article:publisher\" content=\"https:\/\/www.instagram.com\/ppdegalicia\/\" \/>\n<meta property=\"article:published_time\" content=\"2021-03-06T11:03:23+00:00\" \/>\n<meta property=\"og:image\" content=\"https:\/\/ppdegalicia.com\/wp-content\/uploads\/2021\/03\/f9ed36389057c757d825df002515e553-scaled.jpg\" \/>\n\t<meta property=\"og:image:width\" content=\"2560\" \/>\n\t<meta property=\"og:image:height\" content=\"1611\" \/>\n\t<meta property=\"og:image:type\" content=\"image\/jpeg\" \/>\n<meta name=\"author\" content=\"ppdegaliciaredes\" \/>\n<meta name=\"twitter:card\" content=\"summary_large_image\" \/>\n<meta name=\"twitter:creator\" content=\"@ppdegalicia\" \/>\n<meta name=\"twitter:site\" content=\"@ppdegalicia\" \/>\n<meta name=\"twitter:label1\" content=\"Escrito por\" \/>\n\t<meta name=\"twitter:data1\" content=\"ppdegaliciaredes\" \/>\n\t<meta name=\"twitter:label2\" content=\"Tiempo de lectura\" \/>\n\t<meta name=\"twitter:data2\" content=\"3 minutos\" \/>\n<script type=\"application\/ld+json\" class=\"yoast-schema-graph\">{\"@context\":\"https:\\\/\\\/schema.org\",\"@graph\":[{\"@type\":\"Article\",\"@id\":\"https:\\\/\\\/ppdegalicia.com\\\/es\\\/feijoo-salienta-que-o-ppdeg-leva-decadas-liderando-a-loita-pola-igualdade-real-e-efectiva-desde-as-institucions\\\/#article\",\"isPartOf\":{\"@id\":\"https:\\\/\\\/ppdegalicia.com\\\/es\\\/feijoo-salienta-que-o-ppdeg-leva-decadas-liderando-a-loita-pola-igualdade-real-e-efectiva-desde-as-institucions\\\/\"},\"author\":{\"name\":\"ppdegaliciaredes\",\"@id\":\"https:\\\/\\\/ppdegalicia.com\\\/es\\\/#\\\/schema\\\/person\\\/5b822c6f59e872ebdd1142f307dbcb59\"},\"headline\":\"Feij\u00f3o salienta que o PPdeG leva d\u00e9cadas liderando a loita pola igualdade real e efectiva desde as instituci\u00f3ns\",\"datePublished\":\"2021-03-06T11:03:23+00:00\",\"mainEntityOfPage\":{\"@id\":\"https:\\\/\\\/ppdegalicia.com\\\/es\\\/feijoo-salienta-que-o-ppdeg-leva-decadas-liderando-a-loita-pola-igualdade-real-e-efectiva-desde-as-institucions\\\/\"},\"wordCount\":695,\"commentCount\":0,\"publisher\":{\"@id\":\"https:\\\/\\\/ppdegalicia.com\\\/es\\\/#organization\"},\"image\":{\"@id\":\"https:\\\/\\\/ppdegalicia.com\\\/es\\\/feijoo-salienta-que-o-ppdeg-leva-decadas-liderando-a-loita-pola-igualdade-real-e-efectiva-desde-as-institucions\\\/#primaryimage\"},\"thumbnailUrl\":\"https:\\\/\\\/ppdegalicia.com\\\/wp-content\\\/uploads\\\/2021\\\/03\\\/f9ed36389057c757d825df002515e553-scaled.jpg\",\"articleSection\":[\"PP de Galicia\"],\"inLanguage\":\"es\",\"potentialAction\":[{\"@type\":\"CommentAction\",\"name\":\"Comment\",\"target\":[\"https:\\\/\\\/ppdegalicia.com\\\/es\\\/feijoo-salienta-que-o-ppdeg-leva-decadas-liderando-a-loita-pola-igualdade-real-e-efectiva-desde-as-institucions\\\/#respond\"]}]},{\"@type\":\"WebPage\",\"@id\":\"https:\\\/\\\/ppdegalicia.com\\\/es\\\/feijoo-salienta-que-o-ppdeg-leva-decadas-liderando-a-loita-pola-igualdade-real-e-efectiva-desde-as-institucions\\\/\",\"url\":\"https:\\\/\\\/ppdegalicia.com\\\/es\\\/feijoo-salienta-que-o-ppdeg-leva-decadas-liderando-a-loita-pola-igualdade-real-e-efectiva-desde-as-institucions\\\/\",\"name\":\"Feij\u00f3o salienta que o PPdeG leva d\u00e9cadas liderando a loita pola igualdade real e efectiva desde as instituci\u00f3ns - PP de Galicia\",\"isPartOf\":{\"@id\":\"https:\\\/\\\/ppdegalicia.com\\\/es\\\/#website\"},\"primaryImageOfPage\":{\"@id\":\"https:\\\/\\\/ppdegalicia.com\\\/es\\\/feijoo-salienta-que-o-ppdeg-leva-decadas-liderando-a-loita-pola-igualdade-real-e-efectiva-desde-as-institucions\\\/#primaryimage\"},\"image\":{\"@id\":\"https:\\\/\\\/ppdegalicia.com\\\/es\\\/feijoo-salienta-que-o-ppdeg-leva-decadas-liderando-a-loita-pola-igualdade-real-e-efectiva-desde-as-institucions\\\/#primaryimage\"},\"thumbnailUrl\":\"https:\\\/\\\/ppdegalicia.com\\\/wp-content\\\/uploads\\\/2021\\\/03\\\/f9ed36389057c757d825df002515e553-scaled.jpg\",\"datePublished\":\"2021-03-06T11:03:23+00:00\",\"breadcrumb\":{\"@id\":\"https:\\\/\\\/ppdegalicia.com\\\/es\\\/feijoo-salienta-que-o-ppdeg-leva-decadas-liderando-a-loita-pola-igualdade-real-e-efectiva-desde-as-institucions\\\/#breadcrumb\"},\"inLanguage\":\"es\",\"potentialAction\":[{\"@type\":\"ReadAction\",\"target\":[\"https:\\\/\\\/ppdegalicia.com\\\/es\\\/feijoo-salienta-que-o-ppdeg-leva-decadas-liderando-a-loita-pola-igualdade-real-e-efectiva-desde-as-institucions\\\/\"]}]},{\"@type\":\"ImageObject\",\"inLanguage\":\"es\",\"@id\":\"https:\\\/\\\/ppdegalicia.com\\\/es\\\/feijoo-salienta-que-o-ppdeg-leva-decadas-liderando-a-loita-pola-igualdade-real-e-efectiva-desde-as-institucions\\\/#primaryimage\",\"url\":\"https:\\\/\\\/ppdegalicia.com\\\/wp-content\\\/uploads\\\/2021\\\/03\\\/f9ed36389057c757d825df002515e553-scaled.jpg\",\"contentUrl\":\"https:\\\/\\\/ppdegalicia.com\\\/wp-content\\\/uploads\\\/2021\\\/03\\\/f9ed36389057c757d825df002515e553-scaled.jpg\",\"width\":2560,\"height\":1611},{\"@type\":\"BreadcrumbList\",\"@id\":\"https:\\\/\\\/ppdegalicia.com\\\/es\\\/feijoo-salienta-que-o-ppdeg-leva-decadas-liderando-a-loita-pola-igualdade-real-e-efectiva-desde-as-institucions\\\/#breadcrumb\",\"itemListElement\":[{\"@type\":\"ListItem\",\"position\":1,\"name\":\"Portada\",\"item\":\"https:\\\/\\\/ppdegalicia.com\\\/es\\\/\"},{\"@type\":\"ListItem\",\"position\":2,\"name\":\"Feij\u00f3o salienta que o PPdeG leva d\u00e9cadas liderando a loita pola igualdade real e efectiva desde as instituci\u00f3ns\"}]},{\"@type\":\"WebSite\",\"@id\":\"https:\\\/\\\/ppdegalicia.com\\\/es\\\/#website\",\"url\":\"https:\\\/\\\/ppdegalicia.com\\\/es\\\/\",\"name\":\"Partido Popular de Galicia\",\"description\":\"Partido Popular de Galicia\",\"publisher\":{\"@id\":\"https:\\\/\\\/ppdegalicia.com\\\/es\\\/#organization\"},\"alternateName\":\"PP de Galicia\",\"potentialAction\":[{\"@type\":\"SearchAction\",\"target\":{\"@type\":\"EntryPoint\",\"urlTemplate\":\"https:\\\/\\\/ppdegalicia.com\\\/es\\\/?s={search_term_string}\"},\"query-input\":{\"@type\":\"PropertyValueSpecification\",\"valueRequired\":true,\"valueName\":\"search_term_string\"}}],\"inLanguage\":\"es\"},{\"@type\":\"Organization\",\"@id\":\"https:\\\/\\\/ppdegalicia.com\\\/es\\\/#organization\",\"name\":\"Partido Popular de Galicia\",\"alternateName\":\"PP de Galicia\",\"url\":\"https:\\\/\\\/ppdegalicia.com\\\/es\\\/\",\"logo\":{\"@type\":\"ImageObject\",\"inLanguage\":\"es\",\"@id\":\"https:\\\/\\\/ppdegalicia.com\\\/es\\\/#\\\/schema\\\/logo\\\/image\\\/\",\"url\":\"https:\\\/\\\/ppdegalicia.com\\\/wp-content\\\/uploads\\\/2023\\\/04\\\/logoPP512.png\",\"contentUrl\":\"https:\\\/\\\/ppdegalicia.com\\\/wp-content\\\/uploads\\\/2023\\\/04\\\/logoPP512.png\",\"width\":512,\"height\":512,\"caption\":\"Partido Popular de Galicia\"},\"image\":{\"@id\":\"https:\\\/\\\/ppdegalicia.com\\\/es\\\/#\\\/schema\\\/logo\\\/image\\\/\"},\"sameAs\":[\"https:\\\/\\\/www.instagram.com\\\/ppdegalicia\\\/\",\"https:\\\/\\\/x.com\\\/ppdegalicia\",\"https:\\\/\\\/www.tiktok.com\\\/@ppdegalicia\",\"https:\\\/\\\/www.youtube.com\\\/user\\\/ppdegalicia\"]},{\"@type\":\"Person\",\"@id\":\"https:\\\/\\\/ppdegalicia.com\\\/es\\\/#\\\/schema\\\/person\\\/5b822c6f59e872ebdd1142f307dbcb59\",\"name\":\"ppdegaliciaredes\",\"image\":{\"@type\":\"ImageObject\",\"inLanguage\":\"es\",\"@id\":\"https:\\\/\\\/secure.gravatar.com\\\/avatar\\\/3c9179cf0256d00c72a48d1f25783c58b6842cd56e85ef3a572881c8e28ccd59?s=96&d=mm&r=g\",\"url\":\"https:\\\/\\\/secure.gravatar.com\\\/avatar\\\/3c9179cf0256d00c72a48d1f25783c58b6842cd56e85ef3a572881c8e28ccd59?s=96&d=mm&r=g\",\"contentUrl\":\"https:\\\/\\\/secure.gravatar.com\\\/avatar\\\/3c9179cf0256d00c72a48d1f25783c58b6842cd56e85ef3a572881c8e28ccd59?s=96&d=mm&r=g\",\"caption\":\"ppdegaliciaredes\"},\"url\":\"https:\\\/\\\/ppdegalicia.com\\\/es\\\/author\\\/ppdegaliciaredes\\\/\"}]}<\/script>\n<!-- \/ Yoast SEO plugin. -->","yoast_head_json":{"title":"Feij\u00f3o salienta que o PPdeG leva d\u00e9cadas liderando a loita pola igualdade real e efectiva desde as instituci\u00f3ns - PP de Galicia","robots":{"index":"index","follow":"follow","max-snippet":"max-snippet:-1","max-image-preview":"max-image-preview:large","max-video-preview":"max-video-preview:-1"},"canonical":"https:\/\/ppdegalicia.com\/es\/feijoo-salienta-que-o-ppdeg-leva-decadas-liderando-a-loita-pola-igualdade-real-e-efectiva-desde-as-institucions\/","og_locale":"es_ES","og_type":"article","og_title":"Feij\u00f3o salienta que o PPdeG leva d\u00e9cadas liderando a loita pola igualdade real e efectiva desde as instituci\u00f3ns - PP de Galicia","og_description":"O presidente afirma que a igualdade \u00e9 un desaf\u00edo de todos e manifesta que seguir\u00e1n traballando por todas as mulleres da nosa Comunidade","og_url":"https:\/\/ppdegalicia.com\/es\/feijoo-salienta-que-o-ppdeg-leva-decadas-liderando-a-loita-pola-igualdade-real-e-efectiva-desde-as-institucions\/","og_site_name":"PP de Galicia","article_publisher":"https:\/\/www.instagram.com\/ppdegalicia\/","article_published_time":"2021-03-06T11:03:23+00:00","og_image":[{"width":2560,"height":1611,"url":"https:\/\/ppdegalicia.com\/wp-content\/uploads\/2021\/03\/f9ed36389057c757d825df002515e553-scaled.jpg","type":"image\/jpeg"}],"author":"ppdegaliciaredes","twitter_card":"summary_large_image","twitter_creator":"@ppdegalicia","twitter_site":"@ppdegalicia","twitter_misc":{"Escrito por":"ppdegaliciaredes","Tiempo de lectura":"3 minutos"},"schema":{"@context":"https:\/\/schema.org","@graph":[{"@type":"Article","@id":"https:\/\/ppdegalicia.com\/es\/feijoo-salienta-que-o-ppdeg-leva-decadas-liderando-a-loita-pola-igualdade-real-e-efectiva-desde-as-institucions\/#article","isPartOf":{"@id":"https:\/\/ppdegalicia.com\/es\/feijoo-salienta-que-o-ppdeg-leva-decadas-liderando-a-loita-pola-igualdade-real-e-efectiva-desde-as-institucions\/"},"author":{"name":"ppdegaliciaredes","@id":"https:\/\/ppdegalicia.com\/es\/#\/schema\/person\/5b822c6f59e872ebdd1142f307dbcb59"},"headline":"Feij\u00f3o salienta que o PPdeG leva d\u00e9cadas liderando a loita pola igualdade real e efectiva desde as instituci\u00f3ns","datePublished":"2021-03-06T11:03:23+00:00","mainEntityOfPage":{"@id":"https:\/\/ppdegalicia.com\/es\/feijoo-salienta-que-o-ppdeg-leva-decadas-liderando-a-loita-pola-igualdade-real-e-efectiva-desde-as-institucions\/"},"wordCount":695,"commentCount":0,"publisher":{"@id":"https:\/\/ppdegalicia.com\/es\/#organization"},"image":{"@id":"https:\/\/ppdegalicia.com\/es\/feijoo-salienta-que-o-ppdeg-leva-decadas-liderando-a-loita-pola-igualdade-real-e-efectiva-desde-as-institucions\/#primaryimage"},"thumbnailUrl":"https:\/\/ppdegalicia.com\/wp-content\/uploads\/2021\/03\/f9ed36389057c757d825df002515e553-scaled.jpg","articleSection":["PP de Galicia"],"inLanguage":"es","potentialAction":[{"@type":"CommentAction","name":"Comment","target":["https:\/\/ppdegalicia.com\/es\/feijoo-salienta-que-o-ppdeg-leva-decadas-liderando-a-loita-pola-igualdade-real-e-efectiva-desde-as-institucions\/#respond"]}]},{"@type":"WebPage","@id":"https:\/\/ppdegalicia.com\/es\/feijoo-salienta-que-o-ppdeg-leva-decadas-liderando-a-loita-pola-igualdade-real-e-efectiva-desde-as-institucions\/","url":"https:\/\/ppdegalicia.com\/es\/feijoo-salienta-que-o-ppdeg-leva-decadas-liderando-a-loita-pola-igualdade-real-e-efectiva-desde-as-institucions\/","name":"Feij\u00f3o salienta que o PPdeG leva d\u00e9cadas liderando a loita pola igualdade real e efectiva desde as instituci\u00f3ns - PP de Galicia","isPartOf":{"@id":"https:\/\/ppdegalicia.com\/es\/#website"},"primaryImageOfPage":{"@id":"https:\/\/ppdegalicia.com\/es\/feijoo-salienta-que-o-ppdeg-leva-decadas-liderando-a-loita-pola-igualdade-real-e-efectiva-desde-as-institucions\/#primaryimage"},"image":{"@id":"https:\/\/ppdegalicia.com\/es\/feijoo-salienta-que-o-ppdeg-leva-decadas-liderando-a-loita-pola-igualdade-real-e-efectiva-desde-as-institucions\/#primaryimage"},"thumbnailUrl":"https:\/\/ppdegalicia.com\/wp-content\/uploads\/2021\/03\/f9ed36389057c757d825df002515e553-scaled.jpg","datePublished":"2021-03-06T11:03:23+00:00","breadcrumb":{"@id":"https:\/\/ppdegalicia.com\/es\/feijoo-salienta-que-o-ppdeg-leva-decadas-liderando-a-loita-pola-igualdade-real-e-efectiva-desde-as-institucions\/#breadcrumb"},"inLanguage":"es","potentialAction":[{"@type":"ReadAction","target":["https:\/\/ppdegalicia.com\/es\/feijoo-salienta-que-o-ppdeg-leva-decadas-liderando-a-loita-pola-igualdade-real-e-efectiva-desde-as-institucions\/"]}]},{"@type":"ImageObject","inLanguage":"es","@id":"https:\/\/ppdegalicia.com\/es\/feijoo-salienta-que-o-ppdeg-leva-decadas-liderando-a-loita-pola-igualdade-real-e-efectiva-desde-as-institucions\/#primaryimage","url":"https:\/\/ppdegalicia.com\/wp-content\/uploads\/2021\/03\/f9ed36389057c757d825df002515e553-scaled.jpg","contentUrl":"https:\/\/ppdegalicia.com\/wp-content\/uploads\/2021\/03\/f9ed36389057c757d825df002515e553-scaled.jpg","width":2560,"height":1611},{"@type":"BreadcrumbList","@id":"https:\/\/ppdegalicia.com\/es\/feijoo-salienta-que-o-ppdeg-leva-decadas-liderando-a-loita-pola-igualdade-real-e-efectiva-desde-as-institucions\/#breadcrumb","itemListElement":[{"@type":"ListItem","position":1,"name":"Portada","item":"https:\/\/ppdegalicia.com\/es\/"},{"@type":"ListItem","position":2,"name":"Feij\u00f3o salienta que o PPdeG leva d\u00e9cadas liderando a loita pola igualdade real e efectiva desde as instituci\u00f3ns"}]},{"@type":"WebSite","@id":"https:\/\/ppdegalicia.com\/es\/#website","url":"https:\/\/ppdegalicia.com\/es\/","name":"Partido Popular de Galicia","description":"Partido Popular de Galicia","publisher":{"@id":"https:\/\/ppdegalicia.com\/es\/#organization"},"alternateName":"PP de Galicia","potentialAction":[{"@type":"SearchAction","target":{"@type":"EntryPoint","urlTemplate":"https:\/\/ppdegalicia.com\/es\/?s={search_term_string}"},"query-input":{"@type":"PropertyValueSpecification","valueRequired":true,"valueName":"search_term_string"}}],"inLanguage":"es"},{"@type":"Organization","@id":"https:\/\/ppdegalicia.com\/es\/#organization","name":"Partido Popular de Galicia","alternateName":"PP de Galicia","url":"https:\/\/ppdegalicia.com\/es\/","logo":{"@type":"ImageObject","inLanguage":"es","@id":"https:\/\/ppdegalicia.com\/es\/#\/schema\/logo\/image\/","url":"https:\/\/ppdegalicia.com\/wp-content\/uploads\/2023\/04\/logoPP512.png","contentUrl":"https:\/\/ppdegalicia.com\/wp-content\/uploads\/2023\/04\/logoPP512.png","width":512,"height":512,"caption":"Partido Popular de Galicia"},"image":{"@id":"https:\/\/ppdegalicia.com\/es\/#\/schema\/logo\/image\/"},"sameAs":["https:\/\/www.instagram.com\/ppdegalicia\/","https:\/\/x.com\/ppdegalicia","https:\/\/www.tiktok.com\/@ppdegalicia","https:\/\/www.youtube.com\/user\/ppdegalicia"]},{"@type":"Person","@id":"https:\/\/ppdegalicia.com\/es\/#\/schema\/person\/5b822c6f59e872ebdd1142f307dbcb59","name":"ppdegaliciaredes","image":{"@type":"ImageObject","inLanguage":"es","@id":"https:\/\/secure.gravatar.com\/avatar\/3c9179cf0256d00c72a48d1f25783c58b6842cd56e85ef3a572881c8e28ccd59?s=96&d=mm&r=g","url":"https:\/\/secure.gravatar.com\/avatar\/3c9179cf0256d00c72a48d1f25783c58b6842cd56e85ef3a572881c8e28ccd59?s=96&d=mm&r=g","contentUrl":"https:\/\/secure.gravatar.com\/avatar\/3c9179cf0256d00c72a48d1f25783c58b6842cd56e85ef3a572881c8e28ccd59?s=96&d=mm&r=g","caption":"ppdegaliciaredes"},"url":"https:\/\/ppdegalicia.com\/es\/author\/ppdegaliciaredes\/"}]}},"_links":{"self":[{"href":"https:\/\/ppdegalicia.com\/es\/wp-json\/wp\/v2\/posts\/55384","targetHints":{"allow":["GET"]}}],"collection":[{"href":"https:\/\/ppdegalicia.com\/es\/wp-json\/wp\/v2\/posts"}],"about":[{"href":"https:\/\/ppdegalicia.com\/es\/wp-json\/wp\/v2\/types\/post"}],"author":[{"embeddable":true,"href":"https:\/\/ppdegalicia.com\/es\/wp-json\/wp\/v2\/users\/38"}],"replies":[{"embeddable":true,"href":"https:\/\/ppdegalicia.com\/es\/wp-json\/wp\/v2\/comments?post=55384"}],"version-history":[{"count":0,"href":"https:\/\/ppdegalicia.com\/es\/wp-json\/wp\/v2\/posts\/55384\/revisions"}],"wp:featuredmedia":[{"embeddable":true,"href":"https:\/\/ppdegalicia.com\/es\/wp-json\/wp\/v2\/media\/55383"}],"wp:attachment":[{"href":"https:\/\/ppdegalicia.com\/es\/wp-json\/wp\/v2\/media?parent=55384"}],"wp:term":[{"taxonomy":"category","embeddable":true,"href":"https:\/\/ppdegalicia.com\/es\/wp-json\/wp\/v2\/categories?post=55384"},{"taxonomy":"post_tag","embeddable":true,"href":"https:\/\/ppdegalicia.com\/es\/wp-json\/wp\/v2\/tags?post=55384"}],"curies":[{"name":"wp","href":"https:\/\/api.w.org\/{rel}","templated":true}]}}