{"id":55388,"date":"2021-03-09T18:06:19","date_gmt":"2021-03-09T16:06:19","guid":{"rendered":"https:\/\/ppdegalicia.com\/o-ppdeg-sauda-que-o-bng-recuara-no-parlamento-e-aceptara-reiterar-o-acordo-unanime-do-congreso-para-manter-o-emprego-da-central-de-as-pontes\/"},"modified":"2021-03-09T18:06:19","modified_gmt":"2021-03-09T16:06:19","slug":"o-ppdeg-sauda-que-o-bng-recuara-no-parlamento-e-aceptara-reiterar-o-acordo-unanime-do-congreso-para-manter-o-emprego-da-central-de-as-pontes","status":"publish","type":"post","link":"https:\/\/ppdegalicia.com\/es\/o-ppdeg-sauda-que-o-bng-recuara-no-parlamento-e-aceptara-reiterar-o-acordo-unanime-do-congreso-para-manter-o-emprego-da-central-de-as-pontes\/","title":{"rendered":"O PPdeG sa\u00fada que o BNG recuara no Parlamento e aceptara reiterar o acordo un\u00e1nime do Congreso para manter o emprego da central de As Pontes"},"content":{"rendered":"<p><img fetchpriority=\"high\" decoding=\"async\" class=\" size-full wp-image-55387\" src=\"https:\/\/ppdegalicia.com\/wp-content\/uploads\/2021\/03\/713a8540e6db58559c652a766f4c9757.jpg\" alt=\"\" width=\"1900\" height=\"1267\" srcset=\"https:\/\/ppdegalicia.com\/wp-content\/uploads\/2021\/03\/713a8540e6db58559c652a766f4c9757.jpg 1900w, https:\/\/ppdegalicia.com\/wp-content\/uploads\/2021\/03\/713a8540e6db58559c652a766f4c9757-300x200.jpg 300w, https:\/\/ppdegalicia.com\/wp-content\/uploads\/2021\/03\/713a8540e6db58559c652a766f4c9757-1024x683.jpg 1024w, https:\/\/ppdegalicia.com\/wp-content\/uploads\/2021\/03\/713a8540e6db58559c652a766f4c9757-768x512.jpg 768w, https:\/\/ppdegalicia.com\/wp-content\/uploads\/2021\/03\/713a8540e6db58559c652a766f4c9757-1536x1024.jpg 1536w\" sizes=\"(max-width: 1900px) 100vw, 1900px\" \/><\/p>\n<p>Santiago, 9 de marzo de 2021.- O deputado do Grupo Popular Diego Calvo saudou hoxe no Pleno que o BNG \u201crecuara e aceptara manter o consenso acadado no Congreso respecto da continuidade do emprego para os traballadores da central t\u00e9rmica de As Pontes\u201d.<\/p>\n<p><!--more--><\/p>\n<p>\u201cN\u00f3s seguimos defendendo a uni\u00f3n de todos os partidos pol\u00edticos na procura do mantemento dos postos de traballo e a s\u00faa continuidade a trav\u00e9s do traballo con biocombustibles, o que posibilitar\u00eda tam\u00e9n o mantemento do emprego para as empresas auxiliares e os transportistas\u201d, sinalou.<\/p>\n<p>\u00a0<\/p>\n<p>Diego Calvo acusou aos nacionalistas de utilizar o Parlamento para intentar rachar os acordos conseguidos no Congreso co respaldo de todos os grupos. \u201cMenos dun mes tardan vostedes en querer botar por terra o acordo asinado no Congreso, pois trouxeron aqu\u00ed unha proposta distinta \u00e1 que presentaron en Madrid e iso s\u00f3 ten un nome: enganar\u201d, criticou Calvo, que insistiu en que \u201cunha vez m\u00e1is, o BNG s\u00e1case a careta e demostra que seguen a ser os de sempre, os que buscan a ruptura e a confrontaci\u00f3n sen m\u00e1is obxectivo que os seus intereses partidistas\u201d. \u201cVostedes, est\u00e1 claro, non son xente de fiar\u201d, lamentou.<\/p>\n<p>\u00a0<\/p>\n<p>O PPdeG defendeu en todo momento que se condicione o peche da central t\u00e9rmica a lograr un acordo cos traballadores e traballadoras que garanta a continuidade do emprego, as\u00ed como a asignaci\u00f3n de novas instalaci\u00f3ns de produci\u00f3n de enerx\u00edas renovables en As Pontes no marco dun proxecto de desenrolo econ\u00f3mico e un plan industrial para a s\u00faa execuci\u00f3n.<\/p>\n<p>\u00a0<\/p>\n<p>De igual modo, Diego Calvo apelou a que se inste \u00e1 Xunta a dirixirse ao Goberno de Espa\u00f1a para garantir a implementaci\u00f3n de novos proxectos industriais na comarca que emanen dos convenios de transici\u00f3n xusta e dos plans Futur-E de Endesa e para ofrecer \u00e1 central unha soluci\u00f3n de continuidade industrial tanto para os traballadores da empresa principal como para os das auxiliares e os camioneiros.<\/p>\n<p>\u00a0<\/p>\n<p>\u201cPara o Grupo Popular, \u00e9 urxente a convocatoria da Mesa de Traballo para a transici\u00f3n enerx\u00e9tica xusta para As Pontes, as\u00ed como demandar a implicaci\u00f3n do Goberno e da Xunta no apoio aos proxectos de reindustrializaci\u00f3n que poidan implantarse en As Pontes grazas aos fondos Next Generation\u201d, defendeu o deputado popular.<\/p>\n<p>\u00a0<\/p>\n<p><strong>TRANSICI\u00d3N ENERX\u00c9TICA<\/strong><\/p>\n<p>\u00a0<\/p>\n<p>Neste aspecto, Calvo botoulle en cara ao BNG que acuda ao Parlamento Galego a tentar lavar a s\u00faa conciencia, \u201cpois durante moito tempo foron os primeiros en urxir o peche da central sen ter en conta a realidade das Pontes, das s\u00faas xentes e de toda unha comarca\u201d. Neste sentido, criticou que \u201cagora queiran enviar aos traballadores a unha nova reconversi\u00f3n e convertelos en investigadores dun hipot\u00e9tico centro de transformaci\u00f3n de enerx\u00eda que est\u00e1, polo de agora, s\u00f3 nas s\u00faas mentes\u201d.<\/p>\n<p>\u00a0<\/p>\n<p>Ademais, criticou que o BNG non presentara ningunha proposta nin opinara sobre os proxectos presentados na comisi\u00f3n de reactivaci\u00f3n convocada no Parlamento galego, \u201cpara vir agora a defender o que xa \u00e9 indefendible porque, grazas entre outros a vostedes, Endesa decidiu pechar a central da que viven milleiros de familias\u201d.<\/p>\n<p>\u00a0<\/p>\n<p>\u201cA situaci\u00f3n que se est\u00e1 a vivir en As Pontes \u00e9 dram\u00e1tica por culpa da pol\u00edtica de transici\u00f3n enerx\u00e9tica acelerada e inxusta imposta polo PSOE en consonancia co BNG\u201d, asegurou Calvo, que aproveitou para tender a man aos partidos da oposici\u00f3n para \u201ctraballar xuntos en prorrogar a vida da planta co uso de biocombustibles e apoiar a elaboraci\u00f3n do convenio de transici\u00f3n xusta para As Pontes\u201d.<\/p>\n<p>\u00a0<\/p>\n<p>Finalmente, animou aos nacionalistas \u201ca po\u00f1erse dunha vez de lado dos galegos, deixando aparte as ideolox\u00edas\u201d e tam\u00e9n a rachar os pactos de goberno que mante\u00f1en en concellos e deputaci\u00f3ns co partido socialista. \u201cEst\u00e1 claro que non cumpren con vostedes&#8230; nin cos acordos de investidura sobre a autopista nin agora co sector industrial galego\u201d, apuntou Calvo, que rematou dicindo: \u201cSe apoian as s\u00faas pol\u00edticas e apoian os seus gobernos, vostedes son tan culpables como eles na falta de apoio do Goberno Central a Galicia\u201d. <\/p>\n","protected":false},"excerpt":{"rendered":"<p>Santiago, 9 de marzo de 2021.- O deputado do Grupo Popular Diego Calvo saudou hoxe no Pleno que o BNG \u201crecuara e aceptara manter o consenso acadado no Congreso respecto da continuidade do emprego para os traballadores da central t\u00e9rmica de As Pontes\u201d.<\/p>\n","protected":false},"author":38,"featured_media":55387,"comment_status":"open","ping_status":"open","sticky":false,"template":"","format":"standard","meta":{"_acf_changed":false,"footnotes":""},"categories":[1],"tags":[],"class_list":["post-55388","post","type-post","status-publish","format-standard","has-post-thumbnail","hentry","category-pp-de-galicia"],"acf":[],"yoast_head":"<!-- This site is optimized with the Yoast SEO plugin v27.3 - https:\/\/yoast.com\/product\/yoast-seo-wordpress\/ -->\n<title>O PPdeG sa\u00fada que o BNG recuara no Parlamento e aceptara reiterar o acordo un\u00e1nime do Congreso para manter o emprego da central de As Pontes - PP de Galicia<\/title>\n<meta name=\"robots\" content=\"index, follow, max-snippet:-1, max-image-preview:large, max-video-preview:-1\" \/>\n<link rel=\"canonical\" href=\"https:\/\/ppdegalicia.com\/es\/o-ppdeg-sauda-que-o-bng-recuara-no-parlamento-e-aceptara-reiterar-o-acordo-unanime-do-congreso-para-manter-o-emprego-da-central-de-as-pontes\/\" \/>\n<meta property=\"og:locale\" content=\"es_ES\" \/>\n<meta property=\"og:type\" content=\"article\" \/>\n<meta property=\"og:title\" content=\"O PPdeG sa\u00fada que o BNG recuara no Parlamento e aceptara reiterar o acordo un\u00e1nime do Congreso para manter o emprego da central de As Pontes - PP de Galicia\" \/>\n<meta property=\"og:description\" content=\"Santiago, 9 de marzo de 2021.- O deputado do Grupo Popular Diego Calvo saudou hoxe no Pleno que o BNG \u201crecuara e aceptara manter o consenso acadado no Congreso respecto da continuidade do emprego para os traballadores da central t\u00e9rmica de As Pontes\u201d.\" \/>\n<meta property=\"og:url\" content=\"https:\/\/ppdegalicia.com\/es\/o-ppdeg-sauda-que-o-bng-recuara-no-parlamento-e-aceptara-reiterar-o-acordo-unanime-do-congreso-para-manter-o-emprego-da-central-de-as-pontes\/\" \/>\n<meta property=\"og:site_name\" content=\"PP de Galicia\" \/>\n<meta property=\"article:publisher\" content=\"https:\/\/www.instagram.com\/ppdegalicia\/\" \/>\n<meta property=\"article:published_time\" content=\"2021-03-09T16:06:19+00:00\" \/>\n<meta property=\"og:image\" content=\"https:\/\/ppdegalicia.com\/wp-content\/uploads\/2021\/03\/713a8540e6db58559c652a766f4c9757.jpg\" \/>\n\t<meta property=\"og:image:width\" content=\"1900\" \/>\n\t<meta property=\"og:image:height\" content=\"1267\" \/>\n\t<meta property=\"og:image:type\" content=\"image\/jpeg\" \/>\n<meta name=\"author\" content=\"ppdegaliciaredes\" \/>\n<meta name=\"twitter:card\" content=\"summary_large_image\" \/>\n<meta name=\"twitter:creator\" content=\"@ppdegalicia\" \/>\n<meta name=\"twitter:site\" content=\"@ppdegalicia\" \/>\n<meta name=\"twitter:label1\" content=\"Escrito por\" \/>\n\t<meta name=\"twitter:data1\" content=\"ppdegaliciaredes\" \/>\n\t<meta name=\"twitter:label2\" content=\"Tiempo de lectura\" \/>\n\t<meta name=\"twitter:data2\" content=\"3 minutos\" \/>\n<script type=\"application\/ld+json\" class=\"yoast-schema-graph\">{\"@context\":\"https:\\\/\\\/schema.org\",\"@graph\":[{\"@type\":\"Article\",\"@id\":\"https:\\\/\\\/ppdegalicia.com\\\/es\\\/o-ppdeg-sauda-que-o-bng-recuara-no-parlamento-e-aceptara-reiterar-o-acordo-unanime-do-congreso-para-manter-o-emprego-da-central-de-as-pontes\\\/#article\",\"isPartOf\":{\"@id\":\"https:\\\/\\\/ppdegalicia.com\\\/es\\\/o-ppdeg-sauda-que-o-bng-recuara-no-parlamento-e-aceptara-reiterar-o-acordo-unanime-do-congreso-para-manter-o-emprego-da-central-de-as-pontes\\\/\"},\"author\":{\"name\":\"ppdegaliciaredes\",\"@id\":\"https:\\\/\\\/ppdegalicia.com\\\/es\\\/#\\\/schema\\\/person\\\/5b822c6f59e872ebdd1142f307dbcb59\"},\"headline\":\"O PPdeG sa\u00fada que o BNG recuara no Parlamento e aceptara reiterar o acordo un\u00e1nime do Congreso para manter o emprego da central de As Pontes\",\"datePublished\":\"2021-03-09T16:06:19+00:00\",\"mainEntityOfPage\":{\"@id\":\"https:\\\/\\\/ppdegalicia.com\\\/es\\\/o-ppdeg-sauda-que-o-bng-recuara-no-parlamento-e-aceptara-reiterar-o-acordo-unanime-do-congreso-para-manter-o-emprego-da-central-de-as-pontes\\\/\"},\"wordCount\":724,\"commentCount\":0,\"publisher\":{\"@id\":\"https:\\\/\\\/ppdegalicia.com\\\/es\\\/#organization\"},\"image\":{\"@id\":\"https:\\\/\\\/ppdegalicia.com\\\/es\\\/o-ppdeg-sauda-que-o-bng-recuara-no-parlamento-e-aceptara-reiterar-o-acordo-unanime-do-congreso-para-manter-o-emprego-da-central-de-as-pontes\\\/#primaryimage\"},\"thumbnailUrl\":\"https:\\\/\\\/ppdegalicia.com\\\/wp-content\\\/uploads\\\/2021\\\/03\\\/713a8540e6db58559c652a766f4c9757.jpg\",\"articleSection\":[\"PP de Galicia\"],\"inLanguage\":\"es\",\"potentialAction\":[{\"@type\":\"CommentAction\",\"name\":\"Comment\",\"target\":[\"https:\\\/\\\/ppdegalicia.com\\\/es\\\/o-ppdeg-sauda-que-o-bng-recuara-no-parlamento-e-aceptara-reiterar-o-acordo-unanime-do-congreso-para-manter-o-emprego-da-central-de-as-pontes\\\/#respond\"]}]},{\"@type\":\"WebPage\",\"@id\":\"https:\\\/\\\/ppdegalicia.com\\\/es\\\/o-ppdeg-sauda-que-o-bng-recuara-no-parlamento-e-aceptara-reiterar-o-acordo-unanime-do-congreso-para-manter-o-emprego-da-central-de-as-pontes\\\/\",\"url\":\"https:\\\/\\\/ppdegalicia.com\\\/es\\\/o-ppdeg-sauda-que-o-bng-recuara-no-parlamento-e-aceptara-reiterar-o-acordo-unanime-do-congreso-para-manter-o-emprego-da-central-de-as-pontes\\\/\",\"name\":\"O PPdeG sa\u00fada que o BNG recuara no Parlamento e aceptara reiterar o acordo un\u00e1nime do Congreso para manter o emprego da central de As Pontes - PP de Galicia\",\"isPartOf\":{\"@id\":\"https:\\\/\\\/ppdegalicia.com\\\/es\\\/#website\"},\"primaryImageOfPage\":{\"@id\":\"https:\\\/\\\/ppdegalicia.com\\\/es\\\/o-ppdeg-sauda-que-o-bng-recuara-no-parlamento-e-aceptara-reiterar-o-acordo-unanime-do-congreso-para-manter-o-emprego-da-central-de-as-pontes\\\/#primaryimage\"},\"image\":{\"@id\":\"https:\\\/\\\/ppdegalicia.com\\\/es\\\/o-ppdeg-sauda-que-o-bng-recuara-no-parlamento-e-aceptara-reiterar-o-acordo-unanime-do-congreso-para-manter-o-emprego-da-central-de-as-pontes\\\/#primaryimage\"},\"thumbnailUrl\":\"https:\\\/\\\/ppdegalicia.com\\\/wp-content\\\/uploads\\\/2021\\\/03\\\/713a8540e6db58559c652a766f4c9757.jpg\",\"datePublished\":\"2021-03-09T16:06:19+00:00\",\"breadcrumb\":{\"@id\":\"https:\\\/\\\/ppdegalicia.com\\\/es\\\/o-ppdeg-sauda-que-o-bng-recuara-no-parlamento-e-aceptara-reiterar-o-acordo-unanime-do-congreso-para-manter-o-emprego-da-central-de-as-pontes\\\/#breadcrumb\"},\"inLanguage\":\"es\",\"potentialAction\":[{\"@type\":\"ReadAction\",\"target\":[\"https:\\\/\\\/ppdegalicia.com\\\/es\\\/o-ppdeg-sauda-que-o-bng-recuara-no-parlamento-e-aceptara-reiterar-o-acordo-unanime-do-congreso-para-manter-o-emprego-da-central-de-as-pontes\\\/\"]}]},{\"@type\":\"ImageObject\",\"inLanguage\":\"es\",\"@id\":\"https:\\\/\\\/ppdegalicia.com\\\/es\\\/o-ppdeg-sauda-que-o-bng-recuara-no-parlamento-e-aceptara-reiterar-o-acordo-unanime-do-congreso-para-manter-o-emprego-da-central-de-as-pontes\\\/#primaryimage\",\"url\":\"https:\\\/\\\/ppdegalicia.com\\\/wp-content\\\/uploads\\\/2021\\\/03\\\/713a8540e6db58559c652a766f4c9757.jpg\",\"contentUrl\":\"https:\\\/\\\/ppdegalicia.com\\\/wp-content\\\/uploads\\\/2021\\\/03\\\/713a8540e6db58559c652a766f4c9757.jpg\",\"width\":1900,\"height\":1267},{\"@type\":\"BreadcrumbList\",\"@id\":\"https:\\\/\\\/ppdegalicia.com\\\/es\\\/o-ppdeg-sauda-que-o-bng-recuara-no-parlamento-e-aceptara-reiterar-o-acordo-unanime-do-congreso-para-manter-o-emprego-da-central-de-as-pontes\\\/#breadcrumb\",\"itemListElement\":[{\"@type\":\"ListItem\",\"position\":1,\"name\":\"Portada\",\"item\":\"https:\\\/\\\/ppdegalicia.com\\\/es\\\/\"},{\"@type\":\"ListItem\",\"position\":2,\"name\":\"O PPdeG sa\u00fada que o BNG recuara no Parlamento e aceptara reiterar o acordo un\u00e1nime do Congreso para manter o emprego da central de As Pontes\"}]},{\"@type\":\"WebSite\",\"@id\":\"https:\\\/\\\/ppdegalicia.com\\\/es\\\/#website\",\"url\":\"https:\\\/\\\/ppdegalicia.com\\\/es\\\/\",\"name\":\"Partido Popular de Galicia\",\"description\":\"Partido Popular de Galicia\",\"publisher\":{\"@id\":\"https:\\\/\\\/ppdegalicia.com\\\/es\\\/#organization\"},\"alternateName\":\"PP de Galicia\",\"potentialAction\":[{\"@type\":\"SearchAction\",\"target\":{\"@type\":\"EntryPoint\",\"urlTemplate\":\"https:\\\/\\\/ppdegalicia.com\\\/es\\\/?s={search_term_string}\"},\"query-input\":{\"@type\":\"PropertyValueSpecification\",\"valueRequired\":true,\"valueName\":\"search_term_string\"}}],\"inLanguage\":\"es\"},{\"@type\":\"Organization\",\"@id\":\"https:\\\/\\\/ppdegalicia.com\\\/es\\\/#organization\",\"name\":\"Partido Popular de Galicia\",\"alternateName\":\"PP de Galicia\",\"url\":\"https:\\\/\\\/ppdegalicia.com\\\/es\\\/\",\"logo\":{\"@type\":\"ImageObject\",\"inLanguage\":\"es\",\"@id\":\"https:\\\/\\\/ppdegalicia.com\\\/es\\\/#\\\/schema\\\/logo\\\/image\\\/\",\"url\":\"https:\\\/\\\/ppdegalicia.com\\\/wp-content\\\/uploads\\\/2023\\\/04\\\/logoPP512.png\",\"contentUrl\":\"https:\\\/\\\/ppdegalicia.com\\\/wp-content\\\/uploads\\\/2023\\\/04\\\/logoPP512.png\",\"width\":512,\"height\":512,\"caption\":\"Partido Popular de Galicia\"},\"image\":{\"@id\":\"https:\\\/\\\/ppdegalicia.com\\\/es\\\/#\\\/schema\\\/logo\\\/image\\\/\"},\"sameAs\":[\"https:\\\/\\\/www.instagram.com\\\/ppdegalicia\\\/\",\"https:\\\/\\\/x.com\\\/ppdegalicia\",\"https:\\\/\\\/www.tiktok.com\\\/@ppdegalicia\",\"https:\\\/\\\/www.youtube.com\\\/user\\\/ppdegalicia\"]},{\"@type\":\"Person\",\"@id\":\"https:\\\/\\\/ppdegalicia.com\\\/es\\\/#\\\/schema\\\/person\\\/5b822c6f59e872ebdd1142f307dbcb59\",\"name\":\"ppdegaliciaredes\",\"image\":{\"@type\":\"ImageObject\",\"inLanguage\":\"es\",\"@id\":\"https:\\\/\\\/secure.gravatar.com\\\/avatar\\\/3c9179cf0256d00c72a48d1f25783c58b6842cd56e85ef3a572881c8e28ccd59?s=96&d=mm&r=g\",\"url\":\"https:\\\/\\\/secure.gravatar.com\\\/avatar\\\/3c9179cf0256d00c72a48d1f25783c58b6842cd56e85ef3a572881c8e28ccd59?s=96&d=mm&r=g\",\"contentUrl\":\"https:\\\/\\\/secure.gravatar.com\\\/avatar\\\/3c9179cf0256d00c72a48d1f25783c58b6842cd56e85ef3a572881c8e28ccd59?s=96&d=mm&r=g\",\"caption\":\"ppdegaliciaredes\"},\"url\":\"https:\\\/\\\/ppdegalicia.com\\\/es\\\/author\\\/ppdegaliciaredes\\\/\"}]}<\/script>\n<!-- \/ Yoast SEO plugin. -->","yoast_head_json":{"title":"O PPdeG sa\u00fada que o BNG recuara no Parlamento e aceptara reiterar o acordo un\u00e1nime do Congreso para manter o emprego da central de As Pontes - PP de Galicia","robots":{"index":"index","follow":"follow","max-snippet":"max-snippet:-1","max-image-preview":"max-image-preview:large","max-video-preview":"max-video-preview:-1"},"canonical":"https:\/\/ppdegalicia.com\/es\/o-ppdeg-sauda-que-o-bng-recuara-no-parlamento-e-aceptara-reiterar-o-acordo-unanime-do-congreso-para-manter-o-emprego-da-central-de-as-pontes\/","og_locale":"es_ES","og_type":"article","og_title":"O PPdeG sa\u00fada que o BNG recuara no Parlamento e aceptara reiterar o acordo un\u00e1nime do Congreso para manter o emprego da central de As Pontes - PP de Galicia","og_description":"Santiago, 9 de marzo de 2021.- O deputado do Grupo Popular Diego Calvo saudou hoxe no Pleno que o BNG \u201crecuara e aceptara manter o consenso acadado no Congreso respecto da continuidade do emprego para os traballadores da central t\u00e9rmica de As Pontes\u201d.","og_url":"https:\/\/ppdegalicia.com\/es\/o-ppdeg-sauda-que-o-bng-recuara-no-parlamento-e-aceptara-reiterar-o-acordo-unanime-do-congreso-para-manter-o-emprego-da-central-de-as-pontes\/","og_site_name":"PP de Galicia","article_publisher":"https:\/\/www.instagram.com\/ppdegalicia\/","article_published_time":"2021-03-09T16:06:19+00:00","og_image":[{"width":1900,"height":1267,"url":"https:\/\/ppdegalicia.com\/wp-content\/uploads\/2021\/03\/713a8540e6db58559c652a766f4c9757.jpg","type":"image\/jpeg"}],"author":"ppdegaliciaredes","twitter_card":"summary_large_image","twitter_creator":"@ppdegalicia","twitter_site":"@ppdegalicia","twitter_misc":{"Escrito por":"ppdegaliciaredes","Tiempo de lectura":"3 minutos"},"schema":{"@context":"https:\/\/schema.org","@graph":[{"@type":"Article","@id":"https:\/\/ppdegalicia.com\/es\/o-ppdeg-sauda-que-o-bng-recuara-no-parlamento-e-aceptara-reiterar-o-acordo-unanime-do-congreso-para-manter-o-emprego-da-central-de-as-pontes\/#article","isPartOf":{"@id":"https:\/\/ppdegalicia.com\/es\/o-ppdeg-sauda-que-o-bng-recuara-no-parlamento-e-aceptara-reiterar-o-acordo-unanime-do-congreso-para-manter-o-emprego-da-central-de-as-pontes\/"},"author":{"name":"ppdegaliciaredes","@id":"https:\/\/ppdegalicia.com\/es\/#\/schema\/person\/5b822c6f59e872ebdd1142f307dbcb59"},"headline":"O PPdeG sa\u00fada que o BNG recuara no Parlamento e aceptara reiterar o acordo un\u00e1nime do Congreso para manter o emprego da central de As Pontes","datePublished":"2021-03-09T16:06:19+00:00","mainEntityOfPage":{"@id":"https:\/\/ppdegalicia.com\/es\/o-ppdeg-sauda-que-o-bng-recuara-no-parlamento-e-aceptara-reiterar-o-acordo-unanime-do-congreso-para-manter-o-emprego-da-central-de-as-pontes\/"},"wordCount":724,"commentCount":0,"publisher":{"@id":"https:\/\/ppdegalicia.com\/es\/#organization"},"image":{"@id":"https:\/\/ppdegalicia.com\/es\/o-ppdeg-sauda-que-o-bng-recuara-no-parlamento-e-aceptara-reiterar-o-acordo-unanime-do-congreso-para-manter-o-emprego-da-central-de-as-pontes\/#primaryimage"},"thumbnailUrl":"https:\/\/ppdegalicia.com\/wp-content\/uploads\/2021\/03\/713a8540e6db58559c652a766f4c9757.jpg","articleSection":["PP de Galicia"],"inLanguage":"es","potentialAction":[{"@type":"CommentAction","name":"Comment","target":["https:\/\/ppdegalicia.com\/es\/o-ppdeg-sauda-que-o-bng-recuara-no-parlamento-e-aceptara-reiterar-o-acordo-unanime-do-congreso-para-manter-o-emprego-da-central-de-as-pontes\/#respond"]}]},{"@type":"WebPage","@id":"https:\/\/ppdegalicia.com\/es\/o-ppdeg-sauda-que-o-bng-recuara-no-parlamento-e-aceptara-reiterar-o-acordo-unanime-do-congreso-para-manter-o-emprego-da-central-de-as-pontes\/","url":"https:\/\/ppdegalicia.com\/es\/o-ppdeg-sauda-que-o-bng-recuara-no-parlamento-e-aceptara-reiterar-o-acordo-unanime-do-congreso-para-manter-o-emprego-da-central-de-as-pontes\/","name":"O PPdeG sa\u00fada que o BNG recuara no Parlamento e aceptara reiterar o acordo un\u00e1nime do Congreso para manter o emprego da central de As Pontes - PP de Galicia","isPartOf":{"@id":"https:\/\/ppdegalicia.com\/es\/#website"},"primaryImageOfPage":{"@id":"https:\/\/ppdegalicia.com\/es\/o-ppdeg-sauda-que-o-bng-recuara-no-parlamento-e-aceptara-reiterar-o-acordo-unanime-do-congreso-para-manter-o-emprego-da-central-de-as-pontes\/#primaryimage"},"image":{"@id":"https:\/\/ppdegalicia.com\/es\/o-ppdeg-sauda-que-o-bng-recuara-no-parlamento-e-aceptara-reiterar-o-acordo-unanime-do-congreso-para-manter-o-emprego-da-central-de-as-pontes\/#primaryimage"},"thumbnailUrl":"https:\/\/ppdegalicia.com\/wp-content\/uploads\/2021\/03\/713a8540e6db58559c652a766f4c9757.jpg","datePublished":"2021-03-09T16:06:19+00:00","breadcrumb":{"@id":"https:\/\/ppdegalicia.com\/es\/o-ppdeg-sauda-que-o-bng-recuara-no-parlamento-e-aceptara-reiterar-o-acordo-unanime-do-congreso-para-manter-o-emprego-da-central-de-as-pontes\/#breadcrumb"},"inLanguage":"es","potentialAction":[{"@type":"ReadAction","target":["https:\/\/ppdegalicia.com\/es\/o-ppdeg-sauda-que-o-bng-recuara-no-parlamento-e-aceptara-reiterar-o-acordo-unanime-do-congreso-para-manter-o-emprego-da-central-de-as-pontes\/"]}]},{"@type":"ImageObject","inLanguage":"es","@id":"https:\/\/ppdegalicia.com\/es\/o-ppdeg-sauda-que-o-bng-recuara-no-parlamento-e-aceptara-reiterar-o-acordo-unanime-do-congreso-para-manter-o-emprego-da-central-de-as-pontes\/#primaryimage","url":"https:\/\/ppdegalicia.com\/wp-content\/uploads\/2021\/03\/713a8540e6db58559c652a766f4c9757.jpg","contentUrl":"https:\/\/ppdegalicia.com\/wp-content\/uploads\/2021\/03\/713a8540e6db58559c652a766f4c9757.jpg","width":1900,"height":1267},{"@type":"BreadcrumbList","@id":"https:\/\/ppdegalicia.com\/es\/o-ppdeg-sauda-que-o-bng-recuara-no-parlamento-e-aceptara-reiterar-o-acordo-unanime-do-congreso-para-manter-o-emprego-da-central-de-as-pontes\/#breadcrumb","itemListElement":[{"@type":"ListItem","position":1,"name":"Portada","item":"https:\/\/ppdegalicia.com\/es\/"},{"@type":"ListItem","position":2,"name":"O PPdeG sa\u00fada que o BNG recuara no Parlamento e aceptara reiterar o acordo un\u00e1nime do Congreso para manter o emprego da central de As Pontes"}]},{"@type":"WebSite","@id":"https:\/\/ppdegalicia.com\/es\/#website","url":"https:\/\/ppdegalicia.com\/es\/","name":"Partido Popular de Galicia","description":"Partido Popular de Galicia","publisher":{"@id":"https:\/\/ppdegalicia.com\/es\/#organization"},"alternateName":"PP de Galicia","potentialAction":[{"@type":"SearchAction","target":{"@type":"EntryPoint","urlTemplate":"https:\/\/ppdegalicia.com\/es\/?s={search_term_string}"},"query-input":{"@type":"PropertyValueSpecification","valueRequired":true,"valueName":"search_term_string"}}],"inLanguage":"es"},{"@type":"Organization","@id":"https:\/\/ppdegalicia.com\/es\/#organization","name":"Partido Popular de Galicia","alternateName":"PP de Galicia","url":"https:\/\/ppdegalicia.com\/es\/","logo":{"@type":"ImageObject","inLanguage":"es","@id":"https:\/\/ppdegalicia.com\/es\/#\/schema\/logo\/image\/","url":"https:\/\/ppdegalicia.com\/wp-content\/uploads\/2023\/04\/logoPP512.png","contentUrl":"https:\/\/ppdegalicia.com\/wp-content\/uploads\/2023\/04\/logoPP512.png","width":512,"height":512,"caption":"Partido Popular de Galicia"},"image":{"@id":"https:\/\/ppdegalicia.com\/es\/#\/schema\/logo\/image\/"},"sameAs":["https:\/\/www.instagram.com\/ppdegalicia\/","https:\/\/x.com\/ppdegalicia","https:\/\/www.tiktok.com\/@ppdegalicia","https:\/\/www.youtube.com\/user\/ppdegalicia"]},{"@type":"Person","@id":"https:\/\/ppdegalicia.com\/es\/#\/schema\/person\/5b822c6f59e872ebdd1142f307dbcb59","name":"ppdegaliciaredes","image":{"@type":"ImageObject","inLanguage":"es","@id":"https:\/\/secure.gravatar.com\/avatar\/3c9179cf0256d00c72a48d1f25783c58b6842cd56e85ef3a572881c8e28ccd59?s=96&d=mm&r=g","url":"https:\/\/secure.gravatar.com\/avatar\/3c9179cf0256d00c72a48d1f25783c58b6842cd56e85ef3a572881c8e28ccd59?s=96&d=mm&r=g","contentUrl":"https:\/\/secure.gravatar.com\/avatar\/3c9179cf0256d00c72a48d1f25783c58b6842cd56e85ef3a572881c8e28ccd59?s=96&d=mm&r=g","caption":"ppdegaliciaredes"},"url":"https:\/\/ppdegalicia.com\/es\/author\/ppdegaliciaredes\/"}]}},"_links":{"self":[{"href":"https:\/\/ppdegalicia.com\/es\/wp-json\/wp\/v2\/posts\/55388","targetHints":{"allow":["GET"]}}],"collection":[{"href":"https:\/\/ppdegalicia.com\/es\/wp-json\/wp\/v2\/posts"}],"about":[{"href":"https:\/\/ppdegalicia.com\/es\/wp-json\/wp\/v2\/types\/post"}],"author":[{"embeddable":true,"href":"https:\/\/ppdegalicia.com\/es\/wp-json\/wp\/v2\/users\/38"}],"replies":[{"embeddable":true,"href":"https:\/\/ppdegalicia.com\/es\/wp-json\/wp\/v2\/comments?post=55388"}],"version-history":[{"count":0,"href":"https:\/\/ppdegalicia.com\/es\/wp-json\/wp\/v2\/posts\/55388\/revisions"}],"wp:featuredmedia":[{"embeddable":true,"href":"https:\/\/ppdegalicia.com\/es\/wp-json\/wp\/v2\/media\/55387"}],"wp:attachment":[{"href":"https:\/\/ppdegalicia.com\/es\/wp-json\/wp\/v2\/media?parent=55388"}],"wp:term":[{"taxonomy":"category","embeddable":true,"href":"https:\/\/ppdegalicia.com\/es\/wp-json\/wp\/v2\/categories?post=55388"},{"taxonomy":"post_tag","embeddable":true,"href":"https:\/\/ppdegalicia.com\/es\/wp-json\/wp\/v2\/tags?post=55388"}],"curies":[{"name":"wp","href":"https:\/\/api.w.org\/{rel}","templated":true}]}}