{"id":55390,"date":"2021-03-09T18:08:53","date_gmt":"2021-03-09T16:08:53","guid":{"rendered":"https:\/\/ppdegalicia.com\/o-grupo-popular-apoia-no-pleno-que-a-perspectiva-de-xenero-estea-presente-nos-proxectos-next-generation\/"},"modified":"2021-03-09T18:08:53","modified_gmt":"2021-03-09T16:08:53","slug":"o-grupo-popular-apoia-no-pleno-que-a-perspectiva-de-xenero-estea-presente-nos-proxectos-next-generation","status":"publish","type":"post","link":"https:\/\/ppdegalicia.com\/es\/o-grupo-popular-apoia-no-pleno-que-a-perspectiva-de-xenero-estea-presente-nos-proxectos-next-generation\/","title":{"rendered":"O Grupo Popular apoia no Pleno que a perspectiva de x\u00e9nero estea presente nos proxectos Next Generation"},"content":{"rendered":"<p><img fetchpriority=\"high\" decoding=\"async\" class=\" size-full wp-image-55389\" src=\"https:\/\/ppdegalicia.com\/wp-content\/uploads\/2021\/03\/4f26cf9671590db91c0217194c4b7c32.jpg\" alt=\"\" width=\"1900\" height=\"1166\" srcset=\"https:\/\/ppdegalicia.com\/wp-content\/uploads\/2021\/03\/4f26cf9671590db91c0217194c4b7c32.jpg 1900w, https:\/\/ppdegalicia.com\/wp-content\/uploads\/2021\/03\/4f26cf9671590db91c0217194c4b7c32-300x184.jpg 300w, https:\/\/ppdegalicia.com\/wp-content\/uploads\/2021\/03\/4f26cf9671590db91c0217194c4b7c32-1024x628.jpg 1024w, https:\/\/ppdegalicia.com\/wp-content\/uploads\/2021\/03\/4f26cf9671590db91c0217194c4b7c32-768x471.jpg 768w, https:\/\/ppdegalicia.com\/wp-content\/uploads\/2021\/03\/4f26cf9671590db91c0217194c4b7c32-1536x943.jpg 1536w\" sizes=\"(max-width: 1900px) 100vw, 1900px\" \/><\/p>\n<p>Santiago, 9 de marzo de 2021.- O Grupo Popular apoiou esta tarde a aprobaci\u00f3n no Pleno do Parlamento galego dunha moci\u00f3n a trav\u00e9s da que se solicita que a perspectiva de x\u00e9nero estea presente nos proxectos presentados pola Xunta aos Fondos Next Generation; que se revise o Plan galego de conciliaci\u00f3n e corresponsabilidade 2018-2020 para incorporar posibles novas acci\u00f3ns que dean resposta \u00e1 nova realidade da pandemia; e establecer medios para combater a fenda dixital de x\u00e9nero.<\/p>\n<p><!--more--><\/p>\n<p>A viceportavoz popular, Paula Prado, sinalou que o Goberno de Espa\u00f1a, \u201cnas s\u00faas negociaci\u00f3ns do Plan de recuperaci\u00f3n, transformaci\u00f3n e resilencia con Bruxelas, debe ser o primeiro en velar porque se cumpla a perspectiva de x\u00e9nero en todo o relacionado cos Fondos Next Generation\u201d. Por\u00e9n, sinalou que \u201cn\u00f3s estamos de acordo en que a Xunta salvagarde a perspectiva de x\u00e9nero do mesmo xeito que ven facendo cando executa outros fondos europeos, fondos finalistas ou fondos propios\u201d.<\/p>\n<p>\u00a0<\/p>\n<p><strong>NOVAS ACCI\u00d3NS POLA COVID-19<\/strong><\/p>\n<p>\u00a0<\/p>\n<p>Paula Prado sinalou, ademais, que \u201ctam\u00e9n estamos de acordo coa revisi\u00f3n do Plan galego de conciliaci\u00f3n e corresponsabilidade 2018-2020 para incorporar posibles novas acci\u00f3ns que dean resposta \u00e1 nova realidade xurdida coa pandemia, xa que esta proposta xa aparece recollida na proposici\u00f3n non de lei do Grupo Popular aprobada no \u00faltimo Pleno do Parlamento galego\u201d.<\/p>\n<p>\u00a0<\/p>\n<p>En concreto, a proposici\u00f3n aprobada indicaba que, antes de rematar o actual per\u00edodo de sesi\u00f3ns e nos traballos de avaliaci\u00f3n do I Plan galego de conciliaci\u00f3n e corresponsabilidade 2018-2020, aplicar indicadores do impacto da Covid-19 no ano 2020, co obxectivo de modificar as medidas que sexan necesarias para o \u00faltimo tramo de vixencia do plan actual, as\u00ed como aquelas que se incl\u00faan no novo plan\u201d.<\/p>\n<p>\u00a0<\/p>\n<p>Por \u00faltimo, respecto do establecemento de medios para combater a fenda dixital de x\u00e9nero, sobre todo naqueles fogares m\u00e1is vulnerables con dificultades de acceso a internet e a dispositivos electr\u00f3nicos que impiden o mantemento do emprego cando a \u00fanica opci\u00f3n \u00e9 o teletraballo, Paula Prado explicou que \u201ca Xunta xa o v\u00e9n facendo a trav\u00e9s da Amtega, que leva tempo traballando na eliminaci\u00f3n das fendas dixitais que afectan \u00e1 poboaci\u00f3n e ao territorio galego\u201d.<\/p>\n<p>\u00a0<\/p>\n<p>A viceportavoz popular apuntou que \u201cos demais puntos das moci\u00f3ns defendidas tanto polo BNG como polo PSdeG xa est\u00e1n recollidos na proposici\u00f3n non de lei do Grupo Popular aprobada no pasado Pleno e, polo tanto, est\u00e1n en vigor na actualidade\u201d. \u201cS\u00f3 apoiamos a aprobaci\u00f3n destes tres puntos porque consideramos que complementan o acordo ao que chegamos por unanimidade na pasada sesi\u00f3n plenaria\u201d, indicou.<\/p>\n","protected":false},"excerpt":{"rendered":"<p>Santiago, 9 de marzo de 2021.- O Grupo Popular apoiou esta tarde a aprobaci\u00f3n no Pleno do Parlamento galego dunha moci\u00f3n a trav\u00e9s da que se solicita que a perspectiva de x\u00e9nero estea presente nos proxectos presentados pola Xunta aos Fondos Next Generation; que se revise o Plan galego de conciliaci\u00f3n e corresponsabilidade 2018-2020 para [&hellip;]<\/p>\n","protected":false},"author":38,"featured_media":55389,"comment_status":"open","ping_status":"open","sticky":false,"template":"","format":"standard","meta":{"_acf_changed":false,"footnotes":""},"categories":[1],"tags":[],"class_list":["post-55390","post","type-post","status-publish","format-standard","has-post-thumbnail","hentry","category-pp-de-galicia"],"acf":[],"yoast_head":"<!-- This site is optimized with the Yoast SEO plugin v27.3 - https:\/\/yoast.com\/product\/yoast-seo-wordpress\/ -->\n<title>O Grupo Popular apoia no Pleno que a perspectiva de x\u00e9nero estea presente nos proxectos Next Generation - PP de Galicia<\/title>\n<meta name=\"robots\" content=\"index, follow, max-snippet:-1, max-image-preview:large, max-video-preview:-1\" \/>\n<link rel=\"canonical\" href=\"https:\/\/ppdegalicia.com\/es\/o-grupo-popular-apoia-no-pleno-que-a-perspectiva-de-xenero-estea-presente-nos-proxectos-next-generation\/\" \/>\n<meta property=\"og:locale\" content=\"es_ES\" \/>\n<meta property=\"og:type\" content=\"article\" \/>\n<meta property=\"og:title\" content=\"O Grupo Popular apoia no Pleno que a perspectiva de x\u00e9nero estea presente nos proxectos Next Generation - PP de Galicia\" \/>\n<meta property=\"og:description\" content=\"Santiago, 9 de marzo de 2021.- O Grupo Popular apoiou esta tarde a aprobaci\u00f3n no Pleno do Parlamento galego dunha moci\u00f3n a trav\u00e9s da que se solicita que a perspectiva de x\u00e9nero estea presente nos proxectos presentados pola Xunta aos Fondos Next Generation; que se revise o Plan galego de conciliaci\u00f3n e corresponsabilidade 2018-2020 para [&hellip;]\" \/>\n<meta property=\"og:url\" content=\"https:\/\/ppdegalicia.com\/es\/o-grupo-popular-apoia-no-pleno-que-a-perspectiva-de-xenero-estea-presente-nos-proxectos-next-generation\/\" \/>\n<meta property=\"og:site_name\" content=\"PP de Galicia\" \/>\n<meta property=\"article:publisher\" content=\"https:\/\/www.instagram.com\/ppdegalicia\/\" \/>\n<meta property=\"article:published_time\" content=\"2021-03-09T16:08:53+00:00\" \/>\n<meta property=\"og:image\" content=\"https:\/\/ppdegalicia.com\/wp-content\/uploads\/2021\/03\/4f26cf9671590db91c0217194c4b7c32.jpg\" \/>\n\t<meta property=\"og:image:width\" content=\"1900\" \/>\n\t<meta property=\"og:image:height\" content=\"1166\" \/>\n\t<meta property=\"og:image:type\" content=\"image\/jpeg\" \/>\n<meta name=\"author\" content=\"ppdegaliciaredes\" \/>\n<meta name=\"twitter:card\" content=\"summary_large_image\" \/>\n<meta name=\"twitter:creator\" content=\"@ppdegalicia\" \/>\n<meta name=\"twitter:site\" content=\"@ppdegalicia\" \/>\n<meta name=\"twitter:label1\" content=\"Escrito por\" \/>\n\t<meta name=\"twitter:data1\" content=\"ppdegaliciaredes\" \/>\n\t<meta name=\"twitter:label2\" content=\"Tiempo de lectura\" \/>\n\t<meta name=\"twitter:data2\" content=\"2 minutos\" \/>\n<script type=\"application\/ld+json\" class=\"yoast-schema-graph\">{\"@context\":\"https:\\\/\\\/schema.org\",\"@graph\":[{\"@type\":\"Article\",\"@id\":\"https:\\\/\\\/ppdegalicia.com\\\/es\\\/o-grupo-popular-apoia-no-pleno-que-a-perspectiva-de-xenero-estea-presente-nos-proxectos-next-generation\\\/#article\",\"isPartOf\":{\"@id\":\"https:\\\/\\\/ppdegalicia.com\\\/es\\\/o-grupo-popular-apoia-no-pleno-que-a-perspectiva-de-xenero-estea-presente-nos-proxectos-next-generation\\\/\"},\"author\":{\"name\":\"ppdegaliciaredes\",\"@id\":\"https:\\\/\\\/ppdegalicia.com\\\/es\\\/#\\\/schema\\\/person\\\/5b822c6f59e872ebdd1142f307dbcb59\"},\"headline\":\"O Grupo Popular apoia no Pleno que a perspectiva de x\u00e9nero estea presente nos proxectos Next Generation\",\"datePublished\":\"2021-03-09T16:08:53+00:00\",\"mainEntityOfPage\":{\"@id\":\"https:\\\/\\\/ppdegalicia.com\\\/es\\\/o-grupo-popular-apoia-no-pleno-que-a-perspectiva-de-xenero-estea-presente-nos-proxectos-next-generation\\\/\"},\"wordCount\":468,\"commentCount\":0,\"publisher\":{\"@id\":\"https:\\\/\\\/ppdegalicia.com\\\/es\\\/#organization\"},\"image\":{\"@id\":\"https:\\\/\\\/ppdegalicia.com\\\/es\\\/o-grupo-popular-apoia-no-pleno-que-a-perspectiva-de-xenero-estea-presente-nos-proxectos-next-generation\\\/#primaryimage\"},\"thumbnailUrl\":\"https:\\\/\\\/ppdegalicia.com\\\/wp-content\\\/uploads\\\/2021\\\/03\\\/4f26cf9671590db91c0217194c4b7c32.jpg\",\"articleSection\":[\"PP de Galicia\"],\"inLanguage\":\"es\",\"potentialAction\":[{\"@type\":\"CommentAction\",\"name\":\"Comment\",\"target\":[\"https:\\\/\\\/ppdegalicia.com\\\/es\\\/o-grupo-popular-apoia-no-pleno-que-a-perspectiva-de-xenero-estea-presente-nos-proxectos-next-generation\\\/#respond\"]}]},{\"@type\":\"WebPage\",\"@id\":\"https:\\\/\\\/ppdegalicia.com\\\/es\\\/o-grupo-popular-apoia-no-pleno-que-a-perspectiva-de-xenero-estea-presente-nos-proxectos-next-generation\\\/\",\"url\":\"https:\\\/\\\/ppdegalicia.com\\\/es\\\/o-grupo-popular-apoia-no-pleno-que-a-perspectiva-de-xenero-estea-presente-nos-proxectos-next-generation\\\/\",\"name\":\"O Grupo Popular apoia no Pleno que a perspectiva de x\u00e9nero estea presente nos proxectos Next Generation - PP de Galicia\",\"isPartOf\":{\"@id\":\"https:\\\/\\\/ppdegalicia.com\\\/es\\\/#website\"},\"primaryImageOfPage\":{\"@id\":\"https:\\\/\\\/ppdegalicia.com\\\/es\\\/o-grupo-popular-apoia-no-pleno-que-a-perspectiva-de-xenero-estea-presente-nos-proxectos-next-generation\\\/#primaryimage\"},\"image\":{\"@id\":\"https:\\\/\\\/ppdegalicia.com\\\/es\\\/o-grupo-popular-apoia-no-pleno-que-a-perspectiva-de-xenero-estea-presente-nos-proxectos-next-generation\\\/#primaryimage\"},\"thumbnailUrl\":\"https:\\\/\\\/ppdegalicia.com\\\/wp-content\\\/uploads\\\/2021\\\/03\\\/4f26cf9671590db91c0217194c4b7c32.jpg\",\"datePublished\":\"2021-03-09T16:08:53+00:00\",\"breadcrumb\":{\"@id\":\"https:\\\/\\\/ppdegalicia.com\\\/es\\\/o-grupo-popular-apoia-no-pleno-que-a-perspectiva-de-xenero-estea-presente-nos-proxectos-next-generation\\\/#breadcrumb\"},\"inLanguage\":\"es\",\"potentialAction\":[{\"@type\":\"ReadAction\",\"target\":[\"https:\\\/\\\/ppdegalicia.com\\\/es\\\/o-grupo-popular-apoia-no-pleno-que-a-perspectiva-de-xenero-estea-presente-nos-proxectos-next-generation\\\/\"]}]},{\"@type\":\"ImageObject\",\"inLanguage\":\"es\",\"@id\":\"https:\\\/\\\/ppdegalicia.com\\\/es\\\/o-grupo-popular-apoia-no-pleno-que-a-perspectiva-de-xenero-estea-presente-nos-proxectos-next-generation\\\/#primaryimage\",\"url\":\"https:\\\/\\\/ppdegalicia.com\\\/wp-content\\\/uploads\\\/2021\\\/03\\\/4f26cf9671590db91c0217194c4b7c32.jpg\",\"contentUrl\":\"https:\\\/\\\/ppdegalicia.com\\\/wp-content\\\/uploads\\\/2021\\\/03\\\/4f26cf9671590db91c0217194c4b7c32.jpg\",\"width\":1900,\"height\":1166},{\"@type\":\"BreadcrumbList\",\"@id\":\"https:\\\/\\\/ppdegalicia.com\\\/es\\\/o-grupo-popular-apoia-no-pleno-que-a-perspectiva-de-xenero-estea-presente-nos-proxectos-next-generation\\\/#breadcrumb\",\"itemListElement\":[{\"@type\":\"ListItem\",\"position\":1,\"name\":\"Portada\",\"item\":\"https:\\\/\\\/ppdegalicia.com\\\/es\\\/\"},{\"@type\":\"ListItem\",\"position\":2,\"name\":\"O Grupo Popular apoia no Pleno que a perspectiva de x\u00e9nero estea presente nos proxectos Next Generation\"}]},{\"@type\":\"WebSite\",\"@id\":\"https:\\\/\\\/ppdegalicia.com\\\/es\\\/#website\",\"url\":\"https:\\\/\\\/ppdegalicia.com\\\/es\\\/\",\"name\":\"Partido Popular de Galicia\",\"description\":\"Partido Popular de Galicia\",\"publisher\":{\"@id\":\"https:\\\/\\\/ppdegalicia.com\\\/es\\\/#organization\"},\"alternateName\":\"PP de Galicia\",\"potentialAction\":[{\"@type\":\"SearchAction\",\"target\":{\"@type\":\"EntryPoint\",\"urlTemplate\":\"https:\\\/\\\/ppdegalicia.com\\\/es\\\/?s={search_term_string}\"},\"query-input\":{\"@type\":\"PropertyValueSpecification\",\"valueRequired\":true,\"valueName\":\"search_term_string\"}}],\"inLanguage\":\"es\"},{\"@type\":\"Organization\",\"@id\":\"https:\\\/\\\/ppdegalicia.com\\\/es\\\/#organization\",\"name\":\"Partido Popular de Galicia\",\"alternateName\":\"PP de Galicia\",\"url\":\"https:\\\/\\\/ppdegalicia.com\\\/es\\\/\",\"logo\":{\"@type\":\"ImageObject\",\"inLanguage\":\"es\",\"@id\":\"https:\\\/\\\/ppdegalicia.com\\\/es\\\/#\\\/schema\\\/logo\\\/image\\\/\",\"url\":\"https:\\\/\\\/ppdegalicia.com\\\/wp-content\\\/uploads\\\/2023\\\/04\\\/logoPP512.png\",\"contentUrl\":\"https:\\\/\\\/ppdegalicia.com\\\/wp-content\\\/uploads\\\/2023\\\/04\\\/logoPP512.png\",\"width\":512,\"height\":512,\"caption\":\"Partido Popular de Galicia\"},\"image\":{\"@id\":\"https:\\\/\\\/ppdegalicia.com\\\/es\\\/#\\\/schema\\\/logo\\\/image\\\/\"},\"sameAs\":[\"https:\\\/\\\/www.instagram.com\\\/ppdegalicia\\\/\",\"https:\\\/\\\/x.com\\\/ppdegalicia\",\"https:\\\/\\\/www.tiktok.com\\\/@ppdegalicia\",\"https:\\\/\\\/www.youtube.com\\\/user\\\/ppdegalicia\"]},{\"@type\":\"Person\",\"@id\":\"https:\\\/\\\/ppdegalicia.com\\\/es\\\/#\\\/schema\\\/person\\\/5b822c6f59e872ebdd1142f307dbcb59\",\"name\":\"ppdegaliciaredes\",\"image\":{\"@type\":\"ImageObject\",\"inLanguage\":\"es\",\"@id\":\"https:\\\/\\\/secure.gravatar.com\\\/avatar\\\/3c9179cf0256d00c72a48d1f25783c58b6842cd56e85ef3a572881c8e28ccd59?s=96&d=mm&r=g\",\"url\":\"https:\\\/\\\/secure.gravatar.com\\\/avatar\\\/3c9179cf0256d00c72a48d1f25783c58b6842cd56e85ef3a572881c8e28ccd59?s=96&d=mm&r=g\",\"contentUrl\":\"https:\\\/\\\/secure.gravatar.com\\\/avatar\\\/3c9179cf0256d00c72a48d1f25783c58b6842cd56e85ef3a572881c8e28ccd59?s=96&d=mm&r=g\",\"caption\":\"ppdegaliciaredes\"},\"url\":\"https:\\\/\\\/ppdegalicia.com\\\/es\\\/author\\\/ppdegaliciaredes\\\/\"}]}<\/script>\n<!-- \/ Yoast SEO plugin. -->","yoast_head_json":{"title":"O Grupo Popular apoia no Pleno que a perspectiva de x\u00e9nero estea presente nos proxectos Next Generation - PP de Galicia","robots":{"index":"index","follow":"follow","max-snippet":"max-snippet:-1","max-image-preview":"max-image-preview:large","max-video-preview":"max-video-preview:-1"},"canonical":"https:\/\/ppdegalicia.com\/es\/o-grupo-popular-apoia-no-pleno-que-a-perspectiva-de-xenero-estea-presente-nos-proxectos-next-generation\/","og_locale":"es_ES","og_type":"article","og_title":"O Grupo Popular apoia no Pleno que a perspectiva de x\u00e9nero estea presente nos proxectos Next Generation - PP de Galicia","og_description":"Santiago, 9 de marzo de 2021.- O Grupo Popular apoiou esta tarde a aprobaci\u00f3n no Pleno do Parlamento galego dunha moci\u00f3n a trav\u00e9s da que se solicita que a perspectiva de x\u00e9nero estea presente nos proxectos presentados pola Xunta aos Fondos Next Generation; que se revise o Plan galego de conciliaci\u00f3n e corresponsabilidade 2018-2020 para [&hellip;]","og_url":"https:\/\/ppdegalicia.com\/es\/o-grupo-popular-apoia-no-pleno-que-a-perspectiva-de-xenero-estea-presente-nos-proxectos-next-generation\/","og_site_name":"PP de Galicia","article_publisher":"https:\/\/www.instagram.com\/ppdegalicia\/","article_published_time":"2021-03-09T16:08:53+00:00","og_image":[{"width":1900,"height":1166,"url":"https:\/\/ppdegalicia.com\/wp-content\/uploads\/2021\/03\/4f26cf9671590db91c0217194c4b7c32.jpg","type":"image\/jpeg"}],"author":"ppdegaliciaredes","twitter_card":"summary_large_image","twitter_creator":"@ppdegalicia","twitter_site":"@ppdegalicia","twitter_misc":{"Escrito por":"ppdegaliciaredes","Tiempo de lectura":"2 minutos"},"schema":{"@context":"https:\/\/schema.org","@graph":[{"@type":"Article","@id":"https:\/\/ppdegalicia.com\/es\/o-grupo-popular-apoia-no-pleno-que-a-perspectiva-de-xenero-estea-presente-nos-proxectos-next-generation\/#article","isPartOf":{"@id":"https:\/\/ppdegalicia.com\/es\/o-grupo-popular-apoia-no-pleno-que-a-perspectiva-de-xenero-estea-presente-nos-proxectos-next-generation\/"},"author":{"name":"ppdegaliciaredes","@id":"https:\/\/ppdegalicia.com\/es\/#\/schema\/person\/5b822c6f59e872ebdd1142f307dbcb59"},"headline":"O Grupo Popular apoia no Pleno que a perspectiva de x\u00e9nero estea presente nos proxectos Next Generation","datePublished":"2021-03-09T16:08:53+00:00","mainEntityOfPage":{"@id":"https:\/\/ppdegalicia.com\/es\/o-grupo-popular-apoia-no-pleno-que-a-perspectiva-de-xenero-estea-presente-nos-proxectos-next-generation\/"},"wordCount":468,"commentCount":0,"publisher":{"@id":"https:\/\/ppdegalicia.com\/es\/#organization"},"image":{"@id":"https:\/\/ppdegalicia.com\/es\/o-grupo-popular-apoia-no-pleno-que-a-perspectiva-de-xenero-estea-presente-nos-proxectos-next-generation\/#primaryimage"},"thumbnailUrl":"https:\/\/ppdegalicia.com\/wp-content\/uploads\/2021\/03\/4f26cf9671590db91c0217194c4b7c32.jpg","articleSection":["PP de Galicia"],"inLanguage":"es","potentialAction":[{"@type":"CommentAction","name":"Comment","target":["https:\/\/ppdegalicia.com\/es\/o-grupo-popular-apoia-no-pleno-que-a-perspectiva-de-xenero-estea-presente-nos-proxectos-next-generation\/#respond"]}]},{"@type":"WebPage","@id":"https:\/\/ppdegalicia.com\/es\/o-grupo-popular-apoia-no-pleno-que-a-perspectiva-de-xenero-estea-presente-nos-proxectos-next-generation\/","url":"https:\/\/ppdegalicia.com\/es\/o-grupo-popular-apoia-no-pleno-que-a-perspectiva-de-xenero-estea-presente-nos-proxectos-next-generation\/","name":"O Grupo Popular apoia no Pleno que a perspectiva de x\u00e9nero estea presente nos proxectos Next Generation - PP de Galicia","isPartOf":{"@id":"https:\/\/ppdegalicia.com\/es\/#website"},"primaryImageOfPage":{"@id":"https:\/\/ppdegalicia.com\/es\/o-grupo-popular-apoia-no-pleno-que-a-perspectiva-de-xenero-estea-presente-nos-proxectos-next-generation\/#primaryimage"},"image":{"@id":"https:\/\/ppdegalicia.com\/es\/o-grupo-popular-apoia-no-pleno-que-a-perspectiva-de-xenero-estea-presente-nos-proxectos-next-generation\/#primaryimage"},"thumbnailUrl":"https:\/\/ppdegalicia.com\/wp-content\/uploads\/2021\/03\/4f26cf9671590db91c0217194c4b7c32.jpg","datePublished":"2021-03-09T16:08:53+00:00","breadcrumb":{"@id":"https:\/\/ppdegalicia.com\/es\/o-grupo-popular-apoia-no-pleno-que-a-perspectiva-de-xenero-estea-presente-nos-proxectos-next-generation\/#breadcrumb"},"inLanguage":"es","potentialAction":[{"@type":"ReadAction","target":["https:\/\/ppdegalicia.com\/es\/o-grupo-popular-apoia-no-pleno-que-a-perspectiva-de-xenero-estea-presente-nos-proxectos-next-generation\/"]}]},{"@type":"ImageObject","inLanguage":"es","@id":"https:\/\/ppdegalicia.com\/es\/o-grupo-popular-apoia-no-pleno-que-a-perspectiva-de-xenero-estea-presente-nos-proxectos-next-generation\/#primaryimage","url":"https:\/\/ppdegalicia.com\/wp-content\/uploads\/2021\/03\/4f26cf9671590db91c0217194c4b7c32.jpg","contentUrl":"https:\/\/ppdegalicia.com\/wp-content\/uploads\/2021\/03\/4f26cf9671590db91c0217194c4b7c32.jpg","width":1900,"height":1166},{"@type":"BreadcrumbList","@id":"https:\/\/ppdegalicia.com\/es\/o-grupo-popular-apoia-no-pleno-que-a-perspectiva-de-xenero-estea-presente-nos-proxectos-next-generation\/#breadcrumb","itemListElement":[{"@type":"ListItem","position":1,"name":"Portada","item":"https:\/\/ppdegalicia.com\/es\/"},{"@type":"ListItem","position":2,"name":"O Grupo Popular apoia no Pleno que a perspectiva de x\u00e9nero estea presente nos proxectos Next Generation"}]},{"@type":"WebSite","@id":"https:\/\/ppdegalicia.com\/es\/#website","url":"https:\/\/ppdegalicia.com\/es\/","name":"Partido Popular de Galicia","description":"Partido Popular de Galicia","publisher":{"@id":"https:\/\/ppdegalicia.com\/es\/#organization"},"alternateName":"PP de Galicia","potentialAction":[{"@type":"SearchAction","target":{"@type":"EntryPoint","urlTemplate":"https:\/\/ppdegalicia.com\/es\/?s={search_term_string}"},"query-input":{"@type":"PropertyValueSpecification","valueRequired":true,"valueName":"search_term_string"}}],"inLanguage":"es"},{"@type":"Organization","@id":"https:\/\/ppdegalicia.com\/es\/#organization","name":"Partido Popular de Galicia","alternateName":"PP de Galicia","url":"https:\/\/ppdegalicia.com\/es\/","logo":{"@type":"ImageObject","inLanguage":"es","@id":"https:\/\/ppdegalicia.com\/es\/#\/schema\/logo\/image\/","url":"https:\/\/ppdegalicia.com\/wp-content\/uploads\/2023\/04\/logoPP512.png","contentUrl":"https:\/\/ppdegalicia.com\/wp-content\/uploads\/2023\/04\/logoPP512.png","width":512,"height":512,"caption":"Partido Popular de Galicia"},"image":{"@id":"https:\/\/ppdegalicia.com\/es\/#\/schema\/logo\/image\/"},"sameAs":["https:\/\/www.instagram.com\/ppdegalicia\/","https:\/\/x.com\/ppdegalicia","https:\/\/www.tiktok.com\/@ppdegalicia","https:\/\/www.youtube.com\/user\/ppdegalicia"]},{"@type":"Person","@id":"https:\/\/ppdegalicia.com\/es\/#\/schema\/person\/5b822c6f59e872ebdd1142f307dbcb59","name":"ppdegaliciaredes","image":{"@type":"ImageObject","inLanguage":"es","@id":"https:\/\/secure.gravatar.com\/avatar\/3c9179cf0256d00c72a48d1f25783c58b6842cd56e85ef3a572881c8e28ccd59?s=96&d=mm&r=g","url":"https:\/\/secure.gravatar.com\/avatar\/3c9179cf0256d00c72a48d1f25783c58b6842cd56e85ef3a572881c8e28ccd59?s=96&d=mm&r=g","contentUrl":"https:\/\/secure.gravatar.com\/avatar\/3c9179cf0256d00c72a48d1f25783c58b6842cd56e85ef3a572881c8e28ccd59?s=96&d=mm&r=g","caption":"ppdegaliciaredes"},"url":"https:\/\/ppdegalicia.com\/es\/author\/ppdegaliciaredes\/"}]}},"_links":{"self":[{"href":"https:\/\/ppdegalicia.com\/es\/wp-json\/wp\/v2\/posts\/55390","targetHints":{"allow":["GET"]}}],"collection":[{"href":"https:\/\/ppdegalicia.com\/es\/wp-json\/wp\/v2\/posts"}],"about":[{"href":"https:\/\/ppdegalicia.com\/es\/wp-json\/wp\/v2\/types\/post"}],"author":[{"embeddable":true,"href":"https:\/\/ppdegalicia.com\/es\/wp-json\/wp\/v2\/users\/38"}],"replies":[{"embeddable":true,"href":"https:\/\/ppdegalicia.com\/es\/wp-json\/wp\/v2\/comments?post=55390"}],"version-history":[{"count":0,"href":"https:\/\/ppdegalicia.com\/es\/wp-json\/wp\/v2\/posts\/55390\/revisions"}],"wp:featuredmedia":[{"embeddable":true,"href":"https:\/\/ppdegalicia.com\/es\/wp-json\/wp\/v2\/media\/55389"}],"wp:attachment":[{"href":"https:\/\/ppdegalicia.com\/es\/wp-json\/wp\/v2\/media?parent=55390"}],"wp:term":[{"taxonomy":"category","embeddable":true,"href":"https:\/\/ppdegalicia.com\/es\/wp-json\/wp\/v2\/categories?post=55390"},{"taxonomy":"post_tag","embeddable":true,"href":"https:\/\/ppdegalicia.com\/es\/wp-json\/wp\/v2\/tags?post=55390"}],"curies":[{"name":"wp","href":"https:\/\/api.w.org\/{rel}","templated":true}]}}