{"id":55400,"date":"2021-03-11T08:45:36","date_gmt":"2021-03-11T06:45:36","guid":{"rendered":"https:\/\/ppdegalicia.com\/iniciativa-sobre-a-redaccion-da-lei-organica-de-modificacion-da-lei-organica-de-educacion-no-referido-ao-profesorado-tecnico-de-formacion-profesional\/"},"modified":"2021-03-11T08:45:36","modified_gmt":"2021-03-11T06:45:36","slug":"iniciativa-sobre-a-redaccion-da-lei-organica-de-modificacion-da-lei-organica-de-educacion-no-referido-ao-profesorado-tecnico-de-formacion-profesional","status":"publish","type":"post","link":"https:\/\/ppdegalicia.com\/es\/iniciativa-sobre-a-redaccion-da-lei-organica-de-modificacion-da-lei-organica-de-educacion-no-referido-ao-profesorado-tecnico-de-formacion-profesional\/","title":{"rendered":"Iniciativa sobre  a redacci\u00f3n da Lei org\u00e1nica de modificaci\u00f3n da Lei org\u00e1nica de Educaci\u00f3n no referido ao profesorado t\u00e9cnico de Formaci\u00f3n Profesional"},"content":{"rendered":"<p><img fetchpriority=\"high\" decoding=\"async\" class=\" size-full wp-image-55399\" src=\"https:\/\/ppdegalicia.com\/wp-content\/uploads\/2021\/03\/4decbcdf5b133bad0e0d8a66ca02d115-scaled.jpg\" alt=\"\" width=\"2560\" height=\"1708\" srcset=\"https:\/\/ppdegalicia.com\/wp-content\/uploads\/2021\/03\/4decbcdf5b133bad0e0d8a66ca02d115-scaled.jpg 2560w, https:\/\/ppdegalicia.com\/wp-content\/uploads\/2021\/03\/4decbcdf5b133bad0e0d8a66ca02d115-300x200.jpg 300w, https:\/\/ppdegalicia.com\/wp-content\/uploads\/2021\/03\/4decbcdf5b133bad0e0d8a66ca02d115-1024x683.jpg 1024w, https:\/\/ppdegalicia.com\/wp-content\/uploads\/2021\/03\/4decbcdf5b133bad0e0d8a66ca02d115-768x512.jpg 768w, https:\/\/ppdegalicia.com\/wp-content\/uploads\/2021\/03\/4decbcdf5b133bad0e0d8a66ca02d115-1536x1025.jpg 1536w, https:\/\/ppdegalicia.com\/wp-content\/uploads\/2021\/03\/4decbcdf5b133bad0e0d8a66ca02d115-2048x1366.jpg 2048w\" sizes=\"(max-width: 2560px) 100vw, 2560px\" \/><\/p>\n<p>Iniciativa sobre a redacci\u00f3n que presenta a Lei org\u00e1nica de modificaci\u00f3n da Lei org\u00e1nica de educaci\u00f3n no referido ao profesorado t\u00e9cnico de formaci\u00f3n profesional<\/p>\n<p><!--more--><\/p>\n<p>O Grupo Parlamentario Popular cree nas moitas posibilidades que ofrece a Formaci\u00f3n Profesional na nosa comunidade e somos conscientes do esforzo realizado pola Xunta de Galicia nos \u00faltimos anos para incrementar os ciclos e o n\u00famero de alumnos que seguen este tipo de oferta educativa.<\/p>\n<p>En tan s\u00f3 dez anos, o n\u00famero de alumnos e alumnas das diferentes especialidades da Formaci\u00f3n Profesional incrementouse nun 62%, deste xeito, puidemos pasar de 34.746 alumnos que ti\u00f1a a FP no curso 2008\/2009 a m\u00e1is de 56.000 que te\u00f1en as diversas ofertas de FP neste curso 2020\/2021, son datos moi significativos que acreditan o prestixio da Formaci\u00f3n Profesional en Galicia.<\/p>\n<p>Esta decidida aposta pola Formaci\u00f3n Profesional fai que os galegos e as galegas de hoxe vexan esta oferta formativa como unha garant\u00eda de emprego cunha formaci\u00f3n que se adapta \u00e1s car\u00e1cteristicas do tecido productivo e que garante a realizaci\u00f3n de pr\u00e1cticas profesionais que achegan ao alumnado \u00e1 realidade das empresas.Nesta labor xoga un papel moi importante todo o profesorado t\u00e9cnico de formaci\u00f3n profesional<\/p>\n<p>Esta li\u00f1a de traballo que est\u00e1 a seguir o sistema de formaci\u00f3n profesional galego vese afectado pola entrada en vigor da LOMLOE &#8211;tam\u00e9n co\u00f1ecida como Lei Cel\u00e1a&#8211;, que na disposici\u00f3n adicional d\u00e9cimo primeira desta Lei Org\u00e1nica 3\/2020, do 29 de decembro, establece que:<\/p>\n<p>\u201c1. Int\u00e9granse no corpo de profesores de ensinanza secundaria as especialidades de formaci\u00f3n profesional inclu\u00eddas no corpo a extinguir de profesores t\u00e9cnicos de formaci\u00f3n profesional, mantendo a atribuci\u00f3n docente reco\u00f1ecida pola normativa vixente.<\/p>\n<p>2. O Goberno, de acordo coas administraci\u00f3ns educativas, establecer\u00e1 o procedemento para o ingreso neste corpo, as\u00ed como para o acceso ao mesmo do profesorado t\u00e9cnico de formaci\u00f3n profesional que estivera en posesi\u00f3n na data de entrada en vigor desta Lei org\u00e1nica da titulaci\u00f3n de grao universitario, ou equivalente para os efectos de acceso \u00e1 funci\u00f3n p\u00fablica, nas condici\u00f3ns que se determinen.<\/p>\n<p>3. Os funcionarios de carreira do corpo de profesores t\u00e9cnicos de formaci\u00f3n profesional que, por non reunir os requisitos de titulaci\u00f3n esixidos na data de entrada en vigor desta lei, non poidan acceder ao corpo de profesores de ensinanza secundaria, permanecer\u00e1n no corpo a extinguir de profesores t\u00e9cnicos de formaci\u00f3n profesional. Estes profesores manter\u00e1n a s\u00faa especialidade e a atribuci\u00f3n docente reco\u00f1ecida pola normativa vixente\u201d<\/p>\n<p>Esta redacci\u00f3n da lei ten as seguintes consecuencias:<\/p>\n<p>1.- Non se produce unha integraci\u00f3n dos funcionarios de carreira do corpo de profesores t\u00e9cnicos de formaci\u00f3n profesional no corpo de profesores de ensino secundario, sen\u00f3n que ter\u00e1 que regularse un procedemento de acceso.<\/p>\n<p>2.-Para acceder \u00e9 necesario ter unha titulaci\u00f3n de grao ou equivalente para os efectos da funci\u00f3n p\u00fablica, quere decir que as titulaci\u00f3n de diplomatura non est\u00e1n equiparadas a grao para o acceso \u00e1 funci\u00f3n p\u00fablica.<\/p>\n<p>3.-A lei non establece \u201cou titulaci\u00f3ns declaradas equivalentes para os efectos de docencia\u201d. Polo que todo o profesorado que non te\u00f1a t\u00edtulo de grao, licenciatura ou equivalente a efectos de acceso a funci\u00f3n p\u00fablica non poder\u00e1 acceder, ou para que poida acceder ser\u00e1 necesario modificar a disposici\u00f3n adicional d\u00e9cimo primeira la<br \/>LOMLOE. Esta modificaci\u00f3n pode realizarse mediante Lei.<\/p>\n<p>4.- Os requisitos de titulaci\u00f3n hai que reunilos, de acordo coa LOMLOE, a data da entrada en vigor desta Lei, ou sexa, ao 19 de xaneiro de 2021. Polo tanto non poder\u00e1n acceder aquelas persoas que obte\u00f1an un t\u00edtulo de grao con posterioridade a dita data<\/p>\n<p>A decisi\u00f3n de extinguir o corpo de profesores t\u00e9cnicos de Formaci\u00f3n Profesional xera unha enorme inestabilidade , sup\u00f3n un obst\u00e1culo na consolidaci\u00f3n da formaci\u00f3n profesional porque deixa nunha situaci\u00f3n de indefinici\u00f3n administrativa e laboral do profesorado t\u00e9cnico de Formaci\u00f3n Profesional, tanto do persoal funcionario de carreira como daquel persoal interino e substituto nas listas de profesorado das distintas especialidade. Tam\u00e9n queda nunha situaci\u00f3n compremetida o profesorado interino e substituto nas listas porque non se concreta se poder\u00edan seguir desempe\u00f1ando a labor docente, nin as condici\u00f3ns, nin en que modalidade de relaci\u00f3n laboral e contractual.<\/p>\n<p>A Xunta de Galicia, ao detectar esta problem\u00e1tica fixo unha ampliaci\u00f3n da oferta de plazas da oposici\u00f3n 2020 para, dentro do marco legal, incrementar a oferta dirixida a este colectivo.<\/p>\n<p>A redacci\u00f3n final da LOMLOE denota desco\u00f1ecemento de como se organizan as ensinanzas de FP e que na s\u00faa tramitaci\u00f3n parlamentaria houbo un desprezo \u00e1 participaci\u00f3n. \u00c9 a primeira vez da historia que se vetan as comparecencias e que non foi informada polo Consejo de Estado, en vez de correxir os erros no tr\u00e1mite parlamentario rexeitaron todas as alegaci\u00f3ns no Senado, o que fixeron foi vender o papel central da educaci\u00f3n por intereses pol\u00edtico-partidistas.<\/p>\n<p>Por todo o exposto,O Grupo Parlamentario Popular de Galicia presenta a seguinte proposici\u00f3n non de lei en Comisi\u00f3n:<\/p>\n<p><strong>\u201cO Parlamento de Galicia insta \u00e1 Xunta a que traslade ao Ministerio de Educaci\u00f3n e FP:<\/strong><\/p>\n<p><strong>1.- O rexeitamento da C\u00e1mara galega ao recollido na LOMLOE respecto do profesorado t\u00e9cnico de FP, xa que se ten descuberto como un erro tanto para o futuro profesional destes docentes como para unha formaci\u00f3n de calidade para o alumnado.<\/strong><\/p>\n<p><strong>2.- A procura de medidas que corrixan o erro cometido na LOMLOE e que permita que todo o profesorado t\u00e9cnico de formaci\u00f3n profesional te\u00f1a posibilidades de integraci\u00f3n no corpo de profesores de ensino secundario\u201d<\/strong><\/p>\n<p>\u00a0<\/p>\n<p><strong>Rexistro:\u00a0https:\/\/www.parlamentodegalicia.es\/Expedientes\/11\/PNC-000987<\/strong><\/p>\n","protected":false},"excerpt":{"rendered":"<p>Iniciativa sobre a redacci\u00f3n que presenta a Lei org\u00e1nica de modificaci\u00f3n da Lei org\u00e1nica de educaci\u00f3n no referido ao profesorado t\u00e9cnico de formaci\u00f3n profesional<\/p>\n","protected":false},"author":38,"featured_media":55399,"comment_status":"open","ping_status":"open","sticky":false,"template":"","format":"standard","meta":{"_acf_changed":false,"footnotes":""},"categories":[1128,1],"tags":[],"class_list":["post-55400","post","type-post","status-publish","format-standard","has-post-thumbnail","hentry","category-actualidad-parlamento-de-galicia","category-pp-de-galicia"],"acf":[],"yoast_head":"<!-- This site is optimized with the Yoast SEO plugin v27.3 - https:\/\/yoast.com\/product\/yoast-seo-wordpress\/ -->\n<title>Iniciativa sobre a redacci\u00f3n da Lei org\u00e1nica de modificaci\u00f3n da Lei org\u00e1nica de Educaci\u00f3n no referido ao profesorado t\u00e9cnico de Formaci\u00f3n Profesional - PP de Galicia<\/title>\n<meta name=\"robots\" content=\"index, follow, max-snippet:-1, max-image-preview:large, max-video-preview:-1\" \/>\n<link rel=\"canonical\" href=\"https:\/\/ppdegalicia.com\/es\/iniciativa-sobre-a-redaccion-da-lei-organica-de-modificacion-da-lei-organica-de-educacion-no-referido-ao-profesorado-tecnico-de-formacion-profesional\/\" \/>\n<meta property=\"og:locale\" content=\"es_ES\" \/>\n<meta property=\"og:type\" content=\"article\" \/>\n<meta property=\"og:title\" content=\"Iniciativa sobre a redacci\u00f3n da Lei org\u00e1nica de modificaci\u00f3n da Lei org\u00e1nica de Educaci\u00f3n no referido ao profesorado t\u00e9cnico de Formaci\u00f3n Profesional - PP de Galicia\" \/>\n<meta property=\"og:description\" content=\"Iniciativa sobre a redacci\u00f3n que presenta a Lei org\u00e1nica de modificaci\u00f3n da Lei org\u00e1nica de educaci\u00f3n no referido ao profesorado t\u00e9cnico de formaci\u00f3n profesional\" \/>\n<meta property=\"og:url\" content=\"https:\/\/ppdegalicia.com\/es\/iniciativa-sobre-a-redaccion-da-lei-organica-de-modificacion-da-lei-organica-de-educacion-no-referido-ao-profesorado-tecnico-de-formacion-profesional\/\" \/>\n<meta property=\"og:site_name\" content=\"PP de Galicia\" \/>\n<meta property=\"article:publisher\" content=\"https:\/\/www.instagram.com\/ppdegalicia\/\" \/>\n<meta property=\"article:published_time\" content=\"2021-03-11T06:45:36+00:00\" \/>\n<meta property=\"og:image\" content=\"https:\/\/ppdegalicia.com\/wp-content\/uploads\/2021\/03\/4decbcdf5b133bad0e0d8a66ca02d115-scaled.jpg\" \/>\n\t<meta property=\"og:image:width\" content=\"2560\" \/>\n\t<meta property=\"og:image:height\" content=\"1708\" \/>\n\t<meta property=\"og:image:type\" content=\"image\/jpeg\" \/>\n<meta name=\"author\" content=\"ppdegaliciaredes\" \/>\n<meta name=\"twitter:card\" content=\"summary_large_image\" \/>\n<meta name=\"twitter:creator\" content=\"@ppdegalicia\" \/>\n<meta name=\"twitter:site\" content=\"@ppdegalicia\" \/>\n<meta name=\"twitter:label1\" content=\"Escrito por\" \/>\n\t<meta name=\"twitter:data1\" content=\"ppdegaliciaredes\" \/>\n\t<meta name=\"twitter:label2\" content=\"Tiempo de lectura\" \/>\n\t<meta name=\"twitter:data2\" content=\"5 minutos\" \/>\n<script type=\"application\/ld+json\" class=\"yoast-schema-graph\">{\"@context\":\"https:\\\/\\\/schema.org\",\"@graph\":[{\"@type\":\"Article\",\"@id\":\"https:\\\/\\\/ppdegalicia.com\\\/es\\\/iniciativa-sobre-a-redaccion-da-lei-organica-de-modificacion-da-lei-organica-de-educacion-no-referido-ao-profesorado-tecnico-de-formacion-profesional\\\/#article\",\"isPartOf\":{\"@id\":\"https:\\\/\\\/ppdegalicia.com\\\/es\\\/iniciativa-sobre-a-redaccion-da-lei-organica-de-modificacion-da-lei-organica-de-educacion-no-referido-ao-profesorado-tecnico-de-formacion-profesional\\\/\"},\"author\":{\"name\":\"ppdegaliciaredes\",\"@id\":\"https:\\\/\\\/ppdegalicia.com\\\/es\\\/#\\\/schema\\\/person\\\/5b822c6f59e872ebdd1142f307dbcb59\"},\"headline\":\"Iniciativa sobre a redacci\u00f3n da Lei org\u00e1nica de modificaci\u00f3n da Lei org\u00e1nica de Educaci\u00f3n no referido ao profesorado t\u00e9cnico de Formaci\u00f3n Profesional\",\"datePublished\":\"2021-03-11T06:45:36+00:00\",\"mainEntityOfPage\":{\"@id\":\"https:\\\/\\\/ppdegalicia.com\\\/es\\\/iniciativa-sobre-a-redaccion-da-lei-organica-de-modificacion-da-lei-organica-de-educacion-no-referido-ao-profesorado-tecnico-de-formacion-profesional\\\/\"},\"wordCount\":1019,\"commentCount\":0,\"publisher\":{\"@id\":\"https:\\\/\\\/ppdegalicia.com\\\/es\\\/#organization\"},\"image\":{\"@id\":\"https:\\\/\\\/ppdegalicia.com\\\/es\\\/iniciativa-sobre-a-redaccion-da-lei-organica-de-modificacion-da-lei-organica-de-educacion-no-referido-ao-profesorado-tecnico-de-formacion-profesional\\\/#primaryimage\"},\"thumbnailUrl\":\"https:\\\/\\\/ppdegalicia.com\\\/wp-content\\\/uploads\\\/2021\\\/03\\\/4decbcdf5b133bad0e0d8a66ca02d115-scaled.jpg\",\"articleSection\":[\"Parlamento de Galicia\",\"PP de Galicia\"],\"inLanguage\":\"es\",\"potentialAction\":[{\"@type\":\"CommentAction\",\"name\":\"Comment\",\"target\":[\"https:\\\/\\\/ppdegalicia.com\\\/es\\\/iniciativa-sobre-a-redaccion-da-lei-organica-de-modificacion-da-lei-organica-de-educacion-no-referido-ao-profesorado-tecnico-de-formacion-profesional\\\/#respond\"]}]},{\"@type\":\"WebPage\",\"@id\":\"https:\\\/\\\/ppdegalicia.com\\\/es\\\/iniciativa-sobre-a-redaccion-da-lei-organica-de-modificacion-da-lei-organica-de-educacion-no-referido-ao-profesorado-tecnico-de-formacion-profesional\\\/\",\"url\":\"https:\\\/\\\/ppdegalicia.com\\\/es\\\/iniciativa-sobre-a-redaccion-da-lei-organica-de-modificacion-da-lei-organica-de-educacion-no-referido-ao-profesorado-tecnico-de-formacion-profesional\\\/\",\"name\":\"Iniciativa sobre a redacci\u00f3n da Lei org\u00e1nica de modificaci\u00f3n da Lei org\u00e1nica de Educaci\u00f3n no referido ao profesorado t\u00e9cnico de Formaci\u00f3n Profesional - PP de Galicia\",\"isPartOf\":{\"@id\":\"https:\\\/\\\/ppdegalicia.com\\\/es\\\/#website\"},\"primaryImageOfPage\":{\"@id\":\"https:\\\/\\\/ppdegalicia.com\\\/es\\\/iniciativa-sobre-a-redaccion-da-lei-organica-de-modificacion-da-lei-organica-de-educacion-no-referido-ao-profesorado-tecnico-de-formacion-profesional\\\/#primaryimage\"},\"image\":{\"@id\":\"https:\\\/\\\/ppdegalicia.com\\\/es\\\/iniciativa-sobre-a-redaccion-da-lei-organica-de-modificacion-da-lei-organica-de-educacion-no-referido-ao-profesorado-tecnico-de-formacion-profesional\\\/#primaryimage\"},\"thumbnailUrl\":\"https:\\\/\\\/ppdegalicia.com\\\/wp-content\\\/uploads\\\/2021\\\/03\\\/4decbcdf5b133bad0e0d8a66ca02d115-scaled.jpg\",\"datePublished\":\"2021-03-11T06:45:36+00:00\",\"breadcrumb\":{\"@id\":\"https:\\\/\\\/ppdegalicia.com\\\/es\\\/iniciativa-sobre-a-redaccion-da-lei-organica-de-modificacion-da-lei-organica-de-educacion-no-referido-ao-profesorado-tecnico-de-formacion-profesional\\\/#breadcrumb\"},\"inLanguage\":\"es\",\"potentialAction\":[{\"@type\":\"ReadAction\",\"target\":[\"https:\\\/\\\/ppdegalicia.com\\\/es\\\/iniciativa-sobre-a-redaccion-da-lei-organica-de-modificacion-da-lei-organica-de-educacion-no-referido-ao-profesorado-tecnico-de-formacion-profesional\\\/\"]}]},{\"@type\":\"ImageObject\",\"inLanguage\":\"es\",\"@id\":\"https:\\\/\\\/ppdegalicia.com\\\/es\\\/iniciativa-sobre-a-redaccion-da-lei-organica-de-modificacion-da-lei-organica-de-educacion-no-referido-ao-profesorado-tecnico-de-formacion-profesional\\\/#primaryimage\",\"url\":\"https:\\\/\\\/ppdegalicia.com\\\/wp-content\\\/uploads\\\/2021\\\/03\\\/4decbcdf5b133bad0e0d8a66ca02d115-scaled.jpg\",\"contentUrl\":\"https:\\\/\\\/ppdegalicia.com\\\/wp-content\\\/uploads\\\/2021\\\/03\\\/4decbcdf5b133bad0e0d8a66ca02d115-scaled.jpg\",\"width\":2560,\"height\":1708},{\"@type\":\"BreadcrumbList\",\"@id\":\"https:\\\/\\\/ppdegalicia.com\\\/es\\\/iniciativa-sobre-a-redaccion-da-lei-organica-de-modificacion-da-lei-organica-de-educacion-no-referido-ao-profesorado-tecnico-de-formacion-profesional\\\/#breadcrumb\",\"itemListElement\":[{\"@type\":\"ListItem\",\"position\":1,\"name\":\"Portada\",\"item\":\"https:\\\/\\\/ppdegalicia.com\\\/es\\\/\"},{\"@type\":\"ListItem\",\"position\":2,\"name\":\"Iniciativa sobre a redacci\u00f3n da Lei org\u00e1nica de modificaci\u00f3n da Lei org\u00e1nica de Educaci\u00f3n no referido ao profesorado t\u00e9cnico de Formaci\u00f3n Profesional\"}]},{\"@type\":\"WebSite\",\"@id\":\"https:\\\/\\\/ppdegalicia.com\\\/es\\\/#website\",\"url\":\"https:\\\/\\\/ppdegalicia.com\\\/es\\\/\",\"name\":\"Partido Popular de Galicia\",\"description\":\"Partido Popular de Galicia\",\"publisher\":{\"@id\":\"https:\\\/\\\/ppdegalicia.com\\\/es\\\/#organization\"},\"alternateName\":\"PP de Galicia\",\"potentialAction\":[{\"@type\":\"SearchAction\",\"target\":{\"@type\":\"EntryPoint\",\"urlTemplate\":\"https:\\\/\\\/ppdegalicia.com\\\/es\\\/?s={search_term_string}\"},\"query-input\":{\"@type\":\"PropertyValueSpecification\",\"valueRequired\":true,\"valueName\":\"search_term_string\"}}],\"inLanguage\":\"es\"},{\"@type\":\"Organization\",\"@id\":\"https:\\\/\\\/ppdegalicia.com\\\/es\\\/#organization\",\"name\":\"Partido Popular de Galicia\",\"alternateName\":\"PP de Galicia\",\"url\":\"https:\\\/\\\/ppdegalicia.com\\\/es\\\/\",\"logo\":{\"@type\":\"ImageObject\",\"inLanguage\":\"es\",\"@id\":\"https:\\\/\\\/ppdegalicia.com\\\/es\\\/#\\\/schema\\\/logo\\\/image\\\/\",\"url\":\"https:\\\/\\\/ppdegalicia.com\\\/wp-content\\\/uploads\\\/2023\\\/04\\\/logoPP512.png\",\"contentUrl\":\"https:\\\/\\\/ppdegalicia.com\\\/wp-content\\\/uploads\\\/2023\\\/04\\\/logoPP512.png\",\"width\":512,\"height\":512,\"caption\":\"Partido Popular de Galicia\"},\"image\":{\"@id\":\"https:\\\/\\\/ppdegalicia.com\\\/es\\\/#\\\/schema\\\/logo\\\/image\\\/\"},\"sameAs\":[\"https:\\\/\\\/www.instagram.com\\\/ppdegalicia\\\/\",\"https:\\\/\\\/x.com\\\/ppdegalicia\",\"https:\\\/\\\/www.tiktok.com\\\/@ppdegalicia\",\"https:\\\/\\\/www.youtube.com\\\/user\\\/ppdegalicia\"]},{\"@type\":\"Person\",\"@id\":\"https:\\\/\\\/ppdegalicia.com\\\/es\\\/#\\\/schema\\\/person\\\/5b822c6f59e872ebdd1142f307dbcb59\",\"name\":\"ppdegaliciaredes\",\"image\":{\"@type\":\"ImageObject\",\"inLanguage\":\"es\",\"@id\":\"https:\\\/\\\/secure.gravatar.com\\\/avatar\\\/3c9179cf0256d00c72a48d1f25783c58b6842cd56e85ef3a572881c8e28ccd59?s=96&d=mm&r=g\",\"url\":\"https:\\\/\\\/secure.gravatar.com\\\/avatar\\\/3c9179cf0256d00c72a48d1f25783c58b6842cd56e85ef3a572881c8e28ccd59?s=96&d=mm&r=g\",\"contentUrl\":\"https:\\\/\\\/secure.gravatar.com\\\/avatar\\\/3c9179cf0256d00c72a48d1f25783c58b6842cd56e85ef3a572881c8e28ccd59?s=96&d=mm&r=g\",\"caption\":\"ppdegaliciaredes\"},\"url\":\"https:\\\/\\\/ppdegalicia.com\\\/es\\\/author\\\/ppdegaliciaredes\\\/\"}]}<\/script>\n<!-- \/ Yoast SEO plugin. -->","yoast_head_json":{"title":"Iniciativa sobre a redacci\u00f3n da Lei org\u00e1nica de modificaci\u00f3n da Lei org\u00e1nica de Educaci\u00f3n no referido ao profesorado t\u00e9cnico de Formaci\u00f3n Profesional - PP de Galicia","robots":{"index":"index","follow":"follow","max-snippet":"max-snippet:-1","max-image-preview":"max-image-preview:large","max-video-preview":"max-video-preview:-1"},"canonical":"https:\/\/ppdegalicia.com\/es\/iniciativa-sobre-a-redaccion-da-lei-organica-de-modificacion-da-lei-organica-de-educacion-no-referido-ao-profesorado-tecnico-de-formacion-profesional\/","og_locale":"es_ES","og_type":"article","og_title":"Iniciativa sobre a redacci\u00f3n da Lei org\u00e1nica de modificaci\u00f3n da Lei org\u00e1nica de Educaci\u00f3n no referido ao profesorado t\u00e9cnico de Formaci\u00f3n Profesional - PP de Galicia","og_description":"Iniciativa sobre a redacci\u00f3n que presenta a Lei org\u00e1nica de modificaci\u00f3n da Lei org\u00e1nica de educaci\u00f3n no referido ao profesorado t\u00e9cnico de formaci\u00f3n profesional","og_url":"https:\/\/ppdegalicia.com\/es\/iniciativa-sobre-a-redaccion-da-lei-organica-de-modificacion-da-lei-organica-de-educacion-no-referido-ao-profesorado-tecnico-de-formacion-profesional\/","og_site_name":"PP de Galicia","article_publisher":"https:\/\/www.instagram.com\/ppdegalicia\/","article_published_time":"2021-03-11T06:45:36+00:00","og_image":[{"width":2560,"height":1708,"url":"https:\/\/ppdegalicia.com\/wp-content\/uploads\/2021\/03\/4decbcdf5b133bad0e0d8a66ca02d115-scaled.jpg","type":"image\/jpeg"}],"author":"ppdegaliciaredes","twitter_card":"summary_large_image","twitter_creator":"@ppdegalicia","twitter_site":"@ppdegalicia","twitter_misc":{"Escrito por":"ppdegaliciaredes","Tiempo de lectura":"5 minutos"},"schema":{"@context":"https:\/\/schema.org","@graph":[{"@type":"Article","@id":"https:\/\/ppdegalicia.com\/es\/iniciativa-sobre-a-redaccion-da-lei-organica-de-modificacion-da-lei-organica-de-educacion-no-referido-ao-profesorado-tecnico-de-formacion-profesional\/#article","isPartOf":{"@id":"https:\/\/ppdegalicia.com\/es\/iniciativa-sobre-a-redaccion-da-lei-organica-de-modificacion-da-lei-organica-de-educacion-no-referido-ao-profesorado-tecnico-de-formacion-profesional\/"},"author":{"name":"ppdegaliciaredes","@id":"https:\/\/ppdegalicia.com\/es\/#\/schema\/person\/5b822c6f59e872ebdd1142f307dbcb59"},"headline":"Iniciativa sobre a redacci\u00f3n da Lei org\u00e1nica de modificaci\u00f3n da Lei org\u00e1nica de Educaci\u00f3n no referido ao profesorado t\u00e9cnico de Formaci\u00f3n Profesional","datePublished":"2021-03-11T06:45:36+00:00","mainEntityOfPage":{"@id":"https:\/\/ppdegalicia.com\/es\/iniciativa-sobre-a-redaccion-da-lei-organica-de-modificacion-da-lei-organica-de-educacion-no-referido-ao-profesorado-tecnico-de-formacion-profesional\/"},"wordCount":1019,"commentCount":0,"publisher":{"@id":"https:\/\/ppdegalicia.com\/es\/#organization"},"image":{"@id":"https:\/\/ppdegalicia.com\/es\/iniciativa-sobre-a-redaccion-da-lei-organica-de-modificacion-da-lei-organica-de-educacion-no-referido-ao-profesorado-tecnico-de-formacion-profesional\/#primaryimage"},"thumbnailUrl":"https:\/\/ppdegalicia.com\/wp-content\/uploads\/2021\/03\/4decbcdf5b133bad0e0d8a66ca02d115-scaled.jpg","articleSection":["Parlamento de Galicia","PP de Galicia"],"inLanguage":"es","potentialAction":[{"@type":"CommentAction","name":"Comment","target":["https:\/\/ppdegalicia.com\/es\/iniciativa-sobre-a-redaccion-da-lei-organica-de-modificacion-da-lei-organica-de-educacion-no-referido-ao-profesorado-tecnico-de-formacion-profesional\/#respond"]}]},{"@type":"WebPage","@id":"https:\/\/ppdegalicia.com\/es\/iniciativa-sobre-a-redaccion-da-lei-organica-de-modificacion-da-lei-organica-de-educacion-no-referido-ao-profesorado-tecnico-de-formacion-profesional\/","url":"https:\/\/ppdegalicia.com\/es\/iniciativa-sobre-a-redaccion-da-lei-organica-de-modificacion-da-lei-organica-de-educacion-no-referido-ao-profesorado-tecnico-de-formacion-profesional\/","name":"Iniciativa sobre a redacci\u00f3n da Lei org\u00e1nica de modificaci\u00f3n da Lei org\u00e1nica de Educaci\u00f3n no referido ao profesorado t\u00e9cnico de Formaci\u00f3n Profesional - PP de Galicia","isPartOf":{"@id":"https:\/\/ppdegalicia.com\/es\/#website"},"primaryImageOfPage":{"@id":"https:\/\/ppdegalicia.com\/es\/iniciativa-sobre-a-redaccion-da-lei-organica-de-modificacion-da-lei-organica-de-educacion-no-referido-ao-profesorado-tecnico-de-formacion-profesional\/#primaryimage"},"image":{"@id":"https:\/\/ppdegalicia.com\/es\/iniciativa-sobre-a-redaccion-da-lei-organica-de-modificacion-da-lei-organica-de-educacion-no-referido-ao-profesorado-tecnico-de-formacion-profesional\/#primaryimage"},"thumbnailUrl":"https:\/\/ppdegalicia.com\/wp-content\/uploads\/2021\/03\/4decbcdf5b133bad0e0d8a66ca02d115-scaled.jpg","datePublished":"2021-03-11T06:45:36+00:00","breadcrumb":{"@id":"https:\/\/ppdegalicia.com\/es\/iniciativa-sobre-a-redaccion-da-lei-organica-de-modificacion-da-lei-organica-de-educacion-no-referido-ao-profesorado-tecnico-de-formacion-profesional\/#breadcrumb"},"inLanguage":"es","potentialAction":[{"@type":"ReadAction","target":["https:\/\/ppdegalicia.com\/es\/iniciativa-sobre-a-redaccion-da-lei-organica-de-modificacion-da-lei-organica-de-educacion-no-referido-ao-profesorado-tecnico-de-formacion-profesional\/"]}]},{"@type":"ImageObject","inLanguage":"es","@id":"https:\/\/ppdegalicia.com\/es\/iniciativa-sobre-a-redaccion-da-lei-organica-de-modificacion-da-lei-organica-de-educacion-no-referido-ao-profesorado-tecnico-de-formacion-profesional\/#primaryimage","url":"https:\/\/ppdegalicia.com\/wp-content\/uploads\/2021\/03\/4decbcdf5b133bad0e0d8a66ca02d115-scaled.jpg","contentUrl":"https:\/\/ppdegalicia.com\/wp-content\/uploads\/2021\/03\/4decbcdf5b133bad0e0d8a66ca02d115-scaled.jpg","width":2560,"height":1708},{"@type":"BreadcrumbList","@id":"https:\/\/ppdegalicia.com\/es\/iniciativa-sobre-a-redaccion-da-lei-organica-de-modificacion-da-lei-organica-de-educacion-no-referido-ao-profesorado-tecnico-de-formacion-profesional\/#breadcrumb","itemListElement":[{"@type":"ListItem","position":1,"name":"Portada","item":"https:\/\/ppdegalicia.com\/es\/"},{"@type":"ListItem","position":2,"name":"Iniciativa sobre a redacci\u00f3n da Lei org\u00e1nica de modificaci\u00f3n da Lei org\u00e1nica de Educaci\u00f3n no referido ao profesorado t\u00e9cnico de Formaci\u00f3n Profesional"}]},{"@type":"WebSite","@id":"https:\/\/ppdegalicia.com\/es\/#website","url":"https:\/\/ppdegalicia.com\/es\/","name":"Partido Popular de Galicia","description":"Partido Popular de Galicia","publisher":{"@id":"https:\/\/ppdegalicia.com\/es\/#organization"},"alternateName":"PP de Galicia","potentialAction":[{"@type":"SearchAction","target":{"@type":"EntryPoint","urlTemplate":"https:\/\/ppdegalicia.com\/es\/?s={search_term_string}"},"query-input":{"@type":"PropertyValueSpecification","valueRequired":true,"valueName":"search_term_string"}}],"inLanguage":"es"},{"@type":"Organization","@id":"https:\/\/ppdegalicia.com\/es\/#organization","name":"Partido Popular de Galicia","alternateName":"PP de Galicia","url":"https:\/\/ppdegalicia.com\/es\/","logo":{"@type":"ImageObject","inLanguage":"es","@id":"https:\/\/ppdegalicia.com\/es\/#\/schema\/logo\/image\/","url":"https:\/\/ppdegalicia.com\/wp-content\/uploads\/2023\/04\/logoPP512.png","contentUrl":"https:\/\/ppdegalicia.com\/wp-content\/uploads\/2023\/04\/logoPP512.png","width":512,"height":512,"caption":"Partido Popular de Galicia"},"image":{"@id":"https:\/\/ppdegalicia.com\/es\/#\/schema\/logo\/image\/"},"sameAs":["https:\/\/www.instagram.com\/ppdegalicia\/","https:\/\/x.com\/ppdegalicia","https:\/\/www.tiktok.com\/@ppdegalicia","https:\/\/www.youtube.com\/user\/ppdegalicia"]},{"@type":"Person","@id":"https:\/\/ppdegalicia.com\/es\/#\/schema\/person\/5b822c6f59e872ebdd1142f307dbcb59","name":"ppdegaliciaredes","image":{"@type":"ImageObject","inLanguage":"es","@id":"https:\/\/secure.gravatar.com\/avatar\/3c9179cf0256d00c72a48d1f25783c58b6842cd56e85ef3a572881c8e28ccd59?s=96&d=mm&r=g","url":"https:\/\/secure.gravatar.com\/avatar\/3c9179cf0256d00c72a48d1f25783c58b6842cd56e85ef3a572881c8e28ccd59?s=96&d=mm&r=g","contentUrl":"https:\/\/secure.gravatar.com\/avatar\/3c9179cf0256d00c72a48d1f25783c58b6842cd56e85ef3a572881c8e28ccd59?s=96&d=mm&r=g","caption":"ppdegaliciaredes"},"url":"https:\/\/ppdegalicia.com\/es\/author\/ppdegaliciaredes\/"}]}},"_links":{"self":[{"href":"https:\/\/ppdegalicia.com\/es\/wp-json\/wp\/v2\/posts\/55400","targetHints":{"allow":["GET"]}}],"collection":[{"href":"https:\/\/ppdegalicia.com\/es\/wp-json\/wp\/v2\/posts"}],"about":[{"href":"https:\/\/ppdegalicia.com\/es\/wp-json\/wp\/v2\/types\/post"}],"author":[{"embeddable":true,"href":"https:\/\/ppdegalicia.com\/es\/wp-json\/wp\/v2\/users\/38"}],"replies":[{"embeddable":true,"href":"https:\/\/ppdegalicia.com\/es\/wp-json\/wp\/v2\/comments?post=55400"}],"version-history":[{"count":0,"href":"https:\/\/ppdegalicia.com\/es\/wp-json\/wp\/v2\/posts\/55400\/revisions"}],"wp:featuredmedia":[{"embeddable":true,"href":"https:\/\/ppdegalicia.com\/es\/wp-json\/wp\/v2\/media\/55399"}],"wp:attachment":[{"href":"https:\/\/ppdegalicia.com\/es\/wp-json\/wp\/v2\/media?parent=55400"}],"wp:term":[{"taxonomy":"category","embeddable":true,"href":"https:\/\/ppdegalicia.com\/es\/wp-json\/wp\/v2\/categories?post=55400"},{"taxonomy":"post_tag","embeddable":true,"href":"https:\/\/ppdegalicia.com\/es\/wp-json\/wp\/v2\/tags?post=55400"}],"curies":[{"name":"wp","href":"https:\/\/api.w.org\/{rel}","templated":true}]}}