{"id":55456,"date":"2021-03-22T09:17:18","date_gmt":"2021-03-22T07:17:18","guid":{"rendered":"https:\/\/ppdegalicia.com\/plan-mellora-da-atencion-rural-mediante-a-dinamizacion-e-modernizacion-das-oficinas-agrarias-comarcais\/"},"modified":"2021-03-22T09:17:18","modified_gmt":"2021-03-22T07:17:18","slug":"plan-mellora-da-atencion-rural-mediante-a-dinamizacion-e-modernizacion-das-oficinas-agrarias-comarcais","status":"publish","type":"post","link":"https:\/\/ppdegalicia.com\/es\/plan-mellora-da-atencion-rural-mediante-a-dinamizacion-e-modernizacion-das-oficinas-agrarias-comarcais\/","title":{"rendered":"Plan mellora da atenci\u00f3n rural mediante a dinamizaci\u00f3n e modernizaci\u00f3n das oficinas agrarias comarcais"},"content":{"rendered":"<p><img fetchpriority=\"high\" decoding=\"async\" class=\" size-full wp-image-55455\" src=\"https:\/\/ppdegalicia.com\/wp-content\/uploads\/2021\/03\/66f2a9f66e48d837f8d9568e3aa7d8b3-scaled.jpg\" alt=\"\" width=\"2560\" height=\"1255\" srcset=\"https:\/\/ppdegalicia.com\/wp-content\/uploads\/2021\/03\/66f2a9f66e48d837f8d9568e3aa7d8b3-scaled.jpg 2560w, https:\/\/ppdegalicia.com\/wp-content\/uploads\/2021\/03\/66f2a9f66e48d837f8d9568e3aa7d8b3-300x147.jpg 300w, https:\/\/ppdegalicia.com\/wp-content\/uploads\/2021\/03\/66f2a9f66e48d837f8d9568e3aa7d8b3-1024x502.jpg 1024w, https:\/\/ppdegalicia.com\/wp-content\/uploads\/2021\/03\/66f2a9f66e48d837f8d9568e3aa7d8b3-768x376.jpg 768w, https:\/\/ppdegalicia.com\/wp-content\/uploads\/2021\/03\/66f2a9f66e48d837f8d9568e3aa7d8b3-1536x753.jpg 1536w, https:\/\/ppdegalicia.com\/wp-content\/uploads\/2021\/03\/66f2a9f66e48d837f8d9568e3aa7d8b3-2048x1004.jpg 2048w\" sizes=\"(max-width: 2560px) 100vw, 2560px\" \/><\/p>\n<p>\u00a0<\/p>\n<p>Iniciativa sobre as actuaci\u00f3ns que debe levar a cabo o Goberno galego para impulsar e desenvolver o Plan de mellora da atenci\u00f3n no rural mediante a dinamizaci\u00f3n e modernizaci\u00f3n das oficinas agrarias comarcais<\/p>\n<p><!--more--><\/p>\n<p>\u00a0<\/p>\n<p>\u00a0<\/p>\n<p>O pasado d\u00eda 13 de febreiro de 2020 levouse a Consello da Xunta o Plan de Mellora da Atenci\u00f3n no Rural, o que compromet\u00eda \u00e1 dinamizaci\u00f3n e modernizaci\u00f3n das Oficinas Agrarias Comarcais (en adiante, OAC); isto supor\u00eda a mellora sistem\u00e1tica da atenci\u00f3n a agricultores e gandeiros a trav\u00e9s dun plan de modernizaci\u00f3n e posta en valor da rede de OAC. Non obstante, como consecuencia da aparici\u00f3n da pandemia pola covid-19 este plan foi demorado e, neste senso, c\u00f3mpre impulsar a s\u00faa posta en marcha de cara ao pr\u00f3ximo per\u00edodo.<\/p>\n<p>Isto responde de xeito ineludible a unha necesidade xerada en torno a un primeiro esbozo do mapa actual das OAC na d\u00e9cada de 1960. Nesa data foron definidas as localizaci\u00f3ns de hoxe en d\u00eda e o despregue das mesmas, que naquel momento se co\u00f1ec\u00edan como Extensi\u00f3ns Agrarias ou A Agraria a secas. Por aquel ent\u00f3n, como cabe esperar, as cifras das explotaci\u00f3ns eran superiores \u00e1s da actualidade, tanto en censo agrario, como en emprego, en n\u00famero de fogares&#8230;; falabamos de preto de 600.000 explotaci\u00f3ns familiares e delas 300.000 con rendas agrarias suficientes para considerarse ingresos principais no fogar. En canto \u00e1 situaci\u00f3n actual, existen uns 130.000 titulares de explotaci\u00f3ns de autoconsumo e case 30.000 explotaci\u00f3ns profesionais, datos que pouco te\u00f1en que ver coas cifras dos anos 60 do pasado s\u00e9culo.<\/p>\n<p>As\u00ed como pouco ten que ver a vida de agricultores e gandeiros daqueles tempos cos de hoxe.<\/p>\n<p>Desde a apertura da que foi a primeira oficina ou sede de Extensi\u00f3n Agraria en Negreira, no ano 1956, os cambios que aconteceron na nosa terra, desde a evoluci\u00f3n demogr\u00e1fica, de redes de transporte e estradas, ata a mecanizaci\u00f3n, a transformaci\u00f3n tecnol\u00f3xica e unha especializaci\u00f3n produtiva e territorial das explotaci\u00f3ns agrarias, foron debuxando un novidoso mapa territorial a nivel de explotaci\u00f3ns agrarias nada semellante ao de hai 60 anos.<br \/>Desde a Conseller\u00eda do Medio Rural evidenciouse esta nova realidade, e levouse a cabo unha an\u00e1lise en profundidade da mesma, coa fin de acometer o Programa de mellora global da atenci\u00f3n no rural, para establecer as caracter\u00edsticas e distribuci\u00f3n territorial das sedes actuais de xeito efectivo, considerando os seus puntos fortes e debilidades, e aplicando medidas correctoras \u00e1s carencias existentes.<\/p>\n<p>\u00a0<\/p>\n<p>De feito, na actualidade a rede de OAC atende preto de 130.000 titulares de explotaci\u00f3ns de autoconsumo e case 30.000 explotaci\u00f3ns profesionais. Sen embargo, a nova realidade do campo galego, que xorde das diferentes transformaci\u00f3ns que veu experimentando, sobre todo desde a segunda metade do s\u00e9culo XX coa evoluci\u00f3n de gran parte do sistema agrario territorial cara modelos de explotaci\u00f3n intensiva, cun alto grao de especializaci\u00f3n tanto gandeira como forestal, e, ao tempo, cunha gran dispersi\u00f3n xeogr\u00e1fica das explotaci\u00f3ns, propicia p\u00f3r en marcha un Plan de modernizaci\u00f3n e mellora da rede de oficinas de atenci\u00f3n no medio rural de Galicia que verdadeiramente sexa efectivo e pos\u00faa a capacidade necesaria para facerlle fronte a nova realidade.<br \/>Desde o Grupo Parlamentario Popular de Galicia vemos, nesta mesma li\u00f1a, a necesidade de, por un lado, mellorar as infraestruturas e, por outro, modernizar e mellorar os servizos prestados polas Oficinas Agrarias Comarcais (OAC), de xeito que a administraci\u00f3n auton\u00f3mica ofreza un servizo p\u00fablico pr\u00f3ximo, din\u00e1mico e t\u00e9cnico de calidade ao sector e mellore, ao tempo, a actividade dos profesionais que traballan nelas. S\u00f3 por medio desta modernizaci\u00f3n e mellora dos servizos prestados polas OAC, se chegar\u00e1n a abordar cuesti\u00f3ns como avanzar na dixitalizaci\u00f3n, dar unha imaxe distinta e unificada ou axilizar tr\u00e1mites, normas e procedementos.<\/p>\n<p>\u00a0<\/p>\n<p>Por todo o exposto, o Grupo Parlamentario Popular, presenta a seguinte proposici\u00f3n non de lei en Comisi\u00f3n:<\/p>\n<p><strong>\u201cO Parlamento de Galicia insta \u00e1 Xunta de Galicia a impulsar e desenvolver o Plan de mellora da atenci\u00f3n no rural mediante a dinamizaci\u00f3n e modernizaci\u00f3n das Oficinas Agrarias Comarcais, garantindo que mante\u00f1an as s\u00faas funci\u00f3ns de dinamizaci\u00f3n e de asesoramento aos gandeiros e agricultores dot\u00e1ndoas dos medios materiais e humanos necesarios para o seu desenvolvemento\u201d.<\/strong><\/p>\n<p><strong>Rexistro:\u00a0<a href=\"https:\/\/www.parlamentodegalicia.es\/Expedientes\/11\/PNC-000904\">https:\/\/www.parlamentodegalicia.es\/Expedientes\/11\/PNC-000904<\/a><\/strong><\/p>\n<p>\u00a0<\/p>\n","protected":false},"excerpt":{"rendered":"<p>\u00a0 Iniciativa sobre as actuaci\u00f3ns que debe levar a cabo o Goberno galego para impulsar e desenvolver o Plan de mellora da atenci\u00f3n no rural mediante a dinamizaci\u00f3n e modernizaci\u00f3n das oficinas agrarias comarcais<\/p>\n","protected":false},"author":38,"featured_media":55455,"comment_status":"open","ping_status":"open","sticky":false,"template":"","format":"standard","meta":{"_acf_changed":false,"footnotes":""},"categories":[1128,1],"tags":[],"class_list":["post-55456","post","type-post","status-publish","format-standard","has-post-thumbnail","hentry","category-actualidad-parlamento-de-galicia","category-pp-de-galicia"],"acf":[],"yoast_head":"<!-- This site is optimized with the Yoast SEO plugin v27.3 - https:\/\/yoast.com\/product\/yoast-seo-wordpress\/ -->\n<title>Plan mellora da atenci\u00f3n rural mediante a dinamizaci\u00f3n e modernizaci\u00f3n das oficinas agrarias comarcais - PP de Galicia<\/title>\n<meta name=\"robots\" content=\"index, follow, max-snippet:-1, max-image-preview:large, max-video-preview:-1\" \/>\n<link rel=\"canonical\" href=\"https:\/\/ppdegalicia.com\/es\/plan-mellora-da-atencion-rural-mediante-a-dinamizacion-e-modernizacion-das-oficinas-agrarias-comarcais\/\" \/>\n<meta property=\"og:locale\" content=\"es_ES\" \/>\n<meta property=\"og:type\" content=\"article\" \/>\n<meta property=\"og:title\" content=\"Plan mellora da atenci\u00f3n rural mediante a dinamizaci\u00f3n e modernizaci\u00f3n das oficinas agrarias comarcais - PP de Galicia\" \/>\n<meta property=\"og:description\" content=\"\u00a0 Iniciativa sobre as actuaci\u00f3ns que debe levar a cabo o Goberno galego para impulsar e desenvolver o Plan de mellora da atenci\u00f3n no rural mediante a dinamizaci\u00f3n e modernizaci\u00f3n das oficinas agrarias comarcais\" \/>\n<meta property=\"og:url\" content=\"https:\/\/ppdegalicia.com\/es\/plan-mellora-da-atencion-rural-mediante-a-dinamizacion-e-modernizacion-das-oficinas-agrarias-comarcais\/\" \/>\n<meta property=\"og:site_name\" content=\"PP de Galicia\" \/>\n<meta property=\"article:publisher\" content=\"https:\/\/www.instagram.com\/ppdegalicia\/\" \/>\n<meta property=\"article:published_time\" content=\"2021-03-22T07:17:18+00:00\" \/>\n<meta property=\"og:image\" content=\"https:\/\/ppdegalicia.com\/wp-content\/uploads\/2021\/03\/66f2a9f66e48d837f8d9568e3aa7d8b3-scaled.jpg\" \/>\n\t<meta property=\"og:image:width\" content=\"2560\" \/>\n\t<meta property=\"og:image:height\" content=\"1255\" \/>\n\t<meta property=\"og:image:type\" content=\"image\/jpeg\" \/>\n<meta name=\"author\" content=\"ppdegaliciaredes\" \/>\n<meta name=\"twitter:card\" content=\"summary_large_image\" \/>\n<meta name=\"twitter:creator\" content=\"@ppdegalicia\" \/>\n<meta name=\"twitter:site\" content=\"@ppdegalicia\" \/>\n<meta name=\"twitter:label1\" content=\"Escrito por\" \/>\n\t<meta name=\"twitter:data1\" content=\"ppdegaliciaredes\" \/>\n\t<meta name=\"twitter:label2\" content=\"Tiempo de lectura\" \/>\n\t<meta name=\"twitter:data2\" content=\"4 minutos\" \/>\n<script type=\"application\/ld+json\" class=\"yoast-schema-graph\">{\"@context\":\"https:\\\/\\\/schema.org\",\"@graph\":[{\"@type\":\"Article\",\"@id\":\"https:\\\/\\\/ppdegalicia.com\\\/es\\\/plan-mellora-da-atencion-rural-mediante-a-dinamizacion-e-modernizacion-das-oficinas-agrarias-comarcais\\\/#article\",\"isPartOf\":{\"@id\":\"https:\\\/\\\/ppdegalicia.com\\\/es\\\/plan-mellora-da-atencion-rural-mediante-a-dinamizacion-e-modernizacion-das-oficinas-agrarias-comarcais\\\/\"},\"author\":{\"name\":\"ppdegaliciaredes\",\"@id\":\"https:\\\/\\\/ppdegalicia.com\\\/es\\\/#\\\/schema\\\/person\\\/5b822c6f59e872ebdd1142f307dbcb59\"},\"headline\":\"Plan mellora da atenci\u00f3n rural mediante a dinamizaci\u00f3n e modernizaci\u00f3n das oficinas agrarias comarcais\",\"datePublished\":\"2021-03-22T07:17:18+00:00\",\"mainEntityOfPage\":{\"@id\":\"https:\\\/\\\/ppdegalicia.com\\\/es\\\/plan-mellora-da-atencion-rural-mediante-a-dinamizacion-e-modernizacion-das-oficinas-agrarias-comarcais\\\/\"},\"wordCount\":775,\"commentCount\":0,\"publisher\":{\"@id\":\"https:\\\/\\\/ppdegalicia.com\\\/es\\\/#organization\"},\"image\":{\"@id\":\"https:\\\/\\\/ppdegalicia.com\\\/es\\\/plan-mellora-da-atencion-rural-mediante-a-dinamizacion-e-modernizacion-das-oficinas-agrarias-comarcais\\\/#primaryimage\"},\"thumbnailUrl\":\"https:\\\/\\\/ppdegalicia.com\\\/wp-content\\\/uploads\\\/2021\\\/03\\\/66f2a9f66e48d837f8d9568e3aa7d8b3-scaled.jpg\",\"articleSection\":[\"Parlamento de Galicia\",\"PP de Galicia\"],\"inLanguage\":\"es\",\"potentialAction\":[{\"@type\":\"CommentAction\",\"name\":\"Comment\",\"target\":[\"https:\\\/\\\/ppdegalicia.com\\\/es\\\/plan-mellora-da-atencion-rural-mediante-a-dinamizacion-e-modernizacion-das-oficinas-agrarias-comarcais\\\/#respond\"]}]},{\"@type\":\"WebPage\",\"@id\":\"https:\\\/\\\/ppdegalicia.com\\\/es\\\/plan-mellora-da-atencion-rural-mediante-a-dinamizacion-e-modernizacion-das-oficinas-agrarias-comarcais\\\/\",\"url\":\"https:\\\/\\\/ppdegalicia.com\\\/es\\\/plan-mellora-da-atencion-rural-mediante-a-dinamizacion-e-modernizacion-das-oficinas-agrarias-comarcais\\\/\",\"name\":\"Plan mellora da atenci\u00f3n rural mediante a dinamizaci\u00f3n e modernizaci\u00f3n das oficinas agrarias comarcais - PP de Galicia\",\"isPartOf\":{\"@id\":\"https:\\\/\\\/ppdegalicia.com\\\/es\\\/#website\"},\"primaryImageOfPage\":{\"@id\":\"https:\\\/\\\/ppdegalicia.com\\\/es\\\/plan-mellora-da-atencion-rural-mediante-a-dinamizacion-e-modernizacion-das-oficinas-agrarias-comarcais\\\/#primaryimage\"},\"image\":{\"@id\":\"https:\\\/\\\/ppdegalicia.com\\\/es\\\/plan-mellora-da-atencion-rural-mediante-a-dinamizacion-e-modernizacion-das-oficinas-agrarias-comarcais\\\/#primaryimage\"},\"thumbnailUrl\":\"https:\\\/\\\/ppdegalicia.com\\\/wp-content\\\/uploads\\\/2021\\\/03\\\/66f2a9f66e48d837f8d9568e3aa7d8b3-scaled.jpg\",\"datePublished\":\"2021-03-22T07:17:18+00:00\",\"breadcrumb\":{\"@id\":\"https:\\\/\\\/ppdegalicia.com\\\/es\\\/plan-mellora-da-atencion-rural-mediante-a-dinamizacion-e-modernizacion-das-oficinas-agrarias-comarcais\\\/#breadcrumb\"},\"inLanguage\":\"es\",\"potentialAction\":[{\"@type\":\"ReadAction\",\"target\":[\"https:\\\/\\\/ppdegalicia.com\\\/es\\\/plan-mellora-da-atencion-rural-mediante-a-dinamizacion-e-modernizacion-das-oficinas-agrarias-comarcais\\\/\"]}]},{\"@type\":\"ImageObject\",\"inLanguage\":\"es\",\"@id\":\"https:\\\/\\\/ppdegalicia.com\\\/es\\\/plan-mellora-da-atencion-rural-mediante-a-dinamizacion-e-modernizacion-das-oficinas-agrarias-comarcais\\\/#primaryimage\",\"url\":\"https:\\\/\\\/ppdegalicia.com\\\/wp-content\\\/uploads\\\/2021\\\/03\\\/66f2a9f66e48d837f8d9568e3aa7d8b3-scaled.jpg\",\"contentUrl\":\"https:\\\/\\\/ppdegalicia.com\\\/wp-content\\\/uploads\\\/2021\\\/03\\\/66f2a9f66e48d837f8d9568e3aa7d8b3-scaled.jpg\",\"width\":2560,\"height\":1255},{\"@type\":\"BreadcrumbList\",\"@id\":\"https:\\\/\\\/ppdegalicia.com\\\/es\\\/plan-mellora-da-atencion-rural-mediante-a-dinamizacion-e-modernizacion-das-oficinas-agrarias-comarcais\\\/#breadcrumb\",\"itemListElement\":[{\"@type\":\"ListItem\",\"position\":1,\"name\":\"Portada\",\"item\":\"https:\\\/\\\/ppdegalicia.com\\\/es\\\/\"},{\"@type\":\"ListItem\",\"position\":2,\"name\":\"Plan mellora da atenci\u00f3n rural mediante a dinamizaci\u00f3n e modernizaci\u00f3n das oficinas agrarias comarcais\"}]},{\"@type\":\"WebSite\",\"@id\":\"https:\\\/\\\/ppdegalicia.com\\\/es\\\/#website\",\"url\":\"https:\\\/\\\/ppdegalicia.com\\\/es\\\/\",\"name\":\"Partido Popular de Galicia\",\"description\":\"Partido Popular de Galicia\",\"publisher\":{\"@id\":\"https:\\\/\\\/ppdegalicia.com\\\/es\\\/#organization\"},\"alternateName\":\"PP de Galicia\",\"potentialAction\":[{\"@type\":\"SearchAction\",\"target\":{\"@type\":\"EntryPoint\",\"urlTemplate\":\"https:\\\/\\\/ppdegalicia.com\\\/es\\\/?s={search_term_string}\"},\"query-input\":{\"@type\":\"PropertyValueSpecification\",\"valueRequired\":true,\"valueName\":\"search_term_string\"}}],\"inLanguage\":\"es\"},{\"@type\":\"Organization\",\"@id\":\"https:\\\/\\\/ppdegalicia.com\\\/es\\\/#organization\",\"name\":\"Partido Popular de Galicia\",\"alternateName\":\"PP de Galicia\",\"url\":\"https:\\\/\\\/ppdegalicia.com\\\/es\\\/\",\"logo\":{\"@type\":\"ImageObject\",\"inLanguage\":\"es\",\"@id\":\"https:\\\/\\\/ppdegalicia.com\\\/es\\\/#\\\/schema\\\/logo\\\/image\\\/\",\"url\":\"https:\\\/\\\/ppdegalicia.com\\\/wp-content\\\/uploads\\\/2023\\\/04\\\/logoPP512.png\",\"contentUrl\":\"https:\\\/\\\/ppdegalicia.com\\\/wp-content\\\/uploads\\\/2023\\\/04\\\/logoPP512.png\",\"width\":512,\"height\":512,\"caption\":\"Partido Popular de Galicia\"},\"image\":{\"@id\":\"https:\\\/\\\/ppdegalicia.com\\\/es\\\/#\\\/schema\\\/logo\\\/image\\\/\"},\"sameAs\":[\"https:\\\/\\\/www.instagram.com\\\/ppdegalicia\\\/\",\"https:\\\/\\\/x.com\\\/ppdegalicia\",\"https:\\\/\\\/www.tiktok.com\\\/@ppdegalicia\",\"https:\\\/\\\/www.youtube.com\\\/user\\\/ppdegalicia\"]},{\"@type\":\"Person\",\"@id\":\"https:\\\/\\\/ppdegalicia.com\\\/es\\\/#\\\/schema\\\/person\\\/5b822c6f59e872ebdd1142f307dbcb59\",\"name\":\"ppdegaliciaredes\",\"image\":{\"@type\":\"ImageObject\",\"inLanguage\":\"es\",\"@id\":\"https:\\\/\\\/secure.gravatar.com\\\/avatar\\\/3c9179cf0256d00c72a48d1f25783c58b6842cd56e85ef3a572881c8e28ccd59?s=96&d=mm&r=g\",\"url\":\"https:\\\/\\\/secure.gravatar.com\\\/avatar\\\/3c9179cf0256d00c72a48d1f25783c58b6842cd56e85ef3a572881c8e28ccd59?s=96&d=mm&r=g\",\"contentUrl\":\"https:\\\/\\\/secure.gravatar.com\\\/avatar\\\/3c9179cf0256d00c72a48d1f25783c58b6842cd56e85ef3a572881c8e28ccd59?s=96&d=mm&r=g\",\"caption\":\"ppdegaliciaredes\"},\"url\":\"https:\\\/\\\/ppdegalicia.com\\\/es\\\/author\\\/ppdegaliciaredes\\\/\"}]}<\/script>\n<!-- \/ Yoast SEO plugin. -->","yoast_head_json":{"title":"Plan mellora da atenci\u00f3n rural mediante a dinamizaci\u00f3n e modernizaci\u00f3n das oficinas agrarias comarcais - PP de Galicia","robots":{"index":"index","follow":"follow","max-snippet":"max-snippet:-1","max-image-preview":"max-image-preview:large","max-video-preview":"max-video-preview:-1"},"canonical":"https:\/\/ppdegalicia.com\/es\/plan-mellora-da-atencion-rural-mediante-a-dinamizacion-e-modernizacion-das-oficinas-agrarias-comarcais\/","og_locale":"es_ES","og_type":"article","og_title":"Plan mellora da atenci\u00f3n rural mediante a dinamizaci\u00f3n e modernizaci\u00f3n das oficinas agrarias comarcais - PP de Galicia","og_description":"\u00a0 Iniciativa sobre as actuaci\u00f3ns que debe levar a cabo o Goberno galego para impulsar e desenvolver o Plan de mellora da atenci\u00f3n no rural mediante a dinamizaci\u00f3n e modernizaci\u00f3n das oficinas agrarias comarcais","og_url":"https:\/\/ppdegalicia.com\/es\/plan-mellora-da-atencion-rural-mediante-a-dinamizacion-e-modernizacion-das-oficinas-agrarias-comarcais\/","og_site_name":"PP de Galicia","article_publisher":"https:\/\/www.instagram.com\/ppdegalicia\/","article_published_time":"2021-03-22T07:17:18+00:00","og_image":[{"width":2560,"height":1255,"url":"https:\/\/ppdegalicia.com\/wp-content\/uploads\/2021\/03\/66f2a9f66e48d837f8d9568e3aa7d8b3-scaled.jpg","type":"image\/jpeg"}],"author":"ppdegaliciaredes","twitter_card":"summary_large_image","twitter_creator":"@ppdegalicia","twitter_site":"@ppdegalicia","twitter_misc":{"Escrito por":"ppdegaliciaredes","Tiempo de lectura":"4 minutos"},"schema":{"@context":"https:\/\/schema.org","@graph":[{"@type":"Article","@id":"https:\/\/ppdegalicia.com\/es\/plan-mellora-da-atencion-rural-mediante-a-dinamizacion-e-modernizacion-das-oficinas-agrarias-comarcais\/#article","isPartOf":{"@id":"https:\/\/ppdegalicia.com\/es\/plan-mellora-da-atencion-rural-mediante-a-dinamizacion-e-modernizacion-das-oficinas-agrarias-comarcais\/"},"author":{"name":"ppdegaliciaredes","@id":"https:\/\/ppdegalicia.com\/es\/#\/schema\/person\/5b822c6f59e872ebdd1142f307dbcb59"},"headline":"Plan mellora da atenci\u00f3n rural mediante a dinamizaci\u00f3n e modernizaci\u00f3n das oficinas agrarias comarcais","datePublished":"2021-03-22T07:17:18+00:00","mainEntityOfPage":{"@id":"https:\/\/ppdegalicia.com\/es\/plan-mellora-da-atencion-rural-mediante-a-dinamizacion-e-modernizacion-das-oficinas-agrarias-comarcais\/"},"wordCount":775,"commentCount":0,"publisher":{"@id":"https:\/\/ppdegalicia.com\/es\/#organization"},"image":{"@id":"https:\/\/ppdegalicia.com\/es\/plan-mellora-da-atencion-rural-mediante-a-dinamizacion-e-modernizacion-das-oficinas-agrarias-comarcais\/#primaryimage"},"thumbnailUrl":"https:\/\/ppdegalicia.com\/wp-content\/uploads\/2021\/03\/66f2a9f66e48d837f8d9568e3aa7d8b3-scaled.jpg","articleSection":["Parlamento de Galicia","PP de Galicia"],"inLanguage":"es","potentialAction":[{"@type":"CommentAction","name":"Comment","target":["https:\/\/ppdegalicia.com\/es\/plan-mellora-da-atencion-rural-mediante-a-dinamizacion-e-modernizacion-das-oficinas-agrarias-comarcais\/#respond"]}]},{"@type":"WebPage","@id":"https:\/\/ppdegalicia.com\/es\/plan-mellora-da-atencion-rural-mediante-a-dinamizacion-e-modernizacion-das-oficinas-agrarias-comarcais\/","url":"https:\/\/ppdegalicia.com\/es\/plan-mellora-da-atencion-rural-mediante-a-dinamizacion-e-modernizacion-das-oficinas-agrarias-comarcais\/","name":"Plan mellora da atenci\u00f3n rural mediante a dinamizaci\u00f3n e modernizaci\u00f3n das oficinas agrarias comarcais - PP de Galicia","isPartOf":{"@id":"https:\/\/ppdegalicia.com\/es\/#website"},"primaryImageOfPage":{"@id":"https:\/\/ppdegalicia.com\/es\/plan-mellora-da-atencion-rural-mediante-a-dinamizacion-e-modernizacion-das-oficinas-agrarias-comarcais\/#primaryimage"},"image":{"@id":"https:\/\/ppdegalicia.com\/es\/plan-mellora-da-atencion-rural-mediante-a-dinamizacion-e-modernizacion-das-oficinas-agrarias-comarcais\/#primaryimage"},"thumbnailUrl":"https:\/\/ppdegalicia.com\/wp-content\/uploads\/2021\/03\/66f2a9f66e48d837f8d9568e3aa7d8b3-scaled.jpg","datePublished":"2021-03-22T07:17:18+00:00","breadcrumb":{"@id":"https:\/\/ppdegalicia.com\/es\/plan-mellora-da-atencion-rural-mediante-a-dinamizacion-e-modernizacion-das-oficinas-agrarias-comarcais\/#breadcrumb"},"inLanguage":"es","potentialAction":[{"@type":"ReadAction","target":["https:\/\/ppdegalicia.com\/es\/plan-mellora-da-atencion-rural-mediante-a-dinamizacion-e-modernizacion-das-oficinas-agrarias-comarcais\/"]}]},{"@type":"ImageObject","inLanguage":"es","@id":"https:\/\/ppdegalicia.com\/es\/plan-mellora-da-atencion-rural-mediante-a-dinamizacion-e-modernizacion-das-oficinas-agrarias-comarcais\/#primaryimage","url":"https:\/\/ppdegalicia.com\/wp-content\/uploads\/2021\/03\/66f2a9f66e48d837f8d9568e3aa7d8b3-scaled.jpg","contentUrl":"https:\/\/ppdegalicia.com\/wp-content\/uploads\/2021\/03\/66f2a9f66e48d837f8d9568e3aa7d8b3-scaled.jpg","width":2560,"height":1255},{"@type":"BreadcrumbList","@id":"https:\/\/ppdegalicia.com\/es\/plan-mellora-da-atencion-rural-mediante-a-dinamizacion-e-modernizacion-das-oficinas-agrarias-comarcais\/#breadcrumb","itemListElement":[{"@type":"ListItem","position":1,"name":"Portada","item":"https:\/\/ppdegalicia.com\/es\/"},{"@type":"ListItem","position":2,"name":"Plan mellora da atenci\u00f3n rural mediante a dinamizaci\u00f3n e modernizaci\u00f3n das oficinas agrarias comarcais"}]},{"@type":"WebSite","@id":"https:\/\/ppdegalicia.com\/es\/#website","url":"https:\/\/ppdegalicia.com\/es\/","name":"Partido Popular de Galicia","description":"Partido Popular de Galicia","publisher":{"@id":"https:\/\/ppdegalicia.com\/es\/#organization"},"alternateName":"PP de Galicia","potentialAction":[{"@type":"SearchAction","target":{"@type":"EntryPoint","urlTemplate":"https:\/\/ppdegalicia.com\/es\/?s={search_term_string}"},"query-input":{"@type":"PropertyValueSpecification","valueRequired":true,"valueName":"search_term_string"}}],"inLanguage":"es"},{"@type":"Organization","@id":"https:\/\/ppdegalicia.com\/es\/#organization","name":"Partido Popular de Galicia","alternateName":"PP de Galicia","url":"https:\/\/ppdegalicia.com\/es\/","logo":{"@type":"ImageObject","inLanguage":"es","@id":"https:\/\/ppdegalicia.com\/es\/#\/schema\/logo\/image\/","url":"https:\/\/ppdegalicia.com\/wp-content\/uploads\/2023\/04\/logoPP512.png","contentUrl":"https:\/\/ppdegalicia.com\/wp-content\/uploads\/2023\/04\/logoPP512.png","width":512,"height":512,"caption":"Partido Popular de Galicia"},"image":{"@id":"https:\/\/ppdegalicia.com\/es\/#\/schema\/logo\/image\/"},"sameAs":["https:\/\/www.instagram.com\/ppdegalicia\/","https:\/\/x.com\/ppdegalicia","https:\/\/www.tiktok.com\/@ppdegalicia","https:\/\/www.youtube.com\/user\/ppdegalicia"]},{"@type":"Person","@id":"https:\/\/ppdegalicia.com\/es\/#\/schema\/person\/5b822c6f59e872ebdd1142f307dbcb59","name":"ppdegaliciaredes","image":{"@type":"ImageObject","inLanguage":"es","@id":"https:\/\/secure.gravatar.com\/avatar\/3c9179cf0256d00c72a48d1f25783c58b6842cd56e85ef3a572881c8e28ccd59?s=96&d=mm&r=g","url":"https:\/\/secure.gravatar.com\/avatar\/3c9179cf0256d00c72a48d1f25783c58b6842cd56e85ef3a572881c8e28ccd59?s=96&d=mm&r=g","contentUrl":"https:\/\/secure.gravatar.com\/avatar\/3c9179cf0256d00c72a48d1f25783c58b6842cd56e85ef3a572881c8e28ccd59?s=96&d=mm&r=g","caption":"ppdegaliciaredes"},"url":"https:\/\/ppdegalicia.com\/es\/author\/ppdegaliciaredes\/"}]}},"_links":{"self":[{"href":"https:\/\/ppdegalicia.com\/es\/wp-json\/wp\/v2\/posts\/55456","targetHints":{"allow":["GET"]}}],"collection":[{"href":"https:\/\/ppdegalicia.com\/es\/wp-json\/wp\/v2\/posts"}],"about":[{"href":"https:\/\/ppdegalicia.com\/es\/wp-json\/wp\/v2\/types\/post"}],"author":[{"embeddable":true,"href":"https:\/\/ppdegalicia.com\/es\/wp-json\/wp\/v2\/users\/38"}],"replies":[{"embeddable":true,"href":"https:\/\/ppdegalicia.com\/es\/wp-json\/wp\/v2\/comments?post=55456"}],"version-history":[{"count":0,"href":"https:\/\/ppdegalicia.com\/es\/wp-json\/wp\/v2\/posts\/55456\/revisions"}],"wp:featuredmedia":[{"embeddable":true,"href":"https:\/\/ppdegalicia.com\/es\/wp-json\/wp\/v2\/media\/55455"}],"wp:attachment":[{"href":"https:\/\/ppdegalicia.com\/es\/wp-json\/wp\/v2\/media?parent=55456"}],"wp:term":[{"taxonomy":"category","embeddable":true,"href":"https:\/\/ppdegalicia.com\/es\/wp-json\/wp\/v2\/categories?post=55456"},{"taxonomy":"post_tag","embeddable":true,"href":"https:\/\/ppdegalicia.com\/es\/wp-json\/wp\/v2\/tags?post=55456"}],"curies":[{"name":"wp","href":"https:\/\/api.w.org\/{rel}","templated":true}]}}