{"id":55478,"date":"2021-03-24T12:51:47","date_gmt":"2021-03-24T10:51:47","guid":{"rendered":"https:\/\/ppdegalicia.com\/o-parlamento-demanda-ao-goberno-central-a-rebaixa-do-ive-nos-servizos-deportivos-e-de-actividade-fisica\/"},"modified":"2021-03-24T12:51:47","modified_gmt":"2021-03-24T10:51:47","slug":"o-parlamento-demanda-ao-goberno-central-a-rebaixa-do-ive-nos-servizos-deportivos-e-de-actividade-fisica","status":"publish","type":"post","link":"https:\/\/ppdegalicia.com\/es\/o-parlamento-demanda-ao-goberno-central-a-rebaixa-do-ive-nos-servizos-deportivos-e-de-actividade-fisica\/","title":{"rendered":"O Parlamento demanda ao Goberno central a rebaixa do IVE nos servizos deportivos e de actividade f\u00edsica"},"content":{"rendered":"<p><img fetchpriority=\"high\" decoding=\"async\" class=\" size-full wp-image-55477\" src=\"https:\/\/ppdegalicia.com\/wp-content\/uploads\/2021\/03\/fbed51a35a948397947f0e5150c16c96.jpg\" alt=\"\" width=\"1900\" height=\"1178\" srcset=\"https:\/\/ppdegalicia.com\/wp-content\/uploads\/2021\/03\/fbed51a35a948397947f0e5150c16c96.jpg 1900w, https:\/\/ppdegalicia.com\/wp-content\/uploads\/2021\/03\/fbed51a35a948397947f0e5150c16c96-300x186.jpg 300w, https:\/\/ppdegalicia.com\/wp-content\/uploads\/2021\/03\/fbed51a35a948397947f0e5150c16c96-1024x635.jpg 1024w, https:\/\/ppdegalicia.com\/wp-content\/uploads\/2021\/03\/fbed51a35a948397947f0e5150c16c96-768x476.jpg 768w, https:\/\/ppdegalicia.com\/wp-content\/uploads\/2021\/03\/fbed51a35a948397947f0e5150c16c96-1536x952.jpg 1536w\" sizes=\"(max-width: 1900px) 100vw, 1900px\" \/><\/p>\n<p>Santiago, 24 de marzo de 2021.- O Parlamento de Galicia aprobou hoxe a proposici\u00f3n non de lei do Grupo Popular a trav\u00e9s da que se solicita ao Goberno de Espa\u00f1a que promova as modificaci\u00f3ns oportunas na lexislaci\u00f3n estatal co obxecto de reducir o tipo impositivo do Imposto sobre o Valor Engadido do 21 ao 10 por cento en todas as prestaci\u00f3n de servizos deportivos e de actividade f\u00edsica.<\/p>\n<p><!--more--><\/p>\n<p>\u201cOs tipos reducidos do IVE, coma calquera instrumento de pol\u00edtica fiscal, te\u00f1en o obxectivo de abaratar os bens e os servizos considerados esenciais para a poboaci\u00f3n, minorando o prezo do produto ou servicio e fomentando o seu consumo\u201d, sinalou a deputada popular Lupe Murillo.<\/p>\n<p>\u00a0<\/p>\n<p>Na s\u00faa intervenci\u00f3n no Pleno, Murillo explicou que \u201co deporte \u00e9 unha actividade presente na vida dunha grande parte da poboaci\u00f3n, sendo declarado actividade de interese xeral polo Congreso dos Deputados o pasado ano, ao inicio desta crise sanitaria, sen ning\u00fan voto en contra\u201d. Neste sentido, apuntou que \u201cos beneficios desta actividade para a sa\u00fade son evidentes, mais non se lle escapa a ningu\u00e9n que o deporte, como actividade econ\u00f3mica e social, foi un dos sectores mais afectados pola pandemia e est\u00e1 a ser unha das \u00faltimas en volver \u00e1 normalidade\u201d. Na actualidade, Galicia \u00e9 a cuarta comunidade aut\u00f3noma espa\u00f1ola en n\u00famero de empresas dedicadas ao mundo do deporte, e de esas o 85 por cento son instalaci\u00f3ns, clubs e asociaci\u00f3ns deportivas, e ximnasios.<\/p>\n<p>\u00a0<\/p>\n<p><strong>CLAVE PARA A REACTIVACI\u00d3N<\/strong><\/p>\n<p>\u00a0<\/p>\n<p>\u201cA reduci\u00f3n do IVE, imposto de car\u00e1cter indirecto que grava o consumo, nun momento como o que estamos a vivir cunha recesi\u00f3n econ\u00f3mica por mor da pandemia do COVID-19, pode ser unha das claves da reactivaci\u00f3n econ\u00f3mica para este sector\u201d, asegurou a deputada popular. As\u00ed, engadiu que \u201ca rebaixa deste imposto na cota final vai repercutir no prezo dos servizos, facendo m\u00e1is atractiva esta actividade\u201d.<\/p>\n<p>\u00a0<\/p>\n<p>Lupe Murillo afirmou que \u201ccalquera axuda que potencie o deporte e a actividade f\u00edsica vai ser positivamente valorada polo sector, pero principalmente a diminuci\u00f3n do IVE a aplicar \u00e1s cotas a cobrar aos usuarios dos servicios e instalaci\u00f3ns deportivas far\u00e1 este servicio moito mais accesible para a poboaci\u00f3n, fomentando a actividade f\u00edsica dunha forma importante e pouco gravosa para as arcas p\u00fablicas\u201d.<\/p>\n<p>\u00a0<\/p>\n<p>Para rematar, a deputada popular agardou que na Comisi\u00f3n de reactivaci\u00f3n do Parlamento galego \u201cacademos un consenso que permita axudas para bonificar as taxas municipais, deduci\u00f3ns en cotas por prestaci\u00f3n de servicios deportivos ou licencias federativas ou calquera outras medida que permita temporalmente minorar certas cargas econ\u00f3micas asumidas polo mundo do deporte, nun momento tan complexo coma este\u201d.<\/p>\n<p>\u00a0<\/p>\n<p>A proposici\u00f3n non de lei incorporou, ademais, unha emenda do Grupo Socialista a trav\u00e9s da que se demanda \u00e1 Xunta inclu\u00edr o sector deportivo nos plans e acci\u00f3ns habilitados para as consecuencias econ\u00f3micas derivadas da paralizaci\u00f3n ou diminuci\u00f3n da actividade.<\/p>\n","protected":false},"excerpt":{"rendered":"<p>Santiago, 24 de marzo de 2021.- O Parlamento de Galicia aprobou hoxe a proposici\u00f3n non de lei do Grupo Popular a trav\u00e9s da que se solicita ao Goberno de Espa\u00f1a que promova as modificaci\u00f3ns oportunas na lexislaci\u00f3n estatal co obxecto de reducir o tipo impositivo do Imposto sobre o Valor Engadido do 21 ao 10 [&hellip;]<\/p>\n","protected":false},"author":38,"featured_media":55477,"comment_status":"open","ping_status":"open","sticky":false,"template":"","format":"standard","meta":{"_acf_changed":false,"footnotes":""},"categories":[1],"tags":[],"class_list":["post-55478","post","type-post","status-publish","format-standard","has-post-thumbnail","hentry","category-pp-de-galicia"],"acf":[],"yoast_head":"<!-- This site is optimized with the Yoast SEO plugin v27.3 - https:\/\/yoast.com\/product\/yoast-seo-wordpress\/ -->\n<title>O Parlamento demanda ao Goberno central a rebaixa do IVE nos servizos deportivos e de actividade f\u00edsica - PP de Galicia<\/title>\n<meta name=\"robots\" content=\"index, follow, max-snippet:-1, max-image-preview:large, max-video-preview:-1\" \/>\n<link rel=\"canonical\" href=\"https:\/\/ppdegalicia.com\/es\/o-parlamento-demanda-ao-goberno-central-a-rebaixa-do-ive-nos-servizos-deportivos-e-de-actividade-fisica\/\" \/>\n<meta property=\"og:locale\" content=\"es_ES\" \/>\n<meta property=\"og:type\" content=\"article\" \/>\n<meta property=\"og:title\" content=\"O Parlamento demanda ao Goberno central a rebaixa do IVE nos servizos deportivos e de actividade f\u00edsica - PP de Galicia\" \/>\n<meta property=\"og:description\" content=\"Santiago, 24 de marzo de 2021.- O Parlamento de Galicia aprobou hoxe a proposici\u00f3n non de lei do Grupo Popular a trav\u00e9s da que se solicita ao Goberno de Espa\u00f1a que promova as modificaci\u00f3ns oportunas na lexislaci\u00f3n estatal co obxecto de reducir o tipo impositivo do Imposto sobre o Valor Engadido do 21 ao 10 [&hellip;]\" \/>\n<meta property=\"og:url\" content=\"https:\/\/ppdegalicia.com\/es\/o-parlamento-demanda-ao-goberno-central-a-rebaixa-do-ive-nos-servizos-deportivos-e-de-actividade-fisica\/\" \/>\n<meta property=\"og:site_name\" content=\"PP de Galicia\" \/>\n<meta property=\"article:publisher\" content=\"https:\/\/www.instagram.com\/ppdegalicia\/\" \/>\n<meta property=\"article:published_time\" content=\"2021-03-24T10:51:47+00:00\" \/>\n<meta property=\"og:image\" content=\"https:\/\/ppdegalicia.com\/wp-content\/uploads\/2021\/03\/fbed51a35a948397947f0e5150c16c96.jpg\" \/>\n\t<meta property=\"og:image:width\" content=\"1900\" \/>\n\t<meta property=\"og:image:height\" content=\"1178\" \/>\n\t<meta property=\"og:image:type\" content=\"image\/jpeg\" \/>\n<meta name=\"author\" content=\"ppdegaliciaredes\" \/>\n<meta name=\"twitter:card\" content=\"summary_large_image\" \/>\n<meta name=\"twitter:creator\" content=\"@ppdegalicia\" \/>\n<meta name=\"twitter:site\" content=\"@ppdegalicia\" \/>\n<meta name=\"twitter:label1\" content=\"Escrito por\" \/>\n\t<meta name=\"twitter:data1\" content=\"ppdegaliciaredes\" \/>\n\t<meta name=\"twitter:label2\" content=\"Tiempo de lectura\" \/>\n\t<meta name=\"twitter:data2\" content=\"3 minutos\" \/>\n<script type=\"application\/ld+json\" class=\"yoast-schema-graph\">{\"@context\":\"https:\\\/\\\/schema.org\",\"@graph\":[{\"@type\":\"Article\",\"@id\":\"https:\\\/\\\/ppdegalicia.com\\\/es\\\/o-parlamento-demanda-ao-goberno-central-a-rebaixa-do-ive-nos-servizos-deportivos-e-de-actividade-fisica\\\/#article\",\"isPartOf\":{\"@id\":\"https:\\\/\\\/ppdegalicia.com\\\/es\\\/o-parlamento-demanda-ao-goberno-central-a-rebaixa-do-ive-nos-servizos-deportivos-e-de-actividade-fisica\\\/\"},\"author\":{\"name\":\"ppdegaliciaredes\",\"@id\":\"https:\\\/\\\/ppdegalicia.com\\\/es\\\/#\\\/schema\\\/person\\\/5b822c6f59e872ebdd1142f307dbcb59\"},\"headline\":\"O Parlamento demanda ao Goberno central a rebaixa do IVE nos servizos deportivos e de actividade f\u00edsica\",\"datePublished\":\"2021-03-24T10:51:47+00:00\",\"mainEntityOfPage\":{\"@id\":\"https:\\\/\\\/ppdegalicia.com\\\/es\\\/o-parlamento-demanda-ao-goberno-central-a-rebaixa-do-ive-nos-servizos-deportivos-e-de-actividade-fisica\\\/\"},\"wordCount\":523,\"commentCount\":0,\"publisher\":{\"@id\":\"https:\\\/\\\/ppdegalicia.com\\\/es\\\/#organization\"},\"image\":{\"@id\":\"https:\\\/\\\/ppdegalicia.com\\\/es\\\/o-parlamento-demanda-ao-goberno-central-a-rebaixa-do-ive-nos-servizos-deportivos-e-de-actividade-fisica\\\/#primaryimage\"},\"thumbnailUrl\":\"https:\\\/\\\/ppdegalicia.com\\\/wp-content\\\/uploads\\\/2021\\\/03\\\/fbed51a35a948397947f0e5150c16c96.jpg\",\"articleSection\":[\"PP de Galicia\"],\"inLanguage\":\"es\",\"potentialAction\":[{\"@type\":\"CommentAction\",\"name\":\"Comment\",\"target\":[\"https:\\\/\\\/ppdegalicia.com\\\/es\\\/o-parlamento-demanda-ao-goberno-central-a-rebaixa-do-ive-nos-servizos-deportivos-e-de-actividade-fisica\\\/#respond\"]}]},{\"@type\":\"WebPage\",\"@id\":\"https:\\\/\\\/ppdegalicia.com\\\/es\\\/o-parlamento-demanda-ao-goberno-central-a-rebaixa-do-ive-nos-servizos-deportivos-e-de-actividade-fisica\\\/\",\"url\":\"https:\\\/\\\/ppdegalicia.com\\\/es\\\/o-parlamento-demanda-ao-goberno-central-a-rebaixa-do-ive-nos-servizos-deportivos-e-de-actividade-fisica\\\/\",\"name\":\"O Parlamento demanda ao Goberno central a rebaixa do IVE nos servizos deportivos e de actividade f\u00edsica - PP de Galicia\",\"isPartOf\":{\"@id\":\"https:\\\/\\\/ppdegalicia.com\\\/es\\\/#website\"},\"primaryImageOfPage\":{\"@id\":\"https:\\\/\\\/ppdegalicia.com\\\/es\\\/o-parlamento-demanda-ao-goberno-central-a-rebaixa-do-ive-nos-servizos-deportivos-e-de-actividade-fisica\\\/#primaryimage\"},\"image\":{\"@id\":\"https:\\\/\\\/ppdegalicia.com\\\/es\\\/o-parlamento-demanda-ao-goberno-central-a-rebaixa-do-ive-nos-servizos-deportivos-e-de-actividade-fisica\\\/#primaryimage\"},\"thumbnailUrl\":\"https:\\\/\\\/ppdegalicia.com\\\/wp-content\\\/uploads\\\/2021\\\/03\\\/fbed51a35a948397947f0e5150c16c96.jpg\",\"datePublished\":\"2021-03-24T10:51:47+00:00\",\"breadcrumb\":{\"@id\":\"https:\\\/\\\/ppdegalicia.com\\\/es\\\/o-parlamento-demanda-ao-goberno-central-a-rebaixa-do-ive-nos-servizos-deportivos-e-de-actividade-fisica\\\/#breadcrumb\"},\"inLanguage\":\"es\",\"potentialAction\":[{\"@type\":\"ReadAction\",\"target\":[\"https:\\\/\\\/ppdegalicia.com\\\/es\\\/o-parlamento-demanda-ao-goberno-central-a-rebaixa-do-ive-nos-servizos-deportivos-e-de-actividade-fisica\\\/\"]}]},{\"@type\":\"ImageObject\",\"inLanguage\":\"es\",\"@id\":\"https:\\\/\\\/ppdegalicia.com\\\/es\\\/o-parlamento-demanda-ao-goberno-central-a-rebaixa-do-ive-nos-servizos-deportivos-e-de-actividade-fisica\\\/#primaryimage\",\"url\":\"https:\\\/\\\/ppdegalicia.com\\\/wp-content\\\/uploads\\\/2021\\\/03\\\/fbed51a35a948397947f0e5150c16c96.jpg\",\"contentUrl\":\"https:\\\/\\\/ppdegalicia.com\\\/wp-content\\\/uploads\\\/2021\\\/03\\\/fbed51a35a948397947f0e5150c16c96.jpg\",\"width\":1900,\"height\":1178},{\"@type\":\"BreadcrumbList\",\"@id\":\"https:\\\/\\\/ppdegalicia.com\\\/es\\\/o-parlamento-demanda-ao-goberno-central-a-rebaixa-do-ive-nos-servizos-deportivos-e-de-actividade-fisica\\\/#breadcrumb\",\"itemListElement\":[{\"@type\":\"ListItem\",\"position\":1,\"name\":\"Portada\",\"item\":\"https:\\\/\\\/ppdegalicia.com\\\/es\\\/\"},{\"@type\":\"ListItem\",\"position\":2,\"name\":\"O Parlamento demanda ao Goberno central a rebaixa do IVE nos servizos deportivos e de actividade f\u00edsica\"}]},{\"@type\":\"WebSite\",\"@id\":\"https:\\\/\\\/ppdegalicia.com\\\/es\\\/#website\",\"url\":\"https:\\\/\\\/ppdegalicia.com\\\/es\\\/\",\"name\":\"Partido Popular de Galicia\",\"description\":\"Partido Popular de Galicia\",\"publisher\":{\"@id\":\"https:\\\/\\\/ppdegalicia.com\\\/es\\\/#organization\"},\"alternateName\":\"PP de Galicia\",\"potentialAction\":[{\"@type\":\"SearchAction\",\"target\":{\"@type\":\"EntryPoint\",\"urlTemplate\":\"https:\\\/\\\/ppdegalicia.com\\\/es\\\/?s={search_term_string}\"},\"query-input\":{\"@type\":\"PropertyValueSpecification\",\"valueRequired\":true,\"valueName\":\"search_term_string\"}}],\"inLanguage\":\"es\"},{\"@type\":\"Organization\",\"@id\":\"https:\\\/\\\/ppdegalicia.com\\\/es\\\/#organization\",\"name\":\"Partido Popular de Galicia\",\"alternateName\":\"PP de Galicia\",\"url\":\"https:\\\/\\\/ppdegalicia.com\\\/es\\\/\",\"logo\":{\"@type\":\"ImageObject\",\"inLanguage\":\"es\",\"@id\":\"https:\\\/\\\/ppdegalicia.com\\\/es\\\/#\\\/schema\\\/logo\\\/image\\\/\",\"url\":\"https:\\\/\\\/ppdegalicia.com\\\/wp-content\\\/uploads\\\/2023\\\/04\\\/logoPP512.png\",\"contentUrl\":\"https:\\\/\\\/ppdegalicia.com\\\/wp-content\\\/uploads\\\/2023\\\/04\\\/logoPP512.png\",\"width\":512,\"height\":512,\"caption\":\"Partido Popular de Galicia\"},\"image\":{\"@id\":\"https:\\\/\\\/ppdegalicia.com\\\/es\\\/#\\\/schema\\\/logo\\\/image\\\/\"},\"sameAs\":[\"https:\\\/\\\/www.instagram.com\\\/ppdegalicia\\\/\",\"https:\\\/\\\/x.com\\\/ppdegalicia\",\"https:\\\/\\\/www.tiktok.com\\\/@ppdegalicia\",\"https:\\\/\\\/www.youtube.com\\\/user\\\/ppdegalicia\"]},{\"@type\":\"Person\",\"@id\":\"https:\\\/\\\/ppdegalicia.com\\\/es\\\/#\\\/schema\\\/person\\\/5b822c6f59e872ebdd1142f307dbcb59\",\"name\":\"ppdegaliciaredes\",\"image\":{\"@type\":\"ImageObject\",\"inLanguage\":\"es\",\"@id\":\"https:\\\/\\\/secure.gravatar.com\\\/avatar\\\/3c9179cf0256d00c72a48d1f25783c58b6842cd56e85ef3a572881c8e28ccd59?s=96&d=mm&r=g\",\"url\":\"https:\\\/\\\/secure.gravatar.com\\\/avatar\\\/3c9179cf0256d00c72a48d1f25783c58b6842cd56e85ef3a572881c8e28ccd59?s=96&d=mm&r=g\",\"contentUrl\":\"https:\\\/\\\/secure.gravatar.com\\\/avatar\\\/3c9179cf0256d00c72a48d1f25783c58b6842cd56e85ef3a572881c8e28ccd59?s=96&d=mm&r=g\",\"caption\":\"ppdegaliciaredes\"},\"url\":\"https:\\\/\\\/ppdegalicia.com\\\/es\\\/author\\\/ppdegaliciaredes\\\/\"}]}<\/script>\n<!-- \/ Yoast SEO plugin. -->","yoast_head_json":{"title":"O Parlamento demanda ao Goberno central a rebaixa do IVE nos servizos deportivos e de actividade f\u00edsica - PP de Galicia","robots":{"index":"index","follow":"follow","max-snippet":"max-snippet:-1","max-image-preview":"max-image-preview:large","max-video-preview":"max-video-preview:-1"},"canonical":"https:\/\/ppdegalicia.com\/es\/o-parlamento-demanda-ao-goberno-central-a-rebaixa-do-ive-nos-servizos-deportivos-e-de-actividade-fisica\/","og_locale":"es_ES","og_type":"article","og_title":"O Parlamento demanda ao Goberno central a rebaixa do IVE nos servizos deportivos e de actividade f\u00edsica - PP de Galicia","og_description":"Santiago, 24 de marzo de 2021.- O Parlamento de Galicia aprobou hoxe a proposici\u00f3n non de lei do Grupo Popular a trav\u00e9s da que se solicita ao Goberno de Espa\u00f1a que promova as modificaci\u00f3ns oportunas na lexislaci\u00f3n estatal co obxecto de reducir o tipo impositivo do Imposto sobre o Valor Engadido do 21 ao 10 [&hellip;]","og_url":"https:\/\/ppdegalicia.com\/es\/o-parlamento-demanda-ao-goberno-central-a-rebaixa-do-ive-nos-servizos-deportivos-e-de-actividade-fisica\/","og_site_name":"PP de Galicia","article_publisher":"https:\/\/www.instagram.com\/ppdegalicia\/","article_published_time":"2021-03-24T10:51:47+00:00","og_image":[{"width":1900,"height":1178,"url":"https:\/\/ppdegalicia.com\/wp-content\/uploads\/2021\/03\/fbed51a35a948397947f0e5150c16c96.jpg","type":"image\/jpeg"}],"author":"ppdegaliciaredes","twitter_card":"summary_large_image","twitter_creator":"@ppdegalicia","twitter_site":"@ppdegalicia","twitter_misc":{"Escrito por":"ppdegaliciaredes","Tiempo de lectura":"3 minutos"},"schema":{"@context":"https:\/\/schema.org","@graph":[{"@type":"Article","@id":"https:\/\/ppdegalicia.com\/es\/o-parlamento-demanda-ao-goberno-central-a-rebaixa-do-ive-nos-servizos-deportivos-e-de-actividade-fisica\/#article","isPartOf":{"@id":"https:\/\/ppdegalicia.com\/es\/o-parlamento-demanda-ao-goberno-central-a-rebaixa-do-ive-nos-servizos-deportivos-e-de-actividade-fisica\/"},"author":{"name":"ppdegaliciaredes","@id":"https:\/\/ppdegalicia.com\/es\/#\/schema\/person\/5b822c6f59e872ebdd1142f307dbcb59"},"headline":"O Parlamento demanda ao Goberno central a rebaixa do IVE nos servizos deportivos e de actividade f\u00edsica","datePublished":"2021-03-24T10:51:47+00:00","mainEntityOfPage":{"@id":"https:\/\/ppdegalicia.com\/es\/o-parlamento-demanda-ao-goberno-central-a-rebaixa-do-ive-nos-servizos-deportivos-e-de-actividade-fisica\/"},"wordCount":523,"commentCount":0,"publisher":{"@id":"https:\/\/ppdegalicia.com\/es\/#organization"},"image":{"@id":"https:\/\/ppdegalicia.com\/es\/o-parlamento-demanda-ao-goberno-central-a-rebaixa-do-ive-nos-servizos-deportivos-e-de-actividade-fisica\/#primaryimage"},"thumbnailUrl":"https:\/\/ppdegalicia.com\/wp-content\/uploads\/2021\/03\/fbed51a35a948397947f0e5150c16c96.jpg","articleSection":["PP de Galicia"],"inLanguage":"es","potentialAction":[{"@type":"CommentAction","name":"Comment","target":["https:\/\/ppdegalicia.com\/es\/o-parlamento-demanda-ao-goberno-central-a-rebaixa-do-ive-nos-servizos-deportivos-e-de-actividade-fisica\/#respond"]}]},{"@type":"WebPage","@id":"https:\/\/ppdegalicia.com\/es\/o-parlamento-demanda-ao-goberno-central-a-rebaixa-do-ive-nos-servizos-deportivos-e-de-actividade-fisica\/","url":"https:\/\/ppdegalicia.com\/es\/o-parlamento-demanda-ao-goberno-central-a-rebaixa-do-ive-nos-servizos-deportivos-e-de-actividade-fisica\/","name":"O Parlamento demanda ao Goberno central a rebaixa do IVE nos servizos deportivos e de actividade f\u00edsica - PP de Galicia","isPartOf":{"@id":"https:\/\/ppdegalicia.com\/es\/#website"},"primaryImageOfPage":{"@id":"https:\/\/ppdegalicia.com\/es\/o-parlamento-demanda-ao-goberno-central-a-rebaixa-do-ive-nos-servizos-deportivos-e-de-actividade-fisica\/#primaryimage"},"image":{"@id":"https:\/\/ppdegalicia.com\/es\/o-parlamento-demanda-ao-goberno-central-a-rebaixa-do-ive-nos-servizos-deportivos-e-de-actividade-fisica\/#primaryimage"},"thumbnailUrl":"https:\/\/ppdegalicia.com\/wp-content\/uploads\/2021\/03\/fbed51a35a948397947f0e5150c16c96.jpg","datePublished":"2021-03-24T10:51:47+00:00","breadcrumb":{"@id":"https:\/\/ppdegalicia.com\/es\/o-parlamento-demanda-ao-goberno-central-a-rebaixa-do-ive-nos-servizos-deportivos-e-de-actividade-fisica\/#breadcrumb"},"inLanguage":"es","potentialAction":[{"@type":"ReadAction","target":["https:\/\/ppdegalicia.com\/es\/o-parlamento-demanda-ao-goberno-central-a-rebaixa-do-ive-nos-servizos-deportivos-e-de-actividade-fisica\/"]}]},{"@type":"ImageObject","inLanguage":"es","@id":"https:\/\/ppdegalicia.com\/es\/o-parlamento-demanda-ao-goberno-central-a-rebaixa-do-ive-nos-servizos-deportivos-e-de-actividade-fisica\/#primaryimage","url":"https:\/\/ppdegalicia.com\/wp-content\/uploads\/2021\/03\/fbed51a35a948397947f0e5150c16c96.jpg","contentUrl":"https:\/\/ppdegalicia.com\/wp-content\/uploads\/2021\/03\/fbed51a35a948397947f0e5150c16c96.jpg","width":1900,"height":1178},{"@type":"BreadcrumbList","@id":"https:\/\/ppdegalicia.com\/es\/o-parlamento-demanda-ao-goberno-central-a-rebaixa-do-ive-nos-servizos-deportivos-e-de-actividade-fisica\/#breadcrumb","itemListElement":[{"@type":"ListItem","position":1,"name":"Portada","item":"https:\/\/ppdegalicia.com\/es\/"},{"@type":"ListItem","position":2,"name":"O Parlamento demanda ao Goberno central a rebaixa do IVE nos servizos deportivos e de actividade f\u00edsica"}]},{"@type":"WebSite","@id":"https:\/\/ppdegalicia.com\/es\/#website","url":"https:\/\/ppdegalicia.com\/es\/","name":"Partido Popular de Galicia","description":"Partido Popular de Galicia","publisher":{"@id":"https:\/\/ppdegalicia.com\/es\/#organization"},"alternateName":"PP de Galicia","potentialAction":[{"@type":"SearchAction","target":{"@type":"EntryPoint","urlTemplate":"https:\/\/ppdegalicia.com\/es\/?s={search_term_string}"},"query-input":{"@type":"PropertyValueSpecification","valueRequired":true,"valueName":"search_term_string"}}],"inLanguage":"es"},{"@type":"Organization","@id":"https:\/\/ppdegalicia.com\/es\/#organization","name":"Partido Popular de Galicia","alternateName":"PP de Galicia","url":"https:\/\/ppdegalicia.com\/es\/","logo":{"@type":"ImageObject","inLanguage":"es","@id":"https:\/\/ppdegalicia.com\/es\/#\/schema\/logo\/image\/","url":"https:\/\/ppdegalicia.com\/wp-content\/uploads\/2023\/04\/logoPP512.png","contentUrl":"https:\/\/ppdegalicia.com\/wp-content\/uploads\/2023\/04\/logoPP512.png","width":512,"height":512,"caption":"Partido Popular de Galicia"},"image":{"@id":"https:\/\/ppdegalicia.com\/es\/#\/schema\/logo\/image\/"},"sameAs":["https:\/\/www.instagram.com\/ppdegalicia\/","https:\/\/x.com\/ppdegalicia","https:\/\/www.tiktok.com\/@ppdegalicia","https:\/\/www.youtube.com\/user\/ppdegalicia"]},{"@type":"Person","@id":"https:\/\/ppdegalicia.com\/es\/#\/schema\/person\/5b822c6f59e872ebdd1142f307dbcb59","name":"ppdegaliciaredes","image":{"@type":"ImageObject","inLanguage":"es","@id":"https:\/\/secure.gravatar.com\/avatar\/3c9179cf0256d00c72a48d1f25783c58b6842cd56e85ef3a572881c8e28ccd59?s=96&d=mm&r=g","url":"https:\/\/secure.gravatar.com\/avatar\/3c9179cf0256d00c72a48d1f25783c58b6842cd56e85ef3a572881c8e28ccd59?s=96&d=mm&r=g","contentUrl":"https:\/\/secure.gravatar.com\/avatar\/3c9179cf0256d00c72a48d1f25783c58b6842cd56e85ef3a572881c8e28ccd59?s=96&d=mm&r=g","caption":"ppdegaliciaredes"},"url":"https:\/\/ppdegalicia.com\/es\/author\/ppdegaliciaredes\/"}]}},"_links":{"self":[{"href":"https:\/\/ppdegalicia.com\/es\/wp-json\/wp\/v2\/posts\/55478","targetHints":{"allow":["GET"]}}],"collection":[{"href":"https:\/\/ppdegalicia.com\/es\/wp-json\/wp\/v2\/posts"}],"about":[{"href":"https:\/\/ppdegalicia.com\/es\/wp-json\/wp\/v2\/types\/post"}],"author":[{"embeddable":true,"href":"https:\/\/ppdegalicia.com\/es\/wp-json\/wp\/v2\/users\/38"}],"replies":[{"embeddable":true,"href":"https:\/\/ppdegalicia.com\/es\/wp-json\/wp\/v2\/comments?post=55478"}],"version-history":[{"count":0,"href":"https:\/\/ppdegalicia.com\/es\/wp-json\/wp\/v2\/posts\/55478\/revisions"}],"wp:featuredmedia":[{"embeddable":true,"href":"https:\/\/ppdegalicia.com\/es\/wp-json\/wp\/v2\/media\/55477"}],"wp:attachment":[{"href":"https:\/\/ppdegalicia.com\/es\/wp-json\/wp\/v2\/media?parent=55478"}],"wp:term":[{"taxonomy":"category","embeddable":true,"href":"https:\/\/ppdegalicia.com\/es\/wp-json\/wp\/v2\/categories?post=55478"},{"taxonomy":"post_tag","embeddable":true,"href":"https:\/\/ppdegalicia.com\/es\/wp-json\/wp\/v2\/tags?post=55478"}],"curies":[{"name":"wp","href":"https:\/\/api.w.org\/{rel}","templated":true}]}}