{"id":55486,"date":"2021-03-25T10:18:31","date_gmt":"2021-03-25T08:18:31","guid":{"rendered":"https:\/\/ppdegalicia.com\/demanda-do-mantemento-das-salas-do-091-da-policia-nacional-nas-comisarias-provinciais-de-ourense-e-lugo\/"},"modified":"2021-03-25T10:18:31","modified_gmt":"2021-03-25T08:18:31","slug":"demanda-do-mantemento-das-salas-do-091-da-policia-nacional-nas-comisarias-provinciais-de-ourense-e-lugo","status":"publish","type":"post","link":"https:\/\/ppdegalicia.com\/es\/demanda-do-mantemento-das-salas-do-091-da-policia-nacional-nas-comisarias-provinciais-de-ourense-e-lugo\/","title":{"rendered":"Demanda do mantemento das salas do 091 da Polic\u00eda nacional nas comisar\u00edas provinciais de Ourense e Lugo"},"content":{"rendered":"<p><img fetchpriority=\"high\" decoding=\"async\" class=\" size-full wp-image-55485\" src=\"https:\/\/ppdegalicia.com\/wp-content\/uploads\/2021\/03\/4030549a12fbd462823688f433aa5b0e-scaled.jpg\" alt=\"\" width=\"1707\" height=\"2560\" srcset=\"https:\/\/ppdegalicia.com\/wp-content\/uploads\/2021\/03\/4030549a12fbd462823688f433aa5b0e-scaled.jpg 1707w, https:\/\/ppdegalicia.com\/wp-content\/uploads\/2021\/03\/4030549a12fbd462823688f433aa5b0e-200x300.jpg 200w, https:\/\/ppdegalicia.com\/wp-content\/uploads\/2021\/03\/4030549a12fbd462823688f433aa5b0e-683x1024.jpg 683w, https:\/\/ppdegalicia.com\/wp-content\/uploads\/2021\/03\/4030549a12fbd462823688f433aa5b0e-768x1152.jpg 768w, https:\/\/ppdegalicia.com\/wp-content\/uploads\/2021\/03\/4030549a12fbd462823688f433aa5b0e-1024x1536.jpg 1024w, https:\/\/ppdegalicia.com\/wp-content\/uploads\/2021\/03\/4030549a12fbd462823688f433aa5b0e-1365x2048.jpg 1365w\" sizes=\"(max-width: 1707px) 100vw, 1707px\" \/><\/p>\n<p>\u00a0<\/p>\n<p>Iniciativa sobre\u00a0\u00a0a demanda polo Goberno galego ao Goberno central do mantemento das salas do 091 da Polic\u00eda Nacional nas comisar\u00edas provinciais de Ourense e Lugo, as\u00ed como sobre o aumento dos medios humanos e materiais desas comisar\u00edas<\/p>\n<p><!--more--><\/p>\n<p>Na actualidade, as Comisar\u00edas de Ourense e Lugo contan con Salas do 091, en funcionamento 24 horas ao d\u00eda, 365 d\u00edas ao ano, que atenden a m\u00e1is de 200.000 veci\u00f1os nas cidades de Ourense e Lugo. Estas Salas son o \u00f3rgano de coordinaci\u00f3n operativa por excelencia, como servizo m\u00e1is pr\u00f3ximo ao cidad\u00e1n, que recibe os avisos dos cidad\u00e1ns e distrib\u00fae os efectivos policiais, e est\u00e1n dotadas de avanzados equipos de comunicaci\u00f3ns e medios t\u00e9cnicos para afrontar con eficacia as situaci\u00f3ns de emerxencia. Na \u00e1rea de telefon\u00eda, os axentes atenden as chamadas, recollen os datos precisos e activan de forma telem\u00e1tica os recursos necesarios para resolver a incidencia. O tempo medio de espera das persoas que solicitan o auxilio policial a trav\u00e9s do 091 ata que a s\u00faa chamada \u00e9 atendida sit\u00faase ao redor dos 6 segundos.<\/p>\n<p>\u00a0<\/p>\n<p>A zona de radio \u00e9 a que recibe a informaci\u00f3n do suceso a trav\u00e9s dos operadores e enc\u00e1rgase de contactar coas patrullas m\u00e1is pr\u00f3ximas ao lugar onde se require a presenza de axentes co obxectivo de diminu\u00edr os tempos de resposta policial. Os operadores da sala do 091 son os responsables de comisionar os servizos e requirimentos operativos \u00e1s unidades e dotaci\u00f3ns en servizo. Tam\u00e9n centralizan e dan resposta \u00e1s petici\u00f3ns e consultas \u00e1s bases de datos de interese policial solicitadas polos axentes en servizo, e transmiten as instruci\u00f3ns oportunas relativas ao cumprimento das normas de aplicaci\u00f3n das ordes xudiciais de afastamento e protecci\u00f3n das v\u00edtimas de violencia de x\u00e9nero.<\/p>\n<p>\u00a0<\/p>\n<p>Ademais, desde este centro de operaci\u00f3ns as\u00famese a coordinaci\u00f3n operativa en caso de situaci\u00f3ns de risco inmediato, emerxencias e dispositivos especiais. Temos noticias a trav\u00e9s dos Sindicatos Policiais e dos veci\u00f1os afectados de que o Goberno pretende trasladar A Coru\u00f1a as Salas do 091 de Ourense e Lugo o cal minguar\u00eda de maneira importante o movemento e eficacia deste servizo prexudicando a seguridade en ambas as cidades, debido \u00e1 proximidade e ao co\u00f1ecemento que deben ter os axentes da zona de influencia. Sendo leste un servizo que require de proximidade para que o tempo de reacci\u00f3n sexa o m\u00e1is r\u00e1pido posible, cun co\u00f1ecemento exacto de cada recuncho da cidade. As\u00ed mesmo as Comisar\u00edas de Polic\u00eda Nacional de Ourense e Lugo contan cun d\u00e9ficit de 49 e 41 axentes respectivamente, o cal fai necesario e urxente cubrir o total dos persoais.<\/p>\n<p>Por todo iso, o Grupo Parlamentario Popular de Galicia presenta a seguinte<\/p>\n<p>Proposici\u00f3n non de Lei en comisi\u00f3n:<\/p>\n<p><strong>\u201cO Parlamento de Gali<\/strong><strong>cia insta a Xunta de Galicia a demandar do Goberno de Espa\u00f1a a manter as Salas do 091 da Polic\u00eda Nacional nas Comisar\u00edas de Ourense e Lugo, e as\u00ed mesmo aumentar os medios humanos e materiais cos que contan ditas Comisar\u00edas provinciais.\u201d<\/strong><\/p>\n<p>\u00a0<\/p>\n<p><strong>Rexistro:\u00a0https:\/\/www.parlamentodegalicia.es\/Expedientes\/11\/PNC-001117<\/strong><\/p>\n","protected":false},"excerpt":{"rendered":"<p>\u00a0 Iniciativa sobre\u00a0\u00a0a demanda polo Goberno galego ao Goberno central do mantemento das salas do 091 da Polic\u00eda Nacional nas comisar\u00edas provinciais de Ourense e Lugo, as\u00ed como sobre o aumento dos medios humanos e materiais desas comisar\u00edas<\/p>\n","protected":false},"author":38,"featured_media":55485,"comment_status":"open","ping_status":"open","sticky":false,"template":"","format":"standard","meta":{"_acf_changed":false,"footnotes":""},"categories":[1128,1],"tags":[],"class_list":["post-55486","post","type-post","status-publish","format-standard","has-post-thumbnail","hentry","category-actualidad-parlamento-de-galicia","category-pp-de-galicia"],"acf":[],"yoast_head":"<!-- This site is optimized with the Yoast SEO plugin v27.3 - https:\/\/yoast.com\/product\/yoast-seo-wordpress\/ -->\n<title>Demanda do mantemento das salas do 091 da Polic\u00eda nacional nas comisar\u00edas provinciais de Ourense e Lugo - PP de Galicia<\/title>\n<meta name=\"robots\" content=\"index, follow, max-snippet:-1, max-image-preview:large, max-video-preview:-1\" \/>\n<link rel=\"canonical\" href=\"https:\/\/ppdegalicia.com\/es\/demanda-do-mantemento-das-salas-do-091-da-policia-nacional-nas-comisarias-provinciais-de-ourense-e-lugo\/\" \/>\n<meta property=\"og:locale\" content=\"es_ES\" \/>\n<meta property=\"og:type\" content=\"article\" \/>\n<meta property=\"og:title\" content=\"Demanda do mantemento das salas do 091 da Polic\u00eda nacional nas comisar\u00edas provinciais de Ourense e Lugo - PP de Galicia\" \/>\n<meta property=\"og:description\" content=\"\u00a0 Iniciativa sobre\u00a0\u00a0a demanda polo Goberno galego ao Goberno central do mantemento das salas do 091 da Polic\u00eda Nacional nas comisar\u00edas provinciais de Ourense e Lugo, as\u00ed como sobre o aumento dos medios humanos e materiais desas comisar\u00edas\" \/>\n<meta property=\"og:url\" content=\"https:\/\/ppdegalicia.com\/es\/demanda-do-mantemento-das-salas-do-091-da-policia-nacional-nas-comisarias-provinciais-de-ourense-e-lugo\/\" \/>\n<meta property=\"og:site_name\" content=\"PP de Galicia\" \/>\n<meta property=\"article:publisher\" content=\"https:\/\/www.instagram.com\/ppdegalicia\/\" \/>\n<meta property=\"article:published_time\" content=\"2021-03-25T08:18:31+00:00\" \/>\n<meta property=\"og:image\" content=\"https:\/\/ppdegalicia.com\/wp-content\/uploads\/2021\/03\/4030549a12fbd462823688f433aa5b0e-scaled.jpg\" \/>\n\t<meta property=\"og:image:width\" content=\"1707\" \/>\n\t<meta property=\"og:image:height\" content=\"2560\" \/>\n\t<meta property=\"og:image:type\" content=\"image\/jpeg\" \/>\n<meta name=\"author\" content=\"ppdegaliciaredes\" \/>\n<meta name=\"twitter:card\" content=\"summary_large_image\" \/>\n<meta name=\"twitter:creator\" content=\"@ppdegalicia\" \/>\n<meta name=\"twitter:site\" content=\"@ppdegalicia\" \/>\n<meta name=\"twitter:label1\" content=\"Escrito por\" \/>\n\t<meta name=\"twitter:data1\" content=\"ppdegaliciaredes\" \/>\n\t<meta name=\"twitter:label2\" content=\"Tiempo de lectura\" \/>\n\t<meta name=\"twitter:data2\" content=\"3 minutos\" \/>\n<script type=\"application\/ld+json\" class=\"yoast-schema-graph\">{\"@context\":\"https:\\\/\\\/schema.org\",\"@graph\":[{\"@type\":\"Article\",\"@id\":\"https:\\\/\\\/ppdegalicia.com\\\/es\\\/demanda-do-mantemento-das-salas-do-091-da-policia-nacional-nas-comisarias-provinciais-de-ourense-e-lugo\\\/#article\",\"isPartOf\":{\"@id\":\"https:\\\/\\\/ppdegalicia.com\\\/es\\\/demanda-do-mantemento-das-salas-do-091-da-policia-nacional-nas-comisarias-provinciais-de-ourense-e-lugo\\\/\"},\"author\":{\"name\":\"ppdegaliciaredes\",\"@id\":\"https:\\\/\\\/ppdegalicia.com\\\/es\\\/#\\\/schema\\\/person\\\/5b822c6f59e872ebdd1142f307dbcb59\"},\"headline\":\"Demanda do mantemento das salas do 091 da Polic\u00eda nacional nas comisar\u00edas provinciais de Ourense e Lugo\",\"datePublished\":\"2021-03-25T08:18:31+00:00\",\"mainEntityOfPage\":{\"@id\":\"https:\\\/\\\/ppdegalicia.com\\\/es\\\/demanda-do-mantemento-das-salas-do-091-da-policia-nacional-nas-comisarias-provinciais-de-ourense-e-lugo\\\/\"},\"wordCount\":557,\"commentCount\":0,\"publisher\":{\"@id\":\"https:\\\/\\\/ppdegalicia.com\\\/es\\\/#organization\"},\"image\":{\"@id\":\"https:\\\/\\\/ppdegalicia.com\\\/es\\\/demanda-do-mantemento-das-salas-do-091-da-policia-nacional-nas-comisarias-provinciais-de-ourense-e-lugo\\\/#primaryimage\"},\"thumbnailUrl\":\"https:\\\/\\\/ppdegalicia.com\\\/wp-content\\\/uploads\\\/2021\\\/03\\\/4030549a12fbd462823688f433aa5b0e-scaled.jpg\",\"articleSection\":[\"Parlamento de Galicia\",\"PP de Galicia\"],\"inLanguage\":\"es\",\"potentialAction\":[{\"@type\":\"CommentAction\",\"name\":\"Comment\",\"target\":[\"https:\\\/\\\/ppdegalicia.com\\\/es\\\/demanda-do-mantemento-das-salas-do-091-da-policia-nacional-nas-comisarias-provinciais-de-ourense-e-lugo\\\/#respond\"]}]},{\"@type\":\"WebPage\",\"@id\":\"https:\\\/\\\/ppdegalicia.com\\\/es\\\/demanda-do-mantemento-das-salas-do-091-da-policia-nacional-nas-comisarias-provinciais-de-ourense-e-lugo\\\/\",\"url\":\"https:\\\/\\\/ppdegalicia.com\\\/es\\\/demanda-do-mantemento-das-salas-do-091-da-policia-nacional-nas-comisarias-provinciais-de-ourense-e-lugo\\\/\",\"name\":\"Demanda do mantemento das salas do 091 da Polic\u00eda nacional nas comisar\u00edas provinciais de Ourense e Lugo - PP de Galicia\",\"isPartOf\":{\"@id\":\"https:\\\/\\\/ppdegalicia.com\\\/es\\\/#website\"},\"primaryImageOfPage\":{\"@id\":\"https:\\\/\\\/ppdegalicia.com\\\/es\\\/demanda-do-mantemento-das-salas-do-091-da-policia-nacional-nas-comisarias-provinciais-de-ourense-e-lugo\\\/#primaryimage\"},\"image\":{\"@id\":\"https:\\\/\\\/ppdegalicia.com\\\/es\\\/demanda-do-mantemento-das-salas-do-091-da-policia-nacional-nas-comisarias-provinciais-de-ourense-e-lugo\\\/#primaryimage\"},\"thumbnailUrl\":\"https:\\\/\\\/ppdegalicia.com\\\/wp-content\\\/uploads\\\/2021\\\/03\\\/4030549a12fbd462823688f433aa5b0e-scaled.jpg\",\"datePublished\":\"2021-03-25T08:18:31+00:00\",\"breadcrumb\":{\"@id\":\"https:\\\/\\\/ppdegalicia.com\\\/es\\\/demanda-do-mantemento-das-salas-do-091-da-policia-nacional-nas-comisarias-provinciais-de-ourense-e-lugo\\\/#breadcrumb\"},\"inLanguage\":\"es\",\"potentialAction\":[{\"@type\":\"ReadAction\",\"target\":[\"https:\\\/\\\/ppdegalicia.com\\\/es\\\/demanda-do-mantemento-das-salas-do-091-da-policia-nacional-nas-comisarias-provinciais-de-ourense-e-lugo\\\/\"]}]},{\"@type\":\"ImageObject\",\"inLanguage\":\"es\",\"@id\":\"https:\\\/\\\/ppdegalicia.com\\\/es\\\/demanda-do-mantemento-das-salas-do-091-da-policia-nacional-nas-comisarias-provinciais-de-ourense-e-lugo\\\/#primaryimage\",\"url\":\"https:\\\/\\\/ppdegalicia.com\\\/wp-content\\\/uploads\\\/2021\\\/03\\\/4030549a12fbd462823688f433aa5b0e-scaled.jpg\",\"contentUrl\":\"https:\\\/\\\/ppdegalicia.com\\\/wp-content\\\/uploads\\\/2021\\\/03\\\/4030549a12fbd462823688f433aa5b0e-scaled.jpg\",\"width\":1707,\"height\":2560},{\"@type\":\"BreadcrumbList\",\"@id\":\"https:\\\/\\\/ppdegalicia.com\\\/es\\\/demanda-do-mantemento-das-salas-do-091-da-policia-nacional-nas-comisarias-provinciais-de-ourense-e-lugo\\\/#breadcrumb\",\"itemListElement\":[{\"@type\":\"ListItem\",\"position\":1,\"name\":\"Portada\",\"item\":\"https:\\\/\\\/ppdegalicia.com\\\/es\\\/\"},{\"@type\":\"ListItem\",\"position\":2,\"name\":\"Demanda do mantemento das salas do 091 da Polic\u00eda nacional nas comisar\u00edas provinciais de Ourense e Lugo\"}]},{\"@type\":\"WebSite\",\"@id\":\"https:\\\/\\\/ppdegalicia.com\\\/es\\\/#website\",\"url\":\"https:\\\/\\\/ppdegalicia.com\\\/es\\\/\",\"name\":\"Partido Popular de Galicia\",\"description\":\"Partido Popular de Galicia\",\"publisher\":{\"@id\":\"https:\\\/\\\/ppdegalicia.com\\\/es\\\/#organization\"},\"alternateName\":\"PP de Galicia\",\"potentialAction\":[{\"@type\":\"SearchAction\",\"target\":{\"@type\":\"EntryPoint\",\"urlTemplate\":\"https:\\\/\\\/ppdegalicia.com\\\/es\\\/?s={search_term_string}\"},\"query-input\":{\"@type\":\"PropertyValueSpecification\",\"valueRequired\":true,\"valueName\":\"search_term_string\"}}],\"inLanguage\":\"es\"},{\"@type\":\"Organization\",\"@id\":\"https:\\\/\\\/ppdegalicia.com\\\/es\\\/#organization\",\"name\":\"Partido Popular de Galicia\",\"alternateName\":\"PP de Galicia\",\"url\":\"https:\\\/\\\/ppdegalicia.com\\\/es\\\/\",\"logo\":{\"@type\":\"ImageObject\",\"inLanguage\":\"es\",\"@id\":\"https:\\\/\\\/ppdegalicia.com\\\/es\\\/#\\\/schema\\\/logo\\\/image\\\/\",\"url\":\"https:\\\/\\\/ppdegalicia.com\\\/wp-content\\\/uploads\\\/2023\\\/04\\\/logoPP512.png\",\"contentUrl\":\"https:\\\/\\\/ppdegalicia.com\\\/wp-content\\\/uploads\\\/2023\\\/04\\\/logoPP512.png\",\"width\":512,\"height\":512,\"caption\":\"Partido Popular de Galicia\"},\"image\":{\"@id\":\"https:\\\/\\\/ppdegalicia.com\\\/es\\\/#\\\/schema\\\/logo\\\/image\\\/\"},\"sameAs\":[\"https:\\\/\\\/www.instagram.com\\\/ppdegalicia\\\/\",\"https:\\\/\\\/x.com\\\/ppdegalicia\",\"https:\\\/\\\/www.tiktok.com\\\/@ppdegalicia\",\"https:\\\/\\\/www.youtube.com\\\/user\\\/ppdegalicia\"]},{\"@type\":\"Person\",\"@id\":\"https:\\\/\\\/ppdegalicia.com\\\/es\\\/#\\\/schema\\\/person\\\/5b822c6f59e872ebdd1142f307dbcb59\",\"name\":\"ppdegaliciaredes\",\"image\":{\"@type\":\"ImageObject\",\"inLanguage\":\"es\",\"@id\":\"https:\\\/\\\/secure.gravatar.com\\\/avatar\\\/3c9179cf0256d00c72a48d1f25783c58b6842cd56e85ef3a572881c8e28ccd59?s=96&d=mm&r=g\",\"url\":\"https:\\\/\\\/secure.gravatar.com\\\/avatar\\\/3c9179cf0256d00c72a48d1f25783c58b6842cd56e85ef3a572881c8e28ccd59?s=96&d=mm&r=g\",\"contentUrl\":\"https:\\\/\\\/secure.gravatar.com\\\/avatar\\\/3c9179cf0256d00c72a48d1f25783c58b6842cd56e85ef3a572881c8e28ccd59?s=96&d=mm&r=g\",\"caption\":\"ppdegaliciaredes\"},\"url\":\"https:\\\/\\\/ppdegalicia.com\\\/es\\\/author\\\/ppdegaliciaredes\\\/\"}]}<\/script>\n<!-- \/ Yoast SEO plugin. -->","yoast_head_json":{"title":"Demanda do mantemento das salas do 091 da Polic\u00eda nacional nas comisar\u00edas provinciais de Ourense e Lugo - PP de Galicia","robots":{"index":"index","follow":"follow","max-snippet":"max-snippet:-1","max-image-preview":"max-image-preview:large","max-video-preview":"max-video-preview:-1"},"canonical":"https:\/\/ppdegalicia.com\/es\/demanda-do-mantemento-das-salas-do-091-da-policia-nacional-nas-comisarias-provinciais-de-ourense-e-lugo\/","og_locale":"es_ES","og_type":"article","og_title":"Demanda do mantemento das salas do 091 da Polic\u00eda nacional nas comisar\u00edas provinciais de Ourense e Lugo - PP de Galicia","og_description":"\u00a0 Iniciativa sobre\u00a0\u00a0a demanda polo Goberno galego ao Goberno central do mantemento das salas do 091 da Polic\u00eda Nacional nas comisar\u00edas provinciais de Ourense e Lugo, as\u00ed como sobre o aumento dos medios humanos e materiais desas comisar\u00edas","og_url":"https:\/\/ppdegalicia.com\/es\/demanda-do-mantemento-das-salas-do-091-da-policia-nacional-nas-comisarias-provinciais-de-ourense-e-lugo\/","og_site_name":"PP de Galicia","article_publisher":"https:\/\/www.instagram.com\/ppdegalicia\/","article_published_time":"2021-03-25T08:18:31+00:00","og_image":[{"width":1707,"height":2560,"url":"https:\/\/ppdegalicia.com\/wp-content\/uploads\/2021\/03\/4030549a12fbd462823688f433aa5b0e-scaled.jpg","type":"image\/jpeg"}],"author":"ppdegaliciaredes","twitter_card":"summary_large_image","twitter_creator":"@ppdegalicia","twitter_site":"@ppdegalicia","twitter_misc":{"Escrito por":"ppdegaliciaredes","Tiempo de lectura":"3 minutos"},"schema":{"@context":"https:\/\/schema.org","@graph":[{"@type":"Article","@id":"https:\/\/ppdegalicia.com\/es\/demanda-do-mantemento-das-salas-do-091-da-policia-nacional-nas-comisarias-provinciais-de-ourense-e-lugo\/#article","isPartOf":{"@id":"https:\/\/ppdegalicia.com\/es\/demanda-do-mantemento-das-salas-do-091-da-policia-nacional-nas-comisarias-provinciais-de-ourense-e-lugo\/"},"author":{"name":"ppdegaliciaredes","@id":"https:\/\/ppdegalicia.com\/es\/#\/schema\/person\/5b822c6f59e872ebdd1142f307dbcb59"},"headline":"Demanda do mantemento das salas do 091 da Polic\u00eda nacional nas comisar\u00edas provinciais de Ourense e Lugo","datePublished":"2021-03-25T08:18:31+00:00","mainEntityOfPage":{"@id":"https:\/\/ppdegalicia.com\/es\/demanda-do-mantemento-das-salas-do-091-da-policia-nacional-nas-comisarias-provinciais-de-ourense-e-lugo\/"},"wordCount":557,"commentCount":0,"publisher":{"@id":"https:\/\/ppdegalicia.com\/es\/#organization"},"image":{"@id":"https:\/\/ppdegalicia.com\/es\/demanda-do-mantemento-das-salas-do-091-da-policia-nacional-nas-comisarias-provinciais-de-ourense-e-lugo\/#primaryimage"},"thumbnailUrl":"https:\/\/ppdegalicia.com\/wp-content\/uploads\/2021\/03\/4030549a12fbd462823688f433aa5b0e-scaled.jpg","articleSection":["Parlamento de Galicia","PP de Galicia"],"inLanguage":"es","potentialAction":[{"@type":"CommentAction","name":"Comment","target":["https:\/\/ppdegalicia.com\/es\/demanda-do-mantemento-das-salas-do-091-da-policia-nacional-nas-comisarias-provinciais-de-ourense-e-lugo\/#respond"]}]},{"@type":"WebPage","@id":"https:\/\/ppdegalicia.com\/es\/demanda-do-mantemento-das-salas-do-091-da-policia-nacional-nas-comisarias-provinciais-de-ourense-e-lugo\/","url":"https:\/\/ppdegalicia.com\/es\/demanda-do-mantemento-das-salas-do-091-da-policia-nacional-nas-comisarias-provinciais-de-ourense-e-lugo\/","name":"Demanda do mantemento das salas do 091 da Polic\u00eda nacional nas comisar\u00edas provinciais de Ourense e Lugo - PP de Galicia","isPartOf":{"@id":"https:\/\/ppdegalicia.com\/es\/#website"},"primaryImageOfPage":{"@id":"https:\/\/ppdegalicia.com\/es\/demanda-do-mantemento-das-salas-do-091-da-policia-nacional-nas-comisarias-provinciais-de-ourense-e-lugo\/#primaryimage"},"image":{"@id":"https:\/\/ppdegalicia.com\/es\/demanda-do-mantemento-das-salas-do-091-da-policia-nacional-nas-comisarias-provinciais-de-ourense-e-lugo\/#primaryimage"},"thumbnailUrl":"https:\/\/ppdegalicia.com\/wp-content\/uploads\/2021\/03\/4030549a12fbd462823688f433aa5b0e-scaled.jpg","datePublished":"2021-03-25T08:18:31+00:00","breadcrumb":{"@id":"https:\/\/ppdegalicia.com\/es\/demanda-do-mantemento-das-salas-do-091-da-policia-nacional-nas-comisarias-provinciais-de-ourense-e-lugo\/#breadcrumb"},"inLanguage":"es","potentialAction":[{"@type":"ReadAction","target":["https:\/\/ppdegalicia.com\/es\/demanda-do-mantemento-das-salas-do-091-da-policia-nacional-nas-comisarias-provinciais-de-ourense-e-lugo\/"]}]},{"@type":"ImageObject","inLanguage":"es","@id":"https:\/\/ppdegalicia.com\/es\/demanda-do-mantemento-das-salas-do-091-da-policia-nacional-nas-comisarias-provinciais-de-ourense-e-lugo\/#primaryimage","url":"https:\/\/ppdegalicia.com\/wp-content\/uploads\/2021\/03\/4030549a12fbd462823688f433aa5b0e-scaled.jpg","contentUrl":"https:\/\/ppdegalicia.com\/wp-content\/uploads\/2021\/03\/4030549a12fbd462823688f433aa5b0e-scaled.jpg","width":1707,"height":2560},{"@type":"BreadcrumbList","@id":"https:\/\/ppdegalicia.com\/es\/demanda-do-mantemento-das-salas-do-091-da-policia-nacional-nas-comisarias-provinciais-de-ourense-e-lugo\/#breadcrumb","itemListElement":[{"@type":"ListItem","position":1,"name":"Portada","item":"https:\/\/ppdegalicia.com\/es\/"},{"@type":"ListItem","position":2,"name":"Demanda do mantemento das salas do 091 da Polic\u00eda nacional nas comisar\u00edas provinciais de Ourense e Lugo"}]},{"@type":"WebSite","@id":"https:\/\/ppdegalicia.com\/es\/#website","url":"https:\/\/ppdegalicia.com\/es\/","name":"Partido Popular de Galicia","description":"Partido Popular de Galicia","publisher":{"@id":"https:\/\/ppdegalicia.com\/es\/#organization"},"alternateName":"PP de Galicia","potentialAction":[{"@type":"SearchAction","target":{"@type":"EntryPoint","urlTemplate":"https:\/\/ppdegalicia.com\/es\/?s={search_term_string}"},"query-input":{"@type":"PropertyValueSpecification","valueRequired":true,"valueName":"search_term_string"}}],"inLanguage":"es"},{"@type":"Organization","@id":"https:\/\/ppdegalicia.com\/es\/#organization","name":"Partido Popular de Galicia","alternateName":"PP de Galicia","url":"https:\/\/ppdegalicia.com\/es\/","logo":{"@type":"ImageObject","inLanguage":"es","@id":"https:\/\/ppdegalicia.com\/es\/#\/schema\/logo\/image\/","url":"https:\/\/ppdegalicia.com\/wp-content\/uploads\/2023\/04\/logoPP512.png","contentUrl":"https:\/\/ppdegalicia.com\/wp-content\/uploads\/2023\/04\/logoPP512.png","width":512,"height":512,"caption":"Partido Popular de Galicia"},"image":{"@id":"https:\/\/ppdegalicia.com\/es\/#\/schema\/logo\/image\/"},"sameAs":["https:\/\/www.instagram.com\/ppdegalicia\/","https:\/\/x.com\/ppdegalicia","https:\/\/www.tiktok.com\/@ppdegalicia","https:\/\/www.youtube.com\/user\/ppdegalicia"]},{"@type":"Person","@id":"https:\/\/ppdegalicia.com\/es\/#\/schema\/person\/5b822c6f59e872ebdd1142f307dbcb59","name":"ppdegaliciaredes","image":{"@type":"ImageObject","inLanguage":"es","@id":"https:\/\/secure.gravatar.com\/avatar\/3c9179cf0256d00c72a48d1f25783c58b6842cd56e85ef3a572881c8e28ccd59?s=96&d=mm&r=g","url":"https:\/\/secure.gravatar.com\/avatar\/3c9179cf0256d00c72a48d1f25783c58b6842cd56e85ef3a572881c8e28ccd59?s=96&d=mm&r=g","contentUrl":"https:\/\/secure.gravatar.com\/avatar\/3c9179cf0256d00c72a48d1f25783c58b6842cd56e85ef3a572881c8e28ccd59?s=96&d=mm&r=g","caption":"ppdegaliciaredes"},"url":"https:\/\/ppdegalicia.com\/es\/author\/ppdegaliciaredes\/"}]}},"_links":{"self":[{"href":"https:\/\/ppdegalicia.com\/es\/wp-json\/wp\/v2\/posts\/55486","targetHints":{"allow":["GET"]}}],"collection":[{"href":"https:\/\/ppdegalicia.com\/es\/wp-json\/wp\/v2\/posts"}],"about":[{"href":"https:\/\/ppdegalicia.com\/es\/wp-json\/wp\/v2\/types\/post"}],"author":[{"embeddable":true,"href":"https:\/\/ppdegalicia.com\/es\/wp-json\/wp\/v2\/users\/38"}],"replies":[{"embeddable":true,"href":"https:\/\/ppdegalicia.com\/es\/wp-json\/wp\/v2\/comments?post=55486"}],"version-history":[{"count":0,"href":"https:\/\/ppdegalicia.com\/es\/wp-json\/wp\/v2\/posts\/55486\/revisions"}],"wp:featuredmedia":[{"embeddable":true,"href":"https:\/\/ppdegalicia.com\/es\/wp-json\/wp\/v2\/media\/55485"}],"wp:attachment":[{"href":"https:\/\/ppdegalicia.com\/es\/wp-json\/wp\/v2\/media?parent=55486"}],"wp:term":[{"taxonomy":"category","embeddable":true,"href":"https:\/\/ppdegalicia.com\/es\/wp-json\/wp\/v2\/categories?post=55486"},{"taxonomy":"post_tag","embeddable":true,"href":"https:\/\/ppdegalicia.com\/es\/wp-json\/wp\/v2\/tags?post=55486"}],"curies":[{"name":"wp","href":"https:\/\/api.w.org\/{rel}","templated":true}]}}