{"id":55488,"date":"2021-03-25T13:44:07","date_gmt":"2021-03-25T11:44:07","guid":{"rendered":"https:\/\/ppdegalicia.com\/o-plan-de-formacion-do-servizo-contra-incendios-forestais-inclue-230-000-horas-lectivas-para-3-000-traballadores\/"},"modified":"2021-03-25T13:44:07","modified_gmt":"2021-03-25T11:44:07","slug":"o-plan-de-formacion-do-servizo-contra-incendios-forestais-inclue-230-000-horas-lectivas-para-3-000-traballadores","status":"publish","type":"post","link":"https:\/\/ppdegalicia.com\/es\/o-plan-de-formacion-do-servizo-contra-incendios-forestais-inclue-230-000-horas-lectivas-para-3-000-traballadores\/","title":{"rendered":"O Plan de formaci\u00f3n do servizo contra incendios forestais incl\u00fae 230.000 horas lectivas para 3.000 traballadores"},"content":{"rendered":"<p><img fetchpriority=\"high\" decoding=\"async\" class=\" size-full wp-image-55487\" src=\"https:\/\/ppdegalicia.com\/wp-content\/uploads\/2021\/03\/c1df29092bfc99d870af10fd99f2fbc0.jpg\" alt=\"\" width=\"1900\" height=\"1182\" srcset=\"https:\/\/ppdegalicia.com\/wp-content\/uploads\/2021\/03\/c1df29092bfc99d870af10fd99f2fbc0.jpg 1900w, https:\/\/ppdegalicia.com\/wp-content\/uploads\/2021\/03\/c1df29092bfc99d870af10fd99f2fbc0-300x187.jpg 300w, https:\/\/ppdegalicia.com\/wp-content\/uploads\/2021\/03\/c1df29092bfc99d870af10fd99f2fbc0-1024x637.jpg 1024w, https:\/\/ppdegalicia.com\/wp-content\/uploads\/2021\/03\/c1df29092bfc99d870af10fd99f2fbc0-768x478.jpg 768w, https:\/\/ppdegalicia.com\/wp-content\/uploads\/2021\/03\/c1df29092bfc99d870af10fd99f2fbc0-1536x956.jpg 1536w\" sizes=\"(max-width: 1900px) 100vw, 1900px\" \/><\/p>\n<p>Santiago, 25 de marzo de 2021.- O deputado do Grupo Popular Jos\u00e9 Antonio Armada salientou hoxe no Parlamento que o plan de formaci\u00f3n para o Servicio de prevenci\u00f3n e defensa contra os incendios forestais en Galicia 2012-2024 incl\u00fae a impartici\u00f3n de 230.000 horas lectivas a case 3.000 traballadores.<\/p>\n<p><!--more--><\/p>\n<p>\u201cO obxectivo \u00e9, en colaboraci\u00f3n coas organizaci\u00f3ns sindicais e outras asociaci\u00f3ns, ir axustando este plan \u00e1 realidade tanto do Servizo como da loita contra o lume, evolucionando cara a una maior carga pr\u00e1ctica para achegarse o m\u00e1ximo posible \u00e1s situaci\u00f3ns que se presentan no traballo e darlles resposta\u201d, sinalou.<\/p>\n<p>\u00a0<\/p>\n<p>Jos\u00e9 Antonio Armada lembrou que o plan de formaci\u00f3n \u201c\u00e9 un programa vivo, que naceu tras consultar \u00e1s organizaci\u00f3ns sindicais e outras organizaci\u00f3ns relacionadas co coidado do monte, \u00e1s que se aceptou cerca do 90 por cento das s\u00faas alegaci\u00f3ns\u201d.<\/p>\n<p>\u00a0<\/p>\n<p><strong>VANTAXES PARA OS RESIDENTES<\/strong><\/p>\n<p>\u00a0<\/p>\n<p>\u201cEste plan de formaci\u00f3n persegue mellorar a prevenci\u00f3n, extinci\u00f3n e investigaci\u00f3n dos incendios forestais, coas conseguintes vantaxes para os residentes das \u00e1reas rurais, co obxectivo de anticiparse aos incendios, minorar os seus efectos se chegan a producirse e localizar aos seus responsables, para conseguir po\u00f1er coto \u00e1 meirande parte dos focos, que se revelan como intencionados\u201d, concretou o deputado popular.<\/p>\n<p>\u00a0<\/p>\n<p>Con esta finalidade, Armada engadiu que o plan \u201cnon s\u00f3 contempla instru\u00edr ao persoal antiincendios, sen\u00f3n tam\u00e9n aos concellos e \u00e1 propia poboaci\u00f3n para que se implique na defensa dos seus montes e contrib\u00faa a garantir a s\u00faa supervivencia, as\u00ed como ao mantemento da biodiversidade e da riqueza que xera o sector forestal\u201d.<\/p>\n<p>Deste xeito, o plan non s\u00f3 aposta pola profesionalizaci\u00f3n do Servizo encargado de velar pola seguridade dos montes galegos, sen\u00f3n que tam\u00e9n incide directamente na formaci\u00f3n desas persoas residentes e na da administraci\u00f3n m\u00e1is pr\u00f3xima a eles.<\/p>\n<p>O orzamento previsto para financiar este Plan de formaci\u00f3n neste ano 2021 \u00e9 de 200.000 euros e a previsi\u00f3n \u00e9 manter cifras semellantes nos anos 2022, 2023 e 2024, \u201ca\u00ednda que o investimento \u00e9 susceptible de aumentarse no caso de que o Goberno galego o estime necesario\u201d.<\/p>\n<p>COLABORACI\u00d3N COS CONCELLOS<\/p>\n<p>No debate doutra proposici\u00f3n non de lei sobre os convenios da Xunta cos concellos para a prevenci\u00f3n e defensa contra os incendios, Jos\u00e9 Antonio Armada concretou que \u201ceste ano incrementouse m\u00e1is dun 23 por cento o programa de acci\u00f3ns preventivas e infraestruturas forestais, chegando aos 80 mill\u00f3ns de euros\u201d.<\/p>\n<p>\u201cEn concreto, \u00e1 colaboraci\u00f3n cos concellos destinaranse 40 mill\u00f3ns de euros, dirixidos principalmente a protexer aos n\u00facleos rurais e actuar en m\u00e1is de 17.000 hect\u00e1reas e 35.000 quil\u00f3metros de v\u00edas\u201d, apuntou.<\/p>\n","protected":false},"excerpt":{"rendered":"<p>Santiago, 25 de marzo de 2021.- O deputado do Grupo Popular Jos\u00e9 Antonio Armada salientou hoxe no Parlamento que o plan de formaci\u00f3n para o Servicio de prevenci\u00f3n e defensa contra os incendios forestais en Galicia 2012-2024 incl\u00fae a impartici\u00f3n de 230.000 horas lectivas a case 3.000 traballadores.<\/p>\n","protected":false},"author":38,"featured_media":55487,"comment_status":"open","ping_status":"open","sticky":false,"template":"","format":"standard","meta":{"_acf_changed":false,"footnotes":""},"categories":[1],"tags":[],"class_list":["post-55488","post","type-post","status-publish","format-standard","has-post-thumbnail","hentry","category-pp-de-galicia"],"acf":[],"yoast_head":"<!-- This site is optimized with the Yoast SEO plugin v27.3 - https:\/\/yoast.com\/product\/yoast-seo-wordpress\/ -->\n<title>O Plan de formaci\u00f3n do servizo contra incendios forestais incl\u00fae 230.000 horas lectivas para 3.000 traballadores - PP de Galicia<\/title>\n<meta name=\"robots\" content=\"index, follow, max-snippet:-1, max-image-preview:large, max-video-preview:-1\" \/>\n<link rel=\"canonical\" href=\"https:\/\/ppdegalicia.com\/es\/o-plan-de-formacion-do-servizo-contra-incendios-forestais-inclue-230-000-horas-lectivas-para-3-000-traballadores\/\" \/>\n<meta property=\"og:locale\" content=\"es_ES\" \/>\n<meta property=\"og:type\" content=\"article\" \/>\n<meta property=\"og:title\" content=\"O Plan de formaci\u00f3n do servizo contra incendios forestais incl\u00fae 230.000 horas lectivas para 3.000 traballadores - PP de Galicia\" \/>\n<meta property=\"og:description\" content=\"Santiago, 25 de marzo de 2021.- O deputado do Grupo Popular Jos\u00e9 Antonio Armada salientou hoxe no Parlamento que o plan de formaci\u00f3n para o Servicio de prevenci\u00f3n e defensa contra os incendios forestais en Galicia 2012-2024 incl\u00fae a impartici\u00f3n de 230.000 horas lectivas a case 3.000 traballadores.\" \/>\n<meta property=\"og:url\" content=\"https:\/\/ppdegalicia.com\/es\/o-plan-de-formacion-do-servizo-contra-incendios-forestais-inclue-230-000-horas-lectivas-para-3-000-traballadores\/\" \/>\n<meta property=\"og:site_name\" content=\"PP de Galicia\" \/>\n<meta property=\"article:publisher\" content=\"https:\/\/www.instagram.com\/ppdegalicia\/\" \/>\n<meta property=\"article:published_time\" content=\"2021-03-25T11:44:07+00:00\" \/>\n<meta property=\"og:image\" content=\"https:\/\/ppdegalicia.com\/wp-content\/uploads\/2021\/03\/c1df29092bfc99d870af10fd99f2fbc0.jpg\" \/>\n\t<meta property=\"og:image:width\" content=\"1900\" \/>\n\t<meta property=\"og:image:height\" content=\"1182\" \/>\n\t<meta property=\"og:image:type\" content=\"image\/jpeg\" \/>\n<meta name=\"author\" content=\"ppdegaliciaredes\" \/>\n<meta name=\"twitter:card\" content=\"summary_large_image\" \/>\n<meta name=\"twitter:creator\" content=\"@ppdegalicia\" \/>\n<meta name=\"twitter:site\" content=\"@ppdegalicia\" \/>\n<meta name=\"twitter:label1\" content=\"Escrito por\" \/>\n\t<meta name=\"twitter:data1\" content=\"ppdegaliciaredes\" \/>\n\t<meta name=\"twitter:label2\" content=\"Tiempo de lectura\" \/>\n\t<meta name=\"twitter:data2\" content=\"2 minutos\" \/>\n<script type=\"application\/ld+json\" class=\"yoast-schema-graph\">{\"@context\":\"https:\\\/\\\/schema.org\",\"@graph\":[{\"@type\":\"Article\",\"@id\":\"https:\\\/\\\/ppdegalicia.com\\\/es\\\/o-plan-de-formacion-do-servizo-contra-incendios-forestais-inclue-230-000-horas-lectivas-para-3-000-traballadores\\\/#article\",\"isPartOf\":{\"@id\":\"https:\\\/\\\/ppdegalicia.com\\\/es\\\/o-plan-de-formacion-do-servizo-contra-incendios-forestais-inclue-230-000-horas-lectivas-para-3-000-traballadores\\\/\"},\"author\":{\"name\":\"ppdegaliciaredes\",\"@id\":\"https:\\\/\\\/ppdegalicia.com\\\/es\\\/#\\\/schema\\\/person\\\/5b822c6f59e872ebdd1142f307dbcb59\"},\"headline\":\"O Plan de formaci\u00f3n do servizo contra incendios forestais incl\u00fae 230.000 horas lectivas para 3.000 traballadores\",\"datePublished\":\"2021-03-25T11:44:07+00:00\",\"mainEntityOfPage\":{\"@id\":\"https:\\\/\\\/ppdegalicia.com\\\/es\\\/o-plan-de-formacion-do-servizo-contra-incendios-forestais-inclue-230-000-horas-lectivas-para-3-000-traballadores\\\/\"},\"wordCount\":463,\"commentCount\":0,\"publisher\":{\"@id\":\"https:\\\/\\\/ppdegalicia.com\\\/es\\\/#organization\"},\"image\":{\"@id\":\"https:\\\/\\\/ppdegalicia.com\\\/es\\\/o-plan-de-formacion-do-servizo-contra-incendios-forestais-inclue-230-000-horas-lectivas-para-3-000-traballadores\\\/#primaryimage\"},\"thumbnailUrl\":\"https:\\\/\\\/ppdegalicia.com\\\/wp-content\\\/uploads\\\/2021\\\/03\\\/c1df29092bfc99d870af10fd99f2fbc0.jpg\",\"articleSection\":[\"PP de Galicia\"],\"inLanguage\":\"es\",\"potentialAction\":[{\"@type\":\"CommentAction\",\"name\":\"Comment\",\"target\":[\"https:\\\/\\\/ppdegalicia.com\\\/es\\\/o-plan-de-formacion-do-servizo-contra-incendios-forestais-inclue-230-000-horas-lectivas-para-3-000-traballadores\\\/#respond\"]}]},{\"@type\":\"WebPage\",\"@id\":\"https:\\\/\\\/ppdegalicia.com\\\/es\\\/o-plan-de-formacion-do-servizo-contra-incendios-forestais-inclue-230-000-horas-lectivas-para-3-000-traballadores\\\/\",\"url\":\"https:\\\/\\\/ppdegalicia.com\\\/es\\\/o-plan-de-formacion-do-servizo-contra-incendios-forestais-inclue-230-000-horas-lectivas-para-3-000-traballadores\\\/\",\"name\":\"O Plan de formaci\u00f3n do servizo contra incendios forestais incl\u00fae 230.000 horas lectivas para 3.000 traballadores - PP de Galicia\",\"isPartOf\":{\"@id\":\"https:\\\/\\\/ppdegalicia.com\\\/es\\\/#website\"},\"primaryImageOfPage\":{\"@id\":\"https:\\\/\\\/ppdegalicia.com\\\/es\\\/o-plan-de-formacion-do-servizo-contra-incendios-forestais-inclue-230-000-horas-lectivas-para-3-000-traballadores\\\/#primaryimage\"},\"image\":{\"@id\":\"https:\\\/\\\/ppdegalicia.com\\\/es\\\/o-plan-de-formacion-do-servizo-contra-incendios-forestais-inclue-230-000-horas-lectivas-para-3-000-traballadores\\\/#primaryimage\"},\"thumbnailUrl\":\"https:\\\/\\\/ppdegalicia.com\\\/wp-content\\\/uploads\\\/2021\\\/03\\\/c1df29092bfc99d870af10fd99f2fbc0.jpg\",\"datePublished\":\"2021-03-25T11:44:07+00:00\",\"breadcrumb\":{\"@id\":\"https:\\\/\\\/ppdegalicia.com\\\/es\\\/o-plan-de-formacion-do-servizo-contra-incendios-forestais-inclue-230-000-horas-lectivas-para-3-000-traballadores\\\/#breadcrumb\"},\"inLanguage\":\"es\",\"potentialAction\":[{\"@type\":\"ReadAction\",\"target\":[\"https:\\\/\\\/ppdegalicia.com\\\/es\\\/o-plan-de-formacion-do-servizo-contra-incendios-forestais-inclue-230-000-horas-lectivas-para-3-000-traballadores\\\/\"]}]},{\"@type\":\"ImageObject\",\"inLanguage\":\"es\",\"@id\":\"https:\\\/\\\/ppdegalicia.com\\\/es\\\/o-plan-de-formacion-do-servizo-contra-incendios-forestais-inclue-230-000-horas-lectivas-para-3-000-traballadores\\\/#primaryimage\",\"url\":\"https:\\\/\\\/ppdegalicia.com\\\/wp-content\\\/uploads\\\/2021\\\/03\\\/c1df29092bfc99d870af10fd99f2fbc0.jpg\",\"contentUrl\":\"https:\\\/\\\/ppdegalicia.com\\\/wp-content\\\/uploads\\\/2021\\\/03\\\/c1df29092bfc99d870af10fd99f2fbc0.jpg\",\"width\":1900,\"height\":1182},{\"@type\":\"BreadcrumbList\",\"@id\":\"https:\\\/\\\/ppdegalicia.com\\\/es\\\/o-plan-de-formacion-do-servizo-contra-incendios-forestais-inclue-230-000-horas-lectivas-para-3-000-traballadores\\\/#breadcrumb\",\"itemListElement\":[{\"@type\":\"ListItem\",\"position\":1,\"name\":\"Portada\",\"item\":\"https:\\\/\\\/ppdegalicia.com\\\/es\\\/\"},{\"@type\":\"ListItem\",\"position\":2,\"name\":\"O Plan de formaci\u00f3n do servizo contra incendios forestais incl\u00fae 230.000 horas lectivas para 3.000 traballadores\"}]},{\"@type\":\"WebSite\",\"@id\":\"https:\\\/\\\/ppdegalicia.com\\\/es\\\/#website\",\"url\":\"https:\\\/\\\/ppdegalicia.com\\\/es\\\/\",\"name\":\"Partido Popular de Galicia\",\"description\":\"Partido Popular de Galicia\",\"publisher\":{\"@id\":\"https:\\\/\\\/ppdegalicia.com\\\/es\\\/#organization\"},\"alternateName\":\"PP de Galicia\",\"potentialAction\":[{\"@type\":\"SearchAction\",\"target\":{\"@type\":\"EntryPoint\",\"urlTemplate\":\"https:\\\/\\\/ppdegalicia.com\\\/es\\\/?s={search_term_string}\"},\"query-input\":{\"@type\":\"PropertyValueSpecification\",\"valueRequired\":true,\"valueName\":\"search_term_string\"}}],\"inLanguage\":\"es\"},{\"@type\":\"Organization\",\"@id\":\"https:\\\/\\\/ppdegalicia.com\\\/es\\\/#organization\",\"name\":\"Partido Popular de Galicia\",\"alternateName\":\"PP de Galicia\",\"url\":\"https:\\\/\\\/ppdegalicia.com\\\/es\\\/\",\"logo\":{\"@type\":\"ImageObject\",\"inLanguage\":\"es\",\"@id\":\"https:\\\/\\\/ppdegalicia.com\\\/es\\\/#\\\/schema\\\/logo\\\/image\\\/\",\"url\":\"https:\\\/\\\/ppdegalicia.com\\\/wp-content\\\/uploads\\\/2023\\\/04\\\/logoPP512.png\",\"contentUrl\":\"https:\\\/\\\/ppdegalicia.com\\\/wp-content\\\/uploads\\\/2023\\\/04\\\/logoPP512.png\",\"width\":512,\"height\":512,\"caption\":\"Partido Popular de Galicia\"},\"image\":{\"@id\":\"https:\\\/\\\/ppdegalicia.com\\\/es\\\/#\\\/schema\\\/logo\\\/image\\\/\"},\"sameAs\":[\"https:\\\/\\\/www.instagram.com\\\/ppdegalicia\\\/\",\"https:\\\/\\\/x.com\\\/ppdegalicia\",\"https:\\\/\\\/www.tiktok.com\\\/@ppdegalicia\",\"https:\\\/\\\/www.youtube.com\\\/user\\\/ppdegalicia\"]},{\"@type\":\"Person\",\"@id\":\"https:\\\/\\\/ppdegalicia.com\\\/es\\\/#\\\/schema\\\/person\\\/5b822c6f59e872ebdd1142f307dbcb59\",\"name\":\"ppdegaliciaredes\",\"image\":{\"@type\":\"ImageObject\",\"inLanguage\":\"es\",\"@id\":\"https:\\\/\\\/secure.gravatar.com\\\/avatar\\\/3c9179cf0256d00c72a48d1f25783c58b6842cd56e85ef3a572881c8e28ccd59?s=96&d=mm&r=g\",\"url\":\"https:\\\/\\\/secure.gravatar.com\\\/avatar\\\/3c9179cf0256d00c72a48d1f25783c58b6842cd56e85ef3a572881c8e28ccd59?s=96&d=mm&r=g\",\"contentUrl\":\"https:\\\/\\\/secure.gravatar.com\\\/avatar\\\/3c9179cf0256d00c72a48d1f25783c58b6842cd56e85ef3a572881c8e28ccd59?s=96&d=mm&r=g\",\"caption\":\"ppdegaliciaredes\"},\"url\":\"https:\\\/\\\/ppdegalicia.com\\\/es\\\/author\\\/ppdegaliciaredes\\\/\"}]}<\/script>\n<!-- \/ Yoast SEO plugin. -->","yoast_head_json":{"title":"O Plan de formaci\u00f3n do servizo contra incendios forestais incl\u00fae 230.000 horas lectivas para 3.000 traballadores - PP de Galicia","robots":{"index":"index","follow":"follow","max-snippet":"max-snippet:-1","max-image-preview":"max-image-preview:large","max-video-preview":"max-video-preview:-1"},"canonical":"https:\/\/ppdegalicia.com\/es\/o-plan-de-formacion-do-servizo-contra-incendios-forestais-inclue-230-000-horas-lectivas-para-3-000-traballadores\/","og_locale":"es_ES","og_type":"article","og_title":"O Plan de formaci\u00f3n do servizo contra incendios forestais incl\u00fae 230.000 horas lectivas para 3.000 traballadores - PP de Galicia","og_description":"Santiago, 25 de marzo de 2021.- O deputado do Grupo Popular Jos\u00e9 Antonio Armada salientou hoxe no Parlamento que o plan de formaci\u00f3n para o Servicio de prevenci\u00f3n e defensa contra os incendios forestais en Galicia 2012-2024 incl\u00fae a impartici\u00f3n de 230.000 horas lectivas a case 3.000 traballadores.","og_url":"https:\/\/ppdegalicia.com\/es\/o-plan-de-formacion-do-servizo-contra-incendios-forestais-inclue-230-000-horas-lectivas-para-3-000-traballadores\/","og_site_name":"PP de Galicia","article_publisher":"https:\/\/www.instagram.com\/ppdegalicia\/","article_published_time":"2021-03-25T11:44:07+00:00","og_image":[{"width":1900,"height":1182,"url":"https:\/\/ppdegalicia.com\/wp-content\/uploads\/2021\/03\/c1df29092bfc99d870af10fd99f2fbc0.jpg","type":"image\/jpeg"}],"author":"ppdegaliciaredes","twitter_card":"summary_large_image","twitter_creator":"@ppdegalicia","twitter_site":"@ppdegalicia","twitter_misc":{"Escrito por":"ppdegaliciaredes","Tiempo de lectura":"2 minutos"},"schema":{"@context":"https:\/\/schema.org","@graph":[{"@type":"Article","@id":"https:\/\/ppdegalicia.com\/es\/o-plan-de-formacion-do-servizo-contra-incendios-forestais-inclue-230-000-horas-lectivas-para-3-000-traballadores\/#article","isPartOf":{"@id":"https:\/\/ppdegalicia.com\/es\/o-plan-de-formacion-do-servizo-contra-incendios-forestais-inclue-230-000-horas-lectivas-para-3-000-traballadores\/"},"author":{"name":"ppdegaliciaredes","@id":"https:\/\/ppdegalicia.com\/es\/#\/schema\/person\/5b822c6f59e872ebdd1142f307dbcb59"},"headline":"O Plan de formaci\u00f3n do servizo contra incendios forestais incl\u00fae 230.000 horas lectivas para 3.000 traballadores","datePublished":"2021-03-25T11:44:07+00:00","mainEntityOfPage":{"@id":"https:\/\/ppdegalicia.com\/es\/o-plan-de-formacion-do-servizo-contra-incendios-forestais-inclue-230-000-horas-lectivas-para-3-000-traballadores\/"},"wordCount":463,"commentCount":0,"publisher":{"@id":"https:\/\/ppdegalicia.com\/es\/#organization"},"image":{"@id":"https:\/\/ppdegalicia.com\/es\/o-plan-de-formacion-do-servizo-contra-incendios-forestais-inclue-230-000-horas-lectivas-para-3-000-traballadores\/#primaryimage"},"thumbnailUrl":"https:\/\/ppdegalicia.com\/wp-content\/uploads\/2021\/03\/c1df29092bfc99d870af10fd99f2fbc0.jpg","articleSection":["PP de Galicia"],"inLanguage":"es","potentialAction":[{"@type":"CommentAction","name":"Comment","target":["https:\/\/ppdegalicia.com\/es\/o-plan-de-formacion-do-servizo-contra-incendios-forestais-inclue-230-000-horas-lectivas-para-3-000-traballadores\/#respond"]}]},{"@type":"WebPage","@id":"https:\/\/ppdegalicia.com\/es\/o-plan-de-formacion-do-servizo-contra-incendios-forestais-inclue-230-000-horas-lectivas-para-3-000-traballadores\/","url":"https:\/\/ppdegalicia.com\/es\/o-plan-de-formacion-do-servizo-contra-incendios-forestais-inclue-230-000-horas-lectivas-para-3-000-traballadores\/","name":"O Plan de formaci\u00f3n do servizo contra incendios forestais incl\u00fae 230.000 horas lectivas para 3.000 traballadores - PP de Galicia","isPartOf":{"@id":"https:\/\/ppdegalicia.com\/es\/#website"},"primaryImageOfPage":{"@id":"https:\/\/ppdegalicia.com\/es\/o-plan-de-formacion-do-servizo-contra-incendios-forestais-inclue-230-000-horas-lectivas-para-3-000-traballadores\/#primaryimage"},"image":{"@id":"https:\/\/ppdegalicia.com\/es\/o-plan-de-formacion-do-servizo-contra-incendios-forestais-inclue-230-000-horas-lectivas-para-3-000-traballadores\/#primaryimage"},"thumbnailUrl":"https:\/\/ppdegalicia.com\/wp-content\/uploads\/2021\/03\/c1df29092bfc99d870af10fd99f2fbc0.jpg","datePublished":"2021-03-25T11:44:07+00:00","breadcrumb":{"@id":"https:\/\/ppdegalicia.com\/es\/o-plan-de-formacion-do-servizo-contra-incendios-forestais-inclue-230-000-horas-lectivas-para-3-000-traballadores\/#breadcrumb"},"inLanguage":"es","potentialAction":[{"@type":"ReadAction","target":["https:\/\/ppdegalicia.com\/es\/o-plan-de-formacion-do-servizo-contra-incendios-forestais-inclue-230-000-horas-lectivas-para-3-000-traballadores\/"]}]},{"@type":"ImageObject","inLanguage":"es","@id":"https:\/\/ppdegalicia.com\/es\/o-plan-de-formacion-do-servizo-contra-incendios-forestais-inclue-230-000-horas-lectivas-para-3-000-traballadores\/#primaryimage","url":"https:\/\/ppdegalicia.com\/wp-content\/uploads\/2021\/03\/c1df29092bfc99d870af10fd99f2fbc0.jpg","contentUrl":"https:\/\/ppdegalicia.com\/wp-content\/uploads\/2021\/03\/c1df29092bfc99d870af10fd99f2fbc0.jpg","width":1900,"height":1182},{"@type":"BreadcrumbList","@id":"https:\/\/ppdegalicia.com\/es\/o-plan-de-formacion-do-servizo-contra-incendios-forestais-inclue-230-000-horas-lectivas-para-3-000-traballadores\/#breadcrumb","itemListElement":[{"@type":"ListItem","position":1,"name":"Portada","item":"https:\/\/ppdegalicia.com\/es\/"},{"@type":"ListItem","position":2,"name":"O Plan de formaci\u00f3n do servizo contra incendios forestais incl\u00fae 230.000 horas lectivas para 3.000 traballadores"}]},{"@type":"WebSite","@id":"https:\/\/ppdegalicia.com\/es\/#website","url":"https:\/\/ppdegalicia.com\/es\/","name":"Partido Popular de Galicia","description":"Partido Popular de Galicia","publisher":{"@id":"https:\/\/ppdegalicia.com\/es\/#organization"},"alternateName":"PP de Galicia","potentialAction":[{"@type":"SearchAction","target":{"@type":"EntryPoint","urlTemplate":"https:\/\/ppdegalicia.com\/es\/?s={search_term_string}"},"query-input":{"@type":"PropertyValueSpecification","valueRequired":true,"valueName":"search_term_string"}}],"inLanguage":"es"},{"@type":"Organization","@id":"https:\/\/ppdegalicia.com\/es\/#organization","name":"Partido Popular de Galicia","alternateName":"PP de Galicia","url":"https:\/\/ppdegalicia.com\/es\/","logo":{"@type":"ImageObject","inLanguage":"es","@id":"https:\/\/ppdegalicia.com\/es\/#\/schema\/logo\/image\/","url":"https:\/\/ppdegalicia.com\/wp-content\/uploads\/2023\/04\/logoPP512.png","contentUrl":"https:\/\/ppdegalicia.com\/wp-content\/uploads\/2023\/04\/logoPP512.png","width":512,"height":512,"caption":"Partido Popular de Galicia"},"image":{"@id":"https:\/\/ppdegalicia.com\/es\/#\/schema\/logo\/image\/"},"sameAs":["https:\/\/www.instagram.com\/ppdegalicia\/","https:\/\/x.com\/ppdegalicia","https:\/\/www.tiktok.com\/@ppdegalicia","https:\/\/www.youtube.com\/user\/ppdegalicia"]},{"@type":"Person","@id":"https:\/\/ppdegalicia.com\/es\/#\/schema\/person\/5b822c6f59e872ebdd1142f307dbcb59","name":"ppdegaliciaredes","image":{"@type":"ImageObject","inLanguage":"es","@id":"https:\/\/secure.gravatar.com\/avatar\/3c9179cf0256d00c72a48d1f25783c58b6842cd56e85ef3a572881c8e28ccd59?s=96&d=mm&r=g","url":"https:\/\/secure.gravatar.com\/avatar\/3c9179cf0256d00c72a48d1f25783c58b6842cd56e85ef3a572881c8e28ccd59?s=96&d=mm&r=g","contentUrl":"https:\/\/secure.gravatar.com\/avatar\/3c9179cf0256d00c72a48d1f25783c58b6842cd56e85ef3a572881c8e28ccd59?s=96&d=mm&r=g","caption":"ppdegaliciaredes"},"url":"https:\/\/ppdegalicia.com\/es\/author\/ppdegaliciaredes\/"}]}},"_links":{"self":[{"href":"https:\/\/ppdegalicia.com\/es\/wp-json\/wp\/v2\/posts\/55488","targetHints":{"allow":["GET"]}}],"collection":[{"href":"https:\/\/ppdegalicia.com\/es\/wp-json\/wp\/v2\/posts"}],"about":[{"href":"https:\/\/ppdegalicia.com\/es\/wp-json\/wp\/v2\/types\/post"}],"author":[{"embeddable":true,"href":"https:\/\/ppdegalicia.com\/es\/wp-json\/wp\/v2\/users\/38"}],"replies":[{"embeddable":true,"href":"https:\/\/ppdegalicia.com\/es\/wp-json\/wp\/v2\/comments?post=55488"}],"version-history":[{"count":0,"href":"https:\/\/ppdegalicia.com\/es\/wp-json\/wp\/v2\/posts\/55488\/revisions"}],"wp:featuredmedia":[{"embeddable":true,"href":"https:\/\/ppdegalicia.com\/es\/wp-json\/wp\/v2\/media\/55487"}],"wp:attachment":[{"href":"https:\/\/ppdegalicia.com\/es\/wp-json\/wp\/v2\/media?parent=55488"}],"wp:term":[{"taxonomy":"category","embeddable":true,"href":"https:\/\/ppdegalicia.com\/es\/wp-json\/wp\/v2\/categories?post=55488"},{"taxonomy":"post_tag","embeddable":true,"href":"https:\/\/ppdegalicia.com\/es\/wp-json\/wp\/v2\/tags?post=55488"}],"curies":[{"name":"wp","href":"https:\/\/api.w.org\/{rel}","templated":true}]}}