{"id":55490,"date":"2021-03-25T13:45:23","date_gmt":"2021-03-25T11:45:23","guid":{"rendered":"https:\/\/ppdegalicia.com\/o-parlamento-galego-solicita-a-dinamizacion-e-modernizacion-das-oficinas-agrarias-comarcais\/"},"modified":"2021-03-25T13:45:23","modified_gmt":"2021-03-25T11:45:23","slug":"o-parlamento-galego-solicita-a-dinamizacion-e-modernizacion-das-oficinas-agrarias-comarcais","status":"publish","type":"post","link":"https:\/\/ppdegalicia.com\/es\/o-parlamento-galego-solicita-a-dinamizacion-e-modernizacion-das-oficinas-agrarias-comarcais\/","title":{"rendered":"O Parlamento galego solicita a dinamizaci\u00f3n e modernizaci\u00f3n das oficinas agrarias comarcais"},"content":{"rendered":"<p><img fetchpriority=\"high\" decoding=\"async\" class=\" size-full wp-image-55489\" src=\"https:\/\/ppdegalicia.com\/wp-content\/uploads\/2021\/03\/0de0e7d2058a27c3c15200ca0bcebb0f.jpg\" alt=\"\" width=\"1900\" height=\"966\" srcset=\"https:\/\/ppdegalicia.com\/wp-content\/uploads\/2021\/03\/0de0e7d2058a27c3c15200ca0bcebb0f.jpg 1900w, https:\/\/ppdegalicia.com\/wp-content\/uploads\/2021\/03\/0de0e7d2058a27c3c15200ca0bcebb0f-300x153.jpg 300w, https:\/\/ppdegalicia.com\/wp-content\/uploads\/2021\/03\/0de0e7d2058a27c3c15200ca0bcebb0f-1024x521.jpg 1024w, https:\/\/ppdegalicia.com\/wp-content\/uploads\/2021\/03\/0de0e7d2058a27c3c15200ca0bcebb0f-768x390.jpg 768w, https:\/\/ppdegalicia.com\/wp-content\/uploads\/2021\/03\/0de0e7d2058a27c3c15200ca0bcebb0f-1536x781.jpg 1536w\" sizes=\"(max-width: 1900px) 100vw, 1900px\" \/><\/p>\n<p>Santiago, 25 de marzo de 2021.- O Parlamento galego aprobou hoxe a proposici\u00f3n non de lei do Grupo Popular a trav\u00e9s da que se solicita \u00e1 Xunta o impulso e desenvolvemento do Plan de mellora da atenci\u00f3n no rural mediante a dinamizaci\u00f3n e modernizaci\u00f3n das oficinas agrarias comarcais, garantindo que mante\u00f1an as s\u00faas funci\u00f3ns de dinamizaci\u00f3n e de asesoramento aos gandeiros e agricultores dot\u00e1ndoas dos medios materiais e humanos necesarios para o seu desenvolvemento.<\/p>\n<p><!--more--><\/p>\n<p>\u201c\u00c9 necesario mellorar as infraestruturas e modernizar os servizos prestados polas oficinas agrarias comarcais, de xeito que a Administraci\u00f3n auton\u00f3mica ofreza un servizo p\u00fablico, pr\u00f3ximo, din\u00e1mico, t\u00e9cnico e de calidade ao sector, ao tempo que se mellora a actividade dos profesionais que traballan nelas\u201d, sinalou o deputado popular Rub\u00e9n Lorenzo.<\/p>\n<p>\u00a0<\/p>\n<p>Na s\u00faa intervenci\u00f3n, Lorenzo manifestou que \u201ca permanente relevancia dos sectores produtivos do rural galego na actualidade amosa a necesaria reestruturaci\u00f3n desta rede de oficinas rurais comarcais, coa fin de lograr maior eficiencia e unha atenci\u00f3n pr\u00f3xima e de calidade\u201d. Na actualidade, sinalou que a Conseller\u00eda do Medio Rural est\u00e1 presente no territorio galego a trav\u00e9s de 200 centros, entre oficinas agrarias comarcais, bases e sub-bases, puntos de encontro das brigadas forestais e bases a\u00e9reas, nos que traballan m\u00e1is de 3.500 persoas.<\/p>\n<p>\u00a0<\/p>\n<p>O deputado popular lembrou que o Plan de modernizaci\u00f3n e mellora da rede de oficinas de atenci\u00f3n no medio rural \u201c\u00e9 un compromiso do Goberno galego para mellorar as infraestruturas e os servizos prestados aos galegos, determinando a situaci\u00f3n de cada oficina para aumentar, de xeito progresivo, a s\u00faa efectividade\u201d. \u201cIsto permitir\u00e1 optimizar a relaci\u00f3n entre a Xunta e a cidadan\u00eda, facilitar as xesti\u00f3ns, ofrecer un servizo global nunha \u00fanica sede por localidade e aumentar a eficiencia na utilizaci\u00f3n dos recursos p\u00fablicos\u201d, concretou.<\/p>\n<p>\u00a0<\/p>\n<p>Rub\u00e9n Lorenzo indicou que \u201ca vontade de mellora das oficinas rurais comarcais refl\u00edctese nos orzamentos da Conseller\u00eda do Medio Rural para este ano, recollendo unha partida de tres mill\u00f3ns de euros e comprometendo outros cinco mill\u00f3ns para 2022\u201d.<\/p>\n<p>\u00a0<\/p>\n<p>\u201cS\u00f3 por medio desta modernizaci\u00f3n e mellora dos servizos prestados polas oficinas agrarias comarcais se chegar\u00e1n a abordar cuesti\u00f3ns como avanzar na dixitalizaci\u00f3n, dar unha imaxe distinta e unificada, ou axilizar tr\u00e1mites, normas e procedementos\u201d, apuntou o deputado popular.<\/p>\n","protected":false},"excerpt":{"rendered":"<p>Santiago, 25 de marzo de 2021.- O Parlamento galego aprobou hoxe a proposici\u00f3n non de lei do Grupo Popular a trav\u00e9s da que se solicita \u00e1 Xunta o impulso e desenvolvemento do Plan de mellora da atenci\u00f3n no rural mediante a dinamizaci\u00f3n e modernizaci\u00f3n das oficinas agrarias comarcais, garantindo que mante\u00f1an as s\u00faas funci\u00f3ns de [&hellip;]<\/p>\n","protected":false},"author":38,"featured_media":55489,"comment_status":"open","ping_status":"open","sticky":false,"template":"","format":"standard","meta":{"_acf_changed":false,"footnotes":""},"categories":[1],"tags":[],"class_list":["post-55490","post","type-post","status-publish","format-standard","has-post-thumbnail","hentry","category-pp-de-galicia"],"acf":[],"yoast_head":"<!-- This site is optimized with the Yoast SEO plugin v27.3 - https:\/\/yoast.com\/product\/yoast-seo-wordpress\/ -->\n<title>O Parlamento galego solicita a dinamizaci\u00f3n e modernizaci\u00f3n das oficinas agrarias comarcais - PP de Galicia<\/title>\n<meta name=\"robots\" content=\"index, follow, max-snippet:-1, max-image-preview:large, max-video-preview:-1\" \/>\n<link rel=\"canonical\" href=\"https:\/\/ppdegalicia.com\/es\/o-parlamento-galego-solicita-a-dinamizacion-e-modernizacion-das-oficinas-agrarias-comarcais\/\" \/>\n<meta property=\"og:locale\" content=\"es_ES\" \/>\n<meta property=\"og:type\" content=\"article\" \/>\n<meta property=\"og:title\" content=\"O Parlamento galego solicita a dinamizaci\u00f3n e modernizaci\u00f3n das oficinas agrarias comarcais - PP de Galicia\" \/>\n<meta property=\"og:description\" content=\"Santiago, 25 de marzo de 2021.- O Parlamento galego aprobou hoxe a proposici\u00f3n non de lei do Grupo Popular a trav\u00e9s da que se solicita \u00e1 Xunta o impulso e desenvolvemento do Plan de mellora da atenci\u00f3n no rural mediante a dinamizaci\u00f3n e modernizaci\u00f3n das oficinas agrarias comarcais, garantindo que mante\u00f1an as s\u00faas funci\u00f3ns de [&hellip;]\" \/>\n<meta property=\"og:url\" content=\"https:\/\/ppdegalicia.com\/es\/o-parlamento-galego-solicita-a-dinamizacion-e-modernizacion-das-oficinas-agrarias-comarcais\/\" \/>\n<meta property=\"og:site_name\" content=\"PP de Galicia\" \/>\n<meta property=\"article:publisher\" content=\"https:\/\/www.instagram.com\/ppdegalicia\/\" \/>\n<meta property=\"article:published_time\" content=\"2021-03-25T11:45:23+00:00\" \/>\n<meta property=\"og:image\" content=\"https:\/\/ppdegalicia.com\/wp-content\/uploads\/2021\/03\/0de0e7d2058a27c3c15200ca0bcebb0f.jpg\" \/>\n\t<meta property=\"og:image:width\" content=\"1900\" \/>\n\t<meta property=\"og:image:height\" content=\"966\" \/>\n\t<meta property=\"og:image:type\" content=\"image\/jpeg\" \/>\n<meta name=\"author\" content=\"ppdegaliciaredes\" \/>\n<meta name=\"twitter:card\" content=\"summary_large_image\" \/>\n<meta name=\"twitter:creator\" content=\"@ppdegalicia\" \/>\n<meta name=\"twitter:site\" content=\"@ppdegalicia\" \/>\n<meta name=\"twitter:label1\" content=\"Escrito por\" \/>\n\t<meta name=\"twitter:data1\" content=\"ppdegaliciaredes\" \/>\n\t<meta name=\"twitter:label2\" content=\"Tiempo de lectura\" \/>\n\t<meta name=\"twitter:data2\" content=\"2 minutos\" \/>\n<script type=\"application\/ld+json\" class=\"yoast-schema-graph\">{\"@context\":\"https:\\\/\\\/schema.org\",\"@graph\":[{\"@type\":\"Article\",\"@id\":\"https:\\\/\\\/ppdegalicia.com\\\/es\\\/o-parlamento-galego-solicita-a-dinamizacion-e-modernizacion-das-oficinas-agrarias-comarcais\\\/#article\",\"isPartOf\":{\"@id\":\"https:\\\/\\\/ppdegalicia.com\\\/es\\\/o-parlamento-galego-solicita-a-dinamizacion-e-modernizacion-das-oficinas-agrarias-comarcais\\\/\"},\"author\":{\"name\":\"ppdegaliciaredes\",\"@id\":\"https:\\\/\\\/ppdegalicia.com\\\/es\\\/#\\\/schema\\\/person\\\/5b822c6f59e872ebdd1142f307dbcb59\"},\"headline\":\"O Parlamento galego solicita a dinamizaci\u00f3n e modernizaci\u00f3n das oficinas agrarias comarcais\",\"datePublished\":\"2021-03-25T11:45:23+00:00\",\"mainEntityOfPage\":{\"@id\":\"https:\\\/\\\/ppdegalicia.com\\\/es\\\/o-parlamento-galego-solicita-a-dinamizacion-e-modernizacion-das-oficinas-agrarias-comarcais\\\/\"},\"wordCount\":418,\"commentCount\":0,\"publisher\":{\"@id\":\"https:\\\/\\\/ppdegalicia.com\\\/es\\\/#organization\"},\"image\":{\"@id\":\"https:\\\/\\\/ppdegalicia.com\\\/es\\\/o-parlamento-galego-solicita-a-dinamizacion-e-modernizacion-das-oficinas-agrarias-comarcais\\\/#primaryimage\"},\"thumbnailUrl\":\"https:\\\/\\\/ppdegalicia.com\\\/wp-content\\\/uploads\\\/2021\\\/03\\\/0de0e7d2058a27c3c15200ca0bcebb0f.jpg\",\"articleSection\":[\"PP de Galicia\"],\"inLanguage\":\"es\",\"potentialAction\":[{\"@type\":\"CommentAction\",\"name\":\"Comment\",\"target\":[\"https:\\\/\\\/ppdegalicia.com\\\/es\\\/o-parlamento-galego-solicita-a-dinamizacion-e-modernizacion-das-oficinas-agrarias-comarcais\\\/#respond\"]}]},{\"@type\":\"WebPage\",\"@id\":\"https:\\\/\\\/ppdegalicia.com\\\/es\\\/o-parlamento-galego-solicita-a-dinamizacion-e-modernizacion-das-oficinas-agrarias-comarcais\\\/\",\"url\":\"https:\\\/\\\/ppdegalicia.com\\\/es\\\/o-parlamento-galego-solicita-a-dinamizacion-e-modernizacion-das-oficinas-agrarias-comarcais\\\/\",\"name\":\"O Parlamento galego solicita a dinamizaci\u00f3n e modernizaci\u00f3n das oficinas agrarias comarcais - PP de Galicia\",\"isPartOf\":{\"@id\":\"https:\\\/\\\/ppdegalicia.com\\\/es\\\/#website\"},\"primaryImageOfPage\":{\"@id\":\"https:\\\/\\\/ppdegalicia.com\\\/es\\\/o-parlamento-galego-solicita-a-dinamizacion-e-modernizacion-das-oficinas-agrarias-comarcais\\\/#primaryimage\"},\"image\":{\"@id\":\"https:\\\/\\\/ppdegalicia.com\\\/es\\\/o-parlamento-galego-solicita-a-dinamizacion-e-modernizacion-das-oficinas-agrarias-comarcais\\\/#primaryimage\"},\"thumbnailUrl\":\"https:\\\/\\\/ppdegalicia.com\\\/wp-content\\\/uploads\\\/2021\\\/03\\\/0de0e7d2058a27c3c15200ca0bcebb0f.jpg\",\"datePublished\":\"2021-03-25T11:45:23+00:00\",\"breadcrumb\":{\"@id\":\"https:\\\/\\\/ppdegalicia.com\\\/es\\\/o-parlamento-galego-solicita-a-dinamizacion-e-modernizacion-das-oficinas-agrarias-comarcais\\\/#breadcrumb\"},\"inLanguage\":\"es\",\"potentialAction\":[{\"@type\":\"ReadAction\",\"target\":[\"https:\\\/\\\/ppdegalicia.com\\\/es\\\/o-parlamento-galego-solicita-a-dinamizacion-e-modernizacion-das-oficinas-agrarias-comarcais\\\/\"]}]},{\"@type\":\"ImageObject\",\"inLanguage\":\"es\",\"@id\":\"https:\\\/\\\/ppdegalicia.com\\\/es\\\/o-parlamento-galego-solicita-a-dinamizacion-e-modernizacion-das-oficinas-agrarias-comarcais\\\/#primaryimage\",\"url\":\"https:\\\/\\\/ppdegalicia.com\\\/wp-content\\\/uploads\\\/2021\\\/03\\\/0de0e7d2058a27c3c15200ca0bcebb0f.jpg\",\"contentUrl\":\"https:\\\/\\\/ppdegalicia.com\\\/wp-content\\\/uploads\\\/2021\\\/03\\\/0de0e7d2058a27c3c15200ca0bcebb0f.jpg\",\"width\":1900,\"height\":966},{\"@type\":\"BreadcrumbList\",\"@id\":\"https:\\\/\\\/ppdegalicia.com\\\/es\\\/o-parlamento-galego-solicita-a-dinamizacion-e-modernizacion-das-oficinas-agrarias-comarcais\\\/#breadcrumb\",\"itemListElement\":[{\"@type\":\"ListItem\",\"position\":1,\"name\":\"Portada\",\"item\":\"https:\\\/\\\/ppdegalicia.com\\\/es\\\/\"},{\"@type\":\"ListItem\",\"position\":2,\"name\":\"O Parlamento galego solicita a dinamizaci\u00f3n e modernizaci\u00f3n das oficinas agrarias comarcais\"}]},{\"@type\":\"WebSite\",\"@id\":\"https:\\\/\\\/ppdegalicia.com\\\/es\\\/#website\",\"url\":\"https:\\\/\\\/ppdegalicia.com\\\/es\\\/\",\"name\":\"Partido Popular de Galicia\",\"description\":\"Partido Popular de Galicia\",\"publisher\":{\"@id\":\"https:\\\/\\\/ppdegalicia.com\\\/es\\\/#organization\"},\"alternateName\":\"PP de Galicia\",\"potentialAction\":[{\"@type\":\"SearchAction\",\"target\":{\"@type\":\"EntryPoint\",\"urlTemplate\":\"https:\\\/\\\/ppdegalicia.com\\\/es\\\/?s={search_term_string}\"},\"query-input\":{\"@type\":\"PropertyValueSpecification\",\"valueRequired\":true,\"valueName\":\"search_term_string\"}}],\"inLanguage\":\"es\"},{\"@type\":\"Organization\",\"@id\":\"https:\\\/\\\/ppdegalicia.com\\\/es\\\/#organization\",\"name\":\"Partido Popular de Galicia\",\"alternateName\":\"PP de Galicia\",\"url\":\"https:\\\/\\\/ppdegalicia.com\\\/es\\\/\",\"logo\":{\"@type\":\"ImageObject\",\"inLanguage\":\"es\",\"@id\":\"https:\\\/\\\/ppdegalicia.com\\\/es\\\/#\\\/schema\\\/logo\\\/image\\\/\",\"url\":\"https:\\\/\\\/ppdegalicia.com\\\/wp-content\\\/uploads\\\/2023\\\/04\\\/logoPP512.png\",\"contentUrl\":\"https:\\\/\\\/ppdegalicia.com\\\/wp-content\\\/uploads\\\/2023\\\/04\\\/logoPP512.png\",\"width\":512,\"height\":512,\"caption\":\"Partido Popular de Galicia\"},\"image\":{\"@id\":\"https:\\\/\\\/ppdegalicia.com\\\/es\\\/#\\\/schema\\\/logo\\\/image\\\/\"},\"sameAs\":[\"https:\\\/\\\/www.instagram.com\\\/ppdegalicia\\\/\",\"https:\\\/\\\/x.com\\\/ppdegalicia\",\"https:\\\/\\\/www.tiktok.com\\\/@ppdegalicia\",\"https:\\\/\\\/www.youtube.com\\\/user\\\/ppdegalicia\"]},{\"@type\":\"Person\",\"@id\":\"https:\\\/\\\/ppdegalicia.com\\\/es\\\/#\\\/schema\\\/person\\\/5b822c6f59e872ebdd1142f307dbcb59\",\"name\":\"ppdegaliciaredes\",\"image\":{\"@type\":\"ImageObject\",\"inLanguage\":\"es\",\"@id\":\"https:\\\/\\\/secure.gravatar.com\\\/avatar\\\/3c9179cf0256d00c72a48d1f25783c58b6842cd56e85ef3a572881c8e28ccd59?s=96&d=mm&r=g\",\"url\":\"https:\\\/\\\/secure.gravatar.com\\\/avatar\\\/3c9179cf0256d00c72a48d1f25783c58b6842cd56e85ef3a572881c8e28ccd59?s=96&d=mm&r=g\",\"contentUrl\":\"https:\\\/\\\/secure.gravatar.com\\\/avatar\\\/3c9179cf0256d00c72a48d1f25783c58b6842cd56e85ef3a572881c8e28ccd59?s=96&d=mm&r=g\",\"caption\":\"ppdegaliciaredes\"},\"url\":\"https:\\\/\\\/ppdegalicia.com\\\/es\\\/author\\\/ppdegaliciaredes\\\/\"}]}<\/script>\n<!-- \/ Yoast SEO plugin. -->","yoast_head_json":{"title":"O Parlamento galego solicita a dinamizaci\u00f3n e modernizaci\u00f3n das oficinas agrarias comarcais - PP de Galicia","robots":{"index":"index","follow":"follow","max-snippet":"max-snippet:-1","max-image-preview":"max-image-preview:large","max-video-preview":"max-video-preview:-1"},"canonical":"https:\/\/ppdegalicia.com\/es\/o-parlamento-galego-solicita-a-dinamizacion-e-modernizacion-das-oficinas-agrarias-comarcais\/","og_locale":"es_ES","og_type":"article","og_title":"O Parlamento galego solicita a dinamizaci\u00f3n e modernizaci\u00f3n das oficinas agrarias comarcais - PP de Galicia","og_description":"Santiago, 25 de marzo de 2021.- O Parlamento galego aprobou hoxe a proposici\u00f3n non de lei do Grupo Popular a trav\u00e9s da que se solicita \u00e1 Xunta o impulso e desenvolvemento do Plan de mellora da atenci\u00f3n no rural mediante a dinamizaci\u00f3n e modernizaci\u00f3n das oficinas agrarias comarcais, garantindo que mante\u00f1an as s\u00faas funci\u00f3ns de [&hellip;]","og_url":"https:\/\/ppdegalicia.com\/es\/o-parlamento-galego-solicita-a-dinamizacion-e-modernizacion-das-oficinas-agrarias-comarcais\/","og_site_name":"PP de Galicia","article_publisher":"https:\/\/www.instagram.com\/ppdegalicia\/","article_published_time":"2021-03-25T11:45:23+00:00","og_image":[{"width":1900,"height":966,"url":"https:\/\/ppdegalicia.com\/wp-content\/uploads\/2021\/03\/0de0e7d2058a27c3c15200ca0bcebb0f.jpg","type":"image\/jpeg"}],"author":"ppdegaliciaredes","twitter_card":"summary_large_image","twitter_creator":"@ppdegalicia","twitter_site":"@ppdegalicia","twitter_misc":{"Escrito por":"ppdegaliciaredes","Tiempo de lectura":"2 minutos"},"schema":{"@context":"https:\/\/schema.org","@graph":[{"@type":"Article","@id":"https:\/\/ppdegalicia.com\/es\/o-parlamento-galego-solicita-a-dinamizacion-e-modernizacion-das-oficinas-agrarias-comarcais\/#article","isPartOf":{"@id":"https:\/\/ppdegalicia.com\/es\/o-parlamento-galego-solicita-a-dinamizacion-e-modernizacion-das-oficinas-agrarias-comarcais\/"},"author":{"name":"ppdegaliciaredes","@id":"https:\/\/ppdegalicia.com\/es\/#\/schema\/person\/5b822c6f59e872ebdd1142f307dbcb59"},"headline":"O Parlamento galego solicita a dinamizaci\u00f3n e modernizaci\u00f3n das oficinas agrarias comarcais","datePublished":"2021-03-25T11:45:23+00:00","mainEntityOfPage":{"@id":"https:\/\/ppdegalicia.com\/es\/o-parlamento-galego-solicita-a-dinamizacion-e-modernizacion-das-oficinas-agrarias-comarcais\/"},"wordCount":418,"commentCount":0,"publisher":{"@id":"https:\/\/ppdegalicia.com\/es\/#organization"},"image":{"@id":"https:\/\/ppdegalicia.com\/es\/o-parlamento-galego-solicita-a-dinamizacion-e-modernizacion-das-oficinas-agrarias-comarcais\/#primaryimage"},"thumbnailUrl":"https:\/\/ppdegalicia.com\/wp-content\/uploads\/2021\/03\/0de0e7d2058a27c3c15200ca0bcebb0f.jpg","articleSection":["PP de Galicia"],"inLanguage":"es","potentialAction":[{"@type":"CommentAction","name":"Comment","target":["https:\/\/ppdegalicia.com\/es\/o-parlamento-galego-solicita-a-dinamizacion-e-modernizacion-das-oficinas-agrarias-comarcais\/#respond"]}]},{"@type":"WebPage","@id":"https:\/\/ppdegalicia.com\/es\/o-parlamento-galego-solicita-a-dinamizacion-e-modernizacion-das-oficinas-agrarias-comarcais\/","url":"https:\/\/ppdegalicia.com\/es\/o-parlamento-galego-solicita-a-dinamizacion-e-modernizacion-das-oficinas-agrarias-comarcais\/","name":"O Parlamento galego solicita a dinamizaci\u00f3n e modernizaci\u00f3n das oficinas agrarias comarcais - PP de Galicia","isPartOf":{"@id":"https:\/\/ppdegalicia.com\/es\/#website"},"primaryImageOfPage":{"@id":"https:\/\/ppdegalicia.com\/es\/o-parlamento-galego-solicita-a-dinamizacion-e-modernizacion-das-oficinas-agrarias-comarcais\/#primaryimage"},"image":{"@id":"https:\/\/ppdegalicia.com\/es\/o-parlamento-galego-solicita-a-dinamizacion-e-modernizacion-das-oficinas-agrarias-comarcais\/#primaryimage"},"thumbnailUrl":"https:\/\/ppdegalicia.com\/wp-content\/uploads\/2021\/03\/0de0e7d2058a27c3c15200ca0bcebb0f.jpg","datePublished":"2021-03-25T11:45:23+00:00","breadcrumb":{"@id":"https:\/\/ppdegalicia.com\/es\/o-parlamento-galego-solicita-a-dinamizacion-e-modernizacion-das-oficinas-agrarias-comarcais\/#breadcrumb"},"inLanguage":"es","potentialAction":[{"@type":"ReadAction","target":["https:\/\/ppdegalicia.com\/es\/o-parlamento-galego-solicita-a-dinamizacion-e-modernizacion-das-oficinas-agrarias-comarcais\/"]}]},{"@type":"ImageObject","inLanguage":"es","@id":"https:\/\/ppdegalicia.com\/es\/o-parlamento-galego-solicita-a-dinamizacion-e-modernizacion-das-oficinas-agrarias-comarcais\/#primaryimage","url":"https:\/\/ppdegalicia.com\/wp-content\/uploads\/2021\/03\/0de0e7d2058a27c3c15200ca0bcebb0f.jpg","contentUrl":"https:\/\/ppdegalicia.com\/wp-content\/uploads\/2021\/03\/0de0e7d2058a27c3c15200ca0bcebb0f.jpg","width":1900,"height":966},{"@type":"BreadcrumbList","@id":"https:\/\/ppdegalicia.com\/es\/o-parlamento-galego-solicita-a-dinamizacion-e-modernizacion-das-oficinas-agrarias-comarcais\/#breadcrumb","itemListElement":[{"@type":"ListItem","position":1,"name":"Portada","item":"https:\/\/ppdegalicia.com\/es\/"},{"@type":"ListItem","position":2,"name":"O Parlamento galego solicita a dinamizaci\u00f3n e modernizaci\u00f3n das oficinas agrarias comarcais"}]},{"@type":"WebSite","@id":"https:\/\/ppdegalicia.com\/es\/#website","url":"https:\/\/ppdegalicia.com\/es\/","name":"Partido Popular de Galicia","description":"Partido Popular de Galicia","publisher":{"@id":"https:\/\/ppdegalicia.com\/es\/#organization"},"alternateName":"PP de Galicia","potentialAction":[{"@type":"SearchAction","target":{"@type":"EntryPoint","urlTemplate":"https:\/\/ppdegalicia.com\/es\/?s={search_term_string}"},"query-input":{"@type":"PropertyValueSpecification","valueRequired":true,"valueName":"search_term_string"}}],"inLanguage":"es"},{"@type":"Organization","@id":"https:\/\/ppdegalicia.com\/es\/#organization","name":"Partido Popular de Galicia","alternateName":"PP de Galicia","url":"https:\/\/ppdegalicia.com\/es\/","logo":{"@type":"ImageObject","inLanguage":"es","@id":"https:\/\/ppdegalicia.com\/es\/#\/schema\/logo\/image\/","url":"https:\/\/ppdegalicia.com\/wp-content\/uploads\/2023\/04\/logoPP512.png","contentUrl":"https:\/\/ppdegalicia.com\/wp-content\/uploads\/2023\/04\/logoPP512.png","width":512,"height":512,"caption":"Partido Popular de Galicia"},"image":{"@id":"https:\/\/ppdegalicia.com\/es\/#\/schema\/logo\/image\/"},"sameAs":["https:\/\/www.instagram.com\/ppdegalicia\/","https:\/\/x.com\/ppdegalicia","https:\/\/www.tiktok.com\/@ppdegalicia","https:\/\/www.youtube.com\/user\/ppdegalicia"]},{"@type":"Person","@id":"https:\/\/ppdegalicia.com\/es\/#\/schema\/person\/5b822c6f59e872ebdd1142f307dbcb59","name":"ppdegaliciaredes","image":{"@type":"ImageObject","inLanguage":"es","@id":"https:\/\/secure.gravatar.com\/avatar\/3c9179cf0256d00c72a48d1f25783c58b6842cd56e85ef3a572881c8e28ccd59?s=96&d=mm&r=g","url":"https:\/\/secure.gravatar.com\/avatar\/3c9179cf0256d00c72a48d1f25783c58b6842cd56e85ef3a572881c8e28ccd59?s=96&d=mm&r=g","contentUrl":"https:\/\/secure.gravatar.com\/avatar\/3c9179cf0256d00c72a48d1f25783c58b6842cd56e85ef3a572881c8e28ccd59?s=96&d=mm&r=g","caption":"ppdegaliciaredes"},"url":"https:\/\/ppdegalicia.com\/es\/author\/ppdegaliciaredes\/"}]}},"_links":{"self":[{"href":"https:\/\/ppdegalicia.com\/es\/wp-json\/wp\/v2\/posts\/55490","targetHints":{"allow":["GET"]}}],"collection":[{"href":"https:\/\/ppdegalicia.com\/es\/wp-json\/wp\/v2\/posts"}],"about":[{"href":"https:\/\/ppdegalicia.com\/es\/wp-json\/wp\/v2\/types\/post"}],"author":[{"embeddable":true,"href":"https:\/\/ppdegalicia.com\/es\/wp-json\/wp\/v2\/users\/38"}],"replies":[{"embeddable":true,"href":"https:\/\/ppdegalicia.com\/es\/wp-json\/wp\/v2\/comments?post=55490"}],"version-history":[{"count":0,"href":"https:\/\/ppdegalicia.com\/es\/wp-json\/wp\/v2\/posts\/55490\/revisions"}],"wp:featuredmedia":[{"embeddable":true,"href":"https:\/\/ppdegalicia.com\/es\/wp-json\/wp\/v2\/media\/55489"}],"wp:attachment":[{"href":"https:\/\/ppdegalicia.com\/es\/wp-json\/wp\/v2\/media?parent=55490"}],"wp:term":[{"taxonomy":"category","embeddable":true,"href":"https:\/\/ppdegalicia.com\/es\/wp-json\/wp\/v2\/categories?post=55490"},{"taxonomy":"post_tag","embeddable":true,"href":"https:\/\/ppdegalicia.com\/es\/wp-json\/wp\/v2\/tags?post=55490"}],"curies":[{"name":"wp","href":"https:\/\/api.w.org\/{rel}","templated":true}]}}