{"id":55492,"date":"2021-03-25T13:49:25","date_gmt":"2021-03-25T11:49:25","guid":{"rendered":"https:\/\/ppdegalicia.com\/o-parlamento-galego-demanda-a-xunta-favorecer-os-investimentos-das-industrias-lacteas-en-produtos-de-maior-valor-engadido\/"},"modified":"2021-03-25T13:49:25","modified_gmt":"2021-03-25T11:49:25","slug":"o-parlamento-galego-demanda-a-xunta-favorecer-os-investimentos-das-industrias-lacteas-en-produtos-de-maior-valor-engadido","status":"publish","type":"post","link":"https:\/\/ppdegalicia.com\/es\/o-parlamento-galego-demanda-a-xunta-favorecer-os-investimentos-das-industrias-lacteas-en-produtos-de-maior-valor-engadido\/","title":{"rendered":"O Parlamento galego demanda \u00e1 Xunta favorecer os investimentos das industrias l\u00e1cteas en produtos de maior valor engadido"},"content":{"rendered":"<p><img fetchpriority=\"high\" decoding=\"async\" class=\" size-full wp-image-55491\" src=\"https:\/\/ppdegalicia.com\/wp-content\/uploads\/2021\/03\/17734790127aff714b830b1a5a4c82ec.jpg\" alt=\"\" width=\"1900\" height=\"1185\" srcset=\"https:\/\/ppdegalicia.com\/wp-content\/uploads\/2021\/03\/17734790127aff714b830b1a5a4c82ec.jpg 1900w, https:\/\/ppdegalicia.com\/wp-content\/uploads\/2021\/03\/17734790127aff714b830b1a5a4c82ec-300x187.jpg 300w, https:\/\/ppdegalicia.com\/wp-content\/uploads\/2021\/03\/17734790127aff714b830b1a5a4c82ec-1024x639.jpg 1024w, https:\/\/ppdegalicia.com\/wp-content\/uploads\/2021\/03\/17734790127aff714b830b1a5a4c82ec-768x479.jpg 768w, https:\/\/ppdegalicia.com\/wp-content\/uploads\/2021\/03\/17734790127aff714b830b1a5a4c82ec-1536x958.jpg 1536w\" sizes=\"(max-width: 1900px) 100vw, 1900px\" \/><\/p>\n<p>Santiago, 25 de marzo de 2021.- O Parlamento de Galicia aprobou hoxe a proposici\u00f3n non de lei do Grupo Popular, sen o apoio de BNG e PSdeG, a trav\u00e9s da que se insta \u00e1 Xunta a que adopte as medidas que sexan oportunas para favorecer os investimentos de industrias l\u00e1cteas en produtos de maior valor engadido. O deputado popular Daniel Vega sinalou que \u201co inxente esforzo de apoio ao sector l\u00e1cteo galego debe traducirse nun impulso \u00e1 transformaci\u00f3n en Galicia de produtos que xeren riqueza na Comunidade aut\u00f3noma\u201d.<\/p>\n<p><!--more--><\/p>\n<p>Na actualidade, Galicia conta con 135 empresas dedicadas \u00e1 industria l\u00e1ctea, aglutinando m\u00e1is de 1.000 mill\u00f3ns de euros de facturaci\u00f3n anual e empregando a case 2.000 traballadores, \u201co que demostra a potencialidade dun sector tan relevante para a Comunidade galega como \u00e9 o sector l\u00e1cteo\u201d, indicou Daniel Vega.<\/p>\n<p>\u00a0<\/p>\n<p><strong>APOSTA TRANSVERSAL E DIN\u00c1MICA<\/strong><\/p>\n<p>\u00a0<\/p>\n<p>As\u00ed mesmo, apuntou que \u201co 60 por cento do leite industrializado galego dest\u00ednase \u00e1 elaboraci\u00f3n de leite l\u00edquido, feito que, de xeito impl\u00edcito, pos\u00fae un baixo valor engadido\u201d, polo que \u201ccremos necesario unha aposta m\u00e1is transversal e din\u00e1mica que lle permita a este sector ser m\u00e1is ambicioso, asumir produci\u00f3ns m\u00e1is diversas e con maior valor engadido, que permitan incrementar a rendibilidade das explotaci\u00f3ns\u201d.<\/p>\n<p>\u00a0<\/p>\n<p>\u201c\u00c9 preciso incidir no mantemento da potencia do sector l\u00e1cteo a trav\u00e9s da industria innovadora, altamente competitiva, con vocaci\u00f3n internacional e capacidade de regulaci\u00f3n, para o que o obxectivo debe estar na superaci\u00f3n do peso espec\u00edfico tan importante que pos\u00fae a produci\u00f3n de leite galego dentro de Espa\u00f1a, e avanzar cara unha produci\u00f3n de maior valor engadido orientada a un mercado con mellores perspectivas de incremento no consumo\u201d, sinalou o deputado popular.<\/p>\n<p>\u00a0<\/p>\n<p>Daniel Vega salientou que \u201co compromiso do Goberno galego con este sector quedou patente na Estratexia de dinamizaci\u00f3n presentada, que v\u00e9n reforzar a aposta por este eido econ\u00f3mico primordial para Galicia\u201d. De feito, actualmente Galicia acolle m\u00e1is da metade das explotaci\u00f3ns l\u00e1cteas de Espa\u00f1a, producindo tanto leite como a suma das seguintes catro comunidades espa\u00f1olas con maior produci\u00f3n (Castela e Le\u00f3n, Catalu\u00f1a, Andaluc\u00eda e Asturias).<\/p>\n","protected":false},"excerpt":{"rendered":"<p>Santiago, 25 de marzo de 2021.- O Parlamento de Galicia aprobou hoxe a proposici\u00f3n non de lei do Grupo Popular, sen o apoio de BNG e PSdeG, a trav\u00e9s da que se insta \u00e1 Xunta a que adopte as medidas que sexan oportunas para favorecer os investimentos de industrias l\u00e1cteas en produtos de maior valor [&hellip;]<\/p>\n","protected":false},"author":38,"featured_media":55491,"comment_status":"open","ping_status":"open","sticky":false,"template":"","format":"standard","meta":{"_acf_changed":false,"footnotes":""},"categories":[1],"tags":[],"class_list":["post-55492","post","type-post","status-publish","format-standard","has-post-thumbnail","hentry","category-pp-de-galicia"],"acf":[],"yoast_head":"<!-- This site is optimized with the Yoast SEO plugin v27.3 - https:\/\/yoast.com\/product\/yoast-seo-wordpress\/ -->\n<title>O Parlamento galego demanda \u00e1 Xunta favorecer os investimentos das industrias l\u00e1cteas en produtos de maior valor engadido - PP de Galicia<\/title>\n<meta name=\"robots\" content=\"index, follow, max-snippet:-1, max-image-preview:large, max-video-preview:-1\" \/>\n<link rel=\"canonical\" href=\"https:\/\/ppdegalicia.com\/es\/o-parlamento-galego-demanda-a-xunta-favorecer-os-investimentos-das-industrias-lacteas-en-produtos-de-maior-valor-engadido\/\" \/>\n<meta property=\"og:locale\" content=\"es_ES\" \/>\n<meta property=\"og:type\" content=\"article\" \/>\n<meta property=\"og:title\" content=\"O Parlamento galego demanda \u00e1 Xunta favorecer os investimentos das industrias l\u00e1cteas en produtos de maior valor engadido - PP de Galicia\" \/>\n<meta property=\"og:description\" content=\"Santiago, 25 de marzo de 2021.- O Parlamento de Galicia aprobou hoxe a proposici\u00f3n non de lei do Grupo Popular, sen o apoio de BNG e PSdeG, a trav\u00e9s da que se insta \u00e1 Xunta a que adopte as medidas que sexan oportunas para favorecer os investimentos de industrias l\u00e1cteas en produtos de maior valor [&hellip;]\" \/>\n<meta property=\"og:url\" content=\"https:\/\/ppdegalicia.com\/es\/o-parlamento-galego-demanda-a-xunta-favorecer-os-investimentos-das-industrias-lacteas-en-produtos-de-maior-valor-engadido\/\" \/>\n<meta property=\"og:site_name\" content=\"PP de Galicia\" \/>\n<meta property=\"article:publisher\" content=\"https:\/\/www.instagram.com\/ppdegalicia\/\" \/>\n<meta property=\"article:published_time\" content=\"2021-03-25T11:49:25+00:00\" \/>\n<meta property=\"og:image\" content=\"https:\/\/ppdegalicia.com\/wp-content\/uploads\/2021\/03\/17734790127aff714b830b1a5a4c82ec.jpg\" \/>\n\t<meta property=\"og:image:width\" content=\"1900\" \/>\n\t<meta property=\"og:image:height\" content=\"1185\" \/>\n\t<meta property=\"og:image:type\" content=\"image\/jpeg\" \/>\n<meta name=\"author\" content=\"ppdegaliciaredes\" \/>\n<meta name=\"twitter:card\" content=\"summary_large_image\" \/>\n<meta name=\"twitter:creator\" content=\"@ppdegalicia\" \/>\n<meta name=\"twitter:site\" content=\"@ppdegalicia\" \/>\n<meta name=\"twitter:label1\" content=\"Escrito por\" \/>\n\t<meta name=\"twitter:data1\" content=\"ppdegaliciaredes\" \/>\n\t<meta name=\"twitter:label2\" content=\"Tiempo de lectura\" \/>\n\t<meta name=\"twitter:data2\" content=\"2 minutos\" \/>\n<script type=\"application\/ld+json\" class=\"yoast-schema-graph\">{\"@context\":\"https:\\\/\\\/schema.org\",\"@graph\":[{\"@type\":\"Article\",\"@id\":\"https:\\\/\\\/ppdegalicia.com\\\/es\\\/o-parlamento-galego-demanda-a-xunta-favorecer-os-investimentos-das-industrias-lacteas-en-produtos-de-maior-valor-engadido\\\/#article\",\"isPartOf\":{\"@id\":\"https:\\\/\\\/ppdegalicia.com\\\/es\\\/o-parlamento-galego-demanda-a-xunta-favorecer-os-investimentos-das-industrias-lacteas-en-produtos-de-maior-valor-engadido\\\/\"},\"author\":{\"name\":\"ppdegaliciaredes\",\"@id\":\"https:\\\/\\\/ppdegalicia.com\\\/es\\\/#\\\/schema\\\/person\\\/5b822c6f59e872ebdd1142f307dbcb59\"},\"headline\":\"O Parlamento galego demanda \u00e1 Xunta favorecer os investimentos das industrias l\u00e1cteas en produtos de maior valor engadido\",\"datePublished\":\"2021-03-25T11:49:25+00:00\",\"mainEntityOfPage\":{\"@id\":\"https:\\\/\\\/ppdegalicia.com\\\/es\\\/o-parlamento-galego-demanda-a-xunta-favorecer-os-investimentos-das-industrias-lacteas-en-produtos-de-maior-valor-engadido\\\/\"},\"wordCount\":392,\"commentCount\":0,\"publisher\":{\"@id\":\"https:\\\/\\\/ppdegalicia.com\\\/es\\\/#organization\"},\"image\":{\"@id\":\"https:\\\/\\\/ppdegalicia.com\\\/es\\\/o-parlamento-galego-demanda-a-xunta-favorecer-os-investimentos-das-industrias-lacteas-en-produtos-de-maior-valor-engadido\\\/#primaryimage\"},\"thumbnailUrl\":\"https:\\\/\\\/ppdegalicia.com\\\/wp-content\\\/uploads\\\/2021\\\/03\\\/17734790127aff714b830b1a5a4c82ec.jpg\",\"articleSection\":[\"PP de Galicia\"],\"inLanguage\":\"es\",\"potentialAction\":[{\"@type\":\"CommentAction\",\"name\":\"Comment\",\"target\":[\"https:\\\/\\\/ppdegalicia.com\\\/es\\\/o-parlamento-galego-demanda-a-xunta-favorecer-os-investimentos-das-industrias-lacteas-en-produtos-de-maior-valor-engadido\\\/#respond\"]}]},{\"@type\":\"WebPage\",\"@id\":\"https:\\\/\\\/ppdegalicia.com\\\/es\\\/o-parlamento-galego-demanda-a-xunta-favorecer-os-investimentos-das-industrias-lacteas-en-produtos-de-maior-valor-engadido\\\/\",\"url\":\"https:\\\/\\\/ppdegalicia.com\\\/es\\\/o-parlamento-galego-demanda-a-xunta-favorecer-os-investimentos-das-industrias-lacteas-en-produtos-de-maior-valor-engadido\\\/\",\"name\":\"O Parlamento galego demanda \u00e1 Xunta favorecer os investimentos das industrias l\u00e1cteas en produtos de maior valor engadido - PP de Galicia\",\"isPartOf\":{\"@id\":\"https:\\\/\\\/ppdegalicia.com\\\/es\\\/#website\"},\"primaryImageOfPage\":{\"@id\":\"https:\\\/\\\/ppdegalicia.com\\\/es\\\/o-parlamento-galego-demanda-a-xunta-favorecer-os-investimentos-das-industrias-lacteas-en-produtos-de-maior-valor-engadido\\\/#primaryimage\"},\"image\":{\"@id\":\"https:\\\/\\\/ppdegalicia.com\\\/es\\\/o-parlamento-galego-demanda-a-xunta-favorecer-os-investimentos-das-industrias-lacteas-en-produtos-de-maior-valor-engadido\\\/#primaryimage\"},\"thumbnailUrl\":\"https:\\\/\\\/ppdegalicia.com\\\/wp-content\\\/uploads\\\/2021\\\/03\\\/17734790127aff714b830b1a5a4c82ec.jpg\",\"datePublished\":\"2021-03-25T11:49:25+00:00\",\"breadcrumb\":{\"@id\":\"https:\\\/\\\/ppdegalicia.com\\\/es\\\/o-parlamento-galego-demanda-a-xunta-favorecer-os-investimentos-das-industrias-lacteas-en-produtos-de-maior-valor-engadido\\\/#breadcrumb\"},\"inLanguage\":\"es\",\"potentialAction\":[{\"@type\":\"ReadAction\",\"target\":[\"https:\\\/\\\/ppdegalicia.com\\\/es\\\/o-parlamento-galego-demanda-a-xunta-favorecer-os-investimentos-das-industrias-lacteas-en-produtos-de-maior-valor-engadido\\\/\"]}]},{\"@type\":\"ImageObject\",\"inLanguage\":\"es\",\"@id\":\"https:\\\/\\\/ppdegalicia.com\\\/es\\\/o-parlamento-galego-demanda-a-xunta-favorecer-os-investimentos-das-industrias-lacteas-en-produtos-de-maior-valor-engadido\\\/#primaryimage\",\"url\":\"https:\\\/\\\/ppdegalicia.com\\\/wp-content\\\/uploads\\\/2021\\\/03\\\/17734790127aff714b830b1a5a4c82ec.jpg\",\"contentUrl\":\"https:\\\/\\\/ppdegalicia.com\\\/wp-content\\\/uploads\\\/2021\\\/03\\\/17734790127aff714b830b1a5a4c82ec.jpg\",\"width\":1900,\"height\":1185},{\"@type\":\"BreadcrumbList\",\"@id\":\"https:\\\/\\\/ppdegalicia.com\\\/es\\\/o-parlamento-galego-demanda-a-xunta-favorecer-os-investimentos-das-industrias-lacteas-en-produtos-de-maior-valor-engadido\\\/#breadcrumb\",\"itemListElement\":[{\"@type\":\"ListItem\",\"position\":1,\"name\":\"Portada\",\"item\":\"https:\\\/\\\/ppdegalicia.com\\\/es\\\/\"},{\"@type\":\"ListItem\",\"position\":2,\"name\":\"O Parlamento galego demanda \u00e1 Xunta favorecer os investimentos das industrias l\u00e1cteas en produtos de maior valor engadido\"}]},{\"@type\":\"WebSite\",\"@id\":\"https:\\\/\\\/ppdegalicia.com\\\/es\\\/#website\",\"url\":\"https:\\\/\\\/ppdegalicia.com\\\/es\\\/\",\"name\":\"Partido Popular de Galicia\",\"description\":\"Partido Popular de Galicia\",\"publisher\":{\"@id\":\"https:\\\/\\\/ppdegalicia.com\\\/es\\\/#organization\"},\"alternateName\":\"PP de Galicia\",\"potentialAction\":[{\"@type\":\"SearchAction\",\"target\":{\"@type\":\"EntryPoint\",\"urlTemplate\":\"https:\\\/\\\/ppdegalicia.com\\\/es\\\/?s={search_term_string}\"},\"query-input\":{\"@type\":\"PropertyValueSpecification\",\"valueRequired\":true,\"valueName\":\"search_term_string\"}}],\"inLanguage\":\"es\"},{\"@type\":\"Organization\",\"@id\":\"https:\\\/\\\/ppdegalicia.com\\\/es\\\/#organization\",\"name\":\"Partido Popular de Galicia\",\"alternateName\":\"PP de Galicia\",\"url\":\"https:\\\/\\\/ppdegalicia.com\\\/es\\\/\",\"logo\":{\"@type\":\"ImageObject\",\"inLanguage\":\"es\",\"@id\":\"https:\\\/\\\/ppdegalicia.com\\\/es\\\/#\\\/schema\\\/logo\\\/image\\\/\",\"url\":\"https:\\\/\\\/ppdegalicia.com\\\/wp-content\\\/uploads\\\/2023\\\/04\\\/logoPP512.png\",\"contentUrl\":\"https:\\\/\\\/ppdegalicia.com\\\/wp-content\\\/uploads\\\/2023\\\/04\\\/logoPP512.png\",\"width\":512,\"height\":512,\"caption\":\"Partido Popular de Galicia\"},\"image\":{\"@id\":\"https:\\\/\\\/ppdegalicia.com\\\/es\\\/#\\\/schema\\\/logo\\\/image\\\/\"},\"sameAs\":[\"https:\\\/\\\/www.instagram.com\\\/ppdegalicia\\\/\",\"https:\\\/\\\/x.com\\\/ppdegalicia\",\"https:\\\/\\\/www.tiktok.com\\\/@ppdegalicia\",\"https:\\\/\\\/www.youtube.com\\\/user\\\/ppdegalicia\"]},{\"@type\":\"Person\",\"@id\":\"https:\\\/\\\/ppdegalicia.com\\\/es\\\/#\\\/schema\\\/person\\\/5b822c6f59e872ebdd1142f307dbcb59\",\"name\":\"ppdegaliciaredes\",\"image\":{\"@type\":\"ImageObject\",\"inLanguage\":\"es\",\"@id\":\"https:\\\/\\\/secure.gravatar.com\\\/avatar\\\/3c9179cf0256d00c72a48d1f25783c58b6842cd56e85ef3a572881c8e28ccd59?s=96&d=mm&r=g\",\"url\":\"https:\\\/\\\/secure.gravatar.com\\\/avatar\\\/3c9179cf0256d00c72a48d1f25783c58b6842cd56e85ef3a572881c8e28ccd59?s=96&d=mm&r=g\",\"contentUrl\":\"https:\\\/\\\/secure.gravatar.com\\\/avatar\\\/3c9179cf0256d00c72a48d1f25783c58b6842cd56e85ef3a572881c8e28ccd59?s=96&d=mm&r=g\",\"caption\":\"ppdegaliciaredes\"},\"url\":\"https:\\\/\\\/ppdegalicia.com\\\/es\\\/author\\\/ppdegaliciaredes\\\/\"}]}<\/script>\n<!-- \/ Yoast SEO plugin. -->","yoast_head_json":{"title":"O Parlamento galego demanda \u00e1 Xunta favorecer os investimentos das industrias l\u00e1cteas en produtos de maior valor engadido - PP de Galicia","robots":{"index":"index","follow":"follow","max-snippet":"max-snippet:-1","max-image-preview":"max-image-preview:large","max-video-preview":"max-video-preview:-1"},"canonical":"https:\/\/ppdegalicia.com\/es\/o-parlamento-galego-demanda-a-xunta-favorecer-os-investimentos-das-industrias-lacteas-en-produtos-de-maior-valor-engadido\/","og_locale":"es_ES","og_type":"article","og_title":"O Parlamento galego demanda \u00e1 Xunta favorecer os investimentos das industrias l\u00e1cteas en produtos de maior valor engadido - PP de Galicia","og_description":"Santiago, 25 de marzo de 2021.- O Parlamento de Galicia aprobou hoxe a proposici\u00f3n non de lei do Grupo Popular, sen o apoio de BNG e PSdeG, a trav\u00e9s da que se insta \u00e1 Xunta a que adopte as medidas que sexan oportunas para favorecer os investimentos de industrias l\u00e1cteas en produtos de maior valor [&hellip;]","og_url":"https:\/\/ppdegalicia.com\/es\/o-parlamento-galego-demanda-a-xunta-favorecer-os-investimentos-das-industrias-lacteas-en-produtos-de-maior-valor-engadido\/","og_site_name":"PP de Galicia","article_publisher":"https:\/\/www.instagram.com\/ppdegalicia\/","article_published_time":"2021-03-25T11:49:25+00:00","og_image":[{"width":1900,"height":1185,"url":"https:\/\/ppdegalicia.com\/wp-content\/uploads\/2021\/03\/17734790127aff714b830b1a5a4c82ec.jpg","type":"image\/jpeg"}],"author":"ppdegaliciaredes","twitter_card":"summary_large_image","twitter_creator":"@ppdegalicia","twitter_site":"@ppdegalicia","twitter_misc":{"Escrito por":"ppdegaliciaredes","Tiempo de lectura":"2 minutos"},"schema":{"@context":"https:\/\/schema.org","@graph":[{"@type":"Article","@id":"https:\/\/ppdegalicia.com\/es\/o-parlamento-galego-demanda-a-xunta-favorecer-os-investimentos-das-industrias-lacteas-en-produtos-de-maior-valor-engadido\/#article","isPartOf":{"@id":"https:\/\/ppdegalicia.com\/es\/o-parlamento-galego-demanda-a-xunta-favorecer-os-investimentos-das-industrias-lacteas-en-produtos-de-maior-valor-engadido\/"},"author":{"name":"ppdegaliciaredes","@id":"https:\/\/ppdegalicia.com\/es\/#\/schema\/person\/5b822c6f59e872ebdd1142f307dbcb59"},"headline":"O Parlamento galego demanda \u00e1 Xunta favorecer os investimentos das industrias l\u00e1cteas en produtos de maior valor engadido","datePublished":"2021-03-25T11:49:25+00:00","mainEntityOfPage":{"@id":"https:\/\/ppdegalicia.com\/es\/o-parlamento-galego-demanda-a-xunta-favorecer-os-investimentos-das-industrias-lacteas-en-produtos-de-maior-valor-engadido\/"},"wordCount":392,"commentCount":0,"publisher":{"@id":"https:\/\/ppdegalicia.com\/es\/#organization"},"image":{"@id":"https:\/\/ppdegalicia.com\/es\/o-parlamento-galego-demanda-a-xunta-favorecer-os-investimentos-das-industrias-lacteas-en-produtos-de-maior-valor-engadido\/#primaryimage"},"thumbnailUrl":"https:\/\/ppdegalicia.com\/wp-content\/uploads\/2021\/03\/17734790127aff714b830b1a5a4c82ec.jpg","articleSection":["PP de Galicia"],"inLanguage":"es","potentialAction":[{"@type":"CommentAction","name":"Comment","target":["https:\/\/ppdegalicia.com\/es\/o-parlamento-galego-demanda-a-xunta-favorecer-os-investimentos-das-industrias-lacteas-en-produtos-de-maior-valor-engadido\/#respond"]}]},{"@type":"WebPage","@id":"https:\/\/ppdegalicia.com\/es\/o-parlamento-galego-demanda-a-xunta-favorecer-os-investimentos-das-industrias-lacteas-en-produtos-de-maior-valor-engadido\/","url":"https:\/\/ppdegalicia.com\/es\/o-parlamento-galego-demanda-a-xunta-favorecer-os-investimentos-das-industrias-lacteas-en-produtos-de-maior-valor-engadido\/","name":"O Parlamento galego demanda \u00e1 Xunta favorecer os investimentos das industrias l\u00e1cteas en produtos de maior valor engadido - PP de Galicia","isPartOf":{"@id":"https:\/\/ppdegalicia.com\/es\/#website"},"primaryImageOfPage":{"@id":"https:\/\/ppdegalicia.com\/es\/o-parlamento-galego-demanda-a-xunta-favorecer-os-investimentos-das-industrias-lacteas-en-produtos-de-maior-valor-engadido\/#primaryimage"},"image":{"@id":"https:\/\/ppdegalicia.com\/es\/o-parlamento-galego-demanda-a-xunta-favorecer-os-investimentos-das-industrias-lacteas-en-produtos-de-maior-valor-engadido\/#primaryimage"},"thumbnailUrl":"https:\/\/ppdegalicia.com\/wp-content\/uploads\/2021\/03\/17734790127aff714b830b1a5a4c82ec.jpg","datePublished":"2021-03-25T11:49:25+00:00","breadcrumb":{"@id":"https:\/\/ppdegalicia.com\/es\/o-parlamento-galego-demanda-a-xunta-favorecer-os-investimentos-das-industrias-lacteas-en-produtos-de-maior-valor-engadido\/#breadcrumb"},"inLanguage":"es","potentialAction":[{"@type":"ReadAction","target":["https:\/\/ppdegalicia.com\/es\/o-parlamento-galego-demanda-a-xunta-favorecer-os-investimentos-das-industrias-lacteas-en-produtos-de-maior-valor-engadido\/"]}]},{"@type":"ImageObject","inLanguage":"es","@id":"https:\/\/ppdegalicia.com\/es\/o-parlamento-galego-demanda-a-xunta-favorecer-os-investimentos-das-industrias-lacteas-en-produtos-de-maior-valor-engadido\/#primaryimage","url":"https:\/\/ppdegalicia.com\/wp-content\/uploads\/2021\/03\/17734790127aff714b830b1a5a4c82ec.jpg","contentUrl":"https:\/\/ppdegalicia.com\/wp-content\/uploads\/2021\/03\/17734790127aff714b830b1a5a4c82ec.jpg","width":1900,"height":1185},{"@type":"BreadcrumbList","@id":"https:\/\/ppdegalicia.com\/es\/o-parlamento-galego-demanda-a-xunta-favorecer-os-investimentos-das-industrias-lacteas-en-produtos-de-maior-valor-engadido\/#breadcrumb","itemListElement":[{"@type":"ListItem","position":1,"name":"Portada","item":"https:\/\/ppdegalicia.com\/es\/"},{"@type":"ListItem","position":2,"name":"O Parlamento galego demanda \u00e1 Xunta favorecer os investimentos das industrias l\u00e1cteas en produtos de maior valor engadido"}]},{"@type":"WebSite","@id":"https:\/\/ppdegalicia.com\/es\/#website","url":"https:\/\/ppdegalicia.com\/es\/","name":"Partido Popular de Galicia","description":"Partido Popular de Galicia","publisher":{"@id":"https:\/\/ppdegalicia.com\/es\/#organization"},"alternateName":"PP de Galicia","potentialAction":[{"@type":"SearchAction","target":{"@type":"EntryPoint","urlTemplate":"https:\/\/ppdegalicia.com\/es\/?s={search_term_string}"},"query-input":{"@type":"PropertyValueSpecification","valueRequired":true,"valueName":"search_term_string"}}],"inLanguage":"es"},{"@type":"Organization","@id":"https:\/\/ppdegalicia.com\/es\/#organization","name":"Partido Popular de Galicia","alternateName":"PP de Galicia","url":"https:\/\/ppdegalicia.com\/es\/","logo":{"@type":"ImageObject","inLanguage":"es","@id":"https:\/\/ppdegalicia.com\/es\/#\/schema\/logo\/image\/","url":"https:\/\/ppdegalicia.com\/wp-content\/uploads\/2023\/04\/logoPP512.png","contentUrl":"https:\/\/ppdegalicia.com\/wp-content\/uploads\/2023\/04\/logoPP512.png","width":512,"height":512,"caption":"Partido Popular de Galicia"},"image":{"@id":"https:\/\/ppdegalicia.com\/es\/#\/schema\/logo\/image\/"},"sameAs":["https:\/\/www.instagram.com\/ppdegalicia\/","https:\/\/x.com\/ppdegalicia","https:\/\/www.tiktok.com\/@ppdegalicia","https:\/\/www.youtube.com\/user\/ppdegalicia"]},{"@type":"Person","@id":"https:\/\/ppdegalicia.com\/es\/#\/schema\/person\/5b822c6f59e872ebdd1142f307dbcb59","name":"ppdegaliciaredes","image":{"@type":"ImageObject","inLanguage":"es","@id":"https:\/\/secure.gravatar.com\/avatar\/3c9179cf0256d00c72a48d1f25783c58b6842cd56e85ef3a572881c8e28ccd59?s=96&d=mm&r=g","url":"https:\/\/secure.gravatar.com\/avatar\/3c9179cf0256d00c72a48d1f25783c58b6842cd56e85ef3a572881c8e28ccd59?s=96&d=mm&r=g","contentUrl":"https:\/\/secure.gravatar.com\/avatar\/3c9179cf0256d00c72a48d1f25783c58b6842cd56e85ef3a572881c8e28ccd59?s=96&d=mm&r=g","caption":"ppdegaliciaredes"},"url":"https:\/\/ppdegalicia.com\/es\/author\/ppdegaliciaredes\/"}]}},"_links":{"self":[{"href":"https:\/\/ppdegalicia.com\/es\/wp-json\/wp\/v2\/posts\/55492","targetHints":{"allow":["GET"]}}],"collection":[{"href":"https:\/\/ppdegalicia.com\/es\/wp-json\/wp\/v2\/posts"}],"about":[{"href":"https:\/\/ppdegalicia.com\/es\/wp-json\/wp\/v2\/types\/post"}],"author":[{"embeddable":true,"href":"https:\/\/ppdegalicia.com\/es\/wp-json\/wp\/v2\/users\/38"}],"replies":[{"embeddable":true,"href":"https:\/\/ppdegalicia.com\/es\/wp-json\/wp\/v2\/comments?post=55492"}],"version-history":[{"count":0,"href":"https:\/\/ppdegalicia.com\/es\/wp-json\/wp\/v2\/posts\/55492\/revisions"}],"wp:featuredmedia":[{"embeddable":true,"href":"https:\/\/ppdegalicia.com\/es\/wp-json\/wp\/v2\/media\/55491"}],"wp:attachment":[{"href":"https:\/\/ppdegalicia.com\/es\/wp-json\/wp\/v2\/media?parent=55492"}],"wp:term":[{"taxonomy":"category","embeddable":true,"href":"https:\/\/ppdegalicia.com\/es\/wp-json\/wp\/v2\/categories?post=55492"},{"taxonomy":"post_tag","embeddable":true,"href":"https:\/\/ppdegalicia.com\/es\/wp-json\/wp\/v2\/tags?post=55492"}],"curies":[{"name":"wp","href":"https:\/\/api.w.org\/{rel}","templated":true}]}}