{"id":55498,"date":"2021-03-29T08:51:33","date_gmt":"2021-03-29T06:51:33","guid":{"rendered":"https:\/\/ppdegalicia.com\/o-grupo-popular-acorda-con-investigal-favorecer-a-participacion-das-mulleres-nos-organos-de-decision-das-empresas-e-institucions\/"},"modified":"2021-03-29T08:51:33","modified_gmt":"2021-03-29T06:51:33","slug":"o-grupo-popular-acorda-con-investigal-favorecer-a-participacion-das-mulleres-nos-organos-de-decision-das-empresas-e-institucions","status":"publish","type":"post","link":"https:\/\/ppdegalicia.com\/es\/o-grupo-popular-acorda-con-investigal-favorecer-a-participacion-das-mulleres-nos-organos-de-decision-das-empresas-e-institucions\/","title":{"rendered":"O  Grupo Popular acorda con Investigal favorecer a participaci\u00f3n das mulleres nos \u00f3rganos de decisi\u00f3n das empresas e instituci\u00f3ns"},"content":{"rendered":"<p><img fetchpriority=\"high\" decoding=\"async\" class=\" size-full wp-image-55497\" src=\"https:\/\/ppdegalicia.com\/wp-content\/uploads\/2021\/03\/d79c822eef8ae5806cf2542b33aafc1e-scaled.jpg\" alt=\"\" width=\"2560\" height=\"1440\" srcset=\"https:\/\/ppdegalicia.com\/wp-content\/uploads\/2021\/03\/d79c822eef8ae5806cf2542b33aafc1e-scaled.jpg 2560w, https:\/\/ppdegalicia.com\/wp-content\/uploads\/2021\/03\/d79c822eef8ae5806cf2542b33aafc1e-300x169.jpg 300w, https:\/\/ppdegalicia.com\/wp-content\/uploads\/2021\/03\/d79c822eef8ae5806cf2542b33aafc1e-1024x576.jpg 1024w, https:\/\/ppdegalicia.com\/wp-content\/uploads\/2021\/03\/d79c822eef8ae5806cf2542b33aafc1e-768x432.jpg 768w, https:\/\/ppdegalicia.com\/wp-content\/uploads\/2021\/03\/d79c822eef8ae5806cf2542b33aafc1e-1536x864.jpg 1536w, https:\/\/ppdegalicia.com\/wp-content\/uploads\/2021\/03\/d79c822eef8ae5806cf2542b33aafc1e-2048x1152.jpg 2048w\" sizes=\"(max-width: 2560px) 100vw, 2560px\" \/><\/p>\n<p>Santiago, 27 de marzo de 2021.- As deputadas do Grupo Popular Paula Prado e Sandra V\u00e1zquez reun\u00edronse con representantes da Rede Galega pola Investigaci\u00f3n (Investigal) e acordaron introducir na proposici\u00f3n de lei que favorece a carreira profesional das mulleres na ciencia, que se est\u00e1 a tramitar no Parlamento galego, mecanismos correctores no \u00e1mbito dos recursos humanos para favorecer a participaci\u00f3n das mulleres nos \u00f3rganos de decisi\u00f3n de empresas e instituci\u00f3ns, as\u00ed como para facilitar a contrataci\u00f3n de mulleres e solventar as dificultades que sup\u00f3n suplir as baixas por maternidade.<\/p>\n<p><!--more--><\/p>\n<p>Os representantes de Investigal agradeceron o apoio do Grupo Popular a tramitaci\u00f3n no Parlamento galego da proposici\u00f3n de lei que modifica o Decreto lexislativo 2\/2015 para introducir mecanismos correctores e obxectivos nas convocatorias p\u00fablicas de I+D+i, co fin de evitar a discriminaci\u00f3n ou a penalizaci\u00f3n en caso de maternidade, paternidade ou permisos temporais por embarazo, coidado de persoas dependentes ou lactancia.<\/p>\n<p>\u00a0<\/p>\n<p>A viceportavoz popular, Paula Prado, salientou que desde Investigal \u201cconsideran positivas e un avance as modificaci\u00f3ns que ten feito a Xunta nas \u00faltimas convocatorias predoutorais e postdoutorais aplicando, por primeira vez, unha flexibilidade que duplica as posibilidades de elecci\u00f3n de calquera investigador ou investigadora, ao tempo que se rebaixan os requisitos para acceder a un contrato de formaci\u00f3n postdoutoral\u201d.<\/p>\n<p>\u00a0<\/p>\n<p><strong>PUNTUACI\u00d3N ADICIONAL<\/strong><\/p>\n<p>\u00a0<\/p>\n<p>\u201cGalicia \u00e9 a \u00fanica comunidade aut\u00f3noma espa\u00f1ola que instaurou unha puntuaci\u00f3n adicional para compensar aos candidatos que estean de baixa laboral, de xeito que se elimine calquera tipo de discriminaci\u00f3n\u201d, sinalou. Neste sentido, destacou que a Xunta \u201ctam\u00e9n estableceu, despois do confinamento con motivo da Covid-19, unha pr\u00f3rroga de seis meses, en lugar dos tres meses iniciais, para favorecer que se retomaran os proxectos investigadores\u201d.<\/p>\n<p>\u00a0<\/p>\n<p>A reuni\u00f3n das deputadas do Grupo Popular e os representantes de Investigal tam\u00e9n serviu para analizar a problem\u00e1tica espec\u00edfica das mulleres no mundo da investigaci\u00f3n en materias como a conciliaci\u00f3n, a corresponsabilidade. As\u00ed, valor\u00e1ronse os prexu\u00edzos existentes pola falta de mecanismos correctores que impidan que os permisos de maternidade ou as baixas durante o embarazo polo uso de teratox\u00e9nicos na s\u00faa carreira profesional, \u201co que sup\u00f3n unha clara perda de competitividade das mulleres no \u00e1mbito acad\u00e9mico e investigador\u201d, sinalou Paula Prado.<\/p>\n","protected":false},"excerpt":{"rendered":"<p>Santiago, 27 de marzo de 2021.- As deputadas do Grupo Popular Paula Prado e Sandra V\u00e1zquez reun\u00edronse con representantes da Rede Galega pola Investigaci\u00f3n (Investigal) e acordaron introducir na proposici\u00f3n de lei que favorece a carreira profesional das mulleres na ciencia, que se est\u00e1 a tramitar no Parlamento galego, mecanismos correctores no \u00e1mbito dos recursos [&hellip;]<\/p>\n","protected":false},"author":38,"featured_media":55497,"comment_status":"open","ping_status":"open","sticky":false,"template":"","format":"standard","meta":{"_acf_changed":false,"footnotes":""},"categories":[1],"tags":[],"class_list":["post-55498","post","type-post","status-publish","format-standard","has-post-thumbnail","hentry","category-pp-de-galicia"],"acf":[],"yoast_head":"<!-- This site is optimized with the Yoast SEO plugin v27.3 - https:\/\/yoast.com\/product\/yoast-seo-wordpress\/ -->\n<title>O Grupo Popular acorda con Investigal favorecer a participaci\u00f3n das mulleres nos \u00f3rganos de decisi\u00f3n das empresas e instituci\u00f3ns - PP de Galicia<\/title>\n<meta name=\"robots\" content=\"index, follow, max-snippet:-1, max-image-preview:large, max-video-preview:-1\" \/>\n<link rel=\"canonical\" href=\"https:\/\/ppdegalicia.com\/es\/o-grupo-popular-acorda-con-investigal-favorecer-a-participacion-das-mulleres-nos-organos-de-decision-das-empresas-e-institucions\/\" \/>\n<meta property=\"og:locale\" content=\"es_ES\" \/>\n<meta property=\"og:type\" content=\"article\" \/>\n<meta property=\"og:title\" content=\"O Grupo Popular acorda con Investigal favorecer a participaci\u00f3n das mulleres nos \u00f3rganos de decisi\u00f3n das empresas e instituci\u00f3ns - PP de Galicia\" \/>\n<meta property=\"og:description\" content=\"Santiago, 27 de marzo de 2021.- As deputadas do Grupo Popular Paula Prado e Sandra V\u00e1zquez reun\u00edronse con representantes da Rede Galega pola Investigaci\u00f3n (Investigal) e acordaron introducir na proposici\u00f3n de lei que favorece a carreira profesional das mulleres na ciencia, que se est\u00e1 a tramitar no Parlamento galego, mecanismos correctores no \u00e1mbito dos recursos [&hellip;]\" \/>\n<meta property=\"og:url\" content=\"https:\/\/ppdegalicia.com\/es\/o-grupo-popular-acorda-con-investigal-favorecer-a-participacion-das-mulleres-nos-organos-de-decision-das-empresas-e-institucions\/\" \/>\n<meta property=\"og:site_name\" content=\"PP de Galicia\" \/>\n<meta property=\"article:publisher\" content=\"https:\/\/www.instagram.com\/ppdegalicia\/\" \/>\n<meta property=\"article:published_time\" content=\"2021-03-29T06:51:33+00:00\" \/>\n<meta property=\"og:image\" content=\"https:\/\/ppdegalicia.com\/wp-content\/uploads\/2021\/03\/d79c822eef8ae5806cf2542b33aafc1e-scaled.jpg\" \/>\n\t<meta property=\"og:image:width\" content=\"2560\" \/>\n\t<meta property=\"og:image:height\" content=\"1440\" \/>\n\t<meta property=\"og:image:type\" content=\"image\/jpeg\" \/>\n<meta name=\"author\" content=\"ppdegaliciaredes\" \/>\n<meta name=\"twitter:card\" content=\"summary_large_image\" \/>\n<meta name=\"twitter:creator\" content=\"@ppdegalicia\" \/>\n<meta name=\"twitter:site\" content=\"@ppdegalicia\" \/>\n<meta name=\"twitter:label1\" content=\"Escrito por\" \/>\n\t<meta name=\"twitter:data1\" content=\"ppdegaliciaredes\" \/>\n\t<meta name=\"twitter:label2\" content=\"Tiempo de lectura\" \/>\n\t<meta name=\"twitter:data2\" content=\"2 minutos\" \/>\n<script type=\"application\/ld+json\" class=\"yoast-schema-graph\">{\"@context\":\"https:\\\/\\\/schema.org\",\"@graph\":[{\"@type\":\"Article\",\"@id\":\"https:\\\/\\\/ppdegalicia.com\\\/es\\\/o-grupo-popular-acorda-con-investigal-favorecer-a-participacion-das-mulleres-nos-organos-de-decision-das-empresas-e-institucions\\\/#article\",\"isPartOf\":{\"@id\":\"https:\\\/\\\/ppdegalicia.com\\\/es\\\/o-grupo-popular-acorda-con-investigal-favorecer-a-participacion-das-mulleres-nos-organos-de-decision-das-empresas-e-institucions\\\/\"},\"author\":{\"name\":\"ppdegaliciaredes\",\"@id\":\"https:\\\/\\\/ppdegalicia.com\\\/es\\\/#\\\/schema\\\/person\\\/5b822c6f59e872ebdd1142f307dbcb59\"},\"headline\":\"O Grupo Popular acorda con Investigal favorecer a participaci\u00f3n das mulleres nos \u00f3rganos de decisi\u00f3n das empresas e instituci\u00f3ns\",\"datePublished\":\"2021-03-29T06:51:33+00:00\",\"mainEntityOfPage\":{\"@id\":\"https:\\\/\\\/ppdegalicia.com\\\/es\\\/o-grupo-popular-acorda-con-investigal-favorecer-a-participacion-das-mulleres-nos-organos-de-decision-das-empresas-e-institucions\\\/\"},\"wordCount\":414,\"commentCount\":0,\"publisher\":{\"@id\":\"https:\\\/\\\/ppdegalicia.com\\\/es\\\/#organization\"},\"image\":{\"@id\":\"https:\\\/\\\/ppdegalicia.com\\\/es\\\/o-grupo-popular-acorda-con-investigal-favorecer-a-participacion-das-mulleres-nos-organos-de-decision-das-empresas-e-institucions\\\/#primaryimage\"},\"thumbnailUrl\":\"https:\\\/\\\/ppdegalicia.com\\\/wp-content\\\/uploads\\\/2021\\\/03\\\/d79c822eef8ae5806cf2542b33aafc1e-scaled.jpg\",\"articleSection\":[\"PP de Galicia\"],\"inLanguage\":\"es\",\"potentialAction\":[{\"@type\":\"CommentAction\",\"name\":\"Comment\",\"target\":[\"https:\\\/\\\/ppdegalicia.com\\\/es\\\/o-grupo-popular-acorda-con-investigal-favorecer-a-participacion-das-mulleres-nos-organos-de-decision-das-empresas-e-institucions\\\/#respond\"]}]},{\"@type\":\"WebPage\",\"@id\":\"https:\\\/\\\/ppdegalicia.com\\\/es\\\/o-grupo-popular-acorda-con-investigal-favorecer-a-participacion-das-mulleres-nos-organos-de-decision-das-empresas-e-institucions\\\/\",\"url\":\"https:\\\/\\\/ppdegalicia.com\\\/es\\\/o-grupo-popular-acorda-con-investigal-favorecer-a-participacion-das-mulleres-nos-organos-de-decision-das-empresas-e-institucions\\\/\",\"name\":\"O Grupo Popular acorda con Investigal favorecer a participaci\u00f3n das mulleres nos \u00f3rganos de decisi\u00f3n das empresas e instituci\u00f3ns - PP de Galicia\",\"isPartOf\":{\"@id\":\"https:\\\/\\\/ppdegalicia.com\\\/es\\\/#website\"},\"primaryImageOfPage\":{\"@id\":\"https:\\\/\\\/ppdegalicia.com\\\/es\\\/o-grupo-popular-acorda-con-investigal-favorecer-a-participacion-das-mulleres-nos-organos-de-decision-das-empresas-e-institucions\\\/#primaryimage\"},\"image\":{\"@id\":\"https:\\\/\\\/ppdegalicia.com\\\/es\\\/o-grupo-popular-acorda-con-investigal-favorecer-a-participacion-das-mulleres-nos-organos-de-decision-das-empresas-e-institucions\\\/#primaryimage\"},\"thumbnailUrl\":\"https:\\\/\\\/ppdegalicia.com\\\/wp-content\\\/uploads\\\/2021\\\/03\\\/d79c822eef8ae5806cf2542b33aafc1e-scaled.jpg\",\"datePublished\":\"2021-03-29T06:51:33+00:00\",\"breadcrumb\":{\"@id\":\"https:\\\/\\\/ppdegalicia.com\\\/es\\\/o-grupo-popular-acorda-con-investigal-favorecer-a-participacion-das-mulleres-nos-organos-de-decision-das-empresas-e-institucions\\\/#breadcrumb\"},\"inLanguage\":\"es\",\"potentialAction\":[{\"@type\":\"ReadAction\",\"target\":[\"https:\\\/\\\/ppdegalicia.com\\\/es\\\/o-grupo-popular-acorda-con-investigal-favorecer-a-participacion-das-mulleres-nos-organos-de-decision-das-empresas-e-institucions\\\/\"]}]},{\"@type\":\"ImageObject\",\"inLanguage\":\"es\",\"@id\":\"https:\\\/\\\/ppdegalicia.com\\\/es\\\/o-grupo-popular-acorda-con-investigal-favorecer-a-participacion-das-mulleres-nos-organos-de-decision-das-empresas-e-institucions\\\/#primaryimage\",\"url\":\"https:\\\/\\\/ppdegalicia.com\\\/wp-content\\\/uploads\\\/2021\\\/03\\\/d79c822eef8ae5806cf2542b33aafc1e-scaled.jpg\",\"contentUrl\":\"https:\\\/\\\/ppdegalicia.com\\\/wp-content\\\/uploads\\\/2021\\\/03\\\/d79c822eef8ae5806cf2542b33aafc1e-scaled.jpg\",\"width\":2560,\"height\":1440},{\"@type\":\"BreadcrumbList\",\"@id\":\"https:\\\/\\\/ppdegalicia.com\\\/es\\\/o-grupo-popular-acorda-con-investigal-favorecer-a-participacion-das-mulleres-nos-organos-de-decision-das-empresas-e-institucions\\\/#breadcrumb\",\"itemListElement\":[{\"@type\":\"ListItem\",\"position\":1,\"name\":\"Portada\",\"item\":\"https:\\\/\\\/ppdegalicia.com\\\/es\\\/\"},{\"@type\":\"ListItem\",\"position\":2,\"name\":\"O Grupo Popular acorda con Investigal favorecer a participaci\u00f3n das mulleres nos \u00f3rganos de decisi\u00f3n das empresas e instituci\u00f3ns\"}]},{\"@type\":\"WebSite\",\"@id\":\"https:\\\/\\\/ppdegalicia.com\\\/es\\\/#website\",\"url\":\"https:\\\/\\\/ppdegalicia.com\\\/es\\\/\",\"name\":\"Partido Popular de Galicia\",\"description\":\"Partido Popular de Galicia\",\"publisher\":{\"@id\":\"https:\\\/\\\/ppdegalicia.com\\\/es\\\/#organization\"},\"alternateName\":\"PP de Galicia\",\"potentialAction\":[{\"@type\":\"SearchAction\",\"target\":{\"@type\":\"EntryPoint\",\"urlTemplate\":\"https:\\\/\\\/ppdegalicia.com\\\/es\\\/?s={search_term_string}\"},\"query-input\":{\"@type\":\"PropertyValueSpecification\",\"valueRequired\":true,\"valueName\":\"search_term_string\"}}],\"inLanguage\":\"es\"},{\"@type\":\"Organization\",\"@id\":\"https:\\\/\\\/ppdegalicia.com\\\/es\\\/#organization\",\"name\":\"Partido Popular de Galicia\",\"alternateName\":\"PP de Galicia\",\"url\":\"https:\\\/\\\/ppdegalicia.com\\\/es\\\/\",\"logo\":{\"@type\":\"ImageObject\",\"inLanguage\":\"es\",\"@id\":\"https:\\\/\\\/ppdegalicia.com\\\/es\\\/#\\\/schema\\\/logo\\\/image\\\/\",\"url\":\"https:\\\/\\\/ppdegalicia.com\\\/wp-content\\\/uploads\\\/2023\\\/04\\\/logoPP512.png\",\"contentUrl\":\"https:\\\/\\\/ppdegalicia.com\\\/wp-content\\\/uploads\\\/2023\\\/04\\\/logoPP512.png\",\"width\":512,\"height\":512,\"caption\":\"Partido Popular de Galicia\"},\"image\":{\"@id\":\"https:\\\/\\\/ppdegalicia.com\\\/es\\\/#\\\/schema\\\/logo\\\/image\\\/\"},\"sameAs\":[\"https:\\\/\\\/www.instagram.com\\\/ppdegalicia\\\/\",\"https:\\\/\\\/x.com\\\/ppdegalicia\",\"https:\\\/\\\/www.tiktok.com\\\/@ppdegalicia\",\"https:\\\/\\\/www.youtube.com\\\/user\\\/ppdegalicia\"]},{\"@type\":\"Person\",\"@id\":\"https:\\\/\\\/ppdegalicia.com\\\/es\\\/#\\\/schema\\\/person\\\/5b822c6f59e872ebdd1142f307dbcb59\",\"name\":\"ppdegaliciaredes\",\"image\":{\"@type\":\"ImageObject\",\"inLanguage\":\"es\",\"@id\":\"https:\\\/\\\/secure.gravatar.com\\\/avatar\\\/3c9179cf0256d00c72a48d1f25783c58b6842cd56e85ef3a572881c8e28ccd59?s=96&d=mm&r=g\",\"url\":\"https:\\\/\\\/secure.gravatar.com\\\/avatar\\\/3c9179cf0256d00c72a48d1f25783c58b6842cd56e85ef3a572881c8e28ccd59?s=96&d=mm&r=g\",\"contentUrl\":\"https:\\\/\\\/secure.gravatar.com\\\/avatar\\\/3c9179cf0256d00c72a48d1f25783c58b6842cd56e85ef3a572881c8e28ccd59?s=96&d=mm&r=g\",\"caption\":\"ppdegaliciaredes\"},\"url\":\"https:\\\/\\\/ppdegalicia.com\\\/es\\\/author\\\/ppdegaliciaredes\\\/\"}]}<\/script>\n<!-- \/ Yoast SEO plugin. -->","yoast_head_json":{"title":"O Grupo Popular acorda con Investigal favorecer a participaci\u00f3n das mulleres nos \u00f3rganos de decisi\u00f3n das empresas e instituci\u00f3ns - PP de Galicia","robots":{"index":"index","follow":"follow","max-snippet":"max-snippet:-1","max-image-preview":"max-image-preview:large","max-video-preview":"max-video-preview:-1"},"canonical":"https:\/\/ppdegalicia.com\/es\/o-grupo-popular-acorda-con-investigal-favorecer-a-participacion-das-mulleres-nos-organos-de-decision-das-empresas-e-institucions\/","og_locale":"es_ES","og_type":"article","og_title":"O Grupo Popular acorda con Investigal favorecer a participaci\u00f3n das mulleres nos \u00f3rganos de decisi\u00f3n das empresas e instituci\u00f3ns - PP de Galicia","og_description":"Santiago, 27 de marzo de 2021.- As deputadas do Grupo Popular Paula Prado e Sandra V\u00e1zquez reun\u00edronse con representantes da Rede Galega pola Investigaci\u00f3n (Investigal) e acordaron introducir na proposici\u00f3n de lei que favorece a carreira profesional das mulleres na ciencia, que se est\u00e1 a tramitar no Parlamento galego, mecanismos correctores no \u00e1mbito dos recursos [&hellip;]","og_url":"https:\/\/ppdegalicia.com\/es\/o-grupo-popular-acorda-con-investigal-favorecer-a-participacion-das-mulleres-nos-organos-de-decision-das-empresas-e-institucions\/","og_site_name":"PP de Galicia","article_publisher":"https:\/\/www.instagram.com\/ppdegalicia\/","article_published_time":"2021-03-29T06:51:33+00:00","og_image":[{"width":2560,"height":1440,"url":"https:\/\/ppdegalicia.com\/wp-content\/uploads\/2021\/03\/d79c822eef8ae5806cf2542b33aafc1e-scaled.jpg","type":"image\/jpeg"}],"author":"ppdegaliciaredes","twitter_card":"summary_large_image","twitter_creator":"@ppdegalicia","twitter_site":"@ppdegalicia","twitter_misc":{"Escrito por":"ppdegaliciaredes","Tiempo de lectura":"2 minutos"},"schema":{"@context":"https:\/\/schema.org","@graph":[{"@type":"Article","@id":"https:\/\/ppdegalicia.com\/es\/o-grupo-popular-acorda-con-investigal-favorecer-a-participacion-das-mulleres-nos-organos-de-decision-das-empresas-e-institucions\/#article","isPartOf":{"@id":"https:\/\/ppdegalicia.com\/es\/o-grupo-popular-acorda-con-investigal-favorecer-a-participacion-das-mulleres-nos-organos-de-decision-das-empresas-e-institucions\/"},"author":{"name":"ppdegaliciaredes","@id":"https:\/\/ppdegalicia.com\/es\/#\/schema\/person\/5b822c6f59e872ebdd1142f307dbcb59"},"headline":"O Grupo Popular acorda con Investigal favorecer a participaci\u00f3n das mulleres nos \u00f3rganos de decisi\u00f3n das empresas e instituci\u00f3ns","datePublished":"2021-03-29T06:51:33+00:00","mainEntityOfPage":{"@id":"https:\/\/ppdegalicia.com\/es\/o-grupo-popular-acorda-con-investigal-favorecer-a-participacion-das-mulleres-nos-organos-de-decision-das-empresas-e-institucions\/"},"wordCount":414,"commentCount":0,"publisher":{"@id":"https:\/\/ppdegalicia.com\/es\/#organization"},"image":{"@id":"https:\/\/ppdegalicia.com\/es\/o-grupo-popular-acorda-con-investigal-favorecer-a-participacion-das-mulleres-nos-organos-de-decision-das-empresas-e-institucions\/#primaryimage"},"thumbnailUrl":"https:\/\/ppdegalicia.com\/wp-content\/uploads\/2021\/03\/d79c822eef8ae5806cf2542b33aafc1e-scaled.jpg","articleSection":["PP de Galicia"],"inLanguage":"es","potentialAction":[{"@type":"CommentAction","name":"Comment","target":["https:\/\/ppdegalicia.com\/es\/o-grupo-popular-acorda-con-investigal-favorecer-a-participacion-das-mulleres-nos-organos-de-decision-das-empresas-e-institucions\/#respond"]}]},{"@type":"WebPage","@id":"https:\/\/ppdegalicia.com\/es\/o-grupo-popular-acorda-con-investigal-favorecer-a-participacion-das-mulleres-nos-organos-de-decision-das-empresas-e-institucions\/","url":"https:\/\/ppdegalicia.com\/es\/o-grupo-popular-acorda-con-investigal-favorecer-a-participacion-das-mulleres-nos-organos-de-decision-das-empresas-e-institucions\/","name":"O Grupo Popular acorda con Investigal favorecer a participaci\u00f3n das mulleres nos \u00f3rganos de decisi\u00f3n das empresas e instituci\u00f3ns - PP de Galicia","isPartOf":{"@id":"https:\/\/ppdegalicia.com\/es\/#website"},"primaryImageOfPage":{"@id":"https:\/\/ppdegalicia.com\/es\/o-grupo-popular-acorda-con-investigal-favorecer-a-participacion-das-mulleres-nos-organos-de-decision-das-empresas-e-institucions\/#primaryimage"},"image":{"@id":"https:\/\/ppdegalicia.com\/es\/o-grupo-popular-acorda-con-investigal-favorecer-a-participacion-das-mulleres-nos-organos-de-decision-das-empresas-e-institucions\/#primaryimage"},"thumbnailUrl":"https:\/\/ppdegalicia.com\/wp-content\/uploads\/2021\/03\/d79c822eef8ae5806cf2542b33aafc1e-scaled.jpg","datePublished":"2021-03-29T06:51:33+00:00","breadcrumb":{"@id":"https:\/\/ppdegalicia.com\/es\/o-grupo-popular-acorda-con-investigal-favorecer-a-participacion-das-mulleres-nos-organos-de-decision-das-empresas-e-institucions\/#breadcrumb"},"inLanguage":"es","potentialAction":[{"@type":"ReadAction","target":["https:\/\/ppdegalicia.com\/es\/o-grupo-popular-acorda-con-investigal-favorecer-a-participacion-das-mulleres-nos-organos-de-decision-das-empresas-e-institucions\/"]}]},{"@type":"ImageObject","inLanguage":"es","@id":"https:\/\/ppdegalicia.com\/es\/o-grupo-popular-acorda-con-investigal-favorecer-a-participacion-das-mulleres-nos-organos-de-decision-das-empresas-e-institucions\/#primaryimage","url":"https:\/\/ppdegalicia.com\/wp-content\/uploads\/2021\/03\/d79c822eef8ae5806cf2542b33aafc1e-scaled.jpg","contentUrl":"https:\/\/ppdegalicia.com\/wp-content\/uploads\/2021\/03\/d79c822eef8ae5806cf2542b33aafc1e-scaled.jpg","width":2560,"height":1440},{"@type":"BreadcrumbList","@id":"https:\/\/ppdegalicia.com\/es\/o-grupo-popular-acorda-con-investigal-favorecer-a-participacion-das-mulleres-nos-organos-de-decision-das-empresas-e-institucions\/#breadcrumb","itemListElement":[{"@type":"ListItem","position":1,"name":"Portada","item":"https:\/\/ppdegalicia.com\/es\/"},{"@type":"ListItem","position":2,"name":"O Grupo Popular acorda con Investigal favorecer a participaci\u00f3n das mulleres nos \u00f3rganos de decisi\u00f3n das empresas e instituci\u00f3ns"}]},{"@type":"WebSite","@id":"https:\/\/ppdegalicia.com\/es\/#website","url":"https:\/\/ppdegalicia.com\/es\/","name":"Partido Popular de Galicia","description":"Partido Popular de Galicia","publisher":{"@id":"https:\/\/ppdegalicia.com\/es\/#organization"},"alternateName":"PP de Galicia","potentialAction":[{"@type":"SearchAction","target":{"@type":"EntryPoint","urlTemplate":"https:\/\/ppdegalicia.com\/es\/?s={search_term_string}"},"query-input":{"@type":"PropertyValueSpecification","valueRequired":true,"valueName":"search_term_string"}}],"inLanguage":"es"},{"@type":"Organization","@id":"https:\/\/ppdegalicia.com\/es\/#organization","name":"Partido Popular de Galicia","alternateName":"PP de Galicia","url":"https:\/\/ppdegalicia.com\/es\/","logo":{"@type":"ImageObject","inLanguage":"es","@id":"https:\/\/ppdegalicia.com\/es\/#\/schema\/logo\/image\/","url":"https:\/\/ppdegalicia.com\/wp-content\/uploads\/2023\/04\/logoPP512.png","contentUrl":"https:\/\/ppdegalicia.com\/wp-content\/uploads\/2023\/04\/logoPP512.png","width":512,"height":512,"caption":"Partido Popular de Galicia"},"image":{"@id":"https:\/\/ppdegalicia.com\/es\/#\/schema\/logo\/image\/"},"sameAs":["https:\/\/www.instagram.com\/ppdegalicia\/","https:\/\/x.com\/ppdegalicia","https:\/\/www.tiktok.com\/@ppdegalicia","https:\/\/www.youtube.com\/user\/ppdegalicia"]},{"@type":"Person","@id":"https:\/\/ppdegalicia.com\/es\/#\/schema\/person\/5b822c6f59e872ebdd1142f307dbcb59","name":"ppdegaliciaredes","image":{"@type":"ImageObject","inLanguage":"es","@id":"https:\/\/secure.gravatar.com\/avatar\/3c9179cf0256d00c72a48d1f25783c58b6842cd56e85ef3a572881c8e28ccd59?s=96&d=mm&r=g","url":"https:\/\/secure.gravatar.com\/avatar\/3c9179cf0256d00c72a48d1f25783c58b6842cd56e85ef3a572881c8e28ccd59?s=96&d=mm&r=g","contentUrl":"https:\/\/secure.gravatar.com\/avatar\/3c9179cf0256d00c72a48d1f25783c58b6842cd56e85ef3a572881c8e28ccd59?s=96&d=mm&r=g","caption":"ppdegaliciaredes"},"url":"https:\/\/ppdegalicia.com\/es\/author\/ppdegaliciaredes\/"}]}},"_links":{"self":[{"href":"https:\/\/ppdegalicia.com\/es\/wp-json\/wp\/v2\/posts\/55498","targetHints":{"allow":["GET"]}}],"collection":[{"href":"https:\/\/ppdegalicia.com\/es\/wp-json\/wp\/v2\/posts"}],"about":[{"href":"https:\/\/ppdegalicia.com\/es\/wp-json\/wp\/v2\/types\/post"}],"author":[{"embeddable":true,"href":"https:\/\/ppdegalicia.com\/es\/wp-json\/wp\/v2\/users\/38"}],"replies":[{"embeddable":true,"href":"https:\/\/ppdegalicia.com\/es\/wp-json\/wp\/v2\/comments?post=55498"}],"version-history":[{"count":0,"href":"https:\/\/ppdegalicia.com\/es\/wp-json\/wp\/v2\/posts\/55498\/revisions"}],"wp:featuredmedia":[{"embeddable":true,"href":"https:\/\/ppdegalicia.com\/es\/wp-json\/wp\/v2\/media\/55497"}],"wp:attachment":[{"href":"https:\/\/ppdegalicia.com\/es\/wp-json\/wp\/v2\/media?parent=55498"}],"wp:term":[{"taxonomy":"category","embeddable":true,"href":"https:\/\/ppdegalicia.com\/es\/wp-json\/wp\/v2\/categories?post=55498"},{"taxonomy":"post_tag","embeddable":true,"href":"https:\/\/ppdegalicia.com\/es\/wp-json\/wp\/v2\/tags?post=55498"}],"curies":[{"name":"wp","href":"https:\/\/api.w.org\/{rel}","templated":true}]}}