{"id":55500,"date":"2021-03-29T12:40:10","date_gmt":"2021-03-29T10:40:10","guid":{"rendered":"https:\/\/ppdegalicia.com\/o-ppdeg-demanda-ao-goberno-central-que-modifique-o-reparto-das-axudas-para-autonomos-e-empresas-para-que-galicia-reciba-110-millons-mais\/"},"modified":"2021-03-29T12:40:10","modified_gmt":"2021-03-29T10:40:10","slug":"o-ppdeg-demanda-ao-goberno-central-que-modifique-o-reparto-das-axudas-para-autonomos-e-empresas-para-que-galicia-reciba-110-millons-mais","status":"publish","type":"post","link":"https:\/\/ppdegalicia.com\/es\/o-ppdeg-demanda-ao-goberno-central-que-modifique-o-reparto-das-axudas-para-autonomos-e-empresas-para-que-galicia-reciba-110-millons-mais\/","title":{"rendered":"O PPdeG demanda ao Goberno central que modifique o reparto das axudas para aut\u00f3nomos e empresas para que Galicia reciba 110 mill\u00f3ns m\u00e1is"},"content":{"rendered":"<p><img fetchpriority=\"high\" decoding=\"async\" class=\" size-full wp-image-55499\" src=\"https:\/\/ppdegalicia.com\/wp-content\/uploads\/2021\/03\/db1fdc6240f18ab5817662ddd58aeedd.jpg\" alt=\"\" width=\"1900\" height=\"1225\" srcset=\"https:\/\/ppdegalicia.com\/wp-content\/uploads\/2021\/03\/db1fdc6240f18ab5817662ddd58aeedd.jpg 1900w, https:\/\/ppdegalicia.com\/wp-content\/uploads\/2021\/03\/db1fdc6240f18ab5817662ddd58aeedd-300x193.jpg 300w, https:\/\/ppdegalicia.com\/wp-content\/uploads\/2021\/03\/db1fdc6240f18ab5817662ddd58aeedd-1024x660.jpg 1024w, https:\/\/ppdegalicia.com\/wp-content\/uploads\/2021\/03\/db1fdc6240f18ab5817662ddd58aeedd-768x495.jpg 768w, https:\/\/ppdegalicia.com\/wp-content\/uploads\/2021\/03\/db1fdc6240f18ab5817662ddd58aeedd-1536x990.jpg 1536w\" sizes=\"(max-width: 1900px) 100vw, 1900px\" \/><\/p>\n<p>Santiago, 29 de marzo de 2021.- O portavoz do Grupo Popular, Pedro Puy, lamentou hoxe que o novo reparto de fondos do Goberno de Espa\u00f1a para aut\u00f3nomos e empresas \u201cvolva ser negativo e prexudicial para Galicia\u201d, xa que percibir\u00e1 234 mill\u00f3ns de euros, menos dun 4 por cento dos 7.000 mill\u00f3ns de euros.<\/p>\n<p><!--more--><\/p>\n<p>Diante desta situaci\u00f3n, o Grupo Popular demandar\u00e1 que o Goberno central a m\u00e1xima urxencia na tramitaci\u00f3n e sinatura do convenio coa Xunta para a transferencia destes fondos, de xeito que se axilice a s\u00faa distribuci\u00f3n; as\u00ed como a modificaci\u00f3n dos criterios de reparto, para que Galicia reciba un m\u00ednimo de 340 mill\u00f3ns de euros.<\/p>\n<p>\u00a0<\/p>\n<blockquote class=\"twitter-tweet\">\n<p dir=\"ltr\" lang=\"es\">?\ufe0fO reparto de axudas do Goberno central para aut\u00f3nomos e empresas representan un novo ataque e discriminaci\u00f3n a Galicia, o <a href=\"https:\/\/twitter.com\/ppdegalicia?ref_src=twsrc%5Etfw\">@ppdegalicia<\/a> presenta unha iniciativa para modificar os criterios de reparto e non penalicen a nosa CCAA e axilizar a s\u00faa distribuci\u00f3n <a href=\"https:\/\/t.co\/vbMGSZ6kPr\">pic.twitter.com\/vbMGSZ6kPr<\/a><\/p>\n<p>\u2014 GrupoPopularGalicia (@GrupoPopularGal) <a href=\"https:\/\/twitter.com\/GrupoPopularGal\/status\/1376501999789834245?ref_src=twsrc%5Etfw\">March 29, 2021<\/a><\/p><\/blockquote>\n<p>Pedro Puy sinalou que \u201cdesco\u00f1ecemos os criterios que aplicou o Goberno de Pedro S\u00e1nchez para facer este reparto, que non coinciden cos establecidos pola Uni\u00f3n Europea para o reparto dos fondos, no que se di que sempre se debe ter en conta a capacidade de recuperaci\u00f3n en base a situaci\u00f3n previa \u00e1 pandemia, \u00e9 dicir, cunha compo\u00f1ente redistributiva para as comunidades que te\u00f1an unha renda per c\u00e1pita inferior\u201d.<\/p>\n<p>\u00a0<\/p>\n<p><strong>GALICIA, A QUE MENOS AXUDAS POR HABITANTE<\/strong><\/p>\n<p>\u00a0<\/p>\n<p>Deste xeito, manifestou que \u201cse en realidade se tivera en conta o n\u00famero de aut\u00f3nomos existentes, a Galicia corresponder\u00edanlle un 7 por cento dos fondos, \u00e9 dicir, 110 mill\u00f3ns de euros m\u00e1is\u201d. As\u00ed mesmo, indicou que Galicia \u00e9 a comunidade que menos axudas recibir\u00e1 por habitante, practicamente a metade que a media.<\/p>\n<p>\u00a0<\/p>\n<p>\u201cOs criterios son decepcionantes para Galicia, co agravante dunha falta total de di\u00e1logo do Goberno central coas comunidades aut\u00f3nomas, que te\u00f1en solicitado en m\u00e1is dunha ocasi\u00f3n a convocatoria dunha reuni\u00f3n do Consello de Pol\u00edtica Fiscal e Financeira para debater o reparto destes fondos de axuda\u201d, sinalou.<\/p>\n<p>\u00a0<\/p>\n<p>O portavoz popular apuntou, ademais, que este reparto \u201cademais de ser dunha complexa xesti\u00f3n, ten eivas, como o l\u00edmite que se pon aos aut\u00f3nomos por m\u00f3dulos, que non poden percibir m\u00e1is de 3.000 euros con independencia de se te\u00f1en ou non empregados ao seu cargo\u201d.<\/p>\n<p>\u00a0<\/p>\n<p><strong>AMPLIAR AS ACTIVIDADES ECON\u00d3MICAS BENEFICIADAS<\/strong><\/p>\n<p>\u00a0<\/p>\n<p>Diante desta situaci\u00f3n, Puy informou que o Grupo Popular rexistrou unha proposici\u00f3n non de lei no Parlamento galego a trav\u00e9s da que se pide ao Goberno central a m\u00e1xima urxencia na tramitaci\u00f3n e sinatura do convenio coa Xunta para a transferencia destes fondos, de xeito que se axilice a s\u00faa distribuci\u00f3n.<\/p>\n<p>\u00a0<\/p>\n<p>As\u00ed mesmo, p\u00eddese que a modificaci\u00f3n dos criterios de reparto destas axudas, para que non penalice a Galicia unha vez m\u00e1is, achegando, conforme ao sistema de financiamento auton\u00f3mico e \u00e1 porcentaxe de persoas traballadoras aut\u00f3nomas existentes na Comunidade galega, un m\u00ednimo de 340 mill\u00f3ns de euros.<\/p>\n<p>A proposici\u00f3n no de lei tam\u00e9n solicita que se ampl\u00eden as actividades econ\u00f3micas que poden acceder a estes fondos e que tam\u00e9n est\u00e1n a padecer os efectos da pandemia sanitaria, como o sector pesqueiro; a elaboraci\u00f3n de vi\u00f1os e cervexas; a fabricaci\u00f3n de estruturas e pezas de madeira e mobles; o sector contract; os concesionarios e os talleres de veh\u00edculos; as estaci\u00f3ns de servizo; os sal\u00f3n de peiteado e est\u00e9tica; as librar\u00edas; as florer\u00edas; as ortopedias; as \u00f3pticas; as xugueiras; as tendas de souveniers ou de segunda man; os establecementos de artigos deportivos; os centros de ensino; as autoescolas: ou os servizos de catering, entre outras.<\/p>\n<p>\u201cO obxectivo \u00e9 ter recursos que nos permitan achegar axudas aos aut\u00f3nomos en igualdade de condici\u00f3ns que as demais comunidades aut\u00f3nomas, e tam\u00e9n para inclu\u00edr a todos os sectores da econom\u00eda que se viron prexudicados polas restrici\u00f3ns da pandemia\u201d, concretou.<\/p>\n<blockquote class=\"twitter-tweet\">\n<p dir=\"ltr\" lang=\"es\">?\ufe0fO <a href=\"https:\/\/twitter.com\/ppdegalicia?ref_src=twsrc%5Etfw\">@ppdegalicia<\/a> tam\u00e9n solicita a ampliaci\u00f3n das actividades econ\u00f3micas que te\u00f1en acceso aos fondos para aut\u00f3nomos e empresas, tales como sector pesqueiro, vi\u00f1os, madeira, talleres, sal\u00f3ns de peiteado, librar\u00edas, autoescolas,\u00f3pticas ou servizos de catering, entre outros <a href=\"https:\/\/t.co\/BU1tP37za9\">pic.twitter.com\/BU1tP37za9<\/a><\/p>\n<p>\u2014 GrupoPopularGalicia (@GrupoPopularGal) <a href=\"https:\/\/twitter.com\/GrupoPopularGal\/status\/1376513998431125506?ref_src=twsrc%5Etfw\">March 29, 2021<\/a><\/p><\/blockquote>\n<p>INCORPORACI\u00d3N DE MEDIDAS DA OPOSICI\u00d3N<\/p>\n<p>Por outra parte, e cuestionado sobre a reuni\u00f3n que tivo o Presidente da Xunta cos responsables dos grupos da oposici\u00f3n, Pedro Puy confiou que \u201cservise para que haxa unha capacidade por parte da oposici\u00f3n de apoiar as decisi\u00f3ns que se est\u00e1n a adoptar nestes momentos dif\u00edciles\u201d.<\/p>\n<p>Neste sentido, salientou que o Grupo Popular \u201cest\u00e1 a exercer as s\u00faas funci\u00f3ns no Parlamento dun xeito xeneroso, a trav\u00e9s de di\u00e1logo e da incorporaci\u00f3n de medidas que a oposici\u00f3n prop\u00f3n\u201d. En concreto, lembrou que no \u00faltimo Pleno acad\u00e1ronse cinco acordos entre os grupos parlamentarios, dos que tres provi\u00f1an da oposici\u00f3n; e no que levamos de lexislatura aprob\u00e1ronse no Pleno 48 proposici\u00f3ns non de lei, das que 20 eran da oposici\u00f3n.<\/p>\n<blockquote class=\"twitter-tweet\">\n<p dir=\"ltr\" lang=\"es\">?\ufe0fConfiamos que a reuni\u00f3n de <a href=\"https:\/\/twitter.com\/FeijooGalicia?ref_src=twsrc%5Etfw\">@FeijooGalicia<\/a> cos responsables da oposici\u00f3n servise para que te\u00f1an a capacidade de apoiar decisi\u00f3ns que se toman en momentos dif\u00edciles,como a que ten o <a href=\"https:\/\/twitter.com\/ppdegalicia?ref_src=twsrc%5Etfw\">@ppdegalicia<\/a> no <a href=\"https:\/\/twitter.com\/Par_Gal?ref_src=twsrc%5Etfw\">@Par_Gal<\/a> que a trav\u00e9s do di\u00e1logo incorpora medidas que a oposici\u00f3n prop\u00f3n, Puy ? <a href=\"https:\/\/t.co\/KEqwvBEfKk\">pic.twitter.com\/KEqwvBEfKk<\/a><\/p>\n<p>\u2014 GrupoPopularGalicia (@GrupoPopularGal) <a href=\"https:\/\/twitter.com\/GrupoPopularGal\/status\/1376517814392135681?ref_src=twsrc%5Etfw\">March 29, 2021<\/a><\/p><\/blockquote>\n<p>\u201cHai unha actitude por parte do Grupo Popular de aceptar iniciativas que contrib\u00faan a mellorar a situaci\u00f3n e imos seguir nesta li\u00f1a, e o exemplo \u00e9 o Presidente falando coa oposici\u00f3n que esperamos se traduza en acordos en relaci\u00f3n cos temas que est\u00e1n pendentes\u201d, dixo.<\/p>\n","protected":false},"excerpt":{"rendered":"<p>Santiago, 29 de marzo de 2021.- O portavoz do Grupo Popular, Pedro Puy, lamentou hoxe que o novo reparto de fondos do Goberno de Espa\u00f1a para aut\u00f3nomos e empresas \u201cvolva ser negativo e prexudicial para Galicia\u201d, xa que percibir\u00e1 234 mill\u00f3ns de euros, menos dun 4 por cento dos 7.000 mill\u00f3ns de euros.<\/p>\n","protected":false},"author":38,"featured_media":55499,"comment_status":"open","ping_status":"open","sticky":false,"template":"","format":"standard","meta":{"_acf_changed":false,"footnotes":""},"categories":[1],"tags":[],"class_list":["post-55500","post","type-post","status-publish","format-standard","has-post-thumbnail","hentry","category-pp-de-galicia"],"acf":[],"yoast_head":"<!-- This site is optimized with the Yoast SEO plugin v27.3 - https:\/\/yoast.com\/product\/yoast-seo-wordpress\/ -->\n<title>O PPdeG demanda ao Goberno central que modifique o reparto das axudas para aut\u00f3nomos e empresas para que Galicia reciba 110 mill\u00f3ns m\u00e1is - PP de Galicia<\/title>\n<meta name=\"robots\" content=\"index, follow, max-snippet:-1, max-image-preview:large, max-video-preview:-1\" \/>\n<link rel=\"canonical\" href=\"https:\/\/ppdegalicia.com\/es\/o-ppdeg-demanda-ao-goberno-central-que-modifique-o-reparto-das-axudas-para-autonomos-e-empresas-para-que-galicia-reciba-110-millons-mais\/\" \/>\n<meta property=\"og:locale\" content=\"es_ES\" \/>\n<meta property=\"og:type\" content=\"article\" \/>\n<meta property=\"og:title\" content=\"O PPdeG demanda ao Goberno central que modifique o reparto das axudas para aut\u00f3nomos e empresas para que Galicia reciba 110 mill\u00f3ns m\u00e1is - PP de Galicia\" \/>\n<meta property=\"og:description\" content=\"Santiago, 29 de marzo de 2021.- O portavoz do Grupo Popular, Pedro Puy, lamentou hoxe que o novo reparto de fondos do Goberno de Espa\u00f1a para aut\u00f3nomos e empresas \u201cvolva ser negativo e prexudicial para Galicia\u201d, xa que percibir\u00e1 234 mill\u00f3ns de euros, menos dun 4 por cento dos 7.000 mill\u00f3ns de euros.\" \/>\n<meta property=\"og:url\" content=\"https:\/\/ppdegalicia.com\/es\/o-ppdeg-demanda-ao-goberno-central-que-modifique-o-reparto-das-axudas-para-autonomos-e-empresas-para-que-galicia-reciba-110-millons-mais\/\" \/>\n<meta property=\"og:site_name\" content=\"PP de Galicia\" \/>\n<meta property=\"article:publisher\" content=\"https:\/\/www.instagram.com\/ppdegalicia\/\" \/>\n<meta property=\"article:published_time\" content=\"2021-03-29T10:40:10+00:00\" \/>\n<meta property=\"og:image\" content=\"https:\/\/ppdegalicia.com\/wp-content\/uploads\/2021\/03\/db1fdc6240f18ab5817662ddd58aeedd.jpg\" \/>\n\t<meta property=\"og:image:width\" content=\"1900\" \/>\n\t<meta property=\"og:image:height\" content=\"1225\" \/>\n\t<meta property=\"og:image:type\" content=\"image\/jpeg\" \/>\n<meta name=\"author\" content=\"ppdegaliciaredes\" \/>\n<meta name=\"twitter:card\" content=\"summary_large_image\" \/>\n<meta name=\"twitter:creator\" content=\"@ppdegalicia\" \/>\n<meta name=\"twitter:site\" content=\"@ppdegalicia\" \/>\n<meta name=\"twitter:label1\" content=\"Escrito por\" \/>\n\t<meta name=\"twitter:data1\" content=\"ppdegaliciaredes\" \/>\n\t<meta name=\"twitter:label2\" content=\"Tiempo de lectura\" \/>\n\t<meta name=\"twitter:data2\" content=\"5 minutos\" \/>\n<script type=\"application\/ld+json\" class=\"yoast-schema-graph\">{\"@context\":\"https:\\\/\\\/schema.org\",\"@graph\":[{\"@type\":\"Article\",\"@id\":\"https:\\\/\\\/ppdegalicia.com\\\/es\\\/o-ppdeg-demanda-ao-goberno-central-que-modifique-o-reparto-das-axudas-para-autonomos-e-empresas-para-que-galicia-reciba-110-millons-mais\\\/#article\",\"isPartOf\":{\"@id\":\"https:\\\/\\\/ppdegalicia.com\\\/es\\\/o-ppdeg-demanda-ao-goberno-central-que-modifique-o-reparto-das-axudas-para-autonomos-e-empresas-para-que-galicia-reciba-110-millons-mais\\\/\"},\"author\":{\"name\":\"ppdegaliciaredes\",\"@id\":\"https:\\\/\\\/ppdegalicia.com\\\/es\\\/#\\\/schema\\\/person\\\/5b822c6f59e872ebdd1142f307dbcb59\"},\"headline\":\"O PPdeG demanda ao Goberno central que modifique o reparto das axudas para aut\u00f3nomos e empresas para que Galicia reciba 110 mill\u00f3ns m\u00e1is\",\"datePublished\":\"2021-03-29T10:40:10+00:00\",\"mainEntityOfPage\":{\"@id\":\"https:\\\/\\\/ppdegalicia.com\\\/es\\\/o-ppdeg-demanda-ao-goberno-central-que-modifique-o-reparto-das-axudas-para-autonomos-e-empresas-para-que-galicia-reciba-110-millons-mais\\\/\"},\"wordCount\":1018,\"commentCount\":0,\"publisher\":{\"@id\":\"https:\\\/\\\/ppdegalicia.com\\\/es\\\/#organization\"},\"image\":{\"@id\":\"https:\\\/\\\/ppdegalicia.com\\\/es\\\/o-ppdeg-demanda-ao-goberno-central-que-modifique-o-reparto-das-axudas-para-autonomos-e-empresas-para-que-galicia-reciba-110-millons-mais\\\/#primaryimage\"},\"thumbnailUrl\":\"https:\\\/\\\/ppdegalicia.com\\\/wp-content\\\/uploads\\\/2021\\\/03\\\/db1fdc6240f18ab5817662ddd58aeedd.jpg\",\"articleSection\":[\"PP de Galicia\"],\"inLanguage\":\"es\",\"potentialAction\":[{\"@type\":\"CommentAction\",\"name\":\"Comment\",\"target\":[\"https:\\\/\\\/ppdegalicia.com\\\/es\\\/o-ppdeg-demanda-ao-goberno-central-que-modifique-o-reparto-das-axudas-para-autonomos-e-empresas-para-que-galicia-reciba-110-millons-mais\\\/#respond\"]}]},{\"@type\":\"WebPage\",\"@id\":\"https:\\\/\\\/ppdegalicia.com\\\/es\\\/o-ppdeg-demanda-ao-goberno-central-que-modifique-o-reparto-das-axudas-para-autonomos-e-empresas-para-que-galicia-reciba-110-millons-mais\\\/\",\"url\":\"https:\\\/\\\/ppdegalicia.com\\\/es\\\/o-ppdeg-demanda-ao-goberno-central-que-modifique-o-reparto-das-axudas-para-autonomos-e-empresas-para-que-galicia-reciba-110-millons-mais\\\/\",\"name\":\"O PPdeG demanda ao Goberno central que modifique o reparto das axudas para aut\u00f3nomos e empresas para que Galicia reciba 110 mill\u00f3ns m\u00e1is - PP de Galicia\",\"isPartOf\":{\"@id\":\"https:\\\/\\\/ppdegalicia.com\\\/es\\\/#website\"},\"primaryImageOfPage\":{\"@id\":\"https:\\\/\\\/ppdegalicia.com\\\/es\\\/o-ppdeg-demanda-ao-goberno-central-que-modifique-o-reparto-das-axudas-para-autonomos-e-empresas-para-que-galicia-reciba-110-millons-mais\\\/#primaryimage\"},\"image\":{\"@id\":\"https:\\\/\\\/ppdegalicia.com\\\/es\\\/o-ppdeg-demanda-ao-goberno-central-que-modifique-o-reparto-das-axudas-para-autonomos-e-empresas-para-que-galicia-reciba-110-millons-mais\\\/#primaryimage\"},\"thumbnailUrl\":\"https:\\\/\\\/ppdegalicia.com\\\/wp-content\\\/uploads\\\/2021\\\/03\\\/db1fdc6240f18ab5817662ddd58aeedd.jpg\",\"datePublished\":\"2021-03-29T10:40:10+00:00\",\"breadcrumb\":{\"@id\":\"https:\\\/\\\/ppdegalicia.com\\\/es\\\/o-ppdeg-demanda-ao-goberno-central-que-modifique-o-reparto-das-axudas-para-autonomos-e-empresas-para-que-galicia-reciba-110-millons-mais\\\/#breadcrumb\"},\"inLanguage\":\"es\",\"potentialAction\":[{\"@type\":\"ReadAction\",\"target\":[\"https:\\\/\\\/ppdegalicia.com\\\/es\\\/o-ppdeg-demanda-ao-goberno-central-que-modifique-o-reparto-das-axudas-para-autonomos-e-empresas-para-que-galicia-reciba-110-millons-mais\\\/\"]}]},{\"@type\":\"ImageObject\",\"inLanguage\":\"es\",\"@id\":\"https:\\\/\\\/ppdegalicia.com\\\/es\\\/o-ppdeg-demanda-ao-goberno-central-que-modifique-o-reparto-das-axudas-para-autonomos-e-empresas-para-que-galicia-reciba-110-millons-mais\\\/#primaryimage\",\"url\":\"https:\\\/\\\/ppdegalicia.com\\\/wp-content\\\/uploads\\\/2021\\\/03\\\/db1fdc6240f18ab5817662ddd58aeedd.jpg\",\"contentUrl\":\"https:\\\/\\\/ppdegalicia.com\\\/wp-content\\\/uploads\\\/2021\\\/03\\\/db1fdc6240f18ab5817662ddd58aeedd.jpg\",\"width\":1900,\"height\":1225},{\"@type\":\"BreadcrumbList\",\"@id\":\"https:\\\/\\\/ppdegalicia.com\\\/es\\\/o-ppdeg-demanda-ao-goberno-central-que-modifique-o-reparto-das-axudas-para-autonomos-e-empresas-para-que-galicia-reciba-110-millons-mais\\\/#breadcrumb\",\"itemListElement\":[{\"@type\":\"ListItem\",\"position\":1,\"name\":\"Portada\",\"item\":\"https:\\\/\\\/ppdegalicia.com\\\/es\\\/\"},{\"@type\":\"ListItem\",\"position\":2,\"name\":\"O PPdeG demanda ao Goberno central que modifique o reparto das axudas para aut\u00f3nomos e empresas para que Galicia reciba 110 mill\u00f3ns m\u00e1is\"}]},{\"@type\":\"WebSite\",\"@id\":\"https:\\\/\\\/ppdegalicia.com\\\/es\\\/#website\",\"url\":\"https:\\\/\\\/ppdegalicia.com\\\/es\\\/\",\"name\":\"Partido Popular de Galicia\",\"description\":\"Partido Popular de Galicia\",\"publisher\":{\"@id\":\"https:\\\/\\\/ppdegalicia.com\\\/es\\\/#organization\"},\"alternateName\":\"PP de Galicia\",\"potentialAction\":[{\"@type\":\"SearchAction\",\"target\":{\"@type\":\"EntryPoint\",\"urlTemplate\":\"https:\\\/\\\/ppdegalicia.com\\\/es\\\/?s={search_term_string}\"},\"query-input\":{\"@type\":\"PropertyValueSpecification\",\"valueRequired\":true,\"valueName\":\"search_term_string\"}}],\"inLanguage\":\"es\"},{\"@type\":\"Organization\",\"@id\":\"https:\\\/\\\/ppdegalicia.com\\\/es\\\/#organization\",\"name\":\"Partido Popular de Galicia\",\"alternateName\":\"PP de Galicia\",\"url\":\"https:\\\/\\\/ppdegalicia.com\\\/es\\\/\",\"logo\":{\"@type\":\"ImageObject\",\"inLanguage\":\"es\",\"@id\":\"https:\\\/\\\/ppdegalicia.com\\\/es\\\/#\\\/schema\\\/logo\\\/image\\\/\",\"url\":\"https:\\\/\\\/ppdegalicia.com\\\/wp-content\\\/uploads\\\/2023\\\/04\\\/logoPP512.png\",\"contentUrl\":\"https:\\\/\\\/ppdegalicia.com\\\/wp-content\\\/uploads\\\/2023\\\/04\\\/logoPP512.png\",\"width\":512,\"height\":512,\"caption\":\"Partido Popular de Galicia\"},\"image\":{\"@id\":\"https:\\\/\\\/ppdegalicia.com\\\/es\\\/#\\\/schema\\\/logo\\\/image\\\/\"},\"sameAs\":[\"https:\\\/\\\/www.instagram.com\\\/ppdegalicia\\\/\",\"https:\\\/\\\/x.com\\\/ppdegalicia\",\"https:\\\/\\\/www.tiktok.com\\\/@ppdegalicia\",\"https:\\\/\\\/www.youtube.com\\\/user\\\/ppdegalicia\"]},{\"@type\":\"Person\",\"@id\":\"https:\\\/\\\/ppdegalicia.com\\\/es\\\/#\\\/schema\\\/person\\\/5b822c6f59e872ebdd1142f307dbcb59\",\"name\":\"ppdegaliciaredes\",\"image\":{\"@type\":\"ImageObject\",\"inLanguage\":\"es\",\"@id\":\"https:\\\/\\\/secure.gravatar.com\\\/avatar\\\/3c9179cf0256d00c72a48d1f25783c58b6842cd56e85ef3a572881c8e28ccd59?s=96&d=mm&r=g\",\"url\":\"https:\\\/\\\/secure.gravatar.com\\\/avatar\\\/3c9179cf0256d00c72a48d1f25783c58b6842cd56e85ef3a572881c8e28ccd59?s=96&d=mm&r=g\",\"contentUrl\":\"https:\\\/\\\/secure.gravatar.com\\\/avatar\\\/3c9179cf0256d00c72a48d1f25783c58b6842cd56e85ef3a572881c8e28ccd59?s=96&d=mm&r=g\",\"caption\":\"ppdegaliciaredes\"},\"url\":\"https:\\\/\\\/ppdegalicia.com\\\/es\\\/author\\\/ppdegaliciaredes\\\/\"}]}<\/script>\n<!-- \/ Yoast SEO plugin. -->","yoast_head_json":{"title":"O PPdeG demanda ao Goberno central que modifique o reparto das axudas para aut\u00f3nomos e empresas para que Galicia reciba 110 mill\u00f3ns m\u00e1is - PP de Galicia","robots":{"index":"index","follow":"follow","max-snippet":"max-snippet:-1","max-image-preview":"max-image-preview:large","max-video-preview":"max-video-preview:-1"},"canonical":"https:\/\/ppdegalicia.com\/es\/o-ppdeg-demanda-ao-goberno-central-que-modifique-o-reparto-das-axudas-para-autonomos-e-empresas-para-que-galicia-reciba-110-millons-mais\/","og_locale":"es_ES","og_type":"article","og_title":"O PPdeG demanda ao Goberno central que modifique o reparto das axudas para aut\u00f3nomos e empresas para que Galicia reciba 110 mill\u00f3ns m\u00e1is - PP de Galicia","og_description":"Santiago, 29 de marzo de 2021.- O portavoz do Grupo Popular, Pedro Puy, lamentou hoxe que o novo reparto de fondos do Goberno de Espa\u00f1a para aut\u00f3nomos e empresas \u201cvolva ser negativo e prexudicial para Galicia\u201d, xa que percibir\u00e1 234 mill\u00f3ns de euros, menos dun 4 por cento dos 7.000 mill\u00f3ns de euros.","og_url":"https:\/\/ppdegalicia.com\/es\/o-ppdeg-demanda-ao-goberno-central-que-modifique-o-reparto-das-axudas-para-autonomos-e-empresas-para-que-galicia-reciba-110-millons-mais\/","og_site_name":"PP de Galicia","article_publisher":"https:\/\/www.instagram.com\/ppdegalicia\/","article_published_time":"2021-03-29T10:40:10+00:00","og_image":[{"width":1900,"height":1225,"url":"https:\/\/ppdegalicia.com\/wp-content\/uploads\/2021\/03\/db1fdc6240f18ab5817662ddd58aeedd.jpg","type":"image\/jpeg"}],"author":"ppdegaliciaredes","twitter_card":"summary_large_image","twitter_creator":"@ppdegalicia","twitter_site":"@ppdegalicia","twitter_misc":{"Escrito por":"ppdegaliciaredes","Tiempo de lectura":"5 minutos"},"schema":{"@context":"https:\/\/schema.org","@graph":[{"@type":"Article","@id":"https:\/\/ppdegalicia.com\/es\/o-ppdeg-demanda-ao-goberno-central-que-modifique-o-reparto-das-axudas-para-autonomos-e-empresas-para-que-galicia-reciba-110-millons-mais\/#article","isPartOf":{"@id":"https:\/\/ppdegalicia.com\/es\/o-ppdeg-demanda-ao-goberno-central-que-modifique-o-reparto-das-axudas-para-autonomos-e-empresas-para-que-galicia-reciba-110-millons-mais\/"},"author":{"name":"ppdegaliciaredes","@id":"https:\/\/ppdegalicia.com\/es\/#\/schema\/person\/5b822c6f59e872ebdd1142f307dbcb59"},"headline":"O PPdeG demanda ao Goberno central que modifique o reparto das axudas para aut\u00f3nomos e empresas para que Galicia reciba 110 mill\u00f3ns m\u00e1is","datePublished":"2021-03-29T10:40:10+00:00","mainEntityOfPage":{"@id":"https:\/\/ppdegalicia.com\/es\/o-ppdeg-demanda-ao-goberno-central-que-modifique-o-reparto-das-axudas-para-autonomos-e-empresas-para-que-galicia-reciba-110-millons-mais\/"},"wordCount":1018,"commentCount":0,"publisher":{"@id":"https:\/\/ppdegalicia.com\/es\/#organization"},"image":{"@id":"https:\/\/ppdegalicia.com\/es\/o-ppdeg-demanda-ao-goberno-central-que-modifique-o-reparto-das-axudas-para-autonomos-e-empresas-para-que-galicia-reciba-110-millons-mais\/#primaryimage"},"thumbnailUrl":"https:\/\/ppdegalicia.com\/wp-content\/uploads\/2021\/03\/db1fdc6240f18ab5817662ddd58aeedd.jpg","articleSection":["PP de Galicia"],"inLanguage":"es","potentialAction":[{"@type":"CommentAction","name":"Comment","target":["https:\/\/ppdegalicia.com\/es\/o-ppdeg-demanda-ao-goberno-central-que-modifique-o-reparto-das-axudas-para-autonomos-e-empresas-para-que-galicia-reciba-110-millons-mais\/#respond"]}]},{"@type":"WebPage","@id":"https:\/\/ppdegalicia.com\/es\/o-ppdeg-demanda-ao-goberno-central-que-modifique-o-reparto-das-axudas-para-autonomos-e-empresas-para-que-galicia-reciba-110-millons-mais\/","url":"https:\/\/ppdegalicia.com\/es\/o-ppdeg-demanda-ao-goberno-central-que-modifique-o-reparto-das-axudas-para-autonomos-e-empresas-para-que-galicia-reciba-110-millons-mais\/","name":"O PPdeG demanda ao Goberno central que modifique o reparto das axudas para aut\u00f3nomos e empresas para que Galicia reciba 110 mill\u00f3ns m\u00e1is - PP de Galicia","isPartOf":{"@id":"https:\/\/ppdegalicia.com\/es\/#website"},"primaryImageOfPage":{"@id":"https:\/\/ppdegalicia.com\/es\/o-ppdeg-demanda-ao-goberno-central-que-modifique-o-reparto-das-axudas-para-autonomos-e-empresas-para-que-galicia-reciba-110-millons-mais\/#primaryimage"},"image":{"@id":"https:\/\/ppdegalicia.com\/es\/o-ppdeg-demanda-ao-goberno-central-que-modifique-o-reparto-das-axudas-para-autonomos-e-empresas-para-que-galicia-reciba-110-millons-mais\/#primaryimage"},"thumbnailUrl":"https:\/\/ppdegalicia.com\/wp-content\/uploads\/2021\/03\/db1fdc6240f18ab5817662ddd58aeedd.jpg","datePublished":"2021-03-29T10:40:10+00:00","breadcrumb":{"@id":"https:\/\/ppdegalicia.com\/es\/o-ppdeg-demanda-ao-goberno-central-que-modifique-o-reparto-das-axudas-para-autonomos-e-empresas-para-que-galicia-reciba-110-millons-mais\/#breadcrumb"},"inLanguage":"es","potentialAction":[{"@type":"ReadAction","target":["https:\/\/ppdegalicia.com\/es\/o-ppdeg-demanda-ao-goberno-central-que-modifique-o-reparto-das-axudas-para-autonomos-e-empresas-para-que-galicia-reciba-110-millons-mais\/"]}]},{"@type":"ImageObject","inLanguage":"es","@id":"https:\/\/ppdegalicia.com\/es\/o-ppdeg-demanda-ao-goberno-central-que-modifique-o-reparto-das-axudas-para-autonomos-e-empresas-para-que-galicia-reciba-110-millons-mais\/#primaryimage","url":"https:\/\/ppdegalicia.com\/wp-content\/uploads\/2021\/03\/db1fdc6240f18ab5817662ddd58aeedd.jpg","contentUrl":"https:\/\/ppdegalicia.com\/wp-content\/uploads\/2021\/03\/db1fdc6240f18ab5817662ddd58aeedd.jpg","width":1900,"height":1225},{"@type":"BreadcrumbList","@id":"https:\/\/ppdegalicia.com\/es\/o-ppdeg-demanda-ao-goberno-central-que-modifique-o-reparto-das-axudas-para-autonomos-e-empresas-para-que-galicia-reciba-110-millons-mais\/#breadcrumb","itemListElement":[{"@type":"ListItem","position":1,"name":"Portada","item":"https:\/\/ppdegalicia.com\/es\/"},{"@type":"ListItem","position":2,"name":"O PPdeG demanda ao Goberno central que modifique o reparto das axudas para aut\u00f3nomos e empresas para que Galicia reciba 110 mill\u00f3ns m\u00e1is"}]},{"@type":"WebSite","@id":"https:\/\/ppdegalicia.com\/es\/#website","url":"https:\/\/ppdegalicia.com\/es\/","name":"Partido Popular de Galicia","description":"Partido Popular de Galicia","publisher":{"@id":"https:\/\/ppdegalicia.com\/es\/#organization"},"alternateName":"PP de Galicia","potentialAction":[{"@type":"SearchAction","target":{"@type":"EntryPoint","urlTemplate":"https:\/\/ppdegalicia.com\/es\/?s={search_term_string}"},"query-input":{"@type":"PropertyValueSpecification","valueRequired":true,"valueName":"search_term_string"}}],"inLanguage":"es"},{"@type":"Organization","@id":"https:\/\/ppdegalicia.com\/es\/#organization","name":"Partido Popular de Galicia","alternateName":"PP de Galicia","url":"https:\/\/ppdegalicia.com\/es\/","logo":{"@type":"ImageObject","inLanguage":"es","@id":"https:\/\/ppdegalicia.com\/es\/#\/schema\/logo\/image\/","url":"https:\/\/ppdegalicia.com\/wp-content\/uploads\/2023\/04\/logoPP512.png","contentUrl":"https:\/\/ppdegalicia.com\/wp-content\/uploads\/2023\/04\/logoPP512.png","width":512,"height":512,"caption":"Partido Popular de Galicia"},"image":{"@id":"https:\/\/ppdegalicia.com\/es\/#\/schema\/logo\/image\/"},"sameAs":["https:\/\/www.instagram.com\/ppdegalicia\/","https:\/\/x.com\/ppdegalicia","https:\/\/www.tiktok.com\/@ppdegalicia","https:\/\/www.youtube.com\/user\/ppdegalicia"]},{"@type":"Person","@id":"https:\/\/ppdegalicia.com\/es\/#\/schema\/person\/5b822c6f59e872ebdd1142f307dbcb59","name":"ppdegaliciaredes","image":{"@type":"ImageObject","inLanguage":"es","@id":"https:\/\/secure.gravatar.com\/avatar\/3c9179cf0256d00c72a48d1f25783c58b6842cd56e85ef3a572881c8e28ccd59?s=96&d=mm&r=g","url":"https:\/\/secure.gravatar.com\/avatar\/3c9179cf0256d00c72a48d1f25783c58b6842cd56e85ef3a572881c8e28ccd59?s=96&d=mm&r=g","contentUrl":"https:\/\/secure.gravatar.com\/avatar\/3c9179cf0256d00c72a48d1f25783c58b6842cd56e85ef3a572881c8e28ccd59?s=96&d=mm&r=g","caption":"ppdegaliciaredes"},"url":"https:\/\/ppdegalicia.com\/es\/author\/ppdegaliciaredes\/"}]}},"_links":{"self":[{"href":"https:\/\/ppdegalicia.com\/es\/wp-json\/wp\/v2\/posts\/55500","targetHints":{"allow":["GET"]}}],"collection":[{"href":"https:\/\/ppdegalicia.com\/es\/wp-json\/wp\/v2\/posts"}],"about":[{"href":"https:\/\/ppdegalicia.com\/es\/wp-json\/wp\/v2\/types\/post"}],"author":[{"embeddable":true,"href":"https:\/\/ppdegalicia.com\/es\/wp-json\/wp\/v2\/users\/38"}],"replies":[{"embeddable":true,"href":"https:\/\/ppdegalicia.com\/es\/wp-json\/wp\/v2\/comments?post=55500"}],"version-history":[{"count":0,"href":"https:\/\/ppdegalicia.com\/es\/wp-json\/wp\/v2\/posts\/55500\/revisions"}],"wp:featuredmedia":[{"embeddable":true,"href":"https:\/\/ppdegalicia.com\/es\/wp-json\/wp\/v2\/media\/55499"}],"wp:attachment":[{"href":"https:\/\/ppdegalicia.com\/es\/wp-json\/wp\/v2\/media?parent=55500"}],"wp:term":[{"taxonomy":"category","embeddable":true,"href":"https:\/\/ppdegalicia.com\/es\/wp-json\/wp\/v2\/categories?post=55500"},{"taxonomy":"post_tag","embeddable":true,"href":"https:\/\/ppdegalicia.com\/es\/wp-json\/wp\/v2\/tags?post=55500"}],"curies":[{"name":"wp","href":"https:\/\/api.w.org\/{rel}","templated":true}]}}