{"id":55522,"date":"2021-04-06T15:34:33","date_gmt":"2021-04-06T13:34:33","guid":{"rendered":"https:\/\/ppdegalicia.com\/o-grupo-popular-demandara-no-pleno-que-o-goberno-central-axilice-o-traspaso-dos-fondos-para-autonomos-e-empresas-e-modifique-os-criterios-de-reparto-para-non-prexudicar-a-galicia\/"},"modified":"2021-04-06T15:34:33","modified_gmt":"2021-04-06T13:34:33","slug":"o-grupo-popular-demandara-no-pleno-que-o-goberno-central-axilice-o-traspaso-dos-fondos-para-autonomos-e-empresas-e-modifique-os-criterios-de-reparto-para-non-prexudicar-a-galicia","status":"publish","type":"post","link":"https:\/\/ppdegalicia.com\/es\/o-grupo-popular-demandara-no-pleno-que-o-goberno-central-axilice-o-traspaso-dos-fondos-para-autonomos-e-empresas-e-modifique-os-criterios-de-reparto-para-non-prexudicar-a-galicia\/","title":{"rendered":"O Grupo Popular demandar\u00e1 no Pleno que o Goberno central axilice o traspaso dos fondos para aut\u00f3nomos e empresas, e modifique os criterios de reparto para non prexudicar a Galicia"},"content":{"rendered":"<p><img fetchpriority=\"high\" decoding=\"async\" class=\" size-full wp-image-55521\" src=\"https:\/\/ppdegalicia.com\/wp-content\/uploads\/2021\/04\/784c8973be341bbd1d6481617b4ddae9.jpg\" alt=\"\" width=\"1900\" height=\"1267\" srcset=\"https:\/\/ppdegalicia.com\/wp-content\/uploads\/2021\/04\/784c8973be341bbd1d6481617b4ddae9.jpg 1900w, https:\/\/ppdegalicia.com\/wp-content\/uploads\/2021\/04\/784c8973be341bbd1d6481617b4ddae9-300x200.jpg 300w, https:\/\/ppdegalicia.com\/wp-content\/uploads\/2021\/04\/784c8973be341bbd1d6481617b4ddae9-1024x683.jpg 1024w, https:\/\/ppdegalicia.com\/wp-content\/uploads\/2021\/04\/784c8973be341bbd1d6481617b4ddae9-768x512.jpg 768w, https:\/\/ppdegalicia.com\/wp-content\/uploads\/2021\/04\/784c8973be341bbd1d6481617b4ddae9-1536x1024.jpg 1536w\" sizes=\"(max-width: 1900px) 100vw, 1900px\" \/><\/p>\n<p>Santiago, 6 de abril de 2021.- O Grupo Popular demandar\u00e1 no Pleno da vindeira semana ao Goberno de Espa\u00f1a m\u00e1xima urxencia na tramitaci\u00f3n e sinatura do convenio coa Xunta para a transferencia dos fondos derivados do Real Decreto-Ley de apoio \u00e1 solvencia empresarial en resposta \u00e1 pandemia da Covid-19, ao tempo que modifique os criterios de reparto para que non penalice \u00e1 Comunidade galega. As\u00ed mesmo, volverase esixir ao Goberno central o encargo da construci\u00f3n dun buque de acci\u00f3n mar\u00edtima para a Armada Espa\u00f1ola nos estaleiros de Navantia na r\u00eda de Ferrol.<\/p>\n<p><!--more--><\/p>\n<p>\u00a0<\/p>\n<p>\u00a0<\/p>\n<blockquote class=\"twitter-tweet\">\n<p dir=\"ltr\" lang=\"es\">\u2705O <a href=\"https:\/\/twitter.com\/ppdegalicia?ref_src=twsrc%5Etfw\">@ppdegalicia<\/a> reiterar\u00e1 no Pleno, agora que xa sabemos o que vota o PSOE en Galicia e en Madrid, a demanda de construci\u00f3n dun BAM nos estaleiros de Ferrol e \u2705A modificaci\u00f3n das axudas para empresas para que contemplen m\u00e1is actividades e o reparto sexa xusto para Galicia <a href=\"https:\/\/t.co\/8d3oTNPFLK\">pic.twitter.com\/8d3oTNPFLK<\/a><\/p>\n<p>\u2014 GrupoPopularGalicia (@GrupoPopularGal) <a href=\"https:\/\/twitter.com\/GrupoPopularGal\/status\/1379453971950100481?ref_src=twsrc%5Etfw\">April 6, 2021<\/a><\/p><\/blockquote>\n<p>Ao remate da Xunta de Portavoces, o portavoz popular, Pedro Puy, informou que a orde do d\u00eda da sesi\u00f3n plenaria incl\u00fae as comparecencias, a petici\u00f3n propia, do conselleiro do Medio Rural, para informar das previsi\u00f3ns e li\u00f1as xerais de actuaci\u00f3n do seu departamento, e actuaci\u00f3ns en relaci\u00f3n coa evoluci\u00f3n da Covid-19; e do conselleiro de Sanidade, para dar conta da campa\u00f1a de vacinaci\u00f3n contra a Covid-19.<\/p>\n<p>\u00a0<\/p>\n<p>Dentro do apartado de proposici\u00f3ns non de lei, o Grupo Popular solicitar\u00e1 que o Goberno central axilice a transferencia \u00e1 Comunidade galega dos fondos derivados do Real Decreto-Ley de axudas para aut\u00f3nomos e empresas, de xeito que se consiga unha maior rapidez na s\u00faa distribuci\u00f3n aos destinatarios e eficiencia.<\/p>\n<p>\u00a0<\/p>\n<p><strong>UN M\u00cdNIMO DE 340 MILL\u00d3NS DE EUROS<\/strong><\/p>\n<p>\u00a0<\/p>\n<p>Esta proposici\u00f3n non de lei tam\u00e9n demanda que se modifiquen os criterios de reparto destes fondos para que non se penalice \u00e1 Comunidade galega, lev\u00e1ndose a cabo conforme ao sistema de financiamento auton\u00f3mico e \u00e1 porcentaxe de persoas traballadoras aut\u00f3nomas existentes en Galicia. Deste xeito, a achega realizada a Galicia ser\u00eda como m\u00ednimo de 340 mill\u00f3ns de euros.<\/p>\n<p>\u00a0<\/p>\n<p>Ademais, p\u00eddese que se ampl\u00eden os sectores afectados pola pandemia beneficiarios destas axudas que aparecen recollidos no Real Decreto-Ley; se reconsideren os requisitos de xustificaci\u00f3n dos gastos previstos; e se revise o criterio de exclusi\u00f3n destas axudas a aquelas empresas que conten cun resultado negativo dun s\u00f3 ano.<\/p>\n<p>\u00a0<\/p>\n<p>O Grupo Popular volver\u00e1 insistir no Pleno da vindeira semana na esixencia para que o Goberno de Espa\u00f1a proceda ao encargo da construci\u00f3n dun buque de acci\u00f3n mar\u00edtima (BAM) para a Armada Espa\u00f1ola no estaleiro de Navantia na r\u00eda de Ferrol, de xeito que se dote de carga de traballo inmediata tanto para a plantilla principal como para a industria auxiliar.<\/p>\n<p>\u00a0<\/p>\n<p>Por outra banda, dentro do apartado de preguntas ao Goberno galego, o Grupo Popular interesarase polo balance dos dez anos desde a inauguraci\u00f3n da Cidade da Cultura; polos proxectos previstos para mellorar o saneamento no concello de Vilagarc\u00eda de Arousa; e sobre o recurso de inconstitucionalidade presentado polo Goberno de Espa\u00f1a contra a modificaci\u00f3n da Lei de sa\u00fade de Galicia.<\/p>\n<p>\u00a0<\/p>\n<p><strong>VIOLENCIA VICARIA<\/strong><\/p>\n<p>\u00a0<\/p>\n<p>Para rematar, Pedro Puy avanzou a toma en consideraci\u00f3n no Pleno da proposici\u00f3n de lei de modificaci\u00f3n da Lei galega 11\/2007 para a prevenci\u00f3n e o tratamento integral da violencia de x\u00e9nero, de xeito que se reco\u00f1eza como v\u00edtimas de violencia de x\u00e9nero aquelas mulleres nais que te\u00f1en ou tiveron que padecer o homicidio ou asasinato dos seus fillos por parte de quen sexa ou fose o seu c\u00f3nxuxe ou por quen mantivo con elas unha relaci\u00f3n de afectividade a\u00ednda que sen convivencia.<\/p>\n<p>\u00a0<\/p>\n<p>\u201cEstamos a falar dunha das cuesti\u00f3ns que o propio Presidente da Xunta e a portavoz do BNG acordaron na s\u00faa reuni\u00f3n que se impulsar\u00eda no Parlamento galego\u201d, sinalou o portavoz do Grupo Popular, quen salientou que Goberno galego \u201cxa leva varios anos apoiando \u00e1s nais que sofren violencia de x\u00e9nero a trav\u00e9s dos seus fillos\u201d. Neste sentido, incidiu que \u201ccompartimos que a lei recolla a violencia vicaria, con independencia de que os efectos pr\u00e1cticos desta modificaci\u00f3n da Lei sexan irrelevantes porque o Goberno galego xa est\u00e1 axudando\u201d.<\/p>\n","protected":false},"excerpt":{"rendered":"<p>Santiago, 6 de abril de 2021.- O Grupo Popular demandar\u00e1 no Pleno da vindeira semana ao Goberno de Espa\u00f1a m\u00e1xima urxencia na tramitaci\u00f3n e sinatura do convenio coa Xunta para a transferencia dos fondos derivados do Real Decreto-Ley de apoio \u00e1 solvencia empresarial en resposta \u00e1 pandemia da Covid-19, ao tempo que modifique os criterios [&hellip;]<\/p>\n","protected":false},"author":38,"featured_media":55521,"comment_status":"open","ping_status":"open","sticky":false,"template":"","format":"standard","meta":{"_acf_changed":false,"footnotes":""},"categories":[1],"tags":[],"class_list":["post-55522","post","type-post","status-publish","format-standard","has-post-thumbnail","hentry","category-pp-de-galicia"],"acf":[],"yoast_head":"<!-- This site is optimized with the Yoast SEO plugin v27.3 - https:\/\/yoast.com\/product\/yoast-seo-wordpress\/ -->\n<title>O Grupo Popular demandar\u00e1 no Pleno que o Goberno central axilice o traspaso dos fondos para aut\u00f3nomos e empresas, e modifique os criterios de reparto para non prexudicar a Galicia - PP de Galicia<\/title>\n<meta name=\"robots\" content=\"index, follow, max-snippet:-1, max-image-preview:large, max-video-preview:-1\" \/>\n<link rel=\"canonical\" href=\"https:\/\/ppdegalicia.com\/es\/o-grupo-popular-demandara-no-pleno-que-o-goberno-central-axilice-o-traspaso-dos-fondos-para-autonomos-e-empresas-e-modifique-os-criterios-de-reparto-para-non-prexudicar-a-galicia\/\" \/>\n<meta property=\"og:locale\" content=\"es_ES\" \/>\n<meta property=\"og:type\" content=\"article\" \/>\n<meta property=\"og:title\" content=\"O Grupo Popular demandar\u00e1 no Pleno que o Goberno central axilice o traspaso dos fondos para aut\u00f3nomos e empresas, e modifique os criterios de reparto para non prexudicar a Galicia - PP de Galicia\" \/>\n<meta property=\"og:description\" content=\"Santiago, 6 de abril de 2021.- O Grupo Popular demandar\u00e1 no Pleno da vindeira semana ao Goberno de Espa\u00f1a m\u00e1xima urxencia na tramitaci\u00f3n e sinatura do convenio coa Xunta para a transferencia dos fondos derivados do Real Decreto-Ley de apoio \u00e1 solvencia empresarial en resposta \u00e1 pandemia da Covid-19, ao tempo que modifique os criterios [&hellip;]\" \/>\n<meta property=\"og:url\" content=\"https:\/\/ppdegalicia.com\/es\/o-grupo-popular-demandara-no-pleno-que-o-goberno-central-axilice-o-traspaso-dos-fondos-para-autonomos-e-empresas-e-modifique-os-criterios-de-reparto-para-non-prexudicar-a-galicia\/\" \/>\n<meta property=\"og:site_name\" content=\"PP de Galicia\" \/>\n<meta property=\"article:publisher\" content=\"https:\/\/www.instagram.com\/ppdegalicia\/\" \/>\n<meta property=\"article:published_time\" content=\"2021-04-06T13:34:33+00:00\" \/>\n<meta property=\"og:image\" content=\"https:\/\/ppdegalicia.com\/wp-content\/uploads\/2021\/04\/784c8973be341bbd1d6481617b4ddae9.jpg\" \/>\n\t<meta property=\"og:image:width\" content=\"1900\" \/>\n\t<meta property=\"og:image:height\" content=\"1267\" \/>\n\t<meta property=\"og:image:type\" content=\"image\/jpeg\" \/>\n<meta name=\"author\" content=\"ppdegaliciaredes\" \/>\n<meta name=\"twitter:card\" content=\"summary_large_image\" \/>\n<meta name=\"twitter:creator\" content=\"@ppdegalicia\" \/>\n<meta name=\"twitter:site\" content=\"@ppdegalicia\" \/>\n<meta name=\"twitter:label1\" content=\"Escrito por\" \/>\n\t<meta name=\"twitter:data1\" content=\"ppdegaliciaredes\" \/>\n\t<meta name=\"twitter:label2\" content=\"Tiempo de lectura\" \/>\n\t<meta name=\"twitter:data2\" content=\"4 minutos\" \/>\n<script type=\"application\/ld+json\" class=\"yoast-schema-graph\">{\"@context\":\"https:\\\/\\\/schema.org\",\"@graph\":[{\"@type\":\"Article\",\"@id\":\"https:\\\/\\\/ppdegalicia.com\\\/es\\\/o-grupo-popular-demandara-no-pleno-que-o-goberno-central-axilice-o-traspaso-dos-fondos-para-autonomos-e-empresas-e-modifique-os-criterios-de-reparto-para-non-prexudicar-a-galicia\\\/#article\",\"isPartOf\":{\"@id\":\"https:\\\/\\\/ppdegalicia.com\\\/es\\\/o-grupo-popular-demandara-no-pleno-que-o-goberno-central-axilice-o-traspaso-dos-fondos-para-autonomos-e-empresas-e-modifique-os-criterios-de-reparto-para-non-prexudicar-a-galicia\\\/\"},\"author\":{\"name\":\"ppdegaliciaredes\",\"@id\":\"https:\\\/\\\/ppdegalicia.com\\\/es\\\/#\\\/schema\\\/person\\\/5b822c6f59e872ebdd1142f307dbcb59\"},\"headline\":\"O Grupo Popular demandar\u00e1 no Pleno que o Goberno central axilice o traspaso dos fondos para aut\u00f3nomos e empresas, e modifique os criterios de reparto para non prexudicar a Galicia\",\"datePublished\":\"2021-04-06T13:34:33+00:00\",\"mainEntityOfPage\":{\"@id\":\"https:\\\/\\\/ppdegalicia.com\\\/es\\\/o-grupo-popular-demandara-no-pleno-que-o-goberno-central-axilice-o-traspaso-dos-fondos-para-autonomos-e-empresas-e-modifique-os-criterios-de-reparto-para-non-prexudicar-a-galicia\\\/\"},\"wordCount\":762,\"commentCount\":0,\"publisher\":{\"@id\":\"https:\\\/\\\/ppdegalicia.com\\\/es\\\/#organization\"},\"image\":{\"@id\":\"https:\\\/\\\/ppdegalicia.com\\\/es\\\/o-grupo-popular-demandara-no-pleno-que-o-goberno-central-axilice-o-traspaso-dos-fondos-para-autonomos-e-empresas-e-modifique-os-criterios-de-reparto-para-non-prexudicar-a-galicia\\\/#primaryimage\"},\"thumbnailUrl\":\"https:\\\/\\\/ppdegalicia.com\\\/wp-content\\\/uploads\\\/2021\\\/04\\\/784c8973be341bbd1d6481617b4ddae9.jpg\",\"articleSection\":[\"PP de Galicia\"],\"inLanguage\":\"es\",\"potentialAction\":[{\"@type\":\"CommentAction\",\"name\":\"Comment\",\"target\":[\"https:\\\/\\\/ppdegalicia.com\\\/es\\\/o-grupo-popular-demandara-no-pleno-que-o-goberno-central-axilice-o-traspaso-dos-fondos-para-autonomos-e-empresas-e-modifique-os-criterios-de-reparto-para-non-prexudicar-a-galicia\\\/#respond\"]}]},{\"@type\":\"WebPage\",\"@id\":\"https:\\\/\\\/ppdegalicia.com\\\/es\\\/o-grupo-popular-demandara-no-pleno-que-o-goberno-central-axilice-o-traspaso-dos-fondos-para-autonomos-e-empresas-e-modifique-os-criterios-de-reparto-para-non-prexudicar-a-galicia\\\/\",\"url\":\"https:\\\/\\\/ppdegalicia.com\\\/es\\\/o-grupo-popular-demandara-no-pleno-que-o-goberno-central-axilice-o-traspaso-dos-fondos-para-autonomos-e-empresas-e-modifique-os-criterios-de-reparto-para-non-prexudicar-a-galicia\\\/\",\"name\":\"O Grupo Popular demandar\u00e1 no Pleno que o Goberno central axilice o traspaso dos fondos para aut\u00f3nomos e empresas, e modifique os criterios de reparto para non prexudicar a Galicia - PP de Galicia\",\"isPartOf\":{\"@id\":\"https:\\\/\\\/ppdegalicia.com\\\/es\\\/#website\"},\"primaryImageOfPage\":{\"@id\":\"https:\\\/\\\/ppdegalicia.com\\\/es\\\/o-grupo-popular-demandara-no-pleno-que-o-goberno-central-axilice-o-traspaso-dos-fondos-para-autonomos-e-empresas-e-modifique-os-criterios-de-reparto-para-non-prexudicar-a-galicia\\\/#primaryimage\"},\"image\":{\"@id\":\"https:\\\/\\\/ppdegalicia.com\\\/es\\\/o-grupo-popular-demandara-no-pleno-que-o-goberno-central-axilice-o-traspaso-dos-fondos-para-autonomos-e-empresas-e-modifique-os-criterios-de-reparto-para-non-prexudicar-a-galicia\\\/#primaryimage\"},\"thumbnailUrl\":\"https:\\\/\\\/ppdegalicia.com\\\/wp-content\\\/uploads\\\/2021\\\/04\\\/784c8973be341bbd1d6481617b4ddae9.jpg\",\"datePublished\":\"2021-04-06T13:34:33+00:00\",\"breadcrumb\":{\"@id\":\"https:\\\/\\\/ppdegalicia.com\\\/es\\\/o-grupo-popular-demandara-no-pleno-que-o-goberno-central-axilice-o-traspaso-dos-fondos-para-autonomos-e-empresas-e-modifique-os-criterios-de-reparto-para-non-prexudicar-a-galicia\\\/#breadcrumb\"},\"inLanguage\":\"es\",\"potentialAction\":[{\"@type\":\"ReadAction\",\"target\":[\"https:\\\/\\\/ppdegalicia.com\\\/es\\\/o-grupo-popular-demandara-no-pleno-que-o-goberno-central-axilice-o-traspaso-dos-fondos-para-autonomos-e-empresas-e-modifique-os-criterios-de-reparto-para-non-prexudicar-a-galicia\\\/\"]}]},{\"@type\":\"ImageObject\",\"inLanguage\":\"es\",\"@id\":\"https:\\\/\\\/ppdegalicia.com\\\/es\\\/o-grupo-popular-demandara-no-pleno-que-o-goberno-central-axilice-o-traspaso-dos-fondos-para-autonomos-e-empresas-e-modifique-os-criterios-de-reparto-para-non-prexudicar-a-galicia\\\/#primaryimage\",\"url\":\"https:\\\/\\\/ppdegalicia.com\\\/wp-content\\\/uploads\\\/2021\\\/04\\\/784c8973be341bbd1d6481617b4ddae9.jpg\",\"contentUrl\":\"https:\\\/\\\/ppdegalicia.com\\\/wp-content\\\/uploads\\\/2021\\\/04\\\/784c8973be341bbd1d6481617b4ddae9.jpg\",\"width\":1900,\"height\":1267},{\"@type\":\"BreadcrumbList\",\"@id\":\"https:\\\/\\\/ppdegalicia.com\\\/es\\\/o-grupo-popular-demandara-no-pleno-que-o-goberno-central-axilice-o-traspaso-dos-fondos-para-autonomos-e-empresas-e-modifique-os-criterios-de-reparto-para-non-prexudicar-a-galicia\\\/#breadcrumb\",\"itemListElement\":[{\"@type\":\"ListItem\",\"position\":1,\"name\":\"Portada\",\"item\":\"https:\\\/\\\/ppdegalicia.com\\\/es\\\/\"},{\"@type\":\"ListItem\",\"position\":2,\"name\":\"O Grupo Popular demandar\u00e1 no Pleno que o Goberno central axilice o traspaso dos fondos para aut\u00f3nomos e empresas, e modifique os criterios de reparto para non prexudicar a Galicia\"}]},{\"@type\":\"WebSite\",\"@id\":\"https:\\\/\\\/ppdegalicia.com\\\/es\\\/#website\",\"url\":\"https:\\\/\\\/ppdegalicia.com\\\/es\\\/\",\"name\":\"Partido Popular de Galicia\",\"description\":\"Partido Popular de Galicia\",\"publisher\":{\"@id\":\"https:\\\/\\\/ppdegalicia.com\\\/es\\\/#organization\"},\"alternateName\":\"PP de Galicia\",\"potentialAction\":[{\"@type\":\"SearchAction\",\"target\":{\"@type\":\"EntryPoint\",\"urlTemplate\":\"https:\\\/\\\/ppdegalicia.com\\\/es\\\/?s={search_term_string}\"},\"query-input\":{\"@type\":\"PropertyValueSpecification\",\"valueRequired\":true,\"valueName\":\"search_term_string\"}}],\"inLanguage\":\"es\"},{\"@type\":\"Organization\",\"@id\":\"https:\\\/\\\/ppdegalicia.com\\\/es\\\/#organization\",\"name\":\"Partido Popular de Galicia\",\"alternateName\":\"PP de Galicia\",\"url\":\"https:\\\/\\\/ppdegalicia.com\\\/es\\\/\",\"logo\":{\"@type\":\"ImageObject\",\"inLanguage\":\"es\",\"@id\":\"https:\\\/\\\/ppdegalicia.com\\\/es\\\/#\\\/schema\\\/logo\\\/image\\\/\",\"url\":\"https:\\\/\\\/ppdegalicia.com\\\/wp-content\\\/uploads\\\/2023\\\/04\\\/logoPP512.png\",\"contentUrl\":\"https:\\\/\\\/ppdegalicia.com\\\/wp-content\\\/uploads\\\/2023\\\/04\\\/logoPP512.png\",\"width\":512,\"height\":512,\"caption\":\"Partido Popular de Galicia\"},\"image\":{\"@id\":\"https:\\\/\\\/ppdegalicia.com\\\/es\\\/#\\\/schema\\\/logo\\\/image\\\/\"},\"sameAs\":[\"https:\\\/\\\/www.instagram.com\\\/ppdegalicia\\\/\",\"https:\\\/\\\/x.com\\\/ppdegalicia\",\"https:\\\/\\\/www.tiktok.com\\\/@ppdegalicia\",\"https:\\\/\\\/www.youtube.com\\\/user\\\/ppdegalicia\"]},{\"@type\":\"Person\",\"@id\":\"https:\\\/\\\/ppdegalicia.com\\\/es\\\/#\\\/schema\\\/person\\\/5b822c6f59e872ebdd1142f307dbcb59\",\"name\":\"ppdegaliciaredes\",\"image\":{\"@type\":\"ImageObject\",\"inLanguage\":\"es\",\"@id\":\"https:\\\/\\\/secure.gravatar.com\\\/avatar\\\/3c9179cf0256d00c72a48d1f25783c58b6842cd56e85ef3a572881c8e28ccd59?s=96&d=mm&r=g\",\"url\":\"https:\\\/\\\/secure.gravatar.com\\\/avatar\\\/3c9179cf0256d00c72a48d1f25783c58b6842cd56e85ef3a572881c8e28ccd59?s=96&d=mm&r=g\",\"contentUrl\":\"https:\\\/\\\/secure.gravatar.com\\\/avatar\\\/3c9179cf0256d00c72a48d1f25783c58b6842cd56e85ef3a572881c8e28ccd59?s=96&d=mm&r=g\",\"caption\":\"ppdegaliciaredes\"},\"url\":\"https:\\\/\\\/ppdegalicia.com\\\/es\\\/author\\\/ppdegaliciaredes\\\/\"}]}<\/script>\n<!-- \/ Yoast SEO plugin. -->","yoast_head_json":{"title":"O Grupo Popular demandar\u00e1 no Pleno que o Goberno central axilice o traspaso dos fondos para aut\u00f3nomos e empresas, e modifique os criterios de reparto para non prexudicar a Galicia - PP de Galicia","robots":{"index":"index","follow":"follow","max-snippet":"max-snippet:-1","max-image-preview":"max-image-preview:large","max-video-preview":"max-video-preview:-1"},"canonical":"https:\/\/ppdegalicia.com\/es\/o-grupo-popular-demandara-no-pleno-que-o-goberno-central-axilice-o-traspaso-dos-fondos-para-autonomos-e-empresas-e-modifique-os-criterios-de-reparto-para-non-prexudicar-a-galicia\/","og_locale":"es_ES","og_type":"article","og_title":"O Grupo Popular demandar\u00e1 no Pleno que o Goberno central axilice o traspaso dos fondos para aut\u00f3nomos e empresas, e modifique os criterios de reparto para non prexudicar a Galicia - PP de Galicia","og_description":"Santiago, 6 de abril de 2021.- O Grupo Popular demandar\u00e1 no Pleno da vindeira semana ao Goberno de Espa\u00f1a m\u00e1xima urxencia na tramitaci\u00f3n e sinatura do convenio coa Xunta para a transferencia dos fondos derivados do Real Decreto-Ley de apoio \u00e1 solvencia empresarial en resposta \u00e1 pandemia da Covid-19, ao tempo que modifique os criterios [&hellip;]","og_url":"https:\/\/ppdegalicia.com\/es\/o-grupo-popular-demandara-no-pleno-que-o-goberno-central-axilice-o-traspaso-dos-fondos-para-autonomos-e-empresas-e-modifique-os-criterios-de-reparto-para-non-prexudicar-a-galicia\/","og_site_name":"PP de Galicia","article_publisher":"https:\/\/www.instagram.com\/ppdegalicia\/","article_published_time":"2021-04-06T13:34:33+00:00","og_image":[{"width":1900,"height":1267,"url":"https:\/\/ppdegalicia.com\/wp-content\/uploads\/2021\/04\/784c8973be341bbd1d6481617b4ddae9.jpg","type":"image\/jpeg"}],"author":"ppdegaliciaredes","twitter_card":"summary_large_image","twitter_creator":"@ppdegalicia","twitter_site":"@ppdegalicia","twitter_misc":{"Escrito por":"ppdegaliciaredes","Tiempo de lectura":"4 minutos"},"schema":{"@context":"https:\/\/schema.org","@graph":[{"@type":"Article","@id":"https:\/\/ppdegalicia.com\/es\/o-grupo-popular-demandara-no-pleno-que-o-goberno-central-axilice-o-traspaso-dos-fondos-para-autonomos-e-empresas-e-modifique-os-criterios-de-reparto-para-non-prexudicar-a-galicia\/#article","isPartOf":{"@id":"https:\/\/ppdegalicia.com\/es\/o-grupo-popular-demandara-no-pleno-que-o-goberno-central-axilice-o-traspaso-dos-fondos-para-autonomos-e-empresas-e-modifique-os-criterios-de-reparto-para-non-prexudicar-a-galicia\/"},"author":{"name":"ppdegaliciaredes","@id":"https:\/\/ppdegalicia.com\/es\/#\/schema\/person\/5b822c6f59e872ebdd1142f307dbcb59"},"headline":"O Grupo Popular demandar\u00e1 no Pleno que o Goberno central axilice o traspaso dos fondos para aut\u00f3nomos e empresas, e modifique os criterios de reparto para non prexudicar a Galicia","datePublished":"2021-04-06T13:34:33+00:00","mainEntityOfPage":{"@id":"https:\/\/ppdegalicia.com\/es\/o-grupo-popular-demandara-no-pleno-que-o-goberno-central-axilice-o-traspaso-dos-fondos-para-autonomos-e-empresas-e-modifique-os-criterios-de-reparto-para-non-prexudicar-a-galicia\/"},"wordCount":762,"commentCount":0,"publisher":{"@id":"https:\/\/ppdegalicia.com\/es\/#organization"},"image":{"@id":"https:\/\/ppdegalicia.com\/es\/o-grupo-popular-demandara-no-pleno-que-o-goberno-central-axilice-o-traspaso-dos-fondos-para-autonomos-e-empresas-e-modifique-os-criterios-de-reparto-para-non-prexudicar-a-galicia\/#primaryimage"},"thumbnailUrl":"https:\/\/ppdegalicia.com\/wp-content\/uploads\/2021\/04\/784c8973be341bbd1d6481617b4ddae9.jpg","articleSection":["PP de Galicia"],"inLanguage":"es","potentialAction":[{"@type":"CommentAction","name":"Comment","target":["https:\/\/ppdegalicia.com\/es\/o-grupo-popular-demandara-no-pleno-que-o-goberno-central-axilice-o-traspaso-dos-fondos-para-autonomos-e-empresas-e-modifique-os-criterios-de-reparto-para-non-prexudicar-a-galicia\/#respond"]}]},{"@type":"WebPage","@id":"https:\/\/ppdegalicia.com\/es\/o-grupo-popular-demandara-no-pleno-que-o-goberno-central-axilice-o-traspaso-dos-fondos-para-autonomos-e-empresas-e-modifique-os-criterios-de-reparto-para-non-prexudicar-a-galicia\/","url":"https:\/\/ppdegalicia.com\/es\/o-grupo-popular-demandara-no-pleno-que-o-goberno-central-axilice-o-traspaso-dos-fondos-para-autonomos-e-empresas-e-modifique-os-criterios-de-reparto-para-non-prexudicar-a-galicia\/","name":"O Grupo Popular demandar\u00e1 no Pleno que o Goberno central axilice o traspaso dos fondos para aut\u00f3nomos e empresas, e modifique os criterios de reparto para non prexudicar a Galicia - PP de Galicia","isPartOf":{"@id":"https:\/\/ppdegalicia.com\/es\/#website"},"primaryImageOfPage":{"@id":"https:\/\/ppdegalicia.com\/es\/o-grupo-popular-demandara-no-pleno-que-o-goberno-central-axilice-o-traspaso-dos-fondos-para-autonomos-e-empresas-e-modifique-os-criterios-de-reparto-para-non-prexudicar-a-galicia\/#primaryimage"},"image":{"@id":"https:\/\/ppdegalicia.com\/es\/o-grupo-popular-demandara-no-pleno-que-o-goberno-central-axilice-o-traspaso-dos-fondos-para-autonomos-e-empresas-e-modifique-os-criterios-de-reparto-para-non-prexudicar-a-galicia\/#primaryimage"},"thumbnailUrl":"https:\/\/ppdegalicia.com\/wp-content\/uploads\/2021\/04\/784c8973be341bbd1d6481617b4ddae9.jpg","datePublished":"2021-04-06T13:34:33+00:00","breadcrumb":{"@id":"https:\/\/ppdegalicia.com\/es\/o-grupo-popular-demandara-no-pleno-que-o-goberno-central-axilice-o-traspaso-dos-fondos-para-autonomos-e-empresas-e-modifique-os-criterios-de-reparto-para-non-prexudicar-a-galicia\/#breadcrumb"},"inLanguage":"es","potentialAction":[{"@type":"ReadAction","target":["https:\/\/ppdegalicia.com\/es\/o-grupo-popular-demandara-no-pleno-que-o-goberno-central-axilice-o-traspaso-dos-fondos-para-autonomos-e-empresas-e-modifique-os-criterios-de-reparto-para-non-prexudicar-a-galicia\/"]}]},{"@type":"ImageObject","inLanguage":"es","@id":"https:\/\/ppdegalicia.com\/es\/o-grupo-popular-demandara-no-pleno-que-o-goberno-central-axilice-o-traspaso-dos-fondos-para-autonomos-e-empresas-e-modifique-os-criterios-de-reparto-para-non-prexudicar-a-galicia\/#primaryimage","url":"https:\/\/ppdegalicia.com\/wp-content\/uploads\/2021\/04\/784c8973be341bbd1d6481617b4ddae9.jpg","contentUrl":"https:\/\/ppdegalicia.com\/wp-content\/uploads\/2021\/04\/784c8973be341bbd1d6481617b4ddae9.jpg","width":1900,"height":1267},{"@type":"BreadcrumbList","@id":"https:\/\/ppdegalicia.com\/es\/o-grupo-popular-demandara-no-pleno-que-o-goberno-central-axilice-o-traspaso-dos-fondos-para-autonomos-e-empresas-e-modifique-os-criterios-de-reparto-para-non-prexudicar-a-galicia\/#breadcrumb","itemListElement":[{"@type":"ListItem","position":1,"name":"Portada","item":"https:\/\/ppdegalicia.com\/es\/"},{"@type":"ListItem","position":2,"name":"O Grupo Popular demandar\u00e1 no Pleno que o Goberno central axilice o traspaso dos fondos para aut\u00f3nomos e empresas, e modifique os criterios de reparto para non prexudicar a Galicia"}]},{"@type":"WebSite","@id":"https:\/\/ppdegalicia.com\/es\/#website","url":"https:\/\/ppdegalicia.com\/es\/","name":"Partido Popular de Galicia","description":"Partido Popular de Galicia","publisher":{"@id":"https:\/\/ppdegalicia.com\/es\/#organization"},"alternateName":"PP de Galicia","potentialAction":[{"@type":"SearchAction","target":{"@type":"EntryPoint","urlTemplate":"https:\/\/ppdegalicia.com\/es\/?s={search_term_string}"},"query-input":{"@type":"PropertyValueSpecification","valueRequired":true,"valueName":"search_term_string"}}],"inLanguage":"es"},{"@type":"Organization","@id":"https:\/\/ppdegalicia.com\/es\/#organization","name":"Partido Popular de Galicia","alternateName":"PP de Galicia","url":"https:\/\/ppdegalicia.com\/es\/","logo":{"@type":"ImageObject","inLanguage":"es","@id":"https:\/\/ppdegalicia.com\/es\/#\/schema\/logo\/image\/","url":"https:\/\/ppdegalicia.com\/wp-content\/uploads\/2023\/04\/logoPP512.png","contentUrl":"https:\/\/ppdegalicia.com\/wp-content\/uploads\/2023\/04\/logoPP512.png","width":512,"height":512,"caption":"Partido Popular de Galicia"},"image":{"@id":"https:\/\/ppdegalicia.com\/es\/#\/schema\/logo\/image\/"},"sameAs":["https:\/\/www.instagram.com\/ppdegalicia\/","https:\/\/x.com\/ppdegalicia","https:\/\/www.tiktok.com\/@ppdegalicia","https:\/\/www.youtube.com\/user\/ppdegalicia"]},{"@type":"Person","@id":"https:\/\/ppdegalicia.com\/es\/#\/schema\/person\/5b822c6f59e872ebdd1142f307dbcb59","name":"ppdegaliciaredes","image":{"@type":"ImageObject","inLanguage":"es","@id":"https:\/\/secure.gravatar.com\/avatar\/3c9179cf0256d00c72a48d1f25783c58b6842cd56e85ef3a572881c8e28ccd59?s=96&d=mm&r=g","url":"https:\/\/secure.gravatar.com\/avatar\/3c9179cf0256d00c72a48d1f25783c58b6842cd56e85ef3a572881c8e28ccd59?s=96&d=mm&r=g","contentUrl":"https:\/\/secure.gravatar.com\/avatar\/3c9179cf0256d00c72a48d1f25783c58b6842cd56e85ef3a572881c8e28ccd59?s=96&d=mm&r=g","caption":"ppdegaliciaredes"},"url":"https:\/\/ppdegalicia.com\/es\/author\/ppdegaliciaredes\/"}]}},"_links":{"self":[{"href":"https:\/\/ppdegalicia.com\/es\/wp-json\/wp\/v2\/posts\/55522","targetHints":{"allow":["GET"]}}],"collection":[{"href":"https:\/\/ppdegalicia.com\/es\/wp-json\/wp\/v2\/posts"}],"about":[{"href":"https:\/\/ppdegalicia.com\/es\/wp-json\/wp\/v2\/types\/post"}],"author":[{"embeddable":true,"href":"https:\/\/ppdegalicia.com\/es\/wp-json\/wp\/v2\/users\/38"}],"replies":[{"embeddable":true,"href":"https:\/\/ppdegalicia.com\/es\/wp-json\/wp\/v2\/comments?post=55522"}],"version-history":[{"count":0,"href":"https:\/\/ppdegalicia.com\/es\/wp-json\/wp\/v2\/posts\/55522\/revisions"}],"wp:featuredmedia":[{"embeddable":true,"href":"https:\/\/ppdegalicia.com\/es\/wp-json\/wp\/v2\/media\/55521"}],"wp:attachment":[{"href":"https:\/\/ppdegalicia.com\/es\/wp-json\/wp\/v2\/media?parent=55522"}],"wp:term":[{"taxonomy":"category","embeddable":true,"href":"https:\/\/ppdegalicia.com\/es\/wp-json\/wp\/v2\/categories?post=55522"},{"taxonomy":"post_tag","embeddable":true,"href":"https:\/\/ppdegalicia.com\/es\/wp-json\/wp\/v2\/tags?post=55522"}],"curies":[{"name":"wp","href":"https:\/\/api.w.org\/{rel}","templated":true}]}}