{"id":55548,"date":"2021-04-09T11:42:29","date_gmt":"2021-04-09T09:42:29","guid":{"rendered":"https:\/\/ppdegalicia.com\/tellado-galicia-sae-da-terceira-onda-coa-menor-taxa-de-mortalidade-da-peninsula-grazas-a-un-sistema-sanitario-dotado-e-preparado\/"},"modified":"2021-04-09T11:42:29","modified_gmt":"2021-04-09T09:42:29","slug":"tellado-galicia-sae-da-terceira-onda-coa-menor-taxa-de-mortalidade-da-peninsula-grazas-a-un-sistema-sanitario-dotado-e-preparado","status":"publish","type":"post","link":"https:\/\/ppdegalicia.com\/es\/tellado-galicia-sae-da-terceira-onda-coa-menor-taxa-de-mortalidade-da-peninsula-grazas-a-un-sistema-sanitario-dotado-e-preparado\/","title":{"rendered":"Tellado: \u201cGalicia sae da terceira onda coa menor taxa de mortalidade da Pen\u00ednsula grazas a un sistema sanitario dotado e preparado\u201d"},"content":{"rendered":"<p><img fetchpriority=\"high\" decoding=\"async\" class=\" size-full wp-image-55547\" src=\"https:\/\/ppdegalicia.com\/wp-content\/uploads\/2021\/04\/4b75a567ec7996d6caf8708aa156630f.jpg\" alt=\"\" width=\"1600\" height=\"900\" srcset=\"https:\/\/ppdegalicia.com\/wp-content\/uploads\/2021\/04\/4b75a567ec7996d6caf8708aa156630f.jpg 1600w, https:\/\/ppdegalicia.com\/wp-content\/uploads\/2021\/04\/4b75a567ec7996d6caf8708aa156630f-300x169.jpg 300w, https:\/\/ppdegalicia.com\/wp-content\/uploads\/2021\/04\/4b75a567ec7996d6caf8708aa156630f-1024x576.jpg 1024w, https:\/\/ppdegalicia.com\/wp-content\/uploads\/2021\/04\/4b75a567ec7996d6caf8708aa156630f-768x432.jpg 768w, https:\/\/ppdegalicia.com\/wp-content\/uploads\/2021\/04\/4b75a567ec7996d6caf8708aa156630f-1536x864.jpg 1536w\" sizes=\"(max-width: 1600px) 100vw, 1600px\" \/><\/p>\n<p style=\"text-align: justify;\">Lamenta a actitude desleal da oposici\u00f3n neste \u00faltimo ano, entregada \u00e1 cr\u00edtica destrutiva e buscando o seu interese electoral e partidista\u00a0<\/p>\n<p><!--more--><\/p>\n<p style=\"text-align: justify;\">O secretario xeral do PPdeG, Miguel Tellado, asegurou que, grazas a que o Sergas respondeu eficazmente \u00e1 crise sanitaria, ao extraordinario compromiso dos profesionais da sa\u00fade e \u00e1 anticipaci\u00f3n, planeamento e responsabilidade da Xunta, hoxe sa\u00edmos da terceira onda coa menor taxa de mortalidade\u00a0da Pen\u00ednsula -85 falecidos por cada 100.000 habitantes- malia a ter unha das poboaci\u00f3ns m\u00e1is envellecidas, e polo tanto con maior risco, de toda Espa\u00f1a.<\/p>\n<p style=\"text-align: justify;\">\u00a0<\/p>\n<p style=\"text-align: justify;\">Segundo precisou, a pandemia deixou claro que Galicia ten un dos mellores sistemas sanitarios de Espa\u00f1a e de Europa e resaltou todos os investimentos que o Goberno galego destinou \u00e1 nosa Sanidade p\u00fablica na \u00faltima d\u00e9cada que,\u00a0 contradicindo o falso relato da oposici\u00f3n, permitiron contar cos medios e os equipamentos necesarios.<\/p>\n<p style=\"text-align: justify;\">\u00a0<\/p>\n<p style=\"text-align: justify;\"><strong><u>GALICIA, PIONEIRA EN PREVENCI\u00d3N E DIAGN\u00d3STICO<\/u><\/strong><\/p>\n<p style=\"text-align: justify;\">O n\u00famero dous dos populares galegos puxo en valor todo o que se logrou durante este ano, comezando coa creaci\u00f3n do Comit\u00e9 Cl\u00ednico de expertos, \u201ccon nomes e apelidos\u201d, que desde o primeiro mes da pandemia asesora ao Goberno e define as medidas a tomar base\u00e1ndose en criterios m\u00e9dicos e cient\u00edficos.<\/p>\n<p style=\"text-align: justify;\">\u00a0<\/p>\n<p style=\"text-align: justify;\">Ademais, salientou que Galicia se adiantou a outras Comunidades e ao Estado na toma das primeiras medidas, sen cometer os grandes erros do Executivo de S\u00e1nchez, e foi pioneira no reforzo da plantilla sanitaria, o piar principal para a xesti\u00f3n da pandemia.<\/p>\n<p style=\"text-align: justify;\">\u00a0<\/p>\n<p style=\"text-align: justify;\">Tellado tam\u00e9n recordou que fomos a primeira Autonom\u00eda en aplicar algunhas medidas que logo se estenderon por toda Espa\u00f1a como o COVID-AUTO ou o sistema de atenci\u00f3n a domicilio TELEA, sen esquecer tampouco outras acci\u00f3ns como o Rexistro de Viaxeiros, as Unidades Multidisciplinares Covid ou o Plan de Intervenci\u00f3n Psicosocial.<\/p>\n<p style=\"text-align: justify;\">\u00a0<\/p>\n<p style=\"text-align: justify;\">De igual xeito, a Comunidade foi pioneira na demanda dunha lexislaci\u00f3n para a xesti\u00f3n da pandemia e, ante a inacci\u00f3n do Goberno central, desenvolveu a s\u00faa propia na materia mentres o Executivo de S\u00e1nchez \u201cest\u00e1 ocupado desenvolvendo leis para acabar coa industria costeira do nosos pa\u00eds\u201d.<\/p>\n<p style=\"text-align: justify;\"><strong>\u00a0<\/strong><\/p>\n<p style=\"text-align: justify;\"><strong><u>UNHA OPOSICI\u00d3N DESTRUTIVA E DESLEAL<\/u><\/strong><\/p>\n<p style=\"text-align: justify;\">O secretario xeral lamentou que, fronte a esta realidade indiscutible, haxa unha oposici\u00f3n absolutamente desleal, entregada \u00e1 critica destrutiva e oportunista e que non arrimou o ombro en ning\u00fan momento deste ano de pandemia.<\/p>\n<p style=\"text-align: justify;\">\u00a0<\/p>\n<p style=\"text-align: justify;\">Pola s\u00faa parte, o BNG de Ana Pont\u00f3n unhas veces ped\u00eda m\u00e1is peches e restrici\u00f3ns e outras criticaba a dureza das medidas e demandaba unha maior apertura, contradic\u00edndose nalgunha ocasi\u00f3n cunha diferenza de horas, e sempre cun \u00fanico criterio do seu interese partidista.<\/p>\n<p style=\"text-align: justify;\">\u00a0<\/p>\n<p style=\"text-align: justify;\">No caso dos socialistas galegos, apuntou que actuaron defendendo o indefendible, xa que nestes \u00faltimos meses a actuaci\u00f3n do Executivo de S\u00e1nchez \u201csuperou todos os limites da indecencia\u201d, s\u00f3 preocupado polos xogos pol\u00edticos, facendo candidato ao Ministro de Sanidade en plena pandemia, intentado desestabilizar gobernos auton\u00f3micos con moci\u00f3ns de censura e dedicando todos os seus recursos aos seus intereses electorais, primeiro en Catalu\u00f1a e agora en Madrid. \u201cDurante todo este tempo a \u00fanica aportaci\u00f3n de Gonzalo Caballero foi a de palmeiro do Goberno, o m\u00e1is devoto de S\u00e1nchez con tal de manter o seu posto \u00e1 fronte do PSdeG\u201d.<\/p>\n<p style=\"text-align: justify;\">\u00a0<\/p>\n<p style=\"text-align: justify;\"><strong><u>AS PR\u00c1CTICAS CACIQU\u00cdS DE ABEL CABALLERO<\/u><\/strong><\/p>\n<p style=\"text-align: justify;\">Por \u00faltimo, referiuse ao novo caso de condena por corrupci\u00f3n no PSOE de Galicia, logo de que o alcalde ped\u00e1neo de Bembrive, en Vigo, fose hoxe enviado a prisi\u00f3n por falsidade documental, prevaricaci\u00f3n e malversaci\u00f3n.<\/p>\n<p style=\"text-align: justify;\">\u00a0<\/p>\n<p style=\"text-align: justify;\">Sobre isto lembrou que membros do PPdeG visitaron este lugar hai anos para denunciar esta situaci\u00f3n e pedir a s\u00faa dimisi\u00f3n, que tardou meses en producirse. \u201cEse d\u00eda sufrimos un escrache por parte dos af\u00edns de Abel Caballero e do PSOE de Vigo, que boicotearon unha comparecencia p\u00fablica de cargos electos. Agora a xustiza danos a raz\u00f3n e decreta a entrada en prisi\u00f3n da man dereita de Caballero na zona, o que demostra que as pr\u00e1cticas caciqu\u00eds do alcalde de Vigo non sempre escapan \u00e1 xustiza\u201d, aseverou admitindo que agarda a resposta do rexedor para confirmar se esta vez tam\u00e9n dir\u00e1 que a xudicatura est\u00e1 en contra de Vigo e de el.<\/p>\n","protected":false},"excerpt":{"rendered":"<p>Lamenta a actitude desleal da oposici\u00f3n neste \u00faltimo ano, entregada \u00e1 cr\u00edtica destrutiva e buscando o seu interese electoral e partidista\u00a0<\/p>\n","protected":false},"author":38,"featured_media":55547,"comment_status":"open","ping_status":"open","sticky":false,"template":"","format":"standard","meta":{"_acf_changed":false,"footnotes":""},"categories":[1],"tags":[],"class_list":["post-55548","post","type-post","status-publish","format-standard","has-post-thumbnail","hentry","category-pp-de-galicia"],"acf":[],"yoast_head":"<!-- This site is optimized with the Yoast SEO plugin v27.3 - https:\/\/yoast.com\/product\/yoast-seo-wordpress\/ -->\n<title>Tellado: \u201cGalicia sae da terceira onda coa menor taxa de mortalidade da Pen\u00ednsula grazas a un sistema sanitario dotado e preparado\u201d - PP de Galicia<\/title>\n<meta name=\"robots\" content=\"index, follow, max-snippet:-1, max-image-preview:large, max-video-preview:-1\" \/>\n<link rel=\"canonical\" href=\"https:\/\/ppdegalicia.com\/es\/tellado-galicia-sae-da-terceira-onda-coa-menor-taxa-de-mortalidade-da-peninsula-grazas-a-un-sistema-sanitario-dotado-e-preparado\/\" \/>\n<meta property=\"og:locale\" content=\"es_ES\" \/>\n<meta property=\"og:type\" content=\"article\" \/>\n<meta property=\"og:title\" content=\"Tellado: \u201cGalicia sae da terceira onda coa menor taxa de mortalidade da Pen\u00ednsula grazas a un sistema sanitario dotado e preparado\u201d - PP de Galicia\" \/>\n<meta property=\"og:description\" content=\"Lamenta a actitude desleal da oposici\u00f3n neste \u00faltimo ano, entregada \u00e1 cr\u00edtica destrutiva e buscando o seu interese electoral e partidista\u00a0\" \/>\n<meta property=\"og:url\" content=\"https:\/\/ppdegalicia.com\/es\/tellado-galicia-sae-da-terceira-onda-coa-menor-taxa-de-mortalidade-da-peninsula-grazas-a-un-sistema-sanitario-dotado-e-preparado\/\" \/>\n<meta property=\"og:site_name\" content=\"PP de Galicia\" \/>\n<meta property=\"article:publisher\" content=\"https:\/\/www.instagram.com\/ppdegalicia\/\" \/>\n<meta property=\"article:published_time\" content=\"2021-04-09T09:42:29+00:00\" \/>\n<meta property=\"og:image\" content=\"https:\/\/ppdegalicia.com\/wp-content\/uploads\/2021\/04\/4b75a567ec7996d6caf8708aa156630f.jpg\" \/>\n\t<meta property=\"og:image:width\" content=\"1600\" \/>\n\t<meta property=\"og:image:height\" content=\"900\" \/>\n\t<meta property=\"og:image:type\" content=\"image\/jpeg\" \/>\n<meta name=\"author\" content=\"ppdegaliciaredes\" \/>\n<meta name=\"twitter:card\" content=\"summary_large_image\" \/>\n<meta name=\"twitter:creator\" content=\"@ppdegalicia\" \/>\n<meta name=\"twitter:site\" content=\"@ppdegalicia\" \/>\n<meta name=\"twitter:label1\" content=\"Escrito por\" \/>\n\t<meta name=\"twitter:data1\" content=\"ppdegaliciaredes\" \/>\n\t<meta name=\"twitter:label2\" content=\"Tiempo de lectura\" \/>\n\t<meta name=\"twitter:data2\" content=\"4 minutos\" \/>\n<script type=\"application\/ld+json\" class=\"yoast-schema-graph\">{\"@context\":\"https:\\\/\\\/schema.org\",\"@graph\":[{\"@type\":\"Article\",\"@id\":\"https:\\\/\\\/ppdegalicia.com\\\/es\\\/tellado-galicia-sae-da-terceira-onda-coa-menor-taxa-de-mortalidade-da-peninsula-grazas-a-un-sistema-sanitario-dotado-e-preparado\\\/#article\",\"isPartOf\":{\"@id\":\"https:\\\/\\\/ppdegalicia.com\\\/es\\\/tellado-galicia-sae-da-terceira-onda-coa-menor-taxa-de-mortalidade-da-peninsula-grazas-a-un-sistema-sanitario-dotado-e-preparado\\\/\"},\"author\":{\"name\":\"ppdegaliciaredes\",\"@id\":\"https:\\\/\\\/ppdegalicia.com\\\/es\\\/#\\\/schema\\\/person\\\/5b822c6f59e872ebdd1142f307dbcb59\"},\"headline\":\"Tellado: \u201cGalicia sae da terceira onda coa menor taxa de mortalidade da Pen\u00ednsula grazas a un sistema sanitario dotado e preparado\u201d\",\"datePublished\":\"2021-04-09T09:42:29+00:00\",\"mainEntityOfPage\":{\"@id\":\"https:\\\/\\\/ppdegalicia.com\\\/es\\\/tellado-galicia-sae-da-terceira-onda-coa-menor-taxa-de-mortalidade-da-peninsula-grazas-a-un-sistema-sanitario-dotado-e-preparado\\\/\"},\"wordCount\":756,\"commentCount\":0,\"publisher\":{\"@id\":\"https:\\\/\\\/ppdegalicia.com\\\/es\\\/#organization\"},\"image\":{\"@id\":\"https:\\\/\\\/ppdegalicia.com\\\/es\\\/tellado-galicia-sae-da-terceira-onda-coa-menor-taxa-de-mortalidade-da-peninsula-grazas-a-un-sistema-sanitario-dotado-e-preparado\\\/#primaryimage\"},\"thumbnailUrl\":\"https:\\\/\\\/ppdegalicia.com\\\/wp-content\\\/uploads\\\/2021\\\/04\\\/4b75a567ec7996d6caf8708aa156630f.jpg\",\"articleSection\":[\"PP de Galicia\"],\"inLanguage\":\"es\",\"potentialAction\":[{\"@type\":\"CommentAction\",\"name\":\"Comment\",\"target\":[\"https:\\\/\\\/ppdegalicia.com\\\/es\\\/tellado-galicia-sae-da-terceira-onda-coa-menor-taxa-de-mortalidade-da-peninsula-grazas-a-un-sistema-sanitario-dotado-e-preparado\\\/#respond\"]}]},{\"@type\":\"WebPage\",\"@id\":\"https:\\\/\\\/ppdegalicia.com\\\/es\\\/tellado-galicia-sae-da-terceira-onda-coa-menor-taxa-de-mortalidade-da-peninsula-grazas-a-un-sistema-sanitario-dotado-e-preparado\\\/\",\"url\":\"https:\\\/\\\/ppdegalicia.com\\\/es\\\/tellado-galicia-sae-da-terceira-onda-coa-menor-taxa-de-mortalidade-da-peninsula-grazas-a-un-sistema-sanitario-dotado-e-preparado\\\/\",\"name\":\"Tellado: \u201cGalicia sae da terceira onda coa menor taxa de mortalidade da Pen\u00ednsula grazas a un sistema sanitario dotado e preparado\u201d - PP de Galicia\",\"isPartOf\":{\"@id\":\"https:\\\/\\\/ppdegalicia.com\\\/es\\\/#website\"},\"primaryImageOfPage\":{\"@id\":\"https:\\\/\\\/ppdegalicia.com\\\/es\\\/tellado-galicia-sae-da-terceira-onda-coa-menor-taxa-de-mortalidade-da-peninsula-grazas-a-un-sistema-sanitario-dotado-e-preparado\\\/#primaryimage\"},\"image\":{\"@id\":\"https:\\\/\\\/ppdegalicia.com\\\/es\\\/tellado-galicia-sae-da-terceira-onda-coa-menor-taxa-de-mortalidade-da-peninsula-grazas-a-un-sistema-sanitario-dotado-e-preparado\\\/#primaryimage\"},\"thumbnailUrl\":\"https:\\\/\\\/ppdegalicia.com\\\/wp-content\\\/uploads\\\/2021\\\/04\\\/4b75a567ec7996d6caf8708aa156630f.jpg\",\"datePublished\":\"2021-04-09T09:42:29+00:00\",\"breadcrumb\":{\"@id\":\"https:\\\/\\\/ppdegalicia.com\\\/es\\\/tellado-galicia-sae-da-terceira-onda-coa-menor-taxa-de-mortalidade-da-peninsula-grazas-a-un-sistema-sanitario-dotado-e-preparado\\\/#breadcrumb\"},\"inLanguage\":\"es\",\"potentialAction\":[{\"@type\":\"ReadAction\",\"target\":[\"https:\\\/\\\/ppdegalicia.com\\\/es\\\/tellado-galicia-sae-da-terceira-onda-coa-menor-taxa-de-mortalidade-da-peninsula-grazas-a-un-sistema-sanitario-dotado-e-preparado\\\/\"]}]},{\"@type\":\"ImageObject\",\"inLanguage\":\"es\",\"@id\":\"https:\\\/\\\/ppdegalicia.com\\\/es\\\/tellado-galicia-sae-da-terceira-onda-coa-menor-taxa-de-mortalidade-da-peninsula-grazas-a-un-sistema-sanitario-dotado-e-preparado\\\/#primaryimage\",\"url\":\"https:\\\/\\\/ppdegalicia.com\\\/wp-content\\\/uploads\\\/2021\\\/04\\\/4b75a567ec7996d6caf8708aa156630f.jpg\",\"contentUrl\":\"https:\\\/\\\/ppdegalicia.com\\\/wp-content\\\/uploads\\\/2021\\\/04\\\/4b75a567ec7996d6caf8708aa156630f.jpg\",\"width\":1600,\"height\":900},{\"@type\":\"BreadcrumbList\",\"@id\":\"https:\\\/\\\/ppdegalicia.com\\\/es\\\/tellado-galicia-sae-da-terceira-onda-coa-menor-taxa-de-mortalidade-da-peninsula-grazas-a-un-sistema-sanitario-dotado-e-preparado\\\/#breadcrumb\",\"itemListElement\":[{\"@type\":\"ListItem\",\"position\":1,\"name\":\"Portada\",\"item\":\"https:\\\/\\\/ppdegalicia.com\\\/es\\\/\"},{\"@type\":\"ListItem\",\"position\":2,\"name\":\"Tellado: \u201cGalicia sae da terceira onda coa menor taxa de mortalidade da Pen\u00ednsula grazas a un sistema sanitario dotado e preparado\u201d\"}]},{\"@type\":\"WebSite\",\"@id\":\"https:\\\/\\\/ppdegalicia.com\\\/es\\\/#website\",\"url\":\"https:\\\/\\\/ppdegalicia.com\\\/es\\\/\",\"name\":\"Partido Popular de Galicia\",\"description\":\"Partido Popular de Galicia\",\"publisher\":{\"@id\":\"https:\\\/\\\/ppdegalicia.com\\\/es\\\/#organization\"},\"alternateName\":\"PP de Galicia\",\"potentialAction\":[{\"@type\":\"SearchAction\",\"target\":{\"@type\":\"EntryPoint\",\"urlTemplate\":\"https:\\\/\\\/ppdegalicia.com\\\/es\\\/?s={search_term_string}\"},\"query-input\":{\"@type\":\"PropertyValueSpecification\",\"valueRequired\":true,\"valueName\":\"search_term_string\"}}],\"inLanguage\":\"es\"},{\"@type\":\"Organization\",\"@id\":\"https:\\\/\\\/ppdegalicia.com\\\/es\\\/#organization\",\"name\":\"Partido Popular de Galicia\",\"alternateName\":\"PP de Galicia\",\"url\":\"https:\\\/\\\/ppdegalicia.com\\\/es\\\/\",\"logo\":{\"@type\":\"ImageObject\",\"inLanguage\":\"es\",\"@id\":\"https:\\\/\\\/ppdegalicia.com\\\/es\\\/#\\\/schema\\\/logo\\\/image\\\/\",\"url\":\"https:\\\/\\\/ppdegalicia.com\\\/wp-content\\\/uploads\\\/2023\\\/04\\\/logoPP512.png\",\"contentUrl\":\"https:\\\/\\\/ppdegalicia.com\\\/wp-content\\\/uploads\\\/2023\\\/04\\\/logoPP512.png\",\"width\":512,\"height\":512,\"caption\":\"Partido Popular de Galicia\"},\"image\":{\"@id\":\"https:\\\/\\\/ppdegalicia.com\\\/es\\\/#\\\/schema\\\/logo\\\/image\\\/\"},\"sameAs\":[\"https:\\\/\\\/www.instagram.com\\\/ppdegalicia\\\/\",\"https:\\\/\\\/x.com\\\/ppdegalicia\",\"https:\\\/\\\/www.tiktok.com\\\/@ppdegalicia\",\"https:\\\/\\\/www.youtube.com\\\/user\\\/ppdegalicia\"]},{\"@type\":\"Person\",\"@id\":\"https:\\\/\\\/ppdegalicia.com\\\/es\\\/#\\\/schema\\\/person\\\/5b822c6f59e872ebdd1142f307dbcb59\",\"name\":\"ppdegaliciaredes\",\"image\":{\"@type\":\"ImageObject\",\"inLanguage\":\"es\",\"@id\":\"https:\\\/\\\/secure.gravatar.com\\\/avatar\\\/3c9179cf0256d00c72a48d1f25783c58b6842cd56e85ef3a572881c8e28ccd59?s=96&d=mm&r=g\",\"url\":\"https:\\\/\\\/secure.gravatar.com\\\/avatar\\\/3c9179cf0256d00c72a48d1f25783c58b6842cd56e85ef3a572881c8e28ccd59?s=96&d=mm&r=g\",\"contentUrl\":\"https:\\\/\\\/secure.gravatar.com\\\/avatar\\\/3c9179cf0256d00c72a48d1f25783c58b6842cd56e85ef3a572881c8e28ccd59?s=96&d=mm&r=g\",\"caption\":\"ppdegaliciaredes\"},\"url\":\"https:\\\/\\\/ppdegalicia.com\\\/es\\\/author\\\/ppdegaliciaredes\\\/\"}]}<\/script>\n<!-- \/ Yoast SEO plugin. -->","yoast_head_json":{"title":"Tellado: \u201cGalicia sae da terceira onda coa menor taxa de mortalidade da Pen\u00ednsula grazas a un sistema sanitario dotado e preparado\u201d - PP de Galicia","robots":{"index":"index","follow":"follow","max-snippet":"max-snippet:-1","max-image-preview":"max-image-preview:large","max-video-preview":"max-video-preview:-1"},"canonical":"https:\/\/ppdegalicia.com\/es\/tellado-galicia-sae-da-terceira-onda-coa-menor-taxa-de-mortalidade-da-peninsula-grazas-a-un-sistema-sanitario-dotado-e-preparado\/","og_locale":"es_ES","og_type":"article","og_title":"Tellado: \u201cGalicia sae da terceira onda coa menor taxa de mortalidade da Pen\u00ednsula grazas a un sistema sanitario dotado e preparado\u201d - PP de Galicia","og_description":"Lamenta a actitude desleal da oposici\u00f3n neste \u00faltimo ano, entregada \u00e1 cr\u00edtica destrutiva e buscando o seu interese electoral e partidista\u00a0","og_url":"https:\/\/ppdegalicia.com\/es\/tellado-galicia-sae-da-terceira-onda-coa-menor-taxa-de-mortalidade-da-peninsula-grazas-a-un-sistema-sanitario-dotado-e-preparado\/","og_site_name":"PP de Galicia","article_publisher":"https:\/\/www.instagram.com\/ppdegalicia\/","article_published_time":"2021-04-09T09:42:29+00:00","og_image":[{"width":1600,"height":900,"url":"https:\/\/ppdegalicia.com\/wp-content\/uploads\/2021\/04\/4b75a567ec7996d6caf8708aa156630f.jpg","type":"image\/jpeg"}],"author":"ppdegaliciaredes","twitter_card":"summary_large_image","twitter_creator":"@ppdegalicia","twitter_site":"@ppdegalicia","twitter_misc":{"Escrito por":"ppdegaliciaredes","Tiempo de lectura":"4 minutos"},"schema":{"@context":"https:\/\/schema.org","@graph":[{"@type":"Article","@id":"https:\/\/ppdegalicia.com\/es\/tellado-galicia-sae-da-terceira-onda-coa-menor-taxa-de-mortalidade-da-peninsula-grazas-a-un-sistema-sanitario-dotado-e-preparado\/#article","isPartOf":{"@id":"https:\/\/ppdegalicia.com\/es\/tellado-galicia-sae-da-terceira-onda-coa-menor-taxa-de-mortalidade-da-peninsula-grazas-a-un-sistema-sanitario-dotado-e-preparado\/"},"author":{"name":"ppdegaliciaredes","@id":"https:\/\/ppdegalicia.com\/es\/#\/schema\/person\/5b822c6f59e872ebdd1142f307dbcb59"},"headline":"Tellado: \u201cGalicia sae da terceira onda coa menor taxa de mortalidade da Pen\u00ednsula grazas a un sistema sanitario dotado e preparado\u201d","datePublished":"2021-04-09T09:42:29+00:00","mainEntityOfPage":{"@id":"https:\/\/ppdegalicia.com\/es\/tellado-galicia-sae-da-terceira-onda-coa-menor-taxa-de-mortalidade-da-peninsula-grazas-a-un-sistema-sanitario-dotado-e-preparado\/"},"wordCount":756,"commentCount":0,"publisher":{"@id":"https:\/\/ppdegalicia.com\/es\/#organization"},"image":{"@id":"https:\/\/ppdegalicia.com\/es\/tellado-galicia-sae-da-terceira-onda-coa-menor-taxa-de-mortalidade-da-peninsula-grazas-a-un-sistema-sanitario-dotado-e-preparado\/#primaryimage"},"thumbnailUrl":"https:\/\/ppdegalicia.com\/wp-content\/uploads\/2021\/04\/4b75a567ec7996d6caf8708aa156630f.jpg","articleSection":["PP de Galicia"],"inLanguage":"es","potentialAction":[{"@type":"CommentAction","name":"Comment","target":["https:\/\/ppdegalicia.com\/es\/tellado-galicia-sae-da-terceira-onda-coa-menor-taxa-de-mortalidade-da-peninsula-grazas-a-un-sistema-sanitario-dotado-e-preparado\/#respond"]}]},{"@type":"WebPage","@id":"https:\/\/ppdegalicia.com\/es\/tellado-galicia-sae-da-terceira-onda-coa-menor-taxa-de-mortalidade-da-peninsula-grazas-a-un-sistema-sanitario-dotado-e-preparado\/","url":"https:\/\/ppdegalicia.com\/es\/tellado-galicia-sae-da-terceira-onda-coa-menor-taxa-de-mortalidade-da-peninsula-grazas-a-un-sistema-sanitario-dotado-e-preparado\/","name":"Tellado: \u201cGalicia sae da terceira onda coa menor taxa de mortalidade da Pen\u00ednsula grazas a un sistema sanitario dotado e preparado\u201d - PP de Galicia","isPartOf":{"@id":"https:\/\/ppdegalicia.com\/es\/#website"},"primaryImageOfPage":{"@id":"https:\/\/ppdegalicia.com\/es\/tellado-galicia-sae-da-terceira-onda-coa-menor-taxa-de-mortalidade-da-peninsula-grazas-a-un-sistema-sanitario-dotado-e-preparado\/#primaryimage"},"image":{"@id":"https:\/\/ppdegalicia.com\/es\/tellado-galicia-sae-da-terceira-onda-coa-menor-taxa-de-mortalidade-da-peninsula-grazas-a-un-sistema-sanitario-dotado-e-preparado\/#primaryimage"},"thumbnailUrl":"https:\/\/ppdegalicia.com\/wp-content\/uploads\/2021\/04\/4b75a567ec7996d6caf8708aa156630f.jpg","datePublished":"2021-04-09T09:42:29+00:00","breadcrumb":{"@id":"https:\/\/ppdegalicia.com\/es\/tellado-galicia-sae-da-terceira-onda-coa-menor-taxa-de-mortalidade-da-peninsula-grazas-a-un-sistema-sanitario-dotado-e-preparado\/#breadcrumb"},"inLanguage":"es","potentialAction":[{"@type":"ReadAction","target":["https:\/\/ppdegalicia.com\/es\/tellado-galicia-sae-da-terceira-onda-coa-menor-taxa-de-mortalidade-da-peninsula-grazas-a-un-sistema-sanitario-dotado-e-preparado\/"]}]},{"@type":"ImageObject","inLanguage":"es","@id":"https:\/\/ppdegalicia.com\/es\/tellado-galicia-sae-da-terceira-onda-coa-menor-taxa-de-mortalidade-da-peninsula-grazas-a-un-sistema-sanitario-dotado-e-preparado\/#primaryimage","url":"https:\/\/ppdegalicia.com\/wp-content\/uploads\/2021\/04\/4b75a567ec7996d6caf8708aa156630f.jpg","contentUrl":"https:\/\/ppdegalicia.com\/wp-content\/uploads\/2021\/04\/4b75a567ec7996d6caf8708aa156630f.jpg","width":1600,"height":900},{"@type":"BreadcrumbList","@id":"https:\/\/ppdegalicia.com\/es\/tellado-galicia-sae-da-terceira-onda-coa-menor-taxa-de-mortalidade-da-peninsula-grazas-a-un-sistema-sanitario-dotado-e-preparado\/#breadcrumb","itemListElement":[{"@type":"ListItem","position":1,"name":"Portada","item":"https:\/\/ppdegalicia.com\/es\/"},{"@type":"ListItem","position":2,"name":"Tellado: \u201cGalicia sae da terceira onda coa menor taxa de mortalidade da Pen\u00ednsula grazas a un sistema sanitario dotado e preparado\u201d"}]},{"@type":"WebSite","@id":"https:\/\/ppdegalicia.com\/es\/#website","url":"https:\/\/ppdegalicia.com\/es\/","name":"Partido Popular de Galicia","description":"Partido Popular de Galicia","publisher":{"@id":"https:\/\/ppdegalicia.com\/es\/#organization"},"alternateName":"PP de Galicia","potentialAction":[{"@type":"SearchAction","target":{"@type":"EntryPoint","urlTemplate":"https:\/\/ppdegalicia.com\/es\/?s={search_term_string}"},"query-input":{"@type":"PropertyValueSpecification","valueRequired":true,"valueName":"search_term_string"}}],"inLanguage":"es"},{"@type":"Organization","@id":"https:\/\/ppdegalicia.com\/es\/#organization","name":"Partido Popular de Galicia","alternateName":"PP de Galicia","url":"https:\/\/ppdegalicia.com\/es\/","logo":{"@type":"ImageObject","inLanguage":"es","@id":"https:\/\/ppdegalicia.com\/es\/#\/schema\/logo\/image\/","url":"https:\/\/ppdegalicia.com\/wp-content\/uploads\/2023\/04\/logoPP512.png","contentUrl":"https:\/\/ppdegalicia.com\/wp-content\/uploads\/2023\/04\/logoPP512.png","width":512,"height":512,"caption":"Partido Popular de Galicia"},"image":{"@id":"https:\/\/ppdegalicia.com\/es\/#\/schema\/logo\/image\/"},"sameAs":["https:\/\/www.instagram.com\/ppdegalicia\/","https:\/\/x.com\/ppdegalicia","https:\/\/www.tiktok.com\/@ppdegalicia","https:\/\/www.youtube.com\/user\/ppdegalicia"]},{"@type":"Person","@id":"https:\/\/ppdegalicia.com\/es\/#\/schema\/person\/5b822c6f59e872ebdd1142f307dbcb59","name":"ppdegaliciaredes","image":{"@type":"ImageObject","inLanguage":"es","@id":"https:\/\/secure.gravatar.com\/avatar\/3c9179cf0256d00c72a48d1f25783c58b6842cd56e85ef3a572881c8e28ccd59?s=96&d=mm&r=g","url":"https:\/\/secure.gravatar.com\/avatar\/3c9179cf0256d00c72a48d1f25783c58b6842cd56e85ef3a572881c8e28ccd59?s=96&d=mm&r=g","contentUrl":"https:\/\/secure.gravatar.com\/avatar\/3c9179cf0256d00c72a48d1f25783c58b6842cd56e85ef3a572881c8e28ccd59?s=96&d=mm&r=g","caption":"ppdegaliciaredes"},"url":"https:\/\/ppdegalicia.com\/es\/author\/ppdegaliciaredes\/"}]}},"_links":{"self":[{"href":"https:\/\/ppdegalicia.com\/es\/wp-json\/wp\/v2\/posts\/55548","targetHints":{"allow":["GET"]}}],"collection":[{"href":"https:\/\/ppdegalicia.com\/es\/wp-json\/wp\/v2\/posts"}],"about":[{"href":"https:\/\/ppdegalicia.com\/es\/wp-json\/wp\/v2\/types\/post"}],"author":[{"embeddable":true,"href":"https:\/\/ppdegalicia.com\/es\/wp-json\/wp\/v2\/users\/38"}],"replies":[{"embeddable":true,"href":"https:\/\/ppdegalicia.com\/es\/wp-json\/wp\/v2\/comments?post=55548"}],"version-history":[{"count":0,"href":"https:\/\/ppdegalicia.com\/es\/wp-json\/wp\/v2\/posts\/55548\/revisions"}],"wp:featuredmedia":[{"embeddable":true,"href":"https:\/\/ppdegalicia.com\/es\/wp-json\/wp\/v2\/media\/55547"}],"wp:attachment":[{"href":"https:\/\/ppdegalicia.com\/es\/wp-json\/wp\/v2\/media?parent=55548"}],"wp:term":[{"taxonomy":"category","embeddable":true,"href":"https:\/\/ppdegalicia.com\/es\/wp-json\/wp\/v2\/categories?post=55548"},{"taxonomy":"post_tag","embeddable":true,"href":"https:\/\/ppdegalicia.com\/es\/wp-json\/wp\/v2\/tags?post=55548"}],"curies":[{"name":"wp","href":"https:\/\/api.w.org\/{rel}","templated":true}]}}