{"id":55554,"date":"2021-04-10T13:12:37","date_gmt":"2021-04-10T11:12:37","guid":{"rendered":"https:\/\/ppdegalicia.com\/feijoo-pide-a-sanchez-unha-conferencia-de-presidentes-para-que-espana-non-pase-do-estado-de-alarma-ao-caos\/"},"modified":"2021-04-10T13:12:37","modified_gmt":"2021-04-10T11:12:37","slug":"feijoo-pide-a-sanchez-unha-conferencia-de-presidentes-para-que-espana-non-pase-do-estado-de-alarma-ao-caos","status":"publish","type":"post","link":"https:\/\/ppdegalicia.com\/es\/feijoo-pide-a-sanchez-unha-conferencia-de-presidentes-para-que-espana-non-pase-do-estado-de-alarma-ao-caos\/","title":{"rendered":"Feij\u00f3o pide a S\u00e1nchez unha Conferencia de Presidentes para que Espa\u00f1a non pase \u201cdo Estado de Alarma ao caos\u201d"},"content":{"rendered":"<p><img fetchpriority=\"high\" decoding=\"async\" class=\" size-full wp-image-55553\" src=\"https:\/\/ppdegalicia.com\/wp-content\/uploads\/2021\/04\/beddfa47179dc9ab24e407ba8b17c936-scaled.jpg\" alt=\"\" width=\"2560\" height=\"1584\" srcset=\"https:\/\/ppdegalicia.com\/wp-content\/uploads\/2021\/04\/beddfa47179dc9ab24e407ba8b17c936-scaled.jpg 2560w, https:\/\/ppdegalicia.com\/wp-content\/uploads\/2021\/04\/beddfa47179dc9ab24e407ba8b17c936-300x186.jpg 300w, https:\/\/ppdegalicia.com\/wp-content\/uploads\/2021\/04\/beddfa47179dc9ab24e407ba8b17c936-1024x634.jpg 1024w, https:\/\/ppdegalicia.com\/wp-content\/uploads\/2021\/04\/beddfa47179dc9ab24e407ba8b17c936-768x475.jpg 768w, https:\/\/ppdegalicia.com\/wp-content\/uploads\/2021\/04\/beddfa47179dc9ab24e407ba8b17c936-1536x951.jpg 1536w, https:\/\/ppdegalicia.com\/wp-content\/uploads\/2021\/04\/beddfa47179dc9ab24e407ba8b17c936-2048x1267.jpg 2048w\" sizes=\"(max-width: 2560px) 100vw, 2560px\" \/><\/p>\n<p style=\"text-align: justify;\">Indica que a cogobernanza non pode ser un slogan do Executivo central cando non sabe ou non se atreve a exercer as s\u00faas responsabilidades\u00a0<\/p>\n<p><!--more--><\/p>\n<p style=\"text-align: justify;\">O presidente do PPdeG, Alberto N\u00fa\u00f1ez Feij\u00f3o, pediu a Pedro S\u00e1nchez que convoque unha Conferencia de Presidentes para dese\u00f1ar a Espa\u00f1a de despois do 9 de maio, porque precisamos certezas e non un Goberno que pase \u201cdo Estado de Alarma ao caos\u201d. \u201cNon se pode gobernar un pa\u00eds a forza de Estados de Alarma permanentes\u201d, apostilou.<\/p>\n<p style=\"text-align: justify;\">\u00a0<\/p>\n<p style=\"text-align: justify;\">Durante a s\u00faa intervenci\u00f3n na Xunta Directiva que o partido celebrou en Oleiros, explicou que a cogobernanza non pode ser un slogan, unha palabra baleira ou un comod\u00edn do Executivo central cando non sabe ou non se atreve a exercer as s\u00faas responsabilidades; e indicou que as Autonom\u00edas ped\u00edronlle sempre que exercese labores de coordinaci\u00f3n mentres cubriron as s\u00faas carencias de xesti\u00f3n e os seus incumprimentos, sendo m\u00e1is leais co Goberno de Espa\u00f1a do que este foi coas Comunidades.<\/p>\n<p style=\"text-align: justify;\">\u00a0<\/p>\n<p style=\"text-align: justify;\">De feito, expresou que desde Galicia se seguir\u00e1 traballando para acertar coa resposta a esta crise, ao tempo que insist\u00eda en que \u00e9 necesaria unha Lei para xestionar a pandemia, ao igual que o cre o Consello de Estado. Por este motivo sinalou que a nosa Autonom\u00eda xa aprobou unha -co PSOE, Podemos e Vox en contra-, algo que tam\u00e9n est\u00e1n agora facendo Pa\u00eds Vasco ou Arag\u00f3n, nas que goberna o Partido Socialista.<\/p>\n<p style=\"text-align: justify;\"><u>\u00a0<\/u><\/p>\n<p style=\"text-align: justify;\">Do mesmo xeito, destacou que \u00e9 fundamental que as axudas se repartan con criterios transparentes e obxectivos, polo que non \u00e9 razoable que a Comunidade perciba 105 mill\u00f3ns menos do que lle corresponde de Fondos do Estado para Aut\u00f3nomos.<\/p>\n<p style=\"text-align: justify;\">\u00a0<\/p>\n<p style=\"text-align: justify;\">Nun contexto de crise, tam\u00e9n admitiu que as administraci\u00f3ns te\u00f1en que traballar para conservar a actividade econ\u00f3mica e o emprego, polo que os populares non poden aceptar o Artigo 18 da Lei de Cambio Clim\u00e1tico. \u201cTraer un plantexamento mesetario a un problema costeiro \u00e9 un disparate que nos costar\u00e1 miles de postos de traballo\u201d, advertiu.\u00a0<\/p>\n<p style=\"text-align: justify;\"><u>\u00a0<\/u><\/p>\n<p style=\"text-align: justify;\">Ademais, aclarou que, mentres hab\u00eda ministros que marchaban en plena terceira onda para ser candidatos en elecci\u00f3ns auton\u00f3micas, desde a Moncloa se esquec\u00eda a pandemia para desestabilizar gobernos auton\u00f3micos que funcionaban con moci\u00f3ns de censura, e alg\u00fans partidos s\u00f3 exerc\u00edan de comentaristas da situaci\u00f3n dando lecci\u00f3ns desde os seus escanos; os populares galegos continuaron traballando para ser \u00fatiles \u00e1 sociedade, tomaron medidas contra a Covid e xestionaron responsablemente a crise sanitaria.\u00a0<\/p>\n<p style=\"text-align: justify;\">\u00a0<\/p>\n<p style=\"text-align: justify;\"><strong><u>GALICIA DEU UNHA LECCI\u00d3N<\/u><\/strong><\/p>\n<p style=\"text-align: justify;\">Tras po\u00f1er en valor que somos a Comunidade peninsular con menos mortalidade provocada pola pandemia, incluso sendo das poboaci\u00f3ns m\u00e1is avellentadas, Feij\u00f3o afirmou que nestes tempos tan duros Galicia volveu dar unha lecci\u00f3n.<\/p>\n<p style=\"text-align: justify;\">\u00a0<\/p>\n<p style=\"text-align: justify;\">As\u00ed mesmo, resaltou que a Sanidade p\u00fablica galega foi e segue a ser un exemplo de entrega e de coidado pero, a\u00ednda as\u00ed, quere seguir reforz\u00e1ndoa con m\u00e1is profesionais -aprobouse unha OPE de 1.200 prazas-, con m\u00e1is e mellores centros de sa\u00fade -coma os que se abriron nestes meses na Estrada, en Ames ou en Paderne de Allariz-, e cunhas infraestruturas hospitalarias de primeiro nivel, como ser\u00e1 o novo CHUAC.<\/p>\n<p style=\"text-align: justify;\">\u00a0<\/p>\n<p style=\"text-align: justify;\">Despois de m\u00e1is dunha d\u00e9cada de acusaci\u00f3ns inxustas e de todas as dificultades que supuxo a pandemia, \u201cacreditamos que a nosa Sanidade p\u00fablica pode mirar con dignidade \u00e1 xente que a financia, que son os galegos e as galegas\u201d. Por iso dirixiuse a aqueles que \u201cmentiron e seguen mentindo\u201d para que deixen as s\u00faas calumnias aparcadas e defendan o noso sistema sanitario. \u00a0<\/p>\n<p style=\"text-align: justify;\">\u00a0<\/p>\n<p style=\"text-align: justify;\"><strong><u>CENTRADOS NA REACTIVACI\u00d3N<\/u><\/strong><\/p>\n<p style=\"text-align: justify;\">No seu discurso, o presidente tam\u00e9n aclarou que os populares tampouco perderon nunca de vista nestes meses a reactivaci\u00f3n econ\u00f3mica, lembrando que se aprobaron Plans de Rescate para os sectores m\u00e1is afectados polos peches e medidas de impulso do consumo coma o Bono Tur\u00edstico ou o Bono Comercio.<\/p>\n<p style=\"text-align: justify;\"><u>\u00a0<\/u><\/p>\n<p style=\"text-align: justify;\">Tampouco se esqueceu das ferramentas necesarias para constru\u00edr o escenario post-covid e recordou que a Xunta aprobou a Lei de Simplificaci\u00f3n e presentou unha candidatura traballada e realista aos Fondos Next Generation. Sobre isto, subli\u00f1ou que son precisos uns criterios de reparto claros, que non se baseen na afinidade do Executivo central coa administraci\u00f3n que os promova e que se nos xulgue s\u00f3 en funci\u00f3n da validez dos nosos proxectos; aseverando que o Goberno do Estado debe pensar m\u00e1is na xesti\u00f3n e menos nas elecci\u00f3ns.<\/p>\n<p style=\"text-align: justify;\">\u00a0<\/p>\n<p style=\"text-align: justify;\"><strong><u>ACABAR CON TODAS AS ACTITUDES MACHISTAS<\/u><\/strong><\/p>\n<p style=\"text-align: justify;\">Por outra banda, o l\u00edder do PPdeG referiuse ao ataque \u201ctan machista, f\u00f3ra de lugar e de tan mal gusto\u201d empregado polo presidente da Deputaci\u00f3n de Lugo para dirixirse \u00e1 deputada auton\u00f3mica e presidenta provincial do PP nesa provincia, Elena Candia, intentado descualificala con palabras como \u201ccoa s\u00faa vestimenta e co seu aspecto de leopardo\u201d. Ademais de amosar o seu apoio incondicional \u00e1 s\u00faa compa\u00f1eira e de declarar que todas as mulleres te\u00f1en dereito vestir como consideren, Feij\u00f3o agarda unha rectificaci\u00f3n e unha desculpa, as\u00ed como que sexa reprendido por parte dos partidos que din defender \u00e1s mulleres pero cuxos representantes amosan o contrario coas s\u00faas declaraci\u00f3ns.<\/p>\n<p style=\"text-align: justify;\">\u00a0<\/p>\n<p style=\"text-align: justify;\">Pola s\u00faa parte, o presidente provincial da Coru\u00f1a, Diego Calvo, tam\u00e9n censurou as palabras de Jos\u00e9 Tom\u00e9 que, ante a falta de argumentos pol\u00edticos, utilizou comentarios que hai que erradicar da vida, da sociedade e da pol\u00edtica.<\/p>\n","protected":false},"excerpt":{"rendered":"<p>Indica que a cogobernanza non pode ser un slogan do Executivo central cando non sabe ou non se atreve a exercer as s\u00faas responsabilidades\u00a0<\/p>\n","protected":false},"author":38,"featured_media":55553,"comment_status":"open","ping_status":"open","sticky":false,"template":"","format":"standard","meta":{"_acf_changed":false,"footnotes":""},"categories":[1],"tags":[],"class_list":["post-55554","post","type-post","status-publish","format-standard","has-post-thumbnail","hentry","category-pp-de-galicia"],"acf":[],"yoast_head":"<!-- This site is optimized with the Yoast SEO plugin v27.3 - https:\/\/yoast.com\/product\/yoast-seo-wordpress\/ -->\n<title>Feij\u00f3o pide a S\u00e1nchez unha Conferencia de Presidentes para que Espa\u00f1a non pase \u201cdo Estado de Alarma ao caos\u201d - PP de Galicia<\/title>\n<meta name=\"robots\" content=\"index, follow, max-snippet:-1, max-image-preview:large, max-video-preview:-1\" \/>\n<link rel=\"canonical\" href=\"https:\/\/ppdegalicia.com\/es\/feijoo-pide-a-sanchez-unha-conferencia-de-presidentes-para-que-espana-non-pase-do-estado-de-alarma-ao-caos\/\" \/>\n<meta property=\"og:locale\" content=\"es_ES\" \/>\n<meta property=\"og:type\" content=\"article\" \/>\n<meta property=\"og:title\" content=\"Feij\u00f3o pide a S\u00e1nchez unha Conferencia de Presidentes para que Espa\u00f1a non pase \u201cdo Estado de Alarma ao caos\u201d - PP de Galicia\" \/>\n<meta property=\"og:description\" content=\"Indica que a cogobernanza non pode ser un slogan do Executivo central cando non sabe ou non se atreve a exercer as s\u00faas responsabilidades\u00a0\" \/>\n<meta property=\"og:url\" content=\"https:\/\/ppdegalicia.com\/es\/feijoo-pide-a-sanchez-unha-conferencia-de-presidentes-para-que-espana-non-pase-do-estado-de-alarma-ao-caos\/\" \/>\n<meta property=\"og:site_name\" content=\"PP de Galicia\" \/>\n<meta property=\"article:publisher\" content=\"https:\/\/www.instagram.com\/ppdegalicia\/\" \/>\n<meta property=\"article:published_time\" content=\"2021-04-10T11:12:37+00:00\" \/>\n<meta property=\"og:image\" content=\"https:\/\/ppdegalicia.com\/wp-content\/uploads\/2021\/04\/beddfa47179dc9ab24e407ba8b17c936-scaled.jpg\" \/>\n\t<meta property=\"og:image:width\" content=\"2560\" \/>\n\t<meta property=\"og:image:height\" content=\"1584\" \/>\n\t<meta property=\"og:image:type\" content=\"image\/jpeg\" \/>\n<meta name=\"author\" content=\"ppdegaliciaredes\" \/>\n<meta name=\"twitter:card\" content=\"summary_large_image\" \/>\n<meta name=\"twitter:creator\" content=\"@ppdegalicia\" \/>\n<meta name=\"twitter:site\" content=\"@ppdegalicia\" \/>\n<meta name=\"twitter:label1\" content=\"Escrito por\" \/>\n\t<meta name=\"twitter:data1\" content=\"ppdegaliciaredes\" \/>\n\t<meta name=\"twitter:label2\" content=\"Tiempo de lectura\" \/>\n\t<meta name=\"twitter:data2\" content=\"5 minutos\" \/>\n<script type=\"application\/ld+json\" class=\"yoast-schema-graph\">{\"@context\":\"https:\\\/\\\/schema.org\",\"@graph\":[{\"@type\":\"Article\",\"@id\":\"https:\\\/\\\/ppdegalicia.com\\\/es\\\/feijoo-pide-a-sanchez-unha-conferencia-de-presidentes-para-que-espana-non-pase-do-estado-de-alarma-ao-caos\\\/#article\",\"isPartOf\":{\"@id\":\"https:\\\/\\\/ppdegalicia.com\\\/es\\\/feijoo-pide-a-sanchez-unha-conferencia-de-presidentes-para-que-espana-non-pase-do-estado-de-alarma-ao-caos\\\/\"},\"author\":{\"name\":\"ppdegaliciaredes\",\"@id\":\"https:\\\/\\\/ppdegalicia.com\\\/es\\\/#\\\/schema\\\/person\\\/5b822c6f59e872ebdd1142f307dbcb59\"},\"headline\":\"Feij\u00f3o pide a S\u00e1nchez unha Conferencia de Presidentes para que Espa\u00f1a non pase \u201cdo Estado de Alarma ao caos\u201d\",\"datePublished\":\"2021-04-10T11:12:37+00:00\",\"mainEntityOfPage\":{\"@id\":\"https:\\\/\\\/ppdegalicia.com\\\/es\\\/feijoo-pide-a-sanchez-unha-conferencia-de-presidentes-para-que-espana-non-pase-do-estado-de-alarma-ao-caos\\\/\"},\"wordCount\":951,\"commentCount\":0,\"publisher\":{\"@id\":\"https:\\\/\\\/ppdegalicia.com\\\/es\\\/#organization\"},\"image\":{\"@id\":\"https:\\\/\\\/ppdegalicia.com\\\/es\\\/feijoo-pide-a-sanchez-unha-conferencia-de-presidentes-para-que-espana-non-pase-do-estado-de-alarma-ao-caos\\\/#primaryimage\"},\"thumbnailUrl\":\"https:\\\/\\\/ppdegalicia.com\\\/wp-content\\\/uploads\\\/2021\\\/04\\\/beddfa47179dc9ab24e407ba8b17c936-scaled.jpg\",\"articleSection\":[\"PP de Galicia\"],\"inLanguage\":\"es\",\"potentialAction\":[{\"@type\":\"CommentAction\",\"name\":\"Comment\",\"target\":[\"https:\\\/\\\/ppdegalicia.com\\\/es\\\/feijoo-pide-a-sanchez-unha-conferencia-de-presidentes-para-que-espana-non-pase-do-estado-de-alarma-ao-caos\\\/#respond\"]}]},{\"@type\":\"WebPage\",\"@id\":\"https:\\\/\\\/ppdegalicia.com\\\/es\\\/feijoo-pide-a-sanchez-unha-conferencia-de-presidentes-para-que-espana-non-pase-do-estado-de-alarma-ao-caos\\\/\",\"url\":\"https:\\\/\\\/ppdegalicia.com\\\/es\\\/feijoo-pide-a-sanchez-unha-conferencia-de-presidentes-para-que-espana-non-pase-do-estado-de-alarma-ao-caos\\\/\",\"name\":\"Feij\u00f3o pide a S\u00e1nchez unha Conferencia de Presidentes para que Espa\u00f1a non pase \u201cdo Estado de Alarma ao caos\u201d - PP de Galicia\",\"isPartOf\":{\"@id\":\"https:\\\/\\\/ppdegalicia.com\\\/es\\\/#website\"},\"primaryImageOfPage\":{\"@id\":\"https:\\\/\\\/ppdegalicia.com\\\/es\\\/feijoo-pide-a-sanchez-unha-conferencia-de-presidentes-para-que-espana-non-pase-do-estado-de-alarma-ao-caos\\\/#primaryimage\"},\"image\":{\"@id\":\"https:\\\/\\\/ppdegalicia.com\\\/es\\\/feijoo-pide-a-sanchez-unha-conferencia-de-presidentes-para-que-espana-non-pase-do-estado-de-alarma-ao-caos\\\/#primaryimage\"},\"thumbnailUrl\":\"https:\\\/\\\/ppdegalicia.com\\\/wp-content\\\/uploads\\\/2021\\\/04\\\/beddfa47179dc9ab24e407ba8b17c936-scaled.jpg\",\"datePublished\":\"2021-04-10T11:12:37+00:00\",\"breadcrumb\":{\"@id\":\"https:\\\/\\\/ppdegalicia.com\\\/es\\\/feijoo-pide-a-sanchez-unha-conferencia-de-presidentes-para-que-espana-non-pase-do-estado-de-alarma-ao-caos\\\/#breadcrumb\"},\"inLanguage\":\"es\",\"potentialAction\":[{\"@type\":\"ReadAction\",\"target\":[\"https:\\\/\\\/ppdegalicia.com\\\/es\\\/feijoo-pide-a-sanchez-unha-conferencia-de-presidentes-para-que-espana-non-pase-do-estado-de-alarma-ao-caos\\\/\"]}]},{\"@type\":\"ImageObject\",\"inLanguage\":\"es\",\"@id\":\"https:\\\/\\\/ppdegalicia.com\\\/es\\\/feijoo-pide-a-sanchez-unha-conferencia-de-presidentes-para-que-espana-non-pase-do-estado-de-alarma-ao-caos\\\/#primaryimage\",\"url\":\"https:\\\/\\\/ppdegalicia.com\\\/wp-content\\\/uploads\\\/2021\\\/04\\\/beddfa47179dc9ab24e407ba8b17c936-scaled.jpg\",\"contentUrl\":\"https:\\\/\\\/ppdegalicia.com\\\/wp-content\\\/uploads\\\/2021\\\/04\\\/beddfa47179dc9ab24e407ba8b17c936-scaled.jpg\",\"width\":2560,\"height\":1584},{\"@type\":\"BreadcrumbList\",\"@id\":\"https:\\\/\\\/ppdegalicia.com\\\/es\\\/feijoo-pide-a-sanchez-unha-conferencia-de-presidentes-para-que-espana-non-pase-do-estado-de-alarma-ao-caos\\\/#breadcrumb\",\"itemListElement\":[{\"@type\":\"ListItem\",\"position\":1,\"name\":\"Portada\",\"item\":\"https:\\\/\\\/ppdegalicia.com\\\/es\\\/\"},{\"@type\":\"ListItem\",\"position\":2,\"name\":\"Feij\u00f3o pide a S\u00e1nchez unha Conferencia de Presidentes para que Espa\u00f1a non pase \u201cdo Estado de Alarma ao caos\u201d\"}]},{\"@type\":\"WebSite\",\"@id\":\"https:\\\/\\\/ppdegalicia.com\\\/es\\\/#website\",\"url\":\"https:\\\/\\\/ppdegalicia.com\\\/es\\\/\",\"name\":\"Partido Popular de Galicia\",\"description\":\"Partido Popular de Galicia\",\"publisher\":{\"@id\":\"https:\\\/\\\/ppdegalicia.com\\\/es\\\/#organization\"},\"alternateName\":\"PP de Galicia\",\"potentialAction\":[{\"@type\":\"SearchAction\",\"target\":{\"@type\":\"EntryPoint\",\"urlTemplate\":\"https:\\\/\\\/ppdegalicia.com\\\/es\\\/?s={search_term_string}\"},\"query-input\":{\"@type\":\"PropertyValueSpecification\",\"valueRequired\":true,\"valueName\":\"search_term_string\"}}],\"inLanguage\":\"es\"},{\"@type\":\"Organization\",\"@id\":\"https:\\\/\\\/ppdegalicia.com\\\/es\\\/#organization\",\"name\":\"Partido Popular de Galicia\",\"alternateName\":\"PP de Galicia\",\"url\":\"https:\\\/\\\/ppdegalicia.com\\\/es\\\/\",\"logo\":{\"@type\":\"ImageObject\",\"inLanguage\":\"es\",\"@id\":\"https:\\\/\\\/ppdegalicia.com\\\/es\\\/#\\\/schema\\\/logo\\\/image\\\/\",\"url\":\"https:\\\/\\\/ppdegalicia.com\\\/wp-content\\\/uploads\\\/2023\\\/04\\\/logoPP512.png\",\"contentUrl\":\"https:\\\/\\\/ppdegalicia.com\\\/wp-content\\\/uploads\\\/2023\\\/04\\\/logoPP512.png\",\"width\":512,\"height\":512,\"caption\":\"Partido Popular de Galicia\"},\"image\":{\"@id\":\"https:\\\/\\\/ppdegalicia.com\\\/es\\\/#\\\/schema\\\/logo\\\/image\\\/\"},\"sameAs\":[\"https:\\\/\\\/www.instagram.com\\\/ppdegalicia\\\/\",\"https:\\\/\\\/x.com\\\/ppdegalicia\",\"https:\\\/\\\/www.tiktok.com\\\/@ppdegalicia\",\"https:\\\/\\\/www.youtube.com\\\/user\\\/ppdegalicia\"]},{\"@type\":\"Person\",\"@id\":\"https:\\\/\\\/ppdegalicia.com\\\/es\\\/#\\\/schema\\\/person\\\/5b822c6f59e872ebdd1142f307dbcb59\",\"name\":\"ppdegaliciaredes\",\"image\":{\"@type\":\"ImageObject\",\"inLanguage\":\"es\",\"@id\":\"https:\\\/\\\/secure.gravatar.com\\\/avatar\\\/3c9179cf0256d00c72a48d1f25783c58b6842cd56e85ef3a572881c8e28ccd59?s=96&d=mm&r=g\",\"url\":\"https:\\\/\\\/secure.gravatar.com\\\/avatar\\\/3c9179cf0256d00c72a48d1f25783c58b6842cd56e85ef3a572881c8e28ccd59?s=96&d=mm&r=g\",\"contentUrl\":\"https:\\\/\\\/secure.gravatar.com\\\/avatar\\\/3c9179cf0256d00c72a48d1f25783c58b6842cd56e85ef3a572881c8e28ccd59?s=96&d=mm&r=g\",\"caption\":\"ppdegaliciaredes\"},\"url\":\"https:\\\/\\\/ppdegalicia.com\\\/es\\\/author\\\/ppdegaliciaredes\\\/\"}]}<\/script>\n<!-- \/ Yoast SEO plugin. -->","yoast_head_json":{"title":"Feij\u00f3o pide a S\u00e1nchez unha Conferencia de Presidentes para que Espa\u00f1a non pase \u201cdo Estado de Alarma ao caos\u201d - PP de Galicia","robots":{"index":"index","follow":"follow","max-snippet":"max-snippet:-1","max-image-preview":"max-image-preview:large","max-video-preview":"max-video-preview:-1"},"canonical":"https:\/\/ppdegalicia.com\/es\/feijoo-pide-a-sanchez-unha-conferencia-de-presidentes-para-que-espana-non-pase-do-estado-de-alarma-ao-caos\/","og_locale":"es_ES","og_type":"article","og_title":"Feij\u00f3o pide a S\u00e1nchez unha Conferencia de Presidentes para que Espa\u00f1a non pase \u201cdo Estado de Alarma ao caos\u201d - PP de Galicia","og_description":"Indica que a cogobernanza non pode ser un slogan do Executivo central cando non sabe ou non se atreve a exercer as s\u00faas responsabilidades\u00a0","og_url":"https:\/\/ppdegalicia.com\/es\/feijoo-pide-a-sanchez-unha-conferencia-de-presidentes-para-que-espana-non-pase-do-estado-de-alarma-ao-caos\/","og_site_name":"PP de Galicia","article_publisher":"https:\/\/www.instagram.com\/ppdegalicia\/","article_published_time":"2021-04-10T11:12:37+00:00","og_image":[{"width":2560,"height":1584,"url":"https:\/\/ppdegalicia.com\/wp-content\/uploads\/2021\/04\/beddfa47179dc9ab24e407ba8b17c936-scaled.jpg","type":"image\/jpeg"}],"author":"ppdegaliciaredes","twitter_card":"summary_large_image","twitter_creator":"@ppdegalicia","twitter_site":"@ppdegalicia","twitter_misc":{"Escrito por":"ppdegaliciaredes","Tiempo de lectura":"5 minutos"},"schema":{"@context":"https:\/\/schema.org","@graph":[{"@type":"Article","@id":"https:\/\/ppdegalicia.com\/es\/feijoo-pide-a-sanchez-unha-conferencia-de-presidentes-para-que-espana-non-pase-do-estado-de-alarma-ao-caos\/#article","isPartOf":{"@id":"https:\/\/ppdegalicia.com\/es\/feijoo-pide-a-sanchez-unha-conferencia-de-presidentes-para-que-espana-non-pase-do-estado-de-alarma-ao-caos\/"},"author":{"name":"ppdegaliciaredes","@id":"https:\/\/ppdegalicia.com\/es\/#\/schema\/person\/5b822c6f59e872ebdd1142f307dbcb59"},"headline":"Feij\u00f3o pide a S\u00e1nchez unha Conferencia de Presidentes para que Espa\u00f1a non pase \u201cdo Estado de Alarma ao caos\u201d","datePublished":"2021-04-10T11:12:37+00:00","mainEntityOfPage":{"@id":"https:\/\/ppdegalicia.com\/es\/feijoo-pide-a-sanchez-unha-conferencia-de-presidentes-para-que-espana-non-pase-do-estado-de-alarma-ao-caos\/"},"wordCount":951,"commentCount":0,"publisher":{"@id":"https:\/\/ppdegalicia.com\/es\/#organization"},"image":{"@id":"https:\/\/ppdegalicia.com\/es\/feijoo-pide-a-sanchez-unha-conferencia-de-presidentes-para-que-espana-non-pase-do-estado-de-alarma-ao-caos\/#primaryimage"},"thumbnailUrl":"https:\/\/ppdegalicia.com\/wp-content\/uploads\/2021\/04\/beddfa47179dc9ab24e407ba8b17c936-scaled.jpg","articleSection":["PP de Galicia"],"inLanguage":"es","potentialAction":[{"@type":"CommentAction","name":"Comment","target":["https:\/\/ppdegalicia.com\/es\/feijoo-pide-a-sanchez-unha-conferencia-de-presidentes-para-que-espana-non-pase-do-estado-de-alarma-ao-caos\/#respond"]}]},{"@type":"WebPage","@id":"https:\/\/ppdegalicia.com\/es\/feijoo-pide-a-sanchez-unha-conferencia-de-presidentes-para-que-espana-non-pase-do-estado-de-alarma-ao-caos\/","url":"https:\/\/ppdegalicia.com\/es\/feijoo-pide-a-sanchez-unha-conferencia-de-presidentes-para-que-espana-non-pase-do-estado-de-alarma-ao-caos\/","name":"Feij\u00f3o pide a S\u00e1nchez unha Conferencia de Presidentes para que Espa\u00f1a non pase \u201cdo Estado de Alarma ao caos\u201d - PP de Galicia","isPartOf":{"@id":"https:\/\/ppdegalicia.com\/es\/#website"},"primaryImageOfPage":{"@id":"https:\/\/ppdegalicia.com\/es\/feijoo-pide-a-sanchez-unha-conferencia-de-presidentes-para-que-espana-non-pase-do-estado-de-alarma-ao-caos\/#primaryimage"},"image":{"@id":"https:\/\/ppdegalicia.com\/es\/feijoo-pide-a-sanchez-unha-conferencia-de-presidentes-para-que-espana-non-pase-do-estado-de-alarma-ao-caos\/#primaryimage"},"thumbnailUrl":"https:\/\/ppdegalicia.com\/wp-content\/uploads\/2021\/04\/beddfa47179dc9ab24e407ba8b17c936-scaled.jpg","datePublished":"2021-04-10T11:12:37+00:00","breadcrumb":{"@id":"https:\/\/ppdegalicia.com\/es\/feijoo-pide-a-sanchez-unha-conferencia-de-presidentes-para-que-espana-non-pase-do-estado-de-alarma-ao-caos\/#breadcrumb"},"inLanguage":"es","potentialAction":[{"@type":"ReadAction","target":["https:\/\/ppdegalicia.com\/es\/feijoo-pide-a-sanchez-unha-conferencia-de-presidentes-para-que-espana-non-pase-do-estado-de-alarma-ao-caos\/"]}]},{"@type":"ImageObject","inLanguage":"es","@id":"https:\/\/ppdegalicia.com\/es\/feijoo-pide-a-sanchez-unha-conferencia-de-presidentes-para-que-espana-non-pase-do-estado-de-alarma-ao-caos\/#primaryimage","url":"https:\/\/ppdegalicia.com\/wp-content\/uploads\/2021\/04\/beddfa47179dc9ab24e407ba8b17c936-scaled.jpg","contentUrl":"https:\/\/ppdegalicia.com\/wp-content\/uploads\/2021\/04\/beddfa47179dc9ab24e407ba8b17c936-scaled.jpg","width":2560,"height":1584},{"@type":"BreadcrumbList","@id":"https:\/\/ppdegalicia.com\/es\/feijoo-pide-a-sanchez-unha-conferencia-de-presidentes-para-que-espana-non-pase-do-estado-de-alarma-ao-caos\/#breadcrumb","itemListElement":[{"@type":"ListItem","position":1,"name":"Portada","item":"https:\/\/ppdegalicia.com\/es\/"},{"@type":"ListItem","position":2,"name":"Feij\u00f3o pide a S\u00e1nchez unha Conferencia de Presidentes para que Espa\u00f1a non pase \u201cdo Estado de Alarma ao caos\u201d"}]},{"@type":"WebSite","@id":"https:\/\/ppdegalicia.com\/es\/#website","url":"https:\/\/ppdegalicia.com\/es\/","name":"Partido Popular de Galicia","description":"Partido Popular de Galicia","publisher":{"@id":"https:\/\/ppdegalicia.com\/es\/#organization"},"alternateName":"PP de Galicia","potentialAction":[{"@type":"SearchAction","target":{"@type":"EntryPoint","urlTemplate":"https:\/\/ppdegalicia.com\/es\/?s={search_term_string}"},"query-input":{"@type":"PropertyValueSpecification","valueRequired":true,"valueName":"search_term_string"}}],"inLanguage":"es"},{"@type":"Organization","@id":"https:\/\/ppdegalicia.com\/es\/#organization","name":"Partido Popular de Galicia","alternateName":"PP de Galicia","url":"https:\/\/ppdegalicia.com\/es\/","logo":{"@type":"ImageObject","inLanguage":"es","@id":"https:\/\/ppdegalicia.com\/es\/#\/schema\/logo\/image\/","url":"https:\/\/ppdegalicia.com\/wp-content\/uploads\/2023\/04\/logoPP512.png","contentUrl":"https:\/\/ppdegalicia.com\/wp-content\/uploads\/2023\/04\/logoPP512.png","width":512,"height":512,"caption":"Partido Popular de Galicia"},"image":{"@id":"https:\/\/ppdegalicia.com\/es\/#\/schema\/logo\/image\/"},"sameAs":["https:\/\/www.instagram.com\/ppdegalicia\/","https:\/\/x.com\/ppdegalicia","https:\/\/www.tiktok.com\/@ppdegalicia","https:\/\/www.youtube.com\/user\/ppdegalicia"]},{"@type":"Person","@id":"https:\/\/ppdegalicia.com\/es\/#\/schema\/person\/5b822c6f59e872ebdd1142f307dbcb59","name":"ppdegaliciaredes","image":{"@type":"ImageObject","inLanguage":"es","@id":"https:\/\/secure.gravatar.com\/avatar\/3c9179cf0256d00c72a48d1f25783c58b6842cd56e85ef3a572881c8e28ccd59?s=96&d=mm&r=g","url":"https:\/\/secure.gravatar.com\/avatar\/3c9179cf0256d00c72a48d1f25783c58b6842cd56e85ef3a572881c8e28ccd59?s=96&d=mm&r=g","contentUrl":"https:\/\/secure.gravatar.com\/avatar\/3c9179cf0256d00c72a48d1f25783c58b6842cd56e85ef3a572881c8e28ccd59?s=96&d=mm&r=g","caption":"ppdegaliciaredes"},"url":"https:\/\/ppdegalicia.com\/es\/author\/ppdegaliciaredes\/"}]}},"_links":{"self":[{"href":"https:\/\/ppdegalicia.com\/es\/wp-json\/wp\/v2\/posts\/55554","targetHints":{"allow":["GET"]}}],"collection":[{"href":"https:\/\/ppdegalicia.com\/es\/wp-json\/wp\/v2\/posts"}],"about":[{"href":"https:\/\/ppdegalicia.com\/es\/wp-json\/wp\/v2\/types\/post"}],"author":[{"embeddable":true,"href":"https:\/\/ppdegalicia.com\/es\/wp-json\/wp\/v2\/users\/38"}],"replies":[{"embeddable":true,"href":"https:\/\/ppdegalicia.com\/es\/wp-json\/wp\/v2\/comments?post=55554"}],"version-history":[{"count":0,"href":"https:\/\/ppdegalicia.com\/es\/wp-json\/wp\/v2\/posts\/55554\/revisions"}],"wp:featuredmedia":[{"embeddable":true,"href":"https:\/\/ppdegalicia.com\/es\/wp-json\/wp\/v2\/media\/55553"}],"wp:attachment":[{"href":"https:\/\/ppdegalicia.com\/es\/wp-json\/wp\/v2\/media?parent=55554"}],"wp:term":[{"taxonomy":"category","embeddable":true,"href":"https:\/\/ppdegalicia.com\/es\/wp-json\/wp\/v2\/categories?post=55554"},{"taxonomy":"post_tag","embeddable":true,"href":"https:\/\/ppdegalicia.com\/es\/wp-json\/wp\/v2\/tags?post=55554"}],"curies":[{"name":"wp","href":"https:\/\/api.w.org\/{rel}","templated":true}]}}