{"id":55560,"date":"2021-04-13T14:38:25","date_gmt":"2021-04-13T12:38:25","guid":{"rendered":"https:\/\/ppdegalicia.com\/o-grupo-popular-asegura-que-en-galicia-so-se-autorizan-parques-eolicos-que-compren-todas-as-garantias-tecnicas-medioambientais-e-xuridicas\/"},"modified":"2021-04-13T14:38:25","modified_gmt":"2021-04-13T12:38:25","slug":"o-grupo-popular-asegura-que-en-galicia-so-se-autorizan-parques-eolicos-que-compren-todas-as-garantias-tecnicas-medioambientais-e-xuridicas","status":"publish","type":"post","link":"https:\/\/ppdegalicia.com\/es\/o-grupo-popular-asegura-que-en-galicia-so-se-autorizan-parques-eolicos-que-compren-todas-as-garantias-tecnicas-medioambientais-e-xuridicas\/","title":{"rendered":"O Grupo Popular asegura que en Galicia s\u00f3 se autorizan parques e\u00f3licos que compren todas as garant\u00edas t\u00e9cnicas, medioambientais e xur\u00eddicas"},"content":{"rendered":"<p><img fetchpriority=\"high\" decoding=\"async\" class=\" size-full wp-image-55559\" src=\"https:\/\/ppdegalicia.com\/wp-content\/uploads\/2021\/04\/1d1a0d66a384ac4238994fa1afc9845d.jpg\" alt=\"\" width=\"1900\" height=\"1235\" srcset=\"https:\/\/ppdegalicia.com\/wp-content\/uploads\/2021\/04\/1d1a0d66a384ac4238994fa1afc9845d.jpg 1900w, https:\/\/ppdegalicia.com\/wp-content\/uploads\/2021\/04\/1d1a0d66a384ac4238994fa1afc9845d-300x195.jpg 300w, https:\/\/ppdegalicia.com\/wp-content\/uploads\/2021\/04\/1d1a0d66a384ac4238994fa1afc9845d-1024x666.jpg 1024w, https:\/\/ppdegalicia.com\/wp-content\/uploads\/2021\/04\/1d1a0d66a384ac4238994fa1afc9845d-768x499.jpg 768w, https:\/\/ppdegalicia.com\/wp-content\/uploads\/2021\/04\/1d1a0d66a384ac4238994fa1afc9845d-1536x998.jpg 1536w\" sizes=\"(max-width: 1900px) 100vw, 1900px\" \/><\/p>\n<p>Santiago, 13 de abril de 2021.- A portavoz de Enerx\u00eda do Grupo Popular, Marta N\u00f3voa, asegurou hoxe no Pleno do Parlamento que \u201cen Galicia s\u00f3 se autorizan parques e\u00f3licos que compren todas as garant\u00edas t\u00e9cnicas, medioambientais e xur\u00eddicas que establece a lexislaci\u00f3n vixente, ademais de ser compatibles co resto de actividades econ\u00f3micas\u201d.<\/p>\n<p><!--more--><\/p>\n<p>\u201cFoi o Goberno de Feij\u00f3o o que, coa aprobaci\u00f3n da Lei do sector e\u00f3lico de 2009, prohibiu a instalaci\u00f3n de proxectos en espazos declarados como zonas de especial protecci\u00f3n dos valores naturais, salvo os casos de repotenciaci\u00f3n\u201d, lembrou a portavoz popular, quen engadiu que \u201cesta prohibici\u00f3n referendouse en 2014 coa entrada en vigor do decreto do Plan Director da Rede Natura 2000, que prohibe expresamente a implantaci\u00f3n de novos parques e\u00f3licos neste espazo protexido\u201d.<\/p>\n<p>\u00a0<\/p>\n<p><strong>PLAN SECTORIAL E\u00d3LICO<\/strong><\/p>\n<p>\u00a0<\/p>\n<p>Deste xeito, Marta N\u00f3voa concretou que \u201cs\u00f3 existen tres repotenciaci\u00f3ns en Rede Natura autorizadas polo actual Goberno galego, que supuxeron a reduci\u00f3n do 90 por cento do n\u00famero de aeroxeneradores, cando o Goberno bipartito autorizou no seu momento seis proxectos en Rede Natura\u201d.<\/p>\n<p>\u00a0<\/p>\n<p>\u201cSorprende que para buscar o consenso o BNG nos tache de depredadores medioambientais e nos inciten permanentemente a incumprir a lexislaci\u00f3n, querendo paralizar proxectos sen proceder \u00e1 s\u00faa correspondente tramitaci\u00f3n\u201d, lamentou, para incidir que \u201clles molestan todos os proxectos e\u00f3licos, en todas as zonas, en todas as provincias, estean dentro ou fora do Plan sectorial e\u00f3lico de Galicia\u201d.<\/p>\n<p>\u00a0<\/p>\n<p>Neste sentido, a portavoz popular salientou que \u201cen Galicia temos un Plan sectorial e\u00f3lico ordenado, transparente e m\u00e1is vixente que nunca, no que se recolle que todos os proxectos deber\u00e1n cumprir as distancias m\u00ednimas aos n\u00facleos rurais, urbanos e urbanizables, e que se dar\u00e1 prioridade aos parques e\u00f3licos que leven aparellado un proxecto industrial que consolide ou cree un m\u00ednimo de 25 empregos\u201d.<\/p>\n<p>\u00a0<\/p>\n<p><strong>PARTICIPACI\u00d3N P\u00daBLICA TRANSPARENTE<\/strong><\/p>\n<p>\u00a0<\/p>\n<p>Para rematar, Marta N\u00f3voa apuntou que \u201ctodos os proxectos e\u00f3licos incl\u00faen un proceso de participaci\u00f3n p\u00fablica transparente, na que os cidad\u00e1ns te\u00f1en acceso a toda a informaci\u00f3n\u201d. \u201cO BNG quere transmitir que a enerx\u00eda e\u00f3lica non ten impacto econ\u00f3mico na zona onde se asenta, algo que \u00e9 totalmente falso porque os propietarios reciben unha renda e os concellos reciben impostos e investimento, que en moitos deles non se producir\u00eda de non ser pola instalaci\u00f3ns destes parques\u201d, engadiu.<\/p>\n<p>\u00a0<\/p>\n<p>\u201cGalicia \u00e9 l\u00edder en enerx\u00eda renovable e Lugo \u00e9 a segunda provincia de Espa\u00f1a produtora deste tipo de enerx\u00eda, pero queremos seguir mellorando estas posici\u00f3ns e necesitamos continuar co desenvolvemento deste sector na Comunidade galega, cun papel protagonista no cumprimento do Plan de enerx\u00eda e clima de car\u00e1cter estatal\u201d, sinalou.<\/p>\n","protected":false},"excerpt":{"rendered":"<p>Santiago, 13 de abril de 2021.- A portavoz de Enerx\u00eda do Grupo Popular, Marta N\u00f3voa, asegurou hoxe no Pleno do Parlamento que \u201cen Galicia s\u00f3 se autorizan parques e\u00f3licos que compren todas as garant\u00edas t\u00e9cnicas, medioambientais e xur\u00eddicas que establece a lexislaci\u00f3n vixente, ademais de ser compatibles co resto de actividades econ\u00f3micas\u201d.<\/p>\n","protected":false},"author":38,"featured_media":55559,"comment_status":"open","ping_status":"open","sticky":false,"template":"","format":"standard","meta":{"_acf_changed":false,"footnotes":""},"categories":[1],"tags":[],"class_list":["post-55560","post","type-post","status-publish","format-standard","has-post-thumbnail","hentry","category-pp-de-galicia"],"acf":[],"yoast_head":"<!-- This site is optimized with the Yoast SEO plugin v27.3 - https:\/\/yoast.com\/product\/yoast-seo-wordpress\/ -->\n<title>O Grupo Popular asegura que en Galicia s\u00f3 se autorizan parques e\u00f3licos que compren todas as garant\u00edas t\u00e9cnicas, medioambientais e xur\u00eddicas - PP de Galicia<\/title>\n<meta name=\"robots\" content=\"index, follow, max-snippet:-1, max-image-preview:large, max-video-preview:-1\" \/>\n<link rel=\"canonical\" href=\"https:\/\/ppdegalicia.com\/es\/o-grupo-popular-asegura-que-en-galicia-so-se-autorizan-parques-eolicos-que-compren-todas-as-garantias-tecnicas-medioambientais-e-xuridicas\/\" \/>\n<meta property=\"og:locale\" content=\"es_ES\" \/>\n<meta property=\"og:type\" content=\"article\" \/>\n<meta property=\"og:title\" content=\"O Grupo Popular asegura que en Galicia s\u00f3 se autorizan parques e\u00f3licos que compren todas as garant\u00edas t\u00e9cnicas, medioambientais e xur\u00eddicas - PP de Galicia\" \/>\n<meta property=\"og:description\" content=\"Santiago, 13 de abril de 2021.- A portavoz de Enerx\u00eda do Grupo Popular, Marta N\u00f3voa, asegurou hoxe no Pleno do Parlamento que \u201cen Galicia s\u00f3 se autorizan parques e\u00f3licos que compren todas as garant\u00edas t\u00e9cnicas, medioambientais e xur\u00eddicas que establece a lexislaci\u00f3n vixente, ademais de ser compatibles co resto de actividades econ\u00f3micas\u201d.\" \/>\n<meta property=\"og:url\" content=\"https:\/\/ppdegalicia.com\/es\/o-grupo-popular-asegura-que-en-galicia-so-se-autorizan-parques-eolicos-que-compren-todas-as-garantias-tecnicas-medioambientais-e-xuridicas\/\" \/>\n<meta property=\"og:site_name\" content=\"PP de Galicia\" \/>\n<meta property=\"article:publisher\" content=\"https:\/\/www.instagram.com\/ppdegalicia\/\" \/>\n<meta property=\"article:published_time\" content=\"2021-04-13T12:38:25+00:00\" \/>\n<meta property=\"og:image\" content=\"https:\/\/ppdegalicia.com\/wp-content\/uploads\/2021\/04\/1d1a0d66a384ac4238994fa1afc9845d.jpg\" \/>\n\t<meta property=\"og:image:width\" content=\"1900\" \/>\n\t<meta property=\"og:image:height\" content=\"1235\" \/>\n\t<meta property=\"og:image:type\" content=\"image\/jpeg\" \/>\n<meta name=\"author\" content=\"ppdegaliciaredes\" \/>\n<meta name=\"twitter:card\" content=\"summary_large_image\" \/>\n<meta name=\"twitter:creator\" content=\"@ppdegalicia\" \/>\n<meta name=\"twitter:site\" content=\"@ppdegalicia\" \/>\n<meta name=\"twitter:label1\" content=\"Escrito por\" \/>\n\t<meta name=\"twitter:data1\" content=\"ppdegaliciaredes\" \/>\n\t<meta name=\"twitter:label2\" content=\"Tiempo de lectura\" \/>\n\t<meta name=\"twitter:data2\" content=\"2 minutos\" \/>\n<script type=\"application\/ld+json\" class=\"yoast-schema-graph\">{\"@context\":\"https:\\\/\\\/schema.org\",\"@graph\":[{\"@type\":\"Article\",\"@id\":\"https:\\\/\\\/ppdegalicia.com\\\/es\\\/o-grupo-popular-asegura-que-en-galicia-so-se-autorizan-parques-eolicos-que-compren-todas-as-garantias-tecnicas-medioambientais-e-xuridicas\\\/#article\",\"isPartOf\":{\"@id\":\"https:\\\/\\\/ppdegalicia.com\\\/es\\\/o-grupo-popular-asegura-que-en-galicia-so-se-autorizan-parques-eolicos-que-compren-todas-as-garantias-tecnicas-medioambientais-e-xuridicas\\\/\"},\"author\":{\"name\":\"ppdegaliciaredes\",\"@id\":\"https:\\\/\\\/ppdegalicia.com\\\/es\\\/#\\\/schema\\\/person\\\/5b822c6f59e872ebdd1142f307dbcb59\"},\"headline\":\"O Grupo Popular asegura que en Galicia s\u00f3 se autorizan parques e\u00f3licos que compren todas as garant\u00edas t\u00e9cnicas, medioambientais e xur\u00eddicas\",\"datePublished\":\"2021-04-13T12:38:25+00:00\",\"mainEntityOfPage\":{\"@id\":\"https:\\\/\\\/ppdegalicia.com\\\/es\\\/o-grupo-popular-asegura-que-en-galicia-so-se-autorizan-parques-eolicos-que-compren-todas-as-garantias-tecnicas-medioambientais-e-xuridicas\\\/\"},\"wordCount\":494,\"commentCount\":0,\"publisher\":{\"@id\":\"https:\\\/\\\/ppdegalicia.com\\\/es\\\/#organization\"},\"image\":{\"@id\":\"https:\\\/\\\/ppdegalicia.com\\\/es\\\/o-grupo-popular-asegura-que-en-galicia-so-se-autorizan-parques-eolicos-que-compren-todas-as-garantias-tecnicas-medioambientais-e-xuridicas\\\/#primaryimage\"},\"thumbnailUrl\":\"https:\\\/\\\/ppdegalicia.com\\\/wp-content\\\/uploads\\\/2021\\\/04\\\/1d1a0d66a384ac4238994fa1afc9845d.jpg\",\"articleSection\":[\"PP de Galicia\"],\"inLanguage\":\"es\",\"potentialAction\":[{\"@type\":\"CommentAction\",\"name\":\"Comment\",\"target\":[\"https:\\\/\\\/ppdegalicia.com\\\/es\\\/o-grupo-popular-asegura-que-en-galicia-so-se-autorizan-parques-eolicos-que-compren-todas-as-garantias-tecnicas-medioambientais-e-xuridicas\\\/#respond\"]}]},{\"@type\":\"WebPage\",\"@id\":\"https:\\\/\\\/ppdegalicia.com\\\/es\\\/o-grupo-popular-asegura-que-en-galicia-so-se-autorizan-parques-eolicos-que-compren-todas-as-garantias-tecnicas-medioambientais-e-xuridicas\\\/\",\"url\":\"https:\\\/\\\/ppdegalicia.com\\\/es\\\/o-grupo-popular-asegura-que-en-galicia-so-se-autorizan-parques-eolicos-que-compren-todas-as-garantias-tecnicas-medioambientais-e-xuridicas\\\/\",\"name\":\"O Grupo Popular asegura que en Galicia s\u00f3 se autorizan parques e\u00f3licos que compren todas as garant\u00edas t\u00e9cnicas, medioambientais e xur\u00eddicas - PP de Galicia\",\"isPartOf\":{\"@id\":\"https:\\\/\\\/ppdegalicia.com\\\/es\\\/#website\"},\"primaryImageOfPage\":{\"@id\":\"https:\\\/\\\/ppdegalicia.com\\\/es\\\/o-grupo-popular-asegura-que-en-galicia-so-se-autorizan-parques-eolicos-que-compren-todas-as-garantias-tecnicas-medioambientais-e-xuridicas\\\/#primaryimage\"},\"image\":{\"@id\":\"https:\\\/\\\/ppdegalicia.com\\\/es\\\/o-grupo-popular-asegura-que-en-galicia-so-se-autorizan-parques-eolicos-que-compren-todas-as-garantias-tecnicas-medioambientais-e-xuridicas\\\/#primaryimage\"},\"thumbnailUrl\":\"https:\\\/\\\/ppdegalicia.com\\\/wp-content\\\/uploads\\\/2021\\\/04\\\/1d1a0d66a384ac4238994fa1afc9845d.jpg\",\"datePublished\":\"2021-04-13T12:38:25+00:00\",\"breadcrumb\":{\"@id\":\"https:\\\/\\\/ppdegalicia.com\\\/es\\\/o-grupo-popular-asegura-que-en-galicia-so-se-autorizan-parques-eolicos-que-compren-todas-as-garantias-tecnicas-medioambientais-e-xuridicas\\\/#breadcrumb\"},\"inLanguage\":\"es\",\"potentialAction\":[{\"@type\":\"ReadAction\",\"target\":[\"https:\\\/\\\/ppdegalicia.com\\\/es\\\/o-grupo-popular-asegura-que-en-galicia-so-se-autorizan-parques-eolicos-que-compren-todas-as-garantias-tecnicas-medioambientais-e-xuridicas\\\/\"]}]},{\"@type\":\"ImageObject\",\"inLanguage\":\"es\",\"@id\":\"https:\\\/\\\/ppdegalicia.com\\\/es\\\/o-grupo-popular-asegura-que-en-galicia-so-se-autorizan-parques-eolicos-que-compren-todas-as-garantias-tecnicas-medioambientais-e-xuridicas\\\/#primaryimage\",\"url\":\"https:\\\/\\\/ppdegalicia.com\\\/wp-content\\\/uploads\\\/2021\\\/04\\\/1d1a0d66a384ac4238994fa1afc9845d.jpg\",\"contentUrl\":\"https:\\\/\\\/ppdegalicia.com\\\/wp-content\\\/uploads\\\/2021\\\/04\\\/1d1a0d66a384ac4238994fa1afc9845d.jpg\",\"width\":1900,\"height\":1235},{\"@type\":\"BreadcrumbList\",\"@id\":\"https:\\\/\\\/ppdegalicia.com\\\/es\\\/o-grupo-popular-asegura-que-en-galicia-so-se-autorizan-parques-eolicos-que-compren-todas-as-garantias-tecnicas-medioambientais-e-xuridicas\\\/#breadcrumb\",\"itemListElement\":[{\"@type\":\"ListItem\",\"position\":1,\"name\":\"Portada\",\"item\":\"https:\\\/\\\/ppdegalicia.com\\\/es\\\/\"},{\"@type\":\"ListItem\",\"position\":2,\"name\":\"O Grupo Popular asegura que en Galicia s\u00f3 se autorizan parques e\u00f3licos que compren todas as garant\u00edas t\u00e9cnicas, medioambientais e xur\u00eddicas\"}]},{\"@type\":\"WebSite\",\"@id\":\"https:\\\/\\\/ppdegalicia.com\\\/es\\\/#website\",\"url\":\"https:\\\/\\\/ppdegalicia.com\\\/es\\\/\",\"name\":\"Partido Popular de Galicia\",\"description\":\"Partido Popular de Galicia\",\"publisher\":{\"@id\":\"https:\\\/\\\/ppdegalicia.com\\\/es\\\/#organization\"},\"alternateName\":\"PP de Galicia\",\"potentialAction\":[{\"@type\":\"SearchAction\",\"target\":{\"@type\":\"EntryPoint\",\"urlTemplate\":\"https:\\\/\\\/ppdegalicia.com\\\/es\\\/?s={search_term_string}\"},\"query-input\":{\"@type\":\"PropertyValueSpecification\",\"valueRequired\":true,\"valueName\":\"search_term_string\"}}],\"inLanguage\":\"es\"},{\"@type\":\"Organization\",\"@id\":\"https:\\\/\\\/ppdegalicia.com\\\/es\\\/#organization\",\"name\":\"Partido Popular de Galicia\",\"alternateName\":\"PP de Galicia\",\"url\":\"https:\\\/\\\/ppdegalicia.com\\\/es\\\/\",\"logo\":{\"@type\":\"ImageObject\",\"inLanguage\":\"es\",\"@id\":\"https:\\\/\\\/ppdegalicia.com\\\/es\\\/#\\\/schema\\\/logo\\\/image\\\/\",\"url\":\"https:\\\/\\\/ppdegalicia.com\\\/wp-content\\\/uploads\\\/2023\\\/04\\\/logoPP512.png\",\"contentUrl\":\"https:\\\/\\\/ppdegalicia.com\\\/wp-content\\\/uploads\\\/2023\\\/04\\\/logoPP512.png\",\"width\":512,\"height\":512,\"caption\":\"Partido Popular de Galicia\"},\"image\":{\"@id\":\"https:\\\/\\\/ppdegalicia.com\\\/es\\\/#\\\/schema\\\/logo\\\/image\\\/\"},\"sameAs\":[\"https:\\\/\\\/www.instagram.com\\\/ppdegalicia\\\/\",\"https:\\\/\\\/x.com\\\/ppdegalicia\",\"https:\\\/\\\/www.tiktok.com\\\/@ppdegalicia\",\"https:\\\/\\\/www.youtube.com\\\/user\\\/ppdegalicia\"]},{\"@type\":\"Person\",\"@id\":\"https:\\\/\\\/ppdegalicia.com\\\/es\\\/#\\\/schema\\\/person\\\/5b822c6f59e872ebdd1142f307dbcb59\",\"name\":\"ppdegaliciaredes\",\"image\":{\"@type\":\"ImageObject\",\"inLanguage\":\"es\",\"@id\":\"https:\\\/\\\/secure.gravatar.com\\\/avatar\\\/3c9179cf0256d00c72a48d1f25783c58b6842cd56e85ef3a572881c8e28ccd59?s=96&d=mm&r=g\",\"url\":\"https:\\\/\\\/secure.gravatar.com\\\/avatar\\\/3c9179cf0256d00c72a48d1f25783c58b6842cd56e85ef3a572881c8e28ccd59?s=96&d=mm&r=g\",\"contentUrl\":\"https:\\\/\\\/secure.gravatar.com\\\/avatar\\\/3c9179cf0256d00c72a48d1f25783c58b6842cd56e85ef3a572881c8e28ccd59?s=96&d=mm&r=g\",\"caption\":\"ppdegaliciaredes\"},\"url\":\"https:\\\/\\\/ppdegalicia.com\\\/es\\\/author\\\/ppdegaliciaredes\\\/\"}]}<\/script>\n<!-- \/ Yoast SEO plugin. -->","yoast_head_json":{"title":"O Grupo Popular asegura que en Galicia s\u00f3 se autorizan parques e\u00f3licos que compren todas as garant\u00edas t\u00e9cnicas, medioambientais e xur\u00eddicas - PP de Galicia","robots":{"index":"index","follow":"follow","max-snippet":"max-snippet:-1","max-image-preview":"max-image-preview:large","max-video-preview":"max-video-preview:-1"},"canonical":"https:\/\/ppdegalicia.com\/es\/o-grupo-popular-asegura-que-en-galicia-so-se-autorizan-parques-eolicos-que-compren-todas-as-garantias-tecnicas-medioambientais-e-xuridicas\/","og_locale":"es_ES","og_type":"article","og_title":"O Grupo Popular asegura que en Galicia s\u00f3 se autorizan parques e\u00f3licos que compren todas as garant\u00edas t\u00e9cnicas, medioambientais e xur\u00eddicas - PP de Galicia","og_description":"Santiago, 13 de abril de 2021.- A portavoz de Enerx\u00eda do Grupo Popular, Marta N\u00f3voa, asegurou hoxe no Pleno do Parlamento que \u201cen Galicia s\u00f3 se autorizan parques e\u00f3licos que compren todas as garant\u00edas t\u00e9cnicas, medioambientais e xur\u00eddicas que establece a lexislaci\u00f3n vixente, ademais de ser compatibles co resto de actividades econ\u00f3micas\u201d.","og_url":"https:\/\/ppdegalicia.com\/es\/o-grupo-popular-asegura-que-en-galicia-so-se-autorizan-parques-eolicos-que-compren-todas-as-garantias-tecnicas-medioambientais-e-xuridicas\/","og_site_name":"PP de Galicia","article_publisher":"https:\/\/www.instagram.com\/ppdegalicia\/","article_published_time":"2021-04-13T12:38:25+00:00","og_image":[{"width":1900,"height":1235,"url":"https:\/\/ppdegalicia.com\/wp-content\/uploads\/2021\/04\/1d1a0d66a384ac4238994fa1afc9845d.jpg","type":"image\/jpeg"}],"author":"ppdegaliciaredes","twitter_card":"summary_large_image","twitter_creator":"@ppdegalicia","twitter_site":"@ppdegalicia","twitter_misc":{"Escrito por":"ppdegaliciaredes","Tiempo de lectura":"2 minutos"},"schema":{"@context":"https:\/\/schema.org","@graph":[{"@type":"Article","@id":"https:\/\/ppdegalicia.com\/es\/o-grupo-popular-asegura-que-en-galicia-so-se-autorizan-parques-eolicos-que-compren-todas-as-garantias-tecnicas-medioambientais-e-xuridicas\/#article","isPartOf":{"@id":"https:\/\/ppdegalicia.com\/es\/o-grupo-popular-asegura-que-en-galicia-so-se-autorizan-parques-eolicos-que-compren-todas-as-garantias-tecnicas-medioambientais-e-xuridicas\/"},"author":{"name":"ppdegaliciaredes","@id":"https:\/\/ppdegalicia.com\/es\/#\/schema\/person\/5b822c6f59e872ebdd1142f307dbcb59"},"headline":"O Grupo Popular asegura que en Galicia s\u00f3 se autorizan parques e\u00f3licos que compren todas as garant\u00edas t\u00e9cnicas, medioambientais e xur\u00eddicas","datePublished":"2021-04-13T12:38:25+00:00","mainEntityOfPage":{"@id":"https:\/\/ppdegalicia.com\/es\/o-grupo-popular-asegura-que-en-galicia-so-se-autorizan-parques-eolicos-que-compren-todas-as-garantias-tecnicas-medioambientais-e-xuridicas\/"},"wordCount":494,"commentCount":0,"publisher":{"@id":"https:\/\/ppdegalicia.com\/es\/#organization"},"image":{"@id":"https:\/\/ppdegalicia.com\/es\/o-grupo-popular-asegura-que-en-galicia-so-se-autorizan-parques-eolicos-que-compren-todas-as-garantias-tecnicas-medioambientais-e-xuridicas\/#primaryimage"},"thumbnailUrl":"https:\/\/ppdegalicia.com\/wp-content\/uploads\/2021\/04\/1d1a0d66a384ac4238994fa1afc9845d.jpg","articleSection":["PP de Galicia"],"inLanguage":"es","potentialAction":[{"@type":"CommentAction","name":"Comment","target":["https:\/\/ppdegalicia.com\/es\/o-grupo-popular-asegura-que-en-galicia-so-se-autorizan-parques-eolicos-que-compren-todas-as-garantias-tecnicas-medioambientais-e-xuridicas\/#respond"]}]},{"@type":"WebPage","@id":"https:\/\/ppdegalicia.com\/es\/o-grupo-popular-asegura-que-en-galicia-so-se-autorizan-parques-eolicos-que-compren-todas-as-garantias-tecnicas-medioambientais-e-xuridicas\/","url":"https:\/\/ppdegalicia.com\/es\/o-grupo-popular-asegura-que-en-galicia-so-se-autorizan-parques-eolicos-que-compren-todas-as-garantias-tecnicas-medioambientais-e-xuridicas\/","name":"O Grupo Popular asegura que en Galicia s\u00f3 se autorizan parques e\u00f3licos que compren todas as garant\u00edas t\u00e9cnicas, medioambientais e xur\u00eddicas - PP de Galicia","isPartOf":{"@id":"https:\/\/ppdegalicia.com\/es\/#website"},"primaryImageOfPage":{"@id":"https:\/\/ppdegalicia.com\/es\/o-grupo-popular-asegura-que-en-galicia-so-se-autorizan-parques-eolicos-que-compren-todas-as-garantias-tecnicas-medioambientais-e-xuridicas\/#primaryimage"},"image":{"@id":"https:\/\/ppdegalicia.com\/es\/o-grupo-popular-asegura-que-en-galicia-so-se-autorizan-parques-eolicos-que-compren-todas-as-garantias-tecnicas-medioambientais-e-xuridicas\/#primaryimage"},"thumbnailUrl":"https:\/\/ppdegalicia.com\/wp-content\/uploads\/2021\/04\/1d1a0d66a384ac4238994fa1afc9845d.jpg","datePublished":"2021-04-13T12:38:25+00:00","breadcrumb":{"@id":"https:\/\/ppdegalicia.com\/es\/o-grupo-popular-asegura-que-en-galicia-so-se-autorizan-parques-eolicos-que-compren-todas-as-garantias-tecnicas-medioambientais-e-xuridicas\/#breadcrumb"},"inLanguage":"es","potentialAction":[{"@type":"ReadAction","target":["https:\/\/ppdegalicia.com\/es\/o-grupo-popular-asegura-que-en-galicia-so-se-autorizan-parques-eolicos-que-compren-todas-as-garantias-tecnicas-medioambientais-e-xuridicas\/"]}]},{"@type":"ImageObject","inLanguage":"es","@id":"https:\/\/ppdegalicia.com\/es\/o-grupo-popular-asegura-que-en-galicia-so-se-autorizan-parques-eolicos-que-compren-todas-as-garantias-tecnicas-medioambientais-e-xuridicas\/#primaryimage","url":"https:\/\/ppdegalicia.com\/wp-content\/uploads\/2021\/04\/1d1a0d66a384ac4238994fa1afc9845d.jpg","contentUrl":"https:\/\/ppdegalicia.com\/wp-content\/uploads\/2021\/04\/1d1a0d66a384ac4238994fa1afc9845d.jpg","width":1900,"height":1235},{"@type":"BreadcrumbList","@id":"https:\/\/ppdegalicia.com\/es\/o-grupo-popular-asegura-que-en-galicia-so-se-autorizan-parques-eolicos-que-compren-todas-as-garantias-tecnicas-medioambientais-e-xuridicas\/#breadcrumb","itemListElement":[{"@type":"ListItem","position":1,"name":"Portada","item":"https:\/\/ppdegalicia.com\/es\/"},{"@type":"ListItem","position":2,"name":"O Grupo Popular asegura que en Galicia s\u00f3 se autorizan parques e\u00f3licos que compren todas as garant\u00edas t\u00e9cnicas, medioambientais e xur\u00eddicas"}]},{"@type":"WebSite","@id":"https:\/\/ppdegalicia.com\/es\/#website","url":"https:\/\/ppdegalicia.com\/es\/","name":"Partido Popular de Galicia","description":"Partido Popular de Galicia","publisher":{"@id":"https:\/\/ppdegalicia.com\/es\/#organization"},"alternateName":"PP de Galicia","potentialAction":[{"@type":"SearchAction","target":{"@type":"EntryPoint","urlTemplate":"https:\/\/ppdegalicia.com\/es\/?s={search_term_string}"},"query-input":{"@type":"PropertyValueSpecification","valueRequired":true,"valueName":"search_term_string"}}],"inLanguage":"es"},{"@type":"Organization","@id":"https:\/\/ppdegalicia.com\/es\/#organization","name":"Partido Popular de Galicia","alternateName":"PP de Galicia","url":"https:\/\/ppdegalicia.com\/es\/","logo":{"@type":"ImageObject","inLanguage":"es","@id":"https:\/\/ppdegalicia.com\/es\/#\/schema\/logo\/image\/","url":"https:\/\/ppdegalicia.com\/wp-content\/uploads\/2023\/04\/logoPP512.png","contentUrl":"https:\/\/ppdegalicia.com\/wp-content\/uploads\/2023\/04\/logoPP512.png","width":512,"height":512,"caption":"Partido Popular de Galicia"},"image":{"@id":"https:\/\/ppdegalicia.com\/es\/#\/schema\/logo\/image\/"},"sameAs":["https:\/\/www.instagram.com\/ppdegalicia\/","https:\/\/x.com\/ppdegalicia","https:\/\/www.tiktok.com\/@ppdegalicia","https:\/\/www.youtube.com\/user\/ppdegalicia"]},{"@type":"Person","@id":"https:\/\/ppdegalicia.com\/es\/#\/schema\/person\/5b822c6f59e872ebdd1142f307dbcb59","name":"ppdegaliciaredes","image":{"@type":"ImageObject","inLanguage":"es","@id":"https:\/\/secure.gravatar.com\/avatar\/3c9179cf0256d00c72a48d1f25783c58b6842cd56e85ef3a572881c8e28ccd59?s=96&d=mm&r=g","url":"https:\/\/secure.gravatar.com\/avatar\/3c9179cf0256d00c72a48d1f25783c58b6842cd56e85ef3a572881c8e28ccd59?s=96&d=mm&r=g","contentUrl":"https:\/\/secure.gravatar.com\/avatar\/3c9179cf0256d00c72a48d1f25783c58b6842cd56e85ef3a572881c8e28ccd59?s=96&d=mm&r=g","caption":"ppdegaliciaredes"},"url":"https:\/\/ppdegalicia.com\/es\/author\/ppdegaliciaredes\/"}]}},"_links":{"self":[{"href":"https:\/\/ppdegalicia.com\/es\/wp-json\/wp\/v2\/posts\/55560","targetHints":{"allow":["GET"]}}],"collection":[{"href":"https:\/\/ppdegalicia.com\/es\/wp-json\/wp\/v2\/posts"}],"about":[{"href":"https:\/\/ppdegalicia.com\/es\/wp-json\/wp\/v2\/types\/post"}],"author":[{"embeddable":true,"href":"https:\/\/ppdegalicia.com\/es\/wp-json\/wp\/v2\/users\/38"}],"replies":[{"embeddable":true,"href":"https:\/\/ppdegalicia.com\/es\/wp-json\/wp\/v2\/comments?post=55560"}],"version-history":[{"count":0,"href":"https:\/\/ppdegalicia.com\/es\/wp-json\/wp\/v2\/posts\/55560\/revisions"}],"wp:featuredmedia":[{"embeddable":true,"href":"https:\/\/ppdegalicia.com\/es\/wp-json\/wp\/v2\/media\/55559"}],"wp:attachment":[{"href":"https:\/\/ppdegalicia.com\/es\/wp-json\/wp\/v2\/media?parent=55560"}],"wp:term":[{"taxonomy":"category","embeddable":true,"href":"https:\/\/ppdegalicia.com\/es\/wp-json\/wp\/v2\/categories?post=55560"},{"taxonomy":"post_tag","embeddable":true,"href":"https:\/\/ppdegalicia.com\/es\/wp-json\/wp\/v2\/tags?post=55560"}],"curies":[{"name":"wp","href":"https:\/\/api.w.org\/{rel}","templated":true}]}}