{"id":55566,"date":"2021-04-14T10:48:00","date_gmt":"2021-04-14T08:48:00","guid":{"rendered":"https:\/\/ppdegalicia.com\/redaccion-do-proxecto-de-construcion-dunha-nova-estacion-ferroviaria-de-mercadorias-no-poligono-industrial-de-san-cibrao-das-vinas\/"},"modified":"2021-04-14T10:48:00","modified_gmt":"2021-04-14T08:48:00","slug":"redaccion-do-proxecto-de-construcion-dunha-nova-estacion-ferroviaria-de-mercadorias-no-poligono-industrial-de-san-cibrao-das-vinas","status":"publish","type":"post","link":"https:\/\/ppdegalicia.com\/es\/redaccion-do-proxecto-de-construcion-dunha-nova-estacion-ferroviaria-de-mercadorias-no-poligono-industrial-de-san-cibrao-das-vinas\/","title":{"rendered":"Redacci\u00f3n do proxecto de construci\u00f3n dunha nova estaci\u00f3n ferroviaria de mercador\u00edas no pol\u00edgono industrial de San Cibrao das Vi\u00f1as"},"content":{"rendered":"<p><img fetchpriority=\"high\" decoding=\"async\" class=\" size-full wp-image-55565\" src=\"https:\/\/ppdegalicia.com\/wp-content\/uploads\/2021\/04\/a171bf6d108ab3429593ad59874db3c5.jpg\" alt=\"\" width=\"1290\" height=\"445\" srcset=\"https:\/\/ppdegalicia.com\/wp-content\/uploads\/2021\/04\/a171bf6d108ab3429593ad59874db3c5.jpg 1290w, https:\/\/ppdegalicia.com\/wp-content\/uploads\/2021\/04\/a171bf6d108ab3429593ad59874db3c5-300x103.jpg 300w, https:\/\/ppdegalicia.com\/wp-content\/uploads\/2021\/04\/a171bf6d108ab3429593ad59874db3c5-1024x353.jpg 1024w, https:\/\/ppdegalicia.com\/wp-content\/uploads\/2021\/04\/a171bf6d108ab3429593ad59874db3c5-768x265.jpg 768w\" sizes=\"(max-width: 1290px) 100vw, 1290px\" \/><\/p>\n<p>\u00a0<\/p>\n<p>Iniciativa sobre a demanda do Goberno galego ao Goberno central do inicio da redacci\u00f3n do proxecto de construci\u00f3n dunha nova estaci\u00f3n ferroviaria de mercador\u00edas no pol\u00edgono industrial de San Cibrao das Vi\u00f1as, na provincia de Ourense<\/p>\n<p><!--more--><\/p>\n<p>O Pol\u00edgono Industrial de San Cibrao das Vi\u00f1as, na provincia de Ourense, \u00e9 un dos de maior superficie de Galicia, as\u00ed como o m\u00e1is antigo, pois data do ano 1965.<\/p>\n<p>Est\u00e1 situado a 10 km do centro da cidade e, nun radio de 2 km, enc\u00f3ntrase o cinto empresarial de Ourense, composto polo Parque Tecnol\u00f3xico e o Pol\u00edgono de Barreiros, tam\u00e9n no Concello de San Cibrao das Vi\u00f1as, o pol\u00edgono do Concello de Pereiro de Aguiar, e o parque empresarial de Seixalvo, no Concello de Ourense.<\/p>\n<p>En total, en menos de 6km \u00e1 redonda, temos 642 empresas, 13.100 traballadores e 6,8 mill\u00f3ns de metros cadrados de superficie de solo industrial.<\/p>\n<p>Estas empresas moven na actualidade m\u00e1is de 3 mill\u00f3ns de toneladas anuais de mercador\u00edas por estrada, o que \u00e9 equivalente a uns 120.000 cami\u00f3ns.<\/p>\n<p>Hai que salientar ademais que a Xunta, a trav\u00e9s do Instituto Galego de Vivenda e Solo, ten previsto desenvolver o parque empresarial de Paderne de Allariz, de maneira que, entre o pol\u00edgono de San Cibrao, o Tecnol\u00f3xico e a s\u00faa futura ampliaci\u00f3n, a Cidade do Transporte e o futuro parque empresarial de Paderne de Allariz, cr\u00e9ase un gran polo empresarial na zona.<\/p>\n<p>Pese a este gran potencial industrial, este cinto empresarial s\u00f3 conta cun apeadoiro- cargadoiro ferroviario que d\u00e1 servizo exclusivamente a unha gran empresa agroalimentaria.<\/p>\n<p>O transvase de mercador\u00edas da estrada ao ferrocarril \u00e9 un obxectivo dos gobernos. O aforro de enerx\u00eda, o aforro econ\u00f3mico, evitar a contaminaci\u00f3n e os accidentes, a menor ocupaci\u00f3n do territorio e a diminuci\u00f3n da dependencia do petr\u00f3leo son algunhas das vantaxes do ferrocarril.<\/p>\n<p>A proposta de emprazamento desta central de mercador\u00edas \u00e9 colindante \u00e1 Cidade do Transporte no concello de San Cibrao das Vi\u00f1as, constru\u00edda pola Xunta de Galicia, e o terreo proposto \u00e9 contiguo a li\u00f1a f\u00e9rrea actual de Ourense a Zamora.<\/p>\n<p>Esta \u00e9 a reivindicaci\u00f3n m\u00e1is importante do tecido empresarial de Ourense, que hoxe se fai m\u00e1is necesaria ca nunca. Unha nova estaci\u00f3n ferroviaria de mercador\u00edas que permita a intermodalidade e que aumente a competitividade das empresas, permitindo tam\u00e9n liberar espazo na estaci\u00f3n Ourense-Empalme. Esa estaci\u00f3n ocupa unha gran cantidade de metros cadrados e na actualidade est\u00e1 infrautilizada, pois os tr\u00e1ficos m\u00e1is importantes real\u00edzanse na que hai en San Cibrao e que utiliza a empresa Coren, e na de Taboadela, que se utiliza para o env\u00edo dos contedores da planta de transferencia de Sogama, tam\u00e9n situada no pol\u00edgono de San Cibrao das vi\u00f1as.<\/p>\n<p>A central de mercanc\u00edas do Pol\u00edgono de San Cibrao est\u00e1 apoiada por diferentes administraci\u00f3ns: Concellos, Deputaci\u00f3n de Ourense, Xunta de Galicia, e tam\u00e9n conta cun forte respaldo empresarial e de partidos pol\u00edticos e sindicatos de diferente signo.<\/p>\n<p>Entendemos que o primeiro paso \u00e9 que o Ministerio de Transportes, Mobilidade e Axenda Urbana apoie esta iniciativa e acorde a redacci\u00f3n do proxecto desta nova Estaci\u00f3n Ferroviaria de Mercador\u00edas.<\/p>\n<p>Por todo isto, o Grupo Parlamentario Popular, presenta a seguinte proposici\u00f3n non de lei en Comisi\u00f3n:<br \/>\u201cO Parlamento de Galicia insta \u00e1 Xunta de Galicia a demandar ao Goberno de Espa\u00f1a,<br \/>a trav\u00e9s do Ministerio de Transportes, Mobilidade e Axenda Urbana, que inicie a redacci\u00f3n do proxecto dunha nova estaci\u00f3n ferroviaria de mercador\u00edas no Pol\u00edgono Industrial de San Cibrao das Vi\u00f1as, na provincia de Ourense, liberando espazo da estaci\u00f3n de Ourense-Empalme e contribu\u00edndo a facer cidade\u201d.<\/p>\n<p>\u00a0<\/p>\n<p>Rexistro iniciativa:\u00a0<a href=\"https:\/\/www.parlamentodegalicia.es\/Expedientes\/11\/PNC-001288\">https:\/\/www.parlamentodegalicia.es\/Expedientes\/11\/PNC-001288<\/a><\/p>\n<p>\u00a0<\/p>\n","protected":false},"excerpt":{"rendered":"<p>\u00a0 Iniciativa sobre a demanda do Goberno galego ao Goberno central do inicio da redacci\u00f3n do proxecto de construci\u00f3n dunha nova estaci\u00f3n ferroviaria de mercador\u00edas no pol\u00edgono industrial de San Cibrao das Vi\u00f1as, na provincia de Ourense<\/p>\n","protected":false},"author":38,"featured_media":55565,"comment_status":"open","ping_status":"open","sticky":false,"template":"","format":"standard","meta":{"_acf_changed":false,"footnotes":""},"categories":[1128,1],"tags":[],"class_list":["post-55566","post","type-post","status-publish","format-standard","has-post-thumbnail","hentry","category-actualidad-parlamento-de-galicia","category-pp-de-galicia"],"acf":[],"yoast_head":"<!-- This site is optimized with the Yoast SEO plugin v27.3 - https:\/\/yoast.com\/product\/yoast-seo-wordpress\/ -->\n<title>Redacci\u00f3n do proxecto de construci\u00f3n dunha nova estaci\u00f3n ferroviaria de mercador\u00edas no pol\u00edgono industrial de San Cibrao das Vi\u00f1as - PP de Galicia<\/title>\n<meta name=\"robots\" content=\"index, follow, max-snippet:-1, max-image-preview:large, max-video-preview:-1\" \/>\n<link rel=\"canonical\" href=\"https:\/\/ppdegalicia.com\/es\/redaccion-do-proxecto-de-construcion-dunha-nova-estacion-ferroviaria-de-mercadorias-no-poligono-industrial-de-san-cibrao-das-vinas\/\" \/>\n<meta property=\"og:locale\" content=\"es_ES\" \/>\n<meta property=\"og:type\" content=\"article\" \/>\n<meta property=\"og:title\" content=\"Redacci\u00f3n do proxecto de construci\u00f3n dunha nova estaci\u00f3n ferroviaria de mercador\u00edas no pol\u00edgono industrial de San Cibrao das Vi\u00f1as - PP de Galicia\" \/>\n<meta property=\"og:description\" content=\"\u00a0 Iniciativa sobre a demanda do Goberno galego ao Goberno central do inicio da redacci\u00f3n do proxecto de construci\u00f3n dunha nova estaci\u00f3n ferroviaria de mercador\u00edas no pol\u00edgono industrial de San Cibrao das Vi\u00f1as, na provincia de Ourense\" \/>\n<meta property=\"og:url\" content=\"https:\/\/ppdegalicia.com\/es\/redaccion-do-proxecto-de-construcion-dunha-nova-estacion-ferroviaria-de-mercadorias-no-poligono-industrial-de-san-cibrao-das-vinas\/\" \/>\n<meta property=\"og:site_name\" content=\"PP de Galicia\" \/>\n<meta property=\"article:publisher\" content=\"https:\/\/www.instagram.com\/ppdegalicia\/\" \/>\n<meta property=\"article:published_time\" content=\"2021-04-14T08:48:00+00:00\" \/>\n<meta property=\"og:image\" content=\"https:\/\/ppdegalicia.com\/wp-content\/uploads\/2021\/04\/a171bf6d108ab3429593ad59874db3c5.jpg\" \/>\n\t<meta property=\"og:image:width\" content=\"1290\" \/>\n\t<meta property=\"og:image:height\" content=\"445\" \/>\n\t<meta property=\"og:image:type\" content=\"image\/jpeg\" \/>\n<meta name=\"author\" content=\"ppdegaliciaredes\" \/>\n<meta name=\"twitter:card\" content=\"summary_large_image\" \/>\n<meta name=\"twitter:creator\" content=\"@ppdegalicia\" \/>\n<meta name=\"twitter:site\" content=\"@ppdegalicia\" \/>\n<meta name=\"twitter:label1\" content=\"Escrito por\" \/>\n\t<meta name=\"twitter:data1\" content=\"ppdegaliciaredes\" \/>\n\t<meta name=\"twitter:label2\" content=\"Tiempo de lectura\" \/>\n\t<meta name=\"twitter:data2\" content=\"3 minutos\" \/>\n<script type=\"application\/ld+json\" class=\"yoast-schema-graph\">{\"@context\":\"https:\\\/\\\/schema.org\",\"@graph\":[{\"@type\":\"Article\",\"@id\":\"https:\\\/\\\/ppdegalicia.com\\\/es\\\/redaccion-do-proxecto-de-construcion-dunha-nova-estacion-ferroviaria-de-mercadorias-no-poligono-industrial-de-san-cibrao-das-vinas\\\/#article\",\"isPartOf\":{\"@id\":\"https:\\\/\\\/ppdegalicia.com\\\/es\\\/redaccion-do-proxecto-de-construcion-dunha-nova-estacion-ferroviaria-de-mercadorias-no-poligono-industrial-de-san-cibrao-das-vinas\\\/\"},\"author\":{\"name\":\"ppdegaliciaredes\",\"@id\":\"https:\\\/\\\/ppdegalicia.com\\\/es\\\/#\\\/schema\\\/person\\\/5b822c6f59e872ebdd1142f307dbcb59\"},\"headline\":\"Redacci\u00f3n do proxecto de construci\u00f3n dunha nova estaci\u00f3n ferroviaria de mercador\u00edas no pol\u00edgono industrial de San Cibrao das Vi\u00f1as\",\"datePublished\":\"2021-04-14T08:48:00+00:00\",\"mainEntityOfPage\":{\"@id\":\"https:\\\/\\\/ppdegalicia.com\\\/es\\\/redaccion-do-proxecto-de-construcion-dunha-nova-estacion-ferroviaria-de-mercadorias-no-poligono-industrial-de-san-cibrao-das-vinas\\\/\"},\"wordCount\":673,\"commentCount\":0,\"publisher\":{\"@id\":\"https:\\\/\\\/ppdegalicia.com\\\/es\\\/#organization\"},\"image\":{\"@id\":\"https:\\\/\\\/ppdegalicia.com\\\/es\\\/redaccion-do-proxecto-de-construcion-dunha-nova-estacion-ferroviaria-de-mercadorias-no-poligono-industrial-de-san-cibrao-das-vinas\\\/#primaryimage\"},\"thumbnailUrl\":\"https:\\\/\\\/ppdegalicia.com\\\/wp-content\\\/uploads\\\/2021\\\/04\\\/a171bf6d108ab3429593ad59874db3c5.jpg\",\"articleSection\":[\"Parlamento de Galicia\",\"PP de Galicia\"],\"inLanguage\":\"es\",\"potentialAction\":[{\"@type\":\"CommentAction\",\"name\":\"Comment\",\"target\":[\"https:\\\/\\\/ppdegalicia.com\\\/es\\\/redaccion-do-proxecto-de-construcion-dunha-nova-estacion-ferroviaria-de-mercadorias-no-poligono-industrial-de-san-cibrao-das-vinas\\\/#respond\"]}]},{\"@type\":\"WebPage\",\"@id\":\"https:\\\/\\\/ppdegalicia.com\\\/es\\\/redaccion-do-proxecto-de-construcion-dunha-nova-estacion-ferroviaria-de-mercadorias-no-poligono-industrial-de-san-cibrao-das-vinas\\\/\",\"url\":\"https:\\\/\\\/ppdegalicia.com\\\/es\\\/redaccion-do-proxecto-de-construcion-dunha-nova-estacion-ferroviaria-de-mercadorias-no-poligono-industrial-de-san-cibrao-das-vinas\\\/\",\"name\":\"Redacci\u00f3n do proxecto de construci\u00f3n dunha nova estaci\u00f3n ferroviaria de mercador\u00edas no pol\u00edgono industrial de San Cibrao das Vi\u00f1as - PP de Galicia\",\"isPartOf\":{\"@id\":\"https:\\\/\\\/ppdegalicia.com\\\/es\\\/#website\"},\"primaryImageOfPage\":{\"@id\":\"https:\\\/\\\/ppdegalicia.com\\\/es\\\/redaccion-do-proxecto-de-construcion-dunha-nova-estacion-ferroviaria-de-mercadorias-no-poligono-industrial-de-san-cibrao-das-vinas\\\/#primaryimage\"},\"image\":{\"@id\":\"https:\\\/\\\/ppdegalicia.com\\\/es\\\/redaccion-do-proxecto-de-construcion-dunha-nova-estacion-ferroviaria-de-mercadorias-no-poligono-industrial-de-san-cibrao-das-vinas\\\/#primaryimage\"},\"thumbnailUrl\":\"https:\\\/\\\/ppdegalicia.com\\\/wp-content\\\/uploads\\\/2021\\\/04\\\/a171bf6d108ab3429593ad59874db3c5.jpg\",\"datePublished\":\"2021-04-14T08:48:00+00:00\",\"breadcrumb\":{\"@id\":\"https:\\\/\\\/ppdegalicia.com\\\/es\\\/redaccion-do-proxecto-de-construcion-dunha-nova-estacion-ferroviaria-de-mercadorias-no-poligono-industrial-de-san-cibrao-das-vinas\\\/#breadcrumb\"},\"inLanguage\":\"es\",\"potentialAction\":[{\"@type\":\"ReadAction\",\"target\":[\"https:\\\/\\\/ppdegalicia.com\\\/es\\\/redaccion-do-proxecto-de-construcion-dunha-nova-estacion-ferroviaria-de-mercadorias-no-poligono-industrial-de-san-cibrao-das-vinas\\\/\"]}]},{\"@type\":\"ImageObject\",\"inLanguage\":\"es\",\"@id\":\"https:\\\/\\\/ppdegalicia.com\\\/es\\\/redaccion-do-proxecto-de-construcion-dunha-nova-estacion-ferroviaria-de-mercadorias-no-poligono-industrial-de-san-cibrao-das-vinas\\\/#primaryimage\",\"url\":\"https:\\\/\\\/ppdegalicia.com\\\/wp-content\\\/uploads\\\/2021\\\/04\\\/a171bf6d108ab3429593ad59874db3c5.jpg\",\"contentUrl\":\"https:\\\/\\\/ppdegalicia.com\\\/wp-content\\\/uploads\\\/2021\\\/04\\\/a171bf6d108ab3429593ad59874db3c5.jpg\",\"width\":1290,\"height\":445},{\"@type\":\"BreadcrumbList\",\"@id\":\"https:\\\/\\\/ppdegalicia.com\\\/es\\\/redaccion-do-proxecto-de-construcion-dunha-nova-estacion-ferroviaria-de-mercadorias-no-poligono-industrial-de-san-cibrao-das-vinas\\\/#breadcrumb\",\"itemListElement\":[{\"@type\":\"ListItem\",\"position\":1,\"name\":\"Portada\",\"item\":\"https:\\\/\\\/ppdegalicia.com\\\/es\\\/\"},{\"@type\":\"ListItem\",\"position\":2,\"name\":\"Redacci\u00f3n do proxecto de construci\u00f3n dunha nova estaci\u00f3n ferroviaria de mercador\u00edas no pol\u00edgono industrial de San Cibrao das Vi\u00f1as\"}]},{\"@type\":\"WebSite\",\"@id\":\"https:\\\/\\\/ppdegalicia.com\\\/es\\\/#website\",\"url\":\"https:\\\/\\\/ppdegalicia.com\\\/es\\\/\",\"name\":\"Partido Popular de Galicia\",\"description\":\"Partido Popular de Galicia\",\"publisher\":{\"@id\":\"https:\\\/\\\/ppdegalicia.com\\\/es\\\/#organization\"},\"alternateName\":\"PP de Galicia\",\"potentialAction\":[{\"@type\":\"SearchAction\",\"target\":{\"@type\":\"EntryPoint\",\"urlTemplate\":\"https:\\\/\\\/ppdegalicia.com\\\/es\\\/?s={search_term_string}\"},\"query-input\":{\"@type\":\"PropertyValueSpecification\",\"valueRequired\":true,\"valueName\":\"search_term_string\"}}],\"inLanguage\":\"es\"},{\"@type\":\"Organization\",\"@id\":\"https:\\\/\\\/ppdegalicia.com\\\/es\\\/#organization\",\"name\":\"Partido Popular de Galicia\",\"alternateName\":\"PP de Galicia\",\"url\":\"https:\\\/\\\/ppdegalicia.com\\\/es\\\/\",\"logo\":{\"@type\":\"ImageObject\",\"inLanguage\":\"es\",\"@id\":\"https:\\\/\\\/ppdegalicia.com\\\/es\\\/#\\\/schema\\\/logo\\\/image\\\/\",\"url\":\"https:\\\/\\\/ppdegalicia.com\\\/wp-content\\\/uploads\\\/2023\\\/04\\\/logoPP512.png\",\"contentUrl\":\"https:\\\/\\\/ppdegalicia.com\\\/wp-content\\\/uploads\\\/2023\\\/04\\\/logoPP512.png\",\"width\":512,\"height\":512,\"caption\":\"Partido Popular de Galicia\"},\"image\":{\"@id\":\"https:\\\/\\\/ppdegalicia.com\\\/es\\\/#\\\/schema\\\/logo\\\/image\\\/\"},\"sameAs\":[\"https:\\\/\\\/www.instagram.com\\\/ppdegalicia\\\/\",\"https:\\\/\\\/x.com\\\/ppdegalicia\",\"https:\\\/\\\/www.tiktok.com\\\/@ppdegalicia\",\"https:\\\/\\\/www.youtube.com\\\/user\\\/ppdegalicia\"]},{\"@type\":\"Person\",\"@id\":\"https:\\\/\\\/ppdegalicia.com\\\/es\\\/#\\\/schema\\\/person\\\/5b822c6f59e872ebdd1142f307dbcb59\",\"name\":\"ppdegaliciaredes\",\"image\":{\"@type\":\"ImageObject\",\"inLanguage\":\"es\",\"@id\":\"https:\\\/\\\/secure.gravatar.com\\\/avatar\\\/3c9179cf0256d00c72a48d1f25783c58b6842cd56e85ef3a572881c8e28ccd59?s=96&d=mm&r=g\",\"url\":\"https:\\\/\\\/secure.gravatar.com\\\/avatar\\\/3c9179cf0256d00c72a48d1f25783c58b6842cd56e85ef3a572881c8e28ccd59?s=96&d=mm&r=g\",\"contentUrl\":\"https:\\\/\\\/secure.gravatar.com\\\/avatar\\\/3c9179cf0256d00c72a48d1f25783c58b6842cd56e85ef3a572881c8e28ccd59?s=96&d=mm&r=g\",\"caption\":\"ppdegaliciaredes\"},\"url\":\"https:\\\/\\\/ppdegalicia.com\\\/es\\\/author\\\/ppdegaliciaredes\\\/\"}]}<\/script>\n<!-- \/ Yoast SEO plugin. -->","yoast_head_json":{"title":"Redacci\u00f3n do proxecto de construci\u00f3n dunha nova estaci\u00f3n ferroviaria de mercador\u00edas no pol\u00edgono industrial de San Cibrao das Vi\u00f1as - PP de Galicia","robots":{"index":"index","follow":"follow","max-snippet":"max-snippet:-1","max-image-preview":"max-image-preview:large","max-video-preview":"max-video-preview:-1"},"canonical":"https:\/\/ppdegalicia.com\/es\/redaccion-do-proxecto-de-construcion-dunha-nova-estacion-ferroviaria-de-mercadorias-no-poligono-industrial-de-san-cibrao-das-vinas\/","og_locale":"es_ES","og_type":"article","og_title":"Redacci\u00f3n do proxecto de construci\u00f3n dunha nova estaci\u00f3n ferroviaria de mercador\u00edas no pol\u00edgono industrial de San Cibrao das Vi\u00f1as - PP de Galicia","og_description":"\u00a0 Iniciativa sobre a demanda do Goberno galego ao Goberno central do inicio da redacci\u00f3n do proxecto de construci\u00f3n dunha nova estaci\u00f3n ferroviaria de mercador\u00edas no pol\u00edgono industrial de San Cibrao das Vi\u00f1as, na provincia de Ourense","og_url":"https:\/\/ppdegalicia.com\/es\/redaccion-do-proxecto-de-construcion-dunha-nova-estacion-ferroviaria-de-mercadorias-no-poligono-industrial-de-san-cibrao-das-vinas\/","og_site_name":"PP de Galicia","article_publisher":"https:\/\/www.instagram.com\/ppdegalicia\/","article_published_time":"2021-04-14T08:48:00+00:00","og_image":[{"width":1290,"height":445,"url":"https:\/\/ppdegalicia.com\/wp-content\/uploads\/2021\/04\/a171bf6d108ab3429593ad59874db3c5.jpg","type":"image\/jpeg"}],"author":"ppdegaliciaredes","twitter_card":"summary_large_image","twitter_creator":"@ppdegalicia","twitter_site":"@ppdegalicia","twitter_misc":{"Escrito por":"ppdegaliciaredes","Tiempo de lectura":"3 minutos"},"schema":{"@context":"https:\/\/schema.org","@graph":[{"@type":"Article","@id":"https:\/\/ppdegalicia.com\/es\/redaccion-do-proxecto-de-construcion-dunha-nova-estacion-ferroviaria-de-mercadorias-no-poligono-industrial-de-san-cibrao-das-vinas\/#article","isPartOf":{"@id":"https:\/\/ppdegalicia.com\/es\/redaccion-do-proxecto-de-construcion-dunha-nova-estacion-ferroviaria-de-mercadorias-no-poligono-industrial-de-san-cibrao-das-vinas\/"},"author":{"name":"ppdegaliciaredes","@id":"https:\/\/ppdegalicia.com\/es\/#\/schema\/person\/5b822c6f59e872ebdd1142f307dbcb59"},"headline":"Redacci\u00f3n do proxecto de construci\u00f3n dunha nova estaci\u00f3n ferroviaria de mercador\u00edas no pol\u00edgono industrial de San Cibrao das Vi\u00f1as","datePublished":"2021-04-14T08:48:00+00:00","mainEntityOfPage":{"@id":"https:\/\/ppdegalicia.com\/es\/redaccion-do-proxecto-de-construcion-dunha-nova-estacion-ferroviaria-de-mercadorias-no-poligono-industrial-de-san-cibrao-das-vinas\/"},"wordCount":673,"commentCount":0,"publisher":{"@id":"https:\/\/ppdegalicia.com\/es\/#organization"},"image":{"@id":"https:\/\/ppdegalicia.com\/es\/redaccion-do-proxecto-de-construcion-dunha-nova-estacion-ferroviaria-de-mercadorias-no-poligono-industrial-de-san-cibrao-das-vinas\/#primaryimage"},"thumbnailUrl":"https:\/\/ppdegalicia.com\/wp-content\/uploads\/2021\/04\/a171bf6d108ab3429593ad59874db3c5.jpg","articleSection":["Parlamento de Galicia","PP de Galicia"],"inLanguage":"es","potentialAction":[{"@type":"CommentAction","name":"Comment","target":["https:\/\/ppdegalicia.com\/es\/redaccion-do-proxecto-de-construcion-dunha-nova-estacion-ferroviaria-de-mercadorias-no-poligono-industrial-de-san-cibrao-das-vinas\/#respond"]}]},{"@type":"WebPage","@id":"https:\/\/ppdegalicia.com\/es\/redaccion-do-proxecto-de-construcion-dunha-nova-estacion-ferroviaria-de-mercadorias-no-poligono-industrial-de-san-cibrao-das-vinas\/","url":"https:\/\/ppdegalicia.com\/es\/redaccion-do-proxecto-de-construcion-dunha-nova-estacion-ferroviaria-de-mercadorias-no-poligono-industrial-de-san-cibrao-das-vinas\/","name":"Redacci\u00f3n do proxecto de construci\u00f3n dunha nova estaci\u00f3n ferroviaria de mercador\u00edas no pol\u00edgono industrial de San Cibrao das Vi\u00f1as - PP de Galicia","isPartOf":{"@id":"https:\/\/ppdegalicia.com\/es\/#website"},"primaryImageOfPage":{"@id":"https:\/\/ppdegalicia.com\/es\/redaccion-do-proxecto-de-construcion-dunha-nova-estacion-ferroviaria-de-mercadorias-no-poligono-industrial-de-san-cibrao-das-vinas\/#primaryimage"},"image":{"@id":"https:\/\/ppdegalicia.com\/es\/redaccion-do-proxecto-de-construcion-dunha-nova-estacion-ferroviaria-de-mercadorias-no-poligono-industrial-de-san-cibrao-das-vinas\/#primaryimage"},"thumbnailUrl":"https:\/\/ppdegalicia.com\/wp-content\/uploads\/2021\/04\/a171bf6d108ab3429593ad59874db3c5.jpg","datePublished":"2021-04-14T08:48:00+00:00","breadcrumb":{"@id":"https:\/\/ppdegalicia.com\/es\/redaccion-do-proxecto-de-construcion-dunha-nova-estacion-ferroviaria-de-mercadorias-no-poligono-industrial-de-san-cibrao-das-vinas\/#breadcrumb"},"inLanguage":"es","potentialAction":[{"@type":"ReadAction","target":["https:\/\/ppdegalicia.com\/es\/redaccion-do-proxecto-de-construcion-dunha-nova-estacion-ferroviaria-de-mercadorias-no-poligono-industrial-de-san-cibrao-das-vinas\/"]}]},{"@type":"ImageObject","inLanguage":"es","@id":"https:\/\/ppdegalicia.com\/es\/redaccion-do-proxecto-de-construcion-dunha-nova-estacion-ferroviaria-de-mercadorias-no-poligono-industrial-de-san-cibrao-das-vinas\/#primaryimage","url":"https:\/\/ppdegalicia.com\/wp-content\/uploads\/2021\/04\/a171bf6d108ab3429593ad59874db3c5.jpg","contentUrl":"https:\/\/ppdegalicia.com\/wp-content\/uploads\/2021\/04\/a171bf6d108ab3429593ad59874db3c5.jpg","width":1290,"height":445},{"@type":"BreadcrumbList","@id":"https:\/\/ppdegalicia.com\/es\/redaccion-do-proxecto-de-construcion-dunha-nova-estacion-ferroviaria-de-mercadorias-no-poligono-industrial-de-san-cibrao-das-vinas\/#breadcrumb","itemListElement":[{"@type":"ListItem","position":1,"name":"Portada","item":"https:\/\/ppdegalicia.com\/es\/"},{"@type":"ListItem","position":2,"name":"Redacci\u00f3n do proxecto de construci\u00f3n dunha nova estaci\u00f3n ferroviaria de mercador\u00edas no pol\u00edgono industrial de San Cibrao das Vi\u00f1as"}]},{"@type":"WebSite","@id":"https:\/\/ppdegalicia.com\/es\/#website","url":"https:\/\/ppdegalicia.com\/es\/","name":"Partido Popular de Galicia","description":"Partido Popular de Galicia","publisher":{"@id":"https:\/\/ppdegalicia.com\/es\/#organization"},"alternateName":"PP de Galicia","potentialAction":[{"@type":"SearchAction","target":{"@type":"EntryPoint","urlTemplate":"https:\/\/ppdegalicia.com\/es\/?s={search_term_string}"},"query-input":{"@type":"PropertyValueSpecification","valueRequired":true,"valueName":"search_term_string"}}],"inLanguage":"es"},{"@type":"Organization","@id":"https:\/\/ppdegalicia.com\/es\/#organization","name":"Partido Popular de Galicia","alternateName":"PP de Galicia","url":"https:\/\/ppdegalicia.com\/es\/","logo":{"@type":"ImageObject","inLanguage":"es","@id":"https:\/\/ppdegalicia.com\/es\/#\/schema\/logo\/image\/","url":"https:\/\/ppdegalicia.com\/wp-content\/uploads\/2023\/04\/logoPP512.png","contentUrl":"https:\/\/ppdegalicia.com\/wp-content\/uploads\/2023\/04\/logoPP512.png","width":512,"height":512,"caption":"Partido Popular de Galicia"},"image":{"@id":"https:\/\/ppdegalicia.com\/es\/#\/schema\/logo\/image\/"},"sameAs":["https:\/\/www.instagram.com\/ppdegalicia\/","https:\/\/x.com\/ppdegalicia","https:\/\/www.tiktok.com\/@ppdegalicia","https:\/\/www.youtube.com\/user\/ppdegalicia"]},{"@type":"Person","@id":"https:\/\/ppdegalicia.com\/es\/#\/schema\/person\/5b822c6f59e872ebdd1142f307dbcb59","name":"ppdegaliciaredes","image":{"@type":"ImageObject","inLanguage":"es","@id":"https:\/\/secure.gravatar.com\/avatar\/3c9179cf0256d00c72a48d1f25783c58b6842cd56e85ef3a572881c8e28ccd59?s=96&d=mm&r=g","url":"https:\/\/secure.gravatar.com\/avatar\/3c9179cf0256d00c72a48d1f25783c58b6842cd56e85ef3a572881c8e28ccd59?s=96&d=mm&r=g","contentUrl":"https:\/\/secure.gravatar.com\/avatar\/3c9179cf0256d00c72a48d1f25783c58b6842cd56e85ef3a572881c8e28ccd59?s=96&d=mm&r=g","caption":"ppdegaliciaredes"},"url":"https:\/\/ppdegalicia.com\/es\/author\/ppdegaliciaredes\/"}]}},"_links":{"self":[{"href":"https:\/\/ppdegalicia.com\/es\/wp-json\/wp\/v2\/posts\/55566","targetHints":{"allow":["GET"]}}],"collection":[{"href":"https:\/\/ppdegalicia.com\/es\/wp-json\/wp\/v2\/posts"}],"about":[{"href":"https:\/\/ppdegalicia.com\/es\/wp-json\/wp\/v2\/types\/post"}],"author":[{"embeddable":true,"href":"https:\/\/ppdegalicia.com\/es\/wp-json\/wp\/v2\/users\/38"}],"replies":[{"embeddable":true,"href":"https:\/\/ppdegalicia.com\/es\/wp-json\/wp\/v2\/comments?post=55566"}],"version-history":[{"count":0,"href":"https:\/\/ppdegalicia.com\/es\/wp-json\/wp\/v2\/posts\/55566\/revisions"}],"wp:featuredmedia":[{"embeddable":true,"href":"https:\/\/ppdegalicia.com\/es\/wp-json\/wp\/v2\/media\/55565"}],"wp:attachment":[{"href":"https:\/\/ppdegalicia.com\/es\/wp-json\/wp\/v2\/media?parent=55566"}],"wp:term":[{"taxonomy":"category","embeddable":true,"href":"https:\/\/ppdegalicia.com\/es\/wp-json\/wp\/v2\/categories?post=55566"},{"taxonomy":"post_tag","embeddable":true,"href":"https:\/\/ppdegalicia.com\/es\/wp-json\/wp\/v2\/tags?post=55566"}],"curies":[{"name":"wp","href":"https:\/\/api.w.org\/{rel}","templated":true}]}}