{"id":55568,"date":"2021-04-14T12:46:17","date_gmt":"2021-04-14T10:46:17","guid":{"rendered":"https:\/\/ppdegalicia.com\/o-grupo-popular-asegura-que-a-xunta-nunca-abandonou-as-valoracions-presenciais-da-discapacidade\/"},"modified":"2021-04-14T12:46:17","modified_gmt":"2021-04-14T10:46:17","slug":"o-grupo-popular-asegura-que-a-xunta-nunca-abandonou-as-valoracions-presenciais-da-discapacidade","status":"publish","type":"post","link":"https:\/\/ppdegalicia.com\/es\/o-grupo-popular-asegura-que-a-xunta-nunca-abandonou-as-valoracions-presenciais-da-discapacidade\/","title":{"rendered":"O Grupo Popular asegura que a Xunta \u201cnunca abandonou as valoraci\u00f3ns presenciais da discapacidade\u201d"},"content":{"rendered":"<p><img fetchpriority=\"high\" decoding=\"async\" class=\" size-full wp-image-55567\" src=\"https:\/\/ppdegalicia.com\/wp-content\/uploads\/2021\/04\/ba5d38b89bc1c6d65a2f54402356690d.jpg\" alt=\"\" width=\"1900\" height=\"1267\" srcset=\"https:\/\/ppdegalicia.com\/wp-content\/uploads\/2021\/04\/ba5d38b89bc1c6d65a2f54402356690d.jpg 1900w, https:\/\/ppdegalicia.com\/wp-content\/uploads\/2021\/04\/ba5d38b89bc1c6d65a2f54402356690d-300x200.jpg 300w, https:\/\/ppdegalicia.com\/wp-content\/uploads\/2021\/04\/ba5d38b89bc1c6d65a2f54402356690d-1024x683.jpg 1024w, https:\/\/ppdegalicia.com\/wp-content\/uploads\/2021\/04\/ba5d38b89bc1c6d65a2f54402356690d-768x512.jpg 768w, https:\/\/ppdegalicia.com\/wp-content\/uploads\/2021\/04\/ba5d38b89bc1c6d65a2f54402356690d-1536x1024.jpg 1536w\" sizes=\"(max-width: 1900px) 100vw, 1900px\" \/><\/p>\n<p>Santiago, 14 de abril de 2021.- A deputada do Grupo Popular Noelia P\u00e9rez asegurou hoxe no Pleno do Parlamento galego que a Xunta \u201cnunca abandonou as valoraci\u00f3ns presenciais dos expedientes de discapacidade, salvo entre os meses de marzo e maio de 2020 por mor do confinamento pola pandemia da Covid-19, porque o primeiro \u00e9 preservar a sa\u00fade de todos os cidad\u00e1ns galegos\u201d.<\/p>\n<p><!--more--><\/p>\n<p>Noelia P\u00e9rez lembrou que \u201ca excepcionalidade da situaci\u00f3n e a normativa estatal que se ditou pola pandemia da Covid-19 deu lugar \u00e1 suspensi\u00f3n das citaci\u00f3ns presenciais programadas para o reco\u00f1ecemento do grao de discapacidade e a contemplar as citas telef\u00f3nicas e telem\u00e1ticas como unha v\u00eda para ampliar a informaci\u00f3n presente no expediente, sempre e cando o grao de discapacidade puidese resolverse sen necesidade dunha valoraci\u00f3n presencial\u201d.<\/p>\n<p>\u00a0<\/p>\n<p><strong>AXILIZAR VALORACI\u00d3NS E EVITAR DESPRAZAMENTOS<\/strong><\/p>\n<p>\u00a0<\/p>\n<p>\u201cO obxectivo era axilizar as valoraci\u00f3ns e evitar os desprazamentos innecesarios das persoas m\u00e1is vulnerables para non sometelas a un risco maior de contraer a Covid-19\u201d, indicou a deputada popular.<\/p>\n<p>\u00a0<\/p>\n<p>Na s\u00faa intervenci\u00f3n, explicou que, \u201cunha vez levantado o estado de alarma o 2 de xu\u00f1o do pasado ano, en Galicia reanud\u00e1ronse de forma progresiva os reco\u00f1ecementos do grao de discapacidade e a citaci\u00f3n presencial nos casos necesarios\u201d.<\/p>\n<p>\u00a0<\/p>\n<p>A deputada popular reafirmou \u201co compromiso do Goberno galego coas persoas con discapacidade, reforzando os equipos de valoraci\u00f3n nas distintas \u00e1reas e incrementando os fondos para a atenci\u00f3n da discapacidade un 10 por cento respecto a 2020\u201d. \u201cO traballo de toda a Xunta, porque a discapacidade \u00e9 transversal e afecta a todas as conseller\u00edas, est\u00e1 a consolidar unha Galicia m\u00e1is inclusiva e moito m\u00e1is xusta\u201d. <\/p>\n","protected":false},"excerpt":{"rendered":"<p>Santiago, 14 de abril de 2021.- A deputada do Grupo Popular Noelia P\u00e9rez asegurou hoxe no Pleno do Parlamento galego que a Xunta \u201cnunca abandonou as valoraci\u00f3ns presenciais dos expedientes de discapacidade, salvo entre os meses de marzo e maio de 2020 por mor do confinamento pola pandemia da Covid-19, porque o primeiro \u00e9 preservar [&hellip;]<\/p>\n","protected":false},"author":38,"featured_media":55567,"comment_status":"open","ping_status":"open","sticky":false,"template":"","format":"standard","meta":{"_acf_changed":false,"footnotes":""},"categories":[1],"tags":[],"class_list":["post-55568","post","type-post","status-publish","format-standard","has-post-thumbnail","hentry","category-pp-de-galicia"],"acf":[],"yoast_head":"<!-- This site is optimized with the Yoast SEO plugin v27.3 - https:\/\/yoast.com\/product\/yoast-seo-wordpress\/ -->\n<title>O Grupo Popular asegura que a Xunta \u201cnunca abandonou as valoraci\u00f3ns presenciais da discapacidade\u201d - PP de Galicia<\/title>\n<meta name=\"robots\" content=\"index, follow, max-snippet:-1, max-image-preview:large, max-video-preview:-1\" \/>\n<link rel=\"canonical\" href=\"https:\/\/ppdegalicia.com\/es\/o-grupo-popular-asegura-que-a-xunta-nunca-abandonou-as-valoracions-presenciais-da-discapacidade\/\" \/>\n<meta property=\"og:locale\" content=\"es_ES\" \/>\n<meta property=\"og:type\" content=\"article\" \/>\n<meta property=\"og:title\" content=\"O Grupo Popular asegura que a Xunta \u201cnunca abandonou as valoraci\u00f3ns presenciais da discapacidade\u201d - PP de Galicia\" \/>\n<meta property=\"og:description\" content=\"Santiago, 14 de abril de 2021.- A deputada do Grupo Popular Noelia P\u00e9rez asegurou hoxe no Pleno do Parlamento galego que a Xunta \u201cnunca abandonou as valoraci\u00f3ns presenciais dos expedientes de discapacidade, salvo entre os meses de marzo e maio de 2020 por mor do confinamento pola pandemia da Covid-19, porque o primeiro \u00e9 preservar [&hellip;]\" \/>\n<meta property=\"og:url\" content=\"https:\/\/ppdegalicia.com\/es\/o-grupo-popular-asegura-que-a-xunta-nunca-abandonou-as-valoracions-presenciais-da-discapacidade\/\" \/>\n<meta property=\"og:site_name\" content=\"PP de Galicia\" \/>\n<meta property=\"article:publisher\" content=\"https:\/\/www.instagram.com\/ppdegalicia\/\" \/>\n<meta property=\"article:published_time\" content=\"2021-04-14T10:46:17+00:00\" \/>\n<meta property=\"og:image\" content=\"https:\/\/ppdegalicia.com\/wp-content\/uploads\/2021\/04\/ba5d38b89bc1c6d65a2f54402356690d.jpg\" \/>\n\t<meta property=\"og:image:width\" content=\"1900\" \/>\n\t<meta property=\"og:image:height\" content=\"1267\" \/>\n\t<meta property=\"og:image:type\" content=\"image\/jpeg\" \/>\n<meta name=\"author\" content=\"ppdegaliciaredes\" \/>\n<meta name=\"twitter:card\" content=\"summary_large_image\" \/>\n<meta name=\"twitter:creator\" content=\"@ppdegalicia\" \/>\n<meta name=\"twitter:site\" content=\"@ppdegalicia\" \/>\n<meta name=\"twitter:label1\" content=\"Escrito por\" \/>\n\t<meta name=\"twitter:data1\" content=\"ppdegaliciaredes\" \/>\n\t<meta name=\"twitter:label2\" content=\"Tiempo de lectura\" \/>\n\t<meta name=\"twitter:data2\" content=\"1 minuto\" \/>\n<script type=\"application\/ld+json\" class=\"yoast-schema-graph\">{\"@context\":\"https:\\\/\\\/schema.org\",\"@graph\":[{\"@type\":\"Article\",\"@id\":\"https:\\\/\\\/ppdegalicia.com\\\/es\\\/o-grupo-popular-asegura-que-a-xunta-nunca-abandonou-as-valoracions-presenciais-da-discapacidade\\\/#article\",\"isPartOf\":{\"@id\":\"https:\\\/\\\/ppdegalicia.com\\\/es\\\/o-grupo-popular-asegura-que-a-xunta-nunca-abandonou-as-valoracions-presenciais-da-discapacidade\\\/\"},\"author\":{\"name\":\"ppdegaliciaredes\",\"@id\":\"https:\\\/\\\/ppdegalicia.com\\\/es\\\/#\\\/schema\\\/person\\\/5b822c6f59e872ebdd1142f307dbcb59\"},\"headline\":\"O Grupo Popular asegura que a Xunta \u201cnunca abandonou as valoraci\u00f3ns presenciais da discapacidade\u201d\",\"datePublished\":\"2021-04-14T10:46:17+00:00\",\"mainEntityOfPage\":{\"@id\":\"https:\\\/\\\/ppdegalicia.com\\\/es\\\/o-grupo-popular-asegura-que-a-xunta-nunca-abandonou-as-valoracions-presenciais-da-discapacidade\\\/\"},\"wordCount\":301,\"commentCount\":0,\"publisher\":{\"@id\":\"https:\\\/\\\/ppdegalicia.com\\\/es\\\/#organization\"},\"image\":{\"@id\":\"https:\\\/\\\/ppdegalicia.com\\\/es\\\/o-grupo-popular-asegura-que-a-xunta-nunca-abandonou-as-valoracions-presenciais-da-discapacidade\\\/#primaryimage\"},\"thumbnailUrl\":\"https:\\\/\\\/ppdegalicia.com\\\/wp-content\\\/uploads\\\/2021\\\/04\\\/ba5d38b89bc1c6d65a2f54402356690d.jpg\",\"articleSection\":[\"PP de Galicia\"],\"inLanguage\":\"es\",\"potentialAction\":[{\"@type\":\"CommentAction\",\"name\":\"Comment\",\"target\":[\"https:\\\/\\\/ppdegalicia.com\\\/es\\\/o-grupo-popular-asegura-que-a-xunta-nunca-abandonou-as-valoracions-presenciais-da-discapacidade\\\/#respond\"]}]},{\"@type\":\"WebPage\",\"@id\":\"https:\\\/\\\/ppdegalicia.com\\\/es\\\/o-grupo-popular-asegura-que-a-xunta-nunca-abandonou-as-valoracions-presenciais-da-discapacidade\\\/\",\"url\":\"https:\\\/\\\/ppdegalicia.com\\\/es\\\/o-grupo-popular-asegura-que-a-xunta-nunca-abandonou-as-valoracions-presenciais-da-discapacidade\\\/\",\"name\":\"O Grupo Popular asegura que a Xunta \u201cnunca abandonou as valoraci\u00f3ns presenciais da discapacidade\u201d - PP de Galicia\",\"isPartOf\":{\"@id\":\"https:\\\/\\\/ppdegalicia.com\\\/es\\\/#website\"},\"primaryImageOfPage\":{\"@id\":\"https:\\\/\\\/ppdegalicia.com\\\/es\\\/o-grupo-popular-asegura-que-a-xunta-nunca-abandonou-as-valoracions-presenciais-da-discapacidade\\\/#primaryimage\"},\"image\":{\"@id\":\"https:\\\/\\\/ppdegalicia.com\\\/es\\\/o-grupo-popular-asegura-que-a-xunta-nunca-abandonou-as-valoracions-presenciais-da-discapacidade\\\/#primaryimage\"},\"thumbnailUrl\":\"https:\\\/\\\/ppdegalicia.com\\\/wp-content\\\/uploads\\\/2021\\\/04\\\/ba5d38b89bc1c6d65a2f54402356690d.jpg\",\"datePublished\":\"2021-04-14T10:46:17+00:00\",\"breadcrumb\":{\"@id\":\"https:\\\/\\\/ppdegalicia.com\\\/es\\\/o-grupo-popular-asegura-que-a-xunta-nunca-abandonou-as-valoracions-presenciais-da-discapacidade\\\/#breadcrumb\"},\"inLanguage\":\"es\",\"potentialAction\":[{\"@type\":\"ReadAction\",\"target\":[\"https:\\\/\\\/ppdegalicia.com\\\/es\\\/o-grupo-popular-asegura-que-a-xunta-nunca-abandonou-as-valoracions-presenciais-da-discapacidade\\\/\"]}]},{\"@type\":\"ImageObject\",\"inLanguage\":\"es\",\"@id\":\"https:\\\/\\\/ppdegalicia.com\\\/es\\\/o-grupo-popular-asegura-que-a-xunta-nunca-abandonou-as-valoracions-presenciais-da-discapacidade\\\/#primaryimage\",\"url\":\"https:\\\/\\\/ppdegalicia.com\\\/wp-content\\\/uploads\\\/2021\\\/04\\\/ba5d38b89bc1c6d65a2f54402356690d.jpg\",\"contentUrl\":\"https:\\\/\\\/ppdegalicia.com\\\/wp-content\\\/uploads\\\/2021\\\/04\\\/ba5d38b89bc1c6d65a2f54402356690d.jpg\",\"width\":1900,\"height\":1267},{\"@type\":\"BreadcrumbList\",\"@id\":\"https:\\\/\\\/ppdegalicia.com\\\/es\\\/o-grupo-popular-asegura-que-a-xunta-nunca-abandonou-as-valoracions-presenciais-da-discapacidade\\\/#breadcrumb\",\"itemListElement\":[{\"@type\":\"ListItem\",\"position\":1,\"name\":\"Portada\",\"item\":\"https:\\\/\\\/ppdegalicia.com\\\/es\\\/\"},{\"@type\":\"ListItem\",\"position\":2,\"name\":\"O Grupo Popular asegura que a Xunta \u201cnunca abandonou as valoraci\u00f3ns presenciais da discapacidade\u201d\"}]},{\"@type\":\"WebSite\",\"@id\":\"https:\\\/\\\/ppdegalicia.com\\\/es\\\/#website\",\"url\":\"https:\\\/\\\/ppdegalicia.com\\\/es\\\/\",\"name\":\"Partido Popular de Galicia\",\"description\":\"Partido Popular de Galicia\",\"publisher\":{\"@id\":\"https:\\\/\\\/ppdegalicia.com\\\/es\\\/#organization\"},\"alternateName\":\"PP de Galicia\",\"potentialAction\":[{\"@type\":\"SearchAction\",\"target\":{\"@type\":\"EntryPoint\",\"urlTemplate\":\"https:\\\/\\\/ppdegalicia.com\\\/es\\\/?s={search_term_string}\"},\"query-input\":{\"@type\":\"PropertyValueSpecification\",\"valueRequired\":true,\"valueName\":\"search_term_string\"}}],\"inLanguage\":\"es\"},{\"@type\":\"Organization\",\"@id\":\"https:\\\/\\\/ppdegalicia.com\\\/es\\\/#organization\",\"name\":\"Partido Popular de Galicia\",\"alternateName\":\"PP de Galicia\",\"url\":\"https:\\\/\\\/ppdegalicia.com\\\/es\\\/\",\"logo\":{\"@type\":\"ImageObject\",\"inLanguage\":\"es\",\"@id\":\"https:\\\/\\\/ppdegalicia.com\\\/es\\\/#\\\/schema\\\/logo\\\/image\\\/\",\"url\":\"https:\\\/\\\/ppdegalicia.com\\\/wp-content\\\/uploads\\\/2023\\\/04\\\/logoPP512.png\",\"contentUrl\":\"https:\\\/\\\/ppdegalicia.com\\\/wp-content\\\/uploads\\\/2023\\\/04\\\/logoPP512.png\",\"width\":512,\"height\":512,\"caption\":\"Partido Popular de Galicia\"},\"image\":{\"@id\":\"https:\\\/\\\/ppdegalicia.com\\\/es\\\/#\\\/schema\\\/logo\\\/image\\\/\"},\"sameAs\":[\"https:\\\/\\\/www.instagram.com\\\/ppdegalicia\\\/\",\"https:\\\/\\\/x.com\\\/ppdegalicia\",\"https:\\\/\\\/www.tiktok.com\\\/@ppdegalicia\",\"https:\\\/\\\/www.youtube.com\\\/user\\\/ppdegalicia\"]},{\"@type\":\"Person\",\"@id\":\"https:\\\/\\\/ppdegalicia.com\\\/es\\\/#\\\/schema\\\/person\\\/5b822c6f59e872ebdd1142f307dbcb59\",\"name\":\"ppdegaliciaredes\",\"image\":{\"@type\":\"ImageObject\",\"inLanguage\":\"es\",\"@id\":\"https:\\\/\\\/secure.gravatar.com\\\/avatar\\\/3c9179cf0256d00c72a48d1f25783c58b6842cd56e85ef3a572881c8e28ccd59?s=96&d=mm&r=g\",\"url\":\"https:\\\/\\\/secure.gravatar.com\\\/avatar\\\/3c9179cf0256d00c72a48d1f25783c58b6842cd56e85ef3a572881c8e28ccd59?s=96&d=mm&r=g\",\"contentUrl\":\"https:\\\/\\\/secure.gravatar.com\\\/avatar\\\/3c9179cf0256d00c72a48d1f25783c58b6842cd56e85ef3a572881c8e28ccd59?s=96&d=mm&r=g\",\"caption\":\"ppdegaliciaredes\"},\"url\":\"https:\\\/\\\/ppdegalicia.com\\\/es\\\/author\\\/ppdegaliciaredes\\\/\"}]}<\/script>\n<!-- \/ Yoast SEO plugin. -->","yoast_head_json":{"title":"O Grupo Popular asegura que a Xunta \u201cnunca abandonou as valoraci\u00f3ns presenciais da discapacidade\u201d - PP de Galicia","robots":{"index":"index","follow":"follow","max-snippet":"max-snippet:-1","max-image-preview":"max-image-preview:large","max-video-preview":"max-video-preview:-1"},"canonical":"https:\/\/ppdegalicia.com\/es\/o-grupo-popular-asegura-que-a-xunta-nunca-abandonou-as-valoracions-presenciais-da-discapacidade\/","og_locale":"es_ES","og_type":"article","og_title":"O Grupo Popular asegura que a Xunta \u201cnunca abandonou as valoraci\u00f3ns presenciais da discapacidade\u201d - PP de Galicia","og_description":"Santiago, 14 de abril de 2021.- A deputada do Grupo Popular Noelia P\u00e9rez asegurou hoxe no Pleno do Parlamento galego que a Xunta \u201cnunca abandonou as valoraci\u00f3ns presenciais dos expedientes de discapacidade, salvo entre os meses de marzo e maio de 2020 por mor do confinamento pola pandemia da Covid-19, porque o primeiro \u00e9 preservar [&hellip;]","og_url":"https:\/\/ppdegalicia.com\/es\/o-grupo-popular-asegura-que-a-xunta-nunca-abandonou-as-valoracions-presenciais-da-discapacidade\/","og_site_name":"PP de Galicia","article_publisher":"https:\/\/www.instagram.com\/ppdegalicia\/","article_published_time":"2021-04-14T10:46:17+00:00","og_image":[{"width":1900,"height":1267,"url":"https:\/\/ppdegalicia.com\/wp-content\/uploads\/2021\/04\/ba5d38b89bc1c6d65a2f54402356690d.jpg","type":"image\/jpeg"}],"author":"ppdegaliciaredes","twitter_card":"summary_large_image","twitter_creator":"@ppdegalicia","twitter_site":"@ppdegalicia","twitter_misc":{"Escrito por":"ppdegaliciaredes","Tiempo de lectura":"1 minuto"},"schema":{"@context":"https:\/\/schema.org","@graph":[{"@type":"Article","@id":"https:\/\/ppdegalicia.com\/es\/o-grupo-popular-asegura-que-a-xunta-nunca-abandonou-as-valoracions-presenciais-da-discapacidade\/#article","isPartOf":{"@id":"https:\/\/ppdegalicia.com\/es\/o-grupo-popular-asegura-que-a-xunta-nunca-abandonou-as-valoracions-presenciais-da-discapacidade\/"},"author":{"name":"ppdegaliciaredes","@id":"https:\/\/ppdegalicia.com\/es\/#\/schema\/person\/5b822c6f59e872ebdd1142f307dbcb59"},"headline":"O Grupo Popular asegura que a Xunta \u201cnunca abandonou as valoraci\u00f3ns presenciais da discapacidade\u201d","datePublished":"2021-04-14T10:46:17+00:00","mainEntityOfPage":{"@id":"https:\/\/ppdegalicia.com\/es\/o-grupo-popular-asegura-que-a-xunta-nunca-abandonou-as-valoracions-presenciais-da-discapacidade\/"},"wordCount":301,"commentCount":0,"publisher":{"@id":"https:\/\/ppdegalicia.com\/es\/#organization"},"image":{"@id":"https:\/\/ppdegalicia.com\/es\/o-grupo-popular-asegura-que-a-xunta-nunca-abandonou-as-valoracions-presenciais-da-discapacidade\/#primaryimage"},"thumbnailUrl":"https:\/\/ppdegalicia.com\/wp-content\/uploads\/2021\/04\/ba5d38b89bc1c6d65a2f54402356690d.jpg","articleSection":["PP de Galicia"],"inLanguage":"es","potentialAction":[{"@type":"CommentAction","name":"Comment","target":["https:\/\/ppdegalicia.com\/es\/o-grupo-popular-asegura-que-a-xunta-nunca-abandonou-as-valoracions-presenciais-da-discapacidade\/#respond"]}]},{"@type":"WebPage","@id":"https:\/\/ppdegalicia.com\/es\/o-grupo-popular-asegura-que-a-xunta-nunca-abandonou-as-valoracions-presenciais-da-discapacidade\/","url":"https:\/\/ppdegalicia.com\/es\/o-grupo-popular-asegura-que-a-xunta-nunca-abandonou-as-valoracions-presenciais-da-discapacidade\/","name":"O Grupo Popular asegura que a Xunta \u201cnunca abandonou as valoraci\u00f3ns presenciais da discapacidade\u201d - PP de Galicia","isPartOf":{"@id":"https:\/\/ppdegalicia.com\/es\/#website"},"primaryImageOfPage":{"@id":"https:\/\/ppdegalicia.com\/es\/o-grupo-popular-asegura-que-a-xunta-nunca-abandonou-as-valoracions-presenciais-da-discapacidade\/#primaryimage"},"image":{"@id":"https:\/\/ppdegalicia.com\/es\/o-grupo-popular-asegura-que-a-xunta-nunca-abandonou-as-valoracions-presenciais-da-discapacidade\/#primaryimage"},"thumbnailUrl":"https:\/\/ppdegalicia.com\/wp-content\/uploads\/2021\/04\/ba5d38b89bc1c6d65a2f54402356690d.jpg","datePublished":"2021-04-14T10:46:17+00:00","breadcrumb":{"@id":"https:\/\/ppdegalicia.com\/es\/o-grupo-popular-asegura-que-a-xunta-nunca-abandonou-as-valoracions-presenciais-da-discapacidade\/#breadcrumb"},"inLanguage":"es","potentialAction":[{"@type":"ReadAction","target":["https:\/\/ppdegalicia.com\/es\/o-grupo-popular-asegura-que-a-xunta-nunca-abandonou-as-valoracions-presenciais-da-discapacidade\/"]}]},{"@type":"ImageObject","inLanguage":"es","@id":"https:\/\/ppdegalicia.com\/es\/o-grupo-popular-asegura-que-a-xunta-nunca-abandonou-as-valoracions-presenciais-da-discapacidade\/#primaryimage","url":"https:\/\/ppdegalicia.com\/wp-content\/uploads\/2021\/04\/ba5d38b89bc1c6d65a2f54402356690d.jpg","contentUrl":"https:\/\/ppdegalicia.com\/wp-content\/uploads\/2021\/04\/ba5d38b89bc1c6d65a2f54402356690d.jpg","width":1900,"height":1267},{"@type":"BreadcrumbList","@id":"https:\/\/ppdegalicia.com\/es\/o-grupo-popular-asegura-que-a-xunta-nunca-abandonou-as-valoracions-presenciais-da-discapacidade\/#breadcrumb","itemListElement":[{"@type":"ListItem","position":1,"name":"Portada","item":"https:\/\/ppdegalicia.com\/es\/"},{"@type":"ListItem","position":2,"name":"O Grupo Popular asegura que a Xunta \u201cnunca abandonou as valoraci\u00f3ns presenciais da discapacidade\u201d"}]},{"@type":"WebSite","@id":"https:\/\/ppdegalicia.com\/es\/#website","url":"https:\/\/ppdegalicia.com\/es\/","name":"Partido Popular de Galicia","description":"Partido Popular de Galicia","publisher":{"@id":"https:\/\/ppdegalicia.com\/es\/#organization"},"alternateName":"PP de Galicia","potentialAction":[{"@type":"SearchAction","target":{"@type":"EntryPoint","urlTemplate":"https:\/\/ppdegalicia.com\/es\/?s={search_term_string}"},"query-input":{"@type":"PropertyValueSpecification","valueRequired":true,"valueName":"search_term_string"}}],"inLanguage":"es"},{"@type":"Organization","@id":"https:\/\/ppdegalicia.com\/es\/#organization","name":"Partido Popular de Galicia","alternateName":"PP de Galicia","url":"https:\/\/ppdegalicia.com\/es\/","logo":{"@type":"ImageObject","inLanguage":"es","@id":"https:\/\/ppdegalicia.com\/es\/#\/schema\/logo\/image\/","url":"https:\/\/ppdegalicia.com\/wp-content\/uploads\/2023\/04\/logoPP512.png","contentUrl":"https:\/\/ppdegalicia.com\/wp-content\/uploads\/2023\/04\/logoPP512.png","width":512,"height":512,"caption":"Partido Popular de Galicia"},"image":{"@id":"https:\/\/ppdegalicia.com\/es\/#\/schema\/logo\/image\/"},"sameAs":["https:\/\/www.instagram.com\/ppdegalicia\/","https:\/\/x.com\/ppdegalicia","https:\/\/www.tiktok.com\/@ppdegalicia","https:\/\/www.youtube.com\/user\/ppdegalicia"]},{"@type":"Person","@id":"https:\/\/ppdegalicia.com\/es\/#\/schema\/person\/5b822c6f59e872ebdd1142f307dbcb59","name":"ppdegaliciaredes","image":{"@type":"ImageObject","inLanguage":"es","@id":"https:\/\/secure.gravatar.com\/avatar\/3c9179cf0256d00c72a48d1f25783c58b6842cd56e85ef3a572881c8e28ccd59?s=96&d=mm&r=g","url":"https:\/\/secure.gravatar.com\/avatar\/3c9179cf0256d00c72a48d1f25783c58b6842cd56e85ef3a572881c8e28ccd59?s=96&d=mm&r=g","contentUrl":"https:\/\/secure.gravatar.com\/avatar\/3c9179cf0256d00c72a48d1f25783c58b6842cd56e85ef3a572881c8e28ccd59?s=96&d=mm&r=g","caption":"ppdegaliciaredes"},"url":"https:\/\/ppdegalicia.com\/es\/author\/ppdegaliciaredes\/"}]}},"_links":{"self":[{"href":"https:\/\/ppdegalicia.com\/es\/wp-json\/wp\/v2\/posts\/55568","targetHints":{"allow":["GET"]}}],"collection":[{"href":"https:\/\/ppdegalicia.com\/es\/wp-json\/wp\/v2\/posts"}],"about":[{"href":"https:\/\/ppdegalicia.com\/es\/wp-json\/wp\/v2\/types\/post"}],"author":[{"embeddable":true,"href":"https:\/\/ppdegalicia.com\/es\/wp-json\/wp\/v2\/users\/38"}],"replies":[{"embeddable":true,"href":"https:\/\/ppdegalicia.com\/es\/wp-json\/wp\/v2\/comments?post=55568"}],"version-history":[{"count":0,"href":"https:\/\/ppdegalicia.com\/es\/wp-json\/wp\/v2\/posts\/55568\/revisions"}],"wp:featuredmedia":[{"embeddable":true,"href":"https:\/\/ppdegalicia.com\/es\/wp-json\/wp\/v2\/media\/55567"}],"wp:attachment":[{"href":"https:\/\/ppdegalicia.com\/es\/wp-json\/wp\/v2\/media?parent=55568"}],"wp:term":[{"taxonomy":"category","embeddable":true,"href":"https:\/\/ppdegalicia.com\/es\/wp-json\/wp\/v2\/categories?post=55568"},{"taxonomy":"post_tag","embeddable":true,"href":"https:\/\/ppdegalicia.com\/es\/wp-json\/wp\/v2\/tags?post=55568"}],"curies":[{"name":"wp","href":"https:\/\/api.w.org\/{rel}","templated":true}]}}