{"id":55572,"date":"2021-04-14T14:51:17","date_gmt":"2021-04-14T12:51:17","guid":{"rendered":"https:\/\/ppdegalicia.com\/o-parlamento-galego-demanda-ao-goberno-central-un-reparto-xusto-das-axudas-para-autonomos-e-pemes-que-non-discrimine-a-galicia\/"},"modified":"2021-04-14T14:51:17","modified_gmt":"2021-04-14T12:51:17","slug":"o-parlamento-galego-demanda-ao-goberno-central-un-reparto-xusto-das-axudas-para-autonomos-e-pemes-que-non-discrimine-a-galicia","status":"publish","type":"post","link":"https:\/\/ppdegalicia.com\/es\/o-parlamento-galego-demanda-ao-goberno-central-un-reparto-xusto-das-axudas-para-autonomos-e-pemes-que-non-discrimine-a-galicia\/","title":{"rendered":"O Parlamento galego demanda ao Goberno central un reparto xusto das axudas para aut\u00f3nomos e pemes que non discrimine a Galicia"},"content":{"rendered":"<p><img fetchpriority=\"high\" decoding=\"async\" class=\" size-full wp-image-55571\" src=\"https:\/\/ppdegalicia.com\/wp-content\/uploads\/2021\/04\/1956030cd7622651b2fe6182d3f9043e.jpg\" alt=\"\" width=\"1900\" height=\"1267\" srcset=\"https:\/\/ppdegalicia.com\/wp-content\/uploads\/2021\/04\/1956030cd7622651b2fe6182d3f9043e.jpg 1900w, https:\/\/ppdegalicia.com\/wp-content\/uploads\/2021\/04\/1956030cd7622651b2fe6182d3f9043e-300x200.jpg 300w, https:\/\/ppdegalicia.com\/wp-content\/uploads\/2021\/04\/1956030cd7622651b2fe6182d3f9043e-1024x683.jpg 1024w, https:\/\/ppdegalicia.com\/wp-content\/uploads\/2021\/04\/1956030cd7622651b2fe6182d3f9043e-768x512.jpg 768w, https:\/\/ppdegalicia.com\/wp-content\/uploads\/2021\/04\/1956030cd7622651b2fe6182d3f9043e-1536x1024.jpg 1536w\" sizes=\"(max-width: 1900px) 100vw, 1900px\" \/><\/p>\n<p>Santiago, 14 de abril de 2021.- O Parlamento de Galicia aprobou hoxe a proposici\u00f3n non de lei do Grupo Popular, sen o apoio do PSdeG, a trav\u00e9s da que se esixe ao Goberno de Espa\u00f1a m\u00e1xima urxencia na tramitaci\u00f3n e sinatura do convenio coa Xunta de Galicia para a transferencia de fondos para o reparto das axudas a aut\u00f3nomos e pequena e mediana empresa, ademais de facilitar os requisitos de xustificaci\u00f3n de gastos das mesmas. As\u00ed mesmo, dem\u00e1ndase un reparto xusto destes fondos, que non volva a prexudicar a Galicia, seguindo os criterios de financiamento auton\u00f3mico e a porcentaxe de aut\u00f3nomos na Comunidade galega; e ampliar os sectores beneficiados para que as axudas cheguen a m\u00e1is profesionais.<\/p>\n<p><!--more--><\/p>\n<p>O viceportavoz popular, Miguel Tellado, fixo unha \u201cchamada \u00e1 responsabilidade\u201d ao BNG e ao PSdeG porque \u201cte\u00f1en que decidir entre seguir aplaudindo ao Goberno central de Pedro S\u00e1nchez ou po\u00f1erse do lado dos galegos que os elixiron\u201d.<\/p>\n<p>\u00a0<\/p>\n<p>Tellado indicou que, despois de un ano e un mes da entrada en vigor do Estado de Alarma, \u201cchega a resposta do Goberno central \u00e1s necesidades de empresas e profesionais cun plan absolutamente insuficiente, infradotado e que non beneficia a alg\u00fans dos sectores m\u00e1is afectados pola pandemia\u201d.<\/p>\n<p>\u00a0<\/p>\n<p>\u201cE por se isto non fora suficiente, o Goberno de Pedro S\u00e1nchez aproveita a ocasi\u00f3n, unha vez m\u00e1is, para discriminar a Galicia cun reparto inxusto de estas axudas, cunha perda de 110 mill\u00f3ns de euros para todos os galegos\u201d, lamentou.<\/p>\n<p>\u00a0<\/p>\n<p><strong>GALICIA SEMPRE SAE PREXUDICADA<\/strong><\/p>\n<p>\u00a0<\/p>\n<p>Neste sentido, o viceportavoz popular dixo que \u201cisto non \u00e9 novo, porque Galicia sempre sae prexudicada nos repartos territoriais que fai o Goberno socialista\u201d e lembrou que a Comunidade galega perdeu no reparto dos orzamentos territorializados dos presupostos xerais do Estado, dos fondos Covid-19, dos fondos europeos React-EU, das primeiras vacinas e nas axudas para aut\u00f3nomos e pemes.<\/p>\n<p>\u00a0<\/p>\n<p>\u201cTodos estes repartos fix\u00e9ronse con criterios diferentes que, casualmente, sempre prexudicaron a Galicia, porque a Comunidade galega recibir\u00eda case 700 mill\u00f3ns de euros m\u00e1is de aplicarse os criterios com\u00fans do sistema de financiamento auton\u00f3mico\u201d, apuntou.<\/p>\n<p>Miguel Tellado engadiu que estes criterios utilizados polo Goberno de Espa\u00f1a nunca son obxecto de negociaci\u00f3n coas comunidades aut\u00f3nomas, nin son os consensuados no seo do Consello de Pol\u00edtica Fiscal e Financeira, e sempre se definen discrecionalmente, son cambiantes e pouco equitativos\u201d. \u201cO \u00fanico que conseguen deste xeito \u00e9 incrementar a fenda entre as rexi\u00f3ns m\u00e1is e menos din\u00e1micas, fomentando unha Espa\u00f1a a d\u00faas velocidades\u201d, lamentou.<\/p>\n<p>\u201cPedro S\u00e1nchez \u00e9 o Presidente do Goberno que peor tratou a Galicia durante a nosa historia auton\u00f3mica e vive instalado nun ataque permanente \u00e1 Comunidade galega, xustificado polos seus compa\u00f1eiros socialistas galegos: atacou cos orzamentos, aprobando os peores presupostos para Galicia dos \u00faltimos 15 anos; atacou \u00e1 industria, desmentelando todo o tecido industrial galego; atacou o sector naval, retrasando sine-die a construci\u00f3n das fragatas F-110; atacou a enerx\u00eda, coa s\u00faa transici\u00f3n ecol\u00f3xica; atacou as infraestruturas, esquecendo as grandes necesidades nos orzamentos; atacou ao sector do mar e a industria costeira; e atacou a nosa cultura e turismo, desprezando ao Xacobeo 2021-2022\u201d, concretou.<\/p>\n<p>Para rematar, Tellado contrapuxo esta acci\u00f3n do Goberno central con \u201ctodo o que leva feito a Xunta desde o inicio da pandemia\u201d. En concreto, referiuse \u00e1 posta en marcha do Plan de reactivaci\u00f3n, que mobilizou m\u00e1is de 3.000 mill\u00f3ns de euros; e de dous plans de rescate para aut\u00f3nomos e microempresas, por m\u00e1is de 160 mill\u00f3ns de euros.<\/p>\n<p>\u201cNeste momento, a Xunta xa est\u00e1 a perfilar, no seo do di\u00e1logo social e a Mesa do Emprego Aut\u00f3nomo, o terceiro Plan de rescate, que se activar\u00e1 cos cartos que o Goberno central achegue \u00e1s comunidades aut\u00f3nomas\u201d, avanzou.<\/p>\n","protected":false},"excerpt":{"rendered":"<p>Santiago, 14 de abril de 2021.- O Parlamento de Galicia aprobou hoxe a proposici\u00f3n non de lei do Grupo Popular, sen o apoio do PSdeG, a trav\u00e9s da que se esixe ao Goberno de Espa\u00f1a m\u00e1xima urxencia na tramitaci\u00f3n e sinatura do convenio coa Xunta de Galicia para a transferencia de fondos para o reparto [&hellip;]<\/p>\n","protected":false},"author":38,"featured_media":55571,"comment_status":"open","ping_status":"open","sticky":false,"template":"","format":"standard","meta":{"_acf_changed":false,"footnotes":""},"categories":[1],"tags":[],"class_list":["post-55572","post","type-post","status-publish","format-standard","has-post-thumbnail","hentry","category-pp-de-galicia"],"acf":[],"yoast_head":"<!-- This site is optimized with the Yoast SEO plugin v27.3 - https:\/\/yoast.com\/product\/yoast-seo-wordpress\/ -->\n<title>O Parlamento galego demanda ao Goberno central un reparto xusto das axudas para aut\u00f3nomos e pemes que non discrimine a Galicia - PP de Galicia<\/title>\n<meta name=\"robots\" content=\"index, follow, max-snippet:-1, max-image-preview:large, max-video-preview:-1\" \/>\n<link rel=\"canonical\" href=\"https:\/\/ppdegalicia.com\/es\/o-parlamento-galego-demanda-ao-goberno-central-un-reparto-xusto-das-axudas-para-autonomos-e-pemes-que-non-discrimine-a-galicia\/\" \/>\n<meta property=\"og:locale\" content=\"es_ES\" \/>\n<meta property=\"og:type\" content=\"article\" \/>\n<meta property=\"og:title\" content=\"O Parlamento galego demanda ao Goberno central un reparto xusto das axudas para aut\u00f3nomos e pemes que non discrimine a Galicia - PP de Galicia\" \/>\n<meta property=\"og:description\" content=\"Santiago, 14 de abril de 2021.- O Parlamento de Galicia aprobou hoxe a proposici\u00f3n non de lei do Grupo Popular, sen o apoio do PSdeG, a trav\u00e9s da que se esixe ao Goberno de Espa\u00f1a m\u00e1xima urxencia na tramitaci\u00f3n e sinatura do convenio coa Xunta de Galicia para a transferencia de fondos para o reparto [&hellip;]\" \/>\n<meta property=\"og:url\" content=\"https:\/\/ppdegalicia.com\/es\/o-parlamento-galego-demanda-ao-goberno-central-un-reparto-xusto-das-axudas-para-autonomos-e-pemes-que-non-discrimine-a-galicia\/\" \/>\n<meta property=\"og:site_name\" content=\"PP de Galicia\" \/>\n<meta property=\"article:publisher\" content=\"https:\/\/www.instagram.com\/ppdegalicia\/\" \/>\n<meta property=\"article:published_time\" content=\"2021-04-14T12:51:17+00:00\" \/>\n<meta property=\"og:image\" content=\"https:\/\/ppdegalicia.com\/wp-content\/uploads\/2021\/04\/1956030cd7622651b2fe6182d3f9043e.jpg\" \/>\n\t<meta property=\"og:image:width\" content=\"1900\" \/>\n\t<meta property=\"og:image:height\" content=\"1267\" \/>\n\t<meta property=\"og:image:type\" content=\"image\/jpeg\" \/>\n<meta name=\"author\" content=\"ppdegaliciaredes\" \/>\n<meta name=\"twitter:card\" content=\"summary_large_image\" \/>\n<meta name=\"twitter:creator\" content=\"@ppdegalicia\" \/>\n<meta name=\"twitter:site\" content=\"@ppdegalicia\" \/>\n<meta name=\"twitter:label1\" content=\"Escrito por\" \/>\n\t<meta name=\"twitter:data1\" content=\"ppdegaliciaredes\" \/>\n\t<meta name=\"twitter:label2\" content=\"Tiempo de lectura\" \/>\n\t<meta name=\"twitter:data2\" content=\"3 minutos\" \/>\n<script type=\"application\/ld+json\" class=\"yoast-schema-graph\">{\"@context\":\"https:\\\/\\\/schema.org\",\"@graph\":[{\"@type\":\"Article\",\"@id\":\"https:\\\/\\\/ppdegalicia.com\\\/es\\\/o-parlamento-galego-demanda-ao-goberno-central-un-reparto-xusto-das-axudas-para-autonomos-e-pemes-que-non-discrimine-a-galicia\\\/#article\",\"isPartOf\":{\"@id\":\"https:\\\/\\\/ppdegalicia.com\\\/es\\\/o-parlamento-galego-demanda-ao-goberno-central-un-reparto-xusto-das-axudas-para-autonomos-e-pemes-que-non-discrimine-a-galicia\\\/\"},\"author\":{\"name\":\"ppdegaliciaredes\",\"@id\":\"https:\\\/\\\/ppdegalicia.com\\\/es\\\/#\\\/schema\\\/person\\\/5b822c6f59e872ebdd1142f307dbcb59\"},\"headline\":\"O Parlamento galego demanda ao Goberno central un reparto xusto das axudas para aut\u00f3nomos e pemes que non discrimine a Galicia\",\"datePublished\":\"2021-04-14T12:51:17+00:00\",\"mainEntityOfPage\":{\"@id\":\"https:\\\/\\\/ppdegalicia.com\\\/es\\\/o-parlamento-galego-demanda-ao-goberno-central-un-reparto-xusto-das-axudas-para-autonomos-e-pemes-que-non-discrimine-a-galicia\\\/\"},\"wordCount\":665,\"commentCount\":0,\"publisher\":{\"@id\":\"https:\\\/\\\/ppdegalicia.com\\\/es\\\/#organization\"},\"image\":{\"@id\":\"https:\\\/\\\/ppdegalicia.com\\\/es\\\/o-parlamento-galego-demanda-ao-goberno-central-un-reparto-xusto-das-axudas-para-autonomos-e-pemes-que-non-discrimine-a-galicia\\\/#primaryimage\"},\"thumbnailUrl\":\"https:\\\/\\\/ppdegalicia.com\\\/wp-content\\\/uploads\\\/2021\\\/04\\\/1956030cd7622651b2fe6182d3f9043e.jpg\",\"articleSection\":[\"PP de Galicia\"],\"inLanguage\":\"es\",\"potentialAction\":[{\"@type\":\"CommentAction\",\"name\":\"Comment\",\"target\":[\"https:\\\/\\\/ppdegalicia.com\\\/es\\\/o-parlamento-galego-demanda-ao-goberno-central-un-reparto-xusto-das-axudas-para-autonomos-e-pemes-que-non-discrimine-a-galicia\\\/#respond\"]}]},{\"@type\":\"WebPage\",\"@id\":\"https:\\\/\\\/ppdegalicia.com\\\/es\\\/o-parlamento-galego-demanda-ao-goberno-central-un-reparto-xusto-das-axudas-para-autonomos-e-pemes-que-non-discrimine-a-galicia\\\/\",\"url\":\"https:\\\/\\\/ppdegalicia.com\\\/es\\\/o-parlamento-galego-demanda-ao-goberno-central-un-reparto-xusto-das-axudas-para-autonomos-e-pemes-que-non-discrimine-a-galicia\\\/\",\"name\":\"O Parlamento galego demanda ao Goberno central un reparto xusto das axudas para aut\u00f3nomos e pemes que non discrimine a Galicia - PP de Galicia\",\"isPartOf\":{\"@id\":\"https:\\\/\\\/ppdegalicia.com\\\/es\\\/#website\"},\"primaryImageOfPage\":{\"@id\":\"https:\\\/\\\/ppdegalicia.com\\\/es\\\/o-parlamento-galego-demanda-ao-goberno-central-un-reparto-xusto-das-axudas-para-autonomos-e-pemes-que-non-discrimine-a-galicia\\\/#primaryimage\"},\"image\":{\"@id\":\"https:\\\/\\\/ppdegalicia.com\\\/es\\\/o-parlamento-galego-demanda-ao-goberno-central-un-reparto-xusto-das-axudas-para-autonomos-e-pemes-que-non-discrimine-a-galicia\\\/#primaryimage\"},\"thumbnailUrl\":\"https:\\\/\\\/ppdegalicia.com\\\/wp-content\\\/uploads\\\/2021\\\/04\\\/1956030cd7622651b2fe6182d3f9043e.jpg\",\"datePublished\":\"2021-04-14T12:51:17+00:00\",\"breadcrumb\":{\"@id\":\"https:\\\/\\\/ppdegalicia.com\\\/es\\\/o-parlamento-galego-demanda-ao-goberno-central-un-reparto-xusto-das-axudas-para-autonomos-e-pemes-que-non-discrimine-a-galicia\\\/#breadcrumb\"},\"inLanguage\":\"es\",\"potentialAction\":[{\"@type\":\"ReadAction\",\"target\":[\"https:\\\/\\\/ppdegalicia.com\\\/es\\\/o-parlamento-galego-demanda-ao-goberno-central-un-reparto-xusto-das-axudas-para-autonomos-e-pemes-que-non-discrimine-a-galicia\\\/\"]}]},{\"@type\":\"ImageObject\",\"inLanguage\":\"es\",\"@id\":\"https:\\\/\\\/ppdegalicia.com\\\/es\\\/o-parlamento-galego-demanda-ao-goberno-central-un-reparto-xusto-das-axudas-para-autonomos-e-pemes-que-non-discrimine-a-galicia\\\/#primaryimage\",\"url\":\"https:\\\/\\\/ppdegalicia.com\\\/wp-content\\\/uploads\\\/2021\\\/04\\\/1956030cd7622651b2fe6182d3f9043e.jpg\",\"contentUrl\":\"https:\\\/\\\/ppdegalicia.com\\\/wp-content\\\/uploads\\\/2021\\\/04\\\/1956030cd7622651b2fe6182d3f9043e.jpg\",\"width\":1900,\"height\":1267},{\"@type\":\"BreadcrumbList\",\"@id\":\"https:\\\/\\\/ppdegalicia.com\\\/es\\\/o-parlamento-galego-demanda-ao-goberno-central-un-reparto-xusto-das-axudas-para-autonomos-e-pemes-que-non-discrimine-a-galicia\\\/#breadcrumb\",\"itemListElement\":[{\"@type\":\"ListItem\",\"position\":1,\"name\":\"Portada\",\"item\":\"https:\\\/\\\/ppdegalicia.com\\\/es\\\/\"},{\"@type\":\"ListItem\",\"position\":2,\"name\":\"O Parlamento galego demanda ao Goberno central un reparto xusto das axudas para aut\u00f3nomos e pemes que non discrimine a Galicia\"}]},{\"@type\":\"WebSite\",\"@id\":\"https:\\\/\\\/ppdegalicia.com\\\/es\\\/#website\",\"url\":\"https:\\\/\\\/ppdegalicia.com\\\/es\\\/\",\"name\":\"Partido Popular de Galicia\",\"description\":\"Partido Popular de Galicia\",\"publisher\":{\"@id\":\"https:\\\/\\\/ppdegalicia.com\\\/es\\\/#organization\"},\"alternateName\":\"PP de Galicia\",\"potentialAction\":[{\"@type\":\"SearchAction\",\"target\":{\"@type\":\"EntryPoint\",\"urlTemplate\":\"https:\\\/\\\/ppdegalicia.com\\\/es\\\/?s={search_term_string}\"},\"query-input\":{\"@type\":\"PropertyValueSpecification\",\"valueRequired\":true,\"valueName\":\"search_term_string\"}}],\"inLanguage\":\"es\"},{\"@type\":\"Organization\",\"@id\":\"https:\\\/\\\/ppdegalicia.com\\\/es\\\/#organization\",\"name\":\"Partido Popular de Galicia\",\"alternateName\":\"PP de Galicia\",\"url\":\"https:\\\/\\\/ppdegalicia.com\\\/es\\\/\",\"logo\":{\"@type\":\"ImageObject\",\"inLanguage\":\"es\",\"@id\":\"https:\\\/\\\/ppdegalicia.com\\\/es\\\/#\\\/schema\\\/logo\\\/image\\\/\",\"url\":\"https:\\\/\\\/ppdegalicia.com\\\/wp-content\\\/uploads\\\/2023\\\/04\\\/logoPP512.png\",\"contentUrl\":\"https:\\\/\\\/ppdegalicia.com\\\/wp-content\\\/uploads\\\/2023\\\/04\\\/logoPP512.png\",\"width\":512,\"height\":512,\"caption\":\"Partido Popular de Galicia\"},\"image\":{\"@id\":\"https:\\\/\\\/ppdegalicia.com\\\/es\\\/#\\\/schema\\\/logo\\\/image\\\/\"},\"sameAs\":[\"https:\\\/\\\/www.instagram.com\\\/ppdegalicia\\\/\",\"https:\\\/\\\/x.com\\\/ppdegalicia\",\"https:\\\/\\\/www.tiktok.com\\\/@ppdegalicia\",\"https:\\\/\\\/www.youtube.com\\\/user\\\/ppdegalicia\"]},{\"@type\":\"Person\",\"@id\":\"https:\\\/\\\/ppdegalicia.com\\\/es\\\/#\\\/schema\\\/person\\\/5b822c6f59e872ebdd1142f307dbcb59\",\"name\":\"ppdegaliciaredes\",\"image\":{\"@type\":\"ImageObject\",\"inLanguage\":\"es\",\"@id\":\"https:\\\/\\\/secure.gravatar.com\\\/avatar\\\/3c9179cf0256d00c72a48d1f25783c58b6842cd56e85ef3a572881c8e28ccd59?s=96&d=mm&r=g\",\"url\":\"https:\\\/\\\/secure.gravatar.com\\\/avatar\\\/3c9179cf0256d00c72a48d1f25783c58b6842cd56e85ef3a572881c8e28ccd59?s=96&d=mm&r=g\",\"contentUrl\":\"https:\\\/\\\/secure.gravatar.com\\\/avatar\\\/3c9179cf0256d00c72a48d1f25783c58b6842cd56e85ef3a572881c8e28ccd59?s=96&d=mm&r=g\",\"caption\":\"ppdegaliciaredes\"},\"url\":\"https:\\\/\\\/ppdegalicia.com\\\/es\\\/author\\\/ppdegaliciaredes\\\/\"}]}<\/script>\n<!-- \/ Yoast SEO plugin. -->","yoast_head_json":{"title":"O Parlamento galego demanda ao Goberno central un reparto xusto das axudas para aut\u00f3nomos e pemes que non discrimine a Galicia - PP de Galicia","robots":{"index":"index","follow":"follow","max-snippet":"max-snippet:-1","max-image-preview":"max-image-preview:large","max-video-preview":"max-video-preview:-1"},"canonical":"https:\/\/ppdegalicia.com\/es\/o-parlamento-galego-demanda-ao-goberno-central-un-reparto-xusto-das-axudas-para-autonomos-e-pemes-que-non-discrimine-a-galicia\/","og_locale":"es_ES","og_type":"article","og_title":"O Parlamento galego demanda ao Goberno central un reparto xusto das axudas para aut\u00f3nomos e pemes que non discrimine a Galicia - PP de Galicia","og_description":"Santiago, 14 de abril de 2021.- O Parlamento de Galicia aprobou hoxe a proposici\u00f3n non de lei do Grupo Popular, sen o apoio do PSdeG, a trav\u00e9s da que se esixe ao Goberno de Espa\u00f1a m\u00e1xima urxencia na tramitaci\u00f3n e sinatura do convenio coa Xunta de Galicia para a transferencia de fondos para o reparto [&hellip;]","og_url":"https:\/\/ppdegalicia.com\/es\/o-parlamento-galego-demanda-ao-goberno-central-un-reparto-xusto-das-axudas-para-autonomos-e-pemes-que-non-discrimine-a-galicia\/","og_site_name":"PP de Galicia","article_publisher":"https:\/\/www.instagram.com\/ppdegalicia\/","article_published_time":"2021-04-14T12:51:17+00:00","og_image":[{"width":1900,"height":1267,"url":"https:\/\/ppdegalicia.com\/wp-content\/uploads\/2021\/04\/1956030cd7622651b2fe6182d3f9043e.jpg","type":"image\/jpeg"}],"author":"ppdegaliciaredes","twitter_card":"summary_large_image","twitter_creator":"@ppdegalicia","twitter_site":"@ppdegalicia","twitter_misc":{"Escrito por":"ppdegaliciaredes","Tiempo de lectura":"3 minutos"},"schema":{"@context":"https:\/\/schema.org","@graph":[{"@type":"Article","@id":"https:\/\/ppdegalicia.com\/es\/o-parlamento-galego-demanda-ao-goberno-central-un-reparto-xusto-das-axudas-para-autonomos-e-pemes-que-non-discrimine-a-galicia\/#article","isPartOf":{"@id":"https:\/\/ppdegalicia.com\/es\/o-parlamento-galego-demanda-ao-goberno-central-un-reparto-xusto-das-axudas-para-autonomos-e-pemes-que-non-discrimine-a-galicia\/"},"author":{"name":"ppdegaliciaredes","@id":"https:\/\/ppdegalicia.com\/es\/#\/schema\/person\/5b822c6f59e872ebdd1142f307dbcb59"},"headline":"O Parlamento galego demanda ao Goberno central un reparto xusto das axudas para aut\u00f3nomos e pemes que non discrimine a Galicia","datePublished":"2021-04-14T12:51:17+00:00","mainEntityOfPage":{"@id":"https:\/\/ppdegalicia.com\/es\/o-parlamento-galego-demanda-ao-goberno-central-un-reparto-xusto-das-axudas-para-autonomos-e-pemes-que-non-discrimine-a-galicia\/"},"wordCount":665,"commentCount":0,"publisher":{"@id":"https:\/\/ppdegalicia.com\/es\/#organization"},"image":{"@id":"https:\/\/ppdegalicia.com\/es\/o-parlamento-galego-demanda-ao-goberno-central-un-reparto-xusto-das-axudas-para-autonomos-e-pemes-que-non-discrimine-a-galicia\/#primaryimage"},"thumbnailUrl":"https:\/\/ppdegalicia.com\/wp-content\/uploads\/2021\/04\/1956030cd7622651b2fe6182d3f9043e.jpg","articleSection":["PP de Galicia"],"inLanguage":"es","potentialAction":[{"@type":"CommentAction","name":"Comment","target":["https:\/\/ppdegalicia.com\/es\/o-parlamento-galego-demanda-ao-goberno-central-un-reparto-xusto-das-axudas-para-autonomos-e-pemes-que-non-discrimine-a-galicia\/#respond"]}]},{"@type":"WebPage","@id":"https:\/\/ppdegalicia.com\/es\/o-parlamento-galego-demanda-ao-goberno-central-un-reparto-xusto-das-axudas-para-autonomos-e-pemes-que-non-discrimine-a-galicia\/","url":"https:\/\/ppdegalicia.com\/es\/o-parlamento-galego-demanda-ao-goberno-central-un-reparto-xusto-das-axudas-para-autonomos-e-pemes-que-non-discrimine-a-galicia\/","name":"O Parlamento galego demanda ao Goberno central un reparto xusto das axudas para aut\u00f3nomos e pemes que non discrimine a Galicia - PP de Galicia","isPartOf":{"@id":"https:\/\/ppdegalicia.com\/es\/#website"},"primaryImageOfPage":{"@id":"https:\/\/ppdegalicia.com\/es\/o-parlamento-galego-demanda-ao-goberno-central-un-reparto-xusto-das-axudas-para-autonomos-e-pemes-que-non-discrimine-a-galicia\/#primaryimage"},"image":{"@id":"https:\/\/ppdegalicia.com\/es\/o-parlamento-galego-demanda-ao-goberno-central-un-reparto-xusto-das-axudas-para-autonomos-e-pemes-que-non-discrimine-a-galicia\/#primaryimage"},"thumbnailUrl":"https:\/\/ppdegalicia.com\/wp-content\/uploads\/2021\/04\/1956030cd7622651b2fe6182d3f9043e.jpg","datePublished":"2021-04-14T12:51:17+00:00","breadcrumb":{"@id":"https:\/\/ppdegalicia.com\/es\/o-parlamento-galego-demanda-ao-goberno-central-un-reparto-xusto-das-axudas-para-autonomos-e-pemes-que-non-discrimine-a-galicia\/#breadcrumb"},"inLanguage":"es","potentialAction":[{"@type":"ReadAction","target":["https:\/\/ppdegalicia.com\/es\/o-parlamento-galego-demanda-ao-goberno-central-un-reparto-xusto-das-axudas-para-autonomos-e-pemes-que-non-discrimine-a-galicia\/"]}]},{"@type":"ImageObject","inLanguage":"es","@id":"https:\/\/ppdegalicia.com\/es\/o-parlamento-galego-demanda-ao-goberno-central-un-reparto-xusto-das-axudas-para-autonomos-e-pemes-que-non-discrimine-a-galicia\/#primaryimage","url":"https:\/\/ppdegalicia.com\/wp-content\/uploads\/2021\/04\/1956030cd7622651b2fe6182d3f9043e.jpg","contentUrl":"https:\/\/ppdegalicia.com\/wp-content\/uploads\/2021\/04\/1956030cd7622651b2fe6182d3f9043e.jpg","width":1900,"height":1267},{"@type":"BreadcrumbList","@id":"https:\/\/ppdegalicia.com\/es\/o-parlamento-galego-demanda-ao-goberno-central-un-reparto-xusto-das-axudas-para-autonomos-e-pemes-que-non-discrimine-a-galicia\/#breadcrumb","itemListElement":[{"@type":"ListItem","position":1,"name":"Portada","item":"https:\/\/ppdegalicia.com\/es\/"},{"@type":"ListItem","position":2,"name":"O Parlamento galego demanda ao Goberno central un reparto xusto das axudas para aut\u00f3nomos e pemes que non discrimine a Galicia"}]},{"@type":"WebSite","@id":"https:\/\/ppdegalicia.com\/es\/#website","url":"https:\/\/ppdegalicia.com\/es\/","name":"Partido Popular de Galicia","description":"Partido Popular de Galicia","publisher":{"@id":"https:\/\/ppdegalicia.com\/es\/#organization"},"alternateName":"PP de Galicia","potentialAction":[{"@type":"SearchAction","target":{"@type":"EntryPoint","urlTemplate":"https:\/\/ppdegalicia.com\/es\/?s={search_term_string}"},"query-input":{"@type":"PropertyValueSpecification","valueRequired":true,"valueName":"search_term_string"}}],"inLanguage":"es"},{"@type":"Organization","@id":"https:\/\/ppdegalicia.com\/es\/#organization","name":"Partido Popular de Galicia","alternateName":"PP de Galicia","url":"https:\/\/ppdegalicia.com\/es\/","logo":{"@type":"ImageObject","inLanguage":"es","@id":"https:\/\/ppdegalicia.com\/es\/#\/schema\/logo\/image\/","url":"https:\/\/ppdegalicia.com\/wp-content\/uploads\/2023\/04\/logoPP512.png","contentUrl":"https:\/\/ppdegalicia.com\/wp-content\/uploads\/2023\/04\/logoPP512.png","width":512,"height":512,"caption":"Partido Popular de Galicia"},"image":{"@id":"https:\/\/ppdegalicia.com\/es\/#\/schema\/logo\/image\/"},"sameAs":["https:\/\/www.instagram.com\/ppdegalicia\/","https:\/\/x.com\/ppdegalicia","https:\/\/www.tiktok.com\/@ppdegalicia","https:\/\/www.youtube.com\/user\/ppdegalicia"]},{"@type":"Person","@id":"https:\/\/ppdegalicia.com\/es\/#\/schema\/person\/5b822c6f59e872ebdd1142f307dbcb59","name":"ppdegaliciaredes","image":{"@type":"ImageObject","inLanguage":"es","@id":"https:\/\/secure.gravatar.com\/avatar\/3c9179cf0256d00c72a48d1f25783c58b6842cd56e85ef3a572881c8e28ccd59?s=96&d=mm&r=g","url":"https:\/\/secure.gravatar.com\/avatar\/3c9179cf0256d00c72a48d1f25783c58b6842cd56e85ef3a572881c8e28ccd59?s=96&d=mm&r=g","contentUrl":"https:\/\/secure.gravatar.com\/avatar\/3c9179cf0256d00c72a48d1f25783c58b6842cd56e85ef3a572881c8e28ccd59?s=96&d=mm&r=g","caption":"ppdegaliciaredes"},"url":"https:\/\/ppdegalicia.com\/es\/author\/ppdegaliciaredes\/"}]}},"_links":{"self":[{"href":"https:\/\/ppdegalicia.com\/es\/wp-json\/wp\/v2\/posts\/55572","targetHints":{"allow":["GET"]}}],"collection":[{"href":"https:\/\/ppdegalicia.com\/es\/wp-json\/wp\/v2\/posts"}],"about":[{"href":"https:\/\/ppdegalicia.com\/es\/wp-json\/wp\/v2\/types\/post"}],"author":[{"embeddable":true,"href":"https:\/\/ppdegalicia.com\/es\/wp-json\/wp\/v2\/users\/38"}],"replies":[{"embeddable":true,"href":"https:\/\/ppdegalicia.com\/es\/wp-json\/wp\/v2\/comments?post=55572"}],"version-history":[{"count":0,"href":"https:\/\/ppdegalicia.com\/es\/wp-json\/wp\/v2\/posts\/55572\/revisions"}],"wp:featuredmedia":[{"embeddable":true,"href":"https:\/\/ppdegalicia.com\/es\/wp-json\/wp\/v2\/media\/55571"}],"wp:attachment":[{"href":"https:\/\/ppdegalicia.com\/es\/wp-json\/wp\/v2\/media?parent=55572"}],"wp:term":[{"taxonomy":"category","embeddable":true,"href":"https:\/\/ppdegalicia.com\/es\/wp-json\/wp\/v2\/categories?post=55572"},{"taxonomy":"post_tag","embeddable":true,"href":"https:\/\/ppdegalicia.com\/es\/wp-json\/wp\/v2\/tags?post=55572"}],"curies":[{"name":"wp","href":"https:\/\/api.w.org\/{rel}","templated":true}]}}