{"id":55576,"date":"2021-04-14T15:27:12","date_gmt":"2021-04-14T13:27:12","guid":{"rendered":"https:\/\/ppdegalicia.com\/o-grupo-popular-lamenta-o-intento-hipocrita-do-psdeg-de-blanquear-a-decision-do-goberno-central-de-modificar-a-lei-de-costas\/"},"modified":"2021-04-14T15:27:12","modified_gmt":"2021-04-14T13:27:12","slug":"o-grupo-popular-lamenta-o-intento-hipocrita-do-psdeg-de-blanquear-a-decision-do-goberno-central-de-modificar-a-lei-de-costas","status":"publish","type":"post","link":"https:\/\/ppdegalicia.com\/es\/o-grupo-popular-lamenta-o-intento-hipocrita-do-psdeg-de-blanquear-a-decision-do-goberno-central-de-modificar-a-lei-de-costas\/","title":{"rendered":"O Grupo Popular lamenta o \u201cintento hip\u00f3crita\u201d do PSdeG de blanquear a decisi\u00f3n do Goberno central de modificar a Lei de costas"},"content":{"rendered":"<p><img fetchpriority=\"high\" decoding=\"async\" class=\" size-full wp-image-55575\" src=\"https:\/\/ppdegalicia.com\/wp-content\/uploads\/2021\/04\/12e3c138fd4bc80d4e82575aec6bb0e1.jpg\" alt=\"\" width=\"1900\" height=\"1188\" srcset=\"https:\/\/ppdegalicia.com\/wp-content\/uploads\/2021\/04\/12e3c138fd4bc80d4e82575aec6bb0e1.jpg 1900w, https:\/\/ppdegalicia.com\/wp-content\/uploads\/2021\/04\/12e3c138fd4bc80d4e82575aec6bb0e1-300x188.jpg 300w, https:\/\/ppdegalicia.com\/wp-content\/uploads\/2021\/04\/12e3c138fd4bc80d4e82575aec6bb0e1-1024x640.jpg 1024w, https:\/\/ppdegalicia.com\/wp-content\/uploads\/2021\/04\/12e3c138fd4bc80d4e82575aec6bb0e1-768x480.jpg 768w, https:\/\/ppdegalicia.com\/wp-content\/uploads\/2021\/04\/12e3c138fd4bc80d4e82575aec6bb0e1-1536x960.jpg 1536w\" sizes=\"(max-width: 1900px) 100vw, 1900px\" \/><\/p>\n<p>Santiago, 14 de abril de 2021.- A deputada do Grupo Popular Teresa Egerique lamentou hoxe no Pleno do Parlamento \u201co intento hip\u00f3crita do PSdeG de salvar a cara e branquear a decisi\u00f3n do Goberno central de eliminar a trav\u00e9s dos artigos 18.3 e 18.4 da Lei de Cambio Clim\u00e1tico a pr\u00f3rroga extraordinaria de todas as concesi\u00f3n da costa galega.<\/p>\n<p><!--more--><\/p>\n<p>\u201cDefendemos a cadea mar-industria de Galicia, as nosas vilas costeiras, os postos de traballo e o noso estilo de vida, polo que non aceptamos esta iniciativa dos socialistas galegos chega de cinismo\u201d, engadiu.<\/p>\n<p>\u00a0<\/p>\n<p>Teresa Egerique reco\u00f1eceu que \u201cEspa\u00f1a precisa avanzar para frear o cambio clim\u00e1tico, pero lle ser\u00eda mellor facelo como fixo Galicia a trav\u00e9s dunha estratexia que nos sit\u00faa nos obxectivos m\u00e1is vangardistas e sostibles, pero sen necesidade de rematar coa actividade econ\u00f3mica\u201d.<\/p>\n<p>\u00a0<\/p>\n<p><strong>EMENDA TRAPALLADA DO BNG<\/strong><\/p>\n<p>\u00a0<\/p>\n<p>\u201cA Administraci\u00f3n debe velar pola nosa costa, que \u00e9 de todos e pos\u00fae gran valor ambiental, pero tam\u00e9n debe velar porque ese respecto se faga nun equilibrio cos \u00e1mbitos sociais e econ\u00f3micos\u201d, indicou.<\/p>\n<p>\u00a0<\/p>\n<p>Respecto da emenda que o BNG presentou ao proxecto de Lei de cambio clim\u00e1tico no Congreso, Teresa Egerique manifestou que \u201cera unha continuidade e fac\u00eda seguidismo da arbitrariedade que o Goberno de Espa\u00f1a plasmou no texto inicial\u201d. En concreto, explicou que \u201cfixeron unha trapallada porque trataron de separar ENCE do resto de industrias, pero se deron conta de que por querer botar f\u00f3ra esta industria poder\u00edan cargarse boa parte da econom\u00eda galega\u201d. <\/p>\n","protected":false},"excerpt":{"rendered":"<p>Santiago, 14 de abril de 2021.- A deputada do Grupo Popular Teresa Egerique lamentou hoxe no Pleno do Parlamento \u201co intento hip\u00f3crita do PSdeG de salvar a cara e branquear a decisi\u00f3n do Goberno central de eliminar a trav\u00e9s dos artigos 18.3 e 18.4 da Lei de Cambio Clim\u00e1tico a pr\u00f3rroga extraordinaria de todas as [&hellip;]<\/p>\n","protected":false},"author":38,"featured_media":55575,"comment_status":"open","ping_status":"open","sticky":false,"template":"","format":"standard","meta":{"_acf_changed":false,"footnotes":""},"categories":[1],"tags":[],"class_list":["post-55576","post","type-post","status-publish","format-standard","has-post-thumbnail","hentry","category-pp-de-galicia"],"acf":[],"yoast_head":"<!-- This site is optimized with the Yoast SEO plugin v27.3 - https:\/\/yoast.com\/product\/yoast-seo-wordpress\/ -->\n<title>O Grupo Popular lamenta o \u201cintento hip\u00f3crita\u201d do PSdeG de blanquear a decisi\u00f3n do Goberno central de modificar a Lei de costas - PP de Galicia<\/title>\n<meta name=\"robots\" content=\"index, follow, max-snippet:-1, max-image-preview:large, max-video-preview:-1\" \/>\n<link rel=\"canonical\" href=\"https:\/\/ppdegalicia.com\/es\/o-grupo-popular-lamenta-o-intento-hipocrita-do-psdeg-de-blanquear-a-decision-do-goberno-central-de-modificar-a-lei-de-costas\/\" \/>\n<meta property=\"og:locale\" content=\"es_ES\" \/>\n<meta property=\"og:type\" content=\"article\" \/>\n<meta property=\"og:title\" content=\"O Grupo Popular lamenta o \u201cintento hip\u00f3crita\u201d do PSdeG de blanquear a decisi\u00f3n do Goberno central de modificar a Lei de costas - PP de Galicia\" \/>\n<meta property=\"og:description\" content=\"Santiago, 14 de abril de 2021.- A deputada do Grupo Popular Teresa Egerique lamentou hoxe no Pleno do Parlamento \u201co intento hip\u00f3crita do PSdeG de salvar a cara e branquear a decisi\u00f3n do Goberno central de eliminar a trav\u00e9s dos artigos 18.3 e 18.4 da Lei de Cambio Clim\u00e1tico a pr\u00f3rroga extraordinaria de todas as [&hellip;]\" \/>\n<meta property=\"og:url\" content=\"https:\/\/ppdegalicia.com\/es\/o-grupo-popular-lamenta-o-intento-hipocrita-do-psdeg-de-blanquear-a-decision-do-goberno-central-de-modificar-a-lei-de-costas\/\" \/>\n<meta property=\"og:site_name\" content=\"PP de Galicia\" \/>\n<meta property=\"article:publisher\" content=\"https:\/\/www.instagram.com\/ppdegalicia\/\" \/>\n<meta property=\"article:published_time\" content=\"2021-04-14T13:27:12+00:00\" \/>\n<meta property=\"og:image\" content=\"https:\/\/ppdegalicia.com\/wp-content\/uploads\/2021\/04\/12e3c138fd4bc80d4e82575aec6bb0e1.jpg\" \/>\n\t<meta property=\"og:image:width\" content=\"1900\" \/>\n\t<meta property=\"og:image:height\" content=\"1188\" \/>\n\t<meta property=\"og:image:type\" content=\"image\/jpeg\" \/>\n<meta name=\"author\" content=\"ppdegaliciaredes\" \/>\n<meta name=\"twitter:card\" content=\"summary_large_image\" \/>\n<meta name=\"twitter:creator\" content=\"@ppdegalicia\" \/>\n<meta name=\"twitter:site\" content=\"@ppdegalicia\" \/>\n<meta name=\"twitter:label1\" content=\"Escrito por\" \/>\n\t<meta name=\"twitter:data1\" content=\"ppdegaliciaredes\" \/>\n\t<meta name=\"twitter:label2\" content=\"Tiempo de lectura\" \/>\n\t<meta name=\"twitter:data2\" content=\"1 minuto\" \/>\n<script type=\"application\/ld+json\" class=\"yoast-schema-graph\">{\"@context\":\"https:\\\/\\\/schema.org\",\"@graph\":[{\"@type\":\"Article\",\"@id\":\"https:\\\/\\\/ppdegalicia.com\\\/es\\\/o-grupo-popular-lamenta-o-intento-hipocrita-do-psdeg-de-blanquear-a-decision-do-goberno-central-de-modificar-a-lei-de-costas\\\/#article\",\"isPartOf\":{\"@id\":\"https:\\\/\\\/ppdegalicia.com\\\/es\\\/o-grupo-popular-lamenta-o-intento-hipocrita-do-psdeg-de-blanquear-a-decision-do-goberno-central-de-modificar-a-lei-de-costas\\\/\"},\"author\":{\"name\":\"ppdegaliciaredes\",\"@id\":\"https:\\\/\\\/ppdegalicia.com\\\/es\\\/#\\\/schema\\\/person\\\/5b822c6f59e872ebdd1142f307dbcb59\"},\"headline\":\"O Grupo Popular lamenta o \u201cintento hip\u00f3crita\u201d do PSdeG de blanquear a decisi\u00f3n do Goberno central de modificar a Lei de costas\",\"datePublished\":\"2021-04-14T13:27:12+00:00\",\"mainEntityOfPage\":{\"@id\":\"https:\\\/\\\/ppdegalicia.com\\\/es\\\/o-grupo-popular-lamenta-o-intento-hipocrita-do-psdeg-de-blanquear-a-decision-do-goberno-central-de-modificar-a-lei-de-costas\\\/\"},\"wordCount\":286,\"commentCount\":0,\"publisher\":{\"@id\":\"https:\\\/\\\/ppdegalicia.com\\\/es\\\/#organization\"},\"image\":{\"@id\":\"https:\\\/\\\/ppdegalicia.com\\\/es\\\/o-grupo-popular-lamenta-o-intento-hipocrita-do-psdeg-de-blanquear-a-decision-do-goberno-central-de-modificar-a-lei-de-costas\\\/#primaryimage\"},\"thumbnailUrl\":\"https:\\\/\\\/ppdegalicia.com\\\/wp-content\\\/uploads\\\/2021\\\/04\\\/12e3c138fd4bc80d4e82575aec6bb0e1.jpg\",\"articleSection\":[\"PP de Galicia\"],\"inLanguage\":\"es\",\"potentialAction\":[{\"@type\":\"CommentAction\",\"name\":\"Comment\",\"target\":[\"https:\\\/\\\/ppdegalicia.com\\\/es\\\/o-grupo-popular-lamenta-o-intento-hipocrita-do-psdeg-de-blanquear-a-decision-do-goberno-central-de-modificar-a-lei-de-costas\\\/#respond\"]}]},{\"@type\":\"WebPage\",\"@id\":\"https:\\\/\\\/ppdegalicia.com\\\/es\\\/o-grupo-popular-lamenta-o-intento-hipocrita-do-psdeg-de-blanquear-a-decision-do-goberno-central-de-modificar-a-lei-de-costas\\\/\",\"url\":\"https:\\\/\\\/ppdegalicia.com\\\/es\\\/o-grupo-popular-lamenta-o-intento-hipocrita-do-psdeg-de-blanquear-a-decision-do-goberno-central-de-modificar-a-lei-de-costas\\\/\",\"name\":\"O Grupo Popular lamenta o \u201cintento hip\u00f3crita\u201d do PSdeG de blanquear a decisi\u00f3n do Goberno central de modificar a Lei de costas - PP de Galicia\",\"isPartOf\":{\"@id\":\"https:\\\/\\\/ppdegalicia.com\\\/es\\\/#website\"},\"primaryImageOfPage\":{\"@id\":\"https:\\\/\\\/ppdegalicia.com\\\/es\\\/o-grupo-popular-lamenta-o-intento-hipocrita-do-psdeg-de-blanquear-a-decision-do-goberno-central-de-modificar-a-lei-de-costas\\\/#primaryimage\"},\"image\":{\"@id\":\"https:\\\/\\\/ppdegalicia.com\\\/es\\\/o-grupo-popular-lamenta-o-intento-hipocrita-do-psdeg-de-blanquear-a-decision-do-goberno-central-de-modificar-a-lei-de-costas\\\/#primaryimage\"},\"thumbnailUrl\":\"https:\\\/\\\/ppdegalicia.com\\\/wp-content\\\/uploads\\\/2021\\\/04\\\/12e3c138fd4bc80d4e82575aec6bb0e1.jpg\",\"datePublished\":\"2021-04-14T13:27:12+00:00\",\"breadcrumb\":{\"@id\":\"https:\\\/\\\/ppdegalicia.com\\\/es\\\/o-grupo-popular-lamenta-o-intento-hipocrita-do-psdeg-de-blanquear-a-decision-do-goberno-central-de-modificar-a-lei-de-costas\\\/#breadcrumb\"},\"inLanguage\":\"es\",\"potentialAction\":[{\"@type\":\"ReadAction\",\"target\":[\"https:\\\/\\\/ppdegalicia.com\\\/es\\\/o-grupo-popular-lamenta-o-intento-hipocrita-do-psdeg-de-blanquear-a-decision-do-goberno-central-de-modificar-a-lei-de-costas\\\/\"]}]},{\"@type\":\"ImageObject\",\"inLanguage\":\"es\",\"@id\":\"https:\\\/\\\/ppdegalicia.com\\\/es\\\/o-grupo-popular-lamenta-o-intento-hipocrita-do-psdeg-de-blanquear-a-decision-do-goberno-central-de-modificar-a-lei-de-costas\\\/#primaryimage\",\"url\":\"https:\\\/\\\/ppdegalicia.com\\\/wp-content\\\/uploads\\\/2021\\\/04\\\/12e3c138fd4bc80d4e82575aec6bb0e1.jpg\",\"contentUrl\":\"https:\\\/\\\/ppdegalicia.com\\\/wp-content\\\/uploads\\\/2021\\\/04\\\/12e3c138fd4bc80d4e82575aec6bb0e1.jpg\",\"width\":1900,\"height\":1188},{\"@type\":\"BreadcrumbList\",\"@id\":\"https:\\\/\\\/ppdegalicia.com\\\/es\\\/o-grupo-popular-lamenta-o-intento-hipocrita-do-psdeg-de-blanquear-a-decision-do-goberno-central-de-modificar-a-lei-de-costas\\\/#breadcrumb\",\"itemListElement\":[{\"@type\":\"ListItem\",\"position\":1,\"name\":\"Portada\",\"item\":\"https:\\\/\\\/ppdegalicia.com\\\/es\\\/\"},{\"@type\":\"ListItem\",\"position\":2,\"name\":\"O Grupo Popular lamenta o \u201cintento hip\u00f3crita\u201d do PSdeG de blanquear a decisi\u00f3n do Goberno central de modificar a Lei de costas\"}]},{\"@type\":\"WebSite\",\"@id\":\"https:\\\/\\\/ppdegalicia.com\\\/es\\\/#website\",\"url\":\"https:\\\/\\\/ppdegalicia.com\\\/es\\\/\",\"name\":\"Partido Popular de Galicia\",\"description\":\"Partido Popular de Galicia\",\"publisher\":{\"@id\":\"https:\\\/\\\/ppdegalicia.com\\\/es\\\/#organization\"},\"alternateName\":\"PP de Galicia\",\"potentialAction\":[{\"@type\":\"SearchAction\",\"target\":{\"@type\":\"EntryPoint\",\"urlTemplate\":\"https:\\\/\\\/ppdegalicia.com\\\/es\\\/?s={search_term_string}\"},\"query-input\":{\"@type\":\"PropertyValueSpecification\",\"valueRequired\":true,\"valueName\":\"search_term_string\"}}],\"inLanguage\":\"es\"},{\"@type\":\"Organization\",\"@id\":\"https:\\\/\\\/ppdegalicia.com\\\/es\\\/#organization\",\"name\":\"Partido Popular de Galicia\",\"alternateName\":\"PP de Galicia\",\"url\":\"https:\\\/\\\/ppdegalicia.com\\\/es\\\/\",\"logo\":{\"@type\":\"ImageObject\",\"inLanguage\":\"es\",\"@id\":\"https:\\\/\\\/ppdegalicia.com\\\/es\\\/#\\\/schema\\\/logo\\\/image\\\/\",\"url\":\"https:\\\/\\\/ppdegalicia.com\\\/wp-content\\\/uploads\\\/2023\\\/04\\\/logoPP512.png\",\"contentUrl\":\"https:\\\/\\\/ppdegalicia.com\\\/wp-content\\\/uploads\\\/2023\\\/04\\\/logoPP512.png\",\"width\":512,\"height\":512,\"caption\":\"Partido Popular de Galicia\"},\"image\":{\"@id\":\"https:\\\/\\\/ppdegalicia.com\\\/es\\\/#\\\/schema\\\/logo\\\/image\\\/\"},\"sameAs\":[\"https:\\\/\\\/www.instagram.com\\\/ppdegalicia\\\/\",\"https:\\\/\\\/x.com\\\/ppdegalicia\",\"https:\\\/\\\/www.tiktok.com\\\/@ppdegalicia\",\"https:\\\/\\\/www.youtube.com\\\/user\\\/ppdegalicia\"]},{\"@type\":\"Person\",\"@id\":\"https:\\\/\\\/ppdegalicia.com\\\/es\\\/#\\\/schema\\\/person\\\/5b822c6f59e872ebdd1142f307dbcb59\",\"name\":\"ppdegaliciaredes\",\"image\":{\"@type\":\"ImageObject\",\"inLanguage\":\"es\",\"@id\":\"https:\\\/\\\/secure.gravatar.com\\\/avatar\\\/3c9179cf0256d00c72a48d1f25783c58b6842cd56e85ef3a572881c8e28ccd59?s=96&d=mm&r=g\",\"url\":\"https:\\\/\\\/secure.gravatar.com\\\/avatar\\\/3c9179cf0256d00c72a48d1f25783c58b6842cd56e85ef3a572881c8e28ccd59?s=96&d=mm&r=g\",\"contentUrl\":\"https:\\\/\\\/secure.gravatar.com\\\/avatar\\\/3c9179cf0256d00c72a48d1f25783c58b6842cd56e85ef3a572881c8e28ccd59?s=96&d=mm&r=g\",\"caption\":\"ppdegaliciaredes\"},\"url\":\"https:\\\/\\\/ppdegalicia.com\\\/es\\\/author\\\/ppdegaliciaredes\\\/\"}]}<\/script>\n<!-- \/ Yoast SEO plugin. -->","yoast_head_json":{"title":"O Grupo Popular lamenta o \u201cintento hip\u00f3crita\u201d do PSdeG de blanquear a decisi\u00f3n do Goberno central de modificar a Lei de costas - PP de Galicia","robots":{"index":"index","follow":"follow","max-snippet":"max-snippet:-1","max-image-preview":"max-image-preview:large","max-video-preview":"max-video-preview:-1"},"canonical":"https:\/\/ppdegalicia.com\/es\/o-grupo-popular-lamenta-o-intento-hipocrita-do-psdeg-de-blanquear-a-decision-do-goberno-central-de-modificar-a-lei-de-costas\/","og_locale":"es_ES","og_type":"article","og_title":"O Grupo Popular lamenta o \u201cintento hip\u00f3crita\u201d do PSdeG de blanquear a decisi\u00f3n do Goberno central de modificar a Lei de costas - PP de Galicia","og_description":"Santiago, 14 de abril de 2021.- A deputada do Grupo Popular Teresa Egerique lamentou hoxe no Pleno do Parlamento \u201co intento hip\u00f3crita do PSdeG de salvar a cara e branquear a decisi\u00f3n do Goberno central de eliminar a trav\u00e9s dos artigos 18.3 e 18.4 da Lei de Cambio Clim\u00e1tico a pr\u00f3rroga extraordinaria de todas as [&hellip;]","og_url":"https:\/\/ppdegalicia.com\/es\/o-grupo-popular-lamenta-o-intento-hipocrita-do-psdeg-de-blanquear-a-decision-do-goberno-central-de-modificar-a-lei-de-costas\/","og_site_name":"PP de Galicia","article_publisher":"https:\/\/www.instagram.com\/ppdegalicia\/","article_published_time":"2021-04-14T13:27:12+00:00","og_image":[{"width":1900,"height":1188,"url":"https:\/\/ppdegalicia.com\/wp-content\/uploads\/2021\/04\/12e3c138fd4bc80d4e82575aec6bb0e1.jpg","type":"image\/jpeg"}],"author":"ppdegaliciaredes","twitter_card":"summary_large_image","twitter_creator":"@ppdegalicia","twitter_site":"@ppdegalicia","twitter_misc":{"Escrito por":"ppdegaliciaredes","Tiempo de lectura":"1 minuto"},"schema":{"@context":"https:\/\/schema.org","@graph":[{"@type":"Article","@id":"https:\/\/ppdegalicia.com\/es\/o-grupo-popular-lamenta-o-intento-hipocrita-do-psdeg-de-blanquear-a-decision-do-goberno-central-de-modificar-a-lei-de-costas\/#article","isPartOf":{"@id":"https:\/\/ppdegalicia.com\/es\/o-grupo-popular-lamenta-o-intento-hipocrita-do-psdeg-de-blanquear-a-decision-do-goberno-central-de-modificar-a-lei-de-costas\/"},"author":{"name":"ppdegaliciaredes","@id":"https:\/\/ppdegalicia.com\/es\/#\/schema\/person\/5b822c6f59e872ebdd1142f307dbcb59"},"headline":"O Grupo Popular lamenta o \u201cintento hip\u00f3crita\u201d do PSdeG de blanquear a decisi\u00f3n do Goberno central de modificar a Lei de costas","datePublished":"2021-04-14T13:27:12+00:00","mainEntityOfPage":{"@id":"https:\/\/ppdegalicia.com\/es\/o-grupo-popular-lamenta-o-intento-hipocrita-do-psdeg-de-blanquear-a-decision-do-goberno-central-de-modificar-a-lei-de-costas\/"},"wordCount":286,"commentCount":0,"publisher":{"@id":"https:\/\/ppdegalicia.com\/es\/#organization"},"image":{"@id":"https:\/\/ppdegalicia.com\/es\/o-grupo-popular-lamenta-o-intento-hipocrita-do-psdeg-de-blanquear-a-decision-do-goberno-central-de-modificar-a-lei-de-costas\/#primaryimage"},"thumbnailUrl":"https:\/\/ppdegalicia.com\/wp-content\/uploads\/2021\/04\/12e3c138fd4bc80d4e82575aec6bb0e1.jpg","articleSection":["PP de Galicia"],"inLanguage":"es","potentialAction":[{"@type":"CommentAction","name":"Comment","target":["https:\/\/ppdegalicia.com\/es\/o-grupo-popular-lamenta-o-intento-hipocrita-do-psdeg-de-blanquear-a-decision-do-goberno-central-de-modificar-a-lei-de-costas\/#respond"]}]},{"@type":"WebPage","@id":"https:\/\/ppdegalicia.com\/es\/o-grupo-popular-lamenta-o-intento-hipocrita-do-psdeg-de-blanquear-a-decision-do-goberno-central-de-modificar-a-lei-de-costas\/","url":"https:\/\/ppdegalicia.com\/es\/o-grupo-popular-lamenta-o-intento-hipocrita-do-psdeg-de-blanquear-a-decision-do-goberno-central-de-modificar-a-lei-de-costas\/","name":"O Grupo Popular lamenta o \u201cintento hip\u00f3crita\u201d do PSdeG de blanquear a decisi\u00f3n do Goberno central de modificar a Lei de costas - PP de Galicia","isPartOf":{"@id":"https:\/\/ppdegalicia.com\/es\/#website"},"primaryImageOfPage":{"@id":"https:\/\/ppdegalicia.com\/es\/o-grupo-popular-lamenta-o-intento-hipocrita-do-psdeg-de-blanquear-a-decision-do-goberno-central-de-modificar-a-lei-de-costas\/#primaryimage"},"image":{"@id":"https:\/\/ppdegalicia.com\/es\/o-grupo-popular-lamenta-o-intento-hipocrita-do-psdeg-de-blanquear-a-decision-do-goberno-central-de-modificar-a-lei-de-costas\/#primaryimage"},"thumbnailUrl":"https:\/\/ppdegalicia.com\/wp-content\/uploads\/2021\/04\/12e3c138fd4bc80d4e82575aec6bb0e1.jpg","datePublished":"2021-04-14T13:27:12+00:00","breadcrumb":{"@id":"https:\/\/ppdegalicia.com\/es\/o-grupo-popular-lamenta-o-intento-hipocrita-do-psdeg-de-blanquear-a-decision-do-goberno-central-de-modificar-a-lei-de-costas\/#breadcrumb"},"inLanguage":"es","potentialAction":[{"@type":"ReadAction","target":["https:\/\/ppdegalicia.com\/es\/o-grupo-popular-lamenta-o-intento-hipocrita-do-psdeg-de-blanquear-a-decision-do-goberno-central-de-modificar-a-lei-de-costas\/"]}]},{"@type":"ImageObject","inLanguage":"es","@id":"https:\/\/ppdegalicia.com\/es\/o-grupo-popular-lamenta-o-intento-hipocrita-do-psdeg-de-blanquear-a-decision-do-goberno-central-de-modificar-a-lei-de-costas\/#primaryimage","url":"https:\/\/ppdegalicia.com\/wp-content\/uploads\/2021\/04\/12e3c138fd4bc80d4e82575aec6bb0e1.jpg","contentUrl":"https:\/\/ppdegalicia.com\/wp-content\/uploads\/2021\/04\/12e3c138fd4bc80d4e82575aec6bb0e1.jpg","width":1900,"height":1188},{"@type":"BreadcrumbList","@id":"https:\/\/ppdegalicia.com\/es\/o-grupo-popular-lamenta-o-intento-hipocrita-do-psdeg-de-blanquear-a-decision-do-goberno-central-de-modificar-a-lei-de-costas\/#breadcrumb","itemListElement":[{"@type":"ListItem","position":1,"name":"Portada","item":"https:\/\/ppdegalicia.com\/es\/"},{"@type":"ListItem","position":2,"name":"O Grupo Popular lamenta o \u201cintento hip\u00f3crita\u201d do PSdeG de blanquear a decisi\u00f3n do Goberno central de modificar a Lei de costas"}]},{"@type":"WebSite","@id":"https:\/\/ppdegalicia.com\/es\/#website","url":"https:\/\/ppdegalicia.com\/es\/","name":"Partido Popular de Galicia","description":"Partido Popular de Galicia","publisher":{"@id":"https:\/\/ppdegalicia.com\/es\/#organization"},"alternateName":"PP de Galicia","potentialAction":[{"@type":"SearchAction","target":{"@type":"EntryPoint","urlTemplate":"https:\/\/ppdegalicia.com\/es\/?s={search_term_string}"},"query-input":{"@type":"PropertyValueSpecification","valueRequired":true,"valueName":"search_term_string"}}],"inLanguage":"es"},{"@type":"Organization","@id":"https:\/\/ppdegalicia.com\/es\/#organization","name":"Partido Popular de Galicia","alternateName":"PP de Galicia","url":"https:\/\/ppdegalicia.com\/es\/","logo":{"@type":"ImageObject","inLanguage":"es","@id":"https:\/\/ppdegalicia.com\/es\/#\/schema\/logo\/image\/","url":"https:\/\/ppdegalicia.com\/wp-content\/uploads\/2023\/04\/logoPP512.png","contentUrl":"https:\/\/ppdegalicia.com\/wp-content\/uploads\/2023\/04\/logoPP512.png","width":512,"height":512,"caption":"Partido Popular de Galicia"},"image":{"@id":"https:\/\/ppdegalicia.com\/es\/#\/schema\/logo\/image\/"},"sameAs":["https:\/\/www.instagram.com\/ppdegalicia\/","https:\/\/x.com\/ppdegalicia","https:\/\/www.tiktok.com\/@ppdegalicia","https:\/\/www.youtube.com\/user\/ppdegalicia"]},{"@type":"Person","@id":"https:\/\/ppdegalicia.com\/es\/#\/schema\/person\/5b822c6f59e872ebdd1142f307dbcb59","name":"ppdegaliciaredes","image":{"@type":"ImageObject","inLanguage":"es","@id":"https:\/\/secure.gravatar.com\/avatar\/3c9179cf0256d00c72a48d1f25783c58b6842cd56e85ef3a572881c8e28ccd59?s=96&d=mm&r=g","url":"https:\/\/secure.gravatar.com\/avatar\/3c9179cf0256d00c72a48d1f25783c58b6842cd56e85ef3a572881c8e28ccd59?s=96&d=mm&r=g","contentUrl":"https:\/\/secure.gravatar.com\/avatar\/3c9179cf0256d00c72a48d1f25783c58b6842cd56e85ef3a572881c8e28ccd59?s=96&d=mm&r=g","caption":"ppdegaliciaredes"},"url":"https:\/\/ppdegalicia.com\/es\/author\/ppdegaliciaredes\/"}]}},"_links":{"self":[{"href":"https:\/\/ppdegalicia.com\/es\/wp-json\/wp\/v2\/posts\/55576","targetHints":{"allow":["GET"]}}],"collection":[{"href":"https:\/\/ppdegalicia.com\/es\/wp-json\/wp\/v2\/posts"}],"about":[{"href":"https:\/\/ppdegalicia.com\/es\/wp-json\/wp\/v2\/types\/post"}],"author":[{"embeddable":true,"href":"https:\/\/ppdegalicia.com\/es\/wp-json\/wp\/v2\/users\/38"}],"replies":[{"embeddable":true,"href":"https:\/\/ppdegalicia.com\/es\/wp-json\/wp\/v2\/comments?post=55576"}],"version-history":[{"count":0,"href":"https:\/\/ppdegalicia.com\/es\/wp-json\/wp\/v2\/posts\/55576\/revisions"}],"wp:featuredmedia":[{"embeddable":true,"href":"https:\/\/ppdegalicia.com\/es\/wp-json\/wp\/v2\/media\/55575"}],"wp:attachment":[{"href":"https:\/\/ppdegalicia.com\/es\/wp-json\/wp\/v2\/media?parent=55576"}],"wp:term":[{"taxonomy":"category","embeddable":true,"href":"https:\/\/ppdegalicia.com\/es\/wp-json\/wp\/v2\/categories?post=55576"},{"taxonomy":"post_tag","embeddable":true,"href":"https:\/\/ppdegalicia.com\/es\/wp-json\/wp\/v2\/tags?post=55576"}],"curies":[{"name":"wp","href":"https:\/\/api.w.org\/{rel}","templated":true}]}}