{"id":55650,"date":"2021-05-03T15:13:58","date_gmt":"2021-05-03T13:13:58","guid":{"rendered":"https:\/\/ppdegalicia.com\/o-pleno-da-vindeira-semana-debatera-a-aprobacion-definitiva-da-proposicion-de-lei-de-recuperacion-da-terra-agraria\/"},"modified":"2021-05-03T15:13:58","modified_gmt":"2021-05-03T13:13:58","slug":"o-pleno-da-vindeira-semana-debatera-a-aprobacion-definitiva-da-proposicion-de-lei-de-recuperacion-da-terra-agraria","status":"publish","type":"post","link":"https:\/\/ppdegalicia.com\/es\/o-pleno-da-vindeira-semana-debatera-a-aprobacion-definitiva-da-proposicion-de-lei-de-recuperacion-da-terra-agraria\/","title":{"rendered":"O Pleno da vindeira semana debater\u00e1 a aprobaci\u00f3n definitiva da proposici\u00f3n de lei de recuperaci\u00f3n da terra agraria"},"content":{"rendered":"<p><img fetchpriority=\"high\" decoding=\"async\" class=\" size-full wp-image-55649\" src=\"https:\/\/ppdegalicia.com\/wp-content\/uploads\/2021\/05\/11e67df7a25e08580ba8f841a9716bdb.jpg\" alt=\"\" width=\"1900\" height=\"1267\" srcset=\"https:\/\/ppdegalicia.com\/wp-content\/uploads\/2021\/05\/11e67df7a25e08580ba8f841a9716bdb.jpg 1900w, https:\/\/ppdegalicia.com\/wp-content\/uploads\/2021\/05\/11e67df7a25e08580ba8f841a9716bdb-300x200.jpg 300w, https:\/\/ppdegalicia.com\/wp-content\/uploads\/2021\/05\/11e67df7a25e08580ba8f841a9716bdb-1024x683.jpg 1024w, https:\/\/ppdegalicia.com\/wp-content\/uploads\/2021\/05\/11e67df7a25e08580ba8f841a9716bdb-768x512.jpg 768w, https:\/\/ppdegalicia.com\/wp-content\/uploads\/2021\/05\/11e67df7a25e08580ba8f841a9716bdb-1536x1024.jpg 1536w\" sizes=\"(max-width: 1900px) 100vw, 1900px\" \/><\/p>\n<p>Santiago, 3 de maio de 2021.- O portavoz do Grupo Popular, Pedro Puy, avanzou hoxe que no Pleno da vindeira semana estar\u00e1n en disposici\u00f3n de ser debatida para a s\u00faa aprobaci\u00f3n definitiva a proposici\u00f3n de Lei de recuperaci\u00f3n da terra agraria de Galicia, as\u00ed como a toma en consideraci\u00f3n do proxecto de Lei de creaci\u00f3n da Universidade Intercontinental da Empresa.<\/p>\n<p><!--more--><\/p>\n<p>Pedro Puy iniciou a s\u00faa comparecencia ante os medios de comunicaci\u00f3n lembrando que nesta xornada cel\u00e9brase o D\u00eda Internacional da liberdade de prensa, \u201cun d\u00eda triste\u201d logo dos asasinatos dos xornalistas espa\u00f1ois David Beriain e Roberto Fraile en Burkina Faso. Neste sentido, indicou que \u201cestamos a ver que en moitos lugares do mundo a liberdade de prensa \u00e9 unha cuesti\u00f3n moi dif\u00edcil, pero ao mesmo tempo \u00e9 importante felicitar a quen exerce a profesi\u00f3n xornal\u00edstica de forma libre\u201d. \u201cAnimamos a seguir exercendo con liberdade esta profesi\u00f3n, nun momento no que estamos vendo que os bulos corren polas redes sociais sen ning\u00fan control\u201d, apuntou.<\/p>\n<p>\u00a0<\/p>\n<blockquote class=\"twitter-tweet\">\n<p dir=\"ltr\" lang=\"es\">?No D\u00eda Mundial da <a href=\"https:\/\/twitter.com\/hashtag\/LibertadDePrensa?src=hash&amp;ref_src=twsrc%5Etfw\">#LibertadDePrensa<\/a> Puy reivindica a importancia nestes momentos da informaci\u00f3n de calidade, libre e a transparencia nun exercicio que en moitos lugares do mundo \u00e9 moi complexo, recordando os asasinatos recentes de David Beriain e Roberto Fraile <a href=\"https:\/\/twitter.com\/ppdegalicia?ref_src=twsrc%5Etfw\">@ppdegalicia<\/a> <a href=\"https:\/\/t.co\/OvJsKzUCZu\">pic.twitter.com\/OvJsKzUCZu<\/a><\/p>\n<p>\u2014 GrupoPopularGalicia (@GrupoPopularGal) <a href=\"https:\/\/twitter.com\/GrupoPopularGal\/status\/1389185260479471617?ref_src=twsrc%5Etfw\">May 3, 2021<\/a><\/p><\/blockquote>\n<p>\u00a0<\/p>\n<p><strong>PRIMEIRA SESI\u00d3N SEN ESTADO DE ALARMA<\/strong><\/p>\n<p>\u00a0<\/p>\n<p>Respecto da sesi\u00f3n plenaria que se celebrar\u00e1 a vindeira semana, Puy lembrou que \u201cser\u00e1 a primeira que se celebre unha vez levantado o Estado de Alarma o 9 de maio, co que nos enfrontamos a unha nova situaci\u00f3n moi confusa\u201d. \u201cA nosa opini\u00f3n \u00e9 que non se levou adiante, desde o punto de vista normativo, o que era necesario para loitar contra a pandemia con novos instrumentos lexislativos, polo que existen d\u00fabidas de que as autoridades sanitarias te\u00f1an a capacidade de adoptar medidas que se amosaron \u00fatiles para loitar contra a Covid-19, como os peches perimetrais das comunidades aut\u00f3nomas\u201d, indicou.<\/p>\n<p>\u00a0<\/p>\n<blockquote class=\"twitter-tweet\">\n<p dir=\"ltr\" lang=\"es\">?Moitas d\u00fabidas ao levantarse o estado de alarma sobre a capacidade das autoridades sanitarias de tomar decisi\u00f3ns que se amosaron \u00fatiles na loita contra a pandemia,ter\u00eda sido convinte adaptar a lexislaci\u00f3n como intentaron facer CCAA,no caso de Galicia con obxecci\u00f3ns do Goberno <a href=\"https:\/\/t.co\/CCfZ2Pocq8\">pic.twitter.com\/CCfZ2Pocq8<\/a><\/p>\n<p>\u2014 GrupoPopularGalicia (@GrupoPopularGal) <a href=\"https:\/\/twitter.com\/GrupoPopularGal\/status\/1389196333630767105?ref_src=twsrc%5Etfw\">May 3, 2021<\/a><\/p><\/blockquote>\n<p>\u00a0<\/p>\n<p>O portavoz popular avanzou que no Pleno debaterase a aprobaci\u00f3n definitiva da proposici\u00f3n de Lei de recuperaci\u00f3n da terra agraria, unha vez que esta ma\u00f1\u00e1 se aprobou o ditame na Comisi\u00f3n 7\u00aa coa abstenci\u00f3n do BNG e do PSdeG. Puy salientou que esta nova norma \u201cvai ter moita incidencia para ben no medio rural e ser\u00e1 un punto de inflexi\u00f3n no que \u00e9 a evoluci\u00f3n do agro galego\u201d. \u201cE unha lei que da un paso significativo para, respectando os dereitos de propiedade, po\u00f1er enriba da mesa o feito de que a propiedade ten unha funci\u00f3n social que vai m\u00e1is al\u00e1 dos dereitos absolutos sobre a propiedade\u201d, engadiu.<\/p>\n<p>\u00a0<\/p>\n<p>\u00a0<\/p>\n<p>Neste sentido, salientou \u201co alto n\u00famero de emendas aceptadas e transaccionadas dos grupos da oposici\u00f3n, porque a efectividade desta lei recomenda que haxa os maiores puntos de acordo posibles para que sexa efectiva\u201d.<\/p>\n<p>\u00a0<\/p>\n<blockquote class=\"twitter-tweet\">\n<p dir=\"ltr\" lang=\"es\">?A lei de recuperaci\u00f3n de terras agrarias da pasos significativos para,respectando os dereitos da propiedade,po\u00f1er sobre a mesa a s\u00faa utilidade social, ten unha alta porcentaxe de emendas transaccionadas e a s\u00faa efectividade recomenda os maiores puntos de acordo, Pedro Puy <a href=\"https:\/\/t.co\/P3v1JEvd1H\">pic.twitter.com\/P3v1JEvd1H<\/a><\/p>\n<p>\u2014 GrupoPopularGalicia (@GrupoPopularGal) <a href=\"https:\/\/twitter.com\/GrupoPopularGal\/status\/1389199063841746954?ref_src=twsrc%5Etfw\">May 3, 2021<\/a><\/p><\/blockquote>\n<p>\u00a0<\/p>\n<p>NOVA UNIVERSIDADE PRIVADA<\/p>\n<p>As\u00ed mesmo, na sesi\u00f3n plenaria procederase ao debate de toma en consideraci\u00f3n do proxecto de Lei de creaci\u00f3n da Universidade Intercontinental da Empresa, unha iniciativa que leva tres anos de tramitaci\u00f3n da man da Fundaci\u00f3n Galicia Obra Social-Afundaci\u00f3n, herdeira da vella Obra Social das caixas de aforro galegas.<\/p>\n<p>Pedro Puy cualificou de \u201cboa noticia que unha entidade bancaria radicada n Galicia decida investir no eido da educaci\u00f3n superior, cumprindo a lei e coa esperanza de darlle continuidade a algo que foi fundamental para o desenvolvemento moderno da empresa en Galicia, como \u00e9 a Escola de Negocios\u201d. Por este motivo, considerou \u201csorprendente que haxa quen se opo\u00f1a a este investimento en educaci\u00f3n\u201d, a\u00ednda que considerou que se trata de algo \u201cideol\u00f3xico por parte de forzas pol\u00edticas que entenden que todo ten que ser p\u00fablico\u201d.<\/p>\n<p>\u00a0<\/p>\n<blockquote class=\"twitter-tweet\">\n<p dir=\"ltr\" lang=\"es\">?Boa noticia que unha entidade bancaria radicada en Galicia decida investir no eido da educaci\u00f3n superior, cumprindo a lei e d\u00e1ndolle continuidade a Escola de Negocios, indica Puy sobre o proxecto de Lei de creaci\u00f3n da Universidade Intercontinental da Empresa <a href=\"https:\/\/twitter.com\/ppdegalicia?ref_src=twsrc%5Etfw\">@ppdegalicia<\/a> <a href=\"https:\/\/t.co\/4yftttIYzX\">pic.twitter.com\/4yftttIYzX<\/a><\/p>\n<p>\u2014 GrupoPopularGalicia (@GrupoPopularGal) <a href=\"https:\/\/twitter.com\/GrupoPopularGal\/status\/1389242106695323653?ref_src=twsrc%5Etfw\">May 3, 2021<\/a><\/p><\/blockquote>\n<p>\u00a0<\/p>\n","protected":false},"excerpt":{"rendered":"<p>Santiago, 3 de maio de 2021.- O portavoz do Grupo Popular, Pedro Puy, avanzou hoxe que no Pleno da vindeira semana estar\u00e1n en disposici\u00f3n de ser debatida para a s\u00faa aprobaci\u00f3n definitiva a proposici\u00f3n de Lei de recuperaci\u00f3n da terra agraria de Galicia, as\u00ed como a toma en consideraci\u00f3n do proxecto de Lei de creaci\u00f3n [&hellip;]<\/p>\n","protected":false},"author":38,"featured_media":55649,"comment_status":"open","ping_status":"open","sticky":false,"template":"","format":"standard","meta":{"_acf_changed":false,"footnotes":""},"categories":[1],"tags":[],"class_list":["post-55650","post","type-post","status-publish","format-standard","has-post-thumbnail","hentry","category-pp-de-galicia"],"acf":[],"yoast_head":"<!-- This site is optimized with the Yoast SEO plugin v27.3 - https:\/\/yoast.com\/product\/yoast-seo-wordpress\/ -->\n<title>O Pleno da vindeira semana debater\u00e1 a aprobaci\u00f3n definitiva da proposici\u00f3n de lei de recuperaci\u00f3n da terra agraria - PP de Galicia<\/title>\n<meta name=\"robots\" content=\"index, follow, max-snippet:-1, max-image-preview:large, max-video-preview:-1\" \/>\n<link rel=\"canonical\" href=\"https:\/\/ppdegalicia.com\/es\/o-pleno-da-vindeira-semana-debatera-a-aprobacion-definitiva-da-proposicion-de-lei-de-recuperacion-da-terra-agraria\/\" \/>\n<meta property=\"og:locale\" content=\"es_ES\" \/>\n<meta property=\"og:type\" content=\"article\" \/>\n<meta property=\"og:title\" content=\"O Pleno da vindeira semana debater\u00e1 a aprobaci\u00f3n definitiva da proposici\u00f3n de lei de recuperaci\u00f3n da terra agraria - PP de Galicia\" \/>\n<meta property=\"og:description\" content=\"Santiago, 3 de maio de 2021.- O portavoz do Grupo Popular, Pedro Puy, avanzou hoxe que no Pleno da vindeira semana estar\u00e1n en disposici\u00f3n de ser debatida para a s\u00faa aprobaci\u00f3n definitiva a proposici\u00f3n de Lei de recuperaci\u00f3n da terra agraria de Galicia, as\u00ed como a toma en consideraci\u00f3n do proxecto de Lei de creaci\u00f3n [&hellip;]\" \/>\n<meta property=\"og:url\" content=\"https:\/\/ppdegalicia.com\/es\/o-pleno-da-vindeira-semana-debatera-a-aprobacion-definitiva-da-proposicion-de-lei-de-recuperacion-da-terra-agraria\/\" \/>\n<meta property=\"og:site_name\" content=\"PP de Galicia\" \/>\n<meta property=\"article:publisher\" content=\"https:\/\/www.instagram.com\/ppdegalicia\/\" \/>\n<meta property=\"article:published_time\" content=\"2021-05-03T13:13:58+00:00\" \/>\n<meta property=\"og:image\" content=\"https:\/\/ppdegalicia.com\/wp-content\/uploads\/2021\/05\/11e67df7a25e08580ba8f841a9716bdb.jpg\" \/>\n\t<meta property=\"og:image:width\" content=\"1900\" \/>\n\t<meta property=\"og:image:height\" content=\"1267\" \/>\n\t<meta property=\"og:image:type\" content=\"image\/jpeg\" \/>\n<meta name=\"author\" content=\"ppdegaliciaredes\" \/>\n<meta name=\"twitter:card\" content=\"summary_large_image\" \/>\n<meta name=\"twitter:creator\" content=\"@ppdegalicia\" \/>\n<meta name=\"twitter:site\" content=\"@ppdegalicia\" \/>\n<meta name=\"twitter:label1\" content=\"Escrito por\" \/>\n\t<meta name=\"twitter:data1\" content=\"ppdegaliciaredes\" \/>\n\t<meta name=\"twitter:label2\" content=\"Tiempo de lectura\" \/>\n\t<meta name=\"twitter:data2\" content=\"4 minutos\" \/>\n<script type=\"application\/ld+json\" class=\"yoast-schema-graph\">{\"@context\":\"https:\\\/\\\/schema.org\",\"@graph\":[{\"@type\":\"Article\",\"@id\":\"https:\\\/\\\/ppdegalicia.com\\\/es\\\/o-pleno-da-vindeira-semana-debatera-a-aprobacion-definitiva-da-proposicion-de-lei-de-recuperacion-da-terra-agraria\\\/#article\",\"isPartOf\":{\"@id\":\"https:\\\/\\\/ppdegalicia.com\\\/es\\\/o-pleno-da-vindeira-semana-debatera-a-aprobacion-definitiva-da-proposicion-de-lei-de-recuperacion-da-terra-agraria\\\/\"},\"author\":{\"name\":\"ppdegaliciaredes\",\"@id\":\"https:\\\/\\\/ppdegalicia.com\\\/es\\\/#\\\/schema\\\/person\\\/5b822c6f59e872ebdd1142f307dbcb59\"},\"headline\":\"O Pleno da vindeira semana debater\u00e1 a aprobaci\u00f3n definitiva da proposici\u00f3n de lei de recuperaci\u00f3n da terra agraria\",\"datePublished\":\"2021-05-03T13:13:58+00:00\",\"mainEntityOfPage\":{\"@id\":\"https:\\\/\\\/ppdegalicia.com\\\/es\\\/o-pleno-da-vindeira-semana-debatera-a-aprobacion-definitiva-da-proposicion-de-lei-de-recuperacion-da-terra-agraria\\\/\"},\"wordCount\":824,\"commentCount\":0,\"publisher\":{\"@id\":\"https:\\\/\\\/ppdegalicia.com\\\/es\\\/#organization\"},\"image\":{\"@id\":\"https:\\\/\\\/ppdegalicia.com\\\/es\\\/o-pleno-da-vindeira-semana-debatera-a-aprobacion-definitiva-da-proposicion-de-lei-de-recuperacion-da-terra-agraria\\\/#primaryimage\"},\"thumbnailUrl\":\"https:\\\/\\\/ppdegalicia.com\\\/wp-content\\\/uploads\\\/2021\\\/05\\\/11e67df7a25e08580ba8f841a9716bdb.jpg\",\"articleSection\":[\"PP de Galicia\"],\"inLanguage\":\"es\",\"potentialAction\":[{\"@type\":\"CommentAction\",\"name\":\"Comment\",\"target\":[\"https:\\\/\\\/ppdegalicia.com\\\/es\\\/o-pleno-da-vindeira-semana-debatera-a-aprobacion-definitiva-da-proposicion-de-lei-de-recuperacion-da-terra-agraria\\\/#respond\"]}]},{\"@type\":\"WebPage\",\"@id\":\"https:\\\/\\\/ppdegalicia.com\\\/es\\\/o-pleno-da-vindeira-semana-debatera-a-aprobacion-definitiva-da-proposicion-de-lei-de-recuperacion-da-terra-agraria\\\/\",\"url\":\"https:\\\/\\\/ppdegalicia.com\\\/es\\\/o-pleno-da-vindeira-semana-debatera-a-aprobacion-definitiva-da-proposicion-de-lei-de-recuperacion-da-terra-agraria\\\/\",\"name\":\"O Pleno da vindeira semana debater\u00e1 a aprobaci\u00f3n definitiva da proposici\u00f3n de lei de recuperaci\u00f3n da terra agraria - PP de Galicia\",\"isPartOf\":{\"@id\":\"https:\\\/\\\/ppdegalicia.com\\\/es\\\/#website\"},\"primaryImageOfPage\":{\"@id\":\"https:\\\/\\\/ppdegalicia.com\\\/es\\\/o-pleno-da-vindeira-semana-debatera-a-aprobacion-definitiva-da-proposicion-de-lei-de-recuperacion-da-terra-agraria\\\/#primaryimage\"},\"image\":{\"@id\":\"https:\\\/\\\/ppdegalicia.com\\\/es\\\/o-pleno-da-vindeira-semana-debatera-a-aprobacion-definitiva-da-proposicion-de-lei-de-recuperacion-da-terra-agraria\\\/#primaryimage\"},\"thumbnailUrl\":\"https:\\\/\\\/ppdegalicia.com\\\/wp-content\\\/uploads\\\/2021\\\/05\\\/11e67df7a25e08580ba8f841a9716bdb.jpg\",\"datePublished\":\"2021-05-03T13:13:58+00:00\",\"breadcrumb\":{\"@id\":\"https:\\\/\\\/ppdegalicia.com\\\/es\\\/o-pleno-da-vindeira-semana-debatera-a-aprobacion-definitiva-da-proposicion-de-lei-de-recuperacion-da-terra-agraria\\\/#breadcrumb\"},\"inLanguage\":\"es\",\"potentialAction\":[{\"@type\":\"ReadAction\",\"target\":[\"https:\\\/\\\/ppdegalicia.com\\\/es\\\/o-pleno-da-vindeira-semana-debatera-a-aprobacion-definitiva-da-proposicion-de-lei-de-recuperacion-da-terra-agraria\\\/\"]}]},{\"@type\":\"ImageObject\",\"inLanguage\":\"es\",\"@id\":\"https:\\\/\\\/ppdegalicia.com\\\/es\\\/o-pleno-da-vindeira-semana-debatera-a-aprobacion-definitiva-da-proposicion-de-lei-de-recuperacion-da-terra-agraria\\\/#primaryimage\",\"url\":\"https:\\\/\\\/ppdegalicia.com\\\/wp-content\\\/uploads\\\/2021\\\/05\\\/11e67df7a25e08580ba8f841a9716bdb.jpg\",\"contentUrl\":\"https:\\\/\\\/ppdegalicia.com\\\/wp-content\\\/uploads\\\/2021\\\/05\\\/11e67df7a25e08580ba8f841a9716bdb.jpg\",\"width\":1900,\"height\":1267},{\"@type\":\"BreadcrumbList\",\"@id\":\"https:\\\/\\\/ppdegalicia.com\\\/es\\\/o-pleno-da-vindeira-semana-debatera-a-aprobacion-definitiva-da-proposicion-de-lei-de-recuperacion-da-terra-agraria\\\/#breadcrumb\",\"itemListElement\":[{\"@type\":\"ListItem\",\"position\":1,\"name\":\"Portada\",\"item\":\"https:\\\/\\\/ppdegalicia.com\\\/es\\\/\"},{\"@type\":\"ListItem\",\"position\":2,\"name\":\"O Pleno da vindeira semana debater\u00e1 a aprobaci\u00f3n definitiva da proposici\u00f3n de lei de recuperaci\u00f3n da terra agraria\"}]},{\"@type\":\"WebSite\",\"@id\":\"https:\\\/\\\/ppdegalicia.com\\\/es\\\/#website\",\"url\":\"https:\\\/\\\/ppdegalicia.com\\\/es\\\/\",\"name\":\"Partido Popular de Galicia\",\"description\":\"Partido Popular de Galicia\",\"publisher\":{\"@id\":\"https:\\\/\\\/ppdegalicia.com\\\/es\\\/#organization\"},\"alternateName\":\"PP de Galicia\",\"potentialAction\":[{\"@type\":\"SearchAction\",\"target\":{\"@type\":\"EntryPoint\",\"urlTemplate\":\"https:\\\/\\\/ppdegalicia.com\\\/es\\\/?s={search_term_string}\"},\"query-input\":{\"@type\":\"PropertyValueSpecification\",\"valueRequired\":true,\"valueName\":\"search_term_string\"}}],\"inLanguage\":\"es\"},{\"@type\":\"Organization\",\"@id\":\"https:\\\/\\\/ppdegalicia.com\\\/es\\\/#organization\",\"name\":\"Partido Popular de Galicia\",\"alternateName\":\"PP de Galicia\",\"url\":\"https:\\\/\\\/ppdegalicia.com\\\/es\\\/\",\"logo\":{\"@type\":\"ImageObject\",\"inLanguage\":\"es\",\"@id\":\"https:\\\/\\\/ppdegalicia.com\\\/es\\\/#\\\/schema\\\/logo\\\/image\\\/\",\"url\":\"https:\\\/\\\/ppdegalicia.com\\\/wp-content\\\/uploads\\\/2023\\\/04\\\/logoPP512.png\",\"contentUrl\":\"https:\\\/\\\/ppdegalicia.com\\\/wp-content\\\/uploads\\\/2023\\\/04\\\/logoPP512.png\",\"width\":512,\"height\":512,\"caption\":\"Partido Popular de Galicia\"},\"image\":{\"@id\":\"https:\\\/\\\/ppdegalicia.com\\\/es\\\/#\\\/schema\\\/logo\\\/image\\\/\"},\"sameAs\":[\"https:\\\/\\\/www.instagram.com\\\/ppdegalicia\\\/\",\"https:\\\/\\\/x.com\\\/ppdegalicia\",\"https:\\\/\\\/www.tiktok.com\\\/@ppdegalicia\",\"https:\\\/\\\/www.youtube.com\\\/user\\\/ppdegalicia\"]},{\"@type\":\"Person\",\"@id\":\"https:\\\/\\\/ppdegalicia.com\\\/es\\\/#\\\/schema\\\/person\\\/5b822c6f59e872ebdd1142f307dbcb59\",\"name\":\"ppdegaliciaredes\",\"image\":{\"@type\":\"ImageObject\",\"inLanguage\":\"es\",\"@id\":\"https:\\\/\\\/secure.gravatar.com\\\/avatar\\\/3c9179cf0256d00c72a48d1f25783c58b6842cd56e85ef3a572881c8e28ccd59?s=96&d=mm&r=g\",\"url\":\"https:\\\/\\\/secure.gravatar.com\\\/avatar\\\/3c9179cf0256d00c72a48d1f25783c58b6842cd56e85ef3a572881c8e28ccd59?s=96&d=mm&r=g\",\"contentUrl\":\"https:\\\/\\\/secure.gravatar.com\\\/avatar\\\/3c9179cf0256d00c72a48d1f25783c58b6842cd56e85ef3a572881c8e28ccd59?s=96&d=mm&r=g\",\"caption\":\"ppdegaliciaredes\"},\"url\":\"https:\\\/\\\/ppdegalicia.com\\\/es\\\/author\\\/ppdegaliciaredes\\\/\"}]}<\/script>\n<!-- \/ Yoast SEO plugin. -->","yoast_head_json":{"title":"O Pleno da vindeira semana debater\u00e1 a aprobaci\u00f3n definitiva da proposici\u00f3n de lei de recuperaci\u00f3n da terra agraria - PP de Galicia","robots":{"index":"index","follow":"follow","max-snippet":"max-snippet:-1","max-image-preview":"max-image-preview:large","max-video-preview":"max-video-preview:-1"},"canonical":"https:\/\/ppdegalicia.com\/es\/o-pleno-da-vindeira-semana-debatera-a-aprobacion-definitiva-da-proposicion-de-lei-de-recuperacion-da-terra-agraria\/","og_locale":"es_ES","og_type":"article","og_title":"O Pleno da vindeira semana debater\u00e1 a aprobaci\u00f3n definitiva da proposici\u00f3n de lei de recuperaci\u00f3n da terra agraria - PP de Galicia","og_description":"Santiago, 3 de maio de 2021.- O portavoz do Grupo Popular, Pedro Puy, avanzou hoxe que no Pleno da vindeira semana estar\u00e1n en disposici\u00f3n de ser debatida para a s\u00faa aprobaci\u00f3n definitiva a proposici\u00f3n de Lei de recuperaci\u00f3n da terra agraria de Galicia, as\u00ed como a toma en consideraci\u00f3n do proxecto de Lei de creaci\u00f3n [&hellip;]","og_url":"https:\/\/ppdegalicia.com\/es\/o-pleno-da-vindeira-semana-debatera-a-aprobacion-definitiva-da-proposicion-de-lei-de-recuperacion-da-terra-agraria\/","og_site_name":"PP de Galicia","article_publisher":"https:\/\/www.instagram.com\/ppdegalicia\/","article_published_time":"2021-05-03T13:13:58+00:00","og_image":[{"width":1900,"height":1267,"url":"https:\/\/ppdegalicia.com\/wp-content\/uploads\/2021\/05\/11e67df7a25e08580ba8f841a9716bdb.jpg","type":"image\/jpeg"}],"author":"ppdegaliciaredes","twitter_card":"summary_large_image","twitter_creator":"@ppdegalicia","twitter_site":"@ppdegalicia","twitter_misc":{"Escrito por":"ppdegaliciaredes","Tiempo de lectura":"4 minutos"},"schema":{"@context":"https:\/\/schema.org","@graph":[{"@type":"Article","@id":"https:\/\/ppdegalicia.com\/es\/o-pleno-da-vindeira-semana-debatera-a-aprobacion-definitiva-da-proposicion-de-lei-de-recuperacion-da-terra-agraria\/#article","isPartOf":{"@id":"https:\/\/ppdegalicia.com\/es\/o-pleno-da-vindeira-semana-debatera-a-aprobacion-definitiva-da-proposicion-de-lei-de-recuperacion-da-terra-agraria\/"},"author":{"name":"ppdegaliciaredes","@id":"https:\/\/ppdegalicia.com\/es\/#\/schema\/person\/5b822c6f59e872ebdd1142f307dbcb59"},"headline":"O Pleno da vindeira semana debater\u00e1 a aprobaci\u00f3n definitiva da proposici\u00f3n de lei de recuperaci\u00f3n da terra agraria","datePublished":"2021-05-03T13:13:58+00:00","mainEntityOfPage":{"@id":"https:\/\/ppdegalicia.com\/es\/o-pleno-da-vindeira-semana-debatera-a-aprobacion-definitiva-da-proposicion-de-lei-de-recuperacion-da-terra-agraria\/"},"wordCount":824,"commentCount":0,"publisher":{"@id":"https:\/\/ppdegalicia.com\/es\/#organization"},"image":{"@id":"https:\/\/ppdegalicia.com\/es\/o-pleno-da-vindeira-semana-debatera-a-aprobacion-definitiva-da-proposicion-de-lei-de-recuperacion-da-terra-agraria\/#primaryimage"},"thumbnailUrl":"https:\/\/ppdegalicia.com\/wp-content\/uploads\/2021\/05\/11e67df7a25e08580ba8f841a9716bdb.jpg","articleSection":["PP de Galicia"],"inLanguage":"es","potentialAction":[{"@type":"CommentAction","name":"Comment","target":["https:\/\/ppdegalicia.com\/es\/o-pleno-da-vindeira-semana-debatera-a-aprobacion-definitiva-da-proposicion-de-lei-de-recuperacion-da-terra-agraria\/#respond"]}]},{"@type":"WebPage","@id":"https:\/\/ppdegalicia.com\/es\/o-pleno-da-vindeira-semana-debatera-a-aprobacion-definitiva-da-proposicion-de-lei-de-recuperacion-da-terra-agraria\/","url":"https:\/\/ppdegalicia.com\/es\/o-pleno-da-vindeira-semana-debatera-a-aprobacion-definitiva-da-proposicion-de-lei-de-recuperacion-da-terra-agraria\/","name":"O Pleno da vindeira semana debater\u00e1 a aprobaci\u00f3n definitiva da proposici\u00f3n de lei de recuperaci\u00f3n da terra agraria - PP de Galicia","isPartOf":{"@id":"https:\/\/ppdegalicia.com\/es\/#website"},"primaryImageOfPage":{"@id":"https:\/\/ppdegalicia.com\/es\/o-pleno-da-vindeira-semana-debatera-a-aprobacion-definitiva-da-proposicion-de-lei-de-recuperacion-da-terra-agraria\/#primaryimage"},"image":{"@id":"https:\/\/ppdegalicia.com\/es\/o-pleno-da-vindeira-semana-debatera-a-aprobacion-definitiva-da-proposicion-de-lei-de-recuperacion-da-terra-agraria\/#primaryimage"},"thumbnailUrl":"https:\/\/ppdegalicia.com\/wp-content\/uploads\/2021\/05\/11e67df7a25e08580ba8f841a9716bdb.jpg","datePublished":"2021-05-03T13:13:58+00:00","breadcrumb":{"@id":"https:\/\/ppdegalicia.com\/es\/o-pleno-da-vindeira-semana-debatera-a-aprobacion-definitiva-da-proposicion-de-lei-de-recuperacion-da-terra-agraria\/#breadcrumb"},"inLanguage":"es","potentialAction":[{"@type":"ReadAction","target":["https:\/\/ppdegalicia.com\/es\/o-pleno-da-vindeira-semana-debatera-a-aprobacion-definitiva-da-proposicion-de-lei-de-recuperacion-da-terra-agraria\/"]}]},{"@type":"ImageObject","inLanguage":"es","@id":"https:\/\/ppdegalicia.com\/es\/o-pleno-da-vindeira-semana-debatera-a-aprobacion-definitiva-da-proposicion-de-lei-de-recuperacion-da-terra-agraria\/#primaryimage","url":"https:\/\/ppdegalicia.com\/wp-content\/uploads\/2021\/05\/11e67df7a25e08580ba8f841a9716bdb.jpg","contentUrl":"https:\/\/ppdegalicia.com\/wp-content\/uploads\/2021\/05\/11e67df7a25e08580ba8f841a9716bdb.jpg","width":1900,"height":1267},{"@type":"BreadcrumbList","@id":"https:\/\/ppdegalicia.com\/es\/o-pleno-da-vindeira-semana-debatera-a-aprobacion-definitiva-da-proposicion-de-lei-de-recuperacion-da-terra-agraria\/#breadcrumb","itemListElement":[{"@type":"ListItem","position":1,"name":"Portada","item":"https:\/\/ppdegalicia.com\/es\/"},{"@type":"ListItem","position":2,"name":"O Pleno da vindeira semana debater\u00e1 a aprobaci\u00f3n definitiva da proposici\u00f3n de lei de recuperaci\u00f3n da terra agraria"}]},{"@type":"WebSite","@id":"https:\/\/ppdegalicia.com\/es\/#website","url":"https:\/\/ppdegalicia.com\/es\/","name":"Partido Popular de Galicia","description":"Partido Popular de Galicia","publisher":{"@id":"https:\/\/ppdegalicia.com\/es\/#organization"},"alternateName":"PP de Galicia","potentialAction":[{"@type":"SearchAction","target":{"@type":"EntryPoint","urlTemplate":"https:\/\/ppdegalicia.com\/es\/?s={search_term_string}"},"query-input":{"@type":"PropertyValueSpecification","valueRequired":true,"valueName":"search_term_string"}}],"inLanguage":"es"},{"@type":"Organization","@id":"https:\/\/ppdegalicia.com\/es\/#organization","name":"Partido Popular de Galicia","alternateName":"PP de Galicia","url":"https:\/\/ppdegalicia.com\/es\/","logo":{"@type":"ImageObject","inLanguage":"es","@id":"https:\/\/ppdegalicia.com\/es\/#\/schema\/logo\/image\/","url":"https:\/\/ppdegalicia.com\/wp-content\/uploads\/2023\/04\/logoPP512.png","contentUrl":"https:\/\/ppdegalicia.com\/wp-content\/uploads\/2023\/04\/logoPP512.png","width":512,"height":512,"caption":"Partido Popular de Galicia"},"image":{"@id":"https:\/\/ppdegalicia.com\/es\/#\/schema\/logo\/image\/"},"sameAs":["https:\/\/www.instagram.com\/ppdegalicia\/","https:\/\/x.com\/ppdegalicia","https:\/\/www.tiktok.com\/@ppdegalicia","https:\/\/www.youtube.com\/user\/ppdegalicia"]},{"@type":"Person","@id":"https:\/\/ppdegalicia.com\/es\/#\/schema\/person\/5b822c6f59e872ebdd1142f307dbcb59","name":"ppdegaliciaredes","image":{"@type":"ImageObject","inLanguage":"es","@id":"https:\/\/secure.gravatar.com\/avatar\/3c9179cf0256d00c72a48d1f25783c58b6842cd56e85ef3a572881c8e28ccd59?s=96&d=mm&r=g","url":"https:\/\/secure.gravatar.com\/avatar\/3c9179cf0256d00c72a48d1f25783c58b6842cd56e85ef3a572881c8e28ccd59?s=96&d=mm&r=g","contentUrl":"https:\/\/secure.gravatar.com\/avatar\/3c9179cf0256d00c72a48d1f25783c58b6842cd56e85ef3a572881c8e28ccd59?s=96&d=mm&r=g","caption":"ppdegaliciaredes"},"url":"https:\/\/ppdegalicia.com\/es\/author\/ppdegaliciaredes\/"}]}},"_links":{"self":[{"href":"https:\/\/ppdegalicia.com\/es\/wp-json\/wp\/v2\/posts\/55650","targetHints":{"allow":["GET"]}}],"collection":[{"href":"https:\/\/ppdegalicia.com\/es\/wp-json\/wp\/v2\/posts"}],"about":[{"href":"https:\/\/ppdegalicia.com\/es\/wp-json\/wp\/v2\/types\/post"}],"author":[{"embeddable":true,"href":"https:\/\/ppdegalicia.com\/es\/wp-json\/wp\/v2\/users\/38"}],"replies":[{"embeddable":true,"href":"https:\/\/ppdegalicia.com\/es\/wp-json\/wp\/v2\/comments?post=55650"}],"version-history":[{"count":0,"href":"https:\/\/ppdegalicia.com\/es\/wp-json\/wp\/v2\/posts\/55650\/revisions"}],"wp:featuredmedia":[{"embeddable":true,"href":"https:\/\/ppdegalicia.com\/es\/wp-json\/wp\/v2\/media\/55649"}],"wp:attachment":[{"href":"https:\/\/ppdegalicia.com\/es\/wp-json\/wp\/v2\/media?parent=55650"}],"wp:term":[{"taxonomy":"category","embeddable":true,"href":"https:\/\/ppdegalicia.com\/es\/wp-json\/wp\/v2\/categories?post=55650"},{"taxonomy":"post_tag","embeddable":true,"href":"https:\/\/ppdegalicia.com\/es\/wp-json\/wp\/v2\/tags?post=55650"}],"curies":[{"name":"wp","href":"https:\/\/api.w.org\/{rel}","templated":true}]}}