{"id":55666,"date":"2021-05-05T10:14:03","date_gmt":"2021-05-05T08:14:03","guid":{"rendered":"https:\/\/ppdegalicia.com\/o-parlamento-galego-demanda-ao-goberno-central-que-inclua-as-comunidades-autonomas-no-acordo-para-a-transicion-xusta\/"},"modified":"2021-05-05T10:14:03","modified_gmt":"2021-05-05T08:14:03","slug":"o-parlamento-galego-demanda-ao-goberno-central-que-inclua-as-comunidades-autonomas-no-acordo-para-a-transicion-xusta","status":"publish","type":"post","link":"https:\/\/ppdegalicia.com\/es\/o-parlamento-galego-demanda-ao-goberno-central-que-inclua-as-comunidades-autonomas-no-acordo-para-a-transicion-xusta\/","title":{"rendered":"O Parlamento galego demanda ao Goberno central que incl\u00faa \u00e1s comunidades aut\u00f3nomas no acordo para a transici\u00f3n xusta"},"content":{"rendered":"<p><img fetchpriority=\"high\" decoding=\"async\" class=\" size-full wp-image-55665\" src=\"https:\/\/ppdegalicia.com\/wp-content\/uploads\/2021\/05\/e1558d637684a3372f3ccd371f370699.jpg\" alt=\"\" width=\"1900\" height=\"1077\" srcset=\"https:\/\/ppdegalicia.com\/wp-content\/uploads\/2021\/05\/e1558d637684a3372f3ccd371f370699.jpg 1900w, https:\/\/ppdegalicia.com\/wp-content\/uploads\/2021\/05\/e1558d637684a3372f3ccd371f370699-300x170.jpg 300w, https:\/\/ppdegalicia.com\/wp-content\/uploads\/2021\/05\/e1558d637684a3372f3ccd371f370699-1024x580.jpg 1024w, https:\/\/ppdegalicia.com\/wp-content\/uploads\/2021\/05\/e1558d637684a3372f3ccd371f370699-768x435.jpg 768w, https:\/\/ppdegalicia.com\/wp-content\/uploads\/2021\/05\/e1558d637684a3372f3ccd371f370699-1536x871.jpg 1536w\" sizes=\"(max-width: 1900px) 100vw, 1900px\" \/><\/p>\n<p>Santiago, 4 de maio de 2021.- O Parlamento galego aprobou hoxe a proposici\u00f3n non de lei do Grupo Popular a trav\u00e9s da que se solicita ao Goberno de Espa\u00f1a que incl\u00faa aos gobernos das comunidades aut\u00f3nomas no acordo para a transici\u00f3n xusta, no que se atopan o Goberno central, os sindicatos e as empresas.<\/p>\n<p><!--more--><\/p>\n<p>\u201c\u00c9 inxustificable que non se tivese en conta \u00e1s administraci\u00f3ns auton\u00f3micas neste acordo, cando recolle \u00e1mbitos de actuaci\u00f3n de competencia das comunidades, como as pol\u00edticas activas de emprego\u201d, sinalou a deputada popular Marta N\u00f3voa.<\/p>\n<p>\u00a0<\/p>\n<p>O pasado m\u00e9rcores 24 de marzo, o Goberno central asinou con sindicatos e empresas o Acordo para a transici\u00f3n xusta das centrais t\u00e9rmicas en peche. \u201cResulta sorprendente que con milleiros de empregos en risco, tanto directos como indirectos, e co impacto socioecon\u00f3mico indiscutible nos concellos nos que se localizan as centrais e nas comarcas colindantes, o Goberno central decida que as comunidades aut\u00f3nomas queden exclu\u00eddas das decisi\u00f3ns que afectan ao futuro industrial do seu territorio\u201d, sinalou a deputada popular.<\/p>\n<p>\u00a0<\/p>\n<p>\u201cNo caso de Galicia, o Goberno de Pedro S\u00e1nchez autorizou o peche de Meirama sen ter alternativas sobre a mesa e agardamos que non faga o mesmo nas Pontes, onde defendemos que \u00e9 viable a continuidade da central e o mantemento dos postos de traballo mediante o uso de biocombustibles\u201d, afirmou.<\/p>\n<p>\u00a0<\/p>\n<p>Marta N\u00f3voa asegurou que \u201cestamos de acordo cunha transici\u00f3n enerx\u00e9tica en Espa\u00f1a, pero unha transici\u00f3n xusta na que exista unha transici\u00f3n laboral, de a\u00ed que desde o primeiro momento a xunta estivo a traballar intensamente na busca dunha soluci\u00f3n para As Pontes\u201d. As\u00ed, concretou que \u201ca soluci\u00f3n a curto prazo pasa polo uso de biocombustibles, que se demostrou que son t\u00e9cnica, mediambiental e economicamente viables\u201d.<\/p>\n<p>\u00a0<\/p>\n<p>\u201cE a medio e longo prazo haber\u00eda a oportunidade de desenvolver, co apoio dos fondos Next Generation, proxectos de transici\u00f3n xusta, como os atopados no Polo para a Transformaci\u00f3n de Galicia e que pasan pola construci\u00f3n dunha planta de hidr\u00f3xeno verde de 50 MW ampliados a 100 MW\u201d, apuntou.<\/p>\n","protected":false},"excerpt":{"rendered":"<p>Santiago, 4 de maio de 2021.- O Parlamento galego aprobou hoxe a proposici\u00f3n non de lei do Grupo Popular a trav\u00e9s da que se solicita ao Goberno de Espa\u00f1a que incl\u00faa aos gobernos das comunidades aut\u00f3nomas no acordo para a transici\u00f3n xusta, no que se atopan o Goberno central, os sindicatos e as empresas.<\/p>\n","protected":false},"author":38,"featured_media":55665,"comment_status":"open","ping_status":"open","sticky":false,"template":"","format":"standard","meta":{"_acf_changed":false,"footnotes":""},"categories":[1],"tags":[],"class_list":["post-55666","post","type-post","status-publish","format-standard","has-post-thumbnail","hentry","category-pp-de-galicia"],"acf":[],"yoast_head":"<!-- This site is optimized with the Yoast SEO plugin v27.3 - https:\/\/yoast.com\/product\/yoast-seo-wordpress\/ -->\n<title>O Parlamento galego demanda ao Goberno central que incl\u00faa \u00e1s comunidades aut\u00f3nomas no acordo para a transici\u00f3n xusta - PP de Galicia<\/title>\n<meta name=\"robots\" content=\"index, follow, max-snippet:-1, max-image-preview:large, max-video-preview:-1\" \/>\n<link rel=\"canonical\" href=\"https:\/\/ppdegalicia.com\/es\/o-parlamento-galego-demanda-ao-goberno-central-que-inclua-as-comunidades-autonomas-no-acordo-para-a-transicion-xusta\/\" \/>\n<meta property=\"og:locale\" content=\"es_ES\" \/>\n<meta property=\"og:type\" content=\"article\" \/>\n<meta property=\"og:title\" content=\"O Parlamento galego demanda ao Goberno central que incl\u00faa \u00e1s comunidades aut\u00f3nomas no acordo para a transici\u00f3n xusta - PP de Galicia\" \/>\n<meta property=\"og:description\" content=\"Santiago, 4 de maio de 2021.- O Parlamento galego aprobou hoxe a proposici\u00f3n non de lei do Grupo Popular a trav\u00e9s da que se solicita ao Goberno de Espa\u00f1a que incl\u00faa aos gobernos das comunidades aut\u00f3nomas no acordo para a transici\u00f3n xusta, no que se atopan o Goberno central, os sindicatos e as empresas.\" \/>\n<meta property=\"og:url\" content=\"https:\/\/ppdegalicia.com\/es\/o-parlamento-galego-demanda-ao-goberno-central-que-inclua-as-comunidades-autonomas-no-acordo-para-a-transicion-xusta\/\" \/>\n<meta property=\"og:site_name\" content=\"PP de Galicia\" \/>\n<meta property=\"article:publisher\" content=\"https:\/\/www.instagram.com\/ppdegalicia\/\" \/>\n<meta property=\"article:published_time\" content=\"2021-05-05T08:14:03+00:00\" \/>\n<meta property=\"og:image\" content=\"https:\/\/ppdegalicia.com\/wp-content\/uploads\/2021\/05\/e1558d637684a3372f3ccd371f370699.jpg\" \/>\n\t<meta property=\"og:image:width\" content=\"1900\" \/>\n\t<meta property=\"og:image:height\" content=\"1077\" \/>\n\t<meta property=\"og:image:type\" content=\"image\/jpeg\" \/>\n<meta name=\"author\" content=\"ppdegaliciaredes\" \/>\n<meta name=\"twitter:card\" content=\"summary_large_image\" \/>\n<meta name=\"twitter:creator\" content=\"@ppdegalicia\" \/>\n<meta name=\"twitter:site\" content=\"@ppdegalicia\" \/>\n<meta name=\"twitter:label1\" content=\"Escrito por\" \/>\n\t<meta name=\"twitter:data1\" content=\"ppdegaliciaredes\" \/>\n\t<meta name=\"twitter:label2\" content=\"Tiempo de lectura\" \/>\n\t<meta name=\"twitter:data2\" content=\"2 minutos\" \/>\n<script type=\"application\/ld+json\" class=\"yoast-schema-graph\">{\"@context\":\"https:\\\/\\\/schema.org\",\"@graph\":[{\"@type\":\"Article\",\"@id\":\"https:\\\/\\\/ppdegalicia.com\\\/es\\\/o-parlamento-galego-demanda-ao-goberno-central-que-inclua-as-comunidades-autonomas-no-acordo-para-a-transicion-xusta\\\/#article\",\"isPartOf\":{\"@id\":\"https:\\\/\\\/ppdegalicia.com\\\/es\\\/o-parlamento-galego-demanda-ao-goberno-central-que-inclua-as-comunidades-autonomas-no-acordo-para-a-transicion-xusta\\\/\"},\"author\":{\"name\":\"ppdegaliciaredes\",\"@id\":\"https:\\\/\\\/ppdegalicia.com\\\/es\\\/#\\\/schema\\\/person\\\/5b822c6f59e872ebdd1142f307dbcb59\"},\"headline\":\"O Parlamento galego demanda ao Goberno central que incl\u00faa \u00e1s comunidades aut\u00f3nomas no acordo para a transici\u00f3n xusta\",\"datePublished\":\"2021-05-05T08:14:03+00:00\",\"mainEntityOfPage\":{\"@id\":\"https:\\\/\\\/ppdegalicia.com\\\/es\\\/o-parlamento-galego-demanda-ao-goberno-central-que-inclua-as-comunidades-autonomas-no-acordo-para-a-transicion-xusta\\\/\"},\"wordCount\":380,\"commentCount\":0,\"publisher\":{\"@id\":\"https:\\\/\\\/ppdegalicia.com\\\/es\\\/#organization\"},\"image\":{\"@id\":\"https:\\\/\\\/ppdegalicia.com\\\/es\\\/o-parlamento-galego-demanda-ao-goberno-central-que-inclua-as-comunidades-autonomas-no-acordo-para-a-transicion-xusta\\\/#primaryimage\"},\"thumbnailUrl\":\"https:\\\/\\\/ppdegalicia.com\\\/wp-content\\\/uploads\\\/2021\\\/05\\\/e1558d637684a3372f3ccd371f370699.jpg\",\"articleSection\":[\"PP de Galicia\"],\"inLanguage\":\"es\",\"potentialAction\":[{\"@type\":\"CommentAction\",\"name\":\"Comment\",\"target\":[\"https:\\\/\\\/ppdegalicia.com\\\/es\\\/o-parlamento-galego-demanda-ao-goberno-central-que-inclua-as-comunidades-autonomas-no-acordo-para-a-transicion-xusta\\\/#respond\"]}]},{\"@type\":\"WebPage\",\"@id\":\"https:\\\/\\\/ppdegalicia.com\\\/es\\\/o-parlamento-galego-demanda-ao-goberno-central-que-inclua-as-comunidades-autonomas-no-acordo-para-a-transicion-xusta\\\/\",\"url\":\"https:\\\/\\\/ppdegalicia.com\\\/es\\\/o-parlamento-galego-demanda-ao-goberno-central-que-inclua-as-comunidades-autonomas-no-acordo-para-a-transicion-xusta\\\/\",\"name\":\"O Parlamento galego demanda ao Goberno central que incl\u00faa \u00e1s comunidades aut\u00f3nomas no acordo para a transici\u00f3n xusta - PP de Galicia\",\"isPartOf\":{\"@id\":\"https:\\\/\\\/ppdegalicia.com\\\/es\\\/#website\"},\"primaryImageOfPage\":{\"@id\":\"https:\\\/\\\/ppdegalicia.com\\\/es\\\/o-parlamento-galego-demanda-ao-goberno-central-que-inclua-as-comunidades-autonomas-no-acordo-para-a-transicion-xusta\\\/#primaryimage\"},\"image\":{\"@id\":\"https:\\\/\\\/ppdegalicia.com\\\/es\\\/o-parlamento-galego-demanda-ao-goberno-central-que-inclua-as-comunidades-autonomas-no-acordo-para-a-transicion-xusta\\\/#primaryimage\"},\"thumbnailUrl\":\"https:\\\/\\\/ppdegalicia.com\\\/wp-content\\\/uploads\\\/2021\\\/05\\\/e1558d637684a3372f3ccd371f370699.jpg\",\"datePublished\":\"2021-05-05T08:14:03+00:00\",\"breadcrumb\":{\"@id\":\"https:\\\/\\\/ppdegalicia.com\\\/es\\\/o-parlamento-galego-demanda-ao-goberno-central-que-inclua-as-comunidades-autonomas-no-acordo-para-a-transicion-xusta\\\/#breadcrumb\"},\"inLanguage\":\"es\",\"potentialAction\":[{\"@type\":\"ReadAction\",\"target\":[\"https:\\\/\\\/ppdegalicia.com\\\/es\\\/o-parlamento-galego-demanda-ao-goberno-central-que-inclua-as-comunidades-autonomas-no-acordo-para-a-transicion-xusta\\\/\"]}]},{\"@type\":\"ImageObject\",\"inLanguage\":\"es\",\"@id\":\"https:\\\/\\\/ppdegalicia.com\\\/es\\\/o-parlamento-galego-demanda-ao-goberno-central-que-inclua-as-comunidades-autonomas-no-acordo-para-a-transicion-xusta\\\/#primaryimage\",\"url\":\"https:\\\/\\\/ppdegalicia.com\\\/wp-content\\\/uploads\\\/2021\\\/05\\\/e1558d637684a3372f3ccd371f370699.jpg\",\"contentUrl\":\"https:\\\/\\\/ppdegalicia.com\\\/wp-content\\\/uploads\\\/2021\\\/05\\\/e1558d637684a3372f3ccd371f370699.jpg\",\"width\":1900,\"height\":1077},{\"@type\":\"BreadcrumbList\",\"@id\":\"https:\\\/\\\/ppdegalicia.com\\\/es\\\/o-parlamento-galego-demanda-ao-goberno-central-que-inclua-as-comunidades-autonomas-no-acordo-para-a-transicion-xusta\\\/#breadcrumb\",\"itemListElement\":[{\"@type\":\"ListItem\",\"position\":1,\"name\":\"Portada\",\"item\":\"https:\\\/\\\/ppdegalicia.com\\\/es\\\/\"},{\"@type\":\"ListItem\",\"position\":2,\"name\":\"O Parlamento galego demanda ao Goberno central que incl\u00faa \u00e1s comunidades aut\u00f3nomas no acordo para a transici\u00f3n xusta\"}]},{\"@type\":\"WebSite\",\"@id\":\"https:\\\/\\\/ppdegalicia.com\\\/es\\\/#website\",\"url\":\"https:\\\/\\\/ppdegalicia.com\\\/es\\\/\",\"name\":\"Partido Popular de Galicia\",\"description\":\"Partido Popular de Galicia\",\"publisher\":{\"@id\":\"https:\\\/\\\/ppdegalicia.com\\\/es\\\/#organization\"},\"alternateName\":\"PP de Galicia\",\"potentialAction\":[{\"@type\":\"SearchAction\",\"target\":{\"@type\":\"EntryPoint\",\"urlTemplate\":\"https:\\\/\\\/ppdegalicia.com\\\/es\\\/?s={search_term_string}\"},\"query-input\":{\"@type\":\"PropertyValueSpecification\",\"valueRequired\":true,\"valueName\":\"search_term_string\"}}],\"inLanguage\":\"es\"},{\"@type\":\"Organization\",\"@id\":\"https:\\\/\\\/ppdegalicia.com\\\/es\\\/#organization\",\"name\":\"Partido Popular de Galicia\",\"alternateName\":\"PP de Galicia\",\"url\":\"https:\\\/\\\/ppdegalicia.com\\\/es\\\/\",\"logo\":{\"@type\":\"ImageObject\",\"inLanguage\":\"es\",\"@id\":\"https:\\\/\\\/ppdegalicia.com\\\/es\\\/#\\\/schema\\\/logo\\\/image\\\/\",\"url\":\"https:\\\/\\\/ppdegalicia.com\\\/wp-content\\\/uploads\\\/2023\\\/04\\\/logoPP512.png\",\"contentUrl\":\"https:\\\/\\\/ppdegalicia.com\\\/wp-content\\\/uploads\\\/2023\\\/04\\\/logoPP512.png\",\"width\":512,\"height\":512,\"caption\":\"Partido Popular de Galicia\"},\"image\":{\"@id\":\"https:\\\/\\\/ppdegalicia.com\\\/es\\\/#\\\/schema\\\/logo\\\/image\\\/\"},\"sameAs\":[\"https:\\\/\\\/www.instagram.com\\\/ppdegalicia\\\/\",\"https:\\\/\\\/x.com\\\/ppdegalicia\",\"https:\\\/\\\/www.tiktok.com\\\/@ppdegalicia\",\"https:\\\/\\\/www.youtube.com\\\/user\\\/ppdegalicia\"]},{\"@type\":\"Person\",\"@id\":\"https:\\\/\\\/ppdegalicia.com\\\/es\\\/#\\\/schema\\\/person\\\/5b822c6f59e872ebdd1142f307dbcb59\",\"name\":\"ppdegaliciaredes\",\"image\":{\"@type\":\"ImageObject\",\"inLanguage\":\"es\",\"@id\":\"https:\\\/\\\/secure.gravatar.com\\\/avatar\\\/3c9179cf0256d00c72a48d1f25783c58b6842cd56e85ef3a572881c8e28ccd59?s=96&d=mm&r=g\",\"url\":\"https:\\\/\\\/secure.gravatar.com\\\/avatar\\\/3c9179cf0256d00c72a48d1f25783c58b6842cd56e85ef3a572881c8e28ccd59?s=96&d=mm&r=g\",\"contentUrl\":\"https:\\\/\\\/secure.gravatar.com\\\/avatar\\\/3c9179cf0256d00c72a48d1f25783c58b6842cd56e85ef3a572881c8e28ccd59?s=96&d=mm&r=g\",\"caption\":\"ppdegaliciaredes\"},\"url\":\"https:\\\/\\\/ppdegalicia.com\\\/es\\\/author\\\/ppdegaliciaredes\\\/\"}]}<\/script>\n<!-- \/ Yoast SEO plugin. -->","yoast_head_json":{"title":"O Parlamento galego demanda ao Goberno central que incl\u00faa \u00e1s comunidades aut\u00f3nomas no acordo para a transici\u00f3n xusta - PP de Galicia","robots":{"index":"index","follow":"follow","max-snippet":"max-snippet:-1","max-image-preview":"max-image-preview:large","max-video-preview":"max-video-preview:-1"},"canonical":"https:\/\/ppdegalicia.com\/es\/o-parlamento-galego-demanda-ao-goberno-central-que-inclua-as-comunidades-autonomas-no-acordo-para-a-transicion-xusta\/","og_locale":"es_ES","og_type":"article","og_title":"O Parlamento galego demanda ao Goberno central que incl\u00faa \u00e1s comunidades aut\u00f3nomas no acordo para a transici\u00f3n xusta - PP de Galicia","og_description":"Santiago, 4 de maio de 2021.- O Parlamento galego aprobou hoxe a proposici\u00f3n non de lei do Grupo Popular a trav\u00e9s da que se solicita ao Goberno de Espa\u00f1a que incl\u00faa aos gobernos das comunidades aut\u00f3nomas no acordo para a transici\u00f3n xusta, no que se atopan o Goberno central, os sindicatos e as empresas.","og_url":"https:\/\/ppdegalicia.com\/es\/o-parlamento-galego-demanda-ao-goberno-central-que-inclua-as-comunidades-autonomas-no-acordo-para-a-transicion-xusta\/","og_site_name":"PP de Galicia","article_publisher":"https:\/\/www.instagram.com\/ppdegalicia\/","article_published_time":"2021-05-05T08:14:03+00:00","og_image":[{"width":1900,"height":1077,"url":"https:\/\/ppdegalicia.com\/wp-content\/uploads\/2021\/05\/e1558d637684a3372f3ccd371f370699.jpg","type":"image\/jpeg"}],"author":"ppdegaliciaredes","twitter_card":"summary_large_image","twitter_creator":"@ppdegalicia","twitter_site":"@ppdegalicia","twitter_misc":{"Escrito por":"ppdegaliciaredes","Tiempo de lectura":"2 minutos"},"schema":{"@context":"https:\/\/schema.org","@graph":[{"@type":"Article","@id":"https:\/\/ppdegalicia.com\/es\/o-parlamento-galego-demanda-ao-goberno-central-que-inclua-as-comunidades-autonomas-no-acordo-para-a-transicion-xusta\/#article","isPartOf":{"@id":"https:\/\/ppdegalicia.com\/es\/o-parlamento-galego-demanda-ao-goberno-central-que-inclua-as-comunidades-autonomas-no-acordo-para-a-transicion-xusta\/"},"author":{"name":"ppdegaliciaredes","@id":"https:\/\/ppdegalicia.com\/es\/#\/schema\/person\/5b822c6f59e872ebdd1142f307dbcb59"},"headline":"O Parlamento galego demanda ao Goberno central que incl\u00faa \u00e1s comunidades aut\u00f3nomas no acordo para a transici\u00f3n xusta","datePublished":"2021-05-05T08:14:03+00:00","mainEntityOfPage":{"@id":"https:\/\/ppdegalicia.com\/es\/o-parlamento-galego-demanda-ao-goberno-central-que-inclua-as-comunidades-autonomas-no-acordo-para-a-transicion-xusta\/"},"wordCount":380,"commentCount":0,"publisher":{"@id":"https:\/\/ppdegalicia.com\/es\/#organization"},"image":{"@id":"https:\/\/ppdegalicia.com\/es\/o-parlamento-galego-demanda-ao-goberno-central-que-inclua-as-comunidades-autonomas-no-acordo-para-a-transicion-xusta\/#primaryimage"},"thumbnailUrl":"https:\/\/ppdegalicia.com\/wp-content\/uploads\/2021\/05\/e1558d637684a3372f3ccd371f370699.jpg","articleSection":["PP de Galicia"],"inLanguage":"es","potentialAction":[{"@type":"CommentAction","name":"Comment","target":["https:\/\/ppdegalicia.com\/es\/o-parlamento-galego-demanda-ao-goberno-central-que-inclua-as-comunidades-autonomas-no-acordo-para-a-transicion-xusta\/#respond"]}]},{"@type":"WebPage","@id":"https:\/\/ppdegalicia.com\/es\/o-parlamento-galego-demanda-ao-goberno-central-que-inclua-as-comunidades-autonomas-no-acordo-para-a-transicion-xusta\/","url":"https:\/\/ppdegalicia.com\/es\/o-parlamento-galego-demanda-ao-goberno-central-que-inclua-as-comunidades-autonomas-no-acordo-para-a-transicion-xusta\/","name":"O Parlamento galego demanda ao Goberno central que incl\u00faa \u00e1s comunidades aut\u00f3nomas no acordo para a transici\u00f3n xusta - PP de Galicia","isPartOf":{"@id":"https:\/\/ppdegalicia.com\/es\/#website"},"primaryImageOfPage":{"@id":"https:\/\/ppdegalicia.com\/es\/o-parlamento-galego-demanda-ao-goberno-central-que-inclua-as-comunidades-autonomas-no-acordo-para-a-transicion-xusta\/#primaryimage"},"image":{"@id":"https:\/\/ppdegalicia.com\/es\/o-parlamento-galego-demanda-ao-goberno-central-que-inclua-as-comunidades-autonomas-no-acordo-para-a-transicion-xusta\/#primaryimage"},"thumbnailUrl":"https:\/\/ppdegalicia.com\/wp-content\/uploads\/2021\/05\/e1558d637684a3372f3ccd371f370699.jpg","datePublished":"2021-05-05T08:14:03+00:00","breadcrumb":{"@id":"https:\/\/ppdegalicia.com\/es\/o-parlamento-galego-demanda-ao-goberno-central-que-inclua-as-comunidades-autonomas-no-acordo-para-a-transicion-xusta\/#breadcrumb"},"inLanguage":"es","potentialAction":[{"@type":"ReadAction","target":["https:\/\/ppdegalicia.com\/es\/o-parlamento-galego-demanda-ao-goberno-central-que-inclua-as-comunidades-autonomas-no-acordo-para-a-transicion-xusta\/"]}]},{"@type":"ImageObject","inLanguage":"es","@id":"https:\/\/ppdegalicia.com\/es\/o-parlamento-galego-demanda-ao-goberno-central-que-inclua-as-comunidades-autonomas-no-acordo-para-a-transicion-xusta\/#primaryimage","url":"https:\/\/ppdegalicia.com\/wp-content\/uploads\/2021\/05\/e1558d637684a3372f3ccd371f370699.jpg","contentUrl":"https:\/\/ppdegalicia.com\/wp-content\/uploads\/2021\/05\/e1558d637684a3372f3ccd371f370699.jpg","width":1900,"height":1077},{"@type":"BreadcrumbList","@id":"https:\/\/ppdegalicia.com\/es\/o-parlamento-galego-demanda-ao-goberno-central-que-inclua-as-comunidades-autonomas-no-acordo-para-a-transicion-xusta\/#breadcrumb","itemListElement":[{"@type":"ListItem","position":1,"name":"Portada","item":"https:\/\/ppdegalicia.com\/es\/"},{"@type":"ListItem","position":2,"name":"O Parlamento galego demanda ao Goberno central que incl\u00faa \u00e1s comunidades aut\u00f3nomas no acordo para a transici\u00f3n xusta"}]},{"@type":"WebSite","@id":"https:\/\/ppdegalicia.com\/es\/#website","url":"https:\/\/ppdegalicia.com\/es\/","name":"Partido Popular de Galicia","description":"Partido Popular de Galicia","publisher":{"@id":"https:\/\/ppdegalicia.com\/es\/#organization"},"alternateName":"PP de Galicia","potentialAction":[{"@type":"SearchAction","target":{"@type":"EntryPoint","urlTemplate":"https:\/\/ppdegalicia.com\/es\/?s={search_term_string}"},"query-input":{"@type":"PropertyValueSpecification","valueRequired":true,"valueName":"search_term_string"}}],"inLanguage":"es"},{"@type":"Organization","@id":"https:\/\/ppdegalicia.com\/es\/#organization","name":"Partido Popular de Galicia","alternateName":"PP de Galicia","url":"https:\/\/ppdegalicia.com\/es\/","logo":{"@type":"ImageObject","inLanguage":"es","@id":"https:\/\/ppdegalicia.com\/es\/#\/schema\/logo\/image\/","url":"https:\/\/ppdegalicia.com\/wp-content\/uploads\/2023\/04\/logoPP512.png","contentUrl":"https:\/\/ppdegalicia.com\/wp-content\/uploads\/2023\/04\/logoPP512.png","width":512,"height":512,"caption":"Partido Popular de Galicia"},"image":{"@id":"https:\/\/ppdegalicia.com\/es\/#\/schema\/logo\/image\/"},"sameAs":["https:\/\/www.instagram.com\/ppdegalicia\/","https:\/\/x.com\/ppdegalicia","https:\/\/www.tiktok.com\/@ppdegalicia","https:\/\/www.youtube.com\/user\/ppdegalicia"]},{"@type":"Person","@id":"https:\/\/ppdegalicia.com\/es\/#\/schema\/person\/5b822c6f59e872ebdd1142f307dbcb59","name":"ppdegaliciaredes","image":{"@type":"ImageObject","inLanguage":"es","@id":"https:\/\/secure.gravatar.com\/avatar\/3c9179cf0256d00c72a48d1f25783c58b6842cd56e85ef3a572881c8e28ccd59?s=96&d=mm&r=g","url":"https:\/\/secure.gravatar.com\/avatar\/3c9179cf0256d00c72a48d1f25783c58b6842cd56e85ef3a572881c8e28ccd59?s=96&d=mm&r=g","contentUrl":"https:\/\/secure.gravatar.com\/avatar\/3c9179cf0256d00c72a48d1f25783c58b6842cd56e85ef3a572881c8e28ccd59?s=96&d=mm&r=g","caption":"ppdegaliciaredes"},"url":"https:\/\/ppdegalicia.com\/es\/author\/ppdegaliciaredes\/"}]}},"_links":{"self":[{"href":"https:\/\/ppdegalicia.com\/es\/wp-json\/wp\/v2\/posts\/55666","targetHints":{"allow":["GET"]}}],"collection":[{"href":"https:\/\/ppdegalicia.com\/es\/wp-json\/wp\/v2\/posts"}],"about":[{"href":"https:\/\/ppdegalicia.com\/es\/wp-json\/wp\/v2\/types\/post"}],"author":[{"embeddable":true,"href":"https:\/\/ppdegalicia.com\/es\/wp-json\/wp\/v2\/users\/38"}],"replies":[{"embeddable":true,"href":"https:\/\/ppdegalicia.com\/es\/wp-json\/wp\/v2\/comments?post=55666"}],"version-history":[{"count":0,"href":"https:\/\/ppdegalicia.com\/es\/wp-json\/wp\/v2\/posts\/55666\/revisions"}],"wp:featuredmedia":[{"embeddable":true,"href":"https:\/\/ppdegalicia.com\/es\/wp-json\/wp\/v2\/media\/55665"}],"wp:attachment":[{"href":"https:\/\/ppdegalicia.com\/es\/wp-json\/wp\/v2\/media?parent=55666"}],"wp:term":[{"taxonomy":"category","embeddable":true,"href":"https:\/\/ppdegalicia.com\/es\/wp-json\/wp\/v2\/categories?post=55666"},{"taxonomy":"post_tag","embeddable":true,"href":"https:\/\/ppdegalicia.com\/es\/wp-json\/wp\/v2\/tags?post=55666"}],"curies":[{"name":"wp","href":"https:\/\/api.w.org\/{rel}","templated":true}]}}