{"id":55676,"date":"2021-05-05T12:03:21","date_gmt":"2021-05-05T10:03:21","guid":{"rendered":"https:\/\/ppdegalicia.com\/tellado-galicia-dotouse-nas-urnas-da-ferramenta-mais-eficaz-contra-o-desemprego-a-estabilidade-politica\/"},"modified":"2021-05-05T12:03:21","modified_gmt":"2021-05-05T10:03:21","slug":"tellado-galicia-dotouse-nas-urnas-da-ferramenta-mais-eficaz-contra-o-desemprego-a-estabilidade-politica","status":"publish","type":"post","link":"https:\/\/ppdegalicia.com\/es\/tellado-galicia-dotouse-nas-urnas-da-ferramenta-mais-eficaz-contra-o-desemprego-a-estabilidade-politica\/","title":{"rendered":"Tellado: \u201cGalicia dotouse nas urnas da ferramenta m\u00e1is eficaz contra o desemprego: a estabilidade pol\u00edtica\u201d"},"content":{"rendered":"<p><img fetchpriority=\"high\" decoding=\"async\" class=\" size-full wp-image-55675\" src=\"https:\/\/ppdegalicia.com\/wp-content\/uploads\/2021\/05\/f07d5047bdfa0c2580b3276fb0b042f4.jpg\" alt=\"\" width=\"2048\" height=\"1365\" srcset=\"https:\/\/ppdegalicia.com\/wp-content\/uploads\/2021\/05\/f07d5047bdfa0c2580b3276fb0b042f4.jpg 2048w, https:\/\/ppdegalicia.com\/wp-content\/uploads\/2021\/05\/f07d5047bdfa0c2580b3276fb0b042f4-300x200.jpg 300w, https:\/\/ppdegalicia.com\/wp-content\/uploads\/2021\/05\/f07d5047bdfa0c2580b3276fb0b042f4-1024x683.jpg 1024w, https:\/\/ppdegalicia.com\/wp-content\/uploads\/2021\/05\/f07d5047bdfa0c2580b3276fb0b042f4-768x512.jpg 768w, https:\/\/ppdegalicia.com\/wp-content\/uploads\/2021\/05\/f07d5047bdfa0c2580b3276fb0b042f4-1536x1024.jpg 1536w\" sizes=\"(max-width: 2048px) 100vw, 2048px\" \/><\/p>\n<p style=\"text-align: justify;\">A Comunidade lidera a ca\u00edda do paro a nivel anual e mensual cun comportamento mellor que o rexistrado no conxunto do Estado<\/p>\n<p><!--more--><\/p>\n<p style=\"text-align: justify;\">O secretario xeral do PPdeG, Miguel Tellado, destacou que a Comunidade cree emprego e que lidere a ca\u00edda do paro a nivel anual e mensual cun comportamento mellor que o rexistrado no conxunto do Estado. \u201cGalicia\u00a0 dotouse nas urnas da ferramenta m\u00e1is eficaz na loita contra o desemprego: a estabilidade pol\u00edtica\u201d, aseverou.<\/p>\n<p style=\"text-align: justify;\">\u00a0<\/p>\n<p style=\"text-align: justify;\">\u201cConseguimos inverter a tendencia negativa do ano pasado e o noso mercado laboral resiste \u00e1 COVID-19\u201d, recalcou po\u00f1endo en valor que, con respecto a abril de 2020 -que marca o impacto inicial da crise sanitaria-, temos 20.851 parados menos.<\/p>\n<p style=\"text-align: justify;\">\u00a0<\/p>\n<p style=\"text-align: justify;\">Tal e como indican as cifras de desemprego publicadas esta ma\u00f1\u00e1, en termos anuais e mensuais o paro descende en todos os sectores de actividade, nas catro provincias, nas sete grandes cidades e nos principais colectivos prioritarios e, pola s\u00faa banda, a contrataci\u00f3n en xeral tam\u00e9n aumenta. Ademais, na comparativa con Espa\u00f1a, con respecto ao pasado mes a baixada na Comunidade supera \u00e1 rexistrada no Estado en 4,51 puntos e, en relaci\u00f3n a hai un ano, o desemprego descende en Galicia un 10,88% mentres aumenta no conxunto do pa\u00eds un 2,07%.<\/p>\n<p style=\"text-align: justify;\">\u00a0<\/p>\n<p style=\"text-align: justify;\"><strong><u>CENTRADOS NO QUE IMPORTA<\/u><\/strong><\/p>\n<p style=\"text-align: justify;\">\u201cA estabilidade da Xunta non \u00e9 un slogan, \u00e9 unha realidade que d\u00e1 resultados como os que reflicten os datos do paro\u201d, dixo explicando que os cidad\u00e1ns son cada vez m\u00e1is conscientes de que a mellor receita para mellorar o emprego e xestionar a econom\u00eda e os nosos servizos p\u00fablicos \u00e9 un executivo estable, que poida centrarse no importante. \u201cAs\u00ed o demostraron nas elecci\u00f3ns galegas e as\u00ed o fixeron de novo onte en Madrid porque non \u00e9 tempo de experimentos. Neces\u00edtase rigor e seriedade e iso \u00e9 o que ofrecen os gobernos do Partido Popular\u201d, resaltou.<\/p>\n<p style=\"text-align: justify;\"><strong>\u00a0<\/strong><\/p>\n<p style=\"text-align: justify;\"><strong><u>AXUDAS DIRECTAS E IMPULSO AO EMPREGO E \u00c1 FORMACI\u00d3N <\/u><\/strong><\/p>\n<p style=\"text-align: justify;\">O n\u00famero dous do PPdeG insistiu en que os datos do paro demostran que as medidas que est\u00e1 implantando a Administraci\u00f3n auton\u00f3mica est\u00e1n dando os seus froitos polo que a Xunta continuar\u00e1 traballando na mesma li\u00f1a: inxectando liquidez ao tecido empresarial a trav\u00e9s de axudas directas e po\u00f1endo en marcha programas de impulso ao emprego e \u00e1 formaci\u00f3n para continuar reactivando o mercado laboral.<\/p>\n<p style=\"text-align: justify;\">\u00a0<\/p>\n<p style=\"text-align: justify;\">C\u00f3mpre lembrar que o Executivo de Alberto N\u00fa\u00f1ez Feij\u00f3o ampliou en 21 mill\u00f3ns de euros -acadando un total de 96 mill\u00f3ns- o 2\u00ba Plan de Rescate para apoiar\u00a0 a todos os establecementos que cumpriron cos requisitos e apoiar a s\u00faa viabilidade. Mobiliz\u00e1ronse as\u00ed, en seis meses, 182 mill\u00f3ns de euros e xa se est\u00e1 elaborando un terceiro Plan que se activar\u00e1 en canto o Estado decida transferir os cartos.<\/p>\n<p style=\"text-align: justify;\">\u00a0<\/p>\n<p style=\"text-align: justify;\">As\u00ed mesmo, xa est\u00e1 publicado no DOG un paquete de axudas dotado con 16,2 mill\u00f3ns de euros para apoiar a contrataci\u00f3n de 1.800 persoas sen emprego nos concellos galegos e tam\u00e9n est\u00e1 aberto o prazo de inscrici\u00f3n para optar \u00e1s axudas coas que a Xunta reforza a formaci\u00f3n dirixida a persoas desempregadas, cun investimento de 44,3 mill\u00f3ns de euros para cualificar a 16.600 persoas a trav\u00e9s de m\u00e1is de 1.100 cursos.<\/p>\n<p style=\"text-align: justify;\">\u00a0<\/p>\n<p style=\"text-align: justify;\">\u00a0<\/p>\n","protected":false},"excerpt":{"rendered":"<p>A Comunidade lidera a ca\u00edda do paro a nivel anual e mensual cun comportamento mellor que o rexistrado no conxunto do Estado<\/p>\n","protected":false},"author":38,"featured_media":55675,"comment_status":"open","ping_status":"open","sticky":false,"template":"","format":"standard","meta":{"_acf_changed":false,"footnotes":""},"categories":[1],"tags":[],"class_list":["post-55676","post","type-post","status-publish","format-standard","has-post-thumbnail","hentry","category-pp-de-galicia"],"acf":[],"yoast_head":"<!-- This site is optimized with the Yoast SEO plugin v27.3 - https:\/\/yoast.com\/product\/yoast-seo-wordpress\/ -->\n<title>Tellado: \u201cGalicia dotouse nas urnas da ferramenta m\u00e1is eficaz contra o desemprego: a estabilidade pol\u00edtica\u201d - PP de Galicia<\/title>\n<meta name=\"robots\" content=\"index, follow, max-snippet:-1, max-image-preview:large, max-video-preview:-1\" \/>\n<link rel=\"canonical\" href=\"https:\/\/ppdegalicia.com\/es\/tellado-galicia-dotouse-nas-urnas-da-ferramenta-mais-eficaz-contra-o-desemprego-a-estabilidade-politica\/\" \/>\n<meta property=\"og:locale\" content=\"es_ES\" \/>\n<meta property=\"og:type\" content=\"article\" \/>\n<meta property=\"og:title\" content=\"Tellado: \u201cGalicia dotouse nas urnas da ferramenta m\u00e1is eficaz contra o desemprego: a estabilidade pol\u00edtica\u201d - PP de Galicia\" \/>\n<meta property=\"og:description\" content=\"A Comunidade lidera a ca\u00edda do paro a nivel anual e mensual cun comportamento mellor que o rexistrado no conxunto do Estado\" \/>\n<meta property=\"og:url\" content=\"https:\/\/ppdegalicia.com\/es\/tellado-galicia-dotouse-nas-urnas-da-ferramenta-mais-eficaz-contra-o-desemprego-a-estabilidade-politica\/\" \/>\n<meta property=\"og:site_name\" content=\"PP de Galicia\" \/>\n<meta property=\"article:publisher\" content=\"https:\/\/www.instagram.com\/ppdegalicia\/\" \/>\n<meta property=\"article:published_time\" content=\"2021-05-05T10:03:21+00:00\" \/>\n<meta property=\"og:image\" content=\"https:\/\/ppdegalicia.com\/wp-content\/uploads\/2021\/05\/f07d5047bdfa0c2580b3276fb0b042f4.jpg\" \/>\n\t<meta property=\"og:image:width\" content=\"2048\" \/>\n\t<meta property=\"og:image:height\" content=\"1365\" \/>\n\t<meta property=\"og:image:type\" content=\"image\/jpeg\" \/>\n<meta name=\"author\" content=\"ppdegaliciaredes\" \/>\n<meta name=\"twitter:card\" content=\"summary_large_image\" \/>\n<meta name=\"twitter:creator\" content=\"@ppdegalicia\" \/>\n<meta name=\"twitter:site\" content=\"@ppdegalicia\" \/>\n<meta name=\"twitter:label1\" content=\"Escrito por\" \/>\n\t<meta name=\"twitter:data1\" content=\"ppdegaliciaredes\" \/>\n\t<meta name=\"twitter:label2\" content=\"Tiempo de lectura\" \/>\n\t<meta name=\"twitter:data2\" content=\"3 minutos\" \/>\n<script type=\"application\/ld+json\" class=\"yoast-schema-graph\">{\"@context\":\"https:\\\/\\\/schema.org\",\"@graph\":[{\"@type\":\"Article\",\"@id\":\"https:\\\/\\\/ppdegalicia.com\\\/es\\\/tellado-galicia-dotouse-nas-urnas-da-ferramenta-mais-eficaz-contra-o-desemprego-a-estabilidade-politica\\\/#article\",\"isPartOf\":{\"@id\":\"https:\\\/\\\/ppdegalicia.com\\\/es\\\/tellado-galicia-dotouse-nas-urnas-da-ferramenta-mais-eficaz-contra-o-desemprego-a-estabilidade-politica\\\/\"},\"author\":{\"name\":\"ppdegaliciaredes\",\"@id\":\"https:\\\/\\\/ppdegalicia.com\\\/es\\\/#\\\/schema\\\/person\\\/5b822c6f59e872ebdd1142f307dbcb59\"},\"headline\":\"Tellado: \u201cGalicia dotouse nas urnas da ferramenta m\u00e1is eficaz contra o desemprego: a estabilidade pol\u00edtica\u201d\",\"datePublished\":\"2021-05-05T10:03:21+00:00\",\"mainEntityOfPage\":{\"@id\":\"https:\\\/\\\/ppdegalicia.com\\\/es\\\/tellado-galicia-dotouse-nas-urnas-da-ferramenta-mais-eficaz-contra-o-desemprego-a-estabilidade-politica\\\/\"},\"wordCount\":553,\"commentCount\":0,\"publisher\":{\"@id\":\"https:\\\/\\\/ppdegalicia.com\\\/es\\\/#organization\"},\"image\":{\"@id\":\"https:\\\/\\\/ppdegalicia.com\\\/es\\\/tellado-galicia-dotouse-nas-urnas-da-ferramenta-mais-eficaz-contra-o-desemprego-a-estabilidade-politica\\\/#primaryimage\"},\"thumbnailUrl\":\"https:\\\/\\\/ppdegalicia.com\\\/wp-content\\\/uploads\\\/2021\\\/05\\\/f07d5047bdfa0c2580b3276fb0b042f4.jpg\",\"articleSection\":[\"PP de Galicia\"],\"inLanguage\":\"es\",\"potentialAction\":[{\"@type\":\"CommentAction\",\"name\":\"Comment\",\"target\":[\"https:\\\/\\\/ppdegalicia.com\\\/es\\\/tellado-galicia-dotouse-nas-urnas-da-ferramenta-mais-eficaz-contra-o-desemprego-a-estabilidade-politica\\\/#respond\"]}]},{\"@type\":\"WebPage\",\"@id\":\"https:\\\/\\\/ppdegalicia.com\\\/es\\\/tellado-galicia-dotouse-nas-urnas-da-ferramenta-mais-eficaz-contra-o-desemprego-a-estabilidade-politica\\\/\",\"url\":\"https:\\\/\\\/ppdegalicia.com\\\/es\\\/tellado-galicia-dotouse-nas-urnas-da-ferramenta-mais-eficaz-contra-o-desemprego-a-estabilidade-politica\\\/\",\"name\":\"Tellado: \u201cGalicia dotouse nas urnas da ferramenta m\u00e1is eficaz contra o desemprego: a estabilidade pol\u00edtica\u201d - PP de Galicia\",\"isPartOf\":{\"@id\":\"https:\\\/\\\/ppdegalicia.com\\\/es\\\/#website\"},\"primaryImageOfPage\":{\"@id\":\"https:\\\/\\\/ppdegalicia.com\\\/es\\\/tellado-galicia-dotouse-nas-urnas-da-ferramenta-mais-eficaz-contra-o-desemprego-a-estabilidade-politica\\\/#primaryimage\"},\"image\":{\"@id\":\"https:\\\/\\\/ppdegalicia.com\\\/es\\\/tellado-galicia-dotouse-nas-urnas-da-ferramenta-mais-eficaz-contra-o-desemprego-a-estabilidade-politica\\\/#primaryimage\"},\"thumbnailUrl\":\"https:\\\/\\\/ppdegalicia.com\\\/wp-content\\\/uploads\\\/2021\\\/05\\\/f07d5047bdfa0c2580b3276fb0b042f4.jpg\",\"datePublished\":\"2021-05-05T10:03:21+00:00\",\"breadcrumb\":{\"@id\":\"https:\\\/\\\/ppdegalicia.com\\\/es\\\/tellado-galicia-dotouse-nas-urnas-da-ferramenta-mais-eficaz-contra-o-desemprego-a-estabilidade-politica\\\/#breadcrumb\"},\"inLanguage\":\"es\",\"potentialAction\":[{\"@type\":\"ReadAction\",\"target\":[\"https:\\\/\\\/ppdegalicia.com\\\/es\\\/tellado-galicia-dotouse-nas-urnas-da-ferramenta-mais-eficaz-contra-o-desemprego-a-estabilidade-politica\\\/\"]}]},{\"@type\":\"ImageObject\",\"inLanguage\":\"es\",\"@id\":\"https:\\\/\\\/ppdegalicia.com\\\/es\\\/tellado-galicia-dotouse-nas-urnas-da-ferramenta-mais-eficaz-contra-o-desemprego-a-estabilidade-politica\\\/#primaryimage\",\"url\":\"https:\\\/\\\/ppdegalicia.com\\\/wp-content\\\/uploads\\\/2021\\\/05\\\/f07d5047bdfa0c2580b3276fb0b042f4.jpg\",\"contentUrl\":\"https:\\\/\\\/ppdegalicia.com\\\/wp-content\\\/uploads\\\/2021\\\/05\\\/f07d5047bdfa0c2580b3276fb0b042f4.jpg\",\"width\":2048,\"height\":1365},{\"@type\":\"BreadcrumbList\",\"@id\":\"https:\\\/\\\/ppdegalicia.com\\\/es\\\/tellado-galicia-dotouse-nas-urnas-da-ferramenta-mais-eficaz-contra-o-desemprego-a-estabilidade-politica\\\/#breadcrumb\",\"itemListElement\":[{\"@type\":\"ListItem\",\"position\":1,\"name\":\"Portada\",\"item\":\"https:\\\/\\\/ppdegalicia.com\\\/es\\\/\"},{\"@type\":\"ListItem\",\"position\":2,\"name\":\"Tellado: \u201cGalicia dotouse nas urnas da ferramenta m\u00e1is eficaz contra o desemprego: a estabilidade pol\u00edtica\u201d\"}]},{\"@type\":\"WebSite\",\"@id\":\"https:\\\/\\\/ppdegalicia.com\\\/es\\\/#website\",\"url\":\"https:\\\/\\\/ppdegalicia.com\\\/es\\\/\",\"name\":\"Partido Popular de Galicia\",\"description\":\"Partido Popular de Galicia\",\"publisher\":{\"@id\":\"https:\\\/\\\/ppdegalicia.com\\\/es\\\/#organization\"},\"alternateName\":\"PP de Galicia\",\"potentialAction\":[{\"@type\":\"SearchAction\",\"target\":{\"@type\":\"EntryPoint\",\"urlTemplate\":\"https:\\\/\\\/ppdegalicia.com\\\/es\\\/?s={search_term_string}\"},\"query-input\":{\"@type\":\"PropertyValueSpecification\",\"valueRequired\":true,\"valueName\":\"search_term_string\"}}],\"inLanguage\":\"es\"},{\"@type\":\"Organization\",\"@id\":\"https:\\\/\\\/ppdegalicia.com\\\/es\\\/#organization\",\"name\":\"Partido Popular de Galicia\",\"alternateName\":\"PP de Galicia\",\"url\":\"https:\\\/\\\/ppdegalicia.com\\\/es\\\/\",\"logo\":{\"@type\":\"ImageObject\",\"inLanguage\":\"es\",\"@id\":\"https:\\\/\\\/ppdegalicia.com\\\/es\\\/#\\\/schema\\\/logo\\\/image\\\/\",\"url\":\"https:\\\/\\\/ppdegalicia.com\\\/wp-content\\\/uploads\\\/2023\\\/04\\\/logoPP512.png\",\"contentUrl\":\"https:\\\/\\\/ppdegalicia.com\\\/wp-content\\\/uploads\\\/2023\\\/04\\\/logoPP512.png\",\"width\":512,\"height\":512,\"caption\":\"Partido Popular de Galicia\"},\"image\":{\"@id\":\"https:\\\/\\\/ppdegalicia.com\\\/es\\\/#\\\/schema\\\/logo\\\/image\\\/\"},\"sameAs\":[\"https:\\\/\\\/www.instagram.com\\\/ppdegalicia\\\/\",\"https:\\\/\\\/x.com\\\/ppdegalicia\",\"https:\\\/\\\/www.tiktok.com\\\/@ppdegalicia\",\"https:\\\/\\\/www.youtube.com\\\/user\\\/ppdegalicia\"]},{\"@type\":\"Person\",\"@id\":\"https:\\\/\\\/ppdegalicia.com\\\/es\\\/#\\\/schema\\\/person\\\/5b822c6f59e872ebdd1142f307dbcb59\",\"name\":\"ppdegaliciaredes\",\"image\":{\"@type\":\"ImageObject\",\"inLanguage\":\"es\",\"@id\":\"https:\\\/\\\/secure.gravatar.com\\\/avatar\\\/3c9179cf0256d00c72a48d1f25783c58b6842cd56e85ef3a572881c8e28ccd59?s=96&d=mm&r=g\",\"url\":\"https:\\\/\\\/secure.gravatar.com\\\/avatar\\\/3c9179cf0256d00c72a48d1f25783c58b6842cd56e85ef3a572881c8e28ccd59?s=96&d=mm&r=g\",\"contentUrl\":\"https:\\\/\\\/secure.gravatar.com\\\/avatar\\\/3c9179cf0256d00c72a48d1f25783c58b6842cd56e85ef3a572881c8e28ccd59?s=96&d=mm&r=g\",\"caption\":\"ppdegaliciaredes\"},\"url\":\"https:\\\/\\\/ppdegalicia.com\\\/es\\\/author\\\/ppdegaliciaredes\\\/\"}]}<\/script>\n<!-- \/ Yoast SEO plugin. -->","yoast_head_json":{"title":"Tellado: \u201cGalicia dotouse nas urnas da ferramenta m\u00e1is eficaz contra o desemprego: a estabilidade pol\u00edtica\u201d - PP de Galicia","robots":{"index":"index","follow":"follow","max-snippet":"max-snippet:-1","max-image-preview":"max-image-preview:large","max-video-preview":"max-video-preview:-1"},"canonical":"https:\/\/ppdegalicia.com\/es\/tellado-galicia-dotouse-nas-urnas-da-ferramenta-mais-eficaz-contra-o-desemprego-a-estabilidade-politica\/","og_locale":"es_ES","og_type":"article","og_title":"Tellado: \u201cGalicia dotouse nas urnas da ferramenta m\u00e1is eficaz contra o desemprego: a estabilidade pol\u00edtica\u201d - PP de Galicia","og_description":"A Comunidade lidera a ca\u00edda do paro a nivel anual e mensual cun comportamento mellor que o rexistrado no conxunto do Estado","og_url":"https:\/\/ppdegalicia.com\/es\/tellado-galicia-dotouse-nas-urnas-da-ferramenta-mais-eficaz-contra-o-desemprego-a-estabilidade-politica\/","og_site_name":"PP de Galicia","article_publisher":"https:\/\/www.instagram.com\/ppdegalicia\/","article_published_time":"2021-05-05T10:03:21+00:00","og_image":[{"width":2048,"height":1365,"url":"https:\/\/ppdegalicia.com\/wp-content\/uploads\/2021\/05\/f07d5047bdfa0c2580b3276fb0b042f4.jpg","type":"image\/jpeg"}],"author":"ppdegaliciaredes","twitter_card":"summary_large_image","twitter_creator":"@ppdegalicia","twitter_site":"@ppdegalicia","twitter_misc":{"Escrito por":"ppdegaliciaredes","Tiempo de lectura":"3 minutos"},"schema":{"@context":"https:\/\/schema.org","@graph":[{"@type":"Article","@id":"https:\/\/ppdegalicia.com\/es\/tellado-galicia-dotouse-nas-urnas-da-ferramenta-mais-eficaz-contra-o-desemprego-a-estabilidade-politica\/#article","isPartOf":{"@id":"https:\/\/ppdegalicia.com\/es\/tellado-galicia-dotouse-nas-urnas-da-ferramenta-mais-eficaz-contra-o-desemprego-a-estabilidade-politica\/"},"author":{"name":"ppdegaliciaredes","@id":"https:\/\/ppdegalicia.com\/es\/#\/schema\/person\/5b822c6f59e872ebdd1142f307dbcb59"},"headline":"Tellado: \u201cGalicia dotouse nas urnas da ferramenta m\u00e1is eficaz contra o desemprego: a estabilidade pol\u00edtica\u201d","datePublished":"2021-05-05T10:03:21+00:00","mainEntityOfPage":{"@id":"https:\/\/ppdegalicia.com\/es\/tellado-galicia-dotouse-nas-urnas-da-ferramenta-mais-eficaz-contra-o-desemprego-a-estabilidade-politica\/"},"wordCount":553,"commentCount":0,"publisher":{"@id":"https:\/\/ppdegalicia.com\/es\/#organization"},"image":{"@id":"https:\/\/ppdegalicia.com\/es\/tellado-galicia-dotouse-nas-urnas-da-ferramenta-mais-eficaz-contra-o-desemprego-a-estabilidade-politica\/#primaryimage"},"thumbnailUrl":"https:\/\/ppdegalicia.com\/wp-content\/uploads\/2021\/05\/f07d5047bdfa0c2580b3276fb0b042f4.jpg","articleSection":["PP de Galicia"],"inLanguage":"es","potentialAction":[{"@type":"CommentAction","name":"Comment","target":["https:\/\/ppdegalicia.com\/es\/tellado-galicia-dotouse-nas-urnas-da-ferramenta-mais-eficaz-contra-o-desemprego-a-estabilidade-politica\/#respond"]}]},{"@type":"WebPage","@id":"https:\/\/ppdegalicia.com\/es\/tellado-galicia-dotouse-nas-urnas-da-ferramenta-mais-eficaz-contra-o-desemprego-a-estabilidade-politica\/","url":"https:\/\/ppdegalicia.com\/es\/tellado-galicia-dotouse-nas-urnas-da-ferramenta-mais-eficaz-contra-o-desemprego-a-estabilidade-politica\/","name":"Tellado: \u201cGalicia dotouse nas urnas da ferramenta m\u00e1is eficaz contra o desemprego: a estabilidade pol\u00edtica\u201d - PP de Galicia","isPartOf":{"@id":"https:\/\/ppdegalicia.com\/es\/#website"},"primaryImageOfPage":{"@id":"https:\/\/ppdegalicia.com\/es\/tellado-galicia-dotouse-nas-urnas-da-ferramenta-mais-eficaz-contra-o-desemprego-a-estabilidade-politica\/#primaryimage"},"image":{"@id":"https:\/\/ppdegalicia.com\/es\/tellado-galicia-dotouse-nas-urnas-da-ferramenta-mais-eficaz-contra-o-desemprego-a-estabilidade-politica\/#primaryimage"},"thumbnailUrl":"https:\/\/ppdegalicia.com\/wp-content\/uploads\/2021\/05\/f07d5047bdfa0c2580b3276fb0b042f4.jpg","datePublished":"2021-05-05T10:03:21+00:00","breadcrumb":{"@id":"https:\/\/ppdegalicia.com\/es\/tellado-galicia-dotouse-nas-urnas-da-ferramenta-mais-eficaz-contra-o-desemprego-a-estabilidade-politica\/#breadcrumb"},"inLanguage":"es","potentialAction":[{"@type":"ReadAction","target":["https:\/\/ppdegalicia.com\/es\/tellado-galicia-dotouse-nas-urnas-da-ferramenta-mais-eficaz-contra-o-desemprego-a-estabilidade-politica\/"]}]},{"@type":"ImageObject","inLanguage":"es","@id":"https:\/\/ppdegalicia.com\/es\/tellado-galicia-dotouse-nas-urnas-da-ferramenta-mais-eficaz-contra-o-desemprego-a-estabilidade-politica\/#primaryimage","url":"https:\/\/ppdegalicia.com\/wp-content\/uploads\/2021\/05\/f07d5047bdfa0c2580b3276fb0b042f4.jpg","contentUrl":"https:\/\/ppdegalicia.com\/wp-content\/uploads\/2021\/05\/f07d5047bdfa0c2580b3276fb0b042f4.jpg","width":2048,"height":1365},{"@type":"BreadcrumbList","@id":"https:\/\/ppdegalicia.com\/es\/tellado-galicia-dotouse-nas-urnas-da-ferramenta-mais-eficaz-contra-o-desemprego-a-estabilidade-politica\/#breadcrumb","itemListElement":[{"@type":"ListItem","position":1,"name":"Portada","item":"https:\/\/ppdegalicia.com\/es\/"},{"@type":"ListItem","position":2,"name":"Tellado: \u201cGalicia dotouse nas urnas da ferramenta m\u00e1is eficaz contra o desemprego: a estabilidade pol\u00edtica\u201d"}]},{"@type":"WebSite","@id":"https:\/\/ppdegalicia.com\/es\/#website","url":"https:\/\/ppdegalicia.com\/es\/","name":"Partido Popular de Galicia","description":"Partido Popular de Galicia","publisher":{"@id":"https:\/\/ppdegalicia.com\/es\/#organization"},"alternateName":"PP de Galicia","potentialAction":[{"@type":"SearchAction","target":{"@type":"EntryPoint","urlTemplate":"https:\/\/ppdegalicia.com\/es\/?s={search_term_string}"},"query-input":{"@type":"PropertyValueSpecification","valueRequired":true,"valueName":"search_term_string"}}],"inLanguage":"es"},{"@type":"Organization","@id":"https:\/\/ppdegalicia.com\/es\/#organization","name":"Partido Popular de Galicia","alternateName":"PP de Galicia","url":"https:\/\/ppdegalicia.com\/es\/","logo":{"@type":"ImageObject","inLanguage":"es","@id":"https:\/\/ppdegalicia.com\/es\/#\/schema\/logo\/image\/","url":"https:\/\/ppdegalicia.com\/wp-content\/uploads\/2023\/04\/logoPP512.png","contentUrl":"https:\/\/ppdegalicia.com\/wp-content\/uploads\/2023\/04\/logoPP512.png","width":512,"height":512,"caption":"Partido Popular de Galicia"},"image":{"@id":"https:\/\/ppdegalicia.com\/es\/#\/schema\/logo\/image\/"},"sameAs":["https:\/\/www.instagram.com\/ppdegalicia\/","https:\/\/x.com\/ppdegalicia","https:\/\/www.tiktok.com\/@ppdegalicia","https:\/\/www.youtube.com\/user\/ppdegalicia"]},{"@type":"Person","@id":"https:\/\/ppdegalicia.com\/es\/#\/schema\/person\/5b822c6f59e872ebdd1142f307dbcb59","name":"ppdegaliciaredes","image":{"@type":"ImageObject","inLanguage":"es","@id":"https:\/\/secure.gravatar.com\/avatar\/3c9179cf0256d00c72a48d1f25783c58b6842cd56e85ef3a572881c8e28ccd59?s=96&d=mm&r=g","url":"https:\/\/secure.gravatar.com\/avatar\/3c9179cf0256d00c72a48d1f25783c58b6842cd56e85ef3a572881c8e28ccd59?s=96&d=mm&r=g","contentUrl":"https:\/\/secure.gravatar.com\/avatar\/3c9179cf0256d00c72a48d1f25783c58b6842cd56e85ef3a572881c8e28ccd59?s=96&d=mm&r=g","caption":"ppdegaliciaredes"},"url":"https:\/\/ppdegalicia.com\/es\/author\/ppdegaliciaredes\/"}]}},"_links":{"self":[{"href":"https:\/\/ppdegalicia.com\/es\/wp-json\/wp\/v2\/posts\/55676","targetHints":{"allow":["GET"]}}],"collection":[{"href":"https:\/\/ppdegalicia.com\/es\/wp-json\/wp\/v2\/posts"}],"about":[{"href":"https:\/\/ppdegalicia.com\/es\/wp-json\/wp\/v2\/types\/post"}],"author":[{"embeddable":true,"href":"https:\/\/ppdegalicia.com\/es\/wp-json\/wp\/v2\/users\/38"}],"replies":[{"embeddable":true,"href":"https:\/\/ppdegalicia.com\/es\/wp-json\/wp\/v2\/comments?post=55676"}],"version-history":[{"count":0,"href":"https:\/\/ppdegalicia.com\/es\/wp-json\/wp\/v2\/posts\/55676\/revisions"}],"wp:featuredmedia":[{"embeddable":true,"href":"https:\/\/ppdegalicia.com\/es\/wp-json\/wp\/v2\/media\/55675"}],"wp:attachment":[{"href":"https:\/\/ppdegalicia.com\/es\/wp-json\/wp\/v2\/media?parent=55676"}],"wp:term":[{"taxonomy":"category","embeddable":true,"href":"https:\/\/ppdegalicia.com\/es\/wp-json\/wp\/v2\/categories?post=55676"},{"taxonomy":"post_tag","embeddable":true,"href":"https:\/\/ppdegalicia.com\/es\/wp-json\/wp\/v2\/tags?post=55676"}],"curies":[{"name":"wp","href":"https:\/\/api.w.org\/{rel}","templated":true}]}}