{"id":55718,"date":"2021-05-12T11:53:45","date_gmt":"2021-05-12T09:53:45","guid":{"rendered":"https:\/\/ppdegalicia.com\/o-grupo-popular-reitera-a-necesidade-de-que-o-goberno-central-estableza-un-novo-modelo-de-financiamento-autonomico-e-local\/"},"modified":"2021-05-12T11:53:45","modified_gmt":"2021-05-12T09:53:45","slug":"o-grupo-popular-reitera-a-necesidade-de-que-o-goberno-central-estableza-un-novo-modelo-de-financiamento-autonomico-e-local","status":"publish","type":"post","link":"https:\/\/ppdegalicia.com\/es\/o-grupo-popular-reitera-a-necesidade-de-que-o-goberno-central-estableza-un-novo-modelo-de-financiamento-autonomico-e-local\/","title":{"rendered":"O Grupo Popular reitera a necesidade de que o Goberno central estableza un novo modelo de financiamento auton\u00f3mico e local"},"content":{"rendered":"<p><img fetchpriority=\"high\" decoding=\"async\" class=\" size-full wp-image-55717\" src=\"https:\/\/ppdegalicia.com\/wp-content\/uploads\/2021\/05\/ce28ed525020bb6b16983cbb33e9862d.jpg\" alt=\"\" width=\"1900\" height=\"1267\" srcset=\"https:\/\/ppdegalicia.com\/wp-content\/uploads\/2021\/05\/ce28ed525020bb6b16983cbb33e9862d.jpg 1900w, https:\/\/ppdegalicia.com\/wp-content\/uploads\/2021\/05\/ce28ed525020bb6b16983cbb33e9862d-300x200.jpg 300w, https:\/\/ppdegalicia.com\/wp-content\/uploads\/2021\/05\/ce28ed525020bb6b16983cbb33e9862d-1024x683.jpg 1024w, https:\/\/ppdegalicia.com\/wp-content\/uploads\/2021\/05\/ce28ed525020bb6b16983cbb33e9862d-768x512.jpg 768w, https:\/\/ppdegalicia.com\/wp-content\/uploads\/2021\/05\/ce28ed525020bb6b16983cbb33e9862d-1536x1024.jpg 1536w\" sizes=\"(max-width: 1900px) 100vw, 1900px\" \/><\/p>\n<p>Santiago, 12 de maio de 2021.- A viceportavoz do Grupo Popular, Paula Prado, reiterou hoxe no Pleno do Parlamento galego que \u201clevamos anos reclamando reiteradamente ao Goberno central a definici\u00f3n dun novo modelo de financiamento auton\u00f3mico e local, que dea certezas dos recursos cos que pode contar cada administraci\u00f3n e que te\u00f1a en conta as particularidades dos concellos galegos na s\u00faa distribuci\u00f3n, como os factores demogr\u00e1ficos e de dispersi\u00f3n xeogr\u00e1fica\u201d.<\/p>\n<p><!--more--><\/p>\n<p>Paula Prado incidiu que \u201c\u00e9 o Estado o que debe clarificar o sistema de financiamento das administraci\u00f3ns auton\u00f3mica e local e posteriormente poderemos dese\u00f1ar o futuro das relaci\u00f3ns financeiras entre a Xunta e as entidades locais\u201d.<\/p>\n<p>\u00a0<\/p>\n<p>\u201cTodos somos conscientes de que o actual sistema de financiamento local \u00e9 prexudicial para o municipalismo galego e que non garante a suficiencia dos concellos de menor poboaci\u00f3n\u201d, afirmou a viceportavoz popular.<\/p>\n<p>\u00a0<\/p>\n<p><strong>DISTRIBUCI\u00d3N DAS AXUDAS AOS CONCELLOS<\/strong><\/p>\n<p>\u00a0<\/p>\n<p>Diante desta situaci\u00f3n, Prado demandou aos socialistas galegos \u201cseriedade nos seus plantexamentos, porque non se pode facer unha cousa onde gobernan e pedir a contraria onde son oposici\u00f3n\u201d. \u201cNon poden pedirlle \u00e1 Xunta que estableza un novo marco de financiaci\u00f3n local cando ten que partir do Goberno de Espa\u00f1a que vostedes dirixen hai tres anos\u201d, apuntou.<\/p>\n<p>\u00a0<\/p>\n<p>Respecto das criticas do PSdeG sobre a distribuci\u00f3n das subvenci\u00f3ns convocadas pola Xunta entre os concellos galegos, Paula Prado asegurou que \u201cm\u00e1is dun 70 por cento destas convocatorias estableceron o r\u00e9xime de concorrencia competitiva\u201d.<\/p>\n<p>\u00a0<\/p>\n<p>Neste sentido, a viceportavoz popular lembrou que case o 90 por cento dos convenio do anterior Goberno bipartito da Xunta foron para concellos nos que gobernaban BNG ou PSdeG. Ademais, engadiu que \u201cna o actual goberno da Deputaci\u00f3n de Lugo s\u00f3 destinou o 1,5 por cento do importe dos convenios realizados cos concellos aos gobernados polo PPdeG\u201d.<\/p>\n","protected":false},"excerpt":{"rendered":"<p>Santiago, 12 de maio de 2021.- A viceportavoz do Grupo Popular, Paula Prado, reiterou hoxe no Pleno do Parlamento galego que \u201clevamos anos reclamando reiteradamente ao Goberno central a definici\u00f3n dun novo modelo de financiamento auton\u00f3mico e local, que dea certezas dos recursos cos que pode contar cada administraci\u00f3n e que te\u00f1a en conta as [&hellip;]<\/p>\n","protected":false},"author":38,"featured_media":55717,"comment_status":"open","ping_status":"open","sticky":false,"template":"","format":"standard","meta":{"_acf_changed":false,"footnotes":""},"categories":[1],"tags":[],"class_list":["post-55718","post","type-post","status-publish","format-standard","has-post-thumbnail","hentry","category-pp-de-galicia"],"acf":[],"yoast_head":"<!-- This site is optimized with the Yoast SEO plugin v27.3 - https:\/\/yoast.com\/product\/yoast-seo-wordpress\/ -->\n<title>O Grupo Popular reitera a necesidade de que o Goberno central estableza un novo modelo de financiamento auton\u00f3mico e local - PP de Galicia<\/title>\n<meta name=\"robots\" content=\"index, follow, max-snippet:-1, max-image-preview:large, max-video-preview:-1\" \/>\n<link rel=\"canonical\" href=\"https:\/\/ppdegalicia.com\/es\/o-grupo-popular-reitera-a-necesidade-de-que-o-goberno-central-estableza-un-novo-modelo-de-financiamento-autonomico-e-local\/\" \/>\n<meta property=\"og:locale\" content=\"es_ES\" \/>\n<meta property=\"og:type\" content=\"article\" \/>\n<meta property=\"og:title\" content=\"O Grupo Popular reitera a necesidade de que o Goberno central estableza un novo modelo de financiamento auton\u00f3mico e local - PP de Galicia\" \/>\n<meta property=\"og:description\" content=\"Santiago, 12 de maio de 2021.- A viceportavoz do Grupo Popular, Paula Prado, reiterou hoxe no Pleno do Parlamento galego que \u201clevamos anos reclamando reiteradamente ao Goberno central a definici\u00f3n dun novo modelo de financiamento auton\u00f3mico e local, que dea certezas dos recursos cos que pode contar cada administraci\u00f3n e que te\u00f1a en conta as [&hellip;]\" \/>\n<meta property=\"og:url\" content=\"https:\/\/ppdegalicia.com\/es\/o-grupo-popular-reitera-a-necesidade-de-que-o-goberno-central-estableza-un-novo-modelo-de-financiamento-autonomico-e-local\/\" \/>\n<meta property=\"og:site_name\" content=\"PP de Galicia\" \/>\n<meta property=\"article:publisher\" content=\"https:\/\/www.instagram.com\/ppdegalicia\/\" \/>\n<meta property=\"article:published_time\" content=\"2021-05-12T09:53:45+00:00\" \/>\n<meta property=\"og:image\" content=\"https:\/\/ppdegalicia.com\/wp-content\/uploads\/2021\/05\/ce28ed525020bb6b16983cbb33e9862d.jpg\" \/>\n\t<meta property=\"og:image:width\" content=\"1900\" \/>\n\t<meta property=\"og:image:height\" content=\"1267\" \/>\n\t<meta property=\"og:image:type\" content=\"image\/jpeg\" \/>\n<meta name=\"author\" content=\"ppdegaliciaredes\" \/>\n<meta name=\"twitter:card\" content=\"summary_large_image\" \/>\n<meta name=\"twitter:creator\" content=\"@ppdegalicia\" \/>\n<meta name=\"twitter:site\" content=\"@ppdegalicia\" \/>\n<meta name=\"twitter:label1\" content=\"Escrito por\" \/>\n\t<meta name=\"twitter:data1\" content=\"ppdegaliciaredes\" \/>\n\t<meta name=\"twitter:label2\" content=\"Tiempo de lectura\" \/>\n\t<meta name=\"twitter:data2\" content=\"2 minutos\" \/>\n<script type=\"application\/ld+json\" class=\"yoast-schema-graph\">{\"@context\":\"https:\\\/\\\/schema.org\",\"@graph\":[{\"@type\":\"Article\",\"@id\":\"https:\\\/\\\/ppdegalicia.com\\\/es\\\/o-grupo-popular-reitera-a-necesidade-de-que-o-goberno-central-estableza-un-novo-modelo-de-financiamento-autonomico-e-local\\\/#article\",\"isPartOf\":{\"@id\":\"https:\\\/\\\/ppdegalicia.com\\\/es\\\/o-grupo-popular-reitera-a-necesidade-de-que-o-goberno-central-estableza-un-novo-modelo-de-financiamento-autonomico-e-local\\\/\"},\"author\":{\"name\":\"ppdegaliciaredes\",\"@id\":\"https:\\\/\\\/ppdegalicia.com\\\/es\\\/#\\\/schema\\\/person\\\/5b822c6f59e872ebdd1142f307dbcb59\"},\"headline\":\"O Grupo Popular reitera a necesidade de que o Goberno central estableza un novo modelo de financiamento auton\u00f3mico e local\",\"datePublished\":\"2021-05-12T09:53:45+00:00\",\"mainEntityOfPage\":{\"@id\":\"https:\\\/\\\/ppdegalicia.com\\\/es\\\/o-grupo-popular-reitera-a-necesidade-de-que-o-goberno-central-estableza-un-novo-modelo-de-financiamento-autonomico-e-local\\\/\"},\"wordCount\":328,\"commentCount\":0,\"publisher\":{\"@id\":\"https:\\\/\\\/ppdegalicia.com\\\/es\\\/#organization\"},\"image\":{\"@id\":\"https:\\\/\\\/ppdegalicia.com\\\/es\\\/o-grupo-popular-reitera-a-necesidade-de-que-o-goberno-central-estableza-un-novo-modelo-de-financiamento-autonomico-e-local\\\/#primaryimage\"},\"thumbnailUrl\":\"https:\\\/\\\/ppdegalicia.com\\\/wp-content\\\/uploads\\\/2021\\\/05\\\/ce28ed525020bb6b16983cbb33e9862d.jpg\",\"articleSection\":[\"PP de Galicia\"],\"inLanguage\":\"es\",\"potentialAction\":[{\"@type\":\"CommentAction\",\"name\":\"Comment\",\"target\":[\"https:\\\/\\\/ppdegalicia.com\\\/es\\\/o-grupo-popular-reitera-a-necesidade-de-que-o-goberno-central-estableza-un-novo-modelo-de-financiamento-autonomico-e-local\\\/#respond\"]}]},{\"@type\":\"WebPage\",\"@id\":\"https:\\\/\\\/ppdegalicia.com\\\/es\\\/o-grupo-popular-reitera-a-necesidade-de-que-o-goberno-central-estableza-un-novo-modelo-de-financiamento-autonomico-e-local\\\/\",\"url\":\"https:\\\/\\\/ppdegalicia.com\\\/es\\\/o-grupo-popular-reitera-a-necesidade-de-que-o-goberno-central-estableza-un-novo-modelo-de-financiamento-autonomico-e-local\\\/\",\"name\":\"O Grupo Popular reitera a necesidade de que o Goberno central estableza un novo modelo de financiamento auton\u00f3mico e local - PP de Galicia\",\"isPartOf\":{\"@id\":\"https:\\\/\\\/ppdegalicia.com\\\/es\\\/#website\"},\"primaryImageOfPage\":{\"@id\":\"https:\\\/\\\/ppdegalicia.com\\\/es\\\/o-grupo-popular-reitera-a-necesidade-de-que-o-goberno-central-estableza-un-novo-modelo-de-financiamento-autonomico-e-local\\\/#primaryimage\"},\"image\":{\"@id\":\"https:\\\/\\\/ppdegalicia.com\\\/es\\\/o-grupo-popular-reitera-a-necesidade-de-que-o-goberno-central-estableza-un-novo-modelo-de-financiamento-autonomico-e-local\\\/#primaryimage\"},\"thumbnailUrl\":\"https:\\\/\\\/ppdegalicia.com\\\/wp-content\\\/uploads\\\/2021\\\/05\\\/ce28ed525020bb6b16983cbb33e9862d.jpg\",\"datePublished\":\"2021-05-12T09:53:45+00:00\",\"breadcrumb\":{\"@id\":\"https:\\\/\\\/ppdegalicia.com\\\/es\\\/o-grupo-popular-reitera-a-necesidade-de-que-o-goberno-central-estableza-un-novo-modelo-de-financiamento-autonomico-e-local\\\/#breadcrumb\"},\"inLanguage\":\"es\",\"potentialAction\":[{\"@type\":\"ReadAction\",\"target\":[\"https:\\\/\\\/ppdegalicia.com\\\/es\\\/o-grupo-popular-reitera-a-necesidade-de-que-o-goberno-central-estableza-un-novo-modelo-de-financiamento-autonomico-e-local\\\/\"]}]},{\"@type\":\"ImageObject\",\"inLanguage\":\"es\",\"@id\":\"https:\\\/\\\/ppdegalicia.com\\\/es\\\/o-grupo-popular-reitera-a-necesidade-de-que-o-goberno-central-estableza-un-novo-modelo-de-financiamento-autonomico-e-local\\\/#primaryimage\",\"url\":\"https:\\\/\\\/ppdegalicia.com\\\/wp-content\\\/uploads\\\/2021\\\/05\\\/ce28ed525020bb6b16983cbb33e9862d.jpg\",\"contentUrl\":\"https:\\\/\\\/ppdegalicia.com\\\/wp-content\\\/uploads\\\/2021\\\/05\\\/ce28ed525020bb6b16983cbb33e9862d.jpg\",\"width\":1900,\"height\":1267},{\"@type\":\"BreadcrumbList\",\"@id\":\"https:\\\/\\\/ppdegalicia.com\\\/es\\\/o-grupo-popular-reitera-a-necesidade-de-que-o-goberno-central-estableza-un-novo-modelo-de-financiamento-autonomico-e-local\\\/#breadcrumb\",\"itemListElement\":[{\"@type\":\"ListItem\",\"position\":1,\"name\":\"Portada\",\"item\":\"https:\\\/\\\/ppdegalicia.com\\\/es\\\/\"},{\"@type\":\"ListItem\",\"position\":2,\"name\":\"O Grupo Popular reitera a necesidade de que o Goberno central estableza un novo modelo de financiamento auton\u00f3mico e local\"}]},{\"@type\":\"WebSite\",\"@id\":\"https:\\\/\\\/ppdegalicia.com\\\/es\\\/#website\",\"url\":\"https:\\\/\\\/ppdegalicia.com\\\/es\\\/\",\"name\":\"Partido Popular de Galicia\",\"description\":\"Partido Popular de Galicia\",\"publisher\":{\"@id\":\"https:\\\/\\\/ppdegalicia.com\\\/es\\\/#organization\"},\"alternateName\":\"PP de Galicia\",\"potentialAction\":[{\"@type\":\"SearchAction\",\"target\":{\"@type\":\"EntryPoint\",\"urlTemplate\":\"https:\\\/\\\/ppdegalicia.com\\\/es\\\/?s={search_term_string}\"},\"query-input\":{\"@type\":\"PropertyValueSpecification\",\"valueRequired\":true,\"valueName\":\"search_term_string\"}}],\"inLanguage\":\"es\"},{\"@type\":\"Organization\",\"@id\":\"https:\\\/\\\/ppdegalicia.com\\\/es\\\/#organization\",\"name\":\"Partido Popular de Galicia\",\"alternateName\":\"PP de Galicia\",\"url\":\"https:\\\/\\\/ppdegalicia.com\\\/es\\\/\",\"logo\":{\"@type\":\"ImageObject\",\"inLanguage\":\"es\",\"@id\":\"https:\\\/\\\/ppdegalicia.com\\\/es\\\/#\\\/schema\\\/logo\\\/image\\\/\",\"url\":\"https:\\\/\\\/ppdegalicia.com\\\/wp-content\\\/uploads\\\/2023\\\/04\\\/logoPP512.png\",\"contentUrl\":\"https:\\\/\\\/ppdegalicia.com\\\/wp-content\\\/uploads\\\/2023\\\/04\\\/logoPP512.png\",\"width\":512,\"height\":512,\"caption\":\"Partido Popular de Galicia\"},\"image\":{\"@id\":\"https:\\\/\\\/ppdegalicia.com\\\/es\\\/#\\\/schema\\\/logo\\\/image\\\/\"},\"sameAs\":[\"https:\\\/\\\/www.instagram.com\\\/ppdegalicia\\\/\",\"https:\\\/\\\/x.com\\\/ppdegalicia\",\"https:\\\/\\\/www.tiktok.com\\\/@ppdegalicia\",\"https:\\\/\\\/www.youtube.com\\\/user\\\/ppdegalicia\"]},{\"@type\":\"Person\",\"@id\":\"https:\\\/\\\/ppdegalicia.com\\\/es\\\/#\\\/schema\\\/person\\\/5b822c6f59e872ebdd1142f307dbcb59\",\"name\":\"ppdegaliciaredes\",\"image\":{\"@type\":\"ImageObject\",\"inLanguage\":\"es\",\"@id\":\"https:\\\/\\\/secure.gravatar.com\\\/avatar\\\/3c9179cf0256d00c72a48d1f25783c58b6842cd56e85ef3a572881c8e28ccd59?s=96&d=mm&r=g\",\"url\":\"https:\\\/\\\/secure.gravatar.com\\\/avatar\\\/3c9179cf0256d00c72a48d1f25783c58b6842cd56e85ef3a572881c8e28ccd59?s=96&d=mm&r=g\",\"contentUrl\":\"https:\\\/\\\/secure.gravatar.com\\\/avatar\\\/3c9179cf0256d00c72a48d1f25783c58b6842cd56e85ef3a572881c8e28ccd59?s=96&d=mm&r=g\",\"caption\":\"ppdegaliciaredes\"},\"url\":\"https:\\\/\\\/ppdegalicia.com\\\/es\\\/author\\\/ppdegaliciaredes\\\/\"}]}<\/script>\n<!-- \/ Yoast SEO plugin. -->","yoast_head_json":{"title":"O Grupo Popular reitera a necesidade de que o Goberno central estableza un novo modelo de financiamento auton\u00f3mico e local - PP de Galicia","robots":{"index":"index","follow":"follow","max-snippet":"max-snippet:-1","max-image-preview":"max-image-preview:large","max-video-preview":"max-video-preview:-1"},"canonical":"https:\/\/ppdegalicia.com\/es\/o-grupo-popular-reitera-a-necesidade-de-que-o-goberno-central-estableza-un-novo-modelo-de-financiamento-autonomico-e-local\/","og_locale":"es_ES","og_type":"article","og_title":"O Grupo Popular reitera a necesidade de que o Goberno central estableza un novo modelo de financiamento auton\u00f3mico e local - PP de Galicia","og_description":"Santiago, 12 de maio de 2021.- A viceportavoz do Grupo Popular, Paula Prado, reiterou hoxe no Pleno do Parlamento galego que \u201clevamos anos reclamando reiteradamente ao Goberno central a definici\u00f3n dun novo modelo de financiamento auton\u00f3mico e local, que dea certezas dos recursos cos que pode contar cada administraci\u00f3n e que te\u00f1a en conta as [&hellip;]","og_url":"https:\/\/ppdegalicia.com\/es\/o-grupo-popular-reitera-a-necesidade-de-que-o-goberno-central-estableza-un-novo-modelo-de-financiamento-autonomico-e-local\/","og_site_name":"PP de Galicia","article_publisher":"https:\/\/www.instagram.com\/ppdegalicia\/","article_published_time":"2021-05-12T09:53:45+00:00","og_image":[{"width":1900,"height":1267,"url":"https:\/\/ppdegalicia.com\/wp-content\/uploads\/2021\/05\/ce28ed525020bb6b16983cbb33e9862d.jpg","type":"image\/jpeg"}],"author":"ppdegaliciaredes","twitter_card":"summary_large_image","twitter_creator":"@ppdegalicia","twitter_site":"@ppdegalicia","twitter_misc":{"Escrito por":"ppdegaliciaredes","Tiempo de lectura":"2 minutos"},"schema":{"@context":"https:\/\/schema.org","@graph":[{"@type":"Article","@id":"https:\/\/ppdegalicia.com\/es\/o-grupo-popular-reitera-a-necesidade-de-que-o-goberno-central-estableza-un-novo-modelo-de-financiamento-autonomico-e-local\/#article","isPartOf":{"@id":"https:\/\/ppdegalicia.com\/es\/o-grupo-popular-reitera-a-necesidade-de-que-o-goberno-central-estableza-un-novo-modelo-de-financiamento-autonomico-e-local\/"},"author":{"name":"ppdegaliciaredes","@id":"https:\/\/ppdegalicia.com\/es\/#\/schema\/person\/5b822c6f59e872ebdd1142f307dbcb59"},"headline":"O Grupo Popular reitera a necesidade de que o Goberno central estableza un novo modelo de financiamento auton\u00f3mico e local","datePublished":"2021-05-12T09:53:45+00:00","mainEntityOfPage":{"@id":"https:\/\/ppdegalicia.com\/es\/o-grupo-popular-reitera-a-necesidade-de-que-o-goberno-central-estableza-un-novo-modelo-de-financiamento-autonomico-e-local\/"},"wordCount":328,"commentCount":0,"publisher":{"@id":"https:\/\/ppdegalicia.com\/es\/#organization"},"image":{"@id":"https:\/\/ppdegalicia.com\/es\/o-grupo-popular-reitera-a-necesidade-de-que-o-goberno-central-estableza-un-novo-modelo-de-financiamento-autonomico-e-local\/#primaryimage"},"thumbnailUrl":"https:\/\/ppdegalicia.com\/wp-content\/uploads\/2021\/05\/ce28ed525020bb6b16983cbb33e9862d.jpg","articleSection":["PP de Galicia"],"inLanguage":"es","potentialAction":[{"@type":"CommentAction","name":"Comment","target":["https:\/\/ppdegalicia.com\/es\/o-grupo-popular-reitera-a-necesidade-de-que-o-goberno-central-estableza-un-novo-modelo-de-financiamento-autonomico-e-local\/#respond"]}]},{"@type":"WebPage","@id":"https:\/\/ppdegalicia.com\/es\/o-grupo-popular-reitera-a-necesidade-de-que-o-goberno-central-estableza-un-novo-modelo-de-financiamento-autonomico-e-local\/","url":"https:\/\/ppdegalicia.com\/es\/o-grupo-popular-reitera-a-necesidade-de-que-o-goberno-central-estableza-un-novo-modelo-de-financiamento-autonomico-e-local\/","name":"O Grupo Popular reitera a necesidade de que o Goberno central estableza un novo modelo de financiamento auton\u00f3mico e local - PP de Galicia","isPartOf":{"@id":"https:\/\/ppdegalicia.com\/es\/#website"},"primaryImageOfPage":{"@id":"https:\/\/ppdegalicia.com\/es\/o-grupo-popular-reitera-a-necesidade-de-que-o-goberno-central-estableza-un-novo-modelo-de-financiamento-autonomico-e-local\/#primaryimage"},"image":{"@id":"https:\/\/ppdegalicia.com\/es\/o-grupo-popular-reitera-a-necesidade-de-que-o-goberno-central-estableza-un-novo-modelo-de-financiamento-autonomico-e-local\/#primaryimage"},"thumbnailUrl":"https:\/\/ppdegalicia.com\/wp-content\/uploads\/2021\/05\/ce28ed525020bb6b16983cbb33e9862d.jpg","datePublished":"2021-05-12T09:53:45+00:00","breadcrumb":{"@id":"https:\/\/ppdegalicia.com\/es\/o-grupo-popular-reitera-a-necesidade-de-que-o-goberno-central-estableza-un-novo-modelo-de-financiamento-autonomico-e-local\/#breadcrumb"},"inLanguage":"es","potentialAction":[{"@type":"ReadAction","target":["https:\/\/ppdegalicia.com\/es\/o-grupo-popular-reitera-a-necesidade-de-que-o-goberno-central-estableza-un-novo-modelo-de-financiamento-autonomico-e-local\/"]}]},{"@type":"ImageObject","inLanguage":"es","@id":"https:\/\/ppdegalicia.com\/es\/o-grupo-popular-reitera-a-necesidade-de-que-o-goberno-central-estableza-un-novo-modelo-de-financiamento-autonomico-e-local\/#primaryimage","url":"https:\/\/ppdegalicia.com\/wp-content\/uploads\/2021\/05\/ce28ed525020bb6b16983cbb33e9862d.jpg","contentUrl":"https:\/\/ppdegalicia.com\/wp-content\/uploads\/2021\/05\/ce28ed525020bb6b16983cbb33e9862d.jpg","width":1900,"height":1267},{"@type":"BreadcrumbList","@id":"https:\/\/ppdegalicia.com\/es\/o-grupo-popular-reitera-a-necesidade-de-que-o-goberno-central-estableza-un-novo-modelo-de-financiamento-autonomico-e-local\/#breadcrumb","itemListElement":[{"@type":"ListItem","position":1,"name":"Portada","item":"https:\/\/ppdegalicia.com\/es\/"},{"@type":"ListItem","position":2,"name":"O Grupo Popular reitera a necesidade de que o Goberno central estableza un novo modelo de financiamento auton\u00f3mico e local"}]},{"@type":"WebSite","@id":"https:\/\/ppdegalicia.com\/es\/#website","url":"https:\/\/ppdegalicia.com\/es\/","name":"Partido Popular de Galicia","description":"Partido Popular de Galicia","publisher":{"@id":"https:\/\/ppdegalicia.com\/es\/#organization"},"alternateName":"PP de Galicia","potentialAction":[{"@type":"SearchAction","target":{"@type":"EntryPoint","urlTemplate":"https:\/\/ppdegalicia.com\/es\/?s={search_term_string}"},"query-input":{"@type":"PropertyValueSpecification","valueRequired":true,"valueName":"search_term_string"}}],"inLanguage":"es"},{"@type":"Organization","@id":"https:\/\/ppdegalicia.com\/es\/#organization","name":"Partido Popular de Galicia","alternateName":"PP de Galicia","url":"https:\/\/ppdegalicia.com\/es\/","logo":{"@type":"ImageObject","inLanguage":"es","@id":"https:\/\/ppdegalicia.com\/es\/#\/schema\/logo\/image\/","url":"https:\/\/ppdegalicia.com\/wp-content\/uploads\/2023\/04\/logoPP512.png","contentUrl":"https:\/\/ppdegalicia.com\/wp-content\/uploads\/2023\/04\/logoPP512.png","width":512,"height":512,"caption":"Partido Popular de Galicia"},"image":{"@id":"https:\/\/ppdegalicia.com\/es\/#\/schema\/logo\/image\/"},"sameAs":["https:\/\/www.instagram.com\/ppdegalicia\/","https:\/\/x.com\/ppdegalicia","https:\/\/www.tiktok.com\/@ppdegalicia","https:\/\/www.youtube.com\/user\/ppdegalicia"]},{"@type":"Person","@id":"https:\/\/ppdegalicia.com\/es\/#\/schema\/person\/5b822c6f59e872ebdd1142f307dbcb59","name":"ppdegaliciaredes","image":{"@type":"ImageObject","inLanguage":"es","@id":"https:\/\/secure.gravatar.com\/avatar\/3c9179cf0256d00c72a48d1f25783c58b6842cd56e85ef3a572881c8e28ccd59?s=96&d=mm&r=g","url":"https:\/\/secure.gravatar.com\/avatar\/3c9179cf0256d00c72a48d1f25783c58b6842cd56e85ef3a572881c8e28ccd59?s=96&d=mm&r=g","contentUrl":"https:\/\/secure.gravatar.com\/avatar\/3c9179cf0256d00c72a48d1f25783c58b6842cd56e85ef3a572881c8e28ccd59?s=96&d=mm&r=g","caption":"ppdegaliciaredes"},"url":"https:\/\/ppdegalicia.com\/es\/author\/ppdegaliciaredes\/"}]}},"_links":{"self":[{"href":"https:\/\/ppdegalicia.com\/es\/wp-json\/wp\/v2\/posts\/55718","targetHints":{"allow":["GET"]}}],"collection":[{"href":"https:\/\/ppdegalicia.com\/es\/wp-json\/wp\/v2\/posts"}],"about":[{"href":"https:\/\/ppdegalicia.com\/es\/wp-json\/wp\/v2\/types\/post"}],"author":[{"embeddable":true,"href":"https:\/\/ppdegalicia.com\/es\/wp-json\/wp\/v2\/users\/38"}],"replies":[{"embeddable":true,"href":"https:\/\/ppdegalicia.com\/es\/wp-json\/wp\/v2\/comments?post=55718"}],"version-history":[{"count":0,"href":"https:\/\/ppdegalicia.com\/es\/wp-json\/wp\/v2\/posts\/55718\/revisions"}],"wp:featuredmedia":[{"embeddable":true,"href":"https:\/\/ppdegalicia.com\/es\/wp-json\/wp\/v2\/media\/55717"}],"wp:attachment":[{"href":"https:\/\/ppdegalicia.com\/es\/wp-json\/wp\/v2\/media?parent=55718"}],"wp:term":[{"taxonomy":"category","embeddable":true,"href":"https:\/\/ppdegalicia.com\/es\/wp-json\/wp\/v2\/categories?post=55718"},{"taxonomy":"post_tag","embeddable":true,"href":"https:\/\/ppdegalicia.com\/es\/wp-json\/wp\/v2\/tags?post=55718"}],"curies":[{"name":"wp","href":"https:\/\/api.w.org\/{rel}","templated":true}]}}