{"id":55740,"date":"2021-05-14T13:04:04","date_gmt":"2021-05-14T11:04:04","guid":{"rendered":"https:\/\/ppdegalicia.com\/o-parlamento-aproba-incluir-criterios-relacionados-coa-proteccion-da-saude-e-a-aplicacion-das-novas-ferramentas-da-nova-lei-de-recuperacion-de-terra-nas-axudas-aos-grupos-de-desenvolvemento-rural\/"},"modified":"2021-05-14T13:04:04","modified_gmt":"2021-05-14T11:04:04","slug":"o-parlamento-aproba-incluir-criterios-relacionados-coa-proteccion-da-saude-e-a-aplicacion-das-novas-ferramentas-da-nova-lei-de-recuperacion-de-terra-nas-axudas-aos-grupos-de-desenvolvemento-rural","status":"publish","type":"post","link":"https:\/\/ppdegalicia.com\/es\/o-parlamento-aproba-incluir-criterios-relacionados-coa-proteccion-da-saude-e-a-aplicacion-das-novas-ferramentas-da-nova-lei-de-recuperacion-de-terra-nas-axudas-aos-grupos-de-desenvolvemento-rural\/","title":{"rendered":"O Parlamento aproba inclu\u00edr criterios relacionados coa  protecci\u00f3n da sa\u00fade e a aplicaci\u00f3n das novas ferramentas da nova Lei de Recuperaci\u00f3n de Terra nas axudas aos Grupos de Desenvolvemento Rural"},"content":{"rendered":"<p><img fetchpriority=\"high\" decoding=\"async\" class=\" size-full wp-image-55739\" src=\"https:\/\/ppdegalicia.com\/wp-content\/uploads\/2021\/05\/8bd452a553c35083d5b88caa23593528.jpg\" alt=\"\" width=\"1900\" height=\"1267\" srcset=\"https:\/\/ppdegalicia.com\/wp-content\/uploads\/2021\/05\/8bd452a553c35083d5b88caa23593528.jpg 1900w, https:\/\/ppdegalicia.com\/wp-content\/uploads\/2021\/05\/8bd452a553c35083d5b88caa23593528-300x200.jpg 300w, https:\/\/ppdegalicia.com\/wp-content\/uploads\/2021\/05\/8bd452a553c35083d5b88caa23593528-1024x683.jpg 1024w, https:\/\/ppdegalicia.com\/wp-content\/uploads\/2021\/05\/8bd452a553c35083d5b88caa23593528-768x512.jpg 768w, https:\/\/ppdegalicia.com\/wp-content\/uploads\/2021\/05\/8bd452a553c35083d5b88caa23593528-1536x1024.jpg 1536w\" sizes=\"(max-width: 1900px) 100vw, 1900px\" \/><\/p>\n<p>Santiago, 14 de maio de 2021- A Comisi\u00f3n de Agricultura, Alimentaci\u00f3n, Gandar\u00eda e Montes do Parlamento de Galicia aprobou hoxe a iniciativa para que nas pr\u00f3ximas convocatorias de axudas dirixidas aos Grupos de Desenvolvemento Rural se incl\u00faan novos criterios que po\u00f1an en valor a recuperaci\u00f3n econ\u00f3mica e social en cuesti\u00f3ns derivadas da incidencia que est\u00e1 tendo a Covid19, a protecci\u00f3n da sa\u00fade, ou mesmo a posibilidade de aplicar as novas ferramentas que contemplar\u00e1 a nova Lei de Recuperaci\u00f3n de Terra.<\/p>\n<p><!--more--><\/p>\n<p>O deputado popular Jos\u00e9 Antonio Armada, encargado de defender a iniciativa, recordou que os GDR\u2019s pos\u00faen unha dilatada experiencia na xesti\u00f3n do desenvovemento e dinamizaci\u00f3n dos territorios rurais, polo que a s\u00faa implicaci\u00f3n e colaboraci\u00f3n son decisivas para concretar medidas a prol da reactivaci\u00f3n econ\u00f3mica e social do noso agro, sobre todo no contexto actual de cara a superar as dificultades provocadas pola emerxencia sanitaria xerada pola pandemia da Covid19.<\/p>\n<p>\u00a0<\/p>\n<p>\u201cCoa implantaci\u00f3n do programa LEADER en todo o territorio rural galego,os 24 GDR puxeron en funcionamento as s\u00faas estratexias de desenvolvemento local, unha aposta clara pola participaci\u00f3n na toma de decisi\u00f3n e por fortalecer a gobernanza local e a animaci\u00f3n social no rural\u201d indicou Jos\u00e9 Antonio Armada, quen indicou que se trata de instrumentos esenciais para a promoci\u00f3n de din\u00e1micas de traballo participativas e a s\u00faa principal funci\u00f3n est\u00e1 na aplicaci\u00f3n das estratexias europeas de desenvolvemento local participativo a trav\u00e9s do programa LEADER\u201d.<\/p>\n<p>\u00a0<\/p>\n<p>Dada a indubidable afectaci\u00f3n pola pandemia, o deputado popular sinalou que Agader considerou imprescindible ter en consideraci\u00f3n estas circunstancias excepcionais, de cara ao cumprimento das obrigas derivadas do mantemento e creaci\u00f3n de emprego recollidas nas resoluci\u00f3ns de concesi\u00f3n de axuda aos proxectos LEADER , subvencionados, e o DOG do 18 de marzo de 2021 xa publicou a modificaci\u00f3n das bases reguladoras das axudas ao abeiro da medida LEADER.<\/p>\n<p>\u00a0<\/p>\n<p>\u201cA tramitaci\u00f3n dunha nova Lei de recuperaci\u00f3n da terra agraria e os novos instrumentos que regula, este programa debe prever a posibilidade de dar soporte a proxectos vinculados a estes instrumentos, tanto aqueles orientados ao aproveitamento agr\u00edcola, gandeiro ou forestal da terra, como son os pol\u00edgonos agroforestais, as agrupaci\u00f3ns e as actuaci\u00f3ns de xesti\u00f3n conxunta e os proxectos de ordenaci\u00f3n produtiva das aldeas modelo, como aqueles destinados a mellorar a calidade de vida da poboaci\u00f3n rural, como son os plans de dinamizaci\u00f3n do n\u00facleo rural das aldeas modelo\u201d indicou Jos\u00e9 Antonio Armada.<\/p>\n<p>\u00a0<\/p>\n<p>Por todo elo, o deputado popular recordou a asignaci\u00f3n da medida LEADER para o per\u00edodo 2014-2020 de 84 mill\u00f3ns de euros e os seus principais obxectivos pasan por mellorar as condici\u00f3ns para crear e manter emprego no medio rural e dotar de servizos \u00e1 poboaci\u00f3n destas zonas, favorecendo a mellora do seu nivel de vida e a inclusi\u00f3n social. <\/p>\n","protected":false},"excerpt":{"rendered":"<p>Santiago, 14 de maio de 2021- A Comisi\u00f3n de Agricultura, Alimentaci\u00f3n, Gandar\u00eda e Montes do Parlamento de Galicia aprobou hoxe a iniciativa para que nas pr\u00f3ximas convocatorias de axudas dirixidas aos Grupos de Desenvolvemento Rural se incl\u00faan novos criterios que po\u00f1an en valor a recuperaci\u00f3n econ\u00f3mica e social en cuesti\u00f3ns derivadas da incidencia que est\u00e1 [&hellip;]<\/p>\n","protected":false},"author":38,"featured_media":55739,"comment_status":"open","ping_status":"open","sticky":false,"template":"","format":"standard","meta":{"_acf_changed":false,"footnotes":""},"categories":[1],"tags":[],"class_list":["post-55740","post","type-post","status-publish","format-standard","has-post-thumbnail","hentry","category-pp-de-galicia"],"acf":[],"yoast_head":"<!-- This site is optimized with the Yoast SEO plugin v27.3 - https:\/\/yoast.com\/product\/yoast-seo-wordpress\/ -->\n<title>O Parlamento aproba inclu\u00edr criterios relacionados coa protecci\u00f3n da sa\u00fade e a aplicaci\u00f3n das novas ferramentas da nova Lei de Recuperaci\u00f3n de Terra nas axudas aos Grupos de Desenvolvemento Rural - PP de Galicia<\/title>\n<meta name=\"robots\" content=\"index, follow, max-snippet:-1, max-image-preview:large, max-video-preview:-1\" \/>\n<link rel=\"canonical\" href=\"https:\/\/ppdegalicia.com\/es\/o-parlamento-aproba-incluir-criterios-relacionados-coa-proteccion-da-saude-e-a-aplicacion-das-novas-ferramentas-da-nova-lei-de-recuperacion-de-terra-nas-axudas-aos-grupos-de-desenvolvemento-rural\/\" \/>\n<meta property=\"og:locale\" content=\"es_ES\" \/>\n<meta property=\"og:type\" content=\"article\" \/>\n<meta property=\"og:title\" content=\"O Parlamento aproba inclu\u00edr criterios relacionados coa protecci\u00f3n da sa\u00fade e a aplicaci\u00f3n das novas ferramentas da nova Lei de Recuperaci\u00f3n de Terra nas axudas aos Grupos de Desenvolvemento Rural - PP de Galicia\" \/>\n<meta property=\"og:description\" content=\"Santiago, 14 de maio de 2021- A Comisi\u00f3n de Agricultura, Alimentaci\u00f3n, Gandar\u00eda e Montes do Parlamento de Galicia aprobou hoxe a iniciativa para que nas pr\u00f3ximas convocatorias de axudas dirixidas aos Grupos de Desenvolvemento Rural se incl\u00faan novos criterios que po\u00f1an en valor a recuperaci\u00f3n econ\u00f3mica e social en cuesti\u00f3ns derivadas da incidencia que est\u00e1 [&hellip;]\" \/>\n<meta property=\"og:url\" content=\"https:\/\/ppdegalicia.com\/es\/o-parlamento-aproba-incluir-criterios-relacionados-coa-proteccion-da-saude-e-a-aplicacion-das-novas-ferramentas-da-nova-lei-de-recuperacion-de-terra-nas-axudas-aos-grupos-de-desenvolvemento-rural\/\" \/>\n<meta property=\"og:site_name\" content=\"PP de Galicia\" \/>\n<meta property=\"article:publisher\" content=\"https:\/\/www.instagram.com\/ppdegalicia\/\" \/>\n<meta property=\"article:published_time\" content=\"2021-05-14T11:04:04+00:00\" \/>\n<meta property=\"og:image\" content=\"https:\/\/ppdegalicia.com\/wp-content\/uploads\/2021\/05\/8bd452a553c35083d5b88caa23593528.jpg\" \/>\n\t<meta property=\"og:image:width\" content=\"1900\" \/>\n\t<meta property=\"og:image:height\" content=\"1267\" \/>\n\t<meta property=\"og:image:type\" content=\"image\/jpeg\" \/>\n<meta name=\"author\" content=\"ppdegaliciaredes\" \/>\n<meta name=\"twitter:card\" content=\"summary_large_image\" \/>\n<meta name=\"twitter:creator\" content=\"@ppdegalicia\" \/>\n<meta name=\"twitter:site\" content=\"@ppdegalicia\" \/>\n<meta name=\"twitter:label1\" content=\"Escrito por\" \/>\n\t<meta name=\"twitter:data1\" content=\"ppdegaliciaredes\" \/>\n\t<meta name=\"twitter:label2\" content=\"Tiempo de lectura\" \/>\n\t<meta name=\"twitter:data2\" content=\"3 minutos\" \/>\n<script type=\"application\/ld+json\" class=\"yoast-schema-graph\">{\"@context\":\"https:\\\/\\\/schema.org\",\"@graph\":[{\"@type\":\"Article\",\"@id\":\"https:\\\/\\\/ppdegalicia.com\\\/es\\\/o-parlamento-aproba-incluir-criterios-relacionados-coa-proteccion-da-saude-e-a-aplicacion-das-novas-ferramentas-da-nova-lei-de-recuperacion-de-terra-nas-axudas-aos-grupos-de-desenvolvemento-rural\\\/#article\",\"isPartOf\":{\"@id\":\"https:\\\/\\\/ppdegalicia.com\\\/es\\\/o-parlamento-aproba-incluir-criterios-relacionados-coa-proteccion-da-saude-e-a-aplicacion-das-novas-ferramentas-da-nova-lei-de-recuperacion-de-terra-nas-axudas-aos-grupos-de-desenvolvemento-rural\\\/\"},\"author\":{\"name\":\"ppdegaliciaredes\",\"@id\":\"https:\\\/\\\/ppdegalicia.com\\\/es\\\/#\\\/schema\\\/person\\\/5b822c6f59e872ebdd1142f307dbcb59\"},\"headline\":\"O Parlamento aproba inclu\u00edr criterios relacionados coa protecci\u00f3n da sa\u00fade e a aplicaci\u00f3n das novas ferramentas da nova Lei de Recuperaci\u00f3n de Terra nas axudas aos Grupos de Desenvolvemento Rural\",\"datePublished\":\"2021-05-14T11:04:04+00:00\",\"mainEntityOfPage\":{\"@id\":\"https:\\\/\\\/ppdegalicia.com\\\/es\\\/o-parlamento-aproba-incluir-criterios-relacionados-coa-proteccion-da-saude-e-a-aplicacion-das-novas-ferramentas-da-nova-lei-de-recuperacion-de-terra-nas-axudas-aos-grupos-de-desenvolvemento-rural\\\/\"},\"wordCount\":536,\"commentCount\":0,\"publisher\":{\"@id\":\"https:\\\/\\\/ppdegalicia.com\\\/es\\\/#organization\"},\"image\":{\"@id\":\"https:\\\/\\\/ppdegalicia.com\\\/es\\\/o-parlamento-aproba-incluir-criterios-relacionados-coa-proteccion-da-saude-e-a-aplicacion-das-novas-ferramentas-da-nova-lei-de-recuperacion-de-terra-nas-axudas-aos-grupos-de-desenvolvemento-rural\\\/#primaryimage\"},\"thumbnailUrl\":\"https:\\\/\\\/ppdegalicia.com\\\/wp-content\\\/uploads\\\/2021\\\/05\\\/8bd452a553c35083d5b88caa23593528.jpg\",\"articleSection\":[\"PP de Galicia\"],\"inLanguage\":\"es\",\"potentialAction\":[{\"@type\":\"CommentAction\",\"name\":\"Comment\",\"target\":[\"https:\\\/\\\/ppdegalicia.com\\\/es\\\/o-parlamento-aproba-incluir-criterios-relacionados-coa-proteccion-da-saude-e-a-aplicacion-das-novas-ferramentas-da-nova-lei-de-recuperacion-de-terra-nas-axudas-aos-grupos-de-desenvolvemento-rural\\\/#respond\"]}]},{\"@type\":\"WebPage\",\"@id\":\"https:\\\/\\\/ppdegalicia.com\\\/es\\\/o-parlamento-aproba-incluir-criterios-relacionados-coa-proteccion-da-saude-e-a-aplicacion-das-novas-ferramentas-da-nova-lei-de-recuperacion-de-terra-nas-axudas-aos-grupos-de-desenvolvemento-rural\\\/\",\"url\":\"https:\\\/\\\/ppdegalicia.com\\\/es\\\/o-parlamento-aproba-incluir-criterios-relacionados-coa-proteccion-da-saude-e-a-aplicacion-das-novas-ferramentas-da-nova-lei-de-recuperacion-de-terra-nas-axudas-aos-grupos-de-desenvolvemento-rural\\\/\",\"name\":\"O Parlamento aproba inclu\u00edr criterios relacionados coa protecci\u00f3n da sa\u00fade e a aplicaci\u00f3n das novas ferramentas da nova Lei de Recuperaci\u00f3n de Terra nas axudas aos Grupos de Desenvolvemento Rural - PP de Galicia\",\"isPartOf\":{\"@id\":\"https:\\\/\\\/ppdegalicia.com\\\/es\\\/#website\"},\"primaryImageOfPage\":{\"@id\":\"https:\\\/\\\/ppdegalicia.com\\\/es\\\/o-parlamento-aproba-incluir-criterios-relacionados-coa-proteccion-da-saude-e-a-aplicacion-das-novas-ferramentas-da-nova-lei-de-recuperacion-de-terra-nas-axudas-aos-grupos-de-desenvolvemento-rural\\\/#primaryimage\"},\"image\":{\"@id\":\"https:\\\/\\\/ppdegalicia.com\\\/es\\\/o-parlamento-aproba-incluir-criterios-relacionados-coa-proteccion-da-saude-e-a-aplicacion-das-novas-ferramentas-da-nova-lei-de-recuperacion-de-terra-nas-axudas-aos-grupos-de-desenvolvemento-rural\\\/#primaryimage\"},\"thumbnailUrl\":\"https:\\\/\\\/ppdegalicia.com\\\/wp-content\\\/uploads\\\/2021\\\/05\\\/8bd452a553c35083d5b88caa23593528.jpg\",\"datePublished\":\"2021-05-14T11:04:04+00:00\",\"breadcrumb\":{\"@id\":\"https:\\\/\\\/ppdegalicia.com\\\/es\\\/o-parlamento-aproba-incluir-criterios-relacionados-coa-proteccion-da-saude-e-a-aplicacion-das-novas-ferramentas-da-nova-lei-de-recuperacion-de-terra-nas-axudas-aos-grupos-de-desenvolvemento-rural\\\/#breadcrumb\"},\"inLanguage\":\"es\",\"potentialAction\":[{\"@type\":\"ReadAction\",\"target\":[\"https:\\\/\\\/ppdegalicia.com\\\/es\\\/o-parlamento-aproba-incluir-criterios-relacionados-coa-proteccion-da-saude-e-a-aplicacion-das-novas-ferramentas-da-nova-lei-de-recuperacion-de-terra-nas-axudas-aos-grupos-de-desenvolvemento-rural\\\/\"]}]},{\"@type\":\"ImageObject\",\"inLanguage\":\"es\",\"@id\":\"https:\\\/\\\/ppdegalicia.com\\\/es\\\/o-parlamento-aproba-incluir-criterios-relacionados-coa-proteccion-da-saude-e-a-aplicacion-das-novas-ferramentas-da-nova-lei-de-recuperacion-de-terra-nas-axudas-aos-grupos-de-desenvolvemento-rural\\\/#primaryimage\",\"url\":\"https:\\\/\\\/ppdegalicia.com\\\/wp-content\\\/uploads\\\/2021\\\/05\\\/8bd452a553c35083d5b88caa23593528.jpg\",\"contentUrl\":\"https:\\\/\\\/ppdegalicia.com\\\/wp-content\\\/uploads\\\/2021\\\/05\\\/8bd452a553c35083d5b88caa23593528.jpg\",\"width\":1900,\"height\":1267},{\"@type\":\"BreadcrumbList\",\"@id\":\"https:\\\/\\\/ppdegalicia.com\\\/es\\\/o-parlamento-aproba-incluir-criterios-relacionados-coa-proteccion-da-saude-e-a-aplicacion-das-novas-ferramentas-da-nova-lei-de-recuperacion-de-terra-nas-axudas-aos-grupos-de-desenvolvemento-rural\\\/#breadcrumb\",\"itemListElement\":[{\"@type\":\"ListItem\",\"position\":1,\"name\":\"Portada\",\"item\":\"https:\\\/\\\/ppdegalicia.com\\\/es\\\/\"},{\"@type\":\"ListItem\",\"position\":2,\"name\":\"O Parlamento aproba inclu\u00edr criterios relacionados coa protecci\u00f3n da sa\u00fade e a aplicaci\u00f3n das novas ferramentas da nova Lei de Recuperaci\u00f3n de Terra nas axudas aos Grupos de Desenvolvemento Rural\"}]},{\"@type\":\"WebSite\",\"@id\":\"https:\\\/\\\/ppdegalicia.com\\\/es\\\/#website\",\"url\":\"https:\\\/\\\/ppdegalicia.com\\\/es\\\/\",\"name\":\"Partido Popular de Galicia\",\"description\":\"Partido Popular de Galicia\",\"publisher\":{\"@id\":\"https:\\\/\\\/ppdegalicia.com\\\/es\\\/#organization\"},\"alternateName\":\"PP de Galicia\",\"potentialAction\":[{\"@type\":\"SearchAction\",\"target\":{\"@type\":\"EntryPoint\",\"urlTemplate\":\"https:\\\/\\\/ppdegalicia.com\\\/es\\\/?s={search_term_string}\"},\"query-input\":{\"@type\":\"PropertyValueSpecification\",\"valueRequired\":true,\"valueName\":\"search_term_string\"}}],\"inLanguage\":\"es\"},{\"@type\":\"Organization\",\"@id\":\"https:\\\/\\\/ppdegalicia.com\\\/es\\\/#organization\",\"name\":\"Partido Popular de Galicia\",\"alternateName\":\"PP de Galicia\",\"url\":\"https:\\\/\\\/ppdegalicia.com\\\/es\\\/\",\"logo\":{\"@type\":\"ImageObject\",\"inLanguage\":\"es\",\"@id\":\"https:\\\/\\\/ppdegalicia.com\\\/es\\\/#\\\/schema\\\/logo\\\/image\\\/\",\"url\":\"https:\\\/\\\/ppdegalicia.com\\\/wp-content\\\/uploads\\\/2023\\\/04\\\/logoPP512.png\",\"contentUrl\":\"https:\\\/\\\/ppdegalicia.com\\\/wp-content\\\/uploads\\\/2023\\\/04\\\/logoPP512.png\",\"width\":512,\"height\":512,\"caption\":\"Partido Popular de Galicia\"},\"image\":{\"@id\":\"https:\\\/\\\/ppdegalicia.com\\\/es\\\/#\\\/schema\\\/logo\\\/image\\\/\"},\"sameAs\":[\"https:\\\/\\\/www.instagram.com\\\/ppdegalicia\\\/\",\"https:\\\/\\\/x.com\\\/ppdegalicia\",\"https:\\\/\\\/www.tiktok.com\\\/@ppdegalicia\",\"https:\\\/\\\/www.youtube.com\\\/user\\\/ppdegalicia\"]},{\"@type\":\"Person\",\"@id\":\"https:\\\/\\\/ppdegalicia.com\\\/es\\\/#\\\/schema\\\/person\\\/5b822c6f59e872ebdd1142f307dbcb59\",\"name\":\"ppdegaliciaredes\",\"image\":{\"@type\":\"ImageObject\",\"inLanguage\":\"es\",\"@id\":\"https:\\\/\\\/secure.gravatar.com\\\/avatar\\\/3c9179cf0256d00c72a48d1f25783c58b6842cd56e85ef3a572881c8e28ccd59?s=96&d=mm&r=g\",\"url\":\"https:\\\/\\\/secure.gravatar.com\\\/avatar\\\/3c9179cf0256d00c72a48d1f25783c58b6842cd56e85ef3a572881c8e28ccd59?s=96&d=mm&r=g\",\"contentUrl\":\"https:\\\/\\\/secure.gravatar.com\\\/avatar\\\/3c9179cf0256d00c72a48d1f25783c58b6842cd56e85ef3a572881c8e28ccd59?s=96&d=mm&r=g\",\"caption\":\"ppdegaliciaredes\"},\"url\":\"https:\\\/\\\/ppdegalicia.com\\\/es\\\/author\\\/ppdegaliciaredes\\\/\"}]}<\/script>\n<!-- \/ Yoast SEO plugin. -->","yoast_head_json":{"title":"O Parlamento aproba inclu\u00edr criterios relacionados coa protecci\u00f3n da sa\u00fade e a aplicaci\u00f3n das novas ferramentas da nova Lei de Recuperaci\u00f3n de Terra nas axudas aos Grupos de Desenvolvemento Rural - PP de Galicia","robots":{"index":"index","follow":"follow","max-snippet":"max-snippet:-1","max-image-preview":"max-image-preview:large","max-video-preview":"max-video-preview:-1"},"canonical":"https:\/\/ppdegalicia.com\/es\/o-parlamento-aproba-incluir-criterios-relacionados-coa-proteccion-da-saude-e-a-aplicacion-das-novas-ferramentas-da-nova-lei-de-recuperacion-de-terra-nas-axudas-aos-grupos-de-desenvolvemento-rural\/","og_locale":"es_ES","og_type":"article","og_title":"O Parlamento aproba inclu\u00edr criterios relacionados coa protecci\u00f3n da sa\u00fade e a aplicaci\u00f3n das novas ferramentas da nova Lei de Recuperaci\u00f3n de Terra nas axudas aos Grupos de Desenvolvemento Rural - PP de Galicia","og_description":"Santiago, 14 de maio de 2021- A Comisi\u00f3n de Agricultura, Alimentaci\u00f3n, Gandar\u00eda e Montes do Parlamento de Galicia aprobou hoxe a iniciativa para que nas pr\u00f3ximas convocatorias de axudas dirixidas aos Grupos de Desenvolvemento Rural se incl\u00faan novos criterios que po\u00f1an en valor a recuperaci\u00f3n econ\u00f3mica e social en cuesti\u00f3ns derivadas da incidencia que est\u00e1 [&hellip;]","og_url":"https:\/\/ppdegalicia.com\/es\/o-parlamento-aproba-incluir-criterios-relacionados-coa-proteccion-da-saude-e-a-aplicacion-das-novas-ferramentas-da-nova-lei-de-recuperacion-de-terra-nas-axudas-aos-grupos-de-desenvolvemento-rural\/","og_site_name":"PP de Galicia","article_publisher":"https:\/\/www.instagram.com\/ppdegalicia\/","article_published_time":"2021-05-14T11:04:04+00:00","og_image":[{"width":1900,"height":1267,"url":"https:\/\/ppdegalicia.com\/wp-content\/uploads\/2021\/05\/8bd452a553c35083d5b88caa23593528.jpg","type":"image\/jpeg"}],"author":"ppdegaliciaredes","twitter_card":"summary_large_image","twitter_creator":"@ppdegalicia","twitter_site":"@ppdegalicia","twitter_misc":{"Escrito por":"ppdegaliciaredes","Tiempo de lectura":"3 minutos"},"schema":{"@context":"https:\/\/schema.org","@graph":[{"@type":"Article","@id":"https:\/\/ppdegalicia.com\/es\/o-parlamento-aproba-incluir-criterios-relacionados-coa-proteccion-da-saude-e-a-aplicacion-das-novas-ferramentas-da-nova-lei-de-recuperacion-de-terra-nas-axudas-aos-grupos-de-desenvolvemento-rural\/#article","isPartOf":{"@id":"https:\/\/ppdegalicia.com\/es\/o-parlamento-aproba-incluir-criterios-relacionados-coa-proteccion-da-saude-e-a-aplicacion-das-novas-ferramentas-da-nova-lei-de-recuperacion-de-terra-nas-axudas-aos-grupos-de-desenvolvemento-rural\/"},"author":{"name":"ppdegaliciaredes","@id":"https:\/\/ppdegalicia.com\/es\/#\/schema\/person\/5b822c6f59e872ebdd1142f307dbcb59"},"headline":"O Parlamento aproba inclu\u00edr criterios relacionados coa protecci\u00f3n da sa\u00fade e a aplicaci\u00f3n das novas ferramentas da nova Lei de Recuperaci\u00f3n de Terra nas axudas aos Grupos de Desenvolvemento Rural","datePublished":"2021-05-14T11:04:04+00:00","mainEntityOfPage":{"@id":"https:\/\/ppdegalicia.com\/es\/o-parlamento-aproba-incluir-criterios-relacionados-coa-proteccion-da-saude-e-a-aplicacion-das-novas-ferramentas-da-nova-lei-de-recuperacion-de-terra-nas-axudas-aos-grupos-de-desenvolvemento-rural\/"},"wordCount":536,"commentCount":0,"publisher":{"@id":"https:\/\/ppdegalicia.com\/es\/#organization"},"image":{"@id":"https:\/\/ppdegalicia.com\/es\/o-parlamento-aproba-incluir-criterios-relacionados-coa-proteccion-da-saude-e-a-aplicacion-das-novas-ferramentas-da-nova-lei-de-recuperacion-de-terra-nas-axudas-aos-grupos-de-desenvolvemento-rural\/#primaryimage"},"thumbnailUrl":"https:\/\/ppdegalicia.com\/wp-content\/uploads\/2021\/05\/8bd452a553c35083d5b88caa23593528.jpg","articleSection":["PP de Galicia"],"inLanguage":"es","potentialAction":[{"@type":"CommentAction","name":"Comment","target":["https:\/\/ppdegalicia.com\/es\/o-parlamento-aproba-incluir-criterios-relacionados-coa-proteccion-da-saude-e-a-aplicacion-das-novas-ferramentas-da-nova-lei-de-recuperacion-de-terra-nas-axudas-aos-grupos-de-desenvolvemento-rural\/#respond"]}]},{"@type":"WebPage","@id":"https:\/\/ppdegalicia.com\/es\/o-parlamento-aproba-incluir-criterios-relacionados-coa-proteccion-da-saude-e-a-aplicacion-das-novas-ferramentas-da-nova-lei-de-recuperacion-de-terra-nas-axudas-aos-grupos-de-desenvolvemento-rural\/","url":"https:\/\/ppdegalicia.com\/es\/o-parlamento-aproba-incluir-criterios-relacionados-coa-proteccion-da-saude-e-a-aplicacion-das-novas-ferramentas-da-nova-lei-de-recuperacion-de-terra-nas-axudas-aos-grupos-de-desenvolvemento-rural\/","name":"O Parlamento aproba inclu\u00edr criterios relacionados coa protecci\u00f3n da sa\u00fade e a aplicaci\u00f3n das novas ferramentas da nova Lei de Recuperaci\u00f3n de Terra nas axudas aos Grupos de Desenvolvemento Rural - PP de Galicia","isPartOf":{"@id":"https:\/\/ppdegalicia.com\/es\/#website"},"primaryImageOfPage":{"@id":"https:\/\/ppdegalicia.com\/es\/o-parlamento-aproba-incluir-criterios-relacionados-coa-proteccion-da-saude-e-a-aplicacion-das-novas-ferramentas-da-nova-lei-de-recuperacion-de-terra-nas-axudas-aos-grupos-de-desenvolvemento-rural\/#primaryimage"},"image":{"@id":"https:\/\/ppdegalicia.com\/es\/o-parlamento-aproba-incluir-criterios-relacionados-coa-proteccion-da-saude-e-a-aplicacion-das-novas-ferramentas-da-nova-lei-de-recuperacion-de-terra-nas-axudas-aos-grupos-de-desenvolvemento-rural\/#primaryimage"},"thumbnailUrl":"https:\/\/ppdegalicia.com\/wp-content\/uploads\/2021\/05\/8bd452a553c35083d5b88caa23593528.jpg","datePublished":"2021-05-14T11:04:04+00:00","breadcrumb":{"@id":"https:\/\/ppdegalicia.com\/es\/o-parlamento-aproba-incluir-criterios-relacionados-coa-proteccion-da-saude-e-a-aplicacion-das-novas-ferramentas-da-nova-lei-de-recuperacion-de-terra-nas-axudas-aos-grupos-de-desenvolvemento-rural\/#breadcrumb"},"inLanguage":"es","potentialAction":[{"@type":"ReadAction","target":["https:\/\/ppdegalicia.com\/es\/o-parlamento-aproba-incluir-criterios-relacionados-coa-proteccion-da-saude-e-a-aplicacion-das-novas-ferramentas-da-nova-lei-de-recuperacion-de-terra-nas-axudas-aos-grupos-de-desenvolvemento-rural\/"]}]},{"@type":"ImageObject","inLanguage":"es","@id":"https:\/\/ppdegalicia.com\/es\/o-parlamento-aproba-incluir-criterios-relacionados-coa-proteccion-da-saude-e-a-aplicacion-das-novas-ferramentas-da-nova-lei-de-recuperacion-de-terra-nas-axudas-aos-grupos-de-desenvolvemento-rural\/#primaryimage","url":"https:\/\/ppdegalicia.com\/wp-content\/uploads\/2021\/05\/8bd452a553c35083d5b88caa23593528.jpg","contentUrl":"https:\/\/ppdegalicia.com\/wp-content\/uploads\/2021\/05\/8bd452a553c35083d5b88caa23593528.jpg","width":1900,"height":1267},{"@type":"BreadcrumbList","@id":"https:\/\/ppdegalicia.com\/es\/o-parlamento-aproba-incluir-criterios-relacionados-coa-proteccion-da-saude-e-a-aplicacion-das-novas-ferramentas-da-nova-lei-de-recuperacion-de-terra-nas-axudas-aos-grupos-de-desenvolvemento-rural\/#breadcrumb","itemListElement":[{"@type":"ListItem","position":1,"name":"Portada","item":"https:\/\/ppdegalicia.com\/es\/"},{"@type":"ListItem","position":2,"name":"O Parlamento aproba inclu\u00edr criterios relacionados coa protecci\u00f3n da sa\u00fade e a aplicaci\u00f3n das novas ferramentas da nova Lei de Recuperaci\u00f3n de Terra nas axudas aos Grupos de Desenvolvemento Rural"}]},{"@type":"WebSite","@id":"https:\/\/ppdegalicia.com\/es\/#website","url":"https:\/\/ppdegalicia.com\/es\/","name":"Partido Popular de Galicia","description":"Partido Popular de Galicia","publisher":{"@id":"https:\/\/ppdegalicia.com\/es\/#organization"},"alternateName":"PP de Galicia","potentialAction":[{"@type":"SearchAction","target":{"@type":"EntryPoint","urlTemplate":"https:\/\/ppdegalicia.com\/es\/?s={search_term_string}"},"query-input":{"@type":"PropertyValueSpecification","valueRequired":true,"valueName":"search_term_string"}}],"inLanguage":"es"},{"@type":"Organization","@id":"https:\/\/ppdegalicia.com\/es\/#organization","name":"Partido Popular de Galicia","alternateName":"PP de Galicia","url":"https:\/\/ppdegalicia.com\/es\/","logo":{"@type":"ImageObject","inLanguage":"es","@id":"https:\/\/ppdegalicia.com\/es\/#\/schema\/logo\/image\/","url":"https:\/\/ppdegalicia.com\/wp-content\/uploads\/2023\/04\/logoPP512.png","contentUrl":"https:\/\/ppdegalicia.com\/wp-content\/uploads\/2023\/04\/logoPP512.png","width":512,"height":512,"caption":"Partido Popular de Galicia"},"image":{"@id":"https:\/\/ppdegalicia.com\/es\/#\/schema\/logo\/image\/"},"sameAs":["https:\/\/www.instagram.com\/ppdegalicia\/","https:\/\/x.com\/ppdegalicia","https:\/\/www.tiktok.com\/@ppdegalicia","https:\/\/www.youtube.com\/user\/ppdegalicia"]},{"@type":"Person","@id":"https:\/\/ppdegalicia.com\/es\/#\/schema\/person\/5b822c6f59e872ebdd1142f307dbcb59","name":"ppdegaliciaredes","image":{"@type":"ImageObject","inLanguage":"es","@id":"https:\/\/secure.gravatar.com\/avatar\/3c9179cf0256d00c72a48d1f25783c58b6842cd56e85ef3a572881c8e28ccd59?s=96&d=mm&r=g","url":"https:\/\/secure.gravatar.com\/avatar\/3c9179cf0256d00c72a48d1f25783c58b6842cd56e85ef3a572881c8e28ccd59?s=96&d=mm&r=g","contentUrl":"https:\/\/secure.gravatar.com\/avatar\/3c9179cf0256d00c72a48d1f25783c58b6842cd56e85ef3a572881c8e28ccd59?s=96&d=mm&r=g","caption":"ppdegaliciaredes"},"url":"https:\/\/ppdegalicia.com\/es\/author\/ppdegaliciaredes\/"}]}},"_links":{"self":[{"href":"https:\/\/ppdegalicia.com\/es\/wp-json\/wp\/v2\/posts\/55740","targetHints":{"allow":["GET"]}}],"collection":[{"href":"https:\/\/ppdegalicia.com\/es\/wp-json\/wp\/v2\/posts"}],"about":[{"href":"https:\/\/ppdegalicia.com\/es\/wp-json\/wp\/v2\/types\/post"}],"author":[{"embeddable":true,"href":"https:\/\/ppdegalicia.com\/es\/wp-json\/wp\/v2\/users\/38"}],"replies":[{"embeddable":true,"href":"https:\/\/ppdegalicia.com\/es\/wp-json\/wp\/v2\/comments?post=55740"}],"version-history":[{"count":0,"href":"https:\/\/ppdegalicia.com\/es\/wp-json\/wp\/v2\/posts\/55740\/revisions"}],"wp:featuredmedia":[{"embeddable":true,"href":"https:\/\/ppdegalicia.com\/es\/wp-json\/wp\/v2\/media\/55739"}],"wp:attachment":[{"href":"https:\/\/ppdegalicia.com\/es\/wp-json\/wp\/v2\/media?parent=55740"}],"wp:term":[{"taxonomy":"category","embeddable":true,"href":"https:\/\/ppdegalicia.com\/es\/wp-json\/wp\/v2\/categories?post=55740"},{"taxonomy":"post_tag","embeddable":true,"href":"https:\/\/ppdegalicia.com\/es\/wp-json\/wp\/v2\/tags?post=55740"}],"curies":[{"name":"wp","href":"https:\/\/api.w.org\/{rel}","templated":true}]}}