{"id":55752,"date":"2021-05-19T09:47:16","date_gmt":"2021-05-19T07:47:16","guid":{"rendered":"https:\/\/ppdegalicia.com\/impulso-da-aprobacion-do-decreto-do-concerto-social\/"},"modified":"2021-05-19T09:47:16","modified_gmt":"2021-05-19T07:47:16","slug":"impulso-da-aprobacion-do-decreto-do-concerto-social","status":"publish","type":"post","link":"https:\/\/ppdegalicia.com\/es\/impulso-da-aprobacion-do-decreto-do-concerto-social\/","title":{"rendered":"Impulso da aprobaci\u00f3n do decreto do concerto social"},"content":{"rendered":"<p><img fetchpriority=\"high\" decoding=\"async\" class=\" size-full wp-image-55751\" src=\"https:\/\/ppdegalicia.com\/wp-content\/uploads\/2021\/05\/679aa550c461b354cef4c5f72fe8c7ab-scaled.jpg\" alt=\"\" width=\"2560\" height=\"1920\" srcset=\"https:\/\/ppdegalicia.com\/wp-content\/uploads\/2021\/05\/679aa550c461b354cef4c5f72fe8c7ab-scaled.jpg 2560w, https:\/\/ppdegalicia.com\/wp-content\/uploads\/2021\/05\/679aa550c461b354cef4c5f72fe8c7ab-300x225.jpg 300w, https:\/\/ppdegalicia.com\/wp-content\/uploads\/2021\/05\/679aa550c461b354cef4c5f72fe8c7ab-1024x768.jpg 1024w, https:\/\/ppdegalicia.com\/wp-content\/uploads\/2021\/05\/679aa550c461b354cef4c5f72fe8c7ab-768x576.jpg 768w, https:\/\/ppdegalicia.com\/wp-content\/uploads\/2021\/05\/679aa550c461b354cef4c5f72fe8c7ab-1536x1152.jpg 1536w, https:\/\/ppdegalicia.com\/wp-content\/uploads\/2021\/05\/679aa550c461b354cef4c5f72fe8c7ab-2048x1536.jpg 2048w\" sizes=\"(max-width: 2560px) 100vw, 2560px\" \/><\/p>\n<p>\u00a0<\/p>\n<p>\u00a0Iniciativa sobre o impulso polo Goberno galego da aprobaci\u00f3n do decreto do concerto social<\/p>\n<p><!--more--><\/p>\n<p>A Constituci\u00f3n espa\u00f1ola, no seu artigo 148.1.20\u00ba, establece que as comunidades aut\u00f3nomas poder\u00e1n asumir competencias en materia de asistencia social. En virtude disto, o Estatuto de autonom\u00eda de Galicia, no seu artigo 27.23, recolle a competencia exclusiva da Comunidade Aut\u00f3noma de Galicia en materia de asistencia social.<\/p>\n<p>Esta competencia exclusiva desenvolveuse mediante a Lei 13\/2008, do 3 de decembro, de servizos sociais de Galicia, que estrutura e regula como servizo p\u00fablico os servizos sociais de Galicia para a construci\u00f3n do Sistema Galego de Benestar.<\/p>\n<p>Neste proceso de adaptaci\u00f3n permanente a Lei 8\/2016, do 8 de xullo, pola que se modifica a Lei 13\/2008, do 3 de decembro, de servizos sociais de Galicia introduce no t\u00edtulo II o concerto social como forma de prestaci\u00f3n de servizos sociais.<\/p>\n<p>Desta forma o concerto social conv\u00e9rtese nun instrumento innovador de financiaci\u00f3n de programas e servizos sociais no \u00e1mbito da Comunidade Aut\u00f3noma de Galicia, id\u00f3neoa prestaci\u00f3n duns servizos estables e de calidade para a cidadan\u00eda.<\/p>\n<p>\u00a0<\/p>\n<p>Esta figura do concerto social aparece como unha modalidade diferenciada do concerto xeral recollido na norma xeral de contratos do sector p\u00fablico. Con isto d\u00f3tase a administraci\u00f3n auton\u00f3mica dun novo mecanismo que permite impulsar as s\u00faas relaci\u00f3ns coas entidades prestadoras de servizos sociais e acadar unha maior seguridade xur\u00eddica nas actividades econ\u00f3micas deste sector. En definitiva, tr\u00e1tase dunha f\u00f3rmula flexible cunha alta capacidade de adaptaci\u00f3n \u00e1s necesidades que van xurdindo.<\/p>\n<p>Os concertos sociais en Galicia te\u00f1en por obxecto a reserva e ocupaci\u00f3n de prazas para uso exclusivo das persoas usuarias de servizos sociais ou dos colectivos vulnerables, a xesti\u00f3n integral de prestaci\u00f3ns t\u00e9cnicas, tecnol\u00f3xicas, de servizos, programas ou centros.<\/p>\n<p>Neste sentido, o pasado mes de xullo, o Presidente do Goberno galego avanzou que a Xunta remitir\u00eda ao Consello Consultivo de Galicia o Decreto de Concerto Social, que facilitar\u00e1 a prestaci\u00f3n de servizos p\u00fablicos a trav\u00e9s de entidades sociais, axilizando e flexibilizando a s\u00faa posta a disposici\u00f3n dos cidad\u00e1ns.<\/p>\n<p>\u00a0<\/p>\n<p>Este avance normativo, moi demandado polas entidades sociais, facilitar\u00e1 a creaci\u00f3n dunha bolsa de entidades que est\u00e1n en condici\u00f3ns de ofrecer prazas a partir duns criterios preestablecidos. Isto redundar\u00e1 nunha mellora da calidade dos servizos respecto do r\u00e9xime de contratos actual, e nunha maior defensa dos intereses das persoas usuarias e da s\u00faa contorna socio-familiar.<\/p>\n<p>Asemade, con este instrumento darase prioridade na contrataci\u00f3n \u00e1s entidades de iniciativa social, flexibil\u00edzase a creaci\u00f3n de prazas p\u00fablicas e axil\u00edzase a oferta de servizos \u00e1s persoas que o necesitan. O novo sistema de concerto social promover\u00e1 unha atenci\u00f3n integral \u00e1s persoas usuarias que preserve o seu nivel de autonom\u00eda persoal, posibilitando a permanencia de aquelas na s\u00faa contorna habitual.<\/p>\n<p>A s\u00faa vez o establecemento de concertos sociais incorporar\u00e1 na provisi\u00f3n dos servizos sociais os principios de atenci\u00f3n personalizada e integral, arraigo da persoa no entorno de atenci\u00f3n social, elecci\u00f3n da persoa e continuidade na atenci\u00f3n no seu ciclo de vida e calidade.<\/p>\n<p>Por todo o dito anteriormente, o Grupo Parlamentario Popular presenta a seguinte proposici\u00f3n non de lei en Comisi\u00f3n:<\/p>\n<p><strong>\u201cO Parlamento de Galicia insta \u00e1 Xunta de Galicia a que impulse a aprobaci\u00f3n do Decreto do Concerto Social\u201d.<\/strong><\/p>\n<p>\u00a0<\/p>\n<p>\u00a0<\/p>\n<p><strong>Rexistro:\u00a0<a href=\"https:\/\/www.parlamentodegalicia.es\/Expedientes\/11\/PNC-000634\">https:\/\/www.parlamentodegalicia.es\/Expedientes\/11\/PNC-000634<\/a><\/strong><\/p>\n<p>\u00a0<\/p>\n","protected":false},"excerpt":{"rendered":"<p>\u00a0 \u00a0Iniciativa sobre o impulso polo Goberno galego da aprobaci\u00f3n do decreto do concerto social<\/p>\n","protected":false},"author":38,"featured_media":55751,"comment_status":"open","ping_status":"open","sticky":false,"template":"","format":"standard","meta":{"_acf_changed":false,"footnotes":""},"categories":[1128,1],"tags":[],"class_list":["post-55752","post","type-post","status-publish","format-standard","has-post-thumbnail","hentry","category-actualidad-parlamento-de-galicia","category-pp-de-galicia"],"acf":[],"yoast_head":"<!-- This site is optimized with the Yoast SEO plugin v27.3 - https:\/\/yoast.com\/product\/yoast-seo-wordpress\/ -->\n<title>Impulso da aprobaci\u00f3n do decreto do concerto social - PP de Galicia<\/title>\n<meta name=\"robots\" content=\"index, follow, max-snippet:-1, max-image-preview:large, max-video-preview:-1\" \/>\n<link rel=\"canonical\" href=\"https:\/\/ppdegalicia.com\/es\/impulso-da-aprobacion-do-decreto-do-concerto-social\/\" \/>\n<meta property=\"og:locale\" content=\"es_ES\" \/>\n<meta property=\"og:type\" content=\"article\" \/>\n<meta property=\"og:title\" content=\"Impulso da aprobaci\u00f3n do decreto do concerto social - PP de Galicia\" \/>\n<meta property=\"og:description\" content=\"\u00a0 \u00a0Iniciativa sobre o impulso polo Goberno galego da aprobaci\u00f3n do decreto do concerto social\" \/>\n<meta property=\"og:url\" content=\"https:\/\/ppdegalicia.com\/es\/impulso-da-aprobacion-do-decreto-do-concerto-social\/\" \/>\n<meta property=\"og:site_name\" content=\"PP de Galicia\" \/>\n<meta property=\"article:publisher\" content=\"https:\/\/www.instagram.com\/ppdegalicia\/\" \/>\n<meta property=\"article:published_time\" content=\"2021-05-19T07:47:16+00:00\" \/>\n<meta property=\"og:image\" content=\"https:\/\/ppdegalicia.com\/wp-content\/uploads\/2021\/05\/679aa550c461b354cef4c5f72fe8c7ab-scaled.jpg\" \/>\n\t<meta property=\"og:image:width\" content=\"2560\" \/>\n\t<meta property=\"og:image:height\" content=\"1920\" \/>\n\t<meta property=\"og:image:type\" content=\"image\/jpeg\" \/>\n<meta name=\"author\" content=\"ppdegaliciaredes\" \/>\n<meta name=\"twitter:card\" content=\"summary_large_image\" \/>\n<meta name=\"twitter:creator\" content=\"@ppdegalicia\" \/>\n<meta name=\"twitter:site\" content=\"@ppdegalicia\" \/>\n<meta name=\"twitter:label1\" content=\"Escrito por\" \/>\n\t<meta name=\"twitter:data1\" content=\"ppdegaliciaredes\" \/>\n\t<meta name=\"twitter:label2\" content=\"Tiempo de lectura\" \/>\n\t<meta name=\"twitter:data2\" content=\"3 minutos\" \/>\n<script type=\"application\/ld+json\" class=\"yoast-schema-graph\">{\"@context\":\"https:\\\/\\\/schema.org\",\"@graph\":[{\"@type\":\"Article\",\"@id\":\"https:\\\/\\\/ppdegalicia.com\\\/es\\\/impulso-da-aprobacion-do-decreto-do-concerto-social\\\/#article\",\"isPartOf\":{\"@id\":\"https:\\\/\\\/ppdegalicia.com\\\/es\\\/impulso-da-aprobacion-do-decreto-do-concerto-social\\\/\"},\"author\":{\"name\":\"ppdegaliciaredes\",\"@id\":\"https:\\\/\\\/ppdegalicia.com\\\/es\\\/#\\\/schema\\\/person\\\/5b822c6f59e872ebdd1142f307dbcb59\"},\"headline\":\"Impulso da aprobaci\u00f3n do decreto do concerto social\",\"datePublished\":\"2021-05-19T07:47:16+00:00\",\"mainEntityOfPage\":{\"@id\":\"https:\\\/\\\/ppdegalicia.com\\\/es\\\/impulso-da-aprobacion-do-decreto-do-concerto-social\\\/\"},\"wordCount\":598,\"commentCount\":0,\"publisher\":{\"@id\":\"https:\\\/\\\/ppdegalicia.com\\\/es\\\/#organization\"},\"image\":{\"@id\":\"https:\\\/\\\/ppdegalicia.com\\\/es\\\/impulso-da-aprobacion-do-decreto-do-concerto-social\\\/#primaryimage\"},\"thumbnailUrl\":\"https:\\\/\\\/ppdegalicia.com\\\/wp-content\\\/uploads\\\/2021\\\/05\\\/679aa550c461b354cef4c5f72fe8c7ab-scaled.jpg\",\"articleSection\":[\"Parlamento de Galicia\",\"PP de Galicia\"],\"inLanguage\":\"es\",\"potentialAction\":[{\"@type\":\"CommentAction\",\"name\":\"Comment\",\"target\":[\"https:\\\/\\\/ppdegalicia.com\\\/es\\\/impulso-da-aprobacion-do-decreto-do-concerto-social\\\/#respond\"]}]},{\"@type\":\"WebPage\",\"@id\":\"https:\\\/\\\/ppdegalicia.com\\\/es\\\/impulso-da-aprobacion-do-decreto-do-concerto-social\\\/\",\"url\":\"https:\\\/\\\/ppdegalicia.com\\\/es\\\/impulso-da-aprobacion-do-decreto-do-concerto-social\\\/\",\"name\":\"Impulso da aprobaci\u00f3n do decreto do concerto social - PP de Galicia\",\"isPartOf\":{\"@id\":\"https:\\\/\\\/ppdegalicia.com\\\/es\\\/#website\"},\"primaryImageOfPage\":{\"@id\":\"https:\\\/\\\/ppdegalicia.com\\\/es\\\/impulso-da-aprobacion-do-decreto-do-concerto-social\\\/#primaryimage\"},\"image\":{\"@id\":\"https:\\\/\\\/ppdegalicia.com\\\/es\\\/impulso-da-aprobacion-do-decreto-do-concerto-social\\\/#primaryimage\"},\"thumbnailUrl\":\"https:\\\/\\\/ppdegalicia.com\\\/wp-content\\\/uploads\\\/2021\\\/05\\\/679aa550c461b354cef4c5f72fe8c7ab-scaled.jpg\",\"datePublished\":\"2021-05-19T07:47:16+00:00\",\"breadcrumb\":{\"@id\":\"https:\\\/\\\/ppdegalicia.com\\\/es\\\/impulso-da-aprobacion-do-decreto-do-concerto-social\\\/#breadcrumb\"},\"inLanguage\":\"es\",\"potentialAction\":[{\"@type\":\"ReadAction\",\"target\":[\"https:\\\/\\\/ppdegalicia.com\\\/es\\\/impulso-da-aprobacion-do-decreto-do-concerto-social\\\/\"]}]},{\"@type\":\"ImageObject\",\"inLanguage\":\"es\",\"@id\":\"https:\\\/\\\/ppdegalicia.com\\\/es\\\/impulso-da-aprobacion-do-decreto-do-concerto-social\\\/#primaryimage\",\"url\":\"https:\\\/\\\/ppdegalicia.com\\\/wp-content\\\/uploads\\\/2021\\\/05\\\/679aa550c461b354cef4c5f72fe8c7ab-scaled.jpg\",\"contentUrl\":\"https:\\\/\\\/ppdegalicia.com\\\/wp-content\\\/uploads\\\/2021\\\/05\\\/679aa550c461b354cef4c5f72fe8c7ab-scaled.jpg\",\"width\":2560,\"height\":1920},{\"@type\":\"BreadcrumbList\",\"@id\":\"https:\\\/\\\/ppdegalicia.com\\\/es\\\/impulso-da-aprobacion-do-decreto-do-concerto-social\\\/#breadcrumb\",\"itemListElement\":[{\"@type\":\"ListItem\",\"position\":1,\"name\":\"Portada\",\"item\":\"https:\\\/\\\/ppdegalicia.com\\\/es\\\/\"},{\"@type\":\"ListItem\",\"position\":2,\"name\":\"Impulso da aprobaci\u00f3n do decreto do concerto social\"}]},{\"@type\":\"WebSite\",\"@id\":\"https:\\\/\\\/ppdegalicia.com\\\/es\\\/#website\",\"url\":\"https:\\\/\\\/ppdegalicia.com\\\/es\\\/\",\"name\":\"Partido Popular de Galicia\",\"description\":\"Partido Popular de Galicia\",\"publisher\":{\"@id\":\"https:\\\/\\\/ppdegalicia.com\\\/es\\\/#organization\"},\"alternateName\":\"PP de Galicia\",\"potentialAction\":[{\"@type\":\"SearchAction\",\"target\":{\"@type\":\"EntryPoint\",\"urlTemplate\":\"https:\\\/\\\/ppdegalicia.com\\\/es\\\/?s={search_term_string}\"},\"query-input\":{\"@type\":\"PropertyValueSpecification\",\"valueRequired\":true,\"valueName\":\"search_term_string\"}}],\"inLanguage\":\"es\"},{\"@type\":\"Organization\",\"@id\":\"https:\\\/\\\/ppdegalicia.com\\\/es\\\/#organization\",\"name\":\"Partido Popular de Galicia\",\"alternateName\":\"PP de Galicia\",\"url\":\"https:\\\/\\\/ppdegalicia.com\\\/es\\\/\",\"logo\":{\"@type\":\"ImageObject\",\"inLanguage\":\"es\",\"@id\":\"https:\\\/\\\/ppdegalicia.com\\\/es\\\/#\\\/schema\\\/logo\\\/image\\\/\",\"url\":\"https:\\\/\\\/ppdegalicia.com\\\/wp-content\\\/uploads\\\/2023\\\/04\\\/logoPP512.png\",\"contentUrl\":\"https:\\\/\\\/ppdegalicia.com\\\/wp-content\\\/uploads\\\/2023\\\/04\\\/logoPP512.png\",\"width\":512,\"height\":512,\"caption\":\"Partido Popular de Galicia\"},\"image\":{\"@id\":\"https:\\\/\\\/ppdegalicia.com\\\/es\\\/#\\\/schema\\\/logo\\\/image\\\/\"},\"sameAs\":[\"https:\\\/\\\/www.instagram.com\\\/ppdegalicia\\\/\",\"https:\\\/\\\/x.com\\\/ppdegalicia\",\"https:\\\/\\\/www.tiktok.com\\\/@ppdegalicia\",\"https:\\\/\\\/www.youtube.com\\\/user\\\/ppdegalicia\"]},{\"@type\":\"Person\",\"@id\":\"https:\\\/\\\/ppdegalicia.com\\\/es\\\/#\\\/schema\\\/person\\\/5b822c6f59e872ebdd1142f307dbcb59\",\"name\":\"ppdegaliciaredes\",\"image\":{\"@type\":\"ImageObject\",\"inLanguage\":\"es\",\"@id\":\"https:\\\/\\\/secure.gravatar.com\\\/avatar\\\/3c9179cf0256d00c72a48d1f25783c58b6842cd56e85ef3a572881c8e28ccd59?s=96&d=mm&r=g\",\"url\":\"https:\\\/\\\/secure.gravatar.com\\\/avatar\\\/3c9179cf0256d00c72a48d1f25783c58b6842cd56e85ef3a572881c8e28ccd59?s=96&d=mm&r=g\",\"contentUrl\":\"https:\\\/\\\/secure.gravatar.com\\\/avatar\\\/3c9179cf0256d00c72a48d1f25783c58b6842cd56e85ef3a572881c8e28ccd59?s=96&d=mm&r=g\",\"caption\":\"ppdegaliciaredes\"},\"url\":\"https:\\\/\\\/ppdegalicia.com\\\/es\\\/author\\\/ppdegaliciaredes\\\/\"}]}<\/script>\n<!-- \/ Yoast SEO plugin. -->","yoast_head_json":{"title":"Impulso da aprobaci\u00f3n do decreto do concerto social - PP de Galicia","robots":{"index":"index","follow":"follow","max-snippet":"max-snippet:-1","max-image-preview":"max-image-preview:large","max-video-preview":"max-video-preview:-1"},"canonical":"https:\/\/ppdegalicia.com\/es\/impulso-da-aprobacion-do-decreto-do-concerto-social\/","og_locale":"es_ES","og_type":"article","og_title":"Impulso da aprobaci\u00f3n do decreto do concerto social - PP de Galicia","og_description":"\u00a0 \u00a0Iniciativa sobre o impulso polo Goberno galego da aprobaci\u00f3n do decreto do concerto social","og_url":"https:\/\/ppdegalicia.com\/es\/impulso-da-aprobacion-do-decreto-do-concerto-social\/","og_site_name":"PP de Galicia","article_publisher":"https:\/\/www.instagram.com\/ppdegalicia\/","article_published_time":"2021-05-19T07:47:16+00:00","og_image":[{"width":2560,"height":1920,"url":"https:\/\/ppdegalicia.com\/wp-content\/uploads\/2021\/05\/679aa550c461b354cef4c5f72fe8c7ab-scaled.jpg","type":"image\/jpeg"}],"author":"ppdegaliciaredes","twitter_card":"summary_large_image","twitter_creator":"@ppdegalicia","twitter_site":"@ppdegalicia","twitter_misc":{"Escrito por":"ppdegaliciaredes","Tiempo de lectura":"3 minutos"},"schema":{"@context":"https:\/\/schema.org","@graph":[{"@type":"Article","@id":"https:\/\/ppdegalicia.com\/es\/impulso-da-aprobacion-do-decreto-do-concerto-social\/#article","isPartOf":{"@id":"https:\/\/ppdegalicia.com\/es\/impulso-da-aprobacion-do-decreto-do-concerto-social\/"},"author":{"name":"ppdegaliciaredes","@id":"https:\/\/ppdegalicia.com\/es\/#\/schema\/person\/5b822c6f59e872ebdd1142f307dbcb59"},"headline":"Impulso da aprobaci\u00f3n do decreto do concerto social","datePublished":"2021-05-19T07:47:16+00:00","mainEntityOfPage":{"@id":"https:\/\/ppdegalicia.com\/es\/impulso-da-aprobacion-do-decreto-do-concerto-social\/"},"wordCount":598,"commentCount":0,"publisher":{"@id":"https:\/\/ppdegalicia.com\/es\/#organization"},"image":{"@id":"https:\/\/ppdegalicia.com\/es\/impulso-da-aprobacion-do-decreto-do-concerto-social\/#primaryimage"},"thumbnailUrl":"https:\/\/ppdegalicia.com\/wp-content\/uploads\/2021\/05\/679aa550c461b354cef4c5f72fe8c7ab-scaled.jpg","articleSection":["Parlamento de Galicia","PP de Galicia"],"inLanguage":"es","potentialAction":[{"@type":"CommentAction","name":"Comment","target":["https:\/\/ppdegalicia.com\/es\/impulso-da-aprobacion-do-decreto-do-concerto-social\/#respond"]}]},{"@type":"WebPage","@id":"https:\/\/ppdegalicia.com\/es\/impulso-da-aprobacion-do-decreto-do-concerto-social\/","url":"https:\/\/ppdegalicia.com\/es\/impulso-da-aprobacion-do-decreto-do-concerto-social\/","name":"Impulso da aprobaci\u00f3n do decreto do concerto social - PP de Galicia","isPartOf":{"@id":"https:\/\/ppdegalicia.com\/es\/#website"},"primaryImageOfPage":{"@id":"https:\/\/ppdegalicia.com\/es\/impulso-da-aprobacion-do-decreto-do-concerto-social\/#primaryimage"},"image":{"@id":"https:\/\/ppdegalicia.com\/es\/impulso-da-aprobacion-do-decreto-do-concerto-social\/#primaryimage"},"thumbnailUrl":"https:\/\/ppdegalicia.com\/wp-content\/uploads\/2021\/05\/679aa550c461b354cef4c5f72fe8c7ab-scaled.jpg","datePublished":"2021-05-19T07:47:16+00:00","breadcrumb":{"@id":"https:\/\/ppdegalicia.com\/es\/impulso-da-aprobacion-do-decreto-do-concerto-social\/#breadcrumb"},"inLanguage":"es","potentialAction":[{"@type":"ReadAction","target":["https:\/\/ppdegalicia.com\/es\/impulso-da-aprobacion-do-decreto-do-concerto-social\/"]}]},{"@type":"ImageObject","inLanguage":"es","@id":"https:\/\/ppdegalicia.com\/es\/impulso-da-aprobacion-do-decreto-do-concerto-social\/#primaryimage","url":"https:\/\/ppdegalicia.com\/wp-content\/uploads\/2021\/05\/679aa550c461b354cef4c5f72fe8c7ab-scaled.jpg","contentUrl":"https:\/\/ppdegalicia.com\/wp-content\/uploads\/2021\/05\/679aa550c461b354cef4c5f72fe8c7ab-scaled.jpg","width":2560,"height":1920},{"@type":"BreadcrumbList","@id":"https:\/\/ppdegalicia.com\/es\/impulso-da-aprobacion-do-decreto-do-concerto-social\/#breadcrumb","itemListElement":[{"@type":"ListItem","position":1,"name":"Portada","item":"https:\/\/ppdegalicia.com\/es\/"},{"@type":"ListItem","position":2,"name":"Impulso da aprobaci\u00f3n do decreto do concerto social"}]},{"@type":"WebSite","@id":"https:\/\/ppdegalicia.com\/es\/#website","url":"https:\/\/ppdegalicia.com\/es\/","name":"Partido Popular de Galicia","description":"Partido Popular de Galicia","publisher":{"@id":"https:\/\/ppdegalicia.com\/es\/#organization"},"alternateName":"PP de Galicia","potentialAction":[{"@type":"SearchAction","target":{"@type":"EntryPoint","urlTemplate":"https:\/\/ppdegalicia.com\/es\/?s={search_term_string}"},"query-input":{"@type":"PropertyValueSpecification","valueRequired":true,"valueName":"search_term_string"}}],"inLanguage":"es"},{"@type":"Organization","@id":"https:\/\/ppdegalicia.com\/es\/#organization","name":"Partido Popular de Galicia","alternateName":"PP de Galicia","url":"https:\/\/ppdegalicia.com\/es\/","logo":{"@type":"ImageObject","inLanguage":"es","@id":"https:\/\/ppdegalicia.com\/es\/#\/schema\/logo\/image\/","url":"https:\/\/ppdegalicia.com\/wp-content\/uploads\/2023\/04\/logoPP512.png","contentUrl":"https:\/\/ppdegalicia.com\/wp-content\/uploads\/2023\/04\/logoPP512.png","width":512,"height":512,"caption":"Partido Popular de Galicia"},"image":{"@id":"https:\/\/ppdegalicia.com\/es\/#\/schema\/logo\/image\/"},"sameAs":["https:\/\/www.instagram.com\/ppdegalicia\/","https:\/\/x.com\/ppdegalicia","https:\/\/www.tiktok.com\/@ppdegalicia","https:\/\/www.youtube.com\/user\/ppdegalicia"]},{"@type":"Person","@id":"https:\/\/ppdegalicia.com\/es\/#\/schema\/person\/5b822c6f59e872ebdd1142f307dbcb59","name":"ppdegaliciaredes","image":{"@type":"ImageObject","inLanguage":"es","@id":"https:\/\/secure.gravatar.com\/avatar\/3c9179cf0256d00c72a48d1f25783c58b6842cd56e85ef3a572881c8e28ccd59?s=96&d=mm&r=g","url":"https:\/\/secure.gravatar.com\/avatar\/3c9179cf0256d00c72a48d1f25783c58b6842cd56e85ef3a572881c8e28ccd59?s=96&d=mm&r=g","contentUrl":"https:\/\/secure.gravatar.com\/avatar\/3c9179cf0256d00c72a48d1f25783c58b6842cd56e85ef3a572881c8e28ccd59?s=96&d=mm&r=g","caption":"ppdegaliciaredes"},"url":"https:\/\/ppdegalicia.com\/es\/author\/ppdegaliciaredes\/"}]}},"_links":{"self":[{"href":"https:\/\/ppdegalicia.com\/es\/wp-json\/wp\/v2\/posts\/55752","targetHints":{"allow":["GET"]}}],"collection":[{"href":"https:\/\/ppdegalicia.com\/es\/wp-json\/wp\/v2\/posts"}],"about":[{"href":"https:\/\/ppdegalicia.com\/es\/wp-json\/wp\/v2\/types\/post"}],"author":[{"embeddable":true,"href":"https:\/\/ppdegalicia.com\/es\/wp-json\/wp\/v2\/users\/38"}],"replies":[{"embeddable":true,"href":"https:\/\/ppdegalicia.com\/es\/wp-json\/wp\/v2\/comments?post=55752"}],"version-history":[{"count":0,"href":"https:\/\/ppdegalicia.com\/es\/wp-json\/wp\/v2\/posts\/55752\/revisions"}],"wp:featuredmedia":[{"embeddable":true,"href":"https:\/\/ppdegalicia.com\/es\/wp-json\/wp\/v2\/media\/55751"}],"wp:attachment":[{"href":"https:\/\/ppdegalicia.com\/es\/wp-json\/wp\/v2\/media?parent=55752"}],"wp:term":[{"taxonomy":"category","embeddable":true,"href":"https:\/\/ppdegalicia.com\/es\/wp-json\/wp\/v2\/categories?post=55752"},{"taxonomy":"post_tag","embeddable":true,"href":"https:\/\/ppdegalicia.com\/es\/wp-json\/wp\/v2\/tags?post=55752"}],"curies":[{"name":"wp","href":"https:\/\/api.w.org\/{rel}","templated":true}]}}