{"id":55756,"date":"2021-05-19T10:58:14","date_gmt":"2021-05-19T08:58:14","guid":{"rendered":"https:\/\/ppdegalicia.com\/devolucion-a-galicia-do-ive-de-novembro-de-2017-e-que-se-faga-extensiva-a-todos-os-concellos-e-deputacions-provinciais-galegos\/"},"modified":"2021-05-19T10:58:14","modified_gmt":"2021-05-19T08:58:14","slug":"devolucion-a-galicia-do-ive-de-novembro-de-2017-e-que-se-faga-extensiva-a-todos-os-concellos-e-deputacions-provinciais-galegos","status":"publish","type":"post","link":"https:\/\/ppdegalicia.com\/es\/devolucion-a-galicia-do-ive-de-novembro-de-2017-e-que-se-faga-extensiva-a-todos-os-concellos-e-deputacions-provinciais-galegos\/","title":{"rendered":"Devoluci\u00f3n a Galicia do IVE de novembro de 2017 e que se faga extensiva a todos os concellos e deputaci\u00f3ns provinciais galegos"},"content":{"rendered":"<p><img fetchpriority=\"high\" decoding=\"async\" class=\" size-full wp-image-55755\" src=\"https:\/\/ppdegalicia.com\/wp-content\/uploads\/2021\/05\/df5c103d684de73fb06b5a1cedf6d0f9-scaled.jpg\" alt=\"\" width=\"2560\" height=\"1707\" srcset=\"https:\/\/ppdegalicia.com\/wp-content\/uploads\/2021\/05\/df5c103d684de73fb06b5a1cedf6d0f9-scaled.jpg 2560w, https:\/\/ppdegalicia.com\/wp-content\/uploads\/2021\/05\/df5c103d684de73fb06b5a1cedf6d0f9-300x200.jpg 300w, https:\/\/ppdegalicia.com\/wp-content\/uploads\/2021\/05\/df5c103d684de73fb06b5a1cedf6d0f9-1024x683.jpg 1024w, https:\/\/ppdegalicia.com\/wp-content\/uploads\/2021\/05\/df5c103d684de73fb06b5a1cedf6d0f9-768x512.jpg 768w, https:\/\/ppdegalicia.com\/wp-content\/uploads\/2021\/05\/df5c103d684de73fb06b5a1cedf6d0f9-1536x1024.jpg 1536w, https:\/\/ppdegalicia.com\/wp-content\/uploads\/2021\/05\/df5c103d684de73fb06b5a1cedf6d0f9-2048x1365.jpg 2048w\" sizes=\"(max-width: 2560px) 100vw, 2560px\" \/><\/p>\n<p>Iniciativa sobre as actuaci\u00f3ns que debe levar a cabo a Xunta de Galicia para demandar do Goerno central que a devoluci\u00f3n do IVE de novembro dse faga extensiva a todos os concellos e deputaci\u00f3ns galegas\u00a0<\/p>\n<p><!--more--><\/p>\n<p>A mensualidade do IVE correspondente a novembro de 2017, por importe de 204 M\u20ac, e non liquidada no ano 2019, \u00e9 unha das principais d\u00e9bedas con Galicia do Goberno de Pedro S\u00e1nchez.<\/p>\n<p>\u00a0<\/p>\n<p>Galicia foi a primeira comunidade aut\u00f3noma de Espa\u00f1a en alertar deste problema e esixir unha soluci\u00f3n. Xa en xullo de 2018 o Goberno galego o denunciou no Consello de Pol\u00edtica Fiscal e Financeira e desde ent\u00f3n, e actuando con lealdade institucional, reclamou esta d\u00e9beda en m\u00faltiples ocasi\u00f3ns:<\/p>\n<p>&#8211; Esixindo reiteradamente unha soluci\u00f3n no Consello de Pol\u00edtica Fiscal e Financeira,<br \/>&#8211; Reclamando a s\u00faa devoluci\u00f3n por carta tanto \u00e1 ministra de Facenda como ao presidente do Goberno de Espa\u00f1a,<br \/>&#8211; Con informes xur\u00eddicos que facilitaban unha soluci\u00f3n<br \/>&#8211; E formulando alternativas para facer efectivo o abono.<\/p>\n<p>Todas as reclamaci\u00f3ns da transferencia da cont\u00eda adebedada foron rexeitadas polo Goberno de Pedro S\u00e1nchez. Do mesmo xeito, tampouco foron atendidas tres iniciativas do Parlamento galego que solicitaban este aboamento.<\/p>\n<p>\u00a0<\/p>\n<p>Por esta raz\u00f3n, e unha vez esgotadas todas as v\u00edas de di\u00e1logo no eido da lealdade institucional, o Goberno galego viuse obrigado primeiro a presentar un requirimento de compensaci\u00f3n do IVE non liquidado en febreiro de 2020; e, ante a falta de resposta da Administraci\u00f3n Xeral do Estado, a presentar un recurso ante o Tribunal Supremo en agosto de 2020. A mesma v\u00eda seguiron outras Comunidades Aut\u00f3nomas.<br \/>A pasada semana f\u00edxose p\u00fablico que a sala do contencioso-administrativo do alto tribunal estimou o recurso formulado en 2020 pola Comunidade Aut\u00f3noma de Castela e L\u00e9on, que \u00e9 moi similar ao formulado pola Comunidade Aut\u00f3noma de Galicia.<\/p>\n<p>\u00a0<\/p>\n<p>Como consecuencia deste recurso de Castela e Le\u00f3n, a sentencia N\u00ba 528\/2021, de 19 de abril, acredita:<\/p>\n<p>1. Que o Goberno de Pedro S\u00e1nchez vulnerou o dereito \u00e1 autonom\u00eda financeira da<br \/>Comunidade de Castela e Le\u00f3n que consagra a Constituci\u00f3n Espa\u00f1ola (artigos<br \/>140, 142 e 156) e non aplicou o principio de lealdade institucional na actuaci\u00f3n das administraci\u00f3n p\u00fablicas (artigo 3.1e\/ da Ley 40\/2015, de 1 de outubro, de R\u00e9gimen Jur\u00eddico del Sector P\u00fablico).<\/p>\n<p>2. Que a actuaci\u00f3n do Goberno de Pedro S\u00e1nchez orixinoulle un quebrante econ\u00f3mico a esa comunidade,<\/p>\n<p>3. E que esa actuaci\u00f3n produciu un enriquecemento indebido para a Administraci\u00f3n do Estado.<\/p>\n<p>Estes pronunciamentos xudiciais son perfectamente reproducibles para a reclamaci\u00f3n xudicial promovida por Galicia, xa que se est\u00e1 a reclamar o mesmo.<\/p>\n<p>Por todo isto, o Grupo Parlamentario Popular presenta a seguinte proposici\u00f3n non de lei en Pleno:<\/p>\n<p><strong>\u201cO Parlamento de Galicia insta \u00e1 Xunta de Galicia a demandar do Goberno Central a transferencia \u00e1 Comunidade Aut\u00f3noma os 204 M\u20ac da mensualidade do IVE correspondente a novembro de 2017 e que non se liquidou no ano 2019, sen necesidade de agardar \u00e1 sentencia sobre o recurso presentado polo Goberno galego ante o Tribunal Supremo.<\/strong><\/p>\n<p><strong>Igualmente, insta \u00e1 Xunta de Galicia a que solicite ao Goberno de Espa\u00f1a que esta devoluci\u00f3n do IVE de novembro de 2017 se faga extensiva a todos os concellos e deputaci\u00f3ns provinciais galegos, que estimamos supera os 40 M\u20ac\u201d.<\/strong><\/p>\n<p>\u00a0<\/p>\n<p><strong>Rexistro:\u00a0<a href=\"https:\/\/www.parlamentodegalicia.es\/Expedientes\/11\/PNP-001510\">https:\/\/www.parlamentodegalicia.es\/Expedientes\/11\/PNP-001510<\/a><\/strong><\/p>\n<p>\u00a0<\/p>\n","protected":false},"excerpt":{"rendered":"<p>Iniciativa sobre as actuaci\u00f3ns que debe levar a cabo a Xunta de Galicia para demandar do Goerno central que a devoluci\u00f3n do IVE de novembro dse faga extensiva a todos os concellos e deputaci\u00f3ns galegas\u00a0<\/p>\n","protected":false},"author":38,"featured_media":55755,"comment_status":"open","ping_status":"open","sticky":false,"template":"","format":"standard","meta":{"_acf_changed":false,"footnotes":""},"categories":[1128,1],"tags":[],"class_list":["post-55756","post","type-post","status-publish","format-standard","has-post-thumbnail","hentry","category-actualidad-parlamento-de-galicia","category-pp-de-galicia"],"acf":[],"yoast_head":"<!-- This site is optimized with the Yoast SEO plugin v27.3 - https:\/\/yoast.com\/product\/yoast-seo-wordpress\/ -->\n<title>Devoluci\u00f3n a Galicia do IVE de novembro de 2017 e que se faga extensiva a todos os concellos e deputaci\u00f3ns provinciais galegos - PP de Galicia<\/title>\n<meta name=\"robots\" content=\"index, follow, max-snippet:-1, max-image-preview:large, max-video-preview:-1\" \/>\n<link rel=\"canonical\" href=\"https:\/\/ppdegalicia.com\/es\/devolucion-a-galicia-do-ive-de-novembro-de-2017-e-que-se-faga-extensiva-a-todos-os-concellos-e-deputacions-provinciais-galegos\/\" \/>\n<meta property=\"og:locale\" content=\"es_ES\" \/>\n<meta property=\"og:type\" content=\"article\" \/>\n<meta property=\"og:title\" content=\"Devoluci\u00f3n a Galicia do IVE de novembro de 2017 e que se faga extensiva a todos os concellos e deputaci\u00f3ns provinciais galegos - PP de Galicia\" \/>\n<meta property=\"og:description\" content=\"Iniciativa sobre as actuaci\u00f3ns que debe levar a cabo a Xunta de Galicia para demandar do Goerno central que a devoluci\u00f3n do IVE de novembro dse faga extensiva a todos os concellos e deputaci\u00f3ns galegas\u00a0\" \/>\n<meta property=\"og:url\" content=\"https:\/\/ppdegalicia.com\/es\/devolucion-a-galicia-do-ive-de-novembro-de-2017-e-que-se-faga-extensiva-a-todos-os-concellos-e-deputacions-provinciais-galegos\/\" \/>\n<meta property=\"og:site_name\" content=\"PP de Galicia\" \/>\n<meta property=\"article:publisher\" content=\"https:\/\/www.instagram.com\/ppdegalicia\/\" \/>\n<meta property=\"article:published_time\" content=\"2021-05-19T08:58:14+00:00\" \/>\n<meta property=\"og:image\" content=\"https:\/\/ppdegalicia.com\/wp-content\/uploads\/2021\/05\/df5c103d684de73fb06b5a1cedf6d0f9-scaled.jpg\" \/>\n\t<meta property=\"og:image:width\" content=\"2560\" \/>\n\t<meta property=\"og:image:height\" content=\"1707\" \/>\n\t<meta property=\"og:image:type\" content=\"image\/jpeg\" \/>\n<meta name=\"author\" content=\"ppdegaliciaredes\" \/>\n<meta name=\"twitter:card\" content=\"summary_large_image\" \/>\n<meta name=\"twitter:creator\" content=\"@ppdegalicia\" \/>\n<meta name=\"twitter:site\" content=\"@ppdegalicia\" \/>\n<meta name=\"twitter:label1\" content=\"Escrito por\" \/>\n\t<meta name=\"twitter:data1\" content=\"ppdegaliciaredes\" \/>\n\t<meta name=\"twitter:label2\" content=\"Tiempo de lectura\" \/>\n\t<meta name=\"twitter:data2\" content=\"3 minutos\" \/>\n<script type=\"application\/ld+json\" class=\"yoast-schema-graph\">{\"@context\":\"https:\\\/\\\/schema.org\",\"@graph\":[{\"@type\":\"Article\",\"@id\":\"https:\\\/\\\/ppdegalicia.com\\\/es\\\/devolucion-a-galicia-do-ive-de-novembro-de-2017-e-que-se-faga-extensiva-a-todos-os-concellos-e-deputacions-provinciais-galegos\\\/#article\",\"isPartOf\":{\"@id\":\"https:\\\/\\\/ppdegalicia.com\\\/es\\\/devolucion-a-galicia-do-ive-de-novembro-de-2017-e-que-se-faga-extensiva-a-todos-os-concellos-e-deputacions-provinciais-galegos\\\/\"},\"author\":{\"name\":\"ppdegaliciaredes\",\"@id\":\"https:\\\/\\\/ppdegalicia.com\\\/es\\\/#\\\/schema\\\/person\\\/5b822c6f59e872ebdd1142f307dbcb59\"},\"headline\":\"Devoluci\u00f3n a Galicia do IVE de novembro de 2017 e que se faga extensiva a todos os concellos e deputaci\u00f3ns provinciais galegos\",\"datePublished\":\"2021-05-19T08:58:14+00:00\",\"mainEntityOfPage\":{\"@id\":\"https:\\\/\\\/ppdegalicia.com\\\/es\\\/devolucion-a-galicia-do-ive-de-novembro-de-2017-e-que-se-faga-extensiva-a-todos-os-concellos-e-deputacions-provinciais-galegos\\\/\"},\"wordCount\":588,\"commentCount\":0,\"publisher\":{\"@id\":\"https:\\\/\\\/ppdegalicia.com\\\/es\\\/#organization\"},\"image\":{\"@id\":\"https:\\\/\\\/ppdegalicia.com\\\/es\\\/devolucion-a-galicia-do-ive-de-novembro-de-2017-e-que-se-faga-extensiva-a-todos-os-concellos-e-deputacions-provinciais-galegos\\\/#primaryimage\"},\"thumbnailUrl\":\"https:\\\/\\\/ppdegalicia.com\\\/wp-content\\\/uploads\\\/2021\\\/05\\\/df5c103d684de73fb06b5a1cedf6d0f9-scaled.jpg\",\"articleSection\":[\"Parlamento de Galicia\",\"PP de Galicia\"],\"inLanguage\":\"es\",\"potentialAction\":[{\"@type\":\"CommentAction\",\"name\":\"Comment\",\"target\":[\"https:\\\/\\\/ppdegalicia.com\\\/es\\\/devolucion-a-galicia-do-ive-de-novembro-de-2017-e-que-se-faga-extensiva-a-todos-os-concellos-e-deputacions-provinciais-galegos\\\/#respond\"]}]},{\"@type\":\"WebPage\",\"@id\":\"https:\\\/\\\/ppdegalicia.com\\\/es\\\/devolucion-a-galicia-do-ive-de-novembro-de-2017-e-que-se-faga-extensiva-a-todos-os-concellos-e-deputacions-provinciais-galegos\\\/\",\"url\":\"https:\\\/\\\/ppdegalicia.com\\\/es\\\/devolucion-a-galicia-do-ive-de-novembro-de-2017-e-que-se-faga-extensiva-a-todos-os-concellos-e-deputacions-provinciais-galegos\\\/\",\"name\":\"Devoluci\u00f3n a Galicia do IVE de novembro de 2017 e que se faga extensiva a todos os concellos e deputaci\u00f3ns provinciais galegos - PP de Galicia\",\"isPartOf\":{\"@id\":\"https:\\\/\\\/ppdegalicia.com\\\/es\\\/#website\"},\"primaryImageOfPage\":{\"@id\":\"https:\\\/\\\/ppdegalicia.com\\\/es\\\/devolucion-a-galicia-do-ive-de-novembro-de-2017-e-que-se-faga-extensiva-a-todos-os-concellos-e-deputacions-provinciais-galegos\\\/#primaryimage\"},\"image\":{\"@id\":\"https:\\\/\\\/ppdegalicia.com\\\/es\\\/devolucion-a-galicia-do-ive-de-novembro-de-2017-e-que-se-faga-extensiva-a-todos-os-concellos-e-deputacions-provinciais-galegos\\\/#primaryimage\"},\"thumbnailUrl\":\"https:\\\/\\\/ppdegalicia.com\\\/wp-content\\\/uploads\\\/2021\\\/05\\\/df5c103d684de73fb06b5a1cedf6d0f9-scaled.jpg\",\"datePublished\":\"2021-05-19T08:58:14+00:00\",\"breadcrumb\":{\"@id\":\"https:\\\/\\\/ppdegalicia.com\\\/es\\\/devolucion-a-galicia-do-ive-de-novembro-de-2017-e-que-se-faga-extensiva-a-todos-os-concellos-e-deputacions-provinciais-galegos\\\/#breadcrumb\"},\"inLanguage\":\"es\",\"potentialAction\":[{\"@type\":\"ReadAction\",\"target\":[\"https:\\\/\\\/ppdegalicia.com\\\/es\\\/devolucion-a-galicia-do-ive-de-novembro-de-2017-e-que-se-faga-extensiva-a-todos-os-concellos-e-deputacions-provinciais-galegos\\\/\"]}]},{\"@type\":\"ImageObject\",\"inLanguage\":\"es\",\"@id\":\"https:\\\/\\\/ppdegalicia.com\\\/es\\\/devolucion-a-galicia-do-ive-de-novembro-de-2017-e-que-se-faga-extensiva-a-todos-os-concellos-e-deputacions-provinciais-galegos\\\/#primaryimage\",\"url\":\"https:\\\/\\\/ppdegalicia.com\\\/wp-content\\\/uploads\\\/2021\\\/05\\\/df5c103d684de73fb06b5a1cedf6d0f9-scaled.jpg\",\"contentUrl\":\"https:\\\/\\\/ppdegalicia.com\\\/wp-content\\\/uploads\\\/2021\\\/05\\\/df5c103d684de73fb06b5a1cedf6d0f9-scaled.jpg\",\"width\":2560,\"height\":1707},{\"@type\":\"BreadcrumbList\",\"@id\":\"https:\\\/\\\/ppdegalicia.com\\\/es\\\/devolucion-a-galicia-do-ive-de-novembro-de-2017-e-que-se-faga-extensiva-a-todos-os-concellos-e-deputacions-provinciais-galegos\\\/#breadcrumb\",\"itemListElement\":[{\"@type\":\"ListItem\",\"position\":1,\"name\":\"Portada\",\"item\":\"https:\\\/\\\/ppdegalicia.com\\\/es\\\/\"},{\"@type\":\"ListItem\",\"position\":2,\"name\":\"Devoluci\u00f3n a Galicia do IVE de novembro de 2017 e que se faga extensiva a todos os concellos e deputaci\u00f3ns provinciais galegos\"}]},{\"@type\":\"WebSite\",\"@id\":\"https:\\\/\\\/ppdegalicia.com\\\/es\\\/#website\",\"url\":\"https:\\\/\\\/ppdegalicia.com\\\/es\\\/\",\"name\":\"Partido Popular de Galicia\",\"description\":\"Partido Popular de Galicia\",\"publisher\":{\"@id\":\"https:\\\/\\\/ppdegalicia.com\\\/es\\\/#organization\"},\"alternateName\":\"PP de Galicia\",\"potentialAction\":[{\"@type\":\"SearchAction\",\"target\":{\"@type\":\"EntryPoint\",\"urlTemplate\":\"https:\\\/\\\/ppdegalicia.com\\\/es\\\/?s={search_term_string}\"},\"query-input\":{\"@type\":\"PropertyValueSpecification\",\"valueRequired\":true,\"valueName\":\"search_term_string\"}}],\"inLanguage\":\"es\"},{\"@type\":\"Organization\",\"@id\":\"https:\\\/\\\/ppdegalicia.com\\\/es\\\/#organization\",\"name\":\"Partido Popular de Galicia\",\"alternateName\":\"PP de Galicia\",\"url\":\"https:\\\/\\\/ppdegalicia.com\\\/es\\\/\",\"logo\":{\"@type\":\"ImageObject\",\"inLanguage\":\"es\",\"@id\":\"https:\\\/\\\/ppdegalicia.com\\\/es\\\/#\\\/schema\\\/logo\\\/image\\\/\",\"url\":\"https:\\\/\\\/ppdegalicia.com\\\/wp-content\\\/uploads\\\/2023\\\/04\\\/logoPP512.png\",\"contentUrl\":\"https:\\\/\\\/ppdegalicia.com\\\/wp-content\\\/uploads\\\/2023\\\/04\\\/logoPP512.png\",\"width\":512,\"height\":512,\"caption\":\"Partido Popular de Galicia\"},\"image\":{\"@id\":\"https:\\\/\\\/ppdegalicia.com\\\/es\\\/#\\\/schema\\\/logo\\\/image\\\/\"},\"sameAs\":[\"https:\\\/\\\/www.instagram.com\\\/ppdegalicia\\\/\",\"https:\\\/\\\/x.com\\\/ppdegalicia\",\"https:\\\/\\\/www.tiktok.com\\\/@ppdegalicia\",\"https:\\\/\\\/www.youtube.com\\\/user\\\/ppdegalicia\"]},{\"@type\":\"Person\",\"@id\":\"https:\\\/\\\/ppdegalicia.com\\\/es\\\/#\\\/schema\\\/person\\\/5b822c6f59e872ebdd1142f307dbcb59\",\"name\":\"ppdegaliciaredes\",\"image\":{\"@type\":\"ImageObject\",\"inLanguage\":\"es\",\"@id\":\"https:\\\/\\\/secure.gravatar.com\\\/avatar\\\/3c9179cf0256d00c72a48d1f25783c58b6842cd56e85ef3a572881c8e28ccd59?s=96&d=mm&r=g\",\"url\":\"https:\\\/\\\/secure.gravatar.com\\\/avatar\\\/3c9179cf0256d00c72a48d1f25783c58b6842cd56e85ef3a572881c8e28ccd59?s=96&d=mm&r=g\",\"contentUrl\":\"https:\\\/\\\/secure.gravatar.com\\\/avatar\\\/3c9179cf0256d00c72a48d1f25783c58b6842cd56e85ef3a572881c8e28ccd59?s=96&d=mm&r=g\",\"caption\":\"ppdegaliciaredes\"},\"url\":\"https:\\\/\\\/ppdegalicia.com\\\/es\\\/author\\\/ppdegaliciaredes\\\/\"}]}<\/script>\n<!-- \/ Yoast SEO plugin. -->","yoast_head_json":{"title":"Devoluci\u00f3n a Galicia do IVE de novembro de 2017 e que se faga extensiva a todos os concellos e deputaci\u00f3ns provinciais galegos - PP de Galicia","robots":{"index":"index","follow":"follow","max-snippet":"max-snippet:-1","max-image-preview":"max-image-preview:large","max-video-preview":"max-video-preview:-1"},"canonical":"https:\/\/ppdegalicia.com\/es\/devolucion-a-galicia-do-ive-de-novembro-de-2017-e-que-se-faga-extensiva-a-todos-os-concellos-e-deputacions-provinciais-galegos\/","og_locale":"es_ES","og_type":"article","og_title":"Devoluci\u00f3n a Galicia do IVE de novembro de 2017 e que se faga extensiva a todos os concellos e deputaci\u00f3ns provinciais galegos - PP de Galicia","og_description":"Iniciativa sobre as actuaci\u00f3ns que debe levar a cabo a Xunta de Galicia para demandar do Goerno central que a devoluci\u00f3n do IVE de novembro dse faga extensiva a todos os concellos e deputaci\u00f3ns galegas\u00a0","og_url":"https:\/\/ppdegalicia.com\/es\/devolucion-a-galicia-do-ive-de-novembro-de-2017-e-que-se-faga-extensiva-a-todos-os-concellos-e-deputacions-provinciais-galegos\/","og_site_name":"PP de Galicia","article_publisher":"https:\/\/www.instagram.com\/ppdegalicia\/","article_published_time":"2021-05-19T08:58:14+00:00","og_image":[{"width":2560,"height":1707,"url":"https:\/\/ppdegalicia.com\/wp-content\/uploads\/2021\/05\/df5c103d684de73fb06b5a1cedf6d0f9-scaled.jpg","type":"image\/jpeg"}],"author":"ppdegaliciaredes","twitter_card":"summary_large_image","twitter_creator":"@ppdegalicia","twitter_site":"@ppdegalicia","twitter_misc":{"Escrito por":"ppdegaliciaredes","Tiempo de lectura":"3 minutos"},"schema":{"@context":"https:\/\/schema.org","@graph":[{"@type":"Article","@id":"https:\/\/ppdegalicia.com\/es\/devolucion-a-galicia-do-ive-de-novembro-de-2017-e-que-se-faga-extensiva-a-todos-os-concellos-e-deputacions-provinciais-galegos\/#article","isPartOf":{"@id":"https:\/\/ppdegalicia.com\/es\/devolucion-a-galicia-do-ive-de-novembro-de-2017-e-que-se-faga-extensiva-a-todos-os-concellos-e-deputacions-provinciais-galegos\/"},"author":{"name":"ppdegaliciaredes","@id":"https:\/\/ppdegalicia.com\/es\/#\/schema\/person\/5b822c6f59e872ebdd1142f307dbcb59"},"headline":"Devoluci\u00f3n a Galicia do IVE de novembro de 2017 e que se faga extensiva a todos os concellos e deputaci\u00f3ns provinciais galegos","datePublished":"2021-05-19T08:58:14+00:00","mainEntityOfPage":{"@id":"https:\/\/ppdegalicia.com\/es\/devolucion-a-galicia-do-ive-de-novembro-de-2017-e-que-se-faga-extensiva-a-todos-os-concellos-e-deputacions-provinciais-galegos\/"},"wordCount":588,"commentCount":0,"publisher":{"@id":"https:\/\/ppdegalicia.com\/es\/#organization"},"image":{"@id":"https:\/\/ppdegalicia.com\/es\/devolucion-a-galicia-do-ive-de-novembro-de-2017-e-que-se-faga-extensiva-a-todos-os-concellos-e-deputacions-provinciais-galegos\/#primaryimage"},"thumbnailUrl":"https:\/\/ppdegalicia.com\/wp-content\/uploads\/2021\/05\/df5c103d684de73fb06b5a1cedf6d0f9-scaled.jpg","articleSection":["Parlamento de Galicia","PP de Galicia"],"inLanguage":"es","potentialAction":[{"@type":"CommentAction","name":"Comment","target":["https:\/\/ppdegalicia.com\/es\/devolucion-a-galicia-do-ive-de-novembro-de-2017-e-que-se-faga-extensiva-a-todos-os-concellos-e-deputacions-provinciais-galegos\/#respond"]}]},{"@type":"WebPage","@id":"https:\/\/ppdegalicia.com\/es\/devolucion-a-galicia-do-ive-de-novembro-de-2017-e-que-se-faga-extensiva-a-todos-os-concellos-e-deputacions-provinciais-galegos\/","url":"https:\/\/ppdegalicia.com\/es\/devolucion-a-galicia-do-ive-de-novembro-de-2017-e-que-se-faga-extensiva-a-todos-os-concellos-e-deputacions-provinciais-galegos\/","name":"Devoluci\u00f3n a Galicia do IVE de novembro de 2017 e que se faga extensiva a todos os concellos e deputaci\u00f3ns provinciais galegos - PP de Galicia","isPartOf":{"@id":"https:\/\/ppdegalicia.com\/es\/#website"},"primaryImageOfPage":{"@id":"https:\/\/ppdegalicia.com\/es\/devolucion-a-galicia-do-ive-de-novembro-de-2017-e-que-se-faga-extensiva-a-todos-os-concellos-e-deputacions-provinciais-galegos\/#primaryimage"},"image":{"@id":"https:\/\/ppdegalicia.com\/es\/devolucion-a-galicia-do-ive-de-novembro-de-2017-e-que-se-faga-extensiva-a-todos-os-concellos-e-deputacions-provinciais-galegos\/#primaryimage"},"thumbnailUrl":"https:\/\/ppdegalicia.com\/wp-content\/uploads\/2021\/05\/df5c103d684de73fb06b5a1cedf6d0f9-scaled.jpg","datePublished":"2021-05-19T08:58:14+00:00","breadcrumb":{"@id":"https:\/\/ppdegalicia.com\/es\/devolucion-a-galicia-do-ive-de-novembro-de-2017-e-que-se-faga-extensiva-a-todos-os-concellos-e-deputacions-provinciais-galegos\/#breadcrumb"},"inLanguage":"es","potentialAction":[{"@type":"ReadAction","target":["https:\/\/ppdegalicia.com\/es\/devolucion-a-galicia-do-ive-de-novembro-de-2017-e-que-se-faga-extensiva-a-todos-os-concellos-e-deputacions-provinciais-galegos\/"]}]},{"@type":"ImageObject","inLanguage":"es","@id":"https:\/\/ppdegalicia.com\/es\/devolucion-a-galicia-do-ive-de-novembro-de-2017-e-que-se-faga-extensiva-a-todos-os-concellos-e-deputacions-provinciais-galegos\/#primaryimage","url":"https:\/\/ppdegalicia.com\/wp-content\/uploads\/2021\/05\/df5c103d684de73fb06b5a1cedf6d0f9-scaled.jpg","contentUrl":"https:\/\/ppdegalicia.com\/wp-content\/uploads\/2021\/05\/df5c103d684de73fb06b5a1cedf6d0f9-scaled.jpg","width":2560,"height":1707},{"@type":"BreadcrumbList","@id":"https:\/\/ppdegalicia.com\/es\/devolucion-a-galicia-do-ive-de-novembro-de-2017-e-que-se-faga-extensiva-a-todos-os-concellos-e-deputacions-provinciais-galegos\/#breadcrumb","itemListElement":[{"@type":"ListItem","position":1,"name":"Portada","item":"https:\/\/ppdegalicia.com\/es\/"},{"@type":"ListItem","position":2,"name":"Devoluci\u00f3n a Galicia do IVE de novembro de 2017 e que se faga extensiva a todos os concellos e deputaci\u00f3ns provinciais galegos"}]},{"@type":"WebSite","@id":"https:\/\/ppdegalicia.com\/es\/#website","url":"https:\/\/ppdegalicia.com\/es\/","name":"Partido Popular de Galicia","description":"Partido Popular de Galicia","publisher":{"@id":"https:\/\/ppdegalicia.com\/es\/#organization"},"alternateName":"PP de Galicia","potentialAction":[{"@type":"SearchAction","target":{"@type":"EntryPoint","urlTemplate":"https:\/\/ppdegalicia.com\/es\/?s={search_term_string}"},"query-input":{"@type":"PropertyValueSpecification","valueRequired":true,"valueName":"search_term_string"}}],"inLanguage":"es"},{"@type":"Organization","@id":"https:\/\/ppdegalicia.com\/es\/#organization","name":"Partido Popular de Galicia","alternateName":"PP de Galicia","url":"https:\/\/ppdegalicia.com\/es\/","logo":{"@type":"ImageObject","inLanguage":"es","@id":"https:\/\/ppdegalicia.com\/es\/#\/schema\/logo\/image\/","url":"https:\/\/ppdegalicia.com\/wp-content\/uploads\/2023\/04\/logoPP512.png","contentUrl":"https:\/\/ppdegalicia.com\/wp-content\/uploads\/2023\/04\/logoPP512.png","width":512,"height":512,"caption":"Partido Popular de Galicia"},"image":{"@id":"https:\/\/ppdegalicia.com\/es\/#\/schema\/logo\/image\/"},"sameAs":["https:\/\/www.instagram.com\/ppdegalicia\/","https:\/\/x.com\/ppdegalicia","https:\/\/www.tiktok.com\/@ppdegalicia","https:\/\/www.youtube.com\/user\/ppdegalicia"]},{"@type":"Person","@id":"https:\/\/ppdegalicia.com\/es\/#\/schema\/person\/5b822c6f59e872ebdd1142f307dbcb59","name":"ppdegaliciaredes","image":{"@type":"ImageObject","inLanguage":"es","@id":"https:\/\/secure.gravatar.com\/avatar\/3c9179cf0256d00c72a48d1f25783c58b6842cd56e85ef3a572881c8e28ccd59?s=96&d=mm&r=g","url":"https:\/\/secure.gravatar.com\/avatar\/3c9179cf0256d00c72a48d1f25783c58b6842cd56e85ef3a572881c8e28ccd59?s=96&d=mm&r=g","contentUrl":"https:\/\/secure.gravatar.com\/avatar\/3c9179cf0256d00c72a48d1f25783c58b6842cd56e85ef3a572881c8e28ccd59?s=96&d=mm&r=g","caption":"ppdegaliciaredes"},"url":"https:\/\/ppdegalicia.com\/es\/author\/ppdegaliciaredes\/"}]}},"_links":{"self":[{"href":"https:\/\/ppdegalicia.com\/es\/wp-json\/wp\/v2\/posts\/55756","targetHints":{"allow":["GET"]}}],"collection":[{"href":"https:\/\/ppdegalicia.com\/es\/wp-json\/wp\/v2\/posts"}],"about":[{"href":"https:\/\/ppdegalicia.com\/es\/wp-json\/wp\/v2\/types\/post"}],"author":[{"embeddable":true,"href":"https:\/\/ppdegalicia.com\/es\/wp-json\/wp\/v2\/users\/38"}],"replies":[{"embeddable":true,"href":"https:\/\/ppdegalicia.com\/es\/wp-json\/wp\/v2\/comments?post=55756"}],"version-history":[{"count":0,"href":"https:\/\/ppdegalicia.com\/es\/wp-json\/wp\/v2\/posts\/55756\/revisions"}],"wp:featuredmedia":[{"embeddable":true,"href":"https:\/\/ppdegalicia.com\/es\/wp-json\/wp\/v2\/media\/55755"}],"wp:attachment":[{"href":"https:\/\/ppdegalicia.com\/es\/wp-json\/wp\/v2\/media?parent=55756"}],"wp:term":[{"taxonomy":"category","embeddable":true,"href":"https:\/\/ppdegalicia.com\/es\/wp-json\/wp\/v2\/categories?post=55756"},{"taxonomy":"post_tag","embeddable":true,"href":"https:\/\/ppdegalicia.com\/es\/wp-json\/wp\/v2\/tags?post=55756"}],"curies":[{"name":"wp","href":"https:\/\/api.w.org\/{rel}","templated":true}]}}