{"id":55786,"date":"2021-05-23T18:34:30","date_gmt":"2021-05-23T16:34:30","guid":{"rendered":"https:\/\/ppdegalicia.com\/o-grupo-popular-solicita-incorporar-como-violencia-de-xenero-a-que-se-exerce-a-traves-das-novas-tecnoloxias-as-redes-sociais-ou-os-mobiles\/"},"modified":"2021-05-23T18:34:30","modified_gmt":"2021-05-23T16:34:30","slug":"o-grupo-popular-solicita-incorporar-como-violencia-de-xenero-a-que-se-exerce-a-traves-das-novas-tecnoloxias-as-redes-sociais-ou-os-mobiles","status":"publish","type":"post","link":"https:\/\/ppdegalicia.com\/es\/o-grupo-popular-solicita-incorporar-como-violencia-de-xenero-a-que-se-exerce-a-traves-das-novas-tecnoloxias-as-redes-sociais-ou-os-mobiles\/","title":{"rendered":"O Grupo Popular solicita incorporar como violencia de x\u00e9nero a que se exerce a trav\u00e9s das novas tecnolox\u00edas, as redes sociais ou os m\u00f3biles"},"content":{"rendered":"<p><img fetchpriority=\"high\" decoding=\"async\" class=\" size-full wp-image-55785\" src=\"https:\/\/ppdegalicia.com\/wp-content\/uploads\/2021\/05\/4e6fcf62696f1c008b352d90251baf3f.jpg\" alt=\"\" width=\"1900\" height=\"1267\" srcset=\"https:\/\/ppdegalicia.com\/wp-content\/uploads\/2021\/05\/4e6fcf62696f1c008b352d90251baf3f.jpg 1900w, https:\/\/ppdegalicia.com\/wp-content\/uploads\/2021\/05\/4e6fcf62696f1c008b352d90251baf3f-300x200.jpg 300w, https:\/\/ppdegalicia.com\/wp-content\/uploads\/2021\/05\/4e6fcf62696f1c008b352d90251baf3f-1024x683.jpg 1024w, https:\/\/ppdegalicia.com\/wp-content\/uploads\/2021\/05\/4e6fcf62696f1c008b352d90251baf3f-768x512.jpg 768w, https:\/\/ppdegalicia.com\/wp-content\/uploads\/2021\/05\/4e6fcf62696f1c008b352d90251baf3f-1536x1024.jpg 1536w\" sizes=\"(max-width: 1900px) 100vw, 1900px\" \/><\/p>\n<p>Santiago, 22 de maio de 2021.- O Grupo Popular v\u00e9n de rexistrar unha proposici\u00f3n de lei a trav\u00e9s da que se modifica a Lei galega 11\/2007 para a prevenci\u00f3n e o tratamento integral da violencia de x\u00e9nero co obxectivo de inclu\u00edr a violencia de x\u00e9nero dixital, que incl\u00fae aquelas condutas de violencia de x\u00e9nero que se exercen a trav\u00e9s das novas tecnolox\u00edas, do correo electr\u00f3nico, internet, sistemas de mensaxer\u00eda dixital ou das redes sociais.<\/p>\n<p><!--more--><\/p>\n<p>A viceportavoz do Grupo Popular, Paula Prado, considera \u201cimprescindible definir a violencia de x\u00e9nero non s\u00f3 para identificar \u00e1s v\u00edtimas e po\u00f1er \u00e1 s\u00faa disposici\u00f3n todos os recursos precisos para a s\u00faa atenci\u00f3n, sen\u00f3n que temos que ser capaces de po\u00f1er en marcha pol\u00edticas de prevenci\u00f3n da sextorsi\u00f3n, o ciberbulling, o grooming ou o ciberacoso e abuso sexual a menores de idade, que permitan identificar neste \u00e1mbito con antelaci\u00f3n condutas e fen\u00f3menos emerxentes e previr a violencia de x\u00e9nero dixital\u201d.<\/p>\n<p>\u00a0<\/p>\n<p>A proposici\u00f3n de lei do Grupo Popular considera violencia de x\u00e9nero dixital aquela realizada por un agresor, garde ou non relaci\u00f3n conxugal, de parella ou an\u00e1loga de afectividade no presente ou no pasado, ou a de parentesco coa v\u00edtima; coa \u00fanica finalidade de discriminaci\u00f3n, dominaci\u00f3n, control e intromisi\u00f3n sen consentimento na privacidade da v\u00edtima. As\u00ed mesmo, ter\u00e1n a consideraci\u00f3n de actos de violencia dixital contra a muller os exercidos por homes do seu contorno familiar, social, profesional ou acad\u00e9mico. En todo caso, se except\u00faan as ferramentas de control parenteral que cumpran coa lexislaci\u00f3n vixente destinadas \u00e1 protecci\u00f3n e seguridade das persoas menores de idade.<\/p>\n<p>\u00a0<\/p>\n<p>Paula Prado manifesta que esta reforma da Lei galega para a prevenci\u00f3n e o tratamento integral da violencia de x\u00e9nero responde ao indicado polo Grupo de expertos na loita contra a violencia contra a muller e a violencia dom\u00e9stica (Grevio); as\u00ed como o informe elaborado pola Subcomisi\u00f3n de Igualdade do Congreso, no que se concl\u00fae que as novas tecnolox\u00edas normalizan a violencia, en moitos casos ante a inconsciencia da xente moza que non a identifica como tal; ou o Pacto de Estado contra a Violencia de X\u00e9nero, que incl\u00fae a necesidade de perfeccionar a tipificaci\u00f3n dos delitos no \u00e1mbito dixital.<\/p>\n<p>\u00a0<\/p>\n<p><strong>INCREMENTO DAS DENUNCIAS<\/strong><\/p>\n<p>\u00a0<\/p>\n<p>\u201cDesde que na primeira d\u00e9cada deste s\u00e9culo XXI internet pasou a ser un contexto dixital, se te\u00f1en incrementado as denuncias sobre violencia de control, ameazas ou violencia psicol\u00f3xica a trav\u00e9s de tel\u00e9fonos m\u00f3biles e outros dispositivos dixitais\u201d, sinala a viceportavoz popular, quen lamenta que \u201cnos \u00faltimos tempos aumentou o control da v\u00edtima a trav\u00e9s das redes sociais, dos dispositivos dixitais e, fundamentalmente, do tel\u00e9fono m\u00f3bil\u201d.<\/p>\n<p>\u00a0<\/p>\n<p>Ademais, engade que este tipo de violencia de x\u00e9nero \u201cest\u00e1 afectando fundamentalmente \u00e1s mulleres m\u00e1is novas, xa que o ciberacoso ten unha incidencia maior na adolescencia e, por tanto, conv\u00e9rtese na idade de maior vulnerabilidade\u201d.<\/p>\n<p>\u00a0<\/p>\n<p>A violencia de x\u00e9nero dixital engloba todo tipo de conduta de violencia de x\u00e9nero que se exerza a trav\u00e9s das novas tecnolox\u00edas, das redes sociais ou de internet. En concreto, abrangue a distribuci\u00f3n en rede de imaxes ou datos comprometidos de contido sexual; usurpaci\u00f3n da identidade da v\u00edtima ou creaci\u00f3n de perf\u00eds falsos para desprestixiala; dar de alta o correo electr\u00f3nico da v\u00edtima en sitios web para estigmatizala ou ridiculizala; acceder dixitalmente ao ordenador da v\u00edtima para controlar as s\u00faas comunicaci\u00f3ns con terceiros; ou o control do dispositivo m\u00f3bil e as s\u00faas comunicaci\u00f3ns.<\/p>\n","protected":false},"excerpt":{"rendered":"<p>Santiago, 22 de maio de 2021.- O Grupo Popular v\u00e9n de rexistrar unha proposici\u00f3n de lei a trav\u00e9s da que se modifica a Lei galega 11\/2007 para a prevenci\u00f3n e o tratamento integral da violencia de x\u00e9nero co obxectivo de inclu\u00edr a violencia de x\u00e9nero dixital, que incl\u00fae aquelas condutas de violencia de x\u00e9nero que [&hellip;]<\/p>\n","protected":false},"author":38,"featured_media":55785,"comment_status":"open","ping_status":"open","sticky":false,"template":"","format":"standard","meta":{"_acf_changed":false,"footnotes":""},"categories":[1],"tags":[],"class_list":["post-55786","post","type-post","status-publish","format-standard","has-post-thumbnail","hentry","category-pp-de-galicia"],"acf":[],"yoast_head":"<!-- This site is optimized with the Yoast SEO plugin v27.3 - https:\/\/yoast.com\/product\/yoast-seo-wordpress\/ -->\n<title>O Grupo Popular solicita incorporar como violencia de x\u00e9nero a que se exerce a trav\u00e9s das novas tecnolox\u00edas, as redes sociais ou os m\u00f3biles - PP de Galicia<\/title>\n<meta name=\"robots\" content=\"index, follow, max-snippet:-1, max-image-preview:large, max-video-preview:-1\" \/>\n<link rel=\"canonical\" href=\"https:\/\/ppdegalicia.com\/es\/o-grupo-popular-solicita-incorporar-como-violencia-de-xenero-a-que-se-exerce-a-traves-das-novas-tecnoloxias-as-redes-sociais-ou-os-mobiles\/\" \/>\n<meta property=\"og:locale\" content=\"es_ES\" \/>\n<meta property=\"og:type\" content=\"article\" \/>\n<meta property=\"og:title\" content=\"O Grupo Popular solicita incorporar como violencia de x\u00e9nero a que se exerce a trav\u00e9s das novas tecnolox\u00edas, as redes sociais ou os m\u00f3biles - PP de Galicia\" \/>\n<meta property=\"og:description\" content=\"Santiago, 22 de maio de 2021.- O Grupo Popular v\u00e9n de rexistrar unha proposici\u00f3n de lei a trav\u00e9s da que se modifica a Lei galega 11\/2007 para a prevenci\u00f3n e o tratamento integral da violencia de x\u00e9nero co obxectivo de inclu\u00edr a violencia de x\u00e9nero dixital, que incl\u00fae aquelas condutas de violencia de x\u00e9nero que [&hellip;]\" \/>\n<meta property=\"og:url\" content=\"https:\/\/ppdegalicia.com\/es\/o-grupo-popular-solicita-incorporar-como-violencia-de-xenero-a-que-se-exerce-a-traves-das-novas-tecnoloxias-as-redes-sociais-ou-os-mobiles\/\" \/>\n<meta property=\"og:site_name\" content=\"PP de Galicia\" \/>\n<meta property=\"article:publisher\" content=\"https:\/\/www.instagram.com\/ppdegalicia\/\" \/>\n<meta property=\"article:published_time\" content=\"2021-05-23T16:34:30+00:00\" \/>\n<meta property=\"og:image\" content=\"https:\/\/ppdegalicia.com\/wp-content\/uploads\/2021\/05\/4e6fcf62696f1c008b352d90251baf3f.jpg\" \/>\n\t<meta property=\"og:image:width\" content=\"1900\" \/>\n\t<meta property=\"og:image:height\" content=\"1267\" \/>\n\t<meta property=\"og:image:type\" content=\"image\/jpeg\" \/>\n<meta name=\"author\" content=\"ppdegaliciaredes\" \/>\n<meta name=\"twitter:card\" content=\"summary_large_image\" \/>\n<meta name=\"twitter:creator\" content=\"@ppdegalicia\" \/>\n<meta name=\"twitter:site\" content=\"@ppdegalicia\" \/>\n<meta name=\"twitter:label1\" content=\"Escrito por\" \/>\n\t<meta name=\"twitter:data1\" content=\"ppdegaliciaredes\" \/>\n\t<meta name=\"twitter:label2\" content=\"Tiempo de lectura\" \/>\n\t<meta name=\"twitter:data2\" content=\"3 minutos\" \/>\n<script type=\"application\/ld+json\" class=\"yoast-schema-graph\">{\"@context\":\"https:\\\/\\\/schema.org\",\"@graph\":[{\"@type\":\"Article\",\"@id\":\"https:\\\/\\\/ppdegalicia.com\\\/es\\\/o-grupo-popular-solicita-incorporar-como-violencia-de-xenero-a-que-se-exerce-a-traves-das-novas-tecnoloxias-as-redes-sociais-ou-os-mobiles\\\/#article\",\"isPartOf\":{\"@id\":\"https:\\\/\\\/ppdegalicia.com\\\/es\\\/o-grupo-popular-solicita-incorporar-como-violencia-de-xenero-a-que-se-exerce-a-traves-das-novas-tecnoloxias-as-redes-sociais-ou-os-mobiles\\\/\"},\"author\":{\"name\":\"ppdegaliciaredes\",\"@id\":\"https:\\\/\\\/ppdegalicia.com\\\/es\\\/#\\\/schema\\\/person\\\/5b822c6f59e872ebdd1142f307dbcb59\"},\"headline\":\"O Grupo Popular solicita incorporar como violencia de x\u00e9nero a que se exerce a trav\u00e9s das novas tecnolox\u00edas, as redes sociais ou os m\u00f3biles\",\"datePublished\":\"2021-05-23T16:34:30+00:00\",\"mainEntityOfPage\":{\"@id\":\"https:\\\/\\\/ppdegalicia.com\\\/es\\\/o-grupo-popular-solicita-incorporar-como-violencia-de-xenero-a-que-se-exerce-a-traves-das-novas-tecnoloxias-as-redes-sociais-ou-os-mobiles\\\/\"},\"wordCount\":661,\"commentCount\":0,\"publisher\":{\"@id\":\"https:\\\/\\\/ppdegalicia.com\\\/es\\\/#organization\"},\"image\":{\"@id\":\"https:\\\/\\\/ppdegalicia.com\\\/es\\\/o-grupo-popular-solicita-incorporar-como-violencia-de-xenero-a-que-se-exerce-a-traves-das-novas-tecnoloxias-as-redes-sociais-ou-os-mobiles\\\/#primaryimage\"},\"thumbnailUrl\":\"https:\\\/\\\/ppdegalicia.com\\\/wp-content\\\/uploads\\\/2021\\\/05\\\/4e6fcf62696f1c008b352d90251baf3f.jpg\",\"articleSection\":[\"PP de Galicia\"],\"inLanguage\":\"es\",\"potentialAction\":[{\"@type\":\"CommentAction\",\"name\":\"Comment\",\"target\":[\"https:\\\/\\\/ppdegalicia.com\\\/es\\\/o-grupo-popular-solicita-incorporar-como-violencia-de-xenero-a-que-se-exerce-a-traves-das-novas-tecnoloxias-as-redes-sociais-ou-os-mobiles\\\/#respond\"]}]},{\"@type\":\"WebPage\",\"@id\":\"https:\\\/\\\/ppdegalicia.com\\\/es\\\/o-grupo-popular-solicita-incorporar-como-violencia-de-xenero-a-que-se-exerce-a-traves-das-novas-tecnoloxias-as-redes-sociais-ou-os-mobiles\\\/\",\"url\":\"https:\\\/\\\/ppdegalicia.com\\\/es\\\/o-grupo-popular-solicita-incorporar-como-violencia-de-xenero-a-que-se-exerce-a-traves-das-novas-tecnoloxias-as-redes-sociais-ou-os-mobiles\\\/\",\"name\":\"O Grupo Popular solicita incorporar como violencia de x\u00e9nero a que se exerce a trav\u00e9s das novas tecnolox\u00edas, as redes sociais ou os m\u00f3biles - PP de Galicia\",\"isPartOf\":{\"@id\":\"https:\\\/\\\/ppdegalicia.com\\\/es\\\/#website\"},\"primaryImageOfPage\":{\"@id\":\"https:\\\/\\\/ppdegalicia.com\\\/es\\\/o-grupo-popular-solicita-incorporar-como-violencia-de-xenero-a-que-se-exerce-a-traves-das-novas-tecnoloxias-as-redes-sociais-ou-os-mobiles\\\/#primaryimage\"},\"image\":{\"@id\":\"https:\\\/\\\/ppdegalicia.com\\\/es\\\/o-grupo-popular-solicita-incorporar-como-violencia-de-xenero-a-que-se-exerce-a-traves-das-novas-tecnoloxias-as-redes-sociais-ou-os-mobiles\\\/#primaryimage\"},\"thumbnailUrl\":\"https:\\\/\\\/ppdegalicia.com\\\/wp-content\\\/uploads\\\/2021\\\/05\\\/4e6fcf62696f1c008b352d90251baf3f.jpg\",\"datePublished\":\"2021-05-23T16:34:30+00:00\",\"breadcrumb\":{\"@id\":\"https:\\\/\\\/ppdegalicia.com\\\/es\\\/o-grupo-popular-solicita-incorporar-como-violencia-de-xenero-a-que-se-exerce-a-traves-das-novas-tecnoloxias-as-redes-sociais-ou-os-mobiles\\\/#breadcrumb\"},\"inLanguage\":\"es\",\"potentialAction\":[{\"@type\":\"ReadAction\",\"target\":[\"https:\\\/\\\/ppdegalicia.com\\\/es\\\/o-grupo-popular-solicita-incorporar-como-violencia-de-xenero-a-que-se-exerce-a-traves-das-novas-tecnoloxias-as-redes-sociais-ou-os-mobiles\\\/\"]}]},{\"@type\":\"ImageObject\",\"inLanguage\":\"es\",\"@id\":\"https:\\\/\\\/ppdegalicia.com\\\/es\\\/o-grupo-popular-solicita-incorporar-como-violencia-de-xenero-a-que-se-exerce-a-traves-das-novas-tecnoloxias-as-redes-sociais-ou-os-mobiles\\\/#primaryimage\",\"url\":\"https:\\\/\\\/ppdegalicia.com\\\/wp-content\\\/uploads\\\/2021\\\/05\\\/4e6fcf62696f1c008b352d90251baf3f.jpg\",\"contentUrl\":\"https:\\\/\\\/ppdegalicia.com\\\/wp-content\\\/uploads\\\/2021\\\/05\\\/4e6fcf62696f1c008b352d90251baf3f.jpg\",\"width\":1900,\"height\":1267},{\"@type\":\"BreadcrumbList\",\"@id\":\"https:\\\/\\\/ppdegalicia.com\\\/es\\\/o-grupo-popular-solicita-incorporar-como-violencia-de-xenero-a-que-se-exerce-a-traves-das-novas-tecnoloxias-as-redes-sociais-ou-os-mobiles\\\/#breadcrumb\",\"itemListElement\":[{\"@type\":\"ListItem\",\"position\":1,\"name\":\"Portada\",\"item\":\"https:\\\/\\\/ppdegalicia.com\\\/es\\\/\"},{\"@type\":\"ListItem\",\"position\":2,\"name\":\"O Grupo Popular solicita incorporar como violencia de x\u00e9nero a que se exerce a trav\u00e9s das novas tecnolox\u00edas, as redes sociais ou os m\u00f3biles\"}]},{\"@type\":\"WebSite\",\"@id\":\"https:\\\/\\\/ppdegalicia.com\\\/es\\\/#website\",\"url\":\"https:\\\/\\\/ppdegalicia.com\\\/es\\\/\",\"name\":\"Partido Popular de Galicia\",\"description\":\"Partido Popular de Galicia\",\"publisher\":{\"@id\":\"https:\\\/\\\/ppdegalicia.com\\\/es\\\/#organization\"},\"alternateName\":\"PP de Galicia\",\"potentialAction\":[{\"@type\":\"SearchAction\",\"target\":{\"@type\":\"EntryPoint\",\"urlTemplate\":\"https:\\\/\\\/ppdegalicia.com\\\/es\\\/?s={search_term_string}\"},\"query-input\":{\"@type\":\"PropertyValueSpecification\",\"valueRequired\":true,\"valueName\":\"search_term_string\"}}],\"inLanguage\":\"es\"},{\"@type\":\"Organization\",\"@id\":\"https:\\\/\\\/ppdegalicia.com\\\/es\\\/#organization\",\"name\":\"Partido Popular de Galicia\",\"alternateName\":\"PP de Galicia\",\"url\":\"https:\\\/\\\/ppdegalicia.com\\\/es\\\/\",\"logo\":{\"@type\":\"ImageObject\",\"inLanguage\":\"es\",\"@id\":\"https:\\\/\\\/ppdegalicia.com\\\/es\\\/#\\\/schema\\\/logo\\\/image\\\/\",\"url\":\"https:\\\/\\\/ppdegalicia.com\\\/wp-content\\\/uploads\\\/2023\\\/04\\\/logoPP512.png\",\"contentUrl\":\"https:\\\/\\\/ppdegalicia.com\\\/wp-content\\\/uploads\\\/2023\\\/04\\\/logoPP512.png\",\"width\":512,\"height\":512,\"caption\":\"Partido Popular de Galicia\"},\"image\":{\"@id\":\"https:\\\/\\\/ppdegalicia.com\\\/es\\\/#\\\/schema\\\/logo\\\/image\\\/\"},\"sameAs\":[\"https:\\\/\\\/www.instagram.com\\\/ppdegalicia\\\/\",\"https:\\\/\\\/x.com\\\/ppdegalicia\",\"https:\\\/\\\/www.tiktok.com\\\/@ppdegalicia\",\"https:\\\/\\\/www.youtube.com\\\/user\\\/ppdegalicia\"]},{\"@type\":\"Person\",\"@id\":\"https:\\\/\\\/ppdegalicia.com\\\/es\\\/#\\\/schema\\\/person\\\/5b822c6f59e872ebdd1142f307dbcb59\",\"name\":\"ppdegaliciaredes\",\"image\":{\"@type\":\"ImageObject\",\"inLanguage\":\"es\",\"@id\":\"https:\\\/\\\/secure.gravatar.com\\\/avatar\\\/3c9179cf0256d00c72a48d1f25783c58b6842cd56e85ef3a572881c8e28ccd59?s=96&d=mm&r=g\",\"url\":\"https:\\\/\\\/secure.gravatar.com\\\/avatar\\\/3c9179cf0256d00c72a48d1f25783c58b6842cd56e85ef3a572881c8e28ccd59?s=96&d=mm&r=g\",\"contentUrl\":\"https:\\\/\\\/secure.gravatar.com\\\/avatar\\\/3c9179cf0256d00c72a48d1f25783c58b6842cd56e85ef3a572881c8e28ccd59?s=96&d=mm&r=g\",\"caption\":\"ppdegaliciaredes\"},\"url\":\"https:\\\/\\\/ppdegalicia.com\\\/es\\\/author\\\/ppdegaliciaredes\\\/\"}]}<\/script>\n<!-- \/ Yoast SEO plugin. -->","yoast_head_json":{"title":"O Grupo Popular solicita incorporar como violencia de x\u00e9nero a que se exerce a trav\u00e9s das novas tecnolox\u00edas, as redes sociais ou os m\u00f3biles - PP de Galicia","robots":{"index":"index","follow":"follow","max-snippet":"max-snippet:-1","max-image-preview":"max-image-preview:large","max-video-preview":"max-video-preview:-1"},"canonical":"https:\/\/ppdegalicia.com\/es\/o-grupo-popular-solicita-incorporar-como-violencia-de-xenero-a-que-se-exerce-a-traves-das-novas-tecnoloxias-as-redes-sociais-ou-os-mobiles\/","og_locale":"es_ES","og_type":"article","og_title":"O Grupo Popular solicita incorporar como violencia de x\u00e9nero a que se exerce a trav\u00e9s das novas tecnolox\u00edas, as redes sociais ou os m\u00f3biles - PP de Galicia","og_description":"Santiago, 22 de maio de 2021.- O Grupo Popular v\u00e9n de rexistrar unha proposici\u00f3n de lei a trav\u00e9s da que se modifica a Lei galega 11\/2007 para a prevenci\u00f3n e o tratamento integral da violencia de x\u00e9nero co obxectivo de inclu\u00edr a violencia de x\u00e9nero dixital, que incl\u00fae aquelas condutas de violencia de x\u00e9nero que [&hellip;]","og_url":"https:\/\/ppdegalicia.com\/es\/o-grupo-popular-solicita-incorporar-como-violencia-de-xenero-a-que-se-exerce-a-traves-das-novas-tecnoloxias-as-redes-sociais-ou-os-mobiles\/","og_site_name":"PP de Galicia","article_publisher":"https:\/\/www.instagram.com\/ppdegalicia\/","article_published_time":"2021-05-23T16:34:30+00:00","og_image":[{"width":1900,"height":1267,"url":"https:\/\/ppdegalicia.com\/wp-content\/uploads\/2021\/05\/4e6fcf62696f1c008b352d90251baf3f.jpg","type":"image\/jpeg"}],"author":"ppdegaliciaredes","twitter_card":"summary_large_image","twitter_creator":"@ppdegalicia","twitter_site":"@ppdegalicia","twitter_misc":{"Escrito por":"ppdegaliciaredes","Tiempo de lectura":"3 minutos"},"schema":{"@context":"https:\/\/schema.org","@graph":[{"@type":"Article","@id":"https:\/\/ppdegalicia.com\/es\/o-grupo-popular-solicita-incorporar-como-violencia-de-xenero-a-que-se-exerce-a-traves-das-novas-tecnoloxias-as-redes-sociais-ou-os-mobiles\/#article","isPartOf":{"@id":"https:\/\/ppdegalicia.com\/es\/o-grupo-popular-solicita-incorporar-como-violencia-de-xenero-a-que-se-exerce-a-traves-das-novas-tecnoloxias-as-redes-sociais-ou-os-mobiles\/"},"author":{"name":"ppdegaliciaredes","@id":"https:\/\/ppdegalicia.com\/es\/#\/schema\/person\/5b822c6f59e872ebdd1142f307dbcb59"},"headline":"O Grupo Popular solicita incorporar como violencia de x\u00e9nero a que se exerce a trav\u00e9s das novas tecnolox\u00edas, as redes sociais ou os m\u00f3biles","datePublished":"2021-05-23T16:34:30+00:00","mainEntityOfPage":{"@id":"https:\/\/ppdegalicia.com\/es\/o-grupo-popular-solicita-incorporar-como-violencia-de-xenero-a-que-se-exerce-a-traves-das-novas-tecnoloxias-as-redes-sociais-ou-os-mobiles\/"},"wordCount":661,"commentCount":0,"publisher":{"@id":"https:\/\/ppdegalicia.com\/es\/#organization"},"image":{"@id":"https:\/\/ppdegalicia.com\/es\/o-grupo-popular-solicita-incorporar-como-violencia-de-xenero-a-que-se-exerce-a-traves-das-novas-tecnoloxias-as-redes-sociais-ou-os-mobiles\/#primaryimage"},"thumbnailUrl":"https:\/\/ppdegalicia.com\/wp-content\/uploads\/2021\/05\/4e6fcf62696f1c008b352d90251baf3f.jpg","articleSection":["PP de Galicia"],"inLanguage":"es","potentialAction":[{"@type":"CommentAction","name":"Comment","target":["https:\/\/ppdegalicia.com\/es\/o-grupo-popular-solicita-incorporar-como-violencia-de-xenero-a-que-se-exerce-a-traves-das-novas-tecnoloxias-as-redes-sociais-ou-os-mobiles\/#respond"]}]},{"@type":"WebPage","@id":"https:\/\/ppdegalicia.com\/es\/o-grupo-popular-solicita-incorporar-como-violencia-de-xenero-a-que-se-exerce-a-traves-das-novas-tecnoloxias-as-redes-sociais-ou-os-mobiles\/","url":"https:\/\/ppdegalicia.com\/es\/o-grupo-popular-solicita-incorporar-como-violencia-de-xenero-a-que-se-exerce-a-traves-das-novas-tecnoloxias-as-redes-sociais-ou-os-mobiles\/","name":"O Grupo Popular solicita incorporar como violencia de x\u00e9nero a que se exerce a trav\u00e9s das novas tecnolox\u00edas, as redes sociais ou os m\u00f3biles - PP de Galicia","isPartOf":{"@id":"https:\/\/ppdegalicia.com\/es\/#website"},"primaryImageOfPage":{"@id":"https:\/\/ppdegalicia.com\/es\/o-grupo-popular-solicita-incorporar-como-violencia-de-xenero-a-que-se-exerce-a-traves-das-novas-tecnoloxias-as-redes-sociais-ou-os-mobiles\/#primaryimage"},"image":{"@id":"https:\/\/ppdegalicia.com\/es\/o-grupo-popular-solicita-incorporar-como-violencia-de-xenero-a-que-se-exerce-a-traves-das-novas-tecnoloxias-as-redes-sociais-ou-os-mobiles\/#primaryimage"},"thumbnailUrl":"https:\/\/ppdegalicia.com\/wp-content\/uploads\/2021\/05\/4e6fcf62696f1c008b352d90251baf3f.jpg","datePublished":"2021-05-23T16:34:30+00:00","breadcrumb":{"@id":"https:\/\/ppdegalicia.com\/es\/o-grupo-popular-solicita-incorporar-como-violencia-de-xenero-a-que-se-exerce-a-traves-das-novas-tecnoloxias-as-redes-sociais-ou-os-mobiles\/#breadcrumb"},"inLanguage":"es","potentialAction":[{"@type":"ReadAction","target":["https:\/\/ppdegalicia.com\/es\/o-grupo-popular-solicita-incorporar-como-violencia-de-xenero-a-que-se-exerce-a-traves-das-novas-tecnoloxias-as-redes-sociais-ou-os-mobiles\/"]}]},{"@type":"ImageObject","inLanguage":"es","@id":"https:\/\/ppdegalicia.com\/es\/o-grupo-popular-solicita-incorporar-como-violencia-de-xenero-a-que-se-exerce-a-traves-das-novas-tecnoloxias-as-redes-sociais-ou-os-mobiles\/#primaryimage","url":"https:\/\/ppdegalicia.com\/wp-content\/uploads\/2021\/05\/4e6fcf62696f1c008b352d90251baf3f.jpg","contentUrl":"https:\/\/ppdegalicia.com\/wp-content\/uploads\/2021\/05\/4e6fcf62696f1c008b352d90251baf3f.jpg","width":1900,"height":1267},{"@type":"BreadcrumbList","@id":"https:\/\/ppdegalicia.com\/es\/o-grupo-popular-solicita-incorporar-como-violencia-de-xenero-a-que-se-exerce-a-traves-das-novas-tecnoloxias-as-redes-sociais-ou-os-mobiles\/#breadcrumb","itemListElement":[{"@type":"ListItem","position":1,"name":"Portada","item":"https:\/\/ppdegalicia.com\/es\/"},{"@type":"ListItem","position":2,"name":"O Grupo Popular solicita incorporar como violencia de x\u00e9nero a que se exerce a trav\u00e9s das novas tecnolox\u00edas, as redes sociais ou os m\u00f3biles"}]},{"@type":"WebSite","@id":"https:\/\/ppdegalicia.com\/es\/#website","url":"https:\/\/ppdegalicia.com\/es\/","name":"Partido Popular de Galicia","description":"Partido Popular de Galicia","publisher":{"@id":"https:\/\/ppdegalicia.com\/es\/#organization"},"alternateName":"PP de Galicia","potentialAction":[{"@type":"SearchAction","target":{"@type":"EntryPoint","urlTemplate":"https:\/\/ppdegalicia.com\/es\/?s={search_term_string}"},"query-input":{"@type":"PropertyValueSpecification","valueRequired":true,"valueName":"search_term_string"}}],"inLanguage":"es"},{"@type":"Organization","@id":"https:\/\/ppdegalicia.com\/es\/#organization","name":"Partido Popular de Galicia","alternateName":"PP de Galicia","url":"https:\/\/ppdegalicia.com\/es\/","logo":{"@type":"ImageObject","inLanguage":"es","@id":"https:\/\/ppdegalicia.com\/es\/#\/schema\/logo\/image\/","url":"https:\/\/ppdegalicia.com\/wp-content\/uploads\/2023\/04\/logoPP512.png","contentUrl":"https:\/\/ppdegalicia.com\/wp-content\/uploads\/2023\/04\/logoPP512.png","width":512,"height":512,"caption":"Partido Popular de Galicia"},"image":{"@id":"https:\/\/ppdegalicia.com\/es\/#\/schema\/logo\/image\/"},"sameAs":["https:\/\/www.instagram.com\/ppdegalicia\/","https:\/\/x.com\/ppdegalicia","https:\/\/www.tiktok.com\/@ppdegalicia","https:\/\/www.youtube.com\/user\/ppdegalicia"]},{"@type":"Person","@id":"https:\/\/ppdegalicia.com\/es\/#\/schema\/person\/5b822c6f59e872ebdd1142f307dbcb59","name":"ppdegaliciaredes","image":{"@type":"ImageObject","inLanguage":"es","@id":"https:\/\/secure.gravatar.com\/avatar\/3c9179cf0256d00c72a48d1f25783c58b6842cd56e85ef3a572881c8e28ccd59?s=96&d=mm&r=g","url":"https:\/\/secure.gravatar.com\/avatar\/3c9179cf0256d00c72a48d1f25783c58b6842cd56e85ef3a572881c8e28ccd59?s=96&d=mm&r=g","contentUrl":"https:\/\/secure.gravatar.com\/avatar\/3c9179cf0256d00c72a48d1f25783c58b6842cd56e85ef3a572881c8e28ccd59?s=96&d=mm&r=g","caption":"ppdegaliciaredes"},"url":"https:\/\/ppdegalicia.com\/es\/author\/ppdegaliciaredes\/"}]}},"_links":{"self":[{"href":"https:\/\/ppdegalicia.com\/es\/wp-json\/wp\/v2\/posts\/55786","targetHints":{"allow":["GET"]}}],"collection":[{"href":"https:\/\/ppdegalicia.com\/es\/wp-json\/wp\/v2\/posts"}],"about":[{"href":"https:\/\/ppdegalicia.com\/es\/wp-json\/wp\/v2\/types\/post"}],"author":[{"embeddable":true,"href":"https:\/\/ppdegalicia.com\/es\/wp-json\/wp\/v2\/users\/38"}],"replies":[{"embeddable":true,"href":"https:\/\/ppdegalicia.com\/es\/wp-json\/wp\/v2\/comments?post=55786"}],"version-history":[{"count":0,"href":"https:\/\/ppdegalicia.com\/es\/wp-json\/wp\/v2\/posts\/55786\/revisions"}],"wp:featuredmedia":[{"embeddable":true,"href":"https:\/\/ppdegalicia.com\/es\/wp-json\/wp\/v2\/media\/55785"}],"wp:attachment":[{"href":"https:\/\/ppdegalicia.com\/es\/wp-json\/wp\/v2\/media?parent=55786"}],"wp:term":[{"taxonomy":"category","embeddable":true,"href":"https:\/\/ppdegalicia.com\/es\/wp-json\/wp\/v2\/categories?post=55786"},{"taxonomy":"post_tag","embeddable":true,"href":"https:\/\/ppdegalicia.com\/es\/wp-json\/wp\/v2\/tags?post=55786"}],"curies":[{"name":"wp","href":"https:\/\/api.w.org\/{rel}","templated":true}]}}