{"id":55804,"date":"2021-05-26T12:45:36","date_gmt":"2021-05-26T10:45:36","guid":{"rendered":"https:\/\/ppdegalicia.com\/o-parlamento-galego-demanda-ao-goberno-de-espana-a-devolucion-inmediata-a-galicia-da-mensualidade-do-ive-de-2017\/"},"modified":"2021-05-26T12:45:36","modified_gmt":"2021-05-26T10:45:36","slug":"o-parlamento-galego-demanda-ao-goberno-de-espana-a-devolucion-inmediata-a-galicia-da-mensualidade-do-ive-de-2017","status":"publish","type":"post","link":"https:\/\/ppdegalicia.com\/es\/o-parlamento-galego-demanda-ao-goberno-de-espana-a-devolucion-inmediata-a-galicia-da-mensualidade-do-ive-de-2017\/","title":{"rendered":"O Parlamento galego demanda ao Goberno de Espa\u00f1a a devoluci\u00f3n inmediata a Galicia da mensualidade do IVE de 2017"},"content":{"rendered":"<p><img fetchpriority=\"high\" decoding=\"async\" class=\" size-full wp-image-55803\" src=\"https:\/\/ppdegalicia.com\/wp-content\/uploads\/2021\/05\/f90f98ff571431924e36ad919a62d7c0.jpg\" alt=\"\" width=\"1900\" height=\"1455\" srcset=\"https:\/\/ppdegalicia.com\/wp-content\/uploads\/2021\/05\/f90f98ff571431924e36ad919a62d7c0.jpg 1900w, https:\/\/ppdegalicia.com\/wp-content\/uploads\/2021\/05\/f90f98ff571431924e36ad919a62d7c0-300x230.jpg 300w, https:\/\/ppdegalicia.com\/wp-content\/uploads\/2021\/05\/f90f98ff571431924e36ad919a62d7c0-1024x784.jpg 1024w, https:\/\/ppdegalicia.com\/wp-content\/uploads\/2021\/05\/f90f98ff571431924e36ad919a62d7c0-768x588.jpg 768w, https:\/\/ppdegalicia.com\/wp-content\/uploads\/2021\/05\/f90f98ff571431924e36ad919a62d7c0-1536x1176.jpg 1536w\" sizes=\"(max-width: 1900px) 100vw, 1900px\" \/><\/p>\n<p>Santiago, 26 de maio de 2021.- O Parlamento de Galicia aprobou hoxe por unanimidade a proposici\u00f3n non de lei do Grupo Popular a trav\u00e9s da que se demanda ao Goberno de Espa\u00f1a o cumprimento inmediato da sentencia do Tribunal Supremo e, en consecuencia, que faga efectiva a compensaci\u00f3n \u00e1 Comunidade galega da mensualidade do IVE correspondente a novembro de 2017, xunto cos intereses legais correspondentes. As\u00ed mesmo, p\u00eddese que se dea soluci\u00f3n \u00e1 d\u00e9beda con Galicia de 170 mill\u00f3ns de euros en concepto de incentivos polo seu bo desempe\u00f1o fiscal en 2017 e 2018. Para iso, solic\u00edtase a convocatoria urxente do Consello de Pol\u00edtica Fiscal e Financeira para consensuar unha soluci\u00f3n inmediata e articular a maneira na que o Goberno central compense o antes posible \u00e1s comunidades aut\u00f3nomas o IVE pendente de 2017.<\/p>\n<p><!--more--><\/p>\n<p>O portavoz do Grupo Popular, Pedro Puy, lembrou que esta devoluci\u00f3n do IVE de 2017 \u00e1s comunidades aut\u00f3nomas ten a s\u00faa orixe no Real-Decreto para a modernizaci\u00f3n, mellora e impulso do uso de medios electr\u00f3nicos na xesti\u00f3n deste imposto, \u201ca trav\u00e9s do que se facilitaba o subministro practicamente inmediato dos rexistros de facturaci\u00f3n e se achegaba o momento da contabilizaci\u00f3n das facturas coa realizaci\u00f3n da operaci\u00f3n econ\u00f3mica subxacente, unha medida que, ademais de simplificar e axilizar o cumprimento das obrigas tributarias polos contribu\u00edntes, permite facer as comprobaci\u00f3ns e as devoluci\u00f3ns m\u00e1is rapidamente\u201d.<\/p>\n<p>\u00a0<\/p>\n<p><strong>M\u00daLTIPLES ADVERTENCIAS DO GOBERNO GALEGO<\/strong><\/p>\n<p>\u00a0<\/p>\n<p>\u201cPor\u00e9n, nas liquidaci\u00f3ns definitivas das entregas a conta realizadas polo Goberno central en 2019 se exclu\u00edu do c\u00e1lculo a mensualidade de novembro de 2017, co que se negaron a Galicia 204 mill\u00f3ns de euros e ao conxunto das comunidades aut\u00f3nomas arredor de 2.500 mill\u00f3ns de euros, as\u00ed como outros 750 mill\u00f3ns de euros aos concellos, dos que 60 corresponden \u00e1s entidades locais galegas\u201d, apuntou.<\/p>\n<p>\u00a0<\/p>\n<p>O Goberno galego advertiu desde o mes de xullo de 2018 desta situaci\u00f3n ao Goberno central en varias ocasi\u00f3ns, ben nas reuni\u00f3ns do Consello de Pol\u00edtica Fiscal e Financeira ou a trav\u00e9s de comunicaci\u00f3ns escritas por parte do Presidente da Xunta ou do conselleiro de Facenda \u00e1 ministra de Facenda.<\/p>\n<p>\u00a0<\/p>\n<p>\u201cSe incumpriu con Galicia e pedimos o cumprimento inmediato da sentenza, e que tam\u00e9n se compense aos concellos, ao tempo que se axusten e se devolvan os incentivos polo bo desempe\u00f1o fiscal dos anos 2017 e 2018\u201d, subli\u00f1ou o portavoz popular.<\/p>\n<p>ESCOITAR \u00c1S COMUNIDADES AUT\u00d3NOMAS<\/p>\n<p>Ademais, Puy demandou \u201cunha soluci\u00f3n inmediata, com\u00fan a todas as comunidades aut\u00f3nomas e consensuada no seo do Consello de Pol\u00edtica Fiscal e Financeira, polo que consideramos urxente a convocatoria desta entidade para axilizar o cumprimento da sentenza do Tribunal Supremo\u201d.<\/p>\n<p>\u201cO Goberno galego debe aparcar a s\u00faa intransixencia e escoitar \u00e1s comunidades aut\u00f3nomas, po\u00f1endo os medios para cumprir a sentenza e garantir que todos os cidad\u00e1ns de Espa\u00f1a recuperen eses recursos\u201d, engadiu Pedro Puy.<\/p>\n<p>Para rematar, o portavoz popular incidiu en que \u201co Tribunal Supremo dixo que Galicia ti\u00f1a raz\u00f3n e que nunca imos perder de vista que o Estado auton\u00f3mico \u00e9 a defensa do propio nun contexto de lealdade pol\u00edtica, e a fidelidade \u00e1s siglas deben estar sempre por debaixo dos intereses do pa\u00eds\u201d, sinalou.<\/p>\n<p>As\u00ed mesmo, lembrou que no d\u00eda de onte aprobouse en nunha Comisi\u00f3n do Congreso o proxecto de lei que penaliza os pactos sucesorios galegos, \u201cunha nova afronta \u00e1 autonom\u00eda financeira de Galicia\u201d, polo que demandou aos socialistas que \u201caproveiten o debate no Senado para corrixir esta nova vulneraci\u00f3n por parte do Goberno socialista \u00e1 autonom\u00eda fiscal e ao dereito civil propio de Galicia\u201d. <\/p>\n","protected":false},"excerpt":{"rendered":"<p>Santiago, 26 de maio de 2021.- O Parlamento de Galicia aprobou hoxe por unanimidade a proposici\u00f3n non de lei do Grupo Popular a trav\u00e9s da que se demanda ao Goberno de Espa\u00f1a o cumprimento inmediato da sentencia do Tribunal Supremo e, en consecuencia, que faga efectiva a compensaci\u00f3n \u00e1 Comunidade galega da mensualidade do IVE [&hellip;]<\/p>\n","protected":false},"author":38,"featured_media":55803,"comment_status":"open","ping_status":"open","sticky":false,"template":"","format":"standard","meta":{"_acf_changed":false,"footnotes":""},"categories":[1],"tags":[],"class_list":["post-55804","post","type-post","status-publish","format-standard","has-post-thumbnail","hentry","category-pp-de-galicia"],"acf":[],"yoast_head":"<!-- This site is optimized with the Yoast SEO plugin v27.3 - https:\/\/yoast.com\/product\/yoast-seo-wordpress\/ -->\n<title>O Parlamento galego demanda ao Goberno de Espa\u00f1a a devoluci\u00f3n inmediata a Galicia da mensualidade do IVE de 2017 - PP de Galicia<\/title>\n<meta name=\"robots\" content=\"index, follow, max-snippet:-1, max-image-preview:large, max-video-preview:-1\" \/>\n<link rel=\"canonical\" href=\"https:\/\/ppdegalicia.com\/es\/o-parlamento-galego-demanda-ao-goberno-de-espana-a-devolucion-inmediata-a-galicia-da-mensualidade-do-ive-de-2017\/\" \/>\n<meta property=\"og:locale\" content=\"es_ES\" \/>\n<meta property=\"og:type\" content=\"article\" \/>\n<meta property=\"og:title\" content=\"O Parlamento galego demanda ao Goberno de Espa\u00f1a a devoluci\u00f3n inmediata a Galicia da mensualidade do IVE de 2017 - PP de Galicia\" \/>\n<meta property=\"og:description\" content=\"Santiago, 26 de maio de 2021.- O Parlamento de Galicia aprobou hoxe por unanimidade a proposici\u00f3n non de lei do Grupo Popular a trav\u00e9s da que se demanda ao Goberno de Espa\u00f1a o cumprimento inmediato da sentencia do Tribunal Supremo e, en consecuencia, que faga efectiva a compensaci\u00f3n \u00e1 Comunidade galega da mensualidade do IVE [&hellip;]\" \/>\n<meta property=\"og:url\" content=\"https:\/\/ppdegalicia.com\/es\/o-parlamento-galego-demanda-ao-goberno-de-espana-a-devolucion-inmediata-a-galicia-da-mensualidade-do-ive-de-2017\/\" \/>\n<meta property=\"og:site_name\" content=\"PP de Galicia\" \/>\n<meta property=\"article:publisher\" content=\"https:\/\/www.instagram.com\/ppdegalicia\/\" \/>\n<meta property=\"article:published_time\" content=\"2021-05-26T10:45:36+00:00\" \/>\n<meta property=\"og:image\" content=\"https:\/\/ppdegalicia.com\/wp-content\/uploads\/2021\/05\/f90f98ff571431924e36ad919a62d7c0.jpg\" \/>\n\t<meta property=\"og:image:width\" content=\"1900\" \/>\n\t<meta property=\"og:image:height\" content=\"1455\" \/>\n\t<meta property=\"og:image:type\" content=\"image\/jpeg\" \/>\n<meta name=\"author\" content=\"ppdegaliciaredes\" \/>\n<meta name=\"twitter:card\" content=\"summary_large_image\" \/>\n<meta name=\"twitter:creator\" content=\"@ppdegalicia\" \/>\n<meta name=\"twitter:site\" content=\"@ppdegalicia\" \/>\n<meta name=\"twitter:label1\" content=\"Escrito por\" \/>\n\t<meta name=\"twitter:data1\" content=\"ppdegaliciaredes\" \/>\n\t<meta name=\"twitter:label2\" content=\"Tiempo de lectura\" \/>\n\t<meta name=\"twitter:data2\" content=\"3 minutos\" \/>\n<script type=\"application\/ld+json\" class=\"yoast-schema-graph\">{\"@context\":\"https:\\\/\\\/schema.org\",\"@graph\":[{\"@type\":\"Article\",\"@id\":\"https:\\\/\\\/ppdegalicia.com\\\/es\\\/o-parlamento-galego-demanda-ao-goberno-de-espana-a-devolucion-inmediata-a-galicia-da-mensualidade-do-ive-de-2017\\\/#article\",\"isPartOf\":{\"@id\":\"https:\\\/\\\/ppdegalicia.com\\\/es\\\/o-parlamento-galego-demanda-ao-goberno-de-espana-a-devolucion-inmediata-a-galicia-da-mensualidade-do-ive-de-2017\\\/\"},\"author\":{\"name\":\"ppdegaliciaredes\",\"@id\":\"https:\\\/\\\/ppdegalicia.com\\\/es\\\/#\\\/schema\\\/person\\\/5b822c6f59e872ebdd1142f307dbcb59\"},\"headline\":\"O Parlamento galego demanda ao Goberno de Espa\u00f1a a devoluci\u00f3n inmediata a Galicia da mensualidade do IVE de 2017\",\"datePublished\":\"2021-05-26T10:45:36+00:00\",\"mainEntityOfPage\":{\"@id\":\"https:\\\/\\\/ppdegalicia.com\\\/es\\\/o-parlamento-galego-demanda-ao-goberno-de-espana-a-devolucion-inmediata-a-galicia-da-mensualidade-do-ive-de-2017\\\/\"},\"wordCount\":643,\"commentCount\":0,\"publisher\":{\"@id\":\"https:\\\/\\\/ppdegalicia.com\\\/es\\\/#organization\"},\"image\":{\"@id\":\"https:\\\/\\\/ppdegalicia.com\\\/es\\\/o-parlamento-galego-demanda-ao-goberno-de-espana-a-devolucion-inmediata-a-galicia-da-mensualidade-do-ive-de-2017\\\/#primaryimage\"},\"thumbnailUrl\":\"https:\\\/\\\/ppdegalicia.com\\\/wp-content\\\/uploads\\\/2021\\\/05\\\/f90f98ff571431924e36ad919a62d7c0.jpg\",\"articleSection\":[\"PP de Galicia\"],\"inLanguage\":\"es\",\"potentialAction\":[{\"@type\":\"CommentAction\",\"name\":\"Comment\",\"target\":[\"https:\\\/\\\/ppdegalicia.com\\\/es\\\/o-parlamento-galego-demanda-ao-goberno-de-espana-a-devolucion-inmediata-a-galicia-da-mensualidade-do-ive-de-2017\\\/#respond\"]}]},{\"@type\":\"WebPage\",\"@id\":\"https:\\\/\\\/ppdegalicia.com\\\/es\\\/o-parlamento-galego-demanda-ao-goberno-de-espana-a-devolucion-inmediata-a-galicia-da-mensualidade-do-ive-de-2017\\\/\",\"url\":\"https:\\\/\\\/ppdegalicia.com\\\/es\\\/o-parlamento-galego-demanda-ao-goberno-de-espana-a-devolucion-inmediata-a-galicia-da-mensualidade-do-ive-de-2017\\\/\",\"name\":\"O Parlamento galego demanda ao Goberno de Espa\u00f1a a devoluci\u00f3n inmediata a Galicia da mensualidade do IVE de 2017 - PP de Galicia\",\"isPartOf\":{\"@id\":\"https:\\\/\\\/ppdegalicia.com\\\/es\\\/#website\"},\"primaryImageOfPage\":{\"@id\":\"https:\\\/\\\/ppdegalicia.com\\\/es\\\/o-parlamento-galego-demanda-ao-goberno-de-espana-a-devolucion-inmediata-a-galicia-da-mensualidade-do-ive-de-2017\\\/#primaryimage\"},\"image\":{\"@id\":\"https:\\\/\\\/ppdegalicia.com\\\/es\\\/o-parlamento-galego-demanda-ao-goberno-de-espana-a-devolucion-inmediata-a-galicia-da-mensualidade-do-ive-de-2017\\\/#primaryimage\"},\"thumbnailUrl\":\"https:\\\/\\\/ppdegalicia.com\\\/wp-content\\\/uploads\\\/2021\\\/05\\\/f90f98ff571431924e36ad919a62d7c0.jpg\",\"datePublished\":\"2021-05-26T10:45:36+00:00\",\"breadcrumb\":{\"@id\":\"https:\\\/\\\/ppdegalicia.com\\\/es\\\/o-parlamento-galego-demanda-ao-goberno-de-espana-a-devolucion-inmediata-a-galicia-da-mensualidade-do-ive-de-2017\\\/#breadcrumb\"},\"inLanguage\":\"es\",\"potentialAction\":[{\"@type\":\"ReadAction\",\"target\":[\"https:\\\/\\\/ppdegalicia.com\\\/es\\\/o-parlamento-galego-demanda-ao-goberno-de-espana-a-devolucion-inmediata-a-galicia-da-mensualidade-do-ive-de-2017\\\/\"]}]},{\"@type\":\"ImageObject\",\"inLanguage\":\"es\",\"@id\":\"https:\\\/\\\/ppdegalicia.com\\\/es\\\/o-parlamento-galego-demanda-ao-goberno-de-espana-a-devolucion-inmediata-a-galicia-da-mensualidade-do-ive-de-2017\\\/#primaryimage\",\"url\":\"https:\\\/\\\/ppdegalicia.com\\\/wp-content\\\/uploads\\\/2021\\\/05\\\/f90f98ff571431924e36ad919a62d7c0.jpg\",\"contentUrl\":\"https:\\\/\\\/ppdegalicia.com\\\/wp-content\\\/uploads\\\/2021\\\/05\\\/f90f98ff571431924e36ad919a62d7c0.jpg\",\"width\":1900,\"height\":1455},{\"@type\":\"BreadcrumbList\",\"@id\":\"https:\\\/\\\/ppdegalicia.com\\\/es\\\/o-parlamento-galego-demanda-ao-goberno-de-espana-a-devolucion-inmediata-a-galicia-da-mensualidade-do-ive-de-2017\\\/#breadcrumb\",\"itemListElement\":[{\"@type\":\"ListItem\",\"position\":1,\"name\":\"Portada\",\"item\":\"https:\\\/\\\/ppdegalicia.com\\\/es\\\/\"},{\"@type\":\"ListItem\",\"position\":2,\"name\":\"O Parlamento galego demanda ao Goberno de Espa\u00f1a a devoluci\u00f3n inmediata a Galicia da mensualidade do IVE de 2017\"}]},{\"@type\":\"WebSite\",\"@id\":\"https:\\\/\\\/ppdegalicia.com\\\/es\\\/#website\",\"url\":\"https:\\\/\\\/ppdegalicia.com\\\/es\\\/\",\"name\":\"Partido Popular de Galicia\",\"description\":\"Partido Popular de Galicia\",\"publisher\":{\"@id\":\"https:\\\/\\\/ppdegalicia.com\\\/es\\\/#organization\"},\"alternateName\":\"PP de Galicia\",\"potentialAction\":[{\"@type\":\"SearchAction\",\"target\":{\"@type\":\"EntryPoint\",\"urlTemplate\":\"https:\\\/\\\/ppdegalicia.com\\\/es\\\/?s={search_term_string}\"},\"query-input\":{\"@type\":\"PropertyValueSpecification\",\"valueRequired\":true,\"valueName\":\"search_term_string\"}}],\"inLanguage\":\"es\"},{\"@type\":\"Organization\",\"@id\":\"https:\\\/\\\/ppdegalicia.com\\\/es\\\/#organization\",\"name\":\"Partido Popular de Galicia\",\"alternateName\":\"PP de Galicia\",\"url\":\"https:\\\/\\\/ppdegalicia.com\\\/es\\\/\",\"logo\":{\"@type\":\"ImageObject\",\"inLanguage\":\"es\",\"@id\":\"https:\\\/\\\/ppdegalicia.com\\\/es\\\/#\\\/schema\\\/logo\\\/image\\\/\",\"url\":\"https:\\\/\\\/ppdegalicia.com\\\/wp-content\\\/uploads\\\/2023\\\/04\\\/logoPP512.png\",\"contentUrl\":\"https:\\\/\\\/ppdegalicia.com\\\/wp-content\\\/uploads\\\/2023\\\/04\\\/logoPP512.png\",\"width\":512,\"height\":512,\"caption\":\"Partido Popular de Galicia\"},\"image\":{\"@id\":\"https:\\\/\\\/ppdegalicia.com\\\/es\\\/#\\\/schema\\\/logo\\\/image\\\/\"},\"sameAs\":[\"https:\\\/\\\/www.instagram.com\\\/ppdegalicia\\\/\",\"https:\\\/\\\/x.com\\\/ppdegalicia\",\"https:\\\/\\\/www.tiktok.com\\\/@ppdegalicia\",\"https:\\\/\\\/www.youtube.com\\\/user\\\/ppdegalicia\"]},{\"@type\":\"Person\",\"@id\":\"https:\\\/\\\/ppdegalicia.com\\\/es\\\/#\\\/schema\\\/person\\\/5b822c6f59e872ebdd1142f307dbcb59\",\"name\":\"ppdegaliciaredes\",\"image\":{\"@type\":\"ImageObject\",\"inLanguage\":\"es\",\"@id\":\"https:\\\/\\\/secure.gravatar.com\\\/avatar\\\/3c9179cf0256d00c72a48d1f25783c58b6842cd56e85ef3a572881c8e28ccd59?s=96&d=mm&r=g\",\"url\":\"https:\\\/\\\/secure.gravatar.com\\\/avatar\\\/3c9179cf0256d00c72a48d1f25783c58b6842cd56e85ef3a572881c8e28ccd59?s=96&d=mm&r=g\",\"contentUrl\":\"https:\\\/\\\/secure.gravatar.com\\\/avatar\\\/3c9179cf0256d00c72a48d1f25783c58b6842cd56e85ef3a572881c8e28ccd59?s=96&d=mm&r=g\",\"caption\":\"ppdegaliciaredes\"},\"url\":\"https:\\\/\\\/ppdegalicia.com\\\/es\\\/author\\\/ppdegaliciaredes\\\/\"}]}<\/script>\n<!-- \/ Yoast SEO plugin. -->","yoast_head_json":{"title":"O Parlamento galego demanda ao Goberno de Espa\u00f1a a devoluci\u00f3n inmediata a Galicia da mensualidade do IVE de 2017 - PP de Galicia","robots":{"index":"index","follow":"follow","max-snippet":"max-snippet:-1","max-image-preview":"max-image-preview:large","max-video-preview":"max-video-preview:-1"},"canonical":"https:\/\/ppdegalicia.com\/es\/o-parlamento-galego-demanda-ao-goberno-de-espana-a-devolucion-inmediata-a-galicia-da-mensualidade-do-ive-de-2017\/","og_locale":"es_ES","og_type":"article","og_title":"O Parlamento galego demanda ao Goberno de Espa\u00f1a a devoluci\u00f3n inmediata a Galicia da mensualidade do IVE de 2017 - PP de Galicia","og_description":"Santiago, 26 de maio de 2021.- O Parlamento de Galicia aprobou hoxe por unanimidade a proposici\u00f3n non de lei do Grupo Popular a trav\u00e9s da que se demanda ao Goberno de Espa\u00f1a o cumprimento inmediato da sentencia do Tribunal Supremo e, en consecuencia, que faga efectiva a compensaci\u00f3n \u00e1 Comunidade galega da mensualidade do IVE [&hellip;]","og_url":"https:\/\/ppdegalicia.com\/es\/o-parlamento-galego-demanda-ao-goberno-de-espana-a-devolucion-inmediata-a-galicia-da-mensualidade-do-ive-de-2017\/","og_site_name":"PP de Galicia","article_publisher":"https:\/\/www.instagram.com\/ppdegalicia\/","article_published_time":"2021-05-26T10:45:36+00:00","og_image":[{"width":1900,"height":1455,"url":"https:\/\/ppdegalicia.com\/wp-content\/uploads\/2021\/05\/f90f98ff571431924e36ad919a62d7c0.jpg","type":"image\/jpeg"}],"author":"ppdegaliciaredes","twitter_card":"summary_large_image","twitter_creator":"@ppdegalicia","twitter_site":"@ppdegalicia","twitter_misc":{"Escrito por":"ppdegaliciaredes","Tiempo de lectura":"3 minutos"},"schema":{"@context":"https:\/\/schema.org","@graph":[{"@type":"Article","@id":"https:\/\/ppdegalicia.com\/es\/o-parlamento-galego-demanda-ao-goberno-de-espana-a-devolucion-inmediata-a-galicia-da-mensualidade-do-ive-de-2017\/#article","isPartOf":{"@id":"https:\/\/ppdegalicia.com\/es\/o-parlamento-galego-demanda-ao-goberno-de-espana-a-devolucion-inmediata-a-galicia-da-mensualidade-do-ive-de-2017\/"},"author":{"name":"ppdegaliciaredes","@id":"https:\/\/ppdegalicia.com\/es\/#\/schema\/person\/5b822c6f59e872ebdd1142f307dbcb59"},"headline":"O Parlamento galego demanda ao Goberno de Espa\u00f1a a devoluci\u00f3n inmediata a Galicia da mensualidade do IVE de 2017","datePublished":"2021-05-26T10:45:36+00:00","mainEntityOfPage":{"@id":"https:\/\/ppdegalicia.com\/es\/o-parlamento-galego-demanda-ao-goberno-de-espana-a-devolucion-inmediata-a-galicia-da-mensualidade-do-ive-de-2017\/"},"wordCount":643,"commentCount":0,"publisher":{"@id":"https:\/\/ppdegalicia.com\/es\/#organization"},"image":{"@id":"https:\/\/ppdegalicia.com\/es\/o-parlamento-galego-demanda-ao-goberno-de-espana-a-devolucion-inmediata-a-galicia-da-mensualidade-do-ive-de-2017\/#primaryimage"},"thumbnailUrl":"https:\/\/ppdegalicia.com\/wp-content\/uploads\/2021\/05\/f90f98ff571431924e36ad919a62d7c0.jpg","articleSection":["PP de Galicia"],"inLanguage":"es","potentialAction":[{"@type":"CommentAction","name":"Comment","target":["https:\/\/ppdegalicia.com\/es\/o-parlamento-galego-demanda-ao-goberno-de-espana-a-devolucion-inmediata-a-galicia-da-mensualidade-do-ive-de-2017\/#respond"]}]},{"@type":"WebPage","@id":"https:\/\/ppdegalicia.com\/es\/o-parlamento-galego-demanda-ao-goberno-de-espana-a-devolucion-inmediata-a-galicia-da-mensualidade-do-ive-de-2017\/","url":"https:\/\/ppdegalicia.com\/es\/o-parlamento-galego-demanda-ao-goberno-de-espana-a-devolucion-inmediata-a-galicia-da-mensualidade-do-ive-de-2017\/","name":"O Parlamento galego demanda ao Goberno de Espa\u00f1a a devoluci\u00f3n inmediata a Galicia da mensualidade do IVE de 2017 - PP de Galicia","isPartOf":{"@id":"https:\/\/ppdegalicia.com\/es\/#website"},"primaryImageOfPage":{"@id":"https:\/\/ppdegalicia.com\/es\/o-parlamento-galego-demanda-ao-goberno-de-espana-a-devolucion-inmediata-a-galicia-da-mensualidade-do-ive-de-2017\/#primaryimage"},"image":{"@id":"https:\/\/ppdegalicia.com\/es\/o-parlamento-galego-demanda-ao-goberno-de-espana-a-devolucion-inmediata-a-galicia-da-mensualidade-do-ive-de-2017\/#primaryimage"},"thumbnailUrl":"https:\/\/ppdegalicia.com\/wp-content\/uploads\/2021\/05\/f90f98ff571431924e36ad919a62d7c0.jpg","datePublished":"2021-05-26T10:45:36+00:00","breadcrumb":{"@id":"https:\/\/ppdegalicia.com\/es\/o-parlamento-galego-demanda-ao-goberno-de-espana-a-devolucion-inmediata-a-galicia-da-mensualidade-do-ive-de-2017\/#breadcrumb"},"inLanguage":"es","potentialAction":[{"@type":"ReadAction","target":["https:\/\/ppdegalicia.com\/es\/o-parlamento-galego-demanda-ao-goberno-de-espana-a-devolucion-inmediata-a-galicia-da-mensualidade-do-ive-de-2017\/"]}]},{"@type":"ImageObject","inLanguage":"es","@id":"https:\/\/ppdegalicia.com\/es\/o-parlamento-galego-demanda-ao-goberno-de-espana-a-devolucion-inmediata-a-galicia-da-mensualidade-do-ive-de-2017\/#primaryimage","url":"https:\/\/ppdegalicia.com\/wp-content\/uploads\/2021\/05\/f90f98ff571431924e36ad919a62d7c0.jpg","contentUrl":"https:\/\/ppdegalicia.com\/wp-content\/uploads\/2021\/05\/f90f98ff571431924e36ad919a62d7c0.jpg","width":1900,"height":1455},{"@type":"BreadcrumbList","@id":"https:\/\/ppdegalicia.com\/es\/o-parlamento-galego-demanda-ao-goberno-de-espana-a-devolucion-inmediata-a-galicia-da-mensualidade-do-ive-de-2017\/#breadcrumb","itemListElement":[{"@type":"ListItem","position":1,"name":"Portada","item":"https:\/\/ppdegalicia.com\/es\/"},{"@type":"ListItem","position":2,"name":"O Parlamento galego demanda ao Goberno de Espa\u00f1a a devoluci\u00f3n inmediata a Galicia da mensualidade do IVE de 2017"}]},{"@type":"WebSite","@id":"https:\/\/ppdegalicia.com\/es\/#website","url":"https:\/\/ppdegalicia.com\/es\/","name":"Partido Popular de Galicia","description":"Partido Popular de Galicia","publisher":{"@id":"https:\/\/ppdegalicia.com\/es\/#organization"},"alternateName":"PP de Galicia","potentialAction":[{"@type":"SearchAction","target":{"@type":"EntryPoint","urlTemplate":"https:\/\/ppdegalicia.com\/es\/?s={search_term_string}"},"query-input":{"@type":"PropertyValueSpecification","valueRequired":true,"valueName":"search_term_string"}}],"inLanguage":"es"},{"@type":"Organization","@id":"https:\/\/ppdegalicia.com\/es\/#organization","name":"Partido Popular de Galicia","alternateName":"PP de Galicia","url":"https:\/\/ppdegalicia.com\/es\/","logo":{"@type":"ImageObject","inLanguage":"es","@id":"https:\/\/ppdegalicia.com\/es\/#\/schema\/logo\/image\/","url":"https:\/\/ppdegalicia.com\/wp-content\/uploads\/2023\/04\/logoPP512.png","contentUrl":"https:\/\/ppdegalicia.com\/wp-content\/uploads\/2023\/04\/logoPP512.png","width":512,"height":512,"caption":"Partido Popular de Galicia"},"image":{"@id":"https:\/\/ppdegalicia.com\/es\/#\/schema\/logo\/image\/"},"sameAs":["https:\/\/www.instagram.com\/ppdegalicia\/","https:\/\/x.com\/ppdegalicia","https:\/\/www.tiktok.com\/@ppdegalicia","https:\/\/www.youtube.com\/user\/ppdegalicia"]},{"@type":"Person","@id":"https:\/\/ppdegalicia.com\/es\/#\/schema\/person\/5b822c6f59e872ebdd1142f307dbcb59","name":"ppdegaliciaredes","image":{"@type":"ImageObject","inLanguage":"es","@id":"https:\/\/secure.gravatar.com\/avatar\/3c9179cf0256d00c72a48d1f25783c58b6842cd56e85ef3a572881c8e28ccd59?s=96&d=mm&r=g","url":"https:\/\/secure.gravatar.com\/avatar\/3c9179cf0256d00c72a48d1f25783c58b6842cd56e85ef3a572881c8e28ccd59?s=96&d=mm&r=g","contentUrl":"https:\/\/secure.gravatar.com\/avatar\/3c9179cf0256d00c72a48d1f25783c58b6842cd56e85ef3a572881c8e28ccd59?s=96&d=mm&r=g","caption":"ppdegaliciaredes"},"url":"https:\/\/ppdegalicia.com\/es\/author\/ppdegaliciaredes\/"}]}},"_links":{"self":[{"href":"https:\/\/ppdegalicia.com\/es\/wp-json\/wp\/v2\/posts\/55804","targetHints":{"allow":["GET"]}}],"collection":[{"href":"https:\/\/ppdegalicia.com\/es\/wp-json\/wp\/v2\/posts"}],"about":[{"href":"https:\/\/ppdegalicia.com\/es\/wp-json\/wp\/v2\/types\/post"}],"author":[{"embeddable":true,"href":"https:\/\/ppdegalicia.com\/es\/wp-json\/wp\/v2\/users\/38"}],"replies":[{"embeddable":true,"href":"https:\/\/ppdegalicia.com\/es\/wp-json\/wp\/v2\/comments?post=55804"}],"version-history":[{"count":0,"href":"https:\/\/ppdegalicia.com\/es\/wp-json\/wp\/v2\/posts\/55804\/revisions"}],"wp:featuredmedia":[{"embeddable":true,"href":"https:\/\/ppdegalicia.com\/es\/wp-json\/wp\/v2\/media\/55803"}],"wp:attachment":[{"href":"https:\/\/ppdegalicia.com\/es\/wp-json\/wp\/v2\/media?parent=55804"}],"wp:term":[{"taxonomy":"category","embeddable":true,"href":"https:\/\/ppdegalicia.com\/es\/wp-json\/wp\/v2\/categories?post=55804"},{"taxonomy":"post_tag","embeddable":true,"href":"https:\/\/ppdegalicia.com\/es\/wp-json\/wp\/v2\/tags?post=55804"}],"curies":[{"name":"wp","href":"https:\/\/api.w.org\/{rel}","templated":true}]}}