{"id":55806,"date":"2021-05-26T12:47:16","date_gmt":"2021-05-26T10:47:16","guid":{"rendered":"https:\/\/ppdegalicia.com\/o-parlamento-galego-demanda-promover-e-dinamizar-a-eolica-marina-offshore-na-costa-de-galicia\/"},"modified":"2021-05-26T12:47:16","modified_gmt":"2021-05-26T10:47:16","slug":"o-parlamento-galego-demanda-promover-e-dinamizar-a-eolica-marina-offshore-na-costa-de-galicia","status":"publish","type":"post","link":"https:\/\/ppdegalicia.com\/es\/o-parlamento-galego-demanda-promover-e-dinamizar-a-eolica-marina-offshore-na-costa-de-galicia\/","title":{"rendered":"O Parlamento galego demanda promover e dinamizar a e\u00f3lica mari\u00f1a offshore na costa de Galicia"},"content":{"rendered":"<p><img fetchpriority=\"high\" decoding=\"async\" class=\" size-full wp-image-55805\" src=\"https:\/\/ppdegalicia.com\/wp-content\/uploads\/2021\/05\/bbcbbb9029ead8266ae1bcd1abee9d18.jpg\" alt=\"\" width=\"1900\" height=\"1220\" srcset=\"https:\/\/ppdegalicia.com\/wp-content\/uploads\/2021\/05\/bbcbbb9029ead8266ae1bcd1abee9d18.jpg 1900w, https:\/\/ppdegalicia.com\/wp-content\/uploads\/2021\/05\/bbcbbb9029ead8266ae1bcd1abee9d18-300x193.jpg 300w, https:\/\/ppdegalicia.com\/wp-content\/uploads\/2021\/05\/bbcbbb9029ead8266ae1bcd1abee9d18-1024x658.jpg 1024w, https:\/\/ppdegalicia.com\/wp-content\/uploads\/2021\/05\/bbcbbb9029ead8266ae1bcd1abee9d18-768x493.jpg 768w, https:\/\/ppdegalicia.com\/wp-content\/uploads\/2021\/05\/bbcbbb9029ead8266ae1bcd1abee9d18-1536x986.jpg 1536w\" sizes=\"(max-width: 1900px) 100vw, 1900px\" \/><\/p>\n<p>Santiago, 26 de maio de 2021.- O Parlamento galego aprobou hoxe a proposici\u00f3n non de lei do Grupo Popular, transaccionada co PSdeG e co voto en contra do BNG, a trav\u00e9s da que se insta \u00e1 Xunta a promover e dinamizar o sector da e\u00f3lica mari\u00f1a offshore, avaliando o asentamento de parques no contorno mari\u00f1o galego garantindo que non se cause dano \u00e1s actividades pesqueiras e a preservaci\u00f3n do ecosistema mari\u00f1o.<\/p>\n<p><!--more--><\/p>\n<p>\u201cCoa posta en marcha de parques e\u00f3licos de densidade media na costa galega est\u00edmase que poder\u00edan crearse m\u00e1is de 12.000 postos de traballo durante a pr\u00f3xima d\u00e9cada\u201d, salientou o viceportavoz popular, Miguel Tellado.<\/p>\n<p>\u00a0<\/p>\n<p>A proposici\u00f3n non de lei aprobada no Pleno incl\u00fae a solicitude para a constituci\u00f3n dun observatorio da e\u00f3lica mari\u00f1a para o di\u00e1logo e o co\u00f1ecemento con entidades nacionais, europeas e internacionais, que promova a realizaci\u00f3n de estudos ambientais e socioecon\u00f3micos espec\u00edficos para Galicia que analicen as oportunidades e impacto que poder\u00eda orixinar a implantaci\u00f3n de parques e\u00f3licos offshore nas costas galegas. Neste sentido, tam\u00e9n se pide a promoci\u00f3n da actividade empresarial e industrial asociada \u00e1 produci\u00f3n de enerx\u00eda e\u00f3lica mari\u00f1a.<\/p>\n<p>\u00a0<\/p>\n<p><strong>CONDICI\u00d3NS \u00d3PTIMAS<\/strong><\/p>\n<p>\u00a0<\/p>\n<p>Miguel Tellado lembrou que a xeraci\u00f3n de enerx\u00eda e\u00f3lica mari\u00f1a \u201cconverteuse nos \u00faltimos anos unha actividade cun enorme potencial, porque produce unha enerx\u00eda limpa e renovable; porque o seu impacto paisax\u00edstico e ecol\u00f3xico \u00e9 reducido; e polo gran impulso econ\u00f3mico que supor\u00eda para a dinamizaci\u00f3n econ\u00f3mica e laboral de Galicia\u201d.<\/p>\n<p>\u00a0<\/p>\n<p>\u201cOs estudos realizados ata o momento sinalan que Galicia presenta unhas condici\u00f3ns \u00f3ptimas para desenvolver a e\u00f3lica mari\u00f1a, tanto polos quil\u00f3metros de costa e os m\u00faltiples espazos mari\u00f1os con condici\u00f3ns de vento de alta produtividade; como pola evoluci\u00f3n das tecnolox\u00edas, que xa permiten a instalaci\u00f3n de parques flotantes perfectamente compatibles co resto de actividades mari\u00f1as e cun m\u00ednimo impacto ambiental\u201d, concretou.<\/p>\n<p>O viceportavoz popular engadiu que \u201cesta iniciativa non ter\u00eda sentido se afectara negativamente a outros sectores do \u00e1mbito mar\u00edtimo, polo que para o Grupo Popular resulta fundamental impulsar a e\u00f3lica mari\u00f1a en Galicia da man do sector industrial, do mar\u00edtimo-pesqueiro e das entidades e organizaci\u00f3ns vinculadas \u00e1 propia e\u00f3lica mari\u00f1a\u201d.<\/p>\n<p>\u201cDeste xeito, as nosas prioridades son o di\u00e1logo, o consenso e a transparencia, para garantir que o desenvolvemento desta tecnolox\u00eda se realice desde o equilibrio e a compatibilidade coas actividades pesqueira e a preservaci\u00f3n do ecosistema mari\u00f1o\u201d, asegurou.<\/p>\n<p>NO PACTO DE ESTADO POR FERROL<\/p>\n<p>Tellado lembrou que a e\u00f3lica mari\u00f1a \u201c\u00e9 unha das propostas recollidas polo Goberno galego no Pacto de Estado por Ferrol, no que se prop\u00f3n especificamente incentivar o estudo e desenvolvemento deste sector a trav\u00e9s dun hub de e\u00f3lica offshore\u201d. \u201cEstamos a falar dunha proposta que poder\u00eda marcar un punto de inflexi\u00f3n na crise que sufre a comarca desde hai d\u00e9cadas, impulsando tanto o sector enerx\u00e9tico, como o tecido industrial da comarca e o sector naval\u201d, apuntou.<\/p>\n<p>S\u00f3 en 2020, as instalaci\u00f3ns de e\u00f3lica mari\u00f1a deixaron m\u00e1is de 28.000 mill\u00f3ns de euros en investimentos da Uni\u00f3n Europea, onde xa existen 112 parques en 12 estados membros. Os estudos europeos estiman que para 2030 a enerx\u00eda provinte desta fonte pode chegar a supo\u00f1er o 14 por cento da demanda dos estados membros, superando amplamente \u00e1 e\u00f3lica terrestre.<\/p>\n","protected":false},"excerpt":{"rendered":"<p>Santiago, 26 de maio de 2021.- O Parlamento galego aprobou hoxe a proposici\u00f3n non de lei do Grupo Popular, transaccionada co PSdeG e co voto en contra do BNG, a trav\u00e9s da que se insta \u00e1 Xunta a promover e dinamizar o sector da e\u00f3lica mari\u00f1a offshore, avaliando o asentamento de parques no contorno mari\u00f1o [&hellip;]<\/p>\n","protected":false},"author":38,"featured_media":55805,"comment_status":"open","ping_status":"open","sticky":false,"template":"","format":"standard","meta":{"_acf_changed":false,"footnotes":""},"categories":[1],"tags":[],"class_list":["post-55806","post","type-post","status-publish","format-standard","has-post-thumbnail","hentry","category-pp-de-galicia"],"acf":[],"yoast_head":"<!-- This site is optimized with the Yoast SEO plugin v27.3 - https:\/\/yoast.com\/product\/yoast-seo-wordpress\/ -->\n<title>O Parlamento galego demanda promover e dinamizar a e\u00f3lica mari\u00f1a offshore na costa de Galicia - PP de Galicia<\/title>\n<meta name=\"robots\" content=\"index, follow, max-snippet:-1, max-image-preview:large, max-video-preview:-1\" \/>\n<link rel=\"canonical\" href=\"https:\/\/ppdegalicia.com\/es\/o-parlamento-galego-demanda-promover-e-dinamizar-a-eolica-marina-offshore-na-costa-de-galicia\/\" \/>\n<meta property=\"og:locale\" content=\"es_ES\" \/>\n<meta property=\"og:type\" content=\"article\" \/>\n<meta property=\"og:title\" content=\"O Parlamento galego demanda promover e dinamizar a e\u00f3lica mari\u00f1a offshore na costa de Galicia - PP de Galicia\" \/>\n<meta property=\"og:description\" content=\"Santiago, 26 de maio de 2021.- O Parlamento galego aprobou hoxe a proposici\u00f3n non de lei do Grupo Popular, transaccionada co PSdeG e co voto en contra do BNG, a trav\u00e9s da que se insta \u00e1 Xunta a promover e dinamizar o sector da e\u00f3lica mari\u00f1a offshore, avaliando o asentamento de parques no contorno mari\u00f1o [&hellip;]\" \/>\n<meta property=\"og:url\" content=\"https:\/\/ppdegalicia.com\/es\/o-parlamento-galego-demanda-promover-e-dinamizar-a-eolica-marina-offshore-na-costa-de-galicia\/\" \/>\n<meta property=\"og:site_name\" content=\"PP de Galicia\" \/>\n<meta property=\"article:publisher\" content=\"https:\/\/www.instagram.com\/ppdegalicia\/\" \/>\n<meta property=\"article:published_time\" content=\"2021-05-26T10:47:16+00:00\" \/>\n<meta property=\"og:image\" content=\"https:\/\/ppdegalicia.com\/wp-content\/uploads\/2021\/05\/bbcbbb9029ead8266ae1bcd1abee9d18.jpg\" \/>\n\t<meta property=\"og:image:width\" content=\"1900\" \/>\n\t<meta property=\"og:image:height\" content=\"1220\" \/>\n\t<meta property=\"og:image:type\" content=\"image\/jpeg\" \/>\n<meta name=\"author\" content=\"ppdegaliciaredes\" \/>\n<meta name=\"twitter:card\" content=\"summary_large_image\" \/>\n<meta name=\"twitter:creator\" content=\"@ppdegalicia\" \/>\n<meta name=\"twitter:site\" content=\"@ppdegalicia\" \/>\n<meta name=\"twitter:label1\" content=\"Escrito por\" \/>\n\t<meta name=\"twitter:data1\" content=\"ppdegaliciaredes\" \/>\n\t<meta name=\"twitter:label2\" content=\"Tiempo de lectura\" \/>\n\t<meta name=\"twitter:data2\" content=\"3 minutos\" \/>\n<script type=\"application\/ld+json\" class=\"yoast-schema-graph\">{\"@context\":\"https:\\\/\\\/schema.org\",\"@graph\":[{\"@type\":\"Article\",\"@id\":\"https:\\\/\\\/ppdegalicia.com\\\/es\\\/o-parlamento-galego-demanda-promover-e-dinamizar-a-eolica-marina-offshore-na-costa-de-galicia\\\/#article\",\"isPartOf\":{\"@id\":\"https:\\\/\\\/ppdegalicia.com\\\/es\\\/o-parlamento-galego-demanda-promover-e-dinamizar-a-eolica-marina-offshore-na-costa-de-galicia\\\/\"},\"author\":{\"name\":\"ppdegaliciaredes\",\"@id\":\"https:\\\/\\\/ppdegalicia.com\\\/es\\\/#\\\/schema\\\/person\\\/5b822c6f59e872ebdd1142f307dbcb59\"},\"headline\":\"O Parlamento galego demanda promover e dinamizar a e\u00f3lica mari\u00f1a offshore na costa de Galicia\",\"datePublished\":\"2021-05-26T10:47:16+00:00\",\"mainEntityOfPage\":{\"@id\":\"https:\\\/\\\/ppdegalicia.com\\\/es\\\/o-parlamento-galego-demanda-promover-e-dinamizar-a-eolica-marina-offshore-na-costa-de-galicia\\\/\"},\"wordCount\":615,\"commentCount\":0,\"publisher\":{\"@id\":\"https:\\\/\\\/ppdegalicia.com\\\/es\\\/#organization\"},\"image\":{\"@id\":\"https:\\\/\\\/ppdegalicia.com\\\/es\\\/o-parlamento-galego-demanda-promover-e-dinamizar-a-eolica-marina-offshore-na-costa-de-galicia\\\/#primaryimage\"},\"thumbnailUrl\":\"https:\\\/\\\/ppdegalicia.com\\\/wp-content\\\/uploads\\\/2021\\\/05\\\/bbcbbb9029ead8266ae1bcd1abee9d18.jpg\",\"articleSection\":[\"PP de Galicia\"],\"inLanguage\":\"es\",\"potentialAction\":[{\"@type\":\"CommentAction\",\"name\":\"Comment\",\"target\":[\"https:\\\/\\\/ppdegalicia.com\\\/es\\\/o-parlamento-galego-demanda-promover-e-dinamizar-a-eolica-marina-offshore-na-costa-de-galicia\\\/#respond\"]}]},{\"@type\":\"WebPage\",\"@id\":\"https:\\\/\\\/ppdegalicia.com\\\/es\\\/o-parlamento-galego-demanda-promover-e-dinamizar-a-eolica-marina-offshore-na-costa-de-galicia\\\/\",\"url\":\"https:\\\/\\\/ppdegalicia.com\\\/es\\\/o-parlamento-galego-demanda-promover-e-dinamizar-a-eolica-marina-offshore-na-costa-de-galicia\\\/\",\"name\":\"O Parlamento galego demanda promover e dinamizar a e\u00f3lica mari\u00f1a offshore na costa de Galicia - PP de Galicia\",\"isPartOf\":{\"@id\":\"https:\\\/\\\/ppdegalicia.com\\\/es\\\/#website\"},\"primaryImageOfPage\":{\"@id\":\"https:\\\/\\\/ppdegalicia.com\\\/es\\\/o-parlamento-galego-demanda-promover-e-dinamizar-a-eolica-marina-offshore-na-costa-de-galicia\\\/#primaryimage\"},\"image\":{\"@id\":\"https:\\\/\\\/ppdegalicia.com\\\/es\\\/o-parlamento-galego-demanda-promover-e-dinamizar-a-eolica-marina-offshore-na-costa-de-galicia\\\/#primaryimage\"},\"thumbnailUrl\":\"https:\\\/\\\/ppdegalicia.com\\\/wp-content\\\/uploads\\\/2021\\\/05\\\/bbcbbb9029ead8266ae1bcd1abee9d18.jpg\",\"datePublished\":\"2021-05-26T10:47:16+00:00\",\"breadcrumb\":{\"@id\":\"https:\\\/\\\/ppdegalicia.com\\\/es\\\/o-parlamento-galego-demanda-promover-e-dinamizar-a-eolica-marina-offshore-na-costa-de-galicia\\\/#breadcrumb\"},\"inLanguage\":\"es\",\"potentialAction\":[{\"@type\":\"ReadAction\",\"target\":[\"https:\\\/\\\/ppdegalicia.com\\\/es\\\/o-parlamento-galego-demanda-promover-e-dinamizar-a-eolica-marina-offshore-na-costa-de-galicia\\\/\"]}]},{\"@type\":\"ImageObject\",\"inLanguage\":\"es\",\"@id\":\"https:\\\/\\\/ppdegalicia.com\\\/es\\\/o-parlamento-galego-demanda-promover-e-dinamizar-a-eolica-marina-offshore-na-costa-de-galicia\\\/#primaryimage\",\"url\":\"https:\\\/\\\/ppdegalicia.com\\\/wp-content\\\/uploads\\\/2021\\\/05\\\/bbcbbb9029ead8266ae1bcd1abee9d18.jpg\",\"contentUrl\":\"https:\\\/\\\/ppdegalicia.com\\\/wp-content\\\/uploads\\\/2021\\\/05\\\/bbcbbb9029ead8266ae1bcd1abee9d18.jpg\",\"width\":1900,\"height\":1220},{\"@type\":\"BreadcrumbList\",\"@id\":\"https:\\\/\\\/ppdegalicia.com\\\/es\\\/o-parlamento-galego-demanda-promover-e-dinamizar-a-eolica-marina-offshore-na-costa-de-galicia\\\/#breadcrumb\",\"itemListElement\":[{\"@type\":\"ListItem\",\"position\":1,\"name\":\"Portada\",\"item\":\"https:\\\/\\\/ppdegalicia.com\\\/es\\\/\"},{\"@type\":\"ListItem\",\"position\":2,\"name\":\"O Parlamento galego demanda promover e dinamizar a e\u00f3lica mari\u00f1a offshore na costa de Galicia\"}]},{\"@type\":\"WebSite\",\"@id\":\"https:\\\/\\\/ppdegalicia.com\\\/es\\\/#website\",\"url\":\"https:\\\/\\\/ppdegalicia.com\\\/es\\\/\",\"name\":\"Partido Popular de Galicia\",\"description\":\"Partido Popular de Galicia\",\"publisher\":{\"@id\":\"https:\\\/\\\/ppdegalicia.com\\\/es\\\/#organization\"},\"alternateName\":\"PP de Galicia\",\"potentialAction\":[{\"@type\":\"SearchAction\",\"target\":{\"@type\":\"EntryPoint\",\"urlTemplate\":\"https:\\\/\\\/ppdegalicia.com\\\/es\\\/?s={search_term_string}\"},\"query-input\":{\"@type\":\"PropertyValueSpecification\",\"valueRequired\":true,\"valueName\":\"search_term_string\"}}],\"inLanguage\":\"es\"},{\"@type\":\"Organization\",\"@id\":\"https:\\\/\\\/ppdegalicia.com\\\/es\\\/#organization\",\"name\":\"Partido Popular de Galicia\",\"alternateName\":\"PP de Galicia\",\"url\":\"https:\\\/\\\/ppdegalicia.com\\\/es\\\/\",\"logo\":{\"@type\":\"ImageObject\",\"inLanguage\":\"es\",\"@id\":\"https:\\\/\\\/ppdegalicia.com\\\/es\\\/#\\\/schema\\\/logo\\\/image\\\/\",\"url\":\"https:\\\/\\\/ppdegalicia.com\\\/wp-content\\\/uploads\\\/2023\\\/04\\\/logoPP512.png\",\"contentUrl\":\"https:\\\/\\\/ppdegalicia.com\\\/wp-content\\\/uploads\\\/2023\\\/04\\\/logoPP512.png\",\"width\":512,\"height\":512,\"caption\":\"Partido Popular de Galicia\"},\"image\":{\"@id\":\"https:\\\/\\\/ppdegalicia.com\\\/es\\\/#\\\/schema\\\/logo\\\/image\\\/\"},\"sameAs\":[\"https:\\\/\\\/www.instagram.com\\\/ppdegalicia\\\/\",\"https:\\\/\\\/x.com\\\/ppdegalicia\",\"https:\\\/\\\/www.tiktok.com\\\/@ppdegalicia\",\"https:\\\/\\\/www.youtube.com\\\/user\\\/ppdegalicia\"]},{\"@type\":\"Person\",\"@id\":\"https:\\\/\\\/ppdegalicia.com\\\/es\\\/#\\\/schema\\\/person\\\/5b822c6f59e872ebdd1142f307dbcb59\",\"name\":\"ppdegaliciaredes\",\"image\":{\"@type\":\"ImageObject\",\"inLanguage\":\"es\",\"@id\":\"https:\\\/\\\/secure.gravatar.com\\\/avatar\\\/3c9179cf0256d00c72a48d1f25783c58b6842cd56e85ef3a572881c8e28ccd59?s=96&d=mm&r=g\",\"url\":\"https:\\\/\\\/secure.gravatar.com\\\/avatar\\\/3c9179cf0256d00c72a48d1f25783c58b6842cd56e85ef3a572881c8e28ccd59?s=96&d=mm&r=g\",\"contentUrl\":\"https:\\\/\\\/secure.gravatar.com\\\/avatar\\\/3c9179cf0256d00c72a48d1f25783c58b6842cd56e85ef3a572881c8e28ccd59?s=96&d=mm&r=g\",\"caption\":\"ppdegaliciaredes\"},\"url\":\"https:\\\/\\\/ppdegalicia.com\\\/es\\\/author\\\/ppdegaliciaredes\\\/\"}]}<\/script>\n<!-- \/ Yoast SEO plugin. -->","yoast_head_json":{"title":"O Parlamento galego demanda promover e dinamizar a e\u00f3lica mari\u00f1a offshore na costa de Galicia - PP de Galicia","robots":{"index":"index","follow":"follow","max-snippet":"max-snippet:-1","max-image-preview":"max-image-preview:large","max-video-preview":"max-video-preview:-1"},"canonical":"https:\/\/ppdegalicia.com\/es\/o-parlamento-galego-demanda-promover-e-dinamizar-a-eolica-marina-offshore-na-costa-de-galicia\/","og_locale":"es_ES","og_type":"article","og_title":"O Parlamento galego demanda promover e dinamizar a e\u00f3lica mari\u00f1a offshore na costa de Galicia - PP de Galicia","og_description":"Santiago, 26 de maio de 2021.- O Parlamento galego aprobou hoxe a proposici\u00f3n non de lei do Grupo Popular, transaccionada co PSdeG e co voto en contra do BNG, a trav\u00e9s da que se insta \u00e1 Xunta a promover e dinamizar o sector da e\u00f3lica mari\u00f1a offshore, avaliando o asentamento de parques no contorno mari\u00f1o [&hellip;]","og_url":"https:\/\/ppdegalicia.com\/es\/o-parlamento-galego-demanda-promover-e-dinamizar-a-eolica-marina-offshore-na-costa-de-galicia\/","og_site_name":"PP de Galicia","article_publisher":"https:\/\/www.instagram.com\/ppdegalicia\/","article_published_time":"2021-05-26T10:47:16+00:00","og_image":[{"width":1900,"height":1220,"url":"https:\/\/ppdegalicia.com\/wp-content\/uploads\/2021\/05\/bbcbbb9029ead8266ae1bcd1abee9d18.jpg","type":"image\/jpeg"}],"author":"ppdegaliciaredes","twitter_card":"summary_large_image","twitter_creator":"@ppdegalicia","twitter_site":"@ppdegalicia","twitter_misc":{"Escrito por":"ppdegaliciaredes","Tiempo de lectura":"3 minutos"},"schema":{"@context":"https:\/\/schema.org","@graph":[{"@type":"Article","@id":"https:\/\/ppdegalicia.com\/es\/o-parlamento-galego-demanda-promover-e-dinamizar-a-eolica-marina-offshore-na-costa-de-galicia\/#article","isPartOf":{"@id":"https:\/\/ppdegalicia.com\/es\/o-parlamento-galego-demanda-promover-e-dinamizar-a-eolica-marina-offshore-na-costa-de-galicia\/"},"author":{"name":"ppdegaliciaredes","@id":"https:\/\/ppdegalicia.com\/es\/#\/schema\/person\/5b822c6f59e872ebdd1142f307dbcb59"},"headline":"O Parlamento galego demanda promover e dinamizar a e\u00f3lica mari\u00f1a offshore na costa de Galicia","datePublished":"2021-05-26T10:47:16+00:00","mainEntityOfPage":{"@id":"https:\/\/ppdegalicia.com\/es\/o-parlamento-galego-demanda-promover-e-dinamizar-a-eolica-marina-offshore-na-costa-de-galicia\/"},"wordCount":615,"commentCount":0,"publisher":{"@id":"https:\/\/ppdegalicia.com\/es\/#organization"},"image":{"@id":"https:\/\/ppdegalicia.com\/es\/o-parlamento-galego-demanda-promover-e-dinamizar-a-eolica-marina-offshore-na-costa-de-galicia\/#primaryimage"},"thumbnailUrl":"https:\/\/ppdegalicia.com\/wp-content\/uploads\/2021\/05\/bbcbbb9029ead8266ae1bcd1abee9d18.jpg","articleSection":["PP de Galicia"],"inLanguage":"es","potentialAction":[{"@type":"CommentAction","name":"Comment","target":["https:\/\/ppdegalicia.com\/es\/o-parlamento-galego-demanda-promover-e-dinamizar-a-eolica-marina-offshore-na-costa-de-galicia\/#respond"]}]},{"@type":"WebPage","@id":"https:\/\/ppdegalicia.com\/es\/o-parlamento-galego-demanda-promover-e-dinamizar-a-eolica-marina-offshore-na-costa-de-galicia\/","url":"https:\/\/ppdegalicia.com\/es\/o-parlamento-galego-demanda-promover-e-dinamizar-a-eolica-marina-offshore-na-costa-de-galicia\/","name":"O Parlamento galego demanda promover e dinamizar a e\u00f3lica mari\u00f1a offshore na costa de Galicia - PP de Galicia","isPartOf":{"@id":"https:\/\/ppdegalicia.com\/es\/#website"},"primaryImageOfPage":{"@id":"https:\/\/ppdegalicia.com\/es\/o-parlamento-galego-demanda-promover-e-dinamizar-a-eolica-marina-offshore-na-costa-de-galicia\/#primaryimage"},"image":{"@id":"https:\/\/ppdegalicia.com\/es\/o-parlamento-galego-demanda-promover-e-dinamizar-a-eolica-marina-offshore-na-costa-de-galicia\/#primaryimage"},"thumbnailUrl":"https:\/\/ppdegalicia.com\/wp-content\/uploads\/2021\/05\/bbcbbb9029ead8266ae1bcd1abee9d18.jpg","datePublished":"2021-05-26T10:47:16+00:00","breadcrumb":{"@id":"https:\/\/ppdegalicia.com\/es\/o-parlamento-galego-demanda-promover-e-dinamizar-a-eolica-marina-offshore-na-costa-de-galicia\/#breadcrumb"},"inLanguage":"es","potentialAction":[{"@type":"ReadAction","target":["https:\/\/ppdegalicia.com\/es\/o-parlamento-galego-demanda-promover-e-dinamizar-a-eolica-marina-offshore-na-costa-de-galicia\/"]}]},{"@type":"ImageObject","inLanguage":"es","@id":"https:\/\/ppdegalicia.com\/es\/o-parlamento-galego-demanda-promover-e-dinamizar-a-eolica-marina-offshore-na-costa-de-galicia\/#primaryimage","url":"https:\/\/ppdegalicia.com\/wp-content\/uploads\/2021\/05\/bbcbbb9029ead8266ae1bcd1abee9d18.jpg","contentUrl":"https:\/\/ppdegalicia.com\/wp-content\/uploads\/2021\/05\/bbcbbb9029ead8266ae1bcd1abee9d18.jpg","width":1900,"height":1220},{"@type":"BreadcrumbList","@id":"https:\/\/ppdegalicia.com\/es\/o-parlamento-galego-demanda-promover-e-dinamizar-a-eolica-marina-offshore-na-costa-de-galicia\/#breadcrumb","itemListElement":[{"@type":"ListItem","position":1,"name":"Portada","item":"https:\/\/ppdegalicia.com\/es\/"},{"@type":"ListItem","position":2,"name":"O Parlamento galego demanda promover e dinamizar a e\u00f3lica mari\u00f1a offshore na costa de Galicia"}]},{"@type":"WebSite","@id":"https:\/\/ppdegalicia.com\/es\/#website","url":"https:\/\/ppdegalicia.com\/es\/","name":"Partido Popular de Galicia","description":"Partido Popular de Galicia","publisher":{"@id":"https:\/\/ppdegalicia.com\/es\/#organization"},"alternateName":"PP de Galicia","potentialAction":[{"@type":"SearchAction","target":{"@type":"EntryPoint","urlTemplate":"https:\/\/ppdegalicia.com\/es\/?s={search_term_string}"},"query-input":{"@type":"PropertyValueSpecification","valueRequired":true,"valueName":"search_term_string"}}],"inLanguage":"es"},{"@type":"Organization","@id":"https:\/\/ppdegalicia.com\/es\/#organization","name":"Partido Popular de Galicia","alternateName":"PP de Galicia","url":"https:\/\/ppdegalicia.com\/es\/","logo":{"@type":"ImageObject","inLanguage":"es","@id":"https:\/\/ppdegalicia.com\/es\/#\/schema\/logo\/image\/","url":"https:\/\/ppdegalicia.com\/wp-content\/uploads\/2023\/04\/logoPP512.png","contentUrl":"https:\/\/ppdegalicia.com\/wp-content\/uploads\/2023\/04\/logoPP512.png","width":512,"height":512,"caption":"Partido Popular de Galicia"},"image":{"@id":"https:\/\/ppdegalicia.com\/es\/#\/schema\/logo\/image\/"},"sameAs":["https:\/\/www.instagram.com\/ppdegalicia\/","https:\/\/x.com\/ppdegalicia","https:\/\/www.tiktok.com\/@ppdegalicia","https:\/\/www.youtube.com\/user\/ppdegalicia"]},{"@type":"Person","@id":"https:\/\/ppdegalicia.com\/es\/#\/schema\/person\/5b822c6f59e872ebdd1142f307dbcb59","name":"ppdegaliciaredes","image":{"@type":"ImageObject","inLanguage":"es","@id":"https:\/\/secure.gravatar.com\/avatar\/3c9179cf0256d00c72a48d1f25783c58b6842cd56e85ef3a572881c8e28ccd59?s=96&d=mm&r=g","url":"https:\/\/secure.gravatar.com\/avatar\/3c9179cf0256d00c72a48d1f25783c58b6842cd56e85ef3a572881c8e28ccd59?s=96&d=mm&r=g","contentUrl":"https:\/\/secure.gravatar.com\/avatar\/3c9179cf0256d00c72a48d1f25783c58b6842cd56e85ef3a572881c8e28ccd59?s=96&d=mm&r=g","caption":"ppdegaliciaredes"},"url":"https:\/\/ppdegalicia.com\/es\/author\/ppdegaliciaredes\/"}]}},"_links":{"self":[{"href":"https:\/\/ppdegalicia.com\/es\/wp-json\/wp\/v2\/posts\/55806","targetHints":{"allow":["GET"]}}],"collection":[{"href":"https:\/\/ppdegalicia.com\/es\/wp-json\/wp\/v2\/posts"}],"about":[{"href":"https:\/\/ppdegalicia.com\/es\/wp-json\/wp\/v2\/types\/post"}],"author":[{"embeddable":true,"href":"https:\/\/ppdegalicia.com\/es\/wp-json\/wp\/v2\/users\/38"}],"replies":[{"embeddable":true,"href":"https:\/\/ppdegalicia.com\/es\/wp-json\/wp\/v2\/comments?post=55806"}],"version-history":[{"count":0,"href":"https:\/\/ppdegalicia.com\/es\/wp-json\/wp\/v2\/posts\/55806\/revisions"}],"wp:featuredmedia":[{"embeddable":true,"href":"https:\/\/ppdegalicia.com\/es\/wp-json\/wp\/v2\/media\/55805"}],"wp:attachment":[{"href":"https:\/\/ppdegalicia.com\/es\/wp-json\/wp\/v2\/media?parent=55806"}],"wp:term":[{"taxonomy":"category","embeddable":true,"href":"https:\/\/ppdegalicia.com\/es\/wp-json\/wp\/v2\/categories?post=55806"},{"taxonomy":"post_tag","embeddable":true,"href":"https:\/\/ppdegalicia.com\/es\/wp-json\/wp\/v2\/tags?post=55806"}],"curies":[{"name":"wp","href":"https:\/\/api.w.org\/{rel}","templated":true}]}}