{"id":55867,"date":"2021-06-03T11:46:21","date_gmt":"2021-06-03T09:46:21","guid":{"rendered":"https:\/\/ppdegalicia.com\/pepa-pardo-temos-que-actualizar-o-partido-todos-os-dias-e-adecualo-ao-que-a-xente-espera-de-nos\/"},"modified":"2021-06-03T11:46:21","modified_gmt":"2021-06-03T09:46:21","slug":"pepa-pardo-temos-que-actualizar-o-partido-todos-os-dias-e-adecualo-ao-que-a-xente-espera-de-nos","status":"publish","type":"post","link":"https:\/\/ppdegalicia.com\/es\/pepa-pardo-temos-que-actualizar-o-partido-todos-os-dias-e-adecualo-ao-que-a-xente-espera-de-nos\/","title":{"rendered":"Pepa Pardo: \u201cTemos que actualizar o partido todos os d\u00edas e adecualo ao que a xente espera de n\u00f3s\u201d"},"content":{"rendered":"<p><img fetchpriority=\"high\" decoding=\"async\" class=\" size-full wp-image-55866\" src=\"https:\/\/ppdegalicia.com\/wp-content\/uploads\/2021\/06\/1a9e2eae9ce4c22c1c880bce4488041e.jpg\" alt=\"\" width=\"2048\" height=\"1365\" srcset=\"https:\/\/ppdegalicia.com\/wp-content\/uploads\/2021\/06\/1a9e2eae9ce4c22c1c880bce4488041e.jpg 2048w, https:\/\/ppdegalicia.com\/wp-content\/uploads\/2021\/06\/1a9e2eae9ce4c22c1c880bce4488041e-300x200.jpg 300w, https:\/\/ppdegalicia.com\/wp-content\/uploads\/2021\/06\/1a9e2eae9ce4c22c1c880bce4488041e-1024x683.jpg 1024w, https:\/\/ppdegalicia.com\/wp-content\/uploads\/2021\/06\/1a9e2eae9ce4c22c1c880bce4488041e-768x512.jpg 768w, https:\/\/ppdegalicia.com\/wp-content\/uploads\/2021\/06\/1a9e2eae9ce4c22c1c880bce4488041e-1536x1024.jpg 1536w\" sizes=\"(max-width: 2048px) 100vw, 2048px\" \/><\/p>\n<p style=\"text-align: justify;\">Di que o PPdeG buscar sempre mellorar e que o 17\u00ba Congreso ten a vista posta nas propostas que a formaci\u00f3n por\u00e1 a disposici\u00f3n da Comunidade\u00a0<\/p>\n<p><!--more--><\/p>\n<p style=\"text-align: justify;\">A presidenta da Comisi\u00f3n Organizadora do 17\u00ba Congreso do Partido Popular de Galicia, Pepa Pardo, asegurou que hai que actualizar a organizaci\u00f3n todos os d\u00edas e adecuala ao que a xente espera dos populares: \u201cNon pretendemos que Galicia se pareza ao PPdeG, sen\u00f3n que o PPdeG se pareza a Galicia\u201d.<\/p>\n<p style=\"text-align: justify;\">\u00a0<\/p>\n<p style=\"text-align: justify;\">Durante unha comparecencia en rolda de prensa celebrada despois da primeira reuni\u00f3n da Comis\u00f3n Organizadora, Pardo remarcou que o Conclave auton\u00f3mico debe ser aberto, participativo e funcional. As\u00ed mesmo, apuntou que o Congreso non ter\u00e1 a vista posta s\u00f3 nos equipos que saian del, sen\u00f3n nas propostas e nas ideas que van actualizar e po\u00f1er a disposici\u00f3n da \u201cGalicia de hoxe\u201d, salientando que tam\u00e9n servir\u00e1 como preparaci\u00f3n da formaci\u00f3n para servir \u00e1 Comunidade do ma\u00f1\u00e1.<\/p>\n<p style=\"text-align: justify;\">\u00a0<\/p>\n<p style=\"text-align: justify;\">Nese senso, destacou que o seu partido ten a humildade de buscar permanentemente como mellorar a\u00ednda ga\u00f1ando elecci\u00f3ns, xa que este \u00e9 o cami\u00f1o m\u00e1is eficaz para non perder comicios. Sobre isto, explicou que tanto os relatores das ponencias como os militantes deber\u00e1n facer aportaci\u00f3ns co obxectivo de acertar nun ideario que debe ser reflexo do que Galicia precisa para o pr\u00f3ximo lustro, \u201cunha folla de ruta para seguir representando a centralidade e a moderaci\u00f3n, a resposta m\u00e1is valente, efectiva e sensata fronte \u00e1s formulas m\u00e1xicas de radicais e populistas\u201d.<\/p>\n<p style=\"text-align: justify;\">\u00a0<\/p>\n<p style=\"text-align: justify;\">Pepa Pardo incidiu en que os populares deben continuar sendo representantes do centro-dereita moderado no que tanto conf\u00edan os galegos, \u201ca \u00fanica alternativa a un PSOE que hai tempo perdeu o norte e a un nacionalismo cada vez m\u00e1is radical: \u201cO dique de contenci\u00f3n para os populismos dun lado e do outro\u201d.<\/p>\n<p style=\"text-align: justify;\">\u00a0<\/p>\n<p style=\"text-align: justify;\">Igualmente, recordou que mentres Manuel Fraga era presidente da Xunta, Alfonso Rueda era presidente de NNXX en Pontevedra, o que quere dicir que \u00e1 vez que unha xeraci\u00f3n dirixe os destinos dun pa\u00eds, outra se est\u00e1 formando para facelo alg\u00fan d\u00eda. Segundo subli\u00f1ou, os populares est\u00e1n sempre renov\u00e1ndose e en constante evoluci\u00f3n.<\/p>\n<p style=\"text-align: justify;\">\u00a0<\/p>\n<p style=\"text-align: justify;\"><strong><u>UN FEMINISMO BASEADO NA CAPACIDADE DAS MULLERES<\/u><\/strong><\/p>\n<p style=\"text-align: justify;\">Por outra banda, afirmou traballar nun partido no que o x\u00e9nero non \u00e9 un m\u00e9rito. Neste sentido, admitiu que \u00e9 un orgullo que a Xunta Directiva considere que as oito integrantes da Comisi\u00f3n Organizadora do Congreso est\u00e1n preparadas para asumir esta responsabilidade, aclarando que se lles encargou este labor polo que elas fixeron na formaci\u00f3n e \u201cnon polo que din os nosos DNIs\u201d.<\/p>\n<p style=\"text-align: justify;\">\u00a0<\/p>\n<p style=\"text-align: justify;\">Pardo insistiu en que os populares galegos f\u00edxanse na val\u00eda e na cualificaci\u00f3n profesional. Ao respecto, tam\u00e9n engadiu que o PPdeG defende un \u201cfeminismo real\u201d baseado na capacidade das mulleres, no respecto polo compromiso e pola profesionalidade, e que pon en valor todo o que estas poden aportar ao partido e \u00e1 sociedade.<\/p>\n<p style=\"text-align: justify;\">\u00a0<\/p>\n<p style=\"text-align: justify;\">Pola contra, manifestou non sentirse identificada por \u201cun feminismo de pancarta baleira\u201d, que se mostra m\u00e1is preocupado por cambiar a linguaxe que por loitar pola igualdade de dereitos.<\/p>\n<p style=\"text-align: justify;\">\u00a0<\/p>\n<p style=\"text-align: justify;\"><strong><u>PONTEVEDRA, S\u00cdMBOLO DO PPdeG<\/u><\/strong><\/p>\n<p style=\"text-align: justify;\">Por \u00faltimo, avanzou que est\u00e1 previsto que o Congreso auton\u00f3mico se celebre no Pavill\u00f3n Municipal de Deportes de Pontevedra, unha urbe que \u00e9 un s\u00edmbolo para o PPdeG, xa que nos mitins da praza de touros se xestaron catro maior\u00edas absolutas. De igual modo, reco\u00f1eceu alegrarse de que os preto de 2.000 asistentes ao Conclave poidan gozar da amabilidade e hospitalidade dos pontevedreses e de que este evento sirva tam\u00e9n para reactivar a econom\u00eda da cidade.<\/p>\n","protected":false},"excerpt":{"rendered":"<p>Di que o PPdeG buscar sempre mellorar e que o 17\u00ba Congreso ten a vista posta nas propostas que a formaci\u00f3n por\u00e1 a disposici\u00f3n da Comunidade\u00a0<\/p>\n","protected":false},"author":38,"featured_media":55866,"comment_status":"open","ping_status":"open","sticky":false,"template":"","format":"standard","meta":{"_acf_changed":false,"footnotes":""},"categories":[1],"tags":[],"class_list":["post-55867","post","type-post","status-publish","format-standard","has-post-thumbnail","hentry","category-pp-de-galicia"],"acf":[],"yoast_head":"<!-- This site is optimized with the Yoast SEO plugin v27.3 - https:\/\/yoast.com\/product\/yoast-seo-wordpress\/ -->\n<title>Pepa Pardo: \u201cTemos que actualizar o partido todos os d\u00edas e adecualo ao que a xente espera de n\u00f3s\u201d - PP de Galicia<\/title>\n<meta name=\"robots\" content=\"index, follow, max-snippet:-1, max-image-preview:large, max-video-preview:-1\" \/>\n<link rel=\"canonical\" href=\"https:\/\/ppdegalicia.com\/es\/pepa-pardo-temos-que-actualizar-o-partido-todos-os-dias-e-adecualo-ao-que-a-xente-espera-de-nos\/\" \/>\n<meta property=\"og:locale\" content=\"es_ES\" \/>\n<meta property=\"og:type\" content=\"article\" \/>\n<meta property=\"og:title\" content=\"Pepa Pardo: \u201cTemos que actualizar o partido todos os d\u00edas e adecualo ao que a xente espera de n\u00f3s\u201d - PP de Galicia\" \/>\n<meta property=\"og:description\" content=\"Di que o PPdeG buscar sempre mellorar e que o 17\u00ba Congreso ten a vista posta nas propostas que a formaci\u00f3n por\u00e1 a disposici\u00f3n da Comunidade\u00a0\" \/>\n<meta property=\"og:url\" content=\"https:\/\/ppdegalicia.com\/es\/pepa-pardo-temos-que-actualizar-o-partido-todos-os-dias-e-adecualo-ao-que-a-xente-espera-de-nos\/\" \/>\n<meta property=\"og:site_name\" content=\"PP de Galicia\" \/>\n<meta property=\"article:publisher\" content=\"https:\/\/www.instagram.com\/ppdegalicia\/\" \/>\n<meta property=\"article:published_time\" content=\"2021-06-03T09:46:21+00:00\" \/>\n<meta property=\"og:image\" content=\"https:\/\/ppdegalicia.com\/wp-content\/uploads\/2021\/06\/1a9e2eae9ce4c22c1c880bce4488041e.jpg\" \/>\n\t<meta property=\"og:image:width\" content=\"2048\" \/>\n\t<meta property=\"og:image:height\" content=\"1365\" \/>\n\t<meta property=\"og:image:type\" content=\"image\/jpeg\" \/>\n<meta name=\"author\" content=\"ppdegaliciaredes\" \/>\n<meta name=\"twitter:card\" content=\"summary_large_image\" \/>\n<meta name=\"twitter:creator\" content=\"@ppdegalicia\" \/>\n<meta name=\"twitter:site\" content=\"@ppdegalicia\" \/>\n<meta name=\"twitter:label1\" content=\"Escrito por\" \/>\n\t<meta name=\"twitter:data1\" content=\"ppdegaliciaredes\" \/>\n\t<meta name=\"twitter:label2\" content=\"Tiempo de lectura\" \/>\n\t<meta name=\"twitter:data2\" content=\"3 minutos\" \/>\n<script type=\"application\/ld+json\" class=\"yoast-schema-graph\">{\"@context\":\"https:\\\/\\\/schema.org\",\"@graph\":[{\"@type\":\"Article\",\"@id\":\"https:\\\/\\\/ppdegalicia.com\\\/es\\\/pepa-pardo-temos-que-actualizar-o-partido-todos-os-dias-e-adecualo-ao-que-a-xente-espera-de-nos\\\/#article\",\"isPartOf\":{\"@id\":\"https:\\\/\\\/ppdegalicia.com\\\/es\\\/pepa-pardo-temos-que-actualizar-o-partido-todos-os-dias-e-adecualo-ao-que-a-xente-espera-de-nos\\\/\"},\"author\":{\"name\":\"ppdegaliciaredes\",\"@id\":\"https:\\\/\\\/ppdegalicia.com\\\/es\\\/#\\\/schema\\\/person\\\/5b822c6f59e872ebdd1142f307dbcb59\"},\"headline\":\"Pepa Pardo: \u201cTemos que actualizar o partido todos os d\u00edas e adecualo ao que a xente espera de n\u00f3s\u201d\",\"datePublished\":\"2021-06-03T09:46:21+00:00\",\"mainEntityOfPage\":{\"@id\":\"https:\\\/\\\/ppdegalicia.com\\\/es\\\/pepa-pardo-temos-que-actualizar-o-partido-todos-os-dias-e-adecualo-ao-que-a-xente-espera-de-nos\\\/\"},\"wordCount\":642,\"commentCount\":0,\"publisher\":{\"@id\":\"https:\\\/\\\/ppdegalicia.com\\\/es\\\/#organization\"},\"image\":{\"@id\":\"https:\\\/\\\/ppdegalicia.com\\\/es\\\/pepa-pardo-temos-que-actualizar-o-partido-todos-os-dias-e-adecualo-ao-que-a-xente-espera-de-nos\\\/#primaryimage\"},\"thumbnailUrl\":\"https:\\\/\\\/ppdegalicia.com\\\/wp-content\\\/uploads\\\/2021\\\/06\\\/1a9e2eae9ce4c22c1c880bce4488041e.jpg\",\"articleSection\":[\"PP de Galicia\"],\"inLanguage\":\"es\",\"potentialAction\":[{\"@type\":\"CommentAction\",\"name\":\"Comment\",\"target\":[\"https:\\\/\\\/ppdegalicia.com\\\/es\\\/pepa-pardo-temos-que-actualizar-o-partido-todos-os-dias-e-adecualo-ao-que-a-xente-espera-de-nos\\\/#respond\"]}]},{\"@type\":\"WebPage\",\"@id\":\"https:\\\/\\\/ppdegalicia.com\\\/es\\\/pepa-pardo-temos-que-actualizar-o-partido-todos-os-dias-e-adecualo-ao-que-a-xente-espera-de-nos\\\/\",\"url\":\"https:\\\/\\\/ppdegalicia.com\\\/es\\\/pepa-pardo-temos-que-actualizar-o-partido-todos-os-dias-e-adecualo-ao-que-a-xente-espera-de-nos\\\/\",\"name\":\"Pepa Pardo: \u201cTemos que actualizar o partido todos os d\u00edas e adecualo ao que a xente espera de n\u00f3s\u201d - PP de Galicia\",\"isPartOf\":{\"@id\":\"https:\\\/\\\/ppdegalicia.com\\\/es\\\/#website\"},\"primaryImageOfPage\":{\"@id\":\"https:\\\/\\\/ppdegalicia.com\\\/es\\\/pepa-pardo-temos-que-actualizar-o-partido-todos-os-dias-e-adecualo-ao-que-a-xente-espera-de-nos\\\/#primaryimage\"},\"image\":{\"@id\":\"https:\\\/\\\/ppdegalicia.com\\\/es\\\/pepa-pardo-temos-que-actualizar-o-partido-todos-os-dias-e-adecualo-ao-que-a-xente-espera-de-nos\\\/#primaryimage\"},\"thumbnailUrl\":\"https:\\\/\\\/ppdegalicia.com\\\/wp-content\\\/uploads\\\/2021\\\/06\\\/1a9e2eae9ce4c22c1c880bce4488041e.jpg\",\"datePublished\":\"2021-06-03T09:46:21+00:00\",\"breadcrumb\":{\"@id\":\"https:\\\/\\\/ppdegalicia.com\\\/es\\\/pepa-pardo-temos-que-actualizar-o-partido-todos-os-dias-e-adecualo-ao-que-a-xente-espera-de-nos\\\/#breadcrumb\"},\"inLanguage\":\"es\",\"potentialAction\":[{\"@type\":\"ReadAction\",\"target\":[\"https:\\\/\\\/ppdegalicia.com\\\/es\\\/pepa-pardo-temos-que-actualizar-o-partido-todos-os-dias-e-adecualo-ao-que-a-xente-espera-de-nos\\\/\"]}]},{\"@type\":\"ImageObject\",\"inLanguage\":\"es\",\"@id\":\"https:\\\/\\\/ppdegalicia.com\\\/es\\\/pepa-pardo-temos-que-actualizar-o-partido-todos-os-dias-e-adecualo-ao-que-a-xente-espera-de-nos\\\/#primaryimage\",\"url\":\"https:\\\/\\\/ppdegalicia.com\\\/wp-content\\\/uploads\\\/2021\\\/06\\\/1a9e2eae9ce4c22c1c880bce4488041e.jpg\",\"contentUrl\":\"https:\\\/\\\/ppdegalicia.com\\\/wp-content\\\/uploads\\\/2021\\\/06\\\/1a9e2eae9ce4c22c1c880bce4488041e.jpg\",\"width\":2048,\"height\":1365},{\"@type\":\"BreadcrumbList\",\"@id\":\"https:\\\/\\\/ppdegalicia.com\\\/es\\\/pepa-pardo-temos-que-actualizar-o-partido-todos-os-dias-e-adecualo-ao-que-a-xente-espera-de-nos\\\/#breadcrumb\",\"itemListElement\":[{\"@type\":\"ListItem\",\"position\":1,\"name\":\"Portada\",\"item\":\"https:\\\/\\\/ppdegalicia.com\\\/es\\\/\"},{\"@type\":\"ListItem\",\"position\":2,\"name\":\"Pepa Pardo: \u201cTemos que actualizar o partido todos os d\u00edas e adecualo ao que a xente espera de n\u00f3s\u201d\"}]},{\"@type\":\"WebSite\",\"@id\":\"https:\\\/\\\/ppdegalicia.com\\\/es\\\/#website\",\"url\":\"https:\\\/\\\/ppdegalicia.com\\\/es\\\/\",\"name\":\"Partido Popular de Galicia\",\"description\":\"Partido Popular de Galicia\",\"publisher\":{\"@id\":\"https:\\\/\\\/ppdegalicia.com\\\/es\\\/#organization\"},\"alternateName\":\"PP de Galicia\",\"potentialAction\":[{\"@type\":\"SearchAction\",\"target\":{\"@type\":\"EntryPoint\",\"urlTemplate\":\"https:\\\/\\\/ppdegalicia.com\\\/es\\\/?s={search_term_string}\"},\"query-input\":{\"@type\":\"PropertyValueSpecification\",\"valueRequired\":true,\"valueName\":\"search_term_string\"}}],\"inLanguage\":\"es\"},{\"@type\":\"Organization\",\"@id\":\"https:\\\/\\\/ppdegalicia.com\\\/es\\\/#organization\",\"name\":\"Partido Popular de Galicia\",\"alternateName\":\"PP de Galicia\",\"url\":\"https:\\\/\\\/ppdegalicia.com\\\/es\\\/\",\"logo\":{\"@type\":\"ImageObject\",\"inLanguage\":\"es\",\"@id\":\"https:\\\/\\\/ppdegalicia.com\\\/es\\\/#\\\/schema\\\/logo\\\/image\\\/\",\"url\":\"https:\\\/\\\/ppdegalicia.com\\\/wp-content\\\/uploads\\\/2023\\\/04\\\/logoPP512.png\",\"contentUrl\":\"https:\\\/\\\/ppdegalicia.com\\\/wp-content\\\/uploads\\\/2023\\\/04\\\/logoPP512.png\",\"width\":512,\"height\":512,\"caption\":\"Partido Popular de Galicia\"},\"image\":{\"@id\":\"https:\\\/\\\/ppdegalicia.com\\\/es\\\/#\\\/schema\\\/logo\\\/image\\\/\"},\"sameAs\":[\"https:\\\/\\\/www.instagram.com\\\/ppdegalicia\\\/\",\"https:\\\/\\\/x.com\\\/ppdegalicia\",\"https:\\\/\\\/www.tiktok.com\\\/@ppdegalicia\",\"https:\\\/\\\/www.youtube.com\\\/user\\\/ppdegalicia\"]},{\"@type\":\"Person\",\"@id\":\"https:\\\/\\\/ppdegalicia.com\\\/es\\\/#\\\/schema\\\/person\\\/5b822c6f59e872ebdd1142f307dbcb59\",\"name\":\"ppdegaliciaredes\",\"image\":{\"@type\":\"ImageObject\",\"inLanguage\":\"es\",\"@id\":\"https:\\\/\\\/secure.gravatar.com\\\/avatar\\\/3c9179cf0256d00c72a48d1f25783c58b6842cd56e85ef3a572881c8e28ccd59?s=96&d=mm&r=g\",\"url\":\"https:\\\/\\\/secure.gravatar.com\\\/avatar\\\/3c9179cf0256d00c72a48d1f25783c58b6842cd56e85ef3a572881c8e28ccd59?s=96&d=mm&r=g\",\"contentUrl\":\"https:\\\/\\\/secure.gravatar.com\\\/avatar\\\/3c9179cf0256d00c72a48d1f25783c58b6842cd56e85ef3a572881c8e28ccd59?s=96&d=mm&r=g\",\"caption\":\"ppdegaliciaredes\"},\"url\":\"https:\\\/\\\/ppdegalicia.com\\\/es\\\/author\\\/ppdegaliciaredes\\\/\"}]}<\/script>\n<!-- \/ Yoast SEO plugin. -->","yoast_head_json":{"title":"Pepa Pardo: \u201cTemos que actualizar o partido todos os d\u00edas e adecualo ao que a xente espera de n\u00f3s\u201d - PP de Galicia","robots":{"index":"index","follow":"follow","max-snippet":"max-snippet:-1","max-image-preview":"max-image-preview:large","max-video-preview":"max-video-preview:-1"},"canonical":"https:\/\/ppdegalicia.com\/es\/pepa-pardo-temos-que-actualizar-o-partido-todos-os-dias-e-adecualo-ao-que-a-xente-espera-de-nos\/","og_locale":"es_ES","og_type":"article","og_title":"Pepa Pardo: \u201cTemos que actualizar o partido todos os d\u00edas e adecualo ao que a xente espera de n\u00f3s\u201d - PP de Galicia","og_description":"Di que o PPdeG buscar sempre mellorar e que o 17\u00ba Congreso ten a vista posta nas propostas que a formaci\u00f3n por\u00e1 a disposici\u00f3n da Comunidade\u00a0","og_url":"https:\/\/ppdegalicia.com\/es\/pepa-pardo-temos-que-actualizar-o-partido-todos-os-dias-e-adecualo-ao-que-a-xente-espera-de-nos\/","og_site_name":"PP de Galicia","article_publisher":"https:\/\/www.instagram.com\/ppdegalicia\/","article_published_time":"2021-06-03T09:46:21+00:00","og_image":[{"width":2048,"height":1365,"url":"https:\/\/ppdegalicia.com\/wp-content\/uploads\/2021\/06\/1a9e2eae9ce4c22c1c880bce4488041e.jpg","type":"image\/jpeg"}],"author":"ppdegaliciaredes","twitter_card":"summary_large_image","twitter_creator":"@ppdegalicia","twitter_site":"@ppdegalicia","twitter_misc":{"Escrito por":"ppdegaliciaredes","Tiempo de lectura":"3 minutos"},"schema":{"@context":"https:\/\/schema.org","@graph":[{"@type":"Article","@id":"https:\/\/ppdegalicia.com\/es\/pepa-pardo-temos-que-actualizar-o-partido-todos-os-dias-e-adecualo-ao-que-a-xente-espera-de-nos\/#article","isPartOf":{"@id":"https:\/\/ppdegalicia.com\/es\/pepa-pardo-temos-que-actualizar-o-partido-todos-os-dias-e-adecualo-ao-que-a-xente-espera-de-nos\/"},"author":{"name":"ppdegaliciaredes","@id":"https:\/\/ppdegalicia.com\/es\/#\/schema\/person\/5b822c6f59e872ebdd1142f307dbcb59"},"headline":"Pepa Pardo: \u201cTemos que actualizar o partido todos os d\u00edas e adecualo ao que a xente espera de n\u00f3s\u201d","datePublished":"2021-06-03T09:46:21+00:00","mainEntityOfPage":{"@id":"https:\/\/ppdegalicia.com\/es\/pepa-pardo-temos-que-actualizar-o-partido-todos-os-dias-e-adecualo-ao-que-a-xente-espera-de-nos\/"},"wordCount":642,"commentCount":0,"publisher":{"@id":"https:\/\/ppdegalicia.com\/es\/#organization"},"image":{"@id":"https:\/\/ppdegalicia.com\/es\/pepa-pardo-temos-que-actualizar-o-partido-todos-os-dias-e-adecualo-ao-que-a-xente-espera-de-nos\/#primaryimage"},"thumbnailUrl":"https:\/\/ppdegalicia.com\/wp-content\/uploads\/2021\/06\/1a9e2eae9ce4c22c1c880bce4488041e.jpg","articleSection":["PP de Galicia"],"inLanguage":"es","potentialAction":[{"@type":"CommentAction","name":"Comment","target":["https:\/\/ppdegalicia.com\/es\/pepa-pardo-temos-que-actualizar-o-partido-todos-os-dias-e-adecualo-ao-que-a-xente-espera-de-nos\/#respond"]}]},{"@type":"WebPage","@id":"https:\/\/ppdegalicia.com\/es\/pepa-pardo-temos-que-actualizar-o-partido-todos-os-dias-e-adecualo-ao-que-a-xente-espera-de-nos\/","url":"https:\/\/ppdegalicia.com\/es\/pepa-pardo-temos-que-actualizar-o-partido-todos-os-dias-e-adecualo-ao-que-a-xente-espera-de-nos\/","name":"Pepa Pardo: \u201cTemos que actualizar o partido todos os d\u00edas e adecualo ao que a xente espera de n\u00f3s\u201d - PP de Galicia","isPartOf":{"@id":"https:\/\/ppdegalicia.com\/es\/#website"},"primaryImageOfPage":{"@id":"https:\/\/ppdegalicia.com\/es\/pepa-pardo-temos-que-actualizar-o-partido-todos-os-dias-e-adecualo-ao-que-a-xente-espera-de-nos\/#primaryimage"},"image":{"@id":"https:\/\/ppdegalicia.com\/es\/pepa-pardo-temos-que-actualizar-o-partido-todos-os-dias-e-adecualo-ao-que-a-xente-espera-de-nos\/#primaryimage"},"thumbnailUrl":"https:\/\/ppdegalicia.com\/wp-content\/uploads\/2021\/06\/1a9e2eae9ce4c22c1c880bce4488041e.jpg","datePublished":"2021-06-03T09:46:21+00:00","breadcrumb":{"@id":"https:\/\/ppdegalicia.com\/es\/pepa-pardo-temos-que-actualizar-o-partido-todos-os-dias-e-adecualo-ao-que-a-xente-espera-de-nos\/#breadcrumb"},"inLanguage":"es","potentialAction":[{"@type":"ReadAction","target":["https:\/\/ppdegalicia.com\/es\/pepa-pardo-temos-que-actualizar-o-partido-todos-os-dias-e-adecualo-ao-que-a-xente-espera-de-nos\/"]}]},{"@type":"ImageObject","inLanguage":"es","@id":"https:\/\/ppdegalicia.com\/es\/pepa-pardo-temos-que-actualizar-o-partido-todos-os-dias-e-adecualo-ao-que-a-xente-espera-de-nos\/#primaryimage","url":"https:\/\/ppdegalicia.com\/wp-content\/uploads\/2021\/06\/1a9e2eae9ce4c22c1c880bce4488041e.jpg","contentUrl":"https:\/\/ppdegalicia.com\/wp-content\/uploads\/2021\/06\/1a9e2eae9ce4c22c1c880bce4488041e.jpg","width":2048,"height":1365},{"@type":"BreadcrumbList","@id":"https:\/\/ppdegalicia.com\/es\/pepa-pardo-temos-que-actualizar-o-partido-todos-os-dias-e-adecualo-ao-que-a-xente-espera-de-nos\/#breadcrumb","itemListElement":[{"@type":"ListItem","position":1,"name":"Portada","item":"https:\/\/ppdegalicia.com\/es\/"},{"@type":"ListItem","position":2,"name":"Pepa Pardo: \u201cTemos que actualizar o partido todos os d\u00edas e adecualo ao que a xente espera de n\u00f3s\u201d"}]},{"@type":"WebSite","@id":"https:\/\/ppdegalicia.com\/es\/#website","url":"https:\/\/ppdegalicia.com\/es\/","name":"Partido Popular de Galicia","description":"Partido Popular de Galicia","publisher":{"@id":"https:\/\/ppdegalicia.com\/es\/#organization"},"alternateName":"PP de Galicia","potentialAction":[{"@type":"SearchAction","target":{"@type":"EntryPoint","urlTemplate":"https:\/\/ppdegalicia.com\/es\/?s={search_term_string}"},"query-input":{"@type":"PropertyValueSpecification","valueRequired":true,"valueName":"search_term_string"}}],"inLanguage":"es"},{"@type":"Organization","@id":"https:\/\/ppdegalicia.com\/es\/#organization","name":"Partido Popular de Galicia","alternateName":"PP de Galicia","url":"https:\/\/ppdegalicia.com\/es\/","logo":{"@type":"ImageObject","inLanguage":"es","@id":"https:\/\/ppdegalicia.com\/es\/#\/schema\/logo\/image\/","url":"https:\/\/ppdegalicia.com\/wp-content\/uploads\/2023\/04\/logoPP512.png","contentUrl":"https:\/\/ppdegalicia.com\/wp-content\/uploads\/2023\/04\/logoPP512.png","width":512,"height":512,"caption":"Partido Popular de Galicia"},"image":{"@id":"https:\/\/ppdegalicia.com\/es\/#\/schema\/logo\/image\/"},"sameAs":["https:\/\/www.instagram.com\/ppdegalicia\/","https:\/\/x.com\/ppdegalicia","https:\/\/www.tiktok.com\/@ppdegalicia","https:\/\/www.youtube.com\/user\/ppdegalicia"]},{"@type":"Person","@id":"https:\/\/ppdegalicia.com\/es\/#\/schema\/person\/5b822c6f59e872ebdd1142f307dbcb59","name":"ppdegaliciaredes","image":{"@type":"ImageObject","inLanguage":"es","@id":"https:\/\/secure.gravatar.com\/avatar\/3c9179cf0256d00c72a48d1f25783c58b6842cd56e85ef3a572881c8e28ccd59?s=96&d=mm&r=g","url":"https:\/\/secure.gravatar.com\/avatar\/3c9179cf0256d00c72a48d1f25783c58b6842cd56e85ef3a572881c8e28ccd59?s=96&d=mm&r=g","contentUrl":"https:\/\/secure.gravatar.com\/avatar\/3c9179cf0256d00c72a48d1f25783c58b6842cd56e85ef3a572881c8e28ccd59?s=96&d=mm&r=g","caption":"ppdegaliciaredes"},"url":"https:\/\/ppdegalicia.com\/es\/author\/ppdegaliciaredes\/"}]}},"_links":{"self":[{"href":"https:\/\/ppdegalicia.com\/es\/wp-json\/wp\/v2\/posts\/55867","targetHints":{"allow":["GET"]}}],"collection":[{"href":"https:\/\/ppdegalicia.com\/es\/wp-json\/wp\/v2\/posts"}],"about":[{"href":"https:\/\/ppdegalicia.com\/es\/wp-json\/wp\/v2\/types\/post"}],"author":[{"embeddable":true,"href":"https:\/\/ppdegalicia.com\/es\/wp-json\/wp\/v2\/users\/38"}],"replies":[{"embeddable":true,"href":"https:\/\/ppdegalicia.com\/es\/wp-json\/wp\/v2\/comments?post=55867"}],"version-history":[{"count":0,"href":"https:\/\/ppdegalicia.com\/es\/wp-json\/wp\/v2\/posts\/55867\/revisions"}],"wp:featuredmedia":[{"embeddable":true,"href":"https:\/\/ppdegalicia.com\/es\/wp-json\/wp\/v2\/media\/55866"}],"wp:attachment":[{"href":"https:\/\/ppdegalicia.com\/es\/wp-json\/wp\/v2\/media?parent=55867"}],"wp:term":[{"taxonomy":"category","embeddable":true,"href":"https:\/\/ppdegalicia.com\/es\/wp-json\/wp\/v2\/categories?post=55867"},{"taxonomy":"post_tag","embeddable":true,"href":"https:\/\/ppdegalicia.com\/es\/wp-json\/wp\/v2\/tags?post=55867"}],"curies":[{"name":"wp","href":"https:\/\/api.w.org\/{rel}","templated":true}]}}