{"id":55875,"date":"2021-06-04T08:35:49","date_gmt":"2021-06-04T06:35:49","guid":{"rendered":"https:\/\/ppdegalicia.com\/o-ppdeg-destaca-o-inminente-concurso-de-adxudicacion-do-solo-industrial-en-taboada\/"},"modified":"2021-06-04T08:35:49","modified_gmt":"2021-06-04T06:35:49","slug":"o-ppdeg-destaca-o-inminente-concurso-de-adxudicacion-do-solo-industrial-en-taboada","status":"publish","type":"post","link":"https:\/\/ppdegalicia.com\/es\/o-ppdeg-destaca-o-inminente-concurso-de-adxudicacion-do-solo-industrial-en-taboada\/","title":{"rendered":"O PPdeG destaca o \u201cinminente\u201d concurso de adxudicaci\u00f3n do solo industrial en Taboada"},"content":{"rendered":"<p><img fetchpriority=\"high\" decoding=\"async\" class=\" size-full wp-image-55874\" src=\"https:\/\/ppdegalicia.com\/wp-content\/uploads\/2021\/06\/15bda2484b08110ab90bfad4e8343bbc.jpg\" alt=\"\" width=\"1900\" height=\"1267\" srcset=\"https:\/\/ppdegalicia.com\/wp-content\/uploads\/2021\/06\/15bda2484b08110ab90bfad4e8343bbc.jpg 1900w, https:\/\/ppdegalicia.com\/wp-content\/uploads\/2021\/06\/15bda2484b08110ab90bfad4e8343bbc-300x200.jpg 300w, https:\/\/ppdegalicia.com\/wp-content\/uploads\/2021\/06\/15bda2484b08110ab90bfad4e8343bbc-1024x683.jpg 1024w, https:\/\/ppdegalicia.com\/wp-content\/uploads\/2021\/06\/15bda2484b08110ab90bfad4e8343bbc-768x512.jpg 768w, https:\/\/ppdegalicia.com\/wp-content\/uploads\/2021\/06\/15bda2484b08110ab90bfad4e8343bbc-1536x1024.jpg 1536w\" sizes=\"(max-width: 1900px) 100vw, 1900px\" \/><\/p>\n<p>Santiago, 3 de xu\u00f1o de 2021.- O deputado do Grupo Popular Jos\u00e9 Manuel Balseiro afirmou hoxe no Parlamento de Galicia que o concurso de adxudicaci\u00f3n do solo industrial no concello de Taboada farase p\u00fablico de xeito inminente neste mes de xu\u00f1o.<\/p>\n<p><!--more--><\/p>\n<p>A trav\u00e9s deste concurso estableceranse as condici\u00f3ns de adxudicaci\u00f3n do solo propiedade do Instituto Galego de Vivenda e Solo (IGVS), tanto nos parques empresariais que xa se atopan \u00e1 venda actualmente como os novos parques que se inician a s\u00faa comercializaci\u00f3n.<\/p>\n<p>\u00a0<\/p>\n<p>En concreto, este concurso de venda de solo empresarial incl\u00fae 13 parcelas correspondentes \u00e1 primeira fase do parque de Taboada, cunha superficie total de 13.717 metros cadrados. As dimensi\u00f3ns das parcelas var\u00edan entre os 727 e os 1.767 metros cadrados.<\/p>\n<p>\u00a0<\/p>\n<p>Jos\u00e9 Manuel Balseiro manifestou, ademais, que \u201cxa se est\u00e1 a traballar nos correspondentes proxectos para rematar as obras de urbanizaci\u00f3n do parque empresarial de Taboada, co obxectivo de realizalas este mesmo ano\u201d. Estas obras afectar\u00e1n \u00e1 zona de aparcadoiro e \u00e1 zona verde do parque empresarial.<\/p>\n<p>\u00a0<\/p>\n<p><strong>ATRACTIVA BONIFICACI\u00d3N<\/strong><\/p>\n<p>\u00a0<\/p>\n<p>O deputado popular cualificou de \u201cmoi atractiva\u201d a bonificaci\u00f3n do 50 por cento no prezo das parcelas en todos os parques empresariais de Lugo que ofrece a Xunta de Galicia e lamentou que, pola contra, \u201cning\u00fan promotor de solo empresarial dependente dun goberno socialista est\u00e1 aplicando bonificaci\u00f3n algunha con car\u00e1cter xeral nos seus parques galegos\u201d.<\/p>\n<p>\u00a0<\/p>\n<p>Para rematar, Balseiro criticou que \u201cunha das primeiras decisi\u00f3ns que adoptou o Goberno do se\u00f1or Tom\u00e9 na Deputaci\u00f3n de Lugo foi suprimir a empresa p\u00fablica que se encargaba de crear solo industrial na provincia\u201d. \u201cSuprimiron esta empresa p\u00fablica sen ningunha alternativa e deixando no limbo m\u00e1is de 4 mill\u00f3ns de euros en parcelas industriais xa adquiridas pola Deputaci\u00f3n e outros 5 mill\u00f3ns de euros pendentes de cobro\u201d, engadiu.<\/p>\n","protected":false},"excerpt":{"rendered":"<p>Santiago, 3 de xu\u00f1o de 2021.- O deputado do Grupo Popular Jos\u00e9 Manuel Balseiro afirmou hoxe no Parlamento de Galicia que o concurso de adxudicaci\u00f3n do solo industrial no concello de Taboada farase p\u00fablico de xeito inminente neste mes de xu\u00f1o.<\/p>\n","protected":false},"author":38,"featured_media":55874,"comment_status":"open","ping_status":"open","sticky":false,"template":"","format":"standard","meta":{"_acf_changed":false,"footnotes":""},"categories":[1],"tags":[],"class_list":["post-55875","post","type-post","status-publish","format-standard","has-post-thumbnail","hentry","category-pp-de-galicia"],"acf":[],"yoast_head":"<!-- This site is optimized with the Yoast SEO plugin v27.3 - https:\/\/yoast.com\/product\/yoast-seo-wordpress\/ -->\n<title>O PPdeG destaca o \u201cinminente\u201d concurso de adxudicaci\u00f3n do solo industrial en Taboada - PP de Galicia<\/title>\n<meta name=\"robots\" content=\"index, follow, max-snippet:-1, max-image-preview:large, max-video-preview:-1\" \/>\n<link rel=\"canonical\" href=\"https:\/\/ppdegalicia.com\/es\/o-ppdeg-destaca-o-inminente-concurso-de-adxudicacion-do-solo-industrial-en-taboada\/\" \/>\n<meta property=\"og:locale\" content=\"es_ES\" \/>\n<meta property=\"og:type\" content=\"article\" \/>\n<meta property=\"og:title\" content=\"O PPdeG destaca o \u201cinminente\u201d concurso de adxudicaci\u00f3n do solo industrial en Taboada - PP de Galicia\" \/>\n<meta property=\"og:description\" content=\"Santiago, 3 de xu\u00f1o de 2021.- O deputado do Grupo Popular Jos\u00e9 Manuel Balseiro afirmou hoxe no Parlamento de Galicia que o concurso de adxudicaci\u00f3n do solo industrial no concello de Taboada farase p\u00fablico de xeito inminente neste mes de xu\u00f1o.\" \/>\n<meta property=\"og:url\" content=\"https:\/\/ppdegalicia.com\/es\/o-ppdeg-destaca-o-inminente-concurso-de-adxudicacion-do-solo-industrial-en-taboada\/\" \/>\n<meta property=\"og:site_name\" content=\"PP de Galicia\" \/>\n<meta property=\"article:publisher\" content=\"https:\/\/www.instagram.com\/ppdegalicia\/\" \/>\n<meta property=\"article:published_time\" content=\"2021-06-04T06:35:49+00:00\" \/>\n<meta property=\"og:image\" content=\"https:\/\/ppdegalicia.com\/wp-content\/uploads\/2021\/06\/15bda2484b08110ab90bfad4e8343bbc.jpg\" \/>\n\t<meta property=\"og:image:width\" content=\"1900\" \/>\n\t<meta property=\"og:image:height\" content=\"1267\" \/>\n\t<meta property=\"og:image:type\" content=\"image\/jpeg\" \/>\n<meta name=\"author\" content=\"ppdegaliciaredes\" \/>\n<meta name=\"twitter:card\" content=\"summary_large_image\" \/>\n<meta name=\"twitter:creator\" content=\"@ppdegalicia\" \/>\n<meta name=\"twitter:site\" content=\"@ppdegalicia\" \/>\n<meta name=\"twitter:label1\" content=\"Escrito por\" \/>\n\t<meta name=\"twitter:data1\" content=\"ppdegaliciaredes\" \/>\n\t<meta name=\"twitter:label2\" content=\"Tiempo de lectura\" \/>\n\t<meta name=\"twitter:data2\" content=\"2 minutos\" \/>\n<script type=\"application\/ld+json\" class=\"yoast-schema-graph\">{\"@context\":\"https:\\\/\\\/schema.org\",\"@graph\":[{\"@type\":\"Article\",\"@id\":\"https:\\\/\\\/ppdegalicia.com\\\/es\\\/o-ppdeg-destaca-o-inminente-concurso-de-adxudicacion-do-solo-industrial-en-taboada\\\/#article\",\"isPartOf\":{\"@id\":\"https:\\\/\\\/ppdegalicia.com\\\/es\\\/o-ppdeg-destaca-o-inminente-concurso-de-adxudicacion-do-solo-industrial-en-taboada\\\/\"},\"author\":{\"name\":\"ppdegaliciaredes\",\"@id\":\"https:\\\/\\\/ppdegalicia.com\\\/es\\\/#\\\/schema\\\/person\\\/5b822c6f59e872ebdd1142f307dbcb59\"},\"headline\":\"O PPdeG destaca o \u201cinminente\u201d concurso de adxudicaci\u00f3n do solo industrial en Taboada\",\"datePublished\":\"2021-06-04T06:35:49+00:00\",\"mainEntityOfPage\":{\"@id\":\"https:\\\/\\\/ppdegalicia.com\\\/es\\\/o-ppdeg-destaca-o-inminente-concurso-de-adxudicacion-do-solo-industrial-en-taboada\\\/\"},\"wordCount\":323,\"commentCount\":0,\"publisher\":{\"@id\":\"https:\\\/\\\/ppdegalicia.com\\\/es\\\/#organization\"},\"image\":{\"@id\":\"https:\\\/\\\/ppdegalicia.com\\\/es\\\/o-ppdeg-destaca-o-inminente-concurso-de-adxudicacion-do-solo-industrial-en-taboada\\\/#primaryimage\"},\"thumbnailUrl\":\"https:\\\/\\\/ppdegalicia.com\\\/wp-content\\\/uploads\\\/2021\\\/06\\\/15bda2484b08110ab90bfad4e8343bbc.jpg\",\"articleSection\":[\"PP de Galicia\"],\"inLanguage\":\"es\",\"potentialAction\":[{\"@type\":\"CommentAction\",\"name\":\"Comment\",\"target\":[\"https:\\\/\\\/ppdegalicia.com\\\/es\\\/o-ppdeg-destaca-o-inminente-concurso-de-adxudicacion-do-solo-industrial-en-taboada\\\/#respond\"]}]},{\"@type\":\"WebPage\",\"@id\":\"https:\\\/\\\/ppdegalicia.com\\\/es\\\/o-ppdeg-destaca-o-inminente-concurso-de-adxudicacion-do-solo-industrial-en-taboada\\\/\",\"url\":\"https:\\\/\\\/ppdegalicia.com\\\/es\\\/o-ppdeg-destaca-o-inminente-concurso-de-adxudicacion-do-solo-industrial-en-taboada\\\/\",\"name\":\"O PPdeG destaca o \u201cinminente\u201d concurso de adxudicaci\u00f3n do solo industrial en Taboada - PP de Galicia\",\"isPartOf\":{\"@id\":\"https:\\\/\\\/ppdegalicia.com\\\/es\\\/#website\"},\"primaryImageOfPage\":{\"@id\":\"https:\\\/\\\/ppdegalicia.com\\\/es\\\/o-ppdeg-destaca-o-inminente-concurso-de-adxudicacion-do-solo-industrial-en-taboada\\\/#primaryimage\"},\"image\":{\"@id\":\"https:\\\/\\\/ppdegalicia.com\\\/es\\\/o-ppdeg-destaca-o-inminente-concurso-de-adxudicacion-do-solo-industrial-en-taboada\\\/#primaryimage\"},\"thumbnailUrl\":\"https:\\\/\\\/ppdegalicia.com\\\/wp-content\\\/uploads\\\/2021\\\/06\\\/15bda2484b08110ab90bfad4e8343bbc.jpg\",\"datePublished\":\"2021-06-04T06:35:49+00:00\",\"breadcrumb\":{\"@id\":\"https:\\\/\\\/ppdegalicia.com\\\/es\\\/o-ppdeg-destaca-o-inminente-concurso-de-adxudicacion-do-solo-industrial-en-taboada\\\/#breadcrumb\"},\"inLanguage\":\"es\",\"potentialAction\":[{\"@type\":\"ReadAction\",\"target\":[\"https:\\\/\\\/ppdegalicia.com\\\/es\\\/o-ppdeg-destaca-o-inminente-concurso-de-adxudicacion-do-solo-industrial-en-taboada\\\/\"]}]},{\"@type\":\"ImageObject\",\"inLanguage\":\"es\",\"@id\":\"https:\\\/\\\/ppdegalicia.com\\\/es\\\/o-ppdeg-destaca-o-inminente-concurso-de-adxudicacion-do-solo-industrial-en-taboada\\\/#primaryimage\",\"url\":\"https:\\\/\\\/ppdegalicia.com\\\/wp-content\\\/uploads\\\/2021\\\/06\\\/15bda2484b08110ab90bfad4e8343bbc.jpg\",\"contentUrl\":\"https:\\\/\\\/ppdegalicia.com\\\/wp-content\\\/uploads\\\/2021\\\/06\\\/15bda2484b08110ab90bfad4e8343bbc.jpg\",\"width\":1900,\"height\":1267},{\"@type\":\"BreadcrumbList\",\"@id\":\"https:\\\/\\\/ppdegalicia.com\\\/es\\\/o-ppdeg-destaca-o-inminente-concurso-de-adxudicacion-do-solo-industrial-en-taboada\\\/#breadcrumb\",\"itemListElement\":[{\"@type\":\"ListItem\",\"position\":1,\"name\":\"Portada\",\"item\":\"https:\\\/\\\/ppdegalicia.com\\\/es\\\/\"},{\"@type\":\"ListItem\",\"position\":2,\"name\":\"O PPdeG destaca o \u201cinminente\u201d concurso de adxudicaci\u00f3n do solo industrial en Taboada\"}]},{\"@type\":\"WebSite\",\"@id\":\"https:\\\/\\\/ppdegalicia.com\\\/es\\\/#website\",\"url\":\"https:\\\/\\\/ppdegalicia.com\\\/es\\\/\",\"name\":\"Partido Popular de Galicia\",\"description\":\"Partido Popular de Galicia\",\"publisher\":{\"@id\":\"https:\\\/\\\/ppdegalicia.com\\\/es\\\/#organization\"},\"alternateName\":\"PP de Galicia\",\"potentialAction\":[{\"@type\":\"SearchAction\",\"target\":{\"@type\":\"EntryPoint\",\"urlTemplate\":\"https:\\\/\\\/ppdegalicia.com\\\/es\\\/?s={search_term_string}\"},\"query-input\":{\"@type\":\"PropertyValueSpecification\",\"valueRequired\":true,\"valueName\":\"search_term_string\"}}],\"inLanguage\":\"es\"},{\"@type\":\"Organization\",\"@id\":\"https:\\\/\\\/ppdegalicia.com\\\/es\\\/#organization\",\"name\":\"Partido Popular de Galicia\",\"alternateName\":\"PP de Galicia\",\"url\":\"https:\\\/\\\/ppdegalicia.com\\\/es\\\/\",\"logo\":{\"@type\":\"ImageObject\",\"inLanguage\":\"es\",\"@id\":\"https:\\\/\\\/ppdegalicia.com\\\/es\\\/#\\\/schema\\\/logo\\\/image\\\/\",\"url\":\"https:\\\/\\\/ppdegalicia.com\\\/wp-content\\\/uploads\\\/2023\\\/04\\\/logoPP512.png\",\"contentUrl\":\"https:\\\/\\\/ppdegalicia.com\\\/wp-content\\\/uploads\\\/2023\\\/04\\\/logoPP512.png\",\"width\":512,\"height\":512,\"caption\":\"Partido Popular de Galicia\"},\"image\":{\"@id\":\"https:\\\/\\\/ppdegalicia.com\\\/es\\\/#\\\/schema\\\/logo\\\/image\\\/\"},\"sameAs\":[\"https:\\\/\\\/www.instagram.com\\\/ppdegalicia\\\/\",\"https:\\\/\\\/x.com\\\/ppdegalicia\",\"https:\\\/\\\/www.tiktok.com\\\/@ppdegalicia\",\"https:\\\/\\\/www.youtube.com\\\/user\\\/ppdegalicia\"]},{\"@type\":\"Person\",\"@id\":\"https:\\\/\\\/ppdegalicia.com\\\/es\\\/#\\\/schema\\\/person\\\/5b822c6f59e872ebdd1142f307dbcb59\",\"name\":\"ppdegaliciaredes\",\"image\":{\"@type\":\"ImageObject\",\"inLanguage\":\"es\",\"@id\":\"https:\\\/\\\/secure.gravatar.com\\\/avatar\\\/3c9179cf0256d00c72a48d1f25783c58b6842cd56e85ef3a572881c8e28ccd59?s=96&d=mm&r=g\",\"url\":\"https:\\\/\\\/secure.gravatar.com\\\/avatar\\\/3c9179cf0256d00c72a48d1f25783c58b6842cd56e85ef3a572881c8e28ccd59?s=96&d=mm&r=g\",\"contentUrl\":\"https:\\\/\\\/secure.gravatar.com\\\/avatar\\\/3c9179cf0256d00c72a48d1f25783c58b6842cd56e85ef3a572881c8e28ccd59?s=96&d=mm&r=g\",\"caption\":\"ppdegaliciaredes\"},\"url\":\"https:\\\/\\\/ppdegalicia.com\\\/es\\\/author\\\/ppdegaliciaredes\\\/\"}]}<\/script>\n<!-- \/ Yoast SEO plugin. -->","yoast_head_json":{"title":"O PPdeG destaca o \u201cinminente\u201d concurso de adxudicaci\u00f3n do solo industrial en Taboada - PP de Galicia","robots":{"index":"index","follow":"follow","max-snippet":"max-snippet:-1","max-image-preview":"max-image-preview:large","max-video-preview":"max-video-preview:-1"},"canonical":"https:\/\/ppdegalicia.com\/es\/o-ppdeg-destaca-o-inminente-concurso-de-adxudicacion-do-solo-industrial-en-taboada\/","og_locale":"es_ES","og_type":"article","og_title":"O PPdeG destaca o \u201cinminente\u201d concurso de adxudicaci\u00f3n do solo industrial en Taboada - PP de Galicia","og_description":"Santiago, 3 de xu\u00f1o de 2021.- O deputado do Grupo Popular Jos\u00e9 Manuel Balseiro afirmou hoxe no Parlamento de Galicia que o concurso de adxudicaci\u00f3n do solo industrial no concello de Taboada farase p\u00fablico de xeito inminente neste mes de xu\u00f1o.","og_url":"https:\/\/ppdegalicia.com\/es\/o-ppdeg-destaca-o-inminente-concurso-de-adxudicacion-do-solo-industrial-en-taboada\/","og_site_name":"PP de Galicia","article_publisher":"https:\/\/www.instagram.com\/ppdegalicia\/","article_published_time":"2021-06-04T06:35:49+00:00","og_image":[{"width":1900,"height":1267,"url":"https:\/\/ppdegalicia.com\/wp-content\/uploads\/2021\/06\/15bda2484b08110ab90bfad4e8343bbc.jpg","type":"image\/jpeg"}],"author":"ppdegaliciaredes","twitter_card":"summary_large_image","twitter_creator":"@ppdegalicia","twitter_site":"@ppdegalicia","twitter_misc":{"Escrito por":"ppdegaliciaredes","Tiempo de lectura":"2 minutos"},"schema":{"@context":"https:\/\/schema.org","@graph":[{"@type":"Article","@id":"https:\/\/ppdegalicia.com\/es\/o-ppdeg-destaca-o-inminente-concurso-de-adxudicacion-do-solo-industrial-en-taboada\/#article","isPartOf":{"@id":"https:\/\/ppdegalicia.com\/es\/o-ppdeg-destaca-o-inminente-concurso-de-adxudicacion-do-solo-industrial-en-taboada\/"},"author":{"name":"ppdegaliciaredes","@id":"https:\/\/ppdegalicia.com\/es\/#\/schema\/person\/5b822c6f59e872ebdd1142f307dbcb59"},"headline":"O PPdeG destaca o \u201cinminente\u201d concurso de adxudicaci\u00f3n do solo industrial en Taboada","datePublished":"2021-06-04T06:35:49+00:00","mainEntityOfPage":{"@id":"https:\/\/ppdegalicia.com\/es\/o-ppdeg-destaca-o-inminente-concurso-de-adxudicacion-do-solo-industrial-en-taboada\/"},"wordCount":323,"commentCount":0,"publisher":{"@id":"https:\/\/ppdegalicia.com\/es\/#organization"},"image":{"@id":"https:\/\/ppdegalicia.com\/es\/o-ppdeg-destaca-o-inminente-concurso-de-adxudicacion-do-solo-industrial-en-taboada\/#primaryimage"},"thumbnailUrl":"https:\/\/ppdegalicia.com\/wp-content\/uploads\/2021\/06\/15bda2484b08110ab90bfad4e8343bbc.jpg","articleSection":["PP de Galicia"],"inLanguage":"es","potentialAction":[{"@type":"CommentAction","name":"Comment","target":["https:\/\/ppdegalicia.com\/es\/o-ppdeg-destaca-o-inminente-concurso-de-adxudicacion-do-solo-industrial-en-taboada\/#respond"]}]},{"@type":"WebPage","@id":"https:\/\/ppdegalicia.com\/es\/o-ppdeg-destaca-o-inminente-concurso-de-adxudicacion-do-solo-industrial-en-taboada\/","url":"https:\/\/ppdegalicia.com\/es\/o-ppdeg-destaca-o-inminente-concurso-de-adxudicacion-do-solo-industrial-en-taboada\/","name":"O PPdeG destaca o \u201cinminente\u201d concurso de adxudicaci\u00f3n do solo industrial en Taboada - PP de Galicia","isPartOf":{"@id":"https:\/\/ppdegalicia.com\/es\/#website"},"primaryImageOfPage":{"@id":"https:\/\/ppdegalicia.com\/es\/o-ppdeg-destaca-o-inminente-concurso-de-adxudicacion-do-solo-industrial-en-taboada\/#primaryimage"},"image":{"@id":"https:\/\/ppdegalicia.com\/es\/o-ppdeg-destaca-o-inminente-concurso-de-adxudicacion-do-solo-industrial-en-taboada\/#primaryimage"},"thumbnailUrl":"https:\/\/ppdegalicia.com\/wp-content\/uploads\/2021\/06\/15bda2484b08110ab90bfad4e8343bbc.jpg","datePublished":"2021-06-04T06:35:49+00:00","breadcrumb":{"@id":"https:\/\/ppdegalicia.com\/es\/o-ppdeg-destaca-o-inminente-concurso-de-adxudicacion-do-solo-industrial-en-taboada\/#breadcrumb"},"inLanguage":"es","potentialAction":[{"@type":"ReadAction","target":["https:\/\/ppdegalicia.com\/es\/o-ppdeg-destaca-o-inminente-concurso-de-adxudicacion-do-solo-industrial-en-taboada\/"]}]},{"@type":"ImageObject","inLanguage":"es","@id":"https:\/\/ppdegalicia.com\/es\/o-ppdeg-destaca-o-inminente-concurso-de-adxudicacion-do-solo-industrial-en-taboada\/#primaryimage","url":"https:\/\/ppdegalicia.com\/wp-content\/uploads\/2021\/06\/15bda2484b08110ab90bfad4e8343bbc.jpg","contentUrl":"https:\/\/ppdegalicia.com\/wp-content\/uploads\/2021\/06\/15bda2484b08110ab90bfad4e8343bbc.jpg","width":1900,"height":1267},{"@type":"BreadcrumbList","@id":"https:\/\/ppdegalicia.com\/es\/o-ppdeg-destaca-o-inminente-concurso-de-adxudicacion-do-solo-industrial-en-taboada\/#breadcrumb","itemListElement":[{"@type":"ListItem","position":1,"name":"Portada","item":"https:\/\/ppdegalicia.com\/es\/"},{"@type":"ListItem","position":2,"name":"O PPdeG destaca o \u201cinminente\u201d concurso de adxudicaci\u00f3n do solo industrial en Taboada"}]},{"@type":"WebSite","@id":"https:\/\/ppdegalicia.com\/es\/#website","url":"https:\/\/ppdegalicia.com\/es\/","name":"Partido Popular de Galicia","description":"Partido Popular de Galicia","publisher":{"@id":"https:\/\/ppdegalicia.com\/es\/#organization"},"alternateName":"PP de Galicia","potentialAction":[{"@type":"SearchAction","target":{"@type":"EntryPoint","urlTemplate":"https:\/\/ppdegalicia.com\/es\/?s={search_term_string}"},"query-input":{"@type":"PropertyValueSpecification","valueRequired":true,"valueName":"search_term_string"}}],"inLanguage":"es"},{"@type":"Organization","@id":"https:\/\/ppdegalicia.com\/es\/#organization","name":"Partido Popular de Galicia","alternateName":"PP de Galicia","url":"https:\/\/ppdegalicia.com\/es\/","logo":{"@type":"ImageObject","inLanguage":"es","@id":"https:\/\/ppdegalicia.com\/es\/#\/schema\/logo\/image\/","url":"https:\/\/ppdegalicia.com\/wp-content\/uploads\/2023\/04\/logoPP512.png","contentUrl":"https:\/\/ppdegalicia.com\/wp-content\/uploads\/2023\/04\/logoPP512.png","width":512,"height":512,"caption":"Partido Popular de Galicia"},"image":{"@id":"https:\/\/ppdegalicia.com\/es\/#\/schema\/logo\/image\/"},"sameAs":["https:\/\/www.instagram.com\/ppdegalicia\/","https:\/\/x.com\/ppdegalicia","https:\/\/www.tiktok.com\/@ppdegalicia","https:\/\/www.youtube.com\/user\/ppdegalicia"]},{"@type":"Person","@id":"https:\/\/ppdegalicia.com\/es\/#\/schema\/person\/5b822c6f59e872ebdd1142f307dbcb59","name":"ppdegaliciaredes","image":{"@type":"ImageObject","inLanguage":"es","@id":"https:\/\/secure.gravatar.com\/avatar\/3c9179cf0256d00c72a48d1f25783c58b6842cd56e85ef3a572881c8e28ccd59?s=96&d=mm&r=g","url":"https:\/\/secure.gravatar.com\/avatar\/3c9179cf0256d00c72a48d1f25783c58b6842cd56e85ef3a572881c8e28ccd59?s=96&d=mm&r=g","contentUrl":"https:\/\/secure.gravatar.com\/avatar\/3c9179cf0256d00c72a48d1f25783c58b6842cd56e85ef3a572881c8e28ccd59?s=96&d=mm&r=g","caption":"ppdegaliciaredes"},"url":"https:\/\/ppdegalicia.com\/es\/author\/ppdegaliciaredes\/"}]}},"_links":{"self":[{"href":"https:\/\/ppdegalicia.com\/es\/wp-json\/wp\/v2\/posts\/55875","targetHints":{"allow":["GET"]}}],"collection":[{"href":"https:\/\/ppdegalicia.com\/es\/wp-json\/wp\/v2\/posts"}],"about":[{"href":"https:\/\/ppdegalicia.com\/es\/wp-json\/wp\/v2\/types\/post"}],"author":[{"embeddable":true,"href":"https:\/\/ppdegalicia.com\/es\/wp-json\/wp\/v2\/users\/38"}],"replies":[{"embeddable":true,"href":"https:\/\/ppdegalicia.com\/es\/wp-json\/wp\/v2\/comments?post=55875"}],"version-history":[{"count":0,"href":"https:\/\/ppdegalicia.com\/es\/wp-json\/wp\/v2\/posts\/55875\/revisions"}],"wp:featuredmedia":[{"embeddable":true,"href":"https:\/\/ppdegalicia.com\/es\/wp-json\/wp\/v2\/media\/55874"}],"wp:attachment":[{"href":"https:\/\/ppdegalicia.com\/es\/wp-json\/wp\/v2\/media?parent=55875"}],"wp:term":[{"taxonomy":"category","embeddable":true,"href":"https:\/\/ppdegalicia.com\/es\/wp-json\/wp\/v2\/categories?post=55875"},{"taxonomy":"post_tag","embeddable":true,"href":"https:\/\/ppdegalicia.com\/es\/wp-json\/wp\/v2\/tags?post=55875"}],"curies":[{"name":"wp","href":"https:\/\/api.w.org\/{rel}","templated":true}]}}