{"id":55913,"date":"2021-06-14T07:35:13","date_gmt":"2021-06-14T05:35:13","guid":{"rendered":"https:\/\/ppdegalicia.com\/o-parlamento-demanda-a-mellora-das-instalacions-dos-mercados-de-gando-de-galicia-autorizados-para-intercambios-intracomunitarios\/"},"modified":"2021-06-14T07:35:13","modified_gmt":"2021-06-14T05:35:13","slug":"o-parlamento-demanda-a-mellora-das-instalacions-dos-mercados-de-gando-de-galicia-autorizados-para-intercambios-intracomunitarios","status":"publish","type":"post","link":"https:\/\/ppdegalicia.com\/es\/o-parlamento-demanda-a-mellora-das-instalacions-dos-mercados-de-gando-de-galicia-autorizados-para-intercambios-intracomunitarios\/","title":{"rendered":"O Parlamento demanda a mellora das instalaci\u00f3ns dos mercados de gando de Galicia autorizados para intercambios intracomunitarios"},"content":{"rendered":"<p><img fetchpriority=\"high\" decoding=\"async\" class=\" size-full wp-image-55912\" src=\"https:\/\/ppdegalicia.com\/wp-content\/uploads\/2021\/06\/41906b6135338dfc4eaef88f99636113.jpg\" alt=\"\" width=\"1900\" height=\"1267\" srcset=\"https:\/\/ppdegalicia.com\/wp-content\/uploads\/2021\/06\/41906b6135338dfc4eaef88f99636113.jpg 1900w, https:\/\/ppdegalicia.com\/wp-content\/uploads\/2021\/06\/41906b6135338dfc4eaef88f99636113-300x200.jpg 300w, https:\/\/ppdegalicia.com\/wp-content\/uploads\/2021\/06\/41906b6135338dfc4eaef88f99636113-1024x683.jpg 1024w, https:\/\/ppdegalicia.com\/wp-content\/uploads\/2021\/06\/41906b6135338dfc4eaef88f99636113-768x512.jpg 768w, https:\/\/ppdegalicia.com\/wp-content\/uploads\/2021\/06\/41906b6135338dfc4eaef88f99636113-1536x1024.jpg 1536w\" sizes=\"(max-width: 1900px) 100vw, 1900px\" \/><\/p>\n<p>Santiago, 11 de xu\u00f1o de 2021.- O Parlamento de Galicia aprobou hoxe a proposici\u00f3n non de lei do Grupo Popular a trav\u00e9s da que se insta \u00e1 Xunta a implantar un programa de actuaci\u00f3ns para mellorar, modernizar e adaptar as instalaci\u00f3ns dos mercados de gando de Galicia autorizados como centros de concentraci\u00f3n para intercambios intracomunitarios, con \u00e9nfase no referente ao benestar animal.<\/p>\n<p><!--more--><\/p>\n<p>O deputado popular Rub\u00e9n Lorenzo considerou \u201cnecesario estudar a implantaci\u00f3n dun plan de acci\u00f3n destinado a apoiar a mellora das condici\u00f3ns de benestar dos animais nos mercados de gando de Galicia, que incl\u00faa, entre outras cousas, a modernizaci\u00f3n e adaptaci\u00f3n das instalaci\u00f3ns\u201d.<\/p>\n<p>\u00a0<\/p>\n<p><strong>GU\u00cdAS DE BOAS PR\u00c1CTICAS<\/strong><\/p>\n<p>\u00a0<\/p>\n<p>\u201cO interese prioritario deber\u00eda enfocarse cara aos mercados de gando autorizados como centros de concentraci\u00f3n para intercambios intracomunitarios, en concreto os de Silleda, Santiago e Castro de Rei, tendo en conta, ademais, que te\u00f1en a consideraci\u00f3n de mercados nacionais\u201d, sinalou Lorenzo.<\/p>\n<p>\u00a0<\/p>\n<p>En concreto, o deputado indicou que este programa \u201cben poder\u00eda artellarse mediante actuaci\u00f3ns que aseguren o cumprimento das gu\u00edas de boas pr\u00e1cticas nos mercados de gando, pero tam\u00e9n a trav\u00e9s dunha li\u00f1a de axudas destinadas a mellorar non s\u00f3 as infraestruturas e os equipamentos dos mercados, sen\u00f3n tam\u00e9n o manexo e demais servizos destinados ao benestar dos animais nos mercados de gando nacionais de Galicia\u201d.<\/p>\n<p>\u00a0<\/p>\n<p>Rub\u00e9n Lorenzo manifestou que \u201co estr\u00e9s propio causado polo traslado dos animais, xunto ao producido pola s\u00faa mestura nos recintos do mercado de animais dos distintos raba\u00f1os e o derivado do cambio de ambiente e o manexo, provoca que as instalaci\u00f3ns dos mercados se consideren como puntos sensibles no benestar e, polo tanto, deben ser tratados con especial consideraci\u00f3n\u201d. <\/p>\n","protected":false},"excerpt":{"rendered":"<p>Santiago, 11 de xu\u00f1o de 2021.- O Parlamento de Galicia aprobou hoxe a proposici\u00f3n non de lei do Grupo Popular a trav\u00e9s da que se insta \u00e1 Xunta a implantar un programa de actuaci\u00f3ns para mellorar, modernizar e adaptar as instalaci\u00f3ns dos mercados de gando de Galicia autorizados como centros de concentraci\u00f3n para intercambios intracomunitarios, [&hellip;]<\/p>\n","protected":false},"author":38,"featured_media":55912,"comment_status":"open","ping_status":"open","sticky":false,"template":"","format":"standard","meta":{"_acf_changed":false,"footnotes":""},"categories":[1],"tags":[],"class_list":["post-55913","post","type-post","status-publish","format-standard","has-post-thumbnail","hentry","category-pp-de-galicia"],"acf":[],"yoast_head":"<!-- This site is optimized with the Yoast SEO plugin v27.3 - https:\/\/yoast.com\/product\/yoast-seo-wordpress\/ -->\n<title>O Parlamento demanda a mellora das instalaci\u00f3ns dos mercados de gando de Galicia autorizados para intercambios intracomunitarios - PP de Galicia<\/title>\n<meta name=\"robots\" content=\"index, follow, max-snippet:-1, max-image-preview:large, max-video-preview:-1\" \/>\n<link rel=\"canonical\" href=\"https:\/\/ppdegalicia.com\/es\/o-parlamento-demanda-a-mellora-das-instalacions-dos-mercados-de-gando-de-galicia-autorizados-para-intercambios-intracomunitarios\/\" \/>\n<meta property=\"og:locale\" content=\"es_ES\" \/>\n<meta property=\"og:type\" content=\"article\" \/>\n<meta property=\"og:title\" content=\"O Parlamento demanda a mellora das instalaci\u00f3ns dos mercados de gando de Galicia autorizados para intercambios intracomunitarios - PP de Galicia\" \/>\n<meta property=\"og:description\" content=\"Santiago, 11 de xu\u00f1o de 2021.- O Parlamento de Galicia aprobou hoxe a proposici\u00f3n non de lei do Grupo Popular a trav\u00e9s da que se insta \u00e1 Xunta a implantar un programa de actuaci\u00f3ns para mellorar, modernizar e adaptar as instalaci\u00f3ns dos mercados de gando de Galicia autorizados como centros de concentraci\u00f3n para intercambios intracomunitarios, [&hellip;]\" \/>\n<meta property=\"og:url\" content=\"https:\/\/ppdegalicia.com\/es\/o-parlamento-demanda-a-mellora-das-instalacions-dos-mercados-de-gando-de-galicia-autorizados-para-intercambios-intracomunitarios\/\" \/>\n<meta property=\"og:site_name\" content=\"PP de Galicia\" \/>\n<meta property=\"article:publisher\" content=\"https:\/\/www.instagram.com\/ppdegalicia\/\" \/>\n<meta property=\"article:published_time\" content=\"2021-06-14T05:35:13+00:00\" \/>\n<meta property=\"og:image\" content=\"https:\/\/ppdegalicia.com\/wp-content\/uploads\/2021\/06\/41906b6135338dfc4eaef88f99636113.jpg\" \/>\n\t<meta property=\"og:image:width\" content=\"1900\" \/>\n\t<meta property=\"og:image:height\" content=\"1267\" \/>\n\t<meta property=\"og:image:type\" content=\"image\/jpeg\" \/>\n<meta name=\"author\" content=\"ppdegaliciaredes\" \/>\n<meta name=\"twitter:card\" content=\"summary_large_image\" \/>\n<meta name=\"twitter:creator\" content=\"@ppdegalicia\" \/>\n<meta name=\"twitter:site\" content=\"@ppdegalicia\" \/>\n<meta name=\"twitter:label1\" content=\"Escrito por\" \/>\n\t<meta name=\"twitter:data1\" content=\"ppdegaliciaredes\" \/>\n\t<meta name=\"twitter:label2\" content=\"Tiempo de lectura\" \/>\n\t<meta name=\"twitter:data2\" content=\"2 minutos\" \/>\n<script type=\"application\/ld+json\" class=\"yoast-schema-graph\">{\"@context\":\"https:\\\/\\\/schema.org\",\"@graph\":[{\"@type\":\"Article\",\"@id\":\"https:\\\/\\\/ppdegalicia.com\\\/es\\\/o-parlamento-demanda-a-mellora-das-instalacions-dos-mercados-de-gando-de-galicia-autorizados-para-intercambios-intracomunitarios\\\/#article\",\"isPartOf\":{\"@id\":\"https:\\\/\\\/ppdegalicia.com\\\/es\\\/o-parlamento-demanda-a-mellora-das-instalacions-dos-mercados-de-gando-de-galicia-autorizados-para-intercambios-intracomunitarios\\\/\"},\"author\":{\"name\":\"ppdegaliciaredes\",\"@id\":\"https:\\\/\\\/ppdegalicia.com\\\/es\\\/#\\\/schema\\\/person\\\/5b822c6f59e872ebdd1142f307dbcb59\"},\"headline\":\"O Parlamento demanda a mellora das instalaci\u00f3ns dos mercados de gando de Galicia autorizados para intercambios intracomunitarios\",\"datePublished\":\"2021-06-14T05:35:13+00:00\",\"mainEntityOfPage\":{\"@id\":\"https:\\\/\\\/ppdegalicia.com\\\/es\\\/o-parlamento-demanda-a-mellora-das-instalacions-dos-mercados-de-gando-de-galicia-autorizados-para-intercambios-intracomunitarios\\\/\"},\"wordCount\":324,\"commentCount\":0,\"publisher\":{\"@id\":\"https:\\\/\\\/ppdegalicia.com\\\/es\\\/#organization\"},\"image\":{\"@id\":\"https:\\\/\\\/ppdegalicia.com\\\/es\\\/o-parlamento-demanda-a-mellora-das-instalacions-dos-mercados-de-gando-de-galicia-autorizados-para-intercambios-intracomunitarios\\\/#primaryimage\"},\"thumbnailUrl\":\"https:\\\/\\\/ppdegalicia.com\\\/wp-content\\\/uploads\\\/2021\\\/06\\\/41906b6135338dfc4eaef88f99636113.jpg\",\"articleSection\":[\"PP de Galicia\"],\"inLanguage\":\"es\",\"potentialAction\":[{\"@type\":\"CommentAction\",\"name\":\"Comment\",\"target\":[\"https:\\\/\\\/ppdegalicia.com\\\/es\\\/o-parlamento-demanda-a-mellora-das-instalacions-dos-mercados-de-gando-de-galicia-autorizados-para-intercambios-intracomunitarios\\\/#respond\"]}]},{\"@type\":\"WebPage\",\"@id\":\"https:\\\/\\\/ppdegalicia.com\\\/es\\\/o-parlamento-demanda-a-mellora-das-instalacions-dos-mercados-de-gando-de-galicia-autorizados-para-intercambios-intracomunitarios\\\/\",\"url\":\"https:\\\/\\\/ppdegalicia.com\\\/es\\\/o-parlamento-demanda-a-mellora-das-instalacions-dos-mercados-de-gando-de-galicia-autorizados-para-intercambios-intracomunitarios\\\/\",\"name\":\"O Parlamento demanda a mellora das instalaci\u00f3ns dos mercados de gando de Galicia autorizados para intercambios intracomunitarios - PP de Galicia\",\"isPartOf\":{\"@id\":\"https:\\\/\\\/ppdegalicia.com\\\/es\\\/#website\"},\"primaryImageOfPage\":{\"@id\":\"https:\\\/\\\/ppdegalicia.com\\\/es\\\/o-parlamento-demanda-a-mellora-das-instalacions-dos-mercados-de-gando-de-galicia-autorizados-para-intercambios-intracomunitarios\\\/#primaryimage\"},\"image\":{\"@id\":\"https:\\\/\\\/ppdegalicia.com\\\/es\\\/o-parlamento-demanda-a-mellora-das-instalacions-dos-mercados-de-gando-de-galicia-autorizados-para-intercambios-intracomunitarios\\\/#primaryimage\"},\"thumbnailUrl\":\"https:\\\/\\\/ppdegalicia.com\\\/wp-content\\\/uploads\\\/2021\\\/06\\\/41906b6135338dfc4eaef88f99636113.jpg\",\"datePublished\":\"2021-06-14T05:35:13+00:00\",\"breadcrumb\":{\"@id\":\"https:\\\/\\\/ppdegalicia.com\\\/es\\\/o-parlamento-demanda-a-mellora-das-instalacions-dos-mercados-de-gando-de-galicia-autorizados-para-intercambios-intracomunitarios\\\/#breadcrumb\"},\"inLanguage\":\"es\",\"potentialAction\":[{\"@type\":\"ReadAction\",\"target\":[\"https:\\\/\\\/ppdegalicia.com\\\/es\\\/o-parlamento-demanda-a-mellora-das-instalacions-dos-mercados-de-gando-de-galicia-autorizados-para-intercambios-intracomunitarios\\\/\"]}]},{\"@type\":\"ImageObject\",\"inLanguage\":\"es\",\"@id\":\"https:\\\/\\\/ppdegalicia.com\\\/es\\\/o-parlamento-demanda-a-mellora-das-instalacions-dos-mercados-de-gando-de-galicia-autorizados-para-intercambios-intracomunitarios\\\/#primaryimage\",\"url\":\"https:\\\/\\\/ppdegalicia.com\\\/wp-content\\\/uploads\\\/2021\\\/06\\\/41906b6135338dfc4eaef88f99636113.jpg\",\"contentUrl\":\"https:\\\/\\\/ppdegalicia.com\\\/wp-content\\\/uploads\\\/2021\\\/06\\\/41906b6135338dfc4eaef88f99636113.jpg\",\"width\":1900,\"height\":1267},{\"@type\":\"BreadcrumbList\",\"@id\":\"https:\\\/\\\/ppdegalicia.com\\\/es\\\/o-parlamento-demanda-a-mellora-das-instalacions-dos-mercados-de-gando-de-galicia-autorizados-para-intercambios-intracomunitarios\\\/#breadcrumb\",\"itemListElement\":[{\"@type\":\"ListItem\",\"position\":1,\"name\":\"Portada\",\"item\":\"https:\\\/\\\/ppdegalicia.com\\\/es\\\/\"},{\"@type\":\"ListItem\",\"position\":2,\"name\":\"O Parlamento demanda a mellora das instalaci\u00f3ns dos mercados de gando de Galicia autorizados para intercambios intracomunitarios\"}]},{\"@type\":\"WebSite\",\"@id\":\"https:\\\/\\\/ppdegalicia.com\\\/es\\\/#website\",\"url\":\"https:\\\/\\\/ppdegalicia.com\\\/es\\\/\",\"name\":\"Partido Popular de Galicia\",\"description\":\"Partido Popular de Galicia\",\"publisher\":{\"@id\":\"https:\\\/\\\/ppdegalicia.com\\\/es\\\/#organization\"},\"alternateName\":\"PP de Galicia\",\"potentialAction\":[{\"@type\":\"SearchAction\",\"target\":{\"@type\":\"EntryPoint\",\"urlTemplate\":\"https:\\\/\\\/ppdegalicia.com\\\/es\\\/?s={search_term_string}\"},\"query-input\":{\"@type\":\"PropertyValueSpecification\",\"valueRequired\":true,\"valueName\":\"search_term_string\"}}],\"inLanguage\":\"es\"},{\"@type\":\"Organization\",\"@id\":\"https:\\\/\\\/ppdegalicia.com\\\/es\\\/#organization\",\"name\":\"Partido Popular de Galicia\",\"alternateName\":\"PP de Galicia\",\"url\":\"https:\\\/\\\/ppdegalicia.com\\\/es\\\/\",\"logo\":{\"@type\":\"ImageObject\",\"inLanguage\":\"es\",\"@id\":\"https:\\\/\\\/ppdegalicia.com\\\/es\\\/#\\\/schema\\\/logo\\\/image\\\/\",\"url\":\"https:\\\/\\\/ppdegalicia.com\\\/wp-content\\\/uploads\\\/2023\\\/04\\\/logoPP512.png\",\"contentUrl\":\"https:\\\/\\\/ppdegalicia.com\\\/wp-content\\\/uploads\\\/2023\\\/04\\\/logoPP512.png\",\"width\":512,\"height\":512,\"caption\":\"Partido Popular de Galicia\"},\"image\":{\"@id\":\"https:\\\/\\\/ppdegalicia.com\\\/es\\\/#\\\/schema\\\/logo\\\/image\\\/\"},\"sameAs\":[\"https:\\\/\\\/www.instagram.com\\\/ppdegalicia\\\/\",\"https:\\\/\\\/x.com\\\/ppdegalicia\",\"https:\\\/\\\/www.tiktok.com\\\/@ppdegalicia\",\"https:\\\/\\\/www.youtube.com\\\/user\\\/ppdegalicia\"]},{\"@type\":\"Person\",\"@id\":\"https:\\\/\\\/ppdegalicia.com\\\/es\\\/#\\\/schema\\\/person\\\/5b822c6f59e872ebdd1142f307dbcb59\",\"name\":\"ppdegaliciaredes\",\"image\":{\"@type\":\"ImageObject\",\"inLanguage\":\"es\",\"@id\":\"https:\\\/\\\/secure.gravatar.com\\\/avatar\\\/3c9179cf0256d00c72a48d1f25783c58b6842cd56e85ef3a572881c8e28ccd59?s=96&d=mm&r=g\",\"url\":\"https:\\\/\\\/secure.gravatar.com\\\/avatar\\\/3c9179cf0256d00c72a48d1f25783c58b6842cd56e85ef3a572881c8e28ccd59?s=96&d=mm&r=g\",\"contentUrl\":\"https:\\\/\\\/secure.gravatar.com\\\/avatar\\\/3c9179cf0256d00c72a48d1f25783c58b6842cd56e85ef3a572881c8e28ccd59?s=96&d=mm&r=g\",\"caption\":\"ppdegaliciaredes\"},\"url\":\"https:\\\/\\\/ppdegalicia.com\\\/es\\\/author\\\/ppdegaliciaredes\\\/\"}]}<\/script>\n<!-- \/ Yoast SEO plugin. -->","yoast_head_json":{"title":"O Parlamento demanda a mellora das instalaci\u00f3ns dos mercados de gando de Galicia autorizados para intercambios intracomunitarios - PP de Galicia","robots":{"index":"index","follow":"follow","max-snippet":"max-snippet:-1","max-image-preview":"max-image-preview:large","max-video-preview":"max-video-preview:-1"},"canonical":"https:\/\/ppdegalicia.com\/es\/o-parlamento-demanda-a-mellora-das-instalacions-dos-mercados-de-gando-de-galicia-autorizados-para-intercambios-intracomunitarios\/","og_locale":"es_ES","og_type":"article","og_title":"O Parlamento demanda a mellora das instalaci\u00f3ns dos mercados de gando de Galicia autorizados para intercambios intracomunitarios - PP de Galicia","og_description":"Santiago, 11 de xu\u00f1o de 2021.- O Parlamento de Galicia aprobou hoxe a proposici\u00f3n non de lei do Grupo Popular a trav\u00e9s da que se insta \u00e1 Xunta a implantar un programa de actuaci\u00f3ns para mellorar, modernizar e adaptar as instalaci\u00f3ns dos mercados de gando de Galicia autorizados como centros de concentraci\u00f3n para intercambios intracomunitarios, [&hellip;]","og_url":"https:\/\/ppdegalicia.com\/es\/o-parlamento-demanda-a-mellora-das-instalacions-dos-mercados-de-gando-de-galicia-autorizados-para-intercambios-intracomunitarios\/","og_site_name":"PP de Galicia","article_publisher":"https:\/\/www.instagram.com\/ppdegalicia\/","article_published_time":"2021-06-14T05:35:13+00:00","og_image":[{"width":1900,"height":1267,"url":"https:\/\/ppdegalicia.com\/wp-content\/uploads\/2021\/06\/41906b6135338dfc4eaef88f99636113.jpg","type":"image\/jpeg"}],"author":"ppdegaliciaredes","twitter_card":"summary_large_image","twitter_creator":"@ppdegalicia","twitter_site":"@ppdegalicia","twitter_misc":{"Escrito por":"ppdegaliciaredes","Tiempo de lectura":"2 minutos"},"schema":{"@context":"https:\/\/schema.org","@graph":[{"@type":"Article","@id":"https:\/\/ppdegalicia.com\/es\/o-parlamento-demanda-a-mellora-das-instalacions-dos-mercados-de-gando-de-galicia-autorizados-para-intercambios-intracomunitarios\/#article","isPartOf":{"@id":"https:\/\/ppdegalicia.com\/es\/o-parlamento-demanda-a-mellora-das-instalacions-dos-mercados-de-gando-de-galicia-autorizados-para-intercambios-intracomunitarios\/"},"author":{"name":"ppdegaliciaredes","@id":"https:\/\/ppdegalicia.com\/es\/#\/schema\/person\/5b822c6f59e872ebdd1142f307dbcb59"},"headline":"O Parlamento demanda a mellora das instalaci\u00f3ns dos mercados de gando de Galicia autorizados para intercambios intracomunitarios","datePublished":"2021-06-14T05:35:13+00:00","mainEntityOfPage":{"@id":"https:\/\/ppdegalicia.com\/es\/o-parlamento-demanda-a-mellora-das-instalacions-dos-mercados-de-gando-de-galicia-autorizados-para-intercambios-intracomunitarios\/"},"wordCount":324,"commentCount":0,"publisher":{"@id":"https:\/\/ppdegalicia.com\/es\/#organization"},"image":{"@id":"https:\/\/ppdegalicia.com\/es\/o-parlamento-demanda-a-mellora-das-instalacions-dos-mercados-de-gando-de-galicia-autorizados-para-intercambios-intracomunitarios\/#primaryimage"},"thumbnailUrl":"https:\/\/ppdegalicia.com\/wp-content\/uploads\/2021\/06\/41906b6135338dfc4eaef88f99636113.jpg","articleSection":["PP de Galicia"],"inLanguage":"es","potentialAction":[{"@type":"CommentAction","name":"Comment","target":["https:\/\/ppdegalicia.com\/es\/o-parlamento-demanda-a-mellora-das-instalacions-dos-mercados-de-gando-de-galicia-autorizados-para-intercambios-intracomunitarios\/#respond"]}]},{"@type":"WebPage","@id":"https:\/\/ppdegalicia.com\/es\/o-parlamento-demanda-a-mellora-das-instalacions-dos-mercados-de-gando-de-galicia-autorizados-para-intercambios-intracomunitarios\/","url":"https:\/\/ppdegalicia.com\/es\/o-parlamento-demanda-a-mellora-das-instalacions-dos-mercados-de-gando-de-galicia-autorizados-para-intercambios-intracomunitarios\/","name":"O Parlamento demanda a mellora das instalaci\u00f3ns dos mercados de gando de Galicia autorizados para intercambios intracomunitarios - PP de Galicia","isPartOf":{"@id":"https:\/\/ppdegalicia.com\/es\/#website"},"primaryImageOfPage":{"@id":"https:\/\/ppdegalicia.com\/es\/o-parlamento-demanda-a-mellora-das-instalacions-dos-mercados-de-gando-de-galicia-autorizados-para-intercambios-intracomunitarios\/#primaryimage"},"image":{"@id":"https:\/\/ppdegalicia.com\/es\/o-parlamento-demanda-a-mellora-das-instalacions-dos-mercados-de-gando-de-galicia-autorizados-para-intercambios-intracomunitarios\/#primaryimage"},"thumbnailUrl":"https:\/\/ppdegalicia.com\/wp-content\/uploads\/2021\/06\/41906b6135338dfc4eaef88f99636113.jpg","datePublished":"2021-06-14T05:35:13+00:00","breadcrumb":{"@id":"https:\/\/ppdegalicia.com\/es\/o-parlamento-demanda-a-mellora-das-instalacions-dos-mercados-de-gando-de-galicia-autorizados-para-intercambios-intracomunitarios\/#breadcrumb"},"inLanguage":"es","potentialAction":[{"@type":"ReadAction","target":["https:\/\/ppdegalicia.com\/es\/o-parlamento-demanda-a-mellora-das-instalacions-dos-mercados-de-gando-de-galicia-autorizados-para-intercambios-intracomunitarios\/"]}]},{"@type":"ImageObject","inLanguage":"es","@id":"https:\/\/ppdegalicia.com\/es\/o-parlamento-demanda-a-mellora-das-instalacions-dos-mercados-de-gando-de-galicia-autorizados-para-intercambios-intracomunitarios\/#primaryimage","url":"https:\/\/ppdegalicia.com\/wp-content\/uploads\/2021\/06\/41906b6135338dfc4eaef88f99636113.jpg","contentUrl":"https:\/\/ppdegalicia.com\/wp-content\/uploads\/2021\/06\/41906b6135338dfc4eaef88f99636113.jpg","width":1900,"height":1267},{"@type":"BreadcrumbList","@id":"https:\/\/ppdegalicia.com\/es\/o-parlamento-demanda-a-mellora-das-instalacions-dos-mercados-de-gando-de-galicia-autorizados-para-intercambios-intracomunitarios\/#breadcrumb","itemListElement":[{"@type":"ListItem","position":1,"name":"Portada","item":"https:\/\/ppdegalicia.com\/es\/"},{"@type":"ListItem","position":2,"name":"O Parlamento demanda a mellora das instalaci\u00f3ns dos mercados de gando de Galicia autorizados para intercambios intracomunitarios"}]},{"@type":"WebSite","@id":"https:\/\/ppdegalicia.com\/es\/#website","url":"https:\/\/ppdegalicia.com\/es\/","name":"Partido Popular de Galicia","description":"Partido Popular de Galicia","publisher":{"@id":"https:\/\/ppdegalicia.com\/es\/#organization"},"alternateName":"PP de Galicia","potentialAction":[{"@type":"SearchAction","target":{"@type":"EntryPoint","urlTemplate":"https:\/\/ppdegalicia.com\/es\/?s={search_term_string}"},"query-input":{"@type":"PropertyValueSpecification","valueRequired":true,"valueName":"search_term_string"}}],"inLanguage":"es"},{"@type":"Organization","@id":"https:\/\/ppdegalicia.com\/es\/#organization","name":"Partido Popular de Galicia","alternateName":"PP de Galicia","url":"https:\/\/ppdegalicia.com\/es\/","logo":{"@type":"ImageObject","inLanguage":"es","@id":"https:\/\/ppdegalicia.com\/es\/#\/schema\/logo\/image\/","url":"https:\/\/ppdegalicia.com\/wp-content\/uploads\/2023\/04\/logoPP512.png","contentUrl":"https:\/\/ppdegalicia.com\/wp-content\/uploads\/2023\/04\/logoPP512.png","width":512,"height":512,"caption":"Partido Popular de Galicia"},"image":{"@id":"https:\/\/ppdegalicia.com\/es\/#\/schema\/logo\/image\/"},"sameAs":["https:\/\/www.instagram.com\/ppdegalicia\/","https:\/\/x.com\/ppdegalicia","https:\/\/www.tiktok.com\/@ppdegalicia","https:\/\/www.youtube.com\/user\/ppdegalicia"]},{"@type":"Person","@id":"https:\/\/ppdegalicia.com\/es\/#\/schema\/person\/5b822c6f59e872ebdd1142f307dbcb59","name":"ppdegaliciaredes","image":{"@type":"ImageObject","inLanguage":"es","@id":"https:\/\/secure.gravatar.com\/avatar\/3c9179cf0256d00c72a48d1f25783c58b6842cd56e85ef3a572881c8e28ccd59?s=96&d=mm&r=g","url":"https:\/\/secure.gravatar.com\/avatar\/3c9179cf0256d00c72a48d1f25783c58b6842cd56e85ef3a572881c8e28ccd59?s=96&d=mm&r=g","contentUrl":"https:\/\/secure.gravatar.com\/avatar\/3c9179cf0256d00c72a48d1f25783c58b6842cd56e85ef3a572881c8e28ccd59?s=96&d=mm&r=g","caption":"ppdegaliciaredes"},"url":"https:\/\/ppdegalicia.com\/es\/author\/ppdegaliciaredes\/"}]}},"_links":{"self":[{"href":"https:\/\/ppdegalicia.com\/es\/wp-json\/wp\/v2\/posts\/55913","targetHints":{"allow":["GET"]}}],"collection":[{"href":"https:\/\/ppdegalicia.com\/es\/wp-json\/wp\/v2\/posts"}],"about":[{"href":"https:\/\/ppdegalicia.com\/es\/wp-json\/wp\/v2\/types\/post"}],"author":[{"embeddable":true,"href":"https:\/\/ppdegalicia.com\/es\/wp-json\/wp\/v2\/users\/38"}],"replies":[{"embeddable":true,"href":"https:\/\/ppdegalicia.com\/es\/wp-json\/wp\/v2\/comments?post=55913"}],"version-history":[{"count":0,"href":"https:\/\/ppdegalicia.com\/es\/wp-json\/wp\/v2\/posts\/55913\/revisions"}],"wp:featuredmedia":[{"embeddable":true,"href":"https:\/\/ppdegalicia.com\/es\/wp-json\/wp\/v2\/media\/55912"}],"wp:attachment":[{"href":"https:\/\/ppdegalicia.com\/es\/wp-json\/wp\/v2\/media?parent=55913"}],"wp:term":[{"taxonomy":"category","embeddable":true,"href":"https:\/\/ppdegalicia.com\/es\/wp-json\/wp\/v2\/categories?post=55913"},{"taxonomy":"post_tag","embeddable":true,"href":"https:\/\/ppdegalicia.com\/es\/wp-json\/wp\/v2\/tags?post=55913"}],"curies":[{"name":"wp","href":"https:\/\/api.w.org\/{rel}","templated":true}]}}