{"id":55918,"date":"2021-06-14T16:06:10","date_gmt":"2021-06-14T14:06:10","guid":{"rendered":"https:\/\/ppdegalicia.com\/pedro-puy-lamenta-que-o-bng-queira-traer-a-galicia-a-politica-de-division-e-de-enfrontamento-de-cataluna\/"},"modified":"2021-06-14T16:06:10","modified_gmt":"2021-06-14T14:06:10","slug":"pedro-puy-lamenta-que-o-bng-queira-traer-a-galicia-a-politica-de-division-e-de-enfrontamento-de-cataluna","status":"publish","type":"post","link":"https:\/\/ppdegalicia.com\/es\/pedro-puy-lamenta-que-o-bng-queira-traer-a-galicia-a-politica-de-division-e-de-enfrontamento-de-cataluna\/","title":{"rendered":"Pedro Puy lamenta que o BNG queira traer a Galicia a pol\u00edtica de divisi\u00f3n e de enfrontamento de Catalu\u00f1a"},"content":{"rendered":"<p><img fetchpriority=\"high\" decoding=\"async\" class=\" size-full wp-image-55917\" src=\"https:\/\/ppdegalicia.com\/wp-content\/uploads\/2021\/06\/8528daa5f569343a0025bbf25ddfaee5.jpg\" alt=\"\" width=\"1900\" height=\"1393\" srcset=\"https:\/\/ppdegalicia.com\/wp-content\/uploads\/2021\/06\/8528daa5f569343a0025bbf25ddfaee5.jpg 1900w, https:\/\/ppdegalicia.com\/wp-content\/uploads\/2021\/06\/8528daa5f569343a0025bbf25ddfaee5-300x220.jpg 300w, https:\/\/ppdegalicia.com\/wp-content\/uploads\/2021\/06\/8528daa5f569343a0025bbf25ddfaee5-1024x751.jpg 1024w, https:\/\/ppdegalicia.com\/wp-content\/uploads\/2021\/06\/8528daa5f569343a0025bbf25ddfaee5-768x563.jpg 768w, https:\/\/ppdegalicia.com\/wp-content\/uploads\/2021\/06\/8528daa5f569343a0025bbf25ddfaee5-1536x1126.jpg 1536w\" sizes=\"(max-width: 1900px) 100vw, 1900px\" \/><\/p>\n<p>Santiago, 14 de xu\u00f1o de 2021.- O portavoz do Grupo Popular, Pedro Puy, avogou hoxe \u201cpor unha recuperaci\u00f3n dos consensos e de superaci\u00f3n da divisi\u00f3n que hai en Catalu\u00f1a\u201d, porque \u201ccremos que a propia historia da democracia espa\u00f1ola marca unha ruta da pacificaci\u00f3n social correcta, que \u00e9 a aplicaci\u00f3n do Estado de Dereito, da Constituci\u00f3n e do ordenamento xur\u00eddico vixente\u201d.<\/p>\n<p><!--more--><\/p>\n<blockquote class=\"twitter-tweet\">\n<p dir=\"ltr\" lang=\"es\">?A propia historia da democracia espa\u00f1ola marca cal \u00e9 a ruta de pacificaci\u00f3n social correcta, ao marxe do estado de dereito \u00e9 imposible atopar unha soluci\u00f3n pol\u00edtica, avogamos polos consensos de superaci\u00f3n da divisi\u00f3n que hai en Catalu\u00f1a, Pedro Puy <a href=\"https:\/\/twitter.com\/ppdegalicia?ref_src=twsrc%5Etfw\">@ppdegalicia<\/a> <a href=\"https:\/\/twitter.com\/hashtag\/13JIndultosNO?src=hash&amp;ref_src=twsrc%5Etfw\">#13JIndultosNO<\/a> <a href=\"https:\/\/t.co\/BbtaGXSiRd\">pic.twitter.com\/BbtaGXSiRd<\/a><\/p>\n<p>\u2014 GrupoPopularGalicia (@GrupoPopularGal) <a href=\"https:\/\/twitter.com\/GrupoPopularGal\/status\/1404392538866434048?ref_src=twsrc%5Etfw\">June 14, 2021<\/a><\/p><\/blockquote>\n<p>Neste sentido, lamentou que o BNG \u201cse apunte a esa pol\u00edtica de divisi\u00f3n e de enfrontamento dentro do propio pa\u00eds, cando en Galicia contamos cun amplo consenso e respaldo sobre a nosa identidade como galegos, espa\u00f1ois e europeos\u201d.<\/p>\n<p>\u00a0<\/p>\n<p>Pedro Puy referiuse \u00e1 manifestaci\u00f3n en contra dos indultos celebrada onte en Madrid, na que o PPdeG estivo representado polo seu secretario xeral, Miguel Tellado, e salientou que a recollida de sinaturas levada a cabo polo PPdeG en Galicia \u201ctivo moi boa recepci\u00f3n\u201d por parte dos galegos, xa que \u201cmoita xente quixo sumarse a esta iniciativa\u201d.<\/p>\n<p>\u00a0<\/p>\n<p><strong>INDULTOS EN CONTRA DA FISCAL\u00cdA E O TRIBUNAL SUPREMO<\/strong><\/p>\n<p>\u00a0<\/p>\n<p>Na s\u00faa intervenci\u00f3n, o portavoz popular lamentou que a actitude do Goberno de Pedro S\u00e1nchez respecto aos pol\u00edticos independentistas \u201cest\u00e1 a colocar ao Estado nunha situaci\u00f3n complexa de negociaci\u00f3n, pedindo indultos en contra da opini\u00f3n da Fiscal\u00eda e do Tribunal Supremo\u201d. \u201cMentres a Xustiza traballa para aplicar a Lei, hai quen quere indultar aos que cometeron os delitos\u201d, apuntou.<\/p>\n<blockquote class=\"twitter-tweet\">\n<p dir=\"ltr\" lang=\"es\">?\ufe0fO clamor maioritario deber\u00eda levar ao Goberno a reflexionar, est\u00e1 a situar o Estado nunha situaci\u00f3n complexa pedindo indultos en contra da opini\u00f3n do Tribunal Supremo e a Fiscalia e asumindo os mensaxes do independentismo, indica Pedro Puy <a href=\"https:\/\/twitter.com\/ppdegalicia?ref_src=twsrc%5Etfw\">@ppdegalicia<\/a> <a href=\"https:\/\/twitter.com\/hashtag\/13JIndultosNO?src=hash&amp;ref_src=twsrc%5Etfw\">#13JIndultosNO<\/a> <a href=\"https:\/\/t.co\/AidZOY2fnr\">pic.twitter.com\/AidZOY2fnr<\/a><\/p>\n<p>\u2014 GrupoPopularGalicia (@GrupoPopularGal) <a href=\"https:\/\/twitter.com\/GrupoPopularGal\/status\/1404388696955174915?ref_src=twsrc%5Etfw\">June 14, 2021<\/a><\/p><\/blockquote>\n<p>\u00a0<\/p>\n<p>Cuestionado sobre o acto conxunto celebrado onte pola portavoz nacional do BNG e o portavoz de ERC no Congreso, Gabriel Rufi\u00e1n, Puy amosouse \u201cencantado de que calquera persoa ve\u00f1a a co\u00f1ecer Galicia e de que iso sirva para que saiba avaliar o que gana unha sociedade cando non hai conflitos nas r\u00faas derivados de cuesti\u00f3ns pol\u00edticas e cando hai consensos amplos respecto do noso sistema xur\u00eddico e pol\u00edtico, que fomenta un ambiente de paz social que non se est\u00e1 a producir noutras partes\u201d.<\/p>\n<p>\u00a0<\/p>\n<p>Por\u00e9n, lamentou que \u201cen Galicia haxa quen prop\u00f3n este tipo de pol\u00edticas para o noso pa\u00eds, porque a experiencia do autogoberno \u00e9 que a Galicia vaille moi ben dentro de Espa\u00f1a e a Uni\u00f3n Europea, porque ten autonom\u00eda para decidir por si mesma como crecer, crear riqueza e mellorar a sociedade, dunha forma consensuada no entorno institucional no que nos movemos\u201d.<\/p>\n<p>\u00a0<\/p>\n<p><strong>XERAR VALOR DE MERCADO<\/strong><\/p>\n<p>\u00a0<\/p>\n<p>Por outra banda, Pedro Puy tam\u00e9n se referiu \u00e1s propostas do Grupo Popular para o ditame da Comisi\u00f3n de reactivaci\u00f3n econ\u00f3mica, social e cultural de Galicia ante a crise da Covid-19 e insistiu que se trata dun \u201cconxunto de medidas no que hai un ampl\u00edsimo consenso a nivel mundial, en li\u00f1a co que est\u00e1n facendo outros gobernos da Uni\u00f3n Europea e as recomendaci\u00f3ns das autoridades econ\u00f3micas internacionais\u201d.<\/p>\n<blockquote class=\"twitter-tweet\">\n<p dir=\"ltr\" lang=\"es\">?\ufe0fA situaci\u00f3n de Galicia \u00e9 mellor ca espa\u00f1ola pola pol\u00edtica responsable dos \u00faltimos anos no \u00e1mbito orzamentario e financeiro e nunha etapa de crise da resultados,non tratamos de cambiar o mundo desde a utop\u00eda sen\u00f3n que pretendemos melloralo para os que ve\u00f1en di Puy <a href=\"https:\/\/twitter.com\/ppdegalicia?ref_src=twsrc%5Etfw\">@ppdegalicia<\/a> <a href=\"https:\/\/t.co\/F0ndcck6EC\">pic.twitter.com\/F0ndcck6EC<\/a><\/p>\n<p>\u2014 GrupoPopularGalicia (@GrupoPopularGal) <a href=\"https:\/\/twitter.com\/GrupoPopularGal\/status\/1404400321582059520?ref_src=twsrc%5Etfw\">June 14, 2021<\/a><\/p><\/blockquote>\n<p>\u00a0<\/p>\n<p>\u201cS\u00f3 cunha econom\u00eda que xere valor no mercado, coa colaboraci\u00f3n do sector p\u00fablico e mellorando o propio sector p\u00fablico, nun contexto de sostibilidade financeira, poderemos sa\u00edr con maior forza e menores consecuencias sociais\u201d, afirmou Puy. Deste xeito, manifestou que \u201ctodas as pol\u00edticas que o BNG quere meter na axenda, que levan \u00e1 practica a reduci\u00f3n \u00e1 nada dos procesos de produci\u00f3n de riqueza polas empresas e onde todo debe ser p\u00fablico, levar\u00edan a un empobrecemento maior do noso pa\u00eds\u201d.<\/p>\n","protected":false},"excerpt":{"rendered":"<p>Santiago, 14 de xu\u00f1o de 2021.- O portavoz do Grupo Popular, Pedro Puy, avogou hoxe \u201cpor unha recuperaci\u00f3n dos consensos e de superaci\u00f3n da divisi\u00f3n que hai en Catalu\u00f1a\u201d, porque \u201ccremos que a propia historia da democracia espa\u00f1ola marca unha ruta da pacificaci\u00f3n social correcta, que \u00e9 a aplicaci\u00f3n do Estado de Dereito, da Constituci\u00f3n [&hellip;]<\/p>\n","protected":false},"author":38,"featured_media":55917,"comment_status":"open","ping_status":"open","sticky":false,"template":"","format":"standard","meta":{"_acf_changed":false,"footnotes":""},"categories":[1],"tags":[],"class_list":["post-55918","post","type-post","status-publish","format-standard","has-post-thumbnail","hentry","category-pp-de-galicia"],"acf":[],"yoast_head":"<!-- This site is optimized with the Yoast SEO plugin v27.3 - https:\/\/yoast.com\/product\/yoast-seo-wordpress\/ -->\n<title>Pedro Puy lamenta que o BNG queira traer a Galicia a pol\u00edtica de divisi\u00f3n e de enfrontamento de Catalu\u00f1a - PP de Galicia<\/title>\n<meta name=\"robots\" content=\"index, follow, max-snippet:-1, max-image-preview:large, max-video-preview:-1\" \/>\n<link rel=\"canonical\" href=\"https:\/\/ppdegalicia.com\/es\/pedro-puy-lamenta-que-o-bng-queira-traer-a-galicia-a-politica-de-division-e-de-enfrontamento-de-cataluna\/\" \/>\n<meta property=\"og:locale\" content=\"es_ES\" \/>\n<meta property=\"og:type\" content=\"article\" \/>\n<meta property=\"og:title\" content=\"Pedro Puy lamenta que o BNG queira traer a Galicia a pol\u00edtica de divisi\u00f3n e de enfrontamento de Catalu\u00f1a - PP de Galicia\" \/>\n<meta property=\"og:description\" content=\"Santiago, 14 de xu\u00f1o de 2021.- O portavoz do Grupo Popular, Pedro Puy, avogou hoxe \u201cpor unha recuperaci\u00f3n dos consensos e de superaci\u00f3n da divisi\u00f3n que hai en Catalu\u00f1a\u201d, porque \u201ccremos que a propia historia da democracia espa\u00f1ola marca unha ruta da pacificaci\u00f3n social correcta, que \u00e9 a aplicaci\u00f3n do Estado de Dereito, da Constituci\u00f3n [&hellip;]\" \/>\n<meta property=\"og:url\" content=\"https:\/\/ppdegalicia.com\/es\/pedro-puy-lamenta-que-o-bng-queira-traer-a-galicia-a-politica-de-division-e-de-enfrontamento-de-cataluna\/\" \/>\n<meta property=\"og:site_name\" content=\"PP de Galicia\" \/>\n<meta property=\"article:publisher\" content=\"https:\/\/www.instagram.com\/ppdegalicia\/\" \/>\n<meta property=\"article:published_time\" content=\"2021-06-14T14:06:10+00:00\" \/>\n<meta property=\"og:image\" content=\"https:\/\/ppdegalicia.com\/wp-content\/uploads\/2021\/06\/8528daa5f569343a0025bbf25ddfaee5.jpg\" \/>\n\t<meta property=\"og:image:width\" content=\"1900\" \/>\n\t<meta property=\"og:image:height\" content=\"1393\" \/>\n\t<meta property=\"og:image:type\" content=\"image\/jpeg\" \/>\n<meta name=\"author\" content=\"ppdegaliciaredes\" \/>\n<meta name=\"twitter:card\" content=\"summary_large_image\" \/>\n<meta name=\"twitter:creator\" content=\"@ppdegalicia\" \/>\n<meta name=\"twitter:site\" content=\"@ppdegalicia\" \/>\n<meta name=\"twitter:label1\" content=\"Escrito por\" \/>\n\t<meta name=\"twitter:data1\" content=\"ppdegaliciaredes\" \/>\n\t<meta name=\"twitter:label2\" content=\"Tiempo de lectura\" \/>\n\t<meta name=\"twitter:data2\" content=\"4 minutos\" \/>\n<script type=\"application\/ld+json\" class=\"yoast-schema-graph\">{\"@context\":\"https:\\\/\\\/schema.org\",\"@graph\":[{\"@type\":\"Article\",\"@id\":\"https:\\\/\\\/ppdegalicia.com\\\/es\\\/pedro-puy-lamenta-que-o-bng-queira-traer-a-galicia-a-politica-de-division-e-de-enfrontamento-de-cataluna\\\/#article\",\"isPartOf\":{\"@id\":\"https:\\\/\\\/ppdegalicia.com\\\/es\\\/pedro-puy-lamenta-que-o-bng-queira-traer-a-galicia-a-politica-de-division-e-de-enfrontamento-de-cataluna\\\/\"},\"author\":{\"name\":\"ppdegaliciaredes\",\"@id\":\"https:\\\/\\\/ppdegalicia.com\\\/es\\\/#\\\/schema\\\/person\\\/5b822c6f59e872ebdd1142f307dbcb59\"},\"headline\":\"Pedro Puy lamenta que o BNG queira traer a Galicia a pol\u00edtica de divisi\u00f3n e de enfrontamento de Catalu\u00f1a\",\"datePublished\":\"2021-06-14T14:06:10+00:00\",\"mainEntityOfPage\":{\"@id\":\"https:\\\/\\\/ppdegalicia.com\\\/es\\\/pedro-puy-lamenta-que-o-bng-queira-traer-a-galicia-a-politica-de-division-e-de-enfrontamento-de-cataluna\\\/\"},\"wordCount\":758,\"commentCount\":0,\"publisher\":{\"@id\":\"https:\\\/\\\/ppdegalicia.com\\\/es\\\/#organization\"},\"image\":{\"@id\":\"https:\\\/\\\/ppdegalicia.com\\\/es\\\/pedro-puy-lamenta-que-o-bng-queira-traer-a-galicia-a-politica-de-division-e-de-enfrontamento-de-cataluna\\\/#primaryimage\"},\"thumbnailUrl\":\"https:\\\/\\\/ppdegalicia.com\\\/wp-content\\\/uploads\\\/2021\\\/06\\\/8528daa5f569343a0025bbf25ddfaee5.jpg\",\"articleSection\":[\"PP de Galicia\"],\"inLanguage\":\"es\",\"potentialAction\":[{\"@type\":\"CommentAction\",\"name\":\"Comment\",\"target\":[\"https:\\\/\\\/ppdegalicia.com\\\/es\\\/pedro-puy-lamenta-que-o-bng-queira-traer-a-galicia-a-politica-de-division-e-de-enfrontamento-de-cataluna\\\/#respond\"]}]},{\"@type\":\"WebPage\",\"@id\":\"https:\\\/\\\/ppdegalicia.com\\\/es\\\/pedro-puy-lamenta-que-o-bng-queira-traer-a-galicia-a-politica-de-division-e-de-enfrontamento-de-cataluna\\\/\",\"url\":\"https:\\\/\\\/ppdegalicia.com\\\/es\\\/pedro-puy-lamenta-que-o-bng-queira-traer-a-galicia-a-politica-de-division-e-de-enfrontamento-de-cataluna\\\/\",\"name\":\"Pedro Puy lamenta que o BNG queira traer a Galicia a pol\u00edtica de divisi\u00f3n e de enfrontamento de Catalu\u00f1a - PP de Galicia\",\"isPartOf\":{\"@id\":\"https:\\\/\\\/ppdegalicia.com\\\/es\\\/#website\"},\"primaryImageOfPage\":{\"@id\":\"https:\\\/\\\/ppdegalicia.com\\\/es\\\/pedro-puy-lamenta-que-o-bng-queira-traer-a-galicia-a-politica-de-division-e-de-enfrontamento-de-cataluna\\\/#primaryimage\"},\"image\":{\"@id\":\"https:\\\/\\\/ppdegalicia.com\\\/es\\\/pedro-puy-lamenta-que-o-bng-queira-traer-a-galicia-a-politica-de-division-e-de-enfrontamento-de-cataluna\\\/#primaryimage\"},\"thumbnailUrl\":\"https:\\\/\\\/ppdegalicia.com\\\/wp-content\\\/uploads\\\/2021\\\/06\\\/8528daa5f569343a0025bbf25ddfaee5.jpg\",\"datePublished\":\"2021-06-14T14:06:10+00:00\",\"breadcrumb\":{\"@id\":\"https:\\\/\\\/ppdegalicia.com\\\/es\\\/pedro-puy-lamenta-que-o-bng-queira-traer-a-galicia-a-politica-de-division-e-de-enfrontamento-de-cataluna\\\/#breadcrumb\"},\"inLanguage\":\"es\",\"potentialAction\":[{\"@type\":\"ReadAction\",\"target\":[\"https:\\\/\\\/ppdegalicia.com\\\/es\\\/pedro-puy-lamenta-que-o-bng-queira-traer-a-galicia-a-politica-de-division-e-de-enfrontamento-de-cataluna\\\/\"]}]},{\"@type\":\"ImageObject\",\"inLanguage\":\"es\",\"@id\":\"https:\\\/\\\/ppdegalicia.com\\\/es\\\/pedro-puy-lamenta-que-o-bng-queira-traer-a-galicia-a-politica-de-division-e-de-enfrontamento-de-cataluna\\\/#primaryimage\",\"url\":\"https:\\\/\\\/ppdegalicia.com\\\/wp-content\\\/uploads\\\/2021\\\/06\\\/8528daa5f569343a0025bbf25ddfaee5.jpg\",\"contentUrl\":\"https:\\\/\\\/ppdegalicia.com\\\/wp-content\\\/uploads\\\/2021\\\/06\\\/8528daa5f569343a0025bbf25ddfaee5.jpg\",\"width\":1900,\"height\":1393},{\"@type\":\"BreadcrumbList\",\"@id\":\"https:\\\/\\\/ppdegalicia.com\\\/es\\\/pedro-puy-lamenta-que-o-bng-queira-traer-a-galicia-a-politica-de-division-e-de-enfrontamento-de-cataluna\\\/#breadcrumb\",\"itemListElement\":[{\"@type\":\"ListItem\",\"position\":1,\"name\":\"Portada\",\"item\":\"https:\\\/\\\/ppdegalicia.com\\\/es\\\/\"},{\"@type\":\"ListItem\",\"position\":2,\"name\":\"Pedro Puy lamenta que o BNG queira traer a Galicia a pol\u00edtica de divisi\u00f3n e de enfrontamento de Catalu\u00f1a\"}]},{\"@type\":\"WebSite\",\"@id\":\"https:\\\/\\\/ppdegalicia.com\\\/es\\\/#website\",\"url\":\"https:\\\/\\\/ppdegalicia.com\\\/es\\\/\",\"name\":\"Partido Popular de Galicia\",\"description\":\"Partido Popular de Galicia\",\"publisher\":{\"@id\":\"https:\\\/\\\/ppdegalicia.com\\\/es\\\/#organization\"},\"alternateName\":\"PP de Galicia\",\"potentialAction\":[{\"@type\":\"SearchAction\",\"target\":{\"@type\":\"EntryPoint\",\"urlTemplate\":\"https:\\\/\\\/ppdegalicia.com\\\/es\\\/?s={search_term_string}\"},\"query-input\":{\"@type\":\"PropertyValueSpecification\",\"valueRequired\":true,\"valueName\":\"search_term_string\"}}],\"inLanguage\":\"es\"},{\"@type\":\"Organization\",\"@id\":\"https:\\\/\\\/ppdegalicia.com\\\/es\\\/#organization\",\"name\":\"Partido Popular de Galicia\",\"alternateName\":\"PP de Galicia\",\"url\":\"https:\\\/\\\/ppdegalicia.com\\\/es\\\/\",\"logo\":{\"@type\":\"ImageObject\",\"inLanguage\":\"es\",\"@id\":\"https:\\\/\\\/ppdegalicia.com\\\/es\\\/#\\\/schema\\\/logo\\\/image\\\/\",\"url\":\"https:\\\/\\\/ppdegalicia.com\\\/wp-content\\\/uploads\\\/2023\\\/04\\\/logoPP512.png\",\"contentUrl\":\"https:\\\/\\\/ppdegalicia.com\\\/wp-content\\\/uploads\\\/2023\\\/04\\\/logoPP512.png\",\"width\":512,\"height\":512,\"caption\":\"Partido Popular de Galicia\"},\"image\":{\"@id\":\"https:\\\/\\\/ppdegalicia.com\\\/es\\\/#\\\/schema\\\/logo\\\/image\\\/\"},\"sameAs\":[\"https:\\\/\\\/www.instagram.com\\\/ppdegalicia\\\/\",\"https:\\\/\\\/x.com\\\/ppdegalicia\",\"https:\\\/\\\/www.tiktok.com\\\/@ppdegalicia\",\"https:\\\/\\\/www.youtube.com\\\/user\\\/ppdegalicia\"]},{\"@type\":\"Person\",\"@id\":\"https:\\\/\\\/ppdegalicia.com\\\/es\\\/#\\\/schema\\\/person\\\/5b822c6f59e872ebdd1142f307dbcb59\",\"name\":\"ppdegaliciaredes\",\"image\":{\"@type\":\"ImageObject\",\"inLanguage\":\"es\",\"@id\":\"https:\\\/\\\/secure.gravatar.com\\\/avatar\\\/3c9179cf0256d00c72a48d1f25783c58b6842cd56e85ef3a572881c8e28ccd59?s=96&d=mm&r=g\",\"url\":\"https:\\\/\\\/secure.gravatar.com\\\/avatar\\\/3c9179cf0256d00c72a48d1f25783c58b6842cd56e85ef3a572881c8e28ccd59?s=96&d=mm&r=g\",\"contentUrl\":\"https:\\\/\\\/secure.gravatar.com\\\/avatar\\\/3c9179cf0256d00c72a48d1f25783c58b6842cd56e85ef3a572881c8e28ccd59?s=96&d=mm&r=g\",\"caption\":\"ppdegaliciaredes\"},\"url\":\"https:\\\/\\\/ppdegalicia.com\\\/es\\\/author\\\/ppdegaliciaredes\\\/\"}]}<\/script>\n<!-- \/ Yoast SEO plugin. -->","yoast_head_json":{"title":"Pedro Puy lamenta que o BNG queira traer a Galicia a pol\u00edtica de divisi\u00f3n e de enfrontamento de Catalu\u00f1a - PP de Galicia","robots":{"index":"index","follow":"follow","max-snippet":"max-snippet:-1","max-image-preview":"max-image-preview:large","max-video-preview":"max-video-preview:-1"},"canonical":"https:\/\/ppdegalicia.com\/es\/pedro-puy-lamenta-que-o-bng-queira-traer-a-galicia-a-politica-de-division-e-de-enfrontamento-de-cataluna\/","og_locale":"es_ES","og_type":"article","og_title":"Pedro Puy lamenta que o BNG queira traer a Galicia a pol\u00edtica de divisi\u00f3n e de enfrontamento de Catalu\u00f1a - PP de Galicia","og_description":"Santiago, 14 de xu\u00f1o de 2021.- O portavoz do Grupo Popular, Pedro Puy, avogou hoxe \u201cpor unha recuperaci\u00f3n dos consensos e de superaci\u00f3n da divisi\u00f3n que hai en Catalu\u00f1a\u201d, porque \u201ccremos que a propia historia da democracia espa\u00f1ola marca unha ruta da pacificaci\u00f3n social correcta, que \u00e9 a aplicaci\u00f3n do Estado de Dereito, da Constituci\u00f3n [&hellip;]","og_url":"https:\/\/ppdegalicia.com\/es\/pedro-puy-lamenta-que-o-bng-queira-traer-a-galicia-a-politica-de-division-e-de-enfrontamento-de-cataluna\/","og_site_name":"PP de Galicia","article_publisher":"https:\/\/www.instagram.com\/ppdegalicia\/","article_published_time":"2021-06-14T14:06:10+00:00","og_image":[{"width":1900,"height":1393,"url":"https:\/\/ppdegalicia.com\/wp-content\/uploads\/2021\/06\/8528daa5f569343a0025bbf25ddfaee5.jpg","type":"image\/jpeg"}],"author":"ppdegaliciaredes","twitter_card":"summary_large_image","twitter_creator":"@ppdegalicia","twitter_site":"@ppdegalicia","twitter_misc":{"Escrito por":"ppdegaliciaredes","Tiempo de lectura":"4 minutos"},"schema":{"@context":"https:\/\/schema.org","@graph":[{"@type":"Article","@id":"https:\/\/ppdegalicia.com\/es\/pedro-puy-lamenta-que-o-bng-queira-traer-a-galicia-a-politica-de-division-e-de-enfrontamento-de-cataluna\/#article","isPartOf":{"@id":"https:\/\/ppdegalicia.com\/es\/pedro-puy-lamenta-que-o-bng-queira-traer-a-galicia-a-politica-de-division-e-de-enfrontamento-de-cataluna\/"},"author":{"name":"ppdegaliciaredes","@id":"https:\/\/ppdegalicia.com\/es\/#\/schema\/person\/5b822c6f59e872ebdd1142f307dbcb59"},"headline":"Pedro Puy lamenta que o BNG queira traer a Galicia a pol\u00edtica de divisi\u00f3n e de enfrontamento de Catalu\u00f1a","datePublished":"2021-06-14T14:06:10+00:00","mainEntityOfPage":{"@id":"https:\/\/ppdegalicia.com\/es\/pedro-puy-lamenta-que-o-bng-queira-traer-a-galicia-a-politica-de-division-e-de-enfrontamento-de-cataluna\/"},"wordCount":758,"commentCount":0,"publisher":{"@id":"https:\/\/ppdegalicia.com\/es\/#organization"},"image":{"@id":"https:\/\/ppdegalicia.com\/es\/pedro-puy-lamenta-que-o-bng-queira-traer-a-galicia-a-politica-de-division-e-de-enfrontamento-de-cataluna\/#primaryimage"},"thumbnailUrl":"https:\/\/ppdegalicia.com\/wp-content\/uploads\/2021\/06\/8528daa5f569343a0025bbf25ddfaee5.jpg","articleSection":["PP de Galicia"],"inLanguage":"es","potentialAction":[{"@type":"CommentAction","name":"Comment","target":["https:\/\/ppdegalicia.com\/es\/pedro-puy-lamenta-que-o-bng-queira-traer-a-galicia-a-politica-de-division-e-de-enfrontamento-de-cataluna\/#respond"]}]},{"@type":"WebPage","@id":"https:\/\/ppdegalicia.com\/es\/pedro-puy-lamenta-que-o-bng-queira-traer-a-galicia-a-politica-de-division-e-de-enfrontamento-de-cataluna\/","url":"https:\/\/ppdegalicia.com\/es\/pedro-puy-lamenta-que-o-bng-queira-traer-a-galicia-a-politica-de-division-e-de-enfrontamento-de-cataluna\/","name":"Pedro Puy lamenta que o BNG queira traer a Galicia a pol\u00edtica de divisi\u00f3n e de enfrontamento de Catalu\u00f1a - PP de Galicia","isPartOf":{"@id":"https:\/\/ppdegalicia.com\/es\/#website"},"primaryImageOfPage":{"@id":"https:\/\/ppdegalicia.com\/es\/pedro-puy-lamenta-que-o-bng-queira-traer-a-galicia-a-politica-de-division-e-de-enfrontamento-de-cataluna\/#primaryimage"},"image":{"@id":"https:\/\/ppdegalicia.com\/es\/pedro-puy-lamenta-que-o-bng-queira-traer-a-galicia-a-politica-de-division-e-de-enfrontamento-de-cataluna\/#primaryimage"},"thumbnailUrl":"https:\/\/ppdegalicia.com\/wp-content\/uploads\/2021\/06\/8528daa5f569343a0025bbf25ddfaee5.jpg","datePublished":"2021-06-14T14:06:10+00:00","breadcrumb":{"@id":"https:\/\/ppdegalicia.com\/es\/pedro-puy-lamenta-que-o-bng-queira-traer-a-galicia-a-politica-de-division-e-de-enfrontamento-de-cataluna\/#breadcrumb"},"inLanguage":"es","potentialAction":[{"@type":"ReadAction","target":["https:\/\/ppdegalicia.com\/es\/pedro-puy-lamenta-que-o-bng-queira-traer-a-galicia-a-politica-de-division-e-de-enfrontamento-de-cataluna\/"]}]},{"@type":"ImageObject","inLanguage":"es","@id":"https:\/\/ppdegalicia.com\/es\/pedro-puy-lamenta-que-o-bng-queira-traer-a-galicia-a-politica-de-division-e-de-enfrontamento-de-cataluna\/#primaryimage","url":"https:\/\/ppdegalicia.com\/wp-content\/uploads\/2021\/06\/8528daa5f569343a0025bbf25ddfaee5.jpg","contentUrl":"https:\/\/ppdegalicia.com\/wp-content\/uploads\/2021\/06\/8528daa5f569343a0025bbf25ddfaee5.jpg","width":1900,"height":1393},{"@type":"BreadcrumbList","@id":"https:\/\/ppdegalicia.com\/es\/pedro-puy-lamenta-que-o-bng-queira-traer-a-galicia-a-politica-de-division-e-de-enfrontamento-de-cataluna\/#breadcrumb","itemListElement":[{"@type":"ListItem","position":1,"name":"Portada","item":"https:\/\/ppdegalicia.com\/es\/"},{"@type":"ListItem","position":2,"name":"Pedro Puy lamenta que o BNG queira traer a Galicia a pol\u00edtica de divisi\u00f3n e de enfrontamento de Catalu\u00f1a"}]},{"@type":"WebSite","@id":"https:\/\/ppdegalicia.com\/es\/#website","url":"https:\/\/ppdegalicia.com\/es\/","name":"Partido Popular de Galicia","description":"Partido Popular de Galicia","publisher":{"@id":"https:\/\/ppdegalicia.com\/es\/#organization"},"alternateName":"PP de Galicia","potentialAction":[{"@type":"SearchAction","target":{"@type":"EntryPoint","urlTemplate":"https:\/\/ppdegalicia.com\/es\/?s={search_term_string}"},"query-input":{"@type":"PropertyValueSpecification","valueRequired":true,"valueName":"search_term_string"}}],"inLanguage":"es"},{"@type":"Organization","@id":"https:\/\/ppdegalicia.com\/es\/#organization","name":"Partido Popular de Galicia","alternateName":"PP de Galicia","url":"https:\/\/ppdegalicia.com\/es\/","logo":{"@type":"ImageObject","inLanguage":"es","@id":"https:\/\/ppdegalicia.com\/es\/#\/schema\/logo\/image\/","url":"https:\/\/ppdegalicia.com\/wp-content\/uploads\/2023\/04\/logoPP512.png","contentUrl":"https:\/\/ppdegalicia.com\/wp-content\/uploads\/2023\/04\/logoPP512.png","width":512,"height":512,"caption":"Partido Popular de Galicia"},"image":{"@id":"https:\/\/ppdegalicia.com\/es\/#\/schema\/logo\/image\/"},"sameAs":["https:\/\/www.instagram.com\/ppdegalicia\/","https:\/\/x.com\/ppdegalicia","https:\/\/www.tiktok.com\/@ppdegalicia","https:\/\/www.youtube.com\/user\/ppdegalicia"]},{"@type":"Person","@id":"https:\/\/ppdegalicia.com\/es\/#\/schema\/person\/5b822c6f59e872ebdd1142f307dbcb59","name":"ppdegaliciaredes","image":{"@type":"ImageObject","inLanguage":"es","@id":"https:\/\/secure.gravatar.com\/avatar\/3c9179cf0256d00c72a48d1f25783c58b6842cd56e85ef3a572881c8e28ccd59?s=96&d=mm&r=g","url":"https:\/\/secure.gravatar.com\/avatar\/3c9179cf0256d00c72a48d1f25783c58b6842cd56e85ef3a572881c8e28ccd59?s=96&d=mm&r=g","contentUrl":"https:\/\/secure.gravatar.com\/avatar\/3c9179cf0256d00c72a48d1f25783c58b6842cd56e85ef3a572881c8e28ccd59?s=96&d=mm&r=g","caption":"ppdegaliciaredes"},"url":"https:\/\/ppdegalicia.com\/es\/author\/ppdegaliciaredes\/"}]}},"_links":{"self":[{"href":"https:\/\/ppdegalicia.com\/es\/wp-json\/wp\/v2\/posts\/55918","targetHints":{"allow":["GET"]}}],"collection":[{"href":"https:\/\/ppdegalicia.com\/es\/wp-json\/wp\/v2\/posts"}],"about":[{"href":"https:\/\/ppdegalicia.com\/es\/wp-json\/wp\/v2\/types\/post"}],"author":[{"embeddable":true,"href":"https:\/\/ppdegalicia.com\/es\/wp-json\/wp\/v2\/users\/38"}],"replies":[{"embeddable":true,"href":"https:\/\/ppdegalicia.com\/es\/wp-json\/wp\/v2\/comments?post=55918"}],"version-history":[{"count":0,"href":"https:\/\/ppdegalicia.com\/es\/wp-json\/wp\/v2\/posts\/55918\/revisions"}],"wp:featuredmedia":[{"embeddable":true,"href":"https:\/\/ppdegalicia.com\/es\/wp-json\/wp\/v2\/media\/55917"}],"wp:attachment":[{"href":"https:\/\/ppdegalicia.com\/es\/wp-json\/wp\/v2\/media?parent=55918"}],"wp:term":[{"taxonomy":"category","embeddable":true,"href":"https:\/\/ppdegalicia.com\/es\/wp-json\/wp\/v2\/categories?post=55918"},{"taxonomy":"post_tag","embeddable":true,"href":"https:\/\/ppdegalicia.com\/es\/wp-json\/wp\/v2\/tags?post=55918"}],"curies":[{"name":"wp","href":"https:\/\/api.w.org\/{rel}","templated":true}]}}