{"id":55926,"date":"2021-06-16T07:43:52","date_gmt":"2021-06-16T05:43:52","guid":{"rendered":"https:\/\/ppdegalicia.com\/o-grupo-popular-leva-ao-vindeiro-pleno-o-debate-de-totalidade-da-proposicion-de-lei-de-violencia-de-xenero-dixital\/"},"modified":"2021-06-16T07:43:52","modified_gmt":"2021-06-16T05:43:52","slug":"o-grupo-popular-leva-ao-vindeiro-pleno-o-debate-de-totalidade-da-proposicion-de-lei-de-violencia-de-xenero-dixital","status":"publish","type":"post","link":"https:\/\/ppdegalicia.com\/es\/o-grupo-popular-leva-ao-vindeiro-pleno-o-debate-de-totalidade-da-proposicion-de-lei-de-violencia-de-xenero-dixital\/","title":{"rendered":"O Grupo Popular leva ao vindeiro Pleno o debate de totalidade da proposici\u00f3n de lei de violencia de x\u00e9nero dixital"},"content":{"rendered":"<p><img fetchpriority=\"high\" decoding=\"async\" class=\" size-full wp-image-55925\" src=\"https:\/\/ppdegalicia.com\/wp-content\/uploads\/2021\/06\/8eb293a9824f4436c5f329c5e3443a03.jpg\" alt=\"\" width=\"1900\" height=\"1267\" srcset=\"https:\/\/ppdegalicia.com\/wp-content\/uploads\/2021\/06\/8eb293a9824f4436c5f329c5e3443a03.jpg 1900w, https:\/\/ppdegalicia.com\/wp-content\/uploads\/2021\/06\/8eb293a9824f4436c5f329c5e3443a03-300x200.jpg 300w, https:\/\/ppdegalicia.com\/wp-content\/uploads\/2021\/06\/8eb293a9824f4436c5f329c5e3443a03-1024x683.jpg 1024w, https:\/\/ppdegalicia.com\/wp-content\/uploads\/2021\/06\/8eb293a9824f4436c5f329c5e3443a03-768x512.jpg 768w, https:\/\/ppdegalicia.com\/wp-content\/uploads\/2021\/06\/8eb293a9824f4436c5f329c5e3443a03-1536x1024.jpg 1536w\" sizes=\"(max-width: 1900px) 100vw, 1900px\" \/><\/p>\n<p>Santiago, 15 de xu\u00f1o de 2021.- O Grupo Popular introduciu na orde do d\u00eda do Pleno do Parlamento galego da vindeira semana a toma en consideraci\u00f3n da proposici\u00f3n de lei para o reco\u00f1ecemento da violencia de x\u00e9nero dixital. As\u00ed mesmo, demandar\u00e1 ao Goberno central, a trav\u00e9s de sendas proposici\u00f3ns non de lei, que respecte os pactos sucesorios en vida reco\u00f1ecidos no Dereito Civil galego e que abandone a s\u00faa intenci\u00f3n de instalar proxectos e\u00f3licos f\u00f3ra das \u00e1reas definidas no Plan Sectorial E\u00f3lico vixente en Galicia.<\/p>\n<p><!--more--><\/p>\n<p>\u00a0<\/p>\n<p>\u00a0<\/p>\n<p>\u00a0<\/p>\n<blockquote class=\"twitter-tweet\">\n<p dir=\"ltr\" lang=\"pt\">?\ufe0fO <a href=\"https:\/\/twitter.com\/ppdegalicia?ref_src=twsrc%5Etfw\">@ppdegalicia<\/a> ped\u00edu a incorporaci\u00f3n no pr\u00f3ximo Pleno do <a href=\"https:\/\/twitter.com\/Par_Gal?ref_src=twsrc%5Etfw\">@Par_Gal<\/a> da reforma da Lei galega para a prevenci\u00f3n e o tratamento integral da violencia de x\u00e9nero para introducir na lei, do mesmo xeito que a violencia vicaria, a violencia dixital <a href=\"https:\/\/t.co\/q9u4XcaVaI\">pic.twitter.com\/q9u4XcaVaI<\/a><\/p>\n<p>\u2014 GrupoPopularGalicia (@GrupoPopularGal) <a href=\"https:\/\/twitter.com\/GrupoPopularGal\/status\/1404769824610340865?ref_src=twsrc%5Etfw\">June 15, 2021<\/a><\/p><\/blockquote>\n<p>Ao remate da Xunta de Portavoces, o portavoz do Grupo Popular, Pedro Puy considerou necesario definir a violencia de x\u00e9nero \u201cnon s\u00f3 para identificar \u00e1s v\u00edtimas e po\u00f1er \u00e1 s\u00faa disposici\u00f3n todos os recursos precisos para a s\u00faa atenci\u00f3n, sen\u00f3n que temos que ser capaces de po\u00f1er en marcha pol\u00edticas de prevenci\u00f3n da sextorsi\u00f3n, o ciberbulling, o grooming ou o ciberacoso e abuso sexual a menores de idade\u201d.<\/p>\n<p>\u00a0<\/p>\n<p>Consid\u00e9rase violencia de x\u00e9nero dixital aquela realizada por un agresor, garde ou non relaci\u00f3n conxugal (de parella ou an\u00e1loga de afectividade no presente ou no pasado) ou de parentesco coa v\u00edtima, coa \u00fanica finalidade de discriminaci\u00f3n, dominaci\u00f3n, control e intromisi\u00f3n sen consentimento na privacidade da v\u00edtima. As\u00ed mesmo, ter\u00e1n a consideraci\u00f3n de actos de violencia dixital contra a muller os exercidos por homes do seu contorno familiar, social, profesional ou acad\u00e9mico.<\/p>\n<p>\u00a0<\/p>\n<p>Puy engadiu que \u201cunha das cuesti\u00f3ns que imos co\u00f1ecendo \u00e9 que, por raz\u00f3ns do uso das novas tecnolox\u00edas, as mulleres m\u00e1is novas son as m\u00e1is afectadas pola violencia dixital\u201d, xa que o ciberacoso ten unha incidencia maior na adolescencia e, por tanto, conv\u00e9rtese na idade de maior vulnerabilidade.<\/p>\n<p>\u00a0<\/p>\n<p><strong>COMPARECENCIA ALFONSO RUEDA<\/strong><\/p>\n<p>\u00a0<\/p>\n<p>A continuaci\u00f3n, o Pleno incl\u00fae a comparecencia do vicepresidente primeiro da Xunta e conselleiro de Presidencia, Xustiza e Turismo, por petici\u00f3n propia, para informar sobre a situaci\u00f3n do sector tur\u00edstico galego e o apoio da Xunta ao bienio xacobeo, \u201cunha excelente ocasi\u00f3n para recuperar a econom\u00eda galega logo de que o Ano Santo se prolongase ata 2022\u201d.<\/p>\n<p>\u00a0<\/p>\n<p>Dentro do apartado das proposici\u00f3ns non de lei, o Grupo Popular demandar\u00e1 ao Goberno de Espa\u00f1a que non proceda \u00e1 tramitaci\u00f3n e autorizaci\u00f3n dos proxectos e\u00f3licos da s\u00faa competencia que supo\u00f1an a implantaci\u00f3n f\u00f3ra das \u00e1reas definidas polo Plan Sectorial E\u00f3lico vixente en Galicia nin daqueles que se atopen en Rede Natura.<\/p>\n<blockquote class=\"twitter-tweet\">\n<p dir=\"ltr\" lang=\"es\">?O <a href=\"https:\/\/twitter.com\/ppdegalicia?ref_src=twsrc%5Etfw\">@ppdegalicia<\/a> defender\u00e1 no Pleno instar ao Goberno de Estado que non proceda a tramitaci\u00f3n dos proxectos e\u00f3licos fora das \u00e1reas definidas polo plan e\u00f3lico vixente en Galicia e modificaci\u00f3n do RD para ampliar os prazos de tramitaci\u00f3n dunha enerx\u00eda sostible e rentable <a href=\"https:\/\/t.co\/nmdaNtSp7i\">pic.twitter.com\/nmdaNtSp7i<\/a><\/p>\n<p>\u2014 GrupoPopularGalicia (@GrupoPopularGal) <a href=\"https:\/\/twitter.com\/GrupoPopularGal\/status\/1404771909619929089?ref_src=twsrc%5Etfw\">June 15, 2021<\/a><\/p><\/blockquote>\n<p>\u00a0<\/p>\n<p>O portavoz popular subli\u00f1ou que, acoll\u00e9ndose ao Plan Sectorial E\u00f3lico de Galicia, \u201ca Xunta xa informou negativamente 36 proxectos que tramita o Goberno central en Galicia\u201d, polo que tam\u00e9n se pide que o Ministerio proporcione informaci\u00f3n clara e veraz sobre a instalaci\u00f3n de proxectos e\u00f3licos en diversas zonas protexidas da Comunidade galega, ao tempo que se solicita que ampl\u00ede o prazo de tramitaci\u00f3n dos proxectos e\u00f3licos para evitar a presi\u00f3n xerada polo Goberno central co establecemento dunhas datas moi axustadas e prexu\u00edzos econ\u00f3micos importantes no caso de non cumprirse.<\/p>\n<p>\u00a0<\/p>\n<p>A segunda proposici\u00f3n non de lei do Grupo Popular ten como obxectivo que o Goberno central respecte a autonom\u00eda financeira e a capacidade normativa en materia tributaria que a Constituci\u00f3n, o Estatuto de Autonom\u00eda e as leis reco\u00f1ecen a Galicia, en concreto suprimindo na tramitaci\u00f3n do proxecto de Lei de medidas de prevenci\u00f3n e loita contra a fraude fiscal o artigo que declara como comportamento fraudulento toda venda dos bens recibidos a trav\u00e9s de pactos sucesorios en vida regulados no Dereito Civil de Galicia.<\/p>\n<p>\u00a0<\/p>\n<blockquote class=\"twitter-tweet\">\n<p dir=\"ltr\" lang=\"es\">?\ufe0fO <a href=\"https:\/\/twitter.com\/ppdegalicia?ref_src=twsrc%5Etfw\">@ppdegalicia<\/a> defender\u00e1 no Pleno a demanda ao Goberno do Estado que respecte a autonom\u00eda financeira e a capacidade normativa en materia tributaria que as leis lle reco\u00f1ecen a Galicia, sinala Pedro Puy <a href=\"https:\/\/t.co\/lNj25uxJKd\">pic.twitter.com\/lNj25uxJKd<\/a><\/p>\n<p>\u2014 GrupoPopularGalicia (@GrupoPopularGal) <a href=\"https:\/\/twitter.com\/GrupoPopularGal\/status\/1404785793684680710?ref_src=twsrc%5Etfw\">June 15, 2021<\/a><\/p><\/blockquote>\n<p><strong>EMENDA SOCIALISTA<\/strong><\/p>\n<p>\u00a0<\/p>\n<p>Pedro Puy referiuse \u00e1 emenda presentada polo Grupo Socialista no Senado a este proxecto de lei para limitar a cinco anos os efectos que ter\u00eda esta modificaci\u00f3n. \u201c\u00c9 un paso adiante, pero seguimos mantendo que o razoable ser\u00eda suprimir ese artigo para eliminar o marco temporal, porque se se pensa que hai fraude, a Administraci\u00f3n ter\u00e1 que demostralo\u201d, indicou.<\/p>\n<p>\u00a0<\/p>\n<p>Dentro do apartado de preguntas, os deputados do Grupo Popular interesaranse polo desenvolvemento do programa Aprol de econom\u00eda social, para saber a canto ascende a previsi\u00f3n orzamentaria neste ano 2021 e a cantas cooperativas prev\u00e9 beneficiar; e sobre os pasos que vai seguir a Xunta para seguir impulsando a candidatura da Ribeira Sacra a Patrimonio Mundial.<\/p>\n<p>\u00a0<\/p>\n<p>Unha terceira pregunta do Grupo Popular ten como obxectivo co\u00f1ecer a valoraci\u00f3n da Xunta sobre o trato diferente dispensado polo Goberno central \u00e1 modificaci\u00f3n da Lei de sa\u00fade de Galicia fronte a Decreto-Lei de reforma da Lei de sa\u00fade p\u00fablica de Baleares, a pesar de ter un id\u00e9ntico contido. Neste sentido, Puy considerou \u201cun sinsentido que o Estado recorra ante o Tribuna Constitucional un artigo dunha lei galega e deixe implantar un decreto-lei do Goberno balear co mesmo texto, o que denota que o Goberno de Espa\u00f1a ten unha actitude con Galicia distinta \u00e1 que ten con outros gobernos da s\u00faa mesma cor\u201d.<\/p>\n<blockquote class=\"twitter-tweet\">\n<p dir=\"ltr\" lang=\"pt\">?Non \u00e9 de recibo que Estado recurra un artigo da lei de reforma da Lei de Sa\u00fade de Galicia e que un artigo dunha lei balear id\u00e9ntico ao galego estea en vigor tramitado polo PSOE de Baleares,mentres o PSOE nacional recurre o galego en connivencia co PSdeG, sinala Puy <a href=\"https:\/\/twitter.com\/ppdegalicia?ref_src=twsrc%5Etfw\">@ppdegalicia<\/a> <a href=\"https:\/\/t.co\/Hyc8ceFUa8\">pic.twitter.com\/Hyc8ceFUa8<\/a><\/p>\n<p>\u2014 GrupoPopularGalicia (@GrupoPopularGal) <a href=\"https:\/\/twitter.com\/GrupoPopularGal\/status\/1404780522363097092?ref_src=twsrc%5Etfw\">June 15, 2021<\/a><\/p><\/blockquote>\n","protected":false},"excerpt":{"rendered":"<p>Santiago, 15 de xu\u00f1o de 2021.- O Grupo Popular introduciu na orde do d\u00eda do Pleno do Parlamento galego da vindeira semana a toma en consideraci\u00f3n da proposici\u00f3n de lei para o reco\u00f1ecemento da violencia de x\u00e9nero dixital. As\u00ed mesmo, demandar\u00e1 ao Goberno central, a trav\u00e9s de sendas proposici\u00f3ns non de lei, que respecte os [&hellip;]<\/p>\n","protected":false},"author":38,"featured_media":55925,"comment_status":"open","ping_status":"open","sticky":false,"template":"","format":"standard","meta":{"_acf_changed":false,"footnotes":""},"categories":[1],"tags":[],"class_list":["post-55926","post","type-post","status-publish","format-standard","has-post-thumbnail","hentry","category-pp-de-galicia"],"acf":[],"yoast_head":"<!-- This site is optimized with the Yoast SEO plugin v27.3 - https:\/\/yoast.com\/product\/yoast-seo-wordpress\/ -->\n<title>O Grupo Popular leva ao vindeiro Pleno o debate de totalidade da proposici\u00f3n de lei de violencia de x\u00e9nero dixital - PP de Galicia<\/title>\n<meta name=\"robots\" content=\"index, follow, max-snippet:-1, max-image-preview:large, max-video-preview:-1\" \/>\n<link rel=\"canonical\" href=\"https:\/\/ppdegalicia.com\/es\/o-grupo-popular-leva-ao-vindeiro-pleno-o-debate-de-totalidade-da-proposicion-de-lei-de-violencia-de-xenero-dixital\/\" \/>\n<meta property=\"og:locale\" content=\"es_ES\" \/>\n<meta property=\"og:type\" content=\"article\" \/>\n<meta property=\"og:title\" content=\"O Grupo Popular leva ao vindeiro Pleno o debate de totalidade da proposici\u00f3n de lei de violencia de x\u00e9nero dixital - PP de Galicia\" \/>\n<meta property=\"og:description\" content=\"Santiago, 15 de xu\u00f1o de 2021.- O Grupo Popular introduciu na orde do d\u00eda do Pleno do Parlamento galego da vindeira semana a toma en consideraci\u00f3n da proposici\u00f3n de lei para o reco\u00f1ecemento da violencia de x\u00e9nero dixital. As\u00ed mesmo, demandar\u00e1 ao Goberno central, a trav\u00e9s de sendas proposici\u00f3ns non de lei, que respecte os [&hellip;]\" \/>\n<meta property=\"og:url\" content=\"https:\/\/ppdegalicia.com\/es\/o-grupo-popular-leva-ao-vindeiro-pleno-o-debate-de-totalidade-da-proposicion-de-lei-de-violencia-de-xenero-dixital\/\" \/>\n<meta property=\"og:site_name\" content=\"PP de Galicia\" \/>\n<meta property=\"article:publisher\" content=\"https:\/\/www.instagram.com\/ppdegalicia\/\" \/>\n<meta property=\"article:published_time\" content=\"2021-06-16T05:43:52+00:00\" \/>\n<meta property=\"og:image\" content=\"https:\/\/ppdegalicia.com\/wp-content\/uploads\/2021\/06\/8eb293a9824f4436c5f329c5e3443a03.jpg\" \/>\n\t<meta property=\"og:image:width\" content=\"1900\" \/>\n\t<meta property=\"og:image:height\" content=\"1267\" \/>\n\t<meta property=\"og:image:type\" content=\"image\/jpeg\" \/>\n<meta name=\"author\" content=\"ppdegaliciaredes\" \/>\n<meta name=\"twitter:card\" content=\"summary_large_image\" \/>\n<meta name=\"twitter:creator\" content=\"@ppdegalicia\" \/>\n<meta name=\"twitter:site\" content=\"@ppdegalicia\" \/>\n<meta name=\"twitter:label1\" content=\"Escrito por\" \/>\n\t<meta name=\"twitter:data1\" content=\"ppdegaliciaredes\" \/>\n\t<meta name=\"twitter:label2\" content=\"Tiempo de lectura\" \/>\n\t<meta name=\"twitter:data2\" content=\"5 minutos\" \/>\n<script type=\"application\/ld+json\" class=\"yoast-schema-graph\">{\"@context\":\"https:\\\/\\\/schema.org\",\"@graph\":[{\"@type\":\"Article\",\"@id\":\"https:\\\/\\\/ppdegalicia.com\\\/es\\\/o-grupo-popular-leva-ao-vindeiro-pleno-o-debate-de-totalidade-da-proposicion-de-lei-de-violencia-de-xenero-dixital\\\/#article\",\"isPartOf\":{\"@id\":\"https:\\\/\\\/ppdegalicia.com\\\/es\\\/o-grupo-popular-leva-ao-vindeiro-pleno-o-debate-de-totalidade-da-proposicion-de-lei-de-violencia-de-xenero-dixital\\\/\"},\"author\":{\"name\":\"ppdegaliciaredes\",\"@id\":\"https:\\\/\\\/ppdegalicia.com\\\/es\\\/#\\\/schema\\\/person\\\/5b822c6f59e872ebdd1142f307dbcb59\"},\"headline\":\"O Grupo Popular leva ao vindeiro Pleno o debate de totalidade da proposici\u00f3n de lei de violencia de x\u00e9nero dixital\",\"datePublished\":\"2021-06-16T05:43:52+00:00\",\"mainEntityOfPage\":{\"@id\":\"https:\\\/\\\/ppdegalicia.com\\\/es\\\/o-grupo-popular-leva-ao-vindeiro-pleno-o-debate-de-totalidade-da-proposicion-de-lei-de-violencia-de-xenero-dixital\\\/\"},\"wordCount\":1101,\"commentCount\":0,\"publisher\":{\"@id\":\"https:\\\/\\\/ppdegalicia.com\\\/es\\\/#organization\"},\"image\":{\"@id\":\"https:\\\/\\\/ppdegalicia.com\\\/es\\\/o-grupo-popular-leva-ao-vindeiro-pleno-o-debate-de-totalidade-da-proposicion-de-lei-de-violencia-de-xenero-dixital\\\/#primaryimage\"},\"thumbnailUrl\":\"https:\\\/\\\/ppdegalicia.com\\\/wp-content\\\/uploads\\\/2021\\\/06\\\/8eb293a9824f4436c5f329c5e3443a03.jpg\",\"articleSection\":[\"PP de Galicia\"],\"inLanguage\":\"es\",\"potentialAction\":[{\"@type\":\"CommentAction\",\"name\":\"Comment\",\"target\":[\"https:\\\/\\\/ppdegalicia.com\\\/es\\\/o-grupo-popular-leva-ao-vindeiro-pleno-o-debate-de-totalidade-da-proposicion-de-lei-de-violencia-de-xenero-dixital\\\/#respond\"]}]},{\"@type\":\"WebPage\",\"@id\":\"https:\\\/\\\/ppdegalicia.com\\\/es\\\/o-grupo-popular-leva-ao-vindeiro-pleno-o-debate-de-totalidade-da-proposicion-de-lei-de-violencia-de-xenero-dixital\\\/\",\"url\":\"https:\\\/\\\/ppdegalicia.com\\\/es\\\/o-grupo-popular-leva-ao-vindeiro-pleno-o-debate-de-totalidade-da-proposicion-de-lei-de-violencia-de-xenero-dixital\\\/\",\"name\":\"O Grupo Popular leva ao vindeiro Pleno o debate de totalidade da proposici\u00f3n de lei de violencia de x\u00e9nero dixital - PP de Galicia\",\"isPartOf\":{\"@id\":\"https:\\\/\\\/ppdegalicia.com\\\/es\\\/#website\"},\"primaryImageOfPage\":{\"@id\":\"https:\\\/\\\/ppdegalicia.com\\\/es\\\/o-grupo-popular-leva-ao-vindeiro-pleno-o-debate-de-totalidade-da-proposicion-de-lei-de-violencia-de-xenero-dixital\\\/#primaryimage\"},\"image\":{\"@id\":\"https:\\\/\\\/ppdegalicia.com\\\/es\\\/o-grupo-popular-leva-ao-vindeiro-pleno-o-debate-de-totalidade-da-proposicion-de-lei-de-violencia-de-xenero-dixital\\\/#primaryimage\"},\"thumbnailUrl\":\"https:\\\/\\\/ppdegalicia.com\\\/wp-content\\\/uploads\\\/2021\\\/06\\\/8eb293a9824f4436c5f329c5e3443a03.jpg\",\"datePublished\":\"2021-06-16T05:43:52+00:00\",\"breadcrumb\":{\"@id\":\"https:\\\/\\\/ppdegalicia.com\\\/es\\\/o-grupo-popular-leva-ao-vindeiro-pleno-o-debate-de-totalidade-da-proposicion-de-lei-de-violencia-de-xenero-dixital\\\/#breadcrumb\"},\"inLanguage\":\"es\",\"potentialAction\":[{\"@type\":\"ReadAction\",\"target\":[\"https:\\\/\\\/ppdegalicia.com\\\/es\\\/o-grupo-popular-leva-ao-vindeiro-pleno-o-debate-de-totalidade-da-proposicion-de-lei-de-violencia-de-xenero-dixital\\\/\"]}]},{\"@type\":\"ImageObject\",\"inLanguage\":\"es\",\"@id\":\"https:\\\/\\\/ppdegalicia.com\\\/es\\\/o-grupo-popular-leva-ao-vindeiro-pleno-o-debate-de-totalidade-da-proposicion-de-lei-de-violencia-de-xenero-dixital\\\/#primaryimage\",\"url\":\"https:\\\/\\\/ppdegalicia.com\\\/wp-content\\\/uploads\\\/2021\\\/06\\\/8eb293a9824f4436c5f329c5e3443a03.jpg\",\"contentUrl\":\"https:\\\/\\\/ppdegalicia.com\\\/wp-content\\\/uploads\\\/2021\\\/06\\\/8eb293a9824f4436c5f329c5e3443a03.jpg\",\"width\":1900,\"height\":1267},{\"@type\":\"BreadcrumbList\",\"@id\":\"https:\\\/\\\/ppdegalicia.com\\\/es\\\/o-grupo-popular-leva-ao-vindeiro-pleno-o-debate-de-totalidade-da-proposicion-de-lei-de-violencia-de-xenero-dixital\\\/#breadcrumb\",\"itemListElement\":[{\"@type\":\"ListItem\",\"position\":1,\"name\":\"Portada\",\"item\":\"https:\\\/\\\/ppdegalicia.com\\\/es\\\/\"},{\"@type\":\"ListItem\",\"position\":2,\"name\":\"O Grupo Popular leva ao vindeiro Pleno o debate de totalidade da proposici\u00f3n de lei de violencia de x\u00e9nero dixital\"}]},{\"@type\":\"WebSite\",\"@id\":\"https:\\\/\\\/ppdegalicia.com\\\/es\\\/#website\",\"url\":\"https:\\\/\\\/ppdegalicia.com\\\/es\\\/\",\"name\":\"Partido Popular de Galicia\",\"description\":\"Partido Popular de Galicia\",\"publisher\":{\"@id\":\"https:\\\/\\\/ppdegalicia.com\\\/es\\\/#organization\"},\"alternateName\":\"PP de Galicia\",\"potentialAction\":[{\"@type\":\"SearchAction\",\"target\":{\"@type\":\"EntryPoint\",\"urlTemplate\":\"https:\\\/\\\/ppdegalicia.com\\\/es\\\/?s={search_term_string}\"},\"query-input\":{\"@type\":\"PropertyValueSpecification\",\"valueRequired\":true,\"valueName\":\"search_term_string\"}}],\"inLanguage\":\"es\"},{\"@type\":\"Organization\",\"@id\":\"https:\\\/\\\/ppdegalicia.com\\\/es\\\/#organization\",\"name\":\"Partido Popular de Galicia\",\"alternateName\":\"PP de Galicia\",\"url\":\"https:\\\/\\\/ppdegalicia.com\\\/es\\\/\",\"logo\":{\"@type\":\"ImageObject\",\"inLanguage\":\"es\",\"@id\":\"https:\\\/\\\/ppdegalicia.com\\\/es\\\/#\\\/schema\\\/logo\\\/image\\\/\",\"url\":\"https:\\\/\\\/ppdegalicia.com\\\/wp-content\\\/uploads\\\/2023\\\/04\\\/logoPP512.png\",\"contentUrl\":\"https:\\\/\\\/ppdegalicia.com\\\/wp-content\\\/uploads\\\/2023\\\/04\\\/logoPP512.png\",\"width\":512,\"height\":512,\"caption\":\"Partido Popular de Galicia\"},\"image\":{\"@id\":\"https:\\\/\\\/ppdegalicia.com\\\/es\\\/#\\\/schema\\\/logo\\\/image\\\/\"},\"sameAs\":[\"https:\\\/\\\/www.instagram.com\\\/ppdegalicia\\\/\",\"https:\\\/\\\/x.com\\\/ppdegalicia\",\"https:\\\/\\\/www.tiktok.com\\\/@ppdegalicia\",\"https:\\\/\\\/www.youtube.com\\\/user\\\/ppdegalicia\"]},{\"@type\":\"Person\",\"@id\":\"https:\\\/\\\/ppdegalicia.com\\\/es\\\/#\\\/schema\\\/person\\\/5b822c6f59e872ebdd1142f307dbcb59\",\"name\":\"ppdegaliciaredes\",\"image\":{\"@type\":\"ImageObject\",\"inLanguage\":\"es\",\"@id\":\"https:\\\/\\\/secure.gravatar.com\\\/avatar\\\/3c9179cf0256d00c72a48d1f25783c58b6842cd56e85ef3a572881c8e28ccd59?s=96&d=mm&r=g\",\"url\":\"https:\\\/\\\/secure.gravatar.com\\\/avatar\\\/3c9179cf0256d00c72a48d1f25783c58b6842cd56e85ef3a572881c8e28ccd59?s=96&d=mm&r=g\",\"contentUrl\":\"https:\\\/\\\/secure.gravatar.com\\\/avatar\\\/3c9179cf0256d00c72a48d1f25783c58b6842cd56e85ef3a572881c8e28ccd59?s=96&d=mm&r=g\",\"caption\":\"ppdegaliciaredes\"},\"url\":\"https:\\\/\\\/ppdegalicia.com\\\/es\\\/author\\\/ppdegaliciaredes\\\/\"}]}<\/script>\n<!-- \/ Yoast SEO plugin. -->","yoast_head_json":{"title":"O Grupo Popular leva ao vindeiro Pleno o debate de totalidade da proposici\u00f3n de lei de violencia de x\u00e9nero dixital - PP de Galicia","robots":{"index":"index","follow":"follow","max-snippet":"max-snippet:-1","max-image-preview":"max-image-preview:large","max-video-preview":"max-video-preview:-1"},"canonical":"https:\/\/ppdegalicia.com\/es\/o-grupo-popular-leva-ao-vindeiro-pleno-o-debate-de-totalidade-da-proposicion-de-lei-de-violencia-de-xenero-dixital\/","og_locale":"es_ES","og_type":"article","og_title":"O Grupo Popular leva ao vindeiro Pleno o debate de totalidade da proposici\u00f3n de lei de violencia de x\u00e9nero dixital - PP de Galicia","og_description":"Santiago, 15 de xu\u00f1o de 2021.- O Grupo Popular introduciu na orde do d\u00eda do Pleno do Parlamento galego da vindeira semana a toma en consideraci\u00f3n da proposici\u00f3n de lei para o reco\u00f1ecemento da violencia de x\u00e9nero dixital. As\u00ed mesmo, demandar\u00e1 ao Goberno central, a trav\u00e9s de sendas proposici\u00f3ns non de lei, que respecte os [&hellip;]","og_url":"https:\/\/ppdegalicia.com\/es\/o-grupo-popular-leva-ao-vindeiro-pleno-o-debate-de-totalidade-da-proposicion-de-lei-de-violencia-de-xenero-dixital\/","og_site_name":"PP de Galicia","article_publisher":"https:\/\/www.instagram.com\/ppdegalicia\/","article_published_time":"2021-06-16T05:43:52+00:00","og_image":[{"width":1900,"height":1267,"url":"https:\/\/ppdegalicia.com\/wp-content\/uploads\/2021\/06\/8eb293a9824f4436c5f329c5e3443a03.jpg","type":"image\/jpeg"}],"author":"ppdegaliciaredes","twitter_card":"summary_large_image","twitter_creator":"@ppdegalicia","twitter_site":"@ppdegalicia","twitter_misc":{"Escrito por":"ppdegaliciaredes","Tiempo de lectura":"5 minutos"},"schema":{"@context":"https:\/\/schema.org","@graph":[{"@type":"Article","@id":"https:\/\/ppdegalicia.com\/es\/o-grupo-popular-leva-ao-vindeiro-pleno-o-debate-de-totalidade-da-proposicion-de-lei-de-violencia-de-xenero-dixital\/#article","isPartOf":{"@id":"https:\/\/ppdegalicia.com\/es\/o-grupo-popular-leva-ao-vindeiro-pleno-o-debate-de-totalidade-da-proposicion-de-lei-de-violencia-de-xenero-dixital\/"},"author":{"name":"ppdegaliciaredes","@id":"https:\/\/ppdegalicia.com\/es\/#\/schema\/person\/5b822c6f59e872ebdd1142f307dbcb59"},"headline":"O Grupo Popular leva ao vindeiro Pleno o debate de totalidade da proposici\u00f3n de lei de violencia de x\u00e9nero dixital","datePublished":"2021-06-16T05:43:52+00:00","mainEntityOfPage":{"@id":"https:\/\/ppdegalicia.com\/es\/o-grupo-popular-leva-ao-vindeiro-pleno-o-debate-de-totalidade-da-proposicion-de-lei-de-violencia-de-xenero-dixital\/"},"wordCount":1101,"commentCount":0,"publisher":{"@id":"https:\/\/ppdegalicia.com\/es\/#organization"},"image":{"@id":"https:\/\/ppdegalicia.com\/es\/o-grupo-popular-leva-ao-vindeiro-pleno-o-debate-de-totalidade-da-proposicion-de-lei-de-violencia-de-xenero-dixital\/#primaryimage"},"thumbnailUrl":"https:\/\/ppdegalicia.com\/wp-content\/uploads\/2021\/06\/8eb293a9824f4436c5f329c5e3443a03.jpg","articleSection":["PP de Galicia"],"inLanguage":"es","potentialAction":[{"@type":"CommentAction","name":"Comment","target":["https:\/\/ppdegalicia.com\/es\/o-grupo-popular-leva-ao-vindeiro-pleno-o-debate-de-totalidade-da-proposicion-de-lei-de-violencia-de-xenero-dixital\/#respond"]}]},{"@type":"WebPage","@id":"https:\/\/ppdegalicia.com\/es\/o-grupo-popular-leva-ao-vindeiro-pleno-o-debate-de-totalidade-da-proposicion-de-lei-de-violencia-de-xenero-dixital\/","url":"https:\/\/ppdegalicia.com\/es\/o-grupo-popular-leva-ao-vindeiro-pleno-o-debate-de-totalidade-da-proposicion-de-lei-de-violencia-de-xenero-dixital\/","name":"O Grupo Popular leva ao vindeiro Pleno o debate de totalidade da proposici\u00f3n de lei de violencia de x\u00e9nero dixital - PP de Galicia","isPartOf":{"@id":"https:\/\/ppdegalicia.com\/es\/#website"},"primaryImageOfPage":{"@id":"https:\/\/ppdegalicia.com\/es\/o-grupo-popular-leva-ao-vindeiro-pleno-o-debate-de-totalidade-da-proposicion-de-lei-de-violencia-de-xenero-dixital\/#primaryimage"},"image":{"@id":"https:\/\/ppdegalicia.com\/es\/o-grupo-popular-leva-ao-vindeiro-pleno-o-debate-de-totalidade-da-proposicion-de-lei-de-violencia-de-xenero-dixital\/#primaryimage"},"thumbnailUrl":"https:\/\/ppdegalicia.com\/wp-content\/uploads\/2021\/06\/8eb293a9824f4436c5f329c5e3443a03.jpg","datePublished":"2021-06-16T05:43:52+00:00","breadcrumb":{"@id":"https:\/\/ppdegalicia.com\/es\/o-grupo-popular-leva-ao-vindeiro-pleno-o-debate-de-totalidade-da-proposicion-de-lei-de-violencia-de-xenero-dixital\/#breadcrumb"},"inLanguage":"es","potentialAction":[{"@type":"ReadAction","target":["https:\/\/ppdegalicia.com\/es\/o-grupo-popular-leva-ao-vindeiro-pleno-o-debate-de-totalidade-da-proposicion-de-lei-de-violencia-de-xenero-dixital\/"]}]},{"@type":"ImageObject","inLanguage":"es","@id":"https:\/\/ppdegalicia.com\/es\/o-grupo-popular-leva-ao-vindeiro-pleno-o-debate-de-totalidade-da-proposicion-de-lei-de-violencia-de-xenero-dixital\/#primaryimage","url":"https:\/\/ppdegalicia.com\/wp-content\/uploads\/2021\/06\/8eb293a9824f4436c5f329c5e3443a03.jpg","contentUrl":"https:\/\/ppdegalicia.com\/wp-content\/uploads\/2021\/06\/8eb293a9824f4436c5f329c5e3443a03.jpg","width":1900,"height":1267},{"@type":"BreadcrumbList","@id":"https:\/\/ppdegalicia.com\/es\/o-grupo-popular-leva-ao-vindeiro-pleno-o-debate-de-totalidade-da-proposicion-de-lei-de-violencia-de-xenero-dixital\/#breadcrumb","itemListElement":[{"@type":"ListItem","position":1,"name":"Portada","item":"https:\/\/ppdegalicia.com\/es\/"},{"@type":"ListItem","position":2,"name":"O Grupo Popular leva ao vindeiro Pleno o debate de totalidade da proposici\u00f3n de lei de violencia de x\u00e9nero dixital"}]},{"@type":"WebSite","@id":"https:\/\/ppdegalicia.com\/es\/#website","url":"https:\/\/ppdegalicia.com\/es\/","name":"Partido Popular de Galicia","description":"Partido Popular de Galicia","publisher":{"@id":"https:\/\/ppdegalicia.com\/es\/#organization"},"alternateName":"PP de Galicia","potentialAction":[{"@type":"SearchAction","target":{"@type":"EntryPoint","urlTemplate":"https:\/\/ppdegalicia.com\/es\/?s={search_term_string}"},"query-input":{"@type":"PropertyValueSpecification","valueRequired":true,"valueName":"search_term_string"}}],"inLanguage":"es"},{"@type":"Organization","@id":"https:\/\/ppdegalicia.com\/es\/#organization","name":"Partido Popular de Galicia","alternateName":"PP de Galicia","url":"https:\/\/ppdegalicia.com\/es\/","logo":{"@type":"ImageObject","inLanguage":"es","@id":"https:\/\/ppdegalicia.com\/es\/#\/schema\/logo\/image\/","url":"https:\/\/ppdegalicia.com\/wp-content\/uploads\/2023\/04\/logoPP512.png","contentUrl":"https:\/\/ppdegalicia.com\/wp-content\/uploads\/2023\/04\/logoPP512.png","width":512,"height":512,"caption":"Partido Popular de Galicia"},"image":{"@id":"https:\/\/ppdegalicia.com\/es\/#\/schema\/logo\/image\/"},"sameAs":["https:\/\/www.instagram.com\/ppdegalicia\/","https:\/\/x.com\/ppdegalicia","https:\/\/www.tiktok.com\/@ppdegalicia","https:\/\/www.youtube.com\/user\/ppdegalicia"]},{"@type":"Person","@id":"https:\/\/ppdegalicia.com\/es\/#\/schema\/person\/5b822c6f59e872ebdd1142f307dbcb59","name":"ppdegaliciaredes","image":{"@type":"ImageObject","inLanguage":"es","@id":"https:\/\/secure.gravatar.com\/avatar\/3c9179cf0256d00c72a48d1f25783c58b6842cd56e85ef3a572881c8e28ccd59?s=96&d=mm&r=g","url":"https:\/\/secure.gravatar.com\/avatar\/3c9179cf0256d00c72a48d1f25783c58b6842cd56e85ef3a572881c8e28ccd59?s=96&d=mm&r=g","contentUrl":"https:\/\/secure.gravatar.com\/avatar\/3c9179cf0256d00c72a48d1f25783c58b6842cd56e85ef3a572881c8e28ccd59?s=96&d=mm&r=g","caption":"ppdegaliciaredes"},"url":"https:\/\/ppdegalicia.com\/es\/author\/ppdegaliciaredes\/"}]}},"_links":{"self":[{"href":"https:\/\/ppdegalicia.com\/es\/wp-json\/wp\/v2\/posts\/55926","targetHints":{"allow":["GET"]}}],"collection":[{"href":"https:\/\/ppdegalicia.com\/es\/wp-json\/wp\/v2\/posts"}],"about":[{"href":"https:\/\/ppdegalicia.com\/es\/wp-json\/wp\/v2\/types\/post"}],"author":[{"embeddable":true,"href":"https:\/\/ppdegalicia.com\/es\/wp-json\/wp\/v2\/users\/38"}],"replies":[{"embeddable":true,"href":"https:\/\/ppdegalicia.com\/es\/wp-json\/wp\/v2\/comments?post=55926"}],"version-history":[{"count":0,"href":"https:\/\/ppdegalicia.com\/es\/wp-json\/wp\/v2\/posts\/55926\/revisions"}],"wp:featuredmedia":[{"embeddable":true,"href":"https:\/\/ppdegalicia.com\/es\/wp-json\/wp\/v2\/media\/55925"}],"wp:attachment":[{"href":"https:\/\/ppdegalicia.com\/es\/wp-json\/wp\/v2\/media?parent=55926"}],"wp:term":[{"taxonomy":"category","embeddable":true,"href":"https:\/\/ppdegalicia.com\/es\/wp-json\/wp\/v2\/categories?post=55926"},{"taxonomy":"post_tag","embeddable":true,"href":"https:\/\/ppdegalicia.com\/es\/wp-json\/wp\/v2\/tags?post=55926"}],"curies":[{"name":"wp","href":"https:\/\/api.w.org\/{rel}","templated":true}]}}