{"id":55928,"date":"2021-06-16T11:38:29","date_gmt":"2021-06-16T09:38:29","guid":{"rendered":"https:\/\/ppdegalicia.com\/feijoo-entrega-6-119-firmas-para-presidir-o-ppdeg-non-me-presento-polo-que-fixen-senon-polo-que-queda-por-conseguir\/"},"modified":"2021-06-16T11:38:29","modified_gmt":"2021-06-16T09:38:29","slug":"feijoo-entrega-6-119-firmas-para-presidir-o-ppdeg-non-me-presento-polo-que-fixen-senon-polo-que-queda-por-conseguir","status":"publish","type":"post","link":"https:\/\/ppdegalicia.com\/es\/feijoo-entrega-6-119-firmas-para-presidir-o-ppdeg-non-me-presento-polo-que-fixen-senon-polo-que-queda-por-conseguir\/","title":{"rendered":"Feij\u00f3o entrega 6.119 firmas para presidir o PPdeG: \u201cNon me presento polo que fixen, sen\u00f3n polo que queda por conseguir\u201d"},"content":{"rendered":"<p><img fetchpriority=\"high\" decoding=\"async\" class=\" size-full wp-image-55927\" src=\"https:\/\/ppdegalicia.com\/wp-content\/uploads\/2021\/06\/70db018944d6939cb6cc27fbefb8c153.jpg\" alt=\"\" width=\"2048\" height=\"1365\" srcset=\"https:\/\/ppdegalicia.com\/wp-content\/uploads\/2021\/06\/70db018944d6939cb6cc27fbefb8c153.jpg 2048w, https:\/\/ppdegalicia.com\/wp-content\/uploads\/2021\/06\/70db018944d6939cb6cc27fbefb8c153-300x200.jpg 300w, https:\/\/ppdegalicia.com\/wp-content\/uploads\/2021\/06\/70db018944d6939cb6cc27fbefb8c153-1024x683.jpg 1024w, https:\/\/ppdegalicia.com\/wp-content\/uploads\/2021\/06\/70db018944d6939cb6cc27fbefb8c153-768x512.jpg 768w, https:\/\/ppdegalicia.com\/wp-content\/uploads\/2021\/06\/70db018944d6939cb6cc27fbefb8c153-1536x1024.jpg 1536w\" sizes=\"(max-width: 2048px) 100vw, 2048px\" \/><\/p>\n<p style=\"text-align: justify;\">Reivindica un modelo de \u201cpol\u00edtica \u00e1 galega\u201d, que defende o pa\u00eds e que busca resolver os problemas dos cidad\u00e1ns e mellorar Galicia<\/p>\n<p><!--more--><\/p>\n<p style=\"text-align: justify;\">O candidato \u00e1 presidencia do PPdeG, Alberto N\u00fa\u00f1ez Feij\u00f3o, fixo entrega das firmas coas que 6.119 afiliados o quixeron avalar para seguir traballando desde a Presidencia do partido, aos que manifestou o seu agradecemento. Neste sentido, aseverou que todo o seu compromiso, ilusi\u00f3n e experiencia est\u00e1n a disposici\u00f3n da s\u00faa formaci\u00f3n e que se presenta \u201cnon polo que fixen, sen\u00f3n polo que queda por conseguir\u201d.<\/p>\n<p style=\"text-align: justify;\">\u00a0<\/p>\n<p style=\"text-align: justify;\">Logo de asegurar que o PPdeG ten o coraz\u00f3n, a cabeza e os p\u00e9s en Galicia, reivindicou un modelo de \u201cpol\u00edtica \u00e1 galega\u201d, que defende o pa\u00eds, que nada ten que envexar a ning\u00fan outro e que busca resolver os problemas dos cidad\u00e1ns e mellorar a nosa Comunidade.<\/p>\n<p style=\"text-align: justify;\"><strong><u>\u00a0<\/u><\/strong><\/p>\n<p style=\"text-align: justify;\"><strong><u>UN CONGRESO NO QUE GA\u00d1E GALICIA<\/u><\/strong><\/p>\n<p style=\"text-align: justify;\">Feij\u00f3o explicou que o seu partido ten moitos desaf\u00edos que afrontar, entre os que se atopan servir desde as instituci\u00f3ns \u00e1 cidadan\u00eda -prepar\u00e1ndose todos os d\u00edas para conseguir a confianza dos galegos nas convocatorias electorais- e incrementar a s\u00faa presenza nas instituci\u00f3ns, comezando pola clave local e provincial.<\/p>\n<p style=\"text-align: justify;\">\u00a0<\/p>\n<p style=\"text-align: justify;\">Deste modo, trala proclamaci\u00f3n das candidaturas, comezar\u00e1n unhas semanas nas que os populares falar\u00e1n de propostas de futuro e escoitar\u00e1n as inquedanzas que lles acheguen os afiliados. De feito, malia que se trata dunha campa\u00f1a interna m\u00e1is reducida, avanzou que quere visitar as catro provincias para presentar o seu proxecto pol\u00edtico, agardando que este sexa un per\u00edodo de reactivaci\u00f3n, produtivo e ilusionante para poder configurar un proxecto competitivo cuxo seguinte reto electoral son as elecci\u00f3ns municipais.<\/p>\n<p style=\"text-align: justify;\">\u00a0<\/p>\n<p style=\"text-align: justify;\">Ademais, aclarou que no 17\u00ba Congreso do PPdeG non vai haber perdedores, sen\u00f3n que o obxectivo \u00e9 que a \u00fanica vencedora sexa Galicia, pois as noticias ser\u00e1n as propostas e non as disputas, e discutirase sobre ideas e non sobre persoas.<\/p>\n<p style=\"text-align: justify;\">\u00a0<\/p>\n<p style=\"text-align: justify;\"><strong><u>O PPdeG, M\u00c1IS NECESARIO QUE NUNCA<\/u><\/strong><\/p>\n<p style=\"text-align: justify;\">En declaraci\u00f3ns aos medios, o candidato precisou que o seu partido \u00e9 m\u00e1is necesario que nunca ante un BNG cada vez m\u00e1is radical e separatista e ante un PSdeG cada vez m\u00e1is desdibuxado e balbuceante.<\/p>\n<p style=\"text-align: justify;\">\u00a0<\/p>\n<p style=\"text-align: justify;\">Sobre isto, lamentou que estas semanas se puidese comprobar que as demais formaci\u00f3ns pol\u00edticas galegas est\u00e1n m\u00e1is interesados en Catalu\u00f1a que na nosa Autonom\u00eda. Nese senso, afeou que os socialistas se dediquen a cubrir as contradici\u00f3ns de Pedro S\u00e1nchez e a s\u00faa relaci\u00f3n de sumisi\u00f3n aos intereses dos partidos independentistas catal\u00e1s, mentres os nacionalistas invitan a Gabriel Rufi\u00e1n a Galicia para intentar copiar o modelo rupturista e independentista de ERC.<\/p>\n<p style=\"text-align: justify;\">\u00a0<\/p>\n<p style=\"text-align: justify;\">Fronte aos que cren que hai que tomar exemplo do acontecido en Catalu\u00f1a, Feij\u00f3o resaltou que os populares defenden unha pol\u00edtica que une \u00e1 sociedade e que crea emprego, engadindo que cren na concordia constitucional e na igualdade ante a Lei, non na ruptura ou no desprestixio das nosas instituci\u00f3ns.<\/p>\n","protected":false},"excerpt":{"rendered":"<p>Reivindica un modelo de \u201cpol\u00edtica \u00e1 galega\u201d, que defende o pa\u00eds e que busca resolver os problemas dos cidad\u00e1ns e mellorar Galicia<\/p>\n","protected":false},"author":38,"featured_media":55927,"comment_status":"open","ping_status":"open","sticky":false,"template":"","format":"standard","meta":{"_acf_changed":false,"footnotes":""},"categories":[1],"tags":[],"class_list":["post-55928","post","type-post","status-publish","format-standard","has-post-thumbnail","hentry","category-pp-de-galicia"],"acf":[],"yoast_head":"<!-- This site is optimized with the Yoast SEO plugin v27.3 - https:\/\/yoast.com\/product\/yoast-seo-wordpress\/ -->\n<title>Feij\u00f3o entrega 6.119 firmas para presidir o PPdeG: \u201cNon me presento polo que fixen, sen\u00f3n polo que queda por conseguir\u201d - PP de Galicia<\/title>\n<meta name=\"robots\" content=\"index, follow, max-snippet:-1, max-image-preview:large, max-video-preview:-1\" \/>\n<link rel=\"canonical\" href=\"https:\/\/ppdegalicia.com\/es\/feijoo-entrega-6-119-firmas-para-presidir-o-ppdeg-non-me-presento-polo-que-fixen-senon-polo-que-queda-por-conseguir\/\" \/>\n<meta property=\"og:locale\" content=\"es_ES\" \/>\n<meta property=\"og:type\" content=\"article\" \/>\n<meta property=\"og:title\" content=\"Feij\u00f3o entrega 6.119 firmas para presidir o PPdeG: \u201cNon me presento polo que fixen, sen\u00f3n polo que queda por conseguir\u201d - PP de Galicia\" \/>\n<meta property=\"og:description\" content=\"Reivindica un modelo de \u201cpol\u00edtica \u00e1 galega\u201d, que defende o pa\u00eds e que busca resolver os problemas dos cidad\u00e1ns e mellorar Galicia\" \/>\n<meta property=\"og:url\" content=\"https:\/\/ppdegalicia.com\/es\/feijoo-entrega-6-119-firmas-para-presidir-o-ppdeg-non-me-presento-polo-que-fixen-senon-polo-que-queda-por-conseguir\/\" \/>\n<meta property=\"og:site_name\" content=\"PP de Galicia\" \/>\n<meta property=\"article:publisher\" content=\"https:\/\/www.instagram.com\/ppdegalicia\/\" \/>\n<meta property=\"article:published_time\" content=\"2021-06-16T09:38:29+00:00\" \/>\n<meta property=\"og:image\" content=\"https:\/\/ppdegalicia.com\/wp-content\/uploads\/2021\/06\/70db018944d6939cb6cc27fbefb8c153.jpg\" \/>\n\t<meta property=\"og:image:width\" content=\"2048\" \/>\n\t<meta property=\"og:image:height\" content=\"1365\" \/>\n\t<meta property=\"og:image:type\" content=\"image\/jpeg\" \/>\n<meta name=\"author\" content=\"ppdegaliciaredes\" \/>\n<meta name=\"twitter:card\" content=\"summary_large_image\" \/>\n<meta name=\"twitter:creator\" content=\"@ppdegalicia\" \/>\n<meta name=\"twitter:site\" content=\"@ppdegalicia\" \/>\n<meta name=\"twitter:label1\" content=\"Escrito por\" \/>\n\t<meta name=\"twitter:data1\" content=\"ppdegaliciaredes\" \/>\n\t<meta name=\"twitter:label2\" content=\"Tiempo de lectura\" \/>\n\t<meta name=\"twitter:data2\" content=\"3 minutos\" \/>\n<script type=\"application\/ld+json\" class=\"yoast-schema-graph\">{\"@context\":\"https:\\\/\\\/schema.org\",\"@graph\":[{\"@type\":\"Article\",\"@id\":\"https:\\\/\\\/ppdegalicia.com\\\/es\\\/feijoo-entrega-6-119-firmas-para-presidir-o-ppdeg-non-me-presento-polo-que-fixen-senon-polo-que-queda-por-conseguir\\\/#article\",\"isPartOf\":{\"@id\":\"https:\\\/\\\/ppdegalicia.com\\\/es\\\/feijoo-entrega-6-119-firmas-para-presidir-o-ppdeg-non-me-presento-polo-que-fixen-senon-polo-que-queda-por-conseguir\\\/\"},\"author\":{\"name\":\"ppdegaliciaredes\",\"@id\":\"https:\\\/\\\/ppdegalicia.com\\\/es\\\/#\\\/schema\\\/person\\\/5b822c6f59e872ebdd1142f307dbcb59\"},\"headline\":\"Feij\u00f3o entrega 6.119 firmas para presidir o PPdeG: \u201cNon me presento polo que fixen, sen\u00f3n polo que queda por conseguir\u201d\",\"datePublished\":\"2021-06-16T09:38:29+00:00\",\"mainEntityOfPage\":{\"@id\":\"https:\\\/\\\/ppdegalicia.com\\\/es\\\/feijoo-entrega-6-119-firmas-para-presidir-o-ppdeg-non-me-presento-polo-que-fixen-senon-polo-que-queda-por-conseguir\\\/\"},\"wordCount\":539,\"commentCount\":0,\"publisher\":{\"@id\":\"https:\\\/\\\/ppdegalicia.com\\\/es\\\/#organization\"},\"image\":{\"@id\":\"https:\\\/\\\/ppdegalicia.com\\\/es\\\/feijoo-entrega-6-119-firmas-para-presidir-o-ppdeg-non-me-presento-polo-que-fixen-senon-polo-que-queda-por-conseguir\\\/#primaryimage\"},\"thumbnailUrl\":\"https:\\\/\\\/ppdegalicia.com\\\/wp-content\\\/uploads\\\/2021\\\/06\\\/70db018944d6939cb6cc27fbefb8c153.jpg\",\"articleSection\":[\"PP de Galicia\"],\"inLanguage\":\"es\",\"potentialAction\":[{\"@type\":\"CommentAction\",\"name\":\"Comment\",\"target\":[\"https:\\\/\\\/ppdegalicia.com\\\/es\\\/feijoo-entrega-6-119-firmas-para-presidir-o-ppdeg-non-me-presento-polo-que-fixen-senon-polo-que-queda-por-conseguir\\\/#respond\"]}]},{\"@type\":\"WebPage\",\"@id\":\"https:\\\/\\\/ppdegalicia.com\\\/es\\\/feijoo-entrega-6-119-firmas-para-presidir-o-ppdeg-non-me-presento-polo-que-fixen-senon-polo-que-queda-por-conseguir\\\/\",\"url\":\"https:\\\/\\\/ppdegalicia.com\\\/es\\\/feijoo-entrega-6-119-firmas-para-presidir-o-ppdeg-non-me-presento-polo-que-fixen-senon-polo-que-queda-por-conseguir\\\/\",\"name\":\"Feij\u00f3o entrega 6.119 firmas para presidir o PPdeG: \u201cNon me presento polo que fixen, sen\u00f3n polo que queda por conseguir\u201d - PP de Galicia\",\"isPartOf\":{\"@id\":\"https:\\\/\\\/ppdegalicia.com\\\/es\\\/#website\"},\"primaryImageOfPage\":{\"@id\":\"https:\\\/\\\/ppdegalicia.com\\\/es\\\/feijoo-entrega-6-119-firmas-para-presidir-o-ppdeg-non-me-presento-polo-que-fixen-senon-polo-que-queda-por-conseguir\\\/#primaryimage\"},\"image\":{\"@id\":\"https:\\\/\\\/ppdegalicia.com\\\/es\\\/feijoo-entrega-6-119-firmas-para-presidir-o-ppdeg-non-me-presento-polo-que-fixen-senon-polo-que-queda-por-conseguir\\\/#primaryimage\"},\"thumbnailUrl\":\"https:\\\/\\\/ppdegalicia.com\\\/wp-content\\\/uploads\\\/2021\\\/06\\\/70db018944d6939cb6cc27fbefb8c153.jpg\",\"datePublished\":\"2021-06-16T09:38:29+00:00\",\"breadcrumb\":{\"@id\":\"https:\\\/\\\/ppdegalicia.com\\\/es\\\/feijoo-entrega-6-119-firmas-para-presidir-o-ppdeg-non-me-presento-polo-que-fixen-senon-polo-que-queda-por-conseguir\\\/#breadcrumb\"},\"inLanguage\":\"es\",\"potentialAction\":[{\"@type\":\"ReadAction\",\"target\":[\"https:\\\/\\\/ppdegalicia.com\\\/es\\\/feijoo-entrega-6-119-firmas-para-presidir-o-ppdeg-non-me-presento-polo-que-fixen-senon-polo-que-queda-por-conseguir\\\/\"]}]},{\"@type\":\"ImageObject\",\"inLanguage\":\"es\",\"@id\":\"https:\\\/\\\/ppdegalicia.com\\\/es\\\/feijoo-entrega-6-119-firmas-para-presidir-o-ppdeg-non-me-presento-polo-que-fixen-senon-polo-que-queda-por-conseguir\\\/#primaryimage\",\"url\":\"https:\\\/\\\/ppdegalicia.com\\\/wp-content\\\/uploads\\\/2021\\\/06\\\/70db018944d6939cb6cc27fbefb8c153.jpg\",\"contentUrl\":\"https:\\\/\\\/ppdegalicia.com\\\/wp-content\\\/uploads\\\/2021\\\/06\\\/70db018944d6939cb6cc27fbefb8c153.jpg\",\"width\":2048,\"height\":1365},{\"@type\":\"BreadcrumbList\",\"@id\":\"https:\\\/\\\/ppdegalicia.com\\\/es\\\/feijoo-entrega-6-119-firmas-para-presidir-o-ppdeg-non-me-presento-polo-que-fixen-senon-polo-que-queda-por-conseguir\\\/#breadcrumb\",\"itemListElement\":[{\"@type\":\"ListItem\",\"position\":1,\"name\":\"Portada\",\"item\":\"https:\\\/\\\/ppdegalicia.com\\\/es\\\/\"},{\"@type\":\"ListItem\",\"position\":2,\"name\":\"Feij\u00f3o entrega 6.119 firmas para presidir o PPdeG: \u201cNon me presento polo que fixen, sen\u00f3n polo que queda por conseguir\u201d\"}]},{\"@type\":\"WebSite\",\"@id\":\"https:\\\/\\\/ppdegalicia.com\\\/es\\\/#website\",\"url\":\"https:\\\/\\\/ppdegalicia.com\\\/es\\\/\",\"name\":\"Partido Popular de Galicia\",\"description\":\"Partido Popular de Galicia\",\"publisher\":{\"@id\":\"https:\\\/\\\/ppdegalicia.com\\\/es\\\/#organization\"},\"alternateName\":\"PP de Galicia\",\"potentialAction\":[{\"@type\":\"SearchAction\",\"target\":{\"@type\":\"EntryPoint\",\"urlTemplate\":\"https:\\\/\\\/ppdegalicia.com\\\/es\\\/?s={search_term_string}\"},\"query-input\":{\"@type\":\"PropertyValueSpecification\",\"valueRequired\":true,\"valueName\":\"search_term_string\"}}],\"inLanguage\":\"es\"},{\"@type\":\"Organization\",\"@id\":\"https:\\\/\\\/ppdegalicia.com\\\/es\\\/#organization\",\"name\":\"Partido Popular de Galicia\",\"alternateName\":\"PP de Galicia\",\"url\":\"https:\\\/\\\/ppdegalicia.com\\\/es\\\/\",\"logo\":{\"@type\":\"ImageObject\",\"inLanguage\":\"es\",\"@id\":\"https:\\\/\\\/ppdegalicia.com\\\/es\\\/#\\\/schema\\\/logo\\\/image\\\/\",\"url\":\"https:\\\/\\\/ppdegalicia.com\\\/wp-content\\\/uploads\\\/2023\\\/04\\\/logoPP512.png\",\"contentUrl\":\"https:\\\/\\\/ppdegalicia.com\\\/wp-content\\\/uploads\\\/2023\\\/04\\\/logoPP512.png\",\"width\":512,\"height\":512,\"caption\":\"Partido Popular de Galicia\"},\"image\":{\"@id\":\"https:\\\/\\\/ppdegalicia.com\\\/es\\\/#\\\/schema\\\/logo\\\/image\\\/\"},\"sameAs\":[\"https:\\\/\\\/www.instagram.com\\\/ppdegalicia\\\/\",\"https:\\\/\\\/x.com\\\/ppdegalicia\",\"https:\\\/\\\/www.tiktok.com\\\/@ppdegalicia\",\"https:\\\/\\\/www.youtube.com\\\/user\\\/ppdegalicia\"]},{\"@type\":\"Person\",\"@id\":\"https:\\\/\\\/ppdegalicia.com\\\/es\\\/#\\\/schema\\\/person\\\/5b822c6f59e872ebdd1142f307dbcb59\",\"name\":\"ppdegaliciaredes\",\"image\":{\"@type\":\"ImageObject\",\"inLanguage\":\"es\",\"@id\":\"https:\\\/\\\/secure.gravatar.com\\\/avatar\\\/3c9179cf0256d00c72a48d1f25783c58b6842cd56e85ef3a572881c8e28ccd59?s=96&d=mm&r=g\",\"url\":\"https:\\\/\\\/secure.gravatar.com\\\/avatar\\\/3c9179cf0256d00c72a48d1f25783c58b6842cd56e85ef3a572881c8e28ccd59?s=96&d=mm&r=g\",\"contentUrl\":\"https:\\\/\\\/secure.gravatar.com\\\/avatar\\\/3c9179cf0256d00c72a48d1f25783c58b6842cd56e85ef3a572881c8e28ccd59?s=96&d=mm&r=g\",\"caption\":\"ppdegaliciaredes\"},\"url\":\"https:\\\/\\\/ppdegalicia.com\\\/es\\\/author\\\/ppdegaliciaredes\\\/\"}]}<\/script>\n<!-- \/ Yoast SEO plugin. -->","yoast_head_json":{"title":"Feij\u00f3o entrega 6.119 firmas para presidir o PPdeG: \u201cNon me presento polo que fixen, sen\u00f3n polo que queda por conseguir\u201d - PP de Galicia","robots":{"index":"index","follow":"follow","max-snippet":"max-snippet:-1","max-image-preview":"max-image-preview:large","max-video-preview":"max-video-preview:-1"},"canonical":"https:\/\/ppdegalicia.com\/es\/feijoo-entrega-6-119-firmas-para-presidir-o-ppdeg-non-me-presento-polo-que-fixen-senon-polo-que-queda-por-conseguir\/","og_locale":"es_ES","og_type":"article","og_title":"Feij\u00f3o entrega 6.119 firmas para presidir o PPdeG: \u201cNon me presento polo que fixen, sen\u00f3n polo que queda por conseguir\u201d - PP de Galicia","og_description":"Reivindica un modelo de \u201cpol\u00edtica \u00e1 galega\u201d, que defende o pa\u00eds e que busca resolver os problemas dos cidad\u00e1ns e mellorar Galicia","og_url":"https:\/\/ppdegalicia.com\/es\/feijoo-entrega-6-119-firmas-para-presidir-o-ppdeg-non-me-presento-polo-que-fixen-senon-polo-que-queda-por-conseguir\/","og_site_name":"PP de Galicia","article_publisher":"https:\/\/www.instagram.com\/ppdegalicia\/","article_published_time":"2021-06-16T09:38:29+00:00","og_image":[{"width":2048,"height":1365,"url":"https:\/\/ppdegalicia.com\/wp-content\/uploads\/2021\/06\/70db018944d6939cb6cc27fbefb8c153.jpg","type":"image\/jpeg"}],"author":"ppdegaliciaredes","twitter_card":"summary_large_image","twitter_creator":"@ppdegalicia","twitter_site":"@ppdegalicia","twitter_misc":{"Escrito por":"ppdegaliciaredes","Tiempo de lectura":"3 minutos"},"schema":{"@context":"https:\/\/schema.org","@graph":[{"@type":"Article","@id":"https:\/\/ppdegalicia.com\/es\/feijoo-entrega-6-119-firmas-para-presidir-o-ppdeg-non-me-presento-polo-que-fixen-senon-polo-que-queda-por-conseguir\/#article","isPartOf":{"@id":"https:\/\/ppdegalicia.com\/es\/feijoo-entrega-6-119-firmas-para-presidir-o-ppdeg-non-me-presento-polo-que-fixen-senon-polo-que-queda-por-conseguir\/"},"author":{"name":"ppdegaliciaredes","@id":"https:\/\/ppdegalicia.com\/es\/#\/schema\/person\/5b822c6f59e872ebdd1142f307dbcb59"},"headline":"Feij\u00f3o entrega 6.119 firmas para presidir o PPdeG: \u201cNon me presento polo que fixen, sen\u00f3n polo que queda por conseguir\u201d","datePublished":"2021-06-16T09:38:29+00:00","mainEntityOfPage":{"@id":"https:\/\/ppdegalicia.com\/es\/feijoo-entrega-6-119-firmas-para-presidir-o-ppdeg-non-me-presento-polo-que-fixen-senon-polo-que-queda-por-conseguir\/"},"wordCount":539,"commentCount":0,"publisher":{"@id":"https:\/\/ppdegalicia.com\/es\/#organization"},"image":{"@id":"https:\/\/ppdegalicia.com\/es\/feijoo-entrega-6-119-firmas-para-presidir-o-ppdeg-non-me-presento-polo-que-fixen-senon-polo-que-queda-por-conseguir\/#primaryimage"},"thumbnailUrl":"https:\/\/ppdegalicia.com\/wp-content\/uploads\/2021\/06\/70db018944d6939cb6cc27fbefb8c153.jpg","articleSection":["PP de Galicia"],"inLanguage":"es","potentialAction":[{"@type":"CommentAction","name":"Comment","target":["https:\/\/ppdegalicia.com\/es\/feijoo-entrega-6-119-firmas-para-presidir-o-ppdeg-non-me-presento-polo-que-fixen-senon-polo-que-queda-por-conseguir\/#respond"]}]},{"@type":"WebPage","@id":"https:\/\/ppdegalicia.com\/es\/feijoo-entrega-6-119-firmas-para-presidir-o-ppdeg-non-me-presento-polo-que-fixen-senon-polo-que-queda-por-conseguir\/","url":"https:\/\/ppdegalicia.com\/es\/feijoo-entrega-6-119-firmas-para-presidir-o-ppdeg-non-me-presento-polo-que-fixen-senon-polo-que-queda-por-conseguir\/","name":"Feij\u00f3o entrega 6.119 firmas para presidir o PPdeG: \u201cNon me presento polo que fixen, sen\u00f3n polo que queda por conseguir\u201d - PP de Galicia","isPartOf":{"@id":"https:\/\/ppdegalicia.com\/es\/#website"},"primaryImageOfPage":{"@id":"https:\/\/ppdegalicia.com\/es\/feijoo-entrega-6-119-firmas-para-presidir-o-ppdeg-non-me-presento-polo-que-fixen-senon-polo-que-queda-por-conseguir\/#primaryimage"},"image":{"@id":"https:\/\/ppdegalicia.com\/es\/feijoo-entrega-6-119-firmas-para-presidir-o-ppdeg-non-me-presento-polo-que-fixen-senon-polo-que-queda-por-conseguir\/#primaryimage"},"thumbnailUrl":"https:\/\/ppdegalicia.com\/wp-content\/uploads\/2021\/06\/70db018944d6939cb6cc27fbefb8c153.jpg","datePublished":"2021-06-16T09:38:29+00:00","breadcrumb":{"@id":"https:\/\/ppdegalicia.com\/es\/feijoo-entrega-6-119-firmas-para-presidir-o-ppdeg-non-me-presento-polo-que-fixen-senon-polo-que-queda-por-conseguir\/#breadcrumb"},"inLanguage":"es","potentialAction":[{"@type":"ReadAction","target":["https:\/\/ppdegalicia.com\/es\/feijoo-entrega-6-119-firmas-para-presidir-o-ppdeg-non-me-presento-polo-que-fixen-senon-polo-que-queda-por-conseguir\/"]}]},{"@type":"ImageObject","inLanguage":"es","@id":"https:\/\/ppdegalicia.com\/es\/feijoo-entrega-6-119-firmas-para-presidir-o-ppdeg-non-me-presento-polo-que-fixen-senon-polo-que-queda-por-conseguir\/#primaryimage","url":"https:\/\/ppdegalicia.com\/wp-content\/uploads\/2021\/06\/70db018944d6939cb6cc27fbefb8c153.jpg","contentUrl":"https:\/\/ppdegalicia.com\/wp-content\/uploads\/2021\/06\/70db018944d6939cb6cc27fbefb8c153.jpg","width":2048,"height":1365},{"@type":"BreadcrumbList","@id":"https:\/\/ppdegalicia.com\/es\/feijoo-entrega-6-119-firmas-para-presidir-o-ppdeg-non-me-presento-polo-que-fixen-senon-polo-que-queda-por-conseguir\/#breadcrumb","itemListElement":[{"@type":"ListItem","position":1,"name":"Portada","item":"https:\/\/ppdegalicia.com\/es\/"},{"@type":"ListItem","position":2,"name":"Feij\u00f3o entrega 6.119 firmas para presidir o PPdeG: \u201cNon me presento polo que fixen, sen\u00f3n polo que queda por conseguir\u201d"}]},{"@type":"WebSite","@id":"https:\/\/ppdegalicia.com\/es\/#website","url":"https:\/\/ppdegalicia.com\/es\/","name":"Partido Popular de Galicia","description":"Partido Popular de Galicia","publisher":{"@id":"https:\/\/ppdegalicia.com\/es\/#organization"},"alternateName":"PP de Galicia","potentialAction":[{"@type":"SearchAction","target":{"@type":"EntryPoint","urlTemplate":"https:\/\/ppdegalicia.com\/es\/?s={search_term_string}"},"query-input":{"@type":"PropertyValueSpecification","valueRequired":true,"valueName":"search_term_string"}}],"inLanguage":"es"},{"@type":"Organization","@id":"https:\/\/ppdegalicia.com\/es\/#organization","name":"Partido Popular de Galicia","alternateName":"PP de Galicia","url":"https:\/\/ppdegalicia.com\/es\/","logo":{"@type":"ImageObject","inLanguage":"es","@id":"https:\/\/ppdegalicia.com\/es\/#\/schema\/logo\/image\/","url":"https:\/\/ppdegalicia.com\/wp-content\/uploads\/2023\/04\/logoPP512.png","contentUrl":"https:\/\/ppdegalicia.com\/wp-content\/uploads\/2023\/04\/logoPP512.png","width":512,"height":512,"caption":"Partido Popular de Galicia"},"image":{"@id":"https:\/\/ppdegalicia.com\/es\/#\/schema\/logo\/image\/"},"sameAs":["https:\/\/www.instagram.com\/ppdegalicia\/","https:\/\/x.com\/ppdegalicia","https:\/\/www.tiktok.com\/@ppdegalicia","https:\/\/www.youtube.com\/user\/ppdegalicia"]},{"@type":"Person","@id":"https:\/\/ppdegalicia.com\/es\/#\/schema\/person\/5b822c6f59e872ebdd1142f307dbcb59","name":"ppdegaliciaredes","image":{"@type":"ImageObject","inLanguage":"es","@id":"https:\/\/secure.gravatar.com\/avatar\/3c9179cf0256d00c72a48d1f25783c58b6842cd56e85ef3a572881c8e28ccd59?s=96&d=mm&r=g","url":"https:\/\/secure.gravatar.com\/avatar\/3c9179cf0256d00c72a48d1f25783c58b6842cd56e85ef3a572881c8e28ccd59?s=96&d=mm&r=g","contentUrl":"https:\/\/secure.gravatar.com\/avatar\/3c9179cf0256d00c72a48d1f25783c58b6842cd56e85ef3a572881c8e28ccd59?s=96&d=mm&r=g","caption":"ppdegaliciaredes"},"url":"https:\/\/ppdegalicia.com\/es\/author\/ppdegaliciaredes\/"}]}},"_links":{"self":[{"href":"https:\/\/ppdegalicia.com\/es\/wp-json\/wp\/v2\/posts\/55928","targetHints":{"allow":["GET"]}}],"collection":[{"href":"https:\/\/ppdegalicia.com\/es\/wp-json\/wp\/v2\/posts"}],"about":[{"href":"https:\/\/ppdegalicia.com\/es\/wp-json\/wp\/v2\/types\/post"}],"author":[{"embeddable":true,"href":"https:\/\/ppdegalicia.com\/es\/wp-json\/wp\/v2\/users\/38"}],"replies":[{"embeddable":true,"href":"https:\/\/ppdegalicia.com\/es\/wp-json\/wp\/v2\/comments?post=55928"}],"version-history":[{"count":0,"href":"https:\/\/ppdegalicia.com\/es\/wp-json\/wp\/v2\/posts\/55928\/revisions"}],"wp:featuredmedia":[{"embeddable":true,"href":"https:\/\/ppdegalicia.com\/es\/wp-json\/wp\/v2\/media\/55927"}],"wp:attachment":[{"href":"https:\/\/ppdegalicia.com\/es\/wp-json\/wp\/v2\/media?parent=55928"}],"wp:term":[{"taxonomy":"category","embeddable":true,"href":"https:\/\/ppdegalicia.com\/es\/wp-json\/wp\/v2\/categories?post=55928"},{"taxonomy":"post_tag","embeddable":true,"href":"https:\/\/ppdegalicia.com\/es\/wp-json\/wp\/v2\/tags?post=55928"}],"curies":[{"name":"wp","href":"https:\/\/api.w.org\/{rel}","templated":true}]}}