{"id":55946,"date":"2021-06-18T12:11:36","date_gmt":"2021-06-18T10:11:36","guid":{"rendered":"https:\/\/ppdegalicia.com\/o-ppdeg-usara-todos-os-recursos-a-sua-disposicion-para-que-o-goberno-non-recade-metendo-man-nas-herdanzas-dos-galegos\/"},"modified":"2021-06-18T12:11:36","modified_gmt":"2021-06-18T10:11:36","slug":"o-ppdeg-usara-todos-os-recursos-a-sua-disposicion-para-que-o-goberno-non-recade-metendo-man-nas-herdanzas-dos-galegos","status":"publish","type":"post","link":"https:\/\/ppdegalicia.com\/es\/o-ppdeg-usara-todos-os-recursos-a-sua-disposicion-para-que-o-goberno-non-recade-metendo-man-nas-herdanzas-dos-galegos\/","title":{"rendered":"O PPdeG usar\u00e1 todos os recursos \u00e1 s\u00faa disposici\u00f3n para que o Goberno non recade metendo man nas herdanzas dos galegos"},"content":{"rendered":"<p><img fetchpriority=\"high\" decoding=\"async\" class=\" size-full wp-image-55945\" src=\"https:\/\/ppdegalicia.com\/wp-content\/uploads\/2021\/06\/9b8df434401ba35802c461454aafdac6.jpg\" alt=\"\" width=\"2048\" height=\"1365\" srcset=\"https:\/\/ppdegalicia.com\/wp-content\/uploads\/2021\/06\/9b8df434401ba35802c461454aafdac6.jpg 2048w, https:\/\/ppdegalicia.com\/wp-content\/uploads\/2021\/06\/9b8df434401ba35802c461454aafdac6-300x200.jpg 300w, https:\/\/ppdegalicia.com\/wp-content\/uploads\/2021\/06\/9b8df434401ba35802c461454aafdac6-1024x683.jpg 1024w, https:\/\/ppdegalicia.com\/wp-content\/uploads\/2021\/06\/9b8df434401ba35802c461454aafdac6-768x512.jpg 768w, https:\/\/ppdegalicia.com\/wp-content\/uploads\/2021\/06\/9b8df434401ba35802c461454aafdac6-1536x1024.jpg 1536w\" sizes=\"(max-width: 2048px) 100vw, 2048px\" \/><\/p>\n<p style=\"text-align: justify;\">Tellado di que o proxecto de Lei contra a fraude fiscal \u00e9 tam\u00e9n un ataque directo ao Estatuto de Autonom\u00eda e ao Dereito Civil de Galicia<\/p>\n<p><!--more--><\/p>\n<p style=\"text-align: justify;\">\u00a0<\/p>\n<p style=\"text-align: justify;\">O secretario xeral do PPdeG, Miguel Tellado, asegurou que o seu partido utilizar\u00e1 todos os recursos pol\u00edticos e xur\u00eddicos \u00e1 s\u00faa disposici\u00f3n para evitar o novo agravio do Goberno central a Galicia, que quere meter a man no peto dos galegos suprimindo as bonificaci\u00f3ns ao Imposto de Sucesi\u00f3ns e atacando as herdanzas en vida.<\/p>\n<p style=\"text-align: justify;\">\u00a0<\/p>\n<p style=\"text-align: justify;\">As\u00ed, insistiu en que o Executivo de S\u00e1nchez, mediante o proxecto de Lei de medidas de prevenci\u00f3n contra a fraude fiscal, volve ir contra o noso autogoberno, o que non s\u00f3 sup\u00f3n m\u00e1is presi\u00f3n fiscal para os galegos sen\u00f3n tam\u00e9n un ataque directo ao Estatuto de Autonom\u00eda e ao Dereito Civil de Galicia.<\/p>\n<p style=\"text-align: justify;\">\u00a0<\/p>\n<p style=\"text-align: justify;\">\u201cAs herdanzas en vida non son un truco de defraudadores, son unha instituci\u00f3n tradicional do Dereito galego que se utiliza m\u00e1is que nunca en momentos de necesidade. Un recurso das familias, especialmente as m\u00e1is humildes, para axudar aos fillos cando m\u00e1is o necesitan\u201d, dixo lamentando que o Goberno socialista sexa impermeable \u00e1 realidade porque a s\u00faa \u00fanica prioridade \u00e9 recadar.<\/p>\n<p style=\"text-align: justify;\">\u00a0<\/p>\n<p style=\"text-align: justify;\">\u201c\u00c9 o mundo ao rev\u00e9s dos socialistas. Os independentistas presos, xulgados e condenados por un tribunal son inocentes e ser\u00e1n postos en liberdade polo Goberno, pero os cidad\u00e1ns responsables que pagan os seus impostos son culpables de fraude \u00e9 ser\u00e1n castigados preventivamente por este mesmo Executivo\u201d, manifestou cualificando a situaci\u00f3n como inaudita.<\/p>\n<p style=\"text-align: justify;\">De feito, resaltou que o PPdeG esixe que se paralice inmediatamente esta reforma, engadindo que non \u00e9 suficiente coa \u201cauto-emenda a medias\u201d que os socialistas presentaron no Senado: \u201cA Lei non se cumpre a medias. Ou se cumpre ou non se cumpre\u201d.<\/p>\n<p style=\"text-align: justify;\">\u00a0<\/p>\n<p style=\"text-align: justify;\"><strong><u>OS APLAUSOS E O SILENCIO DA OPOSICI\u00d3N<\/u><\/strong><\/p>\n<p style=\"text-align: justify;\">Ademais, Tellado tam\u00e9n afeou a resposta dos partidos da oposici\u00f3n, co PSdeG de Gonzalo Caballero que, despois de defender os peores orzamentos para Galicia dos \u00faltimos 15 anos, os repartos inxustos, o impago da d\u00e9beda, os retraso da AP-9 e o bloqueo da Lei de Sa\u00fade, agora aplaude este novo atentado contra os intereses de todos os galegos.<\/p>\n<p style=\"text-align: justify;\">\u00a0<\/p>\n<p style=\"text-align: justify;\">Igualmente, cuestionou a postura do BNG de Ana Pont\u00f3n, que esta fin de semana paseou por Galicia co seu \u201cnovo asesor \u00e1ulico e modelo a imitar\u201d, Gabriel Rufi\u00e1n, o mesmo que \u201cpasou de pedir a independencia para Galicia o domingo a chegar o martes a Madrid e votar en contra do noso autogoberno e autonom\u00eda fiscal\u201d. \u201cCon este nivel de cinismo e hipocris\u00eda entendemos que se leve tan ben con Pont\u00f3n\u201d, incidiu.<\/p>\n<p style=\"text-align: justify;\">\u00a0<\/p>\n<p style=\"text-align: justify;\">Logo que asegurar que o Bloque \u00e9 m\u00e1is sectario que nacionalista, ironizou con que para o BNG \u201c\u00e9 m\u00e1is importante sacar a foto co primo de Zumosol do independentismo catal\u00e1n que esixirlle que respecte a autonom\u00eda fiscal de Galicia\u201d. \u201cEste \u00e9 o BNG de Ana Pont\u00f3n, que se inspira en Catalu\u00f1a e se axeonlla ante Madrid. Cortes\u00e1n de Pedro S\u00e1nchez e lacaio de Oriol Junqueras\u201d, apuntou.<\/p>\n<p style=\"text-align: justify;\">\u00a0<\/p>\n<p style=\"text-align: justify;\">O secretario xeral fixo fincap\u00e9 no voto a favor desta reforma por parte de ERC, despois de anunciar o seu voto en contra e trat\u00e1ndose dun asunto que tam\u00e9n afecta negativamente a Catalu\u00f1a, e preguntouse se estamos ante un novo trato oculto entre PSOE e ERC. \u201cVimos de descubrir que os indultos foron o prezo para chegar \u00e1 Moncloa. Tarde o cedo descubriremos o prezo destes novos apoios que nos van sa\u00edr moi caros a todos os galegos\u201d, precisou.<\/p>\n<p style=\"text-align: justify;\">\u00a0<\/p>\n<p style=\"text-align: justify;\"><strong><u>XESTIONAR A AP-9 DE FORMA EFICIENTE<\/u><\/strong><\/p>\n<p style=\"text-align: justify;\">Durante unha rolda de prensa na que estivo acompa\u00f1ado pola senadora Elena Mu\u00f1oz e onde puxo en valor o traballo dos populares galegos nas Cortes Xerais, Tellado tam\u00e9n se referiu ao traspaso da AP-9 a Galicia que, tras 15 pr\u00f3rrogas, avanza grazas ao esforzo dos deputados do PPdeG, que fixeron posible que se volvera po\u00f1er en marcha a tramitaci\u00f3n fronte ao bloqueo socialista.<\/p>\n<p style=\"text-align: justify;\">\u00a0<\/p>\n<p style=\"text-align: justify;\">Ademais, os representantes do PPdeG en Madrid presentaron esta mesma semana unha bater\u00eda de emendas para que a transferencia se faga con todas as garant\u00edas, xa que de pouco serve o traspaso da autoestrada se non v\u00e9n acompa\u00f1ado dos recursos para poder dar un mellor servizo aos galegos &#8211; tanto as partidas orzamentarias para manter as rebaixas das peaxes como os fondos para finalizar as obras comprometidas-.<\/p>\n<p style=\"text-align: justify;\">\u00a0<\/p>\n<p style=\"text-align: justify;\">\u201cNon ten sentido aceptar unha competencia se os galegos van a ter que pagar dobremente por ela. Esperamos que se cumpran estas condici\u00f3ns e que moi pronto esteamos xestionando a AP-9 desde Galicia dun xeito mais eficiente e pr\u00f3ximo ao territorio\u201d, conclu\u00edu.<\/p>\n","protected":false},"excerpt":{"rendered":"<p>Tellado di que o proxecto de Lei contra a fraude fiscal \u00e9 tam\u00e9n un ataque directo ao Estatuto de Autonom\u00eda e ao Dereito Civil de Galicia<\/p>\n","protected":false},"author":38,"featured_media":55945,"comment_status":"open","ping_status":"open","sticky":false,"template":"","format":"standard","meta":{"_acf_changed":false,"footnotes":""},"categories":[1],"tags":[],"class_list":["post-55946","post","type-post","status-publish","format-standard","has-post-thumbnail","hentry","category-pp-de-galicia"],"acf":[],"yoast_head":"<!-- This site is optimized with the Yoast SEO plugin v27.3 - https:\/\/yoast.com\/product\/yoast-seo-wordpress\/ -->\n<title>O PPdeG usar\u00e1 todos os recursos \u00e1 s\u00faa disposici\u00f3n para que o Goberno non recade metendo man nas herdanzas dos galegos - PP de Galicia<\/title>\n<meta name=\"robots\" content=\"index, follow, max-snippet:-1, max-image-preview:large, max-video-preview:-1\" \/>\n<link rel=\"canonical\" href=\"https:\/\/ppdegalicia.com\/es\/o-ppdeg-usara-todos-os-recursos-a-sua-disposicion-para-que-o-goberno-non-recade-metendo-man-nas-herdanzas-dos-galegos\/\" \/>\n<meta property=\"og:locale\" content=\"es_ES\" \/>\n<meta property=\"og:type\" content=\"article\" \/>\n<meta property=\"og:title\" content=\"O PPdeG usar\u00e1 todos os recursos \u00e1 s\u00faa disposici\u00f3n para que o Goberno non recade metendo man nas herdanzas dos galegos - PP de Galicia\" \/>\n<meta property=\"og:description\" content=\"Tellado di que o proxecto de Lei contra a fraude fiscal \u00e9 tam\u00e9n un ataque directo ao Estatuto de Autonom\u00eda e ao Dereito Civil de Galicia\" \/>\n<meta property=\"og:url\" content=\"https:\/\/ppdegalicia.com\/es\/o-ppdeg-usara-todos-os-recursos-a-sua-disposicion-para-que-o-goberno-non-recade-metendo-man-nas-herdanzas-dos-galegos\/\" \/>\n<meta property=\"og:site_name\" content=\"PP de Galicia\" \/>\n<meta property=\"article:publisher\" content=\"https:\/\/www.instagram.com\/ppdegalicia\/\" \/>\n<meta property=\"article:published_time\" content=\"2021-06-18T10:11:36+00:00\" \/>\n<meta property=\"og:image\" content=\"https:\/\/ppdegalicia.com\/wp-content\/uploads\/2021\/06\/9b8df434401ba35802c461454aafdac6.jpg\" \/>\n\t<meta property=\"og:image:width\" content=\"2048\" \/>\n\t<meta property=\"og:image:height\" content=\"1365\" \/>\n\t<meta property=\"og:image:type\" content=\"image\/jpeg\" \/>\n<meta name=\"author\" content=\"ppdegaliciaredes\" \/>\n<meta name=\"twitter:card\" content=\"summary_large_image\" \/>\n<meta name=\"twitter:creator\" content=\"@ppdegalicia\" \/>\n<meta name=\"twitter:site\" content=\"@ppdegalicia\" \/>\n<meta name=\"twitter:label1\" content=\"Escrito por\" \/>\n\t<meta name=\"twitter:data1\" content=\"ppdegaliciaredes\" \/>\n\t<meta name=\"twitter:label2\" content=\"Tiempo de lectura\" \/>\n\t<meta name=\"twitter:data2\" content=\"4 minutos\" \/>\n<script type=\"application\/ld+json\" class=\"yoast-schema-graph\">{\"@context\":\"https:\\\/\\\/schema.org\",\"@graph\":[{\"@type\":\"Article\",\"@id\":\"https:\\\/\\\/ppdegalicia.com\\\/es\\\/o-ppdeg-usara-todos-os-recursos-a-sua-disposicion-para-que-o-goberno-non-recade-metendo-man-nas-herdanzas-dos-galegos\\\/#article\",\"isPartOf\":{\"@id\":\"https:\\\/\\\/ppdegalicia.com\\\/es\\\/o-ppdeg-usara-todos-os-recursos-a-sua-disposicion-para-que-o-goberno-non-recade-metendo-man-nas-herdanzas-dos-galegos\\\/\"},\"author\":{\"name\":\"ppdegaliciaredes\",\"@id\":\"https:\\\/\\\/ppdegalicia.com\\\/es\\\/#\\\/schema\\\/person\\\/5b822c6f59e872ebdd1142f307dbcb59\"},\"headline\":\"O PPdeG usar\u00e1 todos os recursos \u00e1 s\u00faa disposici\u00f3n para que o Goberno non recade metendo man nas herdanzas dos galegos\",\"datePublished\":\"2021-06-18T10:11:36+00:00\",\"mainEntityOfPage\":{\"@id\":\"https:\\\/\\\/ppdegalicia.com\\\/es\\\/o-ppdeg-usara-todos-os-recursos-a-sua-disposicion-para-que-o-goberno-non-recade-metendo-man-nas-herdanzas-dos-galegos\\\/\"},\"wordCount\":817,\"commentCount\":0,\"publisher\":{\"@id\":\"https:\\\/\\\/ppdegalicia.com\\\/es\\\/#organization\"},\"image\":{\"@id\":\"https:\\\/\\\/ppdegalicia.com\\\/es\\\/o-ppdeg-usara-todos-os-recursos-a-sua-disposicion-para-que-o-goberno-non-recade-metendo-man-nas-herdanzas-dos-galegos\\\/#primaryimage\"},\"thumbnailUrl\":\"https:\\\/\\\/ppdegalicia.com\\\/wp-content\\\/uploads\\\/2021\\\/06\\\/9b8df434401ba35802c461454aafdac6.jpg\",\"articleSection\":[\"PP de Galicia\"],\"inLanguage\":\"es\",\"potentialAction\":[{\"@type\":\"CommentAction\",\"name\":\"Comment\",\"target\":[\"https:\\\/\\\/ppdegalicia.com\\\/es\\\/o-ppdeg-usara-todos-os-recursos-a-sua-disposicion-para-que-o-goberno-non-recade-metendo-man-nas-herdanzas-dos-galegos\\\/#respond\"]}]},{\"@type\":\"WebPage\",\"@id\":\"https:\\\/\\\/ppdegalicia.com\\\/es\\\/o-ppdeg-usara-todos-os-recursos-a-sua-disposicion-para-que-o-goberno-non-recade-metendo-man-nas-herdanzas-dos-galegos\\\/\",\"url\":\"https:\\\/\\\/ppdegalicia.com\\\/es\\\/o-ppdeg-usara-todos-os-recursos-a-sua-disposicion-para-que-o-goberno-non-recade-metendo-man-nas-herdanzas-dos-galegos\\\/\",\"name\":\"O PPdeG usar\u00e1 todos os recursos \u00e1 s\u00faa disposici\u00f3n para que o Goberno non recade metendo man nas herdanzas dos galegos - PP de Galicia\",\"isPartOf\":{\"@id\":\"https:\\\/\\\/ppdegalicia.com\\\/es\\\/#website\"},\"primaryImageOfPage\":{\"@id\":\"https:\\\/\\\/ppdegalicia.com\\\/es\\\/o-ppdeg-usara-todos-os-recursos-a-sua-disposicion-para-que-o-goberno-non-recade-metendo-man-nas-herdanzas-dos-galegos\\\/#primaryimage\"},\"image\":{\"@id\":\"https:\\\/\\\/ppdegalicia.com\\\/es\\\/o-ppdeg-usara-todos-os-recursos-a-sua-disposicion-para-que-o-goberno-non-recade-metendo-man-nas-herdanzas-dos-galegos\\\/#primaryimage\"},\"thumbnailUrl\":\"https:\\\/\\\/ppdegalicia.com\\\/wp-content\\\/uploads\\\/2021\\\/06\\\/9b8df434401ba35802c461454aafdac6.jpg\",\"datePublished\":\"2021-06-18T10:11:36+00:00\",\"breadcrumb\":{\"@id\":\"https:\\\/\\\/ppdegalicia.com\\\/es\\\/o-ppdeg-usara-todos-os-recursos-a-sua-disposicion-para-que-o-goberno-non-recade-metendo-man-nas-herdanzas-dos-galegos\\\/#breadcrumb\"},\"inLanguage\":\"es\",\"potentialAction\":[{\"@type\":\"ReadAction\",\"target\":[\"https:\\\/\\\/ppdegalicia.com\\\/es\\\/o-ppdeg-usara-todos-os-recursos-a-sua-disposicion-para-que-o-goberno-non-recade-metendo-man-nas-herdanzas-dos-galegos\\\/\"]}]},{\"@type\":\"ImageObject\",\"inLanguage\":\"es\",\"@id\":\"https:\\\/\\\/ppdegalicia.com\\\/es\\\/o-ppdeg-usara-todos-os-recursos-a-sua-disposicion-para-que-o-goberno-non-recade-metendo-man-nas-herdanzas-dos-galegos\\\/#primaryimage\",\"url\":\"https:\\\/\\\/ppdegalicia.com\\\/wp-content\\\/uploads\\\/2021\\\/06\\\/9b8df434401ba35802c461454aafdac6.jpg\",\"contentUrl\":\"https:\\\/\\\/ppdegalicia.com\\\/wp-content\\\/uploads\\\/2021\\\/06\\\/9b8df434401ba35802c461454aafdac6.jpg\",\"width\":2048,\"height\":1365},{\"@type\":\"BreadcrumbList\",\"@id\":\"https:\\\/\\\/ppdegalicia.com\\\/es\\\/o-ppdeg-usara-todos-os-recursos-a-sua-disposicion-para-que-o-goberno-non-recade-metendo-man-nas-herdanzas-dos-galegos\\\/#breadcrumb\",\"itemListElement\":[{\"@type\":\"ListItem\",\"position\":1,\"name\":\"Portada\",\"item\":\"https:\\\/\\\/ppdegalicia.com\\\/es\\\/\"},{\"@type\":\"ListItem\",\"position\":2,\"name\":\"O PPdeG usar\u00e1 todos os recursos \u00e1 s\u00faa disposici\u00f3n para que o Goberno non recade metendo man nas herdanzas dos galegos\"}]},{\"@type\":\"WebSite\",\"@id\":\"https:\\\/\\\/ppdegalicia.com\\\/es\\\/#website\",\"url\":\"https:\\\/\\\/ppdegalicia.com\\\/es\\\/\",\"name\":\"Partido Popular de Galicia\",\"description\":\"Partido Popular de Galicia\",\"publisher\":{\"@id\":\"https:\\\/\\\/ppdegalicia.com\\\/es\\\/#organization\"},\"alternateName\":\"PP de Galicia\",\"potentialAction\":[{\"@type\":\"SearchAction\",\"target\":{\"@type\":\"EntryPoint\",\"urlTemplate\":\"https:\\\/\\\/ppdegalicia.com\\\/es\\\/?s={search_term_string}\"},\"query-input\":{\"@type\":\"PropertyValueSpecification\",\"valueRequired\":true,\"valueName\":\"search_term_string\"}}],\"inLanguage\":\"es\"},{\"@type\":\"Organization\",\"@id\":\"https:\\\/\\\/ppdegalicia.com\\\/es\\\/#organization\",\"name\":\"Partido Popular de Galicia\",\"alternateName\":\"PP de Galicia\",\"url\":\"https:\\\/\\\/ppdegalicia.com\\\/es\\\/\",\"logo\":{\"@type\":\"ImageObject\",\"inLanguage\":\"es\",\"@id\":\"https:\\\/\\\/ppdegalicia.com\\\/es\\\/#\\\/schema\\\/logo\\\/image\\\/\",\"url\":\"https:\\\/\\\/ppdegalicia.com\\\/wp-content\\\/uploads\\\/2023\\\/04\\\/logoPP512.png\",\"contentUrl\":\"https:\\\/\\\/ppdegalicia.com\\\/wp-content\\\/uploads\\\/2023\\\/04\\\/logoPP512.png\",\"width\":512,\"height\":512,\"caption\":\"Partido Popular de Galicia\"},\"image\":{\"@id\":\"https:\\\/\\\/ppdegalicia.com\\\/es\\\/#\\\/schema\\\/logo\\\/image\\\/\"},\"sameAs\":[\"https:\\\/\\\/www.instagram.com\\\/ppdegalicia\\\/\",\"https:\\\/\\\/x.com\\\/ppdegalicia\",\"https:\\\/\\\/www.tiktok.com\\\/@ppdegalicia\",\"https:\\\/\\\/www.youtube.com\\\/user\\\/ppdegalicia\"]},{\"@type\":\"Person\",\"@id\":\"https:\\\/\\\/ppdegalicia.com\\\/es\\\/#\\\/schema\\\/person\\\/5b822c6f59e872ebdd1142f307dbcb59\",\"name\":\"ppdegaliciaredes\",\"image\":{\"@type\":\"ImageObject\",\"inLanguage\":\"es\",\"@id\":\"https:\\\/\\\/secure.gravatar.com\\\/avatar\\\/3c9179cf0256d00c72a48d1f25783c58b6842cd56e85ef3a572881c8e28ccd59?s=96&d=mm&r=g\",\"url\":\"https:\\\/\\\/secure.gravatar.com\\\/avatar\\\/3c9179cf0256d00c72a48d1f25783c58b6842cd56e85ef3a572881c8e28ccd59?s=96&d=mm&r=g\",\"contentUrl\":\"https:\\\/\\\/secure.gravatar.com\\\/avatar\\\/3c9179cf0256d00c72a48d1f25783c58b6842cd56e85ef3a572881c8e28ccd59?s=96&d=mm&r=g\",\"caption\":\"ppdegaliciaredes\"},\"url\":\"https:\\\/\\\/ppdegalicia.com\\\/es\\\/author\\\/ppdegaliciaredes\\\/\"}]}<\/script>\n<!-- \/ Yoast SEO plugin. -->","yoast_head_json":{"title":"O PPdeG usar\u00e1 todos os recursos \u00e1 s\u00faa disposici\u00f3n para que o Goberno non recade metendo man nas herdanzas dos galegos - PP de Galicia","robots":{"index":"index","follow":"follow","max-snippet":"max-snippet:-1","max-image-preview":"max-image-preview:large","max-video-preview":"max-video-preview:-1"},"canonical":"https:\/\/ppdegalicia.com\/es\/o-ppdeg-usara-todos-os-recursos-a-sua-disposicion-para-que-o-goberno-non-recade-metendo-man-nas-herdanzas-dos-galegos\/","og_locale":"es_ES","og_type":"article","og_title":"O PPdeG usar\u00e1 todos os recursos \u00e1 s\u00faa disposici\u00f3n para que o Goberno non recade metendo man nas herdanzas dos galegos - PP de Galicia","og_description":"Tellado di que o proxecto de Lei contra a fraude fiscal \u00e9 tam\u00e9n un ataque directo ao Estatuto de Autonom\u00eda e ao Dereito Civil de Galicia","og_url":"https:\/\/ppdegalicia.com\/es\/o-ppdeg-usara-todos-os-recursos-a-sua-disposicion-para-que-o-goberno-non-recade-metendo-man-nas-herdanzas-dos-galegos\/","og_site_name":"PP de Galicia","article_publisher":"https:\/\/www.instagram.com\/ppdegalicia\/","article_published_time":"2021-06-18T10:11:36+00:00","og_image":[{"width":2048,"height":1365,"url":"https:\/\/ppdegalicia.com\/wp-content\/uploads\/2021\/06\/9b8df434401ba35802c461454aafdac6.jpg","type":"image\/jpeg"}],"author":"ppdegaliciaredes","twitter_card":"summary_large_image","twitter_creator":"@ppdegalicia","twitter_site":"@ppdegalicia","twitter_misc":{"Escrito por":"ppdegaliciaredes","Tiempo de lectura":"4 minutos"},"schema":{"@context":"https:\/\/schema.org","@graph":[{"@type":"Article","@id":"https:\/\/ppdegalicia.com\/es\/o-ppdeg-usara-todos-os-recursos-a-sua-disposicion-para-que-o-goberno-non-recade-metendo-man-nas-herdanzas-dos-galegos\/#article","isPartOf":{"@id":"https:\/\/ppdegalicia.com\/es\/o-ppdeg-usara-todos-os-recursos-a-sua-disposicion-para-que-o-goberno-non-recade-metendo-man-nas-herdanzas-dos-galegos\/"},"author":{"name":"ppdegaliciaredes","@id":"https:\/\/ppdegalicia.com\/es\/#\/schema\/person\/5b822c6f59e872ebdd1142f307dbcb59"},"headline":"O PPdeG usar\u00e1 todos os recursos \u00e1 s\u00faa disposici\u00f3n para que o Goberno non recade metendo man nas herdanzas dos galegos","datePublished":"2021-06-18T10:11:36+00:00","mainEntityOfPage":{"@id":"https:\/\/ppdegalicia.com\/es\/o-ppdeg-usara-todos-os-recursos-a-sua-disposicion-para-que-o-goberno-non-recade-metendo-man-nas-herdanzas-dos-galegos\/"},"wordCount":817,"commentCount":0,"publisher":{"@id":"https:\/\/ppdegalicia.com\/es\/#organization"},"image":{"@id":"https:\/\/ppdegalicia.com\/es\/o-ppdeg-usara-todos-os-recursos-a-sua-disposicion-para-que-o-goberno-non-recade-metendo-man-nas-herdanzas-dos-galegos\/#primaryimage"},"thumbnailUrl":"https:\/\/ppdegalicia.com\/wp-content\/uploads\/2021\/06\/9b8df434401ba35802c461454aafdac6.jpg","articleSection":["PP de Galicia"],"inLanguage":"es","potentialAction":[{"@type":"CommentAction","name":"Comment","target":["https:\/\/ppdegalicia.com\/es\/o-ppdeg-usara-todos-os-recursos-a-sua-disposicion-para-que-o-goberno-non-recade-metendo-man-nas-herdanzas-dos-galegos\/#respond"]}]},{"@type":"WebPage","@id":"https:\/\/ppdegalicia.com\/es\/o-ppdeg-usara-todos-os-recursos-a-sua-disposicion-para-que-o-goberno-non-recade-metendo-man-nas-herdanzas-dos-galegos\/","url":"https:\/\/ppdegalicia.com\/es\/o-ppdeg-usara-todos-os-recursos-a-sua-disposicion-para-que-o-goberno-non-recade-metendo-man-nas-herdanzas-dos-galegos\/","name":"O PPdeG usar\u00e1 todos os recursos \u00e1 s\u00faa disposici\u00f3n para que o Goberno non recade metendo man nas herdanzas dos galegos - PP de Galicia","isPartOf":{"@id":"https:\/\/ppdegalicia.com\/es\/#website"},"primaryImageOfPage":{"@id":"https:\/\/ppdegalicia.com\/es\/o-ppdeg-usara-todos-os-recursos-a-sua-disposicion-para-que-o-goberno-non-recade-metendo-man-nas-herdanzas-dos-galegos\/#primaryimage"},"image":{"@id":"https:\/\/ppdegalicia.com\/es\/o-ppdeg-usara-todos-os-recursos-a-sua-disposicion-para-que-o-goberno-non-recade-metendo-man-nas-herdanzas-dos-galegos\/#primaryimage"},"thumbnailUrl":"https:\/\/ppdegalicia.com\/wp-content\/uploads\/2021\/06\/9b8df434401ba35802c461454aafdac6.jpg","datePublished":"2021-06-18T10:11:36+00:00","breadcrumb":{"@id":"https:\/\/ppdegalicia.com\/es\/o-ppdeg-usara-todos-os-recursos-a-sua-disposicion-para-que-o-goberno-non-recade-metendo-man-nas-herdanzas-dos-galegos\/#breadcrumb"},"inLanguage":"es","potentialAction":[{"@type":"ReadAction","target":["https:\/\/ppdegalicia.com\/es\/o-ppdeg-usara-todos-os-recursos-a-sua-disposicion-para-que-o-goberno-non-recade-metendo-man-nas-herdanzas-dos-galegos\/"]}]},{"@type":"ImageObject","inLanguage":"es","@id":"https:\/\/ppdegalicia.com\/es\/o-ppdeg-usara-todos-os-recursos-a-sua-disposicion-para-que-o-goberno-non-recade-metendo-man-nas-herdanzas-dos-galegos\/#primaryimage","url":"https:\/\/ppdegalicia.com\/wp-content\/uploads\/2021\/06\/9b8df434401ba35802c461454aafdac6.jpg","contentUrl":"https:\/\/ppdegalicia.com\/wp-content\/uploads\/2021\/06\/9b8df434401ba35802c461454aafdac6.jpg","width":2048,"height":1365},{"@type":"BreadcrumbList","@id":"https:\/\/ppdegalicia.com\/es\/o-ppdeg-usara-todos-os-recursos-a-sua-disposicion-para-que-o-goberno-non-recade-metendo-man-nas-herdanzas-dos-galegos\/#breadcrumb","itemListElement":[{"@type":"ListItem","position":1,"name":"Portada","item":"https:\/\/ppdegalicia.com\/es\/"},{"@type":"ListItem","position":2,"name":"O PPdeG usar\u00e1 todos os recursos \u00e1 s\u00faa disposici\u00f3n para que o Goberno non recade metendo man nas herdanzas dos galegos"}]},{"@type":"WebSite","@id":"https:\/\/ppdegalicia.com\/es\/#website","url":"https:\/\/ppdegalicia.com\/es\/","name":"Partido Popular de Galicia","description":"Partido Popular de Galicia","publisher":{"@id":"https:\/\/ppdegalicia.com\/es\/#organization"},"alternateName":"PP de Galicia","potentialAction":[{"@type":"SearchAction","target":{"@type":"EntryPoint","urlTemplate":"https:\/\/ppdegalicia.com\/es\/?s={search_term_string}"},"query-input":{"@type":"PropertyValueSpecification","valueRequired":true,"valueName":"search_term_string"}}],"inLanguage":"es"},{"@type":"Organization","@id":"https:\/\/ppdegalicia.com\/es\/#organization","name":"Partido Popular de Galicia","alternateName":"PP de Galicia","url":"https:\/\/ppdegalicia.com\/es\/","logo":{"@type":"ImageObject","inLanguage":"es","@id":"https:\/\/ppdegalicia.com\/es\/#\/schema\/logo\/image\/","url":"https:\/\/ppdegalicia.com\/wp-content\/uploads\/2023\/04\/logoPP512.png","contentUrl":"https:\/\/ppdegalicia.com\/wp-content\/uploads\/2023\/04\/logoPP512.png","width":512,"height":512,"caption":"Partido Popular de Galicia"},"image":{"@id":"https:\/\/ppdegalicia.com\/es\/#\/schema\/logo\/image\/"},"sameAs":["https:\/\/www.instagram.com\/ppdegalicia\/","https:\/\/x.com\/ppdegalicia","https:\/\/www.tiktok.com\/@ppdegalicia","https:\/\/www.youtube.com\/user\/ppdegalicia"]},{"@type":"Person","@id":"https:\/\/ppdegalicia.com\/es\/#\/schema\/person\/5b822c6f59e872ebdd1142f307dbcb59","name":"ppdegaliciaredes","image":{"@type":"ImageObject","inLanguage":"es","@id":"https:\/\/secure.gravatar.com\/avatar\/3c9179cf0256d00c72a48d1f25783c58b6842cd56e85ef3a572881c8e28ccd59?s=96&d=mm&r=g","url":"https:\/\/secure.gravatar.com\/avatar\/3c9179cf0256d00c72a48d1f25783c58b6842cd56e85ef3a572881c8e28ccd59?s=96&d=mm&r=g","contentUrl":"https:\/\/secure.gravatar.com\/avatar\/3c9179cf0256d00c72a48d1f25783c58b6842cd56e85ef3a572881c8e28ccd59?s=96&d=mm&r=g","caption":"ppdegaliciaredes"},"url":"https:\/\/ppdegalicia.com\/es\/author\/ppdegaliciaredes\/"}]}},"_links":{"self":[{"href":"https:\/\/ppdegalicia.com\/es\/wp-json\/wp\/v2\/posts\/55946","targetHints":{"allow":["GET"]}}],"collection":[{"href":"https:\/\/ppdegalicia.com\/es\/wp-json\/wp\/v2\/posts"}],"about":[{"href":"https:\/\/ppdegalicia.com\/es\/wp-json\/wp\/v2\/types\/post"}],"author":[{"embeddable":true,"href":"https:\/\/ppdegalicia.com\/es\/wp-json\/wp\/v2\/users\/38"}],"replies":[{"embeddable":true,"href":"https:\/\/ppdegalicia.com\/es\/wp-json\/wp\/v2\/comments?post=55946"}],"version-history":[{"count":0,"href":"https:\/\/ppdegalicia.com\/es\/wp-json\/wp\/v2\/posts\/55946\/revisions"}],"wp:featuredmedia":[{"embeddable":true,"href":"https:\/\/ppdegalicia.com\/es\/wp-json\/wp\/v2\/media\/55945"}],"wp:attachment":[{"href":"https:\/\/ppdegalicia.com\/es\/wp-json\/wp\/v2\/media?parent=55946"}],"wp:term":[{"taxonomy":"category","embeddable":true,"href":"https:\/\/ppdegalicia.com\/es\/wp-json\/wp\/v2\/categories?post=55946"},{"taxonomy":"post_tag","embeddable":true,"href":"https:\/\/ppdegalicia.com\/es\/wp-json\/wp\/v2\/tags?post=55946"}],"curies":[{"name":"wp","href":"https:\/\/api.w.org\/{rel}","templated":true}]}}