{"id":55952,"date":"2021-06-18T16:04:20","date_gmt":"2021-06-18T14:04:20","guid":{"rendered":"https:\/\/ppdegalicia.com\/ana-peon-luis-de-la-matta-higinio-meijide-e-alfonso-cabaleiro-candidatos-do-grupo-popular-ao-consello-de-administracion-da-crtvg\/"},"modified":"2021-06-18T16:04:20","modified_gmt":"2021-06-18T14:04:20","slug":"ana-peon-luis-de-la-matta-higinio-meijide-e-alfonso-cabaleiro-candidatos-do-grupo-popular-ao-consello-de-administracion-da-crtvg","status":"publish","type":"post","link":"https:\/\/ppdegalicia.com\/es\/ana-peon-luis-de-la-matta-higinio-meijide-e-alfonso-cabaleiro-candidatos-do-grupo-popular-ao-consello-de-administracion-da-crtvg\/","title":{"rendered":"Ana Pe\u00f3n, Luis de la Matta, Higinio Meijide e Alfonso Cabaleiro, candidatos do Grupo Popular ao Consello de Administraci\u00f3n da CRTVG"},"content":{"rendered":"<p><img fetchpriority=\"high\" decoding=\"async\" class=\" size-full wp-image-55951\" src=\"https:\/\/ppdegalicia.com\/wp-content\/uploads\/2021\/06\/e7d28dbd2cf37020eecd5483b6f40cec.jpg\" alt=\"\" width=\"1280\" height=\"720\" srcset=\"https:\/\/ppdegalicia.com\/wp-content\/uploads\/2021\/06\/e7d28dbd2cf37020eecd5483b6f40cec.jpg 1280w, https:\/\/ppdegalicia.com\/wp-content\/uploads\/2021\/06\/e7d28dbd2cf37020eecd5483b6f40cec-300x169.jpg 300w, https:\/\/ppdegalicia.com\/wp-content\/uploads\/2021\/06\/e7d28dbd2cf37020eecd5483b6f40cec-1024x576.jpg 1024w, https:\/\/ppdegalicia.com\/wp-content\/uploads\/2021\/06\/e7d28dbd2cf37020eecd5483b6f40cec-768x432.jpg 768w\" sizes=\"(max-width: 1280px) 100vw, 1280px\" \/><\/p>\n<p>Santiago, 18 de xu\u00f1o de 2021.- Ana Isabel Pe\u00f3n Pi\u00f1eiro, Luis de la Matta Cant\u00f3, Higinio Meijide G\u00f3mez e Alfonso Cabaleiro Dur\u00e1n son os candidatos que o Grupo Popular prop\u00f3n para o Consello de Administraci\u00f3n da Corporaci\u00f3n de Radio e Televisi\u00f3n de Galicia.<\/p>\n<p><!--more--><\/p>\n<p>Estas catro persoas deber\u00e1n comparecer ante a Comisi\u00f3n de control da Corporaci\u00f3n de Radio Televisi\u00f3n de Galicia co fin de confirmar a s\u00faa idoneidade para o cargo para o que se propo\u00f1en, tal e como se recolle no Mandato Marco desta entidade audiovisual. Posteriormente, procederase \u00e1 s\u00faa votaci\u00f3n en sesi\u00f3n plenaria.<\/p>\n<p><strong>ANA ISABEL PE\u00d3N PI\u00d1EIRO<\/strong><\/p>\n<p>Licenciada en Ciencias da Informaci\u00f3n pola Universidade Complutense de Madrid, ao longo da s\u00faa carreira profesional, ten traballado ou colaborado nos xornais El Progreso, Diario de Galicia, El Pa\u00eds e El Correo Gallego; as\u00ed como na Axencia Galega de Noticias, en Radio Nacional de Espa\u00f1a e en Radio Obradoiro.<\/p>\n<p>As\u00ed mesmo, foi conselleira t\u00e9cnica de Informaci\u00f3n no Ministerio da Presidencia (2001-2002) e no Ministerio de Sanidade (2002). Posteriormente, foi asesora de Comunicaci\u00f3n da Presidencia do Senado (2002-2004), asesora do vicepresidente do Senado (2004-2005) e asesora do vicepresidente segundo e conselleiro de Medio Ambiente da Xunta de Galicia (2005).<\/p>\n<p>En novembro de 2005 foi elixida membro do Consello de Administraci\u00f3n da Compa\u00f1\u00eda de Radio Televisi\u00f3n de Galicia (CRTVG), cargo que renovou en 2009 e 2015, ata a actualidade.<\/p>\n<p>No ano 1988 recibiu o Premio Galicia de Comunicaci\u00f3n por traballos publicados en Diario de Galicia.<\/p>\n<p><strong>LUIS DE LA MATTA CANT\u00d3<\/strong><\/p>\n<p>Licenciado en Xornalismo pola Universidade Antonio Nebrija, conta co Diploma de especializaci\u00f3n en Radio e Televisi\u00f3n.<\/p>\n<p>Desde o ano 2003 ten traballado en xornais como ABC (2003-2004) e El Mundo-El Correo de Burgos de Castela e Le\u00f3n (2005).<\/p>\n<p>Foi redactor na editorial HRH entre 2004 e 2006 e en 2007 incorporouse ao Gabinete de Comunicaci\u00f3n do Partido Popular de Galicia.<\/p>\n<p>De xu\u00f1o de 2009 a decembro de 2011 foi membro do Consello Asesor de Radio Televisi\u00f3n Espa\u00f1ola en Galicia e desde decembro de 2011 \u00e9 membro do Consello de Administraci\u00f3n da Compa\u00f1\u00eda de Radio Televisi\u00f3n de Galicia.<\/p>\n<p><strong>HIGINIO MEIJIDE G\u00d3MEZ<\/strong><\/p>\n<p>Licenciado en Dereito pola Universidade de Santiago de Compostela e m\u00e1ster universitario de Avogac\u00eda, impartido pola Universidade de Santiago e o Ilustre Colexio de Avogados de Santiago.<\/p>\n<p>Foi profesor de Dereito Constitucional, Auton\u00f3mico e Orzamentario (1995-2003 e 2005-2006) e xefe de Estudos da \u00e1rea de oposici\u00f3ns (2001-2003) na Academia Postal en Santiago de Compostela.<\/p>\n<p>As\u00ed mesmo, foi xefe do Gabinete da Conseller\u00eda de Xustiza, Interior e Administraci\u00f3n Local da Xunta de Galicia (2003- 2005); e traballou como asesor xur\u00eddico para o Partido Popular de Galicia desde o ano 2006 ao 2009.<\/p>\n<p>Desde xu\u00f1o de 2009, \u00e9 membro do Consello de Administraci\u00f3n da Compa\u00f1\u00eda da Radio Televisi\u00f3n de Galicia.<\/p>\n<p><strong>ALFONSO CABALEIRO DUR\u00c1N<\/strong><\/p>\n<p>Licenciado en Ciencias da Informaci\u00f3n pola Universidade de Navarra.<\/p>\n<p>Foi delegado en Santiago dos xornais Faro de Vigo e El Ideal Gallego, as\u00ed como redactor de El Correo Gallego.<\/p>\n<p>Posteriormente, foi redactor e xefe de redacci\u00f3n de Televisi\u00f3n de Galicia; director de Televisi\u00f3n Espa\u00f1ola en Galicia; director de Informativos e director da Radio Galega; director da Cadena COPE-Galicia; primeiro director-xerente do Consorcio Audiovisual de Galicia; e secretario xeral de Comunicaci\u00f3n entre os anos 2003-2005 e 2009-2012.<\/p>\n<p>Ata o d\u00eda de hoxe, era director-xerente de Galicia Calidade.<\/p>\n","protected":false},"excerpt":{"rendered":"<p>Santiago, 18 de xu\u00f1o de 2021.- Ana Isabel Pe\u00f3n Pi\u00f1eiro, Luis de la Matta Cant\u00f3, Higinio Meijide G\u00f3mez e Alfonso Cabaleiro Dur\u00e1n son os candidatos que o Grupo Popular prop\u00f3n para o Consello de Administraci\u00f3n da Corporaci\u00f3n de Radio e Televisi\u00f3n de Galicia.<\/p>\n","protected":false},"author":38,"featured_media":55951,"comment_status":"open","ping_status":"open","sticky":false,"template":"","format":"standard","meta":{"_acf_changed":false,"footnotes":""},"categories":[1],"tags":[],"class_list":["post-55952","post","type-post","status-publish","format-standard","has-post-thumbnail","hentry","category-pp-de-galicia"],"acf":[],"yoast_head":"<!-- This site is optimized with the Yoast SEO plugin v27.3 - https:\/\/yoast.com\/product\/yoast-seo-wordpress\/ -->\n<title>Ana Pe\u00f3n, Luis de la Matta, Higinio Meijide e Alfonso Cabaleiro, candidatos do Grupo Popular ao Consello de Administraci\u00f3n da CRTVG - PP de Galicia<\/title>\n<meta name=\"robots\" content=\"index, follow, max-snippet:-1, max-image-preview:large, max-video-preview:-1\" \/>\n<link rel=\"canonical\" href=\"https:\/\/ppdegalicia.com\/es\/ana-peon-luis-de-la-matta-higinio-meijide-e-alfonso-cabaleiro-candidatos-do-grupo-popular-ao-consello-de-administracion-da-crtvg\/\" \/>\n<meta property=\"og:locale\" content=\"es_ES\" \/>\n<meta property=\"og:type\" content=\"article\" \/>\n<meta property=\"og:title\" content=\"Ana Pe\u00f3n, Luis de la Matta, Higinio Meijide e Alfonso Cabaleiro, candidatos do Grupo Popular ao Consello de Administraci\u00f3n da CRTVG - PP de Galicia\" \/>\n<meta property=\"og:description\" content=\"Santiago, 18 de xu\u00f1o de 2021.- Ana Isabel Pe\u00f3n Pi\u00f1eiro, Luis de la Matta Cant\u00f3, Higinio Meijide G\u00f3mez e Alfonso Cabaleiro Dur\u00e1n son os candidatos que o Grupo Popular prop\u00f3n para o Consello de Administraci\u00f3n da Corporaci\u00f3n de Radio e Televisi\u00f3n de Galicia.\" \/>\n<meta property=\"og:url\" content=\"https:\/\/ppdegalicia.com\/es\/ana-peon-luis-de-la-matta-higinio-meijide-e-alfonso-cabaleiro-candidatos-do-grupo-popular-ao-consello-de-administracion-da-crtvg\/\" \/>\n<meta property=\"og:site_name\" content=\"PP de Galicia\" \/>\n<meta property=\"article:publisher\" content=\"https:\/\/www.instagram.com\/ppdegalicia\/\" \/>\n<meta property=\"article:published_time\" content=\"2021-06-18T14:04:20+00:00\" \/>\n<meta property=\"og:image\" content=\"https:\/\/ppdegalicia.com\/wp-content\/uploads\/2021\/06\/e7d28dbd2cf37020eecd5483b6f40cec.jpg\" \/>\n\t<meta property=\"og:image:width\" content=\"1280\" \/>\n\t<meta property=\"og:image:height\" content=\"720\" \/>\n\t<meta property=\"og:image:type\" content=\"image\/jpeg\" \/>\n<meta name=\"author\" content=\"ppdegaliciaredes\" \/>\n<meta name=\"twitter:card\" content=\"summary_large_image\" \/>\n<meta name=\"twitter:creator\" content=\"@ppdegalicia\" \/>\n<meta name=\"twitter:site\" content=\"@ppdegalicia\" \/>\n<meta name=\"twitter:label1\" content=\"Escrito por\" \/>\n\t<meta name=\"twitter:data1\" content=\"ppdegaliciaredes\" \/>\n\t<meta name=\"twitter:label2\" content=\"Tiempo de lectura\" \/>\n\t<meta name=\"twitter:data2\" content=\"3 minutos\" \/>\n<script type=\"application\/ld+json\" class=\"yoast-schema-graph\">{\"@context\":\"https:\\\/\\\/schema.org\",\"@graph\":[{\"@type\":\"Article\",\"@id\":\"https:\\\/\\\/ppdegalicia.com\\\/es\\\/ana-peon-luis-de-la-matta-higinio-meijide-e-alfonso-cabaleiro-candidatos-do-grupo-popular-ao-consello-de-administracion-da-crtvg\\\/#article\",\"isPartOf\":{\"@id\":\"https:\\\/\\\/ppdegalicia.com\\\/es\\\/ana-peon-luis-de-la-matta-higinio-meijide-e-alfonso-cabaleiro-candidatos-do-grupo-popular-ao-consello-de-administracion-da-crtvg\\\/\"},\"author\":{\"name\":\"ppdegaliciaredes\",\"@id\":\"https:\\\/\\\/ppdegalicia.com\\\/es\\\/#\\\/schema\\\/person\\\/5b822c6f59e872ebdd1142f307dbcb59\"},\"headline\":\"Ana Pe\u00f3n, Luis de la Matta, Higinio Meijide e Alfonso Cabaleiro, candidatos do Grupo Popular ao Consello de Administraci\u00f3n da CRTVG\",\"datePublished\":\"2021-06-18T14:04:20+00:00\",\"mainEntityOfPage\":{\"@id\":\"https:\\\/\\\/ppdegalicia.com\\\/es\\\/ana-peon-luis-de-la-matta-higinio-meijide-e-alfonso-cabaleiro-candidatos-do-grupo-popular-ao-consello-de-administracion-da-crtvg\\\/\"},\"wordCount\":605,\"commentCount\":0,\"publisher\":{\"@id\":\"https:\\\/\\\/ppdegalicia.com\\\/es\\\/#organization\"},\"image\":{\"@id\":\"https:\\\/\\\/ppdegalicia.com\\\/es\\\/ana-peon-luis-de-la-matta-higinio-meijide-e-alfonso-cabaleiro-candidatos-do-grupo-popular-ao-consello-de-administracion-da-crtvg\\\/#primaryimage\"},\"thumbnailUrl\":\"https:\\\/\\\/ppdegalicia.com\\\/wp-content\\\/uploads\\\/2021\\\/06\\\/e7d28dbd2cf37020eecd5483b6f40cec.jpg\",\"articleSection\":[\"PP de Galicia\"],\"inLanguage\":\"es\",\"potentialAction\":[{\"@type\":\"CommentAction\",\"name\":\"Comment\",\"target\":[\"https:\\\/\\\/ppdegalicia.com\\\/es\\\/ana-peon-luis-de-la-matta-higinio-meijide-e-alfonso-cabaleiro-candidatos-do-grupo-popular-ao-consello-de-administracion-da-crtvg\\\/#respond\"]}]},{\"@type\":\"WebPage\",\"@id\":\"https:\\\/\\\/ppdegalicia.com\\\/es\\\/ana-peon-luis-de-la-matta-higinio-meijide-e-alfonso-cabaleiro-candidatos-do-grupo-popular-ao-consello-de-administracion-da-crtvg\\\/\",\"url\":\"https:\\\/\\\/ppdegalicia.com\\\/es\\\/ana-peon-luis-de-la-matta-higinio-meijide-e-alfonso-cabaleiro-candidatos-do-grupo-popular-ao-consello-de-administracion-da-crtvg\\\/\",\"name\":\"Ana Pe\u00f3n, Luis de la Matta, Higinio Meijide e Alfonso Cabaleiro, candidatos do Grupo Popular ao Consello de Administraci\u00f3n da CRTVG - PP de Galicia\",\"isPartOf\":{\"@id\":\"https:\\\/\\\/ppdegalicia.com\\\/es\\\/#website\"},\"primaryImageOfPage\":{\"@id\":\"https:\\\/\\\/ppdegalicia.com\\\/es\\\/ana-peon-luis-de-la-matta-higinio-meijide-e-alfonso-cabaleiro-candidatos-do-grupo-popular-ao-consello-de-administracion-da-crtvg\\\/#primaryimage\"},\"image\":{\"@id\":\"https:\\\/\\\/ppdegalicia.com\\\/es\\\/ana-peon-luis-de-la-matta-higinio-meijide-e-alfonso-cabaleiro-candidatos-do-grupo-popular-ao-consello-de-administracion-da-crtvg\\\/#primaryimage\"},\"thumbnailUrl\":\"https:\\\/\\\/ppdegalicia.com\\\/wp-content\\\/uploads\\\/2021\\\/06\\\/e7d28dbd2cf37020eecd5483b6f40cec.jpg\",\"datePublished\":\"2021-06-18T14:04:20+00:00\",\"breadcrumb\":{\"@id\":\"https:\\\/\\\/ppdegalicia.com\\\/es\\\/ana-peon-luis-de-la-matta-higinio-meijide-e-alfonso-cabaleiro-candidatos-do-grupo-popular-ao-consello-de-administracion-da-crtvg\\\/#breadcrumb\"},\"inLanguage\":\"es\",\"potentialAction\":[{\"@type\":\"ReadAction\",\"target\":[\"https:\\\/\\\/ppdegalicia.com\\\/es\\\/ana-peon-luis-de-la-matta-higinio-meijide-e-alfonso-cabaleiro-candidatos-do-grupo-popular-ao-consello-de-administracion-da-crtvg\\\/\"]}]},{\"@type\":\"ImageObject\",\"inLanguage\":\"es\",\"@id\":\"https:\\\/\\\/ppdegalicia.com\\\/es\\\/ana-peon-luis-de-la-matta-higinio-meijide-e-alfonso-cabaleiro-candidatos-do-grupo-popular-ao-consello-de-administracion-da-crtvg\\\/#primaryimage\",\"url\":\"https:\\\/\\\/ppdegalicia.com\\\/wp-content\\\/uploads\\\/2021\\\/06\\\/e7d28dbd2cf37020eecd5483b6f40cec.jpg\",\"contentUrl\":\"https:\\\/\\\/ppdegalicia.com\\\/wp-content\\\/uploads\\\/2021\\\/06\\\/e7d28dbd2cf37020eecd5483b6f40cec.jpg\",\"width\":1280,\"height\":720},{\"@type\":\"BreadcrumbList\",\"@id\":\"https:\\\/\\\/ppdegalicia.com\\\/es\\\/ana-peon-luis-de-la-matta-higinio-meijide-e-alfonso-cabaleiro-candidatos-do-grupo-popular-ao-consello-de-administracion-da-crtvg\\\/#breadcrumb\",\"itemListElement\":[{\"@type\":\"ListItem\",\"position\":1,\"name\":\"Portada\",\"item\":\"https:\\\/\\\/ppdegalicia.com\\\/es\\\/\"},{\"@type\":\"ListItem\",\"position\":2,\"name\":\"Ana Pe\u00f3n, Luis de la Matta, Higinio Meijide e Alfonso Cabaleiro, candidatos do Grupo Popular ao Consello de Administraci\u00f3n da CRTVG\"}]},{\"@type\":\"WebSite\",\"@id\":\"https:\\\/\\\/ppdegalicia.com\\\/es\\\/#website\",\"url\":\"https:\\\/\\\/ppdegalicia.com\\\/es\\\/\",\"name\":\"Partido Popular de Galicia\",\"description\":\"Partido Popular de Galicia\",\"publisher\":{\"@id\":\"https:\\\/\\\/ppdegalicia.com\\\/es\\\/#organization\"},\"alternateName\":\"PP de Galicia\",\"potentialAction\":[{\"@type\":\"SearchAction\",\"target\":{\"@type\":\"EntryPoint\",\"urlTemplate\":\"https:\\\/\\\/ppdegalicia.com\\\/es\\\/?s={search_term_string}\"},\"query-input\":{\"@type\":\"PropertyValueSpecification\",\"valueRequired\":true,\"valueName\":\"search_term_string\"}}],\"inLanguage\":\"es\"},{\"@type\":\"Organization\",\"@id\":\"https:\\\/\\\/ppdegalicia.com\\\/es\\\/#organization\",\"name\":\"Partido Popular de Galicia\",\"alternateName\":\"PP de Galicia\",\"url\":\"https:\\\/\\\/ppdegalicia.com\\\/es\\\/\",\"logo\":{\"@type\":\"ImageObject\",\"inLanguage\":\"es\",\"@id\":\"https:\\\/\\\/ppdegalicia.com\\\/es\\\/#\\\/schema\\\/logo\\\/image\\\/\",\"url\":\"https:\\\/\\\/ppdegalicia.com\\\/wp-content\\\/uploads\\\/2023\\\/04\\\/logoPP512.png\",\"contentUrl\":\"https:\\\/\\\/ppdegalicia.com\\\/wp-content\\\/uploads\\\/2023\\\/04\\\/logoPP512.png\",\"width\":512,\"height\":512,\"caption\":\"Partido Popular de Galicia\"},\"image\":{\"@id\":\"https:\\\/\\\/ppdegalicia.com\\\/es\\\/#\\\/schema\\\/logo\\\/image\\\/\"},\"sameAs\":[\"https:\\\/\\\/www.instagram.com\\\/ppdegalicia\\\/\",\"https:\\\/\\\/x.com\\\/ppdegalicia\",\"https:\\\/\\\/www.tiktok.com\\\/@ppdegalicia\",\"https:\\\/\\\/www.youtube.com\\\/user\\\/ppdegalicia\"]},{\"@type\":\"Person\",\"@id\":\"https:\\\/\\\/ppdegalicia.com\\\/es\\\/#\\\/schema\\\/person\\\/5b822c6f59e872ebdd1142f307dbcb59\",\"name\":\"ppdegaliciaredes\",\"image\":{\"@type\":\"ImageObject\",\"inLanguage\":\"es\",\"@id\":\"https:\\\/\\\/secure.gravatar.com\\\/avatar\\\/3c9179cf0256d00c72a48d1f25783c58b6842cd56e85ef3a572881c8e28ccd59?s=96&d=mm&r=g\",\"url\":\"https:\\\/\\\/secure.gravatar.com\\\/avatar\\\/3c9179cf0256d00c72a48d1f25783c58b6842cd56e85ef3a572881c8e28ccd59?s=96&d=mm&r=g\",\"contentUrl\":\"https:\\\/\\\/secure.gravatar.com\\\/avatar\\\/3c9179cf0256d00c72a48d1f25783c58b6842cd56e85ef3a572881c8e28ccd59?s=96&d=mm&r=g\",\"caption\":\"ppdegaliciaredes\"},\"url\":\"https:\\\/\\\/ppdegalicia.com\\\/es\\\/author\\\/ppdegaliciaredes\\\/\"}]}<\/script>\n<!-- \/ Yoast SEO plugin. -->","yoast_head_json":{"title":"Ana Pe\u00f3n, Luis de la Matta, Higinio Meijide e Alfonso Cabaleiro, candidatos do Grupo Popular ao Consello de Administraci\u00f3n da CRTVG - PP de Galicia","robots":{"index":"index","follow":"follow","max-snippet":"max-snippet:-1","max-image-preview":"max-image-preview:large","max-video-preview":"max-video-preview:-1"},"canonical":"https:\/\/ppdegalicia.com\/es\/ana-peon-luis-de-la-matta-higinio-meijide-e-alfonso-cabaleiro-candidatos-do-grupo-popular-ao-consello-de-administracion-da-crtvg\/","og_locale":"es_ES","og_type":"article","og_title":"Ana Pe\u00f3n, Luis de la Matta, Higinio Meijide e Alfonso Cabaleiro, candidatos do Grupo Popular ao Consello de Administraci\u00f3n da CRTVG - PP de Galicia","og_description":"Santiago, 18 de xu\u00f1o de 2021.- Ana Isabel Pe\u00f3n Pi\u00f1eiro, Luis de la Matta Cant\u00f3, Higinio Meijide G\u00f3mez e Alfonso Cabaleiro Dur\u00e1n son os candidatos que o Grupo Popular prop\u00f3n para o Consello de Administraci\u00f3n da Corporaci\u00f3n de Radio e Televisi\u00f3n de Galicia.","og_url":"https:\/\/ppdegalicia.com\/es\/ana-peon-luis-de-la-matta-higinio-meijide-e-alfonso-cabaleiro-candidatos-do-grupo-popular-ao-consello-de-administracion-da-crtvg\/","og_site_name":"PP de Galicia","article_publisher":"https:\/\/www.instagram.com\/ppdegalicia\/","article_published_time":"2021-06-18T14:04:20+00:00","og_image":[{"width":1280,"height":720,"url":"https:\/\/ppdegalicia.com\/wp-content\/uploads\/2021\/06\/e7d28dbd2cf37020eecd5483b6f40cec.jpg","type":"image\/jpeg"}],"author":"ppdegaliciaredes","twitter_card":"summary_large_image","twitter_creator":"@ppdegalicia","twitter_site":"@ppdegalicia","twitter_misc":{"Escrito por":"ppdegaliciaredes","Tiempo de lectura":"3 minutos"},"schema":{"@context":"https:\/\/schema.org","@graph":[{"@type":"Article","@id":"https:\/\/ppdegalicia.com\/es\/ana-peon-luis-de-la-matta-higinio-meijide-e-alfonso-cabaleiro-candidatos-do-grupo-popular-ao-consello-de-administracion-da-crtvg\/#article","isPartOf":{"@id":"https:\/\/ppdegalicia.com\/es\/ana-peon-luis-de-la-matta-higinio-meijide-e-alfonso-cabaleiro-candidatos-do-grupo-popular-ao-consello-de-administracion-da-crtvg\/"},"author":{"name":"ppdegaliciaredes","@id":"https:\/\/ppdegalicia.com\/es\/#\/schema\/person\/5b822c6f59e872ebdd1142f307dbcb59"},"headline":"Ana Pe\u00f3n, Luis de la Matta, Higinio Meijide e Alfonso Cabaleiro, candidatos do Grupo Popular ao Consello de Administraci\u00f3n da CRTVG","datePublished":"2021-06-18T14:04:20+00:00","mainEntityOfPage":{"@id":"https:\/\/ppdegalicia.com\/es\/ana-peon-luis-de-la-matta-higinio-meijide-e-alfonso-cabaleiro-candidatos-do-grupo-popular-ao-consello-de-administracion-da-crtvg\/"},"wordCount":605,"commentCount":0,"publisher":{"@id":"https:\/\/ppdegalicia.com\/es\/#organization"},"image":{"@id":"https:\/\/ppdegalicia.com\/es\/ana-peon-luis-de-la-matta-higinio-meijide-e-alfonso-cabaleiro-candidatos-do-grupo-popular-ao-consello-de-administracion-da-crtvg\/#primaryimage"},"thumbnailUrl":"https:\/\/ppdegalicia.com\/wp-content\/uploads\/2021\/06\/e7d28dbd2cf37020eecd5483b6f40cec.jpg","articleSection":["PP de Galicia"],"inLanguage":"es","potentialAction":[{"@type":"CommentAction","name":"Comment","target":["https:\/\/ppdegalicia.com\/es\/ana-peon-luis-de-la-matta-higinio-meijide-e-alfonso-cabaleiro-candidatos-do-grupo-popular-ao-consello-de-administracion-da-crtvg\/#respond"]}]},{"@type":"WebPage","@id":"https:\/\/ppdegalicia.com\/es\/ana-peon-luis-de-la-matta-higinio-meijide-e-alfonso-cabaleiro-candidatos-do-grupo-popular-ao-consello-de-administracion-da-crtvg\/","url":"https:\/\/ppdegalicia.com\/es\/ana-peon-luis-de-la-matta-higinio-meijide-e-alfonso-cabaleiro-candidatos-do-grupo-popular-ao-consello-de-administracion-da-crtvg\/","name":"Ana Pe\u00f3n, Luis de la Matta, Higinio Meijide e Alfonso Cabaleiro, candidatos do Grupo Popular ao Consello de Administraci\u00f3n da CRTVG - PP de Galicia","isPartOf":{"@id":"https:\/\/ppdegalicia.com\/es\/#website"},"primaryImageOfPage":{"@id":"https:\/\/ppdegalicia.com\/es\/ana-peon-luis-de-la-matta-higinio-meijide-e-alfonso-cabaleiro-candidatos-do-grupo-popular-ao-consello-de-administracion-da-crtvg\/#primaryimage"},"image":{"@id":"https:\/\/ppdegalicia.com\/es\/ana-peon-luis-de-la-matta-higinio-meijide-e-alfonso-cabaleiro-candidatos-do-grupo-popular-ao-consello-de-administracion-da-crtvg\/#primaryimage"},"thumbnailUrl":"https:\/\/ppdegalicia.com\/wp-content\/uploads\/2021\/06\/e7d28dbd2cf37020eecd5483b6f40cec.jpg","datePublished":"2021-06-18T14:04:20+00:00","breadcrumb":{"@id":"https:\/\/ppdegalicia.com\/es\/ana-peon-luis-de-la-matta-higinio-meijide-e-alfonso-cabaleiro-candidatos-do-grupo-popular-ao-consello-de-administracion-da-crtvg\/#breadcrumb"},"inLanguage":"es","potentialAction":[{"@type":"ReadAction","target":["https:\/\/ppdegalicia.com\/es\/ana-peon-luis-de-la-matta-higinio-meijide-e-alfonso-cabaleiro-candidatos-do-grupo-popular-ao-consello-de-administracion-da-crtvg\/"]}]},{"@type":"ImageObject","inLanguage":"es","@id":"https:\/\/ppdegalicia.com\/es\/ana-peon-luis-de-la-matta-higinio-meijide-e-alfonso-cabaleiro-candidatos-do-grupo-popular-ao-consello-de-administracion-da-crtvg\/#primaryimage","url":"https:\/\/ppdegalicia.com\/wp-content\/uploads\/2021\/06\/e7d28dbd2cf37020eecd5483b6f40cec.jpg","contentUrl":"https:\/\/ppdegalicia.com\/wp-content\/uploads\/2021\/06\/e7d28dbd2cf37020eecd5483b6f40cec.jpg","width":1280,"height":720},{"@type":"BreadcrumbList","@id":"https:\/\/ppdegalicia.com\/es\/ana-peon-luis-de-la-matta-higinio-meijide-e-alfonso-cabaleiro-candidatos-do-grupo-popular-ao-consello-de-administracion-da-crtvg\/#breadcrumb","itemListElement":[{"@type":"ListItem","position":1,"name":"Portada","item":"https:\/\/ppdegalicia.com\/es\/"},{"@type":"ListItem","position":2,"name":"Ana Pe\u00f3n, Luis de la Matta, Higinio Meijide e Alfonso Cabaleiro, candidatos do Grupo Popular ao Consello de Administraci\u00f3n da CRTVG"}]},{"@type":"WebSite","@id":"https:\/\/ppdegalicia.com\/es\/#website","url":"https:\/\/ppdegalicia.com\/es\/","name":"Partido Popular de Galicia","description":"Partido Popular de Galicia","publisher":{"@id":"https:\/\/ppdegalicia.com\/es\/#organization"},"alternateName":"PP de Galicia","potentialAction":[{"@type":"SearchAction","target":{"@type":"EntryPoint","urlTemplate":"https:\/\/ppdegalicia.com\/es\/?s={search_term_string}"},"query-input":{"@type":"PropertyValueSpecification","valueRequired":true,"valueName":"search_term_string"}}],"inLanguage":"es"},{"@type":"Organization","@id":"https:\/\/ppdegalicia.com\/es\/#organization","name":"Partido Popular de Galicia","alternateName":"PP de Galicia","url":"https:\/\/ppdegalicia.com\/es\/","logo":{"@type":"ImageObject","inLanguage":"es","@id":"https:\/\/ppdegalicia.com\/es\/#\/schema\/logo\/image\/","url":"https:\/\/ppdegalicia.com\/wp-content\/uploads\/2023\/04\/logoPP512.png","contentUrl":"https:\/\/ppdegalicia.com\/wp-content\/uploads\/2023\/04\/logoPP512.png","width":512,"height":512,"caption":"Partido Popular de Galicia"},"image":{"@id":"https:\/\/ppdegalicia.com\/es\/#\/schema\/logo\/image\/"},"sameAs":["https:\/\/www.instagram.com\/ppdegalicia\/","https:\/\/x.com\/ppdegalicia","https:\/\/www.tiktok.com\/@ppdegalicia","https:\/\/www.youtube.com\/user\/ppdegalicia"]},{"@type":"Person","@id":"https:\/\/ppdegalicia.com\/es\/#\/schema\/person\/5b822c6f59e872ebdd1142f307dbcb59","name":"ppdegaliciaredes","image":{"@type":"ImageObject","inLanguage":"es","@id":"https:\/\/secure.gravatar.com\/avatar\/3c9179cf0256d00c72a48d1f25783c58b6842cd56e85ef3a572881c8e28ccd59?s=96&d=mm&r=g","url":"https:\/\/secure.gravatar.com\/avatar\/3c9179cf0256d00c72a48d1f25783c58b6842cd56e85ef3a572881c8e28ccd59?s=96&d=mm&r=g","contentUrl":"https:\/\/secure.gravatar.com\/avatar\/3c9179cf0256d00c72a48d1f25783c58b6842cd56e85ef3a572881c8e28ccd59?s=96&d=mm&r=g","caption":"ppdegaliciaredes"},"url":"https:\/\/ppdegalicia.com\/es\/author\/ppdegaliciaredes\/"}]}},"_links":{"self":[{"href":"https:\/\/ppdegalicia.com\/es\/wp-json\/wp\/v2\/posts\/55952","targetHints":{"allow":["GET"]}}],"collection":[{"href":"https:\/\/ppdegalicia.com\/es\/wp-json\/wp\/v2\/posts"}],"about":[{"href":"https:\/\/ppdegalicia.com\/es\/wp-json\/wp\/v2\/types\/post"}],"author":[{"embeddable":true,"href":"https:\/\/ppdegalicia.com\/es\/wp-json\/wp\/v2\/users\/38"}],"replies":[{"embeddable":true,"href":"https:\/\/ppdegalicia.com\/es\/wp-json\/wp\/v2\/comments?post=55952"}],"version-history":[{"count":0,"href":"https:\/\/ppdegalicia.com\/es\/wp-json\/wp\/v2\/posts\/55952\/revisions"}],"wp:featuredmedia":[{"embeddable":true,"href":"https:\/\/ppdegalicia.com\/es\/wp-json\/wp\/v2\/media\/55951"}],"wp:attachment":[{"href":"https:\/\/ppdegalicia.com\/es\/wp-json\/wp\/v2\/media?parent=55952"}],"wp:term":[{"taxonomy":"category","embeddable":true,"href":"https:\/\/ppdegalicia.com\/es\/wp-json\/wp\/v2\/categories?post=55952"},{"taxonomy":"post_tag","embeddable":true,"href":"https:\/\/ppdegalicia.com\/es\/wp-json\/wp\/v2\/tags?post=55952"}],"curies":[{"name":"wp","href":"https:\/\/api.w.org\/{rel}","templated":true}]}}