{"id":55964,"date":"2021-06-22T10:16:45","date_gmt":"2021-06-22T08:16:45","guid":{"rendered":"https:\/\/ppdegalicia.com\/o-parlamento-galego-inicia-a-tramitacion-da-proposicion-de-lei-que-incorpora-a-violencia-dixital-como-violencia-de-xenero\/"},"modified":"2021-06-22T10:16:45","modified_gmt":"2021-06-22T08:16:45","slug":"o-parlamento-galego-inicia-a-tramitacion-da-proposicion-de-lei-que-incorpora-a-violencia-dixital-como-violencia-de-xenero","status":"publish","type":"post","link":"https:\/\/ppdegalicia.com\/es\/o-parlamento-galego-inicia-a-tramitacion-da-proposicion-de-lei-que-incorpora-a-violencia-dixital-como-violencia-de-xenero\/","title":{"rendered":"O Parlamento galego inicia a tramitaci\u00f3n da proposici\u00f3n de lei que incorpora a violencia dixital como violencia de x\u00e9nero"},"content":{"rendered":"<p><img fetchpriority=\"high\" decoding=\"async\" class=\" size-full wp-image-55963\" src=\"https:\/\/ppdegalicia.com\/wp-content\/uploads\/2021\/06\/7d94ff270ca07620df57f3c782e4fbe7.jpg\" alt=\"\" width=\"1900\" height=\"1267\" srcset=\"https:\/\/ppdegalicia.com\/wp-content\/uploads\/2021\/06\/7d94ff270ca07620df57f3c782e4fbe7.jpg 1900w, https:\/\/ppdegalicia.com\/wp-content\/uploads\/2021\/06\/7d94ff270ca07620df57f3c782e4fbe7-300x200.jpg 300w, https:\/\/ppdegalicia.com\/wp-content\/uploads\/2021\/06\/7d94ff270ca07620df57f3c782e4fbe7-1024x683.jpg 1024w, https:\/\/ppdegalicia.com\/wp-content\/uploads\/2021\/06\/7d94ff270ca07620df57f3c782e4fbe7-768x512.jpg 768w, https:\/\/ppdegalicia.com\/wp-content\/uploads\/2021\/06\/7d94ff270ca07620df57f3c782e4fbe7-1536x1024.jpg 1536w\" sizes=\"(max-width: 1900px) 100vw, 1900px\" \/><\/p>\n<p>Santiago, 22 de xu\u00f1o de 2021.- O Parlamento de Galicia aprobou hoxe a toma en consideraci\u00f3n da proposici\u00f3n de lei do Grupo Popular para incorporar a violencia dixital como unha nova forma de violencia de x\u00e9nero contra as mulleres, integrada na Lei 11\/2007 galega para a prevenci\u00f3n e tratamento integral da violencia de x\u00e9nero.<\/p>\n<p><!--more--><\/p>\n<p>\u00a0<\/p>\n<p>\u00a0<\/p>\n<p>\u00a0<\/p>\n<blockquote class=\"twitter-tweet\">\n<p dir=\"ltr\" lang=\"es\">?\ufe0fDefende <a href=\"https:\/\/twitter.com\/paulapra2?ref_src=twsrc%5Etfw\">@paulapra2<\/a> no Pleno do <a href=\"https:\/\/twitter.com\/Par_Gal?ref_src=twsrc%5Etfw\">@Par_Gal<\/a> lexislar para describir as conductas delictivas na violencia de x\u00e9nero no \u00e1mbito dixital, sensibilizar \u00e1 xente m\u00e1is nova dos perigos destas pr\u00e1cticas e po\u00f1er en marcha pol\u00edticas publicas de prevenci\u00f3n para evitalas <a href=\"https:\/\/twitter.com\/ppdegalicia?ref_src=twsrc%5Etfw\">@ppdegalicia<\/a> <a href=\"https:\/\/t.co\/YJDGfe5ccQ\">pic.twitter.com\/YJDGfe5ccQ<\/a><\/p>\n<p>\u2014 GrupoPopularGalicia (@GrupoPopularGal) <a href=\"https:\/\/twitter.com\/GrupoPopularGal\/status\/1407254099846963200?ref_src=twsrc%5Etfw\">June 22, 2021<\/a><\/p><\/blockquote>\n<p>\u201cEsta iniciativa lexislativa ten un triplo obxectivo: resulta fundamental describir as condutas delitivas, sensibilizar \u00e1 xente m\u00e1is nova dos perigos destas pr\u00e1cticas e po\u00f1er en marcha pol\u00edticas p\u00fablicas e medidas de prevenci\u00f3n para evitar que estas se produzan\u201d, sinalou a viceportavoz do Grupo Popular, Paula Prado.<\/p>\n<p>\u00a0<\/p>\n<p>Na defensa desta proposici\u00f3n de lei, Prado sinalou que \u201cdentro dos ciberdelitos destacan aqueles que provocan violencia de x\u00e9nero, xa que o amparo do anonimato, a accesibilidade, a inmediatez, a viralidade ou mesmo un falso entendemento do que \u00e9 a liberdade de expresi\u00f3n favorecen as condutas daqueles que pretenden exercer o control, o dominio, o abuso ou o maltrato sobre a muller\u201d.<\/p>\n<p>\u00a0<\/p>\n<p>\u201cDelitos como ciberbullying, sextorsi\u00f3n, grooming, usurpaci\u00f3n da identidade, usurpaci\u00f3n de chaves ou contrasinais, sexting, revenge porn ou pornovenganza son algunhas das acci\u00f3ns m\u00e1is frecuentes entre as persoas m\u00e1is novas, onde maioritariamente as v\u00edtimas son mulleres e fundamentalmente adolescentes, o que incrementa a s\u00faa vulnerabilidade\u201d, concretou.<\/p>\n<p>\u00a0<\/p>\n<p><strong>CONDUTAS NORMALIZADAS<\/strong><\/p>\n<p>\u00a0<\/p>\n<blockquote class=\"twitter-tweet\">\n<p dir=\"ltr\" lang=\"es\">?As conductas de que falamos te\u00f1en unha base social na violencia que sofren as mulleres m\u00e1is novas,e hai que sumarlle que as redes son espazos p\u00fablicos e viralizadores que multiplican os efectos adversos da violencia machista, <a href=\"https:\/\/twitter.com\/paulapra2?ref_src=twsrc%5Etfw\">@paulapra2<\/a> sobre a violencia dixital <a href=\"https:\/\/t.co\/97Hshr4fWd\">pic.twitter.com\/97Hshr4fWd<\/a><\/p>\n<p>\u2014 GrupoPopularGalicia (@GrupoPopularGal) <a href=\"https:\/\/twitter.com\/GrupoPopularGal\/status\/1407258305236451331?ref_src=twsrc%5Etfw\">June 22, 2021<\/a><\/p><\/blockquote>\n<p>Ademais, Paula Prado considerou \u201cpreocupante que, en moitos casos, se te\u00f1en normalizado estas conductas ou as rapazas non perciben algunhas como un tipo de violencia cara elas\u201d. \u201cEstas condutas te\u00f1en unha base social que infl\u00fae na violencia que sofren as nosas mulleres m\u00e1is novas: a presi\u00f3n social que viven sobre os seus corpos; os estereotipos e crenzas sexistas sobre a sexualidade, que as culpabilizan do que ocorra nas relaci\u00f3ns sexuais; e a normalizaci\u00f3n do control nas s\u00faas relaci\u00f3ns\u201d.<\/p>\n<p>\u00a0<\/p>\n<p>Por este motivo, a viceportavoz popular considerou \u201coportuno traballar neste \u00e1mbito, lexislar e po\u00f1er en marcha pol\u00edticas p\u00fablicas para evitar estas condutas delitivas\u201d, polo que \u201cconsideramos fundamental comezar por describir na Lei integral de violencia de x\u00e9nero unha nova forma de violencia contra as mulleres: a violencia dixital\u201d.<\/p>\n","protected":false},"excerpt":{"rendered":"<p>Santiago, 22 de xu\u00f1o de 2021.- O Parlamento de Galicia aprobou hoxe a toma en consideraci\u00f3n da proposici\u00f3n de lei do Grupo Popular para incorporar a violencia dixital como unha nova forma de violencia de x\u00e9nero contra as mulleres, integrada na Lei 11\/2007 galega para a prevenci\u00f3n e tratamento integral da violencia de x\u00e9nero.<\/p>\n","protected":false},"author":38,"featured_media":55963,"comment_status":"open","ping_status":"open","sticky":false,"template":"","format":"standard","meta":{"_acf_changed":false,"footnotes":""},"categories":[1],"tags":[],"class_list":["post-55964","post","type-post","status-publish","format-standard","has-post-thumbnail","hentry","category-pp-de-galicia"],"acf":[],"yoast_head":"<!-- This site is optimized with the Yoast SEO plugin v27.3 - https:\/\/yoast.com\/product\/yoast-seo-wordpress\/ -->\n<title>O Parlamento galego inicia a tramitaci\u00f3n da proposici\u00f3n de lei que incorpora a violencia dixital como violencia de x\u00e9nero - PP de Galicia<\/title>\n<meta name=\"robots\" content=\"index, follow, max-snippet:-1, max-image-preview:large, max-video-preview:-1\" \/>\n<link rel=\"canonical\" href=\"https:\/\/ppdegalicia.com\/es\/o-parlamento-galego-inicia-a-tramitacion-da-proposicion-de-lei-que-incorpora-a-violencia-dixital-como-violencia-de-xenero\/\" \/>\n<meta property=\"og:locale\" content=\"es_ES\" \/>\n<meta property=\"og:type\" content=\"article\" \/>\n<meta property=\"og:title\" content=\"O Parlamento galego inicia a tramitaci\u00f3n da proposici\u00f3n de lei que incorpora a violencia dixital como violencia de x\u00e9nero - PP de Galicia\" \/>\n<meta property=\"og:description\" content=\"Santiago, 22 de xu\u00f1o de 2021.- O Parlamento de Galicia aprobou hoxe a toma en consideraci\u00f3n da proposici\u00f3n de lei do Grupo Popular para incorporar a violencia dixital como unha nova forma de violencia de x\u00e9nero contra as mulleres, integrada na Lei 11\/2007 galega para a prevenci\u00f3n e tratamento integral da violencia de x\u00e9nero.\" \/>\n<meta property=\"og:url\" content=\"https:\/\/ppdegalicia.com\/es\/o-parlamento-galego-inicia-a-tramitacion-da-proposicion-de-lei-que-incorpora-a-violencia-dixital-como-violencia-de-xenero\/\" \/>\n<meta property=\"og:site_name\" content=\"PP de Galicia\" \/>\n<meta property=\"article:publisher\" content=\"https:\/\/www.instagram.com\/ppdegalicia\/\" \/>\n<meta property=\"article:published_time\" content=\"2021-06-22T08:16:45+00:00\" \/>\n<meta property=\"og:image\" content=\"https:\/\/ppdegalicia.com\/wp-content\/uploads\/2021\/06\/7d94ff270ca07620df57f3c782e4fbe7.jpg\" \/>\n\t<meta property=\"og:image:width\" content=\"1900\" \/>\n\t<meta property=\"og:image:height\" content=\"1267\" \/>\n\t<meta property=\"og:image:type\" content=\"image\/jpeg\" \/>\n<meta name=\"author\" content=\"ppdegaliciaredes\" \/>\n<meta name=\"twitter:card\" content=\"summary_large_image\" \/>\n<meta name=\"twitter:creator\" content=\"@ppdegalicia\" \/>\n<meta name=\"twitter:site\" content=\"@ppdegalicia\" \/>\n<meta name=\"twitter:label1\" content=\"Escrito por\" \/>\n\t<meta name=\"twitter:data1\" content=\"ppdegaliciaredes\" \/>\n\t<meta name=\"twitter:label2\" content=\"Tiempo de lectura\" \/>\n\t<meta name=\"twitter:data2\" content=\"2 minutos\" \/>\n<script type=\"application\/ld+json\" class=\"yoast-schema-graph\">{\"@context\":\"https:\\\/\\\/schema.org\",\"@graph\":[{\"@type\":\"Article\",\"@id\":\"https:\\\/\\\/ppdegalicia.com\\\/es\\\/o-parlamento-galego-inicia-a-tramitacion-da-proposicion-de-lei-que-incorpora-a-violencia-dixital-como-violencia-de-xenero\\\/#article\",\"isPartOf\":{\"@id\":\"https:\\\/\\\/ppdegalicia.com\\\/es\\\/o-parlamento-galego-inicia-a-tramitacion-da-proposicion-de-lei-que-incorpora-a-violencia-dixital-como-violencia-de-xenero\\\/\"},\"author\":{\"name\":\"ppdegaliciaredes\",\"@id\":\"https:\\\/\\\/ppdegalicia.com\\\/es\\\/#\\\/schema\\\/person\\\/5b822c6f59e872ebdd1142f307dbcb59\"},\"headline\":\"O Parlamento galego inicia a tramitaci\u00f3n da proposici\u00f3n de lei que incorpora a violencia dixital como violencia de x\u00e9nero\",\"datePublished\":\"2021-06-22T08:16:45+00:00\",\"mainEntityOfPage\":{\"@id\":\"https:\\\/\\\/ppdegalicia.com\\\/es\\\/o-parlamento-galego-inicia-a-tramitacion-da-proposicion-de-lei-que-incorpora-a-violencia-dixital-como-violencia-de-xenero\\\/\"},\"wordCount\":495,\"commentCount\":0,\"publisher\":{\"@id\":\"https:\\\/\\\/ppdegalicia.com\\\/es\\\/#organization\"},\"image\":{\"@id\":\"https:\\\/\\\/ppdegalicia.com\\\/es\\\/o-parlamento-galego-inicia-a-tramitacion-da-proposicion-de-lei-que-incorpora-a-violencia-dixital-como-violencia-de-xenero\\\/#primaryimage\"},\"thumbnailUrl\":\"https:\\\/\\\/ppdegalicia.com\\\/wp-content\\\/uploads\\\/2021\\\/06\\\/7d94ff270ca07620df57f3c782e4fbe7.jpg\",\"articleSection\":[\"PP de Galicia\"],\"inLanguage\":\"es\",\"potentialAction\":[{\"@type\":\"CommentAction\",\"name\":\"Comment\",\"target\":[\"https:\\\/\\\/ppdegalicia.com\\\/es\\\/o-parlamento-galego-inicia-a-tramitacion-da-proposicion-de-lei-que-incorpora-a-violencia-dixital-como-violencia-de-xenero\\\/#respond\"]}]},{\"@type\":\"WebPage\",\"@id\":\"https:\\\/\\\/ppdegalicia.com\\\/es\\\/o-parlamento-galego-inicia-a-tramitacion-da-proposicion-de-lei-que-incorpora-a-violencia-dixital-como-violencia-de-xenero\\\/\",\"url\":\"https:\\\/\\\/ppdegalicia.com\\\/es\\\/o-parlamento-galego-inicia-a-tramitacion-da-proposicion-de-lei-que-incorpora-a-violencia-dixital-como-violencia-de-xenero\\\/\",\"name\":\"O Parlamento galego inicia a tramitaci\u00f3n da proposici\u00f3n de lei que incorpora a violencia dixital como violencia de x\u00e9nero - PP de Galicia\",\"isPartOf\":{\"@id\":\"https:\\\/\\\/ppdegalicia.com\\\/es\\\/#website\"},\"primaryImageOfPage\":{\"@id\":\"https:\\\/\\\/ppdegalicia.com\\\/es\\\/o-parlamento-galego-inicia-a-tramitacion-da-proposicion-de-lei-que-incorpora-a-violencia-dixital-como-violencia-de-xenero\\\/#primaryimage\"},\"image\":{\"@id\":\"https:\\\/\\\/ppdegalicia.com\\\/es\\\/o-parlamento-galego-inicia-a-tramitacion-da-proposicion-de-lei-que-incorpora-a-violencia-dixital-como-violencia-de-xenero\\\/#primaryimage\"},\"thumbnailUrl\":\"https:\\\/\\\/ppdegalicia.com\\\/wp-content\\\/uploads\\\/2021\\\/06\\\/7d94ff270ca07620df57f3c782e4fbe7.jpg\",\"datePublished\":\"2021-06-22T08:16:45+00:00\",\"breadcrumb\":{\"@id\":\"https:\\\/\\\/ppdegalicia.com\\\/es\\\/o-parlamento-galego-inicia-a-tramitacion-da-proposicion-de-lei-que-incorpora-a-violencia-dixital-como-violencia-de-xenero\\\/#breadcrumb\"},\"inLanguage\":\"es\",\"potentialAction\":[{\"@type\":\"ReadAction\",\"target\":[\"https:\\\/\\\/ppdegalicia.com\\\/es\\\/o-parlamento-galego-inicia-a-tramitacion-da-proposicion-de-lei-que-incorpora-a-violencia-dixital-como-violencia-de-xenero\\\/\"]}]},{\"@type\":\"ImageObject\",\"inLanguage\":\"es\",\"@id\":\"https:\\\/\\\/ppdegalicia.com\\\/es\\\/o-parlamento-galego-inicia-a-tramitacion-da-proposicion-de-lei-que-incorpora-a-violencia-dixital-como-violencia-de-xenero\\\/#primaryimage\",\"url\":\"https:\\\/\\\/ppdegalicia.com\\\/wp-content\\\/uploads\\\/2021\\\/06\\\/7d94ff270ca07620df57f3c782e4fbe7.jpg\",\"contentUrl\":\"https:\\\/\\\/ppdegalicia.com\\\/wp-content\\\/uploads\\\/2021\\\/06\\\/7d94ff270ca07620df57f3c782e4fbe7.jpg\",\"width\":1900,\"height\":1267},{\"@type\":\"BreadcrumbList\",\"@id\":\"https:\\\/\\\/ppdegalicia.com\\\/es\\\/o-parlamento-galego-inicia-a-tramitacion-da-proposicion-de-lei-que-incorpora-a-violencia-dixital-como-violencia-de-xenero\\\/#breadcrumb\",\"itemListElement\":[{\"@type\":\"ListItem\",\"position\":1,\"name\":\"Portada\",\"item\":\"https:\\\/\\\/ppdegalicia.com\\\/es\\\/\"},{\"@type\":\"ListItem\",\"position\":2,\"name\":\"O Parlamento galego inicia a tramitaci\u00f3n da proposici\u00f3n de lei que incorpora a violencia dixital como violencia de x\u00e9nero\"}]},{\"@type\":\"WebSite\",\"@id\":\"https:\\\/\\\/ppdegalicia.com\\\/es\\\/#website\",\"url\":\"https:\\\/\\\/ppdegalicia.com\\\/es\\\/\",\"name\":\"Partido Popular de Galicia\",\"description\":\"Partido Popular de Galicia\",\"publisher\":{\"@id\":\"https:\\\/\\\/ppdegalicia.com\\\/es\\\/#organization\"},\"alternateName\":\"PP de Galicia\",\"potentialAction\":[{\"@type\":\"SearchAction\",\"target\":{\"@type\":\"EntryPoint\",\"urlTemplate\":\"https:\\\/\\\/ppdegalicia.com\\\/es\\\/?s={search_term_string}\"},\"query-input\":{\"@type\":\"PropertyValueSpecification\",\"valueRequired\":true,\"valueName\":\"search_term_string\"}}],\"inLanguage\":\"es\"},{\"@type\":\"Organization\",\"@id\":\"https:\\\/\\\/ppdegalicia.com\\\/es\\\/#organization\",\"name\":\"Partido Popular de Galicia\",\"alternateName\":\"PP de Galicia\",\"url\":\"https:\\\/\\\/ppdegalicia.com\\\/es\\\/\",\"logo\":{\"@type\":\"ImageObject\",\"inLanguage\":\"es\",\"@id\":\"https:\\\/\\\/ppdegalicia.com\\\/es\\\/#\\\/schema\\\/logo\\\/image\\\/\",\"url\":\"https:\\\/\\\/ppdegalicia.com\\\/wp-content\\\/uploads\\\/2023\\\/04\\\/logoPP512.png\",\"contentUrl\":\"https:\\\/\\\/ppdegalicia.com\\\/wp-content\\\/uploads\\\/2023\\\/04\\\/logoPP512.png\",\"width\":512,\"height\":512,\"caption\":\"Partido Popular de Galicia\"},\"image\":{\"@id\":\"https:\\\/\\\/ppdegalicia.com\\\/es\\\/#\\\/schema\\\/logo\\\/image\\\/\"},\"sameAs\":[\"https:\\\/\\\/www.instagram.com\\\/ppdegalicia\\\/\",\"https:\\\/\\\/x.com\\\/ppdegalicia\",\"https:\\\/\\\/www.tiktok.com\\\/@ppdegalicia\",\"https:\\\/\\\/www.youtube.com\\\/user\\\/ppdegalicia\"]},{\"@type\":\"Person\",\"@id\":\"https:\\\/\\\/ppdegalicia.com\\\/es\\\/#\\\/schema\\\/person\\\/5b822c6f59e872ebdd1142f307dbcb59\",\"name\":\"ppdegaliciaredes\",\"image\":{\"@type\":\"ImageObject\",\"inLanguage\":\"es\",\"@id\":\"https:\\\/\\\/secure.gravatar.com\\\/avatar\\\/3c9179cf0256d00c72a48d1f25783c58b6842cd56e85ef3a572881c8e28ccd59?s=96&d=mm&r=g\",\"url\":\"https:\\\/\\\/secure.gravatar.com\\\/avatar\\\/3c9179cf0256d00c72a48d1f25783c58b6842cd56e85ef3a572881c8e28ccd59?s=96&d=mm&r=g\",\"contentUrl\":\"https:\\\/\\\/secure.gravatar.com\\\/avatar\\\/3c9179cf0256d00c72a48d1f25783c58b6842cd56e85ef3a572881c8e28ccd59?s=96&d=mm&r=g\",\"caption\":\"ppdegaliciaredes\"},\"url\":\"https:\\\/\\\/ppdegalicia.com\\\/es\\\/author\\\/ppdegaliciaredes\\\/\"}]}<\/script>\n<!-- \/ Yoast SEO plugin. -->","yoast_head_json":{"title":"O Parlamento galego inicia a tramitaci\u00f3n da proposici\u00f3n de lei que incorpora a violencia dixital como violencia de x\u00e9nero - PP de Galicia","robots":{"index":"index","follow":"follow","max-snippet":"max-snippet:-1","max-image-preview":"max-image-preview:large","max-video-preview":"max-video-preview:-1"},"canonical":"https:\/\/ppdegalicia.com\/es\/o-parlamento-galego-inicia-a-tramitacion-da-proposicion-de-lei-que-incorpora-a-violencia-dixital-como-violencia-de-xenero\/","og_locale":"es_ES","og_type":"article","og_title":"O Parlamento galego inicia a tramitaci\u00f3n da proposici\u00f3n de lei que incorpora a violencia dixital como violencia de x\u00e9nero - PP de Galicia","og_description":"Santiago, 22 de xu\u00f1o de 2021.- O Parlamento de Galicia aprobou hoxe a toma en consideraci\u00f3n da proposici\u00f3n de lei do Grupo Popular para incorporar a violencia dixital como unha nova forma de violencia de x\u00e9nero contra as mulleres, integrada na Lei 11\/2007 galega para a prevenci\u00f3n e tratamento integral da violencia de x\u00e9nero.","og_url":"https:\/\/ppdegalicia.com\/es\/o-parlamento-galego-inicia-a-tramitacion-da-proposicion-de-lei-que-incorpora-a-violencia-dixital-como-violencia-de-xenero\/","og_site_name":"PP de Galicia","article_publisher":"https:\/\/www.instagram.com\/ppdegalicia\/","article_published_time":"2021-06-22T08:16:45+00:00","og_image":[{"width":1900,"height":1267,"url":"https:\/\/ppdegalicia.com\/wp-content\/uploads\/2021\/06\/7d94ff270ca07620df57f3c782e4fbe7.jpg","type":"image\/jpeg"}],"author":"ppdegaliciaredes","twitter_card":"summary_large_image","twitter_creator":"@ppdegalicia","twitter_site":"@ppdegalicia","twitter_misc":{"Escrito por":"ppdegaliciaredes","Tiempo de lectura":"2 minutos"},"schema":{"@context":"https:\/\/schema.org","@graph":[{"@type":"Article","@id":"https:\/\/ppdegalicia.com\/es\/o-parlamento-galego-inicia-a-tramitacion-da-proposicion-de-lei-que-incorpora-a-violencia-dixital-como-violencia-de-xenero\/#article","isPartOf":{"@id":"https:\/\/ppdegalicia.com\/es\/o-parlamento-galego-inicia-a-tramitacion-da-proposicion-de-lei-que-incorpora-a-violencia-dixital-como-violencia-de-xenero\/"},"author":{"name":"ppdegaliciaredes","@id":"https:\/\/ppdegalicia.com\/es\/#\/schema\/person\/5b822c6f59e872ebdd1142f307dbcb59"},"headline":"O Parlamento galego inicia a tramitaci\u00f3n da proposici\u00f3n de lei que incorpora a violencia dixital como violencia de x\u00e9nero","datePublished":"2021-06-22T08:16:45+00:00","mainEntityOfPage":{"@id":"https:\/\/ppdegalicia.com\/es\/o-parlamento-galego-inicia-a-tramitacion-da-proposicion-de-lei-que-incorpora-a-violencia-dixital-como-violencia-de-xenero\/"},"wordCount":495,"commentCount":0,"publisher":{"@id":"https:\/\/ppdegalicia.com\/es\/#organization"},"image":{"@id":"https:\/\/ppdegalicia.com\/es\/o-parlamento-galego-inicia-a-tramitacion-da-proposicion-de-lei-que-incorpora-a-violencia-dixital-como-violencia-de-xenero\/#primaryimage"},"thumbnailUrl":"https:\/\/ppdegalicia.com\/wp-content\/uploads\/2021\/06\/7d94ff270ca07620df57f3c782e4fbe7.jpg","articleSection":["PP de Galicia"],"inLanguage":"es","potentialAction":[{"@type":"CommentAction","name":"Comment","target":["https:\/\/ppdegalicia.com\/es\/o-parlamento-galego-inicia-a-tramitacion-da-proposicion-de-lei-que-incorpora-a-violencia-dixital-como-violencia-de-xenero\/#respond"]}]},{"@type":"WebPage","@id":"https:\/\/ppdegalicia.com\/es\/o-parlamento-galego-inicia-a-tramitacion-da-proposicion-de-lei-que-incorpora-a-violencia-dixital-como-violencia-de-xenero\/","url":"https:\/\/ppdegalicia.com\/es\/o-parlamento-galego-inicia-a-tramitacion-da-proposicion-de-lei-que-incorpora-a-violencia-dixital-como-violencia-de-xenero\/","name":"O Parlamento galego inicia a tramitaci\u00f3n da proposici\u00f3n de lei que incorpora a violencia dixital como violencia de x\u00e9nero - PP de Galicia","isPartOf":{"@id":"https:\/\/ppdegalicia.com\/es\/#website"},"primaryImageOfPage":{"@id":"https:\/\/ppdegalicia.com\/es\/o-parlamento-galego-inicia-a-tramitacion-da-proposicion-de-lei-que-incorpora-a-violencia-dixital-como-violencia-de-xenero\/#primaryimage"},"image":{"@id":"https:\/\/ppdegalicia.com\/es\/o-parlamento-galego-inicia-a-tramitacion-da-proposicion-de-lei-que-incorpora-a-violencia-dixital-como-violencia-de-xenero\/#primaryimage"},"thumbnailUrl":"https:\/\/ppdegalicia.com\/wp-content\/uploads\/2021\/06\/7d94ff270ca07620df57f3c782e4fbe7.jpg","datePublished":"2021-06-22T08:16:45+00:00","breadcrumb":{"@id":"https:\/\/ppdegalicia.com\/es\/o-parlamento-galego-inicia-a-tramitacion-da-proposicion-de-lei-que-incorpora-a-violencia-dixital-como-violencia-de-xenero\/#breadcrumb"},"inLanguage":"es","potentialAction":[{"@type":"ReadAction","target":["https:\/\/ppdegalicia.com\/es\/o-parlamento-galego-inicia-a-tramitacion-da-proposicion-de-lei-que-incorpora-a-violencia-dixital-como-violencia-de-xenero\/"]}]},{"@type":"ImageObject","inLanguage":"es","@id":"https:\/\/ppdegalicia.com\/es\/o-parlamento-galego-inicia-a-tramitacion-da-proposicion-de-lei-que-incorpora-a-violencia-dixital-como-violencia-de-xenero\/#primaryimage","url":"https:\/\/ppdegalicia.com\/wp-content\/uploads\/2021\/06\/7d94ff270ca07620df57f3c782e4fbe7.jpg","contentUrl":"https:\/\/ppdegalicia.com\/wp-content\/uploads\/2021\/06\/7d94ff270ca07620df57f3c782e4fbe7.jpg","width":1900,"height":1267},{"@type":"BreadcrumbList","@id":"https:\/\/ppdegalicia.com\/es\/o-parlamento-galego-inicia-a-tramitacion-da-proposicion-de-lei-que-incorpora-a-violencia-dixital-como-violencia-de-xenero\/#breadcrumb","itemListElement":[{"@type":"ListItem","position":1,"name":"Portada","item":"https:\/\/ppdegalicia.com\/es\/"},{"@type":"ListItem","position":2,"name":"O Parlamento galego inicia a tramitaci\u00f3n da proposici\u00f3n de lei que incorpora a violencia dixital como violencia de x\u00e9nero"}]},{"@type":"WebSite","@id":"https:\/\/ppdegalicia.com\/es\/#website","url":"https:\/\/ppdegalicia.com\/es\/","name":"Partido Popular de Galicia","description":"Partido Popular de Galicia","publisher":{"@id":"https:\/\/ppdegalicia.com\/es\/#organization"},"alternateName":"PP de Galicia","potentialAction":[{"@type":"SearchAction","target":{"@type":"EntryPoint","urlTemplate":"https:\/\/ppdegalicia.com\/es\/?s={search_term_string}"},"query-input":{"@type":"PropertyValueSpecification","valueRequired":true,"valueName":"search_term_string"}}],"inLanguage":"es"},{"@type":"Organization","@id":"https:\/\/ppdegalicia.com\/es\/#organization","name":"Partido Popular de Galicia","alternateName":"PP de Galicia","url":"https:\/\/ppdegalicia.com\/es\/","logo":{"@type":"ImageObject","inLanguage":"es","@id":"https:\/\/ppdegalicia.com\/es\/#\/schema\/logo\/image\/","url":"https:\/\/ppdegalicia.com\/wp-content\/uploads\/2023\/04\/logoPP512.png","contentUrl":"https:\/\/ppdegalicia.com\/wp-content\/uploads\/2023\/04\/logoPP512.png","width":512,"height":512,"caption":"Partido Popular de Galicia"},"image":{"@id":"https:\/\/ppdegalicia.com\/es\/#\/schema\/logo\/image\/"},"sameAs":["https:\/\/www.instagram.com\/ppdegalicia\/","https:\/\/x.com\/ppdegalicia","https:\/\/www.tiktok.com\/@ppdegalicia","https:\/\/www.youtube.com\/user\/ppdegalicia"]},{"@type":"Person","@id":"https:\/\/ppdegalicia.com\/es\/#\/schema\/person\/5b822c6f59e872ebdd1142f307dbcb59","name":"ppdegaliciaredes","image":{"@type":"ImageObject","inLanguage":"es","@id":"https:\/\/secure.gravatar.com\/avatar\/3c9179cf0256d00c72a48d1f25783c58b6842cd56e85ef3a572881c8e28ccd59?s=96&d=mm&r=g","url":"https:\/\/secure.gravatar.com\/avatar\/3c9179cf0256d00c72a48d1f25783c58b6842cd56e85ef3a572881c8e28ccd59?s=96&d=mm&r=g","contentUrl":"https:\/\/secure.gravatar.com\/avatar\/3c9179cf0256d00c72a48d1f25783c58b6842cd56e85ef3a572881c8e28ccd59?s=96&d=mm&r=g","caption":"ppdegaliciaredes"},"url":"https:\/\/ppdegalicia.com\/es\/author\/ppdegaliciaredes\/"}]}},"_links":{"self":[{"href":"https:\/\/ppdegalicia.com\/es\/wp-json\/wp\/v2\/posts\/55964","targetHints":{"allow":["GET"]}}],"collection":[{"href":"https:\/\/ppdegalicia.com\/es\/wp-json\/wp\/v2\/posts"}],"about":[{"href":"https:\/\/ppdegalicia.com\/es\/wp-json\/wp\/v2\/types\/post"}],"author":[{"embeddable":true,"href":"https:\/\/ppdegalicia.com\/es\/wp-json\/wp\/v2\/users\/38"}],"replies":[{"embeddable":true,"href":"https:\/\/ppdegalicia.com\/es\/wp-json\/wp\/v2\/comments?post=55964"}],"version-history":[{"count":0,"href":"https:\/\/ppdegalicia.com\/es\/wp-json\/wp\/v2\/posts\/55964\/revisions"}],"wp:featuredmedia":[{"embeddable":true,"href":"https:\/\/ppdegalicia.com\/es\/wp-json\/wp\/v2\/media\/55963"}],"wp:attachment":[{"href":"https:\/\/ppdegalicia.com\/es\/wp-json\/wp\/v2\/media?parent=55964"}],"wp:term":[{"taxonomy":"category","embeddable":true,"href":"https:\/\/ppdegalicia.com\/es\/wp-json\/wp\/v2\/categories?post=55964"},{"taxonomy":"post_tag","embeddable":true,"href":"https:\/\/ppdegalicia.com\/es\/wp-json\/wp\/v2\/tags?post=55964"}],"curies":[{"name":"wp","href":"https:\/\/api.w.org\/{rel}","templated":true}]}}