{"id":55966,"date":"2021-06-22T10:22:09","date_gmt":"2021-06-22T08:22:09","guid":{"rendered":"https:\/\/ppdegalicia.com\/o-grupo-popular-defende-o-traspaso-a-galicia-dos-servizos-meteoroloxicos-para-que-sexan-oficiais-os-avisos-e-alertas-de-meteogalicia\/"},"modified":"2021-06-22T10:22:09","modified_gmt":"2021-06-22T08:22:09","slug":"o-grupo-popular-defende-o-traspaso-a-galicia-dos-servizos-meteoroloxicos-para-que-sexan-oficiais-os-avisos-e-alertas-de-meteogalicia","status":"publish","type":"post","link":"https:\/\/ppdegalicia.com\/es\/o-grupo-popular-defende-o-traspaso-a-galicia-dos-servizos-meteoroloxicos-para-que-sexan-oficiais-os-avisos-e-alertas-de-meteogalicia\/","title":{"rendered":"O Grupo Popular defende o traspaso a Galicia dos servizos meteorol\u00f3xicos para que sexan oficiais os avisos e alertas de Meteogalicia"},"content":{"rendered":"<p><img fetchpriority=\"high\" decoding=\"async\" class=\" size-full wp-image-55965\" src=\"https:\/\/ppdegalicia.com\/wp-content\/uploads\/2021\/06\/d2e3d54514385659ad966a8aaacd498e.jpg\" alt=\"\" width=\"1900\" height=\"1027\" srcset=\"https:\/\/ppdegalicia.com\/wp-content\/uploads\/2021\/06\/d2e3d54514385659ad966a8aaacd498e.jpg 1900w, https:\/\/ppdegalicia.com\/wp-content\/uploads\/2021\/06\/d2e3d54514385659ad966a8aaacd498e-300x162.jpg 300w, https:\/\/ppdegalicia.com\/wp-content\/uploads\/2021\/06\/d2e3d54514385659ad966a8aaacd498e-1024x553.jpg 1024w, https:\/\/ppdegalicia.com\/wp-content\/uploads\/2021\/06\/d2e3d54514385659ad966a8aaacd498e-768x415.jpg 768w, https:\/\/ppdegalicia.com\/wp-content\/uploads\/2021\/06\/d2e3d54514385659ad966a8aaacd498e-1536x830.jpg 1536w\" sizes=\"(max-width: 1900px) 100vw, 1900px\" \/><\/p>\n<p>Santiago, 22 de xu\u00f1o de 2021.- A portavoz de Medio Ambiente do Grupo Popular, Marisol D\u00edaz Mouteira, afirmou hoxe no Pleno do Parlamento que \u201ca Xunta quere a transferencia dos servizos meteorol\u00f3xicos, pero empezando pola transferencia das facultades concretas vinculadas coas competencias auton\u00f3micas para que te\u00f1an oficialidade os avisos e alertas que emita Meteogalicia\u201d.<\/p>\n<p><!--more--><\/p>\n<blockquote class=\"twitter-tweet\">\n<p dir=\"ltr\" lang=\"es\">?A pol\u00edtica de traspasos xa hai anos que vai na procura dun autogoberno que ten como prioridade a mellor defensa dos intereses de Galicia, <a href=\"https:\/\/twitter.com\/DiazMouteira?ref_src=twsrc%5Etfw\">@DiazMouteira<\/a> reitera o apoio do <a href=\"https:\/\/twitter.com\/ppdegalicia?ref_src=twsrc%5Etfw\">@ppdegalicia<\/a> \u00e1 transferencia do servizo de metereolox\u00eda e por eso desde o ano 2000 existe Meteogalicia <a href=\"https:\/\/t.co\/ftv0GL8cVf\">pic.twitter.com\/ftv0GL8cVf<\/a><\/p>\n<p>\u2014 GrupoPopularGalicia (@GrupoPopularGal) <a href=\"https:\/\/twitter.com\/GrupoPopularGal\/status\/1407271757057232898?ref_src=twsrc%5Etfw\">June 22, 2021<\/a><\/p><\/blockquote>\n<p>Neste sentido, subli\u00f1ou que en materia de traspasos de competencias \u201cGalicia ten nestes momentos outras prioridades: as transferencias da AP-9 e do dominio p\u00fablico mar\u00edtimo terrestre\u201d.<\/p>\n<p>\u00a0<\/p>\n<blockquote class=\"twitter-tweet\">\n<p dir=\"ltr\" lang=\"pt\">?\ufe0f<a href=\"https:\/\/twitter.com\/DiazMouteira?ref_src=twsrc%5Etfw\">@DiazMouteira<\/a> sobre a transferencia dos servizos meterorol\u00f3xicos: Galicia xa conta cun servizo como Meteogalicia con plena capacidade e s\u00f3 ten que ter validez xur\u00eddica das s\u00faas predicci\u00f3ns,e ten outras prioridades como transferencia da AP-9 oudominio p\u00fablico mar\u00edtimo-terrestre <a href=\"https:\/\/t.co\/onTPcp51Es\">pic.twitter.com\/onTPcp51Es<\/a><\/p>\n<p>\u2014 GrupoPopularGalicia (@GrupoPopularGal) <a href=\"https:\/\/twitter.com\/GrupoPopularGal\/status\/1407278553587138560?ref_src=twsrc%5Etfw\">June 22, 2021<\/a><\/p><\/blockquote>\n<p>Marisol D\u00edaz considerou \u201cnecesario solicitar do Estado a transferencia \u00e1 Comunidade galega das funci\u00f3ns correspondentes ao servizo meteorol\u00f3xico\u201d. \u201cGalicia conta hoxe cun servizo meteorol\u00f3xico propio, referente indispensable a nivel nacional como europeo gracias ao seu m\u00e9todo de traballo e ao equipo de profesionais que o conforman\u201d, manifestou a portavoz popular, pero lamentou que \u201cos seus avisos non te\u00f1en validez oficial e os que se empregan para alertar de emerxencias meteorol\u00f3xicas ou para suspender clases escolares en caso de temporal son sempre os da AEMET\u201d.<\/p>\n<p>\u00a0<\/p>\n<p>\u201cO Grupo Popular sempre apoiou a transferencia do servizo de meteorolox\u00eda e foi unha petici\u00f3n constante desde Galicia, polo que desde o ano 2000 existe Meteogalicia\u201d, lembrou D\u00edaz Mouteira. Neste sentido, explicou que \u201cqueremos a transferencia dos servizos meteorol\u00f3xicos en Galicia pero empezando polo traspaso das competencias meteorol\u00f3xicas para todos os servizos de competencia auton\u00f3mica, entre eles o de emerxencias\u201d.<\/p>\n<p>\u00a0<\/p>\n<p><strong>CAPACIDADE T\u00c9CNICA SUFICIENTE<\/strong><\/p>\n<p>\u00a0<\/p>\n<p>En concreto, dixo que \u201ca nosa postura pasa pola transferencia a Galicia das funci\u00f3ns no \u00e1mbito meteorol\u00f3xico necesarias para o axeitado exercicio das s\u00faas competencias estatutarias, con independencia das funci\u00f3ns que a Axencia Estatal de Meteorolox\u00eda exerce para a predici\u00f3n a nivel do Estado\u201d. Deste xeito, sinalou que \u201ca nosa alternativa non sup\u00f3n unha transferencia en bloque, como pide o BNG, da competencia en materia meteorol\u00f3xica nin da infraestrutura da AEMET en Galicia, sen\u00f3n a transferencia de facultades concretas vinculadas coas competencias auton\u00f3micas\u201d.<\/p>\n<p>\u00a0<\/p>\n<p>A d\u00eda de hoxe, s\u00f3 hai tres comunidades aut\u00f3nomas que contan cun servizo de informaci\u00f3n meteorol\u00f3xica propio: Galicia, Catalu\u00f1a e o Pa\u00eds Vasco. \u201cOs servizos ofrecidos e os resultados xerados por Meteogalicia po\u00f1en de manifesto que a Comunidade galega ten capacidade t\u00e9cnica suficiente para exercer as competencias en materia de meteorolox\u00eda, con independencia de que a AEMET siga desenvolvendo as s\u00faas funci\u00f3ns como autoridade meteorol\u00f3xica do Estado a trav\u00e9s dos centros territoriais\u201d, rematou.<\/p>\n","protected":false},"excerpt":{"rendered":"<p>Santiago, 22 de xu\u00f1o de 2021.- A portavoz de Medio Ambiente do Grupo Popular, Marisol D\u00edaz Mouteira, afirmou hoxe no Pleno do Parlamento que \u201ca Xunta quere a transferencia dos servizos meteorol\u00f3xicos, pero empezando pola transferencia das facultades concretas vinculadas coas competencias auton\u00f3micas para que te\u00f1an oficialidade os avisos e alertas que emita Meteogalicia\u201d.<\/p>\n","protected":false},"author":38,"featured_media":55965,"comment_status":"open","ping_status":"open","sticky":false,"template":"","format":"standard","meta":{"_acf_changed":false,"footnotes":""},"categories":[1],"tags":[],"class_list":["post-55966","post","type-post","status-publish","format-standard","has-post-thumbnail","hentry","category-pp-de-galicia"],"acf":[],"yoast_head":"<!-- This site is optimized with the Yoast SEO plugin v27.3 - https:\/\/yoast.com\/product\/yoast-seo-wordpress\/ -->\n<title>O Grupo Popular defende o traspaso a Galicia dos servizos meteorol\u00f3xicos para que sexan oficiais os avisos e alertas de Meteogalicia - PP de Galicia<\/title>\n<meta name=\"robots\" content=\"index, follow, max-snippet:-1, max-image-preview:large, max-video-preview:-1\" \/>\n<link rel=\"canonical\" href=\"https:\/\/ppdegalicia.com\/es\/o-grupo-popular-defende-o-traspaso-a-galicia-dos-servizos-meteoroloxicos-para-que-sexan-oficiais-os-avisos-e-alertas-de-meteogalicia\/\" \/>\n<meta property=\"og:locale\" content=\"es_ES\" \/>\n<meta property=\"og:type\" content=\"article\" \/>\n<meta property=\"og:title\" content=\"O Grupo Popular defende o traspaso a Galicia dos servizos meteorol\u00f3xicos para que sexan oficiais os avisos e alertas de Meteogalicia - PP de Galicia\" \/>\n<meta property=\"og:description\" content=\"Santiago, 22 de xu\u00f1o de 2021.- A portavoz de Medio Ambiente do Grupo Popular, Marisol D\u00edaz Mouteira, afirmou hoxe no Pleno do Parlamento que \u201ca Xunta quere a transferencia dos servizos meteorol\u00f3xicos, pero empezando pola transferencia das facultades concretas vinculadas coas competencias auton\u00f3micas para que te\u00f1an oficialidade os avisos e alertas que emita Meteogalicia\u201d.\" \/>\n<meta property=\"og:url\" content=\"https:\/\/ppdegalicia.com\/es\/o-grupo-popular-defende-o-traspaso-a-galicia-dos-servizos-meteoroloxicos-para-que-sexan-oficiais-os-avisos-e-alertas-de-meteogalicia\/\" \/>\n<meta property=\"og:site_name\" content=\"PP de Galicia\" \/>\n<meta property=\"article:publisher\" content=\"https:\/\/www.instagram.com\/ppdegalicia\/\" \/>\n<meta property=\"article:published_time\" content=\"2021-06-22T08:22:09+00:00\" \/>\n<meta property=\"og:image\" content=\"https:\/\/ppdegalicia.com\/wp-content\/uploads\/2021\/06\/d2e3d54514385659ad966a8aaacd498e.jpg\" \/>\n\t<meta property=\"og:image:width\" content=\"1900\" \/>\n\t<meta property=\"og:image:height\" content=\"1027\" \/>\n\t<meta property=\"og:image:type\" content=\"image\/jpeg\" \/>\n<meta name=\"author\" content=\"ppdegaliciaredes\" \/>\n<meta name=\"twitter:card\" content=\"summary_large_image\" \/>\n<meta name=\"twitter:creator\" content=\"@ppdegalicia\" \/>\n<meta name=\"twitter:site\" content=\"@ppdegalicia\" \/>\n<meta name=\"twitter:label1\" content=\"Escrito por\" \/>\n\t<meta name=\"twitter:data1\" content=\"ppdegaliciaredes\" \/>\n\t<meta name=\"twitter:label2\" content=\"Tiempo de lectura\" \/>\n\t<meta name=\"twitter:data2\" content=\"3 minutos\" \/>\n<script type=\"application\/ld+json\" class=\"yoast-schema-graph\">{\"@context\":\"https:\\\/\\\/schema.org\",\"@graph\":[{\"@type\":\"Article\",\"@id\":\"https:\\\/\\\/ppdegalicia.com\\\/es\\\/o-grupo-popular-defende-o-traspaso-a-galicia-dos-servizos-meteoroloxicos-para-que-sexan-oficiais-os-avisos-e-alertas-de-meteogalicia\\\/#article\",\"isPartOf\":{\"@id\":\"https:\\\/\\\/ppdegalicia.com\\\/es\\\/o-grupo-popular-defende-o-traspaso-a-galicia-dos-servizos-meteoroloxicos-para-que-sexan-oficiais-os-avisos-e-alertas-de-meteogalicia\\\/\"},\"author\":{\"name\":\"ppdegaliciaredes\",\"@id\":\"https:\\\/\\\/ppdegalicia.com\\\/es\\\/#\\\/schema\\\/person\\\/5b822c6f59e872ebdd1142f307dbcb59\"},\"headline\":\"O Grupo Popular defende o traspaso a Galicia dos servizos meteorol\u00f3xicos para que sexan oficiais os avisos e alertas de Meteogalicia\",\"datePublished\":\"2021-06-22T08:22:09+00:00\",\"mainEntityOfPage\":{\"@id\":\"https:\\\/\\\/ppdegalicia.com\\\/es\\\/o-grupo-popular-defende-o-traspaso-a-galicia-dos-servizos-meteoroloxicos-para-que-sexan-oficiais-os-avisos-e-alertas-de-meteogalicia\\\/\"},\"wordCount\":553,\"commentCount\":0,\"publisher\":{\"@id\":\"https:\\\/\\\/ppdegalicia.com\\\/es\\\/#organization\"},\"image\":{\"@id\":\"https:\\\/\\\/ppdegalicia.com\\\/es\\\/o-grupo-popular-defende-o-traspaso-a-galicia-dos-servizos-meteoroloxicos-para-que-sexan-oficiais-os-avisos-e-alertas-de-meteogalicia\\\/#primaryimage\"},\"thumbnailUrl\":\"https:\\\/\\\/ppdegalicia.com\\\/wp-content\\\/uploads\\\/2021\\\/06\\\/d2e3d54514385659ad966a8aaacd498e.jpg\",\"articleSection\":[\"PP de Galicia\"],\"inLanguage\":\"es\",\"potentialAction\":[{\"@type\":\"CommentAction\",\"name\":\"Comment\",\"target\":[\"https:\\\/\\\/ppdegalicia.com\\\/es\\\/o-grupo-popular-defende-o-traspaso-a-galicia-dos-servizos-meteoroloxicos-para-que-sexan-oficiais-os-avisos-e-alertas-de-meteogalicia\\\/#respond\"]}]},{\"@type\":\"WebPage\",\"@id\":\"https:\\\/\\\/ppdegalicia.com\\\/es\\\/o-grupo-popular-defende-o-traspaso-a-galicia-dos-servizos-meteoroloxicos-para-que-sexan-oficiais-os-avisos-e-alertas-de-meteogalicia\\\/\",\"url\":\"https:\\\/\\\/ppdegalicia.com\\\/es\\\/o-grupo-popular-defende-o-traspaso-a-galicia-dos-servizos-meteoroloxicos-para-que-sexan-oficiais-os-avisos-e-alertas-de-meteogalicia\\\/\",\"name\":\"O Grupo Popular defende o traspaso a Galicia dos servizos meteorol\u00f3xicos para que sexan oficiais os avisos e alertas de Meteogalicia - PP de Galicia\",\"isPartOf\":{\"@id\":\"https:\\\/\\\/ppdegalicia.com\\\/es\\\/#website\"},\"primaryImageOfPage\":{\"@id\":\"https:\\\/\\\/ppdegalicia.com\\\/es\\\/o-grupo-popular-defende-o-traspaso-a-galicia-dos-servizos-meteoroloxicos-para-que-sexan-oficiais-os-avisos-e-alertas-de-meteogalicia\\\/#primaryimage\"},\"image\":{\"@id\":\"https:\\\/\\\/ppdegalicia.com\\\/es\\\/o-grupo-popular-defende-o-traspaso-a-galicia-dos-servizos-meteoroloxicos-para-que-sexan-oficiais-os-avisos-e-alertas-de-meteogalicia\\\/#primaryimage\"},\"thumbnailUrl\":\"https:\\\/\\\/ppdegalicia.com\\\/wp-content\\\/uploads\\\/2021\\\/06\\\/d2e3d54514385659ad966a8aaacd498e.jpg\",\"datePublished\":\"2021-06-22T08:22:09+00:00\",\"breadcrumb\":{\"@id\":\"https:\\\/\\\/ppdegalicia.com\\\/es\\\/o-grupo-popular-defende-o-traspaso-a-galicia-dos-servizos-meteoroloxicos-para-que-sexan-oficiais-os-avisos-e-alertas-de-meteogalicia\\\/#breadcrumb\"},\"inLanguage\":\"es\",\"potentialAction\":[{\"@type\":\"ReadAction\",\"target\":[\"https:\\\/\\\/ppdegalicia.com\\\/es\\\/o-grupo-popular-defende-o-traspaso-a-galicia-dos-servizos-meteoroloxicos-para-que-sexan-oficiais-os-avisos-e-alertas-de-meteogalicia\\\/\"]}]},{\"@type\":\"ImageObject\",\"inLanguage\":\"es\",\"@id\":\"https:\\\/\\\/ppdegalicia.com\\\/es\\\/o-grupo-popular-defende-o-traspaso-a-galicia-dos-servizos-meteoroloxicos-para-que-sexan-oficiais-os-avisos-e-alertas-de-meteogalicia\\\/#primaryimage\",\"url\":\"https:\\\/\\\/ppdegalicia.com\\\/wp-content\\\/uploads\\\/2021\\\/06\\\/d2e3d54514385659ad966a8aaacd498e.jpg\",\"contentUrl\":\"https:\\\/\\\/ppdegalicia.com\\\/wp-content\\\/uploads\\\/2021\\\/06\\\/d2e3d54514385659ad966a8aaacd498e.jpg\",\"width\":1900,\"height\":1027},{\"@type\":\"BreadcrumbList\",\"@id\":\"https:\\\/\\\/ppdegalicia.com\\\/es\\\/o-grupo-popular-defende-o-traspaso-a-galicia-dos-servizos-meteoroloxicos-para-que-sexan-oficiais-os-avisos-e-alertas-de-meteogalicia\\\/#breadcrumb\",\"itemListElement\":[{\"@type\":\"ListItem\",\"position\":1,\"name\":\"Portada\",\"item\":\"https:\\\/\\\/ppdegalicia.com\\\/es\\\/\"},{\"@type\":\"ListItem\",\"position\":2,\"name\":\"O Grupo Popular defende o traspaso a Galicia dos servizos meteorol\u00f3xicos para que sexan oficiais os avisos e alertas de Meteogalicia\"}]},{\"@type\":\"WebSite\",\"@id\":\"https:\\\/\\\/ppdegalicia.com\\\/es\\\/#website\",\"url\":\"https:\\\/\\\/ppdegalicia.com\\\/es\\\/\",\"name\":\"Partido Popular de Galicia\",\"description\":\"Partido Popular de Galicia\",\"publisher\":{\"@id\":\"https:\\\/\\\/ppdegalicia.com\\\/es\\\/#organization\"},\"alternateName\":\"PP de Galicia\",\"potentialAction\":[{\"@type\":\"SearchAction\",\"target\":{\"@type\":\"EntryPoint\",\"urlTemplate\":\"https:\\\/\\\/ppdegalicia.com\\\/es\\\/?s={search_term_string}\"},\"query-input\":{\"@type\":\"PropertyValueSpecification\",\"valueRequired\":true,\"valueName\":\"search_term_string\"}}],\"inLanguage\":\"es\"},{\"@type\":\"Organization\",\"@id\":\"https:\\\/\\\/ppdegalicia.com\\\/es\\\/#organization\",\"name\":\"Partido Popular de Galicia\",\"alternateName\":\"PP de Galicia\",\"url\":\"https:\\\/\\\/ppdegalicia.com\\\/es\\\/\",\"logo\":{\"@type\":\"ImageObject\",\"inLanguage\":\"es\",\"@id\":\"https:\\\/\\\/ppdegalicia.com\\\/es\\\/#\\\/schema\\\/logo\\\/image\\\/\",\"url\":\"https:\\\/\\\/ppdegalicia.com\\\/wp-content\\\/uploads\\\/2023\\\/04\\\/logoPP512.png\",\"contentUrl\":\"https:\\\/\\\/ppdegalicia.com\\\/wp-content\\\/uploads\\\/2023\\\/04\\\/logoPP512.png\",\"width\":512,\"height\":512,\"caption\":\"Partido Popular de Galicia\"},\"image\":{\"@id\":\"https:\\\/\\\/ppdegalicia.com\\\/es\\\/#\\\/schema\\\/logo\\\/image\\\/\"},\"sameAs\":[\"https:\\\/\\\/www.instagram.com\\\/ppdegalicia\\\/\",\"https:\\\/\\\/x.com\\\/ppdegalicia\",\"https:\\\/\\\/www.tiktok.com\\\/@ppdegalicia\",\"https:\\\/\\\/www.youtube.com\\\/user\\\/ppdegalicia\"]},{\"@type\":\"Person\",\"@id\":\"https:\\\/\\\/ppdegalicia.com\\\/es\\\/#\\\/schema\\\/person\\\/5b822c6f59e872ebdd1142f307dbcb59\",\"name\":\"ppdegaliciaredes\",\"image\":{\"@type\":\"ImageObject\",\"inLanguage\":\"es\",\"@id\":\"https:\\\/\\\/secure.gravatar.com\\\/avatar\\\/3c9179cf0256d00c72a48d1f25783c58b6842cd56e85ef3a572881c8e28ccd59?s=96&d=mm&r=g\",\"url\":\"https:\\\/\\\/secure.gravatar.com\\\/avatar\\\/3c9179cf0256d00c72a48d1f25783c58b6842cd56e85ef3a572881c8e28ccd59?s=96&d=mm&r=g\",\"contentUrl\":\"https:\\\/\\\/secure.gravatar.com\\\/avatar\\\/3c9179cf0256d00c72a48d1f25783c58b6842cd56e85ef3a572881c8e28ccd59?s=96&d=mm&r=g\",\"caption\":\"ppdegaliciaredes\"},\"url\":\"https:\\\/\\\/ppdegalicia.com\\\/es\\\/author\\\/ppdegaliciaredes\\\/\"}]}<\/script>\n<!-- \/ Yoast SEO plugin. -->","yoast_head_json":{"title":"O Grupo Popular defende o traspaso a Galicia dos servizos meteorol\u00f3xicos para que sexan oficiais os avisos e alertas de Meteogalicia - PP de Galicia","robots":{"index":"index","follow":"follow","max-snippet":"max-snippet:-1","max-image-preview":"max-image-preview:large","max-video-preview":"max-video-preview:-1"},"canonical":"https:\/\/ppdegalicia.com\/es\/o-grupo-popular-defende-o-traspaso-a-galicia-dos-servizos-meteoroloxicos-para-que-sexan-oficiais-os-avisos-e-alertas-de-meteogalicia\/","og_locale":"es_ES","og_type":"article","og_title":"O Grupo Popular defende o traspaso a Galicia dos servizos meteorol\u00f3xicos para que sexan oficiais os avisos e alertas de Meteogalicia - PP de Galicia","og_description":"Santiago, 22 de xu\u00f1o de 2021.- A portavoz de Medio Ambiente do Grupo Popular, Marisol D\u00edaz Mouteira, afirmou hoxe no Pleno do Parlamento que \u201ca Xunta quere a transferencia dos servizos meteorol\u00f3xicos, pero empezando pola transferencia das facultades concretas vinculadas coas competencias auton\u00f3micas para que te\u00f1an oficialidade os avisos e alertas que emita Meteogalicia\u201d.","og_url":"https:\/\/ppdegalicia.com\/es\/o-grupo-popular-defende-o-traspaso-a-galicia-dos-servizos-meteoroloxicos-para-que-sexan-oficiais-os-avisos-e-alertas-de-meteogalicia\/","og_site_name":"PP de Galicia","article_publisher":"https:\/\/www.instagram.com\/ppdegalicia\/","article_published_time":"2021-06-22T08:22:09+00:00","og_image":[{"width":1900,"height":1027,"url":"https:\/\/ppdegalicia.com\/wp-content\/uploads\/2021\/06\/d2e3d54514385659ad966a8aaacd498e.jpg","type":"image\/jpeg"}],"author":"ppdegaliciaredes","twitter_card":"summary_large_image","twitter_creator":"@ppdegalicia","twitter_site":"@ppdegalicia","twitter_misc":{"Escrito por":"ppdegaliciaredes","Tiempo de lectura":"3 minutos"},"schema":{"@context":"https:\/\/schema.org","@graph":[{"@type":"Article","@id":"https:\/\/ppdegalicia.com\/es\/o-grupo-popular-defende-o-traspaso-a-galicia-dos-servizos-meteoroloxicos-para-que-sexan-oficiais-os-avisos-e-alertas-de-meteogalicia\/#article","isPartOf":{"@id":"https:\/\/ppdegalicia.com\/es\/o-grupo-popular-defende-o-traspaso-a-galicia-dos-servizos-meteoroloxicos-para-que-sexan-oficiais-os-avisos-e-alertas-de-meteogalicia\/"},"author":{"name":"ppdegaliciaredes","@id":"https:\/\/ppdegalicia.com\/es\/#\/schema\/person\/5b822c6f59e872ebdd1142f307dbcb59"},"headline":"O Grupo Popular defende o traspaso a Galicia dos servizos meteorol\u00f3xicos para que sexan oficiais os avisos e alertas de Meteogalicia","datePublished":"2021-06-22T08:22:09+00:00","mainEntityOfPage":{"@id":"https:\/\/ppdegalicia.com\/es\/o-grupo-popular-defende-o-traspaso-a-galicia-dos-servizos-meteoroloxicos-para-que-sexan-oficiais-os-avisos-e-alertas-de-meteogalicia\/"},"wordCount":553,"commentCount":0,"publisher":{"@id":"https:\/\/ppdegalicia.com\/es\/#organization"},"image":{"@id":"https:\/\/ppdegalicia.com\/es\/o-grupo-popular-defende-o-traspaso-a-galicia-dos-servizos-meteoroloxicos-para-que-sexan-oficiais-os-avisos-e-alertas-de-meteogalicia\/#primaryimage"},"thumbnailUrl":"https:\/\/ppdegalicia.com\/wp-content\/uploads\/2021\/06\/d2e3d54514385659ad966a8aaacd498e.jpg","articleSection":["PP de Galicia"],"inLanguage":"es","potentialAction":[{"@type":"CommentAction","name":"Comment","target":["https:\/\/ppdegalicia.com\/es\/o-grupo-popular-defende-o-traspaso-a-galicia-dos-servizos-meteoroloxicos-para-que-sexan-oficiais-os-avisos-e-alertas-de-meteogalicia\/#respond"]}]},{"@type":"WebPage","@id":"https:\/\/ppdegalicia.com\/es\/o-grupo-popular-defende-o-traspaso-a-galicia-dos-servizos-meteoroloxicos-para-que-sexan-oficiais-os-avisos-e-alertas-de-meteogalicia\/","url":"https:\/\/ppdegalicia.com\/es\/o-grupo-popular-defende-o-traspaso-a-galicia-dos-servizos-meteoroloxicos-para-que-sexan-oficiais-os-avisos-e-alertas-de-meteogalicia\/","name":"O Grupo Popular defende o traspaso a Galicia dos servizos meteorol\u00f3xicos para que sexan oficiais os avisos e alertas de Meteogalicia - PP de Galicia","isPartOf":{"@id":"https:\/\/ppdegalicia.com\/es\/#website"},"primaryImageOfPage":{"@id":"https:\/\/ppdegalicia.com\/es\/o-grupo-popular-defende-o-traspaso-a-galicia-dos-servizos-meteoroloxicos-para-que-sexan-oficiais-os-avisos-e-alertas-de-meteogalicia\/#primaryimage"},"image":{"@id":"https:\/\/ppdegalicia.com\/es\/o-grupo-popular-defende-o-traspaso-a-galicia-dos-servizos-meteoroloxicos-para-que-sexan-oficiais-os-avisos-e-alertas-de-meteogalicia\/#primaryimage"},"thumbnailUrl":"https:\/\/ppdegalicia.com\/wp-content\/uploads\/2021\/06\/d2e3d54514385659ad966a8aaacd498e.jpg","datePublished":"2021-06-22T08:22:09+00:00","breadcrumb":{"@id":"https:\/\/ppdegalicia.com\/es\/o-grupo-popular-defende-o-traspaso-a-galicia-dos-servizos-meteoroloxicos-para-que-sexan-oficiais-os-avisos-e-alertas-de-meteogalicia\/#breadcrumb"},"inLanguage":"es","potentialAction":[{"@type":"ReadAction","target":["https:\/\/ppdegalicia.com\/es\/o-grupo-popular-defende-o-traspaso-a-galicia-dos-servizos-meteoroloxicos-para-que-sexan-oficiais-os-avisos-e-alertas-de-meteogalicia\/"]}]},{"@type":"ImageObject","inLanguage":"es","@id":"https:\/\/ppdegalicia.com\/es\/o-grupo-popular-defende-o-traspaso-a-galicia-dos-servizos-meteoroloxicos-para-que-sexan-oficiais-os-avisos-e-alertas-de-meteogalicia\/#primaryimage","url":"https:\/\/ppdegalicia.com\/wp-content\/uploads\/2021\/06\/d2e3d54514385659ad966a8aaacd498e.jpg","contentUrl":"https:\/\/ppdegalicia.com\/wp-content\/uploads\/2021\/06\/d2e3d54514385659ad966a8aaacd498e.jpg","width":1900,"height":1027},{"@type":"BreadcrumbList","@id":"https:\/\/ppdegalicia.com\/es\/o-grupo-popular-defende-o-traspaso-a-galicia-dos-servizos-meteoroloxicos-para-que-sexan-oficiais-os-avisos-e-alertas-de-meteogalicia\/#breadcrumb","itemListElement":[{"@type":"ListItem","position":1,"name":"Portada","item":"https:\/\/ppdegalicia.com\/es\/"},{"@type":"ListItem","position":2,"name":"O Grupo Popular defende o traspaso a Galicia dos servizos meteorol\u00f3xicos para que sexan oficiais os avisos e alertas de Meteogalicia"}]},{"@type":"WebSite","@id":"https:\/\/ppdegalicia.com\/es\/#website","url":"https:\/\/ppdegalicia.com\/es\/","name":"Partido Popular de Galicia","description":"Partido Popular de Galicia","publisher":{"@id":"https:\/\/ppdegalicia.com\/es\/#organization"},"alternateName":"PP de Galicia","potentialAction":[{"@type":"SearchAction","target":{"@type":"EntryPoint","urlTemplate":"https:\/\/ppdegalicia.com\/es\/?s={search_term_string}"},"query-input":{"@type":"PropertyValueSpecification","valueRequired":true,"valueName":"search_term_string"}}],"inLanguage":"es"},{"@type":"Organization","@id":"https:\/\/ppdegalicia.com\/es\/#organization","name":"Partido Popular de Galicia","alternateName":"PP de Galicia","url":"https:\/\/ppdegalicia.com\/es\/","logo":{"@type":"ImageObject","inLanguage":"es","@id":"https:\/\/ppdegalicia.com\/es\/#\/schema\/logo\/image\/","url":"https:\/\/ppdegalicia.com\/wp-content\/uploads\/2023\/04\/logoPP512.png","contentUrl":"https:\/\/ppdegalicia.com\/wp-content\/uploads\/2023\/04\/logoPP512.png","width":512,"height":512,"caption":"Partido Popular de Galicia"},"image":{"@id":"https:\/\/ppdegalicia.com\/es\/#\/schema\/logo\/image\/"},"sameAs":["https:\/\/www.instagram.com\/ppdegalicia\/","https:\/\/x.com\/ppdegalicia","https:\/\/www.tiktok.com\/@ppdegalicia","https:\/\/www.youtube.com\/user\/ppdegalicia"]},{"@type":"Person","@id":"https:\/\/ppdegalicia.com\/es\/#\/schema\/person\/5b822c6f59e872ebdd1142f307dbcb59","name":"ppdegaliciaredes","image":{"@type":"ImageObject","inLanguage":"es","@id":"https:\/\/secure.gravatar.com\/avatar\/3c9179cf0256d00c72a48d1f25783c58b6842cd56e85ef3a572881c8e28ccd59?s=96&d=mm&r=g","url":"https:\/\/secure.gravatar.com\/avatar\/3c9179cf0256d00c72a48d1f25783c58b6842cd56e85ef3a572881c8e28ccd59?s=96&d=mm&r=g","contentUrl":"https:\/\/secure.gravatar.com\/avatar\/3c9179cf0256d00c72a48d1f25783c58b6842cd56e85ef3a572881c8e28ccd59?s=96&d=mm&r=g","caption":"ppdegaliciaredes"},"url":"https:\/\/ppdegalicia.com\/es\/author\/ppdegaliciaredes\/"}]}},"_links":{"self":[{"href":"https:\/\/ppdegalicia.com\/es\/wp-json\/wp\/v2\/posts\/55966","targetHints":{"allow":["GET"]}}],"collection":[{"href":"https:\/\/ppdegalicia.com\/es\/wp-json\/wp\/v2\/posts"}],"about":[{"href":"https:\/\/ppdegalicia.com\/es\/wp-json\/wp\/v2\/types\/post"}],"author":[{"embeddable":true,"href":"https:\/\/ppdegalicia.com\/es\/wp-json\/wp\/v2\/users\/38"}],"replies":[{"embeddable":true,"href":"https:\/\/ppdegalicia.com\/es\/wp-json\/wp\/v2\/comments?post=55966"}],"version-history":[{"count":0,"href":"https:\/\/ppdegalicia.com\/es\/wp-json\/wp\/v2\/posts\/55966\/revisions"}],"wp:featuredmedia":[{"embeddable":true,"href":"https:\/\/ppdegalicia.com\/es\/wp-json\/wp\/v2\/media\/55965"}],"wp:attachment":[{"href":"https:\/\/ppdegalicia.com\/es\/wp-json\/wp\/v2\/media?parent=55966"}],"wp:term":[{"taxonomy":"category","embeddable":true,"href":"https:\/\/ppdegalicia.com\/es\/wp-json\/wp\/v2\/categories?post=55966"},{"taxonomy":"post_tag","embeddable":true,"href":"https:\/\/ppdegalicia.com\/es\/wp-json\/wp\/v2\/tags?post=55966"}],"curies":[{"name":"wp","href":"https:\/\/api.w.org\/{rel}","templated":true}]}}