{"id":55990,"date":"2021-06-24T11:08:13","date_gmt":"2021-06-24T09:08:13","guid":{"rendered":"https:\/\/ppdegalicia.com\/encarna-amigo-confirma-que-o-servizo-de-radioloxia-do-hospital-da-marina-manten-a-actividade-ordinaria-e-a-atencion-continuada\/"},"modified":"2021-06-24T11:08:13","modified_gmt":"2021-06-24T09:08:13","slug":"encarna-amigo-confirma-que-o-servizo-de-radioloxia-do-hospital-da-marina-manten-a-actividade-ordinaria-e-a-atencion-continuada","status":"publish","type":"post","link":"https:\/\/ppdegalicia.com\/es\/encarna-amigo-confirma-que-o-servizo-de-radioloxia-do-hospital-da-marina-manten-a-actividade-ordinaria-e-a-atencion-continuada\/","title":{"rendered":"Encarna Amigo confirma que o Servizo de Radiolox\u00eda do Hospital da Mari\u00f1a mant\u00e9n a actividade ordinaria e a atenci\u00f3n continuada"},"content":{"rendered":"<p><img fetchpriority=\"high\" decoding=\"async\" class=\" size-full wp-image-55989\" src=\"https:\/\/ppdegalicia.com\/wp-content\/uploads\/2021\/06\/990e9b4c0a14720391fb3a41c8578449.jpg\" alt=\"\" width=\"1900\" height=\"1267\" srcset=\"https:\/\/ppdegalicia.com\/wp-content\/uploads\/2021\/06\/990e9b4c0a14720391fb3a41c8578449.jpg 1900w, https:\/\/ppdegalicia.com\/wp-content\/uploads\/2021\/06\/990e9b4c0a14720391fb3a41c8578449-300x200.jpg 300w, https:\/\/ppdegalicia.com\/wp-content\/uploads\/2021\/06\/990e9b4c0a14720391fb3a41c8578449-1024x683.jpg 1024w, https:\/\/ppdegalicia.com\/wp-content\/uploads\/2021\/06\/990e9b4c0a14720391fb3a41c8578449-768x512.jpg 768w, https:\/\/ppdegalicia.com\/wp-content\/uploads\/2021\/06\/990e9b4c0a14720391fb3a41c8578449-1536x1024.jpg 1536w\" sizes=\"(max-width: 1900px) 100vw, 1900px\" \/><\/p>\n<p>Santiago, 24 de xu\u00f1o de 2021.- A voceira de Sanidade do Grupo Popular de Galicia confirmou hoxe no Parlamento galego que o Servizo de Radiolox\u00eda do Hospital da Mari\u00f1a mant\u00e9n a actividade ordinaria e a atenci\u00f3n continuada, de tal xeito que os doentes desta comarca nunca tiveron que desprazarse a ning\u00fan outro hospital para a realizaci\u00f3n de probas de diagnose. \u201cA \u00fanica excepci\u00f3n que se pode dar son as mulleres do plan de cribado do cancro de mama que, despois de facer a mamograf\u00eda na Mari\u00f1a e sempre por indicaci\u00f3n dos propios sanitarios, precisan unha terceira proba espec\u00edfica e dirixida que debe realizarse especificamente no Hospital de Lugo\u201d, apuntou.<\/p>\n<p><!--more--><\/p>\n<p>Desta forma tan rotunda, a portavoz popular desmontou \u201cas falsidades\u201d esgrimidas polos socialistas respecto deste asunto nos \u00faltimos d\u00edas, pois asegurou que dende a direcci\u00f3n do centro \u201ctom\u00e1ronse todas as medidas pertinentes para garantir a prestaci\u00f3n deste servizo, que conta na actualidade con 3 radi\u00f3logos\u201d.<\/p>\n<p>\u00a0<\/p>\n<p><strong>FALTA DE RADI\u00d3LOGOS, NON DESENTENDEMENTO DO SERGAS<\/strong><\/p>\n<p>\u00a0<\/p>\n<p>A plantilla do Servizo de Radiolox\u00eda do Hospital da Mari\u00f1a est\u00e1 integrada por 5 especialistas. O motivo da ausencia dos dous facultativos non \u00e9 outro que a falta de profesionais. \u201cNon hai radi\u00f3logos dispo\u00f1ibles\u201d, precisou a deputada auton\u00f3mica. Con todo, dende que se produciron as vacantes, o Sergas ofertou de xeito inmediato as d\u00faas prazas de forma continuada e s\u00e9guese a ofrecer a todos os residentes que remataron no \u00faltimo ano. Tam\u00e9n se levou a cabo unha busca activa en todas as frontes posible. Tal \u00e9 as\u00ed que, nos \u00faltimos dous meses, se desenvolveu unha oferta p\u00fablica destas d\u00faas prazas para a s\u00faa cobertura e interinidade: unha das convocatorias quedou deserta e, a segunda, est\u00e1 na actualidade en fase de resoluci\u00f3n. Mentres tanto, \u201co servizo seguiu funcionando e atendendo aos pacientes, polo que nunca se viu mermado na atenci\u00f3n aos doentes\u201d.<\/p>\n<p>\u00a0<\/p>\n<p>\u201cO obxectivo da direcci\u00f3n do hospital e da xerencia da \u00c1rea Sanitaria e do Sergas \u00e9 cubrir tan pronto sexa posible estas prazas\u201d, incidiu Encarna Amigo. Por iso, o Grupo Popular votou a favor da iniciativa presentada polo Grupo socialista. \u201cO compromiso coa sanidade p\u00fablica da Xunta de Galicia, tal e como ve\u00f1o de explicar, queda patente, como as\u00ed se demostra tam\u00e9n co investimento de 15 mill\u00f3ns de euros para continuar coa reforma do hospital\u201d, apuntou.<\/p>\n<p>\u00a0<\/p>\n<p>Concretamente, lembrou a voceira de Sanidade, as fases d\u00faas e tres do plan director incl\u00fae o dese\u00f1o dun novo edificio, as\u00ed como a modernizaci\u00f3n e a reorganizaci\u00f3n de espazos nas estruturas existentes. O pasado ano rematouse a primeira fase, que inclu\u00edu a construci\u00f3n dun edificio novo anexo ao orixinal e alberga diversas consultas externas, ademais do hospital de d\u00eda, as \u00e1reas de Hospitalizaci\u00f3n e Farmacia, e un aparcadoiro con d\u00faas plantas cun heliporto na s\u00faa cuberta. Todo elo, cun orzamento doutros 15 mill\u00f3ns. Tam\u00e9n se melloraron varios servizos, de tal xeito que hoxe todos os mari\u00f1aos con cancro son atendidos no seu hospital por onc\u00f3logos especializados en cada enfermidade. \u201cAs\u00ed evitamos que se despracen os doentes, atend\u00e9ndoos preto do deu domicilio. O mesmo acontece en Monforte. \u00c9 dicir, son os m\u00e9dicos os que se moven e non os enfermos\u201d, puntualiza <\/p>\n","protected":false},"excerpt":{"rendered":"<p>Santiago, 24 de xu\u00f1o de 2021.- A voceira de Sanidade do Grupo Popular de Galicia confirmou hoxe no Parlamento galego que o Servizo de Radiolox\u00eda do Hospital da Mari\u00f1a mant\u00e9n a actividade ordinaria e a atenci\u00f3n continuada, de tal xeito que os doentes desta comarca nunca tiveron que desprazarse a ning\u00fan outro hospital para a [&hellip;]<\/p>\n","protected":false},"author":38,"featured_media":55989,"comment_status":"open","ping_status":"open","sticky":false,"template":"","format":"standard","meta":{"_acf_changed":false,"footnotes":""},"categories":[1],"tags":[],"class_list":["post-55990","post","type-post","status-publish","format-standard","has-post-thumbnail","hentry","category-pp-de-galicia"],"acf":[],"yoast_head":"<!-- This site is optimized with the Yoast SEO plugin v27.3 - https:\/\/yoast.com\/product\/yoast-seo-wordpress\/ -->\n<title>Encarna Amigo confirma que o Servizo de Radiolox\u00eda do Hospital da Mari\u00f1a mant\u00e9n a actividade ordinaria e a atenci\u00f3n continuada - PP de Galicia<\/title>\n<meta name=\"robots\" content=\"index, follow, max-snippet:-1, max-image-preview:large, max-video-preview:-1\" \/>\n<link rel=\"canonical\" href=\"https:\/\/ppdegalicia.com\/es\/encarna-amigo-confirma-que-o-servizo-de-radioloxia-do-hospital-da-marina-manten-a-actividade-ordinaria-e-a-atencion-continuada\/\" \/>\n<meta property=\"og:locale\" content=\"es_ES\" \/>\n<meta property=\"og:type\" content=\"article\" \/>\n<meta property=\"og:title\" content=\"Encarna Amigo confirma que o Servizo de Radiolox\u00eda do Hospital da Mari\u00f1a mant\u00e9n a actividade ordinaria e a atenci\u00f3n continuada - PP de Galicia\" \/>\n<meta property=\"og:description\" content=\"Santiago, 24 de xu\u00f1o de 2021.- A voceira de Sanidade do Grupo Popular de Galicia confirmou hoxe no Parlamento galego que o Servizo de Radiolox\u00eda do Hospital da Mari\u00f1a mant\u00e9n a actividade ordinaria e a atenci\u00f3n continuada, de tal xeito que os doentes desta comarca nunca tiveron que desprazarse a ning\u00fan outro hospital para a [&hellip;]\" \/>\n<meta property=\"og:url\" content=\"https:\/\/ppdegalicia.com\/es\/encarna-amigo-confirma-que-o-servizo-de-radioloxia-do-hospital-da-marina-manten-a-actividade-ordinaria-e-a-atencion-continuada\/\" \/>\n<meta property=\"og:site_name\" content=\"PP de Galicia\" \/>\n<meta property=\"article:publisher\" content=\"https:\/\/www.instagram.com\/ppdegalicia\/\" \/>\n<meta property=\"article:published_time\" content=\"2021-06-24T09:08:13+00:00\" \/>\n<meta property=\"og:image\" content=\"https:\/\/ppdegalicia.com\/wp-content\/uploads\/2021\/06\/990e9b4c0a14720391fb3a41c8578449.jpg\" \/>\n\t<meta property=\"og:image:width\" content=\"1900\" \/>\n\t<meta property=\"og:image:height\" content=\"1267\" \/>\n\t<meta property=\"og:image:type\" content=\"image\/jpeg\" \/>\n<meta name=\"author\" content=\"ppdegaliciaredes\" \/>\n<meta name=\"twitter:card\" content=\"summary_large_image\" \/>\n<meta name=\"twitter:creator\" content=\"@ppdegalicia\" \/>\n<meta name=\"twitter:site\" content=\"@ppdegalicia\" \/>\n<meta name=\"twitter:label1\" content=\"Escrito por\" \/>\n\t<meta name=\"twitter:data1\" content=\"ppdegaliciaredes\" \/>\n\t<meta name=\"twitter:label2\" content=\"Tiempo de lectura\" \/>\n\t<meta name=\"twitter:data2\" content=\"3 minutos\" \/>\n<script type=\"application\/ld+json\" class=\"yoast-schema-graph\">{\"@context\":\"https:\\\/\\\/schema.org\",\"@graph\":[{\"@type\":\"Article\",\"@id\":\"https:\\\/\\\/ppdegalicia.com\\\/es\\\/encarna-amigo-confirma-que-o-servizo-de-radioloxia-do-hospital-da-marina-manten-a-actividade-ordinaria-e-a-atencion-continuada\\\/#article\",\"isPartOf\":{\"@id\":\"https:\\\/\\\/ppdegalicia.com\\\/es\\\/encarna-amigo-confirma-que-o-servizo-de-radioloxia-do-hospital-da-marina-manten-a-actividade-ordinaria-e-a-atencion-continuada\\\/\"},\"author\":{\"name\":\"ppdegaliciaredes\",\"@id\":\"https:\\\/\\\/ppdegalicia.com\\\/es\\\/#\\\/schema\\\/person\\\/5b822c6f59e872ebdd1142f307dbcb59\"},\"headline\":\"Encarna Amigo confirma que o Servizo de Radiolox\u00eda do Hospital da Mari\u00f1a mant\u00e9n a actividade ordinaria e a atenci\u00f3n continuada\",\"datePublished\":\"2021-06-24T09:08:13+00:00\",\"mainEntityOfPage\":{\"@id\":\"https:\\\/\\\/ppdegalicia.com\\\/es\\\/encarna-amigo-confirma-que-o-servizo-de-radioloxia-do-hospital-da-marina-manten-a-actividade-ordinaria-e-a-atencion-continuada\\\/\"},\"wordCount\":586,\"commentCount\":0,\"publisher\":{\"@id\":\"https:\\\/\\\/ppdegalicia.com\\\/es\\\/#organization\"},\"image\":{\"@id\":\"https:\\\/\\\/ppdegalicia.com\\\/es\\\/encarna-amigo-confirma-que-o-servizo-de-radioloxia-do-hospital-da-marina-manten-a-actividade-ordinaria-e-a-atencion-continuada\\\/#primaryimage\"},\"thumbnailUrl\":\"https:\\\/\\\/ppdegalicia.com\\\/wp-content\\\/uploads\\\/2021\\\/06\\\/990e9b4c0a14720391fb3a41c8578449.jpg\",\"articleSection\":[\"PP de Galicia\"],\"inLanguage\":\"es\",\"potentialAction\":[{\"@type\":\"CommentAction\",\"name\":\"Comment\",\"target\":[\"https:\\\/\\\/ppdegalicia.com\\\/es\\\/encarna-amigo-confirma-que-o-servizo-de-radioloxia-do-hospital-da-marina-manten-a-actividade-ordinaria-e-a-atencion-continuada\\\/#respond\"]}]},{\"@type\":\"WebPage\",\"@id\":\"https:\\\/\\\/ppdegalicia.com\\\/es\\\/encarna-amigo-confirma-que-o-servizo-de-radioloxia-do-hospital-da-marina-manten-a-actividade-ordinaria-e-a-atencion-continuada\\\/\",\"url\":\"https:\\\/\\\/ppdegalicia.com\\\/es\\\/encarna-amigo-confirma-que-o-servizo-de-radioloxia-do-hospital-da-marina-manten-a-actividade-ordinaria-e-a-atencion-continuada\\\/\",\"name\":\"Encarna Amigo confirma que o Servizo de Radiolox\u00eda do Hospital da Mari\u00f1a mant\u00e9n a actividade ordinaria e a atenci\u00f3n continuada - PP de Galicia\",\"isPartOf\":{\"@id\":\"https:\\\/\\\/ppdegalicia.com\\\/es\\\/#website\"},\"primaryImageOfPage\":{\"@id\":\"https:\\\/\\\/ppdegalicia.com\\\/es\\\/encarna-amigo-confirma-que-o-servizo-de-radioloxia-do-hospital-da-marina-manten-a-actividade-ordinaria-e-a-atencion-continuada\\\/#primaryimage\"},\"image\":{\"@id\":\"https:\\\/\\\/ppdegalicia.com\\\/es\\\/encarna-amigo-confirma-que-o-servizo-de-radioloxia-do-hospital-da-marina-manten-a-actividade-ordinaria-e-a-atencion-continuada\\\/#primaryimage\"},\"thumbnailUrl\":\"https:\\\/\\\/ppdegalicia.com\\\/wp-content\\\/uploads\\\/2021\\\/06\\\/990e9b4c0a14720391fb3a41c8578449.jpg\",\"datePublished\":\"2021-06-24T09:08:13+00:00\",\"breadcrumb\":{\"@id\":\"https:\\\/\\\/ppdegalicia.com\\\/es\\\/encarna-amigo-confirma-que-o-servizo-de-radioloxia-do-hospital-da-marina-manten-a-actividade-ordinaria-e-a-atencion-continuada\\\/#breadcrumb\"},\"inLanguage\":\"es\",\"potentialAction\":[{\"@type\":\"ReadAction\",\"target\":[\"https:\\\/\\\/ppdegalicia.com\\\/es\\\/encarna-amigo-confirma-que-o-servizo-de-radioloxia-do-hospital-da-marina-manten-a-actividade-ordinaria-e-a-atencion-continuada\\\/\"]}]},{\"@type\":\"ImageObject\",\"inLanguage\":\"es\",\"@id\":\"https:\\\/\\\/ppdegalicia.com\\\/es\\\/encarna-amigo-confirma-que-o-servizo-de-radioloxia-do-hospital-da-marina-manten-a-actividade-ordinaria-e-a-atencion-continuada\\\/#primaryimage\",\"url\":\"https:\\\/\\\/ppdegalicia.com\\\/wp-content\\\/uploads\\\/2021\\\/06\\\/990e9b4c0a14720391fb3a41c8578449.jpg\",\"contentUrl\":\"https:\\\/\\\/ppdegalicia.com\\\/wp-content\\\/uploads\\\/2021\\\/06\\\/990e9b4c0a14720391fb3a41c8578449.jpg\",\"width\":1900,\"height\":1267},{\"@type\":\"BreadcrumbList\",\"@id\":\"https:\\\/\\\/ppdegalicia.com\\\/es\\\/encarna-amigo-confirma-que-o-servizo-de-radioloxia-do-hospital-da-marina-manten-a-actividade-ordinaria-e-a-atencion-continuada\\\/#breadcrumb\",\"itemListElement\":[{\"@type\":\"ListItem\",\"position\":1,\"name\":\"Portada\",\"item\":\"https:\\\/\\\/ppdegalicia.com\\\/es\\\/\"},{\"@type\":\"ListItem\",\"position\":2,\"name\":\"Encarna Amigo confirma que o Servizo de Radiolox\u00eda do Hospital da Mari\u00f1a mant\u00e9n a actividade ordinaria e a atenci\u00f3n continuada\"}]},{\"@type\":\"WebSite\",\"@id\":\"https:\\\/\\\/ppdegalicia.com\\\/es\\\/#website\",\"url\":\"https:\\\/\\\/ppdegalicia.com\\\/es\\\/\",\"name\":\"Partido Popular de Galicia\",\"description\":\"Partido Popular de Galicia\",\"publisher\":{\"@id\":\"https:\\\/\\\/ppdegalicia.com\\\/es\\\/#organization\"},\"alternateName\":\"PP de Galicia\",\"potentialAction\":[{\"@type\":\"SearchAction\",\"target\":{\"@type\":\"EntryPoint\",\"urlTemplate\":\"https:\\\/\\\/ppdegalicia.com\\\/es\\\/?s={search_term_string}\"},\"query-input\":{\"@type\":\"PropertyValueSpecification\",\"valueRequired\":true,\"valueName\":\"search_term_string\"}}],\"inLanguage\":\"es\"},{\"@type\":\"Organization\",\"@id\":\"https:\\\/\\\/ppdegalicia.com\\\/es\\\/#organization\",\"name\":\"Partido Popular de Galicia\",\"alternateName\":\"PP de Galicia\",\"url\":\"https:\\\/\\\/ppdegalicia.com\\\/es\\\/\",\"logo\":{\"@type\":\"ImageObject\",\"inLanguage\":\"es\",\"@id\":\"https:\\\/\\\/ppdegalicia.com\\\/es\\\/#\\\/schema\\\/logo\\\/image\\\/\",\"url\":\"https:\\\/\\\/ppdegalicia.com\\\/wp-content\\\/uploads\\\/2023\\\/04\\\/logoPP512.png\",\"contentUrl\":\"https:\\\/\\\/ppdegalicia.com\\\/wp-content\\\/uploads\\\/2023\\\/04\\\/logoPP512.png\",\"width\":512,\"height\":512,\"caption\":\"Partido Popular de Galicia\"},\"image\":{\"@id\":\"https:\\\/\\\/ppdegalicia.com\\\/es\\\/#\\\/schema\\\/logo\\\/image\\\/\"},\"sameAs\":[\"https:\\\/\\\/www.instagram.com\\\/ppdegalicia\\\/\",\"https:\\\/\\\/x.com\\\/ppdegalicia\",\"https:\\\/\\\/www.tiktok.com\\\/@ppdegalicia\",\"https:\\\/\\\/www.youtube.com\\\/user\\\/ppdegalicia\"]},{\"@type\":\"Person\",\"@id\":\"https:\\\/\\\/ppdegalicia.com\\\/es\\\/#\\\/schema\\\/person\\\/5b822c6f59e872ebdd1142f307dbcb59\",\"name\":\"ppdegaliciaredes\",\"image\":{\"@type\":\"ImageObject\",\"inLanguage\":\"es\",\"@id\":\"https:\\\/\\\/secure.gravatar.com\\\/avatar\\\/3c9179cf0256d00c72a48d1f25783c58b6842cd56e85ef3a572881c8e28ccd59?s=96&d=mm&r=g\",\"url\":\"https:\\\/\\\/secure.gravatar.com\\\/avatar\\\/3c9179cf0256d00c72a48d1f25783c58b6842cd56e85ef3a572881c8e28ccd59?s=96&d=mm&r=g\",\"contentUrl\":\"https:\\\/\\\/secure.gravatar.com\\\/avatar\\\/3c9179cf0256d00c72a48d1f25783c58b6842cd56e85ef3a572881c8e28ccd59?s=96&d=mm&r=g\",\"caption\":\"ppdegaliciaredes\"},\"url\":\"https:\\\/\\\/ppdegalicia.com\\\/es\\\/author\\\/ppdegaliciaredes\\\/\"}]}<\/script>\n<!-- \/ Yoast SEO plugin. -->","yoast_head_json":{"title":"Encarna Amigo confirma que o Servizo de Radiolox\u00eda do Hospital da Mari\u00f1a mant\u00e9n a actividade ordinaria e a atenci\u00f3n continuada - PP de Galicia","robots":{"index":"index","follow":"follow","max-snippet":"max-snippet:-1","max-image-preview":"max-image-preview:large","max-video-preview":"max-video-preview:-1"},"canonical":"https:\/\/ppdegalicia.com\/es\/encarna-amigo-confirma-que-o-servizo-de-radioloxia-do-hospital-da-marina-manten-a-actividade-ordinaria-e-a-atencion-continuada\/","og_locale":"es_ES","og_type":"article","og_title":"Encarna Amigo confirma que o Servizo de Radiolox\u00eda do Hospital da Mari\u00f1a mant\u00e9n a actividade ordinaria e a atenci\u00f3n continuada - PP de Galicia","og_description":"Santiago, 24 de xu\u00f1o de 2021.- A voceira de Sanidade do Grupo Popular de Galicia confirmou hoxe no Parlamento galego que o Servizo de Radiolox\u00eda do Hospital da Mari\u00f1a mant\u00e9n a actividade ordinaria e a atenci\u00f3n continuada, de tal xeito que os doentes desta comarca nunca tiveron que desprazarse a ning\u00fan outro hospital para a [&hellip;]","og_url":"https:\/\/ppdegalicia.com\/es\/encarna-amigo-confirma-que-o-servizo-de-radioloxia-do-hospital-da-marina-manten-a-actividade-ordinaria-e-a-atencion-continuada\/","og_site_name":"PP de Galicia","article_publisher":"https:\/\/www.instagram.com\/ppdegalicia\/","article_published_time":"2021-06-24T09:08:13+00:00","og_image":[{"width":1900,"height":1267,"url":"https:\/\/ppdegalicia.com\/wp-content\/uploads\/2021\/06\/990e9b4c0a14720391fb3a41c8578449.jpg","type":"image\/jpeg"}],"author":"ppdegaliciaredes","twitter_card":"summary_large_image","twitter_creator":"@ppdegalicia","twitter_site":"@ppdegalicia","twitter_misc":{"Escrito por":"ppdegaliciaredes","Tiempo de lectura":"3 minutos"},"schema":{"@context":"https:\/\/schema.org","@graph":[{"@type":"Article","@id":"https:\/\/ppdegalicia.com\/es\/encarna-amigo-confirma-que-o-servizo-de-radioloxia-do-hospital-da-marina-manten-a-actividade-ordinaria-e-a-atencion-continuada\/#article","isPartOf":{"@id":"https:\/\/ppdegalicia.com\/es\/encarna-amigo-confirma-que-o-servizo-de-radioloxia-do-hospital-da-marina-manten-a-actividade-ordinaria-e-a-atencion-continuada\/"},"author":{"name":"ppdegaliciaredes","@id":"https:\/\/ppdegalicia.com\/es\/#\/schema\/person\/5b822c6f59e872ebdd1142f307dbcb59"},"headline":"Encarna Amigo confirma que o Servizo de Radiolox\u00eda do Hospital da Mari\u00f1a mant\u00e9n a actividade ordinaria e a atenci\u00f3n continuada","datePublished":"2021-06-24T09:08:13+00:00","mainEntityOfPage":{"@id":"https:\/\/ppdegalicia.com\/es\/encarna-amigo-confirma-que-o-servizo-de-radioloxia-do-hospital-da-marina-manten-a-actividade-ordinaria-e-a-atencion-continuada\/"},"wordCount":586,"commentCount":0,"publisher":{"@id":"https:\/\/ppdegalicia.com\/es\/#organization"},"image":{"@id":"https:\/\/ppdegalicia.com\/es\/encarna-amigo-confirma-que-o-servizo-de-radioloxia-do-hospital-da-marina-manten-a-actividade-ordinaria-e-a-atencion-continuada\/#primaryimage"},"thumbnailUrl":"https:\/\/ppdegalicia.com\/wp-content\/uploads\/2021\/06\/990e9b4c0a14720391fb3a41c8578449.jpg","articleSection":["PP de Galicia"],"inLanguage":"es","potentialAction":[{"@type":"CommentAction","name":"Comment","target":["https:\/\/ppdegalicia.com\/es\/encarna-amigo-confirma-que-o-servizo-de-radioloxia-do-hospital-da-marina-manten-a-actividade-ordinaria-e-a-atencion-continuada\/#respond"]}]},{"@type":"WebPage","@id":"https:\/\/ppdegalicia.com\/es\/encarna-amigo-confirma-que-o-servizo-de-radioloxia-do-hospital-da-marina-manten-a-actividade-ordinaria-e-a-atencion-continuada\/","url":"https:\/\/ppdegalicia.com\/es\/encarna-amigo-confirma-que-o-servizo-de-radioloxia-do-hospital-da-marina-manten-a-actividade-ordinaria-e-a-atencion-continuada\/","name":"Encarna Amigo confirma que o Servizo de Radiolox\u00eda do Hospital da Mari\u00f1a mant\u00e9n a actividade ordinaria e a atenci\u00f3n continuada - PP de Galicia","isPartOf":{"@id":"https:\/\/ppdegalicia.com\/es\/#website"},"primaryImageOfPage":{"@id":"https:\/\/ppdegalicia.com\/es\/encarna-amigo-confirma-que-o-servizo-de-radioloxia-do-hospital-da-marina-manten-a-actividade-ordinaria-e-a-atencion-continuada\/#primaryimage"},"image":{"@id":"https:\/\/ppdegalicia.com\/es\/encarna-amigo-confirma-que-o-servizo-de-radioloxia-do-hospital-da-marina-manten-a-actividade-ordinaria-e-a-atencion-continuada\/#primaryimage"},"thumbnailUrl":"https:\/\/ppdegalicia.com\/wp-content\/uploads\/2021\/06\/990e9b4c0a14720391fb3a41c8578449.jpg","datePublished":"2021-06-24T09:08:13+00:00","breadcrumb":{"@id":"https:\/\/ppdegalicia.com\/es\/encarna-amigo-confirma-que-o-servizo-de-radioloxia-do-hospital-da-marina-manten-a-actividade-ordinaria-e-a-atencion-continuada\/#breadcrumb"},"inLanguage":"es","potentialAction":[{"@type":"ReadAction","target":["https:\/\/ppdegalicia.com\/es\/encarna-amigo-confirma-que-o-servizo-de-radioloxia-do-hospital-da-marina-manten-a-actividade-ordinaria-e-a-atencion-continuada\/"]}]},{"@type":"ImageObject","inLanguage":"es","@id":"https:\/\/ppdegalicia.com\/es\/encarna-amigo-confirma-que-o-servizo-de-radioloxia-do-hospital-da-marina-manten-a-actividade-ordinaria-e-a-atencion-continuada\/#primaryimage","url":"https:\/\/ppdegalicia.com\/wp-content\/uploads\/2021\/06\/990e9b4c0a14720391fb3a41c8578449.jpg","contentUrl":"https:\/\/ppdegalicia.com\/wp-content\/uploads\/2021\/06\/990e9b4c0a14720391fb3a41c8578449.jpg","width":1900,"height":1267},{"@type":"BreadcrumbList","@id":"https:\/\/ppdegalicia.com\/es\/encarna-amigo-confirma-que-o-servizo-de-radioloxia-do-hospital-da-marina-manten-a-actividade-ordinaria-e-a-atencion-continuada\/#breadcrumb","itemListElement":[{"@type":"ListItem","position":1,"name":"Portada","item":"https:\/\/ppdegalicia.com\/es\/"},{"@type":"ListItem","position":2,"name":"Encarna Amigo confirma que o Servizo de Radiolox\u00eda do Hospital da Mari\u00f1a mant\u00e9n a actividade ordinaria e a atenci\u00f3n continuada"}]},{"@type":"WebSite","@id":"https:\/\/ppdegalicia.com\/es\/#website","url":"https:\/\/ppdegalicia.com\/es\/","name":"Partido Popular de Galicia","description":"Partido Popular de Galicia","publisher":{"@id":"https:\/\/ppdegalicia.com\/es\/#organization"},"alternateName":"PP de Galicia","potentialAction":[{"@type":"SearchAction","target":{"@type":"EntryPoint","urlTemplate":"https:\/\/ppdegalicia.com\/es\/?s={search_term_string}"},"query-input":{"@type":"PropertyValueSpecification","valueRequired":true,"valueName":"search_term_string"}}],"inLanguage":"es"},{"@type":"Organization","@id":"https:\/\/ppdegalicia.com\/es\/#organization","name":"Partido Popular de Galicia","alternateName":"PP de Galicia","url":"https:\/\/ppdegalicia.com\/es\/","logo":{"@type":"ImageObject","inLanguage":"es","@id":"https:\/\/ppdegalicia.com\/es\/#\/schema\/logo\/image\/","url":"https:\/\/ppdegalicia.com\/wp-content\/uploads\/2023\/04\/logoPP512.png","contentUrl":"https:\/\/ppdegalicia.com\/wp-content\/uploads\/2023\/04\/logoPP512.png","width":512,"height":512,"caption":"Partido Popular de Galicia"},"image":{"@id":"https:\/\/ppdegalicia.com\/es\/#\/schema\/logo\/image\/"},"sameAs":["https:\/\/www.instagram.com\/ppdegalicia\/","https:\/\/x.com\/ppdegalicia","https:\/\/www.tiktok.com\/@ppdegalicia","https:\/\/www.youtube.com\/user\/ppdegalicia"]},{"@type":"Person","@id":"https:\/\/ppdegalicia.com\/es\/#\/schema\/person\/5b822c6f59e872ebdd1142f307dbcb59","name":"ppdegaliciaredes","image":{"@type":"ImageObject","inLanguage":"es","@id":"https:\/\/secure.gravatar.com\/avatar\/3c9179cf0256d00c72a48d1f25783c58b6842cd56e85ef3a572881c8e28ccd59?s=96&d=mm&r=g","url":"https:\/\/secure.gravatar.com\/avatar\/3c9179cf0256d00c72a48d1f25783c58b6842cd56e85ef3a572881c8e28ccd59?s=96&d=mm&r=g","contentUrl":"https:\/\/secure.gravatar.com\/avatar\/3c9179cf0256d00c72a48d1f25783c58b6842cd56e85ef3a572881c8e28ccd59?s=96&d=mm&r=g","caption":"ppdegaliciaredes"},"url":"https:\/\/ppdegalicia.com\/es\/author\/ppdegaliciaredes\/"}]}},"_links":{"self":[{"href":"https:\/\/ppdegalicia.com\/es\/wp-json\/wp\/v2\/posts\/55990","targetHints":{"allow":["GET"]}}],"collection":[{"href":"https:\/\/ppdegalicia.com\/es\/wp-json\/wp\/v2\/posts"}],"about":[{"href":"https:\/\/ppdegalicia.com\/es\/wp-json\/wp\/v2\/types\/post"}],"author":[{"embeddable":true,"href":"https:\/\/ppdegalicia.com\/es\/wp-json\/wp\/v2\/users\/38"}],"replies":[{"embeddable":true,"href":"https:\/\/ppdegalicia.com\/es\/wp-json\/wp\/v2\/comments?post=55990"}],"version-history":[{"count":0,"href":"https:\/\/ppdegalicia.com\/es\/wp-json\/wp\/v2\/posts\/55990\/revisions"}],"wp:featuredmedia":[{"embeddable":true,"href":"https:\/\/ppdegalicia.com\/es\/wp-json\/wp\/v2\/media\/55989"}],"wp:attachment":[{"href":"https:\/\/ppdegalicia.com\/es\/wp-json\/wp\/v2\/media?parent=55990"}],"wp:term":[{"taxonomy":"category","embeddable":true,"href":"https:\/\/ppdegalicia.com\/es\/wp-json\/wp\/v2\/categories?post=55990"},{"taxonomy":"post_tag","embeddable":true,"href":"https:\/\/ppdegalicia.com\/es\/wp-json\/wp\/v2\/tags?post=55990"}],"curies":[{"name":"wp","href":"https:\/\/api.w.org\/{rel}","templated":true}]}}