{"id":56055,"date":"2021-07-07T08:12:20","date_gmt":"2021-07-07T06:12:20","guid":{"rendered":"https:\/\/ppdegalicia.com\/o-parlamento-galego-solicita-ao-goberno-central-que-retire-o-recurso-presentado-contra-o-plan-xeral-de-explotacion-marisqueira-2021-2023\/"},"modified":"2021-07-07T08:12:20","modified_gmt":"2021-07-07T06:12:20","slug":"o-parlamento-galego-solicita-ao-goberno-central-que-retire-o-recurso-presentado-contra-o-plan-xeral-de-explotacion-marisqueira-2021-2023","status":"publish","type":"post","link":"https:\/\/ppdegalicia.com\/es\/o-parlamento-galego-solicita-ao-goberno-central-que-retire-o-recurso-presentado-contra-o-plan-xeral-de-explotacion-marisqueira-2021-2023\/","title":{"rendered":"O Parlamento galego solicita ao Goberno central que retire o recurso presentado contra o Plan Xeral de Explotaci\u00f3n Marisqueira 2021-2023"},"content":{"rendered":"<p><img fetchpriority=\"high\" decoding=\"async\" class=\" size-full wp-image-56054\" src=\"https:\/\/ppdegalicia.com\/wp-content\/uploads\/2021\/07\/10364e4c6e3a2dc9b431285f5eba5647.jpg\" alt=\"\" width=\"1900\" height=\"1267\" srcset=\"https:\/\/ppdegalicia.com\/wp-content\/uploads\/2021\/07\/10364e4c6e3a2dc9b431285f5eba5647.jpg 1900w, https:\/\/ppdegalicia.com\/wp-content\/uploads\/2021\/07\/10364e4c6e3a2dc9b431285f5eba5647-300x200.jpg 300w, https:\/\/ppdegalicia.com\/wp-content\/uploads\/2021\/07\/10364e4c6e3a2dc9b431285f5eba5647-1024x683.jpg 1024w, https:\/\/ppdegalicia.com\/wp-content\/uploads\/2021\/07\/10364e4c6e3a2dc9b431285f5eba5647-768x512.jpg 768w, https:\/\/ppdegalicia.com\/wp-content\/uploads\/2021\/07\/10364e4c6e3a2dc9b431285f5eba5647-1536x1024.jpg 1536w\" sizes=\"(max-width: 1900px) 100vw, 1900px\" \/><\/p>\n<p>Santiago, 6 de xullo de 2021.- O Parlamento de Galicia aprobou hoxe por unanimidade a proposici\u00f3n non de lei do Grupo Popular a trav\u00e9s da que se insta ao Goberno central para que retire, de xeito inmediato, o recurso contencioso-administrativo presentado polo Ministerio de Transici\u00f3n Ecol\u00f3xica e Reto Demogr\u00e1fico dirixido a derrogar o Plan Xeral de Explotaci\u00f3n Marisqueira para o per\u00edodo 2021-2023.<\/p>\n<p><!--more--><\/p>\n<p>\u00a0<\/p>\n<blockquote class=\"twitter-tweet\">\n<p dir=\"ltr\" lang=\"pt\">?O Goberno central protagonizou un ataque inxustificado ao compexo mar-industria, as mariscadoras e mariscadores galegos co recurso contencioso dirixido a derogar o plan de explotaci\u00f3n marisqueira e \u00e9 preciso que o <a href=\"https:\/\/twitter.com\/Par_Gal?ref_src=twsrc%5Etfw\">@Par_Gal<\/a> pida ao Goberno que rectifique, defende <a href=\"https:\/\/twitter.com\/temtem23?ref_src=twsrc%5Etfw\">@temtem23<\/a> <a href=\"https:\/\/t.co\/AD1NKhK7lO\">pic.twitter.com\/AD1NKhK7lO<\/a><\/p>\n<p>\u2014 GrupoPopularGalicia (@GrupoPopularGal) <a href=\"https:\/\/twitter.com\/GrupoPopularGal\/status\/1412368393395740673?ref_src=twsrc%5Etfw\">July 6, 2021<\/a><\/p><\/blockquote>\n<p>As\u00ed mesmo, e coa abstenci\u00f3n do Grupo Socialista, manif\u00e9stase a oposici\u00f3n da C\u00e1mara galega ante un novo ataque inxustificado do Goberno de Espa\u00f1a ao marco competencial vixente, e nomeadamente as competencias exclusivas da Xunta de Galicia, neste caso a trav\u00e9s do complexo mar-industria e, moi en particular, do labor das mariscadoras e mariscadores galegos.<\/p>\n<p>DEFENDER OS INTERESES GALEGOS<\/p>\n<p>A trav\u00e9s da iniciativa do Grupo Popular, solic\u00edtase que o Goberno galego faga p\u00fablico o expediente completo sobre o Plan Xeral de Explotaci\u00f3n Marisqueira 2021- 2023, ao tempo que desenvolva as acci\u00f3ns precisas para defender ata as \u00faltimas instancias os intereses do sector marisqueiro galego. \u201cEstamos a falar dun modelo de xesti\u00f3n dos recursos aut\u00f3nomo, con d\u00e9cadas de historia e baseado na coxesti\u00f3n dos recursos, e que ten demostrado a s\u00faa eficacia\u201d, dixo a portavoz popular do Mar, Teresa Egerique.<\/p>\n<p>Por \u00faltimo, o acordo aprobado hoxe pide ao Goberno do Estado a activaci\u00f3n da Comisi\u00f3n de Transferencias co obxecto de iniciar o procedemento para o traspaso das competencias pendentes a Galicia, nomeadamente, e tal e como se acordou polo pleno do Parlamento no mes de marzo, a xesti\u00f3n do dominio p\u00fablico mar\u00edtimo-terrestre e a ordenaci\u00f3n do sector pesqueiro e de investigaci\u00f3n oceanogr\u00e1fica.<\/p>\n","protected":false},"excerpt":{"rendered":"<p>Santiago, 6 de xullo de 2021.- O Parlamento de Galicia aprobou hoxe por unanimidade a proposici\u00f3n non de lei do Grupo Popular a trav\u00e9s da que se insta ao Goberno central para que retire, de xeito inmediato, o recurso contencioso-administrativo presentado polo Ministerio de Transici\u00f3n Ecol\u00f3xica e Reto Demogr\u00e1fico dirixido a derrogar o Plan Xeral [&hellip;]<\/p>\n","protected":false},"author":38,"featured_media":56054,"comment_status":"open","ping_status":"open","sticky":false,"template":"","format":"standard","meta":{"_acf_changed":false,"footnotes":""},"categories":[1],"tags":[],"class_list":["post-56055","post","type-post","status-publish","format-standard","has-post-thumbnail","hentry","category-pp-de-galicia"],"acf":[],"yoast_head":"<!-- This site is optimized with the Yoast SEO plugin v27.3 - https:\/\/yoast.com\/product\/yoast-seo-wordpress\/ -->\n<title>O Parlamento galego solicita ao Goberno central que retire o recurso presentado contra o Plan Xeral de Explotaci\u00f3n Marisqueira 2021-2023 - PP de Galicia<\/title>\n<meta name=\"robots\" content=\"index, follow, max-snippet:-1, max-image-preview:large, max-video-preview:-1\" \/>\n<link rel=\"canonical\" href=\"https:\/\/ppdegalicia.com\/es\/o-parlamento-galego-solicita-ao-goberno-central-que-retire-o-recurso-presentado-contra-o-plan-xeral-de-explotacion-marisqueira-2021-2023\/\" \/>\n<meta property=\"og:locale\" content=\"es_ES\" \/>\n<meta property=\"og:type\" content=\"article\" \/>\n<meta property=\"og:title\" content=\"O Parlamento galego solicita ao Goberno central que retire o recurso presentado contra o Plan Xeral de Explotaci\u00f3n Marisqueira 2021-2023 - PP de Galicia\" \/>\n<meta property=\"og:description\" content=\"Santiago, 6 de xullo de 2021.- O Parlamento de Galicia aprobou hoxe por unanimidade a proposici\u00f3n non de lei do Grupo Popular a trav\u00e9s da que se insta ao Goberno central para que retire, de xeito inmediato, o recurso contencioso-administrativo presentado polo Ministerio de Transici\u00f3n Ecol\u00f3xica e Reto Demogr\u00e1fico dirixido a derrogar o Plan Xeral [&hellip;]\" \/>\n<meta property=\"og:url\" content=\"https:\/\/ppdegalicia.com\/es\/o-parlamento-galego-solicita-ao-goberno-central-que-retire-o-recurso-presentado-contra-o-plan-xeral-de-explotacion-marisqueira-2021-2023\/\" \/>\n<meta property=\"og:site_name\" content=\"PP de Galicia\" \/>\n<meta property=\"article:publisher\" content=\"https:\/\/www.instagram.com\/ppdegalicia\/\" \/>\n<meta property=\"article:published_time\" content=\"2021-07-07T06:12:20+00:00\" \/>\n<meta property=\"og:image\" content=\"https:\/\/ppdegalicia.com\/wp-content\/uploads\/2021\/07\/10364e4c6e3a2dc9b431285f5eba5647.jpg\" \/>\n\t<meta property=\"og:image:width\" content=\"1900\" \/>\n\t<meta property=\"og:image:height\" content=\"1267\" \/>\n\t<meta property=\"og:image:type\" content=\"image\/jpeg\" \/>\n<meta name=\"author\" content=\"ppdegaliciaredes\" \/>\n<meta name=\"twitter:card\" content=\"summary_large_image\" \/>\n<meta name=\"twitter:creator\" content=\"@ppdegalicia\" \/>\n<meta name=\"twitter:site\" content=\"@ppdegalicia\" \/>\n<meta name=\"twitter:label1\" content=\"Escrito por\" \/>\n\t<meta name=\"twitter:data1\" content=\"ppdegaliciaredes\" \/>\n\t<meta name=\"twitter:label2\" content=\"Tiempo de lectura\" \/>\n\t<meta name=\"twitter:data2\" content=\"2 minutos\" \/>\n<script type=\"application\/ld+json\" class=\"yoast-schema-graph\">{\"@context\":\"https:\\\/\\\/schema.org\",\"@graph\":[{\"@type\":\"Article\",\"@id\":\"https:\\\/\\\/ppdegalicia.com\\\/es\\\/o-parlamento-galego-solicita-ao-goberno-central-que-retire-o-recurso-presentado-contra-o-plan-xeral-de-explotacion-marisqueira-2021-2023\\\/#article\",\"isPartOf\":{\"@id\":\"https:\\\/\\\/ppdegalicia.com\\\/es\\\/o-parlamento-galego-solicita-ao-goberno-central-que-retire-o-recurso-presentado-contra-o-plan-xeral-de-explotacion-marisqueira-2021-2023\\\/\"},\"author\":{\"name\":\"ppdegaliciaredes\",\"@id\":\"https:\\\/\\\/ppdegalicia.com\\\/es\\\/#\\\/schema\\\/person\\\/5b822c6f59e872ebdd1142f307dbcb59\"},\"headline\":\"O Parlamento galego solicita ao Goberno central que retire o recurso presentado contra o Plan Xeral de Explotaci\u00f3n Marisqueira 2021-2023\",\"datePublished\":\"2021-07-07T06:12:20+00:00\",\"mainEntityOfPage\":{\"@id\":\"https:\\\/\\\/ppdegalicia.com\\\/es\\\/o-parlamento-galego-solicita-ao-goberno-central-que-retire-o-recurso-presentado-contra-o-plan-xeral-de-explotacion-marisqueira-2021-2023\\\/\"},\"wordCount\":361,\"commentCount\":0,\"publisher\":{\"@id\":\"https:\\\/\\\/ppdegalicia.com\\\/es\\\/#organization\"},\"image\":{\"@id\":\"https:\\\/\\\/ppdegalicia.com\\\/es\\\/o-parlamento-galego-solicita-ao-goberno-central-que-retire-o-recurso-presentado-contra-o-plan-xeral-de-explotacion-marisqueira-2021-2023\\\/#primaryimage\"},\"thumbnailUrl\":\"https:\\\/\\\/ppdegalicia.com\\\/wp-content\\\/uploads\\\/2021\\\/07\\\/10364e4c6e3a2dc9b431285f5eba5647.jpg\",\"articleSection\":[\"PP de Galicia\"],\"inLanguage\":\"es\",\"potentialAction\":[{\"@type\":\"CommentAction\",\"name\":\"Comment\",\"target\":[\"https:\\\/\\\/ppdegalicia.com\\\/es\\\/o-parlamento-galego-solicita-ao-goberno-central-que-retire-o-recurso-presentado-contra-o-plan-xeral-de-explotacion-marisqueira-2021-2023\\\/#respond\"]}]},{\"@type\":\"WebPage\",\"@id\":\"https:\\\/\\\/ppdegalicia.com\\\/es\\\/o-parlamento-galego-solicita-ao-goberno-central-que-retire-o-recurso-presentado-contra-o-plan-xeral-de-explotacion-marisqueira-2021-2023\\\/\",\"url\":\"https:\\\/\\\/ppdegalicia.com\\\/es\\\/o-parlamento-galego-solicita-ao-goberno-central-que-retire-o-recurso-presentado-contra-o-plan-xeral-de-explotacion-marisqueira-2021-2023\\\/\",\"name\":\"O Parlamento galego solicita ao Goberno central que retire o recurso presentado contra o Plan Xeral de Explotaci\u00f3n Marisqueira 2021-2023 - PP de Galicia\",\"isPartOf\":{\"@id\":\"https:\\\/\\\/ppdegalicia.com\\\/es\\\/#website\"},\"primaryImageOfPage\":{\"@id\":\"https:\\\/\\\/ppdegalicia.com\\\/es\\\/o-parlamento-galego-solicita-ao-goberno-central-que-retire-o-recurso-presentado-contra-o-plan-xeral-de-explotacion-marisqueira-2021-2023\\\/#primaryimage\"},\"image\":{\"@id\":\"https:\\\/\\\/ppdegalicia.com\\\/es\\\/o-parlamento-galego-solicita-ao-goberno-central-que-retire-o-recurso-presentado-contra-o-plan-xeral-de-explotacion-marisqueira-2021-2023\\\/#primaryimage\"},\"thumbnailUrl\":\"https:\\\/\\\/ppdegalicia.com\\\/wp-content\\\/uploads\\\/2021\\\/07\\\/10364e4c6e3a2dc9b431285f5eba5647.jpg\",\"datePublished\":\"2021-07-07T06:12:20+00:00\",\"breadcrumb\":{\"@id\":\"https:\\\/\\\/ppdegalicia.com\\\/es\\\/o-parlamento-galego-solicita-ao-goberno-central-que-retire-o-recurso-presentado-contra-o-plan-xeral-de-explotacion-marisqueira-2021-2023\\\/#breadcrumb\"},\"inLanguage\":\"es\",\"potentialAction\":[{\"@type\":\"ReadAction\",\"target\":[\"https:\\\/\\\/ppdegalicia.com\\\/es\\\/o-parlamento-galego-solicita-ao-goberno-central-que-retire-o-recurso-presentado-contra-o-plan-xeral-de-explotacion-marisqueira-2021-2023\\\/\"]}]},{\"@type\":\"ImageObject\",\"inLanguage\":\"es\",\"@id\":\"https:\\\/\\\/ppdegalicia.com\\\/es\\\/o-parlamento-galego-solicita-ao-goberno-central-que-retire-o-recurso-presentado-contra-o-plan-xeral-de-explotacion-marisqueira-2021-2023\\\/#primaryimage\",\"url\":\"https:\\\/\\\/ppdegalicia.com\\\/wp-content\\\/uploads\\\/2021\\\/07\\\/10364e4c6e3a2dc9b431285f5eba5647.jpg\",\"contentUrl\":\"https:\\\/\\\/ppdegalicia.com\\\/wp-content\\\/uploads\\\/2021\\\/07\\\/10364e4c6e3a2dc9b431285f5eba5647.jpg\",\"width\":1900,\"height\":1267},{\"@type\":\"BreadcrumbList\",\"@id\":\"https:\\\/\\\/ppdegalicia.com\\\/es\\\/o-parlamento-galego-solicita-ao-goberno-central-que-retire-o-recurso-presentado-contra-o-plan-xeral-de-explotacion-marisqueira-2021-2023\\\/#breadcrumb\",\"itemListElement\":[{\"@type\":\"ListItem\",\"position\":1,\"name\":\"Portada\",\"item\":\"https:\\\/\\\/ppdegalicia.com\\\/es\\\/\"},{\"@type\":\"ListItem\",\"position\":2,\"name\":\"O Parlamento galego solicita ao Goberno central que retire o recurso presentado contra o Plan Xeral de Explotaci\u00f3n Marisqueira 2021-2023\"}]},{\"@type\":\"WebSite\",\"@id\":\"https:\\\/\\\/ppdegalicia.com\\\/es\\\/#website\",\"url\":\"https:\\\/\\\/ppdegalicia.com\\\/es\\\/\",\"name\":\"Partido Popular de Galicia\",\"description\":\"Partido Popular de Galicia\",\"publisher\":{\"@id\":\"https:\\\/\\\/ppdegalicia.com\\\/es\\\/#organization\"},\"alternateName\":\"PP de Galicia\",\"potentialAction\":[{\"@type\":\"SearchAction\",\"target\":{\"@type\":\"EntryPoint\",\"urlTemplate\":\"https:\\\/\\\/ppdegalicia.com\\\/es\\\/?s={search_term_string}\"},\"query-input\":{\"@type\":\"PropertyValueSpecification\",\"valueRequired\":true,\"valueName\":\"search_term_string\"}}],\"inLanguage\":\"es\"},{\"@type\":\"Organization\",\"@id\":\"https:\\\/\\\/ppdegalicia.com\\\/es\\\/#organization\",\"name\":\"Partido Popular de Galicia\",\"alternateName\":\"PP de Galicia\",\"url\":\"https:\\\/\\\/ppdegalicia.com\\\/es\\\/\",\"logo\":{\"@type\":\"ImageObject\",\"inLanguage\":\"es\",\"@id\":\"https:\\\/\\\/ppdegalicia.com\\\/es\\\/#\\\/schema\\\/logo\\\/image\\\/\",\"url\":\"https:\\\/\\\/ppdegalicia.com\\\/wp-content\\\/uploads\\\/2023\\\/04\\\/logoPP512.png\",\"contentUrl\":\"https:\\\/\\\/ppdegalicia.com\\\/wp-content\\\/uploads\\\/2023\\\/04\\\/logoPP512.png\",\"width\":512,\"height\":512,\"caption\":\"Partido Popular de Galicia\"},\"image\":{\"@id\":\"https:\\\/\\\/ppdegalicia.com\\\/es\\\/#\\\/schema\\\/logo\\\/image\\\/\"},\"sameAs\":[\"https:\\\/\\\/www.instagram.com\\\/ppdegalicia\\\/\",\"https:\\\/\\\/x.com\\\/ppdegalicia\",\"https:\\\/\\\/www.tiktok.com\\\/@ppdegalicia\",\"https:\\\/\\\/www.youtube.com\\\/user\\\/ppdegalicia\"]},{\"@type\":\"Person\",\"@id\":\"https:\\\/\\\/ppdegalicia.com\\\/es\\\/#\\\/schema\\\/person\\\/5b822c6f59e872ebdd1142f307dbcb59\",\"name\":\"ppdegaliciaredes\",\"image\":{\"@type\":\"ImageObject\",\"inLanguage\":\"es\",\"@id\":\"https:\\\/\\\/secure.gravatar.com\\\/avatar\\\/3c9179cf0256d00c72a48d1f25783c58b6842cd56e85ef3a572881c8e28ccd59?s=96&d=mm&r=g\",\"url\":\"https:\\\/\\\/secure.gravatar.com\\\/avatar\\\/3c9179cf0256d00c72a48d1f25783c58b6842cd56e85ef3a572881c8e28ccd59?s=96&d=mm&r=g\",\"contentUrl\":\"https:\\\/\\\/secure.gravatar.com\\\/avatar\\\/3c9179cf0256d00c72a48d1f25783c58b6842cd56e85ef3a572881c8e28ccd59?s=96&d=mm&r=g\",\"caption\":\"ppdegaliciaredes\"},\"url\":\"https:\\\/\\\/ppdegalicia.com\\\/es\\\/author\\\/ppdegaliciaredes\\\/\"}]}<\/script>\n<!-- \/ Yoast SEO plugin. -->","yoast_head_json":{"title":"O Parlamento galego solicita ao Goberno central que retire o recurso presentado contra o Plan Xeral de Explotaci\u00f3n Marisqueira 2021-2023 - PP de Galicia","robots":{"index":"index","follow":"follow","max-snippet":"max-snippet:-1","max-image-preview":"max-image-preview:large","max-video-preview":"max-video-preview:-1"},"canonical":"https:\/\/ppdegalicia.com\/es\/o-parlamento-galego-solicita-ao-goberno-central-que-retire-o-recurso-presentado-contra-o-plan-xeral-de-explotacion-marisqueira-2021-2023\/","og_locale":"es_ES","og_type":"article","og_title":"O Parlamento galego solicita ao Goberno central que retire o recurso presentado contra o Plan Xeral de Explotaci\u00f3n Marisqueira 2021-2023 - PP de Galicia","og_description":"Santiago, 6 de xullo de 2021.- O Parlamento de Galicia aprobou hoxe por unanimidade a proposici\u00f3n non de lei do Grupo Popular a trav\u00e9s da que se insta ao Goberno central para que retire, de xeito inmediato, o recurso contencioso-administrativo presentado polo Ministerio de Transici\u00f3n Ecol\u00f3xica e Reto Demogr\u00e1fico dirixido a derrogar o Plan Xeral [&hellip;]","og_url":"https:\/\/ppdegalicia.com\/es\/o-parlamento-galego-solicita-ao-goberno-central-que-retire-o-recurso-presentado-contra-o-plan-xeral-de-explotacion-marisqueira-2021-2023\/","og_site_name":"PP de Galicia","article_publisher":"https:\/\/www.instagram.com\/ppdegalicia\/","article_published_time":"2021-07-07T06:12:20+00:00","og_image":[{"width":1900,"height":1267,"url":"https:\/\/ppdegalicia.com\/wp-content\/uploads\/2021\/07\/10364e4c6e3a2dc9b431285f5eba5647.jpg","type":"image\/jpeg"}],"author":"ppdegaliciaredes","twitter_card":"summary_large_image","twitter_creator":"@ppdegalicia","twitter_site":"@ppdegalicia","twitter_misc":{"Escrito por":"ppdegaliciaredes","Tiempo de lectura":"2 minutos"},"schema":{"@context":"https:\/\/schema.org","@graph":[{"@type":"Article","@id":"https:\/\/ppdegalicia.com\/es\/o-parlamento-galego-solicita-ao-goberno-central-que-retire-o-recurso-presentado-contra-o-plan-xeral-de-explotacion-marisqueira-2021-2023\/#article","isPartOf":{"@id":"https:\/\/ppdegalicia.com\/es\/o-parlamento-galego-solicita-ao-goberno-central-que-retire-o-recurso-presentado-contra-o-plan-xeral-de-explotacion-marisqueira-2021-2023\/"},"author":{"name":"ppdegaliciaredes","@id":"https:\/\/ppdegalicia.com\/es\/#\/schema\/person\/5b822c6f59e872ebdd1142f307dbcb59"},"headline":"O Parlamento galego solicita ao Goberno central que retire o recurso presentado contra o Plan Xeral de Explotaci\u00f3n Marisqueira 2021-2023","datePublished":"2021-07-07T06:12:20+00:00","mainEntityOfPage":{"@id":"https:\/\/ppdegalicia.com\/es\/o-parlamento-galego-solicita-ao-goberno-central-que-retire-o-recurso-presentado-contra-o-plan-xeral-de-explotacion-marisqueira-2021-2023\/"},"wordCount":361,"commentCount":0,"publisher":{"@id":"https:\/\/ppdegalicia.com\/es\/#organization"},"image":{"@id":"https:\/\/ppdegalicia.com\/es\/o-parlamento-galego-solicita-ao-goberno-central-que-retire-o-recurso-presentado-contra-o-plan-xeral-de-explotacion-marisqueira-2021-2023\/#primaryimage"},"thumbnailUrl":"https:\/\/ppdegalicia.com\/wp-content\/uploads\/2021\/07\/10364e4c6e3a2dc9b431285f5eba5647.jpg","articleSection":["PP de Galicia"],"inLanguage":"es","potentialAction":[{"@type":"CommentAction","name":"Comment","target":["https:\/\/ppdegalicia.com\/es\/o-parlamento-galego-solicita-ao-goberno-central-que-retire-o-recurso-presentado-contra-o-plan-xeral-de-explotacion-marisqueira-2021-2023\/#respond"]}]},{"@type":"WebPage","@id":"https:\/\/ppdegalicia.com\/es\/o-parlamento-galego-solicita-ao-goberno-central-que-retire-o-recurso-presentado-contra-o-plan-xeral-de-explotacion-marisqueira-2021-2023\/","url":"https:\/\/ppdegalicia.com\/es\/o-parlamento-galego-solicita-ao-goberno-central-que-retire-o-recurso-presentado-contra-o-plan-xeral-de-explotacion-marisqueira-2021-2023\/","name":"O Parlamento galego solicita ao Goberno central que retire o recurso presentado contra o Plan Xeral de Explotaci\u00f3n Marisqueira 2021-2023 - PP de Galicia","isPartOf":{"@id":"https:\/\/ppdegalicia.com\/es\/#website"},"primaryImageOfPage":{"@id":"https:\/\/ppdegalicia.com\/es\/o-parlamento-galego-solicita-ao-goberno-central-que-retire-o-recurso-presentado-contra-o-plan-xeral-de-explotacion-marisqueira-2021-2023\/#primaryimage"},"image":{"@id":"https:\/\/ppdegalicia.com\/es\/o-parlamento-galego-solicita-ao-goberno-central-que-retire-o-recurso-presentado-contra-o-plan-xeral-de-explotacion-marisqueira-2021-2023\/#primaryimage"},"thumbnailUrl":"https:\/\/ppdegalicia.com\/wp-content\/uploads\/2021\/07\/10364e4c6e3a2dc9b431285f5eba5647.jpg","datePublished":"2021-07-07T06:12:20+00:00","breadcrumb":{"@id":"https:\/\/ppdegalicia.com\/es\/o-parlamento-galego-solicita-ao-goberno-central-que-retire-o-recurso-presentado-contra-o-plan-xeral-de-explotacion-marisqueira-2021-2023\/#breadcrumb"},"inLanguage":"es","potentialAction":[{"@type":"ReadAction","target":["https:\/\/ppdegalicia.com\/es\/o-parlamento-galego-solicita-ao-goberno-central-que-retire-o-recurso-presentado-contra-o-plan-xeral-de-explotacion-marisqueira-2021-2023\/"]}]},{"@type":"ImageObject","inLanguage":"es","@id":"https:\/\/ppdegalicia.com\/es\/o-parlamento-galego-solicita-ao-goberno-central-que-retire-o-recurso-presentado-contra-o-plan-xeral-de-explotacion-marisqueira-2021-2023\/#primaryimage","url":"https:\/\/ppdegalicia.com\/wp-content\/uploads\/2021\/07\/10364e4c6e3a2dc9b431285f5eba5647.jpg","contentUrl":"https:\/\/ppdegalicia.com\/wp-content\/uploads\/2021\/07\/10364e4c6e3a2dc9b431285f5eba5647.jpg","width":1900,"height":1267},{"@type":"BreadcrumbList","@id":"https:\/\/ppdegalicia.com\/es\/o-parlamento-galego-solicita-ao-goberno-central-que-retire-o-recurso-presentado-contra-o-plan-xeral-de-explotacion-marisqueira-2021-2023\/#breadcrumb","itemListElement":[{"@type":"ListItem","position":1,"name":"Portada","item":"https:\/\/ppdegalicia.com\/es\/"},{"@type":"ListItem","position":2,"name":"O Parlamento galego solicita ao Goberno central que retire o recurso presentado contra o Plan Xeral de Explotaci\u00f3n Marisqueira 2021-2023"}]},{"@type":"WebSite","@id":"https:\/\/ppdegalicia.com\/es\/#website","url":"https:\/\/ppdegalicia.com\/es\/","name":"Partido Popular de Galicia","description":"Partido Popular de Galicia","publisher":{"@id":"https:\/\/ppdegalicia.com\/es\/#organization"},"alternateName":"PP de Galicia","potentialAction":[{"@type":"SearchAction","target":{"@type":"EntryPoint","urlTemplate":"https:\/\/ppdegalicia.com\/es\/?s={search_term_string}"},"query-input":{"@type":"PropertyValueSpecification","valueRequired":true,"valueName":"search_term_string"}}],"inLanguage":"es"},{"@type":"Organization","@id":"https:\/\/ppdegalicia.com\/es\/#organization","name":"Partido Popular de Galicia","alternateName":"PP de Galicia","url":"https:\/\/ppdegalicia.com\/es\/","logo":{"@type":"ImageObject","inLanguage":"es","@id":"https:\/\/ppdegalicia.com\/es\/#\/schema\/logo\/image\/","url":"https:\/\/ppdegalicia.com\/wp-content\/uploads\/2023\/04\/logoPP512.png","contentUrl":"https:\/\/ppdegalicia.com\/wp-content\/uploads\/2023\/04\/logoPP512.png","width":512,"height":512,"caption":"Partido Popular de Galicia"},"image":{"@id":"https:\/\/ppdegalicia.com\/es\/#\/schema\/logo\/image\/"},"sameAs":["https:\/\/www.instagram.com\/ppdegalicia\/","https:\/\/x.com\/ppdegalicia","https:\/\/www.tiktok.com\/@ppdegalicia","https:\/\/www.youtube.com\/user\/ppdegalicia"]},{"@type":"Person","@id":"https:\/\/ppdegalicia.com\/es\/#\/schema\/person\/5b822c6f59e872ebdd1142f307dbcb59","name":"ppdegaliciaredes","image":{"@type":"ImageObject","inLanguage":"es","@id":"https:\/\/secure.gravatar.com\/avatar\/3c9179cf0256d00c72a48d1f25783c58b6842cd56e85ef3a572881c8e28ccd59?s=96&d=mm&r=g","url":"https:\/\/secure.gravatar.com\/avatar\/3c9179cf0256d00c72a48d1f25783c58b6842cd56e85ef3a572881c8e28ccd59?s=96&d=mm&r=g","contentUrl":"https:\/\/secure.gravatar.com\/avatar\/3c9179cf0256d00c72a48d1f25783c58b6842cd56e85ef3a572881c8e28ccd59?s=96&d=mm&r=g","caption":"ppdegaliciaredes"},"url":"https:\/\/ppdegalicia.com\/es\/author\/ppdegaliciaredes\/"}]}},"_links":{"self":[{"href":"https:\/\/ppdegalicia.com\/es\/wp-json\/wp\/v2\/posts\/56055","targetHints":{"allow":["GET"]}}],"collection":[{"href":"https:\/\/ppdegalicia.com\/es\/wp-json\/wp\/v2\/posts"}],"about":[{"href":"https:\/\/ppdegalicia.com\/es\/wp-json\/wp\/v2\/types\/post"}],"author":[{"embeddable":true,"href":"https:\/\/ppdegalicia.com\/es\/wp-json\/wp\/v2\/users\/38"}],"replies":[{"embeddable":true,"href":"https:\/\/ppdegalicia.com\/es\/wp-json\/wp\/v2\/comments?post=56055"}],"version-history":[{"count":0,"href":"https:\/\/ppdegalicia.com\/es\/wp-json\/wp\/v2\/posts\/56055\/revisions"}],"wp:featuredmedia":[{"embeddable":true,"href":"https:\/\/ppdegalicia.com\/es\/wp-json\/wp\/v2\/media\/56054"}],"wp:attachment":[{"href":"https:\/\/ppdegalicia.com\/es\/wp-json\/wp\/v2\/media?parent=56055"}],"wp:term":[{"taxonomy":"category","embeddable":true,"href":"https:\/\/ppdegalicia.com\/es\/wp-json\/wp\/v2\/categories?post=56055"},{"taxonomy":"post_tag","embeddable":true,"href":"https:\/\/ppdegalicia.com\/es\/wp-json\/wp\/v2\/tags?post=56055"}],"curies":[{"name":"wp","href":"https:\/\/api.w.org\/{rel}","templated":true}]}}