{"id":56061,"date":"2021-07-07T11:41:12","date_gmt":"2021-07-07T09:41:12","guid":{"rendered":"https:\/\/ppdegalicia.com\/o-grupo-popular-demanda-que-a-xunta-apoie-ao-sector-do-videoxogo\/"},"modified":"2021-07-07T11:41:12","modified_gmt":"2021-07-07T09:41:12","slug":"o-grupo-popular-demanda-que-a-xunta-apoie-ao-sector-do-videoxogo","status":"publish","type":"post","link":"https:\/\/ppdegalicia.com\/es\/o-grupo-popular-demanda-que-a-xunta-apoie-ao-sector-do-videoxogo\/","title":{"rendered":"O Grupo Popular demanda que a Xunta apoie ao sector do videoxogo"},"content":{"rendered":"<p><img fetchpriority=\"high\" decoding=\"async\" class=\" size-full wp-image-56060\" src=\"https:\/\/ppdegalicia.com\/wp-content\/uploads\/2021\/07\/49bcf0e5f1da8d3a348b49cba87caf89.jpg\" alt=\"\" width=\"1900\" height=\"1267\" srcset=\"https:\/\/ppdegalicia.com\/wp-content\/uploads\/2021\/07\/49bcf0e5f1da8d3a348b49cba87caf89.jpg 1900w, https:\/\/ppdegalicia.com\/wp-content\/uploads\/2021\/07\/49bcf0e5f1da8d3a348b49cba87caf89-300x200.jpg 300w, https:\/\/ppdegalicia.com\/wp-content\/uploads\/2021\/07\/49bcf0e5f1da8d3a348b49cba87caf89-1024x683.jpg 1024w, https:\/\/ppdegalicia.com\/wp-content\/uploads\/2021\/07\/49bcf0e5f1da8d3a348b49cba87caf89-768x512.jpg 768w, https:\/\/ppdegalicia.com\/wp-content\/uploads\/2021\/07\/49bcf0e5f1da8d3a348b49cba87caf89-1536x1024.jpg 1536w\" sizes=\"(max-width: 1900px) 100vw, 1900px\" \/><\/p>\n<p>Santiago, 7 de xullo de 2021.- O deputado do Grupo Popular Jos\u00e9 Lu\u00eds Ferro insistiu hoxe no Parlamento galego, do mesmo xeito que se recolle no ditame da Comisi\u00f3n de reactivaci\u00f3n econ\u00f3mica, social e cultural de Galicia ante a crise da Covid-19, que a Xunta apoie ao sector do videoxogo para aproveitar as posibilidades de impacto econ\u00f3mico e establecer sinerxias entre os creadores galegos e os profesionais implicados no desenvolvemento tecnol\u00f3xico.<\/p>\n<p><!--more--><\/p>\n<p>\u00a0<\/p>\n<blockquote class=\"twitter-tweet\">\n<p dir=\"ltr\" lang=\"es\">?\u00c9 preciso recordar que Galicia foi a primeira CCAA de Espa\u00f1a cun Plan de Reactivaci\u00f3n Cultural aprobado en abril do ano pasado, de todos os sectores culturais con mais 26M\u20ac ampliado, con importantes axudas ao sector audiovisual, indica Jos\u00e9 Luis Ferro no <a href=\"https:\/\/twitter.com\/Par_Gal?ref_src=twsrc%5Etfw\">@Par_Gal<\/a> <a href=\"https:\/\/t.co\/hgpDw9kWME\">pic.twitter.com\/hgpDw9kWME<\/a><\/p>\n<p>\u2014 GrupoPopularGalicia (@GrupoPopularGal) <a href=\"https:\/\/twitter.com\/GrupoPopularGal\/status\/1412747910228348928?ref_src=twsrc%5Etfw\">July 7, 2021<\/a><\/p><\/blockquote>\n<p>As\u00ed mesmo, demandou a posta en marcha dun programa de ocio interactivo e cultura dixital con li\u00f1as de apoio para este sector emerxente.<\/p>\n<p>\u00a0<\/p>\n<p>Jos\u00e9 Lu\u00eds Ferro lembrou que a Xunta \u201cxa anunciou o pasado ano a posta en marcha dun hub do audiovisual e das industrias creativas, cunha dotaci\u00f3n de 9,6 mill\u00f3ns de euros\u201d, polo que a Administraci\u00f3n galega \u201cleva meses dialogando con todos para avanzar no dese\u00f1o desta iniciativa, con proxectos transversais e outros espec\u00edficos para o sector audiovisual e o dos videoxogos\u201d.<\/p>\n<p>\u00a0<\/p>\n<p><strong>ESTRATEXIA DIXITAL<\/strong><\/p>\n<p>\u00a0<\/p>\n<p>\u201cOs obxectivos concretos son incentivar a creaci\u00f3n e mellorar a competitividade das empresas culturais galegas; favorecer o crecemento econ\u00f3mico e a creaci\u00f3n de emprego; e acoller \u00e1 maior parte da cadea de valor\u201d, concretou.<\/p>\n<p>\u00a0<\/p>\n<p>No \u00e1mbito da dixitalizaci\u00f3n, o deputado popular afirmou que a Xunta traballa de maneira global e transversal ao redor da Estratexia Dixital de Galicia, \u201cun documento en li\u00f1a coas directrices fixadas por Europa que busca situar \u00e1 Comunidade galega como unha rexi\u00f3n de referencia no entorno comunitario onde o uso das tecnolox\u00edas dixitais contrib\u00faa a aumentar a calidade de vida e o desenvolvemento sostible nas s\u00faas tres vertentes: social, econ\u00f3mica e medio ambiental\u201d.<\/p>\n<p>\u00a0<\/p>\n<p>De cara ao futuro, Ferro avanzou que a Xunta xa anunciou que comezar\u00e1 a traballar na futura Lei de transformaci\u00f3n dixital da cultura, ao tempo que afondar\u00e1 na Memoria Dixital de Galicia e potenciando Galiciana, a biblioteca e o arquivo dixital de Galicia.<\/p>\n","protected":false},"excerpt":{"rendered":"<p>Santiago, 7 de xullo de 2021.- O deputado do Grupo Popular Jos\u00e9 Lu\u00eds Ferro insistiu hoxe no Parlamento galego, do mesmo xeito que se recolle no ditame da Comisi\u00f3n de reactivaci\u00f3n econ\u00f3mica, social e cultural de Galicia ante a crise da Covid-19, que a Xunta apoie ao sector do videoxogo para aproveitar as posibilidades de [&hellip;]<\/p>\n","protected":false},"author":38,"featured_media":56060,"comment_status":"open","ping_status":"open","sticky":false,"template":"","format":"standard","meta":{"_acf_changed":false,"footnotes":""},"categories":[1],"tags":[],"class_list":["post-56061","post","type-post","status-publish","format-standard","has-post-thumbnail","hentry","category-pp-de-galicia"],"acf":[],"yoast_head":"<!-- This site is optimized with the Yoast SEO plugin v27.3 - https:\/\/yoast.com\/product\/yoast-seo-wordpress\/ -->\n<title>O Grupo Popular demanda que a Xunta apoie ao sector do videoxogo - PP de Galicia<\/title>\n<meta name=\"robots\" content=\"index, follow, max-snippet:-1, max-image-preview:large, max-video-preview:-1\" \/>\n<link rel=\"canonical\" href=\"https:\/\/ppdegalicia.com\/es\/o-grupo-popular-demanda-que-a-xunta-apoie-ao-sector-do-videoxogo\/\" \/>\n<meta property=\"og:locale\" content=\"es_ES\" \/>\n<meta property=\"og:type\" content=\"article\" \/>\n<meta property=\"og:title\" content=\"O Grupo Popular demanda que a Xunta apoie ao sector do videoxogo - PP de Galicia\" \/>\n<meta property=\"og:description\" content=\"Santiago, 7 de xullo de 2021.- O deputado do Grupo Popular Jos\u00e9 Lu\u00eds Ferro insistiu hoxe no Parlamento galego, do mesmo xeito que se recolle no ditame da Comisi\u00f3n de reactivaci\u00f3n econ\u00f3mica, social e cultural de Galicia ante a crise da Covid-19, que a Xunta apoie ao sector do videoxogo para aproveitar as posibilidades de [&hellip;]\" \/>\n<meta property=\"og:url\" content=\"https:\/\/ppdegalicia.com\/es\/o-grupo-popular-demanda-que-a-xunta-apoie-ao-sector-do-videoxogo\/\" \/>\n<meta property=\"og:site_name\" content=\"PP de Galicia\" \/>\n<meta property=\"article:publisher\" content=\"https:\/\/www.instagram.com\/ppdegalicia\/\" \/>\n<meta property=\"article:published_time\" content=\"2021-07-07T09:41:12+00:00\" \/>\n<meta property=\"og:image\" content=\"https:\/\/ppdegalicia.com\/wp-content\/uploads\/2021\/07\/49bcf0e5f1da8d3a348b49cba87caf89.jpg\" \/>\n\t<meta property=\"og:image:width\" content=\"1900\" \/>\n\t<meta property=\"og:image:height\" content=\"1267\" \/>\n\t<meta property=\"og:image:type\" content=\"image\/jpeg\" \/>\n<meta name=\"author\" content=\"ppdegaliciaredes\" \/>\n<meta name=\"twitter:card\" content=\"summary_large_image\" \/>\n<meta name=\"twitter:creator\" content=\"@ppdegalicia\" \/>\n<meta name=\"twitter:site\" content=\"@ppdegalicia\" \/>\n<meta name=\"twitter:label1\" content=\"Escrito por\" \/>\n\t<meta name=\"twitter:data1\" content=\"ppdegaliciaredes\" \/>\n\t<meta name=\"twitter:label2\" content=\"Tiempo de lectura\" \/>\n\t<meta name=\"twitter:data2\" content=\"2 minutos\" \/>\n<script type=\"application\/ld+json\" class=\"yoast-schema-graph\">{\"@context\":\"https:\\\/\\\/schema.org\",\"@graph\":[{\"@type\":\"Article\",\"@id\":\"https:\\\/\\\/ppdegalicia.com\\\/es\\\/o-grupo-popular-demanda-que-a-xunta-apoie-ao-sector-do-videoxogo\\\/#article\",\"isPartOf\":{\"@id\":\"https:\\\/\\\/ppdegalicia.com\\\/es\\\/o-grupo-popular-demanda-que-a-xunta-apoie-ao-sector-do-videoxogo\\\/\"},\"author\":{\"name\":\"ppdegaliciaredes\",\"@id\":\"https:\\\/\\\/ppdegalicia.com\\\/es\\\/#\\\/schema\\\/person\\\/5b822c6f59e872ebdd1142f307dbcb59\"},\"headline\":\"O Grupo Popular demanda que a Xunta apoie ao sector do videoxogo\",\"datePublished\":\"2021-07-07T09:41:12+00:00\",\"mainEntityOfPage\":{\"@id\":\"https:\\\/\\\/ppdegalicia.com\\\/es\\\/o-grupo-popular-demanda-que-a-xunta-apoie-ao-sector-do-videoxogo\\\/\"},\"wordCount\":392,\"commentCount\":0,\"publisher\":{\"@id\":\"https:\\\/\\\/ppdegalicia.com\\\/es\\\/#organization\"},\"image\":{\"@id\":\"https:\\\/\\\/ppdegalicia.com\\\/es\\\/o-grupo-popular-demanda-que-a-xunta-apoie-ao-sector-do-videoxogo\\\/#primaryimage\"},\"thumbnailUrl\":\"https:\\\/\\\/ppdegalicia.com\\\/wp-content\\\/uploads\\\/2021\\\/07\\\/49bcf0e5f1da8d3a348b49cba87caf89.jpg\",\"articleSection\":[\"PP de Galicia\"],\"inLanguage\":\"es\",\"potentialAction\":[{\"@type\":\"CommentAction\",\"name\":\"Comment\",\"target\":[\"https:\\\/\\\/ppdegalicia.com\\\/es\\\/o-grupo-popular-demanda-que-a-xunta-apoie-ao-sector-do-videoxogo\\\/#respond\"]}]},{\"@type\":\"WebPage\",\"@id\":\"https:\\\/\\\/ppdegalicia.com\\\/es\\\/o-grupo-popular-demanda-que-a-xunta-apoie-ao-sector-do-videoxogo\\\/\",\"url\":\"https:\\\/\\\/ppdegalicia.com\\\/es\\\/o-grupo-popular-demanda-que-a-xunta-apoie-ao-sector-do-videoxogo\\\/\",\"name\":\"O Grupo Popular demanda que a Xunta apoie ao sector do videoxogo - PP de Galicia\",\"isPartOf\":{\"@id\":\"https:\\\/\\\/ppdegalicia.com\\\/es\\\/#website\"},\"primaryImageOfPage\":{\"@id\":\"https:\\\/\\\/ppdegalicia.com\\\/es\\\/o-grupo-popular-demanda-que-a-xunta-apoie-ao-sector-do-videoxogo\\\/#primaryimage\"},\"image\":{\"@id\":\"https:\\\/\\\/ppdegalicia.com\\\/es\\\/o-grupo-popular-demanda-que-a-xunta-apoie-ao-sector-do-videoxogo\\\/#primaryimage\"},\"thumbnailUrl\":\"https:\\\/\\\/ppdegalicia.com\\\/wp-content\\\/uploads\\\/2021\\\/07\\\/49bcf0e5f1da8d3a348b49cba87caf89.jpg\",\"datePublished\":\"2021-07-07T09:41:12+00:00\",\"breadcrumb\":{\"@id\":\"https:\\\/\\\/ppdegalicia.com\\\/es\\\/o-grupo-popular-demanda-que-a-xunta-apoie-ao-sector-do-videoxogo\\\/#breadcrumb\"},\"inLanguage\":\"es\",\"potentialAction\":[{\"@type\":\"ReadAction\",\"target\":[\"https:\\\/\\\/ppdegalicia.com\\\/es\\\/o-grupo-popular-demanda-que-a-xunta-apoie-ao-sector-do-videoxogo\\\/\"]}]},{\"@type\":\"ImageObject\",\"inLanguage\":\"es\",\"@id\":\"https:\\\/\\\/ppdegalicia.com\\\/es\\\/o-grupo-popular-demanda-que-a-xunta-apoie-ao-sector-do-videoxogo\\\/#primaryimage\",\"url\":\"https:\\\/\\\/ppdegalicia.com\\\/wp-content\\\/uploads\\\/2021\\\/07\\\/49bcf0e5f1da8d3a348b49cba87caf89.jpg\",\"contentUrl\":\"https:\\\/\\\/ppdegalicia.com\\\/wp-content\\\/uploads\\\/2021\\\/07\\\/49bcf0e5f1da8d3a348b49cba87caf89.jpg\",\"width\":1900,\"height\":1267},{\"@type\":\"BreadcrumbList\",\"@id\":\"https:\\\/\\\/ppdegalicia.com\\\/es\\\/o-grupo-popular-demanda-que-a-xunta-apoie-ao-sector-do-videoxogo\\\/#breadcrumb\",\"itemListElement\":[{\"@type\":\"ListItem\",\"position\":1,\"name\":\"Portada\",\"item\":\"https:\\\/\\\/ppdegalicia.com\\\/es\\\/\"},{\"@type\":\"ListItem\",\"position\":2,\"name\":\"O Grupo Popular demanda que a Xunta apoie ao sector do videoxogo\"}]},{\"@type\":\"WebSite\",\"@id\":\"https:\\\/\\\/ppdegalicia.com\\\/es\\\/#website\",\"url\":\"https:\\\/\\\/ppdegalicia.com\\\/es\\\/\",\"name\":\"Partido Popular de Galicia\",\"description\":\"Partido Popular de Galicia\",\"publisher\":{\"@id\":\"https:\\\/\\\/ppdegalicia.com\\\/es\\\/#organization\"},\"alternateName\":\"PP de Galicia\",\"potentialAction\":[{\"@type\":\"SearchAction\",\"target\":{\"@type\":\"EntryPoint\",\"urlTemplate\":\"https:\\\/\\\/ppdegalicia.com\\\/es\\\/?s={search_term_string}\"},\"query-input\":{\"@type\":\"PropertyValueSpecification\",\"valueRequired\":true,\"valueName\":\"search_term_string\"}}],\"inLanguage\":\"es\"},{\"@type\":\"Organization\",\"@id\":\"https:\\\/\\\/ppdegalicia.com\\\/es\\\/#organization\",\"name\":\"Partido Popular de Galicia\",\"alternateName\":\"PP de Galicia\",\"url\":\"https:\\\/\\\/ppdegalicia.com\\\/es\\\/\",\"logo\":{\"@type\":\"ImageObject\",\"inLanguage\":\"es\",\"@id\":\"https:\\\/\\\/ppdegalicia.com\\\/es\\\/#\\\/schema\\\/logo\\\/image\\\/\",\"url\":\"https:\\\/\\\/ppdegalicia.com\\\/wp-content\\\/uploads\\\/2023\\\/04\\\/logoPP512.png\",\"contentUrl\":\"https:\\\/\\\/ppdegalicia.com\\\/wp-content\\\/uploads\\\/2023\\\/04\\\/logoPP512.png\",\"width\":512,\"height\":512,\"caption\":\"Partido Popular de Galicia\"},\"image\":{\"@id\":\"https:\\\/\\\/ppdegalicia.com\\\/es\\\/#\\\/schema\\\/logo\\\/image\\\/\"},\"sameAs\":[\"https:\\\/\\\/www.instagram.com\\\/ppdegalicia\\\/\",\"https:\\\/\\\/x.com\\\/ppdegalicia\",\"https:\\\/\\\/www.tiktok.com\\\/@ppdegalicia\",\"https:\\\/\\\/www.youtube.com\\\/user\\\/ppdegalicia\"]},{\"@type\":\"Person\",\"@id\":\"https:\\\/\\\/ppdegalicia.com\\\/es\\\/#\\\/schema\\\/person\\\/5b822c6f59e872ebdd1142f307dbcb59\",\"name\":\"ppdegaliciaredes\",\"image\":{\"@type\":\"ImageObject\",\"inLanguage\":\"es\",\"@id\":\"https:\\\/\\\/secure.gravatar.com\\\/avatar\\\/3c9179cf0256d00c72a48d1f25783c58b6842cd56e85ef3a572881c8e28ccd59?s=96&d=mm&r=g\",\"url\":\"https:\\\/\\\/secure.gravatar.com\\\/avatar\\\/3c9179cf0256d00c72a48d1f25783c58b6842cd56e85ef3a572881c8e28ccd59?s=96&d=mm&r=g\",\"contentUrl\":\"https:\\\/\\\/secure.gravatar.com\\\/avatar\\\/3c9179cf0256d00c72a48d1f25783c58b6842cd56e85ef3a572881c8e28ccd59?s=96&d=mm&r=g\",\"caption\":\"ppdegaliciaredes\"},\"url\":\"https:\\\/\\\/ppdegalicia.com\\\/es\\\/author\\\/ppdegaliciaredes\\\/\"}]}<\/script>\n<!-- \/ Yoast SEO plugin. -->","yoast_head_json":{"title":"O Grupo Popular demanda que a Xunta apoie ao sector do videoxogo - PP de Galicia","robots":{"index":"index","follow":"follow","max-snippet":"max-snippet:-1","max-image-preview":"max-image-preview:large","max-video-preview":"max-video-preview:-1"},"canonical":"https:\/\/ppdegalicia.com\/es\/o-grupo-popular-demanda-que-a-xunta-apoie-ao-sector-do-videoxogo\/","og_locale":"es_ES","og_type":"article","og_title":"O Grupo Popular demanda que a Xunta apoie ao sector do videoxogo - PP de Galicia","og_description":"Santiago, 7 de xullo de 2021.- O deputado do Grupo Popular Jos\u00e9 Lu\u00eds Ferro insistiu hoxe no Parlamento galego, do mesmo xeito que se recolle no ditame da Comisi\u00f3n de reactivaci\u00f3n econ\u00f3mica, social e cultural de Galicia ante a crise da Covid-19, que a Xunta apoie ao sector do videoxogo para aproveitar as posibilidades de [&hellip;]","og_url":"https:\/\/ppdegalicia.com\/es\/o-grupo-popular-demanda-que-a-xunta-apoie-ao-sector-do-videoxogo\/","og_site_name":"PP de Galicia","article_publisher":"https:\/\/www.instagram.com\/ppdegalicia\/","article_published_time":"2021-07-07T09:41:12+00:00","og_image":[{"width":1900,"height":1267,"url":"https:\/\/ppdegalicia.com\/wp-content\/uploads\/2021\/07\/49bcf0e5f1da8d3a348b49cba87caf89.jpg","type":"image\/jpeg"}],"author":"ppdegaliciaredes","twitter_card":"summary_large_image","twitter_creator":"@ppdegalicia","twitter_site":"@ppdegalicia","twitter_misc":{"Escrito por":"ppdegaliciaredes","Tiempo de lectura":"2 minutos"},"schema":{"@context":"https:\/\/schema.org","@graph":[{"@type":"Article","@id":"https:\/\/ppdegalicia.com\/es\/o-grupo-popular-demanda-que-a-xunta-apoie-ao-sector-do-videoxogo\/#article","isPartOf":{"@id":"https:\/\/ppdegalicia.com\/es\/o-grupo-popular-demanda-que-a-xunta-apoie-ao-sector-do-videoxogo\/"},"author":{"name":"ppdegaliciaredes","@id":"https:\/\/ppdegalicia.com\/es\/#\/schema\/person\/5b822c6f59e872ebdd1142f307dbcb59"},"headline":"O Grupo Popular demanda que a Xunta apoie ao sector do videoxogo","datePublished":"2021-07-07T09:41:12+00:00","mainEntityOfPage":{"@id":"https:\/\/ppdegalicia.com\/es\/o-grupo-popular-demanda-que-a-xunta-apoie-ao-sector-do-videoxogo\/"},"wordCount":392,"commentCount":0,"publisher":{"@id":"https:\/\/ppdegalicia.com\/es\/#organization"},"image":{"@id":"https:\/\/ppdegalicia.com\/es\/o-grupo-popular-demanda-que-a-xunta-apoie-ao-sector-do-videoxogo\/#primaryimage"},"thumbnailUrl":"https:\/\/ppdegalicia.com\/wp-content\/uploads\/2021\/07\/49bcf0e5f1da8d3a348b49cba87caf89.jpg","articleSection":["PP de Galicia"],"inLanguage":"es","potentialAction":[{"@type":"CommentAction","name":"Comment","target":["https:\/\/ppdegalicia.com\/es\/o-grupo-popular-demanda-que-a-xunta-apoie-ao-sector-do-videoxogo\/#respond"]}]},{"@type":"WebPage","@id":"https:\/\/ppdegalicia.com\/es\/o-grupo-popular-demanda-que-a-xunta-apoie-ao-sector-do-videoxogo\/","url":"https:\/\/ppdegalicia.com\/es\/o-grupo-popular-demanda-que-a-xunta-apoie-ao-sector-do-videoxogo\/","name":"O Grupo Popular demanda que a Xunta apoie ao sector do videoxogo - PP de Galicia","isPartOf":{"@id":"https:\/\/ppdegalicia.com\/es\/#website"},"primaryImageOfPage":{"@id":"https:\/\/ppdegalicia.com\/es\/o-grupo-popular-demanda-que-a-xunta-apoie-ao-sector-do-videoxogo\/#primaryimage"},"image":{"@id":"https:\/\/ppdegalicia.com\/es\/o-grupo-popular-demanda-que-a-xunta-apoie-ao-sector-do-videoxogo\/#primaryimage"},"thumbnailUrl":"https:\/\/ppdegalicia.com\/wp-content\/uploads\/2021\/07\/49bcf0e5f1da8d3a348b49cba87caf89.jpg","datePublished":"2021-07-07T09:41:12+00:00","breadcrumb":{"@id":"https:\/\/ppdegalicia.com\/es\/o-grupo-popular-demanda-que-a-xunta-apoie-ao-sector-do-videoxogo\/#breadcrumb"},"inLanguage":"es","potentialAction":[{"@type":"ReadAction","target":["https:\/\/ppdegalicia.com\/es\/o-grupo-popular-demanda-que-a-xunta-apoie-ao-sector-do-videoxogo\/"]}]},{"@type":"ImageObject","inLanguage":"es","@id":"https:\/\/ppdegalicia.com\/es\/o-grupo-popular-demanda-que-a-xunta-apoie-ao-sector-do-videoxogo\/#primaryimage","url":"https:\/\/ppdegalicia.com\/wp-content\/uploads\/2021\/07\/49bcf0e5f1da8d3a348b49cba87caf89.jpg","contentUrl":"https:\/\/ppdegalicia.com\/wp-content\/uploads\/2021\/07\/49bcf0e5f1da8d3a348b49cba87caf89.jpg","width":1900,"height":1267},{"@type":"BreadcrumbList","@id":"https:\/\/ppdegalicia.com\/es\/o-grupo-popular-demanda-que-a-xunta-apoie-ao-sector-do-videoxogo\/#breadcrumb","itemListElement":[{"@type":"ListItem","position":1,"name":"Portada","item":"https:\/\/ppdegalicia.com\/es\/"},{"@type":"ListItem","position":2,"name":"O Grupo Popular demanda que a Xunta apoie ao sector do videoxogo"}]},{"@type":"WebSite","@id":"https:\/\/ppdegalicia.com\/es\/#website","url":"https:\/\/ppdegalicia.com\/es\/","name":"Partido Popular de Galicia","description":"Partido Popular de Galicia","publisher":{"@id":"https:\/\/ppdegalicia.com\/es\/#organization"},"alternateName":"PP de Galicia","potentialAction":[{"@type":"SearchAction","target":{"@type":"EntryPoint","urlTemplate":"https:\/\/ppdegalicia.com\/es\/?s={search_term_string}"},"query-input":{"@type":"PropertyValueSpecification","valueRequired":true,"valueName":"search_term_string"}}],"inLanguage":"es"},{"@type":"Organization","@id":"https:\/\/ppdegalicia.com\/es\/#organization","name":"Partido Popular de Galicia","alternateName":"PP de Galicia","url":"https:\/\/ppdegalicia.com\/es\/","logo":{"@type":"ImageObject","inLanguage":"es","@id":"https:\/\/ppdegalicia.com\/es\/#\/schema\/logo\/image\/","url":"https:\/\/ppdegalicia.com\/wp-content\/uploads\/2023\/04\/logoPP512.png","contentUrl":"https:\/\/ppdegalicia.com\/wp-content\/uploads\/2023\/04\/logoPP512.png","width":512,"height":512,"caption":"Partido Popular de Galicia"},"image":{"@id":"https:\/\/ppdegalicia.com\/es\/#\/schema\/logo\/image\/"},"sameAs":["https:\/\/www.instagram.com\/ppdegalicia\/","https:\/\/x.com\/ppdegalicia","https:\/\/www.tiktok.com\/@ppdegalicia","https:\/\/www.youtube.com\/user\/ppdegalicia"]},{"@type":"Person","@id":"https:\/\/ppdegalicia.com\/es\/#\/schema\/person\/5b822c6f59e872ebdd1142f307dbcb59","name":"ppdegaliciaredes","image":{"@type":"ImageObject","inLanguage":"es","@id":"https:\/\/secure.gravatar.com\/avatar\/3c9179cf0256d00c72a48d1f25783c58b6842cd56e85ef3a572881c8e28ccd59?s=96&d=mm&r=g","url":"https:\/\/secure.gravatar.com\/avatar\/3c9179cf0256d00c72a48d1f25783c58b6842cd56e85ef3a572881c8e28ccd59?s=96&d=mm&r=g","contentUrl":"https:\/\/secure.gravatar.com\/avatar\/3c9179cf0256d00c72a48d1f25783c58b6842cd56e85ef3a572881c8e28ccd59?s=96&d=mm&r=g","caption":"ppdegaliciaredes"},"url":"https:\/\/ppdegalicia.com\/es\/author\/ppdegaliciaredes\/"}]}},"_links":{"self":[{"href":"https:\/\/ppdegalicia.com\/es\/wp-json\/wp\/v2\/posts\/56061","targetHints":{"allow":["GET"]}}],"collection":[{"href":"https:\/\/ppdegalicia.com\/es\/wp-json\/wp\/v2\/posts"}],"about":[{"href":"https:\/\/ppdegalicia.com\/es\/wp-json\/wp\/v2\/types\/post"}],"author":[{"embeddable":true,"href":"https:\/\/ppdegalicia.com\/es\/wp-json\/wp\/v2\/users\/38"}],"replies":[{"embeddable":true,"href":"https:\/\/ppdegalicia.com\/es\/wp-json\/wp\/v2\/comments?post=56061"}],"version-history":[{"count":0,"href":"https:\/\/ppdegalicia.com\/es\/wp-json\/wp\/v2\/posts\/56061\/revisions"}],"wp:featuredmedia":[{"embeddable":true,"href":"https:\/\/ppdegalicia.com\/es\/wp-json\/wp\/v2\/media\/56060"}],"wp:attachment":[{"href":"https:\/\/ppdegalicia.com\/es\/wp-json\/wp\/v2\/media?parent=56061"}],"wp:term":[{"taxonomy":"category","embeddable":true,"href":"https:\/\/ppdegalicia.com\/es\/wp-json\/wp\/v2\/categories?post=56061"},{"taxonomy":"post_tag","embeddable":true,"href":"https:\/\/ppdegalicia.com\/es\/wp-json\/wp\/v2\/tags?post=56061"}],"curies":[{"name":"wp","href":"https:\/\/api.w.org\/{rel}","templated":true}]}}