{"id":56067,"date":"2021-07-08T12:45:15","date_gmt":"2021-07-08T10:45:15","guid":{"rendered":"https:\/\/ppdegalicia.com\/o-parlamento-galego-demanda-que-todas-as-administracions-se-involucren-na-organizacion-de-espectaculos-musicais-ao-aire-libre\/"},"modified":"2021-07-08T12:45:15","modified_gmt":"2021-07-08T10:45:15","slug":"o-parlamento-galego-demanda-que-todas-as-administracions-se-involucren-na-organizacion-de-espectaculos-musicais-ao-aire-libre","status":"publish","type":"post","link":"https:\/\/ppdegalicia.com\/es\/o-parlamento-galego-demanda-que-todas-as-administracions-se-involucren-na-organizacion-de-espectaculos-musicais-ao-aire-libre\/","title":{"rendered":"O Parlamento galego demanda que todas as administraci\u00f3ns se involucren na organizaci\u00f3n de espect\u00e1culos musicais ao aire libre"},"content":{"rendered":"<p><img fetchpriority=\"high\" decoding=\"async\" class=\" size-full wp-image-56066\" src=\"https:\/\/ppdegalicia.com\/wp-content\/uploads\/2021\/07\/a2914da49146cf034e91127e198a3335.jpg\" alt=\"\" width=\"1900\" height=\"1267\" srcset=\"https:\/\/ppdegalicia.com\/wp-content\/uploads\/2021\/07\/a2914da49146cf034e91127e198a3335.jpg 1900w, https:\/\/ppdegalicia.com\/wp-content\/uploads\/2021\/07\/a2914da49146cf034e91127e198a3335-300x200.jpg 300w, https:\/\/ppdegalicia.com\/wp-content\/uploads\/2021\/07\/a2914da49146cf034e91127e198a3335-1024x683.jpg 1024w, https:\/\/ppdegalicia.com\/wp-content\/uploads\/2021\/07\/a2914da49146cf034e91127e198a3335-768x512.jpg 768w, https:\/\/ppdegalicia.com\/wp-content\/uploads\/2021\/07\/a2914da49146cf034e91127e198a3335-1536x1024.jpg 1536w\" sizes=\"(max-width: 1900px) 100vw, 1900px\" \/><\/p>\n<p>Santiago, 8 de xullo de 2021.- O Parlamento de Galicia amosou hoxe por unanimidade, a trav\u00e9s dunha proposici\u00f3n non de lei do Grupo Popular, o seu apoio \u00e1s orquestras galegas como un sector econ\u00f3mico de importante valor cultural e tur\u00edstico e puxo de manifesto a importancia de que todas as administraci\u00f3ns, nomeadamente os concellos, se involucren na s\u00faa reactivaci\u00f3n e posibiliten a s\u00faa organizaci\u00f3n, unha vez superadas con \u00e9xito as probas piloto de espect\u00e1culos musicais ao aire libre.<\/p>\n<p><!--more--><\/p>\n<p>O deputado popular Jos\u00e9 Antonio Armada lembrou que \u201ca Xunta foi a primeira administraci\u00f3n auton\u00f3mica en adxudicar axudas espec\u00edficas para as orquestras galegas, un compromiso continuado que se plasmou a trav\u00e9s de numerosas xuntanzas e novas li\u00f1as de apoio que contin\u00faa na actualidade\u201d.<\/p>\n<p>\u00a0<\/p>\n<p><strong>AXUDAS DESDE A XUNTA<\/strong><\/p>\n<p>\u00a0<\/p>\n<p>En concreto, Armada lembrou que a convocatoria de axudas espec\u00edficas para as orquestras da Xunta de Galicia \u201cti\u00f1a como obxectivo que estas formaci\u00f3ns contribu\u00edran a consolidar o Xacobeo 2021-22 como un evento cultural e estrat\u00e9xico para a reactivaci\u00f3n econ\u00f3mica de Galicia, ao tempo que axudar \u00e1 reactivaci\u00f3n deste sector colaborando nos gastos dos eventos que se desenvolvan tanto en Galicia como f\u00f3ra da Comunidade galega\u201d. Estas axudas beneficiaron a m\u00e1is de 50 orquestras, que recibiron un importe total de m\u00e1is de un mill\u00f3n de euros.<\/p>\n<p>\u00a0<\/p>\n<p>As\u00ed mesmo, a Xunta publicou unha convocatoria de axudas para traballadores estacionais de orquestras e espect\u00e1culos afectados polos peches da Covid-19, cun orzamento total de 500.000 euros. A trav\u00e9s desta convocatoria, dirixida aos traballadores que non puideron acollerse aos ERTE polas condici\u00f3ns dos seus contratos, os beneficiarios recib\u00edan 500 euros por cada mensualidade sen actividade.<\/p>\n<p>\u00a0<\/p>\n<p>Jos\u00e9 Antonio Armada considerou \u201cfundamental a implicaci\u00f3n de todas as administraci\u00f3ns, unha vez que a Xunta amosou que est\u00e1 comprometida coas orquestras galegas e cos milleiros de persoas que traballan nelas\u201d. \u201cPara a reactivaci\u00f3n deste sector \u00e9 necesario que participemos todos, con especial menci\u00f3n aos concellos galegos, pois son claves na organizaci\u00f3n deste tipo de espect\u00e1culos\u201d, apuntou.<\/p>\n<p>\u00a0<\/p>\n<p>Deste xeito, afirmou que coa aprobaci\u00f3n deste proposici\u00f3n non de lei \u201cno s\u00f3 queremos que desde o Parlamento galego se defenda \u00e1s orquestras como un sector econ\u00f3mico de importante valor cultural, sen\u00f3n que se manifeste a relevancia de que todas as administraci\u00f3ns, nomeadamente os concellos, se involucren na s\u00faa reactivaci\u00f3n e posibiliten a s\u00faa organizaci\u00f3n\u201d.<\/p>\n","protected":false},"excerpt":{"rendered":"<p>Santiago, 8 de xullo de 2021.- O Parlamento de Galicia amosou hoxe por unanimidade, a trav\u00e9s dunha proposici\u00f3n non de lei do Grupo Popular, o seu apoio \u00e1s orquestras galegas como un sector econ\u00f3mico de importante valor cultural e tur\u00edstico e puxo de manifesto a importancia de que todas as administraci\u00f3ns, nomeadamente os concellos, se [&hellip;]<\/p>\n","protected":false},"author":38,"featured_media":56066,"comment_status":"open","ping_status":"open","sticky":false,"template":"","format":"standard","meta":{"_acf_changed":false,"footnotes":""},"categories":[1],"tags":[],"class_list":["post-56067","post","type-post","status-publish","format-standard","has-post-thumbnail","hentry","category-pp-de-galicia"],"acf":[],"yoast_head":"<!-- This site is optimized with the Yoast SEO plugin v27.3 - https:\/\/yoast.com\/product\/yoast-seo-wordpress\/ -->\n<title>O Parlamento galego demanda que todas as administraci\u00f3ns se involucren na organizaci\u00f3n de espect\u00e1culos musicais ao aire libre - PP de Galicia<\/title>\n<meta name=\"robots\" content=\"index, follow, max-snippet:-1, max-image-preview:large, max-video-preview:-1\" \/>\n<link rel=\"canonical\" href=\"https:\/\/ppdegalicia.com\/es\/o-parlamento-galego-demanda-que-todas-as-administracions-se-involucren-na-organizacion-de-espectaculos-musicais-ao-aire-libre\/\" \/>\n<meta property=\"og:locale\" content=\"es_ES\" \/>\n<meta property=\"og:type\" content=\"article\" \/>\n<meta property=\"og:title\" content=\"O Parlamento galego demanda que todas as administraci\u00f3ns se involucren na organizaci\u00f3n de espect\u00e1culos musicais ao aire libre - PP de Galicia\" \/>\n<meta property=\"og:description\" content=\"Santiago, 8 de xullo de 2021.- O Parlamento de Galicia amosou hoxe por unanimidade, a trav\u00e9s dunha proposici\u00f3n non de lei do Grupo Popular, o seu apoio \u00e1s orquestras galegas como un sector econ\u00f3mico de importante valor cultural e tur\u00edstico e puxo de manifesto a importancia de que todas as administraci\u00f3ns, nomeadamente os concellos, se [&hellip;]\" \/>\n<meta property=\"og:url\" content=\"https:\/\/ppdegalicia.com\/es\/o-parlamento-galego-demanda-que-todas-as-administracions-se-involucren-na-organizacion-de-espectaculos-musicais-ao-aire-libre\/\" \/>\n<meta property=\"og:site_name\" content=\"PP de Galicia\" \/>\n<meta property=\"article:publisher\" content=\"https:\/\/www.instagram.com\/ppdegalicia\/\" \/>\n<meta property=\"article:published_time\" content=\"2021-07-08T10:45:15+00:00\" \/>\n<meta property=\"og:image\" content=\"https:\/\/ppdegalicia.com\/wp-content\/uploads\/2021\/07\/a2914da49146cf034e91127e198a3335.jpg\" \/>\n\t<meta property=\"og:image:width\" content=\"1900\" \/>\n\t<meta property=\"og:image:height\" content=\"1267\" \/>\n\t<meta property=\"og:image:type\" content=\"image\/jpeg\" \/>\n<meta name=\"author\" content=\"ppdegaliciaredes\" \/>\n<meta name=\"twitter:card\" content=\"summary_large_image\" \/>\n<meta name=\"twitter:creator\" content=\"@ppdegalicia\" \/>\n<meta name=\"twitter:site\" content=\"@ppdegalicia\" \/>\n<meta name=\"twitter:label1\" content=\"Escrito por\" \/>\n\t<meta name=\"twitter:data1\" content=\"ppdegaliciaredes\" \/>\n\t<meta name=\"twitter:label2\" content=\"Tiempo de lectura\" \/>\n\t<meta name=\"twitter:data2\" content=\"2 minutos\" \/>\n<script type=\"application\/ld+json\" class=\"yoast-schema-graph\">{\"@context\":\"https:\\\/\\\/schema.org\",\"@graph\":[{\"@type\":\"Article\",\"@id\":\"https:\\\/\\\/ppdegalicia.com\\\/es\\\/o-parlamento-galego-demanda-que-todas-as-administracions-se-involucren-na-organizacion-de-espectaculos-musicais-ao-aire-libre\\\/#article\",\"isPartOf\":{\"@id\":\"https:\\\/\\\/ppdegalicia.com\\\/es\\\/o-parlamento-galego-demanda-que-todas-as-administracions-se-involucren-na-organizacion-de-espectaculos-musicais-ao-aire-libre\\\/\"},\"author\":{\"name\":\"ppdegaliciaredes\",\"@id\":\"https:\\\/\\\/ppdegalicia.com\\\/es\\\/#\\\/schema\\\/person\\\/5b822c6f59e872ebdd1142f307dbcb59\"},\"headline\":\"O Parlamento galego demanda que todas as administraci\u00f3ns se involucren na organizaci\u00f3n de espect\u00e1culos musicais ao aire libre\",\"datePublished\":\"2021-07-08T10:45:15+00:00\",\"mainEntityOfPage\":{\"@id\":\"https:\\\/\\\/ppdegalicia.com\\\/es\\\/o-parlamento-galego-demanda-que-todas-as-administracions-se-involucren-na-organizacion-de-espectaculos-musicais-ao-aire-libre\\\/\"},\"wordCount\":439,\"commentCount\":0,\"publisher\":{\"@id\":\"https:\\\/\\\/ppdegalicia.com\\\/es\\\/#organization\"},\"image\":{\"@id\":\"https:\\\/\\\/ppdegalicia.com\\\/es\\\/o-parlamento-galego-demanda-que-todas-as-administracions-se-involucren-na-organizacion-de-espectaculos-musicais-ao-aire-libre\\\/#primaryimage\"},\"thumbnailUrl\":\"https:\\\/\\\/ppdegalicia.com\\\/wp-content\\\/uploads\\\/2021\\\/07\\\/a2914da49146cf034e91127e198a3335.jpg\",\"articleSection\":[\"PP de Galicia\"],\"inLanguage\":\"es\",\"potentialAction\":[{\"@type\":\"CommentAction\",\"name\":\"Comment\",\"target\":[\"https:\\\/\\\/ppdegalicia.com\\\/es\\\/o-parlamento-galego-demanda-que-todas-as-administracions-se-involucren-na-organizacion-de-espectaculos-musicais-ao-aire-libre\\\/#respond\"]}]},{\"@type\":\"WebPage\",\"@id\":\"https:\\\/\\\/ppdegalicia.com\\\/es\\\/o-parlamento-galego-demanda-que-todas-as-administracions-se-involucren-na-organizacion-de-espectaculos-musicais-ao-aire-libre\\\/\",\"url\":\"https:\\\/\\\/ppdegalicia.com\\\/es\\\/o-parlamento-galego-demanda-que-todas-as-administracions-se-involucren-na-organizacion-de-espectaculos-musicais-ao-aire-libre\\\/\",\"name\":\"O Parlamento galego demanda que todas as administraci\u00f3ns se involucren na organizaci\u00f3n de espect\u00e1culos musicais ao aire libre - PP de Galicia\",\"isPartOf\":{\"@id\":\"https:\\\/\\\/ppdegalicia.com\\\/es\\\/#website\"},\"primaryImageOfPage\":{\"@id\":\"https:\\\/\\\/ppdegalicia.com\\\/es\\\/o-parlamento-galego-demanda-que-todas-as-administracions-se-involucren-na-organizacion-de-espectaculos-musicais-ao-aire-libre\\\/#primaryimage\"},\"image\":{\"@id\":\"https:\\\/\\\/ppdegalicia.com\\\/es\\\/o-parlamento-galego-demanda-que-todas-as-administracions-se-involucren-na-organizacion-de-espectaculos-musicais-ao-aire-libre\\\/#primaryimage\"},\"thumbnailUrl\":\"https:\\\/\\\/ppdegalicia.com\\\/wp-content\\\/uploads\\\/2021\\\/07\\\/a2914da49146cf034e91127e198a3335.jpg\",\"datePublished\":\"2021-07-08T10:45:15+00:00\",\"breadcrumb\":{\"@id\":\"https:\\\/\\\/ppdegalicia.com\\\/es\\\/o-parlamento-galego-demanda-que-todas-as-administracions-se-involucren-na-organizacion-de-espectaculos-musicais-ao-aire-libre\\\/#breadcrumb\"},\"inLanguage\":\"es\",\"potentialAction\":[{\"@type\":\"ReadAction\",\"target\":[\"https:\\\/\\\/ppdegalicia.com\\\/es\\\/o-parlamento-galego-demanda-que-todas-as-administracions-se-involucren-na-organizacion-de-espectaculos-musicais-ao-aire-libre\\\/\"]}]},{\"@type\":\"ImageObject\",\"inLanguage\":\"es\",\"@id\":\"https:\\\/\\\/ppdegalicia.com\\\/es\\\/o-parlamento-galego-demanda-que-todas-as-administracions-se-involucren-na-organizacion-de-espectaculos-musicais-ao-aire-libre\\\/#primaryimage\",\"url\":\"https:\\\/\\\/ppdegalicia.com\\\/wp-content\\\/uploads\\\/2021\\\/07\\\/a2914da49146cf034e91127e198a3335.jpg\",\"contentUrl\":\"https:\\\/\\\/ppdegalicia.com\\\/wp-content\\\/uploads\\\/2021\\\/07\\\/a2914da49146cf034e91127e198a3335.jpg\",\"width\":1900,\"height\":1267},{\"@type\":\"BreadcrumbList\",\"@id\":\"https:\\\/\\\/ppdegalicia.com\\\/es\\\/o-parlamento-galego-demanda-que-todas-as-administracions-se-involucren-na-organizacion-de-espectaculos-musicais-ao-aire-libre\\\/#breadcrumb\",\"itemListElement\":[{\"@type\":\"ListItem\",\"position\":1,\"name\":\"Portada\",\"item\":\"https:\\\/\\\/ppdegalicia.com\\\/es\\\/\"},{\"@type\":\"ListItem\",\"position\":2,\"name\":\"O Parlamento galego demanda que todas as administraci\u00f3ns se involucren na organizaci\u00f3n de espect\u00e1culos musicais ao aire libre\"}]},{\"@type\":\"WebSite\",\"@id\":\"https:\\\/\\\/ppdegalicia.com\\\/es\\\/#website\",\"url\":\"https:\\\/\\\/ppdegalicia.com\\\/es\\\/\",\"name\":\"Partido Popular de Galicia\",\"description\":\"Partido Popular de Galicia\",\"publisher\":{\"@id\":\"https:\\\/\\\/ppdegalicia.com\\\/es\\\/#organization\"},\"alternateName\":\"PP de Galicia\",\"potentialAction\":[{\"@type\":\"SearchAction\",\"target\":{\"@type\":\"EntryPoint\",\"urlTemplate\":\"https:\\\/\\\/ppdegalicia.com\\\/es\\\/?s={search_term_string}\"},\"query-input\":{\"@type\":\"PropertyValueSpecification\",\"valueRequired\":true,\"valueName\":\"search_term_string\"}}],\"inLanguage\":\"es\"},{\"@type\":\"Organization\",\"@id\":\"https:\\\/\\\/ppdegalicia.com\\\/es\\\/#organization\",\"name\":\"Partido Popular de Galicia\",\"alternateName\":\"PP de Galicia\",\"url\":\"https:\\\/\\\/ppdegalicia.com\\\/es\\\/\",\"logo\":{\"@type\":\"ImageObject\",\"inLanguage\":\"es\",\"@id\":\"https:\\\/\\\/ppdegalicia.com\\\/es\\\/#\\\/schema\\\/logo\\\/image\\\/\",\"url\":\"https:\\\/\\\/ppdegalicia.com\\\/wp-content\\\/uploads\\\/2023\\\/04\\\/logoPP512.png\",\"contentUrl\":\"https:\\\/\\\/ppdegalicia.com\\\/wp-content\\\/uploads\\\/2023\\\/04\\\/logoPP512.png\",\"width\":512,\"height\":512,\"caption\":\"Partido Popular de Galicia\"},\"image\":{\"@id\":\"https:\\\/\\\/ppdegalicia.com\\\/es\\\/#\\\/schema\\\/logo\\\/image\\\/\"},\"sameAs\":[\"https:\\\/\\\/www.instagram.com\\\/ppdegalicia\\\/\",\"https:\\\/\\\/x.com\\\/ppdegalicia\",\"https:\\\/\\\/www.tiktok.com\\\/@ppdegalicia\",\"https:\\\/\\\/www.youtube.com\\\/user\\\/ppdegalicia\"]},{\"@type\":\"Person\",\"@id\":\"https:\\\/\\\/ppdegalicia.com\\\/es\\\/#\\\/schema\\\/person\\\/5b822c6f59e872ebdd1142f307dbcb59\",\"name\":\"ppdegaliciaredes\",\"image\":{\"@type\":\"ImageObject\",\"inLanguage\":\"es\",\"@id\":\"https:\\\/\\\/secure.gravatar.com\\\/avatar\\\/3c9179cf0256d00c72a48d1f25783c58b6842cd56e85ef3a572881c8e28ccd59?s=96&d=mm&r=g\",\"url\":\"https:\\\/\\\/secure.gravatar.com\\\/avatar\\\/3c9179cf0256d00c72a48d1f25783c58b6842cd56e85ef3a572881c8e28ccd59?s=96&d=mm&r=g\",\"contentUrl\":\"https:\\\/\\\/secure.gravatar.com\\\/avatar\\\/3c9179cf0256d00c72a48d1f25783c58b6842cd56e85ef3a572881c8e28ccd59?s=96&d=mm&r=g\",\"caption\":\"ppdegaliciaredes\"},\"url\":\"https:\\\/\\\/ppdegalicia.com\\\/es\\\/author\\\/ppdegaliciaredes\\\/\"}]}<\/script>\n<!-- \/ Yoast SEO plugin. -->","yoast_head_json":{"title":"O Parlamento galego demanda que todas as administraci\u00f3ns se involucren na organizaci\u00f3n de espect\u00e1culos musicais ao aire libre - PP de Galicia","robots":{"index":"index","follow":"follow","max-snippet":"max-snippet:-1","max-image-preview":"max-image-preview:large","max-video-preview":"max-video-preview:-1"},"canonical":"https:\/\/ppdegalicia.com\/es\/o-parlamento-galego-demanda-que-todas-as-administracions-se-involucren-na-organizacion-de-espectaculos-musicais-ao-aire-libre\/","og_locale":"es_ES","og_type":"article","og_title":"O Parlamento galego demanda que todas as administraci\u00f3ns se involucren na organizaci\u00f3n de espect\u00e1culos musicais ao aire libre - PP de Galicia","og_description":"Santiago, 8 de xullo de 2021.- O Parlamento de Galicia amosou hoxe por unanimidade, a trav\u00e9s dunha proposici\u00f3n non de lei do Grupo Popular, o seu apoio \u00e1s orquestras galegas como un sector econ\u00f3mico de importante valor cultural e tur\u00edstico e puxo de manifesto a importancia de que todas as administraci\u00f3ns, nomeadamente os concellos, se [&hellip;]","og_url":"https:\/\/ppdegalicia.com\/es\/o-parlamento-galego-demanda-que-todas-as-administracions-se-involucren-na-organizacion-de-espectaculos-musicais-ao-aire-libre\/","og_site_name":"PP de Galicia","article_publisher":"https:\/\/www.instagram.com\/ppdegalicia\/","article_published_time":"2021-07-08T10:45:15+00:00","og_image":[{"width":1900,"height":1267,"url":"https:\/\/ppdegalicia.com\/wp-content\/uploads\/2021\/07\/a2914da49146cf034e91127e198a3335.jpg","type":"image\/jpeg"}],"author":"ppdegaliciaredes","twitter_card":"summary_large_image","twitter_creator":"@ppdegalicia","twitter_site":"@ppdegalicia","twitter_misc":{"Escrito por":"ppdegaliciaredes","Tiempo de lectura":"2 minutos"},"schema":{"@context":"https:\/\/schema.org","@graph":[{"@type":"Article","@id":"https:\/\/ppdegalicia.com\/es\/o-parlamento-galego-demanda-que-todas-as-administracions-se-involucren-na-organizacion-de-espectaculos-musicais-ao-aire-libre\/#article","isPartOf":{"@id":"https:\/\/ppdegalicia.com\/es\/o-parlamento-galego-demanda-que-todas-as-administracions-se-involucren-na-organizacion-de-espectaculos-musicais-ao-aire-libre\/"},"author":{"name":"ppdegaliciaredes","@id":"https:\/\/ppdegalicia.com\/es\/#\/schema\/person\/5b822c6f59e872ebdd1142f307dbcb59"},"headline":"O Parlamento galego demanda que todas as administraci\u00f3ns se involucren na organizaci\u00f3n de espect\u00e1culos musicais ao aire libre","datePublished":"2021-07-08T10:45:15+00:00","mainEntityOfPage":{"@id":"https:\/\/ppdegalicia.com\/es\/o-parlamento-galego-demanda-que-todas-as-administracions-se-involucren-na-organizacion-de-espectaculos-musicais-ao-aire-libre\/"},"wordCount":439,"commentCount":0,"publisher":{"@id":"https:\/\/ppdegalicia.com\/es\/#organization"},"image":{"@id":"https:\/\/ppdegalicia.com\/es\/o-parlamento-galego-demanda-que-todas-as-administracions-se-involucren-na-organizacion-de-espectaculos-musicais-ao-aire-libre\/#primaryimage"},"thumbnailUrl":"https:\/\/ppdegalicia.com\/wp-content\/uploads\/2021\/07\/a2914da49146cf034e91127e198a3335.jpg","articleSection":["PP de Galicia"],"inLanguage":"es","potentialAction":[{"@type":"CommentAction","name":"Comment","target":["https:\/\/ppdegalicia.com\/es\/o-parlamento-galego-demanda-que-todas-as-administracions-se-involucren-na-organizacion-de-espectaculos-musicais-ao-aire-libre\/#respond"]}]},{"@type":"WebPage","@id":"https:\/\/ppdegalicia.com\/es\/o-parlamento-galego-demanda-que-todas-as-administracions-se-involucren-na-organizacion-de-espectaculos-musicais-ao-aire-libre\/","url":"https:\/\/ppdegalicia.com\/es\/o-parlamento-galego-demanda-que-todas-as-administracions-se-involucren-na-organizacion-de-espectaculos-musicais-ao-aire-libre\/","name":"O Parlamento galego demanda que todas as administraci\u00f3ns se involucren na organizaci\u00f3n de espect\u00e1culos musicais ao aire libre - PP de Galicia","isPartOf":{"@id":"https:\/\/ppdegalicia.com\/es\/#website"},"primaryImageOfPage":{"@id":"https:\/\/ppdegalicia.com\/es\/o-parlamento-galego-demanda-que-todas-as-administracions-se-involucren-na-organizacion-de-espectaculos-musicais-ao-aire-libre\/#primaryimage"},"image":{"@id":"https:\/\/ppdegalicia.com\/es\/o-parlamento-galego-demanda-que-todas-as-administracions-se-involucren-na-organizacion-de-espectaculos-musicais-ao-aire-libre\/#primaryimage"},"thumbnailUrl":"https:\/\/ppdegalicia.com\/wp-content\/uploads\/2021\/07\/a2914da49146cf034e91127e198a3335.jpg","datePublished":"2021-07-08T10:45:15+00:00","breadcrumb":{"@id":"https:\/\/ppdegalicia.com\/es\/o-parlamento-galego-demanda-que-todas-as-administracions-se-involucren-na-organizacion-de-espectaculos-musicais-ao-aire-libre\/#breadcrumb"},"inLanguage":"es","potentialAction":[{"@type":"ReadAction","target":["https:\/\/ppdegalicia.com\/es\/o-parlamento-galego-demanda-que-todas-as-administracions-se-involucren-na-organizacion-de-espectaculos-musicais-ao-aire-libre\/"]}]},{"@type":"ImageObject","inLanguage":"es","@id":"https:\/\/ppdegalicia.com\/es\/o-parlamento-galego-demanda-que-todas-as-administracions-se-involucren-na-organizacion-de-espectaculos-musicais-ao-aire-libre\/#primaryimage","url":"https:\/\/ppdegalicia.com\/wp-content\/uploads\/2021\/07\/a2914da49146cf034e91127e198a3335.jpg","contentUrl":"https:\/\/ppdegalicia.com\/wp-content\/uploads\/2021\/07\/a2914da49146cf034e91127e198a3335.jpg","width":1900,"height":1267},{"@type":"BreadcrumbList","@id":"https:\/\/ppdegalicia.com\/es\/o-parlamento-galego-demanda-que-todas-as-administracions-se-involucren-na-organizacion-de-espectaculos-musicais-ao-aire-libre\/#breadcrumb","itemListElement":[{"@type":"ListItem","position":1,"name":"Portada","item":"https:\/\/ppdegalicia.com\/es\/"},{"@type":"ListItem","position":2,"name":"O Parlamento galego demanda que todas as administraci\u00f3ns se involucren na organizaci\u00f3n de espect\u00e1culos musicais ao aire libre"}]},{"@type":"WebSite","@id":"https:\/\/ppdegalicia.com\/es\/#website","url":"https:\/\/ppdegalicia.com\/es\/","name":"Partido Popular de Galicia","description":"Partido Popular de Galicia","publisher":{"@id":"https:\/\/ppdegalicia.com\/es\/#organization"},"alternateName":"PP de Galicia","potentialAction":[{"@type":"SearchAction","target":{"@type":"EntryPoint","urlTemplate":"https:\/\/ppdegalicia.com\/es\/?s={search_term_string}"},"query-input":{"@type":"PropertyValueSpecification","valueRequired":true,"valueName":"search_term_string"}}],"inLanguage":"es"},{"@type":"Organization","@id":"https:\/\/ppdegalicia.com\/es\/#organization","name":"Partido Popular de Galicia","alternateName":"PP de Galicia","url":"https:\/\/ppdegalicia.com\/es\/","logo":{"@type":"ImageObject","inLanguage":"es","@id":"https:\/\/ppdegalicia.com\/es\/#\/schema\/logo\/image\/","url":"https:\/\/ppdegalicia.com\/wp-content\/uploads\/2023\/04\/logoPP512.png","contentUrl":"https:\/\/ppdegalicia.com\/wp-content\/uploads\/2023\/04\/logoPP512.png","width":512,"height":512,"caption":"Partido Popular de Galicia"},"image":{"@id":"https:\/\/ppdegalicia.com\/es\/#\/schema\/logo\/image\/"},"sameAs":["https:\/\/www.instagram.com\/ppdegalicia\/","https:\/\/x.com\/ppdegalicia","https:\/\/www.tiktok.com\/@ppdegalicia","https:\/\/www.youtube.com\/user\/ppdegalicia"]},{"@type":"Person","@id":"https:\/\/ppdegalicia.com\/es\/#\/schema\/person\/5b822c6f59e872ebdd1142f307dbcb59","name":"ppdegaliciaredes","image":{"@type":"ImageObject","inLanguage":"es","@id":"https:\/\/secure.gravatar.com\/avatar\/3c9179cf0256d00c72a48d1f25783c58b6842cd56e85ef3a572881c8e28ccd59?s=96&d=mm&r=g","url":"https:\/\/secure.gravatar.com\/avatar\/3c9179cf0256d00c72a48d1f25783c58b6842cd56e85ef3a572881c8e28ccd59?s=96&d=mm&r=g","contentUrl":"https:\/\/secure.gravatar.com\/avatar\/3c9179cf0256d00c72a48d1f25783c58b6842cd56e85ef3a572881c8e28ccd59?s=96&d=mm&r=g","caption":"ppdegaliciaredes"},"url":"https:\/\/ppdegalicia.com\/es\/author\/ppdegaliciaredes\/"}]}},"_links":{"self":[{"href":"https:\/\/ppdegalicia.com\/es\/wp-json\/wp\/v2\/posts\/56067","targetHints":{"allow":["GET"]}}],"collection":[{"href":"https:\/\/ppdegalicia.com\/es\/wp-json\/wp\/v2\/posts"}],"about":[{"href":"https:\/\/ppdegalicia.com\/es\/wp-json\/wp\/v2\/types\/post"}],"author":[{"embeddable":true,"href":"https:\/\/ppdegalicia.com\/es\/wp-json\/wp\/v2\/users\/38"}],"replies":[{"embeddable":true,"href":"https:\/\/ppdegalicia.com\/es\/wp-json\/wp\/v2\/comments?post=56067"}],"version-history":[{"count":0,"href":"https:\/\/ppdegalicia.com\/es\/wp-json\/wp\/v2\/posts\/56067\/revisions"}],"wp:featuredmedia":[{"embeddable":true,"href":"https:\/\/ppdegalicia.com\/es\/wp-json\/wp\/v2\/media\/56066"}],"wp:attachment":[{"href":"https:\/\/ppdegalicia.com\/es\/wp-json\/wp\/v2\/media?parent=56067"}],"wp:term":[{"taxonomy":"category","embeddable":true,"href":"https:\/\/ppdegalicia.com\/es\/wp-json\/wp\/v2\/categories?post=56067"},{"taxonomy":"post_tag","embeddable":true,"href":"https:\/\/ppdegalicia.com\/es\/wp-json\/wp\/v2\/tags?post=56067"}],"curies":[{"name":"wp","href":"https:\/\/api.w.org\/{rel}","templated":true}]}}