{"id":56069,"date":"2021-07-09T12:26:29","date_gmt":"2021-07-09T10:26:29","guid":{"rendered":"https:\/\/ppdegalicia.com\/tellado-sanchez-puxo-o-estado-ao-servizo-do-psoe-e-galicia-e-unha-das-suas-principais-vitimas\/"},"modified":"2021-07-09T12:26:29","modified_gmt":"2021-07-09T10:26:29","slug":"tellado-sanchez-puxo-o-estado-ao-servizo-do-psoe-e-galicia-e-unha-das-suas-principais-vitimas","status":"publish","type":"post","link":"https:\/\/ppdegalicia.com\/es\/tellado-sanchez-puxo-o-estado-ao-servizo-do-psoe-e-galicia-e-unha-das-suas-principais-vitimas\/","title":{"rendered":"Tellado: \u201cS\u00e1nchez puxo o Estado ao servizo do PSOE e Galicia \u00e9 unha das s\u00faas principais v\u00edtimas\u201d"},"content":{"rendered":"<p><img fetchpriority=\"high\" decoding=\"async\" class=\" size-full wp-image-56068\" src=\"https:\/\/ppdegalicia.com\/wp-content\/uploads\/2021\/07\/ab0a900574424ad987929b81b9c55241.jpg\" alt=\"\" width=\"2048\" height=\"1365\" srcset=\"https:\/\/ppdegalicia.com\/wp-content\/uploads\/2021\/07\/ab0a900574424ad987929b81b9c55241.jpg 2048w, https:\/\/ppdegalicia.com\/wp-content\/uploads\/2021\/07\/ab0a900574424ad987929b81b9c55241-300x200.jpg 300w, https:\/\/ppdegalicia.com\/wp-content\/uploads\/2021\/07\/ab0a900574424ad987929b81b9c55241-1024x683.jpg 1024w, https:\/\/ppdegalicia.com\/wp-content\/uploads\/2021\/07\/ab0a900574424ad987929b81b9c55241-768x512.jpg 768w, https:\/\/ppdegalicia.com\/wp-content\/uploads\/2021\/07\/ab0a900574424ad987929b81b9c55241-1536x1024.jpg 1536w\" sizes=\"(max-width: 2048px) 100vw, 2048px\" \/><\/p>\n<p style=\"text-align: justify;\">O secretario xeral do PPdeG, Miguel Tellado, lamentou que Pedro S\u00e1nchez po\u00f1a o Estado ao servizo do PSOE, sendo Galicia unha das s\u00faas principais v\u00edtimas pola vinganza dun presidente cun territorio que non o vota nin lle serve para manterse na Moncloa. Para exemplificalo, expuxo un dec\u00e1logo de agravios que resume ano e medio de maltrato \u00e1 Comunidade, manifestando que os populares seguir\u00e1n traballando para acabar con esta situaci\u00f3n.<\/p>\n<p><!--more--><\/p>\n<p style=\"text-align: justify;\"><strong><u>\u00a0<\/u><\/strong><\/p>\n<p style=\"text-align: justify;\"><strong><u>OS ORZAMENTOS M\u00c1IS BAIXOS EN 15 ANOS<\/u><\/strong><\/p>\n<p style=\"text-align: justify;\">Acompa\u00f1ado pola deputada nacional Marta Gonz\u00e1lez e polo senador Jos\u00e9 Manuel Barreiro, comezou recordando os Presupostos Xerais do Estado, unhas contas coa menor inversi\u00f3n en Galicia dos \u00faltimos 15 anos. As\u00ed, mentres se aumentou o investimento en case todas as Comunidades, os galegos sufrimos un gran castigo financeiro, un recorte do 11% -fronte ao incremento en Catalu\u00f1a de case un 50%-.<\/p>\n<p style=\"text-align: justify;\"><strong><u>\u00a0<\/u><\/strong><\/p>\n<p style=\"text-align: justify;\"><strong><u>\u00a0<\/u><\/strong><\/p>\n<p style=\"text-align: justify;\"><strong><u>\u00a0<\/u><\/strong><\/p>\n<p style=\"text-align: justify;\"><strong><u>REPARTO INXUSTO DE FONDOS EUROPEOS E IMPAGO DE D\u00c9BEDAS<\/u><\/strong><\/p>\n<p style=\"text-align: justify;\">Tellado cuestionou o reparto inxusto das primeiras fases dos Fondos Europeos, que non atendeu a criterios obxectivos sen\u00f3n partidistas: \u201cRecompensando ou pagando o acordado cos socios que o puxeron no Goberno\u201d.<\/p>\n<p style=\"text-align: justify;\">\u00a0<\/p>\n<p style=\"text-align: justify;\">Igualmente, falou da negativa a pagar as d\u00e9bedas contra\u00eddas polo Estado con Galicia, como os m\u00e1is de 200 mill\u00f3ns de euros das liquidaci\u00f3ns do IVE que agora o Tribunal Supremo lle obriga a pagar, fallando a favor da Xunta.<\/p>\n<p style=\"text-align: justify;\"><strong>\u00a0<\/strong><\/p>\n<p style=\"text-align: justify;\"><strong><u>O BLOQUEO DA REFORMA DA LEI DE SA\u00daDE<\/u><\/strong><\/p>\n<p style=\"text-align: justify;\">En terceiro lugar, afeou o bloqueo do Executivo central \u00e1 reforma da Lei galega de Sa\u00fade, que non ser\u00eda necesaria se este exercera as s\u00faas competencias e cumprira a s\u00faa palabra, adaptando a lexislaci\u00f3n nacional en materia de Sa\u00fade p\u00fablica para asegurar que os mecanismos que combaten a pandemia se usen acorde a dereito e garantindo a seguridade xur\u00eddica. \u201cO Goberno socialista n\u00e9gase a lexislar e evita que o faga Galicia, cun bloqueo partidista e sectario dunha reforma que si avalou noutras Comunidades. S\u00e1nchez \u00e9 a versi\u00f3n moderna do <em>Perro del Hortelano.<\/em> Nin lexisla, nin deixa lexislar. Nin xestiona, nin deixa xestionar\u201d, destacou.<\/p>\n<p style=\"text-align: justify;\"><strong>\u00a0<\/strong><\/p>\n<p style=\"text-align: justify;\"><strong><u>O RETRASO NAS BONIFICACI\u00d3NS E NA TRANSFERENCIA DA AP-9<\/u><\/strong><\/p>\n<p style=\"text-align: justify;\">Por outra banda, criticou o bloqueo do Executivo central durante meses \u00e1 tramitaci\u00f3n da Lei de traspaso da AP-9 que, pola presi\u00f3n dos deputados do PPdeG, tiveron que comezar a tramitar, confirm\u00e1ndose a s\u00faa vontade de enganar aos galegos. De feito, o PSOE simplemente pretende traspasar a responsabilidade da explotaci\u00f3n da autoestrada, sen ningunha capacidade de xesti\u00f3n, algo contrario ao acordado por unanimidade no Parlamento.<\/p>\n<p style=\"text-align: justify;\">\u00a0<\/p>\n<p style=\"text-align: justify;\">En canto aos descontos prometidos nas peaxes, levamos m\u00e1is de 9 meses esperando e, cada d\u00eda que pasan sen aplicarse, os galegos seguimos a sufrir nos petos os prezos dunha das autoestradas m\u00e1is caras de Espa\u00f1a, que ademais viu incrementadas novamente as s\u00faas tarifas no mes de xaneiro.<\/p>\n<p style=\"text-align: justify;\"><u>\u00a0<\/u><\/p>\n<p style=\"text-align: justify;\"><strong><u>O ABANDONO DAS GRANDES INFRAESTRUTURAS<\/u><\/strong><\/p>\n<p style=\"text-align: justify;\">Tellado tam\u00e9n enumerou alg\u00fans dos grandes proxectos comprometidos que o Estado est\u00e1 dilatando no tempo ou bloqueando, como as Autov\u00edas A-56 Lugo-Ourense, a A-54 Lugo-Santiago, a A-76 Ourense-Ponferrada e a A-57, a circunvalaci\u00f3n do Barco, a Variante de Ourense en Eirasvedras, a variante ferroviaria de Ourense e, por suposto, o AVE, cuxa en\u00e9sima promesa \u00e9 que chegar\u00e1 en decembro deste ano a Ourense.<\/p>\n<p style=\"text-align: justify;\">\u00a0<\/p>\n<p style=\"text-align: justify;\"><strong><u>DESASTROSA POL\u00cdTICA INDUSTRIAL E AFUNDIMENTO DE NAVANTIA<\/u><\/strong><\/p>\n<p style=\"text-align: justify;\">\u201cUn dos peores ataques de S\u00e1nchez ao presente e ao futuro de Galicia \u00e9 a s\u00faa devastadora pol\u00edtica enerx\u00e9tica e industrial\u201d, afirmou explicando que a transici\u00f3n ecol\u00f3xica que pretende levar a cabo \u00e9 un atentado ideol\u00f3xico \u00e1 estrutura produtiva e industrial do noso pa\u00eds. Nese senso, como xa ocorreu con Alcoa, Siemens-Gamesa ou Ferroatl\u00e1ntica, fixo fincap\u00e9 en que ENCE e Navantia est\u00e1n v\u00e9ndose abocadas a pechar a s\u00faas plantas por esa pol\u00edtica absolutamente contraditoria e arbitraria do Executivo central.<\/p>\n<p style=\"text-align: justify;\"><strong>\u00a0<\/strong><\/p>\n<p style=\"text-align: justify;\">As\u00ed mesmo, declarou que S\u00e1nchez \u00e9 o campi\u00f3n da perda de contratos de Navantia, deixando pasar dous grandes que ter\u00edan garantido o futuro da compa\u00f1\u00eda, primeiro con EEUU e agora con Grecia. Mentres tanto, lembrou que retrasa <em>sine die<\/em> a construci\u00f3n das Fragatas F-110 -que xa presupostara o Goberno Rajoy- e n\u00e9gase a encargar a construci\u00f3n dun barco-ponte para o Ministerio de Defensa, decisi\u00f3ns que po\u00f1en en risco \u00e1 comarca de Ferrolterra.<\/p>\n<p style=\"text-align: justify;\"><strong>\u00a0<\/strong><\/p>\n<p style=\"text-align: justify;\"><strong><u>A LESIVA LEI DE CAMBIO CLIM\u00c1TICO<\/u><\/strong><\/p>\n<p style=\"text-align: justify;\">Sobre a Lei de Cambio Clim\u00e1tico, o popular indicou que representa o ecoloxismo falso e mal entendido dos socialistas, que non garante nin un modelo m\u00e1is verde e sustentable, nin un futuro para as empresas e traballadores. Esta nova normativa xa afecta a miles de empresas da cadea mar-industria que viron como, da noite \u00e1 ma\u00f1\u00e1, as s\u00faas concesi\u00f3ns se reduciron en m\u00e1is de 40 anos.<\/p>\n<p style=\"text-align: justify;\"><strong>\u00a0<\/strong><\/p>\n<p style=\"text-align: justify;\"><strong><u>O ATAQUE \u00c1 AUTONOM\u00cdA FISCAL GALEGA<\/u><\/strong><\/p>\n<p style=\"text-align: justify;\">O noveno punto -salientou- \u00e9 o ataque \u00e1 nosa autonom\u00eda fiscal coa suposta \u201cLei Antifraude\u201d, unha reforma lexislativa que sup\u00f3n un novo aumento da presi\u00f3n fiscal para os galegos e que ataca ao Estatuto de Autonom\u00eda e ao noso Dereito Civil, que regula as herdanzas en vida. \u201cA \u00fanica prioridade do Goberno socialista \u00e9 recadar\u201d, subli\u00f1ou.<\/p>\n<p style=\"text-align: justify;\">\u00a0<\/p>\n<p style=\"text-align: justify;\"><strong><u>O DESPREZO AO XACOBEO <\/u><\/strong><\/p>\n<p style=\"text-align: justify;\">Por \u00faltimo, puxo en evidencia o abandono ao Xacobeo 2021-2022, un desprezo a unha celebraci\u00f3n reco\u00f1ecida en todo o mundo ao que o Executivo central lle nega a colaboraci\u00f3n e a co-financiaci\u00f3n do Estado, perdendo a ocasi\u00f3n de impulsar un elemento tur\u00edstico \u00fanico, seguro e sustentable como o Cami\u00f1o de Santiago.<\/p>\n","protected":false},"excerpt":{"rendered":"<p>O secretario xeral do PPdeG, Miguel Tellado, lamentou que Pedro S\u00e1nchez po\u00f1a o Estado ao servizo do PSOE, sendo Galicia unha das s\u00faas principais v\u00edtimas pola vinganza dun presidente cun territorio que non o vota nin lle serve para manterse na Moncloa. Para exemplificalo, expuxo un dec\u00e1logo de agravios que resume ano e medio de [&hellip;]<\/p>\n","protected":false},"author":38,"featured_media":56068,"comment_status":"open","ping_status":"open","sticky":false,"template":"","format":"standard","meta":{"_acf_changed":false,"footnotes":""},"categories":[1],"tags":[],"class_list":["post-56069","post","type-post","status-publish","format-standard","has-post-thumbnail","hentry","category-pp-de-galicia"],"acf":[],"yoast_head":"<!-- This site is optimized with the Yoast SEO plugin v27.3 - https:\/\/yoast.com\/product\/yoast-seo-wordpress\/ -->\n<title>Tellado: \u201cS\u00e1nchez puxo o Estado ao servizo do PSOE e Galicia \u00e9 unha das s\u00faas principais v\u00edtimas\u201d - PP de Galicia<\/title>\n<meta name=\"robots\" content=\"index, follow, max-snippet:-1, max-image-preview:large, max-video-preview:-1\" \/>\n<link rel=\"canonical\" href=\"https:\/\/ppdegalicia.com\/es\/tellado-sanchez-puxo-o-estado-ao-servizo-do-psoe-e-galicia-e-unha-das-suas-principais-vitimas\/\" \/>\n<meta property=\"og:locale\" content=\"es_ES\" \/>\n<meta property=\"og:type\" content=\"article\" \/>\n<meta property=\"og:title\" content=\"Tellado: \u201cS\u00e1nchez puxo o Estado ao servizo do PSOE e Galicia \u00e9 unha das s\u00faas principais v\u00edtimas\u201d - PP de Galicia\" \/>\n<meta property=\"og:description\" content=\"O secretario xeral do PPdeG, Miguel Tellado, lamentou que Pedro S\u00e1nchez po\u00f1a o Estado ao servizo do PSOE, sendo Galicia unha das s\u00faas principais v\u00edtimas pola vinganza dun presidente cun territorio que non o vota nin lle serve para manterse na Moncloa. Para exemplificalo, expuxo un dec\u00e1logo de agravios que resume ano e medio de [&hellip;]\" \/>\n<meta property=\"og:url\" content=\"https:\/\/ppdegalicia.com\/es\/tellado-sanchez-puxo-o-estado-ao-servizo-do-psoe-e-galicia-e-unha-das-suas-principais-vitimas\/\" \/>\n<meta property=\"og:site_name\" content=\"PP de Galicia\" \/>\n<meta property=\"article:publisher\" content=\"https:\/\/www.instagram.com\/ppdegalicia\/\" \/>\n<meta property=\"article:published_time\" content=\"2021-07-09T10:26:29+00:00\" \/>\n<meta property=\"og:image\" content=\"https:\/\/ppdegalicia.com\/wp-content\/uploads\/2021\/07\/ab0a900574424ad987929b81b9c55241.jpg\" \/>\n\t<meta property=\"og:image:width\" content=\"2048\" \/>\n\t<meta property=\"og:image:height\" content=\"1365\" \/>\n\t<meta property=\"og:image:type\" content=\"image\/jpeg\" \/>\n<meta name=\"author\" content=\"ppdegaliciaredes\" \/>\n<meta name=\"twitter:card\" content=\"summary_large_image\" \/>\n<meta name=\"twitter:creator\" content=\"@ppdegalicia\" \/>\n<meta name=\"twitter:site\" content=\"@ppdegalicia\" \/>\n<meta name=\"twitter:label1\" content=\"Escrito por\" \/>\n\t<meta name=\"twitter:data1\" content=\"ppdegaliciaredes\" \/>\n\t<meta name=\"twitter:label2\" content=\"Tiempo de lectura\" \/>\n\t<meta name=\"twitter:data2\" content=\"5 minutos\" \/>\n<script type=\"application\/ld+json\" class=\"yoast-schema-graph\">{\"@context\":\"https:\\\/\\\/schema.org\",\"@graph\":[{\"@type\":\"Article\",\"@id\":\"https:\\\/\\\/ppdegalicia.com\\\/es\\\/tellado-sanchez-puxo-o-estado-ao-servizo-do-psoe-e-galicia-e-unha-das-suas-principais-vitimas\\\/#article\",\"isPartOf\":{\"@id\":\"https:\\\/\\\/ppdegalicia.com\\\/es\\\/tellado-sanchez-puxo-o-estado-ao-servizo-do-psoe-e-galicia-e-unha-das-suas-principais-vitimas\\\/\"},\"author\":{\"name\":\"ppdegaliciaredes\",\"@id\":\"https:\\\/\\\/ppdegalicia.com\\\/es\\\/#\\\/schema\\\/person\\\/5b822c6f59e872ebdd1142f307dbcb59\"},\"headline\":\"Tellado: \u201cS\u00e1nchez puxo o Estado ao servizo do PSOE e Galicia \u00e9 unha das s\u00faas principais v\u00edtimas\u201d\",\"datePublished\":\"2021-07-09T10:26:29+00:00\",\"mainEntityOfPage\":{\"@id\":\"https:\\\/\\\/ppdegalicia.com\\\/es\\\/tellado-sanchez-puxo-o-estado-ao-servizo-do-psoe-e-galicia-e-unha-das-suas-principais-vitimas\\\/\"},\"wordCount\":952,\"commentCount\":0,\"publisher\":{\"@id\":\"https:\\\/\\\/ppdegalicia.com\\\/es\\\/#organization\"},\"image\":{\"@id\":\"https:\\\/\\\/ppdegalicia.com\\\/es\\\/tellado-sanchez-puxo-o-estado-ao-servizo-do-psoe-e-galicia-e-unha-das-suas-principais-vitimas\\\/#primaryimage\"},\"thumbnailUrl\":\"https:\\\/\\\/ppdegalicia.com\\\/wp-content\\\/uploads\\\/2021\\\/07\\\/ab0a900574424ad987929b81b9c55241.jpg\",\"articleSection\":[\"PP de Galicia\"],\"inLanguage\":\"es\",\"potentialAction\":[{\"@type\":\"CommentAction\",\"name\":\"Comment\",\"target\":[\"https:\\\/\\\/ppdegalicia.com\\\/es\\\/tellado-sanchez-puxo-o-estado-ao-servizo-do-psoe-e-galicia-e-unha-das-suas-principais-vitimas\\\/#respond\"]}]},{\"@type\":\"WebPage\",\"@id\":\"https:\\\/\\\/ppdegalicia.com\\\/es\\\/tellado-sanchez-puxo-o-estado-ao-servizo-do-psoe-e-galicia-e-unha-das-suas-principais-vitimas\\\/\",\"url\":\"https:\\\/\\\/ppdegalicia.com\\\/es\\\/tellado-sanchez-puxo-o-estado-ao-servizo-do-psoe-e-galicia-e-unha-das-suas-principais-vitimas\\\/\",\"name\":\"Tellado: \u201cS\u00e1nchez puxo o Estado ao servizo do PSOE e Galicia \u00e9 unha das s\u00faas principais v\u00edtimas\u201d - PP de Galicia\",\"isPartOf\":{\"@id\":\"https:\\\/\\\/ppdegalicia.com\\\/es\\\/#website\"},\"primaryImageOfPage\":{\"@id\":\"https:\\\/\\\/ppdegalicia.com\\\/es\\\/tellado-sanchez-puxo-o-estado-ao-servizo-do-psoe-e-galicia-e-unha-das-suas-principais-vitimas\\\/#primaryimage\"},\"image\":{\"@id\":\"https:\\\/\\\/ppdegalicia.com\\\/es\\\/tellado-sanchez-puxo-o-estado-ao-servizo-do-psoe-e-galicia-e-unha-das-suas-principais-vitimas\\\/#primaryimage\"},\"thumbnailUrl\":\"https:\\\/\\\/ppdegalicia.com\\\/wp-content\\\/uploads\\\/2021\\\/07\\\/ab0a900574424ad987929b81b9c55241.jpg\",\"datePublished\":\"2021-07-09T10:26:29+00:00\",\"breadcrumb\":{\"@id\":\"https:\\\/\\\/ppdegalicia.com\\\/es\\\/tellado-sanchez-puxo-o-estado-ao-servizo-do-psoe-e-galicia-e-unha-das-suas-principais-vitimas\\\/#breadcrumb\"},\"inLanguage\":\"es\",\"potentialAction\":[{\"@type\":\"ReadAction\",\"target\":[\"https:\\\/\\\/ppdegalicia.com\\\/es\\\/tellado-sanchez-puxo-o-estado-ao-servizo-do-psoe-e-galicia-e-unha-das-suas-principais-vitimas\\\/\"]}]},{\"@type\":\"ImageObject\",\"inLanguage\":\"es\",\"@id\":\"https:\\\/\\\/ppdegalicia.com\\\/es\\\/tellado-sanchez-puxo-o-estado-ao-servizo-do-psoe-e-galicia-e-unha-das-suas-principais-vitimas\\\/#primaryimage\",\"url\":\"https:\\\/\\\/ppdegalicia.com\\\/wp-content\\\/uploads\\\/2021\\\/07\\\/ab0a900574424ad987929b81b9c55241.jpg\",\"contentUrl\":\"https:\\\/\\\/ppdegalicia.com\\\/wp-content\\\/uploads\\\/2021\\\/07\\\/ab0a900574424ad987929b81b9c55241.jpg\",\"width\":2048,\"height\":1365},{\"@type\":\"BreadcrumbList\",\"@id\":\"https:\\\/\\\/ppdegalicia.com\\\/es\\\/tellado-sanchez-puxo-o-estado-ao-servizo-do-psoe-e-galicia-e-unha-das-suas-principais-vitimas\\\/#breadcrumb\",\"itemListElement\":[{\"@type\":\"ListItem\",\"position\":1,\"name\":\"Portada\",\"item\":\"https:\\\/\\\/ppdegalicia.com\\\/es\\\/\"},{\"@type\":\"ListItem\",\"position\":2,\"name\":\"Tellado: \u201cS\u00e1nchez puxo o Estado ao servizo do PSOE e Galicia \u00e9 unha das s\u00faas principais v\u00edtimas\u201d\"}]},{\"@type\":\"WebSite\",\"@id\":\"https:\\\/\\\/ppdegalicia.com\\\/es\\\/#website\",\"url\":\"https:\\\/\\\/ppdegalicia.com\\\/es\\\/\",\"name\":\"Partido Popular de Galicia\",\"description\":\"Partido Popular de Galicia\",\"publisher\":{\"@id\":\"https:\\\/\\\/ppdegalicia.com\\\/es\\\/#organization\"},\"alternateName\":\"PP de Galicia\",\"potentialAction\":[{\"@type\":\"SearchAction\",\"target\":{\"@type\":\"EntryPoint\",\"urlTemplate\":\"https:\\\/\\\/ppdegalicia.com\\\/es\\\/?s={search_term_string}\"},\"query-input\":{\"@type\":\"PropertyValueSpecification\",\"valueRequired\":true,\"valueName\":\"search_term_string\"}}],\"inLanguage\":\"es\"},{\"@type\":\"Organization\",\"@id\":\"https:\\\/\\\/ppdegalicia.com\\\/es\\\/#organization\",\"name\":\"Partido Popular de Galicia\",\"alternateName\":\"PP de Galicia\",\"url\":\"https:\\\/\\\/ppdegalicia.com\\\/es\\\/\",\"logo\":{\"@type\":\"ImageObject\",\"inLanguage\":\"es\",\"@id\":\"https:\\\/\\\/ppdegalicia.com\\\/es\\\/#\\\/schema\\\/logo\\\/image\\\/\",\"url\":\"https:\\\/\\\/ppdegalicia.com\\\/wp-content\\\/uploads\\\/2023\\\/04\\\/logoPP512.png\",\"contentUrl\":\"https:\\\/\\\/ppdegalicia.com\\\/wp-content\\\/uploads\\\/2023\\\/04\\\/logoPP512.png\",\"width\":512,\"height\":512,\"caption\":\"Partido Popular de Galicia\"},\"image\":{\"@id\":\"https:\\\/\\\/ppdegalicia.com\\\/es\\\/#\\\/schema\\\/logo\\\/image\\\/\"},\"sameAs\":[\"https:\\\/\\\/www.instagram.com\\\/ppdegalicia\\\/\",\"https:\\\/\\\/x.com\\\/ppdegalicia\",\"https:\\\/\\\/www.tiktok.com\\\/@ppdegalicia\",\"https:\\\/\\\/www.youtube.com\\\/user\\\/ppdegalicia\"]},{\"@type\":\"Person\",\"@id\":\"https:\\\/\\\/ppdegalicia.com\\\/es\\\/#\\\/schema\\\/person\\\/5b822c6f59e872ebdd1142f307dbcb59\",\"name\":\"ppdegaliciaredes\",\"image\":{\"@type\":\"ImageObject\",\"inLanguage\":\"es\",\"@id\":\"https:\\\/\\\/secure.gravatar.com\\\/avatar\\\/3c9179cf0256d00c72a48d1f25783c58b6842cd56e85ef3a572881c8e28ccd59?s=96&d=mm&r=g\",\"url\":\"https:\\\/\\\/secure.gravatar.com\\\/avatar\\\/3c9179cf0256d00c72a48d1f25783c58b6842cd56e85ef3a572881c8e28ccd59?s=96&d=mm&r=g\",\"contentUrl\":\"https:\\\/\\\/secure.gravatar.com\\\/avatar\\\/3c9179cf0256d00c72a48d1f25783c58b6842cd56e85ef3a572881c8e28ccd59?s=96&d=mm&r=g\",\"caption\":\"ppdegaliciaredes\"},\"url\":\"https:\\\/\\\/ppdegalicia.com\\\/es\\\/author\\\/ppdegaliciaredes\\\/\"}]}<\/script>\n<!-- \/ Yoast SEO plugin. -->","yoast_head_json":{"title":"Tellado: \u201cS\u00e1nchez puxo o Estado ao servizo do PSOE e Galicia \u00e9 unha das s\u00faas principais v\u00edtimas\u201d - PP de Galicia","robots":{"index":"index","follow":"follow","max-snippet":"max-snippet:-1","max-image-preview":"max-image-preview:large","max-video-preview":"max-video-preview:-1"},"canonical":"https:\/\/ppdegalicia.com\/es\/tellado-sanchez-puxo-o-estado-ao-servizo-do-psoe-e-galicia-e-unha-das-suas-principais-vitimas\/","og_locale":"es_ES","og_type":"article","og_title":"Tellado: \u201cS\u00e1nchez puxo o Estado ao servizo do PSOE e Galicia \u00e9 unha das s\u00faas principais v\u00edtimas\u201d - PP de Galicia","og_description":"O secretario xeral do PPdeG, Miguel Tellado, lamentou que Pedro S\u00e1nchez po\u00f1a o Estado ao servizo do PSOE, sendo Galicia unha das s\u00faas principais v\u00edtimas pola vinganza dun presidente cun territorio que non o vota nin lle serve para manterse na Moncloa. Para exemplificalo, expuxo un dec\u00e1logo de agravios que resume ano e medio de [&hellip;]","og_url":"https:\/\/ppdegalicia.com\/es\/tellado-sanchez-puxo-o-estado-ao-servizo-do-psoe-e-galicia-e-unha-das-suas-principais-vitimas\/","og_site_name":"PP de Galicia","article_publisher":"https:\/\/www.instagram.com\/ppdegalicia\/","article_published_time":"2021-07-09T10:26:29+00:00","og_image":[{"width":2048,"height":1365,"url":"https:\/\/ppdegalicia.com\/wp-content\/uploads\/2021\/07\/ab0a900574424ad987929b81b9c55241.jpg","type":"image\/jpeg"}],"author":"ppdegaliciaredes","twitter_card":"summary_large_image","twitter_creator":"@ppdegalicia","twitter_site":"@ppdegalicia","twitter_misc":{"Escrito por":"ppdegaliciaredes","Tiempo de lectura":"5 minutos"},"schema":{"@context":"https:\/\/schema.org","@graph":[{"@type":"Article","@id":"https:\/\/ppdegalicia.com\/es\/tellado-sanchez-puxo-o-estado-ao-servizo-do-psoe-e-galicia-e-unha-das-suas-principais-vitimas\/#article","isPartOf":{"@id":"https:\/\/ppdegalicia.com\/es\/tellado-sanchez-puxo-o-estado-ao-servizo-do-psoe-e-galicia-e-unha-das-suas-principais-vitimas\/"},"author":{"name":"ppdegaliciaredes","@id":"https:\/\/ppdegalicia.com\/es\/#\/schema\/person\/5b822c6f59e872ebdd1142f307dbcb59"},"headline":"Tellado: \u201cS\u00e1nchez puxo o Estado ao servizo do PSOE e Galicia \u00e9 unha das s\u00faas principais v\u00edtimas\u201d","datePublished":"2021-07-09T10:26:29+00:00","mainEntityOfPage":{"@id":"https:\/\/ppdegalicia.com\/es\/tellado-sanchez-puxo-o-estado-ao-servizo-do-psoe-e-galicia-e-unha-das-suas-principais-vitimas\/"},"wordCount":952,"commentCount":0,"publisher":{"@id":"https:\/\/ppdegalicia.com\/es\/#organization"},"image":{"@id":"https:\/\/ppdegalicia.com\/es\/tellado-sanchez-puxo-o-estado-ao-servizo-do-psoe-e-galicia-e-unha-das-suas-principais-vitimas\/#primaryimage"},"thumbnailUrl":"https:\/\/ppdegalicia.com\/wp-content\/uploads\/2021\/07\/ab0a900574424ad987929b81b9c55241.jpg","articleSection":["PP de Galicia"],"inLanguage":"es","potentialAction":[{"@type":"CommentAction","name":"Comment","target":["https:\/\/ppdegalicia.com\/es\/tellado-sanchez-puxo-o-estado-ao-servizo-do-psoe-e-galicia-e-unha-das-suas-principais-vitimas\/#respond"]}]},{"@type":"WebPage","@id":"https:\/\/ppdegalicia.com\/es\/tellado-sanchez-puxo-o-estado-ao-servizo-do-psoe-e-galicia-e-unha-das-suas-principais-vitimas\/","url":"https:\/\/ppdegalicia.com\/es\/tellado-sanchez-puxo-o-estado-ao-servizo-do-psoe-e-galicia-e-unha-das-suas-principais-vitimas\/","name":"Tellado: \u201cS\u00e1nchez puxo o Estado ao servizo do PSOE e Galicia \u00e9 unha das s\u00faas principais v\u00edtimas\u201d - PP de Galicia","isPartOf":{"@id":"https:\/\/ppdegalicia.com\/es\/#website"},"primaryImageOfPage":{"@id":"https:\/\/ppdegalicia.com\/es\/tellado-sanchez-puxo-o-estado-ao-servizo-do-psoe-e-galicia-e-unha-das-suas-principais-vitimas\/#primaryimage"},"image":{"@id":"https:\/\/ppdegalicia.com\/es\/tellado-sanchez-puxo-o-estado-ao-servizo-do-psoe-e-galicia-e-unha-das-suas-principais-vitimas\/#primaryimage"},"thumbnailUrl":"https:\/\/ppdegalicia.com\/wp-content\/uploads\/2021\/07\/ab0a900574424ad987929b81b9c55241.jpg","datePublished":"2021-07-09T10:26:29+00:00","breadcrumb":{"@id":"https:\/\/ppdegalicia.com\/es\/tellado-sanchez-puxo-o-estado-ao-servizo-do-psoe-e-galicia-e-unha-das-suas-principais-vitimas\/#breadcrumb"},"inLanguage":"es","potentialAction":[{"@type":"ReadAction","target":["https:\/\/ppdegalicia.com\/es\/tellado-sanchez-puxo-o-estado-ao-servizo-do-psoe-e-galicia-e-unha-das-suas-principais-vitimas\/"]}]},{"@type":"ImageObject","inLanguage":"es","@id":"https:\/\/ppdegalicia.com\/es\/tellado-sanchez-puxo-o-estado-ao-servizo-do-psoe-e-galicia-e-unha-das-suas-principais-vitimas\/#primaryimage","url":"https:\/\/ppdegalicia.com\/wp-content\/uploads\/2021\/07\/ab0a900574424ad987929b81b9c55241.jpg","contentUrl":"https:\/\/ppdegalicia.com\/wp-content\/uploads\/2021\/07\/ab0a900574424ad987929b81b9c55241.jpg","width":2048,"height":1365},{"@type":"BreadcrumbList","@id":"https:\/\/ppdegalicia.com\/es\/tellado-sanchez-puxo-o-estado-ao-servizo-do-psoe-e-galicia-e-unha-das-suas-principais-vitimas\/#breadcrumb","itemListElement":[{"@type":"ListItem","position":1,"name":"Portada","item":"https:\/\/ppdegalicia.com\/es\/"},{"@type":"ListItem","position":2,"name":"Tellado: \u201cS\u00e1nchez puxo o Estado ao servizo do PSOE e Galicia \u00e9 unha das s\u00faas principais v\u00edtimas\u201d"}]},{"@type":"WebSite","@id":"https:\/\/ppdegalicia.com\/es\/#website","url":"https:\/\/ppdegalicia.com\/es\/","name":"Partido Popular de Galicia","description":"Partido Popular de Galicia","publisher":{"@id":"https:\/\/ppdegalicia.com\/es\/#organization"},"alternateName":"PP de Galicia","potentialAction":[{"@type":"SearchAction","target":{"@type":"EntryPoint","urlTemplate":"https:\/\/ppdegalicia.com\/es\/?s={search_term_string}"},"query-input":{"@type":"PropertyValueSpecification","valueRequired":true,"valueName":"search_term_string"}}],"inLanguage":"es"},{"@type":"Organization","@id":"https:\/\/ppdegalicia.com\/es\/#organization","name":"Partido Popular de Galicia","alternateName":"PP de Galicia","url":"https:\/\/ppdegalicia.com\/es\/","logo":{"@type":"ImageObject","inLanguage":"es","@id":"https:\/\/ppdegalicia.com\/es\/#\/schema\/logo\/image\/","url":"https:\/\/ppdegalicia.com\/wp-content\/uploads\/2023\/04\/logoPP512.png","contentUrl":"https:\/\/ppdegalicia.com\/wp-content\/uploads\/2023\/04\/logoPP512.png","width":512,"height":512,"caption":"Partido Popular de Galicia"},"image":{"@id":"https:\/\/ppdegalicia.com\/es\/#\/schema\/logo\/image\/"},"sameAs":["https:\/\/www.instagram.com\/ppdegalicia\/","https:\/\/x.com\/ppdegalicia","https:\/\/www.tiktok.com\/@ppdegalicia","https:\/\/www.youtube.com\/user\/ppdegalicia"]},{"@type":"Person","@id":"https:\/\/ppdegalicia.com\/es\/#\/schema\/person\/5b822c6f59e872ebdd1142f307dbcb59","name":"ppdegaliciaredes","image":{"@type":"ImageObject","inLanguage":"es","@id":"https:\/\/secure.gravatar.com\/avatar\/3c9179cf0256d00c72a48d1f25783c58b6842cd56e85ef3a572881c8e28ccd59?s=96&d=mm&r=g","url":"https:\/\/secure.gravatar.com\/avatar\/3c9179cf0256d00c72a48d1f25783c58b6842cd56e85ef3a572881c8e28ccd59?s=96&d=mm&r=g","contentUrl":"https:\/\/secure.gravatar.com\/avatar\/3c9179cf0256d00c72a48d1f25783c58b6842cd56e85ef3a572881c8e28ccd59?s=96&d=mm&r=g","caption":"ppdegaliciaredes"},"url":"https:\/\/ppdegalicia.com\/es\/author\/ppdegaliciaredes\/"}]}},"_links":{"self":[{"href":"https:\/\/ppdegalicia.com\/es\/wp-json\/wp\/v2\/posts\/56069","targetHints":{"allow":["GET"]}}],"collection":[{"href":"https:\/\/ppdegalicia.com\/es\/wp-json\/wp\/v2\/posts"}],"about":[{"href":"https:\/\/ppdegalicia.com\/es\/wp-json\/wp\/v2\/types\/post"}],"author":[{"embeddable":true,"href":"https:\/\/ppdegalicia.com\/es\/wp-json\/wp\/v2\/users\/38"}],"replies":[{"embeddable":true,"href":"https:\/\/ppdegalicia.com\/es\/wp-json\/wp\/v2\/comments?post=56069"}],"version-history":[{"count":0,"href":"https:\/\/ppdegalicia.com\/es\/wp-json\/wp\/v2\/posts\/56069\/revisions"}],"wp:featuredmedia":[{"embeddable":true,"href":"https:\/\/ppdegalicia.com\/es\/wp-json\/wp\/v2\/media\/56068"}],"wp:attachment":[{"href":"https:\/\/ppdegalicia.com\/es\/wp-json\/wp\/v2\/media?parent=56069"}],"wp:term":[{"taxonomy":"category","embeddable":true,"href":"https:\/\/ppdegalicia.com\/es\/wp-json\/wp\/v2\/categories?post=56069"},{"taxonomy":"post_tag","embeddable":true,"href":"https:\/\/ppdegalicia.com\/es\/wp-json\/wp\/v2\/tags?post=56069"}],"curies":[{"name":"wp","href":"https:\/\/api.w.org\/{rel}","templated":true}]}}