{"id":56077,"date":"2021-07-13T11:21:07","date_gmt":"2021-07-13T09:21:07","guid":{"rendered":"https:\/\/ppdegalicia.com\/o-grupo-popular-salienta-que-o-consello-de-contas-verifica-que-a-informacion-rendida-pola-xunta-e-completa-e-imaxe-fiel-do-patrimonio\/"},"modified":"2021-07-13T11:21:07","modified_gmt":"2021-07-13T09:21:07","slug":"o-grupo-popular-salienta-que-o-consello-de-contas-verifica-que-a-informacion-rendida-pola-xunta-e-completa-e-imaxe-fiel-do-patrimonio","status":"publish","type":"post","link":"https:\/\/ppdegalicia.com\/es\/o-grupo-popular-salienta-que-o-consello-de-contas-verifica-que-a-informacion-rendida-pola-xunta-e-completa-e-imaxe-fiel-do-patrimonio\/","title":{"rendered":"O Grupo Popular salienta que o Consello de Contas \u201cverifica que a informaci\u00f3n rendida pola Xunta \u00e9 completa e imaxe fiel do patrimonio\u201d"},"content":{"rendered":"<p><img fetchpriority=\"high\" decoding=\"async\" class=\" size-full wp-image-56076\" src=\"https:\/\/ppdegalicia.com\/wp-content\/uploads\/2021\/07\/e91d4bffb3740293782b8a84b3f916e9.jpg\" alt=\"\" width=\"1900\" height=\"1267\" srcset=\"https:\/\/ppdegalicia.com\/wp-content\/uploads\/2021\/07\/e91d4bffb3740293782b8a84b3f916e9.jpg 1900w, https:\/\/ppdegalicia.com\/wp-content\/uploads\/2021\/07\/e91d4bffb3740293782b8a84b3f916e9-300x200.jpg 300w, https:\/\/ppdegalicia.com\/wp-content\/uploads\/2021\/07\/e91d4bffb3740293782b8a84b3f916e9-1024x683.jpg 1024w, https:\/\/ppdegalicia.com\/wp-content\/uploads\/2021\/07\/e91d4bffb3740293782b8a84b3f916e9-768x512.jpg 768w, https:\/\/ppdegalicia.com\/wp-content\/uploads\/2021\/07\/e91d4bffb3740293782b8a84b3f916e9-1536x1024.jpg 1536w\" sizes=\"(max-width: 1900px) 100vw, 1900px\" \/><\/p>\n<p>Santiago, 13 de xullo de 2021.- O Pleno do Parlamento galego aprobou hoxe os informes de fiscalizaci\u00f3n do sector p\u00fablico de Galicia contidos na memoria de actividades do Consello de Contas de 2019, \u201cno que se verifica que a informaci\u00f3n rendida pola Xunta \u00e9 completa, reflicten a imaxe fiel do patrimonio e ofrece a informaci\u00f3n necesaria para interpretar a situaci\u00f3n financeira da Administraci\u00f3n\u201d, sinalou o deputado do Grupo Popular Jos\u00e9 Manuel Rey.<\/p>\n<p><!--more--><\/p>\n<p>Na s\u00faa intervenci\u00f3n, Rey salientou que \u201cestamos ante un Goberno galego que fai orzamentos cada ano e os executa, chegando a un \u00edndice de execuci\u00f3n do 95 por cento, duplicando os \u00edndices das deputaci\u00f3ns provinciais gobernadas polo BNG e o PSdeG\u201d.<\/p>\n<p>\u00a0<\/p>\n<p>\u201cUnha boa xesti\u00f3n econ\u00f3mica permitiranos seguir mellorando o benestar dos galegos, con maiores investimentos en sanidade, educaci\u00f3n e servizos sociais, cun incremento do PIB per c\u00e1pita, baixando o paro e converxendo en renda media con Espa\u00f1a e Europa\u201d, manifestou.<\/p>\n","protected":false},"excerpt":{"rendered":"<p>Santiago, 13 de xullo de 2021.- O Pleno do Parlamento galego aprobou hoxe os informes de fiscalizaci\u00f3n do sector p\u00fablico de Galicia contidos na memoria de actividades do Consello de Contas de 2019, \u201cno que se verifica que a informaci\u00f3n rendida pola Xunta \u00e9 completa, reflicten a imaxe fiel do patrimonio e ofrece a informaci\u00f3n [&hellip;]<\/p>\n","protected":false},"author":38,"featured_media":56076,"comment_status":"open","ping_status":"open","sticky":false,"template":"","format":"standard","meta":{"_acf_changed":false,"footnotes":""},"categories":[1],"tags":[],"class_list":["post-56077","post","type-post","status-publish","format-standard","has-post-thumbnail","hentry","category-pp-de-galicia"],"acf":[],"yoast_head":"<!-- This site is optimized with the Yoast SEO plugin v27.3 - https:\/\/yoast.com\/product\/yoast-seo-wordpress\/ -->\n<title>O Grupo Popular salienta que o Consello de Contas \u201cverifica que a informaci\u00f3n rendida pola Xunta \u00e9 completa e imaxe fiel do patrimonio\u201d - PP de Galicia<\/title>\n<meta name=\"robots\" content=\"index, follow, max-snippet:-1, max-image-preview:large, max-video-preview:-1\" \/>\n<link rel=\"canonical\" href=\"https:\/\/ppdegalicia.com\/es\/o-grupo-popular-salienta-que-o-consello-de-contas-verifica-que-a-informacion-rendida-pola-xunta-e-completa-e-imaxe-fiel-do-patrimonio\/\" \/>\n<meta property=\"og:locale\" content=\"es_ES\" \/>\n<meta property=\"og:type\" content=\"article\" \/>\n<meta property=\"og:title\" content=\"O Grupo Popular salienta que o Consello de Contas \u201cverifica que a informaci\u00f3n rendida pola Xunta \u00e9 completa e imaxe fiel do patrimonio\u201d - PP de Galicia\" \/>\n<meta property=\"og:description\" content=\"Santiago, 13 de xullo de 2021.- O Pleno do Parlamento galego aprobou hoxe os informes de fiscalizaci\u00f3n do sector p\u00fablico de Galicia contidos na memoria de actividades do Consello de Contas de 2019, \u201cno que se verifica que a informaci\u00f3n rendida pola Xunta \u00e9 completa, reflicten a imaxe fiel do patrimonio e ofrece a informaci\u00f3n [&hellip;]\" \/>\n<meta property=\"og:url\" content=\"https:\/\/ppdegalicia.com\/es\/o-grupo-popular-salienta-que-o-consello-de-contas-verifica-que-a-informacion-rendida-pola-xunta-e-completa-e-imaxe-fiel-do-patrimonio\/\" \/>\n<meta property=\"og:site_name\" content=\"PP de Galicia\" \/>\n<meta property=\"article:publisher\" content=\"https:\/\/www.instagram.com\/ppdegalicia\/\" \/>\n<meta property=\"article:published_time\" content=\"2021-07-13T09:21:07+00:00\" \/>\n<meta property=\"og:image\" content=\"https:\/\/ppdegalicia.com\/wp-content\/uploads\/2021\/07\/e91d4bffb3740293782b8a84b3f916e9.jpg\" \/>\n\t<meta property=\"og:image:width\" content=\"1900\" \/>\n\t<meta property=\"og:image:height\" content=\"1267\" \/>\n\t<meta property=\"og:image:type\" content=\"image\/jpeg\" \/>\n<meta name=\"author\" content=\"ppdegaliciaredes\" \/>\n<meta name=\"twitter:card\" content=\"summary_large_image\" \/>\n<meta name=\"twitter:creator\" content=\"@ppdegalicia\" \/>\n<meta name=\"twitter:site\" content=\"@ppdegalicia\" \/>\n<meta name=\"twitter:label1\" content=\"Escrito por\" \/>\n\t<meta name=\"twitter:data1\" content=\"ppdegaliciaredes\" \/>\n\t<meta name=\"twitter:label2\" content=\"Tiempo de lectura\" \/>\n\t<meta name=\"twitter:data2\" content=\"1 minuto\" \/>\n<script type=\"application\/ld+json\" class=\"yoast-schema-graph\">{\"@context\":\"https:\\\/\\\/schema.org\",\"@graph\":[{\"@type\":\"Article\",\"@id\":\"https:\\\/\\\/ppdegalicia.com\\\/es\\\/o-grupo-popular-salienta-que-o-consello-de-contas-verifica-que-a-informacion-rendida-pola-xunta-e-completa-e-imaxe-fiel-do-patrimonio\\\/#article\",\"isPartOf\":{\"@id\":\"https:\\\/\\\/ppdegalicia.com\\\/es\\\/o-grupo-popular-salienta-que-o-consello-de-contas-verifica-que-a-informacion-rendida-pola-xunta-e-completa-e-imaxe-fiel-do-patrimonio\\\/\"},\"author\":{\"name\":\"ppdegaliciaredes\",\"@id\":\"https:\\\/\\\/ppdegalicia.com\\\/es\\\/#\\\/schema\\\/person\\\/5b822c6f59e872ebdd1142f307dbcb59\"},\"headline\":\"O Grupo Popular salienta que o Consello de Contas \u201cverifica que a informaci\u00f3n rendida pola Xunta \u00e9 completa e imaxe fiel do patrimonio\u201d\",\"datePublished\":\"2021-07-13T09:21:07+00:00\",\"mainEntityOfPage\":{\"@id\":\"https:\\\/\\\/ppdegalicia.com\\\/es\\\/o-grupo-popular-salienta-que-o-consello-de-contas-verifica-que-a-informacion-rendida-pola-xunta-e-completa-e-imaxe-fiel-do-patrimonio\\\/\"},\"wordCount\":186,\"commentCount\":0,\"publisher\":{\"@id\":\"https:\\\/\\\/ppdegalicia.com\\\/es\\\/#organization\"},\"image\":{\"@id\":\"https:\\\/\\\/ppdegalicia.com\\\/es\\\/o-grupo-popular-salienta-que-o-consello-de-contas-verifica-que-a-informacion-rendida-pola-xunta-e-completa-e-imaxe-fiel-do-patrimonio\\\/#primaryimage\"},\"thumbnailUrl\":\"https:\\\/\\\/ppdegalicia.com\\\/wp-content\\\/uploads\\\/2021\\\/07\\\/e91d4bffb3740293782b8a84b3f916e9.jpg\",\"articleSection\":[\"PP de Galicia\"],\"inLanguage\":\"es\",\"potentialAction\":[{\"@type\":\"CommentAction\",\"name\":\"Comment\",\"target\":[\"https:\\\/\\\/ppdegalicia.com\\\/es\\\/o-grupo-popular-salienta-que-o-consello-de-contas-verifica-que-a-informacion-rendida-pola-xunta-e-completa-e-imaxe-fiel-do-patrimonio\\\/#respond\"]}]},{\"@type\":\"WebPage\",\"@id\":\"https:\\\/\\\/ppdegalicia.com\\\/es\\\/o-grupo-popular-salienta-que-o-consello-de-contas-verifica-que-a-informacion-rendida-pola-xunta-e-completa-e-imaxe-fiel-do-patrimonio\\\/\",\"url\":\"https:\\\/\\\/ppdegalicia.com\\\/es\\\/o-grupo-popular-salienta-que-o-consello-de-contas-verifica-que-a-informacion-rendida-pola-xunta-e-completa-e-imaxe-fiel-do-patrimonio\\\/\",\"name\":\"O Grupo Popular salienta que o Consello de Contas \u201cverifica que a informaci\u00f3n rendida pola Xunta \u00e9 completa e imaxe fiel do patrimonio\u201d - PP de Galicia\",\"isPartOf\":{\"@id\":\"https:\\\/\\\/ppdegalicia.com\\\/es\\\/#website\"},\"primaryImageOfPage\":{\"@id\":\"https:\\\/\\\/ppdegalicia.com\\\/es\\\/o-grupo-popular-salienta-que-o-consello-de-contas-verifica-que-a-informacion-rendida-pola-xunta-e-completa-e-imaxe-fiel-do-patrimonio\\\/#primaryimage\"},\"image\":{\"@id\":\"https:\\\/\\\/ppdegalicia.com\\\/es\\\/o-grupo-popular-salienta-que-o-consello-de-contas-verifica-que-a-informacion-rendida-pola-xunta-e-completa-e-imaxe-fiel-do-patrimonio\\\/#primaryimage\"},\"thumbnailUrl\":\"https:\\\/\\\/ppdegalicia.com\\\/wp-content\\\/uploads\\\/2021\\\/07\\\/e91d4bffb3740293782b8a84b3f916e9.jpg\",\"datePublished\":\"2021-07-13T09:21:07+00:00\",\"breadcrumb\":{\"@id\":\"https:\\\/\\\/ppdegalicia.com\\\/es\\\/o-grupo-popular-salienta-que-o-consello-de-contas-verifica-que-a-informacion-rendida-pola-xunta-e-completa-e-imaxe-fiel-do-patrimonio\\\/#breadcrumb\"},\"inLanguage\":\"es\",\"potentialAction\":[{\"@type\":\"ReadAction\",\"target\":[\"https:\\\/\\\/ppdegalicia.com\\\/es\\\/o-grupo-popular-salienta-que-o-consello-de-contas-verifica-que-a-informacion-rendida-pola-xunta-e-completa-e-imaxe-fiel-do-patrimonio\\\/\"]}]},{\"@type\":\"ImageObject\",\"inLanguage\":\"es\",\"@id\":\"https:\\\/\\\/ppdegalicia.com\\\/es\\\/o-grupo-popular-salienta-que-o-consello-de-contas-verifica-que-a-informacion-rendida-pola-xunta-e-completa-e-imaxe-fiel-do-patrimonio\\\/#primaryimage\",\"url\":\"https:\\\/\\\/ppdegalicia.com\\\/wp-content\\\/uploads\\\/2021\\\/07\\\/e91d4bffb3740293782b8a84b3f916e9.jpg\",\"contentUrl\":\"https:\\\/\\\/ppdegalicia.com\\\/wp-content\\\/uploads\\\/2021\\\/07\\\/e91d4bffb3740293782b8a84b3f916e9.jpg\",\"width\":1900,\"height\":1267},{\"@type\":\"BreadcrumbList\",\"@id\":\"https:\\\/\\\/ppdegalicia.com\\\/es\\\/o-grupo-popular-salienta-que-o-consello-de-contas-verifica-que-a-informacion-rendida-pola-xunta-e-completa-e-imaxe-fiel-do-patrimonio\\\/#breadcrumb\",\"itemListElement\":[{\"@type\":\"ListItem\",\"position\":1,\"name\":\"Portada\",\"item\":\"https:\\\/\\\/ppdegalicia.com\\\/es\\\/\"},{\"@type\":\"ListItem\",\"position\":2,\"name\":\"O Grupo Popular salienta que o Consello de Contas \u201cverifica que a informaci\u00f3n rendida pola Xunta \u00e9 completa e imaxe fiel do patrimonio\u201d\"}]},{\"@type\":\"WebSite\",\"@id\":\"https:\\\/\\\/ppdegalicia.com\\\/es\\\/#website\",\"url\":\"https:\\\/\\\/ppdegalicia.com\\\/es\\\/\",\"name\":\"Partido Popular de Galicia\",\"description\":\"Partido Popular de Galicia\",\"publisher\":{\"@id\":\"https:\\\/\\\/ppdegalicia.com\\\/es\\\/#organization\"},\"alternateName\":\"PP de Galicia\",\"potentialAction\":[{\"@type\":\"SearchAction\",\"target\":{\"@type\":\"EntryPoint\",\"urlTemplate\":\"https:\\\/\\\/ppdegalicia.com\\\/es\\\/?s={search_term_string}\"},\"query-input\":{\"@type\":\"PropertyValueSpecification\",\"valueRequired\":true,\"valueName\":\"search_term_string\"}}],\"inLanguage\":\"es\"},{\"@type\":\"Organization\",\"@id\":\"https:\\\/\\\/ppdegalicia.com\\\/es\\\/#organization\",\"name\":\"Partido Popular de Galicia\",\"alternateName\":\"PP de Galicia\",\"url\":\"https:\\\/\\\/ppdegalicia.com\\\/es\\\/\",\"logo\":{\"@type\":\"ImageObject\",\"inLanguage\":\"es\",\"@id\":\"https:\\\/\\\/ppdegalicia.com\\\/es\\\/#\\\/schema\\\/logo\\\/image\\\/\",\"url\":\"https:\\\/\\\/ppdegalicia.com\\\/wp-content\\\/uploads\\\/2023\\\/04\\\/logoPP512.png\",\"contentUrl\":\"https:\\\/\\\/ppdegalicia.com\\\/wp-content\\\/uploads\\\/2023\\\/04\\\/logoPP512.png\",\"width\":512,\"height\":512,\"caption\":\"Partido Popular de Galicia\"},\"image\":{\"@id\":\"https:\\\/\\\/ppdegalicia.com\\\/es\\\/#\\\/schema\\\/logo\\\/image\\\/\"},\"sameAs\":[\"https:\\\/\\\/www.instagram.com\\\/ppdegalicia\\\/\",\"https:\\\/\\\/x.com\\\/ppdegalicia\",\"https:\\\/\\\/www.tiktok.com\\\/@ppdegalicia\",\"https:\\\/\\\/www.youtube.com\\\/user\\\/ppdegalicia\"]},{\"@type\":\"Person\",\"@id\":\"https:\\\/\\\/ppdegalicia.com\\\/es\\\/#\\\/schema\\\/person\\\/5b822c6f59e872ebdd1142f307dbcb59\",\"name\":\"ppdegaliciaredes\",\"image\":{\"@type\":\"ImageObject\",\"inLanguage\":\"es\",\"@id\":\"https:\\\/\\\/secure.gravatar.com\\\/avatar\\\/3c9179cf0256d00c72a48d1f25783c58b6842cd56e85ef3a572881c8e28ccd59?s=96&d=mm&r=g\",\"url\":\"https:\\\/\\\/secure.gravatar.com\\\/avatar\\\/3c9179cf0256d00c72a48d1f25783c58b6842cd56e85ef3a572881c8e28ccd59?s=96&d=mm&r=g\",\"contentUrl\":\"https:\\\/\\\/secure.gravatar.com\\\/avatar\\\/3c9179cf0256d00c72a48d1f25783c58b6842cd56e85ef3a572881c8e28ccd59?s=96&d=mm&r=g\",\"caption\":\"ppdegaliciaredes\"},\"url\":\"https:\\\/\\\/ppdegalicia.com\\\/es\\\/author\\\/ppdegaliciaredes\\\/\"}]}<\/script>\n<!-- \/ Yoast SEO plugin. -->","yoast_head_json":{"title":"O Grupo Popular salienta que o Consello de Contas \u201cverifica que a informaci\u00f3n rendida pola Xunta \u00e9 completa e imaxe fiel do patrimonio\u201d - PP de Galicia","robots":{"index":"index","follow":"follow","max-snippet":"max-snippet:-1","max-image-preview":"max-image-preview:large","max-video-preview":"max-video-preview:-1"},"canonical":"https:\/\/ppdegalicia.com\/es\/o-grupo-popular-salienta-que-o-consello-de-contas-verifica-que-a-informacion-rendida-pola-xunta-e-completa-e-imaxe-fiel-do-patrimonio\/","og_locale":"es_ES","og_type":"article","og_title":"O Grupo Popular salienta que o Consello de Contas \u201cverifica que a informaci\u00f3n rendida pola Xunta \u00e9 completa e imaxe fiel do patrimonio\u201d - PP de Galicia","og_description":"Santiago, 13 de xullo de 2021.- O Pleno do Parlamento galego aprobou hoxe os informes de fiscalizaci\u00f3n do sector p\u00fablico de Galicia contidos na memoria de actividades do Consello de Contas de 2019, \u201cno que se verifica que a informaci\u00f3n rendida pola Xunta \u00e9 completa, reflicten a imaxe fiel do patrimonio e ofrece a informaci\u00f3n [&hellip;]","og_url":"https:\/\/ppdegalicia.com\/es\/o-grupo-popular-salienta-que-o-consello-de-contas-verifica-que-a-informacion-rendida-pola-xunta-e-completa-e-imaxe-fiel-do-patrimonio\/","og_site_name":"PP de Galicia","article_publisher":"https:\/\/www.instagram.com\/ppdegalicia\/","article_published_time":"2021-07-13T09:21:07+00:00","og_image":[{"width":1900,"height":1267,"url":"https:\/\/ppdegalicia.com\/wp-content\/uploads\/2021\/07\/e91d4bffb3740293782b8a84b3f916e9.jpg","type":"image\/jpeg"}],"author":"ppdegaliciaredes","twitter_card":"summary_large_image","twitter_creator":"@ppdegalicia","twitter_site":"@ppdegalicia","twitter_misc":{"Escrito por":"ppdegaliciaredes","Tiempo de lectura":"1 minuto"},"schema":{"@context":"https:\/\/schema.org","@graph":[{"@type":"Article","@id":"https:\/\/ppdegalicia.com\/es\/o-grupo-popular-salienta-que-o-consello-de-contas-verifica-que-a-informacion-rendida-pola-xunta-e-completa-e-imaxe-fiel-do-patrimonio\/#article","isPartOf":{"@id":"https:\/\/ppdegalicia.com\/es\/o-grupo-popular-salienta-que-o-consello-de-contas-verifica-que-a-informacion-rendida-pola-xunta-e-completa-e-imaxe-fiel-do-patrimonio\/"},"author":{"name":"ppdegaliciaredes","@id":"https:\/\/ppdegalicia.com\/es\/#\/schema\/person\/5b822c6f59e872ebdd1142f307dbcb59"},"headline":"O Grupo Popular salienta que o Consello de Contas \u201cverifica que a informaci\u00f3n rendida pola Xunta \u00e9 completa e imaxe fiel do patrimonio\u201d","datePublished":"2021-07-13T09:21:07+00:00","mainEntityOfPage":{"@id":"https:\/\/ppdegalicia.com\/es\/o-grupo-popular-salienta-que-o-consello-de-contas-verifica-que-a-informacion-rendida-pola-xunta-e-completa-e-imaxe-fiel-do-patrimonio\/"},"wordCount":186,"commentCount":0,"publisher":{"@id":"https:\/\/ppdegalicia.com\/es\/#organization"},"image":{"@id":"https:\/\/ppdegalicia.com\/es\/o-grupo-popular-salienta-que-o-consello-de-contas-verifica-que-a-informacion-rendida-pola-xunta-e-completa-e-imaxe-fiel-do-patrimonio\/#primaryimage"},"thumbnailUrl":"https:\/\/ppdegalicia.com\/wp-content\/uploads\/2021\/07\/e91d4bffb3740293782b8a84b3f916e9.jpg","articleSection":["PP de Galicia"],"inLanguage":"es","potentialAction":[{"@type":"CommentAction","name":"Comment","target":["https:\/\/ppdegalicia.com\/es\/o-grupo-popular-salienta-que-o-consello-de-contas-verifica-que-a-informacion-rendida-pola-xunta-e-completa-e-imaxe-fiel-do-patrimonio\/#respond"]}]},{"@type":"WebPage","@id":"https:\/\/ppdegalicia.com\/es\/o-grupo-popular-salienta-que-o-consello-de-contas-verifica-que-a-informacion-rendida-pola-xunta-e-completa-e-imaxe-fiel-do-patrimonio\/","url":"https:\/\/ppdegalicia.com\/es\/o-grupo-popular-salienta-que-o-consello-de-contas-verifica-que-a-informacion-rendida-pola-xunta-e-completa-e-imaxe-fiel-do-patrimonio\/","name":"O Grupo Popular salienta que o Consello de Contas \u201cverifica que a informaci\u00f3n rendida pola Xunta \u00e9 completa e imaxe fiel do patrimonio\u201d - PP de Galicia","isPartOf":{"@id":"https:\/\/ppdegalicia.com\/es\/#website"},"primaryImageOfPage":{"@id":"https:\/\/ppdegalicia.com\/es\/o-grupo-popular-salienta-que-o-consello-de-contas-verifica-que-a-informacion-rendida-pola-xunta-e-completa-e-imaxe-fiel-do-patrimonio\/#primaryimage"},"image":{"@id":"https:\/\/ppdegalicia.com\/es\/o-grupo-popular-salienta-que-o-consello-de-contas-verifica-que-a-informacion-rendida-pola-xunta-e-completa-e-imaxe-fiel-do-patrimonio\/#primaryimage"},"thumbnailUrl":"https:\/\/ppdegalicia.com\/wp-content\/uploads\/2021\/07\/e91d4bffb3740293782b8a84b3f916e9.jpg","datePublished":"2021-07-13T09:21:07+00:00","breadcrumb":{"@id":"https:\/\/ppdegalicia.com\/es\/o-grupo-popular-salienta-que-o-consello-de-contas-verifica-que-a-informacion-rendida-pola-xunta-e-completa-e-imaxe-fiel-do-patrimonio\/#breadcrumb"},"inLanguage":"es","potentialAction":[{"@type":"ReadAction","target":["https:\/\/ppdegalicia.com\/es\/o-grupo-popular-salienta-que-o-consello-de-contas-verifica-que-a-informacion-rendida-pola-xunta-e-completa-e-imaxe-fiel-do-patrimonio\/"]}]},{"@type":"ImageObject","inLanguage":"es","@id":"https:\/\/ppdegalicia.com\/es\/o-grupo-popular-salienta-que-o-consello-de-contas-verifica-que-a-informacion-rendida-pola-xunta-e-completa-e-imaxe-fiel-do-patrimonio\/#primaryimage","url":"https:\/\/ppdegalicia.com\/wp-content\/uploads\/2021\/07\/e91d4bffb3740293782b8a84b3f916e9.jpg","contentUrl":"https:\/\/ppdegalicia.com\/wp-content\/uploads\/2021\/07\/e91d4bffb3740293782b8a84b3f916e9.jpg","width":1900,"height":1267},{"@type":"BreadcrumbList","@id":"https:\/\/ppdegalicia.com\/es\/o-grupo-popular-salienta-que-o-consello-de-contas-verifica-que-a-informacion-rendida-pola-xunta-e-completa-e-imaxe-fiel-do-patrimonio\/#breadcrumb","itemListElement":[{"@type":"ListItem","position":1,"name":"Portada","item":"https:\/\/ppdegalicia.com\/es\/"},{"@type":"ListItem","position":2,"name":"O Grupo Popular salienta que o Consello de Contas \u201cverifica que a informaci\u00f3n rendida pola Xunta \u00e9 completa e imaxe fiel do patrimonio\u201d"}]},{"@type":"WebSite","@id":"https:\/\/ppdegalicia.com\/es\/#website","url":"https:\/\/ppdegalicia.com\/es\/","name":"Partido Popular de Galicia","description":"Partido Popular de Galicia","publisher":{"@id":"https:\/\/ppdegalicia.com\/es\/#organization"},"alternateName":"PP de Galicia","potentialAction":[{"@type":"SearchAction","target":{"@type":"EntryPoint","urlTemplate":"https:\/\/ppdegalicia.com\/es\/?s={search_term_string}"},"query-input":{"@type":"PropertyValueSpecification","valueRequired":true,"valueName":"search_term_string"}}],"inLanguage":"es"},{"@type":"Organization","@id":"https:\/\/ppdegalicia.com\/es\/#organization","name":"Partido Popular de Galicia","alternateName":"PP de Galicia","url":"https:\/\/ppdegalicia.com\/es\/","logo":{"@type":"ImageObject","inLanguage":"es","@id":"https:\/\/ppdegalicia.com\/es\/#\/schema\/logo\/image\/","url":"https:\/\/ppdegalicia.com\/wp-content\/uploads\/2023\/04\/logoPP512.png","contentUrl":"https:\/\/ppdegalicia.com\/wp-content\/uploads\/2023\/04\/logoPP512.png","width":512,"height":512,"caption":"Partido Popular de Galicia"},"image":{"@id":"https:\/\/ppdegalicia.com\/es\/#\/schema\/logo\/image\/"},"sameAs":["https:\/\/www.instagram.com\/ppdegalicia\/","https:\/\/x.com\/ppdegalicia","https:\/\/www.tiktok.com\/@ppdegalicia","https:\/\/www.youtube.com\/user\/ppdegalicia"]},{"@type":"Person","@id":"https:\/\/ppdegalicia.com\/es\/#\/schema\/person\/5b822c6f59e872ebdd1142f307dbcb59","name":"ppdegaliciaredes","image":{"@type":"ImageObject","inLanguage":"es","@id":"https:\/\/secure.gravatar.com\/avatar\/3c9179cf0256d00c72a48d1f25783c58b6842cd56e85ef3a572881c8e28ccd59?s=96&d=mm&r=g","url":"https:\/\/secure.gravatar.com\/avatar\/3c9179cf0256d00c72a48d1f25783c58b6842cd56e85ef3a572881c8e28ccd59?s=96&d=mm&r=g","contentUrl":"https:\/\/secure.gravatar.com\/avatar\/3c9179cf0256d00c72a48d1f25783c58b6842cd56e85ef3a572881c8e28ccd59?s=96&d=mm&r=g","caption":"ppdegaliciaredes"},"url":"https:\/\/ppdegalicia.com\/es\/author\/ppdegaliciaredes\/"}]}},"_links":{"self":[{"href":"https:\/\/ppdegalicia.com\/es\/wp-json\/wp\/v2\/posts\/56077","targetHints":{"allow":["GET"]}}],"collection":[{"href":"https:\/\/ppdegalicia.com\/es\/wp-json\/wp\/v2\/posts"}],"about":[{"href":"https:\/\/ppdegalicia.com\/es\/wp-json\/wp\/v2\/types\/post"}],"author":[{"embeddable":true,"href":"https:\/\/ppdegalicia.com\/es\/wp-json\/wp\/v2\/users\/38"}],"replies":[{"embeddable":true,"href":"https:\/\/ppdegalicia.com\/es\/wp-json\/wp\/v2\/comments?post=56077"}],"version-history":[{"count":0,"href":"https:\/\/ppdegalicia.com\/es\/wp-json\/wp\/v2\/posts\/56077\/revisions"}],"wp:featuredmedia":[{"embeddable":true,"href":"https:\/\/ppdegalicia.com\/es\/wp-json\/wp\/v2\/media\/56076"}],"wp:attachment":[{"href":"https:\/\/ppdegalicia.com\/es\/wp-json\/wp\/v2\/media?parent=56077"}],"wp:term":[{"taxonomy":"category","embeddable":true,"href":"https:\/\/ppdegalicia.com\/es\/wp-json\/wp\/v2\/categories?post=56077"},{"taxonomy":"post_tag","embeddable":true,"href":"https:\/\/ppdegalicia.com\/es\/wp-json\/wp\/v2\/tags?post=56077"}],"curies":[{"name":"wp","href":"https:\/\/api.w.org\/{rel}","templated":true}]}}